{"id":11875,"date":"2022-12-14T14:00:00","date_gmt":"2022-12-14T17:00:00","guid":{"rendered":"https:\/\/www.agenciainfra.com\/blog\/?p=11875"},"modified":"2022-12-14T11:39:21","modified_gmt":"2022-12-14T14:39:21","slug":"moveinfra-especialistas-explicam-como-setor-pode-se-desenvolver-sem-deixar-a-sustentabilidade-de-lado","status":"publish","type":"post","link":"https:\/\/agenciainfra.com\/blog\/moveinfra-especialistas-explicam-como-setor-pode-se-desenvolver-sem-deixar-a-sustentabilidade-de-lado\/","title":{"rendered":"MoveInfra: Especialistas explicam como setor pode se desenvolver sem deixar a sustentabilidade de lado"},"content":{"rendered":"\n<p class=\"has-text-align-right\"><strong>da Ag\u00eancia iNFRA<\/strong><\/p>\n\n\n\n<p>Como desenvolver o setor de infraestrutura sem, com isso, deixar de lado o cuidado com o meio ambiente foi tema de debate entre especialistas, na \u00faltima quinta-feira (8), durante o lan\u00e7amento da MoveInfra, <meta charset=\"utf-8\">iniciativa de cinco grandes companhias de infraestrutura \u2013&nbsp;CCR Rodovias, EcoRodovias, Rumo, Santos Brasil e Ultracargo \u2013, com projetos em diferentes setores, de se juntarem num movimento em prol da melhoria do ambiente de neg\u00f3cios no Brasil.<\/p>\n\n\n\n<p>No painel em que se prop\u00f4s o debate em torno dos compromissos ambientais que os atores do setor de infraestrutura devem adotar, o secret\u00e1rio nacional de Avia\u00e7\u00e3o Civil do Minist\u00e9rio da Infraestrutura, Ronei Glanzmann, disse que as empresas desse mercado j\u00e1 perceberam que n\u00e3o haver\u00e1 desenvolvimento de longo prazo se n\u00e3o for por um caminho sustent\u00e1vel.<\/p>\n\n\n\n<p>\u201cN\u00e3o tem como a avia\u00e7\u00e3o civil continuar se desenvolvendo queimando milhares de litros de combust\u00edveis f\u00f3sseis. Existem compromissos internacionais fortes e severos assumidos pelas grandes pot\u00eancias do mundo, e o Brasil \u00e9 uma delas\u201d, disse. A meta da avia\u00e7\u00e3o brasileira, segundo o secret\u00e1rio, \u00e9 que, a partir de 2027, o setor seja \u201ccarbono neutro\u201d, o que significa n\u00e3o aumentar a emiss\u00e3o de gases que acentuam o efeito estufa, al\u00e9m de zerar essa polui\u00e7\u00e3o a partir de 2050.<\/p>\n\n\n\n<p>Ronei destacou que o transporte a\u00e9reo no Brasil ainda tem muito a crescer, j\u00e1 que o brasileiro viaja, em m\u00e9dia, 0,5 vez por ano, e mais de 150 milh\u00f5es de pessoas n\u00e3o usam o avi\u00e3o para se locomover. Mas ele disse que a avia\u00e7\u00e3o civil nacional s\u00f3 vai crescer se os pre\u00e7os das passagens ficarem mais baratos, o que, de in\u00edcio, entra em choque com o custo muito maior dos combust\u00edveis n\u00e3o poluentes.<\/p>\n\n\n\n<p>\u201cN\u00e3o h\u00e1 crescimento sem redu\u00e7\u00e3o de pre\u00e7o. Esse pre\u00e7o tem que cair. Por outro lado, 40% do custo \u00e9 combust\u00edvel. O mundo inteiro trabalha com os combust\u00edveis sustent\u00e1veis. O Brasil tem v\u00e1rias possibilidades, como soja, cana, fontes para esses combust\u00edveis. S\u00f3 que, hoje, como temos uma produ\u00e7\u00e3o muito pequena, o combust\u00edvel sustent\u00e1vel custa seis vezes mais do que o j\u00e1 muito caro combust\u00edvel f\u00f3ssil, ou seja, \u00e9 imposs\u00edvel\u201d, disse.<\/p>\n\n\n\n<p>Segundo o secret\u00e1rio, o momento exige \u201cpragmatismo\u201d, isto \u00e9, colocar em pr\u00e1tica aquilo que pode contribuir com a descarboniza\u00e7\u00e3o, ainda que n\u00e3o seja a solu\u00e7\u00e3o ideal. \u201cHoje, a gente tem uma frota mundial que consome combust\u00edvel l\u00edquido. Uma frota de avi\u00f5es mundial demora tr\u00eas, quatro d\u00e9cadas para ser renovada. N\u00e3o d\u00e1 para esperar. Ent\u00e3o, temos que pensar em solu\u00e7\u00f5es l\u00edquidas. Temos hoje solu\u00e7\u00f5es prontas, ainda no campo do combust\u00edvel f\u00f3ssil, que s\u00e3o os LCFS, combust\u00edveis de baixo carbono, que conseguem reduzir 30% da emiss\u00e3o de carbono, ao pre\u00e7o do combust\u00edvel que temos hoje. Vamos dar esse passo, ent\u00e3o.\u201d<\/p>\n\n\n\n<p><strong>Investimento<\/strong><br>Os painelistas tamb\u00e9m destacaram a import\u00e2ncia de as empresas de infraestrutura se adequarem \u00e0s novas exig\u00eancias de parte dos investidores, que est\u00e3o mais criteriosos na hora de investir em projetos do setor, considerando os seus impactos ambientais. \u00c9 o que afirma Julia Ambrosano, coordenadora de infraestrutura da CBI (Climate Bonds Initiative).<\/p>\n\n\n\n<p>\u201cO mercado de t\u00edtulos verdes se iniciou muito pela oportunidade de voc\u00ea atrair uma camada maior de investidores diferenciados que est\u00e3o procurando por esse tipo de produto. A gente vai chegar em um ponto em que, se o investimento n\u00e3o \u00e9 verde, ou seja, se n\u00e3o est\u00e1 em conformidade com indicadores de mitiga\u00e7\u00e3o, adapta\u00e7\u00e3o e resili\u00eancia clim\u00e1tica, j\u00e1 n\u00e3o \u00e9 um&nbsp;ativo no qual o investidor vai querer investir\u201d, avalia.<\/p>\n\n\n\n<p>Um t\u00edtulo verde \u00e9 como um t\u00edtulo de d\u00edvida comum. Pode ser uma deb\u00eanture, por exemplo, em que a empresa atrai os investidores a partir do compromisso de que os recursos nela aportados ter\u00e3o como destino produtos ou servi\u00e7os sustent\u00e1veis.<\/p>\n\n\n\n<p>Ao ser questionada sobre suposta maior desconfian\u00e7a que os investidores estrangeiros tiveram sobre o cuidado do Brasil em rela\u00e7\u00e3o ao meio ambiente nos \u00faltimos anos e em como isso pode impactar a entrada de capital estrangeiro, Julia destacou que o pa\u00eds precisa \u201cvender melhor a sua imagem\u201d.<\/p>\n\n\n\n<p>\u201c\u00c9 muito mais sobre a necessidade de construir uma boa narrativa do Brasil para o exterior. O Brasil j\u00e1 tem feito esse esfor\u00e7o, mas \u00e9 preciso andar uma milha extra para uma propaganda melhor de como a nossa agricultura emprega a tecnologia, como ela \u00e9 verde, e outros temas, at\u00e9 mesmo quando se fala de ferrovias, que passam por biomas e \u00e1reas protegidas. \u00c9 necess\u00e1rio esse esfor\u00e7o de dentro para fora\u201d, afirma.<\/p>\n\n\n\n<p><strong>Agilidade<\/strong><br>Representando a Secretaria de Sustentabilidade do Minist\u00e9rio da Infraestrutura, Larissa Amorim explicou que a pasta tem trabalhado para dar agilidade \u00e0 libera\u00e7\u00e3o de licenciamento ambiental para grandes obras no setor sem, com isso, fragilizar as regras de prote\u00e7\u00e3o ao meio ambiente. \u201cForam 448 licen\u00e7as emitidas nesses quatro anos para as obras priorit\u00e1rias do minist\u00e9rio. Essa organiza\u00e7\u00e3o permitiu para a gente trabalhar com tranquilidade\u201d, disse.<\/p>\n\n\n\n<p>Para a subsecret\u00e1ria, o projeto de lei do licenciamento ambiental (PL 2.159\/2021), em tramita\u00e7\u00e3o no Senado, do jeito que est\u00e1, n\u00e3o vai trazer mais agilidade na libera\u00e7\u00e3o de licen\u00e7a para grandes obras. \u201cA gente est\u00e1 falando de grandes obras de infraestrutura, que v\u00e3o passar por um rito de licenciamento ordin\u00e1rio, com consulta \u00e0 popula\u00e7\u00e3o, comunidade ind\u00edgena, quilombola. N\u00e3o tem como voc\u00ea pular essas etapas. E eu acho que est\u00e1 correto.\u201d<\/p>\n\n\n\n<p>Amorim acredita que, talvez, o PL traga mais agilidade para o licenciamento dos projetos que dependem de libera\u00e7\u00e3o no n\u00edvel estadual ou para setores como a agricultura, por exemplo.<meta charset=\"utf-8\"><\/p>\n","protected":false},"excerpt":{"rendered":"<p>da Ag\u00eancia iNFRA Como desenvolver o setor de infraestrutura sem, com isso, deixar de lado o cuidado com o meio ambiente foi tema de debate entre especialistas, na \u00faltima quinta-feira (8), durante o lan\u00e7amento da MoveInfra, iniciativa de cinco grandes companhias de infraestrutura \u2013&nbsp;CCR Rodovias, EcoRodovias, Rumo, Santos Brasil e Ultracargo \u2013, com projetos em [&hellip;]<\/p>\n","protected":false},"author":1,"featured_media":11876,"comment_status":"closed","ping_status":"closed","sticky":false,"template":"","format":"standard","meta":{"_monsterinsights_skip_tracking":false,"_monsterinsights_sitenote_active":false,"_monsterinsights_sitenote_note":"","_monsterinsights_sitenote_category":0,"footnotes":""},"categories":[1,2053],"tags":[6178,6194,1340,34,32,6159,6161,223,775,6141,1763,80,1898,1573,6135],"class_list":["post-11875","post","type-post","status-publish","format-standard","has-post-thumbnail","hentry","category-geral","category-infraliveventos","tag-ccr-rodovias","tag-climate-bonds-initiative","tag-ecorodovias","tag-infraestrutura","tag-investimentos","tag-julia-ambrosano","tag-larissa-amorim","tag-licenciamento-ambiental","tag-ministerio-da-infraestrutura","tag-moveinfra","tag-ronei-glanzmann","tag-rumo","tag-santos-brasil","tag-sustentabilidade","tag-ultracargo"],"yoast_head":"<!-- This site is optimized with the Yoast SEO Premium plugin v25.4 (Yoast SEO v26.0) - https:\/\/yoast.com\/wordpress\/plugins\/seo\/ -->\n<title>MoveInfra: Especialistas explicam como setor pode se desenvolver sem deixar a sustentabilidade de lado - Ag\u00eancia iNFRA<\/title>\n<meta name=\"robots\" content=\"index, follow, max-snippet:-1, max-image-preview:large, max-video-preview:-1\" \/>\n<link rel=\"canonical\" href=\"https:\/\/agenciainfra.com\/blog\/moveinfra-especialistas-explicam-como-setor-pode-se-desenvolver-sem-deixar-a-sustentabilidade-de-lado\/\" \/>\n<meta property=\"og:locale\" content=\"pt_BR\" \/>\n<meta property=\"og:type\" content=\"article\" \/>\n<meta property=\"og:title\" content=\"MoveInfra: Especialistas explicam como setor pode se desenvolver sem deixar a sustentabilidade de lado\" \/>\n<meta property=\"og:description\" content=\"da Ag\u00eancia iNFRA Como desenvolver o setor de infraestrutura sem, com isso, deixar de lado o cuidado com o meio ambiente foi tema de debate entre especialistas, na \u00faltima quinta-feira (8), durante o lan\u00e7amento da MoveInfra, iniciativa de cinco grandes companhias de infraestrutura \u2013&nbsp;CCR Rodovias, EcoRodovias, Rumo, Santos Brasil e Ultracargo \u2013, com projetos em [&hellip;]\" \/>\n<meta property=\"og:url\" content=\"https:\/\/agenciainfra.com\/blog\/moveinfra-especialistas-explicam-como-setor-pode-se-desenvolver-sem-deixar-a-sustentabilidade-de-lado\/\" \/>\n<meta property=\"og:site_name\" content=\"Ag\u00eancia iNFRA\" \/>\n<meta property=\"article:publisher\" content=\"https:\/\/www.facebook.com\/ageninfra\" \/>\n<meta property=\"article:published_time\" content=\"2022-12-14T17:00:00+00:00\" \/>\n<meta property=\"og:image\" content=\"https:\/\/agenciainfra.com\/blog\/wp-content\/uploads\/2022\/12\/ronei-glanzmann-julia-ambrosano-larissa-amorim-daniel-rittner-natalia-marcassa-foto-percio-campos-agencia-infra.jpeg\" \/>\n\t<meta property=\"og:image:width\" content=\"1280\" \/>\n\t<meta property=\"og:image:height\" content=\"853\" \/>\n\t<meta property=\"og:image:type\" content=\"image\/jpeg\" \/>\n<meta name=\"author\" content=\"Ag\u00eancia iNFRA\" \/>\n<meta name=\"twitter:card\" content=\"summary_large_image\" \/>\n<meta name=\"twitter:creator\" content=\"@agencia_infra\" \/>\n<meta name=\"twitter:site\" content=\"@agencia_infra\" \/>\n<meta name=\"twitter:label1\" content=\"Escrito por\" \/>\n\t<meta name=\"twitter:data1\" content=\"Ag\u00eancia iNFRA\" \/>\n\t<meta name=\"twitter:label2\" content=\"Est. tempo de leitura\" \/>\n\t<meta name=\"twitter:data2\" content=\"5 minutos\" \/>\n<script type=\"application\/ld+json\" class=\"yoast-schema-graph\">{\"@context\":\"https:\/\/schema.org\",\"@graph\":[{\"@type\":\"Article\",\"@id\":\"https:\/\/agenciainfra.com\/blog\/moveinfra-especialistas-explicam-como-setor-pode-se-desenvolver-sem-deixar-a-sustentabilidade-de-lado\/#article\",\"isPartOf\":{\"@id\":\"https:\/\/agenciainfra.com\/blog\/moveinfra-especialistas-explicam-como-setor-pode-se-desenvolver-sem-deixar-a-sustentabilidade-de-lado\/\"},\"author\":{\"name\":\"Ag\u00eancia iNFRA\",\"@id\":\"https:\/\/agenciainfra.com\/blog\/#\/schema\/person\/34af08dff6adea4cb22b06612ba7acfa\"},\"headline\":\"MoveInfra: Especialistas explicam como setor pode se desenvolver sem deixar a sustentabilidade de lado\",\"datePublished\":\"2022-12-14T17:00:00+00:00\",\"mainEntityOfPage\":{\"@id\":\"https:\/\/agenciainfra.com\/blog\/moveinfra-especialistas-explicam-como-setor-pode-se-desenvolver-sem-deixar-a-sustentabilidade-de-lado\/\"},\"wordCount\":995,\"publisher\":{\"@id\":\"https:\/\/agenciainfra.com\/blog\/#organization\"},\"image\":{\"@id\":\"https:\/\/agenciainfra.com\/blog\/moveinfra-especialistas-explicam-como-setor-pode-se-desenvolver-sem-deixar-a-sustentabilidade-de-lado\/#primaryimage\"},\"thumbnailUrl\":\"https:\/\/agenciainfra.com\/blog\/wp-content\/uploads\/2022\/12\/ronei-glanzmann-julia-ambrosano-larissa-amorim-daniel-rittner-natalia-marcassa-foto-percio-campos-agencia-infra.jpeg\",\"keywords\":[\"CCR Rodovias\",\"Climate Bonds Initiative\",\"EcoRodovias\",\"Infraestrutura\",\"Investimentos\",\"Julia Ambrosano\",\"Larissa Amorim\",\"Licenciamento ambiental\",\"Minist\u00e9rio da Infraestrutura\",\"MoveInfra\",\"Ronei Glanzmann\",\"Rumo\",\"Santos Brasil\",\"sustentabilidade\",\"Ultracargo\"],\"articleSection\":[\"Geral\",\"iNFRALive e Eventos\"],\"inLanguage\":\"pt-BR\",\"copyrightYear\":\"2022\",\"copyrightHolder\":{\"@id\":\"https:\/\/agenciainfra.com\/blog\/#organization\"}},{\"@type\":\"WebPage\",\"@id\":\"https:\/\/agenciainfra.com\/blog\/moveinfra-especialistas-explicam-como-setor-pode-se-desenvolver-sem-deixar-a-sustentabilidade-de-lado\/\",\"url\":\"https:\/\/agenciainfra.com\/blog\/moveinfra-especialistas-explicam-como-setor-pode-se-desenvolver-sem-deixar-a-sustentabilidade-de-lado\/\",\"name\":\"MoveInfra: Especialistas explicam como setor pode se desenvolver sem deixar a sustentabilidade de lado - Ag\u00eancia iNFRA\",\"isPartOf\":{\"@id\":\"https:\/\/agenciainfra.com\/blog\/#website\"},\"primaryImageOfPage\":{\"@id\":\"https:\/\/agenciainfra.com\/blog\/moveinfra-especialistas-explicam-como-setor-pode-se-desenvolver-sem-deixar-a-sustentabilidade-de-lado\/#primaryimage\"},\"image\":{\"@id\":\"https:\/\/agenciainfra.com\/blog\/moveinfra-especialistas-explicam-como-setor-pode-se-desenvolver-sem-deixar-a-sustentabilidade-de-lado\/#primaryimage\"},\"thumbnailUrl\":\"https:\/\/agenciainfra.com\/blog\/wp-content\/uploads\/2022\/12\/ronei-glanzmann-julia-ambrosano-larissa-amorim-daniel-rittner-natalia-marcassa-foto-percio-campos-agencia-infra.jpeg\",\"datePublished\":\"2022-12-14T17:00:00+00:00\",\"breadcrumb\":{\"@id\":\"https:\/\/agenciainfra.com\/blog\/moveinfra-especialistas-explicam-como-setor-pode-se-desenvolver-sem-deixar-a-sustentabilidade-de-lado\/#breadcrumb\"},\"inLanguage\":\"pt-BR\",\"potentialAction\":[{\"@type\":\"ReadAction\",\"target\":[\"https:\/\/agenciainfra.com\/blog\/moveinfra-especialistas-explicam-como-setor-pode-se-desenvolver-sem-deixar-a-sustentabilidade-de-lado\/\"]}]},{\"@type\":\"ImageObject\",\"inLanguage\":\"pt-BR\",\"@id\":\"https:\/\/agenciainfra.com\/blog\/moveinfra-especialistas-explicam-como-setor-pode-se-desenvolver-sem-deixar-a-sustentabilidade-de-lado\/#primaryimage\",\"url\":\"https:\/\/agenciainfra.com\/blog\/wp-content\/uploads\/2022\/12\/ronei-glanzmann-julia-ambrosano-larissa-amorim-daniel-rittner-natalia-marcassa-foto-percio-campos-agencia-infra.jpeg\",\"contentUrl\":\"https:\/\/agenciainfra.com\/blog\/wp-content\/uploads\/2022\/12\/ronei-glanzmann-julia-ambrosano-larissa-amorim-daniel-rittner-natalia-marcassa-foto-percio-campos-agencia-infra.jpeg\",\"width\":1280,\"height\":853},{\"@type\":\"BreadcrumbList\",\"@id\":\"https:\/\/agenciainfra.com\/blog\/moveinfra-especialistas-explicam-como-setor-pode-se-desenvolver-sem-deixar-a-sustentabilidade-de-lado\/#breadcrumb\",\"itemListElement\":[{\"@type\":\"ListItem\",\"position\":1,\"name\":\"In\u00edcio\",\"item\":\"https:\/\/agenciainfra.com\/blog\/\"},{\"@type\":\"ListItem\",\"position\":2,\"name\":\"MoveInfra: Especialistas explicam como setor pode se desenvolver sem deixar a sustentabilidade de lado\"}]},{\"@type\":\"WebSite\",\"@id\":\"https:\/\/agenciainfra.com\/blog\/#website\",\"url\":\"https:\/\/agenciainfra.com\/blog\/\",\"name\":\"Ag\u00eancia iNFRA\",\"description\":\"Multiplataforma de informa\u00e7\u00e3o jornal\u00edstica refer\u00eancia na \u00e1rea de infraestrutura no Brasil!\",\"publisher\":{\"@id\":\"https:\/\/agenciainfra.com\/blog\/#organization\"},\"potentialAction\":[{\"@type\":\"SearchAction\",\"target\":{\"@type\":\"EntryPoint\",\"urlTemplate\":\"https:\/\/agenciainfra.com\/blog\/?s={search_term_string}\"},\"query-input\":{\"@type\":\"PropertyValueSpecification\",\"valueRequired\":true,\"valueName\":\"search_term_string\"}}],\"inLanguage\":\"pt-BR\"},{\"@type\":\"Organization\",\"@id\":\"https:\/\/agenciainfra.com\/blog\/#organization\",\"name\":\"Ag\u00eancia iNFRA\",\"url\":\"https:\/\/agenciainfra.com\/blog\/\",\"logo\":{\"@type\":\"ImageObject\",\"inLanguage\":\"pt-BR\",\"@id\":\"https:\/\/agenciainfra.com\/blog\/#\/schema\/logo\/image\/\",\"url\":\"https:\/\/agenciainfra.com\/blog\/wp-content\/uploads\/2023\/09\/iNFRA_5-e1761735885940.png\",\"contentUrl\":\"https:\/\/agenciainfra.com\/blog\/wp-content\/uploads\/2023\/09\/iNFRA_5-e1761735885940.png\",\"width\":1672,\"height\":454,\"caption\":\"Ag\u00eancia iNFRA\"},\"image\":{\"@id\":\"https:\/\/agenciainfra.com\/blog\/#\/schema\/logo\/image\/\"},\"sameAs\":[\"https:\/\/www.facebook.com\/ageninfra\",\"https:\/\/x.com\/agencia_infra\",\"https:\/\/www.linkedin.com\/company\/ag\u00eanciainfra\/\",\"https:\/\/www.instagram.com\/agenciainfra\/\"]},{\"@type\":\"Person\",\"@id\":\"https:\/\/agenciainfra.com\/blog\/#\/schema\/person\/34af08dff6adea4cb22b06612ba7acfa\",\"name\":\"Ag\u00eancia iNFRA\",\"image\":{\"@type\":\"ImageObject\",\"inLanguage\":\"pt-BR\",\"@id\":\"https:\/\/agenciainfra.com\/blog\/#\/schema\/person\/image\/\",\"url\":\"https:\/\/secure.gravatar.com\/avatar\/d189e01678f06d8eb84d4e01f08eb848b3fffe3f8443818d3c356c66892f5be8?s=96&d=mm&r=g\",\"contentUrl\":\"https:\/\/secure.gravatar.com\/avatar\/d189e01678f06d8eb84d4e01f08eb848b3fffe3f8443818d3c356c66892f5be8?s=96&d=mm&r=g\",\"caption\":\"Ag\u00eancia iNFRA\"},\"url\":\"https:\/\/agenciainfra.com\/blog\/author\/admin\/\"}]}<\/script>\n<!-- \/ Yoast SEO Premium plugin. -->","yoast_head_json":{"title":"MoveInfra: Especialistas explicam como setor pode se desenvolver sem deixar a sustentabilidade de lado - Ag\u00eancia iNFRA","robots":{"index":"index","follow":"follow","max-snippet":"max-snippet:-1","max-image-preview":"max-image-preview:large","max-video-preview":"max-video-preview:-1"},"canonical":"https:\/\/agenciainfra.com\/blog\/moveinfra-especialistas-explicam-como-setor-pode-se-desenvolver-sem-deixar-a-sustentabilidade-de-lado\/","og_locale":"pt_BR","og_type":"article","og_title":"MoveInfra: Especialistas explicam como setor pode se desenvolver sem deixar a sustentabilidade de lado","og_description":"da Ag\u00eancia iNFRA Como desenvolver o setor de infraestrutura sem, com isso, deixar de lado o cuidado com o meio ambiente foi tema de debate entre especialistas, na \u00faltima quinta-feira (8), durante o lan\u00e7amento da MoveInfra, iniciativa de cinco grandes companhias de infraestrutura \u2013&nbsp;CCR Rodovias, EcoRodovias, Rumo, Santos Brasil e Ultracargo \u2013, com projetos em [&hellip;]","og_url":"https:\/\/agenciainfra.com\/blog\/moveinfra-especialistas-explicam-como-setor-pode-se-desenvolver-sem-deixar-a-sustentabilidade-de-lado\/","og_site_name":"Ag\u00eancia iNFRA","article_publisher":"https:\/\/www.facebook.com\/ageninfra","article_published_time":"2022-12-14T17:00:00+00:00","og_image":[{"width":1280,"height":853,"url":"https:\/\/agenciainfra.com\/blog\/wp-content\/uploads\/2022\/12\/ronei-glanzmann-julia-ambrosano-larissa-amorim-daniel-rittner-natalia-marcassa-foto-percio-campos-agencia-infra.jpeg","type":"image\/jpeg"}],"author":"Ag\u00eancia iNFRA","twitter_card":"summary_large_image","twitter_creator":"@agencia_infra","twitter_site":"@agencia_infra","twitter_misc":{"Escrito por":"Ag\u00eancia iNFRA","Est. tempo de leitura":"5 minutos"},"schema":{"@context":"https:\/\/schema.org","@graph":[{"@type":"Article","@id":"https:\/\/agenciainfra.com\/blog\/moveinfra-especialistas-explicam-como-setor-pode-se-desenvolver-sem-deixar-a-sustentabilidade-de-lado\/#article","isPartOf":{"@id":"https:\/\/agenciainfra.com\/blog\/moveinfra-especialistas-explicam-como-setor-pode-se-desenvolver-sem-deixar-a-sustentabilidade-de-lado\/"},"author":{"name":"Ag\u00eancia iNFRA","@id":"https:\/\/agenciainfra.com\/blog\/#\/schema\/person\/34af08dff6adea4cb22b06612ba7acfa"},"headline":"MoveInfra: Especialistas explicam como setor pode se desenvolver sem deixar a sustentabilidade de lado","datePublished":"2022-12-14T17:00:00+00:00","mainEntityOfPage":{"@id":"https:\/\/agenciainfra.com\/blog\/moveinfra-especialistas-explicam-como-setor-pode-se-desenvolver-sem-deixar-a-sustentabilidade-de-lado\/"},"wordCount":995,"publisher":{"@id":"https:\/\/agenciainfra.com\/blog\/#organization"},"image":{"@id":"https:\/\/agenciainfra.com\/blog\/moveinfra-especialistas-explicam-como-setor-pode-se-desenvolver-sem-deixar-a-sustentabilidade-de-lado\/#primaryimage"},"thumbnailUrl":"https:\/\/agenciainfra.com\/blog\/wp-content\/uploads\/2022\/12\/ronei-glanzmann-julia-ambrosano-larissa-amorim-daniel-rittner-natalia-marcassa-foto-percio-campos-agencia-infra.jpeg","keywords":["CCR Rodovias","Climate Bonds Initiative","EcoRodovias","Infraestrutura","Investimentos","Julia Ambrosano","Larissa Amorim","Licenciamento ambiental","Minist\u00e9rio da Infraestrutura","MoveInfra","Ronei Glanzmann","Rumo","Santos Brasil","sustentabilidade","Ultracargo"],"articleSection":["Geral","iNFRALive e Eventos"],"inLanguage":"pt-BR","copyrightYear":"2022","copyrightHolder":{"@id":"https:\/\/agenciainfra.com\/blog\/#organization"}},{"@type":"WebPage","@id":"https:\/\/agenciainfra.com\/blog\/moveinfra-especialistas-explicam-como-setor-pode-se-desenvolver-sem-deixar-a-sustentabilidade-de-lado\/","url":"https:\/\/agenciainfra.com\/blog\/moveinfra-especialistas-explicam-como-setor-pode-se-desenvolver-sem-deixar-a-sustentabilidade-de-lado\/","name":"MoveInfra: Especialistas explicam como setor pode se desenvolver sem deixar a sustentabilidade de lado - Ag\u00eancia iNFRA","isPartOf":{"@id":"https:\/\/agenciainfra.com\/blog\/#website"},"primaryImageOfPage":{"@id":"https:\/\/agenciainfra.com\/blog\/moveinfra-especialistas-explicam-como-setor-pode-se-desenvolver-sem-deixar-a-sustentabilidade-de-lado\/#primaryimage"},"image":{"@id":"https:\/\/agenciainfra.com\/blog\/moveinfra-especialistas-explicam-como-setor-pode-se-desenvolver-sem-deixar-a-sustentabilidade-de-lado\/#primaryimage"},"thumbnailUrl":"https:\/\/agenciainfra.com\/blog\/wp-content\/uploads\/2022\/12\/ronei-glanzmann-julia-ambrosano-larissa-amorim-daniel-rittner-natalia-marcassa-foto-percio-campos-agencia-infra.jpeg","datePublished":"2022-12-14T17:00:00+00:00","breadcrumb":{"@id":"https:\/\/agenciainfra.com\/blog\/moveinfra-especialistas-explicam-como-setor-pode-se-desenvolver-sem-deixar-a-sustentabilidade-de-lado\/#breadcrumb"},"inLanguage":"pt-BR","potentialAction":[{"@type":"ReadAction","target":["https:\/\/agenciainfra.com\/blog\/moveinfra-especialistas-explicam-como-setor-pode-se-desenvolver-sem-deixar-a-sustentabilidade-de-lado\/"]}]},{"@type":"ImageObject","inLanguage":"pt-BR","@id":"https:\/\/agenciainfra.com\/blog\/moveinfra-especialistas-explicam-como-setor-pode-se-desenvolver-sem-deixar-a-sustentabilidade-de-lado\/#primaryimage","url":"https:\/\/agenciainfra.com\/blog\/wp-content\/uploads\/2022\/12\/ronei-glanzmann-julia-ambrosano-larissa-amorim-daniel-rittner-natalia-marcassa-foto-percio-campos-agencia-infra.jpeg","contentUrl":"https:\/\/agenciainfra.com\/blog\/wp-content\/uploads\/2022\/12\/ronei-glanzmann-julia-ambrosano-larissa-amorim-daniel-rittner-natalia-marcassa-foto-percio-campos-agencia-infra.jpeg","width":1280,"height":853},{"@type":"BreadcrumbList","@id":"https:\/\/agenciainfra.com\/blog\/moveinfra-especialistas-explicam-como-setor-pode-se-desenvolver-sem-deixar-a-sustentabilidade-de-lado\/#breadcrumb","itemListElement":[{"@type":"ListItem","position":1,"name":"In\u00edcio","item":"https:\/\/agenciainfra.com\/blog\/"},{"@type":"ListItem","position":2,"name":"MoveInfra: Especialistas explicam como setor pode se desenvolver sem deixar a sustentabilidade de lado"}]},{"@type":"WebSite","@id":"https:\/\/agenciainfra.com\/blog\/#website","url":"https:\/\/agenciainfra.com\/blog\/","name":"Ag\u00eancia iNFRA","description":"Multiplataforma de informa\u00e7\u00e3o jornal\u00edstica refer\u00eancia na \u00e1rea de infraestrutura no Brasil!","publisher":{"@id":"https:\/\/agenciainfra.com\/blog\/#organization"},"potentialAction":[{"@type":"SearchAction","target":{"@type":"EntryPoint","urlTemplate":"https:\/\/agenciainfra.com\/blog\/?s={search_term_string}"},"query-input":{"@type":"PropertyValueSpecification","valueRequired":true,"valueName":"search_term_string"}}],"inLanguage":"pt-BR"},{"@type":"Organization","@id":"https:\/\/agenciainfra.com\/blog\/#organization","name":"Ag\u00eancia iNFRA","url":"https:\/\/agenciainfra.com\/blog\/","logo":{"@type":"ImageObject","inLanguage":"pt-BR","@id":"https:\/\/agenciainfra.com\/blog\/#\/schema\/logo\/image\/","url":"https:\/\/agenciainfra.com\/blog\/wp-content\/uploads\/2023\/09\/iNFRA_5-e1761735885940.png","contentUrl":"https:\/\/agenciainfra.com\/blog\/wp-content\/uploads\/2023\/09\/iNFRA_5-e1761735885940.png","width":1672,"height":454,"caption":"Ag\u00eancia iNFRA"},"image":{"@id":"https:\/\/agenciainfra.com\/blog\/#\/schema\/logo\/image\/"},"sameAs":["https:\/\/www.facebook.com\/ageninfra","https:\/\/x.com\/agencia_infra","https:\/\/www.linkedin.com\/company\/ag\u00eanciainfra\/","https:\/\/www.instagram.com\/agenciainfra\/"]},{"@type":"Person","@id":"https:\/\/agenciainfra.com\/blog\/#\/schema\/person\/34af08dff6adea4cb22b06612ba7acfa","name":"Ag\u00eancia iNFRA","image":{"@type":"ImageObject","inLanguage":"pt-BR","@id":"https:\/\/agenciainfra.com\/blog\/#\/schema\/person\/image\/","url":"https:\/\/secure.gravatar.com\/avatar\/d189e01678f06d8eb84d4e01f08eb848b3fffe3f8443818d3c356c66892f5be8?s=96&d=mm&r=g","contentUrl":"https:\/\/secure.gravatar.com\/avatar\/d189e01678f06d8eb84d4e01f08eb848b3fffe3f8443818d3c356c66892f5be8?s=96&d=mm&r=g","caption":"Ag\u00eancia iNFRA"},"url":"https:\/\/agenciainfra.com\/blog\/author\/admin\/"}]}},"_links":{"self":[{"href":"https:\/\/agenciainfra.com\/blog\/wp-json\/wp\/v2\/posts\/11875","targetHints":{"allow":["GET"]}}],"collection":[{"href":"https:\/\/agenciainfra.com\/blog\/wp-json\/wp\/v2\/posts"}],"about":[{"href":"https:\/\/agenciainfra.com\/blog\/wp-json\/wp\/v2\/types\/post"}],"author":[{"embeddable":true,"href":"https:\/\/agenciainfra.com\/blog\/wp-json\/wp\/v2\/users\/1"}],"replies":[{"embeddable":true,"href":"https:\/\/agenciainfra.com\/blog\/wp-json\/wp\/v2\/comments?post=11875"}],"version-history":[{"count":0,"href":"https:\/\/agenciainfra.com\/blog\/wp-json\/wp\/v2\/posts\/11875\/revisions"}],"wp:featuredmedia":[{"embeddable":true,"href":"https:\/\/agenciainfra.com\/blog\/wp-json\/wp\/v2\/media\/11876"}],"wp:attachment":[{"href":"https:\/\/agenciainfra.com\/blog\/wp-json\/wp\/v2\/media?parent=11875"}],"wp:term":[{"taxonomy":"category","embeddable":true,"href":"https:\/\/agenciainfra.com\/blog\/wp-json\/wp\/v2\/categories?post=11875"},{"taxonomy":"post_tag","embeddable":true,"href":"https:\/\/agenciainfra.com\/blog\/wp-json\/wp\/v2\/tags?post=11875"}],"curies":[{"name":"wp","href":"https:\/\/api.w.org\/{rel}","templated":true}]}}