{"id":11906,"date":"2022-12-19T11:00:00","date_gmt":"2022-12-19T14:00:00","guid":{"rendered":"https:\/\/www.agenciainfra.com\/blog\/?p=11906"},"modified":"2022-12-19T10:33:10","modified_gmt":"2022-12-19T13:33:10","slug":"infradebate-brasil-da-passo-importante-para-o-desenvolvimento-da-economia-do-hidrogenio-mas-tem-janela-de-oportunidade-curta-de-se-posicionar-de-forma-estrategica","status":"publish","type":"post","link":"https:\/\/agenciainfra.com\/blog\/infradebate-brasil-da-passo-importante-para-o-desenvolvimento-da-economia-do-hidrogenio-mas-tem-janela-de-oportunidade-curta-de-se-posicionar-de-forma-estrategica\/","title":{"rendered":"iNFRADebate: Brasil d\u00e1 passo importante para o desenvolvimento da economia do hidrog\u00eanio, mas tem janela de oportunidade curta de se posicionar de forma estrat\u00e9gica"},"content":{"rendered":"\n<p class=\"has-text-align-right\"><strong>C<meta charset=\"utf-8\">amila Ramos*, Mar\u00edlia Rabassa** e Luisa Valentim Barros***<\/strong><\/p>\n\n\n\n<p>A abertura na \u00faltima semana da <a rel=\"noreferrer noopener\" href=\"https:\/\/www.in.gov.br\/en\/web\/dou\/-\/portaria-n-713\/gm\/mme-de-13-de-dezembro-de-2022-450413372\" data-type=\"URL\" data-id=\"https:\/\/www.in.gov.br\/en\/web\/dou\/-\/portaria-n-713\/gm\/mme-de-13-de-dezembro-de-2022-450413372\" target=\"_blank\">consulta p\u00fablica<\/a> e lan\u00e7amento do plano de trabalho trienal do PNH2 &#8211; Programa Nacional de Hidrog\u00eanio (2023-2025) pelo MME (Minist\u00e9rio de Minas e Energia) \u00e9 um passo muito importante na dire\u00e7\u00e3o do desenvolvimento de um mercado competitivo de hidrog\u00eanio no Brasil, mas tamb\u00e9m de uma base tecnol\u00f3gica, de capacita\u00e7\u00e3o e m\u00e3o de obra, de infraestrutura para esse mercado, e na inser\u00e7\u00e3o internacional do pa\u00eds em bases economicamente competitivas.&nbsp;<\/p>\n\n\n\n<p>O plano \u00e9 multidisciplinar, incluindo o planejamento energ\u00e9tico, o arcabou\u00e7o legal-regulat\u00f3rio e de coopera\u00e7\u00e3o internacional para que seu objetivo seja atingido. Todas essas frentes est\u00e3o contempladas em detalhe no plano de a\u00e7\u00e3o que ser\u00e1 revisto anualmente para se adaptar \u00e0 maturidade da tecnologia e dos mercados.&nbsp;<\/p>\n\n\n\n<p>Alinhado \u00e0 geopol\u00edtica energ\u00e9tica internacional, o plano tem como base o grande potencial do H2 na economia mundial \u2013 prev\u00ea-se que passar\u00e1 de US$ 110 bilh\u00f5es em 2019 para um mercado de mais de US$ 200 bilh\u00f5es em alguns anos. Ele reconhece tamb\u00e9m que diversos pa\u00edses est\u00e3o se movimentando internacionalmente em torno do H2 como solu\u00e7\u00e3o de descarboniza\u00e7\u00e3o.&nbsp;<\/p>\n\n\n\n<p>O plano \u00e9 robusto e ambicioso, o trabalho foi dividido em seis eixos tem\u00e1ticos \u2013 Fortalecimento das Bases Cient\u00edfico-Tecnol\u00f3gicas; Capacita\u00e7\u00e3o de Recursos Humanos; Planejamento Energ\u00e9tico; Arcabou\u00e7o Legal e Regulat\u00f3rio-Normativo; Abertura e Crescimento do Mercado e Competitividade; Coopera\u00e7\u00e3o Internacional. Para cada um dos eixos conta com cinco componentes com, em m\u00e9dia, 14 a 17 a\u00e7\u00f5es cada um e s\u00e3o apresentados t\u00f3picos priorit\u00e1rios, desdobrados em a\u00e7\u00f5es, atores envolvidos e cronograma de trabalho. Vale mencionar que a sua realiza\u00e7\u00e3o depender\u00e1 da disponibilidade de recursos ao longo dos pr\u00f3ximos tr\u00eas anos.&nbsp;<\/p>\n\n\n\n<p>O primeiro destaque do plano \u00e9 seu car\u00e1ter nitidamente participativo e transversal, resultado de um trabalho de um ano envolvendo 64 institui\u00e7\u00f5es que incluem v\u00e1rios minist\u00e9rios bem como representes da academia e alguns entes privados.&nbsp;<\/p>\n\n\n\n<p>Algumas a\u00e7\u00f5es cr\u00edticas \u00e0 competitividade do H2 no pa\u00eds se destacaram positivamente entre as in\u00fameras elencadas para os pr\u00f3ximos anos como:<\/p>\n\n\n\n<p>&#8211; Elabora\u00e7\u00e3o de minuta de dispositivo legal\/infralegal estabelecendo a defini\u00e7\u00e3o de hidrog\u00eanio de baixo carbono;&nbsp;<\/p>\n\n\n\n<p>-Elabora\u00e7\u00e3o de proposta de incentivo \u00e0 utiliza\u00e7\u00e3o de H2, ou de seus derivados, que estabele\u00e7a uma esp\u00e9cie de \u201cpremia\u00e7\u00e3o\u201d \u00e0s rotas de baixo carbono, iniciativa muito promissora, pois pode fazer o H2 verde competitivo em rela\u00e7\u00e3o ao H2 cinza, de origem f\u00f3ssil. Vale ressaltar que outros pa\u00edses, como os Estados Unidos por exemplo, inclu\u00edram um green premium de USD 3 por kg para o H2 verde na pol\u00edtica rec\u00e9m-aprovada IRA (Inflaction Reduction Act);<\/p>\n\n\n\n<p>&#8211; Prioriza\u00e7\u00e3o das tem\u00e1ticas elencadas pela Iniciativa Brasileira do H2, conforme Portaria MCTI 6.100 de 2022, que incluem a produ\u00e7\u00e3o de H2 em especial a partir de fontes renov\u00e1veis;<\/p>\n\n\n\n<p>-Cria\u00e7\u00e3o de resolu\u00e7\u00f5es normativas da ANEEL (Ag\u00eancia Nacional de Energia El\u00e9trica) para inser\u00e7\u00e3o de sistemas de armazenamento no SIN (Sistema Interligado Nacional), inclusive via hidrog\u00eanio;<\/p>\n\n\n\n<p>&#8211; Lan\u00e7amento de proposta geral de certifica\u00e7\u00e3o do hidrog\u00eanio, e plano de a\u00e7\u00e3o para estudos da log\u00edstica e armazenamento do H2, inclusive de mistura de H2 na rede de g\u00e1s natural existente, medidas essenciais para o nascimento, crescimento e competitividade do setor;<\/p>\n\n\n\n<p>&#8211; Identifica\u00e7\u00e3o de potenciais pontos de melhoria no marco regulat\u00f3rio das ZPEs (Zonas de Processamento de Exporta\u00e7\u00f5es) com vistas a trazer maior seguran\u00e7a jur\u00eddica e viabilidade \u00e0 instala\u00e7\u00e3o de projetos voltados \u00e0 exporta\u00e7\u00e3o do hidrog\u00eanio, demanda importante dos empreendedores que est\u00e3o planejamento grandes investimentos em regi\u00f5es portu\u00e1rias;<\/p>\n\n\n\n<p>-Investiga\u00e7\u00e3o dos impactos de precifica\u00e7\u00e3o de carbono, tema t\u00e3o relevante no contexto da cria\u00e7\u00e3o de um mercado regulado de carbono no pa\u00eds;<\/p>\n\n\n\n<p>&#8211; Preocupa\u00e7\u00e3o em educar os diversos entes da sociedade com planos de capacita\u00e7\u00e3o do setor p\u00fablico, forma\u00e7\u00e3o t\u00e9cnico-operacional, em curr\u00edculos universit\u00e1rios e com ambi\u00e7\u00e3o de amplo aproveitamento das interfaces p\u00fablica- privada-academia;<\/p>\n\n\n\n<p>Entre os seus princ\u00edpios de elabora\u00e7\u00e3o, \u00e9 destacada a natureza abrangente da elabora\u00e7\u00e3o do plano que reconhece diversidade de fontes energ\u00e9ticas e alternativas tecnol\u00f3gicas dispon\u00edveis ou potenciais. De fato, o conte\u00fado do plano tem uma abordagem \u201cagn\u00f3stica\u201d em rela\u00e7\u00e3o \u00e0s rotas de produ\u00e7\u00e3o do H2 e inclusive trata de forma agn\u00f3stica o hidrog\u00eanio verde e suas outras \u201dcores\u201d e este aspecto \u00e9 preocupante.&nbsp;<\/p>\n\n\n\n<p>A economia do H2 verde \u00e9 de longo prazo e se originou em uma demanda por um combust\u00edvel vers\u00e1til e que reduza significativamente as emiss\u00f5es de ind\u00fastrias conhecidas como <em>hard-to-abate <\/em>(de dif\u00edcil descarboniza\u00e7\u00e3o) e a janela de oportunidade de o Brasil posicionar-se como l\u00edder global \u00e9 curta e est\u00e1 acontecendo entre hoje e os pr\u00f3ximos tr\u00eas anos. Outras regi\u00f5es do mundo como \u00c1frica, Oriente M\u00e9dio, Austr\u00e1lia e pa\u00edses vizinhos como o Chile est\u00e3o na mesma corrida de se tornarem o destino dos investimentos em H2 verde e v\u00eam assumindo posicionamentos mais objetivos e metas claras.&nbsp; Por que n\u00e3o reconhecer o nosso potencial renov\u00e1vel altamente competitivo e assumir uma posi\u00e7\u00e3o mais objetiva nas cadeias globais de valor em prol do hidrog\u00eanio verde? O pa\u00eds j\u00e1 pode hoje oferecer energia renov\u00e1vel abundante, a mais barata do mundo e com potencial de crescimento gigantesco.&nbsp;<\/p>\n\n\n\n<p>Em termos de P&amp;D (pesquisa &amp; desenvolvimento), as a\u00e7\u00f5es s\u00e3o abrangentes e muito positivas \u2013 especialmente as metas de acompanhar e avaliar a execu\u00e7\u00e3o de pelo menos 45 projetos de P, D &amp; I, com meta de elaborar no m\u00ednimo 1 instrumento para alavancamento de investimentos em infra de P, D &amp;I at\u00e9 2025; tamb\u00e9m as chamadas p\u00fablicas para apoio financeiro a start ups no desenvolvimento de solu\u00e7\u00f5es voltadas \u00e0 cadeia de produ\u00e7\u00e3o e uso do H2; e iniciativas de apoio a projetos cooperativos de PD&amp;I condicionados \u00e0 viabiliza\u00e7\u00e3o de recursos or\u00e7ament\u00e1rios com cr\u00e9dito n\u00e3o reembols\u00e1vel do FNDCT (Fundo Nacional de Desenvolvimento Cient\u00edfico e Tecnol\u00f3gico). Mas e os projetos que j\u00e1 est\u00e3o sendo iniciados em escala comercial no pa\u00eds? N\u00e3o dever\u00edamos ter aqui um olhar mais de apoiar na implementa\u00e7\u00e3o desses e outros projetos em escala comercial?<\/p>\n\n\n\n<p>Al\u00e9m disso, o plano carece de metas de produ\u00e7\u00e3o de H2 renov\u00e1vel e medidas mais efetivas para o consumo de H2 renov\u00e1vel desde j\u00e1. Os Estados Unidos, por exemplo, j\u00e1 definiram a intensidade de carbono para o seu H2 limpo, j\u00e1 criaram incentivo de $3\/kg para o hidrog\u00eanio verde e j\u00e1 estabeleceram uma meta final de custo de produ\u00e7\u00e3o de H2 em $1\/kg at\u00e9 2030. E diversos outros pa\u00edses j\u00e1 apresentaram inciativas agressivas.&nbsp;&nbsp;<\/p>\n\n\n\n<p>Em termos de coopera\u00e7\u00e3o internacional talvez seja interessante propor uma a\u00e7\u00e3o mais coordenada de alinhamento e coopera\u00e7\u00e3o na Am\u00e9rica Latina que j\u00e1 tem pa\u00edses protagonistas nesta agenda, como o Chile. O Brasil tem oportunidade de chamar a si o protagonismo local e ser um porta-voz regional da economia do hidrog\u00eanio.<\/p>\n\n\n\n<p>Por \u00faltimo, pouco ou nada se falou do desafio de uma transi\u00e7\u00e3o energ\u00e9tica justa. A economia do hidrog\u00eanio trar\u00e1 diversas oportunidades ao pa\u00eds, mas como podemos garantir que ningu\u00e9m ser\u00e1 abandonado? Como a revolu\u00e7\u00e3o do hidrog\u00eanio garantir\u00e1 inclus\u00e3o social e eventual compensa\u00e7\u00e3o \u00e0s comunidades afetadas? A transi\u00e7\u00e3o energ\u00e9tica justa \u00e9 um dos pilares do Acordo de Paris e cr\u00edtica para um pa\u00eds com 17,5 milh\u00f5es de fam\u00edlias vivendo em situa\u00e7\u00e3o de extrema pobreza \u2013 renda per capita mensal de at\u00e9 R$ 105.<\/p>\n\n\n\n<h6 class=\"wp-block-heading\" id=\"block-aa9ff8cf-f9c2-435f-85ff-56a599c37bc9\"><strong>*Camila Ramos \u00e9 s\u00f3cia-diretora da Cela (Clean Energy Latin America).<\/strong><\/h6>\n\n\n\n<h6 class=\"wp-block-heading\" id=\"block-aa9ff8cf-f9c2-435f-85ff-56a599c37bc9\"><strong>**Mar\u00edlia Rabassa \u00e9 diretora de Finan\u00e7as da Cela (Clean Energy Latin America).<\/strong><\/h6>\n\n\n\n<h6 class=\"wp-block-heading\" id=\"block-aa9ff8cf-f9c2-435f-85ff-56a599c37bc9\"><strong>***Luisa Valentim Barros \u00e9 diretora de Consultoria da Cela (Clean Energy Latin America).<\/strong><\/h6>\n\n\n\n<h5 class=\"wp-block-heading\" id=\"block-d67878ff-7627-4f15-b175-8f58269174ff\">O iNFRADebate \u00e9 o espa\u00e7o de artigos da Ag\u00eancia iNFRA com opini\u00f5es de seus atores que n\u00e3o refletem necessariamente o pensamento da Ag\u00eancia iNFRA, sendo de total responsabilidade do autor as informa\u00e7\u00f5es, ju\u00edzos de valor e conceitos descritos no texto.<\/h5>\n","protected":false},"excerpt":{"rendered":"<p>Camila Ramos*, Mar\u00edlia Rabassa** e Luisa Valentim Barros*** A abertura na \u00faltima semana da consulta p\u00fablica e lan\u00e7amento do plano de trabalho trienal do PNH2 &#8211; Programa Nacional de Hidrog\u00eanio (2023-2025) pelo MME (Minist\u00e9rio de Minas e Energia) \u00e9 um passo muito importante na dire\u00e7\u00e3o do desenvolvimento de um mercado competitivo de hidrog\u00eanio no Brasil, [&hellip;]<\/p>\n","protected":false},"author":1,"featured_media":11916,"comment_status":"closed","ping_status":"closed","sticky":false,"template":"","format":"standard","meta":{"_monsterinsights_skip_tracking":false,"_monsterinsights_sitenote_active":false,"_monsterinsights_sitenote_note":"","_monsterinsights_sitenote_category":0,"footnotes":""},"categories":[1,11],"tags":[53,6205,3361,2649,2975,4535,6207,6206,96,6208,2006],"class_list":["post-11906","post","type-post","status-publish","format-standard","has-post-thumbnail","hentry","category-geral","category-infradebate","tag-aneel","tag-camila-ramos","tag-descarbonizacao","tag-fontes-renovaveis","tag-hidrogenio","tag-hidrogenio-verde","tag-luisa-valentim-barros","tag-marilia-rabassa","tag-ministerio-de-minas-e-energia","tag-programa-nacional-de-hidrogenio","tag-transicao-energetica"],"yoast_head":"<!-- This site is optimized with the Yoast SEO Premium plugin v25.4 (Yoast SEO v26.0) - https:\/\/yoast.com\/wordpress\/plugins\/seo\/ -->\n<title>iNFRADebate: Brasil d\u00e1 passo importante para o desenvolvimento da economia do hidrog\u00eanio, mas tem janela de oportunidade curta de se posicionar de forma estrat\u00e9gica - Ag\u00eancia iNFRA<\/title>\n<meta name=\"robots\" content=\"index, follow, max-snippet:-1, max-image-preview:large, max-video-preview:-1\" \/>\n<link rel=\"canonical\" href=\"https:\/\/agenciainfra.com\/blog\/infradebate-brasil-da-passo-importante-para-o-desenvolvimento-da-economia-do-hidrogenio-mas-tem-janela-de-oportunidade-curta-de-se-posicionar-de-forma-estrategica\/\" \/>\n<meta property=\"og:locale\" content=\"pt_BR\" \/>\n<meta property=\"og:type\" content=\"article\" \/>\n<meta property=\"og:title\" content=\"iNFRADebate: Brasil d\u00e1 passo importante para o desenvolvimento da economia do hidrog\u00eanio, mas tem janela de oportunidade curta de se posicionar de forma estrat\u00e9gica\" \/>\n<meta property=\"og:description\" content=\"Camila Ramos*, Mar\u00edlia Rabassa** e Luisa Valentim Barros*** A abertura na \u00faltima semana da consulta p\u00fablica e lan\u00e7amento do plano de trabalho trienal do PNH2 &#8211; Programa Nacional de Hidrog\u00eanio (2023-2025) pelo MME (Minist\u00e9rio de Minas e Energia) \u00e9 um passo muito importante na dire\u00e7\u00e3o do desenvolvimento de um mercado competitivo de hidrog\u00eanio no Brasil, [&hellip;]\" \/>\n<meta property=\"og:url\" content=\"https:\/\/agenciainfra.com\/blog\/infradebate-brasil-da-passo-importante-para-o-desenvolvimento-da-economia-do-hidrogenio-mas-tem-janela-de-oportunidade-curta-de-se-posicionar-de-forma-estrategica\/\" \/>\n<meta property=\"og:site_name\" content=\"Ag\u00eancia iNFRA\" \/>\n<meta property=\"article:publisher\" content=\"https:\/\/www.facebook.com\/ageninfra\" \/>\n<meta property=\"article:published_time\" content=\"2022-12-19T14:00:00+00:00\" \/>\n<meta property=\"og:image\" content=\"https:\/\/agenciainfra.com\/blog\/wp-content\/uploads\/2022\/12\/camila-ramos-marilia-rabassa-luisa-valentim-barros-foto-divulgacao.png\" \/>\n\t<meta property=\"og:image:width\" content=\"1280\" \/>\n\t<meta property=\"og:image:height\" content=\"885\" \/>\n\t<meta property=\"og:image:type\" content=\"image\/png\" \/>\n<meta name=\"author\" content=\"Ag\u00eancia iNFRA\" \/>\n<meta name=\"twitter:card\" content=\"summary_large_image\" \/>\n<meta name=\"twitter:creator\" content=\"@agencia_infra\" \/>\n<meta name=\"twitter:site\" content=\"@agencia_infra\" \/>\n<meta name=\"twitter:label1\" content=\"Escrito por\" \/>\n\t<meta name=\"twitter:data1\" content=\"Ag\u00eancia iNFRA\" \/>\n\t<meta name=\"twitter:label2\" content=\"Est. tempo de leitura\" \/>\n\t<meta name=\"twitter:data2\" content=\"7 minutos\" \/>\n<script type=\"application\/ld+json\" class=\"yoast-schema-graph\">{\"@context\":\"https:\/\/schema.org\",\"@graph\":[{\"@type\":\"Article\",\"@id\":\"https:\/\/agenciainfra.com\/blog\/infradebate-brasil-da-passo-importante-para-o-desenvolvimento-da-economia-do-hidrogenio-mas-tem-janela-de-oportunidade-curta-de-se-posicionar-de-forma-estrategica\/#article\",\"isPartOf\":{\"@id\":\"https:\/\/agenciainfra.com\/blog\/infradebate-brasil-da-passo-importante-para-o-desenvolvimento-da-economia-do-hidrogenio-mas-tem-janela-de-oportunidade-curta-de-se-posicionar-de-forma-estrategica\/\"},\"author\":{\"name\":\"Ag\u00eancia iNFRA\",\"@id\":\"https:\/\/agenciainfra.com\/blog\/#\/schema\/person\/34af08dff6adea4cb22b06612ba7acfa\"},\"headline\":\"iNFRADebate: Brasil d\u00e1 passo importante para o desenvolvimento da economia do hidrog\u00eanio, mas tem janela de oportunidade curta de se posicionar de forma estrat\u00e9gica\",\"datePublished\":\"2022-12-19T14:00:00+00:00\",\"mainEntityOfPage\":{\"@id\":\"https:\/\/agenciainfra.com\/blog\/infradebate-brasil-da-passo-importante-para-o-desenvolvimento-da-economia-do-hidrogenio-mas-tem-janela-de-oportunidade-curta-de-se-posicionar-de-forma-estrategica\/\"},\"wordCount\":1440,\"publisher\":{\"@id\":\"https:\/\/agenciainfra.com\/blog\/#organization\"},\"image\":{\"@id\":\"https:\/\/agenciainfra.com\/blog\/infradebate-brasil-da-passo-importante-para-o-desenvolvimento-da-economia-do-hidrogenio-mas-tem-janela-de-oportunidade-curta-de-se-posicionar-de-forma-estrategica\/#primaryimage\"},\"thumbnailUrl\":\"https:\/\/agenciainfra.com\/blog\/wp-content\/uploads\/2022\/12\/camila-ramos-marilia-rabassa-luisa-valentim-barros-foto-divulgacao.png\",\"keywords\":[\"ANEEL\",\"Camila Ramos\",\"Descarboniza\u00e7\u00e3o\",\"fontes renov\u00e1veis\",\"hidrog\u00eanio\",\"hidrog\u00eanio verde\",\"Luisa Valentim Barros\",\"Mar\u00edlia Rabassa\",\"Minist\u00e9rio de Minas e Energia\",\"Programa Nacional de Hidrog\u00eanio\",\"transi\u00e7\u00e3o energ\u00e9tica\"],\"articleSection\":[\"Geral\",\"iNFRADebate\"],\"inLanguage\":\"pt-BR\",\"copyrightYear\":\"2022\",\"copyrightHolder\":{\"@id\":\"https:\/\/agenciainfra.com\/blog\/#organization\"}},{\"@type\":\"WebPage\",\"@id\":\"https:\/\/agenciainfra.com\/blog\/infradebate-brasil-da-passo-importante-para-o-desenvolvimento-da-economia-do-hidrogenio-mas-tem-janela-de-oportunidade-curta-de-se-posicionar-de-forma-estrategica\/\",\"url\":\"https:\/\/agenciainfra.com\/blog\/infradebate-brasil-da-passo-importante-para-o-desenvolvimento-da-economia-do-hidrogenio-mas-tem-janela-de-oportunidade-curta-de-se-posicionar-de-forma-estrategica\/\",\"name\":\"iNFRADebate: Brasil d\u00e1 passo importante para o desenvolvimento da economia do hidrog\u00eanio, mas tem janela de oportunidade curta de se posicionar de forma estrat\u00e9gica - Ag\u00eancia iNFRA\",\"isPartOf\":{\"@id\":\"https:\/\/agenciainfra.com\/blog\/#website\"},\"primaryImageOfPage\":{\"@id\":\"https:\/\/agenciainfra.com\/blog\/infradebate-brasil-da-passo-importante-para-o-desenvolvimento-da-economia-do-hidrogenio-mas-tem-janela-de-oportunidade-curta-de-se-posicionar-de-forma-estrategica\/#primaryimage\"},\"image\":{\"@id\":\"https:\/\/agenciainfra.com\/blog\/infradebate-brasil-da-passo-importante-para-o-desenvolvimento-da-economia-do-hidrogenio-mas-tem-janela-de-oportunidade-curta-de-se-posicionar-de-forma-estrategica\/#primaryimage\"},\"thumbnailUrl\":\"https:\/\/agenciainfra.com\/blog\/wp-content\/uploads\/2022\/12\/camila-ramos-marilia-rabassa-luisa-valentim-barros-foto-divulgacao.png\",\"datePublished\":\"2022-12-19T14:00:00+00:00\",\"breadcrumb\":{\"@id\":\"https:\/\/agenciainfra.com\/blog\/infradebate-brasil-da-passo-importante-para-o-desenvolvimento-da-economia-do-hidrogenio-mas-tem-janela-de-oportunidade-curta-de-se-posicionar-de-forma-estrategica\/#breadcrumb\"},\"inLanguage\":\"pt-BR\",\"potentialAction\":[{\"@type\":\"ReadAction\",\"target\":[\"https:\/\/agenciainfra.com\/blog\/infradebate-brasil-da-passo-importante-para-o-desenvolvimento-da-economia-do-hidrogenio-mas-tem-janela-de-oportunidade-curta-de-se-posicionar-de-forma-estrategica\/\"]}]},{\"@type\":\"ImageObject\",\"inLanguage\":\"pt-BR\",\"@id\":\"https:\/\/agenciainfra.com\/blog\/infradebate-brasil-da-passo-importante-para-o-desenvolvimento-da-economia-do-hidrogenio-mas-tem-janela-de-oportunidade-curta-de-se-posicionar-de-forma-estrategica\/#primaryimage\",\"url\":\"https:\/\/agenciainfra.com\/blog\/wp-content\/uploads\/2022\/12\/camila-ramos-marilia-rabassa-luisa-valentim-barros-foto-divulgacao.png\",\"contentUrl\":\"https:\/\/agenciainfra.com\/blog\/wp-content\/uploads\/2022\/12\/camila-ramos-marilia-rabassa-luisa-valentim-barros-foto-divulgacao.png\",\"width\":1280,\"height\":885},{\"@type\":\"BreadcrumbList\",\"@id\":\"https:\/\/agenciainfra.com\/blog\/infradebate-brasil-da-passo-importante-para-o-desenvolvimento-da-economia-do-hidrogenio-mas-tem-janela-de-oportunidade-curta-de-se-posicionar-de-forma-estrategica\/#breadcrumb\",\"itemListElement\":[{\"@type\":\"ListItem\",\"position\":1,\"name\":\"In\u00edcio\",\"item\":\"https:\/\/agenciainfra.com\/blog\/\"},{\"@type\":\"ListItem\",\"position\":2,\"name\":\"iNFRADebate: Brasil d\u00e1 passo importante para o desenvolvimento da economia do hidrog\u00eanio, mas tem janela de oportunidade curta de se posicionar de forma estrat\u00e9gica\"}]},{\"@type\":\"WebSite\",\"@id\":\"https:\/\/agenciainfra.com\/blog\/#website\",\"url\":\"https:\/\/agenciainfra.com\/blog\/\",\"name\":\"Ag\u00eancia iNFRA\",\"description\":\"Multiplataforma de informa\u00e7\u00e3o jornal\u00edstica refer\u00eancia na \u00e1rea de infraestrutura no Brasil!\",\"publisher\":{\"@id\":\"https:\/\/agenciainfra.com\/blog\/#organization\"},\"potentialAction\":[{\"@type\":\"SearchAction\",\"target\":{\"@type\":\"EntryPoint\",\"urlTemplate\":\"https:\/\/agenciainfra.com\/blog\/?s={search_term_string}\"},\"query-input\":{\"@type\":\"PropertyValueSpecification\",\"valueRequired\":true,\"valueName\":\"search_term_string\"}}],\"inLanguage\":\"pt-BR\"},{\"@type\":\"Organization\",\"@id\":\"https:\/\/agenciainfra.com\/blog\/#organization\",\"name\":\"Ag\u00eancia iNFRA\",\"url\":\"https:\/\/agenciainfra.com\/blog\/\",\"logo\":{\"@type\":\"ImageObject\",\"inLanguage\":\"pt-BR\",\"@id\":\"https:\/\/agenciainfra.com\/blog\/#\/schema\/logo\/image\/\",\"url\":\"https:\/\/agenciainfra.com\/blog\/wp-content\/uploads\/2023\/09\/iNFRA_5-e1761735885940.png\",\"contentUrl\":\"https:\/\/agenciainfra.com\/blog\/wp-content\/uploads\/2023\/09\/iNFRA_5-e1761735885940.png\",\"width\":1672,\"height\":454,\"caption\":\"Ag\u00eancia iNFRA\"},\"image\":{\"@id\":\"https:\/\/agenciainfra.com\/blog\/#\/schema\/logo\/image\/\"},\"sameAs\":[\"https:\/\/www.facebook.com\/ageninfra\",\"https:\/\/x.com\/agencia_infra\",\"https:\/\/www.linkedin.com\/company\/ag\u00eanciainfra\/\",\"https:\/\/www.instagram.com\/agenciainfra\/\"]},{\"@type\":\"Person\",\"@id\":\"https:\/\/agenciainfra.com\/blog\/#\/schema\/person\/34af08dff6adea4cb22b06612ba7acfa\",\"name\":\"Ag\u00eancia iNFRA\",\"image\":{\"@type\":\"ImageObject\",\"inLanguage\":\"pt-BR\",\"@id\":\"https:\/\/agenciainfra.com\/blog\/#\/schema\/person\/image\/\",\"url\":\"https:\/\/secure.gravatar.com\/avatar\/d189e01678f06d8eb84d4e01f08eb848b3fffe3f8443818d3c356c66892f5be8?s=96&d=mm&r=g\",\"contentUrl\":\"https:\/\/secure.gravatar.com\/avatar\/d189e01678f06d8eb84d4e01f08eb848b3fffe3f8443818d3c356c66892f5be8?s=96&d=mm&r=g\",\"caption\":\"Ag\u00eancia iNFRA\"},\"url\":\"https:\/\/agenciainfra.com\/blog\/author\/admin\/\"}]}<\/script>\n<!-- \/ Yoast SEO Premium plugin. -->","yoast_head_json":{"title":"iNFRADebate: Brasil d\u00e1 passo importante para o desenvolvimento da economia do hidrog\u00eanio, mas tem janela de oportunidade curta de se posicionar de forma estrat\u00e9gica - Ag\u00eancia iNFRA","robots":{"index":"index","follow":"follow","max-snippet":"max-snippet:-1","max-image-preview":"max-image-preview:large","max-video-preview":"max-video-preview:-1"},"canonical":"https:\/\/agenciainfra.com\/blog\/infradebate-brasil-da-passo-importante-para-o-desenvolvimento-da-economia-do-hidrogenio-mas-tem-janela-de-oportunidade-curta-de-se-posicionar-de-forma-estrategica\/","og_locale":"pt_BR","og_type":"article","og_title":"iNFRADebate: Brasil d\u00e1 passo importante para o desenvolvimento da economia do hidrog\u00eanio, mas tem janela de oportunidade curta de se posicionar de forma estrat\u00e9gica","og_description":"Camila Ramos*, Mar\u00edlia Rabassa** e Luisa Valentim Barros*** A abertura na \u00faltima semana da consulta p\u00fablica e lan\u00e7amento do plano de trabalho trienal do PNH2 &#8211; Programa Nacional de Hidrog\u00eanio (2023-2025) pelo MME (Minist\u00e9rio de Minas e Energia) \u00e9 um passo muito importante na dire\u00e7\u00e3o do desenvolvimento de um mercado competitivo de hidrog\u00eanio no Brasil, [&hellip;]","og_url":"https:\/\/agenciainfra.com\/blog\/infradebate-brasil-da-passo-importante-para-o-desenvolvimento-da-economia-do-hidrogenio-mas-tem-janela-de-oportunidade-curta-de-se-posicionar-de-forma-estrategica\/","og_site_name":"Ag\u00eancia iNFRA","article_publisher":"https:\/\/www.facebook.com\/ageninfra","article_published_time":"2022-12-19T14:00:00+00:00","og_image":[{"width":1280,"height":885,"url":"https:\/\/agenciainfra.com\/blog\/wp-content\/uploads\/2022\/12\/camila-ramos-marilia-rabassa-luisa-valentim-barros-foto-divulgacao.png","type":"image\/png"}],"author":"Ag\u00eancia iNFRA","twitter_card":"summary_large_image","twitter_creator":"@agencia_infra","twitter_site":"@agencia_infra","twitter_misc":{"Escrito por":"Ag\u00eancia iNFRA","Est. tempo de leitura":"7 minutos"},"schema":{"@context":"https:\/\/schema.org","@graph":[{"@type":"Article","@id":"https:\/\/agenciainfra.com\/blog\/infradebate-brasil-da-passo-importante-para-o-desenvolvimento-da-economia-do-hidrogenio-mas-tem-janela-de-oportunidade-curta-de-se-posicionar-de-forma-estrategica\/#article","isPartOf":{"@id":"https:\/\/agenciainfra.com\/blog\/infradebate-brasil-da-passo-importante-para-o-desenvolvimento-da-economia-do-hidrogenio-mas-tem-janela-de-oportunidade-curta-de-se-posicionar-de-forma-estrategica\/"},"author":{"name":"Ag\u00eancia iNFRA","@id":"https:\/\/agenciainfra.com\/blog\/#\/schema\/person\/34af08dff6adea4cb22b06612ba7acfa"},"headline":"iNFRADebate: Brasil d\u00e1 passo importante para o desenvolvimento da economia do hidrog\u00eanio, mas tem janela de oportunidade curta de se posicionar de forma estrat\u00e9gica","datePublished":"2022-12-19T14:00:00+00:00","mainEntityOfPage":{"@id":"https:\/\/agenciainfra.com\/blog\/infradebate-brasil-da-passo-importante-para-o-desenvolvimento-da-economia-do-hidrogenio-mas-tem-janela-de-oportunidade-curta-de-se-posicionar-de-forma-estrategica\/"},"wordCount":1440,"publisher":{"@id":"https:\/\/agenciainfra.com\/blog\/#organization"},"image":{"@id":"https:\/\/agenciainfra.com\/blog\/infradebate-brasil-da-passo-importante-para-o-desenvolvimento-da-economia-do-hidrogenio-mas-tem-janela-de-oportunidade-curta-de-se-posicionar-de-forma-estrategica\/#primaryimage"},"thumbnailUrl":"https:\/\/agenciainfra.com\/blog\/wp-content\/uploads\/2022\/12\/camila-ramos-marilia-rabassa-luisa-valentim-barros-foto-divulgacao.png","keywords":["ANEEL","Camila Ramos","Descarboniza\u00e7\u00e3o","fontes renov\u00e1veis","hidrog\u00eanio","hidrog\u00eanio verde","Luisa Valentim Barros","Mar\u00edlia Rabassa","Minist\u00e9rio de Minas e Energia","Programa Nacional de Hidrog\u00eanio","transi\u00e7\u00e3o energ\u00e9tica"],"articleSection":["Geral","iNFRADebate"],"inLanguage":"pt-BR","copyrightYear":"2022","copyrightHolder":{"@id":"https:\/\/agenciainfra.com\/blog\/#organization"}},{"@type":"WebPage","@id":"https:\/\/agenciainfra.com\/blog\/infradebate-brasil-da-passo-importante-para-o-desenvolvimento-da-economia-do-hidrogenio-mas-tem-janela-de-oportunidade-curta-de-se-posicionar-de-forma-estrategica\/","url":"https:\/\/agenciainfra.com\/blog\/infradebate-brasil-da-passo-importante-para-o-desenvolvimento-da-economia-do-hidrogenio-mas-tem-janela-de-oportunidade-curta-de-se-posicionar-de-forma-estrategica\/","name":"iNFRADebate: Brasil d\u00e1 passo importante para o desenvolvimento da economia do hidrog\u00eanio, mas tem janela de oportunidade curta de se posicionar de forma estrat\u00e9gica - Ag\u00eancia iNFRA","isPartOf":{"@id":"https:\/\/agenciainfra.com\/blog\/#website"},"primaryImageOfPage":{"@id":"https:\/\/agenciainfra.com\/blog\/infradebate-brasil-da-passo-importante-para-o-desenvolvimento-da-economia-do-hidrogenio-mas-tem-janela-de-oportunidade-curta-de-se-posicionar-de-forma-estrategica\/#primaryimage"},"image":{"@id":"https:\/\/agenciainfra.com\/blog\/infradebate-brasil-da-passo-importante-para-o-desenvolvimento-da-economia-do-hidrogenio-mas-tem-janela-de-oportunidade-curta-de-se-posicionar-de-forma-estrategica\/#primaryimage"},"thumbnailUrl":"https:\/\/agenciainfra.com\/blog\/wp-content\/uploads\/2022\/12\/camila-ramos-marilia-rabassa-luisa-valentim-barros-foto-divulgacao.png","datePublished":"2022-12-19T14:00:00+00:00","breadcrumb":{"@id":"https:\/\/agenciainfra.com\/blog\/infradebate-brasil-da-passo-importante-para-o-desenvolvimento-da-economia-do-hidrogenio-mas-tem-janela-de-oportunidade-curta-de-se-posicionar-de-forma-estrategica\/#breadcrumb"},"inLanguage":"pt-BR","potentialAction":[{"@type":"ReadAction","target":["https:\/\/agenciainfra.com\/blog\/infradebate-brasil-da-passo-importante-para-o-desenvolvimento-da-economia-do-hidrogenio-mas-tem-janela-de-oportunidade-curta-de-se-posicionar-de-forma-estrategica\/"]}]},{"@type":"ImageObject","inLanguage":"pt-BR","@id":"https:\/\/agenciainfra.com\/blog\/infradebate-brasil-da-passo-importante-para-o-desenvolvimento-da-economia-do-hidrogenio-mas-tem-janela-de-oportunidade-curta-de-se-posicionar-de-forma-estrategica\/#primaryimage","url":"https:\/\/agenciainfra.com\/blog\/wp-content\/uploads\/2022\/12\/camila-ramos-marilia-rabassa-luisa-valentim-barros-foto-divulgacao.png","contentUrl":"https:\/\/agenciainfra.com\/blog\/wp-content\/uploads\/2022\/12\/camila-ramos-marilia-rabassa-luisa-valentim-barros-foto-divulgacao.png","width":1280,"height":885},{"@type":"BreadcrumbList","@id":"https:\/\/agenciainfra.com\/blog\/infradebate-brasil-da-passo-importante-para-o-desenvolvimento-da-economia-do-hidrogenio-mas-tem-janela-de-oportunidade-curta-de-se-posicionar-de-forma-estrategica\/#breadcrumb","itemListElement":[{"@type":"ListItem","position":1,"name":"In\u00edcio","item":"https:\/\/agenciainfra.com\/blog\/"},{"@type":"ListItem","position":2,"name":"iNFRADebate: Brasil d\u00e1 passo importante para o desenvolvimento da economia do hidrog\u00eanio, mas tem janela de oportunidade curta de se posicionar de forma estrat\u00e9gica"}]},{"@type":"WebSite","@id":"https:\/\/agenciainfra.com\/blog\/#website","url":"https:\/\/agenciainfra.com\/blog\/","name":"Ag\u00eancia iNFRA","description":"Multiplataforma de informa\u00e7\u00e3o jornal\u00edstica refer\u00eancia na \u00e1rea de infraestrutura no Brasil!","publisher":{"@id":"https:\/\/agenciainfra.com\/blog\/#organization"},"potentialAction":[{"@type":"SearchAction","target":{"@type":"EntryPoint","urlTemplate":"https:\/\/agenciainfra.com\/blog\/?s={search_term_string}"},"query-input":{"@type":"PropertyValueSpecification","valueRequired":true,"valueName":"search_term_string"}}],"inLanguage":"pt-BR"},{"@type":"Organization","@id":"https:\/\/agenciainfra.com\/blog\/#organization","name":"Ag\u00eancia iNFRA","url":"https:\/\/agenciainfra.com\/blog\/","logo":{"@type":"ImageObject","inLanguage":"pt-BR","@id":"https:\/\/agenciainfra.com\/blog\/#\/schema\/logo\/image\/","url":"https:\/\/agenciainfra.com\/blog\/wp-content\/uploads\/2023\/09\/iNFRA_5-e1761735885940.png","contentUrl":"https:\/\/agenciainfra.com\/blog\/wp-content\/uploads\/2023\/09\/iNFRA_5-e1761735885940.png","width":1672,"height":454,"caption":"Ag\u00eancia iNFRA"},"image":{"@id":"https:\/\/agenciainfra.com\/blog\/#\/schema\/logo\/image\/"},"sameAs":["https:\/\/www.facebook.com\/ageninfra","https:\/\/x.com\/agencia_infra","https:\/\/www.linkedin.com\/company\/ag\u00eanciainfra\/","https:\/\/www.instagram.com\/agenciainfra\/"]},{"@type":"Person","@id":"https:\/\/agenciainfra.com\/blog\/#\/schema\/person\/34af08dff6adea4cb22b06612ba7acfa","name":"Ag\u00eancia iNFRA","image":{"@type":"ImageObject","inLanguage":"pt-BR","@id":"https:\/\/agenciainfra.com\/blog\/#\/schema\/person\/image\/","url":"https:\/\/secure.gravatar.com\/avatar\/d189e01678f06d8eb84d4e01f08eb848b3fffe3f8443818d3c356c66892f5be8?s=96&d=mm&r=g","contentUrl":"https:\/\/secure.gravatar.com\/avatar\/d189e01678f06d8eb84d4e01f08eb848b3fffe3f8443818d3c356c66892f5be8?s=96&d=mm&r=g","caption":"Ag\u00eancia iNFRA"},"url":"https:\/\/agenciainfra.com\/blog\/author\/admin\/"}]}},"_links":{"self":[{"href":"https:\/\/agenciainfra.com\/blog\/wp-json\/wp\/v2\/posts\/11906","targetHints":{"allow":["GET"]}}],"collection":[{"href":"https:\/\/agenciainfra.com\/blog\/wp-json\/wp\/v2\/posts"}],"about":[{"href":"https:\/\/agenciainfra.com\/blog\/wp-json\/wp\/v2\/types\/post"}],"author":[{"embeddable":true,"href":"https:\/\/agenciainfra.com\/blog\/wp-json\/wp\/v2\/users\/1"}],"replies":[{"embeddable":true,"href":"https:\/\/agenciainfra.com\/blog\/wp-json\/wp\/v2\/comments?post=11906"}],"version-history":[{"count":0,"href":"https:\/\/agenciainfra.com\/blog\/wp-json\/wp\/v2\/posts\/11906\/revisions"}],"wp:featuredmedia":[{"embeddable":true,"href":"https:\/\/agenciainfra.com\/blog\/wp-json\/wp\/v2\/media\/11916"}],"wp:attachment":[{"href":"https:\/\/agenciainfra.com\/blog\/wp-json\/wp\/v2\/media?parent=11906"}],"wp:term":[{"taxonomy":"category","embeddable":true,"href":"https:\/\/agenciainfra.com\/blog\/wp-json\/wp\/v2\/categories?post=11906"},{"taxonomy":"post_tag","embeddable":true,"href":"https:\/\/agenciainfra.com\/blog\/wp-json\/wp\/v2\/tags?post=11906"}],"curies":[{"name":"wp","href":"https:\/\/api.w.org\/{rel}","templated":true}]}}