{"id":11921,"date":"2022-12-20T11:00:00","date_gmt":"2022-12-20T14:00:00","guid":{"rendered":"https:\/\/www.agenciainfra.com\/blog\/?p=11921"},"modified":"2022-12-20T10:41:02","modified_gmt":"2022-12-20T13:41:02","slug":"infradebate-areas-de-risco-e-as-chuvas-do-final-de-ano-e-preciso-agir-antes-que-elas-cheguem","status":"publish","type":"post","link":"https:\/\/agenciainfra.com\/blog\/infradebate-areas-de-risco-e-as-chuvas-do-final-de-ano-e-preciso-agir-antes-que-elas-cheguem\/","title":{"rendered":"iNFRADebate: \u00c1reas de risco e as chuvas do final de ano \u2013\u00a0\u00e9 preciso agir antes que elas cheguem"},"content":{"rendered":"\n<p class=\"has-text-align-right\"><strong>Denis Suzuki*<\/strong><\/p>\n\n\n\n<p>Os per\u00edodos de chuvas intensas do final do ano se aproximam e com elas a preocupa\u00e7\u00e3o com enchentes, inunda\u00e7\u00f5es e deslizamentos de terras tamb\u00e9m, isso porque nestes per\u00edodos costumam acontecer instabilidades de taludes. Mas, enquanto elas ainda n\u00e3o chegam, \u00e9 preciso agir.<\/p>\n\n\n\n<p>Segundo as informa\u00e7\u00f5es do Inmet (Instituto Nacional de Meteorologia), as previs\u00f5es clim\u00e1ticas indicam que, entre dezembro deste ano e janeiro de 2023, os temporais podem ficar pr\u00f3ximos ou acima da m\u00e9dia no Norte, Sudeste e Centro-Oeste do Brasil. O que acende um verdadeiro sinal amarelo para essas regi\u00f5es que todos os anos acabam sofrendo muito com os desastres causados pelos per\u00edodos de p\u00e9 d&#8217;\u00e1gua em abund\u00e2ncia.<\/p>\n\n\n\n<p>Um exemplo do que pode estar por vir s\u00e3o as chuvas que ocorreram no final de novembro na rodovia BR-376 pr\u00f3ximo a divisa do Paran\u00e1 com Santa Catarina, onde o temporal at\u00edpico, chegou a um acumulado de cerca de 300mm nas \u00faltimas 72 horas que antecederam as ocorr\u00eancias, ocasionando quedas de barreira e dezenas de deslizamentos ao longo da rodovia com ao menos duas v\u00edtimas fatais. J\u00e1 na Bahia, foi registrado o transbordamento de uma barragem no munic\u00edpio de Wenceslau Guimar\u00e3es, alagando diversos bairros e atingindo mais de 30 casas, isso porque nem iniciamos o ver\u00e3o, per\u00edodo em que s\u00e3o esperadas as chuvas mais intensas.<\/p>\n\n\n\n<p>Para se ter uma ideia do tamanho do problema, de acordo com um levantamento da CNM (Confedera\u00e7\u00e3o Nacional de Munic\u00edpios) em junho deste ano, com base nos dados das defesas civis municipais, 457 pessoas morreram por causa do aguaceiro em regi\u00f5es de \u00e1reas de riscos. Esse total de \u00f3bitos representa um aumento de 57% em rela\u00e7\u00e3o a 2021, quando o n\u00famero de mortos pelas tempestades no ano todo foi de 290 pessoas.<\/p>\n\n\n\n<p>Infelizmente, ap\u00f3s enchentes hist\u00f3ricas neste ano e grandes desastres que marcaram o pa\u00eds, a verba proposta pelo MDR (Minist\u00e9rio do Desenvolvimento Regional) para o pr\u00f3ximo ano \u00e9 de apenas R$ 2,7 milh\u00f5es, a menor para esse tipo de obra desde a cria\u00e7\u00e3o da rubrica, em 2012. Outro exemplo absurdo, \u00e9 o que foi revelado sobre os dados de preven\u00e7\u00e3o no Rio Grande do Norte: um or\u00e7amento que prev\u00ea apenas R$ 25 mil para 2023 em &#8220;apoio a obras emergenciais de mitiga\u00e7\u00e3o para redu\u00e7\u00e3o de desastres&#8221;. O que revela um verdadeiro descaso com a popula\u00e7\u00e3o.<\/p>\n\n\n\n<p>O mapeamento e a classifica\u00e7\u00e3o dessas \u00e1reas de risco, tendo como base crit\u00e9rios t\u00e9cnicos, \u00e9 um primeiro passo no que pode ser feito para minimizar o n\u00famero de mortes nessas regi\u00f5es, uma vez que a realiza\u00e7\u00e3o desses estudos permite avaliar quais \u00e1reas necessitam de interven\u00e7\u00f5es imediatas, as poss\u00edveis alternativas e os n\u00edveis de investimento, informa\u00e7\u00f5es essas que poderiam auxiliar na revis\u00e3o do Plano Diretor que beneficie as popula\u00e7\u00f5es situadas nessas \u00e1reas.<\/p>\n\n\n\n<p>\u00c9 importante destacar que a engenharia disp\u00f5e de ferramentas e tecnologia que podem ser aplicadas em \u00e1reas de deslizamento. A implanta\u00e7\u00e3o de instrumentos e o monitoramento que se faz a partir das leituras desses equipamentos \u00e9 uma pr\u00e1tica usual que se faz nas principais obras de engenharia, como t\u00faneis, barragens, aterros, edifica\u00e7\u00f5es etc., e permitem monitorar o comportamento do solo e alertar antecipadamente a ocorr\u00eancia de deslizamentos, de modo que a popula\u00e7\u00e3o residente nestes locais possa ser retirada de suas resid\u00eancias antes que a trag\u00e9dia venha a ocorrer.\u00a0\u00a0<\/p>\n\n\n\n<p>O que falta para isso ser implementado de forma mais ampla \u00e9 exist\u00eancia de uma legisla\u00e7\u00e3o espec\u00edfica e direcionada para essa popula\u00e7\u00e3o, a falta de incentivos fiscais e pol\u00edticas p\u00fablicas que possibilitem tornar essas solu\u00e7\u00f5es mais acess\u00edveis e difundidas.&nbsp;<\/p>\n\n\n\n<p>A mobiliza\u00e7\u00e3o das esferas p\u00fablicas e privadas para erradicar o problema \u00e9 de suma import\u00e2ncia para alterarmos este cen\u00e1rio, possibilitando salvar mais vidas durante os per\u00edodos mais cr\u00edticos de chuvas no pa\u00eds. O Brasil tem um clima muito inconstante, e pensar na preven\u00e7\u00e3o de \u00e1reas de risco antecipadamente \u00e9 de extrema import\u00e2ncia, j\u00e1 que no per\u00edodo de estiagem \u00e9 o tempo que se tem para que as a\u00e7\u00f5es estruturais e de preven\u00e7\u00e3o sejam implantadas para estarem operacionais durante o per\u00edodo chuvoso e de maior risco.<\/p>\n\n\n\n<h6 class=\"wp-block-heading\" id=\"block-aa9ff8cf-f9c2-435f-85ff-56a599c37bc9\"><strong>*Denis Suzuki \u00e9 s\u00f3cio da MMF Projetos, engenheiro civil pela Escola Polit\u00e9cnica da USP (Universidade de S\u00e3o Paulo), mestre em geotecnia pela Universidade de S\u00e3o Paulo, especialista em monitoramento e instrumenta\u00e7\u00e3o de obras e ensaios geot\u00e9cnicos de campo.<\/strong><\/h6>\n\n\n\n<h5 class=\"wp-block-heading\" id=\"block-d67878ff-7627-4f15-b175-8f58269174ff\">O iNFRADebate \u00e9 o espa\u00e7o de artigos da Ag\u00eancia iNFRA com opini\u00f5es de seus atores que n\u00e3o refletem necessariamente o pensamento da Ag\u00eancia iNFRA, sendo de total responsabilidade do autor as informa\u00e7\u00f5es, ju\u00edzos de valor e conceitos descritos no texto.<\/h5>\n","protected":false},"excerpt":{"rendered":"<p>Denis Suzuki* Os per\u00edodos de chuvas intensas do final do ano se aproximam e com elas a preocupa\u00e7\u00e3o com enchentes, inunda\u00e7\u00f5es e deslizamentos de terras tamb\u00e9m, isso porque nestes per\u00edodos costumam acontecer instabilidades de taludes. Mas, enquanto elas ainda n\u00e3o chegam, \u00e9 preciso agir. Segundo as informa\u00e7\u00f5es do Inmet (Instituto Nacional de Meteorologia), as previs\u00f5es [&hellip;]<\/p>\n","protected":false},"author":1,"featured_media":11922,"comment_status":"closed","ping_status":"closed","sticky":false,"template":"","format":"standard","meta":{"_monsterinsights_skip_tracking":false,"_monsterinsights_sitenote_active":false,"_monsterinsights_sitenote_note":"","_monsterinsights_sitenote_category":0,"footnotes":""},"categories":[1,11],"tags":[6222,6223,6217,6219,6218,6221,6220,760],"class_list":["post-11921","post","type-post","status-publish","format-standard","has-post-thumbnail","hentry","category-geral","category-infradebate","tag-br-376","tag-confederacao-nacional-de-municipios","tag-denis-suzuki","tag-deslizamentos","tag-enchentes","tag-inmet","tag-inundacoes","tag-ministerio-do-desenvolvimento-regional"],"yoast_head":"<!-- This site is optimized with the Yoast SEO Premium plugin v25.4 (Yoast SEO v26.0) - https:\/\/yoast.com\/wordpress\/plugins\/seo\/ -->\n<title>iNFRADebate: \u00c1reas de risco e as chuvas do final de ano \u2013\u00a0\u00e9 preciso agir antes que elas cheguem - Ag\u00eancia iNFRA<\/title>\n<meta name=\"robots\" content=\"index, follow, max-snippet:-1, max-image-preview:large, max-video-preview:-1\" \/>\n<link rel=\"canonical\" href=\"https:\/\/agenciainfra.com\/blog\/infradebate-areas-de-risco-e-as-chuvas-do-final-de-ano-e-preciso-agir-antes-que-elas-cheguem\/\" \/>\n<meta property=\"og:locale\" content=\"pt_BR\" \/>\n<meta property=\"og:type\" content=\"article\" \/>\n<meta property=\"og:title\" content=\"iNFRADebate: \u00c1reas de risco e as chuvas do final de ano \u2013\u00a0\u00e9 preciso agir antes que elas cheguem\" \/>\n<meta property=\"og:description\" content=\"Denis Suzuki* Os per\u00edodos de chuvas intensas do final do ano se aproximam e com elas a preocupa\u00e7\u00e3o com enchentes, inunda\u00e7\u00f5es e deslizamentos de terras tamb\u00e9m, isso porque nestes per\u00edodos costumam acontecer instabilidades de taludes. Mas, enquanto elas ainda n\u00e3o chegam, \u00e9 preciso agir. Segundo as informa\u00e7\u00f5es do Inmet (Instituto Nacional de Meteorologia), as previs\u00f5es [&hellip;]\" \/>\n<meta property=\"og:url\" content=\"https:\/\/agenciainfra.com\/blog\/infradebate-areas-de-risco-e-as-chuvas-do-final-de-ano-e-preciso-agir-antes-que-elas-cheguem\/\" \/>\n<meta property=\"og:site_name\" content=\"Ag\u00eancia iNFRA\" \/>\n<meta property=\"article:publisher\" content=\"https:\/\/www.facebook.com\/ageninfra\" \/>\n<meta property=\"article:published_time\" content=\"2022-12-20T14:00:00+00:00\" \/>\n<meta property=\"og:image\" content=\"https:\/\/agenciainfra.com\/blog\/wp-content\/uploads\/2022\/12\/denis-suzuki-foto-divulgacao.png\" \/>\n\t<meta property=\"og:image:width\" content=\"1280\" \/>\n\t<meta property=\"og:image:height\" content=\"757\" \/>\n\t<meta property=\"og:image:type\" content=\"image\/png\" \/>\n<meta name=\"author\" content=\"Ag\u00eancia iNFRA\" \/>\n<meta name=\"twitter:card\" content=\"summary_large_image\" \/>\n<meta name=\"twitter:creator\" content=\"@agencia_infra\" \/>\n<meta name=\"twitter:site\" content=\"@agencia_infra\" \/>\n<meta name=\"twitter:label1\" content=\"Escrito por\" \/>\n\t<meta name=\"twitter:data1\" content=\"Ag\u00eancia iNFRA\" \/>\n\t<meta name=\"twitter:label2\" content=\"Est. tempo de leitura\" \/>\n\t<meta name=\"twitter:data2\" content=\"4 minutos\" \/>\n<script type=\"application\/ld+json\" class=\"yoast-schema-graph\">{\"@context\":\"https:\/\/schema.org\",\"@graph\":[{\"@type\":\"Article\",\"@id\":\"https:\/\/agenciainfra.com\/blog\/infradebate-areas-de-risco-e-as-chuvas-do-final-de-ano-e-preciso-agir-antes-que-elas-cheguem\/#article\",\"isPartOf\":{\"@id\":\"https:\/\/agenciainfra.com\/blog\/infradebate-areas-de-risco-e-as-chuvas-do-final-de-ano-e-preciso-agir-antes-que-elas-cheguem\/\"},\"author\":{\"name\":\"Ag\u00eancia iNFRA\",\"@id\":\"https:\/\/agenciainfra.com\/blog\/#\/schema\/person\/34af08dff6adea4cb22b06612ba7acfa\"},\"headline\":\"iNFRADebate: \u00c1reas de risco e as chuvas do final de ano \u2013\u00a0\u00e9 preciso agir antes que elas cheguem\",\"datePublished\":\"2022-12-20T14:00:00+00:00\",\"mainEntityOfPage\":{\"@id\":\"https:\/\/agenciainfra.com\/blog\/infradebate-areas-de-risco-e-as-chuvas-do-final-de-ano-e-preciso-agir-antes-que-elas-cheguem\/\"},\"wordCount\":834,\"publisher\":{\"@id\":\"https:\/\/agenciainfra.com\/blog\/#organization\"},\"image\":{\"@id\":\"https:\/\/agenciainfra.com\/blog\/infradebate-areas-de-risco-e-as-chuvas-do-final-de-ano-e-preciso-agir-antes-que-elas-cheguem\/#primaryimage\"},\"thumbnailUrl\":\"https:\/\/agenciainfra.com\/blog\/wp-content\/uploads\/2022\/12\/denis-suzuki-foto-divulgacao.png\",\"keywords\":[\"BR-376\",\"Confedera\u00e7\u00e3o Nacional de Munic\u00edpios\",\"Denis Suzuki\",\"deslizamentos\",\"enchentes\",\"Inmet\",\"inunda\u00e7\u00f5es\",\"Minist\u00e9rio do Desenvolvimento Regional\"],\"articleSection\":[\"Geral\",\"iNFRADebate\"],\"inLanguage\":\"pt-BR\",\"copyrightYear\":\"2022\",\"copyrightHolder\":{\"@id\":\"https:\/\/agenciainfra.com\/blog\/#organization\"}},{\"@type\":\"WebPage\",\"@id\":\"https:\/\/agenciainfra.com\/blog\/infradebate-areas-de-risco-e-as-chuvas-do-final-de-ano-e-preciso-agir-antes-que-elas-cheguem\/\",\"url\":\"https:\/\/agenciainfra.com\/blog\/infradebate-areas-de-risco-e-as-chuvas-do-final-de-ano-e-preciso-agir-antes-que-elas-cheguem\/\",\"name\":\"iNFRADebate: \u00c1reas de risco e as chuvas do final de ano \u2013\u00a0\u00e9 preciso agir antes que elas cheguem - Ag\u00eancia iNFRA\",\"isPartOf\":{\"@id\":\"https:\/\/agenciainfra.com\/blog\/#website\"},\"primaryImageOfPage\":{\"@id\":\"https:\/\/agenciainfra.com\/blog\/infradebate-areas-de-risco-e-as-chuvas-do-final-de-ano-e-preciso-agir-antes-que-elas-cheguem\/#primaryimage\"},\"image\":{\"@id\":\"https:\/\/agenciainfra.com\/blog\/infradebate-areas-de-risco-e-as-chuvas-do-final-de-ano-e-preciso-agir-antes-que-elas-cheguem\/#primaryimage\"},\"thumbnailUrl\":\"https:\/\/agenciainfra.com\/blog\/wp-content\/uploads\/2022\/12\/denis-suzuki-foto-divulgacao.png\",\"datePublished\":\"2022-12-20T14:00:00+00:00\",\"breadcrumb\":{\"@id\":\"https:\/\/agenciainfra.com\/blog\/infradebate-areas-de-risco-e-as-chuvas-do-final-de-ano-e-preciso-agir-antes-que-elas-cheguem\/#breadcrumb\"},\"inLanguage\":\"pt-BR\",\"potentialAction\":[{\"@type\":\"ReadAction\",\"target\":[\"https:\/\/agenciainfra.com\/blog\/infradebate-areas-de-risco-e-as-chuvas-do-final-de-ano-e-preciso-agir-antes-que-elas-cheguem\/\"]}]},{\"@type\":\"ImageObject\",\"inLanguage\":\"pt-BR\",\"@id\":\"https:\/\/agenciainfra.com\/blog\/infradebate-areas-de-risco-e-as-chuvas-do-final-de-ano-e-preciso-agir-antes-que-elas-cheguem\/#primaryimage\",\"url\":\"https:\/\/agenciainfra.com\/blog\/wp-content\/uploads\/2022\/12\/denis-suzuki-foto-divulgacao.png\",\"contentUrl\":\"https:\/\/agenciainfra.com\/blog\/wp-content\/uploads\/2022\/12\/denis-suzuki-foto-divulgacao.png\",\"width\":1280,\"height\":757},{\"@type\":\"BreadcrumbList\",\"@id\":\"https:\/\/agenciainfra.com\/blog\/infradebate-areas-de-risco-e-as-chuvas-do-final-de-ano-e-preciso-agir-antes-que-elas-cheguem\/#breadcrumb\",\"itemListElement\":[{\"@type\":\"ListItem\",\"position\":1,\"name\":\"In\u00edcio\",\"item\":\"https:\/\/agenciainfra.com\/blog\/\"},{\"@type\":\"ListItem\",\"position\":2,\"name\":\"iNFRADebate: \u00c1reas de risco e as chuvas do final de ano \u2013\u00a0\u00e9 preciso agir antes que elas cheguem\"}]},{\"@type\":\"WebSite\",\"@id\":\"https:\/\/agenciainfra.com\/blog\/#website\",\"url\":\"https:\/\/agenciainfra.com\/blog\/\",\"name\":\"Ag\u00eancia iNFRA\",\"description\":\"Multiplataforma de informa\u00e7\u00e3o jornal\u00edstica refer\u00eancia na \u00e1rea de infraestrutura no Brasil!\",\"publisher\":{\"@id\":\"https:\/\/agenciainfra.com\/blog\/#organization\"},\"potentialAction\":[{\"@type\":\"SearchAction\",\"target\":{\"@type\":\"EntryPoint\",\"urlTemplate\":\"https:\/\/agenciainfra.com\/blog\/?s={search_term_string}\"},\"query-input\":{\"@type\":\"PropertyValueSpecification\",\"valueRequired\":true,\"valueName\":\"search_term_string\"}}],\"inLanguage\":\"pt-BR\"},{\"@type\":\"Organization\",\"@id\":\"https:\/\/agenciainfra.com\/blog\/#organization\",\"name\":\"Ag\u00eancia iNFRA\",\"url\":\"https:\/\/agenciainfra.com\/blog\/\",\"logo\":{\"@type\":\"ImageObject\",\"inLanguage\":\"pt-BR\",\"@id\":\"https:\/\/agenciainfra.com\/blog\/#\/schema\/logo\/image\/\",\"url\":\"https:\/\/agenciainfra.com\/blog\/wp-content\/uploads\/2023\/09\/iNFRA_5-e1761735885940.png\",\"contentUrl\":\"https:\/\/agenciainfra.com\/blog\/wp-content\/uploads\/2023\/09\/iNFRA_5-e1761735885940.png\",\"width\":1672,\"height\":454,\"caption\":\"Ag\u00eancia iNFRA\"},\"image\":{\"@id\":\"https:\/\/agenciainfra.com\/blog\/#\/schema\/logo\/image\/\"},\"sameAs\":[\"https:\/\/www.facebook.com\/ageninfra\",\"https:\/\/x.com\/agencia_infra\",\"https:\/\/www.linkedin.com\/company\/ag\u00eanciainfra\/\",\"https:\/\/www.instagram.com\/agenciainfra\/\"]},{\"@type\":\"Person\",\"@id\":\"https:\/\/agenciainfra.com\/blog\/#\/schema\/person\/34af08dff6adea4cb22b06612ba7acfa\",\"name\":\"Ag\u00eancia iNFRA\",\"image\":{\"@type\":\"ImageObject\",\"inLanguage\":\"pt-BR\",\"@id\":\"https:\/\/agenciainfra.com\/blog\/#\/schema\/person\/image\/\",\"url\":\"https:\/\/secure.gravatar.com\/avatar\/d189e01678f06d8eb84d4e01f08eb848b3fffe3f8443818d3c356c66892f5be8?s=96&d=mm&r=g\",\"contentUrl\":\"https:\/\/secure.gravatar.com\/avatar\/d189e01678f06d8eb84d4e01f08eb848b3fffe3f8443818d3c356c66892f5be8?s=96&d=mm&r=g\",\"caption\":\"Ag\u00eancia iNFRA\"},\"url\":\"https:\/\/agenciainfra.com\/blog\/author\/admin\/\"}]}<\/script>\n<!-- \/ Yoast SEO Premium plugin. -->","yoast_head_json":{"title":"iNFRADebate: \u00c1reas de risco e as chuvas do final de ano \u2013\u00a0\u00e9 preciso agir antes que elas cheguem - Ag\u00eancia iNFRA","robots":{"index":"index","follow":"follow","max-snippet":"max-snippet:-1","max-image-preview":"max-image-preview:large","max-video-preview":"max-video-preview:-1"},"canonical":"https:\/\/agenciainfra.com\/blog\/infradebate-areas-de-risco-e-as-chuvas-do-final-de-ano-e-preciso-agir-antes-que-elas-cheguem\/","og_locale":"pt_BR","og_type":"article","og_title":"iNFRADebate: \u00c1reas de risco e as chuvas do final de ano \u2013\u00a0\u00e9 preciso agir antes que elas cheguem","og_description":"Denis Suzuki* Os per\u00edodos de chuvas intensas do final do ano se aproximam e com elas a preocupa\u00e7\u00e3o com enchentes, inunda\u00e7\u00f5es e deslizamentos de terras tamb\u00e9m, isso porque nestes per\u00edodos costumam acontecer instabilidades de taludes. Mas, enquanto elas ainda n\u00e3o chegam, \u00e9 preciso agir. Segundo as informa\u00e7\u00f5es do Inmet (Instituto Nacional de Meteorologia), as previs\u00f5es [&hellip;]","og_url":"https:\/\/agenciainfra.com\/blog\/infradebate-areas-de-risco-e-as-chuvas-do-final-de-ano-e-preciso-agir-antes-que-elas-cheguem\/","og_site_name":"Ag\u00eancia iNFRA","article_publisher":"https:\/\/www.facebook.com\/ageninfra","article_published_time":"2022-12-20T14:00:00+00:00","og_image":[{"width":1280,"height":757,"url":"https:\/\/agenciainfra.com\/blog\/wp-content\/uploads\/2022\/12\/denis-suzuki-foto-divulgacao.png","type":"image\/png"}],"author":"Ag\u00eancia iNFRA","twitter_card":"summary_large_image","twitter_creator":"@agencia_infra","twitter_site":"@agencia_infra","twitter_misc":{"Escrito por":"Ag\u00eancia iNFRA","Est. tempo de leitura":"4 minutos"},"schema":{"@context":"https:\/\/schema.org","@graph":[{"@type":"Article","@id":"https:\/\/agenciainfra.com\/blog\/infradebate-areas-de-risco-e-as-chuvas-do-final-de-ano-e-preciso-agir-antes-que-elas-cheguem\/#article","isPartOf":{"@id":"https:\/\/agenciainfra.com\/blog\/infradebate-areas-de-risco-e-as-chuvas-do-final-de-ano-e-preciso-agir-antes-que-elas-cheguem\/"},"author":{"name":"Ag\u00eancia iNFRA","@id":"https:\/\/agenciainfra.com\/blog\/#\/schema\/person\/34af08dff6adea4cb22b06612ba7acfa"},"headline":"iNFRADebate: \u00c1reas de risco e as chuvas do final de ano \u2013\u00a0\u00e9 preciso agir antes que elas cheguem","datePublished":"2022-12-20T14:00:00+00:00","mainEntityOfPage":{"@id":"https:\/\/agenciainfra.com\/blog\/infradebate-areas-de-risco-e-as-chuvas-do-final-de-ano-e-preciso-agir-antes-que-elas-cheguem\/"},"wordCount":834,"publisher":{"@id":"https:\/\/agenciainfra.com\/blog\/#organization"},"image":{"@id":"https:\/\/agenciainfra.com\/blog\/infradebate-areas-de-risco-e-as-chuvas-do-final-de-ano-e-preciso-agir-antes-que-elas-cheguem\/#primaryimage"},"thumbnailUrl":"https:\/\/agenciainfra.com\/blog\/wp-content\/uploads\/2022\/12\/denis-suzuki-foto-divulgacao.png","keywords":["BR-376","Confedera\u00e7\u00e3o Nacional de Munic\u00edpios","Denis Suzuki","deslizamentos","enchentes","Inmet","inunda\u00e7\u00f5es","Minist\u00e9rio do Desenvolvimento Regional"],"articleSection":["Geral","iNFRADebate"],"inLanguage":"pt-BR","copyrightYear":"2022","copyrightHolder":{"@id":"https:\/\/agenciainfra.com\/blog\/#organization"}},{"@type":"WebPage","@id":"https:\/\/agenciainfra.com\/blog\/infradebate-areas-de-risco-e-as-chuvas-do-final-de-ano-e-preciso-agir-antes-que-elas-cheguem\/","url":"https:\/\/agenciainfra.com\/blog\/infradebate-areas-de-risco-e-as-chuvas-do-final-de-ano-e-preciso-agir-antes-que-elas-cheguem\/","name":"iNFRADebate: \u00c1reas de risco e as chuvas do final de ano \u2013\u00a0\u00e9 preciso agir antes que elas cheguem - Ag\u00eancia iNFRA","isPartOf":{"@id":"https:\/\/agenciainfra.com\/blog\/#website"},"primaryImageOfPage":{"@id":"https:\/\/agenciainfra.com\/blog\/infradebate-areas-de-risco-e-as-chuvas-do-final-de-ano-e-preciso-agir-antes-que-elas-cheguem\/#primaryimage"},"image":{"@id":"https:\/\/agenciainfra.com\/blog\/infradebate-areas-de-risco-e-as-chuvas-do-final-de-ano-e-preciso-agir-antes-que-elas-cheguem\/#primaryimage"},"thumbnailUrl":"https:\/\/agenciainfra.com\/blog\/wp-content\/uploads\/2022\/12\/denis-suzuki-foto-divulgacao.png","datePublished":"2022-12-20T14:00:00+00:00","breadcrumb":{"@id":"https:\/\/agenciainfra.com\/blog\/infradebate-areas-de-risco-e-as-chuvas-do-final-de-ano-e-preciso-agir-antes-que-elas-cheguem\/#breadcrumb"},"inLanguage":"pt-BR","potentialAction":[{"@type":"ReadAction","target":["https:\/\/agenciainfra.com\/blog\/infradebate-areas-de-risco-e-as-chuvas-do-final-de-ano-e-preciso-agir-antes-que-elas-cheguem\/"]}]},{"@type":"ImageObject","inLanguage":"pt-BR","@id":"https:\/\/agenciainfra.com\/blog\/infradebate-areas-de-risco-e-as-chuvas-do-final-de-ano-e-preciso-agir-antes-que-elas-cheguem\/#primaryimage","url":"https:\/\/agenciainfra.com\/blog\/wp-content\/uploads\/2022\/12\/denis-suzuki-foto-divulgacao.png","contentUrl":"https:\/\/agenciainfra.com\/blog\/wp-content\/uploads\/2022\/12\/denis-suzuki-foto-divulgacao.png","width":1280,"height":757},{"@type":"BreadcrumbList","@id":"https:\/\/agenciainfra.com\/blog\/infradebate-areas-de-risco-e-as-chuvas-do-final-de-ano-e-preciso-agir-antes-que-elas-cheguem\/#breadcrumb","itemListElement":[{"@type":"ListItem","position":1,"name":"In\u00edcio","item":"https:\/\/agenciainfra.com\/blog\/"},{"@type":"ListItem","position":2,"name":"iNFRADebate: \u00c1reas de risco e as chuvas do final de ano \u2013\u00a0\u00e9 preciso agir antes que elas cheguem"}]},{"@type":"WebSite","@id":"https:\/\/agenciainfra.com\/blog\/#website","url":"https:\/\/agenciainfra.com\/blog\/","name":"Ag\u00eancia iNFRA","description":"Multiplataforma de informa\u00e7\u00e3o jornal\u00edstica refer\u00eancia na \u00e1rea de infraestrutura no Brasil!","publisher":{"@id":"https:\/\/agenciainfra.com\/blog\/#organization"},"potentialAction":[{"@type":"SearchAction","target":{"@type":"EntryPoint","urlTemplate":"https:\/\/agenciainfra.com\/blog\/?s={search_term_string}"},"query-input":{"@type":"PropertyValueSpecification","valueRequired":true,"valueName":"search_term_string"}}],"inLanguage":"pt-BR"},{"@type":"Organization","@id":"https:\/\/agenciainfra.com\/blog\/#organization","name":"Ag\u00eancia iNFRA","url":"https:\/\/agenciainfra.com\/blog\/","logo":{"@type":"ImageObject","inLanguage":"pt-BR","@id":"https:\/\/agenciainfra.com\/blog\/#\/schema\/logo\/image\/","url":"https:\/\/agenciainfra.com\/blog\/wp-content\/uploads\/2023\/09\/iNFRA_5-e1761735885940.png","contentUrl":"https:\/\/agenciainfra.com\/blog\/wp-content\/uploads\/2023\/09\/iNFRA_5-e1761735885940.png","width":1672,"height":454,"caption":"Ag\u00eancia iNFRA"},"image":{"@id":"https:\/\/agenciainfra.com\/blog\/#\/schema\/logo\/image\/"},"sameAs":["https:\/\/www.facebook.com\/ageninfra","https:\/\/x.com\/agencia_infra","https:\/\/www.linkedin.com\/company\/ag\u00eanciainfra\/","https:\/\/www.instagram.com\/agenciainfra\/"]},{"@type":"Person","@id":"https:\/\/agenciainfra.com\/blog\/#\/schema\/person\/34af08dff6adea4cb22b06612ba7acfa","name":"Ag\u00eancia iNFRA","image":{"@type":"ImageObject","inLanguage":"pt-BR","@id":"https:\/\/agenciainfra.com\/blog\/#\/schema\/person\/image\/","url":"https:\/\/secure.gravatar.com\/avatar\/d189e01678f06d8eb84d4e01f08eb848b3fffe3f8443818d3c356c66892f5be8?s=96&d=mm&r=g","contentUrl":"https:\/\/secure.gravatar.com\/avatar\/d189e01678f06d8eb84d4e01f08eb848b3fffe3f8443818d3c356c66892f5be8?s=96&d=mm&r=g","caption":"Ag\u00eancia iNFRA"},"url":"https:\/\/agenciainfra.com\/blog\/author\/admin\/"}]}},"_links":{"self":[{"href":"https:\/\/agenciainfra.com\/blog\/wp-json\/wp\/v2\/posts\/11921","targetHints":{"allow":["GET"]}}],"collection":[{"href":"https:\/\/agenciainfra.com\/blog\/wp-json\/wp\/v2\/posts"}],"about":[{"href":"https:\/\/agenciainfra.com\/blog\/wp-json\/wp\/v2\/types\/post"}],"author":[{"embeddable":true,"href":"https:\/\/agenciainfra.com\/blog\/wp-json\/wp\/v2\/users\/1"}],"replies":[{"embeddable":true,"href":"https:\/\/agenciainfra.com\/blog\/wp-json\/wp\/v2\/comments?post=11921"}],"version-history":[{"count":0,"href":"https:\/\/agenciainfra.com\/blog\/wp-json\/wp\/v2\/posts\/11921\/revisions"}],"wp:featuredmedia":[{"embeddable":true,"href":"https:\/\/agenciainfra.com\/blog\/wp-json\/wp\/v2\/media\/11922"}],"wp:attachment":[{"href":"https:\/\/agenciainfra.com\/blog\/wp-json\/wp\/v2\/media?parent=11921"}],"wp:term":[{"taxonomy":"category","embeddable":true,"href":"https:\/\/agenciainfra.com\/blog\/wp-json\/wp\/v2\/categories?post=11921"},{"taxonomy":"post_tag","embeddable":true,"href":"https:\/\/agenciainfra.com\/blog\/wp-json\/wp\/v2\/tags?post=11921"}],"curies":[{"name":"wp","href":"https:\/\/api.w.org\/{rel}","templated":true}]}}