{"id":11939,"date":"2022-12-21T10:00:00","date_gmt":"2022-12-21T13:00:00","guid":{"rendered":"https:\/\/www.agenciainfra.com\/blog\/?p=11939"},"modified":"2022-12-21T09:20:03","modified_gmt":"2022-12-21T12:20:03","slug":"quando-sicro-e-sinapi-nao-sao-suficientes-como-formular-referenciais-de-preco","status":"publish","type":"post","link":"https:\/\/agenciainfra.com\/blog\/quando-sicro-e-sinapi-nao-sao-suficientes-como-formular-referenciais-de-preco\/","title":{"rendered":"Quando Sicro e Sinapi n\u00e3o s\u00e3o suficientes: como formular referenciais de pre\u00e7o?"},"content":{"rendered":"\n<p class=\"has-text-align-right\"><strong>Davi Madalon Fraga<\/strong>*<\/p>\n\n\n\n<p>A boa pr\u00e1tica de or\u00e7amenta\u00e7\u00e3o em obras p\u00fablicas prescreve que o or\u00e7amento de refer\u00eancia para as licita\u00e7\u00f5es e contratos deve ser formulado a partir dos referenciais oficiais de pre\u00e7os, notadamente o Sicro e o Sinapi, conforme determina\u00e7\u00e3o dos art. 4\u00ba e 5\u00ba do Decreto 7.983\/2013.<\/p>\n\n\n\n<p>Sabe-se que esses sistemas de refer\u00eancias de pre\u00e7os, elaborados por \u00f3rg\u00e3os da pr\u00f3pria Administra\u00e7\u00e3o P\u00fablica, s\u00e3o espec\u00edficos para determinados tipos de obra \u2013 rodovi\u00e1rias, no caso do Sicro, e civis comuns, no caso do Sinapi \u2013, que contemplam as varia\u00e7\u00f5es de custos de insumos e m\u00e3o de obra nas diversas regi\u00f5es do pa\u00eds, bem como passam por atualiza\u00e7\u00f5es constantes, prestando-se, sem d\u00favidas, a balizar de maneira fidedigna a or\u00e7amenta\u00e7\u00e3o dos empreendimentos p\u00fablicos que acontecem no Brasil.<\/p>\n\n\n\n<p>Contudo, em determinadas situa\u00e7\u00f5es, algumas esp\u00e9cies de servi\u00e7os, dada a sua complexidade, ou para certas modalidades de contrata\u00e7\u00e3o e at\u00e9 mesmo tipos peculiares de obras, a ado\u00e7\u00e3o indiscriminada dos referenciais constantes desses sistemas pode n\u00e3o ser a melhor pr\u00e1tica para representar os custos que ser\u00e3o efetivamente incorridos no decorrer da implanta\u00e7\u00e3o de determinado projeto.<\/p>\n\n\n\n<p>Essas situa\u00e7\u00f5es s\u00e3o rotineiramente identificadas pelos \u00f3rg\u00e3os licitantes da Administra\u00e7\u00e3o P\u00fablica, que precisam identificar alternativas escorreitas para sane\u00e1-las, evitando que os pre\u00e7os sejam maiores que aqueles praticados pelo mercado e, assim, garantir a pr\u00e1tica de valores competitivos e preservar o Er\u00e1rio.<\/p>\n\n\n\n<p>Trata-se de procedimento que deve ser realizado com muito crit\u00e9rio, de maneira transparente, conforme crit\u00e9rios objetivos, devidamente formalizado em competentes processos administrativos, para que sejam evitados questionamentos futuros por parte dos \u00f3rg\u00e3os de controle.<\/p>\n\n\n\n<p>O mesmo se aplica quando da formula\u00e7\u00e3o de pre\u00e7o para inclus\u00e3o de servi\u00e7o novo a contrato j\u00e1 em curso, nas hip\u00f3teses em que tal item n\u00e3o encontre equivalente nos sistemas de pre\u00e7o referenciais oficiais. Afinal, os mesmos princ\u00edpios que pautam a elabora\u00e7\u00e3o de um or\u00e7amento para balizar uma licita\u00e7\u00e3o s\u00e3o aqueles a serem aplicados para incorpora\u00e7\u00e3o de novos valores a uma contrata\u00e7\u00e3o em andamento.<\/p>\n\n\n\n<p>Para trazer maior seguran\u00e7a jur\u00eddica a essa esp\u00e9cie de situa\u00e7\u00e3o e conferir grau de confian\u00e7a e confiabilidade aos gestores p\u00fablicos e particulares envolvidos na contrata\u00e7\u00e3o, o Tribunal de Contas da Uni\u00e3o vem construindo e firmando sua jurisprud\u00eancia com orienta\u00e7\u00f5es para a forma como essa precifica\u00e7\u00e3o \u2013 de itens, servi\u00e7os e obras n\u00e3o compat\u00edveis com os sistemas de pre\u00e7o referenciais \u2013 deve ocorrer.<\/p>\n\n\n\n<p>Recentemente, foi publicado o Ac\u00f3rd\u00e3o 2401\/2022, por meio do qual o plen\u00e1rio da Corte de Contas sintetizou e consolidou essas orienta\u00e7\u00f5es:<\/p>\n\n\n\n<ol class=\"wp-block-list\"><li>fazer constar formalmente nos autos do processo de precifica\u00e7\u00e3o os par\u00e2metros de busca introduzidos (as palavras chaves, o per\u00edodo, as especifica\u00e7\u00f5es etc.) com a impress\u00e3o da p\u00e1gina da web e outros os documentos, bem como os dados inerentes \u00e0 pesquisa, a exemplo do respons\u00e1vel pela pesquisa, \u00f3rg\u00e3o consultado, n\u00famero da licita\u00e7\u00e3o, nome do vendedor, meio de consulta, data da pesquisa, URL do site, CNPJ do fornecedor, quantidade, valor, especifica\u00e7\u00e3o do objeto e demais condi\u00e7\u00f5es de pagamento e entrega;<\/li><li>na cota\u00e7\u00e3o direta com os fornecedores, somente admitir os pre\u00e7os cujas datas n\u00e3o se diferenciem em mais de cento e oitenta dias, ou seja, nenhuma proposta direta de fornecedor deve conter diferen\u00e7a de data maior que cento e oitenta dias quando comparadas \u00e0s demais em um grupo de pesquisa de pre\u00e7os junto a fornecedores no mesmo processo;<\/li><li>para a obten\u00e7\u00e3o do resultado da pesquisa de pre\u00e7os, n\u00e3o considerar os pre\u00e7os inexequ\u00edveis ou os excessivamente elevados, conforme crit\u00e9rios fundamentados e descritos no processo administrativo;<\/li><li>buscar, na pesquisa de mercado, o m\u00ednimo de tr\u00eas cota\u00e7\u00f5es de fornecedores distintos e, caso n\u00e3o seja poss\u00edvel obter esse n\u00famero de cota\u00e7\u00f5es, elaborar justificativa circunstanciada.<\/li><\/ol>\n\n\n\n<p>Adotando-se esse roteiro de provid\u00eancias, garante-se a lisura do procedimento de precifica\u00e7\u00e3o, permite-se ao gestor p\u00fablico ter seguran\u00e7a na decis\u00e3o de contratar um pre\u00e7o n\u00e3o constante dos sistemas referenciais, traz-se maior confian\u00e7a ao contrato celebrado, e, ao final, garante-se a prote\u00e7\u00e3o do Er\u00e1rio.<\/p>\n\n\n\n<h6 class=\"wp-block-heading\" id=\"block-0ad831ad-cd23-417f-b06a-95588097a0b7\">*<meta charset=\"utf-8\">Davi Madalon Fraga \u00e9 especialista em Direito do Estado pela Uerj (Universidade do Estado do Rio de Janeiro) e advogado s\u00eanior do Giamundo Neto Advogados.<\/h6>\n\n\n\n<h5 class=\"wp-block-heading\" id=\"block-d67878ff-7627-4f15-b175-8f58269174ff\">As opini\u00f5es dos autores n\u00e3o refletem necessariamente o pensamento da Ag\u00eancia iNFRA, sendo de total responsabilidade do autor as informa\u00e7\u00f5es, ju\u00edzos de valor e conceitos descritos no texto.<\/h5>\n","protected":false},"excerpt":{"rendered":"<p>Davi Madalon Fraga* A boa pr\u00e1tica de or\u00e7amenta\u00e7\u00e3o em obras p\u00fablicas prescreve que o or\u00e7amento de refer\u00eancia para as licita\u00e7\u00f5es e contratos deve ser formulado a partir dos referenciais oficiais de pre\u00e7os, notadamente o Sicro e o Sinapi, conforme determina\u00e7\u00e3o dos art. 4\u00ba e 5\u00ba do Decreto 7.983\/2013. Sabe-se que esses sistemas de refer\u00eancias de [&hellip;]<\/p>\n","protected":false},"author":1,"featured_media":7740,"comment_status":"closed","ping_status":"closed","sticky":false,"template":"","format":"standard","meta":{"_monsterinsights_skip_tracking":false,"_monsterinsights_sitenote_active":false,"_monsterinsights_sitenote_note":"","_monsterinsights_sitenote_category":0,"footnotes":""},"categories":[1],"tags":[4743,2147,627,6228,2022,2213,18,927],"class_list":["post-11939","post","type-post","status-publish","format-standard","has-post-thumbnail","hentry","category-geral","tag-davi-madalon-fraga","tag-decreto-7-983-2013","tag-obras-publicas","tag-precos-referenciais","tag-sicro","tag-sinapi","tag-tcu","tag-tribunal-de-contas-da-uniao"],"yoast_head":"<!-- This site is optimized with the Yoast SEO Premium plugin v25.4 (Yoast SEO v26.0) - https:\/\/yoast.com\/wordpress\/plugins\/seo\/ -->\n<title>Quando Sicro e Sinapi n\u00e3o s\u00e3o suficientes: como formular referenciais de pre\u00e7o? - Ag\u00eancia iNFRA<\/title>\n<meta name=\"robots\" content=\"index, follow, max-snippet:-1, max-image-preview:large, max-video-preview:-1\" \/>\n<link rel=\"canonical\" href=\"https:\/\/agenciainfra.com\/blog\/quando-sicro-e-sinapi-nao-sao-suficientes-como-formular-referenciais-de-preco\/\" \/>\n<meta property=\"og:locale\" content=\"pt_BR\" \/>\n<meta property=\"og:type\" content=\"article\" \/>\n<meta property=\"og:title\" content=\"Quando Sicro e Sinapi n\u00e3o s\u00e3o suficientes: como formular referenciais de pre\u00e7o?\" \/>\n<meta property=\"og:description\" content=\"Davi Madalon Fraga* A boa pr\u00e1tica de or\u00e7amenta\u00e7\u00e3o em obras p\u00fablicas prescreve que o or\u00e7amento de refer\u00eancia para as licita\u00e7\u00f5es e contratos deve ser formulado a partir dos referenciais oficiais de pre\u00e7os, notadamente o Sicro e o Sinapi, conforme determina\u00e7\u00e3o dos art. 4\u00ba e 5\u00ba do Decreto 7.983\/2013. Sabe-se que esses sistemas de refer\u00eancias de [&hellip;]\" \/>\n<meta property=\"og:url\" content=\"https:\/\/agenciainfra.com\/blog\/quando-sicro-e-sinapi-nao-sao-suficientes-como-formular-referenciais-de-preco\/\" \/>\n<meta property=\"og:site_name\" content=\"Ag\u00eancia iNFRA\" \/>\n<meta property=\"article:publisher\" content=\"https:\/\/www.facebook.com\/ageninfra\" \/>\n<meta property=\"article:published_time\" content=\"2022-12-21T13:00:00+00:00\" \/>\n<meta property=\"og:image\" content=\"https:\/\/agenciainfra.com\/blog\/wp-content\/uploads\/2021\/07\/davi-madalon-fraga-foto-giamundo-neto-advogados.png\" \/>\n\t<meta property=\"og:image:width\" content=\"1280\" \/>\n\t<meta property=\"og:image:height\" content=\"867\" \/>\n\t<meta property=\"og:image:type\" content=\"image\/png\" \/>\n<meta name=\"author\" content=\"Ag\u00eancia iNFRA\" \/>\n<meta name=\"twitter:card\" content=\"summary_large_image\" \/>\n<meta name=\"twitter:creator\" content=\"@agencia_infra\" \/>\n<meta name=\"twitter:site\" content=\"@agencia_infra\" \/>\n<meta name=\"twitter:label1\" content=\"Escrito por\" \/>\n\t<meta name=\"twitter:data1\" content=\"Ag\u00eancia iNFRA\" \/>\n\t<meta name=\"twitter:label2\" content=\"Est. tempo de leitura\" \/>\n\t<meta name=\"twitter:data2\" content=\"4 minutos\" \/>\n<script type=\"application\/ld+json\" class=\"yoast-schema-graph\">{\"@context\":\"https:\/\/schema.org\",\"@graph\":[{\"@type\":\"Article\",\"@id\":\"https:\/\/agenciainfra.com\/blog\/quando-sicro-e-sinapi-nao-sao-suficientes-como-formular-referenciais-de-preco\/#article\",\"isPartOf\":{\"@id\":\"https:\/\/agenciainfra.com\/blog\/quando-sicro-e-sinapi-nao-sao-suficientes-como-formular-referenciais-de-preco\/\"},\"author\":{\"name\":\"Ag\u00eancia iNFRA\",\"@id\":\"https:\/\/agenciainfra.com\/blog\/#\/schema\/person\/34af08dff6adea4cb22b06612ba7acfa\"},\"headline\":\"Quando Sicro e Sinapi n\u00e3o s\u00e3o suficientes: como formular referenciais de pre\u00e7o?\",\"datePublished\":\"2022-12-21T13:00:00+00:00\",\"mainEntityOfPage\":{\"@id\":\"https:\/\/agenciainfra.com\/blog\/quando-sicro-e-sinapi-nao-sao-suficientes-como-formular-referenciais-de-preco\/\"},\"wordCount\":815,\"publisher\":{\"@id\":\"https:\/\/agenciainfra.com\/blog\/#organization\"},\"image\":{\"@id\":\"https:\/\/agenciainfra.com\/blog\/quando-sicro-e-sinapi-nao-sao-suficientes-como-formular-referenciais-de-preco\/#primaryimage\"},\"thumbnailUrl\":\"https:\/\/agenciainfra.com\/blog\/wp-content\/uploads\/2021\/07\/davi-madalon-fraga-foto-giamundo-neto-advogados.png\",\"keywords\":[\"Davi Madalon Fraga\",\"Decreto 7.983\/2013\",\"obras p\u00fablicas\",\"pre\u00e7os referenciais\",\"Sicro\",\"Sinapi\",\"TCU\",\"Tribunal de Contas da Uni\u00e3o\"],\"articleSection\":[\"Geral\"],\"inLanguage\":\"pt-BR\",\"copyrightYear\":\"2022\",\"copyrightHolder\":{\"@id\":\"https:\/\/agenciainfra.com\/blog\/#organization\"}},{\"@type\":\"WebPage\",\"@id\":\"https:\/\/agenciainfra.com\/blog\/quando-sicro-e-sinapi-nao-sao-suficientes-como-formular-referenciais-de-preco\/\",\"url\":\"https:\/\/agenciainfra.com\/blog\/quando-sicro-e-sinapi-nao-sao-suficientes-como-formular-referenciais-de-preco\/\",\"name\":\"Quando Sicro e Sinapi n\u00e3o s\u00e3o suficientes: como formular referenciais de pre\u00e7o? - Ag\u00eancia iNFRA\",\"isPartOf\":{\"@id\":\"https:\/\/agenciainfra.com\/blog\/#website\"},\"primaryImageOfPage\":{\"@id\":\"https:\/\/agenciainfra.com\/blog\/quando-sicro-e-sinapi-nao-sao-suficientes-como-formular-referenciais-de-preco\/#primaryimage\"},\"image\":{\"@id\":\"https:\/\/agenciainfra.com\/blog\/quando-sicro-e-sinapi-nao-sao-suficientes-como-formular-referenciais-de-preco\/#primaryimage\"},\"thumbnailUrl\":\"https:\/\/agenciainfra.com\/blog\/wp-content\/uploads\/2021\/07\/davi-madalon-fraga-foto-giamundo-neto-advogados.png\",\"datePublished\":\"2022-12-21T13:00:00+00:00\",\"breadcrumb\":{\"@id\":\"https:\/\/agenciainfra.com\/blog\/quando-sicro-e-sinapi-nao-sao-suficientes-como-formular-referenciais-de-preco\/#breadcrumb\"},\"inLanguage\":\"pt-BR\",\"potentialAction\":[{\"@type\":\"ReadAction\",\"target\":[\"https:\/\/agenciainfra.com\/blog\/quando-sicro-e-sinapi-nao-sao-suficientes-como-formular-referenciais-de-preco\/\"]}]},{\"@type\":\"ImageObject\",\"inLanguage\":\"pt-BR\",\"@id\":\"https:\/\/agenciainfra.com\/blog\/quando-sicro-e-sinapi-nao-sao-suficientes-como-formular-referenciais-de-preco\/#primaryimage\",\"url\":\"https:\/\/agenciainfra.com\/blog\/wp-content\/uploads\/2021\/07\/davi-madalon-fraga-foto-giamundo-neto-advogados.png\",\"contentUrl\":\"https:\/\/agenciainfra.com\/blog\/wp-content\/uploads\/2021\/07\/davi-madalon-fraga-foto-giamundo-neto-advogados.png\",\"width\":1280,\"height\":867},{\"@type\":\"BreadcrumbList\",\"@id\":\"https:\/\/agenciainfra.com\/blog\/quando-sicro-e-sinapi-nao-sao-suficientes-como-formular-referenciais-de-preco\/#breadcrumb\",\"itemListElement\":[{\"@type\":\"ListItem\",\"position\":1,\"name\":\"In\u00edcio\",\"item\":\"https:\/\/agenciainfra.com\/blog\/\"},{\"@type\":\"ListItem\",\"position\":2,\"name\":\"Quando Sicro e Sinapi n\u00e3o s\u00e3o suficientes: como formular referenciais de pre\u00e7o?\"}]},{\"@type\":\"WebSite\",\"@id\":\"https:\/\/agenciainfra.com\/blog\/#website\",\"url\":\"https:\/\/agenciainfra.com\/blog\/\",\"name\":\"Ag\u00eancia iNFRA\",\"description\":\"Multiplataforma de informa\u00e7\u00e3o jornal\u00edstica refer\u00eancia na \u00e1rea de infraestrutura no Brasil!\",\"publisher\":{\"@id\":\"https:\/\/agenciainfra.com\/blog\/#organization\"},\"potentialAction\":[{\"@type\":\"SearchAction\",\"target\":{\"@type\":\"EntryPoint\",\"urlTemplate\":\"https:\/\/agenciainfra.com\/blog\/?s={search_term_string}\"},\"query-input\":{\"@type\":\"PropertyValueSpecification\",\"valueRequired\":true,\"valueName\":\"search_term_string\"}}],\"inLanguage\":\"pt-BR\"},{\"@type\":\"Organization\",\"@id\":\"https:\/\/agenciainfra.com\/blog\/#organization\",\"name\":\"Ag\u00eancia iNFRA\",\"url\":\"https:\/\/agenciainfra.com\/blog\/\",\"logo\":{\"@type\":\"ImageObject\",\"inLanguage\":\"pt-BR\",\"@id\":\"https:\/\/agenciainfra.com\/blog\/#\/schema\/logo\/image\/\",\"url\":\"https:\/\/agenciainfra.com\/blog\/wp-content\/uploads\/2023\/09\/iNFRA_5-e1761735885940.png\",\"contentUrl\":\"https:\/\/agenciainfra.com\/blog\/wp-content\/uploads\/2023\/09\/iNFRA_5-e1761735885940.png\",\"width\":1672,\"height\":454,\"caption\":\"Ag\u00eancia iNFRA\"},\"image\":{\"@id\":\"https:\/\/agenciainfra.com\/blog\/#\/schema\/logo\/image\/\"},\"sameAs\":[\"https:\/\/www.facebook.com\/ageninfra\",\"https:\/\/x.com\/agencia_infra\",\"https:\/\/www.linkedin.com\/company\/ag\u00eanciainfra\/\",\"https:\/\/www.instagram.com\/agenciainfra\/\"]},{\"@type\":\"Person\",\"@id\":\"https:\/\/agenciainfra.com\/blog\/#\/schema\/person\/34af08dff6adea4cb22b06612ba7acfa\",\"name\":\"Ag\u00eancia iNFRA\",\"image\":{\"@type\":\"ImageObject\",\"inLanguage\":\"pt-BR\",\"@id\":\"https:\/\/agenciainfra.com\/blog\/#\/schema\/person\/image\/\",\"url\":\"https:\/\/secure.gravatar.com\/avatar\/d189e01678f06d8eb84d4e01f08eb848b3fffe3f8443818d3c356c66892f5be8?s=96&d=mm&r=g\",\"contentUrl\":\"https:\/\/secure.gravatar.com\/avatar\/d189e01678f06d8eb84d4e01f08eb848b3fffe3f8443818d3c356c66892f5be8?s=96&d=mm&r=g\",\"caption\":\"Ag\u00eancia iNFRA\"},\"url\":\"https:\/\/agenciainfra.com\/blog\/author\/admin\/\"}]}<\/script>\n<!-- \/ Yoast SEO Premium plugin. -->","yoast_head_json":{"title":"Quando Sicro e Sinapi n\u00e3o s\u00e3o suficientes: como formular referenciais de pre\u00e7o? - Ag\u00eancia iNFRA","robots":{"index":"index","follow":"follow","max-snippet":"max-snippet:-1","max-image-preview":"max-image-preview:large","max-video-preview":"max-video-preview:-1"},"canonical":"https:\/\/agenciainfra.com\/blog\/quando-sicro-e-sinapi-nao-sao-suficientes-como-formular-referenciais-de-preco\/","og_locale":"pt_BR","og_type":"article","og_title":"Quando Sicro e Sinapi n\u00e3o s\u00e3o suficientes: como formular referenciais de pre\u00e7o?","og_description":"Davi Madalon Fraga* A boa pr\u00e1tica de or\u00e7amenta\u00e7\u00e3o em obras p\u00fablicas prescreve que o or\u00e7amento de refer\u00eancia para as licita\u00e7\u00f5es e contratos deve ser formulado a partir dos referenciais oficiais de pre\u00e7os, notadamente o Sicro e o Sinapi, conforme determina\u00e7\u00e3o dos art. 4\u00ba e 5\u00ba do Decreto 7.983\/2013. Sabe-se que esses sistemas de refer\u00eancias de [&hellip;]","og_url":"https:\/\/agenciainfra.com\/blog\/quando-sicro-e-sinapi-nao-sao-suficientes-como-formular-referenciais-de-preco\/","og_site_name":"Ag\u00eancia iNFRA","article_publisher":"https:\/\/www.facebook.com\/ageninfra","article_published_time":"2022-12-21T13:00:00+00:00","og_image":[{"width":1280,"height":867,"url":"https:\/\/agenciainfra.com\/blog\/wp-content\/uploads\/2021\/07\/davi-madalon-fraga-foto-giamundo-neto-advogados.png","type":"image\/png"}],"author":"Ag\u00eancia iNFRA","twitter_card":"summary_large_image","twitter_creator":"@agencia_infra","twitter_site":"@agencia_infra","twitter_misc":{"Escrito por":"Ag\u00eancia iNFRA","Est. tempo de leitura":"4 minutos"},"schema":{"@context":"https:\/\/schema.org","@graph":[{"@type":"Article","@id":"https:\/\/agenciainfra.com\/blog\/quando-sicro-e-sinapi-nao-sao-suficientes-como-formular-referenciais-de-preco\/#article","isPartOf":{"@id":"https:\/\/agenciainfra.com\/blog\/quando-sicro-e-sinapi-nao-sao-suficientes-como-formular-referenciais-de-preco\/"},"author":{"name":"Ag\u00eancia iNFRA","@id":"https:\/\/agenciainfra.com\/blog\/#\/schema\/person\/34af08dff6adea4cb22b06612ba7acfa"},"headline":"Quando Sicro e Sinapi n\u00e3o s\u00e3o suficientes: como formular referenciais de pre\u00e7o?","datePublished":"2022-12-21T13:00:00+00:00","mainEntityOfPage":{"@id":"https:\/\/agenciainfra.com\/blog\/quando-sicro-e-sinapi-nao-sao-suficientes-como-formular-referenciais-de-preco\/"},"wordCount":815,"publisher":{"@id":"https:\/\/agenciainfra.com\/blog\/#organization"},"image":{"@id":"https:\/\/agenciainfra.com\/blog\/quando-sicro-e-sinapi-nao-sao-suficientes-como-formular-referenciais-de-preco\/#primaryimage"},"thumbnailUrl":"https:\/\/agenciainfra.com\/blog\/wp-content\/uploads\/2021\/07\/davi-madalon-fraga-foto-giamundo-neto-advogados.png","keywords":["Davi Madalon Fraga","Decreto 7.983\/2013","obras p\u00fablicas","pre\u00e7os referenciais","Sicro","Sinapi","TCU","Tribunal de Contas da Uni\u00e3o"],"articleSection":["Geral"],"inLanguage":"pt-BR","copyrightYear":"2022","copyrightHolder":{"@id":"https:\/\/agenciainfra.com\/blog\/#organization"}},{"@type":"WebPage","@id":"https:\/\/agenciainfra.com\/blog\/quando-sicro-e-sinapi-nao-sao-suficientes-como-formular-referenciais-de-preco\/","url":"https:\/\/agenciainfra.com\/blog\/quando-sicro-e-sinapi-nao-sao-suficientes-como-formular-referenciais-de-preco\/","name":"Quando Sicro e Sinapi n\u00e3o s\u00e3o suficientes: como formular referenciais de pre\u00e7o? - Ag\u00eancia iNFRA","isPartOf":{"@id":"https:\/\/agenciainfra.com\/blog\/#website"},"primaryImageOfPage":{"@id":"https:\/\/agenciainfra.com\/blog\/quando-sicro-e-sinapi-nao-sao-suficientes-como-formular-referenciais-de-preco\/#primaryimage"},"image":{"@id":"https:\/\/agenciainfra.com\/blog\/quando-sicro-e-sinapi-nao-sao-suficientes-como-formular-referenciais-de-preco\/#primaryimage"},"thumbnailUrl":"https:\/\/agenciainfra.com\/blog\/wp-content\/uploads\/2021\/07\/davi-madalon-fraga-foto-giamundo-neto-advogados.png","datePublished":"2022-12-21T13:00:00+00:00","breadcrumb":{"@id":"https:\/\/agenciainfra.com\/blog\/quando-sicro-e-sinapi-nao-sao-suficientes-como-formular-referenciais-de-preco\/#breadcrumb"},"inLanguage":"pt-BR","potentialAction":[{"@type":"ReadAction","target":["https:\/\/agenciainfra.com\/blog\/quando-sicro-e-sinapi-nao-sao-suficientes-como-formular-referenciais-de-preco\/"]}]},{"@type":"ImageObject","inLanguage":"pt-BR","@id":"https:\/\/agenciainfra.com\/blog\/quando-sicro-e-sinapi-nao-sao-suficientes-como-formular-referenciais-de-preco\/#primaryimage","url":"https:\/\/agenciainfra.com\/blog\/wp-content\/uploads\/2021\/07\/davi-madalon-fraga-foto-giamundo-neto-advogados.png","contentUrl":"https:\/\/agenciainfra.com\/blog\/wp-content\/uploads\/2021\/07\/davi-madalon-fraga-foto-giamundo-neto-advogados.png","width":1280,"height":867},{"@type":"BreadcrumbList","@id":"https:\/\/agenciainfra.com\/blog\/quando-sicro-e-sinapi-nao-sao-suficientes-como-formular-referenciais-de-preco\/#breadcrumb","itemListElement":[{"@type":"ListItem","position":1,"name":"In\u00edcio","item":"https:\/\/agenciainfra.com\/blog\/"},{"@type":"ListItem","position":2,"name":"Quando Sicro e Sinapi n\u00e3o s\u00e3o suficientes: como formular referenciais de pre\u00e7o?"}]},{"@type":"WebSite","@id":"https:\/\/agenciainfra.com\/blog\/#website","url":"https:\/\/agenciainfra.com\/blog\/","name":"Ag\u00eancia iNFRA","description":"Multiplataforma de informa\u00e7\u00e3o jornal\u00edstica refer\u00eancia na \u00e1rea de infraestrutura no Brasil!","publisher":{"@id":"https:\/\/agenciainfra.com\/blog\/#organization"},"potentialAction":[{"@type":"SearchAction","target":{"@type":"EntryPoint","urlTemplate":"https:\/\/agenciainfra.com\/blog\/?s={search_term_string}"},"query-input":{"@type":"PropertyValueSpecification","valueRequired":true,"valueName":"search_term_string"}}],"inLanguage":"pt-BR"},{"@type":"Organization","@id":"https:\/\/agenciainfra.com\/blog\/#organization","name":"Ag\u00eancia iNFRA","url":"https:\/\/agenciainfra.com\/blog\/","logo":{"@type":"ImageObject","inLanguage":"pt-BR","@id":"https:\/\/agenciainfra.com\/blog\/#\/schema\/logo\/image\/","url":"https:\/\/agenciainfra.com\/blog\/wp-content\/uploads\/2023\/09\/iNFRA_5-e1761735885940.png","contentUrl":"https:\/\/agenciainfra.com\/blog\/wp-content\/uploads\/2023\/09\/iNFRA_5-e1761735885940.png","width":1672,"height":454,"caption":"Ag\u00eancia iNFRA"},"image":{"@id":"https:\/\/agenciainfra.com\/blog\/#\/schema\/logo\/image\/"},"sameAs":["https:\/\/www.facebook.com\/ageninfra","https:\/\/x.com\/agencia_infra","https:\/\/www.linkedin.com\/company\/ag\u00eanciainfra\/","https:\/\/www.instagram.com\/agenciainfra\/"]},{"@type":"Person","@id":"https:\/\/agenciainfra.com\/blog\/#\/schema\/person\/34af08dff6adea4cb22b06612ba7acfa","name":"Ag\u00eancia iNFRA","image":{"@type":"ImageObject","inLanguage":"pt-BR","@id":"https:\/\/agenciainfra.com\/blog\/#\/schema\/person\/image\/","url":"https:\/\/secure.gravatar.com\/avatar\/d189e01678f06d8eb84d4e01f08eb848b3fffe3f8443818d3c356c66892f5be8?s=96&d=mm&r=g","contentUrl":"https:\/\/secure.gravatar.com\/avatar\/d189e01678f06d8eb84d4e01f08eb848b3fffe3f8443818d3c356c66892f5be8?s=96&d=mm&r=g","caption":"Ag\u00eancia iNFRA"},"url":"https:\/\/agenciainfra.com\/blog\/author\/admin\/"}]}},"_links":{"self":[{"href":"https:\/\/agenciainfra.com\/blog\/wp-json\/wp\/v2\/posts\/11939","targetHints":{"allow":["GET"]}}],"collection":[{"href":"https:\/\/agenciainfra.com\/blog\/wp-json\/wp\/v2\/posts"}],"about":[{"href":"https:\/\/agenciainfra.com\/blog\/wp-json\/wp\/v2\/types\/post"}],"author":[{"embeddable":true,"href":"https:\/\/agenciainfra.com\/blog\/wp-json\/wp\/v2\/users\/1"}],"replies":[{"embeddable":true,"href":"https:\/\/agenciainfra.com\/blog\/wp-json\/wp\/v2\/comments?post=11939"}],"version-history":[{"count":0,"href":"https:\/\/agenciainfra.com\/blog\/wp-json\/wp\/v2\/posts\/11939\/revisions"}],"wp:featuredmedia":[{"embeddable":true,"href":"https:\/\/agenciainfra.com\/blog\/wp-json\/wp\/v2\/media\/7740"}],"wp:attachment":[{"href":"https:\/\/agenciainfra.com\/blog\/wp-json\/wp\/v2\/media?parent=11939"}],"wp:term":[{"taxonomy":"category","embeddable":true,"href":"https:\/\/agenciainfra.com\/blog\/wp-json\/wp\/v2\/categories?post=11939"},{"taxonomy":"post_tag","embeddable":true,"href":"https:\/\/agenciainfra.com\/blog\/wp-json\/wp\/v2\/tags?post=11939"}],"curies":[{"name":"wp","href":"https:\/\/api.w.org\/{rel}","templated":true}]}}