{"id":11945,"date":"2022-12-21T11:00:00","date_gmt":"2022-12-21T14:00:00","guid":{"rendered":"https:\/\/www.agenciainfra.com\/blog\/?p=11945"},"modified":"2022-12-22T06:34:17","modified_gmt":"2022-12-22T09:34:17","slug":"infradebate-novo-governo-deve-resgatar-a-defesa-do-interesse-publico-das-ferrovias-e-de-seu-papel-para-os-portos-do-brasil","status":"publish","type":"post","link":"https:\/\/agenciainfra.com\/blog\/infradebate-novo-governo-deve-resgatar-a-defesa-do-interesse-publico-das-ferrovias-e-de-seu-papel-para-os-portos-do-brasil\/","title":{"rendered":"iNFRADebate: Novo governo deve resgatar a defesa do interesse p\u00fablico das ferrovias e de seu papel para os portos do Brasil"},"content":{"rendered":"\n<p class=\"has-text-align-right\"><strong>Jos\u00e9 Manoel Ferreira Gon\u00e7alves*<\/strong><\/p>\n\n\n\n<p>O embate entre as pol\u00edticas do atual governo, que foi cheio de equ\u00edvocos em in\u00fameras \u00e1reas, e a gest\u00e3o que se iniciar\u00e1 no plano federal em 2023 com o governo Lula, tem um ponto focal para o desenvolvimento das ferrovias no pa\u00eds, que em grande parte transportam mercadorias para os portos, como \u00e9 o caso do Porto de Santos.&nbsp;<\/p>\n\n\n\n<p>No que se refere \u00e0s ferrovias, h\u00e1 muito a ser corrigido. Os chamados \u201cavan\u00e7os\u201d nessa \u00e1rea, alardeados pelo governo Bolsonaro na figura do ex-ministro Tarc\u00edsio de Freitas, certamente contribu\u00edram para a candidatura deste ao governo paulista. Na verdade, as medidas tomadas pelo governo nos \u00faltimos quatro anos est\u00e3o longe de atenderem aos interesses p\u00fablicos e n\u00e3o representam mudan\u00e7as \u00e0 persistente situa\u00e7\u00e3o de pen\u00faria que nossas ferrovias enfrentam.&nbsp;<\/p>\n\n\n\n<p>O que acontecer\u00e1 no porto tem tudo a ver com o que est\u00e1 acontecendo no conjunto de investimentos que foram contratados e que n\u00e3o est\u00e3o sendo realizados na velocidade e propor\u00e7\u00e3o definidas, inclusive com aprova\u00e7\u00e3o do TCU (Tribunal de Contas da Uni\u00e3o).&nbsp;<\/p>\n\n\n\n<p>Para come\u00e7ar, urge revogar flexibiliza\u00e7\u00f5es que tendem a atender a interesses isolados. Exemplo disso s\u00e3o as facilidades concedidas \u00e0 empresa que venceu a antecipa\u00e7\u00e3o da concess\u00e3o da Malha Paulista. Obras importantes est\u00e3o sendo postergadas e chegam a causar acidentes fatais, como aconteceu em dezembro do ano passado na cidade de Cubat\u00e3o, onde uma crian\u00e7a de oito anos foi morta, esmagada por um trem.&nbsp;<\/p>\n\n\n\n<p>O abomin\u00e1vel instrumento de autoriza\u00e7\u00e3o para explora\u00e7\u00e3o de linhas f\u00e9rreas tamb\u00e9m deve ser motivo de suspens\u00e3o. Entre os efeitos dessa benesse, que s\u00f3 interessa a duas ou tr\u00eas empresas, est\u00e1 a virtual paralisa\u00e7\u00e3o de qualquer projeto para transporte de passageiros. Caso esse modelo continue a vigorar, nossas ferrovias estar\u00e3o entregues, por d\u00e9cadas, a interesses meramente comerciais, dissociados de qualquer projeto de integra\u00e7\u00e3o nacional.<\/p>\n\n\n\n<p>H\u00e1 ainda uma situa\u00e7\u00e3o conflitante no mercado, no m\u00ednimo pass\u00edvel de discuss\u00e3o. Trata-se da debandada de ex-integrantes do governo federal, especialmente do Minist\u00e9rio da Infraestrutura, que, sem cumprir a quarentena prevista por lei, partiram para cargos de diretoria junto a grandes empresas do setor, que tiveram projetos contratados com a atual gest\u00e3o.&nbsp;<\/p>\n\n\n\n<p>Isso nos faz refletir sobre a relev\u00e2ncia de uma pol\u00edtica de desenvolvimento ferrovi\u00e1rio consistente no Brasil, com for\u00e7a para atender, de forma soberana, aos din\u00e2micos setores ligados ao mercado global, tais como o agroneg\u00f3cio e a ind\u00fastria que se desenvolvem no pa\u00eds, contribuindo para a promo\u00e7\u00e3o de uma pol\u00edtica de transportes nacional com a dinamiza\u00e7\u00e3o de um setor. Frise-se:&nbsp; soberano, de m\u00e1quinas e obras no setor ferrovi\u00e1rio.&nbsp;<\/p>\n\n\n\n<p>Para isso, \u00e9 necess\u00e1rio enfrentar o nefasto modelo de autoriza\u00e7\u00f5es que se estabeleceu desde o governo Temer e que constitui a ideia de um novo padr\u00e3o de atua\u00e7\u00e3o governamental do setor ferrovi\u00e1rio no governo Bolsonaro. Foi retirada, do Estado, a sua responsabilidade do planejamento para identifica\u00e7\u00e3o das demandas e a constru\u00e7\u00e3o de centros de concentra\u00e7\u00e3o e de distribui\u00e7\u00e3o de cargas, conectando todos os modais de transportes de forma racional e otimizante.&nbsp;<\/p>\n\n\n\n<p>Enquanto isso o Brasil ainda se mant\u00e9m atrasado em de seus pap\u00e9is de maior relev\u00e2ncia, que s\u00e3o as pol\u00edticas socioambientais para a infraestrutura. Considerando o setor de energia, o pa\u00eds emite mais de 470 milh\u00f5es de toneladas de gases com efeitos estufa ao ano. No setor de transporte, destacamos que o modal rodovi\u00e1rio foi respons\u00e1vel por cerca de 93% do total das emiss\u00f5es de responsabilidade do setor de transporte de cargas brasileiro. Em resumo, um vag\u00e3o transporta 100 toneladas contra 28 toneladas do caminh\u00e3o. E um trem com 100 vag\u00f5es retira mais de 350 caminh\u00f5es das estradas.&nbsp;<\/p>\n\n\n\n<p>Diante deste cen\u00e1rio, de enfraquecimento do setor ferrovi\u00e1rio, \u00e9 imposs\u00edvel n\u00e3o relembrar&nbsp;o modelo que vigorou at\u00e9 2016, que&nbsp; valorizou as chamadas ferrovias <em>open access, <\/em>o mesmo adotado na Europa. Apesar de o conceito ter gerado, inclusive, frut\u00edferos debates com as empresas que operam como concession\u00e1rias, foi abandonado.<\/p>\n\n\n\n<p>Na \u00e9poca, o modelo abria caminho para que as ferrovias de acesso horizontal permitissem o surgimento de operadores independentes, que utilizariam trens sobre ferrovias concedidas a particulares ou ferrovias p\u00fablicas. Tal ideia trazia a inova\u00e7\u00e3o de adotar a distin\u00e7\u00e3o entre as responsabilidades da empresa operadora independente do transporte sobre trilhos e a responsabilidade da manuten\u00e7\u00e3o da infraestrutura operacional.&nbsp;<\/p>\n\n\n\n<p>As mudan\u00e7as, que causaram paralisia do setor, fazem pensar ainda na amplia\u00e7\u00e3o de organismos de participa\u00e7\u00e3o social no setor, por meio da cria\u00e7\u00e3o de conselhos, hoje praticamente inativos, em virtude da total in\u00e9rcia do governo em instituir \u00f3rg\u00e3os externos de fiscaliza\u00e7\u00e3o das concess\u00f5es ferrovi\u00e1rias. Esses conselhos devem agregar, de forma democr\u00e1tica, usu\u00e1rios e representantes da sociedade civil, notadamente em regi\u00f5es de grande adensamento populacional com seus naturais conflitos de localiza\u00e7\u00e3o e instala\u00e7\u00e3o dos diversos equipamentos, entre eles os existentes nas regi\u00f5es retroportu\u00e1rias. Como exemplo, podemos citar a ideia equivocada de se instalar armazenamento de materiais perigosos pr\u00f3ximos de hospitais, escolas, resid\u00eancias, como na regi\u00e3o do Outerinhos em Santos (SP).&nbsp;<\/p>\n\n\n\n<p>Assim, a partir dessa perspectiva, o que se requer \u00e9 a inclus\u00e3o das seguintes propostas nos debates sobre a infraestrutura nacional de ferrovias: fim das autoriza\u00e7\u00f5es com delimita\u00e7\u00e3o bem definida do papel desse mecanismo para o desenvolvimento do transporte sobre trilhos; retomada das discuss\u00f5es do modelo de concess\u00e3o horizontal\/open access, para determinadas demandas e regi\u00f5es; amplia\u00e7\u00e3o da participa\u00e7\u00e3o social no controle do setor; e, finalmente, a revoga\u00e7\u00e3o das flexibiliza\u00e7\u00f5es para o descumprimento das responsabilidades contratuais citadas acima.&nbsp;<\/p>\n\n\n\n<p>S\u00e3o medidas complexas que merecem aprofundamento nas discuss\u00f5es e depois tamb\u00e9m nas execu\u00e7\u00f5es de implanta\u00e7\u00e3o para que o transporte sobre trilhos, com cargas gerais e n\u00e3o apenas commodities, e, tamb\u00e9m, o transporte de passageiros estejam alinhadas com um governo popular, de sensibilidade social e democr\u00e1tico.&nbsp;<\/p>\n\n\n\n<h6 class=\"wp-block-heading\" id=\"block-aa9ff8cf-f9c2-435f-85ff-56a599c37bc9\"><strong>*Jos\u00e9 Manoel Ferreira Gon\u00e7alves \u00e9 presidente da FerroFrente (Frente Nacional pela Volta das Ferrovias) e da Aguaviva (Associa\u00e7\u00e3o Guaruj\u00e1 Viva) e diretor da FNE (Federa\u00e7\u00e3o Nacional de Engenheiros).<\/strong><\/h6>\n\n\n\n<h5 class=\"wp-block-heading\" id=\"block-d67878ff-7627-4f15-b175-8f58269174ff\">O iNFRADebate \u00e9 o espa\u00e7o de artigos da Ag\u00eancia iNFRA com opini\u00f5es de seus atores que n\u00e3o refletem necessariamente o pensamento da Ag\u00eancia iNFRA, sendo de total responsabilidade do autor as informa\u00e7\u00f5es, ju\u00edzos de valor e conceitos descritos no texto.<\/h5>\n","protected":false},"excerpt":{"rendered":"<p>Jos\u00e9 Manoel Ferreira Gon\u00e7alves* O embate entre as pol\u00edticas do atual governo, que foi cheio de equ\u00edvocos em in\u00fameras \u00e1reas, e a gest\u00e3o que se iniciar\u00e1 no plano federal em 2023 com o governo Lula, tem um ponto focal para o desenvolvimento das ferrovias no pa\u00eds, que em grande parte transportam mercadorias para os portos, [&hellip;]<\/p>\n","protected":false},"author":1,"featured_media":11715,"comment_status":"closed","ping_status":"closed","sticky":false,"template":"","format":"standard","meta":{"_monsterinsights_skip_tracking":false,"_monsterinsights_sitenote_active":false,"_monsterinsights_sitenote_note":"","_monsterinsights_sitenote_category":0,"footnotes":""},"categories":[1,11],"tags":[704,120,6079,85,775,3380,260,310,448],"class_list":["post-11945","post","type-post","status-publish","format-standard","has-post-thumbnail","hentry","category-geral","category-infradebate","tag-autorizacao","tag-ferrovias","tag-jose-manoel-ferreira-goncalves","tag-malha-paulista","tag-ministerio-da-infraestrutura","tag-open-access","tag-porto-de-santos","tag-portos","tag-tarcisio-de-freitas"],"yoast_head":"<!-- This site is optimized with the Yoast SEO Premium plugin v25.4 (Yoast SEO v26.0) - https:\/\/yoast.com\/wordpress\/plugins\/seo\/ -->\n<title>iNFRADebate: Novo governo deve resgatar a defesa do interesse p\u00fablico das ferrovias e de seu papel para os portos do Brasil - Ag\u00eancia iNFRA<\/title>\n<meta name=\"robots\" content=\"index, follow, max-snippet:-1, max-image-preview:large, max-video-preview:-1\" \/>\n<link rel=\"canonical\" href=\"https:\/\/agenciainfra.com\/blog\/infradebate-novo-governo-deve-resgatar-a-defesa-do-interesse-publico-das-ferrovias-e-de-seu-papel-para-os-portos-do-brasil\/\" \/>\n<meta property=\"og:locale\" content=\"pt_BR\" \/>\n<meta property=\"og:type\" content=\"article\" \/>\n<meta property=\"og:title\" content=\"iNFRADebate: Novo governo deve resgatar a defesa do interesse p\u00fablico das ferrovias e de seu papel para os portos do Brasil\" \/>\n<meta property=\"og:description\" content=\"Jos\u00e9 Manoel Ferreira Gon\u00e7alves* O embate entre as pol\u00edticas do atual governo, que foi cheio de equ\u00edvocos em in\u00fameras \u00e1reas, e a gest\u00e3o que se iniciar\u00e1 no plano federal em 2023 com o governo Lula, tem um ponto focal para o desenvolvimento das ferrovias no pa\u00eds, que em grande parte transportam mercadorias para os portos, [&hellip;]\" \/>\n<meta property=\"og:url\" content=\"https:\/\/agenciainfra.com\/blog\/infradebate-novo-governo-deve-resgatar-a-defesa-do-interesse-publico-das-ferrovias-e-de-seu-papel-para-os-portos-do-brasil\/\" \/>\n<meta property=\"og:site_name\" content=\"Ag\u00eancia iNFRA\" \/>\n<meta property=\"article:publisher\" content=\"https:\/\/www.facebook.com\/ageninfra\" \/>\n<meta property=\"article:published_time\" content=\"2022-12-21T14:00:00+00:00\" \/>\n<meta property=\"article:modified_time\" content=\"2022-12-22T09:34:17+00:00\" \/>\n<meta property=\"og:image\" content=\"https:\/\/agenciainfra.com\/blog\/wp-content\/uploads\/2022\/11\/jose-manoel-ferreira-goncalves-foto-redes-sociais.png\" \/>\n\t<meta property=\"og:image:width\" content=\"1280\" \/>\n\t<meta property=\"og:image:height\" content=\"863\" \/>\n\t<meta property=\"og:image:type\" content=\"image\/png\" \/>\n<meta name=\"author\" content=\"Ag\u00eancia iNFRA\" \/>\n<meta name=\"twitter:card\" content=\"summary_large_image\" \/>\n<meta name=\"twitter:creator\" content=\"@agencia_infra\" \/>\n<meta name=\"twitter:site\" content=\"@agencia_infra\" \/>\n<meta name=\"twitter:label1\" content=\"Escrito por\" \/>\n\t<meta name=\"twitter:data1\" content=\"Ag\u00eancia iNFRA\" \/>\n\t<meta name=\"twitter:label2\" content=\"Est. tempo de leitura\" \/>\n\t<meta name=\"twitter:data2\" content=\"6 minutos\" \/>\n<script type=\"application\/ld+json\" class=\"yoast-schema-graph\">{\"@context\":\"https:\/\/schema.org\",\"@graph\":[{\"@type\":\"Article\",\"@id\":\"https:\/\/agenciainfra.com\/blog\/infradebate-novo-governo-deve-resgatar-a-defesa-do-interesse-publico-das-ferrovias-e-de-seu-papel-para-os-portos-do-brasil\/#article\",\"isPartOf\":{\"@id\":\"https:\/\/agenciainfra.com\/blog\/infradebate-novo-governo-deve-resgatar-a-defesa-do-interesse-publico-das-ferrovias-e-de-seu-papel-para-os-portos-do-brasil\/\"},\"author\":{\"name\":\"Ag\u00eancia iNFRA\",\"@id\":\"https:\/\/agenciainfra.com\/blog\/#\/schema\/person\/34af08dff6adea4cb22b06612ba7acfa\"},\"headline\":\"iNFRADebate: Novo governo deve resgatar a defesa do interesse p\u00fablico das ferrovias e de seu papel para os portos do Brasil\",\"datePublished\":\"2022-12-21T14:00:00+00:00\",\"dateModified\":\"2022-12-22T09:34:17+00:00\",\"mainEntityOfPage\":{\"@id\":\"https:\/\/agenciainfra.com\/blog\/infradebate-novo-governo-deve-resgatar-a-defesa-do-interesse-publico-das-ferrovias-e-de-seu-papel-para-os-portos-do-brasil\/\"},\"wordCount\":1150,\"publisher\":{\"@id\":\"https:\/\/agenciainfra.com\/blog\/#organization\"},\"image\":{\"@id\":\"https:\/\/agenciainfra.com\/blog\/infradebate-novo-governo-deve-resgatar-a-defesa-do-interesse-publico-das-ferrovias-e-de-seu-papel-para-os-portos-do-brasil\/#primaryimage\"},\"thumbnailUrl\":\"https:\/\/agenciainfra.com\/blog\/wp-content\/uploads\/2022\/11\/jose-manoel-ferreira-goncalves-foto-redes-sociais.png\",\"keywords\":[\"autoriza\u00e7\u00e3o\",\"Ferrovias\",\"Jos\u00e9 Manoel Ferreira Gon\u00e7alves\",\"Malha Paulista\",\"Minist\u00e9rio da Infraestrutura\",\"open access\",\"Porto de Santos\",\"portos\",\"Tarc\u00edsio de Freitas\"],\"articleSection\":[\"Geral\",\"iNFRADebate\"],\"inLanguage\":\"pt-BR\",\"copyrightYear\":\"2022\",\"copyrightHolder\":{\"@id\":\"https:\/\/agenciainfra.com\/blog\/#organization\"}},{\"@type\":\"WebPage\",\"@id\":\"https:\/\/agenciainfra.com\/blog\/infradebate-novo-governo-deve-resgatar-a-defesa-do-interesse-publico-das-ferrovias-e-de-seu-papel-para-os-portos-do-brasil\/\",\"url\":\"https:\/\/agenciainfra.com\/blog\/infradebate-novo-governo-deve-resgatar-a-defesa-do-interesse-publico-das-ferrovias-e-de-seu-papel-para-os-portos-do-brasil\/\",\"name\":\"iNFRADebate: Novo governo deve resgatar a defesa do interesse p\u00fablico das ferrovias e de seu papel para os portos do Brasil - Ag\u00eancia iNFRA\",\"isPartOf\":{\"@id\":\"https:\/\/agenciainfra.com\/blog\/#website\"},\"primaryImageOfPage\":{\"@id\":\"https:\/\/agenciainfra.com\/blog\/infradebate-novo-governo-deve-resgatar-a-defesa-do-interesse-publico-das-ferrovias-e-de-seu-papel-para-os-portos-do-brasil\/#primaryimage\"},\"image\":{\"@id\":\"https:\/\/agenciainfra.com\/blog\/infradebate-novo-governo-deve-resgatar-a-defesa-do-interesse-publico-das-ferrovias-e-de-seu-papel-para-os-portos-do-brasil\/#primaryimage\"},\"thumbnailUrl\":\"https:\/\/agenciainfra.com\/blog\/wp-content\/uploads\/2022\/11\/jose-manoel-ferreira-goncalves-foto-redes-sociais.png\",\"datePublished\":\"2022-12-21T14:00:00+00:00\",\"dateModified\":\"2022-12-22T09:34:17+00:00\",\"breadcrumb\":{\"@id\":\"https:\/\/agenciainfra.com\/blog\/infradebate-novo-governo-deve-resgatar-a-defesa-do-interesse-publico-das-ferrovias-e-de-seu-papel-para-os-portos-do-brasil\/#breadcrumb\"},\"inLanguage\":\"pt-BR\",\"potentialAction\":[{\"@type\":\"ReadAction\",\"target\":[\"https:\/\/agenciainfra.com\/blog\/infradebate-novo-governo-deve-resgatar-a-defesa-do-interesse-publico-das-ferrovias-e-de-seu-papel-para-os-portos-do-brasil\/\"]}]},{\"@type\":\"ImageObject\",\"inLanguage\":\"pt-BR\",\"@id\":\"https:\/\/agenciainfra.com\/blog\/infradebate-novo-governo-deve-resgatar-a-defesa-do-interesse-publico-das-ferrovias-e-de-seu-papel-para-os-portos-do-brasil\/#primaryimage\",\"url\":\"https:\/\/agenciainfra.com\/blog\/wp-content\/uploads\/2022\/11\/jose-manoel-ferreira-goncalves-foto-redes-sociais.png\",\"contentUrl\":\"https:\/\/agenciainfra.com\/blog\/wp-content\/uploads\/2022\/11\/jose-manoel-ferreira-goncalves-foto-redes-sociais.png\",\"width\":1280,\"height\":863},{\"@type\":\"BreadcrumbList\",\"@id\":\"https:\/\/agenciainfra.com\/blog\/infradebate-novo-governo-deve-resgatar-a-defesa-do-interesse-publico-das-ferrovias-e-de-seu-papel-para-os-portos-do-brasil\/#breadcrumb\",\"itemListElement\":[{\"@type\":\"ListItem\",\"position\":1,\"name\":\"In\u00edcio\",\"item\":\"https:\/\/agenciainfra.com\/blog\/\"},{\"@type\":\"ListItem\",\"position\":2,\"name\":\"iNFRADebate: Novo governo deve resgatar a defesa do interesse p\u00fablico das ferrovias e de seu papel para os portos do Brasil\"}]},{\"@type\":\"WebSite\",\"@id\":\"https:\/\/agenciainfra.com\/blog\/#website\",\"url\":\"https:\/\/agenciainfra.com\/blog\/\",\"name\":\"Ag\u00eancia iNFRA\",\"description\":\"Multiplataforma de informa\u00e7\u00e3o jornal\u00edstica refer\u00eancia na \u00e1rea de infraestrutura no Brasil!\",\"publisher\":{\"@id\":\"https:\/\/agenciainfra.com\/blog\/#organization\"},\"potentialAction\":[{\"@type\":\"SearchAction\",\"target\":{\"@type\":\"EntryPoint\",\"urlTemplate\":\"https:\/\/agenciainfra.com\/blog\/?s={search_term_string}\"},\"query-input\":{\"@type\":\"PropertyValueSpecification\",\"valueRequired\":true,\"valueName\":\"search_term_string\"}}],\"inLanguage\":\"pt-BR\"},{\"@type\":\"Organization\",\"@id\":\"https:\/\/agenciainfra.com\/blog\/#organization\",\"name\":\"Ag\u00eancia iNFRA\",\"url\":\"https:\/\/agenciainfra.com\/blog\/\",\"logo\":{\"@type\":\"ImageObject\",\"inLanguage\":\"pt-BR\",\"@id\":\"https:\/\/agenciainfra.com\/blog\/#\/schema\/logo\/image\/\",\"url\":\"https:\/\/agenciainfra.com\/blog\/wp-content\/uploads\/2023\/09\/iNFRA_5-e1761735885940.png\",\"contentUrl\":\"https:\/\/agenciainfra.com\/blog\/wp-content\/uploads\/2023\/09\/iNFRA_5-e1761735885940.png\",\"width\":1672,\"height\":454,\"caption\":\"Ag\u00eancia iNFRA\"},\"image\":{\"@id\":\"https:\/\/agenciainfra.com\/blog\/#\/schema\/logo\/image\/\"},\"sameAs\":[\"https:\/\/www.facebook.com\/ageninfra\",\"https:\/\/x.com\/agencia_infra\",\"https:\/\/www.linkedin.com\/company\/ag\u00eanciainfra\/\",\"https:\/\/www.instagram.com\/agenciainfra\/\"]},{\"@type\":\"Person\",\"@id\":\"https:\/\/agenciainfra.com\/blog\/#\/schema\/person\/34af08dff6adea4cb22b06612ba7acfa\",\"name\":\"Ag\u00eancia iNFRA\",\"image\":{\"@type\":\"ImageObject\",\"inLanguage\":\"pt-BR\",\"@id\":\"https:\/\/agenciainfra.com\/blog\/#\/schema\/person\/image\/\",\"url\":\"https:\/\/secure.gravatar.com\/avatar\/d189e01678f06d8eb84d4e01f08eb848b3fffe3f8443818d3c356c66892f5be8?s=96&d=mm&r=g\",\"contentUrl\":\"https:\/\/secure.gravatar.com\/avatar\/d189e01678f06d8eb84d4e01f08eb848b3fffe3f8443818d3c356c66892f5be8?s=96&d=mm&r=g\",\"caption\":\"Ag\u00eancia iNFRA\"},\"url\":\"https:\/\/agenciainfra.com\/blog\/author\/admin\/\"}]}<\/script>\n<!-- \/ Yoast SEO Premium plugin. -->","yoast_head_json":{"title":"iNFRADebate: Novo governo deve resgatar a defesa do interesse p\u00fablico das ferrovias e de seu papel para os portos do Brasil - Ag\u00eancia iNFRA","robots":{"index":"index","follow":"follow","max-snippet":"max-snippet:-1","max-image-preview":"max-image-preview:large","max-video-preview":"max-video-preview:-1"},"canonical":"https:\/\/agenciainfra.com\/blog\/infradebate-novo-governo-deve-resgatar-a-defesa-do-interesse-publico-das-ferrovias-e-de-seu-papel-para-os-portos-do-brasil\/","og_locale":"pt_BR","og_type":"article","og_title":"iNFRADebate: Novo governo deve resgatar a defesa do interesse p\u00fablico das ferrovias e de seu papel para os portos do Brasil","og_description":"Jos\u00e9 Manoel Ferreira Gon\u00e7alves* O embate entre as pol\u00edticas do atual governo, que foi cheio de equ\u00edvocos em in\u00fameras \u00e1reas, e a gest\u00e3o que se iniciar\u00e1 no plano federal em 2023 com o governo Lula, tem um ponto focal para o desenvolvimento das ferrovias no pa\u00eds, que em grande parte transportam mercadorias para os portos, [&hellip;]","og_url":"https:\/\/agenciainfra.com\/blog\/infradebate-novo-governo-deve-resgatar-a-defesa-do-interesse-publico-das-ferrovias-e-de-seu-papel-para-os-portos-do-brasil\/","og_site_name":"Ag\u00eancia iNFRA","article_publisher":"https:\/\/www.facebook.com\/ageninfra","article_published_time":"2022-12-21T14:00:00+00:00","article_modified_time":"2022-12-22T09:34:17+00:00","og_image":[{"width":1280,"height":863,"url":"https:\/\/agenciainfra.com\/blog\/wp-content\/uploads\/2022\/11\/jose-manoel-ferreira-goncalves-foto-redes-sociais.png","type":"image\/png"}],"author":"Ag\u00eancia iNFRA","twitter_card":"summary_large_image","twitter_creator":"@agencia_infra","twitter_site":"@agencia_infra","twitter_misc":{"Escrito por":"Ag\u00eancia iNFRA","Est. tempo de leitura":"6 minutos"},"schema":{"@context":"https:\/\/schema.org","@graph":[{"@type":"Article","@id":"https:\/\/agenciainfra.com\/blog\/infradebate-novo-governo-deve-resgatar-a-defesa-do-interesse-publico-das-ferrovias-e-de-seu-papel-para-os-portos-do-brasil\/#article","isPartOf":{"@id":"https:\/\/agenciainfra.com\/blog\/infradebate-novo-governo-deve-resgatar-a-defesa-do-interesse-publico-das-ferrovias-e-de-seu-papel-para-os-portos-do-brasil\/"},"author":{"name":"Ag\u00eancia iNFRA","@id":"https:\/\/agenciainfra.com\/blog\/#\/schema\/person\/34af08dff6adea4cb22b06612ba7acfa"},"headline":"iNFRADebate: Novo governo deve resgatar a defesa do interesse p\u00fablico das ferrovias e de seu papel para os portos do Brasil","datePublished":"2022-12-21T14:00:00+00:00","dateModified":"2022-12-22T09:34:17+00:00","mainEntityOfPage":{"@id":"https:\/\/agenciainfra.com\/blog\/infradebate-novo-governo-deve-resgatar-a-defesa-do-interesse-publico-das-ferrovias-e-de-seu-papel-para-os-portos-do-brasil\/"},"wordCount":1150,"publisher":{"@id":"https:\/\/agenciainfra.com\/blog\/#organization"},"image":{"@id":"https:\/\/agenciainfra.com\/blog\/infradebate-novo-governo-deve-resgatar-a-defesa-do-interesse-publico-das-ferrovias-e-de-seu-papel-para-os-portos-do-brasil\/#primaryimage"},"thumbnailUrl":"https:\/\/agenciainfra.com\/blog\/wp-content\/uploads\/2022\/11\/jose-manoel-ferreira-goncalves-foto-redes-sociais.png","keywords":["autoriza\u00e7\u00e3o","Ferrovias","Jos\u00e9 Manoel Ferreira Gon\u00e7alves","Malha Paulista","Minist\u00e9rio da Infraestrutura","open access","Porto de Santos","portos","Tarc\u00edsio de Freitas"],"articleSection":["Geral","iNFRADebate"],"inLanguage":"pt-BR","copyrightYear":"2022","copyrightHolder":{"@id":"https:\/\/agenciainfra.com\/blog\/#organization"}},{"@type":"WebPage","@id":"https:\/\/agenciainfra.com\/blog\/infradebate-novo-governo-deve-resgatar-a-defesa-do-interesse-publico-das-ferrovias-e-de-seu-papel-para-os-portos-do-brasil\/","url":"https:\/\/agenciainfra.com\/blog\/infradebate-novo-governo-deve-resgatar-a-defesa-do-interesse-publico-das-ferrovias-e-de-seu-papel-para-os-portos-do-brasil\/","name":"iNFRADebate: Novo governo deve resgatar a defesa do interesse p\u00fablico das ferrovias e de seu papel para os portos do Brasil - Ag\u00eancia iNFRA","isPartOf":{"@id":"https:\/\/agenciainfra.com\/blog\/#website"},"primaryImageOfPage":{"@id":"https:\/\/agenciainfra.com\/blog\/infradebate-novo-governo-deve-resgatar-a-defesa-do-interesse-publico-das-ferrovias-e-de-seu-papel-para-os-portos-do-brasil\/#primaryimage"},"image":{"@id":"https:\/\/agenciainfra.com\/blog\/infradebate-novo-governo-deve-resgatar-a-defesa-do-interesse-publico-das-ferrovias-e-de-seu-papel-para-os-portos-do-brasil\/#primaryimage"},"thumbnailUrl":"https:\/\/agenciainfra.com\/blog\/wp-content\/uploads\/2022\/11\/jose-manoel-ferreira-goncalves-foto-redes-sociais.png","datePublished":"2022-12-21T14:00:00+00:00","dateModified":"2022-12-22T09:34:17+00:00","breadcrumb":{"@id":"https:\/\/agenciainfra.com\/blog\/infradebate-novo-governo-deve-resgatar-a-defesa-do-interesse-publico-das-ferrovias-e-de-seu-papel-para-os-portos-do-brasil\/#breadcrumb"},"inLanguage":"pt-BR","potentialAction":[{"@type":"ReadAction","target":["https:\/\/agenciainfra.com\/blog\/infradebate-novo-governo-deve-resgatar-a-defesa-do-interesse-publico-das-ferrovias-e-de-seu-papel-para-os-portos-do-brasil\/"]}]},{"@type":"ImageObject","inLanguage":"pt-BR","@id":"https:\/\/agenciainfra.com\/blog\/infradebate-novo-governo-deve-resgatar-a-defesa-do-interesse-publico-das-ferrovias-e-de-seu-papel-para-os-portos-do-brasil\/#primaryimage","url":"https:\/\/agenciainfra.com\/blog\/wp-content\/uploads\/2022\/11\/jose-manoel-ferreira-goncalves-foto-redes-sociais.png","contentUrl":"https:\/\/agenciainfra.com\/blog\/wp-content\/uploads\/2022\/11\/jose-manoel-ferreira-goncalves-foto-redes-sociais.png","width":1280,"height":863},{"@type":"BreadcrumbList","@id":"https:\/\/agenciainfra.com\/blog\/infradebate-novo-governo-deve-resgatar-a-defesa-do-interesse-publico-das-ferrovias-e-de-seu-papel-para-os-portos-do-brasil\/#breadcrumb","itemListElement":[{"@type":"ListItem","position":1,"name":"In\u00edcio","item":"https:\/\/agenciainfra.com\/blog\/"},{"@type":"ListItem","position":2,"name":"iNFRADebate: Novo governo deve resgatar a defesa do interesse p\u00fablico das ferrovias e de seu papel para os portos do Brasil"}]},{"@type":"WebSite","@id":"https:\/\/agenciainfra.com\/blog\/#website","url":"https:\/\/agenciainfra.com\/blog\/","name":"Ag\u00eancia iNFRA","description":"Multiplataforma de informa\u00e7\u00e3o jornal\u00edstica refer\u00eancia na \u00e1rea de infraestrutura no Brasil!","publisher":{"@id":"https:\/\/agenciainfra.com\/blog\/#organization"},"potentialAction":[{"@type":"SearchAction","target":{"@type":"EntryPoint","urlTemplate":"https:\/\/agenciainfra.com\/blog\/?s={search_term_string}"},"query-input":{"@type":"PropertyValueSpecification","valueRequired":true,"valueName":"search_term_string"}}],"inLanguage":"pt-BR"},{"@type":"Organization","@id":"https:\/\/agenciainfra.com\/blog\/#organization","name":"Ag\u00eancia iNFRA","url":"https:\/\/agenciainfra.com\/blog\/","logo":{"@type":"ImageObject","inLanguage":"pt-BR","@id":"https:\/\/agenciainfra.com\/blog\/#\/schema\/logo\/image\/","url":"https:\/\/agenciainfra.com\/blog\/wp-content\/uploads\/2023\/09\/iNFRA_5-e1761735885940.png","contentUrl":"https:\/\/agenciainfra.com\/blog\/wp-content\/uploads\/2023\/09\/iNFRA_5-e1761735885940.png","width":1672,"height":454,"caption":"Ag\u00eancia iNFRA"},"image":{"@id":"https:\/\/agenciainfra.com\/blog\/#\/schema\/logo\/image\/"},"sameAs":["https:\/\/www.facebook.com\/ageninfra","https:\/\/x.com\/agencia_infra","https:\/\/www.linkedin.com\/company\/ag\u00eanciainfra\/","https:\/\/www.instagram.com\/agenciainfra\/"]},{"@type":"Person","@id":"https:\/\/agenciainfra.com\/blog\/#\/schema\/person\/34af08dff6adea4cb22b06612ba7acfa","name":"Ag\u00eancia iNFRA","image":{"@type":"ImageObject","inLanguage":"pt-BR","@id":"https:\/\/agenciainfra.com\/blog\/#\/schema\/person\/image\/","url":"https:\/\/secure.gravatar.com\/avatar\/d189e01678f06d8eb84d4e01f08eb848b3fffe3f8443818d3c356c66892f5be8?s=96&d=mm&r=g","contentUrl":"https:\/\/secure.gravatar.com\/avatar\/d189e01678f06d8eb84d4e01f08eb848b3fffe3f8443818d3c356c66892f5be8?s=96&d=mm&r=g","caption":"Ag\u00eancia iNFRA"},"url":"https:\/\/agenciainfra.com\/blog\/author\/admin\/"}]}},"_links":{"self":[{"href":"https:\/\/agenciainfra.com\/blog\/wp-json\/wp\/v2\/posts\/11945","targetHints":{"allow":["GET"]}}],"collection":[{"href":"https:\/\/agenciainfra.com\/blog\/wp-json\/wp\/v2\/posts"}],"about":[{"href":"https:\/\/agenciainfra.com\/blog\/wp-json\/wp\/v2\/types\/post"}],"author":[{"embeddable":true,"href":"https:\/\/agenciainfra.com\/blog\/wp-json\/wp\/v2\/users\/1"}],"replies":[{"embeddable":true,"href":"https:\/\/agenciainfra.com\/blog\/wp-json\/wp\/v2\/comments?post=11945"}],"version-history":[{"count":0,"href":"https:\/\/agenciainfra.com\/blog\/wp-json\/wp\/v2\/posts\/11945\/revisions"}],"wp:featuredmedia":[{"embeddable":true,"href":"https:\/\/agenciainfra.com\/blog\/wp-json\/wp\/v2\/media\/11715"}],"wp:attachment":[{"href":"https:\/\/agenciainfra.com\/blog\/wp-json\/wp\/v2\/media?parent=11945"}],"wp:term":[{"taxonomy":"category","embeddable":true,"href":"https:\/\/agenciainfra.com\/blog\/wp-json\/wp\/v2\/categories?post=11945"},{"taxonomy":"post_tag","embeddable":true,"href":"https:\/\/agenciainfra.com\/blog\/wp-json\/wp\/v2\/tags?post=11945"}],"curies":[{"name":"wp","href":"https:\/\/api.w.org\/{rel}","templated":true}]}}