{"id":11959,"date":"2022-12-23T10:04:30","date_gmt":"2022-12-23T13:04:30","guid":{"rendered":"https:\/\/www.agenciainfra.com\/blog\/?p=11959"},"modified":"2022-12-23T11:35:11","modified_gmt":"2022-12-23T14:35:11","slug":"receio-de-concentracao-de-poder-na-eletrobras-e-novidade-em-relatorio-da-transicao-sobre-o-setor-eletrico","status":"publish","type":"post","link":"https:\/\/agenciainfra.com\/blog\/receio-de-concentracao-de-poder-na-eletrobras-e-novidade-em-relatorio-da-transicao-sobre-o-setor-eletrico\/","title":{"rendered":"Receio de concentra\u00e7\u00e3o de poder na Eletrobras \u00e9 novidade em relat\u00f3rio da transi\u00e7\u00e3o sobre o setor el\u00e9trico"},"content":{"rendered":"\n<p class=\"has-text-align-right\"><strong>Roberto Rockmann*<\/strong><\/p>\n\n\n\n<p>Divulgado nesta quinta-feira (22), o <a rel=\"noreferrer noopener\" href=\"https:\/\/gabinetedatransicao.com.br\/noticias\/relatorio-final-do-gabinete-de-transicao-governamental\/\" data-type=\"URL\" data-id=\"https:\/\/gabinetedatransicao.com.br\/noticias\/relatorio-final-do-gabinete-de-transicao-governamental\/\" target=\"_blank\">Relat\u00f3rio de Transi\u00e7\u00e3o<\/a> trouxe uma novidade que n\u00e3o vinha sendo dita publicamente pela equipe de transi\u00e7\u00e3o: receio com a concentra\u00e7\u00e3o de poder da Eletrobras no setor el\u00e9trico ap\u00f3s sua capitaliza\u00e7\u00e3o.<\/p>\n\n\n\n<p>Fica em d\u00favida o que o novo governo poder\u00e1 fazer para tratar desse ponto. Isso \u00e9 mais um sinal de que a nova dire\u00e7\u00e3o da empresa e os acionistas ter\u00e3o desafios a superar, muito al\u00e9m da nova remunera\u00e7\u00e3o, que est\u00e1 sendo discutida pelo governo rec\u00e9m-eleito.<\/p>\n\n\n\n<p>O relat\u00f3rio aponta que no setor el\u00e9trico \u201ca principal preocupa\u00e7\u00e3o diz respeito \u00e0 mitiga\u00e7\u00e3o das consequ\u00eancias negativas da privatiza\u00e7\u00e3o da Eletrobras sobre as tarifas do setor el\u00e9trico, em fun\u00e7\u00e3o do processo de &#8216;descotiza\u00e7\u00e3o&#8217; e da concentra\u00e7\u00e3o de poder de mercado em uma empresa privada\u201d.<\/p>\n\n\n\n<p>Maior empresa de gera\u00e7\u00e3o de energia el\u00e9trica brasileira, com capacidade geradora equivalente a 23% do total da capacidade instalada do pa\u00eds, a Eletrobras \u00e9 dona da maior parte dos reservat\u00f3rios de acumula\u00e7\u00e3o no Brasil. Ainda \u00e9 a maior agente no setor de transmiss\u00e3o.<\/p>\n\n\n\n<p>Com mais de 95% de seu parque com fontes renov\u00e1veis, a empresa tem um grande portf\u00f3lio de hidrel\u00e9tricas, geradoras de I-Recs, certificados de energia renov\u00e1vel. E dever\u00e1 ampliar com vigor sua presen\u00e7a no segmento de comercializa\u00e7\u00e3o de energia el\u00e9trica.<\/p>\n\n\n\n<p>Se em gera\u00e7\u00e3o a Eletrobras \u00e9 l\u00edder desde sua cria\u00e7\u00e3o h\u00e1 mais de 60 anos, em comercializa\u00e7\u00e3o o retrato \u00e9 outro. As cinco maiores comercializadoras (Cemig, Engie, Copel, Enel, BTG) det\u00eam 22,1% do segmento, de acordo com dados de recente estudo do Grupo de Energia El\u00e9trica da Universidade de Bras\u00edlia.<\/p>\n\n\n\n<p>Para o governo Bolsonaro, a capitaliza\u00e7\u00e3o da empresa com a atra\u00e7\u00e3o de v\u00e1rios acionistas em uma estrutura pulverizada evitaria o tema da concentra\u00e7\u00e3o. Para alguns especialistas, n\u00e3o, j\u00e1 que a empresa poderia inviabilizar um ambiente adequado de competi\u00e7\u00e3o. O Cade (Conselho Administrativo de Defesa Econ\u00f4mica) n\u00e3o teria se envolvido a fundo na discuss\u00e3o.<\/p>\n\n\n\n<p>Tudo isso coincide com um cronograma estabelecido a partir de sua capitaliza\u00e7\u00e3o. A empresa come\u00e7ar\u00e1 a descotizar parte de sua energia nos pr\u00f3ximos dias. Cerca de 8 GW m\u00e9dios de energia da empresa, a partir de janeiro, \u00e0 raz\u00e3o de 20% a partir do pr\u00f3ximo ano, ser\u00e3o liberados ao mercado. A abertura do mercado para a alta tens\u00e3o a partir de 2024 contribuir\u00e1 para aumentar a oferta.<\/p>\n\n\n\n<p>O Relat\u00f3rio de Transi\u00e7\u00e3o fez especialistas questionarem o que o novo governo poderia discutir para o que chama de \u201cmitiga\u00e7\u00e3o das consequ\u00eancias negativas da privatiza\u00e7\u00e3o da Eletrobras sobre as tarifas do setor el\u00e9trico, em fun\u00e7\u00e3o do processo de &#8216;descotiza\u00e7\u00e3o&#8217; e da concentra\u00e7\u00e3o de poder de mercado em uma empresa privada\u201d.<\/p>\n\n\n\n<p>A privatiza\u00e7\u00e3o foi conclu\u00edda com \u00eaxito depois de mais de duas d\u00e9cadas de tentativas, mas novas regras para evitar essa concentra\u00e7\u00e3o de poder ser\u00e3o criadas? Quais seriam elas? Essas s\u00e3o algumas d\u00favidas que estar\u00e3o na cabe\u00e7a de investidores e especialistas nas pr\u00f3ximas semanas.<\/p>\n\n\n\n<h6 class=\"wp-block-heading\" id=\"block-f323f59b-51bf-4eed-b17b-3c7d3b917007\">*Roberto Rockmann <strong>\u00e9 escritor e jornalista. Coautor do livro \u201cCurto-Circuito, quando o Brasil quase ficou \u00e0s escuras\u201d e produtor do podcast quinzenal \u201cGiro Energia\u201d sobre o setor el\u00e9trico. Organizou em 2018 o livro de 20 anos do mercado livre de energia el\u00e9trica, editado pela CCEE (C\u00e2mara de Comercializa\u00e7\u00e3o de Energia El\u00e9trica), al\u00e9m de v\u00e1rios outros livros e trabalhos premiados<\/strong>.<\/h6>\n\n\n\n<p><strong>As opini\u00f5es dos autores n\u00e3o refletem necessariamente o pensamento da Ag\u00eancia iNFRA, sendo de total responsabilidade do autor as informa\u00e7\u00f5es, ju\u00edzos de valor e conceitos descritos no texto<\/strong>. <\/p>\n","protected":false},"excerpt":{"rendered":"<p>Roberto Rockmann* Divulgado nesta quinta-feira (22), o Relat\u00f3rio de Transi\u00e7\u00e3o trouxe uma novidade que n\u00e3o vinha sendo dita publicamente pela equipe de transi\u00e7\u00e3o: receio com a concentra\u00e7\u00e3o de poder da Eletrobras no setor el\u00e9trico ap\u00f3s sua capitaliza\u00e7\u00e3o. Fica em d\u00favida o que o novo governo poder\u00e1 fazer para tratar desse ponto. Isso \u00e9 mais um [&hellip;]<\/p>\n","protected":false},"author":1,"featured_media":11428,"comment_status":"closed","ping_status":"closed","sticky":false,"template":"","format":"standard","meta":{"_monsterinsights_skip_tracking":false,"_monsterinsights_sitenote_active":false,"_monsterinsights_sitenote_note":"","_monsterinsights_sitenote_category":0,"footnotes":""},"categories":[1],"tags":[371,1430,50,6162,2649,6242,635,6241,51,54],"class_list":["post-11959","post","type-post","status-publish","format-standard","has-post-thumbnail","hentry","category-geral","tag-cade","tag-capitalizacao","tag-eletrobras","tag-equipe-de-transicao","tag-fontes-renovaveis","tag-grupo-de-energia-eletrica","tag-hidreletricas","tag-i-recs","tag-privatizacao","tag-setor-eletrico"],"yoast_head":"<!-- This site is optimized with the Yoast SEO Premium plugin v25.4 (Yoast SEO v26.0) - https:\/\/yoast.com\/wordpress\/plugins\/seo\/ -->\n<title>Receio de concentra\u00e7\u00e3o de poder na Eletrobras \u00e9 novidade em relat\u00f3rio da transi\u00e7\u00e3o sobre o setor el\u00e9trico - Ag\u00eancia iNFRA<\/title>\n<meta name=\"robots\" content=\"index, follow, max-snippet:-1, max-image-preview:large, max-video-preview:-1\" \/>\n<link rel=\"canonical\" href=\"https:\/\/agenciainfra.com\/blog\/receio-de-concentracao-de-poder-na-eletrobras-e-novidade-em-relatorio-da-transicao-sobre-o-setor-eletrico\/\" \/>\n<meta property=\"og:locale\" content=\"pt_BR\" \/>\n<meta property=\"og:type\" content=\"article\" \/>\n<meta property=\"og:title\" content=\"Receio de concentra\u00e7\u00e3o de poder na Eletrobras \u00e9 novidade em relat\u00f3rio da transi\u00e7\u00e3o sobre o setor el\u00e9trico\" \/>\n<meta property=\"og:description\" content=\"Roberto Rockmann* Divulgado nesta quinta-feira (22), o Relat\u00f3rio de Transi\u00e7\u00e3o trouxe uma novidade que n\u00e3o vinha sendo dita publicamente pela equipe de transi\u00e7\u00e3o: receio com a concentra\u00e7\u00e3o de poder da Eletrobras no setor el\u00e9trico ap\u00f3s sua capitaliza\u00e7\u00e3o. Fica em d\u00favida o que o novo governo poder\u00e1 fazer para tratar desse ponto. Isso \u00e9 mais um [&hellip;]\" \/>\n<meta property=\"og:url\" content=\"https:\/\/agenciainfra.com\/blog\/receio-de-concentracao-de-poder-na-eletrobras-e-novidade-em-relatorio-da-transicao-sobre-o-setor-eletrico\/\" \/>\n<meta property=\"og:site_name\" content=\"Ag\u00eancia iNFRA\" \/>\n<meta property=\"article:publisher\" content=\"https:\/\/www.facebook.com\/ageninfra\" \/>\n<meta property=\"article:published_time\" content=\"2022-12-23T13:04:30+00:00\" \/>\n<meta property=\"article:modified_time\" content=\"2022-12-23T14:35:11+00:00\" \/>\n<meta property=\"og:image\" content=\"https:\/\/agenciainfra.com\/blog\/wp-content\/uploads\/2022\/09\/eletrobras-foto-fernando-frazao-agencia-brasil.jpeg\" \/>\n\t<meta property=\"og:image:width\" content=\"1280\" \/>\n\t<meta property=\"og:image:height\" content=\"766\" \/>\n\t<meta property=\"og:image:type\" content=\"image\/jpeg\" \/>\n<meta name=\"author\" content=\"Ag\u00eancia iNFRA\" \/>\n<meta name=\"twitter:card\" content=\"summary_large_image\" \/>\n<meta name=\"twitter:creator\" content=\"@agencia_infra\" \/>\n<meta name=\"twitter:site\" content=\"@agencia_infra\" \/>\n<meta name=\"twitter:label1\" content=\"Escrito por\" \/>\n\t<meta name=\"twitter:data1\" content=\"Ag\u00eancia iNFRA\" \/>\n\t<meta name=\"twitter:label2\" content=\"Est. tempo de leitura\" \/>\n\t<meta name=\"twitter:data2\" content=\"3 minutos\" \/>\n<script type=\"application\/ld+json\" class=\"yoast-schema-graph\">{\"@context\":\"https:\/\/schema.org\",\"@graph\":[{\"@type\":\"Article\",\"@id\":\"https:\/\/agenciainfra.com\/blog\/receio-de-concentracao-de-poder-na-eletrobras-e-novidade-em-relatorio-da-transicao-sobre-o-setor-eletrico\/#article\",\"isPartOf\":{\"@id\":\"https:\/\/agenciainfra.com\/blog\/receio-de-concentracao-de-poder-na-eletrobras-e-novidade-em-relatorio-da-transicao-sobre-o-setor-eletrico\/\"},\"author\":{\"name\":\"Ag\u00eancia iNFRA\",\"@id\":\"https:\/\/agenciainfra.com\/blog\/#\/schema\/person\/34af08dff6adea4cb22b06612ba7acfa\"},\"headline\":\"Receio de concentra\u00e7\u00e3o de poder na Eletrobras \u00e9 novidade em relat\u00f3rio da transi\u00e7\u00e3o sobre o setor el\u00e9trico\",\"datePublished\":\"2022-12-23T13:04:30+00:00\",\"dateModified\":\"2022-12-23T14:35:11+00:00\",\"mainEntityOfPage\":{\"@id\":\"https:\/\/agenciainfra.com\/blog\/receio-de-concentracao-de-poder-na-eletrobras-e-novidade-em-relatorio-da-transicao-sobre-o-setor-eletrico\/\"},\"wordCount\":652,\"publisher\":{\"@id\":\"https:\/\/agenciainfra.com\/blog\/#organization\"},\"image\":{\"@id\":\"https:\/\/agenciainfra.com\/blog\/receio-de-concentracao-de-poder-na-eletrobras-e-novidade-em-relatorio-da-transicao-sobre-o-setor-eletrico\/#primaryimage\"},\"thumbnailUrl\":\"https:\/\/agenciainfra.com\/blog\/wp-content\/uploads\/2022\/09\/eletrobras-foto-fernando-frazao-agencia-brasil.jpeg\",\"keywords\":[\"Cade\",\"capitaliza\u00e7\u00e3o\",\"Eletrobras\",\"equipe de transi\u00e7\u00e3o\",\"fontes renov\u00e1veis\",\"Grupo de Energia El\u00e9trica\",\"Hidrel\u00e9tricas\",\"I-Recs\",\"Privatiza\u00e7\u00e3o\",\"Setor El\u00e9trico\"],\"articleSection\":[\"Geral\"],\"inLanguage\":\"pt-BR\",\"copyrightYear\":\"2022\",\"copyrightHolder\":{\"@id\":\"https:\/\/agenciainfra.com\/blog\/#organization\"}},{\"@type\":\"WebPage\",\"@id\":\"https:\/\/agenciainfra.com\/blog\/receio-de-concentracao-de-poder-na-eletrobras-e-novidade-em-relatorio-da-transicao-sobre-o-setor-eletrico\/\",\"url\":\"https:\/\/agenciainfra.com\/blog\/receio-de-concentracao-de-poder-na-eletrobras-e-novidade-em-relatorio-da-transicao-sobre-o-setor-eletrico\/\",\"name\":\"Receio de concentra\u00e7\u00e3o de poder na Eletrobras \u00e9 novidade em relat\u00f3rio da transi\u00e7\u00e3o sobre o setor el\u00e9trico - Ag\u00eancia iNFRA\",\"isPartOf\":{\"@id\":\"https:\/\/agenciainfra.com\/blog\/#website\"},\"primaryImageOfPage\":{\"@id\":\"https:\/\/agenciainfra.com\/blog\/receio-de-concentracao-de-poder-na-eletrobras-e-novidade-em-relatorio-da-transicao-sobre-o-setor-eletrico\/#primaryimage\"},\"image\":{\"@id\":\"https:\/\/agenciainfra.com\/blog\/receio-de-concentracao-de-poder-na-eletrobras-e-novidade-em-relatorio-da-transicao-sobre-o-setor-eletrico\/#primaryimage\"},\"thumbnailUrl\":\"https:\/\/agenciainfra.com\/blog\/wp-content\/uploads\/2022\/09\/eletrobras-foto-fernando-frazao-agencia-brasil.jpeg\",\"datePublished\":\"2022-12-23T13:04:30+00:00\",\"dateModified\":\"2022-12-23T14:35:11+00:00\",\"breadcrumb\":{\"@id\":\"https:\/\/agenciainfra.com\/blog\/receio-de-concentracao-de-poder-na-eletrobras-e-novidade-em-relatorio-da-transicao-sobre-o-setor-eletrico\/#breadcrumb\"},\"inLanguage\":\"pt-BR\",\"potentialAction\":[{\"@type\":\"ReadAction\",\"target\":[\"https:\/\/agenciainfra.com\/blog\/receio-de-concentracao-de-poder-na-eletrobras-e-novidade-em-relatorio-da-transicao-sobre-o-setor-eletrico\/\"]}]},{\"@type\":\"ImageObject\",\"inLanguage\":\"pt-BR\",\"@id\":\"https:\/\/agenciainfra.com\/blog\/receio-de-concentracao-de-poder-na-eletrobras-e-novidade-em-relatorio-da-transicao-sobre-o-setor-eletrico\/#primaryimage\",\"url\":\"https:\/\/agenciainfra.com\/blog\/wp-content\/uploads\/2022\/09\/eletrobras-foto-fernando-frazao-agencia-brasil.jpeg\",\"contentUrl\":\"https:\/\/agenciainfra.com\/blog\/wp-content\/uploads\/2022\/09\/eletrobras-foto-fernando-frazao-agencia-brasil.jpeg\",\"width\":1280,\"height\":766,\"caption\":\"Foto: Fernando Fraz\u00e3o\/Ag\u00eancia Brasil\"},{\"@type\":\"BreadcrumbList\",\"@id\":\"https:\/\/agenciainfra.com\/blog\/receio-de-concentracao-de-poder-na-eletrobras-e-novidade-em-relatorio-da-transicao-sobre-o-setor-eletrico\/#breadcrumb\",\"itemListElement\":[{\"@type\":\"ListItem\",\"position\":1,\"name\":\"In\u00edcio\",\"item\":\"https:\/\/agenciainfra.com\/blog\/\"},{\"@type\":\"ListItem\",\"position\":2,\"name\":\"Receio de concentra\u00e7\u00e3o de poder na Eletrobras \u00e9 novidade em relat\u00f3rio da transi\u00e7\u00e3o sobre o setor el\u00e9trico\"}]},{\"@type\":\"WebSite\",\"@id\":\"https:\/\/agenciainfra.com\/blog\/#website\",\"url\":\"https:\/\/agenciainfra.com\/blog\/\",\"name\":\"Ag\u00eancia iNFRA\",\"description\":\"Multiplataforma de informa\u00e7\u00e3o jornal\u00edstica refer\u00eancia na \u00e1rea de infraestrutura no Brasil!\",\"publisher\":{\"@id\":\"https:\/\/agenciainfra.com\/blog\/#organization\"},\"potentialAction\":[{\"@type\":\"SearchAction\",\"target\":{\"@type\":\"EntryPoint\",\"urlTemplate\":\"https:\/\/agenciainfra.com\/blog\/?s={search_term_string}\"},\"query-input\":{\"@type\":\"PropertyValueSpecification\",\"valueRequired\":true,\"valueName\":\"search_term_string\"}}],\"inLanguage\":\"pt-BR\"},{\"@type\":\"Organization\",\"@id\":\"https:\/\/agenciainfra.com\/blog\/#organization\",\"name\":\"Ag\u00eancia iNFRA\",\"url\":\"https:\/\/agenciainfra.com\/blog\/\",\"logo\":{\"@type\":\"ImageObject\",\"inLanguage\":\"pt-BR\",\"@id\":\"https:\/\/agenciainfra.com\/blog\/#\/schema\/logo\/image\/\",\"url\":\"https:\/\/agenciainfra.com\/blog\/wp-content\/uploads\/2023\/09\/iNFRA_5-e1761735885940.png\",\"contentUrl\":\"https:\/\/agenciainfra.com\/blog\/wp-content\/uploads\/2023\/09\/iNFRA_5-e1761735885940.png\",\"width\":1672,\"height\":454,\"caption\":\"Ag\u00eancia iNFRA\"},\"image\":{\"@id\":\"https:\/\/agenciainfra.com\/blog\/#\/schema\/logo\/image\/\"},\"sameAs\":[\"https:\/\/www.facebook.com\/ageninfra\",\"https:\/\/x.com\/agencia_infra\",\"https:\/\/www.linkedin.com\/company\/ag\u00eanciainfra\/\",\"https:\/\/www.instagram.com\/agenciainfra\/\"]},{\"@type\":\"Person\",\"@id\":\"https:\/\/agenciainfra.com\/blog\/#\/schema\/person\/34af08dff6adea4cb22b06612ba7acfa\",\"name\":\"Ag\u00eancia iNFRA\",\"image\":{\"@type\":\"ImageObject\",\"inLanguage\":\"pt-BR\",\"@id\":\"https:\/\/agenciainfra.com\/blog\/#\/schema\/person\/image\/\",\"url\":\"https:\/\/secure.gravatar.com\/avatar\/d189e01678f06d8eb84d4e01f08eb848b3fffe3f8443818d3c356c66892f5be8?s=96&d=mm&r=g\",\"contentUrl\":\"https:\/\/secure.gravatar.com\/avatar\/d189e01678f06d8eb84d4e01f08eb848b3fffe3f8443818d3c356c66892f5be8?s=96&d=mm&r=g\",\"caption\":\"Ag\u00eancia iNFRA\"},\"url\":\"https:\/\/agenciainfra.com\/blog\/author\/admin\/\"}]}<\/script>\n<!-- \/ Yoast SEO Premium plugin. -->","yoast_head_json":{"title":"Receio de concentra\u00e7\u00e3o de poder na Eletrobras \u00e9 novidade em relat\u00f3rio da transi\u00e7\u00e3o sobre o setor el\u00e9trico - Ag\u00eancia iNFRA","robots":{"index":"index","follow":"follow","max-snippet":"max-snippet:-1","max-image-preview":"max-image-preview:large","max-video-preview":"max-video-preview:-1"},"canonical":"https:\/\/agenciainfra.com\/blog\/receio-de-concentracao-de-poder-na-eletrobras-e-novidade-em-relatorio-da-transicao-sobre-o-setor-eletrico\/","og_locale":"pt_BR","og_type":"article","og_title":"Receio de concentra\u00e7\u00e3o de poder na Eletrobras \u00e9 novidade em relat\u00f3rio da transi\u00e7\u00e3o sobre o setor el\u00e9trico","og_description":"Roberto Rockmann* Divulgado nesta quinta-feira (22), o Relat\u00f3rio de Transi\u00e7\u00e3o trouxe uma novidade que n\u00e3o vinha sendo dita publicamente pela equipe de transi\u00e7\u00e3o: receio com a concentra\u00e7\u00e3o de poder da Eletrobras no setor el\u00e9trico ap\u00f3s sua capitaliza\u00e7\u00e3o. Fica em d\u00favida o que o novo governo poder\u00e1 fazer para tratar desse ponto. Isso \u00e9 mais um [&hellip;]","og_url":"https:\/\/agenciainfra.com\/blog\/receio-de-concentracao-de-poder-na-eletrobras-e-novidade-em-relatorio-da-transicao-sobre-o-setor-eletrico\/","og_site_name":"Ag\u00eancia iNFRA","article_publisher":"https:\/\/www.facebook.com\/ageninfra","article_published_time":"2022-12-23T13:04:30+00:00","article_modified_time":"2022-12-23T14:35:11+00:00","og_image":[{"width":1280,"height":766,"url":"https:\/\/agenciainfra.com\/blog\/wp-content\/uploads\/2022\/09\/eletrobras-foto-fernando-frazao-agencia-brasil.jpeg","type":"image\/jpeg"}],"author":"Ag\u00eancia iNFRA","twitter_card":"summary_large_image","twitter_creator":"@agencia_infra","twitter_site":"@agencia_infra","twitter_misc":{"Escrito por":"Ag\u00eancia iNFRA","Est. tempo de leitura":"3 minutos"},"schema":{"@context":"https:\/\/schema.org","@graph":[{"@type":"Article","@id":"https:\/\/agenciainfra.com\/blog\/receio-de-concentracao-de-poder-na-eletrobras-e-novidade-em-relatorio-da-transicao-sobre-o-setor-eletrico\/#article","isPartOf":{"@id":"https:\/\/agenciainfra.com\/blog\/receio-de-concentracao-de-poder-na-eletrobras-e-novidade-em-relatorio-da-transicao-sobre-o-setor-eletrico\/"},"author":{"name":"Ag\u00eancia iNFRA","@id":"https:\/\/agenciainfra.com\/blog\/#\/schema\/person\/34af08dff6adea4cb22b06612ba7acfa"},"headline":"Receio de concentra\u00e7\u00e3o de poder na Eletrobras \u00e9 novidade em relat\u00f3rio da transi\u00e7\u00e3o sobre o setor el\u00e9trico","datePublished":"2022-12-23T13:04:30+00:00","dateModified":"2022-12-23T14:35:11+00:00","mainEntityOfPage":{"@id":"https:\/\/agenciainfra.com\/blog\/receio-de-concentracao-de-poder-na-eletrobras-e-novidade-em-relatorio-da-transicao-sobre-o-setor-eletrico\/"},"wordCount":652,"publisher":{"@id":"https:\/\/agenciainfra.com\/blog\/#organization"},"image":{"@id":"https:\/\/agenciainfra.com\/blog\/receio-de-concentracao-de-poder-na-eletrobras-e-novidade-em-relatorio-da-transicao-sobre-o-setor-eletrico\/#primaryimage"},"thumbnailUrl":"https:\/\/agenciainfra.com\/blog\/wp-content\/uploads\/2022\/09\/eletrobras-foto-fernando-frazao-agencia-brasil.jpeg","keywords":["Cade","capitaliza\u00e7\u00e3o","Eletrobras","equipe de transi\u00e7\u00e3o","fontes renov\u00e1veis","Grupo de Energia El\u00e9trica","Hidrel\u00e9tricas","I-Recs","Privatiza\u00e7\u00e3o","Setor El\u00e9trico"],"articleSection":["Geral"],"inLanguage":"pt-BR","copyrightYear":"2022","copyrightHolder":{"@id":"https:\/\/agenciainfra.com\/blog\/#organization"}},{"@type":"WebPage","@id":"https:\/\/agenciainfra.com\/blog\/receio-de-concentracao-de-poder-na-eletrobras-e-novidade-em-relatorio-da-transicao-sobre-o-setor-eletrico\/","url":"https:\/\/agenciainfra.com\/blog\/receio-de-concentracao-de-poder-na-eletrobras-e-novidade-em-relatorio-da-transicao-sobre-o-setor-eletrico\/","name":"Receio de concentra\u00e7\u00e3o de poder na Eletrobras \u00e9 novidade em relat\u00f3rio da transi\u00e7\u00e3o sobre o setor el\u00e9trico - Ag\u00eancia iNFRA","isPartOf":{"@id":"https:\/\/agenciainfra.com\/blog\/#website"},"primaryImageOfPage":{"@id":"https:\/\/agenciainfra.com\/blog\/receio-de-concentracao-de-poder-na-eletrobras-e-novidade-em-relatorio-da-transicao-sobre-o-setor-eletrico\/#primaryimage"},"image":{"@id":"https:\/\/agenciainfra.com\/blog\/receio-de-concentracao-de-poder-na-eletrobras-e-novidade-em-relatorio-da-transicao-sobre-o-setor-eletrico\/#primaryimage"},"thumbnailUrl":"https:\/\/agenciainfra.com\/blog\/wp-content\/uploads\/2022\/09\/eletrobras-foto-fernando-frazao-agencia-brasil.jpeg","datePublished":"2022-12-23T13:04:30+00:00","dateModified":"2022-12-23T14:35:11+00:00","breadcrumb":{"@id":"https:\/\/agenciainfra.com\/blog\/receio-de-concentracao-de-poder-na-eletrobras-e-novidade-em-relatorio-da-transicao-sobre-o-setor-eletrico\/#breadcrumb"},"inLanguage":"pt-BR","potentialAction":[{"@type":"ReadAction","target":["https:\/\/agenciainfra.com\/blog\/receio-de-concentracao-de-poder-na-eletrobras-e-novidade-em-relatorio-da-transicao-sobre-o-setor-eletrico\/"]}]},{"@type":"ImageObject","inLanguage":"pt-BR","@id":"https:\/\/agenciainfra.com\/blog\/receio-de-concentracao-de-poder-na-eletrobras-e-novidade-em-relatorio-da-transicao-sobre-o-setor-eletrico\/#primaryimage","url":"https:\/\/agenciainfra.com\/blog\/wp-content\/uploads\/2022\/09\/eletrobras-foto-fernando-frazao-agencia-brasil.jpeg","contentUrl":"https:\/\/agenciainfra.com\/blog\/wp-content\/uploads\/2022\/09\/eletrobras-foto-fernando-frazao-agencia-brasil.jpeg","width":1280,"height":766,"caption":"Foto: Fernando Fraz\u00e3o\/Ag\u00eancia Brasil"},{"@type":"BreadcrumbList","@id":"https:\/\/agenciainfra.com\/blog\/receio-de-concentracao-de-poder-na-eletrobras-e-novidade-em-relatorio-da-transicao-sobre-o-setor-eletrico\/#breadcrumb","itemListElement":[{"@type":"ListItem","position":1,"name":"In\u00edcio","item":"https:\/\/agenciainfra.com\/blog\/"},{"@type":"ListItem","position":2,"name":"Receio de concentra\u00e7\u00e3o de poder na Eletrobras \u00e9 novidade em relat\u00f3rio da transi\u00e7\u00e3o sobre o setor el\u00e9trico"}]},{"@type":"WebSite","@id":"https:\/\/agenciainfra.com\/blog\/#website","url":"https:\/\/agenciainfra.com\/blog\/","name":"Ag\u00eancia iNFRA","description":"Multiplataforma de informa\u00e7\u00e3o jornal\u00edstica refer\u00eancia na \u00e1rea de infraestrutura no Brasil!","publisher":{"@id":"https:\/\/agenciainfra.com\/blog\/#organization"},"potentialAction":[{"@type":"SearchAction","target":{"@type":"EntryPoint","urlTemplate":"https:\/\/agenciainfra.com\/blog\/?s={search_term_string}"},"query-input":{"@type":"PropertyValueSpecification","valueRequired":true,"valueName":"search_term_string"}}],"inLanguage":"pt-BR"},{"@type":"Organization","@id":"https:\/\/agenciainfra.com\/blog\/#organization","name":"Ag\u00eancia iNFRA","url":"https:\/\/agenciainfra.com\/blog\/","logo":{"@type":"ImageObject","inLanguage":"pt-BR","@id":"https:\/\/agenciainfra.com\/blog\/#\/schema\/logo\/image\/","url":"https:\/\/agenciainfra.com\/blog\/wp-content\/uploads\/2023\/09\/iNFRA_5-e1761735885940.png","contentUrl":"https:\/\/agenciainfra.com\/blog\/wp-content\/uploads\/2023\/09\/iNFRA_5-e1761735885940.png","width":1672,"height":454,"caption":"Ag\u00eancia iNFRA"},"image":{"@id":"https:\/\/agenciainfra.com\/blog\/#\/schema\/logo\/image\/"},"sameAs":["https:\/\/www.facebook.com\/ageninfra","https:\/\/x.com\/agencia_infra","https:\/\/www.linkedin.com\/company\/ag\u00eanciainfra\/","https:\/\/www.instagram.com\/agenciainfra\/"]},{"@type":"Person","@id":"https:\/\/agenciainfra.com\/blog\/#\/schema\/person\/34af08dff6adea4cb22b06612ba7acfa","name":"Ag\u00eancia iNFRA","image":{"@type":"ImageObject","inLanguage":"pt-BR","@id":"https:\/\/agenciainfra.com\/blog\/#\/schema\/person\/image\/","url":"https:\/\/secure.gravatar.com\/avatar\/d189e01678f06d8eb84d4e01f08eb848b3fffe3f8443818d3c356c66892f5be8?s=96&d=mm&r=g","contentUrl":"https:\/\/secure.gravatar.com\/avatar\/d189e01678f06d8eb84d4e01f08eb848b3fffe3f8443818d3c356c66892f5be8?s=96&d=mm&r=g","caption":"Ag\u00eancia iNFRA"},"url":"https:\/\/agenciainfra.com\/blog\/author\/admin\/"}]}},"_links":{"self":[{"href":"https:\/\/agenciainfra.com\/blog\/wp-json\/wp\/v2\/posts\/11959","targetHints":{"allow":["GET"]}}],"collection":[{"href":"https:\/\/agenciainfra.com\/blog\/wp-json\/wp\/v2\/posts"}],"about":[{"href":"https:\/\/agenciainfra.com\/blog\/wp-json\/wp\/v2\/types\/post"}],"author":[{"embeddable":true,"href":"https:\/\/agenciainfra.com\/blog\/wp-json\/wp\/v2\/users\/1"}],"replies":[{"embeddable":true,"href":"https:\/\/agenciainfra.com\/blog\/wp-json\/wp\/v2\/comments?post=11959"}],"version-history":[{"count":0,"href":"https:\/\/agenciainfra.com\/blog\/wp-json\/wp\/v2\/posts\/11959\/revisions"}],"wp:featuredmedia":[{"embeddable":true,"href":"https:\/\/agenciainfra.com\/blog\/wp-json\/wp\/v2\/media\/11428"}],"wp:attachment":[{"href":"https:\/\/agenciainfra.com\/blog\/wp-json\/wp\/v2\/media?parent=11959"}],"wp:term":[{"taxonomy":"category","embeddable":true,"href":"https:\/\/agenciainfra.com\/blog\/wp-json\/wp\/v2\/categories?post=11959"},{"taxonomy":"post_tag","embeddable":true,"href":"https:\/\/agenciainfra.com\/blog\/wp-json\/wp\/v2\/tags?post=11959"}],"curies":[{"name":"wp","href":"https:\/\/api.w.org\/{rel}","templated":true}]}}