{"id":11976,"date":"2023-01-03T09:00:00","date_gmt":"2023-01-03T12:00:00","guid":{"rendered":"https:\/\/www.agenciainfra.com\/blog\/?p=11976"},"modified":"2023-01-02T17:59:55","modified_gmt":"2023-01-02T20:59:55","slug":"bndes-e-petrobras-terao-papel-fundamental-na-retomada-do-crescimento-diz-lula","status":"publish","type":"post","link":"https:\/\/agenciainfra.com\/blog\/bndes-e-petrobras-terao-papel-fundamental-na-retomada-do-crescimento-diz-lula\/","title":{"rendered":"BNDES e Petrobras ter\u00e3o papel fundamental na retomada do crescimento, diz Lula"},"content":{"rendered":"\n<p class=\"has-text-align-right\"><strong>da equipe da Ag\u00eancia iNFRA<\/strong><\/p>\n\n\n\n<p>Em seu discurso de posse no terceiro mandato como presidente da Rep\u00fablica no domingo (1\u00ba), Luiz In\u00e1cio Lula da Silva voltou a ressaltar o papel de estatais como indutoras do crescimento em seu governo, especialmente a Petrobras e o BNDES (Banco Nacional de Desenvolvimento Econ\u00f4mico e Social).<br><br>\u201cOs bancos p\u00fablicos, especialmente o BNDES, e as empresas indutoras do crescimento e inova\u00e7\u00e3o, como a Petrobras, ter\u00e3o papel fundamental neste novo ciclo\u201d, disse na cerim\u00f4nia no Congresso Nacional.<br><br>O maior peso das estatais em governos petistas n\u00e3o \u00e9 exatamente uma novidade, mas o tamanho do papel dos bancos p\u00fablicos no financiamento da infraestrutura e qual o papel da Petrobras na forma\u00e7\u00e3o dos pre\u00e7os dos combust\u00edveis no pa\u00eds s\u00e3o elementos que o mercado ainda procura entender.<br><br>O presidente tamb\u00e9m voltou a sinalizar que seu governo n\u00e3o dever\u00e1 ter processos de privatiza\u00e7\u00e3o de estatais, ao dizer que &#8220;dilapidaram as estatais e os bancos p\u00fablicos; entregaram o patrim\u00f4nio nacional&#8221; e\u00a0que assumia o pa\u00eds em &#8220;ru\u00ednas&#8221;.<br><br>O texto do discurso de Lula no Congresso Nacional est\u00e1 dispon\u00edvel\u00a0<a rel=\"noreferrer noopener\" href=\"https:\/\/agenciainfra.us14.list-manage.com\/track\/click?u=d460dd1bcf9ba0ae040e1fc0f&amp;id=bcdfa4ff51&amp;e=c099169394\" target=\"_blank\">neste link<\/a>. J\u00e1 o texto do discurso no Pal\u00e1cio do Planalto est\u00e1\u00a0<a rel=\"noreferrer noopener\" href=\"https:\/\/agenciainfra.us14.list-manage.com\/track\/click?u=d460dd1bcf9ba0ae040e1fc0f&amp;id=f7ca1a8ed2&amp;e=c099169394\" target=\"_blank\">neste link<\/a>.<br><br><strong>Responsabilidade fiscal<\/strong><br>Na segunda fala do dia, no discurso que fez no parlat\u00f3rio do Pal\u00e1cio do Planalto, Lula fez quest\u00e3o de relembrar o legado de responsabilidade fiscal de seus oito anos de governo, lembrando que entregou um pa\u00eds com d\u00edvida menor, maiores reservas e com infla\u00e7\u00e3o controlada.<br><br>&#8220;Nunca fomos irrespons\u00e1veis com o dinheiro p\u00fablico [&#8230;]. Nos nossos governos, nunca houve nem haver\u00e1 gastan\u00e7a alguma. Sempre investimos, e voltaremos a investir, em nosso bem mais precioso: o povo brasileiro&#8221;, disse Lula.<br><br><strong>Reindustrializa\u00e7\u00e3o<\/strong><br>Em v\u00e1rios momentos dos dois discursos, Lula falou sobre a necessidade de reindustrializar o pa\u00eds e indicou que isso vai acontecer com o apoio de bancos e empresas estatais.\u00a0<br><br>&#8220;N\u00e3o faz sentido importar combust\u00edveis, fertilizantes, plataformas de petr\u00f3leo, microprocessadores, aeronaves e sat\u00e9lites. Temos capacita\u00e7\u00e3o t\u00e9cnica, capitais e mercado em grau suficiente para retomar a industrializa\u00e7\u00e3o e a oferta de servi\u00e7os em n\u00edvel competitivo. O Brasil pode e deve figurar na primeira linha da economia global&#8221;, disse Lula.<br><br><strong>BNDES<\/strong><br>A partir do segundo mandato de Lula, ap\u00f3s a crise global de 2008, o BNDES teve um papel importante na gest\u00e3o federal petista, injetando dinheiro na economia, em uma pol\u00edtica econ\u00f4mica baseada em cr\u00e9dito f\u00e1cil e barato.<br><br>O Tesouro Nacional acabou subsidiando o banco de fomento, cujos desembolsos passaram de R$ 91 bilh\u00f5es em 2008 para R$ 190 bilh\u00f5es em 2013. Em 2021, os empr\u00e9stimos foram de apenas R$ 65 bilh\u00f5es, com o mercado passando a se financiar de outras formas.<br><br>Os economistas e o setor privado ainda se perguntam qual o papel do BNDES neste terceiro mandato de Lula. Voltar\u00e1 a colocar cr\u00e9dito farto e subsidiado na economia para estimular o desenvolvimento econ\u00f4mico? Quais os riscos e consequ\u00eancias de uma eventual decis\u00e3o nesse sentido?<br><br>O indicado para a presid\u00eancia do banco, Aloizio Mercadante, j\u00e1 declarou que o projeto \u00e9 por &#8220;um novo BNDES&#8221;. &#8220;N\u00e3o vamos trazer o BNDES do passado, estamos construindo o BNDES do futuro.<br><br><strong>MP<\/strong><br>Numa a\u00e7\u00e3o imediata, o governo decidiu editar uma MP (medida provis\u00f3ria) para manter a desonera\u00e7\u00e3o de impostos federais sobre combust\u00edveis (PIS\/Cofins), pol\u00edtica implementada no governo anterior cujo prazo venceu em 31 de dezembro \u2013 leia a \u00edntegra da medida\u00a0<a href=\"https:\/\/www.in.gov.br\/en\/web\/dou\/-\/medida-provisoria-n-1.157-de-1-de-janeiro-de-2023-455586377\" data-type=\"URL\" data-id=\"https:\/\/www.in.gov.br\/en\/web\/dou\/-\/medida-provisoria-n-1.157-de-1-de-janeiro-de-2023-455586377\" target=\"_blank\" rel=\"noreferrer noopener\">neste link<\/a>.<br><br>Um acordo entre o atual governo e o anterior foi feito para que a medida n\u00e3o fosse prorrogada, mas Lula decidiu que seria melhor n\u00e3o aumentar a carga tribut\u00e1ria sobre os combust\u00edveis logo no in\u00edcio da sua gest\u00e3o.<br><br>Uma nova prorroga\u00e7\u00e3o por 60 dias da desonera\u00e7\u00e3o foi feita por MP no primeiro dia do mandato de Lula.<\/p>\n\n\n\n<p><strong>Retomada do PAC<\/strong><\/p>\n\n\n\n<p>O presidente Lula reiterou no discurso a retomada de obras p\u00fablicas paradas e o compromisso de di\u00e1logo com os governos subnacionais para a escolha dos principais projetos para receberem investimentos.\u00a0<br><br>\u201cEm di\u00e1logo com os 27 governadores, vamos definir prioridades para retomar obras irresponsavelmente paralisadas, que s\u00e3o mais de 14 mil no pa\u00eds\u201d, discursou no Congresso.<br><br>O PAC (Programa de Acelera\u00e7\u00e3o do Crescimento) ser\u00e1 retomado, segundo o presidente, assim como o Minha Casa, Minha Vida.<br><br>\u201cBuscaremos financiamento e coopera\u00e7\u00e3o \u2013 nacional e internacional \u2013 para o investimento, para dinamizar e expandir o mercado interno de consumo, desenvolver o com\u00e9rcio, exporta\u00e7\u00f5es, servi\u00e7os, agricultura e a ind\u00fastria.\u201d<br><br><strong>Plano de 100 dias<\/strong><br>O futuro ministro dos Transportes, Renan Filho, afirmou, em entrevista na tarde de domingo (1\u00ba), na C\u00e2mara dos Deputados, que apresentar\u00e1 nos pr\u00f3ximos dias um plano de ataque de 100 dias \u201cpara procurar modernizar os par\u00e2metros para concess\u00e3o de ferrovias e tamb\u00e9m um plano de ataque de recupera\u00e7\u00e3o da nossa malha rodovi\u00e1ria\u201d.<br><br>Sobre as ferrovias o objetivo \u00e9 \u201cdiscutir todo o marco regulat\u00f3rio, aprimorar e dar andamento ao que est\u00e1 parado, como a Ferrogr\u00e3o\u201d e debater as renova\u00e7\u00f5es ferrovi\u00e1rias. \u201cS\u00f3 vamos renovar contratos se os investimentos sa\u00edrem com agilidade necess\u00e1ria.\u201d Para as rodovias, Renan destacou que estudo recente da CNT (Confedera\u00e7\u00e3o Nacional do Transporte) avaliou que 66% das estradas brasileiras est\u00e3o em situa\u00e7\u00e3o ruim ou p\u00e9ssima. Esse dado tamb\u00e9m inclui as rodovias em estado regular, o que n\u00e3o tem sido informado pelo ministro.<br><br><strong>Sem nomes da equipe<\/strong><br>Al\u00e9m disso, o novo ministro disse que ainda quer aguardar a posi\u00e7\u00e3o oficial do ministro da Fazenda, Fernando Haddad, para se posicionar sobre a desonera\u00e7\u00e3o dos impostos sobre os combust\u00edveis e pontuou a necessidade de manter as parcerias p\u00fablico-privadas \u201cpara desestressar o caixa do governo\u201d.<br><br>Renan informou que vai esperar mais \u201cuns dois dias\u201d para anunciar os novos secret\u00e1rios da pasta que comandar\u00e1 e que deve se reunir com o diretor-geral do DNIT (Departamento Nacional de Infraestrutura de Transportes), Ant\u00f4nio Leite dos Santos Filho, em breve. Disse tamb\u00e9m que hoje (3), dia da cerim\u00f4nia de transfer\u00eancia de cargo, j\u00e1 deve ter uma sinaliza\u00e7\u00e3o de quem ser\u00e3o os novos secret\u00e1rios.<\/p>\n","protected":false},"excerpt":{"rendered":"<p>da equipe da Ag\u00eancia iNFRA Em seu discurso de posse no terceiro mandato como presidente da Rep\u00fablica no domingo (1\u00ba), Luiz In\u00e1cio Lula da Silva voltou a ressaltar o papel de estatais como indutoras do crescimento em seu governo, especialmente a Petrobras e o BNDES (Banco Nacional de Desenvolvimento Econ\u00f4mico e Social). \u201cOs bancos p\u00fablicos, [&hellip;]<\/p>\n","protected":false},"author":1,"featured_media":11977,"comment_status":"closed","ping_status":"closed","sticky":false,"template":"","format":"standard","meta":{"_monsterinsights_skip_tracking":false,"_monsterinsights_sitenote_active":false,"_monsterinsights_sitenote_note":"","_monsterinsights_sitenote_category":0,"footnotes":""},"categories":[1,7],"tags":[6139,103,328,580,5990,143,3190,5766,6248,3939],"class_list":["post-11976","post","type-post","status-publish","format-standard","has-post-thumbnail","hentry","category-geral","category-infratransporte","tag-aloizio-mercadante","tag-bndes","tag-dnit","tag-lula","tag-minha-casa-minha-vida","tag-petrobras","tag-programa-de-aceleracao-do-crescimento","tag-reindustrializacao","tag-renan-filho","tag-responsabilidade-fiscal"],"yoast_head":"<!-- This site is optimized with the Yoast SEO Premium plugin v25.4 (Yoast SEO v26.0) - https:\/\/yoast.com\/wordpress\/plugins\/seo\/ -->\n<title>BNDES e Petrobras ter\u00e3o papel fundamental na retomada do crescimento, diz Lula - Ag\u00eancia iNFRA<\/title>\n<meta name=\"robots\" content=\"index, follow, max-snippet:-1, max-image-preview:large, max-video-preview:-1\" \/>\n<link rel=\"canonical\" href=\"https:\/\/agenciainfra.com\/blog\/bndes-e-petrobras-terao-papel-fundamental-na-retomada-do-crescimento-diz-lula\/\" \/>\n<meta property=\"og:locale\" content=\"pt_BR\" \/>\n<meta property=\"og:type\" content=\"article\" \/>\n<meta property=\"og:title\" content=\"BNDES e Petrobras ter\u00e3o papel fundamental na retomada do crescimento, diz Lula\" \/>\n<meta property=\"og:description\" content=\"da equipe da Ag\u00eancia iNFRA Em seu discurso de posse no terceiro mandato como presidente da Rep\u00fablica no domingo (1\u00ba), Luiz In\u00e1cio Lula da Silva voltou a ressaltar o papel de estatais como indutoras do crescimento em seu governo, especialmente a Petrobras e o BNDES (Banco Nacional de Desenvolvimento Econ\u00f4mico e Social). \u201cOs bancos p\u00fablicos, [&hellip;]\" \/>\n<meta property=\"og:url\" content=\"https:\/\/agenciainfra.com\/blog\/bndes-e-petrobras-terao-papel-fundamental-na-retomada-do-crescimento-diz-lula\/\" \/>\n<meta property=\"og:site_name\" content=\"Ag\u00eancia iNFRA\" \/>\n<meta property=\"article:publisher\" content=\"https:\/\/www.facebook.com\/ageninfra\" \/>\n<meta property=\"article:published_time\" content=\"2023-01-03T12:00:00+00:00\" \/>\n<meta property=\"og:image\" content=\"https:\/\/agenciainfra.com\/blog\/wp-content\/uploads\/2023\/01\/posse-lula-foto-pablo-valadares-camara-dos-deputados.jpeg\" \/>\n\t<meta property=\"og:image:width\" content=\"1280\" \/>\n\t<meta property=\"og:image:height\" content=\"853\" \/>\n\t<meta property=\"og:image:type\" content=\"image\/jpeg\" \/>\n<meta name=\"author\" content=\"Ag\u00eancia iNFRA\" \/>\n<meta name=\"twitter:card\" content=\"summary_large_image\" \/>\n<meta name=\"twitter:creator\" content=\"@agencia_infra\" \/>\n<meta name=\"twitter:site\" content=\"@agencia_infra\" \/>\n<meta name=\"twitter:label1\" content=\"Escrito por\" \/>\n\t<meta name=\"twitter:data1\" content=\"Ag\u00eancia iNFRA\" \/>\n\t<meta name=\"twitter:label2\" content=\"Est. tempo de leitura\" \/>\n\t<meta name=\"twitter:data2\" content=\"5 minutos\" \/>\n<script type=\"application\/ld+json\" class=\"yoast-schema-graph\">{\"@context\":\"https:\/\/schema.org\",\"@graph\":[{\"@type\":\"Article\",\"@id\":\"https:\/\/agenciainfra.com\/blog\/bndes-e-petrobras-terao-papel-fundamental-na-retomada-do-crescimento-diz-lula\/#article\",\"isPartOf\":{\"@id\":\"https:\/\/agenciainfra.com\/blog\/bndes-e-petrobras-terao-papel-fundamental-na-retomada-do-crescimento-diz-lula\/\"},\"author\":{\"name\":\"Ag\u00eancia iNFRA\",\"@id\":\"https:\/\/agenciainfra.com\/blog\/#\/schema\/person\/34af08dff6adea4cb22b06612ba7acfa\"},\"headline\":\"BNDES e Petrobras ter\u00e3o papel fundamental na retomada do crescimento, diz Lula\",\"datePublished\":\"2023-01-03T12:00:00+00:00\",\"mainEntityOfPage\":{\"@id\":\"https:\/\/agenciainfra.com\/blog\/bndes-e-petrobras-terao-papel-fundamental-na-retomada-do-crescimento-diz-lula\/\"},\"wordCount\":1070,\"publisher\":{\"@id\":\"https:\/\/agenciainfra.com\/blog\/#organization\"},\"image\":{\"@id\":\"https:\/\/agenciainfra.com\/blog\/bndes-e-petrobras-terao-papel-fundamental-na-retomada-do-crescimento-diz-lula\/#primaryimage\"},\"thumbnailUrl\":\"https:\/\/agenciainfra.com\/blog\/wp-content\/uploads\/2023\/01\/posse-lula-foto-pablo-valadares-camara-dos-deputados.jpeg\",\"keywords\":[\"Aloizio Mercadante\",\"BNDES\",\"DNIT\",\"Lula\",\"Minha Casa Minha Vida\",\"Petrobras\",\"Programa de Acelera\u00e7\u00e3o do Crescimento\",\"reindustrializa\u00e7\u00e3o\",\"Renan Filho\",\"responsabilidade fiscal\"],\"articleSection\":[\"Geral\",\"iNFRATransporte\"],\"inLanguage\":\"pt-BR\",\"copyrightYear\":\"2023\",\"copyrightHolder\":{\"@id\":\"https:\/\/agenciainfra.com\/blog\/#organization\"}},{\"@type\":\"WebPage\",\"@id\":\"https:\/\/agenciainfra.com\/blog\/bndes-e-petrobras-terao-papel-fundamental-na-retomada-do-crescimento-diz-lula\/\",\"url\":\"https:\/\/agenciainfra.com\/blog\/bndes-e-petrobras-terao-papel-fundamental-na-retomada-do-crescimento-diz-lula\/\",\"name\":\"BNDES e Petrobras ter\u00e3o papel fundamental na retomada do crescimento, diz Lula - Ag\u00eancia iNFRA\",\"isPartOf\":{\"@id\":\"https:\/\/agenciainfra.com\/blog\/#website\"},\"primaryImageOfPage\":{\"@id\":\"https:\/\/agenciainfra.com\/blog\/bndes-e-petrobras-terao-papel-fundamental-na-retomada-do-crescimento-diz-lula\/#primaryimage\"},\"image\":{\"@id\":\"https:\/\/agenciainfra.com\/blog\/bndes-e-petrobras-terao-papel-fundamental-na-retomada-do-crescimento-diz-lula\/#primaryimage\"},\"thumbnailUrl\":\"https:\/\/agenciainfra.com\/blog\/wp-content\/uploads\/2023\/01\/posse-lula-foto-pablo-valadares-camara-dos-deputados.jpeg\",\"datePublished\":\"2023-01-03T12:00:00+00:00\",\"breadcrumb\":{\"@id\":\"https:\/\/agenciainfra.com\/blog\/bndes-e-petrobras-terao-papel-fundamental-na-retomada-do-crescimento-diz-lula\/#breadcrumb\"},\"inLanguage\":\"pt-BR\",\"potentialAction\":[{\"@type\":\"ReadAction\",\"target\":[\"https:\/\/agenciainfra.com\/blog\/bndes-e-petrobras-terao-papel-fundamental-na-retomada-do-crescimento-diz-lula\/\"]}]},{\"@type\":\"ImageObject\",\"inLanguage\":\"pt-BR\",\"@id\":\"https:\/\/agenciainfra.com\/blog\/bndes-e-petrobras-terao-papel-fundamental-na-retomada-do-crescimento-diz-lula\/#primaryimage\",\"url\":\"https:\/\/agenciainfra.com\/blog\/wp-content\/uploads\/2023\/01\/posse-lula-foto-pablo-valadares-camara-dos-deputados.jpeg\",\"contentUrl\":\"https:\/\/agenciainfra.com\/blog\/wp-content\/uploads\/2023\/01\/posse-lula-foto-pablo-valadares-camara-dos-deputados.jpeg\",\"width\":1280,\"height\":853},{\"@type\":\"BreadcrumbList\",\"@id\":\"https:\/\/agenciainfra.com\/blog\/bndes-e-petrobras-terao-papel-fundamental-na-retomada-do-crescimento-diz-lula\/#breadcrumb\",\"itemListElement\":[{\"@type\":\"ListItem\",\"position\":1,\"name\":\"In\u00edcio\",\"item\":\"https:\/\/agenciainfra.com\/blog\/\"},{\"@type\":\"ListItem\",\"position\":2,\"name\":\"BNDES e Petrobras ter\u00e3o papel fundamental na retomada do crescimento, diz Lula\"}]},{\"@type\":\"WebSite\",\"@id\":\"https:\/\/agenciainfra.com\/blog\/#website\",\"url\":\"https:\/\/agenciainfra.com\/blog\/\",\"name\":\"Ag\u00eancia iNFRA\",\"description\":\"Multiplataforma de informa\u00e7\u00e3o jornal\u00edstica refer\u00eancia na \u00e1rea de infraestrutura no Brasil!\",\"publisher\":{\"@id\":\"https:\/\/agenciainfra.com\/blog\/#organization\"},\"potentialAction\":[{\"@type\":\"SearchAction\",\"target\":{\"@type\":\"EntryPoint\",\"urlTemplate\":\"https:\/\/agenciainfra.com\/blog\/?s={search_term_string}\"},\"query-input\":{\"@type\":\"PropertyValueSpecification\",\"valueRequired\":true,\"valueName\":\"search_term_string\"}}],\"inLanguage\":\"pt-BR\"},{\"@type\":\"Organization\",\"@id\":\"https:\/\/agenciainfra.com\/blog\/#organization\",\"name\":\"Ag\u00eancia iNFRA\",\"url\":\"https:\/\/agenciainfra.com\/blog\/\",\"logo\":{\"@type\":\"ImageObject\",\"inLanguage\":\"pt-BR\",\"@id\":\"https:\/\/agenciainfra.com\/blog\/#\/schema\/logo\/image\/\",\"url\":\"https:\/\/agenciainfra.com\/blog\/wp-content\/uploads\/2023\/09\/iNFRA_5-e1761735885940.png\",\"contentUrl\":\"https:\/\/agenciainfra.com\/blog\/wp-content\/uploads\/2023\/09\/iNFRA_5-e1761735885940.png\",\"width\":1672,\"height\":454,\"caption\":\"Ag\u00eancia iNFRA\"},\"image\":{\"@id\":\"https:\/\/agenciainfra.com\/blog\/#\/schema\/logo\/image\/\"},\"sameAs\":[\"https:\/\/www.facebook.com\/ageninfra\",\"https:\/\/x.com\/agencia_infra\",\"https:\/\/www.linkedin.com\/company\/ag\u00eanciainfra\/\",\"https:\/\/www.instagram.com\/agenciainfra\/\"]},{\"@type\":\"Person\",\"@id\":\"https:\/\/agenciainfra.com\/blog\/#\/schema\/person\/34af08dff6adea4cb22b06612ba7acfa\",\"name\":\"Ag\u00eancia iNFRA\",\"image\":{\"@type\":\"ImageObject\",\"inLanguage\":\"pt-BR\",\"@id\":\"https:\/\/agenciainfra.com\/blog\/#\/schema\/person\/image\/\",\"url\":\"https:\/\/secure.gravatar.com\/avatar\/d189e01678f06d8eb84d4e01f08eb848b3fffe3f8443818d3c356c66892f5be8?s=96&d=mm&r=g\",\"contentUrl\":\"https:\/\/secure.gravatar.com\/avatar\/d189e01678f06d8eb84d4e01f08eb848b3fffe3f8443818d3c356c66892f5be8?s=96&d=mm&r=g\",\"caption\":\"Ag\u00eancia iNFRA\"},\"url\":\"https:\/\/agenciainfra.com\/blog\/author\/admin\/\"}]}<\/script>\n<!-- \/ Yoast SEO Premium plugin. -->","yoast_head_json":{"title":"BNDES e Petrobras ter\u00e3o papel fundamental na retomada do crescimento, diz Lula - Ag\u00eancia iNFRA","robots":{"index":"index","follow":"follow","max-snippet":"max-snippet:-1","max-image-preview":"max-image-preview:large","max-video-preview":"max-video-preview:-1"},"canonical":"https:\/\/agenciainfra.com\/blog\/bndes-e-petrobras-terao-papel-fundamental-na-retomada-do-crescimento-diz-lula\/","og_locale":"pt_BR","og_type":"article","og_title":"BNDES e Petrobras ter\u00e3o papel fundamental na retomada do crescimento, diz Lula","og_description":"da equipe da Ag\u00eancia iNFRA Em seu discurso de posse no terceiro mandato como presidente da Rep\u00fablica no domingo (1\u00ba), Luiz In\u00e1cio Lula da Silva voltou a ressaltar o papel de estatais como indutoras do crescimento em seu governo, especialmente a Petrobras e o BNDES (Banco Nacional de Desenvolvimento Econ\u00f4mico e Social). \u201cOs bancos p\u00fablicos, [&hellip;]","og_url":"https:\/\/agenciainfra.com\/blog\/bndes-e-petrobras-terao-papel-fundamental-na-retomada-do-crescimento-diz-lula\/","og_site_name":"Ag\u00eancia iNFRA","article_publisher":"https:\/\/www.facebook.com\/ageninfra","article_published_time":"2023-01-03T12:00:00+00:00","og_image":[{"width":1280,"height":853,"url":"https:\/\/agenciainfra.com\/blog\/wp-content\/uploads\/2023\/01\/posse-lula-foto-pablo-valadares-camara-dos-deputados.jpeg","type":"image\/jpeg"}],"author":"Ag\u00eancia iNFRA","twitter_card":"summary_large_image","twitter_creator":"@agencia_infra","twitter_site":"@agencia_infra","twitter_misc":{"Escrito por":"Ag\u00eancia iNFRA","Est. tempo de leitura":"5 minutos"},"schema":{"@context":"https:\/\/schema.org","@graph":[{"@type":"Article","@id":"https:\/\/agenciainfra.com\/blog\/bndes-e-petrobras-terao-papel-fundamental-na-retomada-do-crescimento-diz-lula\/#article","isPartOf":{"@id":"https:\/\/agenciainfra.com\/blog\/bndes-e-petrobras-terao-papel-fundamental-na-retomada-do-crescimento-diz-lula\/"},"author":{"name":"Ag\u00eancia iNFRA","@id":"https:\/\/agenciainfra.com\/blog\/#\/schema\/person\/34af08dff6adea4cb22b06612ba7acfa"},"headline":"BNDES e Petrobras ter\u00e3o papel fundamental na retomada do crescimento, diz Lula","datePublished":"2023-01-03T12:00:00+00:00","mainEntityOfPage":{"@id":"https:\/\/agenciainfra.com\/blog\/bndes-e-petrobras-terao-papel-fundamental-na-retomada-do-crescimento-diz-lula\/"},"wordCount":1070,"publisher":{"@id":"https:\/\/agenciainfra.com\/blog\/#organization"},"image":{"@id":"https:\/\/agenciainfra.com\/blog\/bndes-e-petrobras-terao-papel-fundamental-na-retomada-do-crescimento-diz-lula\/#primaryimage"},"thumbnailUrl":"https:\/\/agenciainfra.com\/blog\/wp-content\/uploads\/2023\/01\/posse-lula-foto-pablo-valadares-camara-dos-deputados.jpeg","keywords":["Aloizio Mercadante","BNDES","DNIT","Lula","Minha Casa Minha Vida","Petrobras","Programa de Acelera\u00e7\u00e3o do Crescimento","reindustrializa\u00e7\u00e3o","Renan Filho","responsabilidade fiscal"],"articleSection":["Geral","iNFRATransporte"],"inLanguage":"pt-BR","copyrightYear":"2023","copyrightHolder":{"@id":"https:\/\/agenciainfra.com\/blog\/#organization"}},{"@type":"WebPage","@id":"https:\/\/agenciainfra.com\/blog\/bndes-e-petrobras-terao-papel-fundamental-na-retomada-do-crescimento-diz-lula\/","url":"https:\/\/agenciainfra.com\/blog\/bndes-e-petrobras-terao-papel-fundamental-na-retomada-do-crescimento-diz-lula\/","name":"BNDES e Petrobras ter\u00e3o papel fundamental na retomada do crescimento, diz Lula - Ag\u00eancia iNFRA","isPartOf":{"@id":"https:\/\/agenciainfra.com\/blog\/#website"},"primaryImageOfPage":{"@id":"https:\/\/agenciainfra.com\/blog\/bndes-e-petrobras-terao-papel-fundamental-na-retomada-do-crescimento-diz-lula\/#primaryimage"},"image":{"@id":"https:\/\/agenciainfra.com\/blog\/bndes-e-petrobras-terao-papel-fundamental-na-retomada-do-crescimento-diz-lula\/#primaryimage"},"thumbnailUrl":"https:\/\/agenciainfra.com\/blog\/wp-content\/uploads\/2023\/01\/posse-lula-foto-pablo-valadares-camara-dos-deputados.jpeg","datePublished":"2023-01-03T12:00:00+00:00","breadcrumb":{"@id":"https:\/\/agenciainfra.com\/blog\/bndes-e-petrobras-terao-papel-fundamental-na-retomada-do-crescimento-diz-lula\/#breadcrumb"},"inLanguage":"pt-BR","potentialAction":[{"@type":"ReadAction","target":["https:\/\/agenciainfra.com\/blog\/bndes-e-petrobras-terao-papel-fundamental-na-retomada-do-crescimento-diz-lula\/"]}]},{"@type":"ImageObject","inLanguage":"pt-BR","@id":"https:\/\/agenciainfra.com\/blog\/bndes-e-petrobras-terao-papel-fundamental-na-retomada-do-crescimento-diz-lula\/#primaryimage","url":"https:\/\/agenciainfra.com\/blog\/wp-content\/uploads\/2023\/01\/posse-lula-foto-pablo-valadares-camara-dos-deputados.jpeg","contentUrl":"https:\/\/agenciainfra.com\/blog\/wp-content\/uploads\/2023\/01\/posse-lula-foto-pablo-valadares-camara-dos-deputados.jpeg","width":1280,"height":853},{"@type":"BreadcrumbList","@id":"https:\/\/agenciainfra.com\/blog\/bndes-e-petrobras-terao-papel-fundamental-na-retomada-do-crescimento-diz-lula\/#breadcrumb","itemListElement":[{"@type":"ListItem","position":1,"name":"In\u00edcio","item":"https:\/\/agenciainfra.com\/blog\/"},{"@type":"ListItem","position":2,"name":"BNDES e Petrobras ter\u00e3o papel fundamental na retomada do crescimento, diz Lula"}]},{"@type":"WebSite","@id":"https:\/\/agenciainfra.com\/blog\/#website","url":"https:\/\/agenciainfra.com\/blog\/","name":"Ag\u00eancia iNFRA","description":"Multiplataforma de informa\u00e7\u00e3o jornal\u00edstica refer\u00eancia na \u00e1rea de infraestrutura no Brasil!","publisher":{"@id":"https:\/\/agenciainfra.com\/blog\/#organization"},"potentialAction":[{"@type":"SearchAction","target":{"@type":"EntryPoint","urlTemplate":"https:\/\/agenciainfra.com\/blog\/?s={search_term_string}"},"query-input":{"@type":"PropertyValueSpecification","valueRequired":true,"valueName":"search_term_string"}}],"inLanguage":"pt-BR"},{"@type":"Organization","@id":"https:\/\/agenciainfra.com\/blog\/#organization","name":"Ag\u00eancia iNFRA","url":"https:\/\/agenciainfra.com\/blog\/","logo":{"@type":"ImageObject","inLanguage":"pt-BR","@id":"https:\/\/agenciainfra.com\/blog\/#\/schema\/logo\/image\/","url":"https:\/\/agenciainfra.com\/blog\/wp-content\/uploads\/2023\/09\/iNFRA_5-e1761735885940.png","contentUrl":"https:\/\/agenciainfra.com\/blog\/wp-content\/uploads\/2023\/09\/iNFRA_5-e1761735885940.png","width":1672,"height":454,"caption":"Ag\u00eancia iNFRA"},"image":{"@id":"https:\/\/agenciainfra.com\/blog\/#\/schema\/logo\/image\/"},"sameAs":["https:\/\/www.facebook.com\/ageninfra","https:\/\/x.com\/agencia_infra","https:\/\/www.linkedin.com\/company\/ag\u00eanciainfra\/","https:\/\/www.instagram.com\/agenciainfra\/"]},{"@type":"Person","@id":"https:\/\/agenciainfra.com\/blog\/#\/schema\/person\/34af08dff6adea4cb22b06612ba7acfa","name":"Ag\u00eancia iNFRA","image":{"@type":"ImageObject","inLanguage":"pt-BR","@id":"https:\/\/agenciainfra.com\/blog\/#\/schema\/person\/image\/","url":"https:\/\/secure.gravatar.com\/avatar\/d189e01678f06d8eb84d4e01f08eb848b3fffe3f8443818d3c356c66892f5be8?s=96&d=mm&r=g","contentUrl":"https:\/\/secure.gravatar.com\/avatar\/d189e01678f06d8eb84d4e01f08eb848b3fffe3f8443818d3c356c66892f5be8?s=96&d=mm&r=g","caption":"Ag\u00eancia iNFRA"},"url":"https:\/\/agenciainfra.com\/blog\/author\/admin\/"}]}},"_links":{"self":[{"href":"https:\/\/agenciainfra.com\/blog\/wp-json\/wp\/v2\/posts\/11976","targetHints":{"allow":["GET"]}}],"collection":[{"href":"https:\/\/agenciainfra.com\/blog\/wp-json\/wp\/v2\/posts"}],"about":[{"href":"https:\/\/agenciainfra.com\/blog\/wp-json\/wp\/v2\/types\/post"}],"author":[{"embeddable":true,"href":"https:\/\/agenciainfra.com\/blog\/wp-json\/wp\/v2\/users\/1"}],"replies":[{"embeddable":true,"href":"https:\/\/agenciainfra.com\/blog\/wp-json\/wp\/v2\/comments?post=11976"}],"version-history":[{"count":0,"href":"https:\/\/agenciainfra.com\/blog\/wp-json\/wp\/v2\/posts\/11976\/revisions"}],"wp:featuredmedia":[{"embeddable":true,"href":"https:\/\/agenciainfra.com\/blog\/wp-json\/wp\/v2\/media\/11977"}],"wp:attachment":[{"href":"https:\/\/agenciainfra.com\/blog\/wp-json\/wp\/v2\/media?parent=11976"}],"wp:term":[{"taxonomy":"category","embeddable":true,"href":"https:\/\/agenciainfra.com\/blog\/wp-json\/wp\/v2\/categories?post=11976"},{"taxonomy":"post_tag","embeddable":true,"href":"https:\/\/agenciainfra.com\/blog\/wp-json\/wp\/v2\/tags?post=11976"}],"curies":[{"name":"wp","href":"https:\/\/api.w.org\/{rel}","templated":true}]}}