{"id":11979,"date":"2023-01-03T11:00:00","date_gmt":"2023-01-03T14:00:00","guid":{"rendered":"https:\/\/www.agenciainfra.com\/blog\/?p=11979"},"modified":"2023-01-02T21:57:11","modified_gmt":"2023-01-03T00:57:11","slug":"analise-novo-ministro-tem-uma-agenda-de-questoes-para-se-inteirar-algumas-urgentes","status":"publish","type":"post","link":"https:\/\/agenciainfra.com\/blog\/analise-novo-ministro-tem-uma-agenda-de-questoes-para-se-inteirar-algumas-urgentes\/","title":{"rendered":"An\u00e1lise: Novo ministro tem uma agenda de quest\u00f5es para se inteirar, algumas urgentes"},"content":{"rendered":"\n<p class=\"has-text-align-right\"><strong>Roberto Rockmann*<\/strong><\/p>\n\n\n\n<p>Antes de tomar posse como ministro, o ent\u00e3o senador Alexandre Silveira (PSD-MG) estava se inteirando dos futuros desafios \u00e0 frente do MME (Minist\u00e9rio de Minas e Energia), cargo que assumiu oficialmente nesta segunda-feira (2), enquanto as entidades do setor el\u00e9trico articulam as pautas que levar\u00e3o aos primeiros encontros com o novo governo.<br><br><strong>Solar: PL 2.703 retornar\u00e1 \u00e0 pauta?<\/strong><br>O <a href=\"https:\/\/www25.senado.leg.br\/web\/atividade\/materias\/-\/materia\/155372\" data-type=\"URL\" data-id=\"https:\/\/www25.senado.leg.br\/web\/atividade\/materias\/-\/materia\/155372\" target=\"_blank\" rel=\"noreferrer noopener\">PL (Projeto de Lei) 2.703\/2022<\/a>, que estende o prazo dos subs\u00eddios para a mini e microgera\u00e7\u00e3o distribu\u00edda solar por seis meses, foi aprovado na C\u00e2mara em dezembro, mas na reta final n\u00e3o foi apreciado pelo Senado. O setor n\u00e3o desistiu. Como os parlamentares voltam de recesso apenas em fevereiro, o PL s\u00f3 voltar\u00e1 a ser discutido depois do t\u00e9rmino do prazo inicial estipulado pela <a href=\"https:\/\/www.in.gov.br\/en\/web\/dou\/-\/lei-n-14.300-de-6-de-janeiro-de-2022-372467821\" data-type=\"URL\" data-id=\"https:\/\/www.in.gov.br\/en\/web\/dou\/-\/lei-n-14.300-de-6-de-janeiro-de-2022-372467821\" target=\"_blank\" rel=\"noreferrer noopener\">Lei 14.300<\/a> (de 6 de janeiro deste ano) para o fim integral dos subs\u00eddios.<br><br>A inten\u00e7\u00e3o dos empres\u00e1rios \u00e9 fazer com que o PL 2.703 possa ter car\u00e1ter retroativo, abarcando todos os consumidores que realizem solicita\u00e7\u00e3o de acesso perante as distribuidoras a partir da segunda semana de janeiro. Nos \u00faltimos dias, eles t\u00eam recolhido dezenas de casos de investidores com dificuldades em fazer pedidos \u00e0s distribuidoras para conex\u00e3o de novos sistemas solares. Consultorias que atuam na \u00e1rea t\u00eam trabalhado quase 20 horas di\u00e1rias para a inser\u00e7\u00e3o dos pedidos e das solicita\u00e7\u00f5es nos sistemas das distribuidoras.<br><br>H\u00e1 ainda expectativa no setor em rela\u00e7\u00e3o \u00e0 decis\u00e3o do CNPE (Conselho Nacional de Pol\u00edtica Energ\u00e9tica) sobre a valora\u00e7\u00e3o dos atributos da mini e microgera\u00e7\u00e3o solar. Na Lei\u00a014.300, estabeleceu-se que o CNPE teria seis meses para estabelecer as diretrizes para valora\u00e7\u00e3o dos custos e dos benef\u00edcios da microgera\u00e7\u00e3o e minigera\u00e7\u00e3o distribu\u00edda, enquanto a ANEEL (Ag\u00eancia Nacional de Energia El\u00e9trica) teria 18 meses para os c\u00e1lculos. O assunto deveria ter sido discutido pelo CNPE nas reuni\u00f5es de novembro e dezembro, mas ficou para o novo governo.<br>\u00a0<br><strong>Distribui\u00e7\u00e3o: Amazonas Energia preocupa<\/strong><br>No setor de distribui\u00e7\u00e3o, um problema que ganhou import\u00e2ncia em conversas com a equipe de transi\u00e7\u00e3o foi o caso da Amazonas Energia, \u00faltima distribuidora vendida pela Eletrobras, que se desfez da empresa em leil\u00e3o em dezembro de 2018. Altas perdas na \u00e1rea de concess\u00e3o, problemas com o governo local e dificuldades financeiras da concession\u00e1ria t\u00eam levado preocupa\u00e7\u00e3o sobre os servi\u00e7os. Busca-se ainda uma solu\u00e7\u00e3o de mercado.\u00a0<br><br>O setor de distribui\u00e7\u00e3o tamb\u00e9m se prepara para discutir as regras sobre a renova\u00e7\u00e3o ou relicita\u00e7\u00e3o dos ativos que come\u00e7ar\u00e3o a expirar a partir de 2025, sendo a concess\u00e3o da EDP no Esp\u00edrito Santo a primeira da fila. H\u00e1 a expectativa de que n\u00e3o haja grandes mudan\u00e7as nos contratos. Um ind\u00edcio \u00e9 o fato de a Enel ter colocado \u00e0 venda sua concess\u00e3o de distribui\u00e7\u00e3o no Cear\u00e1, o que tem atra\u00eddo investidores interessados. A distribuidora \u00e9 uma que dever\u00e1 ser submetida ao processo de renova\u00e7\u00e3o ou relicita\u00e7\u00e3o dos ativos.<br><br><strong>Mercado livre<\/strong><br>A pauta n\u00famero um da comercializa\u00e7\u00e3o \u00e9 a abertura total do mercado livre. Nos \u00faltimos dois meses do governo, buscou-se at\u00e9 uma solu\u00e7\u00e3o infralegal para realiz\u00e1-la, mas n\u00e3o se avan\u00e7ou. Discutido h\u00e1 duas d\u00e9cadas, o assunto voltar\u00e1 \u00e0 pauta. A equipe de transi\u00e7\u00e3o, que apontou prefer\u00eancia pela abertura a partir da discuss\u00e3o e aprova\u00e7\u00e3o do <a href=\"https:\/\/www.camara.leg.br\/proposicoesWeb\/fichadetramitacao?idProposicao=2270036\" data-type=\"URL\" data-id=\"https:\/\/www.camara.leg.br\/proposicoesWeb\/fichadetramitacao?idProposicao=2270036\" target=\"_blank\" rel=\"noreferrer noopener\">PL 414<\/a>, tamb\u00e9m se mostrou preocupada com o equacionamento dos contratos legado, cria\u00e7\u00e3o de novos subs\u00eddios principalmente aos consumidores que permanecem no mercado regulado.<br><br><strong>PCS: Portaria 55 estabeleceu 60 dias<\/strong><br>No fim do ano passado, o governo Bolsonaro editou a <a href=\"https:\/\/www.in.gov.br\/en\/web\/dou\/-\/portaria-normativa-n-55\/gm\/mme-de-19-de-dezembro-de-2022-451926763\" data-type=\"URL\" data-id=\"https:\/\/www.in.gov.br\/en\/web\/dou\/-\/portaria-normativa-n-55\/gm\/mme-de-19-de-dezembro-de-2022-451926763\" target=\"_blank\" rel=\"noreferrer noopener\">Portaria 55<\/a>, que estabeleceu diretrizes e condi\u00e7\u00f5es para a resolu\u00e7\u00e3o amig\u00e1vel dos Contratos de Energia de Reserva firmados em decorr\u00eancia do PCS (Procedimento Competitivo Simplificado), realizado em 25 de outubro de 2021. A portaria estipula a rescis\u00e3o unilateral e cobran\u00e7a de multa para geradores inadimplentes \u2013 10 usinas contratadas pelo PCS n\u00e3o entraram em opera\u00e7\u00e3o no prazo e devem pagar mais de R$ 9 bilh\u00f5es em multas. Com a rescis\u00e3o unilateral dos contratos, os consumidores ficam dispensados do pagamento de R$ 30,8 bilh\u00f5es. De acordo com o MME, as diretrizes da portaria podem reduzir em at\u00e9 4,5% as tarifas nos pr\u00f3ximos tr\u00eas anos.<br><br>O texto foi celebrado por entidades de consumidores, mas visto com ressalvas por especialistas, por n\u00e3o trazer condi\u00e7\u00f5es ou op\u00e7\u00f5es de negocia\u00e7\u00e3o e por ter atribu\u00eddo indiretamente \u00e0 ANEEL as condi\u00e7\u00f5es para o andamento do processo. \u201cA portaria ter\u00e1 alcance muito limitado e com potencial muito aqu\u00e9m de sucesso e cumprimento da determina\u00e7\u00e3o do TCU [Tribunal de Contas da Uni\u00e3o]. Ter inclu\u00eddo a op\u00e7\u00e3o negocial era uma op\u00e7\u00e3o gratuita que o governo poderia ter feito\u201d, afirma uma fonte.<br><br>Como o prazo estipulado para os que aceitarem as propostas \u00e9 de 60 dias, a ser encerrado no fim de fevereiro, h\u00e1 d\u00favidas se a portaria ser\u00e1 mantida pelo novo ministro de Minas e Energia, se poder\u00e3o ser feitos acr\u00e9scimos ou se poder\u00e1 ser feita extens\u00e3o do prazo. H\u00e1 incerteza se o texto foi alinhado com a equipe de transi\u00e7\u00e3o.<br><br><strong>Leil\u00f5es<\/strong><br>Em 22 de dezembro, o governo Bolsonaro lan\u00e7ou o cronograma que define que, durante o tri\u00eanio 2023-2025, est\u00e3o previstos sete leil\u00f5es em cada ano: o Leil\u00e3o de Reserva de Capacidade, nos termos da <meta charset=\"utf-8\"><a rel=\"noreferrer noopener\" href=\"https:\/\/www.in.gov.br\/en\/web\/dou\/-\/lei-n-14.182-de-12-de-julho-de-2021-331549377\" data-type=\"URL\" data-id=\"https:\/\/www.in.gov.br\/en\/web\/dou\/-\/lei-n-14.182-de-12-de-julho-de-2021-331549377\" target=\"_blank\">Lei 14.182<\/a>, de 2021, nos meses de julho; os leil\u00f5es \u201cA-4\u201d e \u201cA-6\u201d nos meses de agosto; o Leil\u00e3o para Suprimento aos Sistemas Isolados, nos meses de outubro; o Leil\u00e3o de Reserva de Capacidade na forma de pot\u00eancia, nos meses de novembro; e os leil\u00f5es \u201cA-1 e \u201cA-2\u201d, nos meses de dezembro de cada ano.<br><br>Com a pauta da abertura do mercado livre, fica a pergunta se esses leil\u00f5es ser\u00e3o mantidos e se continuar\u00e3o contratando energia em contratos de mais de 20 anos. Quanto maior contrata\u00e7\u00e3o de longo prazo, mais contratos legados est\u00e3o sendo feitos.\u00a0<br><br><strong>T\u00e9rmicas da Eletrobras<\/strong><br>O cronograma estabelecido pelo governo Bolsonaro, divulgado em 22 de dezembro, aponta que em julho deste ano ser\u00e1 feito o segundo leil\u00e3o para contrata\u00e7\u00e3o de t\u00e9rmicas sob a Lei 14.182, que autorizou a capitaliza\u00e7\u00e3o da Eletrobras, mas criou a contrata\u00e7\u00e3o de 8 GW de t\u00e9rmicas a g\u00e1s natural em alguns pontos em que n\u00e3o se tem acesso ao insumo. Esse \u00e9 um dos pontos mais controversos apontados pela equipe de transi\u00e7\u00e3o. As t\u00e9rmicas ampliariam a sobreoferta de energia e ainda acarretariam um custo de R$ 368 bilh\u00f5es aos consumidores, nas contas da equipe de transi\u00e7\u00e3o.\u00a0<br><br>O primeiro leil\u00e3o foi realizado em setembro, com a contrata\u00e7\u00e3o de 750 MW, no Norte, dos 2 GW previstos. O certame pretendia a contrata\u00e7\u00e3o de 1 GW no Norte e 1 GW nos estados do Maranh\u00e3o (300 MW) e do Piau\u00ed (700 MW).<br><br>Eliminar a exig\u00eancia da contrata\u00e7\u00e3o, estabelecida em lei, n\u00e3o ser\u00e1 tarefa f\u00e1cil. Uma das ideias da equipe de transi\u00e7\u00e3o era estabelecer um decreto sustando a exig\u00eancia, mas o instrumento legal \u00e9 mais fr\u00e1gil do que uma lei. A contrata\u00e7\u00e3o \u00e9 vista com bons olhos por parte expressiva do Congresso. Como o governo ter\u00e1 na \u00e1rea de energia de discutir a atenua\u00e7\u00e3o de aumentos sobre os pre\u00e7os dos derivados de petr\u00f3leo e uma nova forma de atua\u00e7\u00e3o no refino, poder\u00e1 ficar sem poder de barganha para negociar o fim da exig\u00eancia de contrata\u00e7\u00e3o das t\u00e9rmicas da Eletrobras.<\/p>\n\n\n\n<h6 class=\"wp-block-heading\" id=\"block-f323f59b-51bf-4eed-b17b-3c7d3b917007\">*Roberto Rockmann <strong>\u00e9 escritor e jornalista. Coautor do livro \u201cCurto-Circuito, quando o Brasil quase ficou \u00e0s escuras\u201d e produtor do podcast quinzenal \u201cGiro Energia\u201d sobre o setor el\u00e9trico. Organizou em 2018 o livro de 20 anos do mercado livre de energia el\u00e9trica, editado pela CCEE (C\u00e2mara de Comercializa\u00e7\u00e3o de Energia El\u00e9trica), al\u00e9m de v\u00e1rios outros livros e trabalhos premiados<\/strong>.<\/h6>\n\n\n\n<p><strong>As opini\u00f5es dos autores n\u00e3o refletem necessariamente o pensamento da Ag\u00eancia iNFRA, sendo de total responsabilidade do autor as informa\u00e7\u00f5es, ju\u00edzos de valor e conceitos descritos no texto<\/strong>. <\/p>\n","protected":false},"excerpt":{"rendered":"<p>Roberto Rockmann* Antes de tomar posse como ministro, o ent\u00e3o senador Alexandre Silveira (PSD-MG) estava se inteirando dos futuros desafios \u00e0 frente do MME (Minist\u00e9rio de Minas e Energia), cargo que assumiu oficialmente nesta segunda-feira (2), enquanto as entidades do setor el\u00e9trico articulam as pautas que levar\u00e3o aos primeiros encontros com o novo governo. Solar: [&hellip;]<\/p>\n","protected":false},"author":1,"featured_media":11980,"comment_status":"closed","ping_status":"closed","sticky":false,"template":"","format":"standard","meta":{"_monsterinsights_skip_tracking":false,"_monsterinsights_sitenote_active":false,"_monsterinsights_sitenote_note":"","_monsterinsights_sitenote_category":0,"footnotes":""},"categories":[1],"tags":[6040,144,53,3004,1760,50,5034,6181,6009,55,96,5589,6180,5438,5590,631],"class_list":["post-11979","post","type-post","status-publish","format-standard","has-post-thumbnail","hentry","category-geral","tag-alexandre-silveira","tag-amazonas-energia","tag-aneel","tag-cnpe","tag-edp","tag-eletrobras","tag-geracao-distribuida-solar","tag-lei-14-182","tag-lei-14-300","tag-mercado-livre","tag-ministerio-de-minas-e-energia","tag-pcs","tag-pl-2-703","tag-pl-414","tag-procedimento-competitivo-simplificado","tag-termicas"],"yoast_head":"<!-- This site is optimized with the Yoast SEO Premium plugin v25.4 (Yoast SEO v26.0) - https:\/\/yoast.com\/wordpress\/plugins\/seo\/ -->\n<title>An\u00e1lise: Novo ministro tem uma agenda de quest\u00f5es para se inteirar, algumas urgentes - Ag\u00eancia iNFRA<\/title>\n<meta name=\"robots\" content=\"index, follow, max-snippet:-1, max-image-preview:large, max-video-preview:-1\" \/>\n<link rel=\"canonical\" href=\"https:\/\/agenciainfra.com\/blog\/analise-novo-ministro-tem-uma-agenda-de-questoes-para-se-inteirar-algumas-urgentes\/\" \/>\n<meta property=\"og:locale\" content=\"pt_BR\" \/>\n<meta property=\"og:type\" content=\"article\" \/>\n<meta property=\"og:title\" content=\"An\u00e1lise: Novo ministro tem uma agenda de quest\u00f5es para se inteirar, algumas urgentes\" \/>\n<meta property=\"og:description\" content=\"Roberto Rockmann* Antes de tomar posse como ministro, o ent\u00e3o senador Alexandre Silveira (PSD-MG) estava se inteirando dos futuros desafios \u00e0 frente do MME (Minist\u00e9rio de Minas e Energia), cargo que assumiu oficialmente nesta segunda-feira (2), enquanto as entidades do setor el\u00e9trico articulam as pautas que levar\u00e3o aos primeiros encontros com o novo governo. Solar: [&hellip;]\" \/>\n<meta property=\"og:url\" content=\"https:\/\/agenciainfra.com\/blog\/analise-novo-ministro-tem-uma-agenda-de-questoes-para-se-inteirar-algumas-urgentes\/\" \/>\n<meta property=\"og:site_name\" content=\"Ag\u00eancia iNFRA\" \/>\n<meta property=\"article:publisher\" content=\"https:\/\/www.facebook.com\/ageninfra\" \/>\n<meta property=\"article:published_time\" content=\"2023-01-03T14:00:00+00:00\" \/>\n<meta property=\"og:image\" content=\"https:\/\/agenciainfra.com\/blog\/wp-content\/uploads\/2023\/01\/alexandre-silveira-foto-mme.jpeg\" \/>\n\t<meta property=\"og:image:width\" content=\"1280\" \/>\n\t<meta property=\"og:image:height\" content=\"853\" \/>\n\t<meta property=\"og:image:type\" content=\"image\/jpeg\" \/>\n<meta name=\"author\" content=\"Ag\u00eancia iNFRA\" \/>\n<meta name=\"twitter:card\" content=\"summary_large_image\" \/>\n<meta name=\"twitter:creator\" content=\"@agencia_infra\" \/>\n<meta name=\"twitter:site\" content=\"@agencia_infra\" \/>\n<meta name=\"twitter:label1\" content=\"Escrito por\" \/>\n\t<meta name=\"twitter:data1\" content=\"Ag\u00eancia iNFRA\" \/>\n\t<meta name=\"twitter:label2\" content=\"Est. tempo de leitura\" \/>\n\t<meta name=\"twitter:data2\" content=\"7 minutos\" \/>\n<script type=\"application\/ld+json\" class=\"yoast-schema-graph\">{\"@context\":\"https:\/\/schema.org\",\"@graph\":[{\"@type\":\"Article\",\"@id\":\"https:\/\/agenciainfra.com\/blog\/analise-novo-ministro-tem-uma-agenda-de-questoes-para-se-inteirar-algumas-urgentes\/#article\",\"isPartOf\":{\"@id\":\"https:\/\/agenciainfra.com\/blog\/analise-novo-ministro-tem-uma-agenda-de-questoes-para-se-inteirar-algumas-urgentes\/\"},\"author\":{\"name\":\"Ag\u00eancia iNFRA\",\"@id\":\"https:\/\/agenciainfra.com\/blog\/#\/schema\/person\/34af08dff6adea4cb22b06612ba7acfa\"},\"headline\":\"An\u00e1lise: Novo ministro tem uma agenda de quest\u00f5es para se inteirar, algumas urgentes\",\"datePublished\":\"2023-01-03T14:00:00+00:00\",\"mainEntityOfPage\":{\"@id\":\"https:\/\/agenciainfra.com\/blog\/analise-novo-ministro-tem-uma-agenda-de-questoes-para-se-inteirar-algumas-urgentes\/\"},\"wordCount\":1385,\"publisher\":{\"@id\":\"https:\/\/agenciainfra.com\/blog\/#organization\"},\"image\":{\"@id\":\"https:\/\/agenciainfra.com\/blog\/analise-novo-ministro-tem-uma-agenda-de-questoes-para-se-inteirar-algumas-urgentes\/#primaryimage\"},\"thumbnailUrl\":\"https:\/\/agenciainfra.com\/blog\/wp-content\/uploads\/2023\/01\/alexandre-silveira-foto-mme-e1768305568328.jpeg\",\"keywords\":[\"Alexandre Silveira\",\"Amazonas Energia\",\"ANEEL\",\"CNPE\",\"EDP\",\"Eletrobras\",\"gera\u00e7\u00e3o distribu\u00edda solar\",\"Lei 14.182\",\"Lei 14.300\",\"mercado livre\",\"Minist\u00e9rio de Minas e Energia\",\"PCS\",\"PL 2.703\",\"PL 414\",\"Procedimento Competitivo Simplificado\",\"t\u00e9rmicas\"],\"articleSection\":[\"Geral\"],\"inLanguage\":\"pt-BR\",\"copyrightYear\":\"2023\",\"copyrightHolder\":{\"@id\":\"https:\/\/agenciainfra.com\/blog\/#organization\"}},{\"@type\":\"WebPage\",\"@id\":\"https:\/\/agenciainfra.com\/blog\/analise-novo-ministro-tem-uma-agenda-de-questoes-para-se-inteirar-algumas-urgentes\/\",\"url\":\"https:\/\/agenciainfra.com\/blog\/analise-novo-ministro-tem-uma-agenda-de-questoes-para-se-inteirar-algumas-urgentes\/\",\"name\":\"An\u00e1lise: Novo ministro tem uma agenda de quest\u00f5es para se inteirar, algumas urgentes - Ag\u00eancia iNFRA\",\"isPartOf\":{\"@id\":\"https:\/\/agenciainfra.com\/blog\/#website\"},\"primaryImageOfPage\":{\"@id\":\"https:\/\/agenciainfra.com\/blog\/analise-novo-ministro-tem-uma-agenda-de-questoes-para-se-inteirar-algumas-urgentes\/#primaryimage\"},\"image\":{\"@id\":\"https:\/\/agenciainfra.com\/blog\/analise-novo-ministro-tem-uma-agenda-de-questoes-para-se-inteirar-algumas-urgentes\/#primaryimage\"},\"thumbnailUrl\":\"https:\/\/agenciainfra.com\/blog\/wp-content\/uploads\/2023\/01\/alexandre-silveira-foto-mme-e1768305568328.jpeg\",\"datePublished\":\"2023-01-03T14:00:00+00:00\",\"breadcrumb\":{\"@id\":\"https:\/\/agenciainfra.com\/blog\/analise-novo-ministro-tem-uma-agenda-de-questoes-para-se-inteirar-algumas-urgentes\/#breadcrumb\"},\"inLanguage\":\"pt-BR\",\"potentialAction\":[{\"@type\":\"ReadAction\",\"target\":[\"https:\/\/agenciainfra.com\/blog\/analise-novo-ministro-tem-uma-agenda-de-questoes-para-se-inteirar-algumas-urgentes\/\"]}]},{\"@type\":\"ImageObject\",\"inLanguage\":\"pt-BR\",\"@id\":\"https:\/\/agenciainfra.com\/blog\/analise-novo-ministro-tem-uma-agenda-de-questoes-para-se-inteirar-algumas-urgentes\/#primaryimage\",\"url\":\"https:\/\/agenciainfra.com\/blog\/wp-content\/uploads\/2023\/01\/alexandre-silveira-foto-mme-e1768305568328.jpeg\",\"contentUrl\":\"https:\/\/agenciainfra.com\/blog\/wp-content\/uploads\/2023\/01\/alexandre-silveira-foto-mme-e1768305568328.jpeg\",\"width\":1280,\"height\":780,\"caption\":\"Foto: Divulga\u00e7\u00e3o MME\"},{\"@type\":\"BreadcrumbList\",\"@id\":\"https:\/\/agenciainfra.com\/blog\/analise-novo-ministro-tem-uma-agenda-de-questoes-para-se-inteirar-algumas-urgentes\/#breadcrumb\",\"itemListElement\":[{\"@type\":\"ListItem\",\"position\":1,\"name\":\"In\u00edcio\",\"item\":\"https:\/\/agenciainfra.com\/blog\/\"},{\"@type\":\"ListItem\",\"position\":2,\"name\":\"An\u00e1lise: Novo ministro tem uma agenda de quest\u00f5es para se inteirar, algumas urgentes\"}]},{\"@type\":\"WebSite\",\"@id\":\"https:\/\/agenciainfra.com\/blog\/#website\",\"url\":\"https:\/\/agenciainfra.com\/blog\/\",\"name\":\"Ag\u00eancia iNFRA\",\"description\":\"Multiplataforma de informa\u00e7\u00e3o jornal\u00edstica refer\u00eancia na \u00e1rea de infraestrutura no Brasil!\",\"publisher\":{\"@id\":\"https:\/\/agenciainfra.com\/blog\/#organization\"},\"potentialAction\":[{\"@type\":\"SearchAction\",\"target\":{\"@type\":\"EntryPoint\",\"urlTemplate\":\"https:\/\/agenciainfra.com\/blog\/?s={search_term_string}\"},\"query-input\":{\"@type\":\"PropertyValueSpecification\",\"valueRequired\":true,\"valueName\":\"search_term_string\"}}],\"inLanguage\":\"pt-BR\"},{\"@type\":\"Organization\",\"@id\":\"https:\/\/agenciainfra.com\/blog\/#organization\",\"name\":\"Ag\u00eancia iNFRA\",\"url\":\"https:\/\/agenciainfra.com\/blog\/\",\"logo\":{\"@type\":\"ImageObject\",\"inLanguage\":\"pt-BR\",\"@id\":\"https:\/\/agenciainfra.com\/blog\/#\/schema\/logo\/image\/\",\"url\":\"https:\/\/agenciainfra.com\/blog\/wp-content\/uploads\/2023\/09\/iNFRA_5-e1761735885940.png\",\"contentUrl\":\"https:\/\/agenciainfra.com\/blog\/wp-content\/uploads\/2023\/09\/iNFRA_5-e1761735885940.png\",\"width\":1672,\"height\":454,\"caption\":\"Ag\u00eancia iNFRA\"},\"image\":{\"@id\":\"https:\/\/agenciainfra.com\/blog\/#\/schema\/logo\/image\/\"},\"sameAs\":[\"https:\/\/www.facebook.com\/ageninfra\",\"https:\/\/x.com\/agencia_infra\",\"https:\/\/www.linkedin.com\/company\/ag\u00eanciainfra\/\",\"https:\/\/www.instagram.com\/agenciainfra\/\"]},{\"@type\":\"Person\",\"@id\":\"https:\/\/agenciainfra.com\/blog\/#\/schema\/person\/34af08dff6adea4cb22b06612ba7acfa\",\"name\":\"Ag\u00eancia iNFRA\",\"image\":{\"@type\":\"ImageObject\",\"inLanguage\":\"pt-BR\",\"@id\":\"https:\/\/agenciainfra.com\/blog\/#\/schema\/person\/image\/\",\"url\":\"https:\/\/secure.gravatar.com\/avatar\/d189e01678f06d8eb84d4e01f08eb848b3fffe3f8443818d3c356c66892f5be8?s=96&d=mm&r=g\",\"contentUrl\":\"https:\/\/secure.gravatar.com\/avatar\/d189e01678f06d8eb84d4e01f08eb848b3fffe3f8443818d3c356c66892f5be8?s=96&d=mm&r=g\",\"caption\":\"Ag\u00eancia iNFRA\"},\"url\":\"https:\/\/agenciainfra.com\/blog\/author\/admin\/\"}]}<\/script>\n<!-- \/ Yoast SEO Premium plugin. -->","yoast_head_json":{"title":"An\u00e1lise: Novo ministro tem uma agenda de quest\u00f5es para se inteirar, algumas urgentes - Ag\u00eancia iNFRA","robots":{"index":"index","follow":"follow","max-snippet":"max-snippet:-1","max-image-preview":"max-image-preview:large","max-video-preview":"max-video-preview:-1"},"canonical":"https:\/\/agenciainfra.com\/blog\/analise-novo-ministro-tem-uma-agenda-de-questoes-para-se-inteirar-algumas-urgentes\/","og_locale":"pt_BR","og_type":"article","og_title":"An\u00e1lise: Novo ministro tem uma agenda de quest\u00f5es para se inteirar, algumas urgentes","og_description":"Roberto Rockmann* Antes de tomar posse como ministro, o ent\u00e3o senador Alexandre Silveira (PSD-MG) estava se inteirando dos futuros desafios \u00e0 frente do MME (Minist\u00e9rio de Minas e Energia), cargo que assumiu oficialmente nesta segunda-feira (2), enquanto as entidades do setor el\u00e9trico articulam as pautas que levar\u00e3o aos primeiros encontros com o novo governo. Solar: [&hellip;]","og_url":"https:\/\/agenciainfra.com\/blog\/analise-novo-ministro-tem-uma-agenda-de-questoes-para-se-inteirar-algumas-urgentes\/","og_site_name":"Ag\u00eancia iNFRA","article_publisher":"https:\/\/www.facebook.com\/ageninfra","article_published_time":"2023-01-03T14:00:00+00:00","og_image":[{"width":1280,"height":853,"url":"https:\/\/agenciainfra.com\/blog\/wp-content\/uploads\/2023\/01\/alexandre-silveira-foto-mme.jpeg","type":"image\/jpeg"}],"author":"Ag\u00eancia iNFRA","twitter_card":"summary_large_image","twitter_creator":"@agencia_infra","twitter_site":"@agencia_infra","twitter_misc":{"Escrito por":"Ag\u00eancia iNFRA","Est. tempo de leitura":"7 minutos"},"schema":{"@context":"https:\/\/schema.org","@graph":[{"@type":"Article","@id":"https:\/\/agenciainfra.com\/blog\/analise-novo-ministro-tem-uma-agenda-de-questoes-para-se-inteirar-algumas-urgentes\/#article","isPartOf":{"@id":"https:\/\/agenciainfra.com\/blog\/analise-novo-ministro-tem-uma-agenda-de-questoes-para-se-inteirar-algumas-urgentes\/"},"author":{"name":"Ag\u00eancia iNFRA","@id":"https:\/\/agenciainfra.com\/blog\/#\/schema\/person\/34af08dff6adea4cb22b06612ba7acfa"},"headline":"An\u00e1lise: Novo ministro tem uma agenda de quest\u00f5es para se inteirar, algumas urgentes","datePublished":"2023-01-03T14:00:00+00:00","mainEntityOfPage":{"@id":"https:\/\/agenciainfra.com\/blog\/analise-novo-ministro-tem-uma-agenda-de-questoes-para-se-inteirar-algumas-urgentes\/"},"wordCount":1385,"publisher":{"@id":"https:\/\/agenciainfra.com\/blog\/#organization"},"image":{"@id":"https:\/\/agenciainfra.com\/blog\/analise-novo-ministro-tem-uma-agenda-de-questoes-para-se-inteirar-algumas-urgentes\/#primaryimage"},"thumbnailUrl":"https:\/\/agenciainfra.com\/blog\/wp-content\/uploads\/2023\/01\/alexandre-silveira-foto-mme-e1768305568328.jpeg","keywords":["Alexandre Silveira","Amazonas Energia","ANEEL","CNPE","EDP","Eletrobras","gera\u00e7\u00e3o distribu\u00edda solar","Lei 14.182","Lei 14.300","mercado livre","Minist\u00e9rio de Minas e Energia","PCS","PL 2.703","PL 414","Procedimento Competitivo Simplificado","t\u00e9rmicas"],"articleSection":["Geral"],"inLanguage":"pt-BR","copyrightYear":"2023","copyrightHolder":{"@id":"https:\/\/agenciainfra.com\/blog\/#organization"}},{"@type":"WebPage","@id":"https:\/\/agenciainfra.com\/blog\/analise-novo-ministro-tem-uma-agenda-de-questoes-para-se-inteirar-algumas-urgentes\/","url":"https:\/\/agenciainfra.com\/blog\/analise-novo-ministro-tem-uma-agenda-de-questoes-para-se-inteirar-algumas-urgentes\/","name":"An\u00e1lise: Novo ministro tem uma agenda de quest\u00f5es para se inteirar, algumas urgentes - Ag\u00eancia iNFRA","isPartOf":{"@id":"https:\/\/agenciainfra.com\/blog\/#website"},"primaryImageOfPage":{"@id":"https:\/\/agenciainfra.com\/blog\/analise-novo-ministro-tem-uma-agenda-de-questoes-para-se-inteirar-algumas-urgentes\/#primaryimage"},"image":{"@id":"https:\/\/agenciainfra.com\/blog\/analise-novo-ministro-tem-uma-agenda-de-questoes-para-se-inteirar-algumas-urgentes\/#primaryimage"},"thumbnailUrl":"https:\/\/agenciainfra.com\/blog\/wp-content\/uploads\/2023\/01\/alexandre-silveira-foto-mme-e1768305568328.jpeg","datePublished":"2023-01-03T14:00:00+00:00","breadcrumb":{"@id":"https:\/\/agenciainfra.com\/blog\/analise-novo-ministro-tem-uma-agenda-de-questoes-para-se-inteirar-algumas-urgentes\/#breadcrumb"},"inLanguage":"pt-BR","potentialAction":[{"@type":"ReadAction","target":["https:\/\/agenciainfra.com\/blog\/analise-novo-ministro-tem-uma-agenda-de-questoes-para-se-inteirar-algumas-urgentes\/"]}]},{"@type":"ImageObject","inLanguage":"pt-BR","@id":"https:\/\/agenciainfra.com\/blog\/analise-novo-ministro-tem-uma-agenda-de-questoes-para-se-inteirar-algumas-urgentes\/#primaryimage","url":"https:\/\/agenciainfra.com\/blog\/wp-content\/uploads\/2023\/01\/alexandre-silveira-foto-mme-e1768305568328.jpeg","contentUrl":"https:\/\/agenciainfra.com\/blog\/wp-content\/uploads\/2023\/01\/alexandre-silveira-foto-mme-e1768305568328.jpeg","width":1280,"height":780,"caption":"Foto: Divulga\u00e7\u00e3o MME"},{"@type":"BreadcrumbList","@id":"https:\/\/agenciainfra.com\/blog\/analise-novo-ministro-tem-uma-agenda-de-questoes-para-se-inteirar-algumas-urgentes\/#breadcrumb","itemListElement":[{"@type":"ListItem","position":1,"name":"In\u00edcio","item":"https:\/\/agenciainfra.com\/blog\/"},{"@type":"ListItem","position":2,"name":"An\u00e1lise: Novo ministro tem uma agenda de quest\u00f5es para se inteirar, algumas urgentes"}]},{"@type":"WebSite","@id":"https:\/\/agenciainfra.com\/blog\/#website","url":"https:\/\/agenciainfra.com\/blog\/","name":"Ag\u00eancia iNFRA","description":"Multiplataforma de informa\u00e7\u00e3o jornal\u00edstica refer\u00eancia na \u00e1rea de infraestrutura no Brasil!","publisher":{"@id":"https:\/\/agenciainfra.com\/blog\/#organization"},"potentialAction":[{"@type":"SearchAction","target":{"@type":"EntryPoint","urlTemplate":"https:\/\/agenciainfra.com\/blog\/?s={search_term_string}"},"query-input":{"@type":"PropertyValueSpecification","valueRequired":true,"valueName":"search_term_string"}}],"inLanguage":"pt-BR"},{"@type":"Organization","@id":"https:\/\/agenciainfra.com\/blog\/#organization","name":"Ag\u00eancia iNFRA","url":"https:\/\/agenciainfra.com\/blog\/","logo":{"@type":"ImageObject","inLanguage":"pt-BR","@id":"https:\/\/agenciainfra.com\/blog\/#\/schema\/logo\/image\/","url":"https:\/\/agenciainfra.com\/blog\/wp-content\/uploads\/2023\/09\/iNFRA_5-e1761735885940.png","contentUrl":"https:\/\/agenciainfra.com\/blog\/wp-content\/uploads\/2023\/09\/iNFRA_5-e1761735885940.png","width":1672,"height":454,"caption":"Ag\u00eancia iNFRA"},"image":{"@id":"https:\/\/agenciainfra.com\/blog\/#\/schema\/logo\/image\/"},"sameAs":["https:\/\/www.facebook.com\/ageninfra","https:\/\/x.com\/agencia_infra","https:\/\/www.linkedin.com\/company\/ag\u00eanciainfra\/","https:\/\/www.instagram.com\/agenciainfra\/"]},{"@type":"Person","@id":"https:\/\/agenciainfra.com\/blog\/#\/schema\/person\/34af08dff6adea4cb22b06612ba7acfa","name":"Ag\u00eancia iNFRA","image":{"@type":"ImageObject","inLanguage":"pt-BR","@id":"https:\/\/agenciainfra.com\/blog\/#\/schema\/person\/image\/","url":"https:\/\/secure.gravatar.com\/avatar\/d189e01678f06d8eb84d4e01f08eb848b3fffe3f8443818d3c356c66892f5be8?s=96&d=mm&r=g","contentUrl":"https:\/\/secure.gravatar.com\/avatar\/d189e01678f06d8eb84d4e01f08eb848b3fffe3f8443818d3c356c66892f5be8?s=96&d=mm&r=g","caption":"Ag\u00eancia iNFRA"},"url":"https:\/\/agenciainfra.com\/blog\/author\/admin\/"}]}},"_links":{"self":[{"href":"https:\/\/agenciainfra.com\/blog\/wp-json\/wp\/v2\/posts\/11979","targetHints":{"allow":["GET"]}}],"collection":[{"href":"https:\/\/agenciainfra.com\/blog\/wp-json\/wp\/v2\/posts"}],"about":[{"href":"https:\/\/agenciainfra.com\/blog\/wp-json\/wp\/v2\/types\/post"}],"author":[{"embeddable":true,"href":"https:\/\/agenciainfra.com\/blog\/wp-json\/wp\/v2\/users\/1"}],"replies":[{"embeddable":true,"href":"https:\/\/agenciainfra.com\/blog\/wp-json\/wp\/v2\/comments?post=11979"}],"version-history":[{"count":0,"href":"https:\/\/agenciainfra.com\/blog\/wp-json\/wp\/v2\/posts\/11979\/revisions"}],"wp:featuredmedia":[{"embeddable":true,"href":"https:\/\/agenciainfra.com\/blog\/wp-json\/wp\/v2\/media\/11980"}],"wp:attachment":[{"href":"https:\/\/agenciainfra.com\/blog\/wp-json\/wp\/v2\/media?parent=11979"}],"wp:term":[{"taxonomy":"category","embeddable":true,"href":"https:\/\/agenciainfra.com\/blog\/wp-json\/wp\/v2\/categories?post=11979"},{"taxonomy":"post_tag","embeddable":true,"href":"https:\/\/agenciainfra.com\/blog\/wp-json\/wp\/v2\/tags?post=11979"}],"curies":[{"name":"wp","href":"https:\/\/api.w.org\/{rel}","templated":true}]}}