{"id":11989,"date":"2023-01-04T10:00:00","date_gmt":"2023-01-04T13:00:00","guid":{"rendered":"https:\/\/www.agenciainfra.com\/blog\/?p=11989"},"modified":"2023-01-03T23:46:32","modified_gmt":"2023-01-04T02:46:32","slug":"plano-da-operacao-do-ons-traz-alertas-sobre-o-limite-de-conexao-a-rede-de-transmissao","status":"publish","type":"post","link":"https:\/\/agenciainfra.com\/blog\/plano-da-operacao-do-ons-traz-alertas-sobre-o-limite-de-conexao-a-rede-de-transmissao\/","title":{"rendered":"Plano da opera\u00e7\u00e3o do ONS traz alertas sobre o limite de conex\u00e3o \u00e0 rede de transmiss\u00e3o"},"content":{"rendered":"\n<p class=\"has-text-align-right\"><strong>Roberto Rockmann*<\/strong><\/p>\n\n\n\n<p>Divulgado nesta ter\u00e7a-feira (3), o <a href=\"https:\/\/www.ons.org.br\/AcervoDigitalDocumentosEPublicacoes\/ONS_Revista%20PARPEL%202022_VF.pdf\" target=\"_blank\" rel=\"noreferrer noopener\">Plano da Opera\u00e7\u00e3o El\u00e9trica de M\u00e9dio Prazo do Sistema Interligado Nacional<\/a>&nbsp;para o horizonte de 2023 a 2027 traz uma s\u00e9rie de alertas para o setor el\u00e9trico nesses pr\u00f3ximos cinco anos. Nas entrelinhas, destaca-se a import\u00e2ncia de uma governan\u00e7a setorial mais coordenada e regula\u00e7\u00e3o adaptada aos novos tempos diante dos desafios que o avan\u00e7o das fontes vari\u00e1veis e a din\u00e2mica mais veloz do mercado livre trazem.<br><br>Um primeiro ponto \u00e9 a necessidade de alterar a din\u00e2mica dos leil\u00f5es de contrata\u00e7\u00e3o de energia, buscando criar um novo paradigma: uma vez que o acesso \u00e0 rede de conex\u00e3o \u00e9 limitado e o n\u00famero de projetos muito grande, \u00e9 preciso estruturar leil\u00f5es de margem de escoamento. O crit\u00e9rio de fila n\u00e3o pode mais existir por poder criar ainda mais incerteza. Um dado no estudo aponta nessa dire\u00e7\u00e3o: os leil\u00f5es de transmiss\u00e3o que licitaram novas linhas em junho para refor\u00e7ar o interc\u00e2mbio principalmente no norte de Minas Gerais entrar\u00e3o em 2027 com sua capacidade esgotada. A solu\u00e7\u00e3o de transmiss\u00e3o para 2027 era viabilizar 10 GW. At\u00e9 2026, j\u00e1 se conta com 11 GW de CUST (Contratos de Uso do Sistema de Transmiss\u00e3o) assinados.<br><br>O acesso escasso \u00e0 rede pode ser visto em outro dado. A capacidade instalada da matriz el\u00e9trica brasileira dever\u00e1 atingir 208,4 GW ao final de 2026, ante os 186 GW atuais, com 44 GW de e\u00f3licas e solares. No entanto, o ONS (Operador Nacional do Sistema El\u00e9trico) alerta que, contabilizados CUSTs assinados e pareceres de acesso v\u00e1lidos ou em avalia\u00e7\u00e3o, a capacidade chegaria em 2027 a 260 GW, com quase 100 GW de e\u00f3licas e solares. Isso mostra o impacto da corrida de ouro das renov\u00e1veis, ap\u00f3s a promulga\u00e7\u00e3o, em 2021, da <a href=\"https:\/\/www.planalto.gov.br\/ccivil_03\/_ato2019-2022\/2021\/lei\/L14120.htm\" target=\"_blank\" rel=\"noreferrer noopener\">Lei 14.120<\/a>, que garantiu subs\u00eddios \u00e0s renov\u00e1veis at\u00e9 mar\u00e7o de 2022.<br><br>H\u00e1 outro dado importante a ser analisado. O ONS estima R$ 60,7 bilh\u00f5es em investimentos nos pr\u00f3ximos cinco anos, montante 154% superior ao previsto no per\u00edodo anterior (apenas Minas Gerais e Bahia t\u00eam R$ 27 bilh\u00f5es em investimentos previstos). Desse total, R$ 55,7 bilh\u00f5es s\u00e3o referentes a novas obras indicadas para o ciclo 2023\/2027. Grande parte da necessidade de investimento na rede de transmiss\u00e3o vem da expans\u00e3o da gera\u00e7\u00e3o e\u00f3lica e solar na regi\u00e3o Nordeste e em Minas Gerais.<br><br>Esses n\u00fameros indicam um desafio que ter\u00e1 de ser superado em breve: a valora\u00e7\u00e3o dos atributos de cada uma das fontes. Pistas nesse sentido podem ser dadas neste ano ainda. Sobre esse ponto os empres\u00e1rios de renov\u00e1veis est\u00e3o \u00e0 espera da regula\u00e7\u00e3o final da <a href=\"https:\/\/www.planalto.gov.br\/ccivil_03\/_ato2019-2022\/2022\/lei\/l14300.htm\" target=\"_blank\" rel=\"noreferrer noopener\">Lei 14.300<\/a>, que instituiu o marco da gera\u00e7\u00e3o distribu\u00edda solar.<br><br>Na legisla\u00e7\u00e3o, estabeleceu-se que o CNPE (Conselho Nacional de Pol\u00edtica Energ\u00e9tica) teria seis meses para fixar as diretrizes para valora\u00e7\u00e3o dos custos e dos benef\u00edcios da microgera\u00e7\u00e3o e minigera\u00e7\u00e3o distribu\u00edda, enquanto a ANEEL (Ag\u00eancia Nacional de Energia El\u00e9trica) teria 18 meses para os c\u00e1lculos. Na reuni\u00e3o extraordin\u00e1ria de novembro do CNPE, o assunto estava na pauta, mas foi retirado. Na de dezembro, nem foi inclu\u00eddo. J\u00e1 a <a href=\"https:\/\/antigo.aneel.gov.br\/web\/guest\/consultas-publicas?p_auth=vnCL2Niy&amp;p_p_id=participacaopublica_WAR_participacaopublicaportlet&amp;p_p_lifecycle=1&amp;p_p_state=normal&amp;p_p_mode=view&amp;p_p_col_id=column-2&amp;p_p_col_pos=1&amp;p_p_col_count=2&amp;_participacaopublica_WAR_participacaopublicaportlet_ideParticipacaoPublica=3723&amp;_participacaopublica_WAR_participacaopublicaportlet_javax.portlet.action=visualizarParticipacaoPublica\" target=\"_blank\" rel=\"noreferrer noopener\">CP (Consulta P\u00fablica) 51<\/a> da ANEEL sobre o assunto teve suas contribui\u00e7\u00f5es encerradas em dezembro.<br><br>Outro destaque se refere \u00e0 necessidade de padroniza\u00e7\u00e3o de inversores no setor solar. Uma casa com painel fotovoltaico pode injetar energia na rede, mas, se houver uma altera\u00e7\u00e3o de frequ\u00eancia, a resid\u00eancia passa a consumir, mas n\u00e3o injetar. Se isso ocorre em uma cascata, milhares de casas ter\u00e3o o mesmo problema. Na Europa, dois blecautes ocorreram por causa disso. Para minimizar esse ponto, come\u00e7ou-se a discutir com o segmento de GD (gera\u00e7\u00e3o distribu\u00edda) solar e o Inmetro a padroniza\u00e7\u00e3o dos inversores. Em mar\u00e7o, o Inmetro lan\u00e7ou a Portaria 140 de padroniza\u00e7\u00e3o.<br><br>Fabricantes est\u00e3o trabalhando para que as pr\u00f3ximas gera\u00e7\u00f5es de equipamentos venham com os softwares necess\u00e1rios para corre\u00e7\u00e3o de eventuais problemas. Empres\u00e1rios de energia solar ainda t\u00eam d\u00favidas se s\u00f3 a atualiza\u00e7\u00e3o de software ser\u00e1 necess\u00e1ria. H\u00e1 outro ponto: n\u00e3o h\u00e1 mensura\u00e7\u00e3o de forma centralizada sobre quantos estariam j\u00e1 adaptados, ou seja, a realiza\u00e7\u00e3o de um levantamento geral ser\u00e1 essencial.<br><br>Em um dos cen\u00e1rios contemplados pelo ONS em rela\u00e7\u00e3o aos limites das interliga\u00e7\u00f5es inter-regionais, aponta-se que \u201ccom o aumento significativo de gera\u00e7\u00e3o solar no norte de Minas Gerais, os ganhos auferidos na interliga\u00e7\u00e3o Nordeste-Sudeste s\u00f3 ser\u00e3o poss\u00edveis com uma limita\u00e7\u00e3o na gera\u00e7\u00e3o solar em Minas Gerais. Fica estabelecida uma concorr\u00eancia entre estas gera\u00e7\u00f5es do Nordeste e Minas Gerais\u201d.<br><br>A corrida por investir em Minas Gerais tem sido intensa. O leil\u00e3o de transmiss\u00e3o de junho passado teve como inten\u00e7\u00e3o criar escoamento para 11 GW de potencial de gera\u00e7\u00e3o, mas an\u00e1lises de acesso j\u00e1 apontam esgotamento do sistema licitado que ir\u00e1 operar em 2027, \u201cdado o montante atual de gera\u00e7\u00e3o de 9,4 GW com contrato assinado e em opera\u00e7\u00e3o, al\u00e9m de 7,2 GW de pareceres de acesso emitidos e 5,6 GW com solicita\u00e7\u00e3o de acesso em andamento. Em fun\u00e7\u00e3o do montante de gera\u00e7\u00e3o em quest\u00e3o, foram indicadas v\u00e1rias ressalvas nos documentos de acesso emitidos\u201d, aponta o documento na p\u00e1gina 45.<\/p>\n\n\n\n<h6 class=\"wp-block-heading\" id=\"block-f323f59b-51bf-4eed-b17b-3c7d3b917007\">*Roberto Rockmann <strong>\u00e9 escritor e jornalista. Coautor do livro \u201cCurto-Circuito, quando o Brasil quase ficou \u00e0s escuras\u201d e produtor do podcast quinzenal \u201cGiro Energia\u201d sobre o setor el\u00e9trico. Organizou em 2018 o livro de 20 anos do mercado livre de energia el\u00e9trica, editado pela CCEE (C\u00e2mara de Comercializa\u00e7\u00e3o de Energia El\u00e9trica), al\u00e9m de v\u00e1rios outros livros e trabalhos premiados<\/strong>.<\/h6>\n\n\n\n<p><strong>As opini\u00f5es dos autores n\u00e3o refletem necessariamente o pensamento da Ag\u00eancia iNFRA, sendo de total responsabilidade do autor as informa\u00e7\u00f5es, ju\u00edzos de valor e conceitos descritos no texto<\/strong>. <\/p>\n","protected":false},"excerpt":{"rendered":"<p>Roberto Rockmann* Divulgado nesta ter\u00e7a-feira (3), o Plano da Opera\u00e7\u00e3o El\u00e9trica de M\u00e9dio Prazo do Sistema Interligado Nacional&nbsp;para o horizonte de 2023 a 2027 traz uma s\u00e9rie de alertas para o setor el\u00e9trico nesses pr\u00f3ximos cinco anos. Nas entrelinhas, destaca-se a import\u00e2ncia de uma governan\u00e7a setorial mais coordenada e regula\u00e7\u00e3o adaptada aos novos tempos diante [&hellip;]<\/p>\n","protected":false},"author":1,"featured_media":8381,"comment_status":"closed","ping_status":"closed","sticky":false,"template":"","format":"standard","meta":{"_monsterinsights_skip_tracking":false,"_monsterinsights_sitenote_active":false,"_monsterinsights_sitenote_note":"","_monsterinsights_sitenote_category":0,"footnotes":""},"categories":[1],"tags":[53,3004,6253,3210,2649,850,55,216,827,3360,747,3211,575],"class_list":["post-11989","post","type-post","status-publish","format-standard","has-post-thumbnail","hentry","category-geral","tag-aneel","tag-cnpe","tag-contratacao-de-energia","tag-eolicas","tag-fontes-renovaveis","tag-geracao-distribuida","tag-mercado-livre","tag-ons","tag-operador-nacional-do-sistema-eletrico","tag-sin","tag-sistema-interligado-nacional","tag-solares","tag-transmissao-de-energia"],"yoast_head":"<!-- This site is optimized with the Yoast SEO Premium plugin v25.4 (Yoast SEO v26.0) - https:\/\/yoast.com\/wordpress\/plugins\/seo\/ -->\n<title>Plano da opera\u00e7\u00e3o do ONS traz alertas sobre o limite de conex\u00e3o \u00e0 rede de transmiss\u00e3o - Ag\u00eancia iNFRA<\/title>\n<meta name=\"robots\" content=\"index, follow, max-snippet:-1, max-image-preview:large, max-video-preview:-1\" \/>\n<link rel=\"canonical\" href=\"https:\/\/agenciainfra.com\/blog\/plano-da-operacao-do-ons-traz-alertas-sobre-o-limite-de-conexao-a-rede-de-transmissao\/\" \/>\n<meta property=\"og:locale\" content=\"pt_BR\" \/>\n<meta property=\"og:type\" content=\"article\" \/>\n<meta property=\"og:title\" content=\"Plano da opera\u00e7\u00e3o do ONS traz alertas sobre o limite de conex\u00e3o \u00e0 rede de transmiss\u00e3o\" \/>\n<meta property=\"og:description\" content=\"Roberto Rockmann* Divulgado nesta ter\u00e7a-feira (3), o Plano da Opera\u00e7\u00e3o El\u00e9trica de M\u00e9dio Prazo do Sistema Interligado Nacional&nbsp;para o horizonte de 2023 a 2027 traz uma s\u00e9rie de alertas para o setor el\u00e9trico nesses pr\u00f3ximos cinco anos. Nas entrelinhas, destaca-se a import\u00e2ncia de uma governan\u00e7a setorial mais coordenada e regula\u00e7\u00e3o adaptada aos novos tempos diante [&hellip;]\" \/>\n<meta property=\"og:url\" content=\"https:\/\/agenciainfra.com\/blog\/plano-da-operacao-do-ons-traz-alertas-sobre-o-limite-de-conexao-a-rede-de-transmissao\/\" \/>\n<meta property=\"og:site_name\" content=\"Ag\u00eancia iNFRA\" \/>\n<meta property=\"article:publisher\" content=\"https:\/\/www.facebook.com\/ageninfra\" \/>\n<meta property=\"article:published_time\" content=\"2023-01-04T13:00:00+00:00\" \/>\n<meta property=\"og:image\" content=\"https:\/\/agenciainfra.com\/blog\/wp-content\/uploads\/2021\/09\/Operador-Nacional-do-Sistema-Eletrico-foto-ONS.jpeg\" \/>\n\t<meta property=\"og:image:width\" content=\"1280\" \/>\n\t<meta property=\"og:image:height\" content=\"853\" \/>\n\t<meta property=\"og:image:type\" content=\"image\/jpeg\" \/>\n<meta name=\"author\" content=\"Ag\u00eancia iNFRA\" \/>\n<meta name=\"twitter:card\" content=\"summary_large_image\" \/>\n<meta name=\"twitter:creator\" content=\"@agencia_infra\" \/>\n<meta name=\"twitter:site\" content=\"@agencia_infra\" \/>\n<meta name=\"twitter:label1\" content=\"Escrito por\" \/>\n\t<meta name=\"twitter:data1\" content=\"Ag\u00eancia iNFRA\" \/>\n\t<meta name=\"twitter:label2\" content=\"Est. tempo de leitura\" \/>\n\t<meta name=\"twitter:data2\" content=\"5 minutos\" \/>\n<script type=\"application\/ld+json\" class=\"yoast-schema-graph\">{\"@context\":\"https:\/\/schema.org\",\"@graph\":[{\"@type\":\"Article\",\"@id\":\"https:\/\/agenciainfra.com\/blog\/plano-da-operacao-do-ons-traz-alertas-sobre-o-limite-de-conexao-a-rede-de-transmissao\/#article\",\"isPartOf\":{\"@id\":\"https:\/\/agenciainfra.com\/blog\/plano-da-operacao-do-ons-traz-alertas-sobre-o-limite-de-conexao-a-rede-de-transmissao\/\"},\"author\":{\"name\":\"Ag\u00eancia iNFRA\",\"@id\":\"https:\/\/agenciainfra.com\/blog\/#\/schema\/person\/34af08dff6adea4cb22b06612ba7acfa\"},\"headline\":\"Plano da opera\u00e7\u00e3o do ONS traz alertas sobre o limite de conex\u00e3o \u00e0 rede de transmiss\u00e3o\",\"datePublished\":\"2023-01-04T13:00:00+00:00\",\"mainEntityOfPage\":{\"@id\":\"https:\/\/agenciainfra.com\/blog\/plano-da-operacao-do-ons-traz-alertas-sobre-o-limite-de-conexao-a-rede-de-transmissao\/\"},\"wordCount\":1026,\"publisher\":{\"@id\":\"https:\/\/agenciainfra.com\/blog\/#organization\"},\"image\":{\"@id\":\"https:\/\/agenciainfra.com\/blog\/plano-da-operacao-do-ons-traz-alertas-sobre-o-limite-de-conexao-a-rede-de-transmissao\/#primaryimage\"},\"thumbnailUrl\":\"https:\/\/agenciainfra.com\/blog\/wp-content\/uploads\/2021\/09\/Operador-Nacional-do-Sistema-Eletrico-foto-ONS.jpeg\",\"keywords\":[\"ANEEL\",\"CNPE\",\"contrata\u00e7\u00e3o de energia\",\"e\u00f3licas\",\"fontes renov\u00e1veis\",\"gera\u00e7\u00e3o distribu\u00edda\",\"mercado livre\",\"ONS\",\"Operador Nacional do Sistema El\u00e9trico\",\"SIN\",\"Sistema Interligado Nacional\",\"solares\",\"transmiss\u00e3o de energia\"],\"articleSection\":[\"Geral\"],\"inLanguage\":\"pt-BR\",\"copyrightYear\":\"2023\",\"copyrightHolder\":{\"@id\":\"https:\/\/agenciainfra.com\/blog\/#organization\"}},{\"@type\":\"WebPage\",\"@id\":\"https:\/\/agenciainfra.com\/blog\/plano-da-operacao-do-ons-traz-alertas-sobre-o-limite-de-conexao-a-rede-de-transmissao\/\",\"url\":\"https:\/\/agenciainfra.com\/blog\/plano-da-operacao-do-ons-traz-alertas-sobre-o-limite-de-conexao-a-rede-de-transmissao\/\",\"name\":\"Plano da opera\u00e7\u00e3o do ONS traz alertas sobre o limite de conex\u00e3o \u00e0 rede de transmiss\u00e3o - Ag\u00eancia iNFRA\",\"isPartOf\":{\"@id\":\"https:\/\/agenciainfra.com\/blog\/#website\"},\"primaryImageOfPage\":{\"@id\":\"https:\/\/agenciainfra.com\/blog\/plano-da-operacao-do-ons-traz-alertas-sobre-o-limite-de-conexao-a-rede-de-transmissao\/#primaryimage\"},\"image\":{\"@id\":\"https:\/\/agenciainfra.com\/blog\/plano-da-operacao-do-ons-traz-alertas-sobre-o-limite-de-conexao-a-rede-de-transmissao\/#primaryimage\"},\"thumbnailUrl\":\"https:\/\/agenciainfra.com\/blog\/wp-content\/uploads\/2021\/09\/Operador-Nacional-do-Sistema-Eletrico-foto-ONS.jpeg\",\"datePublished\":\"2023-01-04T13:00:00+00:00\",\"breadcrumb\":{\"@id\":\"https:\/\/agenciainfra.com\/blog\/plano-da-operacao-do-ons-traz-alertas-sobre-o-limite-de-conexao-a-rede-de-transmissao\/#breadcrumb\"},\"inLanguage\":\"pt-BR\",\"potentialAction\":[{\"@type\":\"ReadAction\",\"target\":[\"https:\/\/agenciainfra.com\/blog\/plano-da-operacao-do-ons-traz-alertas-sobre-o-limite-de-conexao-a-rede-de-transmissao\/\"]}]},{\"@type\":\"ImageObject\",\"inLanguage\":\"pt-BR\",\"@id\":\"https:\/\/agenciainfra.com\/blog\/plano-da-operacao-do-ons-traz-alertas-sobre-o-limite-de-conexao-a-rede-de-transmissao\/#primaryimage\",\"url\":\"https:\/\/agenciainfra.com\/blog\/wp-content\/uploads\/2021\/09\/Operador-Nacional-do-Sistema-Eletrico-foto-ONS.jpeg\",\"contentUrl\":\"https:\/\/agenciainfra.com\/blog\/wp-content\/uploads\/2021\/09\/Operador-Nacional-do-Sistema-Eletrico-foto-ONS.jpeg\",\"width\":1280,\"height\":853,\"caption\":\"Foto: ONS\"},{\"@type\":\"BreadcrumbList\",\"@id\":\"https:\/\/agenciainfra.com\/blog\/plano-da-operacao-do-ons-traz-alertas-sobre-o-limite-de-conexao-a-rede-de-transmissao\/#breadcrumb\",\"itemListElement\":[{\"@type\":\"ListItem\",\"position\":1,\"name\":\"In\u00edcio\",\"item\":\"https:\/\/agenciainfra.com\/blog\/\"},{\"@type\":\"ListItem\",\"position\":2,\"name\":\"Plano da opera\u00e7\u00e3o do ONS traz alertas sobre o limite de conex\u00e3o \u00e0 rede de transmiss\u00e3o\"}]},{\"@type\":\"WebSite\",\"@id\":\"https:\/\/agenciainfra.com\/blog\/#website\",\"url\":\"https:\/\/agenciainfra.com\/blog\/\",\"name\":\"Ag\u00eancia iNFRA\",\"description\":\"Multiplataforma de informa\u00e7\u00e3o jornal\u00edstica refer\u00eancia na \u00e1rea de infraestrutura no Brasil!\",\"publisher\":{\"@id\":\"https:\/\/agenciainfra.com\/blog\/#organization\"},\"potentialAction\":[{\"@type\":\"SearchAction\",\"target\":{\"@type\":\"EntryPoint\",\"urlTemplate\":\"https:\/\/agenciainfra.com\/blog\/?s={search_term_string}\"},\"query-input\":{\"@type\":\"PropertyValueSpecification\",\"valueRequired\":true,\"valueName\":\"search_term_string\"}}],\"inLanguage\":\"pt-BR\"},{\"@type\":\"Organization\",\"@id\":\"https:\/\/agenciainfra.com\/blog\/#organization\",\"name\":\"Ag\u00eancia iNFRA\",\"url\":\"https:\/\/agenciainfra.com\/blog\/\",\"logo\":{\"@type\":\"ImageObject\",\"inLanguage\":\"pt-BR\",\"@id\":\"https:\/\/agenciainfra.com\/blog\/#\/schema\/logo\/image\/\",\"url\":\"https:\/\/agenciainfra.com\/blog\/wp-content\/uploads\/2023\/09\/iNFRA_5-e1761735885940.png\",\"contentUrl\":\"https:\/\/agenciainfra.com\/blog\/wp-content\/uploads\/2023\/09\/iNFRA_5-e1761735885940.png\",\"width\":1672,\"height\":454,\"caption\":\"Ag\u00eancia iNFRA\"},\"image\":{\"@id\":\"https:\/\/agenciainfra.com\/blog\/#\/schema\/logo\/image\/\"},\"sameAs\":[\"https:\/\/www.facebook.com\/ageninfra\",\"https:\/\/x.com\/agencia_infra\",\"https:\/\/www.linkedin.com\/company\/ag\u00eanciainfra\/\",\"https:\/\/www.instagram.com\/agenciainfra\/\"]},{\"@type\":\"Person\",\"@id\":\"https:\/\/agenciainfra.com\/blog\/#\/schema\/person\/34af08dff6adea4cb22b06612ba7acfa\",\"name\":\"Ag\u00eancia iNFRA\",\"image\":{\"@type\":\"ImageObject\",\"inLanguage\":\"pt-BR\",\"@id\":\"https:\/\/agenciainfra.com\/blog\/#\/schema\/person\/image\/\",\"url\":\"https:\/\/secure.gravatar.com\/avatar\/d189e01678f06d8eb84d4e01f08eb848b3fffe3f8443818d3c356c66892f5be8?s=96&d=mm&r=g\",\"contentUrl\":\"https:\/\/secure.gravatar.com\/avatar\/d189e01678f06d8eb84d4e01f08eb848b3fffe3f8443818d3c356c66892f5be8?s=96&d=mm&r=g\",\"caption\":\"Ag\u00eancia iNFRA\"},\"url\":\"https:\/\/agenciainfra.com\/blog\/author\/admin\/\"}]}<\/script>\n<!-- \/ Yoast SEO Premium plugin. -->","yoast_head_json":{"title":"Plano da opera\u00e7\u00e3o do ONS traz alertas sobre o limite de conex\u00e3o \u00e0 rede de transmiss\u00e3o - Ag\u00eancia iNFRA","robots":{"index":"index","follow":"follow","max-snippet":"max-snippet:-1","max-image-preview":"max-image-preview:large","max-video-preview":"max-video-preview:-1"},"canonical":"https:\/\/agenciainfra.com\/blog\/plano-da-operacao-do-ons-traz-alertas-sobre-o-limite-de-conexao-a-rede-de-transmissao\/","og_locale":"pt_BR","og_type":"article","og_title":"Plano da opera\u00e7\u00e3o do ONS traz alertas sobre o limite de conex\u00e3o \u00e0 rede de transmiss\u00e3o","og_description":"Roberto Rockmann* Divulgado nesta ter\u00e7a-feira (3), o Plano da Opera\u00e7\u00e3o El\u00e9trica de M\u00e9dio Prazo do Sistema Interligado Nacional&nbsp;para o horizonte de 2023 a 2027 traz uma s\u00e9rie de alertas para o setor el\u00e9trico nesses pr\u00f3ximos cinco anos. Nas entrelinhas, destaca-se a import\u00e2ncia de uma governan\u00e7a setorial mais coordenada e regula\u00e7\u00e3o adaptada aos novos tempos diante [&hellip;]","og_url":"https:\/\/agenciainfra.com\/blog\/plano-da-operacao-do-ons-traz-alertas-sobre-o-limite-de-conexao-a-rede-de-transmissao\/","og_site_name":"Ag\u00eancia iNFRA","article_publisher":"https:\/\/www.facebook.com\/ageninfra","article_published_time":"2023-01-04T13:00:00+00:00","og_image":[{"width":1280,"height":853,"url":"https:\/\/agenciainfra.com\/blog\/wp-content\/uploads\/2021\/09\/Operador-Nacional-do-Sistema-Eletrico-foto-ONS.jpeg","type":"image\/jpeg"}],"author":"Ag\u00eancia iNFRA","twitter_card":"summary_large_image","twitter_creator":"@agencia_infra","twitter_site":"@agencia_infra","twitter_misc":{"Escrito por":"Ag\u00eancia iNFRA","Est. tempo de leitura":"5 minutos"},"schema":{"@context":"https:\/\/schema.org","@graph":[{"@type":"Article","@id":"https:\/\/agenciainfra.com\/blog\/plano-da-operacao-do-ons-traz-alertas-sobre-o-limite-de-conexao-a-rede-de-transmissao\/#article","isPartOf":{"@id":"https:\/\/agenciainfra.com\/blog\/plano-da-operacao-do-ons-traz-alertas-sobre-o-limite-de-conexao-a-rede-de-transmissao\/"},"author":{"name":"Ag\u00eancia iNFRA","@id":"https:\/\/agenciainfra.com\/blog\/#\/schema\/person\/34af08dff6adea4cb22b06612ba7acfa"},"headline":"Plano da opera\u00e7\u00e3o do ONS traz alertas sobre o limite de conex\u00e3o \u00e0 rede de transmiss\u00e3o","datePublished":"2023-01-04T13:00:00+00:00","mainEntityOfPage":{"@id":"https:\/\/agenciainfra.com\/blog\/plano-da-operacao-do-ons-traz-alertas-sobre-o-limite-de-conexao-a-rede-de-transmissao\/"},"wordCount":1026,"publisher":{"@id":"https:\/\/agenciainfra.com\/blog\/#organization"},"image":{"@id":"https:\/\/agenciainfra.com\/blog\/plano-da-operacao-do-ons-traz-alertas-sobre-o-limite-de-conexao-a-rede-de-transmissao\/#primaryimage"},"thumbnailUrl":"https:\/\/agenciainfra.com\/blog\/wp-content\/uploads\/2021\/09\/Operador-Nacional-do-Sistema-Eletrico-foto-ONS.jpeg","keywords":["ANEEL","CNPE","contrata\u00e7\u00e3o de energia","e\u00f3licas","fontes renov\u00e1veis","gera\u00e7\u00e3o distribu\u00edda","mercado livre","ONS","Operador Nacional do Sistema El\u00e9trico","SIN","Sistema Interligado Nacional","solares","transmiss\u00e3o de energia"],"articleSection":["Geral"],"inLanguage":"pt-BR","copyrightYear":"2023","copyrightHolder":{"@id":"https:\/\/agenciainfra.com\/blog\/#organization"}},{"@type":"WebPage","@id":"https:\/\/agenciainfra.com\/blog\/plano-da-operacao-do-ons-traz-alertas-sobre-o-limite-de-conexao-a-rede-de-transmissao\/","url":"https:\/\/agenciainfra.com\/blog\/plano-da-operacao-do-ons-traz-alertas-sobre-o-limite-de-conexao-a-rede-de-transmissao\/","name":"Plano da opera\u00e7\u00e3o do ONS traz alertas sobre o limite de conex\u00e3o \u00e0 rede de transmiss\u00e3o - Ag\u00eancia iNFRA","isPartOf":{"@id":"https:\/\/agenciainfra.com\/blog\/#website"},"primaryImageOfPage":{"@id":"https:\/\/agenciainfra.com\/blog\/plano-da-operacao-do-ons-traz-alertas-sobre-o-limite-de-conexao-a-rede-de-transmissao\/#primaryimage"},"image":{"@id":"https:\/\/agenciainfra.com\/blog\/plano-da-operacao-do-ons-traz-alertas-sobre-o-limite-de-conexao-a-rede-de-transmissao\/#primaryimage"},"thumbnailUrl":"https:\/\/agenciainfra.com\/blog\/wp-content\/uploads\/2021\/09\/Operador-Nacional-do-Sistema-Eletrico-foto-ONS.jpeg","datePublished":"2023-01-04T13:00:00+00:00","breadcrumb":{"@id":"https:\/\/agenciainfra.com\/blog\/plano-da-operacao-do-ons-traz-alertas-sobre-o-limite-de-conexao-a-rede-de-transmissao\/#breadcrumb"},"inLanguage":"pt-BR","potentialAction":[{"@type":"ReadAction","target":["https:\/\/agenciainfra.com\/blog\/plano-da-operacao-do-ons-traz-alertas-sobre-o-limite-de-conexao-a-rede-de-transmissao\/"]}]},{"@type":"ImageObject","inLanguage":"pt-BR","@id":"https:\/\/agenciainfra.com\/blog\/plano-da-operacao-do-ons-traz-alertas-sobre-o-limite-de-conexao-a-rede-de-transmissao\/#primaryimage","url":"https:\/\/agenciainfra.com\/blog\/wp-content\/uploads\/2021\/09\/Operador-Nacional-do-Sistema-Eletrico-foto-ONS.jpeg","contentUrl":"https:\/\/agenciainfra.com\/blog\/wp-content\/uploads\/2021\/09\/Operador-Nacional-do-Sistema-Eletrico-foto-ONS.jpeg","width":1280,"height":853,"caption":"Foto: ONS"},{"@type":"BreadcrumbList","@id":"https:\/\/agenciainfra.com\/blog\/plano-da-operacao-do-ons-traz-alertas-sobre-o-limite-de-conexao-a-rede-de-transmissao\/#breadcrumb","itemListElement":[{"@type":"ListItem","position":1,"name":"In\u00edcio","item":"https:\/\/agenciainfra.com\/blog\/"},{"@type":"ListItem","position":2,"name":"Plano da opera\u00e7\u00e3o do ONS traz alertas sobre o limite de conex\u00e3o \u00e0 rede de transmiss\u00e3o"}]},{"@type":"WebSite","@id":"https:\/\/agenciainfra.com\/blog\/#website","url":"https:\/\/agenciainfra.com\/blog\/","name":"Ag\u00eancia iNFRA","description":"Multiplataforma de informa\u00e7\u00e3o jornal\u00edstica refer\u00eancia na \u00e1rea de infraestrutura no Brasil!","publisher":{"@id":"https:\/\/agenciainfra.com\/blog\/#organization"},"potentialAction":[{"@type":"SearchAction","target":{"@type":"EntryPoint","urlTemplate":"https:\/\/agenciainfra.com\/blog\/?s={search_term_string}"},"query-input":{"@type":"PropertyValueSpecification","valueRequired":true,"valueName":"search_term_string"}}],"inLanguage":"pt-BR"},{"@type":"Organization","@id":"https:\/\/agenciainfra.com\/blog\/#organization","name":"Ag\u00eancia iNFRA","url":"https:\/\/agenciainfra.com\/blog\/","logo":{"@type":"ImageObject","inLanguage":"pt-BR","@id":"https:\/\/agenciainfra.com\/blog\/#\/schema\/logo\/image\/","url":"https:\/\/agenciainfra.com\/blog\/wp-content\/uploads\/2023\/09\/iNFRA_5-e1761735885940.png","contentUrl":"https:\/\/agenciainfra.com\/blog\/wp-content\/uploads\/2023\/09\/iNFRA_5-e1761735885940.png","width":1672,"height":454,"caption":"Ag\u00eancia iNFRA"},"image":{"@id":"https:\/\/agenciainfra.com\/blog\/#\/schema\/logo\/image\/"},"sameAs":["https:\/\/www.facebook.com\/ageninfra","https:\/\/x.com\/agencia_infra","https:\/\/www.linkedin.com\/company\/ag\u00eanciainfra\/","https:\/\/www.instagram.com\/agenciainfra\/"]},{"@type":"Person","@id":"https:\/\/agenciainfra.com\/blog\/#\/schema\/person\/34af08dff6adea4cb22b06612ba7acfa","name":"Ag\u00eancia iNFRA","image":{"@type":"ImageObject","inLanguage":"pt-BR","@id":"https:\/\/agenciainfra.com\/blog\/#\/schema\/person\/image\/","url":"https:\/\/secure.gravatar.com\/avatar\/d189e01678f06d8eb84d4e01f08eb848b3fffe3f8443818d3c356c66892f5be8?s=96&d=mm&r=g","contentUrl":"https:\/\/secure.gravatar.com\/avatar\/d189e01678f06d8eb84d4e01f08eb848b3fffe3f8443818d3c356c66892f5be8?s=96&d=mm&r=g","caption":"Ag\u00eancia iNFRA"},"url":"https:\/\/agenciainfra.com\/blog\/author\/admin\/"}]}},"_links":{"self":[{"href":"https:\/\/agenciainfra.com\/blog\/wp-json\/wp\/v2\/posts\/11989","targetHints":{"allow":["GET"]}}],"collection":[{"href":"https:\/\/agenciainfra.com\/blog\/wp-json\/wp\/v2\/posts"}],"about":[{"href":"https:\/\/agenciainfra.com\/blog\/wp-json\/wp\/v2\/types\/post"}],"author":[{"embeddable":true,"href":"https:\/\/agenciainfra.com\/blog\/wp-json\/wp\/v2\/users\/1"}],"replies":[{"embeddable":true,"href":"https:\/\/agenciainfra.com\/blog\/wp-json\/wp\/v2\/comments?post=11989"}],"version-history":[{"count":0,"href":"https:\/\/agenciainfra.com\/blog\/wp-json\/wp\/v2\/posts\/11989\/revisions"}],"wp:featuredmedia":[{"embeddable":true,"href":"https:\/\/agenciainfra.com\/blog\/wp-json\/wp\/v2\/media\/8381"}],"wp:attachment":[{"href":"https:\/\/agenciainfra.com\/blog\/wp-json\/wp\/v2\/media?parent=11989"}],"wp:term":[{"taxonomy":"category","embeddable":true,"href":"https:\/\/agenciainfra.com\/blog\/wp-json\/wp\/v2\/categories?post=11989"},{"taxonomy":"post_tag","embeddable":true,"href":"https:\/\/agenciainfra.com\/blog\/wp-json\/wp\/v2\/tags?post=11989"}],"curies":[{"name":"wp","href":"https:\/\/api.w.org\/{rel}","templated":true}]}}