{"id":11991,"date":"2023-01-05T09:00:00","date_gmt":"2023-01-05T12:00:00","guid":{"rendered":"https:\/\/www.agenciainfra.com\/blog\/?p=11991"},"modified":"2023-01-04T18:49:32","modified_gmt":"2023-01-04T21:49:32","slug":"governo-mantera-fusao-de-epl-e-valec-diz-ministro-dos-transportes","status":"publish","type":"post","link":"https:\/\/agenciainfra.com\/blog\/governo-mantera-fusao-de-epl-e-valec-diz-ministro-dos-transportes\/","title":{"rendered":"Governo manter\u00e1 fus\u00e3o de EPL e Valec, diz ministro dos Transportes"},"content":{"rendered":"\n<p class=\"has-text-align-right\"><strong>Jenifer Ribeiro, da Ag\u00eancia iNFRA<\/strong><\/p>\n\n\n\n<p>Ap\u00f3s a EPL (Empresa de Planejamento e Log\u00edstica) n\u00e3o constar no decreto de reconfigura\u00e7\u00e3o do novo governo, o ministro empossado dos Transportes, Renan Filho, confirmou, na \u00faltima ter\u00e7a-feira (3), que a\u00a0fus\u00e3o dela com a Valec para formar a\u00a0Infra S.A. vai seguir.<br><br>O decreto\u00a0foi elaborado com men\u00e7\u00e3o apenas \u00e0 Valec para se adequar &#8220;a algumas realidades&#8221;, segundo informou o ministro a jornalistas.\u00a0&#8220;Mas a gente vai manter o tratamento que estava sendo dado \u00e0 Infra S.A.&#8221;, completou.<br><br>Conforme reportagem da edi\u00e7\u00e3o do\u00a0<strong>iNFRA &#8211; Transportes e Regula\u00e7\u00e3o<\/strong>\u00a0desta ter\u00e7a-feira,\u00a0o governo analisa a possibilidade de separa\u00e7\u00e3o das duas empresas e de que a EPL\u00a0seja\u00a0transferida para a Casa Civil, mesma pasta em que a Secretaria do PPI (Programa de Parcerias de Investimentos) est\u00e1 alocada.<br><br><strong>Ampliar ferrovias<\/strong><br>Durante a cerim\u00f4nia de posse, na ter\u00e7a-feira, Renan voltou a falar sobre o plano de a\u00e7\u00e3o de governo para os primeiros 100 dias de sua gest\u00e3o com foco em ampliar a malha ferrovi\u00e1ria a fim de desafogar as rodovias brasileiras. Ele disse que esse documento deve ser apresentado daqui duas semanas.<br><br>O objetivo \u00e9 ampliar a participa\u00e7\u00e3o das ferrovias, \u201cunindo for\u00e7as com o setor privado para tornar as autoriza\u00e7\u00f5es realidade, e concluir as obras p\u00fablicas que escoar\u00e3o nossa safra ainda neste governo\u201d, disse em discurso.<br><br>Al\u00e9m disso, o ministro mencionou novamente a necessidade de revisitar o marco legal das ferrovias e afirmou que, embora ainda n\u00e3o haja uma defini\u00e7\u00e3o do que vai ser feito, existem dois caminhos: mudar a lei ou \u201corganizar\u201d a regulamenta\u00e7\u00e3o. No entanto, pontuou que isso ainda precisa ser avaliado e discutido com o setor.<br><br>Sobre a possibilidade de manter os investimentos cruzados no modal ferrovi\u00e1rio, Renan disse que ainda ser\u00e1 preciso discutir com o presidente Luiz In\u00e1cio Lula da Silva (PT) e deu essa quest\u00e3o como incerta no novo governo.<br><br><strong>Rodovias depreciadas<\/strong><br>O ministro declarou ainda, no discurso de posse, que ser\u00e3o necess\u00e1rios R$ 100 bilh\u00f5es para recuperar rodovias e que para isso \u00e9 crucial a participa\u00e7\u00e3o da iniciativa privada e a vontade do setor \u201cpara dar o impulso necess\u00e1rio ao programa de concess\u00f5es\u201d.<br><br>Ao apresentar um diagn\u00f3stico das estradas brasileiras, Renan sinalizou que uma das poss\u00edveis diretrizes da pasta pode ser dar aten\u00e7\u00e3o aos estados com a malha mais depreciada, com a finalidade de melhorar a qualidade da malha como um todo.<br><br>O ministro, que governou Alagoas entre 2015 e 2022, lembrou que durante a gest\u00e3o dele as rodovias alagoanas foram consideradas, por dois anos consecutivos, como as melhores do pa\u00eds pela CNT (Confedera\u00e7\u00e3o Nacional do Transporte). Ap\u00f3s citar esse cen\u00e1rio, Renan falou em fazer algo semelhante em n\u00edvel nacional, encontrando solu\u00e7\u00f5es adequadas.<br><br><strong>&#8220;Tocar adiante o que est\u00e1 andando&#8221;<\/strong><br>Sem entrar em detalhes nem mencionar projetos espec\u00edficos, o ministro disse que h\u00e1 possibilidade de reequilibrar contratos que est\u00e3o em an\u00e1lise para serem relicitados, por\u00e9m, ele destacou que para isso acontecer precisa haver uma previs\u00e3o contratual para o reequil\u00edbrio.<br><br>Em rela\u00e7\u00e3o \u00e0 orienta\u00e7\u00e3o do relat\u00f3rio do grupo de trabalho de infraestrutura na transi\u00e7\u00e3o, de dar prioridade \u00e0s relicita\u00e7\u00f5es em rela\u00e7\u00e3o \u00e0s novas concess\u00f5es\u00a0para agilizar processos que est\u00e3o em andamento\u00a0h\u00e1 algum tempo, o ministro disse ainda n\u00e3o saber se seguir\u00e1 essa diretriz.<br><br>Entretanto, apontou que a orienta\u00e7\u00e3o inicial do presidente Lula \u00e9 &#8220;tocar adiante tudo que est\u00e1 andando&#8221; e dar continuidade aos projetos de concess\u00e3o que est\u00e3o em andamento no momento.<br><br><strong>Arcabou\u00e7o fiscal<\/strong><br>Ao ser perguntado sobre como e em quais projetos o governo deve empenhar recursos, Renan informou que ainda \u00e9 preciso discutir o arcabou\u00e7o fiscal para organizar a capacidade de investimentos do minist\u00e9rio e que essa discuss\u00e3o passa pelo presidente Lula, pelo ministro da Fazenda, Fernando Haddad, e pela ministra do Planejamento, Simone Tebet.<br><br>Renan ainda falou sobre \u201cmodernizar a log\u00edstica nacional, reduzindo custos e contribuindo para o setor produtivo\u201d, e afirmou que os nomes que compor\u00e3o o Minist\u00e9rio dos Transportes \u2013 pessoas que tenham experi\u00eancia no setor, segundo o ministro \u2013\u00a0devem ser divulgados at\u00e9 sexta-feira (6).<br><br><strong>Posse concorrida<\/strong><br>A cerim\u00f4nia de posse de Renan contou com a presen\u00e7a de v\u00e1rios ministros e parlamentares. Outras autoridades, como o ex-presidente da Rep\u00fablica\u00a0Jos\u00e9 Sarney e o atual presidente do TCU (Tribunal de Contas da Uni\u00e3o), Bruno Dantas, tamb\u00e9m foram \u00e0 cerim\u00f4nia.\u00a0<br><br>O ex-ministro da Infraestrutura Marcelo Sampaio fez transmiss\u00e3o do cargo pessoalmente e foi\u00a0elogiado por\u00a0Renan, que disse que ele vai para o setor privado e &#8220;ser\u00e1 bem-vindo&#8221; quando quiser regressar. Sampaio \u00e9 servidor concursado do minist\u00e9rio.<\/p>\n","protected":false},"excerpt":{"rendered":"<p>Jenifer Ribeiro, da Ag\u00eancia iNFRA Ap\u00f3s a EPL (Empresa de Planejamento e Log\u00edstica) n\u00e3o constar no decreto de reconfigura\u00e7\u00e3o do novo governo, o ministro empossado dos Transportes, Renan Filho, confirmou, na \u00faltima ter\u00e7a-feira (3), que a\u00a0fus\u00e3o dela com a Valec para formar a\u00a0Infra S.A. vai seguir. O decreto\u00a0foi elaborado com men\u00e7\u00e3o apenas \u00e0 Valec para [&hellip;]<\/p>\n","protected":false},"author":1,"featured_media":11992,"comment_status":"closed","ping_status":"closed","sticky":false,"template":"","format":"standard","meta":{"_monsterinsights_skip_tracking":false,"_monsterinsights_sitenote_active":false,"_monsterinsights_sitenote_note":"","_monsterinsights_sitenote_category":0,"footnotes":""},"categories":[1,7],"tags":[1344,127,252,565,2344,580,3288,16,36,786,6248,3591,160],"class_list":["post-11991","post","type-post","status-publish","format-standard","has-post-thumbnail","hentry","category-geral","category-infratransporte","tag-casa-civil","tag-cnt","tag-epl","tag-fernando-haddad","tag-infra-s-a","tag-lula","tag-marco-das-ferrovias","tag-ministerio-dos-transportes","tag-ppi","tag-programa-de-parcerias-de-investimentos","tag-renan-filho","tag-simone-tebet","tag-valec"],"yoast_head":"<!-- This site is optimized with the Yoast SEO Premium plugin v25.4 (Yoast SEO v26.0) - https:\/\/yoast.com\/wordpress\/plugins\/seo\/ -->\n<title>Governo manter\u00e1 fus\u00e3o de EPL e Valec, diz ministro dos Transportes - Ag\u00eancia iNFRA<\/title>\n<meta name=\"robots\" content=\"index, follow, max-snippet:-1, max-image-preview:large, max-video-preview:-1\" \/>\n<link rel=\"canonical\" href=\"https:\/\/agenciainfra.com\/blog\/governo-mantera-fusao-de-epl-e-valec-diz-ministro-dos-transportes\/\" \/>\n<meta property=\"og:locale\" content=\"pt_BR\" \/>\n<meta property=\"og:type\" content=\"article\" \/>\n<meta property=\"og:title\" content=\"Governo manter\u00e1 fus\u00e3o de EPL e Valec, diz ministro dos Transportes\" \/>\n<meta property=\"og:description\" content=\"Jenifer Ribeiro, da Ag\u00eancia iNFRA Ap\u00f3s a EPL (Empresa de Planejamento e Log\u00edstica) n\u00e3o constar no decreto de reconfigura\u00e7\u00e3o do novo governo, o ministro empossado dos Transportes, Renan Filho, confirmou, na \u00faltima ter\u00e7a-feira (3), que a\u00a0fus\u00e3o dela com a Valec para formar a\u00a0Infra S.A. vai seguir. O decreto\u00a0foi elaborado com men\u00e7\u00e3o apenas \u00e0 Valec para [&hellip;]\" \/>\n<meta property=\"og:url\" content=\"https:\/\/agenciainfra.com\/blog\/governo-mantera-fusao-de-epl-e-valec-diz-ministro-dos-transportes\/\" \/>\n<meta property=\"og:site_name\" content=\"Ag\u00eancia iNFRA\" \/>\n<meta property=\"article:publisher\" content=\"https:\/\/www.facebook.com\/ageninfra\" \/>\n<meta property=\"article:published_time\" content=\"2023-01-05T12:00:00+00:00\" \/>\n<meta property=\"og:image\" content=\"https:\/\/agenciainfra.com\/blog\/wp-content\/uploads\/2023\/01\/posse-renan-filho-foto-ricardo-botelho-minfra.jpeg\" \/>\n\t<meta property=\"og:image:width\" content=\"1280\" \/>\n\t<meta property=\"og:image:height\" content=\"853\" \/>\n\t<meta property=\"og:image:type\" content=\"image\/jpeg\" \/>\n<meta name=\"author\" content=\"Ag\u00eancia iNFRA\" \/>\n<meta name=\"twitter:card\" content=\"summary_large_image\" \/>\n<meta name=\"twitter:creator\" content=\"@agencia_infra\" \/>\n<meta name=\"twitter:site\" content=\"@agencia_infra\" \/>\n<meta name=\"twitter:label1\" content=\"Escrito por\" \/>\n\t<meta name=\"twitter:data1\" content=\"Ag\u00eancia iNFRA\" \/>\n\t<meta name=\"twitter:label2\" content=\"Est. tempo de leitura\" \/>\n\t<meta name=\"twitter:data2\" content=\"4 minutos\" \/>\n<script type=\"application\/ld+json\" class=\"yoast-schema-graph\">{\"@context\":\"https:\/\/schema.org\",\"@graph\":[{\"@type\":\"Article\",\"@id\":\"https:\/\/agenciainfra.com\/blog\/governo-mantera-fusao-de-epl-e-valec-diz-ministro-dos-transportes\/#article\",\"isPartOf\":{\"@id\":\"https:\/\/agenciainfra.com\/blog\/governo-mantera-fusao-de-epl-e-valec-diz-ministro-dos-transportes\/\"},\"author\":{\"name\":\"Ag\u00eancia iNFRA\",\"@id\":\"https:\/\/agenciainfra.com\/blog\/#\/schema\/person\/34af08dff6adea4cb22b06612ba7acfa\"},\"headline\":\"Governo manter\u00e1 fus\u00e3o de EPL e Valec, diz ministro dos Transportes\",\"datePublished\":\"2023-01-05T12:00:00+00:00\",\"mainEntityOfPage\":{\"@id\":\"https:\/\/agenciainfra.com\/blog\/governo-mantera-fusao-de-epl-e-valec-diz-ministro-dos-transportes\/\"},\"wordCount\":816,\"publisher\":{\"@id\":\"https:\/\/agenciainfra.com\/blog\/#organization\"},\"image\":{\"@id\":\"https:\/\/agenciainfra.com\/blog\/governo-mantera-fusao-de-epl-e-valec-diz-ministro-dos-transportes\/#primaryimage\"},\"thumbnailUrl\":\"https:\/\/agenciainfra.com\/blog\/wp-content\/uploads\/2023\/01\/posse-renan-filho-foto-ricardo-botelho-minfra.jpeg\",\"keywords\":[\"Casa Civil\",\"CNT\",\"EPL\",\"Fernando Haddad\",\"Infra S.A.\",\"Lula\",\"Marco das Ferrovias\",\"minist\u00e9rio dos transportes\",\"PPI\",\"Programa de Parcerias de Investimentos\",\"Renan Filho\",\"Simone Tebet\",\"Valec\"],\"articleSection\":[\"Geral\",\"iNFRATransporte\"],\"inLanguage\":\"pt-BR\",\"copyrightYear\":\"2023\",\"copyrightHolder\":{\"@id\":\"https:\/\/agenciainfra.com\/blog\/#organization\"}},{\"@type\":\"WebPage\",\"@id\":\"https:\/\/agenciainfra.com\/blog\/governo-mantera-fusao-de-epl-e-valec-diz-ministro-dos-transportes\/\",\"url\":\"https:\/\/agenciainfra.com\/blog\/governo-mantera-fusao-de-epl-e-valec-diz-ministro-dos-transportes\/\",\"name\":\"Governo manter\u00e1 fus\u00e3o de EPL e Valec, diz ministro dos Transportes - Ag\u00eancia iNFRA\",\"isPartOf\":{\"@id\":\"https:\/\/agenciainfra.com\/blog\/#website\"},\"primaryImageOfPage\":{\"@id\":\"https:\/\/agenciainfra.com\/blog\/governo-mantera-fusao-de-epl-e-valec-diz-ministro-dos-transportes\/#primaryimage\"},\"image\":{\"@id\":\"https:\/\/agenciainfra.com\/blog\/governo-mantera-fusao-de-epl-e-valec-diz-ministro-dos-transportes\/#primaryimage\"},\"thumbnailUrl\":\"https:\/\/agenciainfra.com\/blog\/wp-content\/uploads\/2023\/01\/posse-renan-filho-foto-ricardo-botelho-minfra.jpeg\",\"datePublished\":\"2023-01-05T12:00:00+00:00\",\"breadcrumb\":{\"@id\":\"https:\/\/agenciainfra.com\/blog\/governo-mantera-fusao-de-epl-e-valec-diz-ministro-dos-transportes\/#breadcrumb\"},\"inLanguage\":\"pt-BR\",\"potentialAction\":[{\"@type\":\"ReadAction\",\"target\":[\"https:\/\/agenciainfra.com\/blog\/governo-mantera-fusao-de-epl-e-valec-diz-ministro-dos-transportes\/\"]}]},{\"@type\":\"ImageObject\",\"inLanguage\":\"pt-BR\",\"@id\":\"https:\/\/agenciainfra.com\/blog\/governo-mantera-fusao-de-epl-e-valec-diz-ministro-dos-transportes\/#primaryimage\",\"url\":\"https:\/\/agenciainfra.com\/blog\/wp-content\/uploads\/2023\/01\/posse-renan-filho-foto-ricardo-botelho-minfra.jpeg\",\"contentUrl\":\"https:\/\/agenciainfra.com\/blog\/wp-content\/uploads\/2023\/01\/posse-renan-filho-foto-ricardo-botelho-minfra.jpeg\",\"width\":1280,\"height\":853},{\"@type\":\"BreadcrumbList\",\"@id\":\"https:\/\/agenciainfra.com\/blog\/governo-mantera-fusao-de-epl-e-valec-diz-ministro-dos-transportes\/#breadcrumb\",\"itemListElement\":[{\"@type\":\"ListItem\",\"position\":1,\"name\":\"In\u00edcio\",\"item\":\"https:\/\/agenciainfra.com\/blog\/\"},{\"@type\":\"ListItem\",\"position\":2,\"name\":\"Governo manter\u00e1 fus\u00e3o de EPL e Valec, diz ministro dos Transportes\"}]},{\"@type\":\"WebSite\",\"@id\":\"https:\/\/agenciainfra.com\/blog\/#website\",\"url\":\"https:\/\/agenciainfra.com\/blog\/\",\"name\":\"Ag\u00eancia iNFRA\",\"description\":\"Multiplataforma de informa\u00e7\u00e3o jornal\u00edstica refer\u00eancia na \u00e1rea de infraestrutura no Brasil!\",\"publisher\":{\"@id\":\"https:\/\/agenciainfra.com\/blog\/#organization\"},\"potentialAction\":[{\"@type\":\"SearchAction\",\"target\":{\"@type\":\"EntryPoint\",\"urlTemplate\":\"https:\/\/agenciainfra.com\/blog\/?s={search_term_string}\"},\"query-input\":{\"@type\":\"PropertyValueSpecification\",\"valueRequired\":true,\"valueName\":\"search_term_string\"}}],\"inLanguage\":\"pt-BR\"},{\"@type\":\"Organization\",\"@id\":\"https:\/\/agenciainfra.com\/blog\/#organization\",\"name\":\"Ag\u00eancia iNFRA\",\"url\":\"https:\/\/agenciainfra.com\/blog\/\",\"logo\":{\"@type\":\"ImageObject\",\"inLanguage\":\"pt-BR\",\"@id\":\"https:\/\/agenciainfra.com\/blog\/#\/schema\/logo\/image\/\",\"url\":\"https:\/\/agenciainfra.com\/blog\/wp-content\/uploads\/2023\/09\/iNFRA_5-e1761735885940.png\",\"contentUrl\":\"https:\/\/agenciainfra.com\/blog\/wp-content\/uploads\/2023\/09\/iNFRA_5-e1761735885940.png\",\"width\":1672,\"height\":454,\"caption\":\"Ag\u00eancia iNFRA\"},\"image\":{\"@id\":\"https:\/\/agenciainfra.com\/blog\/#\/schema\/logo\/image\/\"},\"sameAs\":[\"https:\/\/www.facebook.com\/ageninfra\",\"https:\/\/x.com\/agencia_infra\",\"https:\/\/www.linkedin.com\/company\/ag\u00eanciainfra\/\",\"https:\/\/www.instagram.com\/agenciainfra\/\"]},{\"@type\":\"Person\",\"@id\":\"https:\/\/agenciainfra.com\/blog\/#\/schema\/person\/34af08dff6adea4cb22b06612ba7acfa\",\"name\":\"Ag\u00eancia iNFRA\",\"image\":{\"@type\":\"ImageObject\",\"inLanguage\":\"pt-BR\",\"@id\":\"https:\/\/agenciainfra.com\/blog\/#\/schema\/person\/image\/\",\"url\":\"https:\/\/secure.gravatar.com\/avatar\/d189e01678f06d8eb84d4e01f08eb848b3fffe3f8443818d3c356c66892f5be8?s=96&d=mm&r=g\",\"contentUrl\":\"https:\/\/secure.gravatar.com\/avatar\/d189e01678f06d8eb84d4e01f08eb848b3fffe3f8443818d3c356c66892f5be8?s=96&d=mm&r=g\",\"caption\":\"Ag\u00eancia iNFRA\"},\"url\":\"https:\/\/agenciainfra.com\/blog\/author\/admin\/\"}]}<\/script>\n<!-- \/ Yoast SEO Premium plugin. -->","yoast_head_json":{"title":"Governo manter\u00e1 fus\u00e3o de EPL e Valec, diz ministro dos Transportes - Ag\u00eancia iNFRA","robots":{"index":"index","follow":"follow","max-snippet":"max-snippet:-1","max-image-preview":"max-image-preview:large","max-video-preview":"max-video-preview:-1"},"canonical":"https:\/\/agenciainfra.com\/blog\/governo-mantera-fusao-de-epl-e-valec-diz-ministro-dos-transportes\/","og_locale":"pt_BR","og_type":"article","og_title":"Governo manter\u00e1 fus\u00e3o de EPL e Valec, diz ministro dos Transportes","og_description":"Jenifer Ribeiro, da Ag\u00eancia iNFRA Ap\u00f3s a EPL (Empresa de Planejamento e Log\u00edstica) n\u00e3o constar no decreto de reconfigura\u00e7\u00e3o do novo governo, o ministro empossado dos Transportes, Renan Filho, confirmou, na \u00faltima ter\u00e7a-feira (3), que a\u00a0fus\u00e3o dela com a Valec para formar a\u00a0Infra S.A. vai seguir. O decreto\u00a0foi elaborado com men\u00e7\u00e3o apenas \u00e0 Valec para [&hellip;]","og_url":"https:\/\/agenciainfra.com\/blog\/governo-mantera-fusao-de-epl-e-valec-diz-ministro-dos-transportes\/","og_site_name":"Ag\u00eancia iNFRA","article_publisher":"https:\/\/www.facebook.com\/ageninfra","article_published_time":"2023-01-05T12:00:00+00:00","og_image":[{"width":1280,"height":853,"url":"https:\/\/agenciainfra.com\/blog\/wp-content\/uploads\/2023\/01\/posse-renan-filho-foto-ricardo-botelho-minfra.jpeg","type":"image\/jpeg"}],"author":"Ag\u00eancia iNFRA","twitter_card":"summary_large_image","twitter_creator":"@agencia_infra","twitter_site":"@agencia_infra","twitter_misc":{"Escrito por":"Ag\u00eancia iNFRA","Est. tempo de leitura":"4 minutos"},"schema":{"@context":"https:\/\/schema.org","@graph":[{"@type":"Article","@id":"https:\/\/agenciainfra.com\/blog\/governo-mantera-fusao-de-epl-e-valec-diz-ministro-dos-transportes\/#article","isPartOf":{"@id":"https:\/\/agenciainfra.com\/blog\/governo-mantera-fusao-de-epl-e-valec-diz-ministro-dos-transportes\/"},"author":{"name":"Ag\u00eancia iNFRA","@id":"https:\/\/agenciainfra.com\/blog\/#\/schema\/person\/34af08dff6adea4cb22b06612ba7acfa"},"headline":"Governo manter\u00e1 fus\u00e3o de EPL e Valec, diz ministro dos Transportes","datePublished":"2023-01-05T12:00:00+00:00","mainEntityOfPage":{"@id":"https:\/\/agenciainfra.com\/blog\/governo-mantera-fusao-de-epl-e-valec-diz-ministro-dos-transportes\/"},"wordCount":816,"publisher":{"@id":"https:\/\/agenciainfra.com\/blog\/#organization"},"image":{"@id":"https:\/\/agenciainfra.com\/blog\/governo-mantera-fusao-de-epl-e-valec-diz-ministro-dos-transportes\/#primaryimage"},"thumbnailUrl":"https:\/\/agenciainfra.com\/blog\/wp-content\/uploads\/2023\/01\/posse-renan-filho-foto-ricardo-botelho-minfra.jpeg","keywords":["Casa Civil","CNT","EPL","Fernando Haddad","Infra S.A.","Lula","Marco das Ferrovias","minist\u00e9rio dos transportes","PPI","Programa de Parcerias de Investimentos","Renan Filho","Simone Tebet","Valec"],"articleSection":["Geral","iNFRATransporte"],"inLanguage":"pt-BR","copyrightYear":"2023","copyrightHolder":{"@id":"https:\/\/agenciainfra.com\/blog\/#organization"}},{"@type":"WebPage","@id":"https:\/\/agenciainfra.com\/blog\/governo-mantera-fusao-de-epl-e-valec-diz-ministro-dos-transportes\/","url":"https:\/\/agenciainfra.com\/blog\/governo-mantera-fusao-de-epl-e-valec-diz-ministro-dos-transportes\/","name":"Governo manter\u00e1 fus\u00e3o de EPL e Valec, diz ministro dos Transportes - Ag\u00eancia iNFRA","isPartOf":{"@id":"https:\/\/agenciainfra.com\/blog\/#website"},"primaryImageOfPage":{"@id":"https:\/\/agenciainfra.com\/blog\/governo-mantera-fusao-de-epl-e-valec-diz-ministro-dos-transportes\/#primaryimage"},"image":{"@id":"https:\/\/agenciainfra.com\/blog\/governo-mantera-fusao-de-epl-e-valec-diz-ministro-dos-transportes\/#primaryimage"},"thumbnailUrl":"https:\/\/agenciainfra.com\/blog\/wp-content\/uploads\/2023\/01\/posse-renan-filho-foto-ricardo-botelho-minfra.jpeg","datePublished":"2023-01-05T12:00:00+00:00","breadcrumb":{"@id":"https:\/\/agenciainfra.com\/blog\/governo-mantera-fusao-de-epl-e-valec-diz-ministro-dos-transportes\/#breadcrumb"},"inLanguage":"pt-BR","potentialAction":[{"@type":"ReadAction","target":["https:\/\/agenciainfra.com\/blog\/governo-mantera-fusao-de-epl-e-valec-diz-ministro-dos-transportes\/"]}]},{"@type":"ImageObject","inLanguage":"pt-BR","@id":"https:\/\/agenciainfra.com\/blog\/governo-mantera-fusao-de-epl-e-valec-diz-ministro-dos-transportes\/#primaryimage","url":"https:\/\/agenciainfra.com\/blog\/wp-content\/uploads\/2023\/01\/posse-renan-filho-foto-ricardo-botelho-minfra.jpeg","contentUrl":"https:\/\/agenciainfra.com\/blog\/wp-content\/uploads\/2023\/01\/posse-renan-filho-foto-ricardo-botelho-minfra.jpeg","width":1280,"height":853},{"@type":"BreadcrumbList","@id":"https:\/\/agenciainfra.com\/blog\/governo-mantera-fusao-de-epl-e-valec-diz-ministro-dos-transportes\/#breadcrumb","itemListElement":[{"@type":"ListItem","position":1,"name":"In\u00edcio","item":"https:\/\/agenciainfra.com\/blog\/"},{"@type":"ListItem","position":2,"name":"Governo manter\u00e1 fus\u00e3o de EPL e Valec, diz ministro dos Transportes"}]},{"@type":"WebSite","@id":"https:\/\/agenciainfra.com\/blog\/#website","url":"https:\/\/agenciainfra.com\/blog\/","name":"Ag\u00eancia iNFRA","description":"Multiplataforma de informa\u00e7\u00e3o jornal\u00edstica refer\u00eancia na \u00e1rea de infraestrutura no Brasil!","publisher":{"@id":"https:\/\/agenciainfra.com\/blog\/#organization"},"potentialAction":[{"@type":"SearchAction","target":{"@type":"EntryPoint","urlTemplate":"https:\/\/agenciainfra.com\/blog\/?s={search_term_string}"},"query-input":{"@type":"PropertyValueSpecification","valueRequired":true,"valueName":"search_term_string"}}],"inLanguage":"pt-BR"},{"@type":"Organization","@id":"https:\/\/agenciainfra.com\/blog\/#organization","name":"Ag\u00eancia iNFRA","url":"https:\/\/agenciainfra.com\/blog\/","logo":{"@type":"ImageObject","inLanguage":"pt-BR","@id":"https:\/\/agenciainfra.com\/blog\/#\/schema\/logo\/image\/","url":"https:\/\/agenciainfra.com\/blog\/wp-content\/uploads\/2023\/09\/iNFRA_5-e1761735885940.png","contentUrl":"https:\/\/agenciainfra.com\/blog\/wp-content\/uploads\/2023\/09\/iNFRA_5-e1761735885940.png","width":1672,"height":454,"caption":"Ag\u00eancia iNFRA"},"image":{"@id":"https:\/\/agenciainfra.com\/blog\/#\/schema\/logo\/image\/"},"sameAs":["https:\/\/www.facebook.com\/ageninfra","https:\/\/x.com\/agencia_infra","https:\/\/www.linkedin.com\/company\/ag\u00eanciainfra\/","https:\/\/www.instagram.com\/agenciainfra\/"]},{"@type":"Person","@id":"https:\/\/agenciainfra.com\/blog\/#\/schema\/person\/34af08dff6adea4cb22b06612ba7acfa","name":"Ag\u00eancia iNFRA","image":{"@type":"ImageObject","inLanguage":"pt-BR","@id":"https:\/\/agenciainfra.com\/blog\/#\/schema\/person\/image\/","url":"https:\/\/secure.gravatar.com\/avatar\/d189e01678f06d8eb84d4e01f08eb848b3fffe3f8443818d3c356c66892f5be8?s=96&d=mm&r=g","contentUrl":"https:\/\/secure.gravatar.com\/avatar\/d189e01678f06d8eb84d4e01f08eb848b3fffe3f8443818d3c356c66892f5be8?s=96&d=mm&r=g","caption":"Ag\u00eancia iNFRA"},"url":"https:\/\/agenciainfra.com\/blog\/author\/admin\/"}]}},"_links":{"self":[{"href":"https:\/\/agenciainfra.com\/blog\/wp-json\/wp\/v2\/posts\/11991","targetHints":{"allow":["GET"]}}],"collection":[{"href":"https:\/\/agenciainfra.com\/blog\/wp-json\/wp\/v2\/posts"}],"about":[{"href":"https:\/\/agenciainfra.com\/blog\/wp-json\/wp\/v2\/types\/post"}],"author":[{"embeddable":true,"href":"https:\/\/agenciainfra.com\/blog\/wp-json\/wp\/v2\/users\/1"}],"replies":[{"embeddable":true,"href":"https:\/\/agenciainfra.com\/blog\/wp-json\/wp\/v2\/comments?post=11991"}],"version-history":[{"count":0,"href":"https:\/\/agenciainfra.com\/blog\/wp-json\/wp\/v2\/posts\/11991\/revisions"}],"wp:featuredmedia":[{"embeddable":true,"href":"https:\/\/agenciainfra.com\/blog\/wp-json\/wp\/v2\/media\/11992"}],"wp:attachment":[{"href":"https:\/\/agenciainfra.com\/blog\/wp-json\/wp\/v2\/media?parent=11991"}],"wp:term":[{"taxonomy":"category","embeddable":true,"href":"https:\/\/agenciainfra.com\/blog\/wp-json\/wp\/v2\/categories?post=11991"},{"taxonomy":"post_tag","embeddable":true,"href":"https:\/\/agenciainfra.com\/blog\/wp-json\/wp\/v2\/tags?post=11991"}],"curies":[{"name":"wp","href":"https:\/\/api.w.org\/{rel}","templated":true}]}}