{"id":11994,"date":"2023-01-06T09:00:00","date_gmt":"2023-01-06T12:00:00","guid":{"rendered":"https:\/\/www.agenciainfra.com\/blog\/?p=11994"},"modified":"2023-01-05T19:03:00","modified_gmt":"2023-01-05T22:03:00","slug":"governo-preve-nomeacao-da-equipe-em-quatro-etapas","status":"publish","type":"post","link":"https:\/\/agenciainfra.com\/blog\/governo-preve-nomeacao-da-equipe-em-quatro-etapas\/","title":{"rendered":"Governo prev\u00ea nomea\u00e7\u00e3o da equipe em quatro etapas"},"content":{"rendered":"\n<p class=\"has-text-align-right\"><strong>Leila Coimbra,&nbsp;da Ag\u00eancia iNFRA<\/strong><\/p>\n\n\n\n<p>O governo Lula prev\u00ea a nomea\u00e7\u00e3o da equipe em \u201condas\u201d, depois de uma megaexonera\u00e7\u00e3o de mais de 1,2 mil servidores logo no primeiro dia \u00fatil do terceiro mandato do petista.<br>\u00a0<br>Documento\u00a0do gabinete de transi\u00e7\u00e3o ao qual a\u00a0<strong>Ag\u00eancia iNFRA<\/strong>\u00a0teve acesso informa aos ministros o cronograma das quatro etapas de nomea\u00e7\u00f5es. O texto \u00e9 assinado pelos ministros da Casa Civil, Rui Costa, e da Gest\u00e3o e Inova\u00e7\u00e3o em Servi\u00e7os P\u00fablicos, Esther Dweck, ainda na condi\u00e7\u00e3o de indicados.<br>\u00a0<br>De acordo com o texto, na primeira fase, que vai de 2 a 6 de janeiro, \u201ciniciam-se as nomea\u00e7\u00f5es para os cargos do gabinete do ministro, e do secret\u00e1rio-executivo, incluindo assessores, chefes de gabinete e apoio\u201d.<br>\u00a0<br>A segunda etapa, prevista para durar de 9 a 13 de janeiro, dever\u00e1 concentrar as publica\u00e7\u00f5es no Di\u00e1rio Oficial dos demais secret\u00e1rios nacionais e dos cargos remanescentes da primeira fase.<br>\u00a0<br>Na terceira semana, de 16 a 20 de janeiro, iniciam-se as nomea\u00e7\u00f5es dos diretores e, por fim, no 4\u00ba e \u00faltimo est\u00e1gio, a partir do dia 24, ser\u00e3o feitas as designa\u00e7\u00f5es para os demais cargos, de perfil t\u00e9cnico.<br>\u00a0<br><strong>Preocupa\u00e7\u00e3o com o dia a dia<\/strong><br>Alguns atuais servidores e ex-funcion\u00e1rios do governo federal disseram, sob a condi\u00e7\u00e3o de anonimato, que est\u00e3o preocupados com o dia a dia da opera\u00e7\u00e3o nos minist\u00e9rios, ap\u00f3s o grande n\u00famero de exonera\u00e7\u00f5es e a demora das novas nomea\u00e7\u00f5es.<br>\u00a0<br>A Casa Civil informou que n\u00e3o h\u00e1 risco de paralisa\u00e7\u00e3o da m\u00e1quina p\u00fablica porque as dispensas atingiram neste primeiro momento apenas os cargos mais altos, de chefia e coordena\u00e7\u00e3o, n\u00edveis 5 e 6.<br>\u00a0<br>Mas, de acordo com fontes, as equipes est\u00e3o desfalcadas, e cargos com fun\u00e7\u00f5es mais operacionais, que tocam o dia a dia, como a assinatura de documentos e ordens de pagamento, foram dispensados.<br>\u00a0<br><strong>Posse do ministro<\/strong><br>Um dos exemplos do desfalque foi a pr\u00f3pria cerim\u00f4nia de posse do ministro de Minas e Energia, Alexandre Silveira. O cerimonial da ANEEL (Ag\u00eancia Nacional de Energia El\u00e9trica) precisou dar uma ajuda para organizar o evento. As demandas de imprensa tamb\u00e9m ficaram sobrecarregadas, com a exonera\u00e7\u00e3o do chefe da assessoria de comunica\u00e7\u00e3o naquele dia.<br>\u00a0<br><strong>Disputa por cargos<\/strong><br>Na pasta de Minas e Energia, a disputa pol\u00edtica nos bastidores \u00e9 intensa, o que est\u00e1 atrasando a escolha da equipe de Alexandre Silveira. Nomes para ocupar o cargo de secret\u00e1rio-executivo que s\u00e3o lan\u00e7ados nos corredores do poder passam a ser bombardeados nos gabinetes, e tamb\u00e9m em notas plantadas na imprensa.<br><br>Apesar do embate, o nome deve sair nos pr\u00f3ximos dias, acreditam interlocutores pr\u00f3ximos ao ministro.<br>\u00a0<br><strong>Reestrutura\u00e7\u00e3o<\/strong><br>O cronograma de nomea\u00e7\u00f5es em ondas foi organizado para viabilizar o aumento do n\u00famero de minist\u00e9rios de 23 para 37, sem a cria\u00e7\u00e3o de mais cargos e crescimento dos custos. Desta forma, algumas pastas, incluindo Minas e Energia, ter\u00e3o de ceder vagas para os outros minist\u00e9rios rec\u00e9m-criados.<\/p>\n","protected":false},"excerpt":{"rendered":"<p>Leila Coimbra,&nbsp;da Ag\u00eancia iNFRA O governo Lula prev\u00ea a nomea\u00e7\u00e3o da equipe em \u201condas\u201d, depois de uma megaexonera\u00e7\u00e3o de mais de 1,2 mil servidores logo no primeiro dia \u00fatil do terceiro mandato do petista.\u00a0Documento\u00a0do gabinete de transi\u00e7\u00e3o ao qual a\u00a0Ag\u00eancia iNFRA\u00a0teve acesso informa aos ministros o cronograma das quatro etapas de nomea\u00e7\u00f5es. O texto \u00e9 [&hellip;]<\/p>\n","protected":false},"author":1,"featured_media":11995,"comment_status":"closed","ping_status":"closed","sticky":false,"template":"","format":"standard","meta":{"_monsterinsights_skip_tracking":false,"_monsterinsights_sitenote_active":false,"_monsterinsights_sitenote_note":"","_monsterinsights_sitenote_category":0,"footnotes":""},"categories":[1,10],"tags":[6040,53,1344,6254,6255,4540,96,6256,479],"class_list":["post-11994","post","type-post","status-publish","format-standard","has-post-thumbnail","hentry","category-geral","category-infraenergia","tag-alexandre-silveira","tag-aneel","tag-casa-civil","tag-esther-dweck","tag-gestao-e-inovacao-em-servicos-publicos","tag-governo-lula","tag-ministerio-de-minas-e-energia","tag-nomeacoes","tag-rui-costa"],"yoast_head":"<!-- This site is optimized with the Yoast SEO Premium plugin v25.4 (Yoast SEO v26.0) - https:\/\/yoast.com\/wordpress\/plugins\/seo\/ -->\n<title>Governo prev\u00ea nomea\u00e7\u00e3o da equipe em quatro etapas - Ag\u00eancia iNFRA<\/title>\n<meta name=\"robots\" content=\"index, follow, max-snippet:-1, max-image-preview:large, max-video-preview:-1\" \/>\n<link rel=\"canonical\" href=\"https:\/\/agenciainfra.com\/blog\/governo-preve-nomeacao-da-equipe-em-quatro-etapas\/\" \/>\n<meta property=\"og:locale\" content=\"pt_BR\" \/>\n<meta property=\"og:type\" content=\"article\" \/>\n<meta property=\"og:title\" content=\"Governo prev\u00ea nomea\u00e7\u00e3o da equipe em quatro etapas\" \/>\n<meta property=\"og:description\" content=\"Leila Coimbra,&nbsp;da Ag\u00eancia iNFRA O governo Lula prev\u00ea a nomea\u00e7\u00e3o da equipe em \u201condas\u201d, depois de uma megaexonera\u00e7\u00e3o de mais de 1,2 mil servidores logo no primeiro dia \u00fatil do terceiro mandato do petista.\u00a0Documento\u00a0do gabinete de transi\u00e7\u00e3o ao qual a\u00a0Ag\u00eancia iNFRA\u00a0teve acesso informa aos ministros o cronograma das quatro etapas de nomea\u00e7\u00f5es. O texto \u00e9 [&hellip;]\" \/>\n<meta property=\"og:url\" content=\"https:\/\/agenciainfra.com\/blog\/governo-preve-nomeacao-da-equipe-em-quatro-etapas\/\" \/>\n<meta property=\"og:site_name\" content=\"Ag\u00eancia iNFRA\" \/>\n<meta property=\"article:publisher\" content=\"https:\/\/www.facebook.com\/ageninfra\" \/>\n<meta property=\"article:published_time\" content=\"2023-01-06T12:00:00+00:00\" \/>\n<meta property=\"og:image\" content=\"https:\/\/agenciainfra.com\/blog\/wp-content\/uploads\/2023\/01\/rui-costa-foto-marcelo-camargo-agencia-brasil.jpeg\" \/>\n\t<meta property=\"og:image:width\" content=\"1280\" \/>\n\t<meta property=\"og:image:height\" content=\"852\" \/>\n\t<meta property=\"og:image:type\" content=\"image\/jpeg\" \/>\n<meta name=\"author\" content=\"Ag\u00eancia iNFRA\" \/>\n<meta name=\"twitter:card\" content=\"summary_large_image\" \/>\n<meta name=\"twitter:creator\" content=\"@agencia_infra\" \/>\n<meta name=\"twitter:site\" content=\"@agencia_infra\" \/>\n<meta name=\"twitter:label1\" content=\"Escrito por\" \/>\n\t<meta name=\"twitter:data1\" content=\"Ag\u00eancia iNFRA\" \/>\n\t<meta name=\"twitter:label2\" content=\"Est. tempo de leitura\" \/>\n\t<meta name=\"twitter:data2\" content=\"3 minutos\" \/>\n<script type=\"application\/ld+json\" class=\"yoast-schema-graph\">{\"@context\":\"https:\/\/schema.org\",\"@graph\":[{\"@type\":\"Article\",\"@id\":\"https:\/\/agenciainfra.com\/blog\/governo-preve-nomeacao-da-equipe-em-quatro-etapas\/#article\",\"isPartOf\":{\"@id\":\"https:\/\/agenciainfra.com\/blog\/governo-preve-nomeacao-da-equipe-em-quatro-etapas\/\"},\"author\":{\"name\":\"Ag\u00eancia iNFRA\",\"@id\":\"https:\/\/agenciainfra.com\/blog\/#\/schema\/person\/34af08dff6adea4cb22b06612ba7acfa\"},\"headline\":\"Governo prev\u00ea nomea\u00e7\u00e3o da equipe em quatro etapas\",\"datePublished\":\"2023-01-06T12:00:00+00:00\",\"mainEntityOfPage\":{\"@id\":\"https:\/\/agenciainfra.com\/blog\/governo-preve-nomeacao-da-equipe-em-quatro-etapas\/\"},\"wordCount\":526,\"publisher\":{\"@id\":\"https:\/\/agenciainfra.com\/blog\/#organization\"},\"image\":{\"@id\":\"https:\/\/agenciainfra.com\/blog\/governo-preve-nomeacao-da-equipe-em-quatro-etapas\/#primaryimage\"},\"thumbnailUrl\":\"https:\/\/agenciainfra.com\/blog\/wp-content\/uploads\/2023\/01\/rui-costa-foto-marcelo-camargo-agencia-brasil.jpeg\",\"keywords\":[\"Alexandre Silveira\",\"ANEEL\",\"Casa Civil\",\"Esther Dweck\",\"Gest\u00e3o e Inova\u00e7\u00e3o em Servi\u00e7os P\u00fablicos\",\"Governo Lula\",\"Minist\u00e9rio de Minas e Energia\",\"nomea\u00e7\u00f5es\",\"Rui Costa\"],\"articleSection\":[\"Geral\",\"iNFRAEnergia\"],\"inLanguage\":\"pt-BR\",\"copyrightYear\":\"2023\",\"copyrightHolder\":{\"@id\":\"https:\/\/agenciainfra.com\/blog\/#organization\"}},{\"@type\":\"WebPage\",\"@id\":\"https:\/\/agenciainfra.com\/blog\/governo-preve-nomeacao-da-equipe-em-quatro-etapas\/\",\"url\":\"https:\/\/agenciainfra.com\/blog\/governo-preve-nomeacao-da-equipe-em-quatro-etapas\/\",\"name\":\"Governo prev\u00ea nomea\u00e7\u00e3o da equipe em quatro etapas - Ag\u00eancia iNFRA\",\"isPartOf\":{\"@id\":\"https:\/\/agenciainfra.com\/blog\/#website\"},\"primaryImageOfPage\":{\"@id\":\"https:\/\/agenciainfra.com\/blog\/governo-preve-nomeacao-da-equipe-em-quatro-etapas\/#primaryimage\"},\"image\":{\"@id\":\"https:\/\/agenciainfra.com\/blog\/governo-preve-nomeacao-da-equipe-em-quatro-etapas\/#primaryimage\"},\"thumbnailUrl\":\"https:\/\/agenciainfra.com\/blog\/wp-content\/uploads\/2023\/01\/rui-costa-foto-marcelo-camargo-agencia-brasil.jpeg\",\"datePublished\":\"2023-01-06T12:00:00+00:00\",\"breadcrumb\":{\"@id\":\"https:\/\/agenciainfra.com\/blog\/governo-preve-nomeacao-da-equipe-em-quatro-etapas\/#breadcrumb\"},\"inLanguage\":\"pt-BR\",\"potentialAction\":[{\"@type\":\"ReadAction\",\"target\":[\"https:\/\/agenciainfra.com\/blog\/governo-preve-nomeacao-da-equipe-em-quatro-etapas\/\"]}]},{\"@type\":\"ImageObject\",\"inLanguage\":\"pt-BR\",\"@id\":\"https:\/\/agenciainfra.com\/blog\/governo-preve-nomeacao-da-equipe-em-quatro-etapas\/#primaryimage\",\"url\":\"https:\/\/agenciainfra.com\/blog\/wp-content\/uploads\/2023\/01\/rui-costa-foto-marcelo-camargo-agencia-brasil.jpeg\",\"contentUrl\":\"https:\/\/agenciainfra.com\/blog\/wp-content\/uploads\/2023\/01\/rui-costa-foto-marcelo-camargo-agencia-brasil.jpeg\",\"width\":1280,\"height\":852},{\"@type\":\"BreadcrumbList\",\"@id\":\"https:\/\/agenciainfra.com\/blog\/governo-preve-nomeacao-da-equipe-em-quatro-etapas\/#breadcrumb\",\"itemListElement\":[{\"@type\":\"ListItem\",\"position\":1,\"name\":\"In\u00edcio\",\"item\":\"https:\/\/agenciainfra.com\/blog\/\"},{\"@type\":\"ListItem\",\"position\":2,\"name\":\"Governo prev\u00ea nomea\u00e7\u00e3o da equipe em quatro etapas\"}]},{\"@type\":\"WebSite\",\"@id\":\"https:\/\/agenciainfra.com\/blog\/#website\",\"url\":\"https:\/\/agenciainfra.com\/blog\/\",\"name\":\"Ag\u00eancia iNFRA\",\"description\":\"Multiplataforma de informa\u00e7\u00e3o jornal\u00edstica refer\u00eancia na \u00e1rea de infraestrutura no Brasil!\",\"publisher\":{\"@id\":\"https:\/\/agenciainfra.com\/blog\/#organization\"},\"potentialAction\":[{\"@type\":\"SearchAction\",\"target\":{\"@type\":\"EntryPoint\",\"urlTemplate\":\"https:\/\/agenciainfra.com\/blog\/?s={search_term_string}\"},\"query-input\":{\"@type\":\"PropertyValueSpecification\",\"valueRequired\":true,\"valueName\":\"search_term_string\"}}],\"inLanguage\":\"pt-BR\"},{\"@type\":\"Organization\",\"@id\":\"https:\/\/agenciainfra.com\/blog\/#organization\",\"name\":\"Ag\u00eancia iNFRA\",\"url\":\"https:\/\/agenciainfra.com\/blog\/\",\"logo\":{\"@type\":\"ImageObject\",\"inLanguage\":\"pt-BR\",\"@id\":\"https:\/\/agenciainfra.com\/blog\/#\/schema\/logo\/image\/\",\"url\":\"https:\/\/agenciainfra.com\/blog\/wp-content\/uploads\/2023\/09\/iNFRA_5-e1761735885940.png\",\"contentUrl\":\"https:\/\/agenciainfra.com\/blog\/wp-content\/uploads\/2023\/09\/iNFRA_5-e1761735885940.png\",\"width\":1672,\"height\":454,\"caption\":\"Ag\u00eancia iNFRA\"},\"image\":{\"@id\":\"https:\/\/agenciainfra.com\/blog\/#\/schema\/logo\/image\/\"},\"sameAs\":[\"https:\/\/www.facebook.com\/ageninfra\",\"https:\/\/x.com\/agencia_infra\",\"https:\/\/www.linkedin.com\/company\/ag\u00eanciainfra\/\",\"https:\/\/www.instagram.com\/agenciainfra\/\"]},{\"@type\":\"Person\",\"@id\":\"https:\/\/agenciainfra.com\/blog\/#\/schema\/person\/34af08dff6adea4cb22b06612ba7acfa\",\"name\":\"Ag\u00eancia iNFRA\",\"image\":{\"@type\":\"ImageObject\",\"inLanguage\":\"pt-BR\",\"@id\":\"https:\/\/agenciainfra.com\/blog\/#\/schema\/person\/image\/\",\"url\":\"https:\/\/secure.gravatar.com\/avatar\/d189e01678f06d8eb84d4e01f08eb848b3fffe3f8443818d3c356c66892f5be8?s=96&d=mm&r=g\",\"contentUrl\":\"https:\/\/secure.gravatar.com\/avatar\/d189e01678f06d8eb84d4e01f08eb848b3fffe3f8443818d3c356c66892f5be8?s=96&d=mm&r=g\",\"caption\":\"Ag\u00eancia iNFRA\"},\"url\":\"https:\/\/agenciainfra.com\/blog\/author\/admin\/\"}]}<\/script>\n<!-- \/ Yoast SEO Premium plugin. -->","yoast_head_json":{"title":"Governo prev\u00ea nomea\u00e7\u00e3o da equipe em quatro etapas - Ag\u00eancia iNFRA","robots":{"index":"index","follow":"follow","max-snippet":"max-snippet:-1","max-image-preview":"max-image-preview:large","max-video-preview":"max-video-preview:-1"},"canonical":"https:\/\/agenciainfra.com\/blog\/governo-preve-nomeacao-da-equipe-em-quatro-etapas\/","og_locale":"pt_BR","og_type":"article","og_title":"Governo prev\u00ea nomea\u00e7\u00e3o da equipe em quatro etapas","og_description":"Leila Coimbra,&nbsp;da Ag\u00eancia iNFRA O governo Lula prev\u00ea a nomea\u00e7\u00e3o da equipe em \u201condas\u201d, depois de uma megaexonera\u00e7\u00e3o de mais de 1,2 mil servidores logo no primeiro dia \u00fatil do terceiro mandato do petista.\u00a0Documento\u00a0do gabinete de transi\u00e7\u00e3o ao qual a\u00a0Ag\u00eancia iNFRA\u00a0teve acesso informa aos ministros o cronograma das quatro etapas de nomea\u00e7\u00f5es. O texto \u00e9 [&hellip;]","og_url":"https:\/\/agenciainfra.com\/blog\/governo-preve-nomeacao-da-equipe-em-quatro-etapas\/","og_site_name":"Ag\u00eancia iNFRA","article_publisher":"https:\/\/www.facebook.com\/ageninfra","article_published_time":"2023-01-06T12:00:00+00:00","og_image":[{"width":1280,"height":852,"url":"https:\/\/agenciainfra.com\/blog\/wp-content\/uploads\/2023\/01\/rui-costa-foto-marcelo-camargo-agencia-brasil.jpeg","type":"image\/jpeg"}],"author":"Ag\u00eancia iNFRA","twitter_card":"summary_large_image","twitter_creator":"@agencia_infra","twitter_site":"@agencia_infra","twitter_misc":{"Escrito por":"Ag\u00eancia iNFRA","Est. tempo de leitura":"3 minutos"},"schema":{"@context":"https:\/\/schema.org","@graph":[{"@type":"Article","@id":"https:\/\/agenciainfra.com\/blog\/governo-preve-nomeacao-da-equipe-em-quatro-etapas\/#article","isPartOf":{"@id":"https:\/\/agenciainfra.com\/blog\/governo-preve-nomeacao-da-equipe-em-quatro-etapas\/"},"author":{"name":"Ag\u00eancia iNFRA","@id":"https:\/\/agenciainfra.com\/blog\/#\/schema\/person\/34af08dff6adea4cb22b06612ba7acfa"},"headline":"Governo prev\u00ea nomea\u00e7\u00e3o da equipe em quatro etapas","datePublished":"2023-01-06T12:00:00+00:00","mainEntityOfPage":{"@id":"https:\/\/agenciainfra.com\/blog\/governo-preve-nomeacao-da-equipe-em-quatro-etapas\/"},"wordCount":526,"publisher":{"@id":"https:\/\/agenciainfra.com\/blog\/#organization"},"image":{"@id":"https:\/\/agenciainfra.com\/blog\/governo-preve-nomeacao-da-equipe-em-quatro-etapas\/#primaryimage"},"thumbnailUrl":"https:\/\/agenciainfra.com\/blog\/wp-content\/uploads\/2023\/01\/rui-costa-foto-marcelo-camargo-agencia-brasil.jpeg","keywords":["Alexandre Silveira","ANEEL","Casa Civil","Esther Dweck","Gest\u00e3o e Inova\u00e7\u00e3o em Servi\u00e7os P\u00fablicos","Governo Lula","Minist\u00e9rio de Minas e Energia","nomea\u00e7\u00f5es","Rui Costa"],"articleSection":["Geral","iNFRAEnergia"],"inLanguage":"pt-BR","copyrightYear":"2023","copyrightHolder":{"@id":"https:\/\/agenciainfra.com\/blog\/#organization"}},{"@type":"WebPage","@id":"https:\/\/agenciainfra.com\/blog\/governo-preve-nomeacao-da-equipe-em-quatro-etapas\/","url":"https:\/\/agenciainfra.com\/blog\/governo-preve-nomeacao-da-equipe-em-quatro-etapas\/","name":"Governo prev\u00ea nomea\u00e7\u00e3o da equipe em quatro etapas - Ag\u00eancia iNFRA","isPartOf":{"@id":"https:\/\/agenciainfra.com\/blog\/#website"},"primaryImageOfPage":{"@id":"https:\/\/agenciainfra.com\/blog\/governo-preve-nomeacao-da-equipe-em-quatro-etapas\/#primaryimage"},"image":{"@id":"https:\/\/agenciainfra.com\/blog\/governo-preve-nomeacao-da-equipe-em-quatro-etapas\/#primaryimage"},"thumbnailUrl":"https:\/\/agenciainfra.com\/blog\/wp-content\/uploads\/2023\/01\/rui-costa-foto-marcelo-camargo-agencia-brasil.jpeg","datePublished":"2023-01-06T12:00:00+00:00","breadcrumb":{"@id":"https:\/\/agenciainfra.com\/blog\/governo-preve-nomeacao-da-equipe-em-quatro-etapas\/#breadcrumb"},"inLanguage":"pt-BR","potentialAction":[{"@type":"ReadAction","target":["https:\/\/agenciainfra.com\/blog\/governo-preve-nomeacao-da-equipe-em-quatro-etapas\/"]}]},{"@type":"ImageObject","inLanguage":"pt-BR","@id":"https:\/\/agenciainfra.com\/blog\/governo-preve-nomeacao-da-equipe-em-quatro-etapas\/#primaryimage","url":"https:\/\/agenciainfra.com\/blog\/wp-content\/uploads\/2023\/01\/rui-costa-foto-marcelo-camargo-agencia-brasil.jpeg","contentUrl":"https:\/\/agenciainfra.com\/blog\/wp-content\/uploads\/2023\/01\/rui-costa-foto-marcelo-camargo-agencia-brasil.jpeg","width":1280,"height":852},{"@type":"BreadcrumbList","@id":"https:\/\/agenciainfra.com\/blog\/governo-preve-nomeacao-da-equipe-em-quatro-etapas\/#breadcrumb","itemListElement":[{"@type":"ListItem","position":1,"name":"In\u00edcio","item":"https:\/\/agenciainfra.com\/blog\/"},{"@type":"ListItem","position":2,"name":"Governo prev\u00ea nomea\u00e7\u00e3o da equipe em quatro etapas"}]},{"@type":"WebSite","@id":"https:\/\/agenciainfra.com\/blog\/#website","url":"https:\/\/agenciainfra.com\/blog\/","name":"Ag\u00eancia iNFRA","description":"Multiplataforma de informa\u00e7\u00e3o jornal\u00edstica refer\u00eancia na \u00e1rea de infraestrutura no Brasil!","publisher":{"@id":"https:\/\/agenciainfra.com\/blog\/#organization"},"potentialAction":[{"@type":"SearchAction","target":{"@type":"EntryPoint","urlTemplate":"https:\/\/agenciainfra.com\/blog\/?s={search_term_string}"},"query-input":{"@type":"PropertyValueSpecification","valueRequired":true,"valueName":"search_term_string"}}],"inLanguage":"pt-BR"},{"@type":"Organization","@id":"https:\/\/agenciainfra.com\/blog\/#organization","name":"Ag\u00eancia iNFRA","url":"https:\/\/agenciainfra.com\/blog\/","logo":{"@type":"ImageObject","inLanguage":"pt-BR","@id":"https:\/\/agenciainfra.com\/blog\/#\/schema\/logo\/image\/","url":"https:\/\/agenciainfra.com\/blog\/wp-content\/uploads\/2023\/09\/iNFRA_5-e1761735885940.png","contentUrl":"https:\/\/agenciainfra.com\/blog\/wp-content\/uploads\/2023\/09\/iNFRA_5-e1761735885940.png","width":1672,"height":454,"caption":"Ag\u00eancia iNFRA"},"image":{"@id":"https:\/\/agenciainfra.com\/blog\/#\/schema\/logo\/image\/"},"sameAs":["https:\/\/www.facebook.com\/ageninfra","https:\/\/x.com\/agencia_infra","https:\/\/www.linkedin.com\/company\/ag\u00eanciainfra\/","https:\/\/www.instagram.com\/agenciainfra\/"]},{"@type":"Person","@id":"https:\/\/agenciainfra.com\/blog\/#\/schema\/person\/34af08dff6adea4cb22b06612ba7acfa","name":"Ag\u00eancia iNFRA","image":{"@type":"ImageObject","inLanguage":"pt-BR","@id":"https:\/\/agenciainfra.com\/blog\/#\/schema\/person\/image\/","url":"https:\/\/secure.gravatar.com\/avatar\/d189e01678f06d8eb84d4e01f08eb848b3fffe3f8443818d3c356c66892f5be8?s=96&d=mm&r=g","contentUrl":"https:\/\/secure.gravatar.com\/avatar\/d189e01678f06d8eb84d4e01f08eb848b3fffe3f8443818d3c356c66892f5be8?s=96&d=mm&r=g","caption":"Ag\u00eancia iNFRA"},"url":"https:\/\/agenciainfra.com\/blog\/author\/admin\/"}]}},"_links":{"self":[{"href":"https:\/\/agenciainfra.com\/blog\/wp-json\/wp\/v2\/posts\/11994","targetHints":{"allow":["GET"]}}],"collection":[{"href":"https:\/\/agenciainfra.com\/blog\/wp-json\/wp\/v2\/posts"}],"about":[{"href":"https:\/\/agenciainfra.com\/blog\/wp-json\/wp\/v2\/types\/post"}],"author":[{"embeddable":true,"href":"https:\/\/agenciainfra.com\/blog\/wp-json\/wp\/v2\/users\/1"}],"replies":[{"embeddable":true,"href":"https:\/\/agenciainfra.com\/blog\/wp-json\/wp\/v2\/comments?post=11994"}],"version-history":[{"count":0,"href":"https:\/\/agenciainfra.com\/blog\/wp-json\/wp\/v2\/posts\/11994\/revisions"}],"wp:featuredmedia":[{"embeddable":true,"href":"https:\/\/agenciainfra.com\/blog\/wp-json\/wp\/v2\/media\/11995"}],"wp:attachment":[{"href":"https:\/\/agenciainfra.com\/blog\/wp-json\/wp\/v2\/media?parent=11994"}],"wp:term":[{"taxonomy":"category","embeddable":true,"href":"https:\/\/agenciainfra.com\/blog\/wp-json\/wp\/v2\/categories?post=11994"},{"taxonomy":"post_tag","embeddable":true,"href":"https:\/\/agenciainfra.com\/blog\/wp-json\/wp\/v2\/tags?post=11994"}],"curies":[{"name":"wp","href":"https:\/\/api.w.org\/{rel}","templated":true}]}}