{"id":12007,"date":"2023-01-10T11:00:00","date_gmt":"2023-01-10T14:00:00","guid":{"rendered":"https:\/\/www.agenciainfra.com\/blog\/?p=12007"},"modified":"2023-01-10T11:34:43","modified_gmt":"2023-01-10T14:34:43","slug":"sonegacao-nao-pesa-apenas-no-fiscal-mas-em-toda-sociedade","status":"publish","type":"post","link":"https:\/\/agenciainfra.com\/blog\/sonegacao-nao-pesa-apenas-no-fiscal-mas-em-toda-sociedade\/","title":{"rendered":"Sonega\u00e7\u00e3o n\u00e3o pesa apenas no fiscal, mas em toda sociedade"},"content":{"rendered":"\n<p class=\"has-text-align-right\"><strong>Marcelo Ara\u00fajo*<\/strong><\/p>\n\n\n\n<p>Nesta virada de ano e de governo, entre as muitas not\u00edcias e atos, chama a aten\u00e7\u00e3o mais uma vez o destaque dispensado \u00e0 prorroga\u00e7\u00e3o da isen\u00e7\u00e3o, ou n\u00e3o, dos impostos sobre combust\u00edveis. O mesmo dilema de sempre divide os respons\u00e1veis pela pol\u00edtica e pela economia de qualquer governo: se estendida a isen\u00e7\u00e3o, reduz-se a arrecada\u00e7\u00e3o aumentando o j\u00e1 contratado d\u00e9ficit fiscal; se n\u00e3o, os pre\u00e7os aumentam impactando a infla\u00e7\u00e3o com grande desgaste pol\u00edtico.&nbsp;<\/p>\n\n\n\n<p>Como j\u00e1 abordado aqui em artigos anteriores (<a href=\"https:\/\/agenciainfra.com\/blog\/politica-de-precos-de-combustiveis-entendendo-o-dilema\/\">Pol\u00edtica de pre\u00e7os de combust\u00edveis: entendendo o dilema \u2013 Ag\u00eancia iNFRA (agenciainfra.com)<\/a>, trata-se de falso dilema com solu\u00e7\u00f5es estruturantes poss\u00edveis. Mas na quest\u00e3o fiscal em si, n\u00e3o podemos esquecer ainda de uma dimens\u00e3o cr\u00edtica, de alto impacto e com todas as vari\u00e1veis a nosso alcance: o combate efetivo \u00e0 sonega\u00e7\u00e3o e \u00e0 fraude.&nbsp;<\/p>\n\n\n\n<p>Muito oportuna a divulga\u00e7\u00e3o recente pela Fiesp (Federa\u00e7\u00e3o das Ind\u00fastrias do Estado de S\u00e3o Paulo) do <a href=\"https:\/\/www.fiesp.com.br\/file-20221207193330-anuario-2022-web-1\/\">anu\u00e1rio 2018-2022 sobre mercados il\u00edcitos no estado de S\u00e3o Paulo<\/a>. O estudo contabiliza no per\u00edodo preju\u00edzos de R$ 114 bilh\u00f5es em sonega\u00e7\u00e3o, contrabando, roubos, adultera\u00e7\u00e3o e falsifica\u00e7\u00e3o em nove setores da economia. O maior valor anual da s\u00e9rie foi em 2021, com R$ 24 bilh\u00f5es, e \u00e9 esperado algo pr\u00f3ximo a R$ 26 bilh\u00f5es em 2022, seguindo em pleno crescimento. Como compara\u00e7\u00e3o, todos os recursos destinados \u00e0 seguran\u00e7a p\u00fablica no or\u00e7amento de 2023 do estado, que ser\u00e1 o maior da hist\u00f3ria, somam R$ 27 bilh\u00f5es e poderiam ser quase totalmente financiados pelo combate a esse mercado irregular.\u00a0<\/p>\n\n\n\n<p>Mercados il\u00edcitos representam transfer\u00eancia ilegal de recursos dentro da sociedade. Ademais, a atra\u00e7\u00e3o de agentes inid\u00f4neos e operadores ilegais para o mercado est\u00e1 diretamente associada ao crescimento da viol\u00eancia criminal, danos \u00e0 sa\u00fade e ao meio ambiente, perda de postos de trabalho formais e perda substancial de arrecada\u00e7\u00e3o pelo er\u00e1rio.&nbsp;&nbsp;<\/p>\n\n\n\n<p>N\u00e3o \u00e9 um privil\u00e9gio do setor de combust\u00edveis a competi\u00e7\u00e3o predat\u00f3ria e os malfeitos dos fraudadores e sonegadores. Mercados como tabaco, alimentos e bebidas, vestu\u00e1rio e at\u00e9 mesmo medicamentos, s\u00e3o perigosamente afetados. Mas, como se estimou em R$ 25 bilh\u00f5es a prorroga\u00e7\u00e3o da isen\u00e7\u00e3o dos impostos sobre combust\u00edveis, aqui a compara\u00e7\u00e3o \u00e9 ainda mais nefasta aos cofres federais e estaduais.&nbsp;<\/p>\n\n\n\n<p>A FGV (Funda\u00e7\u00e3o Getulio Vargas) estima em todo o pa\u00eds R$ 14 bilh\u00f5es anuais em perdas tribut\u00e1rias por sonega\u00e7\u00e3o e devedores contumazes e em R$ 15 bilh\u00f5es as perdas operacionais com roubos e fraudes neste mercado. Os R$ 29 bilh\u00f5es dessa soma de irregularidades se recuperados, facilmente cobririam o custo dessa prorroga\u00e7\u00e3o das isen\u00e7\u00f5es.<\/p>\n\n\n\n<figure class=\"wp-block-image size-large\"><img fetchpriority=\"high\" decoding=\"async\" width=\"1024\" height=\"533\" src=\"https:\/\/agenciainfra.com\/blog\/wp-content\/uploads\/2023\/01\/Arte-1-1024x533.jpg\" alt=\"\" class=\"wp-image-12010\" srcset=\"https:\/\/agenciainfra.com\/blog\/wp-content\/uploads\/2023\/01\/Arte-1-1024x533.jpg 1024w, https:\/\/agenciainfra.com\/blog\/wp-content\/uploads\/2023\/01\/Arte-1-300x156.jpg 300w, https:\/\/agenciainfra.com\/blog\/wp-content\/uploads\/2023\/01\/Arte-1-768x400.jpg 768w, https:\/\/agenciainfra.com\/blog\/wp-content\/uploads\/2023\/01\/Arte-1.jpg 1457w\" sizes=\"(max-width: 1024px) 100vw, 1024px\" \/><\/figure>\n\n\n\n<p>Segundo a FGV Energia, zerar a sonega\u00e7\u00e3o resultaria em redu\u00e7\u00e3o de perdas de aproximadamente R$ 178 bilh\u00f5es em 10 anos, ou de R$ 96,2 bilh\u00f5es no caso de uma redu\u00e7\u00e3o de 50%, considerando as proje\u00e7\u00f5es de crescimento m\u00e9dio de 2,5% ao ano para a economia, a partir de 2022.\u00a0\u00a0Ainda segundo a FGV, apenas 1% dos recursos sonegados voltam aos cofres p\u00fablicos.<\/p>\n\n\n\n<p>Padecemos de maior coordena\u00e7\u00e3o entre os agentes p\u00fablicos do Executivo e Legislativo federais e estaduais, juntamente com os agentes privados, para que as diversas iniciativas alcancem a efic\u00e1cia desejada. \u00c9 necess\u00e1ria uma abordagem mais hol\u00edstica, compreendendo quatro dimens\u00f5es-chave: tribut\u00e1ria, legal, fiscaliza\u00e7\u00e3o e comunica\u00e7\u00e3o.&nbsp;<\/p>\n\n\n\n<p>Na frente tribut\u00e1ria, urge completarmos a simplifica\u00e7\u00e3o tribut\u00e1ria. A Lei 192\/2022 e o rec\u00e9m-publicado Conv\u00eanio CONFAZ 199\/2022, que entra em vigor em 1\u00ba de abril de 2023, formar\u00e3o um verdadeiro divisor de \u00e1guas com a implementa\u00e7\u00e3o da tributa\u00e7\u00e3o monof\u00e1sica, com al\u00edquota \u00fanica em todo o Brasil e espec\u00edfica por litro para combust\u00edveis.\u00a0\u00a0<\/p>\n\n\n\n<p>Fecham-se in\u00fameras portas para malfeitos e reduz-se o custo de apura\u00e7\u00e3o, arrecada\u00e7\u00e3o e principalmente de fiscaliza\u00e7\u00e3o. Ao passo que aguardamos a celebra\u00e7\u00e3o de conv\u00eanio similar\u00a0para a gasolina, resta ainda encontrar uma solu\u00e7\u00e3o para o etanol hidratado. Este que, apesar de ser o combust\u00edvel mais sonegado e fraudado, acabou ficando fora da Lei 192\/22.\u00a0<\/p>\n\n\n\n<p>Na dimens\u00e3o legal, a principal iniciativa \u00e9 o Projeto de Lei Complementar 164\/2022, apresentado ao fim do ano pelo ent\u00e3o senador Jean Paul Prates (PT-RN), hoje indicado para presid\u00eancia da Petrobras, e que re\u00fane avan\u00e7os e debates que v\u00eam desde o antigo PL 284 de 2017, caracterizando criminalmente devedores que se utilizam por anos e anos dos artif\u00edcios de n\u00e3o recolhimento de impostos, liminares, intermin\u00e1veis discuss\u00f5es judiciais, refis e anistias, visando ganhar vantagem competitiva ou enriquecimento il\u00edcito.\u00a0<\/p>\n\n\n\n<p>O PL 164 distingue esses devedores contumazes do devedor eventual e traz diretrizes para que regimes especiais de tributa\u00e7\u00e3o sejam estabelecidos, o que traria instrumentos para combater esse il\u00edcito.&nbsp;<\/p>\n\n\n\n<p>Outra iniciativa legislativa relevante \u00e9 o PL 8.455\/2017, cujo texto inicial foi de autoria da ex-senadora e hoje ministra do Planejamento e Or\u00e7amento, Simone Tebet, que foca no furto e roubo de combust\u00edveis em dutos e instala\u00e7\u00f5es. Al\u00e9m do \u00f3bvio custo para a sociedade, esses roubos trazem um risco gigantesco para as comunidades dada a elevada periculosidade desses produtos se n\u00e3o adequadamente manuseados.<\/p>\n\n\n\n<p>A fiscaliza\u00e7\u00e3o \u00e9 outra frente cr\u00edtica. Receitas federal e estaduais, minist\u00e9rio p\u00fablicos e Procons estaduais, pol\u00edcias rodovi\u00e1ria e federal, ag\u00eancias ANP, ANTT e ANTAQ e os minist\u00e9rios da \u00e1rea econ\u00f4mica, infraestrutura e energia s\u00e3o os principais agentes p\u00fablicos envolvidos. As grandes empresas do setor de produ\u00e7\u00e3o e distribui\u00e7\u00e3o de combust\u00edveis, com o apoio de diversas entidades setoriais como IBP, Abicom, Fecombust\u00edveis, Sincopetro, Fiesp, Firjam, Inmetro, FGV, entre outras, criaram o ICL (Instituto Combust\u00edvel Legal), com o objetivo de apoiar essas m\u00faltiplas autoridades com intelig\u00eancia de mercado, conhecimento do campo e suporte legal.\u00a0<\/p>\n\n\n\n<figure class=\"wp-block-image size-full\"><img decoding=\"async\" width=\"806\" height=\"528\" src=\"https:\/\/agenciainfra.com\/blog\/wp-content\/uploads\/2023\/01\/tabela-copy.png\" alt=\"\" class=\"wp-image-12009\" srcset=\"https:\/\/agenciainfra.com\/blog\/wp-content\/uploads\/2023\/01\/tabela-copy.png 806w, https:\/\/agenciainfra.com\/blog\/wp-content\/uploads\/2023\/01\/tabela-copy-300x197.png 300w, https:\/\/agenciainfra.com\/blog\/wp-content\/uploads\/2023\/01\/tabela-copy-768x503.png 768w\" sizes=\"(max-width: 806px) 100vw, 806px\" \/><\/figure>\n\n\n\n<p>O projeto RACOM, Radar de Combust\u00edveis, pretende seguir o fluxo f\u00edsico e financeiro das opera\u00e7\u00f5es com combust\u00edveis no Brasil e assim identificar as fragilidades potenciais e os desvios que geram as principais irregularidades.\u00a0<\/p>\n\n\n\n<p>Mas todas essas frentes de pouco adiantar\u00e3o se persistir no Brasil uma cultura de aceita\u00e7\u00e3o t\u00e1cita da sonega\u00e7\u00e3o e da fraude, talvez uma das grandes mazelas que impedem nosso desenvolvimento como sociedade e como pa\u00eds. Como muitos n\u00e3o pagam, os consumidores acabam por n\u00e3o se envolver e se responsabilizarem por comprar de forma mais consciente.<\/p>\n\n\n\n<p>Assim, os arrecadadores terminam por aumentar a carga sobre os poucos que conseguem fiscalizar. \u00c9 a chamada sele\u00e7\u00e3o adversa, onde se premia os agentes que agem contra as regras e pune os que as cumprem. \u00c9 um c\u00edrculo vicioso do qual precisamos nos libertar.<\/p>\n\n\n\n<p>Da\u00ed a necessidade de se completar a abordagem das frentes anteriores, com uma ampla campanha de educa\u00e7\u00e3o e comunica\u00e7\u00e3o que, se abra\u00e7ada pelo Estado, n\u00e3o h\u00e1 d\u00favida que a comunidade empresarial ir\u00e1 aderir em massa. Os ganhos s\u00e3o in\u00fameros: redu\u00e7\u00e3o dos custos de distribui\u00e7\u00e3o, melhoria das condi\u00e7\u00f5es de fiscaliza\u00e7\u00e3o remota, aumento da arrecada\u00e7\u00e3o, bem como a elimina\u00e7\u00e3o dos riscos ambientais, sociais e econ\u00f4micos.<\/p>\n\n\n\n<p>Um novo ano, um novo governo, velhos desafios. \u00c9 hora de tentar tamb\u00e9m uma nova abordagem. O Brasil pede e o Brasil pode. Cultura de sonega\u00e7\u00e3o e fraude n\u00e3o combina com crescimento e desenvolvimento.&nbsp;<\/p>\n\n\n\n<h6 class=\"wp-block-heading\" id=\"block-f323f59b-51bf-4eed-b17b-3c7d3b917007\">*Marcelo Ara\u00fajo \u00e9 diretor-executivo corporativo e de Participa\u00e7\u00f5es do Grupo Ultra e presidente do conselho de administra\u00e7\u00e3o da Associa\u00e7\u00e3o Brasileira de Downstream do IBP (Instituto Brasileiro de Petr\u00f3leo e G\u00e1s).<\/h6>\n\n\n\n<h5 class=\"wp-block-heading\" id=\"block-5ef42db3-2ed1-4178-8ab5-7a7f312ba102\">As opini\u00f5es dos autores n\u00e3o refletem necessariamente o pensamento da Ag\u00eancia iNFRA, sendo de total responsabilidade do autor as informa\u00e7\u00f5es, ju\u00edzos de valor e conceitos descritos no texto.<\/h5>\n","protected":false},"excerpt":{"rendered":"<p>Marcelo Ara\u00fajo* Nesta virada de ano e de governo, entre as muitas not\u00edcias e atos, chama a aten\u00e7\u00e3o mais uma vez o destaque dispensado \u00e0 prorroga\u00e7\u00e3o da isen\u00e7\u00e3o, ou n\u00e3o, dos impostos sobre combust\u00edveis. O mesmo dilema de sempre divide os respons\u00e1veis pela pol\u00edtica e pela economia de qualquer governo: se estendida a isen\u00e7\u00e3o, reduz-se [&hellip;]<\/p>\n","protected":false},"author":1,"featured_media":12008,"comment_status":"closed","ping_status":"closed","sticky":false,"template":"","format":"standard","meta":{"_monsterinsights_skip_tracking":false,"_monsterinsights_sitenote_active":false,"_monsterinsights_sitenote_note":"","_monsterinsights_sitenote_category":0,"footnotes":""},"categories":[1],"tags":[314,6270,4927,268,1351,6186,5796,6269,5797,6268],"class_list":["post-12007","post","type-post","status-publish","format-standard","has-post-thumbnail","hentry","category-geral","tag-combustiveis","tag-etanol-hidratado","tag-fiesp","tag-impostos","tag-jean-paul-prates","tag-lei-192-2022","tag-marcelo-araujo","tag-mercados-ilicitos","tag-simplificacao-tributaria","tag-sonegacao"],"yoast_head":"<!-- This site is optimized with the Yoast SEO Premium plugin v25.4 (Yoast SEO v26.0) - https:\/\/yoast.com\/wordpress\/plugins\/seo\/ -->\n<title>Sonega\u00e7\u00e3o n\u00e3o pesa apenas no fiscal, mas em toda sociedade - Ag\u00eancia iNFRA<\/title>\n<meta name=\"robots\" content=\"index, follow, max-snippet:-1, max-image-preview:large, max-video-preview:-1\" \/>\n<link rel=\"canonical\" href=\"https:\/\/agenciainfra.com\/blog\/sonegacao-nao-pesa-apenas-no-fiscal-mas-em-toda-sociedade\/\" \/>\n<meta property=\"og:locale\" content=\"pt_BR\" \/>\n<meta property=\"og:type\" content=\"article\" \/>\n<meta property=\"og:title\" content=\"Sonega\u00e7\u00e3o n\u00e3o pesa apenas no fiscal, mas em toda sociedade\" \/>\n<meta property=\"og:description\" content=\"Marcelo Ara\u00fajo* Nesta virada de ano e de governo, entre as muitas not\u00edcias e atos, chama a aten\u00e7\u00e3o mais uma vez o destaque dispensado \u00e0 prorroga\u00e7\u00e3o da isen\u00e7\u00e3o, ou n\u00e3o, dos impostos sobre combust\u00edveis. O mesmo dilema de sempre divide os respons\u00e1veis pela pol\u00edtica e pela economia de qualquer governo: se estendida a isen\u00e7\u00e3o, reduz-se [&hellip;]\" \/>\n<meta property=\"og:url\" content=\"https:\/\/agenciainfra.com\/blog\/sonegacao-nao-pesa-apenas-no-fiscal-mas-em-toda-sociedade\/\" \/>\n<meta property=\"og:site_name\" content=\"Ag\u00eancia iNFRA\" \/>\n<meta property=\"article:publisher\" content=\"https:\/\/www.facebook.com\/ageninfra\" \/>\n<meta property=\"article:published_time\" content=\"2023-01-10T14:00:00+00:00\" \/>\n<meta property=\"article:modified_time\" content=\"2023-01-10T14:34:43+00:00\" \/>\n<meta property=\"og:image\" content=\"https:\/\/agenciainfra.com\/blog\/wp-content\/uploads\/2023\/01\/sonegometro-foto-marcello-casal-jr-agencia-brasil.jpeg\" \/>\n\t<meta property=\"og:image:width\" content=\"1280\" \/>\n\t<meta property=\"og:image:height\" content=\"766\" \/>\n\t<meta property=\"og:image:type\" content=\"image\/jpeg\" \/>\n<meta name=\"author\" content=\"Ag\u00eancia iNFRA\" \/>\n<meta name=\"twitter:card\" content=\"summary_large_image\" \/>\n<meta name=\"twitter:creator\" content=\"@agencia_infra\" \/>\n<meta name=\"twitter:site\" content=\"@agencia_infra\" \/>\n<meta name=\"twitter:label1\" content=\"Escrito por\" \/>\n\t<meta name=\"twitter:data1\" content=\"Ag\u00eancia iNFRA\" \/>\n\t<meta name=\"twitter:label2\" content=\"Est. tempo de leitura\" \/>\n\t<meta name=\"twitter:data2\" content=\"7 minutos\" \/>\n<script type=\"application\/ld+json\" class=\"yoast-schema-graph\">{\"@context\":\"https:\/\/schema.org\",\"@graph\":[{\"@type\":\"Article\",\"@id\":\"https:\/\/agenciainfra.com\/blog\/sonegacao-nao-pesa-apenas-no-fiscal-mas-em-toda-sociedade\/#article\",\"isPartOf\":{\"@id\":\"https:\/\/agenciainfra.com\/blog\/sonegacao-nao-pesa-apenas-no-fiscal-mas-em-toda-sociedade\/\"},\"author\":{\"name\":\"Ag\u00eancia iNFRA\",\"@id\":\"https:\/\/agenciainfra.com\/blog\/#\/schema\/person\/34af08dff6adea4cb22b06612ba7acfa\"},\"headline\":\"Sonega\u00e7\u00e3o n\u00e3o pesa apenas no fiscal, mas em toda sociedade\",\"datePublished\":\"2023-01-10T14:00:00+00:00\",\"dateModified\":\"2023-01-10T14:34:43+00:00\",\"mainEntityOfPage\":{\"@id\":\"https:\/\/agenciainfra.com\/blog\/sonegacao-nao-pesa-apenas-no-fiscal-mas-em-toda-sociedade\/\"},\"wordCount\":1341,\"publisher\":{\"@id\":\"https:\/\/agenciainfra.com\/blog\/#organization\"},\"image\":{\"@id\":\"https:\/\/agenciainfra.com\/blog\/sonegacao-nao-pesa-apenas-no-fiscal-mas-em-toda-sociedade\/#primaryimage\"},\"thumbnailUrl\":\"https:\/\/agenciainfra.com\/blog\/wp-content\/uploads\/2023\/01\/sonegometro-foto-marcello-casal-jr-agencia-brasil.jpeg\",\"keywords\":[\"combust\u00edveis\",\"etanol hidratado\",\"fiesp\",\"impostos\",\"Jean Paul Prates\",\"Lei 192\/2022\",\"Marcelo Ara\u00fajo\",\"mercados il\u00edcitos\",\"simplifica\u00e7\u00e3o tribut\u00e1ria\",\"sonega\u00e7\u00e3o\"],\"articleSection\":[\"Geral\"],\"inLanguage\":\"pt-BR\",\"copyrightYear\":\"2023\",\"copyrightHolder\":{\"@id\":\"https:\/\/agenciainfra.com\/blog\/#organization\"}},{\"@type\":\"WebPage\",\"@id\":\"https:\/\/agenciainfra.com\/blog\/sonegacao-nao-pesa-apenas-no-fiscal-mas-em-toda-sociedade\/\",\"url\":\"https:\/\/agenciainfra.com\/blog\/sonegacao-nao-pesa-apenas-no-fiscal-mas-em-toda-sociedade\/\",\"name\":\"Sonega\u00e7\u00e3o n\u00e3o pesa apenas no fiscal, mas em toda sociedade - Ag\u00eancia iNFRA\",\"isPartOf\":{\"@id\":\"https:\/\/agenciainfra.com\/blog\/#website\"},\"primaryImageOfPage\":{\"@id\":\"https:\/\/agenciainfra.com\/blog\/sonegacao-nao-pesa-apenas-no-fiscal-mas-em-toda-sociedade\/#primaryimage\"},\"image\":{\"@id\":\"https:\/\/agenciainfra.com\/blog\/sonegacao-nao-pesa-apenas-no-fiscal-mas-em-toda-sociedade\/#primaryimage\"},\"thumbnailUrl\":\"https:\/\/agenciainfra.com\/blog\/wp-content\/uploads\/2023\/01\/sonegometro-foto-marcello-casal-jr-agencia-brasil.jpeg\",\"datePublished\":\"2023-01-10T14:00:00+00:00\",\"dateModified\":\"2023-01-10T14:34:43+00:00\",\"breadcrumb\":{\"@id\":\"https:\/\/agenciainfra.com\/blog\/sonegacao-nao-pesa-apenas-no-fiscal-mas-em-toda-sociedade\/#breadcrumb\"},\"inLanguage\":\"pt-BR\",\"potentialAction\":[{\"@type\":\"ReadAction\",\"target\":[\"https:\/\/agenciainfra.com\/blog\/sonegacao-nao-pesa-apenas-no-fiscal-mas-em-toda-sociedade\/\"]}]},{\"@type\":\"ImageObject\",\"inLanguage\":\"pt-BR\",\"@id\":\"https:\/\/agenciainfra.com\/blog\/sonegacao-nao-pesa-apenas-no-fiscal-mas-em-toda-sociedade\/#primaryimage\",\"url\":\"https:\/\/agenciainfra.com\/blog\/wp-content\/uploads\/2023\/01\/sonegometro-foto-marcello-casal-jr-agencia-brasil.jpeg\",\"contentUrl\":\"https:\/\/agenciainfra.com\/blog\/wp-content\/uploads\/2023\/01\/sonegometro-foto-marcello-casal-jr-agencia-brasil.jpeg\",\"width\":1280,\"height\":766,\"caption\":\"Foto: Marcello Casal Jr.\/Ag\u00eancia Brasil\"},{\"@type\":\"BreadcrumbList\",\"@id\":\"https:\/\/agenciainfra.com\/blog\/sonegacao-nao-pesa-apenas-no-fiscal-mas-em-toda-sociedade\/#breadcrumb\",\"itemListElement\":[{\"@type\":\"ListItem\",\"position\":1,\"name\":\"In\u00edcio\",\"item\":\"https:\/\/agenciainfra.com\/blog\/\"},{\"@type\":\"ListItem\",\"position\":2,\"name\":\"Sonega\u00e7\u00e3o n\u00e3o pesa apenas no fiscal, mas em toda sociedade\"}]},{\"@type\":\"WebSite\",\"@id\":\"https:\/\/agenciainfra.com\/blog\/#website\",\"url\":\"https:\/\/agenciainfra.com\/blog\/\",\"name\":\"Ag\u00eancia iNFRA\",\"description\":\"Multiplataforma de informa\u00e7\u00e3o jornal\u00edstica refer\u00eancia na \u00e1rea de infraestrutura no Brasil!\",\"publisher\":{\"@id\":\"https:\/\/agenciainfra.com\/blog\/#organization\"},\"potentialAction\":[{\"@type\":\"SearchAction\",\"target\":{\"@type\":\"EntryPoint\",\"urlTemplate\":\"https:\/\/agenciainfra.com\/blog\/?s={search_term_string}\"},\"query-input\":{\"@type\":\"PropertyValueSpecification\",\"valueRequired\":true,\"valueName\":\"search_term_string\"}}],\"inLanguage\":\"pt-BR\"},{\"@type\":\"Organization\",\"@id\":\"https:\/\/agenciainfra.com\/blog\/#organization\",\"name\":\"Ag\u00eancia iNFRA\",\"url\":\"https:\/\/agenciainfra.com\/blog\/\",\"logo\":{\"@type\":\"ImageObject\",\"inLanguage\":\"pt-BR\",\"@id\":\"https:\/\/agenciainfra.com\/blog\/#\/schema\/logo\/image\/\",\"url\":\"https:\/\/agenciainfra.com\/blog\/wp-content\/uploads\/2023\/09\/iNFRA_5-e1761735885940.png\",\"contentUrl\":\"https:\/\/agenciainfra.com\/blog\/wp-content\/uploads\/2023\/09\/iNFRA_5-e1761735885940.png\",\"width\":1672,\"height\":454,\"caption\":\"Ag\u00eancia iNFRA\"},\"image\":{\"@id\":\"https:\/\/agenciainfra.com\/blog\/#\/schema\/logo\/image\/\"},\"sameAs\":[\"https:\/\/www.facebook.com\/ageninfra\",\"https:\/\/x.com\/agencia_infra\",\"https:\/\/www.linkedin.com\/company\/ag\u00eanciainfra\/\",\"https:\/\/www.instagram.com\/agenciainfra\/\"]},{\"@type\":\"Person\",\"@id\":\"https:\/\/agenciainfra.com\/blog\/#\/schema\/person\/34af08dff6adea4cb22b06612ba7acfa\",\"name\":\"Ag\u00eancia iNFRA\",\"image\":{\"@type\":\"ImageObject\",\"inLanguage\":\"pt-BR\",\"@id\":\"https:\/\/agenciainfra.com\/blog\/#\/schema\/person\/image\/\",\"url\":\"https:\/\/secure.gravatar.com\/avatar\/d189e01678f06d8eb84d4e01f08eb848b3fffe3f8443818d3c356c66892f5be8?s=96&d=mm&r=g\",\"contentUrl\":\"https:\/\/secure.gravatar.com\/avatar\/d189e01678f06d8eb84d4e01f08eb848b3fffe3f8443818d3c356c66892f5be8?s=96&d=mm&r=g\",\"caption\":\"Ag\u00eancia iNFRA\"},\"url\":\"https:\/\/agenciainfra.com\/blog\/author\/admin\/\"}]}<\/script>\n<!-- \/ Yoast SEO Premium plugin. -->","yoast_head_json":{"title":"Sonega\u00e7\u00e3o n\u00e3o pesa apenas no fiscal, mas em toda sociedade - Ag\u00eancia iNFRA","robots":{"index":"index","follow":"follow","max-snippet":"max-snippet:-1","max-image-preview":"max-image-preview:large","max-video-preview":"max-video-preview:-1"},"canonical":"https:\/\/agenciainfra.com\/blog\/sonegacao-nao-pesa-apenas-no-fiscal-mas-em-toda-sociedade\/","og_locale":"pt_BR","og_type":"article","og_title":"Sonega\u00e7\u00e3o n\u00e3o pesa apenas no fiscal, mas em toda sociedade","og_description":"Marcelo Ara\u00fajo* Nesta virada de ano e de governo, entre as muitas not\u00edcias e atos, chama a aten\u00e7\u00e3o mais uma vez o destaque dispensado \u00e0 prorroga\u00e7\u00e3o da isen\u00e7\u00e3o, ou n\u00e3o, dos impostos sobre combust\u00edveis. O mesmo dilema de sempre divide os respons\u00e1veis pela pol\u00edtica e pela economia de qualquer governo: se estendida a isen\u00e7\u00e3o, reduz-se [&hellip;]","og_url":"https:\/\/agenciainfra.com\/blog\/sonegacao-nao-pesa-apenas-no-fiscal-mas-em-toda-sociedade\/","og_site_name":"Ag\u00eancia iNFRA","article_publisher":"https:\/\/www.facebook.com\/ageninfra","article_published_time":"2023-01-10T14:00:00+00:00","article_modified_time":"2023-01-10T14:34:43+00:00","og_image":[{"width":1280,"height":766,"url":"https:\/\/agenciainfra.com\/blog\/wp-content\/uploads\/2023\/01\/sonegometro-foto-marcello-casal-jr-agencia-brasil.jpeg","type":"image\/jpeg"}],"author":"Ag\u00eancia iNFRA","twitter_card":"summary_large_image","twitter_creator":"@agencia_infra","twitter_site":"@agencia_infra","twitter_misc":{"Escrito por":"Ag\u00eancia iNFRA","Est. tempo de leitura":"7 minutos"},"schema":{"@context":"https:\/\/schema.org","@graph":[{"@type":"Article","@id":"https:\/\/agenciainfra.com\/blog\/sonegacao-nao-pesa-apenas-no-fiscal-mas-em-toda-sociedade\/#article","isPartOf":{"@id":"https:\/\/agenciainfra.com\/blog\/sonegacao-nao-pesa-apenas-no-fiscal-mas-em-toda-sociedade\/"},"author":{"name":"Ag\u00eancia iNFRA","@id":"https:\/\/agenciainfra.com\/blog\/#\/schema\/person\/34af08dff6adea4cb22b06612ba7acfa"},"headline":"Sonega\u00e7\u00e3o n\u00e3o pesa apenas no fiscal, mas em toda sociedade","datePublished":"2023-01-10T14:00:00+00:00","dateModified":"2023-01-10T14:34:43+00:00","mainEntityOfPage":{"@id":"https:\/\/agenciainfra.com\/blog\/sonegacao-nao-pesa-apenas-no-fiscal-mas-em-toda-sociedade\/"},"wordCount":1341,"publisher":{"@id":"https:\/\/agenciainfra.com\/blog\/#organization"},"image":{"@id":"https:\/\/agenciainfra.com\/blog\/sonegacao-nao-pesa-apenas-no-fiscal-mas-em-toda-sociedade\/#primaryimage"},"thumbnailUrl":"https:\/\/agenciainfra.com\/blog\/wp-content\/uploads\/2023\/01\/sonegometro-foto-marcello-casal-jr-agencia-brasil.jpeg","keywords":["combust\u00edveis","etanol hidratado","fiesp","impostos","Jean Paul Prates","Lei 192\/2022","Marcelo Ara\u00fajo","mercados il\u00edcitos","simplifica\u00e7\u00e3o tribut\u00e1ria","sonega\u00e7\u00e3o"],"articleSection":["Geral"],"inLanguage":"pt-BR","copyrightYear":"2023","copyrightHolder":{"@id":"https:\/\/agenciainfra.com\/blog\/#organization"}},{"@type":"WebPage","@id":"https:\/\/agenciainfra.com\/blog\/sonegacao-nao-pesa-apenas-no-fiscal-mas-em-toda-sociedade\/","url":"https:\/\/agenciainfra.com\/blog\/sonegacao-nao-pesa-apenas-no-fiscal-mas-em-toda-sociedade\/","name":"Sonega\u00e7\u00e3o n\u00e3o pesa apenas no fiscal, mas em toda sociedade - Ag\u00eancia iNFRA","isPartOf":{"@id":"https:\/\/agenciainfra.com\/blog\/#website"},"primaryImageOfPage":{"@id":"https:\/\/agenciainfra.com\/blog\/sonegacao-nao-pesa-apenas-no-fiscal-mas-em-toda-sociedade\/#primaryimage"},"image":{"@id":"https:\/\/agenciainfra.com\/blog\/sonegacao-nao-pesa-apenas-no-fiscal-mas-em-toda-sociedade\/#primaryimage"},"thumbnailUrl":"https:\/\/agenciainfra.com\/blog\/wp-content\/uploads\/2023\/01\/sonegometro-foto-marcello-casal-jr-agencia-brasil.jpeg","datePublished":"2023-01-10T14:00:00+00:00","dateModified":"2023-01-10T14:34:43+00:00","breadcrumb":{"@id":"https:\/\/agenciainfra.com\/blog\/sonegacao-nao-pesa-apenas-no-fiscal-mas-em-toda-sociedade\/#breadcrumb"},"inLanguage":"pt-BR","potentialAction":[{"@type":"ReadAction","target":["https:\/\/agenciainfra.com\/blog\/sonegacao-nao-pesa-apenas-no-fiscal-mas-em-toda-sociedade\/"]}]},{"@type":"ImageObject","inLanguage":"pt-BR","@id":"https:\/\/agenciainfra.com\/blog\/sonegacao-nao-pesa-apenas-no-fiscal-mas-em-toda-sociedade\/#primaryimage","url":"https:\/\/agenciainfra.com\/blog\/wp-content\/uploads\/2023\/01\/sonegometro-foto-marcello-casal-jr-agencia-brasil.jpeg","contentUrl":"https:\/\/agenciainfra.com\/blog\/wp-content\/uploads\/2023\/01\/sonegometro-foto-marcello-casal-jr-agencia-brasil.jpeg","width":1280,"height":766,"caption":"Foto: Marcello Casal Jr.\/Ag\u00eancia Brasil"},{"@type":"BreadcrumbList","@id":"https:\/\/agenciainfra.com\/blog\/sonegacao-nao-pesa-apenas-no-fiscal-mas-em-toda-sociedade\/#breadcrumb","itemListElement":[{"@type":"ListItem","position":1,"name":"In\u00edcio","item":"https:\/\/agenciainfra.com\/blog\/"},{"@type":"ListItem","position":2,"name":"Sonega\u00e7\u00e3o n\u00e3o pesa apenas no fiscal, mas em toda sociedade"}]},{"@type":"WebSite","@id":"https:\/\/agenciainfra.com\/blog\/#website","url":"https:\/\/agenciainfra.com\/blog\/","name":"Ag\u00eancia iNFRA","description":"Multiplataforma de informa\u00e7\u00e3o jornal\u00edstica refer\u00eancia na \u00e1rea de infraestrutura no Brasil!","publisher":{"@id":"https:\/\/agenciainfra.com\/blog\/#organization"},"potentialAction":[{"@type":"SearchAction","target":{"@type":"EntryPoint","urlTemplate":"https:\/\/agenciainfra.com\/blog\/?s={search_term_string}"},"query-input":{"@type":"PropertyValueSpecification","valueRequired":true,"valueName":"search_term_string"}}],"inLanguage":"pt-BR"},{"@type":"Organization","@id":"https:\/\/agenciainfra.com\/blog\/#organization","name":"Ag\u00eancia iNFRA","url":"https:\/\/agenciainfra.com\/blog\/","logo":{"@type":"ImageObject","inLanguage":"pt-BR","@id":"https:\/\/agenciainfra.com\/blog\/#\/schema\/logo\/image\/","url":"https:\/\/agenciainfra.com\/blog\/wp-content\/uploads\/2023\/09\/iNFRA_5-e1761735885940.png","contentUrl":"https:\/\/agenciainfra.com\/blog\/wp-content\/uploads\/2023\/09\/iNFRA_5-e1761735885940.png","width":1672,"height":454,"caption":"Ag\u00eancia iNFRA"},"image":{"@id":"https:\/\/agenciainfra.com\/blog\/#\/schema\/logo\/image\/"},"sameAs":["https:\/\/www.facebook.com\/ageninfra","https:\/\/x.com\/agencia_infra","https:\/\/www.linkedin.com\/company\/ag\u00eanciainfra\/","https:\/\/www.instagram.com\/agenciainfra\/"]},{"@type":"Person","@id":"https:\/\/agenciainfra.com\/blog\/#\/schema\/person\/34af08dff6adea4cb22b06612ba7acfa","name":"Ag\u00eancia iNFRA","image":{"@type":"ImageObject","inLanguage":"pt-BR","@id":"https:\/\/agenciainfra.com\/blog\/#\/schema\/person\/image\/","url":"https:\/\/secure.gravatar.com\/avatar\/d189e01678f06d8eb84d4e01f08eb848b3fffe3f8443818d3c356c66892f5be8?s=96&d=mm&r=g","contentUrl":"https:\/\/secure.gravatar.com\/avatar\/d189e01678f06d8eb84d4e01f08eb848b3fffe3f8443818d3c356c66892f5be8?s=96&d=mm&r=g","caption":"Ag\u00eancia iNFRA"},"url":"https:\/\/agenciainfra.com\/blog\/author\/admin\/"}]}},"_links":{"self":[{"href":"https:\/\/agenciainfra.com\/blog\/wp-json\/wp\/v2\/posts\/12007","targetHints":{"allow":["GET"]}}],"collection":[{"href":"https:\/\/agenciainfra.com\/blog\/wp-json\/wp\/v2\/posts"}],"about":[{"href":"https:\/\/agenciainfra.com\/blog\/wp-json\/wp\/v2\/types\/post"}],"author":[{"embeddable":true,"href":"https:\/\/agenciainfra.com\/blog\/wp-json\/wp\/v2\/users\/1"}],"replies":[{"embeddable":true,"href":"https:\/\/agenciainfra.com\/blog\/wp-json\/wp\/v2\/comments?post=12007"}],"version-history":[{"count":0,"href":"https:\/\/agenciainfra.com\/blog\/wp-json\/wp\/v2\/posts\/12007\/revisions"}],"wp:featuredmedia":[{"embeddable":true,"href":"https:\/\/agenciainfra.com\/blog\/wp-json\/wp\/v2\/media\/12008"}],"wp:attachment":[{"href":"https:\/\/agenciainfra.com\/blog\/wp-json\/wp\/v2\/media?parent=12007"}],"wp:term":[{"taxonomy":"category","embeddable":true,"href":"https:\/\/agenciainfra.com\/blog\/wp-json\/wp\/v2\/categories?post=12007"},{"taxonomy":"post_tag","embeddable":true,"href":"https:\/\/agenciainfra.com\/blog\/wp-json\/wp\/v2\/tags?post=12007"}],"curies":[{"name":"wp","href":"https:\/\/api.w.org\/{rel}","templated":true}]}}