{"id":12016,"date":"2023-01-11T18:11:53","date_gmt":"2023-01-11T21:11:53","guid":{"rendered":"https:\/\/www.agenciainfra.com\/blog\/?p=12016"},"modified":"2023-01-11T18:11:57","modified_gmt":"2023-01-11T21:11:57","slug":"bruno-eustaquio-deve-ser-o-numero-2-no-mme-barral-e-gentil-tambem-podem-assumir-secretarias-na-pasta","status":"publish","type":"post","link":"https:\/\/agenciainfra.com\/blog\/bruno-eustaquio-deve-ser-o-numero-2-no-mme-barral-e-gentil-tambem-podem-assumir-secretarias-na-pasta\/","title":{"rendered":"Bruno Eust\u00e1quio deve ser o n\u00famero 2 no MME; Barral e Gentil tamb\u00e9m podem assumir secretarias na pasta"},"content":{"rendered":"\n<p class=\"has-text-align-right\"><strong>Leila Coimbra, da Ag\u00eancia iNFRA<\/strong><\/p>\n\n\n\n<p>Bruno Eust\u00e1quio deve ser nomeado em breve para o cargo de secret\u00e1rio-executivo no Minist\u00e9rio de Minas e Energia, disseram fontes. A publica\u00e7\u00e3o no Di\u00e1rio Oficial da Uni\u00e3o pode sair ainda nesta semana<br><br>Eust\u00e1quio \u00e9 ex-secret\u00e1rio-executivo adjunto de Minas e Energia, e ex-secret\u00e1rio-executivo do Minist\u00e9rio da Infraestrutura. Formado pela UFMG (Universidade Federal de Minas Gerais), do estado do ministro de Minas e Energia, Alexandre Silveira, \u00e9 servidor com carreira na \u00e1rea de infraestrutura, com passagem por v\u00e1rios minist\u00e9rios e Presid\u00eancia da Rep\u00fablica, em v\u00e1rios governos.&nbsp;<br><br>A escolha do ministro para o cargo j\u00e1 vinha sendo ventilada nos bastidores h\u00e1 alguns dias, e o nome tem o apoio do setor. Deve ser bem recebido pelo mercado, se oficializado, disseram os agentes consultados. Mas tem recebido cr\u00edticas de sindicalistas e integrantes de alas mais \u00e0 esquerda do PT.<br><br><strong>Outras secretarias<\/strong><br>O ministro Silveira tamb\u00e9m j\u00e1 teria se decidido por outros dois nomes para o MME: o presidente da EPE (Empresa de Pesquisa Energ\u00e9tica), Thiago Barral, para a Secretaria de Planejamento Energ\u00e9tico; e o superintendente da ANEEL (Ag\u00eancia Nacional de Energia El\u00e9trica), Gentil Nogueira de S\u00e1, para a Secretaria de Energia El\u00e9trica.<br><br>Esses dois cargos exigem um perfil mais t\u00e9cnico. Barral e Gentil cumprem os requisitos e tamb\u00e9m dever\u00e3o agradar ao setor, segundo executivos consultados pela&nbsp;<strong>Ag\u00eancia iNFRA<\/strong>.<br><br><strong>Vaga na EPE<\/strong><br>J\u00e1 a EPE est\u00e1 sem indica\u00e7\u00e3o para o seu comando. Cogitava-se, anteriormente, que o coordenador da \u00e1rea de energia do gabinete de transi\u00e7\u00e3o, Maur\u00edcio Tolmasquim, assumiria a estatal de planejamento. Tolmasquim foi o primeiro presidente da empresa, assim que ela foi criada, em 2005, no primeiro mandato de Lula. E ficou por 11 anos no cargo, at\u00e9 2016.<br><br>Agora, diz-se que o professor Maur\u00edcio n\u00e3o retornar\u00e1 \u00e0 EPE, mas dever\u00e1 assumir uma outra fun\u00e7\u00e3o no governo. N\u00e3o disseram qual seria.<br><br><strong>Press\u00f5es pol\u00edticas<\/strong><br>Existe press\u00e3o pol\u00edtica para que ocorram indica\u00e7\u00f5es n\u00e3o-t\u00e9cnicas para o segundo escal\u00e3o do Minist\u00e9rio de Minas e Energia, como o ex-deputado federal Marcelo Ramos, do Amazonas. O PSD, partido do ministro, gostaria de acomodar Ramos, que defendeu pautas do setor el\u00e9trico na C\u00e2mara e est\u00e1 sem mandato, j\u00e1 que n\u00e3o conseguiu a reelei\u00e7\u00e3o.&nbsp;<br><br>Mas Silveira tem dito a interlocutores que precisa de um secretariado t\u00e9cnico, uma vez que ele pr\u00f3prio n\u00e3o possui intimidade com os setores de energia e minera\u00e7\u00e3o.<\/p>\n","protected":false},"excerpt":{"rendered":"<p>Leila Coimbra, da Ag\u00eancia iNFRA Bruno Eust\u00e1quio deve ser nomeado em breve para o cargo de secret\u00e1rio-executivo no Minist\u00e9rio de Minas e Energia, disseram fontes. A publica\u00e7\u00e3o no Di\u00e1rio Oficial da Uni\u00e3o pode sair ainda nesta semana Eust\u00e1quio \u00e9 ex-secret\u00e1rio-executivo adjunto de Minas e Energia, e ex-secret\u00e1rio-executivo do Minist\u00e9rio da Infraestrutura. Formado pela UFMG (Universidade [&hellip;]<\/p>\n","protected":false},"author":1,"featured_media":12017,"comment_status":"closed","ping_status":"closed","sticky":false,"template":"","format":"standard","meta":{"_monsterinsights_skip_tracking":false,"_monsterinsights_sitenote_active":false,"_monsterinsights_sitenote_note":"","_monsterinsights_sitenote_category":0,"footnotes":""},"categories":[1,10],"tags":[6040,1149,1067,12,6271,2709,5817,96,1807,6272,1068],"class_list":["post-12016","post","type-post","status-publish","format-standard","has-post-thumbnail","hentry","category-geral","category-infraenergia","tag-alexandre-silveira","tag-bruno-eustaquio","tag-empresa-de-pesquisa-energetica","tag-epe","tag-gentil-nogueira-de-sa","tag-marcelo-ramos","tag-mauricio-tolmasquim","tag-ministerio-de-minas-e-energia","tag-secretaria-de-energia-eletrica","tag-secretaria-de-planejamento-energetico","tag-thiago-barral"],"yoast_head":"<!-- This site is optimized with the Yoast SEO Premium plugin v25.4 (Yoast SEO v26.0) - https:\/\/yoast.com\/wordpress\/plugins\/seo\/ -->\n<title>Bruno Eust\u00e1quio deve ser o n\u00famero 2 no MME; Barral e Gentil tamb\u00e9m podem assumir secretarias na pasta - Ag\u00eancia iNFRA<\/title>\n<meta name=\"robots\" content=\"index, follow, max-snippet:-1, max-image-preview:large, max-video-preview:-1\" \/>\n<link rel=\"canonical\" href=\"https:\/\/agenciainfra.com\/blog\/bruno-eustaquio-deve-ser-o-numero-2-no-mme-barral-e-gentil-tambem-podem-assumir-secretarias-na-pasta\/\" \/>\n<meta property=\"og:locale\" content=\"pt_BR\" \/>\n<meta property=\"og:type\" content=\"article\" \/>\n<meta property=\"og:title\" content=\"Bruno Eust\u00e1quio deve ser o n\u00famero 2 no MME; Barral e Gentil tamb\u00e9m podem assumir secretarias na pasta\" \/>\n<meta property=\"og:description\" content=\"Leila Coimbra, da Ag\u00eancia iNFRA Bruno Eust\u00e1quio deve ser nomeado em breve para o cargo de secret\u00e1rio-executivo no Minist\u00e9rio de Minas e Energia, disseram fontes. A publica\u00e7\u00e3o no Di\u00e1rio Oficial da Uni\u00e3o pode sair ainda nesta semana Eust\u00e1quio \u00e9 ex-secret\u00e1rio-executivo adjunto de Minas e Energia, e ex-secret\u00e1rio-executivo do Minist\u00e9rio da Infraestrutura. Formado pela UFMG (Universidade [&hellip;]\" \/>\n<meta property=\"og:url\" content=\"https:\/\/agenciainfra.com\/blog\/bruno-eustaquio-deve-ser-o-numero-2-no-mme-barral-e-gentil-tambem-podem-assumir-secretarias-na-pasta\/\" \/>\n<meta property=\"og:site_name\" content=\"Ag\u00eancia iNFRA\" \/>\n<meta property=\"article:publisher\" content=\"https:\/\/www.facebook.com\/ageninfra\" \/>\n<meta property=\"article:published_time\" content=\"2023-01-11T21:11:53+00:00\" \/>\n<meta property=\"article:modified_time\" content=\"2023-01-11T21:11:57+00:00\" \/>\n<meta property=\"og:image\" content=\"https:\/\/agenciainfra.com\/blog\/wp-content\/uploads\/2023\/01\/bruno-eustaquio-foto-saulo-cruz-mme.jpeg\" \/>\n\t<meta property=\"og:image:width\" content=\"1280\" \/>\n\t<meta property=\"og:image:height\" content=\"853\" \/>\n\t<meta property=\"og:image:type\" content=\"image\/jpeg\" \/>\n<meta name=\"author\" content=\"Ag\u00eancia iNFRA\" \/>\n<meta name=\"twitter:card\" content=\"summary_large_image\" \/>\n<meta name=\"twitter:creator\" content=\"@agencia_infra\" \/>\n<meta name=\"twitter:site\" content=\"@agencia_infra\" \/>\n<meta name=\"twitter:label1\" content=\"Escrito por\" \/>\n\t<meta name=\"twitter:data1\" content=\"Ag\u00eancia iNFRA\" \/>\n\t<meta name=\"twitter:label2\" content=\"Est. tempo de leitura\" \/>\n\t<meta name=\"twitter:data2\" content=\"2 minutos\" \/>\n<script type=\"application\/ld+json\" class=\"yoast-schema-graph\">{\"@context\":\"https:\/\/schema.org\",\"@graph\":[{\"@type\":\"Article\",\"@id\":\"https:\/\/agenciainfra.com\/blog\/bruno-eustaquio-deve-ser-o-numero-2-no-mme-barral-e-gentil-tambem-podem-assumir-secretarias-na-pasta\/#article\",\"isPartOf\":{\"@id\":\"https:\/\/agenciainfra.com\/blog\/bruno-eustaquio-deve-ser-o-numero-2-no-mme-barral-e-gentil-tambem-podem-assumir-secretarias-na-pasta\/\"},\"author\":{\"name\":\"Ag\u00eancia iNFRA\",\"@id\":\"https:\/\/agenciainfra.com\/blog\/#\/schema\/person\/34af08dff6adea4cb22b06612ba7acfa\"},\"headline\":\"Bruno Eust\u00e1quio deve ser o n\u00famero 2 no MME; Barral e Gentil tamb\u00e9m podem assumir secretarias na pasta\",\"datePublished\":\"2023-01-11T21:11:53+00:00\",\"dateModified\":\"2023-01-11T21:11:57+00:00\",\"mainEntityOfPage\":{\"@id\":\"https:\/\/agenciainfra.com\/blog\/bruno-eustaquio-deve-ser-o-numero-2-no-mme-barral-e-gentil-tambem-podem-assumir-secretarias-na-pasta\/\"},\"wordCount\":451,\"publisher\":{\"@id\":\"https:\/\/agenciainfra.com\/blog\/#organization\"},\"image\":{\"@id\":\"https:\/\/agenciainfra.com\/blog\/bruno-eustaquio-deve-ser-o-numero-2-no-mme-barral-e-gentil-tambem-podem-assumir-secretarias-na-pasta\/#primaryimage\"},\"thumbnailUrl\":\"https:\/\/agenciainfra.com\/blog\/wp-content\/uploads\/2023\/01\/bruno-eustaquio-foto-saulo-cruz-mme.jpeg\",\"keywords\":[\"Alexandre Silveira\",\"Bruno Eust\u00e1quio\",\"Empresa de Pesquisa Energ\u00e9tica\",\"epe\",\"Gentil Nogueira de S\u00e1\",\"Marcelo Ramos\",\"Maur\u00edcio Tolmasquim\",\"Minist\u00e9rio de Minas e Energia\",\"Secretaria de Energia El\u00e9trica\",\"Secretaria de Planejamento Energ\u00e9tico\",\"Thiago Barral\"],\"articleSection\":[\"Geral\",\"iNFRAEnergia\"],\"inLanguage\":\"pt-BR\",\"copyrightYear\":\"2023\",\"copyrightHolder\":{\"@id\":\"https:\/\/agenciainfra.com\/blog\/#organization\"}},{\"@type\":\"WebPage\",\"@id\":\"https:\/\/agenciainfra.com\/blog\/bruno-eustaquio-deve-ser-o-numero-2-no-mme-barral-e-gentil-tambem-podem-assumir-secretarias-na-pasta\/\",\"url\":\"https:\/\/agenciainfra.com\/blog\/bruno-eustaquio-deve-ser-o-numero-2-no-mme-barral-e-gentil-tambem-podem-assumir-secretarias-na-pasta\/\",\"name\":\"Bruno Eust\u00e1quio deve ser o n\u00famero 2 no MME; Barral e Gentil tamb\u00e9m podem assumir secretarias na pasta - Ag\u00eancia iNFRA\",\"isPartOf\":{\"@id\":\"https:\/\/agenciainfra.com\/blog\/#website\"},\"primaryImageOfPage\":{\"@id\":\"https:\/\/agenciainfra.com\/blog\/bruno-eustaquio-deve-ser-o-numero-2-no-mme-barral-e-gentil-tambem-podem-assumir-secretarias-na-pasta\/#primaryimage\"},\"image\":{\"@id\":\"https:\/\/agenciainfra.com\/blog\/bruno-eustaquio-deve-ser-o-numero-2-no-mme-barral-e-gentil-tambem-podem-assumir-secretarias-na-pasta\/#primaryimage\"},\"thumbnailUrl\":\"https:\/\/agenciainfra.com\/blog\/wp-content\/uploads\/2023\/01\/bruno-eustaquio-foto-saulo-cruz-mme.jpeg\",\"datePublished\":\"2023-01-11T21:11:53+00:00\",\"dateModified\":\"2023-01-11T21:11:57+00:00\",\"breadcrumb\":{\"@id\":\"https:\/\/agenciainfra.com\/blog\/bruno-eustaquio-deve-ser-o-numero-2-no-mme-barral-e-gentil-tambem-podem-assumir-secretarias-na-pasta\/#breadcrumb\"},\"inLanguage\":\"pt-BR\",\"potentialAction\":[{\"@type\":\"ReadAction\",\"target\":[\"https:\/\/agenciainfra.com\/blog\/bruno-eustaquio-deve-ser-o-numero-2-no-mme-barral-e-gentil-tambem-podem-assumir-secretarias-na-pasta\/\"]}]},{\"@type\":\"ImageObject\",\"inLanguage\":\"pt-BR\",\"@id\":\"https:\/\/agenciainfra.com\/blog\/bruno-eustaquio-deve-ser-o-numero-2-no-mme-barral-e-gentil-tambem-podem-assumir-secretarias-na-pasta\/#primaryimage\",\"url\":\"https:\/\/agenciainfra.com\/blog\/wp-content\/uploads\/2023\/01\/bruno-eustaquio-foto-saulo-cruz-mme.jpeg\",\"contentUrl\":\"https:\/\/agenciainfra.com\/blog\/wp-content\/uploads\/2023\/01\/bruno-eustaquio-foto-saulo-cruz-mme.jpeg\",\"width\":1280,\"height\":853},{\"@type\":\"BreadcrumbList\",\"@id\":\"https:\/\/agenciainfra.com\/blog\/bruno-eustaquio-deve-ser-o-numero-2-no-mme-barral-e-gentil-tambem-podem-assumir-secretarias-na-pasta\/#breadcrumb\",\"itemListElement\":[{\"@type\":\"ListItem\",\"position\":1,\"name\":\"In\u00edcio\",\"item\":\"https:\/\/agenciainfra.com\/blog\/\"},{\"@type\":\"ListItem\",\"position\":2,\"name\":\"Bruno Eust\u00e1quio deve ser o n\u00famero 2 no MME; Barral e Gentil tamb\u00e9m podem assumir secretarias na pasta\"}]},{\"@type\":\"WebSite\",\"@id\":\"https:\/\/agenciainfra.com\/blog\/#website\",\"url\":\"https:\/\/agenciainfra.com\/blog\/\",\"name\":\"Ag\u00eancia iNFRA\",\"description\":\"Multiplataforma de informa\u00e7\u00e3o jornal\u00edstica refer\u00eancia na \u00e1rea de infraestrutura no Brasil!\",\"publisher\":{\"@id\":\"https:\/\/agenciainfra.com\/blog\/#organization\"},\"potentialAction\":[{\"@type\":\"SearchAction\",\"target\":{\"@type\":\"EntryPoint\",\"urlTemplate\":\"https:\/\/agenciainfra.com\/blog\/?s={search_term_string}\"},\"query-input\":{\"@type\":\"PropertyValueSpecification\",\"valueRequired\":true,\"valueName\":\"search_term_string\"}}],\"inLanguage\":\"pt-BR\"},{\"@type\":\"Organization\",\"@id\":\"https:\/\/agenciainfra.com\/blog\/#organization\",\"name\":\"Ag\u00eancia iNFRA\",\"url\":\"https:\/\/agenciainfra.com\/blog\/\",\"logo\":{\"@type\":\"ImageObject\",\"inLanguage\":\"pt-BR\",\"@id\":\"https:\/\/agenciainfra.com\/blog\/#\/schema\/logo\/image\/\",\"url\":\"https:\/\/agenciainfra.com\/blog\/wp-content\/uploads\/2023\/09\/iNFRA_5-e1761735885940.png\",\"contentUrl\":\"https:\/\/agenciainfra.com\/blog\/wp-content\/uploads\/2023\/09\/iNFRA_5-e1761735885940.png\",\"width\":1672,\"height\":454,\"caption\":\"Ag\u00eancia iNFRA\"},\"image\":{\"@id\":\"https:\/\/agenciainfra.com\/blog\/#\/schema\/logo\/image\/\"},\"sameAs\":[\"https:\/\/www.facebook.com\/ageninfra\",\"https:\/\/x.com\/agencia_infra\",\"https:\/\/www.linkedin.com\/company\/ag\u00eanciainfra\/\",\"https:\/\/www.instagram.com\/agenciainfra\/\"]},{\"@type\":\"Person\",\"@id\":\"https:\/\/agenciainfra.com\/blog\/#\/schema\/person\/34af08dff6adea4cb22b06612ba7acfa\",\"name\":\"Ag\u00eancia iNFRA\",\"image\":{\"@type\":\"ImageObject\",\"inLanguage\":\"pt-BR\",\"@id\":\"https:\/\/agenciainfra.com\/blog\/#\/schema\/person\/image\/\",\"url\":\"https:\/\/secure.gravatar.com\/avatar\/d189e01678f06d8eb84d4e01f08eb848b3fffe3f8443818d3c356c66892f5be8?s=96&d=mm&r=g\",\"contentUrl\":\"https:\/\/secure.gravatar.com\/avatar\/d189e01678f06d8eb84d4e01f08eb848b3fffe3f8443818d3c356c66892f5be8?s=96&d=mm&r=g\",\"caption\":\"Ag\u00eancia iNFRA\"},\"url\":\"https:\/\/agenciainfra.com\/blog\/author\/admin\/\"}]}<\/script>\n<!-- \/ Yoast SEO Premium plugin. -->","yoast_head_json":{"title":"Bruno Eust\u00e1quio deve ser o n\u00famero 2 no MME; Barral e Gentil tamb\u00e9m podem assumir secretarias na pasta - Ag\u00eancia iNFRA","robots":{"index":"index","follow":"follow","max-snippet":"max-snippet:-1","max-image-preview":"max-image-preview:large","max-video-preview":"max-video-preview:-1"},"canonical":"https:\/\/agenciainfra.com\/blog\/bruno-eustaquio-deve-ser-o-numero-2-no-mme-barral-e-gentil-tambem-podem-assumir-secretarias-na-pasta\/","og_locale":"pt_BR","og_type":"article","og_title":"Bruno Eust\u00e1quio deve ser o n\u00famero 2 no MME; Barral e Gentil tamb\u00e9m podem assumir secretarias na pasta","og_description":"Leila Coimbra, da Ag\u00eancia iNFRA Bruno Eust\u00e1quio deve ser nomeado em breve para o cargo de secret\u00e1rio-executivo no Minist\u00e9rio de Minas e Energia, disseram fontes. A publica\u00e7\u00e3o no Di\u00e1rio Oficial da Uni\u00e3o pode sair ainda nesta semana Eust\u00e1quio \u00e9 ex-secret\u00e1rio-executivo adjunto de Minas e Energia, e ex-secret\u00e1rio-executivo do Minist\u00e9rio da Infraestrutura. Formado pela UFMG (Universidade [&hellip;]","og_url":"https:\/\/agenciainfra.com\/blog\/bruno-eustaquio-deve-ser-o-numero-2-no-mme-barral-e-gentil-tambem-podem-assumir-secretarias-na-pasta\/","og_site_name":"Ag\u00eancia iNFRA","article_publisher":"https:\/\/www.facebook.com\/ageninfra","article_published_time":"2023-01-11T21:11:53+00:00","article_modified_time":"2023-01-11T21:11:57+00:00","og_image":[{"width":1280,"height":853,"url":"https:\/\/agenciainfra.com\/blog\/wp-content\/uploads\/2023\/01\/bruno-eustaquio-foto-saulo-cruz-mme.jpeg","type":"image\/jpeg"}],"author":"Ag\u00eancia iNFRA","twitter_card":"summary_large_image","twitter_creator":"@agencia_infra","twitter_site":"@agencia_infra","twitter_misc":{"Escrito por":"Ag\u00eancia iNFRA","Est. tempo de leitura":"2 minutos"},"schema":{"@context":"https:\/\/schema.org","@graph":[{"@type":"Article","@id":"https:\/\/agenciainfra.com\/blog\/bruno-eustaquio-deve-ser-o-numero-2-no-mme-barral-e-gentil-tambem-podem-assumir-secretarias-na-pasta\/#article","isPartOf":{"@id":"https:\/\/agenciainfra.com\/blog\/bruno-eustaquio-deve-ser-o-numero-2-no-mme-barral-e-gentil-tambem-podem-assumir-secretarias-na-pasta\/"},"author":{"name":"Ag\u00eancia iNFRA","@id":"https:\/\/agenciainfra.com\/blog\/#\/schema\/person\/34af08dff6adea4cb22b06612ba7acfa"},"headline":"Bruno Eust\u00e1quio deve ser o n\u00famero 2 no MME; Barral e Gentil tamb\u00e9m podem assumir secretarias na pasta","datePublished":"2023-01-11T21:11:53+00:00","dateModified":"2023-01-11T21:11:57+00:00","mainEntityOfPage":{"@id":"https:\/\/agenciainfra.com\/blog\/bruno-eustaquio-deve-ser-o-numero-2-no-mme-barral-e-gentil-tambem-podem-assumir-secretarias-na-pasta\/"},"wordCount":451,"publisher":{"@id":"https:\/\/agenciainfra.com\/blog\/#organization"},"image":{"@id":"https:\/\/agenciainfra.com\/blog\/bruno-eustaquio-deve-ser-o-numero-2-no-mme-barral-e-gentil-tambem-podem-assumir-secretarias-na-pasta\/#primaryimage"},"thumbnailUrl":"https:\/\/agenciainfra.com\/blog\/wp-content\/uploads\/2023\/01\/bruno-eustaquio-foto-saulo-cruz-mme.jpeg","keywords":["Alexandre Silveira","Bruno Eust\u00e1quio","Empresa de Pesquisa Energ\u00e9tica","epe","Gentil Nogueira de S\u00e1","Marcelo Ramos","Maur\u00edcio Tolmasquim","Minist\u00e9rio de Minas e Energia","Secretaria de Energia El\u00e9trica","Secretaria de Planejamento Energ\u00e9tico","Thiago Barral"],"articleSection":["Geral","iNFRAEnergia"],"inLanguage":"pt-BR","copyrightYear":"2023","copyrightHolder":{"@id":"https:\/\/agenciainfra.com\/blog\/#organization"}},{"@type":"WebPage","@id":"https:\/\/agenciainfra.com\/blog\/bruno-eustaquio-deve-ser-o-numero-2-no-mme-barral-e-gentil-tambem-podem-assumir-secretarias-na-pasta\/","url":"https:\/\/agenciainfra.com\/blog\/bruno-eustaquio-deve-ser-o-numero-2-no-mme-barral-e-gentil-tambem-podem-assumir-secretarias-na-pasta\/","name":"Bruno Eust\u00e1quio deve ser o n\u00famero 2 no MME; Barral e Gentil tamb\u00e9m podem assumir secretarias na pasta - Ag\u00eancia iNFRA","isPartOf":{"@id":"https:\/\/agenciainfra.com\/blog\/#website"},"primaryImageOfPage":{"@id":"https:\/\/agenciainfra.com\/blog\/bruno-eustaquio-deve-ser-o-numero-2-no-mme-barral-e-gentil-tambem-podem-assumir-secretarias-na-pasta\/#primaryimage"},"image":{"@id":"https:\/\/agenciainfra.com\/blog\/bruno-eustaquio-deve-ser-o-numero-2-no-mme-barral-e-gentil-tambem-podem-assumir-secretarias-na-pasta\/#primaryimage"},"thumbnailUrl":"https:\/\/agenciainfra.com\/blog\/wp-content\/uploads\/2023\/01\/bruno-eustaquio-foto-saulo-cruz-mme.jpeg","datePublished":"2023-01-11T21:11:53+00:00","dateModified":"2023-01-11T21:11:57+00:00","breadcrumb":{"@id":"https:\/\/agenciainfra.com\/blog\/bruno-eustaquio-deve-ser-o-numero-2-no-mme-barral-e-gentil-tambem-podem-assumir-secretarias-na-pasta\/#breadcrumb"},"inLanguage":"pt-BR","potentialAction":[{"@type":"ReadAction","target":["https:\/\/agenciainfra.com\/blog\/bruno-eustaquio-deve-ser-o-numero-2-no-mme-barral-e-gentil-tambem-podem-assumir-secretarias-na-pasta\/"]}]},{"@type":"ImageObject","inLanguage":"pt-BR","@id":"https:\/\/agenciainfra.com\/blog\/bruno-eustaquio-deve-ser-o-numero-2-no-mme-barral-e-gentil-tambem-podem-assumir-secretarias-na-pasta\/#primaryimage","url":"https:\/\/agenciainfra.com\/blog\/wp-content\/uploads\/2023\/01\/bruno-eustaquio-foto-saulo-cruz-mme.jpeg","contentUrl":"https:\/\/agenciainfra.com\/blog\/wp-content\/uploads\/2023\/01\/bruno-eustaquio-foto-saulo-cruz-mme.jpeg","width":1280,"height":853},{"@type":"BreadcrumbList","@id":"https:\/\/agenciainfra.com\/blog\/bruno-eustaquio-deve-ser-o-numero-2-no-mme-barral-e-gentil-tambem-podem-assumir-secretarias-na-pasta\/#breadcrumb","itemListElement":[{"@type":"ListItem","position":1,"name":"In\u00edcio","item":"https:\/\/agenciainfra.com\/blog\/"},{"@type":"ListItem","position":2,"name":"Bruno Eust\u00e1quio deve ser o n\u00famero 2 no MME; Barral e Gentil tamb\u00e9m podem assumir secretarias na pasta"}]},{"@type":"WebSite","@id":"https:\/\/agenciainfra.com\/blog\/#website","url":"https:\/\/agenciainfra.com\/blog\/","name":"Ag\u00eancia iNFRA","description":"Multiplataforma de informa\u00e7\u00e3o jornal\u00edstica refer\u00eancia na \u00e1rea de infraestrutura no Brasil!","publisher":{"@id":"https:\/\/agenciainfra.com\/blog\/#organization"},"potentialAction":[{"@type":"SearchAction","target":{"@type":"EntryPoint","urlTemplate":"https:\/\/agenciainfra.com\/blog\/?s={search_term_string}"},"query-input":{"@type":"PropertyValueSpecification","valueRequired":true,"valueName":"search_term_string"}}],"inLanguage":"pt-BR"},{"@type":"Organization","@id":"https:\/\/agenciainfra.com\/blog\/#organization","name":"Ag\u00eancia iNFRA","url":"https:\/\/agenciainfra.com\/blog\/","logo":{"@type":"ImageObject","inLanguage":"pt-BR","@id":"https:\/\/agenciainfra.com\/blog\/#\/schema\/logo\/image\/","url":"https:\/\/agenciainfra.com\/blog\/wp-content\/uploads\/2023\/09\/iNFRA_5-e1761735885940.png","contentUrl":"https:\/\/agenciainfra.com\/blog\/wp-content\/uploads\/2023\/09\/iNFRA_5-e1761735885940.png","width":1672,"height":454,"caption":"Ag\u00eancia iNFRA"},"image":{"@id":"https:\/\/agenciainfra.com\/blog\/#\/schema\/logo\/image\/"},"sameAs":["https:\/\/www.facebook.com\/ageninfra","https:\/\/x.com\/agencia_infra","https:\/\/www.linkedin.com\/company\/ag\u00eanciainfra\/","https:\/\/www.instagram.com\/agenciainfra\/"]},{"@type":"Person","@id":"https:\/\/agenciainfra.com\/blog\/#\/schema\/person\/34af08dff6adea4cb22b06612ba7acfa","name":"Ag\u00eancia iNFRA","image":{"@type":"ImageObject","inLanguage":"pt-BR","@id":"https:\/\/agenciainfra.com\/blog\/#\/schema\/person\/image\/","url":"https:\/\/secure.gravatar.com\/avatar\/d189e01678f06d8eb84d4e01f08eb848b3fffe3f8443818d3c356c66892f5be8?s=96&d=mm&r=g","contentUrl":"https:\/\/secure.gravatar.com\/avatar\/d189e01678f06d8eb84d4e01f08eb848b3fffe3f8443818d3c356c66892f5be8?s=96&d=mm&r=g","caption":"Ag\u00eancia iNFRA"},"url":"https:\/\/agenciainfra.com\/blog\/author\/admin\/"}]}},"_links":{"self":[{"href":"https:\/\/agenciainfra.com\/blog\/wp-json\/wp\/v2\/posts\/12016","targetHints":{"allow":["GET"]}}],"collection":[{"href":"https:\/\/agenciainfra.com\/blog\/wp-json\/wp\/v2\/posts"}],"about":[{"href":"https:\/\/agenciainfra.com\/blog\/wp-json\/wp\/v2\/types\/post"}],"author":[{"embeddable":true,"href":"https:\/\/agenciainfra.com\/blog\/wp-json\/wp\/v2\/users\/1"}],"replies":[{"embeddable":true,"href":"https:\/\/agenciainfra.com\/blog\/wp-json\/wp\/v2\/comments?post=12016"}],"version-history":[{"count":0,"href":"https:\/\/agenciainfra.com\/blog\/wp-json\/wp\/v2\/posts\/12016\/revisions"}],"wp:featuredmedia":[{"embeddable":true,"href":"https:\/\/agenciainfra.com\/blog\/wp-json\/wp\/v2\/media\/12017"}],"wp:attachment":[{"href":"https:\/\/agenciainfra.com\/blog\/wp-json\/wp\/v2\/media?parent=12016"}],"wp:term":[{"taxonomy":"category","embeddable":true,"href":"https:\/\/agenciainfra.com\/blog\/wp-json\/wp\/v2\/categories?post=12016"},{"taxonomy":"post_tag","embeddable":true,"href":"https:\/\/agenciainfra.com\/blog\/wp-json\/wp\/v2\/tags?post=12016"}],"curies":[{"name":"wp","href":"https:\/\/api.w.org\/{rel}","templated":true}]}}