{"id":12021,"date":"2023-01-12T11:00:00","date_gmt":"2023-01-12T14:00:00","guid":{"rendered":"https:\/\/www.agenciainfra.com\/blog\/?p=12021"},"modified":"2023-01-11T18:56:13","modified_gmt":"2023-01-11T21:56:13","slug":"infradebate-o-maior-descumprimento-do-novo-marco-legal-do-saneamento-o-caso-da-regionalizacao-do-estado-da-paraiba","status":"publish","type":"post","link":"https:\/\/agenciainfra.com\/blog\/infradebate-o-maior-descumprimento-do-novo-marco-legal-do-saneamento-o-caso-da-regionalizacao-do-estado-da-paraiba\/","title":{"rendered":"iNFRADebate: O maior descumprimento do novo Marco Legal do Saneamento \u2013\u00a0o caso da regionaliza\u00e7\u00e3o do estado da Para\u00edba"},"content":{"rendered":"\n<p class=\"has-text-align-right\"><strong>Mauricio Portugal Ribeiro<\/strong>*<sup>1<\/sup><\/p>\n\n\n\n<p>Enquanto mostramos ao novo governo federal a conveni\u00eancia de manter regras importantes do novo Marco Legal do Saneamento, particularmente ap\u00f3s a publica\u00e7\u00e3o de decretos que emitiram sinais confusos sobre o que pretende fazer com essas normas, h\u00e1 outras amea\u00e7as \u00e0 integridade do novo Marco Legal do Saneamento igualmente preocupantes e que precisam ser coibidas.\u00a0<\/p>\n\n\n\n<p>Refiro-me aos descumprimentos em massa do novo Marco Legal do Saneamento perpetrados sem alarde desde meados de 2021 pelo processo de regionaliza\u00e7\u00e3o do estado da Para\u00edba, que pretende evitar licita\u00e7\u00f5es para contrata\u00e7\u00e3o de novas concess\u00f5es do servi\u00e7o por meio da institucionaliza\u00e7\u00e3o da Cagepa (Companhia de \u00c1gua e Esgotos da Para\u00edba), a companhia estadual de saneamento do Estado, como \u00fanica prestadora dos servi\u00e7os de saneamento em 223 munic\u00edpios do estado at\u00e9 o ano de 2055.\u00a0<\/p>\n\n\n\n<p>Trata-se de um superlativo descumprimento do novo Marco Legal do Saneamento e, provavelmente, o maior descumprimento j\u00e1 patrocinado por ente da federa\u00e7\u00e3o da exig\u00eancia constitucional de pr\u00e9via licita\u00e7\u00e3o, prevista nos artigos 37, XXI e 175, da Constitui\u00e7\u00e3o Federal.<\/p>\n\n\n\n<p>O processo de regionaliza\u00e7\u00e3o dos servi\u00e7os de saneamento est\u00e1 previsto no novo Marco Legal de Saneamento, na Constitui\u00e7\u00e3o Federal e em diversas outras leis. O seu objetivo \u00e9 usar os ganhos decorrentes de escala na presta\u00e7\u00e3o do servi\u00e7o e subs\u00eddios cruzados tarif\u00e1rios para acelerar a universaliza\u00e7\u00e3o dos servi\u00e7os. Al\u00e9m disso, a regionaliza\u00e7\u00e3o \u00e9 um instrumento de coordena\u00e7\u00e3o entre os entes governamentais do exerc\u00edcio das atividades necess\u00e1rias \u00e0 regular presta\u00e7\u00e3o dos servi\u00e7os de saneamento em \u00e1reas em que a atua\u00e7\u00e3o conjunta \u00e9 indispens\u00e1vel.\u00a0<\/p>\n\n\n\n<p>O processo de regionaliza\u00e7\u00e3o nada tem a ver com escolha da identidade do prestador dos servi\u00e7os, que, pelas regras atuais, deve ser sempre feita mediante pr\u00e9via licita\u00e7\u00e3o, de modo a se obter a melhor proposta para os usu\u00e1rios e para o poder p\u00fablico.<\/p>\n\n\n\n<p>No caso do estado da Para\u00edba, usou-se ilicitamente a regionaliza\u00e7\u00e3o para institucionalizar, sem contrata\u00e7\u00e3o precedida de licita\u00e7\u00e3o, a Cagepa como prestadora dos servi\u00e7os de saneamento nos 223 munic\u00edpios. Essa regionaliza\u00e7\u00e3o ainda est\u00e1 em curso e h\u00e1 esperan\u00e7as de que, \u00e0 vista da dimens\u00e3o \u00fanica das ilicitudes j\u00e1 praticadas, as institui\u00e7\u00f5es encarregadas do cumprimento da Constitui\u00e7\u00e3o e das leis classifiquem-na como il\u00edcita e cessem os efeitos dos atos j\u00e1 praticados, que podem ser resumidos da seguinte forma:<\/p>\n\n\n\n<p>(a) institucionaliza\u00e7\u00e3o il\u00edcita (sem pr\u00e9via licita\u00e7\u00e3o) da Cagepa como prestadora dos servi\u00e7os em 39 munic\u00edpios at\u00e9 o ano de 2055. Pelas regras atuais, seria necess\u00e1ria pr\u00e9via licita\u00e7\u00e3o para contrata\u00e7\u00e3o de concession\u00e1rios de saneamento em todos esses 39 munic\u00edpios.<\/p>\n\n\n\n<p>(b) prorroga\u00e7\u00e3o de 48 contratos de programa da Cagepa at\u00e9 2055. N\u00e3o h\u00e1 base legal para essas prorroga\u00e7\u00f5es.<\/p>\n\n\n\n<p>O estado da Para\u00edba j\u00e1 logrou, portanto, atribuir \u00e0 Cagepa irregularmente o direito de atuar at\u00e9 2055 em 87 munic\u00edpios. Esses n\u00fameros j\u00e1 devem representar um recorde no descumprimento da exig\u00eancia constitucional de pr\u00e9via licita\u00e7\u00e3o.<\/p>\n\n\n\n<p>Mas a situa\u00e7\u00e3o \u00e9 ainda mais grave. Se esse processo de regionaliza\u00e7\u00e3o n\u00e3o for interrompido, em futuro pr\u00f3ximo, a Cagepa ser\u00e1 institu\u00edda ilicitamente como prestadora de servi\u00e7o em mais 136 munic\u00edpios. <span style=\"text-decoration: underline;\">Ao final, a regionaliza\u00e7\u00e3o do estado da Para\u00edba evitar\u00e1 a realiza\u00e7\u00e3o de licita\u00e7\u00f5es para a contrata\u00e7\u00e3o de prestadores de servi\u00e7o de saneamento em 175 munic\u00edpios at\u00e9 2055, ou seja, por 34 anos desde a sua realiza\u00e7\u00e3o, al\u00e9m de estender ilicitamente at\u00e9 2055 o prazo dos 48 contratos de programa v\u00e1lidos<\/span>. S\u00e3o descumprimentos de obriga\u00e7\u00f5es constitucionais e do novo Marco Legal de Saneamento com n\u00fameros nunca vistos.<\/p>\n\n\n\n<p>Os fundamentos jur\u00eddicos usados pelo estado da Para\u00edba para promover esses atos il\u00edcitos s\u00e3o p\u00edfios.<\/p>\n\n\n\n<p>A justificativa utilizada para a institucionaliza\u00e7\u00e3o da Cagepa como prestadora dos servi\u00e7os sem licita\u00e7\u00e3o nos 39 munic\u00edpios com os quais ela n\u00e3o tem contrato v\u00e1lido se baseia na ideia de que o estado da Para\u00edba compartilha a titularidade dos servi\u00e7os com os munic\u00edpios e, por isso, poderia descentralizar a presta\u00e7\u00e3o dos servi\u00e7os para a Cagepa. O problema \u00e9 que o Supremo Tribunal Federal j\u00e1 decidiu na ADI 1842\/RJ que a titularidade dos servi\u00e7os \u00e9 da entidade regional nos casos de interesse comum, ou dos munic\u00edpios, na hip\u00f3tese de interesse local. O estado da Para\u00edba n\u00e3o \u00e9, portanto, titular ou cotitular dos servi\u00e7os, de maneira que n\u00e3o \u00e9 vi\u00e1vel a presta\u00e7\u00e3o dos servi\u00e7os pela Cagepa sem licita\u00e7\u00e3o.<\/p>\n\n\n\n<p>Em rela\u00e7\u00e3o \u00e0 prorroga\u00e7\u00e3o dos 48 contratos de programa da Cagepa at\u00e9 2055, basta dizer que a prorroga\u00e7\u00e3o de contratos de programa pode ser realizada pelo prazo m\u00e1ximo de tr\u00eas anos e apenas nas situa\u00e7\u00f5es em que seja necess\u00e1ria a uniformiza\u00e7\u00e3o do prazo de diversos contratos de programa para que eles sejam substitu\u00eddos por contratos de concess\u00e3o regionais. Os \u00f3rg\u00e3os administrativos que atuaram na regionaliza\u00e7\u00e3o do estado da Para\u00edba usaram o falso pretexto da necessidade de uniformidade tarif\u00e1ria para prorrogar esses contratos. Mas, em primeiro lugar, j\u00e1 h\u00e1 uniformidade tarif\u00e1ria na \u00e1rea da Cagepa. Al\u00e9m disso, a uniformidade de prazo dos contratos nada tem a ver com a uniformidade tarif\u00e1ria. E, por fim, a uniformidade tarif\u00e1ria buscada pelo novo marco legal \u00e9 a intrarregional, e n\u00e3o a inter-regional, e esses 48 contratos est\u00e3o distribu\u00eddos em quatro microrregi\u00f5es diferentes.<\/p>\n\n\n\n<p>H\u00e1 v\u00e1rias maneiras de o novo Marco Legal de Saneamento ser vilipendiado e do esfor\u00e7o realizado at\u00e9 aqui pela sociedade brasileira para viabilizar a universaliza\u00e7\u00e3o dos servi\u00e7os ser sabotado, particularmente por pautas corporativistas. Se a regionaliza\u00e7\u00e3o colocada em curso pelo estado da Para\u00edba prosperar, ela alvejar\u00e1 o novo Marco Legal do Saneamento, amea\u00e7ando a sua sobreviv\u00eancia e efetividade. Com a palavra as institui\u00e7\u00f5es deste pa\u00eds: governos, \u00f3rg\u00e3os de controle e tribunais.<\/p>\n\n\n\n<h6 class=\"wp-block-heading\" id=\"block-aa9ff8cf-f9c2-435f-85ff-56a599c37bc9\"><strong>1 Acho importante mencionar que fui contratado como parecerista pela Abcon Sindcon (Associa\u00e7\u00e3o e Sindicato Nacional das Concession\u00e1rias Privadas de Servi\u00e7os P\u00fablicos de \u00c1gua e Esgoto) para analisar o caso da regionaliza\u00e7\u00e3o dos servi\u00e7os de saneamento do estado da Para\u00edba, objeto do presente artigo.\u00a0<br>Eu queria agradecer a Eduardo Jord\u00e3o e Percy Soares Neto a leitura e sugest\u00f5es de altera\u00e7\u00e3o no presente texto. Os erros evidentemente s\u00e3o de minha exclusiva responsabilidade.<\/strong> <\/h6>\n\n\n\n<h6 class=\"wp-block-heading\" id=\"block-aa9ff8cf-f9c2-435f-85ff-56a599c37bc9\"><strong>*Mauricio Portugal Ribeiro \u00e9 especialista na estrutura\u00e7\u00e3o e regula\u00e7\u00e3o de concess\u00f5es e PPPs, s\u00f3cio do Portugal Ribeiro Advogados, mestre em Direito pela Harvard Law School, autor de v\u00e1rios livros e artigos sobre concess\u00f5es, PPPs e outros temas dos setores de infraestrutura.<\/strong><\/h6>\n\n\n\n<h5 class=\"wp-block-heading\" id=\"block-d67878ff-7627-4f15-b175-8f58269174ff\">O iNFRADebate \u00e9 o espa\u00e7o de artigos da Ag\u00eancia iNFRA com opini\u00f5es de seus atores que n\u00e3o refletem necessariamente o pensamento da Ag\u00eancia iNFRA, sendo de total responsabilidade do autor as informa\u00e7\u00f5es, ju\u00edzos de valor e conceitos descritos no texto.<\/h5>\n","protected":false},"excerpt":{"rendered":"<p>Mauricio Portugal Ribeiro*1 Enquanto mostramos ao novo governo federal a conveni\u00eancia de manter regras importantes do novo Marco Legal do Saneamento, particularmente ap\u00f3s a publica\u00e7\u00e3o de decretos que emitiram sinais confusos sobre o que pretende fazer com essas normas, h\u00e1 outras amea\u00e7as \u00e0 integridade do novo Marco Legal do Saneamento igualmente preocupantes e que precisam [&hellip;]<\/p>\n","protected":false},"author":1,"featured_media":12022,"comment_status":"closed","ping_status":"closed","sticky":false,"template":"","format":"standard","meta":{"_monsterinsights_skip_tracking":false,"_monsterinsights_sitenote_active":false,"_monsterinsights_sitenote_note":"","_monsterinsights_sitenote_category":0,"footnotes":""},"categories":[1,11],"tags":[6035,2191,316,6273,1081,6274,2242,372,2192],"class_list":["post-12021","post","type-post","status-publish","format-standard","has-post-thumbnail","hentry","category-geral","category-infradebate","tag-cagepa","tag-contratos-de-programa","tag-licitacao","tag-marco-legal-do-saneamento","tag-mauricio-portugal-ribeiro","tag-paraiba","tag-regionalizacao","tag-stf","tag-universalizacao"],"yoast_head":"<!-- This site is optimized with the Yoast SEO Premium plugin v25.4 (Yoast SEO v26.0) - https:\/\/yoast.com\/wordpress\/plugins\/seo\/ -->\n<title>iNFRADebate: O maior descumprimento do novo Marco Legal do Saneamento \u2013\u00a0o caso da regionaliza\u00e7\u00e3o do estado da Para\u00edba - Ag\u00eancia iNFRA<\/title>\n<meta name=\"robots\" content=\"index, follow, max-snippet:-1, max-image-preview:large, max-video-preview:-1\" \/>\n<link rel=\"canonical\" href=\"https:\/\/agenciainfra.com\/blog\/infradebate-o-maior-descumprimento-do-novo-marco-legal-do-saneamento-o-caso-da-regionalizacao-do-estado-da-paraiba\/\" \/>\n<meta property=\"og:locale\" content=\"pt_BR\" \/>\n<meta property=\"og:type\" content=\"article\" \/>\n<meta property=\"og:title\" content=\"iNFRADebate: O maior descumprimento do novo Marco Legal do Saneamento \u2013\u00a0o caso da regionaliza\u00e7\u00e3o do estado da Para\u00edba\" \/>\n<meta property=\"og:description\" content=\"Mauricio Portugal Ribeiro*1 Enquanto mostramos ao novo governo federal a conveni\u00eancia de manter regras importantes do novo Marco Legal do Saneamento, particularmente ap\u00f3s a publica\u00e7\u00e3o de decretos que emitiram sinais confusos sobre o que pretende fazer com essas normas, h\u00e1 outras amea\u00e7as \u00e0 integridade do novo Marco Legal do Saneamento igualmente preocupantes e que precisam [&hellip;]\" \/>\n<meta property=\"og:url\" content=\"https:\/\/agenciainfra.com\/blog\/infradebate-o-maior-descumprimento-do-novo-marco-legal-do-saneamento-o-caso-da-regionalizacao-do-estado-da-paraiba\/\" \/>\n<meta property=\"og:site_name\" content=\"Ag\u00eancia iNFRA\" \/>\n<meta property=\"article:publisher\" content=\"https:\/\/www.facebook.com\/ageninfra\" \/>\n<meta property=\"article:published_time\" content=\"2023-01-12T14:00:00+00:00\" \/>\n<meta property=\"og:image\" content=\"https:\/\/agenciainfra.com\/blog\/wp-content\/uploads\/2023\/01\/obra-saneamento-foto-governo-paraiba.jpeg-1024x688.png\" \/>\n\t<meta property=\"og:image:width\" content=\"1024\" \/>\n\t<meta property=\"og:image:height\" content=\"688\" \/>\n\t<meta property=\"og:image:type\" content=\"image\/png\" \/>\n<meta name=\"author\" content=\"Ag\u00eancia iNFRA\" \/>\n<meta name=\"twitter:card\" content=\"summary_large_image\" \/>\n<meta name=\"twitter:creator\" content=\"@agencia_infra\" \/>\n<meta name=\"twitter:site\" content=\"@agencia_infra\" \/>\n<meta name=\"twitter:label1\" content=\"Escrito por\" \/>\n\t<meta name=\"twitter:data1\" content=\"Ag\u00eancia iNFRA\" \/>\n\t<meta name=\"twitter:label2\" content=\"Est. tempo de leitura\" \/>\n\t<meta name=\"twitter:data2\" content=\"6 minutos\" \/>\n<script type=\"application\/ld+json\" class=\"yoast-schema-graph\">{\"@context\":\"https:\/\/schema.org\",\"@graph\":[{\"@type\":\"Article\",\"@id\":\"https:\/\/agenciainfra.com\/blog\/infradebate-o-maior-descumprimento-do-novo-marco-legal-do-saneamento-o-caso-da-regionalizacao-do-estado-da-paraiba\/#article\",\"isPartOf\":{\"@id\":\"https:\/\/agenciainfra.com\/blog\/infradebate-o-maior-descumprimento-do-novo-marco-legal-do-saneamento-o-caso-da-regionalizacao-do-estado-da-paraiba\/\"},\"author\":{\"name\":\"Ag\u00eancia iNFRA\",\"@id\":\"https:\/\/agenciainfra.com\/blog\/#\/schema\/person\/34af08dff6adea4cb22b06612ba7acfa\"},\"headline\":\"iNFRADebate: O maior descumprimento do novo Marco Legal do Saneamento \u2013\u00a0o caso da regionaliza\u00e7\u00e3o do estado da Para\u00edba\",\"datePublished\":\"2023-01-12T14:00:00+00:00\",\"mainEntityOfPage\":{\"@id\":\"https:\/\/agenciainfra.com\/blog\/infradebate-o-maior-descumprimento-do-novo-marco-legal-do-saneamento-o-caso-da-regionalizacao-do-estado-da-paraiba\/\"},\"wordCount\":1210,\"publisher\":{\"@id\":\"https:\/\/agenciainfra.com\/blog\/#organization\"},\"image\":{\"@id\":\"https:\/\/agenciainfra.com\/blog\/infradebate-o-maior-descumprimento-do-novo-marco-legal-do-saneamento-o-caso-da-regionalizacao-do-estado-da-paraiba\/#primaryimage\"},\"thumbnailUrl\":\"https:\/\/agenciainfra.com\/blog\/wp-content\/uploads\/2023\/01\/obra-saneamento-foto-governo-paraiba.jpeg.png\",\"keywords\":[\"Cagepa\",\"contratos de programa\",\"licita\u00e7\u00e3o\",\"marco legal do saneamento\",\"Mauricio Portugal Ribeiro\",\"Para\u00edba\",\"regionaliza\u00e7\u00e3o\",\"STF\",\"universaliza\u00e7\u00e3o\"],\"articleSection\":[\"Geral\",\"iNFRADebate\"],\"inLanguage\":\"pt-BR\",\"copyrightYear\":\"2023\",\"copyrightHolder\":{\"@id\":\"https:\/\/agenciainfra.com\/blog\/#organization\"}},{\"@type\":\"WebPage\",\"@id\":\"https:\/\/agenciainfra.com\/blog\/infradebate-o-maior-descumprimento-do-novo-marco-legal-do-saneamento-o-caso-da-regionalizacao-do-estado-da-paraiba\/\",\"url\":\"https:\/\/agenciainfra.com\/blog\/infradebate-o-maior-descumprimento-do-novo-marco-legal-do-saneamento-o-caso-da-regionalizacao-do-estado-da-paraiba\/\",\"name\":\"iNFRADebate: O maior descumprimento do novo Marco Legal do Saneamento \u2013\u00a0o caso da regionaliza\u00e7\u00e3o do estado da Para\u00edba - Ag\u00eancia iNFRA\",\"isPartOf\":{\"@id\":\"https:\/\/agenciainfra.com\/blog\/#website\"},\"primaryImageOfPage\":{\"@id\":\"https:\/\/agenciainfra.com\/blog\/infradebate-o-maior-descumprimento-do-novo-marco-legal-do-saneamento-o-caso-da-regionalizacao-do-estado-da-paraiba\/#primaryimage\"},\"image\":{\"@id\":\"https:\/\/agenciainfra.com\/blog\/infradebate-o-maior-descumprimento-do-novo-marco-legal-do-saneamento-o-caso-da-regionalizacao-do-estado-da-paraiba\/#primaryimage\"},\"thumbnailUrl\":\"https:\/\/agenciainfra.com\/blog\/wp-content\/uploads\/2023\/01\/obra-saneamento-foto-governo-paraiba.jpeg.png\",\"datePublished\":\"2023-01-12T14:00:00+00:00\",\"breadcrumb\":{\"@id\":\"https:\/\/agenciainfra.com\/blog\/infradebate-o-maior-descumprimento-do-novo-marco-legal-do-saneamento-o-caso-da-regionalizacao-do-estado-da-paraiba\/#breadcrumb\"},\"inLanguage\":\"pt-BR\",\"potentialAction\":[{\"@type\":\"ReadAction\",\"target\":[\"https:\/\/agenciainfra.com\/blog\/infradebate-o-maior-descumprimento-do-novo-marco-legal-do-saneamento-o-caso-da-regionalizacao-do-estado-da-paraiba\/\"]}]},{\"@type\":\"ImageObject\",\"inLanguage\":\"pt-BR\",\"@id\":\"https:\/\/agenciainfra.com\/blog\/infradebate-o-maior-descumprimento-do-novo-marco-legal-do-saneamento-o-caso-da-regionalizacao-do-estado-da-paraiba\/#primaryimage\",\"url\":\"https:\/\/agenciainfra.com\/blog\/wp-content\/uploads\/2023\/01\/obra-saneamento-foto-governo-paraiba.jpeg.png\",\"contentUrl\":\"https:\/\/agenciainfra.com\/blog\/wp-content\/uploads\/2023\/01\/obra-saneamento-foto-governo-paraiba.jpeg.png\",\"width\":2678,\"height\":1800},{\"@type\":\"BreadcrumbList\",\"@id\":\"https:\/\/agenciainfra.com\/blog\/infradebate-o-maior-descumprimento-do-novo-marco-legal-do-saneamento-o-caso-da-regionalizacao-do-estado-da-paraiba\/#breadcrumb\",\"itemListElement\":[{\"@type\":\"ListItem\",\"position\":1,\"name\":\"In\u00edcio\",\"item\":\"https:\/\/agenciainfra.com\/blog\/\"},{\"@type\":\"ListItem\",\"position\":2,\"name\":\"iNFRADebate: O maior descumprimento do novo Marco Legal do Saneamento \u2013\u00a0o caso da regionaliza\u00e7\u00e3o do estado da Para\u00edba\"}]},{\"@type\":\"WebSite\",\"@id\":\"https:\/\/agenciainfra.com\/blog\/#website\",\"url\":\"https:\/\/agenciainfra.com\/blog\/\",\"name\":\"Ag\u00eancia iNFRA\",\"description\":\"Multiplataforma de informa\u00e7\u00e3o jornal\u00edstica refer\u00eancia na \u00e1rea de infraestrutura no Brasil!\",\"publisher\":{\"@id\":\"https:\/\/agenciainfra.com\/blog\/#organization\"},\"potentialAction\":[{\"@type\":\"SearchAction\",\"target\":{\"@type\":\"EntryPoint\",\"urlTemplate\":\"https:\/\/agenciainfra.com\/blog\/?s={search_term_string}\"},\"query-input\":{\"@type\":\"PropertyValueSpecification\",\"valueRequired\":true,\"valueName\":\"search_term_string\"}}],\"inLanguage\":\"pt-BR\"},{\"@type\":\"Organization\",\"@id\":\"https:\/\/agenciainfra.com\/blog\/#organization\",\"name\":\"Ag\u00eancia iNFRA\",\"url\":\"https:\/\/agenciainfra.com\/blog\/\",\"logo\":{\"@type\":\"ImageObject\",\"inLanguage\":\"pt-BR\",\"@id\":\"https:\/\/agenciainfra.com\/blog\/#\/schema\/logo\/image\/\",\"url\":\"https:\/\/agenciainfra.com\/blog\/wp-content\/uploads\/2023\/09\/iNFRA_5-e1761735885940.png\",\"contentUrl\":\"https:\/\/agenciainfra.com\/blog\/wp-content\/uploads\/2023\/09\/iNFRA_5-e1761735885940.png\",\"width\":1672,\"height\":454,\"caption\":\"Ag\u00eancia iNFRA\"},\"image\":{\"@id\":\"https:\/\/agenciainfra.com\/blog\/#\/schema\/logo\/image\/\"},\"sameAs\":[\"https:\/\/www.facebook.com\/ageninfra\",\"https:\/\/x.com\/agencia_infra\",\"https:\/\/www.linkedin.com\/company\/ag\u00eanciainfra\/\",\"https:\/\/www.instagram.com\/agenciainfra\/\"]},{\"@type\":\"Person\",\"@id\":\"https:\/\/agenciainfra.com\/blog\/#\/schema\/person\/34af08dff6adea4cb22b06612ba7acfa\",\"name\":\"Ag\u00eancia iNFRA\",\"image\":{\"@type\":\"ImageObject\",\"inLanguage\":\"pt-BR\",\"@id\":\"https:\/\/agenciainfra.com\/blog\/#\/schema\/person\/image\/\",\"url\":\"https:\/\/secure.gravatar.com\/avatar\/d189e01678f06d8eb84d4e01f08eb848b3fffe3f8443818d3c356c66892f5be8?s=96&d=mm&r=g\",\"contentUrl\":\"https:\/\/secure.gravatar.com\/avatar\/d189e01678f06d8eb84d4e01f08eb848b3fffe3f8443818d3c356c66892f5be8?s=96&d=mm&r=g\",\"caption\":\"Ag\u00eancia iNFRA\"},\"url\":\"https:\/\/agenciainfra.com\/blog\/author\/admin\/\"}]}<\/script>\n<!-- \/ Yoast SEO Premium plugin. -->","yoast_head_json":{"title":"iNFRADebate: O maior descumprimento do novo Marco Legal do Saneamento \u2013\u00a0o caso da regionaliza\u00e7\u00e3o do estado da Para\u00edba - Ag\u00eancia iNFRA","robots":{"index":"index","follow":"follow","max-snippet":"max-snippet:-1","max-image-preview":"max-image-preview:large","max-video-preview":"max-video-preview:-1"},"canonical":"https:\/\/agenciainfra.com\/blog\/infradebate-o-maior-descumprimento-do-novo-marco-legal-do-saneamento-o-caso-da-regionalizacao-do-estado-da-paraiba\/","og_locale":"pt_BR","og_type":"article","og_title":"iNFRADebate: O maior descumprimento do novo Marco Legal do Saneamento \u2013\u00a0o caso da regionaliza\u00e7\u00e3o do estado da Para\u00edba","og_description":"Mauricio Portugal Ribeiro*1 Enquanto mostramos ao novo governo federal a conveni\u00eancia de manter regras importantes do novo Marco Legal do Saneamento, particularmente ap\u00f3s a publica\u00e7\u00e3o de decretos que emitiram sinais confusos sobre o que pretende fazer com essas normas, h\u00e1 outras amea\u00e7as \u00e0 integridade do novo Marco Legal do Saneamento igualmente preocupantes e que precisam [&hellip;]","og_url":"https:\/\/agenciainfra.com\/blog\/infradebate-o-maior-descumprimento-do-novo-marco-legal-do-saneamento-o-caso-da-regionalizacao-do-estado-da-paraiba\/","og_site_name":"Ag\u00eancia iNFRA","article_publisher":"https:\/\/www.facebook.com\/ageninfra","article_published_time":"2023-01-12T14:00:00+00:00","og_image":[{"width":1024,"height":688,"url":"https:\/\/agenciainfra.com\/blog\/wp-content\/uploads\/2023\/01\/obra-saneamento-foto-governo-paraiba.jpeg-1024x688.png","type":"image\/png"}],"author":"Ag\u00eancia iNFRA","twitter_card":"summary_large_image","twitter_creator":"@agencia_infra","twitter_site":"@agencia_infra","twitter_misc":{"Escrito por":"Ag\u00eancia iNFRA","Est. tempo de leitura":"6 minutos"},"schema":{"@context":"https:\/\/schema.org","@graph":[{"@type":"Article","@id":"https:\/\/agenciainfra.com\/blog\/infradebate-o-maior-descumprimento-do-novo-marco-legal-do-saneamento-o-caso-da-regionalizacao-do-estado-da-paraiba\/#article","isPartOf":{"@id":"https:\/\/agenciainfra.com\/blog\/infradebate-o-maior-descumprimento-do-novo-marco-legal-do-saneamento-o-caso-da-regionalizacao-do-estado-da-paraiba\/"},"author":{"name":"Ag\u00eancia iNFRA","@id":"https:\/\/agenciainfra.com\/blog\/#\/schema\/person\/34af08dff6adea4cb22b06612ba7acfa"},"headline":"iNFRADebate: O maior descumprimento do novo Marco Legal do Saneamento \u2013\u00a0o caso da regionaliza\u00e7\u00e3o do estado da Para\u00edba","datePublished":"2023-01-12T14:00:00+00:00","mainEntityOfPage":{"@id":"https:\/\/agenciainfra.com\/blog\/infradebate-o-maior-descumprimento-do-novo-marco-legal-do-saneamento-o-caso-da-regionalizacao-do-estado-da-paraiba\/"},"wordCount":1210,"publisher":{"@id":"https:\/\/agenciainfra.com\/blog\/#organization"},"image":{"@id":"https:\/\/agenciainfra.com\/blog\/infradebate-o-maior-descumprimento-do-novo-marco-legal-do-saneamento-o-caso-da-regionalizacao-do-estado-da-paraiba\/#primaryimage"},"thumbnailUrl":"https:\/\/agenciainfra.com\/blog\/wp-content\/uploads\/2023\/01\/obra-saneamento-foto-governo-paraiba.jpeg.png","keywords":["Cagepa","contratos de programa","licita\u00e7\u00e3o","marco legal do saneamento","Mauricio Portugal Ribeiro","Para\u00edba","regionaliza\u00e7\u00e3o","STF","universaliza\u00e7\u00e3o"],"articleSection":["Geral","iNFRADebate"],"inLanguage":"pt-BR","copyrightYear":"2023","copyrightHolder":{"@id":"https:\/\/agenciainfra.com\/blog\/#organization"}},{"@type":"WebPage","@id":"https:\/\/agenciainfra.com\/blog\/infradebate-o-maior-descumprimento-do-novo-marco-legal-do-saneamento-o-caso-da-regionalizacao-do-estado-da-paraiba\/","url":"https:\/\/agenciainfra.com\/blog\/infradebate-o-maior-descumprimento-do-novo-marco-legal-do-saneamento-o-caso-da-regionalizacao-do-estado-da-paraiba\/","name":"iNFRADebate: O maior descumprimento do novo Marco Legal do Saneamento \u2013\u00a0o caso da regionaliza\u00e7\u00e3o do estado da Para\u00edba - Ag\u00eancia iNFRA","isPartOf":{"@id":"https:\/\/agenciainfra.com\/blog\/#website"},"primaryImageOfPage":{"@id":"https:\/\/agenciainfra.com\/blog\/infradebate-o-maior-descumprimento-do-novo-marco-legal-do-saneamento-o-caso-da-regionalizacao-do-estado-da-paraiba\/#primaryimage"},"image":{"@id":"https:\/\/agenciainfra.com\/blog\/infradebate-o-maior-descumprimento-do-novo-marco-legal-do-saneamento-o-caso-da-regionalizacao-do-estado-da-paraiba\/#primaryimage"},"thumbnailUrl":"https:\/\/agenciainfra.com\/blog\/wp-content\/uploads\/2023\/01\/obra-saneamento-foto-governo-paraiba.jpeg.png","datePublished":"2023-01-12T14:00:00+00:00","breadcrumb":{"@id":"https:\/\/agenciainfra.com\/blog\/infradebate-o-maior-descumprimento-do-novo-marco-legal-do-saneamento-o-caso-da-regionalizacao-do-estado-da-paraiba\/#breadcrumb"},"inLanguage":"pt-BR","potentialAction":[{"@type":"ReadAction","target":["https:\/\/agenciainfra.com\/blog\/infradebate-o-maior-descumprimento-do-novo-marco-legal-do-saneamento-o-caso-da-regionalizacao-do-estado-da-paraiba\/"]}]},{"@type":"ImageObject","inLanguage":"pt-BR","@id":"https:\/\/agenciainfra.com\/blog\/infradebate-o-maior-descumprimento-do-novo-marco-legal-do-saneamento-o-caso-da-regionalizacao-do-estado-da-paraiba\/#primaryimage","url":"https:\/\/agenciainfra.com\/blog\/wp-content\/uploads\/2023\/01\/obra-saneamento-foto-governo-paraiba.jpeg.png","contentUrl":"https:\/\/agenciainfra.com\/blog\/wp-content\/uploads\/2023\/01\/obra-saneamento-foto-governo-paraiba.jpeg.png","width":2678,"height":1800},{"@type":"BreadcrumbList","@id":"https:\/\/agenciainfra.com\/blog\/infradebate-o-maior-descumprimento-do-novo-marco-legal-do-saneamento-o-caso-da-regionalizacao-do-estado-da-paraiba\/#breadcrumb","itemListElement":[{"@type":"ListItem","position":1,"name":"In\u00edcio","item":"https:\/\/agenciainfra.com\/blog\/"},{"@type":"ListItem","position":2,"name":"iNFRADebate: O maior descumprimento do novo Marco Legal do Saneamento \u2013\u00a0o caso da regionaliza\u00e7\u00e3o do estado da Para\u00edba"}]},{"@type":"WebSite","@id":"https:\/\/agenciainfra.com\/blog\/#website","url":"https:\/\/agenciainfra.com\/blog\/","name":"Ag\u00eancia iNFRA","description":"Multiplataforma de informa\u00e7\u00e3o jornal\u00edstica refer\u00eancia na \u00e1rea de infraestrutura no Brasil!","publisher":{"@id":"https:\/\/agenciainfra.com\/blog\/#organization"},"potentialAction":[{"@type":"SearchAction","target":{"@type":"EntryPoint","urlTemplate":"https:\/\/agenciainfra.com\/blog\/?s={search_term_string}"},"query-input":{"@type":"PropertyValueSpecification","valueRequired":true,"valueName":"search_term_string"}}],"inLanguage":"pt-BR"},{"@type":"Organization","@id":"https:\/\/agenciainfra.com\/blog\/#organization","name":"Ag\u00eancia iNFRA","url":"https:\/\/agenciainfra.com\/blog\/","logo":{"@type":"ImageObject","inLanguage":"pt-BR","@id":"https:\/\/agenciainfra.com\/blog\/#\/schema\/logo\/image\/","url":"https:\/\/agenciainfra.com\/blog\/wp-content\/uploads\/2023\/09\/iNFRA_5-e1761735885940.png","contentUrl":"https:\/\/agenciainfra.com\/blog\/wp-content\/uploads\/2023\/09\/iNFRA_5-e1761735885940.png","width":1672,"height":454,"caption":"Ag\u00eancia iNFRA"},"image":{"@id":"https:\/\/agenciainfra.com\/blog\/#\/schema\/logo\/image\/"},"sameAs":["https:\/\/www.facebook.com\/ageninfra","https:\/\/x.com\/agencia_infra","https:\/\/www.linkedin.com\/company\/ag\u00eanciainfra\/","https:\/\/www.instagram.com\/agenciainfra\/"]},{"@type":"Person","@id":"https:\/\/agenciainfra.com\/blog\/#\/schema\/person\/34af08dff6adea4cb22b06612ba7acfa","name":"Ag\u00eancia iNFRA","image":{"@type":"ImageObject","inLanguage":"pt-BR","@id":"https:\/\/agenciainfra.com\/blog\/#\/schema\/person\/image\/","url":"https:\/\/secure.gravatar.com\/avatar\/d189e01678f06d8eb84d4e01f08eb848b3fffe3f8443818d3c356c66892f5be8?s=96&d=mm&r=g","contentUrl":"https:\/\/secure.gravatar.com\/avatar\/d189e01678f06d8eb84d4e01f08eb848b3fffe3f8443818d3c356c66892f5be8?s=96&d=mm&r=g","caption":"Ag\u00eancia iNFRA"},"url":"https:\/\/agenciainfra.com\/blog\/author\/admin\/"}]}},"_links":{"self":[{"href":"https:\/\/agenciainfra.com\/blog\/wp-json\/wp\/v2\/posts\/12021","targetHints":{"allow":["GET"]}}],"collection":[{"href":"https:\/\/agenciainfra.com\/blog\/wp-json\/wp\/v2\/posts"}],"about":[{"href":"https:\/\/agenciainfra.com\/blog\/wp-json\/wp\/v2\/types\/post"}],"author":[{"embeddable":true,"href":"https:\/\/agenciainfra.com\/blog\/wp-json\/wp\/v2\/users\/1"}],"replies":[{"embeddable":true,"href":"https:\/\/agenciainfra.com\/blog\/wp-json\/wp\/v2\/comments?post=12021"}],"version-history":[{"count":0,"href":"https:\/\/agenciainfra.com\/blog\/wp-json\/wp\/v2\/posts\/12021\/revisions"}],"wp:featuredmedia":[{"embeddable":true,"href":"https:\/\/agenciainfra.com\/blog\/wp-json\/wp\/v2\/media\/12022"}],"wp:attachment":[{"href":"https:\/\/agenciainfra.com\/blog\/wp-json\/wp\/v2\/media?parent=12021"}],"wp:term":[{"taxonomy":"category","embeddable":true,"href":"https:\/\/agenciainfra.com\/blog\/wp-json\/wp\/v2\/categories?post=12021"},{"taxonomy":"post_tag","embeddable":true,"href":"https:\/\/agenciainfra.com\/blog\/wp-json\/wp\/v2\/tags?post=12021"}],"curies":[{"name":"wp","href":"https:\/\/api.w.org\/{rel}","templated":true}]}}