{"id":12030,"date":"2023-01-13T09:00:00","date_gmt":"2023-01-13T12:00:00","guid":{"rendered":"https:\/\/www.agenciainfra.com\/blog\/?p=12030"},"modified":"2023-01-12T18:55:21","modified_gmt":"2023-01-12T21:55:21","slug":"porto-de-santos-tarcisio-diz-que-conversa-com-lula-foi-boa-mas-prosseguimento-da-venda-da-spa-segue-sendo-dificil","status":"publish","type":"post","link":"https:\/\/agenciainfra.com\/blog\/porto-de-santos-tarcisio-diz-que-conversa-com-lula-foi-boa-mas-prosseguimento-da-venda-da-spa-segue-sendo-dificil\/","title":{"rendered":"Porto de Santos: Tarc\u00edsio diz que conversa com Lula foi boa. Mas prosseguimento da venda da SPA segue sendo dif\u00edcil"},"content":{"rendered":"\n<p class=\"has-text-align-right\"><strong>Dimmi Amora, da Ag\u00eancia iNFRA<\/strong><\/p>\n\n\n\n<p>A desestatiza\u00e7\u00e3o do Porto de Santos (SP) foi um dos temas do primeiro encontro entre o presidente Lula e o governador de S\u00e3o Paulo, Tarc\u00edsio de Freitas, realizado na \u00faltima quarta-feira (11) no Pal\u00e1cio do Planalto. Os dois posaram para fotos juntos ap\u00f3s o encontro, o que foi divulgado nas redes sociais do presidente.<br><br>Tarc\u00edsio defendeu o modelo que foi levado ao TCU (Tribunal de Contas da Uni\u00e3o) de venda do controle acion\u00e1rio da SPA (Autoridade Portu\u00e1ria de Santos) com a concess\u00e3o do porto para o novo controlador e ouviu do presidente que ele est\u00e1 disposto a analisar a proposta.<br><br>Lula j\u00e1 disse algumas vezes depois de eleito que n\u00e3o faria mais privatiza\u00e7\u00f5es no pa\u00eds, o que tem sido entendido como n\u00e3o haver a venda de controle de estatais, j\u00e1 que ele tem falado sempre em ampliar parcerias com o setor privado, como concess\u00f5es e PPPs (parcerias p\u00fablico-privadas).<br><br>Um dos sinais de que alguma forma de parceria com o setor privado para o porto de Santos ainda pode sair foi que o processo de desestatiza\u00e7\u00e3o da empresa n\u00e3o foi inclu\u00eddo entre as estatais retiradas da privatiza\u00e7\u00e3o no PPI (Programa de Parcerias de Investimentos) por um despacho da Presid\u00eancia logo no in\u00edcio do ano.<br><br>\u00c0\u00a0<strong>Ag\u00eancia iNFRA<\/strong>, Tarc\u00edsio informou que n\u00e3o foram tratados na reuni\u00e3o de modelos espec\u00edficos para a desestatiza\u00e7\u00e3o e que &#8220;s\u00f3 houve a sugest\u00e3o de mudan\u00e7a no modelo e v\u00e3o avaliar as alternativas&#8221;.<br><br><strong>&#8220;Muito dif\u00edcil&#8221;<\/strong><br>Apesar da sinaliza\u00e7\u00e3o positiva sobre uma poss\u00edvel continuidade do processo por parte do presidente Lula, entre integrantes do governo \u00e9 considerado &#8220;muito dif\u00edcil&#8221; que a posi\u00e7\u00e3o de vender o controle da SPA seja aprovada.<br><br>Esse modelo apresentado pelo governo anterior enfrenta resist\u00eancias n\u00e3o apenas entre os apoiadores do presidente, como tamb\u00e9m de t\u00e9cnicos do ex-governo e de parte do mercado.<br><br>Apesar da indica\u00e7\u00e3o do relator do TCU, ministro Bruno Dantas, de aprova\u00e7\u00e3o do modelo apresentado, h\u00e1 v\u00e1rios riscos apontados que devem ser mitigados antes, de acordo com o pr\u00f3prio voto de Dantas.\u00a0<br><br>Al\u00e9m desses riscos j\u00e1 apontados, tr\u00eas ministros pediram vista do processo, o que pode levar a novos indicativos de mudan\u00e7a ou at\u00e9 mesmo de interrup\u00e7\u00e3o do processo na vota\u00e7\u00e3o em plen\u00e1rio, que est\u00e1 inicialmente prevista para mar\u00e7o.<br><br><strong>Investimentos<\/strong><br>O principal atrativo para a realiza\u00e7\u00e3o da desestatiza\u00e7\u00e3o seriam os investimentos no aprofundamento do canal de acesso de Santos para 17 metros e a constru\u00e7\u00e3o de duas obras p\u00fablicas relevantes, que s\u00e3o t\u00faneis na regi\u00e3o de Santos.\u00a0<br><br>Para Tarc\u00edsio, seria a \u00fanica forma de garantir esses investimentos, estimados na casa dos R$ 4 bilh\u00f5es (tem sido divulgado que os investimentos totais seriam de R$ 18 bilh\u00f5es, mas a diferen\u00e7a s\u00e3o recursos para manuten\u00e7\u00e3o do porto que est\u00e3o sendo informados como investimentos).\u00a0<br><br>O atual governo avalia outras possibilidades para que esses investimentos em amplia\u00e7\u00e3o sejam realizados, como concess\u00f5es e PPPs, sem que seja necess\u00e1rio perder o controle da companhia.\u00a0<br><br><strong>Riscos<\/strong><br>Os t\u00e9cnicos que defendem a venda do controle dizem que a melhor forma de mitigar o risco elevado de obras nos dois projetos \u00e9 que eles estejam dentro de uma concess\u00e3o, na qual o futuro concession\u00e1rio ter\u00e1 maior possibilidade de mitigar riscos com outros neg\u00f3cios.<br><br>J\u00e1 os que s\u00e3o contr\u00e1rios indicam que as duas obras s\u00e3o de elevado risco de engenharia e, feitas dentro de uma concess\u00e3o e com projetos incipientes como os atuais, poder\u00e3o deixar o futuro concession\u00e1rio ref\u00e9m dos epecistas (empresas de engenharia contratadas para construir) ou dos s\u00f3cios especialistas no tema, e por em risco o equil\u00edbrio da concess\u00e3o.<br><br><strong>Amaz\u00f4nia<\/strong><br>Lula tamb\u00e9m se encontrou com o governador do Par\u00e1, Helder Barbalho, nesta quarta-feira. O governador afirmou que o presidente quer trabalhar na regulamenta\u00e7\u00e3o do mercado de carbono no pa\u00eds.<br><br>Segundo ele, o aumento da presen\u00e7a da fiscaliza\u00e7\u00e3o na regi\u00e3o foi debatido com o presidente no encontro, mas n\u00e3o se tratou de nova GLO (Garantia da Lei de Ordem) para o uso das For\u00e7as Armadas na regi\u00e3o.<br><br>Ainda de acordo com Helder, o presidente pediu para que sejam levados projetos estruturantes de infraestrutura na regi\u00e3o na reuni\u00e3o com governadores marcada para dia 27. E tamb\u00e9m confirmou que Bel\u00e9m ser\u00e1 indicada pelo Brasil como a sede da COP 30, reuni\u00e3o de l\u00edderes mundiais sobre as mudan\u00e7as do clima.<\/p>\n","protected":false},"excerpt":{"rendered":"<p>Dimmi Amora, da Ag\u00eancia iNFRA A desestatiza\u00e7\u00e3o do Porto de Santos (SP) foi um dos temas do primeiro encontro entre o presidente Lula e o governador de S\u00e3o Paulo, Tarc\u00edsio de Freitas, realizado na \u00faltima quarta-feira (11) no Pal\u00e1cio do Planalto. Os dois posaram para fotos juntos ap\u00f3s o encontro, o que foi divulgado nas [&hellip;]<\/p>\n","protected":false},"author":1,"featured_media":12031,"comment_status":"closed","ping_status":"closed","sticky":false,"template":"","format":"standard","meta":{"_monsterinsights_skip_tracking":false,"_monsterinsights_sitenote_active":false,"_monsterinsights_sitenote_note":"","_monsterinsights_sitenote_category":0,"footnotes":""},"categories":[1,7],"tags":[396,192,1322,580,260,36,51,786,1642,1941,448,18,927],"class_list":["post-12030","post","type-post","status-publish","format-standard","has-post-thumbnail","hentry","category-geral","category-infratransporte","tag-bruno-dantas","tag-desestatizacao","tag-helder-barbalho","tag-lula","tag-porto-de-santos","tag-ppi","tag-privatizacao","tag-programa-de-parcerias-de-investimentos","tag-santos-port-authority","tag-spa","tag-tarcisio-de-freitas","tag-tcu","tag-tribunal-de-contas-da-uniao"],"yoast_head":"<!-- This site is optimized with the Yoast SEO Premium plugin v25.4 (Yoast SEO v26.0) - https:\/\/yoast.com\/wordpress\/plugins\/seo\/ -->\n<title>Porto de Santos: Tarc\u00edsio diz que conversa com Lula foi boa. Mas prosseguimento da venda da SPA segue sendo dif\u00edcil - Ag\u00eancia iNFRA<\/title>\n<meta name=\"robots\" content=\"index, follow, max-snippet:-1, max-image-preview:large, max-video-preview:-1\" \/>\n<link rel=\"canonical\" href=\"https:\/\/agenciainfra.com\/blog\/porto-de-santos-tarcisio-diz-que-conversa-com-lula-foi-boa-mas-prosseguimento-da-venda-da-spa-segue-sendo-dificil\/\" \/>\n<meta property=\"og:locale\" content=\"pt_BR\" \/>\n<meta property=\"og:type\" content=\"article\" \/>\n<meta property=\"og:title\" content=\"Porto de Santos: Tarc\u00edsio diz que conversa com Lula foi boa. Mas prosseguimento da venda da SPA segue sendo dif\u00edcil\" \/>\n<meta property=\"og:description\" content=\"Dimmi Amora, da Ag\u00eancia iNFRA A desestatiza\u00e7\u00e3o do Porto de Santos (SP) foi um dos temas do primeiro encontro entre o presidente Lula e o governador de S\u00e3o Paulo, Tarc\u00edsio de Freitas, realizado na \u00faltima quarta-feira (11) no Pal\u00e1cio do Planalto. Os dois posaram para fotos juntos ap\u00f3s o encontro, o que foi divulgado nas [&hellip;]\" \/>\n<meta property=\"og:url\" content=\"https:\/\/agenciainfra.com\/blog\/porto-de-santos-tarcisio-diz-que-conversa-com-lula-foi-boa-mas-prosseguimento-da-venda-da-spa-segue-sendo-dificil\/\" \/>\n<meta property=\"og:site_name\" content=\"Ag\u00eancia iNFRA\" \/>\n<meta property=\"article:publisher\" content=\"https:\/\/www.facebook.com\/ageninfra\" \/>\n<meta property=\"article:published_time\" content=\"2023-01-13T12:00:00+00:00\" \/>\n<meta property=\"og:image\" content=\"https:\/\/agenciainfra.com\/blog\/wp-content\/uploads\/2023\/01\/lula-tarcisio-foto-ricardo-stuckert-redes-sociais.png\" \/>\n\t<meta property=\"og:image:width\" content=\"1280\" \/>\n\t<meta property=\"og:image:height\" content=\"851\" \/>\n\t<meta property=\"og:image:type\" content=\"image\/png\" \/>\n<meta name=\"author\" content=\"Ag\u00eancia iNFRA\" \/>\n<meta name=\"twitter:card\" content=\"summary_large_image\" \/>\n<meta name=\"twitter:creator\" content=\"@agencia_infra\" \/>\n<meta name=\"twitter:site\" content=\"@agencia_infra\" \/>\n<meta name=\"twitter:label1\" content=\"Escrito por\" \/>\n\t<meta name=\"twitter:data1\" content=\"Ag\u00eancia iNFRA\" \/>\n\t<meta name=\"twitter:label2\" content=\"Est. tempo de leitura\" \/>\n\t<meta name=\"twitter:data2\" content=\"4 minutos\" \/>\n<script type=\"application\/ld+json\" class=\"yoast-schema-graph\">{\"@context\":\"https:\/\/schema.org\",\"@graph\":[{\"@type\":\"Article\",\"@id\":\"https:\/\/agenciainfra.com\/blog\/porto-de-santos-tarcisio-diz-que-conversa-com-lula-foi-boa-mas-prosseguimento-da-venda-da-spa-segue-sendo-dificil\/#article\",\"isPartOf\":{\"@id\":\"https:\/\/agenciainfra.com\/blog\/porto-de-santos-tarcisio-diz-que-conversa-com-lula-foi-boa-mas-prosseguimento-da-venda-da-spa-segue-sendo-dificil\/\"},\"author\":{\"name\":\"Ag\u00eancia iNFRA\",\"@id\":\"https:\/\/agenciainfra.com\/blog\/#\/schema\/person\/34af08dff6adea4cb22b06612ba7acfa\"},\"headline\":\"Porto de Santos: Tarc\u00edsio diz que conversa com Lula foi boa. Mas prosseguimento da venda da SPA segue sendo dif\u00edcil\",\"datePublished\":\"2023-01-13T12:00:00+00:00\",\"mainEntityOfPage\":{\"@id\":\"https:\/\/agenciainfra.com\/blog\/porto-de-santos-tarcisio-diz-que-conversa-com-lula-foi-boa-mas-prosseguimento-da-venda-da-spa-segue-sendo-dificil\/\"},\"wordCount\":813,\"publisher\":{\"@id\":\"https:\/\/agenciainfra.com\/blog\/#organization\"},\"image\":{\"@id\":\"https:\/\/agenciainfra.com\/blog\/porto-de-santos-tarcisio-diz-que-conversa-com-lula-foi-boa-mas-prosseguimento-da-venda-da-spa-segue-sendo-dificil\/#primaryimage\"},\"thumbnailUrl\":\"https:\/\/agenciainfra.com\/blog\/wp-content\/uploads\/2023\/01\/lula-tarcisio-foto-ricardo-stuckert-redes-sociais.png\",\"keywords\":[\"Bruno Dantas\",\"desestatiza\u00e7\u00e3o\",\"Helder Barbalho\",\"Lula\",\"Porto de Santos\",\"PPI\",\"Privatiza\u00e7\u00e3o\",\"Programa de Parcerias de Investimentos\",\"Santos Port Authority\",\"SPA\",\"Tarc\u00edsio de Freitas\",\"TCU\",\"Tribunal de Contas da Uni\u00e3o\"],\"articleSection\":[\"Geral\",\"iNFRATransporte\"],\"inLanguage\":\"pt-BR\",\"copyrightYear\":\"2023\",\"copyrightHolder\":{\"@id\":\"https:\/\/agenciainfra.com\/blog\/#organization\"}},{\"@type\":\"WebPage\",\"@id\":\"https:\/\/agenciainfra.com\/blog\/porto-de-santos-tarcisio-diz-que-conversa-com-lula-foi-boa-mas-prosseguimento-da-venda-da-spa-segue-sendo-dificil\/\",\"url\":\"https:\/\/agenciainfra.com\/blog\/porto-de-santos-tarcisio-diz-que-conversa-com-lula-foi-boa-mas-prosseguimento-da-venda-da-spa-segue-sendo-dificil\/\",\"name\":\"Porto de Santos: Tarc\u00edsio diz que conversa com Lula foi boa. Mas prosseguimento da venda da SPA segue sendo dif\u00edcil - Ag\u00eancia iNFRA\",\"isPartOf\":{\"@id\":\"https:\/\/agenciainfra.com\/blog\/#website\"},\"primaryImageOfPage\":{\"@id\":\"https:\/\/agenciainfra.com\/blog\/porto-de-santos-tarcisio-diz-que-conversa-com-lula-foi-boa-mas-prosseguimento-da-venda-da-spa-segue-sendo-dificil\/#primaryimage\"},\"image\":{\"@id\":\"https:\/\/agenciainfra.com\/blog\/porto-de-santos-tarcisio-diz-que-conversa-com-lula-foi-boa-mas-prosseguimento-da-venda-da-spa-segue-sendo-dificil\/#primaryimage\"},\"thumbnailUrl\":\"https:\/\/agenciainfra.com\/blog\/wp-content\/uploads\/2023\/01\/lula-tarcisio-foto-ricardo-stuckert-redes-sociais.png\",\"datePublished\":\"2023-01-13T12:00:00+00:00\",\"breadcrumb\":{\"@id\":\"https:\/\/agenciainfra.com\/blog\/porto-de-santos-tarcisio-diz-que-conversa-com-lula-foi-boa-mas-prosseguimento-da-venda-da-spa-segue-sendo-dificil\/#breadcrumb\"},\"inLanguage\":\"pt-BR\",\"potentialAction\":[{\"@type\":\"ReadAction\",\"target\":[\"https:\/\/agenciainfra.com\/blog\/porto-de-santos-tarcisio-diz-que-conversa-com-lula-foi-boa-mas-prosseguimento-da-venda-da-spa-segue-sendo-dificil\/\"]}]},{\"@type\":\"ImageObject\",\"inLanguage\":\"pt-BR\",\"@id\":\"https:\/\/agenciainfra.com\/blog\/porto-de-santos-tarcisio-diz-que-conversa-com-lula-foi-boa-mas-prosseguimento-da-venda-da-spa-segue-sendo-dificil\/#primaryimage\",\"url\":\"https:\/\/agenciainfra.com\/blog\/wp-content\/uploads\/2023\/01\/lula-tarcisio-foto-ricardo-stuckert-redes-sociais.png\",\"contentUrl\":\"https:\/\/agenciainfra.com\/blog\/wp-content\/uploads\/2023\/01\/lula-tarcisio-foto-ricardo-stuckert-redes-sociais.png\",\"width\":1280,\"height\":851},{\"@type\":\"BreadcrumbList\",\"@id\":\"https:\/\/agenciainfra.com\/blog\/porto-de-santos-tarcisio-diz-que-conversa-com-lula-foi-boa-mas-prosseguimento-da-venda-da-spa-segue-sendo-dificil\/#breadcrumb\",\"itemListElement\":[{\"@type\":\"ListItem\",\"position\":1,\"name\":\"In\u00edcio\",\"item\":\"https:\/\/agenciainfra.com\/blog\/\"},{\"@type\":\"ListItem\",\"position\":2,\"name\":\"Porto de Santos: Tarc\u00edsio diz que conversa com Lula foi boa. Mas prosseguimento da venda da SPA segue sendo dif\u00edcil\"}]},{\"@type\":\"WebSite\",\"@id\":\"https:\/\/agenciainfra.com\/blog\/#website\",\"url\":\"https:\/\/agenciainfra.com\/blog\/\",\"name\":\"Ag\u00eancia iNFRA\",\"description\":\"Multiplataforma de informa\u00e7\u00e3o jornal\u00edstica refer\u00eancia na \u00e1rea de infraestrutura no Brasil!\",\"publisher\":{\"@id\":\"https:\/\/agenciainfra.com\/blog\/#organization\"},\"potentialAction\":[{\"@type\":\"SearchAction\",\"target\":{\"@type\":\"EntryPoint\",\"urlTemplate\":\"https:\/\/agenciainfra.com\/blog\/?s={search_term_string}\"},\"query-input\":{\"@type\":\"PropertyValueSpecification\",\"valueRequired\":true,\"valueName\":\"search_term_string\"}}],\"inLanguage\":\"pt-BR\"},{\"@type\":\"Organization\",\"@id\":\"https:\/\/agenciainfra.com\/blog\/#organization\",\"name\":\"Ag\u00eancia iNFRA\",\"url\":\"https:\/\/agenciainfra.com\/blog\/\",\"logo\":{\"@type\":\"ImageObject\",\"inLanguage\":\"pt-BR\",\"@id\":\"https:\/\/agenciainfra.com\/blog\/#\/schema\/logo\/image\/\",\"url\":\"https:\/\/agenciainfra.com\/blog\/wp-content\/uploads\/2023\/09\/iNFRA_5-e1761735885940.png\",\"contentUrl\":\"https:\/\/agenciainfra.com\/blog\/wp-content\/uploads\/2023\/09\/iNFRA_5-e1761735885940.png\",\"width\":1672,\"height\":454,\"caption\":\"Ag\u00eancia iNFRA\"},\"image\":{\"@id\":\"https:\/\/agenciainfra.com\/blog\/#\/schema\/logo\/image\/\"},\"sameAs\":[\"https:\/\/www.facebook.com\/ageninfra\",\"https:\/\/x.com\/agencia_infra\",\"https:\/\/www.linkedin.com\/company\/ag\u00eanciainfra\/\",\"https:\/\/www.instagram.com\/agenciainfra\/\"]},{\"@type\":\"Person\",\"@id\":\"https:\/\/agenciainfra.com\/blog\/#\/schema\/person\/34af08dff6adea4cb22b06612ba7acfa\",\"name\":\"Ag\u00eancia iNFRA\",\"image\":{\"@type\":\"ImageObject\",\"inLanguage\":\"pt-BR\",\"@id\":\"https:\/\/agenciainfra.com\/blog\/#\/schema\/person\/image\/\",\"url\":\"https:\/\/secure.gravatar.com\/avatar\/d189e01678f06d8eb84d4e01f08eb848b3fffe3f8443818d3c356c66892f5be8?s=96&d=mm&r=g\",\"contentUrl\":\"https:\/\/secure.gravatar.com\/avatar\/d189e01678f06d8eb84d4e01f08eb848b3fffe3f8443818d3c356c66892f5be8?s=96&d=mm&r=g\",\"caption\":\"Ag\u00eancia iNFRA\"},\"url\":\"https:\/\/agenciainfra.com\/blog\/author\/admin\/\"}]}<\/script>\n<!-- \/ Yoast SEO Premium plugin. -->","yoast_head_json":{"title":"Porto de Santos: Tarc\u00edsio diz que conversa com Lula foi boa. Mas prosseguimento da venda da SPA segue sendo dif\u00edcil - Ag\u00eancia iNFRA","robots":{"index":"index","follow":"follow","max-snippet":"max-snippet:-1","max-image-preview":"max-image-preview:large","max-video-preview":"max-video-preview:-1"},"canonical":"https:\/\/agenciainfra.com\/blog\/porto-de-santos-tarcisio-diz-que-conversa-com-lula-foi-boa-mas-prosseguimento-da-venda-da-spa-segue-sendo-dificil\/","og_locale":"pt_BR","og_type":"article","og_title":"Porto de Santos: Tarc\u00edsio diz que conversa com Lula foi boa. Mas prosseguimento da venda da SPA segue sendo dif\u00edcil","og_description":"Dimmi Amora, da Ag\u00eancia iNFRA A desestatiza\u00e7\u00e3o do Porto de Santos (SP) foi um dos temas do primeiro encontro entre o presidente Lula e o governador de S\u00e3o Paulo, Tarc\u00edsio de Freitas, realizado na \u00faltima quarta-feira (11) no Pal\u00e1cio do Planalto. Os dois posaram para fotos juntos ap\u00f3s o encontro, o que foi divulgado nas [&hellip;]","og_url":"https:\/\/agenciainfra.com\/blog\/porto-de-santos-tarcisio-diz-que-conversa-com-lula-foi-boa-mas-prosseguimento-da-venda-da-spa-segue-sendo-dificil\/","og_site_name":"Ag\u00eancia iNFRA","article_publisher":"https:\/\/www.facebook.com\/ageninfra","article_published_time":"2023-01-13T12:00:00+00:00","og_image":[{"width":1280,"height":851,"url":"https:\/\/agenciainfra.com\/blog\/wp-content\/uploads\/2023\/01\/lula-tarcisio-foto-ricardo-stuckert-redes-sociais.png","type":"image\/png"}],"author":"Ag\u00eancia iNFRA","twitter_card":"summary_large_image","twitter_creator":"@agencia_infra","twitter_site":"@agencia_infra","twitter_misc":{"Escrito por":"Ag\u00eancia iNFRA","Est. tempo de leitura":"4 minutos"},"schema":{"@context":"https:\/\/schema.org","@graph":[{"@type":"Article","@id":"https:\/\/agenciainfra.com\/blog\/porto-de-santos-tarcisio-diz-que-conversa-com-lula-foi-boa-mas-prosseguimento-da-venda-da-spa-segue-sendo-dificil\/#article","isPartOf":{"@id":"https:\/\/agenciainfra.com\/blog\/porto-de-santos-tarcisio-diz-que-conversa-com-lula-foi-boa-mas-prosseguimento-da-venda-da-spa-segue-sendo-dificil\/"},"author":{"name":"Ag\u00eancia iNFRA","@id":"https:\/\/agenciainfra.com\/blog\/#\/schema\/person\/34af08dff6adea4cb22b06612ba7acfa"},"headline":"Porto de Santos: Tarc\u00edsio diz que conversa com Lula foi boa. Mas prosseguimento da venda da SPA segue sendo dif\u00edcil","datePublished":"2023-01-13T12:00:00+00:00","mainEntityOfPage":{"@id":"https:\/\/agenciainfra.com\/blog\/porto-de-santos-tarcisio-diz-que-conversa-com-lula-foi-boa-mas-prosseguimento-da-venda-da-spa-segue-sendo-dificil\/"},"wordCount":813,"publisher":{"@id":"https:\/\/agenciainfra.com\/blog\/#organization"},"image":{"@id":"https:\/\/agenciainfra.com\/blog\/porto-de-santos-tarcisio-diz-que-conversa-com-lula-foi-boa-mas-prosseguimento-da-venda-da-spa-segue-sendo-dificil\/#primaryimage"},"thumbnailUrl":"https:\/\/agenciainfra.com\/blog\/wp-content\/uploads\/2023\/01\/lula-tarcisio-foto-ricardo-stuckert-redes-sociais.png","keywords":["Bruno Dantas","desestatiza\u00e7\u00e3o","Helder Barbalho","Lula","Porto de Santos","PPI","Privatiza\u00e7\u00e3o","Programa de Parcerias de Investimentos","Santos Port Authority","SPA","Tarc\u00edsio de Freitas","TCU","Tribunal de Contas da Uni\u00e3o"],"articleSection":["Geral","iNFRATransporte"],"inLanguage":"pt-BR","copyrightYear":"2023","copyrightHolder":{"@id":"https:\/\/agenciainfra.com\/blog\/#organization"}},{"@type":"WebPage","@id":"https:\/\/agenciainfra.com\/blog\/porto-de-santos-tarcisio-diz-que-conversa-com-lula-foi-boa-mas-prosseguimento-da-venda-da-spa-segue-sendo-dificil\/","url":"https:\/\/agenciainfra.com\/blog\/porto-de-santos-tarcisio-diz-que-conversa-com-lula-foi-boa-mas-prosseguimento-da-venda-da-spa-segue-sendo-dificil\/","name":"Porto de Santos: Tarc\u00edsio diz que conversa com Lula foi boa. Mas prosseguimento da venda da SPA segue sendo dif\u00edcil - Ag\u00eancia iNFRA","isPartOf":{"@id":"https:\/\/agenciainfra.com\/blog\/#website"},"primaryImageOfPage":{"@id":"https:\/\/agenciainfra.com\/blog\/porto-de-santos-tarcisio-diz-que-conversa-com-lula-foi-boa-mas-prosseguimento-da-venda-da-spa-segue-sendo-dificil\/#primaryimage"},"image":{"@id":"https:\/\/agenciainfra.com\/blog\/porto-de-santos-tarcisio-diz-que-conversa-com-lula-foi-boa-mas-prosseguimento-da-venda-da-spa-segue-sendo-dificil\/#primaryimage"},"thumbnailUrl":"https:\/\/agenciainfra.com\/blog\/wp-content\/uploads\/2023\/01\/lula-tarcisio-foto-ricardo-stuckert-redes-sociais.png","datePublished":"2023-01-13T12:00:00+00:00","breadcrumb":{"@id":"https:\/\/agenciainfra.com\/blog\/porto-de-santos-tarcisio-diz-que-conversa-com-lula-foi-boa-mas-prosseguimento-da-venda-da-spa-segue-sendo-dificil\/#breadcrumb"},"inLanguage":"pt-BR","potentialAction":[{"@type":"ReadAction","target":["https:\/\/agenciainfra.com\/blog\/porto-de-santos-tarcisio-diz-que-conversa-com-lula-foi-boa-mas-prosseguimento-da-venda-da-spa-segue-sendo-dificil\/"]}]},{"@type":"ImageObject","inLanguage":"pt-BR","@id":"https:\/\/agenciainfra.com\/blog\/porto-de-santos-tarcisio-diz-que-conversa-com-lula-foi-boa-mas-prosseguimento-da-venda-da-spa-segue-sendo-dificil\/#primaryimage","url":"https:\/\/agenciainfra.com\/blog\/wp-content\/uploads\/2023\/01\/lula-tarcisio-foto-ricardo-stuckert-redes-sociais.png","contentUrl":"https:\/\/agenciainfra.com\/blog\/wp-content\/uploads\/2023\/01\/lula-tarcisio-foto-ricardo-stuckert-redes-sociais.png","width":1280,"height":851},{"@type":"BreadcrumbList","@id":"https:\/\/agenciainfra.com\/blog\/porto-de-santos-tarcisio-diz-que-conversa-com-lula-foi-boa-mas-prosseguimento-da-venda-da-spa-segue-sendo-dificil\/#breadcrumb","itemListElement":[{"@type":"ListItem","position":1,"name":"In\u00edcio","item":"https:\/\/agenciainfra.com\/blog\/"},{"@type":"ListItem","position":2,"name":"Porto de Santos: Tarc\u00edsio diz que conversa com Lula foi boa. Mas prosseguimento da venda da SPA segue sendo dif\u00edcil"}]},{"@type":"WebSite","@id":"https:\/\/agenciainfra.com\/blog\/#website","url":"https:\/\/agenciainfra.com\/blog\/","name":"Ag\u00eancia iNFRA","description":"Multiplataforma de informa\u00e7\u00e3o jornal\u00edstica refer\u00eancia na \u00e1rea de infraestrutura no Brasil!","publisher":{"@id":"https:\/\/agenciainfra.com\/blog\/#organization"},"potentialAction":[{"@type":"SearchAction","target":{"@type":"EntryPoint","urlTemplate":"https:\/\/agenciainfra.com\/blog\/?s={search_term_string}"},"query-input":{"@type":"PropertyValueSpecification","valueRequired":true,"valueName":"search_term_string"}}],"inLanguage":"pt-BR"},{"@type":"Organization","@id":"https:\/\/agenciainfra.com\/blog\/#organization","name":"Ag\u00eancia iNFRA","url":"https:\/\/agenciainfra.com\/blog\/","logo":{"@type":"ImageObject","inLanguage":"pt-BR","@id":"https:\/\/agenciainfra.com\/blog\/#\/schema\/logo\/image\/","url":"https:\/\/agenciainfra.com\/blog\/wp-content\/uploads\/2023\/09\/iNFRA_5-e1761735885940.png","contentUrl":"https:\/\/agenciainfra.com\/blog\/wp-content\/uploads\/2023\/09\/iNFRA_5-e1761735885940.png","width":1672,"height":454,"caption":"Ag\u00eancia iNFRA"},"image":{"@id":"https:\/\/agenciainfra.com\/blog\/#\/schema\/logo\/image\/"},"sameAs":["https:\/\/www.facebook.com\/ageninfra","https:\/\/x.com\/agencia_infra","https:\/\/www.linkedin.com\/company\/ag\u00eanciainfra\/","https:\/\/www.instagram.com\/agenciainfra\/"]},{"@type":"Person","@id":"https:\/\/agenciainfra.com\/blog\/#\/schema\/person\/34af08dff6adea4cb22b06612ba7acfa","name":"Ag\u00eancia iNFRA","image":{"@type":"ImageObject","inLanguage":"pt-BR","@id":"https:\/\/agenciainfra.com\/blog\/#\/schema\/person\/image\/","url":"https:\/\/secure.gravatar.com\/avatar\/d189e01678f06d8eb84d4e01f08eb848b3fffe3f8443818d3c356c66892f5be8?s=96&d=mm&r=g","contentUrl":"https:\/\/secure.gravatar.com\/avatar\/d189e01678f06d8eb84d4e01f08eb848b3fffe3f8443818d3c356c66892f5be8?s=96&d=mm&r=g","caption":"Ag\u00eancia iNFRA"},"url":"https:\/\/agenciainfra.com\/blog\/author\/admin\/"}]}},"_links":{"self":[{"href":"https:\/\/agenciainfra.com\/blog\/wp-json\/wp\/v2\/posts\/12030","targetHints":{"allow":["GET"]}}],"collection":[{"href":"https:\/\/agenciainfra.com\/blog\/wp-json\/wp\/v2\/posts"}],"about":[{"href":"https:\/\/agenciainfra.com\/blog\/wp-json\/wp\/v2\/types\/post"}],"author":[{"embeddable":true,"href":"https:\/\/agenciainfra.com\/blog\/wp-json\/wp\/v2\/users\/1"}],"replies":[{"embeddable":true,"href":"https:\/\/agenciainfra.com\/blog\/wp-json\/wp\/v2\/comments?post=12030"}],"version-history":[{"count":0,"href":"https:\/\/agenciainfra.com\/blog\/wp-json\/wp\/v2\/posts\/12030\/revisions"}],"wp:featuredmedia":[{"embeddable":true,"href":"https:\/\/agenciainfra.com\/blog\/wp-json\/wp\/v2\/media\/12031"}],"wp:attachment":[{"href":"https:\/\/agenciainfra.com\/blog\/wp-json\/wp\/v2\/media?parent=12030"}],"wp:term":[{"taxonomy":"category","embeddable":true,"href":"https:\/\/agenciainfra.com\/blog\/wp-json\/wp\/v2\/categories?post=12030"},{"taxonomy":"post_tag","embeddable":true,"href":"https:\/\/agenciainfra.com\/blog\/wp-json\/wp\/v2\/tags?post=12030"}],"curies":[{"name":"wp","href":"https:\/\/api.w.org\/{rel}","templated":true}]}}