{"id":12047,"date":"2023-01-17T11:00:00","date_gmt":"2023-01-17T14:00:00","guid":{"rendered":"https:\/\/www.agenciainfra.com\/blog\/?p=12047"},"modified":"2023-01-16T20:18:18","modified_gmt":"2023-01-16T23:18:18","slug":"infradebate-regulamentacao-do-termo-de-ajuste-de-conduta-na-antaq-caminhos-para-regulacao-responsiva","status":"publish","type":"post","link":"https:\/\/agenciainfra.com\/blog\/infradebate-regulamentacao-do-termo-de-ajuste-de-conduta-na-antaq-caminhos-para-regulacao-responsiva\/","title":{"rendered":"iNFRADebate: Regulamenta\u00e7\u00e3o do termo de ajuste de conduta na ANTAQ \u2013 Caminhos para regula\u00e7\u00e3o responsiva?"},"content":{"rendered":"\n<p class=\"has-text-align-right\"><strong>The\u00f3filo Miguel de Aquino*, Amanda Ribeiro Lemos** e Rafael Naves Navarro***<\/strong><\/p>\n\n\n\n<p>A ANTAQ (Ag\u00eancia Nacional de Transportes Aquavi\u00e1rios) publicou, recentemente, a Resolu\u00e7\u00e3o 92\/2022, que inaugura novo marco quanto aos crit\u00e9rios e aos procedimentos para celebra\u00e7\u00e3o de TAC (termo de compromisso de ajustamento de conduta) perante a ag\u00eancia. Desde 2014, a celebra\u00e7\u00e3o de TAC com a ANTAQ era regulada pelo, ora revogado, cap\u00edtulo V da Resolu\u00e7\u00e3o 3.259\/2014, que trata sobre procedimentos fiscalizat\u00f3rios e sancionadores de compet\u00eancia da ag\u00eancia.<\/p>\n\n\n\n<p>A elabora\u00e7\u00e3o desse novo normativo faz parte dos temas definidos na agenda regulat\u00f3ria do tri\u00eanio 2022-2024 da ANTAQ e era aguardada para auxiliar na resolu\u00e7\u00e3o negociada de processos sancionadores em curso.\u00a0<\/p>\n\n\n\n<p>Antes de modernizar as normas sobre o TAC, a ANTAQ j\u00e1 havia reformulado seu Plano Plurianual de Fiscaliza\u00e7\u00e3o para o quadri\u00eanio 2020-2023, incluindo o Modelo Quantitativo de Risco, que analisa o hist\u00f3rico comportamental dos fiscalizados para definir a frequ\u00eancia das a\u00e7\u00f5es fiscalizadoras e a intensidade das san\u00e7\u00f5es aplicadas<sup>1<\/sup>.<\/p>\n\n\n\n<p>Tais inova\u00e7\u00f5es podem ser entendidas como integrantes do modelo de regula\u00e7\u00e3o responsiva da ag\u00eancia, o qual refere-se a um conjunto de medidas com o objetivo de incentivar o cumprimento volunt\u00e1rio das regras de organiza\u00e7\u00e3o e de fomento do mercado regulado, com modula\u00e7\u00e3o de san\u00e7\u00f5es a atores privados com base em crit\u00e9rios como a gravidade do il\u00edcito, a reincid\u00eancia e a necessidade de repara\u00e7\u00e3o de danos \u00e0 coletividade<sup>2<\/sup>.<\/p>\n\n\n\n<p>Seguindo essa tend\u00eancia, a edi\u00e7\u00e3o da nova resolu\u00e7\u00e3o revela a preocupa\u00e7\u00e3o da ag\u00eancia com a moderniza\u00e7\u00e3o e sistematiza\u00e7\u00e3o de suas normas fiscalizat\u00f3rias. O instituto do TAC revela-se como uma medida alternativa \u00e0 san\u00e7\u00e3o administrativa e pode ser igualmente utilizado como possibilidade \u00e0 ado\u00e7\u00e3o de medida administrativa cautelar, para mitigar graves riscos \u00e0 seguran\u00e7a, ao meio ambiente, \u00e0 sa\u00fade p\u00fablica ou \u00e0 sociedade, em mat\u00e9ria de compet\u00eancia da ANTAQ.\u00a0<\/p>\n\n\n\n<p>Ao longo de sua elabora\u00e7\u00e3o, alguns dispositivos da resolu\u00e7\u00e3o sofreram altera\u00e7\u00f5es relevantes em rela\u00e7\u00e3o \u00e0 primeira minuta apresentada. Dentre eles, chama a aten\u00e7\u00e3o o disposto no art. 1\u00ba, \u00a73\u00ba, o qual prev\u00ea que a assinatura do TAC n\u00e3o importa confiss\u00e3o da compromiss\u00e1ria quanto \u00e0 mat\u00e9ria de fato, nem ao reconhecimento de ilicitude da conduta em apura\u00e7\u00e3o.<\/p>\n\n\n\n<p>Outra altera\u00e7\u00e3o significativa refere-se \u00e0 faculdade concedida tanto ao interessado quanto \u00e0 autoridade competente para propor a celebra\u00e7\u00e3o de TAC at\u00e9 o t\u00e9rmino do prazo para apresenta\u00e7\u00e3o de recurso volunt\u00e1rio do processo administrativo sancionador. Em suas primeiras vers\u00f5es, a resolu\u00e7\u00e3o n\u00e3o previa a possibilidade de o particular apresentar pedido para a celebra\u00e7\u00e3o de TAC. Ademais, a janela de oportunidade processual para celebra\u00e7\u00e3o do TAC se limitava, nos termos da resolu\u00e7\u00e3o anterior, \u00e0 elabora\u00e7\u00e3o do primeiro parecer t\u00e9cnico instrut\u00f3rio.<\/p>\n\n\n\n<p>Dessa forma, percebe-se uma evolu\u00e7\u00e3o da regula\u00e7\u00e3o responsiva exercida pela ag\u00eancia, na medida em que se valorizam institutos afastados da regula\u00e7\u00e3o feita exclusivamente com base na l\u00f3gica do comando, do controle e das san\u00e7\u00f5es. O diretor Alexandre Lopes, em seu voto na delibera\u00e7\u00e3o que aprovou a resolu\u00e7\u00e3o, afirmou que:<\/p>\n\n\n\n<p>\u201cA natureza do TAC n\u00e3o \u00e9 punitiva, sancionadora ou contenciosa, pois constitui uma importante ferramenta regulat\u00f3ria utilizada por esta ag\u00eancia reguladora para alcan\u00e7ar os objetivos program\u00e1ticos estabelecidos na legisla\u00e7\u00e3o do transporte aquavi\u00e1rio, tais como a presta\u00e7\u00e3o do servi\u00e7o de forma adequada, o cumprimento das normas regulat\u00f3rias e contratuais, e o aprimoramento da atividade regulada\u201d<sup>3<\/sup>.<\/p>\n\n\n\n<p>Em que pese a norma seja expl\u00edcita quanto \u00e0 imediata aplica\u00e7\u00e3o aos processos em andamento, certamente o modelo ser\u00e1 aperfei\u00e7oado, assim como eventuais d\u00favidas ser\u00e3o sanadas, \u00e0 medida em que surjam as primeiras negocia\u00e7\u00f5es para a celebra\u00e7\u00e3o de TAC.&nbsp;<\/p>\n\n\n\n<p>Enquanto isso, os interessados no setor aguardam para verificar se os temas da Agenda Regulat\u00f3ria 2022-2024 \u2013 dentre os quais destacam-se a da regulamenta\u00e7\u00e3o de procedimento para a harmoniza\u00e7\u00e3o de conflitos entre agentes do setor regulado e da atualiza\u00e7\u00e3o da norma que disciplina o processo administrativo sancionador \u2013\u00a0 tamb\u00e9m se pautar\u00e3o pela l\u00f3gica da fiscaliza\u00e7\u00e3o responsiva e pelo princ\u00edpio da coopera\u00e7\u00e3o entre a ag\u00eancia e seus regulados, como ocorreu com o aperfei\u00e7oamento das normas relativas ao TAC.<\/p>\n\n\n\n<h6 class=\"wp-block-heading\" id=\"block-aa9ff8cf-f9c2-435f-85ff-56a599c37bc9\"><strong>1 Segundo o portal da ag\u00eancia, o Modelo Quantitativo de Risco \u201cse caracteriza como sendo um modelo de fiscaliza\u00e7\u00e3o responsiva, cuja principal estrat\u00e9gia \u00e9 a an\u00e1lise do hist\u00f3rico comportamental dos agentes fiscalizados para que as a\u00e7\u00f5es fiscalizat\u00f3rias sejam proporcionais \u00e0 conduta hist\u00f3rica identificada\u201d. Dispon\u00edvel em &lt; <a href=\"https:\/\/www.gov.br\/antaq\/pt-br\/assuntos\/fiscalizacao\/planos-de-fiscalizacao\">https:\/\/www.gov.br\/antaq\/pt-br\/assuntos\/fiscalizacao\/planos-de-fiscalizacao<\/a> >. Acesso em 2 de janeiro de 2023.<\/strong><\/h6>\n\n\n\n<h6 class=\"wp-block-heading\" id=\"block-aa9ff8cf-f9c2-435f-85ff-56a599c37bc9\"><strong>2 Sobre o tema, vale conferir a obra de ARANHA, M\u00e1rcio I\u00f3rio. Manual de Direito Regulat\u00f3rio: Fundamentos de Direito Regulat\u00f3rio \/ M\u00e1rcio Iorio Aranha. 6. ed. rev. ampl. \u2013 London : Laccademia Publishing, 2021. Cap\u00edtulo 2.9.<\/strong><\/h6>\n\n\n\n<h6 class=\"wp-block-heading\" id=\"block-aa9ff8cf-f9c2-435f-85ff-56a599c37bc9\"><strong>3 Ac\u00f3rd\u00e3o n\u00ba 650\/2022-ANTAQ. Relator: Alexandre Ribeiro Pereira Lopes. Julgado em 7 de dezembro de 2022. Dispon\u00edvel em &lt;<a href=\"https:\/\/sei.antaq.gov.br\/sei\/modulos\/\/pesquisa\/\/md_pesq_processo_exibir.php?wt7h6hFBI_9S3DJjGLl0dpQiiSEQL4RcICP821UP_Zu3te9Mz8pMgdSFPXZPRHsDc8jMQ17erGYJfOcrc-boq8LWVBv46n8Vg-f4qJPYs-QnjKC72lqd3FdDsfrtfNNa\">https:\/\/sei.antaq.gov.br\/sei\/modulos\/\/pesquisa\/\/md_pesq_processo_exibir.php?wt7h6hFBI_9S3DJjGLl0dpQiiSEQL4RcICP821UP_Zu3te9Mz8pMgdSFPXZPRHsDc8jMQ17erGYJfOcrc-boq8LWVBv46n8Vg-f4qJPYs-QnjKC72lqd3FdDsfrtfNNa<\/a>><\/strong><\/h6>\n\n\n\n<h6 class=\"wp-block-heading\" id=\"block-aa9ff8cf-f9c2-435f-85ff-56a599c37bc9\"><strong>*<strong>The\u00f3filo Miguel de Aquino \u00e9 advogado s\u00eanior do Piquet, Magaldi e Guedes Advogados. Doutorando em Direito e Desenvolvimento pela FGV Direito SP. Mestre em Direito pela FGV Direito SP<\/strong><\/strong>.<\/h6>\n\n\n\n<h6 class=\"wp-block-heading\" id=\"block-aa9ff8cf-f9c2-435f-85ff-56a599c37bc9\"><strong>**<strong>Amanda Ribeiro Lemos \u00e9 advogada do Piquet, Magaldi e Guedes Advogados. P\u00f3s-graduada em Direito Civil e Processo Civil pela Escola da Magistratura. Graduada em Direito pelo Centro Universit\u00e1rio de Bras\u00edlia<\/strong><\/strong>.<\/h6>\n\n\n\n<h6 class=\"wp-block-heading\" id=\"block-aa9ff8cf-f9c2-435f-85ff-56a599c37bc9\"><strong><strong>***Rafael Naves Navarro<\/strong> \u00e9 estagi\u00e1rio do Piquet, Magaldi e Guedes Advogados. Graduando em Direito pela Universidade de Bras\u00edlia<\/strong>.<\/h6>\n\n\n\n<h5 class=\"wp-block-heading\" id=\"block-d67878ff-7627-4f15-b175-8f58269174ff\">O iNFRADebate \u00e9 o espa\u00e7o de artigos da Ag\u00eancia iNFRA com opini\u00f5es de seus atores que n\u00e3o refletem necessariamente o pensamento da Ag\u00eancia iNFRA, sendo de total responsabilidade do autor as informa\u00e7\u00f5es, ju\u00edzos de valor e conceitos descritos no texto.<\/h5>\n","protected":false},"excerpt":{"rendered":"<p>The\u00f3filo Miguel de Aquino*, Amanda Ribeiro Lemos** e Rafael Naves Navarro*** A ANTAQ (Ag\u00eancia Nacional de Transportes Aquavi\u00e1rios) publicou, recentemente, a Resolu\u00e7\u00e3o 92\/2022, que inaugura novo marco quanto aos crit\u00e9rios e aos procedimentos para celebra\u00e7\u00e3o de TAC (termo de compromisso de ajustamento de conduta) perante a ag\u00eancia. Desde 2014, a celebra\u00e7\u00e3o de TAC com a [&hellip;]<\/p>\n","protected":false},"author":1,"featured_media":6458,"comment_status":"closed","ping_status":"closed","sticky":false,"template":"","format":"standard","meta":{"_monsterinsights_skip_tracking":false,"_monsterinsights_sitenote_active":false,"_monsterinsights_sitenote_note":"","_monsterinsights_sitenote_category":0,"footnotes":""},"categories":[1,11],"tags":[6285,6281,86,6284,6283,6282,3408,6279,6280],"class_list":["post-12047","post","type-post","status-publish","format-standard","has-post-thumbnail","hentry","category-geral","category-infradebate","tag-alexandre-lopes","tag-amanda-ribeiro-lemos","tag-antaq","tag-modelo-quantitativo-de-risco","tag-plano-plurianual-de-fiscalizacao","tag-rafael-naves-navarro","tag-regulacao-responsiva","tag-termo-de-ajuste-de-conduta","tag-theofilo-miguel-de-aquino"],"yoast_head":"<!-- This site is optimized with the Yoast SEO Premium plugin v25.4 (Yoast SEO v26.0) - https:\/\/yoast.com\/wordpress\/plugins\/seo\/ -->\n<title>iNFRADebate: Regulamenta\u00e7\u00e3o do termo de ajuste de conduta na ANTAQ \u2013 Caminhos para regula\u00e7\u00e3o responsiva? - Ag\u00eancia iNFRA<\/title>\n<meta name=\"robots\" content=\"index, follow, max-snippet:-1, max-image-preview:large, max-video-preview:-1\" \/>\n<link rel=\"canonical\" href=\"https:\/\/agenciainfra.com\/blog\/infradebate-regulamentacao-do-termo-de-ajuste-de-conduta-na-antaq-caminhos-para-regulacao-responsiva\/\" \/>\n<meta property=\"og:locale\" content=\"pt_BR\" \/>\n<meta property=\"og:type\" content=\"article\" \/>\n<meta property=\"og:title\" content=\"iNFRADebate: Regulamenta\u00e7\u00e3o do termo de ajuste de conduta na ANTAQ \u2013 Caminhos para regula\u00e7\u00e3o responsiva?\" \/>\n<meta property=\"og:description\" content=\"The\u00f3filo Miguel de Aquino*, Amanda Ribeiro Lemos** e Rafael Naves Navarro*** A ANTAQ (Ag\u00eancia Nacional de Transportes Aquavi\u00e1rios) publicou, recentemente, a Resolu\u00e7\u00e3o 92\/2022, que inaugura novo marco quanto aos crit\u00e9rios e aos procedimentos para celebra\u00e7\u00e3o de TAC (termo de compromisso de ajustamento de conduta) perante a ag\u00eancia. Desde 2014, a celebra\u00e7\u00e3o de TAC com a [&hellip;]\" \/>\n<meta property=\"og:url\" content=\"https:\/\/agenciainfra.com\/blog\/infradebate-regulamentacao-do-termo-de-ajuste-de-conduta-na-antaq-caminhos-para-regulacao-responsiva\/\" \/>\n<meta property=\"og:site_name\" content=\"Ag\u00eancia iNFRA\" \/>\n<meta property=\"article:publisher\" content=\"https:\/\/www.facebook.com\/ageninfra\" \/>\n<meta property=\"article:published_time\" content=\"2023-01-17T14:00:00+00:00\" \/>\n<meta property=\"og:image\" content=\"https:\/\/agenciainfra.com\/blog\/wp-content\/uploads\/2020\/12\/fachada-antaq-foto-antaq.jpg\" \/>\n\t<meta property=\"og:image:width\" content=\"1280\" \/>\n\t<meta property=\"og:image:height\" content=\"719\" \/>\n\t<meta property=\"og:image:type\" content=\"image\/jpeg\" \/>\n<meta name=\"author\" content=\"Ag\u00eancia iNFRA\" \/>\n<meta name=\"twitter:card\" content=\"summary_large_image\" \/>\n<meta name=\"twitter:creator\" content=\"@agencia_infra\" \/>\n<meta name=\"twitter:site\" content=\"@agencia_infra\" \/>\n<meta name=\"twitter:label1\" content=\"Escrito por\" \/>\n\t<meta name=\"twitter:data1\" content=\"Ag\u00eancia iNFRA\" \/>\n\t<meta name=\"twitter:label2\" content=\"Est. tempo de leitura\" \/>\n\t<meta name=\"twitter:data2\" content=\"5 minutos\" \/>\n<script type=\"application\/ld+json\" class=\"yoast-schema-graph\">{\"@context\":\"https:\/\/schema.org\",\"@graph\":[{\"@type\":\"Article\",\"@id\":\"https:\/\/agenciainfra.com\/blog\/infradebate-regulamentacao-do-termo-de-ajuste-de-conduta-na-antaq-caminhos-para-regulacao-responsiva\/#article\",\"isPartOf\":{\"@id\":\"https:\/\/agenciainfra.com\/blog\/infradebate-regulamentacao-do-termo-de-ajuste-de-conduta-na-antaq-caminhos-para-regulacao-responsiva\/\"},\"author\":{\"name\":\"Ag\u00eancia iNFRA\",\"@id\":\"https:\/\/agenciainfra.com\/blog\/#\/schema\/person\/34af08dff6adea4cb22b06612ba7acfa\"},\"headline\":\"iNFRADebate: Regulamenta\u00e7\u00e3o do termo de ajuste de conduta na ANTAQ \u2013 Caminhos para regula\u00e7\u00e3o responsiva?\",\"datePublished\":\"2023-01-17T14:00:00+00:00\",\"mainEntityOfPage\":{\"@id\":\"https:\/\/agenciainfra.com\/blog\/infradebate-regulamentacao-do-termo-de-ajuste-de-conduta-na-antaq-caminhos-para-regulacao-responsiva\/\"},\"wordCount\":1030,\"publisher\":{\"@id\":\"https:\/\/agenciainfra.com\/blog\/#organization\"},\"image\":{\"@id\":\"https:\/\/agenciainfra.com\/blog\/infradebate-regulamentacao-do-termo-de-ajuste-de-conduta-na-antaq-caminhos-para-regulacao-responsiva\/#primaryimage\"},\"thumbnailUrl\":\"https:\/\/agenciainfra.com\/blog\/wp-content\/uploads\/2020\/12\/fachada-antaq-foto-antaq.jpg\",\"keywords\":[\"Alexandre Lopes\",\"Amanda Ribeiro Lemos\",\"ANTAQ\",\"Modelo Quantitativo de Risco\",\"Plano Plurianual de Fiscaliza\u00e7\u00e3o\",\"Rafael Naves Navarro\",\"regula\u00e7\u00e3o responsiva\",\"termo de ajuste de conduta\",\"The\u00f3filo Miguel de Aquino\"],\"articleSection\":[\"Geral\",\"iNFRADebate\"],\"inLanguage\":\"pt-BR\",\"copyrightYear\":\"2023\",\"copyrightHolder\":{\"@id\":\"https:\/\/agenciainfra.com\/blog\/#organization\"}},{\"@type\":\"WebPage\",\"@id\":\"https:\/\/agenciainfra.com\/blog\/infradebate-regulamentacao-do-termo-de-ajuste-de-conduta-na-antaq-caminhos-para-regulacao-responsiva\/\",\"url\":\"https:\/\/agenciainfra.com\/blog\/infradebate-regulamentacao-do-termo-de-ajuste-de-conduta-na-antaq-caminhos-para-regulacao-responsiva\/\",\"name\":\"iNFRADebate: Regulamenta\u00e7\u00e3o do termo de ajuste de conduta na ANTAQ \u2013 Caminhos para regula\u00e7\u00e3o responsiva? - Ag\u00eancia iNFRA\",\"isPartOf\":{\"@id\":\"https:\/\/agenciainfra.com\/blog\/#website\"},\"primaryImageOfPage\":{\"@id\":\"https:\/\/agenciainfra.com\/blog\/infradebate-regulamentacao-do-termo-de-ajuste-de-conduta-na-antaq-caminhos-para-regulacao-responsiva\/#primaryimage\"},\"image\":{\"@id\":\"https:\/\/agenciainfra.com\/blog\/infradebate-regulamentacao-do-termo-de-ajuste-de-conduta-na-antaq-caminhos-para-regulacao-responsiva\/#primaryimage\"},\"thumbnailUrl\":\"https:\/\/agenciainfra.com\/blog\/wp-content\/uploads\/2020\/12\/fachada-antaq-foto-antaq.jpg\",\"datePublished\":\"2023-01-17T14:00:00+00:00\",\"breadcrumb\":{\"@id\":\"https:\/\/agenciainfra.com\/blog\/infradebate-regulamentacao-do-termo-de-ajuste-de-conduta-na-antaq-caminhos-para-regulacao-responsiva\/#breadcrumb\"},\"inLanguage\":\"pt-BR\",\"potentialAction\":[{\"@type\":\"ReadAction\",\"target\":[\"https:\/\/agenciainfra.com\/blog\/infradebate-regulamentacao-do-termo-de-ajuste-de-conduta-na-antaq-caminhos-para-regulacao-responsiva\/\"]}]},{\"@type\":\"ImageObject\",\"inLanguage\":\"pt-BR\",\"@id\":\"https:\/\/agenciainfra.com\/blog\/infradebate-regulamentacao-do-termo-de-ajuste-de-conduta-na-antaq-caminhos-para-regulacao-responsiva\/#primaryimage\",\"url\":\"https:\/\/agenciainfra.com\/blog\/wp-content\/uploads\/2020\/12\/fachada-antaq-foto-antaq.jpg\",\"contentUrl\":\"https:\/\/agenciainfra.com\/blog\/wp-content\/uploads\/2020\/12\/fachada-antaq-foto-antaq.jpg\",\"width\":1280,\"height\":719,\"caption\":\"Foto: ANTAQ\"},{\"@type\":\"BreadcrumbList\",\"@id\":\"https:\/\/agenciainfra.com\/blog\/infradebate-regulamentacao-do-termo-de-ajuste-de-conduta-na-antaq-caminhos-para-regulacao-responsiva\/#breadcrumb\",\"itemListElement\":[{\"@type\":\"ListItem\",\"position\":1,\"name\":\"In\u00edcio\",\"item\":\"https:\/\/agenciainfra.com\/blog\/\"},{\"@type\":\"ListItem\",\"position\":2,\"name\":\"iNFRADebate: Regulamenta\u00e7\u00e3o do termo de ajuste de conduta na ANTAQ \u2013 Caminhos para regula\u00e7\u00e3o responsiva?\"}]},{\"@type\":\"WebSite\",\"@id\":\"https:\/\/agenciainfra.com\/blog\/#website\",\"url\":\"https:\/\/agenciainfra.com\/blog\/\",\"name\":\"Ag\u00eancia iNFRA\",\"description\":\"Multiplataforma de informa\u00e7\u00e3o jornal\u00edstica refer\u00eancia na \u00e1rea de infraestrutura no Brasil!\",\"publisher\":{\"@id\":\"https:\/\/agenciainfra.com\/blog\/#organization\"},\"potentialAction\":[{\"@type\":\"SearchAction\",\"target\":{\"@type\":\"EntryPoint\",\"urlTemplate\":\"https:\/\/agenciainfra.com\/blog\/?s={search_term_string}\"},\"query-input\":{\"@type\":\"PropertyValueSpecification\",\"valueRequired\":true,\"valueName\":\"search_term_string\"}}],\"inLanguage\":\"pt-BR\"},{\"@type\":\"Organization\",\"@id\":\"https:\/\/agenciainfra.com\/blog\/#organization\",\"name\":\"Ag\u00eancia iNFRA\",\"url\":\"https:\/\/agenciainfra.com\/blog\/\",\"logo\":{\"@type\":\"ImageObject\",\"inLanguage\":\"pt-BR\",\"@id\":\"https:\/\/agenciainfra.com\/blog\/#\/schema\/logo\/image\/\",\"url\":\"https:\/\/agenciainfra.com\/blog\/wp-content\/uploads\/2023\/09\/iNFRA_5-e1761735885940.png\",\"contentUrl\":\"https:\/\/agenciainfra.com\/blog\/wp-content\/uploads\/2023\/09\/iNFRA_5-e1761735885940.png\",\"width\":1672,\"height\":454,\"caption\":\"Ag\u00eancia iNFRA\"},\"image\":{\"@id\":\"https:\/\/agenciainfra.com\/blog\/#\/schema\/logo\/image\/\"},\"sameAs\":[\"https:\/\/www.facebook.com\/ageninfra\",\"https:\/\/x.com\/agencia_infra\",\"https:\/\/www.linkedin.com\/company\/ag\u00eanciainfra\/\",\"https:\/\/www.instagram.com\/agenciainfra\/\"]},{\"@type\":\"Person\",\"@id\":\"https:\/\/agenciainfra.com\/blog\/#\/schema\/person\/34af08dff6adea4cb22b06612ba7acfa\",\"name\":\"Ag\u00eancia iNFRA\",\"image\":{\"@type\":\"ImageObject\",\"inLanguage\":\"pt-BR\",\"@id\":\"https:\/\/agenciainfra.com\/blog\/#\/schema\/person\/image\/\",\"url\":\"https:\/\/secure.gravatar.com\/avatar\/d189e01678f06d8eb84d4e01f08eb848b3fffe3f8443818d3c356c66892f5be8?s=96&d=mm&r=g\",\"contentUrl\":\"https:\/\/secure.gravatar.com\/avatar\/d189e01678f06d8eb84d4e01f08eb848b3fffe3f8443818d3c356c66892f5be8?s=96&d=mm&r=g\",\"caption\":\"Ag\u00eancia iNFRA\"},\"url\":\"https:\/\/agenciainfra.com\/blog\/author\/admin\/\"}]}<\/script>\n<!-- \/ Yoast SEO Premium plugin. -->","yoast_head_json":{"title":"iNFRADebate: Regulamenta\u00e7\u00e3o do termo de ajuste de conduta na ANTAQ \u2013 Caminhos para regula\u00e7\u00e3o responsiva? - Ag\u00eancia iNFRA","robots":{"index":"index","follow":"follow","max-snippet":"max-snippet:-1","max-image-preview":"max-image-preview:large","max-video-preview":"max-video-preview:-1"},"canonical":"https:\/\/agenciainfra.com\/blog\/infradebate-regulamentacao-do-termo-de-ajuste-de-conduta-na-antaq-caminhos-para-regulacao-responsiva\/","og_locale":"pt_BR","og_type":"article","og_title":"iNFRADebate: Regulamenta\u00e7\u00e3o do termo de ajuste de conduta na ANTAQ \u2013 Caminhos para regula\u00e7\u00e3o responsiva?","og_description":"The\u00f3filo Miguel de Aquino*, Amanda Ribeiro Lemos** e Rafael Naves Navarro*** A ANTAQ (Ag\u00eancia Nacional de Transportes Aquavi\u00e1rios) publicou, recentemente, a Resolu\u00e7\u00e3o 92\/2022, que inaugura novo marco quanto aos crit\u00e9rios e aos procedimentos para celebra\u00e7\u00e3o de TAC (termo de compromisso de ajustamento de conduta) perante a ag\u00eancia. Desde 2014, a celebra\u00e7\u00e3o de TAC com a [&hellip;]","og_url":"https:\/\/agenciainfra.com\/blog\/infradebate-regulamentacao-do-termo-de-ajuste-de-conduta-na-antaq-caminhos-para-regulacao-responsiva\/","og_site_name":"Ag\u00eancia iNFRA","article_publisher":"https:\/\/www.facebook.com\/ageninfra","article_published_time":"2023-01-17T14:00:00+00:00","og_image":[{"width":1280,"height":719,"url":"https:\/\/agenciainfra.com\/blog\/wp-content\/uploads\/2020\/12\/fachada-antaq-foto-antaq.jpg","type":"image\/jpeg"}],"author":"Ag\u00eancia iNFRA","twitter_card":"summary_large_image","twitter_creator":"@agencia_infra","twitter_site":"@agencia_infra","twitter_misc":{"Escrito por":"Ag\u00eancia iNFRA","Est. tempo de leitura":"5 minutos"},"schema":{"@context":"https:\/\/schema.org","@graph":[{"@type":"Article","@id":"https:\/\/agenciainfra.com\/blog\/infradebate-regulamentacao-do-termo-de-ajuste-de-conduta-na-antaq-caminhos-para-regulacao-responsiva\/#article","isPartOf":{"@id":"https:\/\/agenciainfra.com\/blog\/infradebate-regulamentacao-do-termo-de-ajuste-de-conduta-na-antaq-caminhos-para-regulacao-responsiva\/"},"author":{"name":"Ag\u00eancia iNFRA","@id":"https:\/\/agenciainfra.com\/blog\/#\/schema\/person\/34af08dff6adea4cb22b06612ba7acfa"},"headline":"iNFRADebate: Regulamenta\u00e7\u00e3o do termo de ajuste de conduta na ANTAQ \u2013 Caminhos para regula\u00e7\u00e3o responsiva?","datePublished":"2023-01-17T14:00:00+00:00","mainEntityOfPage":{"@id":"https:\/\/agenciainfra.com\/blog\/infradebate-regulamentacao-do-termo-de-ajuste-de-conduta-na-antaq-caminhos-para-regulacao-responsiva\/"},"wordCount":1030,"publisher":{"@id":"https:\/\/agenciainfra.com\/blog\/#organization"},"image":{"@id":"https:\/\/agenciainfra.com\/blog\/infradebate-regulamentacao-do-termo-de-ajuste-de-conduta-na-antaq-caminhos-para-regulacao-responsiva\/#primaryimage"},"thumbnailUrl":"https:\/\/agenciainfra.com\/blog\/wp-content\/uploads\/2020\/12\/fachada-antaq-foto-antaq.jpg","keywords":["Alexandre Lopes","Amanda Ribeiro Lemos","ANTAQ","Modelo Quantitativo de Risco","Plano Plurianual de Fiscaliza\u00e7\u00e3o","Rafael Naves Navarro","regula\u00e7\u00e3o responsiva","termo de ajuste de conduta","The\u00f3filo Miguel de Aquino"],"articleSection":["Geral","iNFRADebate"],"inLanguage":"pt-BR","copyrightYear":"2023","copyrightHolder":{"@id":"https:\/\/agenciainfra.com\/blog\/#organization"}},{"@type":"WebPage","@id":"https:\/\/agenciainfra.com\/blog\/infradebate-regulamentacao-do-termo-de-ajuste-de-conduta-na-antaq-caminhos-para-regulacao-responsiva\/","url":"https:\/\/agenciainfra.com\/blog\/infradebate-regulamentacao-do-termo-de-ajuste-de-conduta-na-antaq-caminhos-para-regulacao-responsiva\/","name":"iNFRADebate: Regulamenta\u00e7\u00e3o do termo de ajuste de conduta na ANTAQ \u2013 Caminhos para regula\u00e7\u00e3o responsiva? - Ag\u00eancia iNFRA","isPartOf":{"@id":"https:\/\/agenciainfra.com\/blog\/#website"},"primaryImageOfPage":{"@id":"https:\/\/agenciainfra.com\/blog\/infradebate-regulamentacao-do-termo-de-ajuste-de-conduta-na-antaq-caminhos-para-regulacao-responsiva\/#primaryimage"},"image":{"@id":"https:\/\/agenciainfra.com\/blog\/infradebate-regulamentacao-do-termo-de-ajuste-de-conduta-na-antaq-caminhos-para-regulacao-responsiva\/#primaryimage"},"thumbnailUrl":"https:\/\/agenciainfra.com\/blog\/wp-content\/uploads\/2020\/12\/fachada-antaq-foto-antaq.jpg","datePublished":"2023-01-17T14:00:00+00:00","breadcrumb":{"@id":"https:\/\/agenciainfra.com\/blog\/infradebate-regulamentacao-do-termo-de-ajuste-de-conduta-na-antaq-caminhos-para-regulacao-responsiva\/#breadcrumb"},"inLanguage":"pt-BR","potentialAction":[{"@type":"ReadAction","target":["https:\/\/agenciainfra.com\/blog\/infradebate-regulamentacao-do-termo-de-ajuste-de-conduta-na-antaq-caminhos-para-regulacao-responsiva\/"]}]},{"@type":"ImageObject","inLanguage":"pt-BR","@id":"https:\/\/agenciainfra.com\/blog\/infradebate-regulamentacao-do-termo-de-ajuste-de-conduta-na-antaq-caminhos-para-regulacao-responsiva\/#primaryimage","url":"https:\/\/agenciainfra.com\/blog\/wp-content\/uploads\/2020\/12\/fachada-antaq-foto-antaq.jpg","contentUrl":"https:\/\/agenciainfra.com\/blog\/wp-content\/uploads\/2020\/12\/fachada-antaq-foto-antaq.jpg","width":1280,"height":719,"caption":"Foto: ANTAQ"},{"@type":"BreadcrumbList","@id":"https:\/\/agenciainfra.com\/blog\/infradebate-regulamentacao-do-termo-de-ajuste-de-conduta-na-antaq-caminhos-para-regulacao-responsiva\/#breadcrumb","itemListElement":[{"@type":"ListItem","position":1,"name":"In\u00edcio","item":"https:\/\/agenciainfra.com\/blog\/"},{"@type":"ListItem","position":2,"name":"iNFRADebate: Regulamenta\u00e7\u00e3o do termo de ajuste de conduta na ANTAQ \u2013 Caminhos para regula\u00e7\u00e3o responsiva?"}]},{"@type":"WebSite","@id":"https:\/\/agenciainfra.com\/blog\/#website","url":"https:\/\/agenciainfra.com\/blog\/","name":"Ag\u00eancia iNFRA","description":"Multiplataforma de informa\u00e7\u00e3o jornal\u00edstica refer\u00eancia na \u00e1rea de infraestrutura no Brasil!","publisher":{"@id":"https:\/\/agenciainfra.com\/blog\/#organization"},"potentialAction":[{"@type":"SearchAction","target":{"@type":"EntryPoint","urlTemplate":"https:\/\/agenciainfra.com\/blog\/?s={search_term_string}"},"query-input":{"@type":"PropertyValueSpecification","valueRequired":true,"valueName":"search_term_string"}}],"inLanguage":"pt-BR"},{"@type":"Organization","@id":"https:\/\/agenciainfra.com\/blog\/#organization","name":"Ag\u00eancia iNFRA","url":"https:\/\/agenciainfra.com\/blog\/","logo":{"@type":"ImageObject","inLanguage":"pt-BR","@id":"https:\/\/agenciainfra.com\/blog\/#\/schema\/logo\/image\/","url":"https:\/\/agenciainfra.com\/blog\/wp-content\/uploads\/2023\/09\/iNFRA_5-e1761735885940.png","contentUrl":"https:\/\/agenciainfra.com\/blog\/wp-content\/uploads\/2023\/09\/iNFRA_5-e1761735885940.png","width":1672,"height":454,"caption":"Ag\u00eancia iNFRA"},"image":{"@id":"https:\/\/agenciainfra.com\/blog\/#\/schema\/logo\/image\/"},"sameAs":["https:\/\/www.facebook.com\/ageninfra","https:\/\/x.com\/agencia_infra","https:\/\/www.linkedin.com\/company\/ag\u00eanciainfra\/","https:\/\/www.instagram.com\/agenciainfra\/"]},{"@type":"Person","@id":"https:\/\/agenciainfra.com\/blog\/#\/schema\/person\/34af08dff6adea4cb22b06612ba7acfa","name":"Ag\u00eancia iNFRA","image":{"@type":"ImageObject","inLanguage":"pt-BR","@id":"https:\/\/agenciainfra.com\/blog\/#\/schema\/person\/image\/","url":"https:\/\/secure.gravatar.com\/avatar\/d189e01678f06d8eb84d4e01f08eb848b3fffe3f8443818d3c356c66892f5be8?s=96&d=mm&r=g","contentUrl":"https:\/\/secure.gravatar.com\/avatar\/d189e01678f06d8eb84d4e01f08eb848b3fffe3f8443818d3c356c66892f5be8?s=96&d=mm&r=g","caption":"Ag\u00eancia iNFRA"},"url":"https:\/\/agenciainfra.com\/blog\/author\/admin\/"}]}},"_links":{"self":[{"href":"https:\/\/agenciainfra.com\/blog\/wp-json\/wp\/v2\/posts\/12047","targetHints":{"allow":["GET"]}}],"collection":[{"href":"https:\/\/agenciainfra.com\/blog\/wp-json\/wp\/v2\/posts"}],"about":[{"href":"https:\/\/agenciainfra.com\/blog\/wp-json\/wp\/v2\/types\/post"}],"author":[{"embeddable":true,"href":"https:\/\/agenciainfra.com\/blog\/wp-json\/wp\/v2\/users\/1"}],"replies":[{"embeddable":true,"href":"https:\/\/agenciainfra.com\/blog\/wp-json\/wp\/v2\/comments?post=12047"}],"version-history":[{"count":0,"href":"https:\/\/agenciainfra.com\/blog\/wp-json\/wp\/v2\/posts\/12047\/revisions"}],"wp:featuredmedia":[{"embeddable":true,"href":"https:\/\/agenciainfra.com\/blog\/wp-json\/wp\/v2\/media\/6458"}],"wp:attachment":[{"href":"https:\/\/agenciainfra.com\/blog\/wp-json\/wp\/v2\/media?parent=12047"}],"wp:term":[{"taxonomy":"category","embeddable":true,"href":"https:\/\/agenciainfra.com\/blog\/wp-json\/wp\/v2\/categories?post=12047"},{"taxonomy":"post_tag","embeddable":true,"href":"https:\/\/agenciainfra.com\/blog\/wp-json\/wp\/v2\/tags?post=12047"}],"curies":[{"name":"wp","href":"https:\/\/api.w.org\/{rel}","templated":true}]}}