{"id":12058,"date":"2023-01-19T11:00:00","date_gmt":"2023-01-19T14:00:00","guid":{"rendered":"https:\/\/www.agenciainfra.com\/blog\/?p=12058"},"modified":"2023-01-18T19:05:48","modified_gmt":"2023-01-18T22:05:48","slug":"infradebate-o-que-a-agenda-regulatoria-da-antt-reserva-para-o-setor-de-logistica-neste-bienio-2023-24","status":"publish","type":"post","link":"https:\/\/agenciainfra.com\/blog\/infradebate-o-que-a-agenda-regulatoria-da-antt-reserva-para-o-setor-de-logistica-neste-bienio-2023-24\/","title":{"rendered":"iNFRADebate: O que a agenda regulat\u00f3ria da ANTT reserva para o setor de log\u00edstica neste bi\u00eanio 2023\/24?"},"content":{"rendered":"\n<p class=\"has-text-align-right\"><strong>Rafael Fernandes, Mariana Avelar, Caroline Batista, Andr\u00e9 Curiati e Alexandre Mundim*<\/strong><\/p>\n\n\n\n<p>Ao fim de novembro de 2022, a ANTT (Ag\u00eancia Nacional de Transportes Terrestres) publicou a Delibera\u00e7\u00e3o 358\/2022, na qual consta sua Agenda Regulat\u00f3ria para 2023\/2024. Divididos em cinco eixos tem\u00e1ticos, foram indicados mais de 30 temas como prioridade regulat\u00f3ria para o pr\u00f3ximo bi\u00eanio.\u00a0<\/p>\n\n\n\n<p>Abaixo os principais aspectos de interesse para o setor de log\u00edstica, nos \u00e2mbitos do transporte rodovi\u00e1rio e ferrovi\u00e1rio.&nbsp;<\/p>\n\n\n\n<p><strong>Temas comuns aos setores rodovi\u00e1rios e ferrovi\u00e1rios<\/strong><br>A ANTT pretende implementar um sistema de governan\u00e7a nos contratos de concess\u00f5es rodovi\u00e1ria e ferrovi\u00e1ria, desenvolvendo ferramentas que a auxiliem na gest\u00e3o contratual. Para isso, a agenda regulat\u00f3ria estabelece a regulamenta\u00e7\u00e3o da inspe\u00e7\u00e3o acreditada e do Comit\u00ea de Resolu\u00e7\u00e3o de Conflitos (<em>Dispute Board<\/em>).<\/p>\n\n\n\n<p>A inspe\u00e7\u00e3o acreditada consiste na verifica\u00e7\u00e3o da ader\u00eancia de projetos de engenharia e obras ao contrato de concess\u00e3o e a normas t\u00e9cnicas, sendo realizada por um OIA (Organismo de Inspe\u00e7\u00e3o Acreditado) pelo Inmetro e contratado pela concession\u00e1ria.\u00a0<\/p>\n\n\n\n<p>Sua ado\u00e7\u00e3o atende a duas finalidades principais: <strong><em>(i)<\/em><\/strong> assegurar a qualidade t\u00e9cnica dos projetos e obras apresentados pela concession\u00e1ria, e <strong><em>(ii)<\/em><\/strong> atribuir maior celeridade ao processo de recebimento dos projetos e obras pela ANTT.&nbsp;<\/p>\n\n\n\n<p>O <em>dispute board<\/em>, por sua vez, \u00e9 mecanismo de preven\u00e7\u00e3o e resolu\u00e7\u00e3o de controv\u00e9rsias voltado ao acompanhamento da execu\u00e7\u00e3o contratual e ao apoio \u00e0s partes na solu\u00e7\u00e3o de discuss\u00f5es de natureza t\u00e9cnica ou econ\u00f4mico-financeira.&nbsp;<\/p>\n\n\n\n<p>Sua atua\u00e7\u00e3o \u00e9 relevante nos ciclos de investimentos das concess\u00f5es, etapa que tende a gerar mais conflitos entre as partes, dada a quantia de recursos a serem despendidos pela concession\u00e1ria e a complexidade t\u00e9cnica das interven\u00e7\u00f5es. A presen\u00e7a do comit\u00ea, nesse sentido, contribuiu para a eficaz e r\u00e1pida solu\u00e7\u00e3o de conflitos, possibilitando que os investimentos sejam tempestivamente realizados.<\/p>\n\n\n\n<p>A regulamenta\u00e7\u00e3o proposta pela ANTT endere\u00e7a condicionante do TCU (Tribunal de Contas da Uni\u00e3o). Para a Corte de Contas, seria necess\u00e1ria norma espec\u00edfica da ag\u00eancia sobre o tema.\u00a0<\/p>\n\n\n\n<p><strong>Rodovias<\/strong><br>No eixo tem\u00e1tico de infraestrutura rodovi\u00e1ria federal, a principal prioridade da ANTT para o pr\u00f3ximo bi\u00eanio \u00e9 a publica\u00e7\u00e3o dos RCRs (Regulamentos de Concess\u00f5es Rodovi\u00e1rias) ainda pendentes.\u00a0<\/p>\n\n\n\n<p>Trata-se de esfor\u00e7o empreendido pela ag\u00eancia para uniformizar e consolidar o tratamento regulat\u00f3rio de diversos temas de concess\u00f5es rodovi\u00e1rias, at\u00e9 ent\u00e3o disciplinados de forma individual por cada contrato ou de forma esparsa por uma mir\u00edade de resolu\u00e7\u00f5es.\u00a0<\/p>\n\n\n\n<p>Planeja-se para o bi\u00eanio de 2023\/2024 a publica\u00e7\u00e3o das tr\u00eas normas remanescentes, que versar\u00e3o sobre a aloca\u00e7\u00e3o de riscos e manuten\u00e7\u00e3o do equil\u00edbrio econ\u00f4mico-financeiro dos contratos de concess\u00e3o rodovi\u00e1ria (RCR3), mensura\u00e7\u00e3o de desempenho, fiscaliza\u00e7\u00e3o e penaliza\u00e7\u00e3o das concess\u00f5es rodovi\u00e1rias (RCR4), e resolu\u00e7\u00e3o de controv\u00e9rsias e encerramento contratual (RCR5). Os RCR4 e RCR5 ainda se encontram em fase de estudos, tendo o primeiro se tornado recentemente objeto de <a href=\"https:\/\/participantt.antt.gov.br\/Site\/AudienciaPublica\/VisualizarAvisoAudienciaPublica.aspx?CodigoAudiencia=524\">reuni\u00e3o participativa no \u00e2mbito da ANTT<\/a>, mas o RCR3 j\u00e1 teve sua minuta publicada e submetida a procedimento de audi\u00eancia p\u00fablica.<\/p>\n\n\n\n<p>Tal minuta, ademais, traz a primeira regulamenta\u00e7\u00e3o da ANTT voltada \u00e0 implementa\u00e7\u00e3o do sistema de livre passagem (<em>free flow<\/em>), outro dos temas inclu\u00eddos na Agenda Regulat\u00f3ria 2023\/4 e que deve ser priorit\u00e1rio para a ag\u00eancia no pr\u00f3ximo bi\u00eanio.\u00a0<\/p>\n\n\n\n<p>Sobre o <em>free flow<\/em>, o tema vem ganhando repercuss\u00e3o no setor e hoje j\u00e1 surgem os primeiros contratos licitados que preveem a ado\u00e7\u00e3o obrigat\u00f3ria do sistema.&nbsp;<\/p>\n\n\n\n<p>A multiplicidade de medidas regulat\u00f3rias publicadas ou em estudo no setor, contudo, n\u00e3o oferece motivos para encerrar a discuss\u00e3o sobre o tema. Pelo contr\u00e1rio, persistem as incertezas quanto \u00e0 operacionaliza\u00e7\u00e3o e convers\u00e3o do sistema de cobran\u00e7a por pra\u00e7as de ped\u00e1gios ao sistema de fluxo livre, raz\u00e3o adicional pela qual a confirma\u00e7\u00e3o do <em>free flow<\/em> na nova agenda regulat\u00f3ria da ANTT \u00e9 bom sinal.<\/p>\n\n\n\n<p>O eixo tem\u00e1tico de infraestrutura rodovi\u00e1ria federal da agenda regulat\u00f3ria ainda prev\u00ea para o bi\u00eanio 2023\/2024 a revis\u00e3o do processo de fiscaliza\u00e7\u00e3o econ\u00f4mico-financeira da infraestrutura rodovi\u00e1ria, com vistas \u00e0 simplifica\u00e7\u00e3o de custos da metodologia atual e \u00e0 implementa\u00e7\u00e3o dos pontos de parada e descanso para caminhoneiros, regulamentados ao fim de 2019.<\/p>\n\n\n\n<p><strong>Ferrovias<\/strong><br>No setor ferrovi\u00e1rio, aguarda-se a continuidade do processo de regulamenta\u00e7\u00e3o do Marco Legal do Setor Ferrovi\u00e1rio. Nesse sentido, a ANTT anuncia que pretende disciplinar o procedimento para o chamamento p\u00fablico para a identifica\u00e7\u00e3o e sele\u00e7\u00e3o de interessados em obter autoriza\u00e7\u00f5es.\u00a0<\/p>\n\n\n\n<p>O Minist\u00e9rio da Infraestrutura disciplinou parte do tema no Decreto 11.245\/2022 e definiu a compet\u00eancia da ANTT para instaurar o processo de chamamento. Tal decreto deixou algumas lacunas que devem ser preenchidas pela ANTT, como o chamamento para a devolu\u00e7\u00e3o de trechos, que carece de crit\u00e9rios para se conferir seguran\u00e7a jur\u00eddica na verifica\u00e7\u00e3o da ociosidade de trechos vinculados \u00e0s concess\u00f5es vigentes.\u00a0<\/p>\n\n\n\n<p>A ANTT perpetua na agenda regulat\u00f3ria de 2023\/2024 o pol\u00eamico tema da regulamenta\u00e7\u00e3o das opera\u00e7\u00f5es acess\u00f3rias no transporte ferrovi\u00e1rio de cargas.\u00a0Atualmente, essas opera\u00e7\u00f5es\u00a0 s\u00e3o prestadas em regime de liberdade de pre\u00e7os, mas isso n\u00e3o \u00e9 imune a cr\u00edticas. Usu\u00e1rios entendem que h\u00e1 abusividade na cobran\u00e7a e na delimita\u00e7\u00e3o do objeto das opera\u00e7\u00f5es acess\u00f3rias e o TCU tem pressionado a ANTT para agir.\u00a0<\/p>\n\n\n\n<p>Em 2021, a ANTT apresentou algumas solu\u00e7\u00f5es. Destaca-se a sugest\u00e3o de cria\u00e7\u00e3o do Ipoa (Indicador de Participa\u00e7\u00e3o das Opera\u00e7\u00f5es Acess\u00f3rias na Receita de Transporte), cujo intuito de estabelecer um par\u00e2metro para a cobran\u00e7a dos pre\u00e7os nas opera\u00e7\u00f5es acess\u00f3rias n\u00e3o gerou consenso entre <em>stakeholders.<\/em> Com a promulga\u00e7\u00e3o do marco legal do setor, a regulamenta\u00e7\u00e3o deste ganhou prem\u00eancia na ag\u00eancia, retirando o foco das discuss\u00f5es referentes \u00e0s receitas acess\u00f3rias. Cabe \u00e0 ANTT ponderar os interesses entre concession\u00e1rias e usu\u00e1rios e oferecer uma solu\u00e7\u00e3o regulat\u00f3ria adequada.\u00a0<\/p>\n\n\n\n<p>Al\u00e9m disso, \u00e9 poss\u00edvel observar que est\u00e1 no radar da ANTT a disciplina de aspectos sens\u00edveis das concess\u00f5es ferrovi\u00e1rias, como a defini\u00e7\u00e3o de servi\u00e7o adequado e reversibilidade de bens. Com a proximidade do fim dos primeiros contratos de concess\u00e3o ferrovi\u00e1ria, o tema ganhou <em>momentum<\/em>. Para serem prorrogados, a ANTT precisa avaliar se o servi\u00e7o foi prestado de forma adequada, j\u00e1 que esses contratos previam apenas o cumprimento de \u00edndices de produtividade e redu\u00e7\u00e3o de acidentes, insuficientes para a avalia\u00e7\u00e3o do servi\u00e7o. Se n\u00e3o forem prorrogados, a defini\u00e7\u00e3o sobre os bens revers\u00edveis \u00e9 essencial para se conferir seguran\u00e7a jur\u00eddica e evitar litigiosidade.<\/p>\n\n\n\n<h6 class=\"wp-block-heading\" id=\"block-aa9ff8cf-f9c2-435f-85ff-56a599c37bc9\"><strong>*<strong><strong>Rafael Fernandes, Mariana Avelar, Caroline Batista, Andr\u00e9 Curiati e Alexandre Mundim s\u00e3o membros da \u00e1rea de infraestrutura log\u00edstica da Manesco Advogados.<\/strong><\/strong><\/strong><\/h6>\n\n\n\n<h5 class=\"wp-block-heading\" id=\"block-d67878ff-7627-4f15-b175-8f58269174ff\">O iNFRADebate \u00e9 o espa\u00e7o de artigos da Ag\u00eancia iNFRA com opini\u00f5es de seus atores que n\u00e3o refletem necessariamente o pensamento da Ag\u00eancia iNFRA, sendo de total responsabilidade do autor as informa\u00e7\u00f5es, ju\u00edzos de valor e conceitos descritos no texto.<\/h5>\n","protected":false},"excerpt":{"rendered":"<p>Rafael Fernandes, Mariana Avelar, Caroline Batista, Andr\u00e9 Curiati e Alexandre Mundim* Ao fim de novembro de 2022, a ANTT (Ag\u00eancia Nacional de Transportes Terrestres) publicou a Delibera\u00e7\u00e3o 358\/2022, na qual consta sua Agenda Regulat\u00f3ria para 2023\/2024. Divididos em cinco eixos tem\u00e1ticos, foram indicados mais de 30 temas como prioridade regulat\u00f3ria para o pr\u00f3ximo bi\u00eanio.\u00a0 Abaixo [&hellip;]<\/p>\n","protected":false},"author":1,"featured_media":12059,"comment_status":"closed","ping_status":"closed","sticky":false,"template":"","format":"standard","meta":{"_monsterinsights_skip_tracking":false,"_monsterinsights_sitenote_active":false,"_monsterinsights_sitenote_note":"","_monsterinsights_sitenote_category":0,"footnotes":""},"categories":[1,11],"tags":[2540,6192,6193,19,6291,1365,1106,3018,66,2448,2800,6191,3406,18,1033,902],"class_list":["post-12058","post","type-post","status-publish","format-standard","has-post-thumbnail","hentry","category-geral","category-infradebate","tag-agenda-regulatoria","tag-alexandre-mundim","tag-andre-curiati","tag-antt","tag-caroline-batista","tag-dispute-board","tag-free-flow","tag-inspecao-acreditada","tag-logistica","tag-marco-legal-das-ferrovias","tag-mariana-avelar","tag-rafael-fernandes","tag-rcr","tag-tcu","tag-transporte-ferroviario","tag-transporte-rodoviario"],"yoast_head":"<!-- This site is optimized with the Yoast SEO Premium plugin v25.4 (Yoast SEO v26.0) - https:\/\/yoast.com\/wordpress\/plugins\/seo\/ -->\n<title>iNFRADebate: O que a agenda regulat\u00f3ria da ANTT reserva para o setor de log\u00edstica neste bi\u00eanio 2023\/24? - Ag\u00eancia iNFRA<\/title>\n<meta name=\"robots\" content=\"index, follow, max-snippet:-1, max-image-preview:large, max-video-preview:-1\" \/>\n<link rel=\"canonical\" href=\"https:\/\/agenciainfra.com\/blog\/infradebate-o-que-a-agenda-regulatoria-da-antt-reserva-para-o-setor-de-logistica-neste-bienio-2023-24\/\" \/>\n<meta property=\"og:locale\" content=\"pt_BR\" \/>\n<meta property=\"og:type\" content=\"article\" \/>\n<meta property=\"og:title\" content=\"iNFRADebate: O que a agenda regulat\u00f3ria da ANTT reserva para o setor de log\u00edstica neste bi\u00eanio 2023\/24?\" \/>\n<meta property=\"og:description\" content=\"Rafael Fernandes, Mariana Avelar, Caroline Batista, Andr\u00e9 Curiati e Alexandre Mundim* Ao fim de novembro de 2022, a ANTT (Ag\u00eancia Nacional de Transportes Terrestres) publicou a Delibera\u00e7\u00e3o 358\/2022, na qual consta sua Agenda Regulat\u00f3ria para 2023\/2024. Divididos em cinco eixos tem\u00e1ticos, foram indicados mais de 30 temas como prioridade regulat\u00f3ria para o pr\u00f3ximo bi\u00eanio.\u00a0 Abaixo [&hellip;]\" \/>\n<meta property=\"og:url\" content=\"https:\/\/agenciainfra.com\/blog\/infradebate-o-que-a-agenda-regulatoria-da-antt-reserva-para-o-setor-de-logistica-neste-bienio-2023-24\/\" \/>\n<meta property=\"og:site_name\" content=\"Ag\u00eancia iNFRA\" \/>\n<meta property=\"article:publisher\" content=\"https:\/\/www.facebook.com\/ageninfra\" \/>\n<meta property=\"article:published_time\" content=\"2023-01-19T14:00:00+00:00\" \/>\n<meta property=\"og:image\" content=\"https:\/\/agenciainfra.com\/blog\/wp-content\/uploads\/2023\/01\/antt-sede-foto-divulgacao.png\" \/>\n\t<meta property=\"og:image:width\" content=\"1280\" \/>\n\t<meta property=\"og:image:height\" content=\"853\" \/>\n\t<meta property=\"og:image:type\" content=\"image\/png\" \/>\n<meta name=\"author\" content=\"Ag\u00eancia iNFRA\" \/>\n<meta name=\"twitter:card\" content=\"summary_large_image\" \/>\n<meta name=\"twitter:creator\" content=\"@agencia_infra\" \/>\n<meta name=\"twitter:site\" content=\"@agencia_infra\" \/>\n<meta name=\"twitter:label1\" content=\"Escrito por\" \/>\n\t<meta name=\"twitter:data1\" content=\"Ag\u00eancia iNFRA\" \/>\n\t<meta name=\"twitter:label2\" content=\"Est. tempo de leitura\" \/>\n\t<meta name=\"twitter:data2\" content=\"6 minutos\" \/>\n<script type=\"application\/ld+json\" class=\"yoast-schema-graph\">{\"@context\":\"https:\/\/schema.org\",\"@graph\":[{\"@type\":\"Article\",\"@id\":\"https:\/\/agenciainfra.com\/blog\/infradebate-o-que-a-agenda-regulatoria-da-antt-reserva-para-o-setor-de-logistica-neste-bienio-2023-24\/#article\",\"isPartOf\":{\"@id\":\"https:\/\/agenciainfra.com\/blog\/infradebate-o-que-a-agenda-regulatoria-da-antt-reserva-para-o-setor-de-logistica-neste-bienio-2023-24\/\"},\"author\":{\"name\":\"Ag\u00eancia iNFRA\",\"@id\":\"https:\/\/agenciainfra.com\/blog\/#\/schema\/person\/34af08dff6adea4cb22b06612ba7acfa\"},\"headline\":\"iNFRADebate: O que a agenda regulat\u00f3ria da ANTT reserva para o setor de log\u00edstica neste bi\u00eanio 2023\/24?\",\"datePublished\":\"2023-01-19T14:00:00+00:00\",\"mainEntityOfPage\":{\"@id\":\"https:\/\/agenciainfra.com\/blog\/infradebate-o-que-a-agenda-regulatoria-da-antt-reserva-para-o-setor-de-logistica-neste-bienio-2023-24\/\"},\"wordCount\":1254,\"publisher\":{\"@id\":\"https:\/\/agenciainfra.com\/blog\/#organization\"},\"image\":{\"@id\":\"https:\/\/agenciainfra.com\/blog\/infradebate-o-que-a-agenda-regulatoria-da-antt-reserva-para-o-setor-de-logistica-neste-bienio-2023-24\/#primaryimage\"},\"thumbnailUrl\":\"https:\/\/agenciainfra.com\/blog\/wp-content\/uploads\/2023\/01\/antt-sede-foto-divulgacao.png\",\"keywords\":[\"agenda regulat\u00f3ria\",\"Alexandre Mundim\",\"Andr\u00e9 Curiati\",\"ANTT\",\"Caroline Batista\",\"dispute board\",\"free flow\",\"inspe\u00e7\u00e3o acreditada\",\"log\u00edstica\",\"Marco Legal das Ferrovias\",\"Mariana Avelar\",\"Rafael Fernandes\",\"RCR\",\"TCU\",\"transporte ferrovi\u00e1rio\",\"transporte rodovi\u00e1rio\"],\"articleSection\":[\"Geral\",\"iNFRADebate\"],\"inLanguage\":\"pt-BR\",\"copyrightYear\":\"2023\",\"copyrightHolder\":{\"@id\":\"https:\/\/agenciainfra.com\/blog\/#organization\"}},{\"@type\":\"WebPage\",\"@id\":\"https:\/\/agenciainfra.com\/blog\/infradebate-o-que-a-agenda-regulatoria-da-antt-reserva-para-o-setor-de-logistica-neste-bienio-2023-24\/\",\"url\":\"https:\/\/agenciainfra.com\/blog\/infradebate-o-que-a-agenda-regulatoria-da-antt-reserva-para-o-setor-de-logistica-neste-bienio-2023-24\/\",\"name\":\"iNFRADebate: O que a agenda regulat\u00f3ria da ANTT reserva para o setor de log\u00edstica neste bi\u00eanio 2023\/24? - Ag\u00eancia iNFRA\",\"isPartOf\":{\"@id\":\"https:\/\/agenciainfra.com\/blog\/#website\"},\"primaryImageOfPage\":{\"@id\":\"https:\/\/agenciainfra.com\/blog\/infradebate-o-que-a-agenda-regulatoria-da-antt-reserva-para-o-setor-de-logistica-neste-bienio-2023-24\/#primaryimage\"},\"image\":{\"@id\":\"https:\/\/agenciainfra.com\/blog\/infradebate-o-que-a-agenda-regulatoria-da-antt-reserva-para-o-setor-de-logistica-neste-bienio-2023-24\/#primaryimage\"},\"thumbnailUrl\":\"https:\/\/agenciainfra.com\/blog\/wp-content\/uploads\/2023\/01\/antt-sede-foto-divulgacao.png\",\"datePublished\":\"2023-01-19T14:00:00+00:00\",\"breadcrumb\":{\"@id\":\"https:\/\/agenciainfra.com\/blog\/infradebate-o-que-a-agenda-regulatoria-da-antt-reserva-para-o-setor-de-logistica-neste-bienio-2023-24\/#breadcrumb\"},\"inLanguage\":\"pt-BR\",\"potentialAction\":[{\"@type\":\"ReadAction\",\"target\":[\"https:\/\/agenciainfra.com\/blog\/infradebate-o-que-a-agenda-regulatoria-da-antt-reserva-para-o-setor-de-logistica-neste-bienio-2023-24\/\"]}]},{\"@type\":\"ImageObject\",\"inLanguage\":\"pt-BR\",\"@id\":\"https:\/\/agenciainfra.com\/blog\/infradebate-o-que-a-agenda-regulatoria-da-antt-reserva-para-o-setor-de-logistica-neste-bienio-2023-24\/#primaryimage\",\"url\":\"https:\/\/agenciainfra.com\/blog\/wp-content\/uploads\/2023\/01\/antt-sede-foto-divulgacao.png\",\"contentUrl\":\"https:\/\/agenciainfra.com\/blog\/wp-content\/uploads\/2023\/01\/antt-sede-foto-divulgacao.png\",\"width\":1280,\"height\":853,\"caption\":\"Foto: Divulga\u00e7\u00e3o ANTT\"},{\"@type\":\"BreadcrumbList\",\"@id\":\"https:\/\/agenciainfra.com\/blog\/infradebate-o-que-a-agenda-regulatoria-da-antt-reserva-para-o-setor-de-logistica-neste-bienio-2023-24\/#breadcrumb\",\"itemListElement\":[{\"@type\":\"ListItem\",\"position\":1,\"name\":\"In\u00edcio\",\"item\":\"https:\/\/agenciainfra.com\/blog\/\"},{\"@type\":\"ListItem\",\"position\":2,\"name\":\"iNFRADebate: O que a agenda regulat\u00f3ria da ANTT reserva para o setor de log\u00edstica neste bi\u00eanio 2023\/24?\"}]},{\"@type\":\"WebSite\",\"@id\":\"https:\/\/agenciainfra.com\/blog\/#website\",\"url\":\"https:\/\/agenciainfra.com\/blog\/\",\"name\":\"Ag\u00eancia iNFRA\",\"description\":\"Multiplataforma de informa\u00e7\u00e3o jornal\u00edstica refer\u00eancia na \u00e1rea de infraestrutura no Brasil!\",\"publisher\":{\"@id\":\"https:\/\/agenciainfra.com\/blog\/#organization\"},\"potentialAction\":[{\"@type\":\"SearchAction\",\"target\":{\"@type\":\"EntryPoint\",\"urlTemplate\":\"https:\/\/agenciainfra.com\/blog\/?s={search_term_string}\"},\"query-input\":{\"@type\":\"PropertyValueSpecification\",\"valueRequired\":true,\"valueName\":\"search_term_string\"}}],\"inLanguage\":\"pt-BR\"},{\"@type\":\"Organization\",\"@id\":\"https:\/\/agenciainfra.com\/blog\/#organization\",\"name\":\"Ag\u00eancia iNFRA\",\"url\":\"https:\/\/agenciainfra.com\/blog\/\",\"logo\":{\"@type\":\"ImageObject\",\"inLanguage\":\"pt-BR\",\"@id\":\"https:\/\/agenciainfra.com\/blog\/#\/schema\/logo\/image\/\",\"url\":\"https:\/\/agenciainfra.com\/blog\/wp-content\/uploads\/2023\/09\/iNFRA_5-e1761735885940.png\",\"contentUrl\":\"https:\/\/agenciainfra.com\/blog\/wp-content\/uploads\/2023\/09\/iNFRA_5-e1761735885940.png\",\"width\":1672,\"height\":454,\"caption\":\"Ag\u00eancia iNFRA\"},\"image\":{\"@id\":\"https:\/\/agenciainfra.com\/blog\/#\/schema\/logo\/image\/\"},\"sameAs\":[\"https:\/\/www.facebook.com\/ageninfra\",\"https:\/\/x.com\/agencia_infra\",\"https:\/\/www.linkedin.com\/company\/ag\u00eanciainfra\/\",\"https:\/\/www.instagram.com\/agenciainfra\/\"]},{\"@type\":\"Person\",\"@id\":\"https:\/\/agenciainfra.com\/blog\/#\/schema\/person\/34af08dff6adea4cb22b06612ba7acfa\",\"name\":\"Ag\u00eancia iNFRA\",\"image\":{\"@type\":\"ImageObject\",\"inLanguage\":\"pt-BR\",\"@id\":\"https:\/\/agenciainfra.com\/blog\/#\/schema\/person\/image\/\",\"url\":\"https:\/\/secure.gravatar.com\/avatar\/d189e01678f06d8eb84d4e01f08eb848b3fffe3f8443818d3c356c66892f5be8?s=96&d=mm&r=g\",\"contentUrl\":\"https:\/\/secure.gravatar.com\/avatar\/d189e01678f06d8eb84d4e01f08eb848b3fffe3f8443818d3c356c66892f5be8?s=96&d=mm&r=g\",\"caption\":\"Ag\u00eancia iNFRA\"},\"url\":\"https:\/\/agenciainfra.com\/blog\/author\/admin\/\"}]}<\/script>\n<!-- \/ Yoast SEO Premium plugin. -->","yoast_head_json":{"title":"iNFRADebate: O que a agenda regulat\u00f3ria da ANTT reserva para o setor de log\u00edstica neste bi\u00eanio 2023\/24? - Ag\u00eancia iNFRA","robots":{"index":"index","follow":"follow","max-snippet":"max-snippet:-1","max-image-preview":"max-image-preview:large","max-video-preview":"max-video-preview:-1"},"canonical":"https:\/\/agenciainfra.com\/blog\/infradebate-o-que-a-agenda-regulatoria-da-antt-reserva-para-o-setor-de-logistica-neste-bienio-2023-24\/","og_locale":"pt_BR","og_type":"article","og_title":"iNFRADebate: O que a agenda regulat\u00f3ria da ANTT reserva para o setor de log\u00edstica neste bi\u00eanio 2023\/24?","og_description":"Rafael Fernandes, Mariana Avelar, Caroline Batista, Andr\u00e9 Curiati e Alexandre Mundim* Ao fim de novembro de 2022, a ANTT (Ag\u00eancia Nacional de Transportes Terrestres) publicou a Delibera\u00e7\u00e3o 358\/2022, na qual consta sua Agenda Regulat\u00f3ria para 2023\/2024. Divididos em cinco eixos tem\u00e1ticos, foram indicados mais de 30 temas como prioridade regulat\u00f3ria para o pr\u00f3ximo bi\u00eanio.\u00a0 Abaixo [&hellip;]","og_url":"https:\/\/agenciainfra.com\/blog\/infradebate-o-que-a-agenda-regulatoria-da-antt-reserva-para-o-setor-de-logistica-neste-bienio-2023-24\/","og_site_name":"Ag\u00eancia iNFRA","article_publisher":"https:\/\/www.facebook.com\/ageninfra","article_published_time":"2023-01-19T14:00:00+00:00","og_image":[{"width":1280,"height":853,"url":"https:\/\/agenciainfra.com\/blog\/wp-content\/uploads\/2023\/01\/antt-sede-foto-divulgacao.png","type":"image\/png"}],"author":"Ag\u00eancia iNFRA","twitter_card":"summary_large_image","twitter_creator":"@agencia_infra","twitter_site":"@agencia_infra","twitter_misc":{"Escrito por":"Ag\u00eancia iNFRA","Est. tempo de leitura":"6 minutos"},"schema":{"@context":"https:\/\/schema.org","@graph":[{"@type":"Article","@id":"https:\/\/agenciainfra.com\/blog\/infradebate-o-que-a-agenda-regulatoria-da-antt-reserva-para-o-setor-de-logistica-neste-bienio-2023-24\/#article","isPartOf":{"@id":"https:\/\/agenciainfra.com\/blog\/infradebate-o-que-a-agenda-regulatoria-da-antt-reserva-para-o-setor-de-logistica-neste-bienio-2023-24\/"},"author":{"name":"Ag\u00eancia iNFRA","@id":"https:\/\/agenciainfra.com\/blog\/#\/schema\/person\/34af08dff6adea4cb22b06612ba7acfa"},"headline":"iNFRADebate: O que a agenda regulat\u00f3ria da ANTT reserva para o setor de log\u00edstica neste bi\u00eanio 2023\/24?","datePublished":"2023-01-19T14:00:00+00:00","mainEntityOfPage":{"@id":"https:\/\/agenciainfra.com\/blog\/infradebate-o-que-a-agenda-regulatoria-da-antt-reserva-para-o-setor-de-logistica-neste-bienio-2023-24\/"},"wordCount":1254,"publisher":{"@id":"https:\/\/agenciainfra.com\/blog\/#organization"},"image":{"@id":"https:\/\/agenciainfra.com\/blog\/infradebate-o-que-a-agenda-regulatoria-da-antt-reserva-para-o-setor-de-logistica-neste-bienio-2023-24\/#primaryimage"},"thumbnailUrl":"https:\/\/agenciainfra.com\/blog\/wp-content\/uploads\/2023\/01\/antt-sede-foto-divulgacao.png","keywords":["agenda regulat\u00f3ria","Alexandre Mundim","Andr\u00e9 Curiati","ANTT","Caroline Batista","dispute board","free flow","inspe\u00e7\u00e3o acreditada","log\u00edstica","Marco Legal das Ferrovias","Mariana Avelar","Rafael Fernandes","RCR","TCU","transporte ferrovi\u00e1rio","transporte rodovi\u00e1rio"],"articleSection":["Geral","iNFRADebate"],"inLanguage":"pt-BR","copyrightYear":"2023","copyrightHolder":{"@id":"https:\/\/agenciainfra.com\/blog\/#organization"}},{"@type":"WebPage","@id":"https:\/\/agenciainfra.com\/blog\/infradebate-o-que-a-agenda-regulatoria-da-antt-reserva-para-o-setor-de-logistica-neste-bienio-2023-24\/","url":"https:\/\/agenciainfra.com\/blog\/infradebate-o-que-a-agenda-regulatoria-da-antt-reserva-para-o-setor-de-logistica-neste-bienio-2023-24\/","name":"iNFRADebate: O que a agenda regulat\u00f3ria da ANTT reserva para o setor de log\u00edstica neste bi\u00eanio 2023\/24? - Ag\u00eancia iNFRA","isPartOf":{"@id":"https:\/\/agenciainfra.com\/blog\/#website"},"primaryImageOfPage":{"@id":"https:\/\/agenciainfra.com\/blog\/infradebate-o-que-a-agenda-regulatoria-da-antt-reserva-para-o-setor-de-logistica-neste-bienio-2023-24\/#primaryimage"},"image":{"@id":"https:\/\/agenciainfra.com\/blog\/infradebate-o-que-a-agenda-regulatoria-da-antt-reserva-para-o-setor-de-logistica-neste-bienio-2023-24\/#primaryimage"},"thumbnailUrl":"https:\/\/agenciainfra.com\/blog\/wp-content\/uploads\/2023\/01\/antt-sede-foto-divulgacao.png","datePublished":"2023-01-19T14:00:00+00:00","breadcrumb":{"@id":"https:\/\/agenciainfra.com\/blog\/infradebate-o-que-a-agenda-regulatoria-da-antt-reserva-para-o-setor-de-logistica-neste-bienio-2023-24\/#breadcrumb"},"inLanguage":"pt-BR","potentialAction":[{"@type":"ReadAction","target":["https:\/\/agenciainfra.com\/blog\/infradebate-o-que-a-agenda-regulatoria-da-antt-reserva-para-o-setor-de-logistica-neste-bienio-2023-24\/"]}]},{"@type":"ImageObject","inLanguage":"pt-BR","@id":"https:\/\/agenciainfra.com\/blog\/infradebate-o-que-a-agenda-regulatoria-da-antt-reserva-para-o-setor-de-logistica-neste-bienio-2023-24\/#primaryimage","url":"https:\/\/agenciainfra.com\/blog\/wp-content\/uploads\/2023\/01\/antt-sede-foto-divulgacao.png","contentUrl":"https:\/\/agenciainfra.com\/blog\/wp-content\/uploads\/2023\/01\/antt-sede-foto-divulgacao.png","width":1280,"height":853,"caption":"Foto: Divulga\u00e7\u00e3o ANTT"},{"@type":"BreadcrumbList","@id":"https:\/\/agenciainfra.com\/blog\/infradebate-o-que-a-agenda-regulatoria-da-antt-reserva-para-o-setor-de-logistica-neste-bienio-2023-24\/#breadcrumb","itemListElement":[{"@type":"ListItem","position":1,"name":"In\u00edcio","item":"https:\/\/agenciainfra.com\/blog\/"},{"@type":"ListItem","position":2,"name":"iNFRADebate: O que a agenda regulat\u00f3ria da ANTT reserva para o setor de log\u00edstica neste bi\u00eanio 2023\/24?"}]},{"@type":"WebSite","@id":"https:\/\/agenciainfra.com\/blog\/#website","url":"https:\/\/agenciainfra.com\/blog\/","name":"Ag\u00eancia iNFRA","description":"Multiplataforma de informa\u00e7\u00e3o jornal\u00edstica refer\u00eancia na \u00e1rea de infraestrutura no Brasil!","publisher":{"@id":"https:\/\/agenciainfra.com\/blog\/#organization"},"potentialAction":[{"@type":"SearchAction","target":{"@type":"EntryPoint","urlTemplate":"https:\/\/agenciainfra.com\/blog\/?s={search_term_string}"},"query-input":{"@type":"PropertyValueSpecification","valueRequired":true,"valueName":"search_term_string"}}],"inLanguage":"pt-BR"},{"@type":"Organization","@id":"https:\/\/agenciainfra.com\/blog\/#organization","name":"Ag\u00eancia iNFRA","url":"https:\/\/agenciainfra.com\/blog\/","logo":{"@type":"ImageObject","inLanguage":"pt-BR","@id":"https:\/\/agenciainfra.com\/blog\/#\/schema\/logo\/image\/","url":"https:\/\/agenciainfra.com\/blog\/wp-content\/uploads\/2023\/09\/iNFRA_5-e1761735885940.png","contentUrl":"https:\/\/agenciainfra.com\/blog\/wp-content\/uploads\/2023\/09\/iNFRA_5-e1761735885940.png","width":1672,"height":454,"caption":"Ag\u00eancia iNFRA"},"image":{"@id":"https:\/\/agenciainfra.com\/blog\/#\/schema\/logo\/image\/"},"sameAs":["https:\/\/www.facebook.com\/ageninfra","https:\/\/x.com\/agencia_infra","https:\/\/www.linkedin.com\/company\/ag\u00eanciainfra\/","https:\/\/www.instagram.com\/agenciainfra\/"]},{"@type":"Person","@id":"https:\/\/agenciainfra.com\/blog\/#\/schema\/person\/34af08dff6adea4cb22b06612ba7acfa","name":"Ag\u00eancia iNFRA","image":{"@type":"ImageObject","inLanguage":"pt-BR","@id":"https:\/\/agenciainfra.com\/blog\/#\/schema\/person\/image\/","url":"https:\/\/secure.gravatar.com\/avatar\/d189e01678f06d8eb84d4e01f08eb848b3fffe3f8443818d3c356c66892f5be8?s=96&d=mm&r=g","contentUrl":"https:\/\/secure.gravatar.com\/avatar\/d189e01678f06d8eb84d4e01f08eb848b3fffe3f8443818d3c356c66892f5be8?s=96&d=mm&r=g","caption":"Ag\u00eancia iNFRA"},"url":"https:\/\/agenciainfra.com\/blog\/author\/admin\/"}]}},"_links":{"self":[{"href":"https:\/\/agenciainfra.com\/blog\/wp-json\/wp\/v2\/posts\/12058","targetHints":{"allow":["GET"]}}],"collection":[{"href":"https:\/\/agenciainfra.com\/blog\/wp-json\/wp\/v2\/posts"}],"about":[{"href":"https:\/\/agenciainfra.com\/blog\/wp-json\/wp\/v2\/types\/post"}],"author":[{"embeddable":true,"href":"https:\/\/agenciainfra.com\/blog\/wp-json\/wp\/v2\/users\/1"}],"replies":[{"embeddable":true,"href":"https:\/\/agenciainfra.com\/blog\/wp-json\/wp\/v2\/comments?post=12058"}],"version-history":[{"count":0,"href":"https:\/\/agenciainfra.com\/blog\/wp-json\/wp\/v2\/posts\/12058\/revisions"}],"wp:featuredmedia":[{"embeddable":true,"href":"https:\/\/agenciainfra.com\/blog\/wp-json\/wp\/v2\/media\/12059"}],"wp:attachment":[{"href":"https:\/\/agenciainfra.com\/blog\/wp-json\/wp\/v2\/media?parent=12058"}],"wp:term":[{"taxonomy":"category","embeddable":true,"href":"https:\/\/agenciainfra.com\/blog\/wp-json\/wp\/v2\/categories?post=12058"},{"taxonomy":"post_tag","embeddable":true,"href":"https:\/\/agenciainfra.com\/blog\/wp-json\/wp\/v2\/tags?post=12058"}],"curies":[{"name":"wp","href":"https:\/\/api.w.org\/{rel}","templated":true}]}}