{"id":12070,"date":"2023-01-23T09:00:00","date_gmt":"2023-01-23T12:00:00","guid":{"rendered":"https:\/\/www.agenciainfra.com\/blog\/?p=12070"},"modified":"2023-01-20T19:42:54","modified_gmt":"2023-01-20T22:42:54","slug":"modelo-de-concessao-do-lote-de-rodovias-do-parana-deve-ser-mantido-com-alguns-ajustes-tecnicos","status":"publish","type":"post","link":"https:\/\/agenciainfra.com\/blog\/modelo-de-concessao-do-lote-de-rodovias-do-parana-deve-ser-mantido-com-alguns-ajustes-tecnicos\/","title":{"rendered":"Modelo de concess\u00e3o do lote de rodovias do Paran\u00e1 deve ser mantido, com alguns ajustes t\u00e9cnicos"},"content":{"rendered":"\n<p class=\"has-text-align-right\"><strong>Jenifer Ribeiro, da Ag\u00eancia iNFRA<\/strong><\/p>\n\n\n\n<p>A concess\u00e3o das rodovias do Paran\u00e1 seguir\u00e1 com a mesma modelagem, segundo acordaram o ministro\u00a0dos Transportes, Renan Filho, e o governador do Paran\u00e1, Ratinho Junior (PSD), em encontro na \u00faltima quinta-feira (19).<br><br>A estrutura elaborada pelo antigo Minist\u00e9rio da Infraestrutura prev\u00ea que o crit\u00e9rio do leil\u00e3o seja o de menor tarifa sem limite de desconto. No entanto, a fim de reduzir o valor do ped\u00e1gio e mesmo assim assegurar financiamento para obras de infraestrutura, a concession\u00e1ria vencedora ter\u00e1 que fazer um aporte financeiro proporcional ao desconto. Ou seja, quanto maior o desconto, maior ser\u00e1 o aporte.<br><br>Mesmo chegando a um acordo do modelo base da concess\u00e3o, \u201calguns pequenos ajustes t\u00e9cnicos\u201d devem acontecer nos pr\u00f3ximos dias, de acordo com o secret\u00e1rio de Infraestrutura e Log\u00edstica do Paran\u00e1, Fernando Furiatti.<br><br>Essa foi a primeira reuni\u00e3o entre o governo do estado e a Uni\u00e3o para debater o assunto. Nos pr\u00f3ximos dias novas conversas devem acontecer para elaborar o quanto antes o edital a fim de manter o cronograma do leil\u00e3o dos dois primeiros lotes que est\u00e3o mais avan\u00e7ados.<br><br><strong>Alinhamento<\/strong><br>Ratinho Junior vem falando que quer um contrato que garanta \u201cped\u00e1gio justo\u201d e com \u201cgrandes obras\u201d. Em nota publicada via assessoria, o governador declarou que \u201co Minist\u00e9rio dos Transportes tamb\u00e9m entende que esse \u00e9 o caminho\u201d e que a conversa com Renan permitiu avan\u00e7os na constru\u00e7\u00e3o da modelagem.<br><br>Por sua vez, o ministro Renan, afirmou em nota que a pasta vai garantir \u201cobras que melhorem a infraestrutura de transportes do estado\u201d com o crit\u00e9rio de menor valor da tarifa de ped\u00e1gio e vai seguir o cronograma de concess\u00e3o.<br><br><strong>Desentendimentos<\/strong><br>Essa reuni\u00e3o aconteceu ap\u00f3s o governador do Paran\u00e1 dizer que retiraria as rodovias estaduais do pacote de concess\u00e3o se o leil\u00e3o se baseasse unicamente no crit\u00e9rio de menor tarifa ou se o contrato fosse voltado apenas para servi\u00e7os de manuten\u00e7\u00e3o.<br><br>Durante a campanha eleitoral, o ent\u00e3o candidato Luiz In\u00e1cio Lula da Silva (PT) falou que o valor do ped\u00e1gio das rodovias do Paran\u00e1 seriam de R$ 5,00 caso ele ganhasse \u2013 garantindo somente a manuten\u00e7\u00e3o das vias.<br><br><strong>Andamento da concess\u00e3o<\/strong><br>Dos seis lotes previstos na concess\u00e3o, os dois primeiros est\u00e3o sendo analisados pelo TCU (Tribunal de Contas da Uni\u00e3o) desde o ano passado. Os outros quatro trechos ainda est\u00e3o nas \u00e1reas t\u00e9cnicas do Minist\u00e9rio dos Transportes e da ANTT (Ag\u00eancia Nacional de Transportes Terrestres).<br><br>Ao todo, a concess\u00e3o abrange 3,3 mil quil\u00f4metros \u2013 somando rodovias federais e estaduais \u2013, dos quais 1.782 quil\u00f4metros devem ser duplicados. A previs\u00e3o de investimento \u00e9 de R$ 50 bilh\u00f5es em obras nos primeiros anos do contrato. O prazo da concess\u00e3o \u00e9 de 30 anos.<br><br>Desde o final de 2021, quando o governo do Paran\u00e1 decidiu n\u00e3o renovar o contrato das rodovias justificando a decis\u00e3o no alto valor dos ped\u00e1gios cobrados na vias paranaenses, o DNIT (Departamento Nacional de Infraestrutura de Transportes) e o DER\/PR (Departamento de Estradas de Rodagem do Paran\u00e1) administram as estradas.<\/p>\n","protected":false},"excerpt":{"rendered":"<p>Jenifer Ribeiro, da Ag\u00eancia iNFRA A concess\u00e3o das rodovias do Paran\u00e1 seguir\u00e1 com a mesma modelagem, segundo acordaram o ministro\u00a0dos Transportes, Renan Filho, e o governador do Paran\u00e1, Ratinho Junior (PSD), em encontro na \u00faltima quinta-feira (19). A estrutura elaborada pelo antigo Minist\u00e9rio da Infraestrutura prev\u00ea que o crit\u00e9rio do leil\u00e3o seja o de menor [&hellip;]<\/p>\n","protected":false},"author":1,"featured_media":12071,"comment_status":"closed","ping_status":"closed","sticky":false,"template":"","format":"standard","meta":{"_monsterinsights_skip_tracking":false,"_monsterinsights_sitenote_active":false,"_monsterinsights_sitenote_note":"","_monsterinsights_sitenote_category":0,"footnotes":""},"categories":[1,7],"tags":[],"class_list":["post-12070","post","type-post","status-publish","format-standard","has-post-thumbnail","hentry","category-geral","category-infratransporte"],"yoast_head":"<!-- This site is optimized with the Yoast SEO Premium plugin v25.4 (Yoast SEO v26.0) - https:\/\/yoast.com\/wordpress\/plugins\/seo\/ -->\n<title>Modelo de concess\u00e3o do lote de rodovias do Paran\u00e1 deve ser mantido, com alguns ajustes t\u00e9cnicos - Ag\u00eancia iNFRA<\/title>\n<meta name=\"robots\" content=\"index, follow, max-snippet:-1, max-image-preview:large, max-video-preview:-1\" \/>\n<link rel=\"canonical\" href=\"https:\/\/agenciainfra.com\/blog\/modelo-de-concessao-do-lote-de-rodovias-do-parana-deve-ser-mantido-com-alguns-ajustes-tecnicos\/\" \/>\n<meta property=\"og:locale\" content=\"pt_BR\" \/>\n<meta property=\"og:type\" content=\"article\" \/>\n<meta property=\"og:title\" content=\"Modelo de concess\u00e3o do lote de rodovias do Paran\u00e1 deve ser mantido, com alguns ajustes t\u00e9cnicos\" \/>\n<meta property=\"og:description\" content=\"Jenifer Ribeiro, da Ag\u00eancia iNFRA A concess\u00e3o das rodovias do Paran\u00e1 seguir\u00e1 com a mesma modelagem, segundo acordaram o ministro\u00a0dos Transportes, Renan Filho, e o governador do Paran\u00e1, Ratinho Junior (PSD), em encontro na \u00faltima quinta-feira (19). A estrutura elaborada pelo antigo Minist\u00e9rio da Infraestrutura prev\u00ea que o crit\u00e9rio do leil\u00e3o seja o de menor [&hellip;]\" \/>\n<meta property=\"og:url\" content=\"https:\/\/agenciainfra.com\/blog\/modelo-de-concessao-do-lote-de-rodovias-do-parana-deve-ser-mantido-com-alguns-ajustes-tecnicos\/\" \/>\n<meta property=\"og:site_name\" content=\"Ag\u00eancia iNFRA\" \/>\n<meta property=\"article:publisher\" content=\"https:\/\/www.facebook.com\/ageninfra\" \/>\n<meta property=\"article:published_time\" content=\"2023-01-23T12:00:00+00:00\" \/>\n<meta property=\"og:image\" content=\"https:\/\/agenciainfra.com\/blog\/wp-content\/uploads\/2023\/01\/renan-filho-e-ratinho-junior-foto-ricardo-botelho-ministerio-dos-transportes.png\" \/>\n\t<meta property=\"og:image:width\" content=\"1280\" \/>\n\t<meta property=\"og:image:height\" content=\"850\" \/>\n\t<meta property=\"og:image:type\" content=\"image\/png\" \/>\n<meta name=\"author\" content=\"Ag\u00eancia iNFRA\" \/>\n<meta name=\"twitter:card\" content=\"summary_large_image\" \/>\n<meta name=\"twitter:creator\" content=\"@agencia_infra\" \/>\n<meta name=\"twitter:site\" content=\"@agencia_infra\" \/>\n<meta name=\"twitter:label1\" content=\"Escrito por\" \/>\n\t<meta name=\"twitter:data1\" content=\"Ag\u00eancia iNFRA\" \/>\n\t<meta name=\"twitter:label2\" content=\"Est. tempo de leitura\" \/>\n\t<meta name=\"twitter:data2\" content=\"3 minutos\" \/>\n<script type=\"application\/ld+json\" class=\"yoast-schema-graph\">{\"@context\":\"https:\/\/schema.org\",\"@graph\":[{\"@type\":\"Article\",\"@id\":\"https:\/\/agenciainfra.com\/blog\/modelo-de-concessao-do-lote-de-rodovias-do-parana-deve-ser-mantido-com-alguns-ajustes-tecnicos\/#article\",\"isPartOf\":{\"@id\":\"https:\/\/agenciainfra.com\/blog\/modelo-de-concessao-do-lote-de-rodovias-do-parana-deve-ser-mantido-com-alguns-ajustes-tecnicos\/\"},\"author\":{\"name\":\"Ag\u00eancia iNFRA\",\"@id\":\"https:\/\/agenciainfra.com\/blog\/#\/schema\/person\/34af08dff6adea4cb22b06612ba7acfa\"},\"headline\":\"Modelo de concess\u00e3o do lote de rodovias do Paran\u00e1 deve ser mantido, com alguns ajustes t\u00e9cnicos\",\"datePublished\":\"2023-01-23T12:00:00+00:00\",\"mainEntityOfPage\":{\"@id\":\"https:\/\/agenciainfra.com\/blog\/modelo-de-concessao-do-lote-de-rodovias-do-parana-deve-ser-mantido-com-alguns-ajustes-tecnicos\/\"},\"wordCount\":551,\"publisher\":{\"@id\":\"https:\/\/agenciainfra.com\/blog\/#organization\"},\"image\":{\"@id\":\"https:\/\/agenciainfra.com\/blog\/modelo-de-concessao-do-lote-de-rodovias-do-parana-deve-ser-mantido-com-alguns-ajustes-tecnicos\/#primaryimage\"},\"thumbnailUrl\":\"https:\/\/agenciainfra.com\/blog\/wp-content\/uploads\/2023\/01\/renan-filho-e-ratinho-junior-foto-ricardo-botelho-ministerio-dos-transportes.png\",\"articleSection\":[\"Geral\",\"iNFRATransporte\"],\"inLanguage\":\"pt-BR\",\"copyrightYear\":\"2023\",\"copyrightHolder\":{\"@id\":\"https:\/\/agenciainfra.com\/blog\/#organization\"}},{\"@type\":\"WebPage\",\"@id\":\"https:\/\/agenciainfra.com\/blog\/modelo-de-concessao-do-lote-de-rodovias-do-parana-deve-ser-mantido-com-alguns-ajustes-tecnicos\/\",\"url\":\"https:\/\/agenciainfra.com\/blog\/modelo-de-concessao-do-lote-de-rodovias-do-parana-deve-ser-mantido-com-alguns-ajustes-tecnicos\/\",\"name\":\"Modelo de concess\u00e3o do lote de rodovias do Paran\u00e1 deve ser mantido, com alguns ajustes t\u00e9cnicos - Ag\u00eancia iNFRA\",\"isPartOf\":{\"@id\":\"https:\/\/agenciainfra.com\/blog\/#website\"},\"primaryImageOfPage\":{\"@id\":\"https:\/\/agenciainfra.com\/blog\/modelo-de-concessao-do-lote-de-rodovias-do-parana-deve-ser-mantido-com-alguns-ajustes-tecnicos\/#primaryimage\"},\"image\":{\"@id\":\"https:\/\/agenciainfra.com\/blog\/modelo-de-concessao-do-lote-de-rodovias-do-parana-deve-ser-mantido-com-alguns-ajustes-tecnicos\/#primaryimage\"},\"thumbnailUrl\":\"https:\/\/agenciainfra.com\/blog\/wp-content\/uploads\/2023\/01\/renan-filho-e-ratinho-junior-foto-ricardo-botelho-ministerio-dos-transportes.png\",\"datePublished\":\"2023-01-23T12:00:00+00:00\",\"breadcrumb\":{\"@id\":\"https:\/\/agenciainfra.com\/blog\/modelo-de-concessao-do-lote-de-rodovias-do-parana-deve-ser-mantido-com-alguns-ajustes-tecnicos\/#breadcrumb\"},\"inLanguage\":\"pt-BR\",\"potentialAction\":[{\"@type\":\"ReadAction\",\"target\":[\"https:\/\/agenciainfra.com\/blog\/modelo-de-concessao-do-lote-de-rodovias-do-parana-deve-ser-mantido-com-alguns-ajustes-tecnicos\/\"]}]},{\"@type\":\"ImageObject\",\"inLanguage\":\"pt-BR\",\"@id\":\"https:\/\/agenciainfra.com\/blog\/modelo-de-concessao-do-lote-de-rodovias-do-parana-deve-ser-mantido-com-alguns-ajustes-tecnicos\/#primaryimage\",\"url\":\"https:\/\/agenciainfra.com\/blog\/wp-content\/uploads\/2023\/01\/renan-filho-e-ratinho-junior-foto-ricardo-botelho-ministerio-dos-transportes.png\",\"contentUrl\":\"https:\/\/agenciainfra.com\/blog\/wp-content\/uploads\/2023\/01\/renan-filho-e-ratinho-junior-foto-ricardo-botelho-ministerio-dos-transportes.png\",\"width\":1280,\"height\":850},{\"@type\":\"BreadcrumbList\",\"@id\":\"https:\/\/agenciainfra.com\/blog\/modelo-de-concessao-do-lote-de-rodovias-do-parana-deve-ser-mantido-com-alguns-ajustes-tecnicos\/#breadcrumb\",\"itemListElement\":[{\"@type\":\"ListItem\",\"position\":1,\"name\":\"In\u00edcio\",\"item\":\"https:\/\/agenciainfra.com\/blog\/\"},{\"@type\":\"ListItem\",\"position\":2,\"name\":\"Modelo de concess\u00e3o do lote de rodovias do Paran\u00e1 deve ser mantido, com alguns ajustes t\u00e9cnicos\"}]},{\"@type\":\"WebSite\",\"@id\":\"https:\/\/agenciainfra.com\/blog\/#website\",\"url\":\"https:\/\/agenciainfra.com\/blog\/\",\"name\":\"Ag\u00eancia iNFRA\",\"description\":\"Multiplataforma de informa\u00e7\u00e3o jornal\u00edstica refer\u00eancia na \u00e1rea de infraestrutura no Brasil!\",\"publisher\":{\"@id\":\"https:\/\/agenciainfra.com\/blog\/#organization\"},\"potentialAction\":[{\"@type\":\"SearchAction\",\"target\":{\"@type\":\"EntryPoint\",\"urlTemplate\":\"https:\/\/agenciainfra.com\/blog\/?s={search_term_string}\"},\"query-input\":{\"@type\":\"PropertyValueSpecification\",\"valueRequired\":true,\"valueName\":\"search_term_string\"}}],\"inLanguage\":\"pt-BR\"},{\"@type\":\"Organization\",\"@id\":\"https:\/\/agenciainfra.com\/blog\/#organization\",\"name\":\"Ag\u00eancia iNFRA\",\"url\":\"https:\/\/agenciainfra.com\/blog\/\",\"logo\":{\"@type\":\"ImageObject\",\"inLanguage\":\"pt-BR\",\"@id\":\"https:\/\/agenciainfra.com\/blog\/#\/schema\/logo\/image\/\",\"url\":\"https:\/\/agenciainfra.com\/blog\/wp-content\/uploads\/2023\/09\/iNFRA_5-e1761735885940.png\",\"contentUrl\":\"https:\/\/agenciainfra.com\/blog\/wp-content\/uploads\/2023\/09\/iNFRA_5-e1761735885940.png\",\"width\":1672,\"height\":454,\"caption\":\"Ag\u00eancia iNFRA\"},\"image\":{\"@id\":\"https:\/\/agenciainfra.com\/blog\/#\/schema\/logo\/image\/\"},\"sameAs\":[\"https:\/\/www.facebook.com\/ageninfra\",\"https:\/\/x.com\/agencia_infra\",\"https:\/\/www.linkedin.com\/company\/ag\u00eanciainfra\/\",\"https:\/\/www.instagram.com\/agenciainfra\/\"]},{\"@type\":\"Person\",\"@id\":\"https:\/\/agenciainfra.com\/blog\/#\/schema\/person\/34af08dff6adea4cb22b06612ba7acfa\",\"name\":\"Ag\u00eancia iNFRA\",\"image\":{\"@type\":\"ImageObject\",\"inLanguage\":\"pt-BR\",\"@id\":\"https:\/\/agenciainfra.com\/blog\/#\/schema\/person\/image\/\",\"url\":\"https:\/\/secure.gravatar.com\/avatar\/d189e01678f06d8eb84d4e01f08eb848b3fffe3f8443818d3c356c66892f5be8?s=96&d=mm&r=g\",\"contentUrl\":\"https:\/\/secure.gravatar.com\/avatar\/d189e01678f06d8eb84d4e01f08eb848b3fffe3f8443818d3c356c66892f5be8?s=96&d=mm&r=g\",\"caption\":\"Ag\u00eancia iNFRA\"},\"url\":\"https:\/\/agenciainfra.com\/blog\/author\/admin\/\"}]}<\/script>\n<!-- \/ Yoast SEO Premium plugin. -->","yoast_head_json":{"title":"Modelo de concess\u00e3o do lote de rodovias do Paran\u00e1 deve ser mantido, com alguns ajustes t\u00e9cnicos - Ag\u00eancia iNFRA","robots":{"index":"index","follow":"follow","max-snippet":"max-snippet:-1","max-image-preview":"max-image-preview:large","max-video-preview":"max-video-preview:-1"},"canonical":"https:\/\/agenciainfra.com\/blog\/modelo-de-concessao-do-lote-de-rodovias-do-parana-deve-ser-mantido-com-alguns-ajustes-tecnicos\/","og_locale":"pt_BR","og_type":"article","og_title":"Modelo de concess\u00e3o do lote de rodovias do Paran\u00e1 deve ser mantido, com alguns ajustes t\u00e9cnicos","og_description":"Jenifer Ribeiro, da Ag\u00eancia iNFRA A concess\u00e3o das rodovias do Paran\u00e1 seguir\u00e1 com a mesma modelagem, segundo acordaram o ministro\u00a0dos Transportes, Renan Filho, e o governador do Paran\u00e1, Ratinho Junior (PSD), em encontro na \u00faltima quinta-feira (19). A estrutura elaborada pelo antigo Minist\u00e9rio da Infraestrutura prev\u00ea que o crit\u00e9rio do leil\u00e3o seja o de menor [&hellip;]","og_url":"https:\/\/agenciainfra.com\/blog\/modelo-de-concessao-do-lote-de-rodovias-do-parana-deve-ser-mantido-com-alguns-ajustes-tecnicos\/","og_site_name":"Ag\u00eancia iNFRA","article_publisher":"https:\/\/www.facebook.com\/ageninfra","article_published_time":"2023-01-23T12:00:00+00:00","og_image":[{"width":1280,"height":850,"url":"https:\/\/agenciainfra.com\/blog\/wp-content\/uploads\/2023\/01\/renan-filho-e-ratinho-junior-foto-ricardo-botelho-ministerio-dos-transportes.png","type":"image\/png"}],"author":"Ag\u00eancia iNFRA","twitter_card":"summary_large_image","twitter_creator":"@agencia_infra","twitter_site":"@agencia_infra","twitter_misc":{"Escrito por":"Ag\u00eancia iNFRA","Est. tempo de leitura":"3 minutos"},"schema":{"@context":"https:\/\/schema.org","@graph":[{"@type":"Article","@id":"https:\/\/agenciainfra.com\/blog\/modelo-de-concessao-do-lote-de-rodovias-do-parana-deve-ser-mantido-com-alguns-ajustes-tecnicos\/#article","isPartOf":{"@id":"https:\/\/agenciainfra.com\/blog\/modelo-de-concessao-do-lote-de-rodovias-do-parana-deve-ser-mantido-com-alguns-ajustes-tecnicos\/"},"author":{"name":"Ag\u00eancia iNFRA","@id":"https:\/\/agenciainfra.com\/blog\/#\/schema\/person\/34af08dff6adea4cb22b06612ba7acfa"},"headline":"Modelo de concess\u00e3o do lote de rodovias do Paran\u00e1 deve ser mantido, com alguns ajustes t\u00e9cnicos","datePublished":"2023-01-23T12:00:00+00:00","mainEntityOfPage":{"@id":"https:\/\/agenciainfra.com\/blog\/modelo-de-concessao-do-lote-de-rodovias-do-parana-deve-ser-mantido-com-alguns-ajustes-tecnicos\/"},"wordCount":551,"publisher":{"@id":"https:\/\/agenciainfra.com\/blog\/#organization"},"image":{"@id":"https:\/\/agenciainfra.com\/blog\/modelo-de-concessao-do-lote-de-rodovias-do-parana-deve-ser-mantido-com-alguns-ajustes-tecnicos\/#primaryimage"},"thumbnailUrl":"https:\/\/agenciainfra.com\/blog\/wp-content\/uploads\/2023\/01\/renan-filho-e-ratinho-junior-foto-ricardo-botelho-ministerio-dos-transportes.png","articleSection":["Geral","iNFRATransporte"],"inLanguage":"pt-BR","copyrightYear":"2023","copyrightHolder":{"@id":"https:\/\/agenciainfra.com\/blog\/#organization"}},{"@type":"WebPage","@id":"https:\/\/agenciainfra.com\/blog\/modelo-de-concessao-do-lote-de-rodovias-do-parana-deve-ser-mantido-com-alguns-ajustes-tecnicos\/","url":"https:\/\/agenciainfra.com\/blog\/modelo-de-concessao-do-lote-de-rodovias-do-parana-deve-ser-mantido-com-alguns-ajustes-tecnicos\/","name":"Modelo de concess\u00e3o do lote de rodovias do Paran\u00e1 deve ser mantido, com alguns ajustes t\u00e9cnicos - Ag\u00eancia iNFRA","isPartOf":{"@id":"https:\/\/agenciainfra.com\/blog\/#website"},"primaryImageOfPage":{"@id":"https:\/\/agenciainfra.com\/blog\/modelo-de-concessao-do-lote-de-rodovias-do-parana-deve-ser-mantido-com-alguns-ajustes-tecnicos\/#primaryimage"},"image":{"@id":"https:\/\/agenciainfra.com\/blog\/modelo-de-concessao-do-lote-de-rodovias-do-parana-deve-ser-mantido-com-alguns-ajustes-tecnicos\/#primaryimage"},"thumbnailUrl":"https:\/\/agenciainfra.com\/blog\/wp-content\/uploads\/2023\/01\/renan-filho-e-ratinho-junior-foto-ricardo-botelho-ministerio-dos-transportes.png","datePublished":"2023-01-23T12:00:00+00:00","breadcrumb":{"@id":"https:\/\/agenciainfra.com\/blog\/modelo-de-concessao-do-lote-de-rodovias-do-parana-deve-ser-mantido-com-alguns-ajustes-tecnicos\/#breadcrumb"},"inLanguage":"pt-BR","potentialAction":[{"@type":"ReadAction","target":["https:\/\/agenciainfra.com\/blog\/modelo-de-concessao-do-lote-de-rodovias-do-parana-deve-ser-mantido-com-alguns-ajustes-tecnicos\/"]}]},{"@type":"ImageObject","inLanguage":"pt-BR","@id":"https:\/\/agenciainfra.com\/blog\/modelo-de-concessao-do-lote-de-rodovias-do-parana-deve-ser-mantido-com-alguns-ajustes-tecnicos\/#primaryimage","url":"https:\/\/agenciainfra.com\/blog\/wp-content\/uploads\/2023\/01\/renan-filho-e-ratinho-junior-foto-ricardo-botelho-ministerio-dos-transportes.png","contentUrl":"https:\/\/agenciainfra.com\/blog\/wp-content\/uploads\/2023\/01\/renan-filho-e-ratinho-junior-foto-ricardo-botelho-ministerio-dos-transportes.png","width":1280,"height":850},{"@type":"BreadcrumbList","@id":"https:\/\/agenciainfra.com\/blog\/modelo-de-concessao-do-lote-de-rodovias-do-parana-deve-ser-mantido-com-alguns-ajustes-tecnicos\/#breadcrumb","itemListElement":[{"@type":"ListItem","position":1,"name":"In\u00edcio","item":"https:\/\/agenciainfra.com\/blog\/"},{"@type":"ListItem","position":2,"name":"Modelo de concess\u00e3o do lote de rodovias do Paran\u00e1 deve ser mantido, com alguns ajustes t\u00e9cnicos"}]},{"@type":"WebSite","@id":"https:\/\/agenciainfra.com\/blog\/#website","url":"https:\/\/agenciainfra.com\/blog\/","name":"Ag\u00eancia iNFRA","description":"Multiplataforma de informa\u00e7\u00e3o jornal\u00edstica refer\u00eancia na \u00e1rea de infraestrutura no Brasil!","publisher":{"@id":"https:\/\/agenciainfra.com\/blog\/#organization"},"potentialAction":[{"@type":"SearchAction","target":{"@type":"EntryPoint","urlTemplate":"https:\/\/agenciainfra.com\/blog\/?s={search_term_string}"},"query-input":{"@type":"PropertyValueSpecification","valueRequired":true,"valueName":"search_term_string"}}],"inLanguage":"pt-BR"},{"@type":"Organization","@id":"https:\/\/agenciainfra.com\/blog\/#organization","name":"Ag\u00eancia iNFRA","url":"https:\/\/agenciainfra.com\/blog\/","logo":{"@type":"ImageObject","inLanguage":"pt-BR","@id":"https:\/\/agenciainfra.com\/blog\/#\/schema\/logo\/image\/","url":"https:\/\/agenciainfra.com\/blog\/wp-content\/uploads\/2023\/09\/iNFRA_5-e1761735885940.png","contentUrl":"https:\/\/agenciainfra.com\/blog\/wp-content\/uploads\/2023\/09\/iNFRA_5-e1761735885940.png","width":1672,"height":454,"caption":"Ag\u00eancia iNFRA"},"image":{"@id":"https:\/\/agenciainfra.com\/blog\/#\/schema\/logo\/image\/"},"sameAs":["https:\/\/www.facebook.com\/ageninfra","https:\/\/x.com\/agencia_infra","https:\/\/www.linkedin.com\/company\/ag\u00eanciainfra\/","https:\/\/www.instagram.com\/agenciainfra\/"]},{"@type":"Person","@id":"https:\/\/agenciainfra.com\/blog\/#\/schema\/person\/34af08dff6adea4cb22b06612ba7acfa","name":"Ag\u00eancia iNFRA","image":{"@type":"ImageObject","inLanguage":"pt-BR","@id":"https:\/\/agenciainfra.com\/blog\/#\/schema\/person\/image\/","url":"https:\/\/secure.gravatar.com\/avatar\/d189e01678f06d8eb84d4e01f08eb848b3fffe3f8443818d3c356c66892f5be8?s=96&d=mm&r=g","contentUrl":"https:\/\/secure.gravatar.com\/avatar\/d189e01678f06d8eb84d4e01f08eb848b3fffe3f8443818d3c356c66892f5be8?s=96&d=mm&r=g","caption":"Ag\u00eancia iNFRA"},"url":"https:\/\/agenciainfra.com\/blog\/author\/admin\/"}]}},"_links":{"self":[{"href":"https:\/\/agenciainfra.com\/blog\/wp-json\/wp\/v2\/posts\/12070","targetHints":{"allow":["GET"]}}],"collection":[{"href":"https:\/\/agenciainfra.com\/blog\/wp-json\/wp\/v2\/posts"}],"about":[{"href":"https:\/\/agenciainfra.com\/blog\/wp-json\/wp\/v2\/types\/post"}],"author":[{"embeddable":true,"href":"https:\/\/agenciainfra.com\/blog\/wp-json\/wp\/v2\/users\/1"}],"replies":[{"embeddable":true,"href":"https:\/\/agenciainfra.com\/blog\/wp-json\/wp\/v2\/comments?post=12070"}],"version-history":[{"count":0,"href":"https:\/\/agenciainfra.com\/blog\/wp-json\/wp\/v2\/posts\/12070\/revisions"}],"wp:featuredmedia":[{"embeddable":true,"href":"https:\/\/agenciainfra.com\/blog\/wp-json\/wp\/v2\/media\/12071"}],"wp:attachment":[{"href":"https:\/\/agenciainfra.com\/blog\/wp-json\/wp\/v2\/media?parent=12070"}],"wp:term":[{"taxonomy":"category","embeddable":true,"href":"https:\/\/agenciainfra.com\/blog\/wp-json\/wp\/v2\/categories?post=12070"},{"taxonomy":"post_tag","embeddable":true,"href":"https:\/\/agenciainfra.com\/blog\/wp-json\/wp\/v2\/tags?post=12070"}],"curies":[{"name":"wp","href":"https:\/\/api.w.org\/{rel}","templated":true}]}}