{"id":12082,"date":"2023-01-23T19:00:00","date_gmt":"2023-01-23T22:00:00","guid":{"rendered":"https:\/\/www.agenciainfra.com\/blog\/?p=12082"},"modified":"2023-01-23T19:15:35","modified_gmt":"2023-01-23T22:15:35","slug":"analise-decisao-da-aneel-de-incluir-itaipu-no-pld-minimo-divide-setor-judicializacao-comeca","status":"publish","type":"post","link":"https:\/\/agenciainfra.com\/blog\/analise-decisao-da-aneel-de-incluir-itaipu-no-pld-minimo-divide-setor-judicializacao-comeca\/","title":{"rendered":"An\u00e1lise: Decis\u00e3o da ANEEL de incluir Itaipu no PLD m\u00ednimo divide setor; judicializa\u00e7\u00e3o come\u00e7a"},"content":{"rendered":"\n<p class=\"has-text-align-right\"><strong>Roberto Rockmann*<\/strong><\/p>\n\n\n\n<p>As discuss\u00f5es sobre a metodologia aplicada no c\u00e1lculo do PLD (Pre\u00e7o de Liquida\u00e7\u00e3o de Diferen\u00e7as) m\u00ednimo para 2023 est\u00e3o a todo vapor, no momento em que as chuvas e a entrada de nova capacidade neste ano derrubaram os pre\u00e7os no curto e m\u00e9dio prazo.<br>\u00a0<br>Uma a\u00e7\u00e3o judicial impetrada pela comercializadora Enercore contra decis\u00e3o do ano passado da ANEEL (Ag\u00eancia Nacional de Energia El\u00e9trica) sobre a metodologia est\u00e1 fomentando o debate.<br>\u00a0<br>Grosso modo, o processo aponta que o PLD m\u00ednimo desde janeiro j\u00e1 deveria estar em cerca de R$ 15 o MWh, mas, \u201cpor indevida utiliza\u00e7\u00e3o da TEO (Tarifa de Otimiza\u00e7\u00e3o) de Itaipu para sua fixa\u00e7\u00e3o, foi ilegitimamente fixado em R$ 69,04 o MWh.\u201d<br>\u00a0<br>A a\u00e7\u00e3o\u00a0\u2013 feita pelo Serr\u00e3o Advogados e Bettiol Advogados \u2013 destaca que o \u00a7 2\u00ba do artigo 57 do Decreto 5.163\/2004 determina que a ANEEL calcule o valor m\u00ednimo do referido PLD, \u201clevando em conta os custos de opera\u00e7\u00e3o e manuten\u00e7\u00e3o das usinas hidrel\u00e9tricas, bem como os relativos \u00e0 compensa\u00e7\u00e3o financeira pelo uso dos recursos h\u00eddricos e royalties\u201d.<br>\u00a0<br><strong>Queda de bra\u00e7o<\/strong><br>Come\u00e7a-se a assistir a uma queda de bra\u00e7o entre agentes: de um lado consumidores livres, ind\u00fastrias e algumas comercializadoras querendo mudan\u00e7as; de outro, geradoras h\u00eddricas, preocupadas com a mudan\u00e7a, que poderia levar a pre\u00e7os ainda mais baixos no mercado livre, recontabiliza\u00e7\u00e3o de contratos e at\u00e9 impacto em provis\u00e3o em balan\u00e7os.<br>\u00a0<br>Especialistas acreditam que a a\u00e7\u00e3o, que estaria baseada em erro regulat\u00f3rio da ag\u00eancia, n\u00e3o deve ter impacto sobre o PLD m\u00ednimo em 2023 (por conta do impacto da recontabiliza\u00e7\u00e3o de contratos no ano j\u00e1 iniciado), mas poder\u00e1 modific\u00e1-lo a partir de 2024.<br>\u00a0<br>O cerne do debate foi a publica\u00e7\u00e3o da Resolu\u00e7\u00e3o Normativa ANEEL\u00a01.032\/2022. Nela, em vez de calcular o valor m\u00ednimo do PLD considerando todos esses elementos, a ag\u00eancia teria adotado \u201cileg\u00edtima e desnaturada regra que estabelece que o valor m\u00ednimo do PLD ser\u00e1 &#8216;o maior valor&#8217; entre a denominada &#8216;Tarifa de Otimiza\u00e7\u00e3o de Itaipu&#8217; (&#8216;TEO de Itaipu&#8217;) e a &#8216;Tarifa de Otimiza\u00e7\u00e3o&#8217; (&#8216;TEO&#8217;, concernente \u00e0s demais usinas hidrel\u00e9tricas)&#8221;, segundo a Enercore em seu processo.<br>\u00a0<br>Registre-se que a TEO \u00e9 destinada a cobrir os custos incrementais de opera\u00e7\u00e3o e manuten\u00e7\u00e3o das usinas hidrel\u00e9tricas e de pagamento da compensa\u00e7\u00e3o financeira pelo uso de recursos h\u00eddricos.<br>\u00a0<br>A a\u00e7\u00e3o ressalta que, com essa decis\u00e3o, o valor m\u00ednimo do PLD \u00e9 agravado por ser o valor da TEO de Itaipu, de R$ 69,04\/MWh, \u201cmaterialmente distinto por componentes peculiar\u00edssimos e muitas vezes superior ao valor da TEO das demais usinas hidrel\u00e9tricas, de apenas R$ 15,05\/MWh\u201d.<br><br>O documento afirma ainda: \u201cComo se tal n\u00e3o bastasse, a ANEEL, em 30.12.2022, deliberou pela ado\u00e7\u00e3o da Resolu\u00e7\u00e3o Homologat\u00f3ria n\u00ba 3.167\/2022, por meio da qual adotou, como valor m\u00ednimo do PLD, a TEO de Itaipu (no montante de R$ 69,04\/MWh) \u2013 desconsiderando, de resto, todas as m\u00faltiplas impugna\u00e7\u00f5es e as confessadas limita\u00e7\u00f5es da ANEEL na fixa\u00e7\u00e3o da pr\u00f3pria TEO de Itaipu.\u201d<br><br>Os advogados argumentam que a TEO de Itaipu simplesmente n\u00e3o corresponde aos custos de opera\u00e7\u00e3o e manuten\u00e7\u00e3o das usinas hidrel\u00e9tricas. A TEO de Itaipu \u00e9 estabelecida segundo crit\u00e9rios fixados em tratado internacional e notas interpretativas trocadas entre o Estado brasileiro e o Estado paraguaio.<br>\u00a0<br>\u201cCom efeito, a TEO de Itaipu possui diversos componentes que simplesmente n\u00e3o correspondem aos custos de opera\u00e7\u00e3o e manuten\u00e7\u00e3o das usinas hidrel\u00e9tricas \u2013 do que \u00e9 exemplo a remunera\u00e7\u00e3o da &#8216;cess\u00e3o de energia&#8217; pelo Paraguai, pois: (i) n\u00e3o \u00e9 um custo de opera\u00e7\u00e3o e manuten\u00e7\u00e3o (mas, sim, um valor pago pelo Brasil para adquirir a energia excedente do Paraguai); (ii) n\u00e3o corresponde ao custo de O&amp;M de qualquer usina hidrel\u00e9trica (nem da Usina Hidrel\u00e9trica de Itaipu, nem, muito menos, das demais usinas hidrel\u00e9tricas do Sistema Interligado Nacional).\u201d<br>\u00a0<br>Um especialista aponta que o custo marginal de opera\u00e7\u00e3o tem sido igual a zero desde a segunda semana de dezembro. Como est\u00e1 sendo vertida \u00e1gua em v\u00e1rias hidrel\u00e9tricas, seria nulo o custo para atender um kWh adicional de consumo. \u201cO PLD, nessa situa\u00e7\u00e3o, tamb\u00e9m deveria ser zero. Por\u00e9m, as hidrel\u00e9tricas do MRE (Mecanismo de Realoca\u00e7\u00e3o de Energia) trocam energia valorada \u00e0 TEO, por isso h\u00e1 um bom e razo\u00e1vel entendimento de que a TEO poderia ser a base para o PLDmin. Mas nunca deveria ser o custo de Itaipu.\u201d<br>\u00a0<br><strong>Contexto de chuvas e mais oferta<\/strong><br>O contexto da discuss\u00e3o, que poder\u00e1 reduzir o PLD m\u00ednimo em 2024, coincide com o maior volume de armazenamento de hidrel\u00e9tricas dos \u00faltimos 11 anos, com a expectativa de acr\u00e9scimo de 10,3 GW de capacidade neste ano (previs\u00e3o do Minist\u00e9rio de Minas e Energia) e diante da expectativa de que seja realizado neste ano mais um leil\u00e3o de contrata\u00e7\u00e3o de t\u00e9rmicas a g\u00e1s natural por conta da Lei 14.182, que autorizou a capitaliza\u00e7\u00e3o da Eletrobras.<br>\u00a0<br>Esse cen\u00e1rio tem j\u00e1 feito bancos reduzirem a previs\u00e3o do PLD em 2023 e 2024, levando \u00e0 revis\u00e3o de pre\u00e7os alvos de geradoras, mas o movimento ainda \u00e9 lento, j\u00e1 que uma redu\u00e7\u00e3o maior implicaria rebaixamento de pre\u00e7o alvo de a\u00e7\u00f5es, como a Eletrobras, cujo processo de capitaliza\u00e7\u00e3o foi bastante divulgado nas corretoras, ainda mais com o uso do FGTS. Gestoras de investimento j\u00e1 trabalham com PLD de R$ 50 em 2023 e R$ 80 para 2024. A sobreoferta f\u00edsica de energia, contabilizando os 8 GW de t\u00e9rmicas da lei que permitiu a capitaliza\u00e7\u00e3o da Eletrobras, pode chegar a 20% nesta d\u00e9cada.<\/p>\n\n\n\n<h6 class=\"wp-block-heading\" id=\"block-f323f59b-51bf-4eed-b17b-3c7d3b917007\">*Roberto Rockmann <strong>\u00e9 escritor e jornalista. Coautor do livro \u201cCurto-Circuito, quando o Brasil quase ficou \u00e0s escuras\u201d e produtor do podcast quinzenal \u201cGiro Energia\u201d sobre o setor el\u00e9trico. Organizou em 2018 o livro de 20 anos do mercado livre de energia el\u00e9trica, editado pela CCEE (C\u00e2mara de Comercializa\u00e7\u00e3o de Energia El\u00e9trica), al\u00e9m de v\u00e1rios outros livros e trabalhos premiados<\/strong>.<\/h6>\n\n\n\n<p><strong>As opini\u00f5es dos autores n\u00e3o refletem necessariamente o pensamento da Ag\u00eancia iNFRA, sendo de total responsabilidade do autor as informa\u00e7\u00f5es, ju\u00edzos de valor e conceitos descritos no texto<\/strong>. <\/p>\n","protected":false},"excerpt":{"rendered":"<p>Roberto Rockmann* As discuss\u00f5es sobre a metodologia aplicada no c\u00e1lculo do PLD (Pre\u00e7o de Liquida\u00e7\u00e3o de Diferen\u00e7as) m\u00ednimo para 2023 est\u00e3o a todo vapor, no momento em que as chuvas e a entrada de nova capacidade neste ano derrubaram os pre\u00e7os no curto e m\u00e9dio prazo.\u00a0Uma a\u00e7\u00e3o judicial impetrada pela comercializadora Enercore contra decis\u00e3o do [&hellip;]<\/p>\n","protected":false},"author":1,"featured_media":7280,"comment_status":"closed","ping_status":"closed","sticky":false,"template":"","format":"standard","meta":{"_monsterinsights_skip_tracking":false,"_monsterinsights_sitenote_active":false,"_monsterinsights_sitenote_note":"","_monsterinsights_sitenote_category":0,"footnotes":""},"categories":[1],"tags":[53,50,6300,635,99,1169,6301],"class_list":["post-12082","post","type-post","status-publish","format-standard","has-post-thumbnail","hentry","category-geral","tag-aneel","tag-eletrobras","tag-enercore","tag-hidreletricas","tag-itaipu","tag-pld","tag-tarifa-de-otimizacao"],"yoast_head":"<!-- This site is optimized with the Yoast SEO Premium plugin v25.4 (Yoast SEO v26.0) - https:\/\/yoast.com\/wordpress\/plugins\/seo\/ -->\n<title>An\u00e1lise: Decis\u00e3o da ANEEL de incluir Itaipu no PLD m\u00ednimo divide setor; judicializa\u00e7\u00e3o come\u00e7a - Ag\u00eancia iNFRA<\/title>\n<meta name=\"robots\" content=\"index, follow, max-snippet:-1, max-image-preview:large, max-video-preview:-1\" \/>\n<link rel=\"canonical\" href=\"https:\/\/agenciainfra.com\/blog\/analise-decisao-da-aneel-de-incluir-itaipu-no-pld-minimo-divide-setor-judicializacao-comeca\/\" \/>\n<meta property=\"og:locale\" content=\"pt_BR\" \/>\n<meta property=\"og:type\" content=\"article\" \/>\n<meta property=\"og:title\" content=\"An\u00e1lise: Decis\u00e3o da ANEEL de incluir Itaipu no PLD m\u00ednimo divide setor; judicializa\u00e7\u00e3o come\u00e7a\" \/>\n<meta property=\"og:description\" content=\"Roberto Rockmann* As discuss\u00f5es sobre a metodologia aplicada no c\u00e1lculo do PLD (Pre\u00e7o de Liquida\u00e7\u00e3o de Diferen\u00e7as) m\u00ednimo para 2023 est\u00e3o a todo vapor, no momento em que as chuvas e a entrada de nova capacidade neste ano derrubaram os pre\u00e7os no curto e m\u00e9dio prazo.\u00a0Uma a\u00e7\u00e3o judicial impetrada pela comercializadora Enercore contra decis\u00e3o do [&hellip;]\" \/>\n<meta property=\"og:url\" content=\"https:\/\/agenciainfra.com\/blog\/analise-decisao-da-aneel-de-incluir-itaipu-no-pld-minimo-divide-setor-judicializacao-comeca\/\" \/>\n<meta property=\"og:site_name\" content=\"Ag\u00eancia iNFRA\" \/>\n<meta property=\"article:publisher\" content=\"https:\/\/www.facebook.com\/ageninfra\" \/>\n<meta property=\"article:published_time\" content=\"2023-01-23T22:00:00+00:00\" \/>\n<meta property=\"article:modified_time\" content=\"2023-01-23T22:15:35+00:00\" \/>\n<meta property=\"og:image\" content=\"https:\/\/agenciainfra.com\/blog\/wp-content\/uploads\/2021\/05\/itaipu-foto-itaipu.jpeg\" \/>\n\t<meta property=\"og:image:width\" content=\"1280\" \/>\n\t<meta property=\"og:image:height\" content=\"810\" \/>\n\t<meta property=\"og:image:type\" content=\"image\/jpeg\" \/>\n<meta name=\"author\" content=\"Ag\u00eancia iNFRA\" \/>\n<meta name=\"twitter:card\" content=\"summary_large_image\" \/>\n<meta name=\"twitter:creator\" content=\"@agencia_infra\" \/>\n<meta name=\"twitter:site\" content=\"@agencia_infra\" \/>\n<meta name=\"twitter:label1\" content=\"Escrito por\" \/>\n\t<meta name=\"twitter:data1\" content=\"Ag\u00eancia iNFRA\" \/>\n\t<meta name=\"twitter:label2\" content=\"Est. tempo de leitura\" \/>\n\t<meta name=\"twitter:data2\" content=\"5 minutos\" \/>\n<script type=\"application\/ld+json\" class=\"yoast-schema-graph\">{\"@context\":\"https:\/\/schema.org\",\"@graph\":[{\"@type\":\"Article\",\"@id\":\"https:\/\/agenciainfra.com\/blog\/analise-decisao-da-aneel-de-incluir-itaipu-no-pld-minimo-divide-setor-judicializacao-comeca\/#article\",\"isPartOf\":{\"@id\":\"https:\/\/agenciainfra.com\/blog\/analise-decisao-da-aneel-de-incluir-itaipu-no-pld-minimo-divide-setor-judicializacao-comeca\/\"},\"author\":{\"name\":\"Ag\u00eancia iNFRA\",\"@id\":\"https:\/\/agenciainfra.com\/blog\/#\/schema\/person\/34af08dff6adea4cb22b06612ba7acfa\"},\"headline\":\"An\u00e1lise: Decis\u00e3o da ANEEL de incluir Itaipu no PLD m\u00ednimo divide setor; judicializa\u00e7\u00e3o come\u00e7a\",\"datePublished\":\"2023-01-23T22:00:00+00:00\",\"dateModified\":\"2023-01-23T22:15:35+00:00\",\"mainEntityOfPage\":{\"@id\":\"https:\/\/agenciainfra.com\/blog\/analise-decisao-da-aneel-de-incluir-itaipu-no-pld-minimo-divide-setor-judicializacao-comeca\/\"},\"wordCount\":1084,\"publisher\":{\"@id\":\"https:\/\/agenciainfra.com\/blog\/#organization\"},\"image\":{\"@id\":\"https:\/\/agenciainfra.com\/blog\/analise-decisao-da-aneel-de-incluir-itaipu-no-pld-minimo-divide-setor-judicializacao-comeca\/#primaryimage\"},\"thumbnailUrl\":\"https:\/\/agenciainfra.com\/blog\/wp-content\/uploads\/2021\/05\/itaipu-foto-itaipu.jpeg\",\"keywords\":[\"ANEEL\",\"Eletrobras\",\"Enercore\",\"Hidrel\u00e9tricas\",\"Itaipu\",\"PLD\",\"Tarifa de Otimiza\u00e7\u00e3o\"],\"articleSection\":[\"Geral\"],\"inLanguage\":\"pt-BR\",\"copyrightYear\":\"2023\",\"copyrightHolder\":{\"@id\":\"https:\/\/agenciainfra.com\/blog\/#organization\"}},{\"@type\":\"WebPage\",\"@id\":\"https:\/\/agenciainfra.com\/blog\/analise-decisao-da-aneel-de-incluir-itaipu-no-pld-minimo-divide-setor-judicializacao-comeca\/\",\"url\":\"https:\/\/agenciainfra.com\/blog\/analise-decisao-da-aneel-de-incluir-itaipu-no-pld-minimo-divide-setor-judicializacao-comeca\/\",\"name\":\"An\u00e1lise: Decis\u00e3o da ANEEL de incluir Itaipu no PLD m\u00ednimo divide setor; judicializa\u00e7\u00e3o come\u00e7a - Ag\u00eancia iNFRA\",\"isPartOf\":{\"@id\":\"https:\/\/agenciainfra.com\/blog\/#website\"},\"primaryImageOfPage\":{\"@id\":\"https:\/\/agenciainfra.com\/blog\/analise-decisao-da-aneel-de-incluir-itaipu-no-pld-minimo-divide-setor-judicializacao-comeca\/#primaryimage\"},\"image\":{\"@id\":\"https:\/\/agenciainfra.com\/blog\/analise-decisao-da-aneel-de-incluir-itaipu-no-pld-minimo-divide-setor-judicializacao-comeca\/#primaryimage\"},\"thumbnailUrl\":\"https:\/\/agenciainfra.com\/blog\/wp-content\/uploads\/2021\/05\/itaipu-foto-itaipu.jpeg\",\"datePublished\":\"2023-01-23T22:00:00+00:00\",\"dateModified\":\"2023-01-23T22:15:35+00:00\",\"breadcrumb\":{\"@id\":\"https:\/\/agenciainfra.com\/blog\/analise-decisao-da-aneel-de-incluir-itaipu-no-pld-minimo-divide-setor-judicializacao-comeca\/#breadcrumb\"},\"inLanguage\":\"pt-BR\",\"potentialAction\":[{\"@type\":\"ReadAction\",\"target\":[\"https:\/\/agenciainfra.com\/blog\/analise-decisao-da-aneel-de-incluir-itaipu-no-pld-minimo-divide-setor-judicializacao-comeca\/\"]}]},{\"@type\":\"ImageObject\",\"inLanguage\":\"pt-BR\",\"@id\":\"https:\/\/agenciainfra.com\/blog\/analise-decisao-da-aneel-de-incluir-itaipu-no-pld-minimo-divide-setor-judicializacao-comeca\/#primaryimage\",\"url\":\"https:\/\/agenciainfra.com\/blog\/wp-content\/uploads\/2021\/05\/itaipu-foto-itaipu.jpeg\",\"contentUrl\":\"https:\/\/agenciainfra.com\/blog\/wp-content\/uploads\/2021\/05\/itaipu-foto-itaipu.jpeg\",\"width\":1280,\"height\":810,\"caption\":\"Foto: Itaipu\"},{\"@type\":\"BreadcrumbList\",\"@id\":\"https:\/\/agenciainfra.com\/blog\/analise-decisao-da-aneel-de-incluir-itaipu-no-pld-minimo-divide-setor-judicializacao-comeca\/#breadcrumb\",\"itemListElement\":[{\"@type\":\"ListItem\",\"position\":1,\"name\":\"In\u00edcio\",\"item\":\"https:\/\/agenciainfra.com\/blog\/\"},{\"@type\":\"ListItem\",\"position\":2,\"name\":\"An\u00e1lise: Decis\u00e3o da ANEEL de incluir Itaipu no PLD m\u00ednimo divide setor; judicializa\u00e7\u00e3o come\u00e7a\"}]},{\"@type\":\"WebSite\",\"@id\":\"https:\/\/agenciainfra.com\/blog\/#website\",\"url\":\"https:\/\/agenciainfra.com\/blog\/\",\"name\":\"Ag\u00eancia iNFRA\",\"description\":\"Multiplataforma de informa\u00e7\u00e3o jornal\u00edstica refer\u00eancia na \u00e1rea de infraestrutura no Brasil!\",\"publisher\":{\"@id\":\"https:\/\/agenciainfra.com\/blog\/#organization\"},\"potentialAction\":[{\"@type\":\"SearchAction\",\"target\":{\"@type\":\"EntryPoint\",\"urlTemplate\":\"https:\/\/agenciainfra.com\/blog\/?s={search_term_string}\"},\"query-input\":{\"@type\":\"PropertyValueSpecification\",\"valueRequired\":true,\"valueName\":\"search_term_string\"}}],\"inLanguage\":\"pt-BR\"},{\"@type\":\"Organization\",\"@id\":\"https:\/\/agenciainfra.com\/blog\/#organization\",\"name\":\"Ag\u00eancia iNFRA\",\"url\":\"https:\/\/agenciainfra.com\/blog\/\",\"logo\":{\"@type\":\"ImageObject\",\"inLanguage\":\"pt-BR\",\"@id\":\"https:\/\/agenciainfra.com\/blog\/#\/schema\/logo\/image\/\",\"url\":\"https:\/\/agenciainfra.com\/blog\/wp-content\/uploads\/2023\/09\/iNFRA_5-e1761735885940.png\",\"contentUrl\":\"https:\/\/agenciainfra.com\/blog\/wp-content\/uploads\/2023\/09\/iNFRA_5-e1761735885940.png\",\"width\":1672,\"height\":454,\"caption\":\"Ag\u00eancia iNFRA\"},\"image\":{\"@id\":\"https:\/\/agenciainfra.com\/blog\/#\/schema\/logo\/image\/\"},\"sameAs\":[\"https:\/\/www.facebook.com\/ageninfra\",\"https:\/\/x.com\/agencia_infra\",\"https:\/\/www.linkedin.com\/company\/ag\u00eanciainfra\/\",\"https:\/\/www.instagram.com\/agenciainfra\/\"]},{\"@type\":\"Person\",\"@id\":\"https:\/\/agenciainfra.com\/blog\/#\/schema\/person\/34af08dff6adea4cb22b06612ba7acfa\",\"name\":\"Ag\u00eancia iNFRA\",\"image\":{\"@type\":\"ImageObject\",\"inLanguage\":\"pt-BR\",\"@id\":\"https:\/\/agenciainfra.com\/blog\/#\/schema\/person\/image\/\",\"url\":\"https:\/\/secure.gravatar.com\/avatar\/d189e01678f06d8eb84d4e01f08eb848b3fffe3f8443818d3c356c66892f5be8?s=96&d=mm&r=g\",\"contentUrl\":\"https:\/\/secure.gravatar.com\/avatar\/d189e01678f06d8eb84d4e01f08eb848b3fffe3f8443818d3c356c66892f5be8?s=96&d=mm&r=g\",\"caption\":\"Ag\u00eancia iNFRA\"},\"url\":\"https:\/\/agenciainfra.com\/blog\/author\/admin\/\"}]}<\/script>\n<!-- \/ Yoast SEO Premium plugin. -->","yoast_head_json":{"title":"An\u00e1lise: Decis\u00e3o da ANEEL de incluir Itaipu no PLD m\u00ednimo divide setor; judicializa\u00e7\u00e3o come\u00e7a - Ag\u00eancia iNFRA","robots":{"index":"index","follow":"follow","max-snippet":"max-snippet:-1","max-image-preview":"max-image-preview:large","max-video-preview":"max-video-preview:-1"},"canonical":"https:\/\/agenciainfra.com\/blog\/analise-decisao-da-aneel-de-incluir-itaipu-no-pld-minimo-divide-setor-judicializacao-comeca\/","og_locale":"pt_BR","og_type":"article","og_title":"An\u00e1lise: Decis\u00e3o da ANEEL de incluir Itaipu no PLD m\u00ednimo divide setor; judicializa\u00e7\u00e3o come\u00e7a","og_description":"Roberto Rockmann* As discuss\u00f5es sobre a metodologia aplicada no c\u00e1lculo do PLD (Pre\u00e7o de Liquida\u00e7\u00e3o de Diferen\u00e7as) m\u00ednimo para 2023 est\u00e3o a todo vapor, no momento em que as chuvas e a entrada de nova capacidade neste ano derrubaram os pre\u00e7os no curto e m\u00e9dio prazo.\u00a0Uma a\u00e7\u00e3o judicial impetrada pela comercializadora Enercore contra decis\u00e3o do [&hellip;]","og_url":"https:\/\/agenciainfra.com\/blog\/analise-decisao-da-aneel-de-incluir-itaipu-no-pld-minimo-divide-setor-judicializacao-comeca\/","og_site_name":"Ag\u00eancia iNFRA","article_publisher":"https:\/\/www.facebook.com\/ageninfra","article_published_time":"2023-01-23T22:00:00+00:00","article_modified_time":"2023-01-23T22:15:35+00:00","og_image":[{"width":1280,"height":810,"url":"https:\/\/agenciainfra.com\/blog\/wp-content\/uploads\/2021\/05\/itaipu-foto-itaipu.jpeg","type":"image\/jpeg"}],"author":"Ag\u00eancia iNFRA","twitter_card":"summary_large_image","twitter_creator":"@agencia_infra","twitter_site":"@agencia_infra","twitter_misc":{"Escrito por":"Ag\u00eancia iNFRA","Est. tempo de leitura":"5 minutos"},"schema":{"@context":"https:\/\/schema.org","@graph":[{"@type":"Article","@id":"https:\/\/agenciainfra.com\/blog\/analise-decisao-da-aneel-de-incluir-itaipu-no-pld-minimo-divide-setor-judicializacao-comeca\/#article","isPartOf":{"@id":"https:\/\/agenciainfra.com\/blog\/analise-decisao-da-aneel-de-incluir-itaipu-no-pld-minimo-divide-setor-judicializacao-comeca\/"},"author":{"name":"Ag\u00eancia iNFRA","@id":"https:\/\/agenciainfra.com\/blog\/#\/schema\/person\/34af08dff6adea4cb22b06612ba7acfa"},"headline":"An\u00e1lise: Decis\u00e3o da ANEEL de incluir Itaipu no PLD m\u00ednimo divide setor; judicializa\u00e7\u00e3o come\u00e7a","datePublished":"2023-01-23T22:00:00+00:00","dateModified":"2023-01-23T22:15:35+00:00","mainEntityOfPage":{"@id":"https:\/\/agenciainfra.com\/blog\/analise-decisao-da-aneel-de-incluir-itaipu-no-pld-minimo-divide-setor-judicializacao-comeca\/"},"wordCount":1084,"publisher":{"@id":"https:\/\/agenciainfra.com\/blog\/#organization"},"image":{"@id":"https:\/\/agenciainfra.com\/blog\/analise-decisao-da-aneel-de-incluir-itaipu-no-pld-minimo-divide-setor-judicializacao-comeca\/#primaryimage"},"thumbnailUrl":"https:\/\/agenciainfra.com\/blog\/wp-content\/uploads\/2021\/05\/itaipu-foto-itaipu.jpeg","keywords":["ANEEL","Eletrobras","Enercore","Hidrel\u00e9tricas","Itaipu","PLD","Tarifa de Otimiza\u00e7\u00e3o"],"articleSection":["Geral"],"inLanguage":"pt-BR","copyrightYear":"2023","copyrightHolder":{"@id":"https:\/\/agenciainfra.com\/blog\/#organization"}},{"@type":"WebPage","@id":"https:\/\/agenciainfra.com\/blog\/analise-decisao-da-aneel-de-incluir-itaipu-no-pld-minimo-divide-setor-judicializacao-comeca\/","url":"https:\/\/agenciainfra.com\/blog\/analise-decisao-da-aneel-de-incluir-itaipu-no-pld-minimo-divide-setor-judicializacao-comeca\/","name":"An\u00e1lise: Decis\u00e3o da ANEEL de incluir Itaipu no PLD m\u00ednimo divide setor; judicializa\u00e7\u00e3o come\u00e7a - Ag\u00eancia iNFRA","isPartOf":{"@id":"https:\/\/agenciainfra.com\/blog\/#website"},"primaryImageOfPage":{"@id":"https:\/\/agenciainfra.com\/blog\/analise-decisao-da-aneel-de-incluir-itaipu-no-pld-minimo-divide-setor-judicializacao-comeca\/#primaryimage"},"image":{"@id":"https:\/\/agenciainfra.com\/blog\/analise-decisao-da-aneel-de-incluir-itaipu-no-pld-minimo-divide-setor-judicializacao-comeca\/#primaryimage"},"thumbnailUrl":"https:\/\/agenciainfra.com\/blog\/wp-content\/uploads\/2021\/05\/itaipu-foto-itaipu.jpeg","datePublished":"2023-01-23T22:00:00+00:00","dateModified":"2023-01-23T22:15:35+00:00","breadcrumb":{"@id":"https:\/\/agenciainfra.com\/blog\/analise-decisao-da-aneel-de-incluir-itaipu-no-pld-minimo-divide-setor-judicializacao-comeca\/#breadcrumb"},"inLanguage":"pt-BR","potentialAction":[{"@type":"ReadAction","target":["https:\/\/agenciainfra.com\/blog\/analise-decisao-da-aneel-de-incluir-itaipu-no-pld-minimo-divide-setor-judicializacao-comeca\/"]}]},{"@type":"ImageObject","inLanguage":"pt-BR","@id":"https:\/\/agenciainfra.com\/blog\/analise-decisao-da-aneel-de-incluir-itaipu-no-pld-minimo-divide-setor-judicializacao-comeca\/#primaryimage","url":"https:\/\/agenciainfra.com\/blog\/wp-content\/uploads\/2021\/05\/itaipu-foto-itaipu.jpeg","contentUrl":"https:\/\/agenciainfra.com\/blog\/wp-content\/uploads\/2021\/05\/itaipu-foto-itaipu.jpeg","width":1280,"height":810,"caption":"Foto: Itaipu"},{"@type":"BreadcrumbList","@id":"https:\/\/agenciainfra.com\/blog\/analise-decisao-da-aneel-de-incluir-itaipu-no-pld-minimo-divide-setor-judicializacao-comeca\/#breadcrumb","itemListElement":[{"@type":"ListItem","position":1,"name":"In\u00edcio","item":"https:\/\/agenciainfra.com\/blog\/"},{"@type":"ListItem","position":2,"name":"An\u00e1lise: Decis\u00e3o da ANEEL de incluir Itaipu no PLD m\u00ednimo divide setor; judicializa\u00e7\u00e3o come\u00e7a"}]},{"@type":"WebSite","@id":"https:\/\/agenciainfra.com\/blog\/#website","url":"https:\/\/agenciainfra.com\/blog\/","name":"Ag\u00eancia iNFRA","description":"Multiplataforma de informa\u00e7\u00e3o jornal\u00edstica refer\u00eancia na \u00e1rea de infraestrutura no Brasil!","publisher":{"@id":"https:\/\/agenciainfra.com\/blog\/#organization"},"potentialAction":[{"@type":"SearchAction","target":{"@type":"EntryPoint","urlTemplate":"https:\/\/agenciainfra.com\/blog\/?s={search_term_string}"},"query-input":{"@type":"PropertyValueSpecification","valueRequired":true,"valueName":"search_term_string"}}],"inLanguage":"pt-BR"},{"@type":"Organization","@id":"https:\/\/agenciainfra.com\/blog\/#organization","name":"Ag\u00eancia iNFRA","url":"https:\/\/agenciainfra.com\/blog\/","logo":{"@type":"ImageObject","inLanguage":"pt-BR","@id":"https:\/\/agenciainfra.com\/blog\/#\/schema\/logo\/image\/","url":"https:\/\/agenciainfra.com\/blog\/wp-content\/uploads\/2023\/09\/iNFRA_5-e1761735885940.png","contentUrl":"https:\/\/agenciainfra.com\/blog\/wp-content\/uploads\/2023\/09\/iNFRA_5-e1761735885940.png","width":1672,"height":454,"caption":"Ag\u00eancia iNFRA"},"image":{"@id":"https:\/\/agenciainfra.com\/blog\/#\/schema\/logo\/image\/"},"sameAs":["https:\/\/www.facebook.com\/ageninfra","https:\/\/x.com\/agencia_infra","https:\/\/www.linkedin.com\/company\/ag\u00eanciainfra\/","https:\/\/www.instagram.com\/agenciainfra\/"]},{"@type":"Person","@id":"https:\/\/agenciainfra.com\/blog\/#\/schema\/person\/34af08dff6adea4cb22b06612ba7acfa","name":"Ag\u00eancia iNFRA","image":{"@type":"ImageObject","inLanguage":"pt-BR","@id":"https:\/\/agenciainfra.com\/blog\/#\/schema\/person\/image\/","url":"https:\/\/secure.gravatar.com\/avatar\/d189e01678f06d8eb84d4e01f08eb848b3fffe3f8443818d3c356c66892f5be8?s=96&d=mm&r=g","contentUrl":"https:\/\/secure.gravatar.com\/avatar\/d189e01678f06d8eb84d4e01f08eb848b3fffe3f8443818d3c356c66892f5be8?s=96&d=mm&r=g","caption":"Ag\u00eancia iNFRA"},"url":"https:\/\/agenciainfra.com\/blog\/author\/admin\/"}]}},"_links":{"self":[{"href":"https:\/\/agenciainfra.com\/blog\/wp-json\/wp\/v2\/posts\/12082","targetHints":{"allow":["GET"]}}],"collection":[{"href":"https:\/\/agenciainfra.com\/blog\/wp-json\/wp\/v2\/posts"}],"about":[{"href":"https:\/\/agenciainfra.com\/blog\/wp-json\/wp\/v2\/types\/post"}],"author":[{"embeddable":true,"href":"https:\/\/agenciainfra.com\/blog\/wp-json\/wp\/v2\/users\/1"}],"replies":[{"embeddable":true,"href":"https:\/\/agenciainfra.com\/blog\/wp-json\/wp\/v2\/comments?post=12082"}],"version-history":[{"count":0,"href":"https:\/\/agenciainfra.com\/blog\/wp-json\/wp\/v2\/posts\/12082\/revisions"}],"wp:featuredmedia":[{"embeddable":true,"href":"https:\/\/agenciainfra.com\/blog\/wp-json\/wp\/v2\/media\/7280"}],"wp:attachment":[{"href":"https:\/\/agenciainfra.com\/blog\/wp-json\/wp\/v2\/media?parent=12082"}],"wp:term":[{"taxonomy":"category","embeddable":true,"href":"https:\/\/agenciainfra.com\/blog\/wp-json\/wp\/v2\/categories?post=12082"},{"taxonomy":"post_tag","embeddable":true,"href":"https:\/\/agenciainfra.com\/blog\/wp-json\/wp\/v2\/tags?post=12082"}],"curies":[{"name":"wp","href":"https:\/\/api.w.org\/{rel}","templated":true}]}}