{"id":12088,"date":"2023-01-24T12:06:49","date_gmt":"2023-01-24T15:06:49","guid":{"rendered":"https:\/\/www.agenciainfra.com\/blog\/?p=12088"},"modified":"2023-01-24T12:06:53","modified_gmt":"2023-01-24T15:06:53","slug":"governo-e-aneel-avaliam-solucao-para-a-viabilidade-economico-financeira-da-amazonas-energia-que-passa-por-dificuldades","status":"publish","type":"post","link":"https:\/\/agenciainfra.com\/blog\/governo-e-aneel-avaliam-solucao-para-a-viabilidade-economico-financeira-da-amazonas-energia-que-passa-por-dificuldades\/","title":{"rendered":"Governo e ANEEL avaliam solu\u00e7\u00e3o para a viabilidade econ\u00f4mico-financeira da Amazonas Energia, que passa por dificuldades"},"content":{"rendered":"\n<p class=\"has-text-align-right\"><strong>Leila Coimbra e Roberto Rockmann, da Ag\u00eancia iNFRA<\/strong><\/p>\n\n\n\n<p>Quatro anos depois da privatiza\u00e7\u00e3o, realizada em dezembro de 2018 e vencida pela Oliveira Energia, a situa\u00e7\u00e3o financeira da distribuidora Amazonas Energia preocupa o governo federal.&nbsp;<br><br>Sobre a mesa h\u00e1 algumas possibilidades: transfer\u00eancia do controle em negocia\u00e7\u00e3o privada; mudan\u00e7as no contrato de concess\u00e3o para atrair uma solu\u00e7\u00e3o; interven\u00e7\u00e3o federal; ou decretar a caducidade da concess\u00e3o e fazer nova licita\u00e7\u00e3o.&nbsp;<br><br>O novo ministro de Minas e Energia, Alexandre Silveira, acabou de assumir o cargo e ainda n\u00e3o montou a sua equipe. Mas o problema da Amazonas est\u00e1 em uma lista de 25 prioridades que chegou \u00e0 sua mesa, disseram fontes. Outras duas distribuidoras de energia el\u00e9trica tamb\u00e9m estariam com dificuldades e necessitariam solu\u00e7\u00f5es para manter o equil\u00edbrio da concess\u00e3o: Light e Enel Rio, disseram as mesmas fontes.<br><br>A ANEEL (Ag\u00eancia Nacional de Energia El\u00e9trica), no entanto, j\u00e1 vinha cuidando do assunto. No ano passado, o \u00f3rg\u00e3o regulador solicitou \u00e0 empresa um plano de viabilidade fact\u00edvel do neg\u00f3cio. Esse prazo terminou em dezembro, e mais 30 dias foram dados. Uma decis\u00e3o precisa ser tomada em breve. Na ANEEL, o processo que trata da Amazonas est\u00e1 sob a relatoria da diretora Agnes Costa.&nbsp;<br><br>O BTG Pactual analisou o ativo e entregou um relat\u00f3rio no fim de 2022. Viu que as perdas da concession\u00e1ria estariam em 40%, um em cinco clientes faturados estariam com as contas atrasadas e a sobrecontrata\u00e7\u00e3o da distribuidora estaria em 40%, em raz\u00e3o da interliga\u00e7\u00e3o de Manaus e da Zona Franca ao Sistema Interligado Nacional e a migra\u00e7\u00e3o de clientes para o mercado livre. Esse custo seria repassado na CCC (Conta de Consumo de Combust\u00edveis) at\u00e9 2025.&nbsp;<br><br>Em um processo inicial de due diligence, haveria ind\u00edcios de um subdimensionamento de valores constantes das demonstra\u00e7\u00f5es financeiras, de conting\u00eancias fundi\u00e1rias a trabalhistas.<br><br>O presidente da Amazonas, M\u00e1rcio Zimmermann, ex-ministro de Minas e Energia, preferiu n\u00e3o se posicionar sobre o assunto: \u201cEstamos numa fase em que a empresa evita se manifestar, tendo em vista que os nossos pleitos administrativos e judiciais est\u00e3o em andamento nos \u00f3rg\u00e3os competentes\u201d, disse \u00e0&nbsp;<strong>Ag\u00eancia iNFRA<\/strong><br><br><strong>Venda do controle<\/strong><br>A transfer\u00eancia do controle da Amazonas Energia \u00e9 considerada a melhor solu\u00e7\u00e3o pelos atuais concession\u00e1rios, e tamb\u00e9m pelos agentes privados, para evitar turbul\u00eancias no setor.&nbsp;<br><br>Hoje o problema \u00e9 a baixa atratividade da distribuidora. No diagn\u00f3stico feito pelo BTG Pactual, foram apontadas v\u00e1rias possibilidades para tornar a concess\u00e3o mais palat\u00e1vel: extens\u00e3o do prazo de concess\u00e3o; divis\u00e3o da \u00e1rea de concess\u00e3o; novo referencial regulat\u00f3rio para perdas t\u00e9cnicas e n\u00e3o t\u00e9cnicas; reconhecimento da neutralidade das perdas por sete anos; assun\u00e7\u00e3o pela Eletrobras de parte da d\u00edvida via participa\u00e7\u00e3o societ\u00e1ria.&nbsp;<br><br>A Eletrobras \u00e9 a maior credora da empresa, com cerca de R$ 8,5 bilh\u00f5es em passivos com a Amazonas Energia.<br><br>Em rela\u00e7\u00e3o \u00e0 transfer\u00eancia para uma empresa, h\u00e1 dificuldades, seja pela quest\u00e3o operacional e gerencial, seja pelo risco pol\u00edtico envolvido na concess\u00e3o. Quem analisou o ativo aponta que a gest\u00e3o da empresa \u00e9 um calcanhar de Aquiles.&nbsp;<br><br>Outro ponto cr\u00edtico \u00e9 relativo \u00e0s disputas pol\u00edticas. O senador do Amazonas Eduardo Braga (MDB), que concorreu ao governo do Estado na elei\u00e7\u00e3o de 2022, encampou uma batalha contra a instala\u00e7\u00e3o de medidores a\u00e9reos que poderiam melhorar a efici\u00eancia operacional e reduzir perdas. Isso coincide com a chegada do novo governo federal, com a quest\u00e3o indo parar no colo do presidente Luiz In\u00e1cio Lula da Silva. Essa pend\u00eancia foi parar no STF (Supremo Tribunal Federal), mas a empresa reverteu recentemente.<br><br>Se fosse devolvido, especialistas apontam que o ativo precisaria passar por um redesenho, por ser uma \u00e1rea de concess\u00e3o com alta inadimpl\u00eancia e elevadas perdas. A partir desse redesenho, o ativo poderia ser licitado de novo. Para outros, uma sa\u00edda seria nos moldes de uma PPP (parceria p\u00fablico-privada), sob interven\u00e7\u00e3o do governo federal.<\/p>\n","protected":false},"excerpt":{"rendered":"<p>Leila Coimbra e Roberto Rockmann, da Ag\u00eancia iNFRA Quatro anos depois da privatiza\u00e7\u00e3o, realizada em dezembro de 2018 e vencida pela Oliveira Energia, a situa\u00e7\u00e3o financeira da distribuidora Amazonas Energia preocupa o governo federal.&nbsp; Sobre a mesa h\u00e1 algumas possibilidades: transfer\u00eancia do controle em negocia\u00e7\u00e3o privada; mudan\u00e7as no contrato de concess\u00e3o para atrair uma solu\u00e7\u00e3o; [&hellip;]<\/p>\n","protected":false},"author":1,"featured_media":6714,"comment_status":"closed","ping_status":"closed","sticky":false,"template":"","format":"standard","meta":{"_monsterinsights_skip_tracking":false,"_monsterinsights_sitenote_active":false,"_monsterinsights_sitenote_note":"","_monsterinsights_sitenote_category":0,"footnotes":""},"categories":[1,10],"tags":[144,53,3286,22,2199,1252,50,2722,97,6304,372],"class_list":["post-12088","post","type-post","status-publish","format-standard","has-post-thumbnail","hentry","category-geral","category-infraenergia","tag-amazonas-energia","tag-aneel","tag-btg-pactual","tag-concessao","tag-distribuicao","tag-eduardo-braga","tag-eletrobras","tag-governo-federal","tag-ppp","tag-situacao-financeira","tag-stf"],"yoast_head":"<!-- This site is optimized with the Yoast SEO Premium plugin v25.4 (Yoast SEO v26.0) - https:\/\/yoast.com\/wordpress\/plugins\/seo\/ -->\n<title>Governo e ANEEL avaliam solu\u00e7\u00e3o para a viabilidade econ\u00f4mico-financeira da Amazonas Energia, que passa por dificuldades - Ag\u00eancia iNFRA<\/title>\n<meta name=\"robots\" content=\"index, follow, max-snippet:-1, max-image-preview:large, max-video-preview:-1\" \/>\n<link rel=\"canonical\" href=\"https:\/\/agenciainfra.com\/blog\/governo-e-aneel-avaliam-solucao-para-a-viabilidade-economico-financeira-da-amazonas-energia-que-passa-por-dificuldades\/\" \/>\n<meta property=\"og:locale\" content=\"pt_BR\" \/>\n<meta property=\"og:type\" content=\"article\" \/>\n<meta property=\"og:title\" content=\"Governo e ANEEL avaliam solu\u00e7\u00e3o para a viabilidade econ\u00f4mico-financeira da Amazonas Energia, que passa por dificuldades\" \/>\n<meta property=\"og:description\" content=\"Leila Coimbra e Roberto Rockmann, da Ag\u00eancia iNFRA Quatro anos depois da privatiza\u00e7\u00e3o, realizada em dezembro de 2018 e vencida pela Oliveira Energia, a situa\u00e7\u00e3o financeira da distribuidora Amazonas Energia preocupa o governo federal.&nbsp; Sobre a mesa h\u00e1 algumas possibilidades: transfer\u00eancia do controle em negocia\u00e7\u00e3o privada; mudan\u00e7as no contrato de concess\u00e3o para atrair uma solu\u00e7\u00e3o; [&hellip;]\" \/>\n<meta property=\"og:url\" content=\"https:\/\/agenciainfra.com\/blog\/governo-e-aneel-avaliam-solucao-para-a-viabilidade-economico-financeira-da-amazonas-energia-que-passa-por-dificuldades\/\" \/>\n<meta property=\"og:site_name\" content=\"Ag\u00eancia iNFRA\" \/>\n<meta property=\"article:publisher\" content=\"https:\/\/www.facebook.com\/ageninfra\" \/>\n<meta property=\"article:published_time\" content=\"2023-01-24T15:06:49+00:00\" \/>\n<meta property=\"article:modified_time\" content=\"2023-01-24T15:06:53+00:00\" \/>\n<meta property=\"og:image\" content=\"https:\/\/agenciainfra.com\/blog\/wp-content\/uploads\/2021\/01\/amazonas-energia-foto-divulgacao-redes-sociais.jpg\" \/>\n\t<meta property=\"og:image:width\" content=\"1280\" \/>\n\t<meta property=\"og:image:height\" content=\"855\" \/>\n\t<meta property=\"og:image:type\" content=\"image\/jpeg\" \/>\n<meta name=\"author\" content=\"Ag\u00eancia iNFRA\" \/>\n<meta name=\"twitter:card\" content=\"summary_large_image\" \/>\n<meta name=\"twitter:creator\" content=\"@agencia_infra\" \/>\n<meta name=\"twitter:site\" content=\"@agencia_infra\" \/>\n<meta name=\"twitter:label1\" content=\"Escrito por\" \/>\n\t<meta name=\"twitter:data1\" content=\"Ag\u00eancia iNFRA\" \/>\n\t<meta name=\"twitter:label2\" content=\"Est. tempo de leitura\" \/>\n\t<meta name=\"twitter:data2\" content=\"3 minutos\" \/>\n<script type=\"application\/ld+json\" class=\"yoast-schema-graph\">{\"@context\":\"https:\/\/schema.org\",\"@graph\":[{\"@type\":\"Article\",\"@id\":\"https:\/\/agenciainfra.com\/blog\/governo-e-aneel-avaliam-solucao-para-a-viabilidade-economico-financeira-da-amazonas-energia-que-passa-por-dificuldades\/#article\",\"isPartOf\":{\"@id\":\"https:\/\/agenciainfra.com\/blog\/governo-e-aneel-avaliam-solucao-para-a-viabilidade-economico-financeira-da-amazonas-energia-que-passa-por-dificuldades\/\"},\"author\":{\"name\":\"Ag\u00eancia iNFRA\",\"@id\":\"https:\/\/agenciainfra.com\/blog\/#\/schema\/person\/34af08dff6adea4cb22b06612ba7acfa\"},\"headline\":\"Governo e ANEEL avaliam solu\u00e7\u00e3o para a viabilidade econ\u00f4mico-financeira da Amazonas Energia, que passa por dificuldades\",\"datePublished\":\"2023-01-24T15:06:49+00:00\",\"dateModified\":\"2023-01-24T15:06:53+00:00\",\"mainEntityOfPage\":{\"@id\":\"https:\/\/agenciainfra.com\/blog\/governo-e-aneel-avaliam-solucao-para-a-viabilidade-economico-financeira-da-amazonas-energia-que-passa-por-dificuldades\/\"},\"wordCount\":715,\"publisher\":{\"@id\":\"https:\/\/agenciainfra.com\/blog\/#organization\"},\"image\":{\"@id\":\"https:\/\/agenciainfra.com\/blog\/governo-e-aneel-avaliam-solucao-para-a-viabilidade-economico-financeira-da-amazonas-energia-que-passa-por-dificuldades\/#primaryimage\"},\"thumbnailUrl\":\"https:\/\/agenciainfra.com\/blog\/wp-content\/uploads\/2021\/01\/amazonas-energia-foto-divulgacao-redes-sociais.jpg\",\"keywords\":[\"Amazonas Energia\",\"ANEEL\",\"BTG Pactual\",\"Concess\u00e3o\",\"distribui\u00e7\u00e3o\",\"Eduardo Braga\",\"Eletrobras\",\"governo federal\",\"PPP\",\"situa\u00e7\u00e3o financeira\",\"STF\"],\"articleSection\":[\"Geral\",\"iNFRAEnergia\"],\"inLanguage\":\"pt-BR\",\"copyrightYear\":\"2023\",\"copyrightHolder\":{\"@id\":\"https:\/\/agenciainfra.com\/blog\/#organization\"}},{\"@type\":\"WebPage\",\"@id\":\"https:\/\/agenciainfra.com\/blog\/governo-e-aneel-avaliam-solucao-para-a-viabilidade-economico-financeira-da-amazonas-energia-que-passa-por-dificuldades\/\",\"url\":\"https:\/\/agenciainfra.com\/blog\/governo-e-aneel-avaliam-solucao-para-a-viabilidade-economico-financeira-da-amazonas-energia-que-passa-por-dificuldades\/\",\"name\":\"Governo e ANEEL avaliam solu\u00e7\u00e3o para a viabilidade econ\u00f4mico-financeira da Amazonas Energia, que passa por dificuldades - Ag\u00eancia iNFRA\",\"isPartOf\":{\"@id\":\"https:\/\/agenciainfra.com\/blog\/#website\"},\"primaryImageOfPage\":{\"@id\":\"https:\/\/agenciainfra.com\/blog\/governo-e-aneel-avaliam-solucao-para-a-viabilidade-economico-financeira-da-amazonas-energia-que-passa-por-dificuldades\/#primaryimage\"},\"image\":{\"@id\":\"https:\/\/agenciainfra.com\/blog\/governo-e-aneel-avaliam-solucao-para-a-viabilidade-economico-financeira-da-amazonas-energia-que-passa-por-dificuldades\/#primaryimage\"},\"thumbnailUrl\":\"https:\/\/agenciainfra.com\/blog\/wp-content\/uploads\/2021\/01\/amazonas-energia-foto-divulgacao-redes-sociais.jpg\",\"datePublished\":\"2023-01-24T15:06:49+00:00\",\"dateModified\":\"2023-01-24T15:06:53+00:00\",\"breadcrumb\":{\"@id\":\"https:\/\/agenciainfra.com\/blog\/governo-e-aneel-avaliam-solucao-para-a-viabilidade-economico-financeira-da-amazonas-energia-que-passa-por-dificuldades\/#breadcrumb\"},\"inLanguage\":\"pt-BR\",\"potentialAction\":[{\"@type\":\"ReadAction\",\"target\":[\"https:\/\/agenciainfra.com\/blog\/governo-e-aneel-avaliam-solucao-para-a-viabilidade-economico-financeira-da-amazonas-energia-que-passa-por-dificuldades\/\"]}]},{\"@type\":\"ImageObject\",\"inLanguage\":\"pt-BR\",\"@id\":\"https:\/\/agenciainfra.com\/blog\/governo-e-aneel-avaliam-solucao-para-a-viabilidade-economico-financeira-da-amazonas-energia-que-passa-por-dificuldades\/#primaryimage\",\"url\":\"https:\/\/agenciainfra.com\/blog\/wp-content\/uploads\/2021\/01\/amazonas-energia-foto-divulgacao-redes-sociais.jpg\",\"contentUrl\":\"https:\/\/agenciainfra.com\/blog\/wp-content\/uploads\/2021\/01\/amazonas-energia-foto-divulgacao-redes-sociais.jpg\",\"width\":1280,\"height\":855,\"caption\":\"Foto: Divulga\u00e7\u00e3o\/Amazonas Energia\"},{\"@type\":\"BreadcrumbList\",\"@id\":\"https:\/\/agenciainfra.com\/blog\/governo-e-aneel-avaliam-solucao-para-a-viabilidade-economico-financeira-da-amazonas-energia-que-passa-por-dificuldades\/#breadcrumb\",\"itemListElement\":[{\"@type\":\"ListItem\",\"position\":1,\"name\":\"In\u00edcio\",\"item\":\"https:\/\/agenciainfra.com\/blog\/\"},{\"@type\":\"ListItem\",\"position\":2,\"name\":\"Governo e ANEEL avaliam solu\u00e7\u00e3o para a viabilidade econ\u00f4mico-financeira da Amazonas Energia, que passa por dificuldades\"}]},{\"@type\":\"WebSite\",\"@id\":\"https:\/\/agenciainfra.com\/blog\/#website\",\"url\":\"https:\/\/agenciainfra.com\/blog\/\",\"name\":\"Ag\u00eancia iNFRA\",\"description\":\"Multiplataforma de informa\u00e7\u00e3o jornal\u00edstica refer\u00eancia na \u00e1rea de infraestrutura no Brasil!\",\"publisher\":{\"@id\":\"https:\/\/agenciainfra.com\/blog\/#organization\"},\"potentialAction\":[{\"@type\":\"SearchAction\",\"target\":{\"@type\":\"EntryPoint\",\"urlTemplate\":\"https:\/\/agenciainfra.com\/blog\/?s={search_term_string}\"},\"query-input\":{\"@type\":\"PropertyValueSpecification\",\"valueRequired\":true,\"valueName\":\"search_term_string\"}}],\"inLanguage\":\"pt-BR\"},{\"@type\":\"Organization\",\"@id\":\"https:\/\/agenciainfra.com\/blog\/#organization\",\"name\":\"Ag\u00eancia iNFRA\",\"url\":\"https:\/\/agenciainfra.com\/blog\/\",\"logo\":{\"@type\":\"ImageObject\",\"inLanguage\":\"pt-BR\",\"@id\":\"https:\/\/agenciainfra.com\/blog\/#\/schema\/logo\/image\/\",\"url\":\"https:\/\/agenciainfra.com\/blog\/wp-content\/uploads\/2023\/09\/iNFRA_5-e1761735885940.png\",\"contentUrl\":\"https:\/\/agenciainfra.com\/blog\/wp-content\/uploads\/2023\/09\/iNFRA_5-e1761735885940.png\",\"width\":1672,\"height\":454,\"caption\":\"Ag\u00eancia iNFRA\"},\"image\":{\"@id\":\"https:\/\/agenciainfra.com\/blog\/#\/schema\/logo\/image\/\"},\"sameAs\":[\"https:\/\/www.facebook.com\/ageninfra\",\"https:\/\/x.com\/agencia_infra\",\"https:\/\/www.linkedin.com\/company\/ag\u00eanciainfra\/\",\"https:\/\/www.instagram.com\/agenciainfra\/\"]},{\"@type\":\"Person\",\"@id\":\"https:\/\/agenciainfra.com\/blog\/#\/schema\/person\/34af08dff6adea4cb22b06612ba7acfa\",\"name\":\"Ag\u00eancia iNFRA\",\"image\":{\"@type\":\"ImageObject\",\"inLanguage\":\"pt-BR\",\"@id\":\"https:\/\/agenciainfra.com\/blog\/#\/schema\/person\/image\/\",\"url\":\"https:\/\/secure.gravatar.com\/avatar\/d189e01678f06d8eb84d4e01f08eb848b3fffe3f8443818d3c356c66892f5be8?s=96&d=mm&r=g\",\"contentUrl\":\"https:\/\/secure.gravatar.com\/avatar\/d189e01678f06d8eb84d4e01f08eb848b3fffe3f8443818d3c356c66892f5be8?s=96&d=mm&r=g\",\"caption\":\"Ag\u00eancia iNFRA\"},\"url\":\"https:\/\/agenciainfra.com\/blog\/author\/admin\/\"}]}<\/script>\n<!-- \/ Yoast SEO Premium plugin. -->","yoast_head_json":{"title":"Governo e ANEEL avaliam solu\u00e7\u00e3o para a viabilidade econ\u00f4mico-financeira da Amazonas Energia, que passa por dificuldades - Ag\u00eancia iNFRA","robots":{"index":"index","follow":"follow","max-snippet":"max-snippet:-1","max-image-preview":"max-image-preview:large","max-video-preview":"max-video-preview:-1"},"canonical":"https:\/\/agenciainfra.com\/blog\/governo-e-aneel-avaliam-solucao-para-a-viabilidade-economico-financeira-da-amazonas-energia-que-passa-por-dificuldades\/","og_locale":"pt_BR","og_type":"article","og_title":"Governo e ANEEL avaliam solu\u00e7\u00e3o para a viabilidade econ\u00f4mico-financeira da Amazonas Energia, que passa por dificuldades","og_description":"Leila Coimbra e Roberto Rockmann, da Ag\u00eancia iNFRA Quatro anos depois da privatiza\u00e7\u00e3o, realizada em dezembro de 2018 e vencida pela Oliveira Energia, a situa\u00e7\u00e3o financeira da distribuidora Amazonas Energia preocupa o governo federal.&nbsp; Sobre a mesa h\u00e1 algumas possibilidades: transfer\u00eancia do controle em negocia\u00e7\u00e3o privada; mudan\u00e7as no contrato de concess\u00e3o para atrair uma solu\u00e7\u00e3o; [&hellip;]","og_url":"https:\/\/agenciainfra.com\/blog\/governo-e-aneel-avaliam-solucao-para-a-viabilidade-economico-financeira-da-amazonas-energia-que-passa-por-dificuldades\/","og_site_name":"Ag\u00eancia iNFRA","article_publisher":"https:\/\/www.facebook.com\/ageninfra","article_published_time":"2023-01-24T15:06:49+00:00","article_modified_time":"2023-01-24T15:06:53+00:00","og_image":[{"width":1280,"height":855,"url":"https:\/\/agenciainfra.com\/blog\/wp-content\/uploads\/2021\/01\/amazonas-energia-foto-divulgacao-redes-sociais.jpg","type":"image\/jpeg"}],"author":"Ag\u00eancia iNFRA","twitter_card":"summary_large_image","twitter_creator":"@agencia_infra","twitter_site":"@agencia_infra","twitter_misc":{"Escrito por":"Ag\u00eancia iNFRA","Est. tempo de leitura":"3 minutos"},"schema":{"@context":"https:\/\/schema.org","@graph":[{"@type":"Article","@id":"https:\/\/agenciainfra.com\/blog\/governo-e-aneel-avaliam-solucao-para-a-viabilidade-economico-financeira-da-amazonas-energia-que-passa-por-dificuldades\/#article","isPartOf":{"@id":"https:\/\/agenciainfra.com\/blog\/governo-e-aneel-avaliam-solucao-para-a-viabilidade-economico-financeira-da-amazonas-energia-que-passa-por-dificuldades\/"},"author":{"name":"Ag\u00eancia iNFRA","@id":"https:\/\/agenciainfra.com\/blog\/#\/schema\/person\/34af08dff6adea4cb22b06612ba7acfa"},"headline":"Governo e ANEEL avaliam solu\u00e7\u00e3o para a viabilidade econ\u00f4mico-financeira da Amazonas Energia, que passa por dificuldades","datePublished":"2023-01-24T15:06:49+00:00","dateModified":"2023-01-24T15:06:53+00:00","mainEntityOfPage":{"@id":"https:\/\/agenciainfra.com\/blog\/governo-e-aneel-avaliam-solucao-para-a-viabilidade-economico-financeira-da-amazonas-energia-que-passa-por-dificuldades\/"},"wordCount":715,"publisher":{"@id":"https:\/\/agenciainfra.com\/blog\/#organization"},"image":{"@id":"https:\/\/agenciainfra.com\/blog\/governo-e-aneel-avaliam-solucao-para-a-viabilidade-economico-financeira-da-amazonas-energia-que-passa-por-dificuldades\/#primaryimage"},"thumbnailUrl":"https:\/\/agenciainfra.com\/blog\/wp-content\/uploads\/2021\/01\/amazonas-energia-foto-divulgacao-redes-sociais.jpg","keywords":["Amazonas Energia","ANEEL","BTG Pactual","Concess\u00e3o","distribui\u00e7\u00e3o","Eduardo Braga","Eletrobras","governo federal","PPP","situa\u00e7\u00e3o financeira","STF"],"articleSection":["Geral","iNFRAEnergia"],"inLanguage":"pt-BR","copyrightYear":"2023","copyrightHolder":{"@id":"https:\/\/agenciainfra.com\/blog\/#organization"}},{"@type":"WebPage","@id":"https:\/\/agenciainfra.com\/blog\/governo-e-aneel-avaliam-solucao-para-a-viabilidade-economico-financeira-da-amazonas-energia-que-passa-por-dificuldades\/","url":"https:\/\/agenciainfra.com\/blog\/governo-e-aneel-avaliam-solucao-para-a-viabilidade-economico-financeira-da-amazonas-energia-que-passa-por-dificuldades\/","name":"Governo e ANEEL avaliam solu\u00e7\u00e3o para a viabilidade econ\u00f4mico-financeira da Amazonas Energia, que passa por dificuldades - Ag\u00eancia iNFRA","isPartOf":{"@id":"https:\/\/agenciainfra.com\/blog\/#website"},"primaryImageOfPage":{"@id":"https:\/\/agenciainfra.com\/blog\/governo-e-aneel-avaliam-solucao-para-a-viabilidade-economico-financeira-da-amazonas-energia-que-passa-por-dificuldades\/#primaryimage"},"image":{"@id":"https:\/\/agenciainfra.com\/blog\/governo-e-aneel-avaliam-solucao-para-a-viabilidade-economico-financeira-da-amazonas-energia-que-passa-por-dificuldades\/#primaryimage"},"thumbnailUrl":"https:\/\/agenciainfra.com\/blog\/wp-content\/uploads\/2021\/01\/amazonas-energia-foto-divulgacao-redes-sociais.jpg","datePublished":"2023-01-24T15:06:49+00:00","dateModified":"2023-01-24T15:06:53+00:00","breadcrumb":{"@id":"https:\/\/agenciainfra.com\/blog\/governo-e-aneel-avaliam-solucao-para-a-viabilidade-economico-financeira-da-amazonas-energia-que-passa-por-dificuldades\/#breadcrumb"},"inLanguage":"pt-BR","potentialAction":[{"@type":"ReadAction","target":["https:\/\/agenciainfra.com\/blog\/governo-e-aneel-avaliam-solucao-para-a-viabilidade-economico-financeira-da-amazonas-energia-que-passa-por-dificuldades\/"]}]},{"@type":"ImageObject","inLanguage":"pt-BR","@id":"https:\/\/agenciainfra.com\/blog\/governo-e-aneel-avaliam-solucao-para-a-viabilidade-economico-financeira-da-amazonas-energia-que-passa-por-dificuldades\/#primaryimage","url":"https:\/\/agenciainfra.com\/blog\/wp-content\/uploads\/2021\/01\/amazonas-energia-foto-divulgacao-redes-sociais.jpg","contentUrl":"https:\/\/agenciainfra.com\/blog\/wp-content\/uploads\/2021\/01\/amazonas-energia-foto-divulgacao-redes-sociais.jpg","width":1280,"height":855,"caption":"Foto: Divulga\u00e7\u00e3o\/Amazonas Energia"},{"@type":"BreadcrumbList","@id":"https:\/\/agenciainfra.com\/blog\/governo-e-aneel-avaliam-solucao-para-a-viabilidade-economico-financeira-da-amazonas-energia-que-passa-por-dificuldades\/#breadcrumb","itemListElement":[{"@type":"ListItem","position":1,"name":"In\u00edcio","item":"https:\/\/agenciainfra.com\/blog\/"},{"@type":"ListItem","position":2,"name":"Governo e ANEEL avaliam solu\u00e7\u00e3o para a viabilidade econ\u00f4mico-financeira da Amazonas Energia, que passa por dificuldades"}]},{"@type":"WebSite","@id":"https:\/\/agenciainfra.com\/blog\/#website","url":"https:\/\/agenciainfra.com\/blog\/","name":"Ag\u00eancia iNFRA","description":"Multiplataforma de informa\u00e7\u00e3o jornal\u00edstica refer\u00eancia na \u00e1rea de infraestrutura no Brasil!","publisher":{"@id":"https:\/\/agenciainfra.com\/blog\/#organization"},"potentialAction":[{"@type":"SearchAction","target":{"@type":"EntryPoint","urlTemplate":"https:\/\/agenciainfra.com\/blog\/?s={search_term_string}"},"query-input":{"@type":"PropertyValueSpecification","valueRequired":true,"valueName":"search_term_string"}}],"inLanguage":"pt-BR"},{"@type":"Organization","@id":"https:\/\/agenciainfra.com\/blog\/#organization","name":"Ag\u00eancia iNFRA","url":"https:\/\/agenciainfra.com\/blog\/","logo":{"@type":"ImageObject","inLanguage":"pt-BR","@id":"https:\/\/agenciainfra.com\/blog\/#\/schema\/logo\/image\/","url":"https:\/\/agenciainfra.com\/blog\/wp-content\/uploads\/2023\/09\/iNFRA_5-e1761735885940.png","contentUrl":"https:\/\/agenciainfra.com\/blog\/wp-content\/uploads\/2023\/09\/iNFRA_5-e1761735885940.png","width":1672,"height":454,"caption":"Ag\u00eancia iNFRA"},"image":{"@id":"https:\/\/agenciainfra.com\/blog\/#\/schema\/logo\/image\/"},"sameAs":["https:\/\/www.facebook.com\/ageninfra","https:\/\/x.com\/agencia_infra","https:\/\/www.linkedin.com\/company\/ag\u00eanciainfra\/","https:\/\/www.instagram.com\/agenciainfra\/"]},{"@type":"Person","@id":"https:\/\/agenciainfra.com\/blog\/#\/schema\/person\/34af08dff6adea4cb22b06612ba7acfa","name":"Ag\u00eancia iNFRA","image":{"@type":"ImageObject","inLanguage":"pt-BR","@id":"https:\/\/agenciainfra.com\/blog\/#\/schema\/person\/image\/","url":"https:\/\/secure.gravatar.com\/avatar\/d189e01678f06d8eb84d4e01f08eb848b3fffe3f8443818d3c356c66892f5be8?s=96&d=mm&r=g","contentUrl":"https:\/\/secure.gravatar.com\/avatar\/d189e01678f06d8eb84d4e01f08eb848b3fffe3f8443818d3c356c66892f5be8?s=96&d=mm&r=g","caption":"Ag\u00eancia iNFRA"},"url":"https:\/\/agenciainfra.com\/blog\/author\/admin\/"}]}},"_links":{"self":[{"href":"https:\/\/agenciainfra.com\/blog\/wp-json\/wp\/v2\/posts\/12088","targetHints":{"allow":["GET"]}}],"collection":[{"href":"https:\/\/agenciainfra.com\/blog\/wp-json\/wp\/v2\/posts"}],"about":[{"href":"https:\/\/agenciainfra.com\/blog\/wp-json\/wp\/v2\/types\/post"}],"author":[{"embeddable":true,"href":"https:\/\/agenciainfra.com\/blog\/wp-json\/wp\/v2\/users\/1"}],"replies":[{"embeddable":true,"href":"https:\/\/agenciainfra.com\/blog\/wp-json\/wp\/v2\/comments?post=12088"}],"version-history":[{"count":0,"href":"https:\/\/agenciainfra.com\/blog\/wp-json\/wp\/v2\/posts\/12088\/revisions"}],"wp:featuredmedia":[{"embeddable":true,"href":"https:\/\/agenciainfra.com\/blog\/wp-json\/wp\/v2\/media\/6714"}],"wp:attachment":[{"href":"https:\/\/agenciainfra.com\/blog\/wp-json\/wp\/v2\/media?parent=12088"}],"wp:term":[{"taxonomy":"category","embeddable":true,"href":"https:\/\/agenciainfra.com\/blog\/wp-json\/wp\/v2\/categories?post=12088"},{"taxonomy":"post_tag","embeddable":true,"href":"https:\/\/agenciainfra.com\/blog\/wp-json\/wp\/v2\/tags?post=12088"}],"curies":[{"name":"wp","href":"https:\/\/api.w.org\/{rel}","templated":true}]}}