{"id":12106,"date":"2023-01-27T09:00:00","date_gmt":"2023-01-27T12:00:00","guid":{"rendered":"https:\/\/www.agenciainfra.com\/blog\/?p=12106"},"modified":"2023-01-26T18:45:02","modified_gmt":"2023-01-26T21:45:02","slug":"documento-da-artesp-detalha-alteracoes-no-edital-da-concessao-do-rodoanel-norte-com-leilao-em-14-de-marco","status":"publish","type":"post","link":"https:\/\/agenciainfra.com\/blog\/documento-da-artesp-detalha-alteracoes-no-edital-da-concessao-do-rodoanel-norte-com-leilao-em-14-de-marco\/","title":{"rendered":"Documento da Artesp detalha altera\u00e7\u00f5es no edital da concess\u00e3o do Rodoanel Norte, com leil\u00e3o em 14 de mar\u00e7o"},"content":{"rendered":"\n<p class=\"has-text-align-right\"><strong>Rodrigo Zuquim, da Ag\u00eancia iNFRA<\/strong><\/p>\n\n\n\n<p>Diretrizes para decis\u00e3o arbitral relacionada \u00e0 constru\u00e7\u00e3o do ativo, identifica\u00e7\u00e3o de usu\u00e1rios inadimplentes no sistema free flow e aprimoramento em precifica\u00e7\u00e3o de obras de implanta\u00e7\u00e3o s\u00e3o algumas das altera\u00e7\u00f5es feitas no edital da concess\u00e3o do Trecho Norte do Rodoanel M\u00e1rio Covas, em S\u00e3o Paulo. O leil\u00e3o est\u00e1 marcado para 14 de mar\u00e7o.<br><br>A Artesp (Ag\u00eancia de Transportes do Estado de S\u00e3o Paulo) divulgou um relat\u00f3rio com as atualiza\u00e7\u00f5es feitas no edital republicado em 26 de dezembro. Al\u00e9m de estabelecer a data do leil\u00e3o, o documento apresenta um resumo dos ajustes incorporados aos documentos licitat\u00f3rios.<br><br>Entre as modifica\u00e7\u00f5es, o novo edital estipula crit\u00e9rios para eventual decis\u00e3o arbitral que divirja do comit\u00ea de transi\u00e7\u00e3o acerca de controv\u00e9rsias na avalia\u00e7\u00e3o do projeto executivo apresentado pela concession\u00e1ria vencedora \u00e0 Artesp, na fase de pr\u00e9-constru\u00e7\u00e3o. A decis\u00e3o arbitral dever\u00e1 levar em considera\u00e7\u00e3o o est\u00e1gio da obra de implanta\u00e7\u00e3o e os investimentos j\u00e1 executados pela concession\u00e1ria.<br><br>Define-se ainda como risco do poder concedente o caso de o ju\u00edzo arbitral determinar a desconstitui\u00e7\u00e3o, demoli\u00e7\u00e3o ou o refazimento de investimentos j\u00e1 realizados.<br><br><strong>Free flow e precifica\u00e7\u00e3o de obras<\/strong><br>As cl\u00e1usulas referentes \u00e0 opera\u00e7\u00e3o do sistema free flow no trecho a ser concedido tamb\u00e9m sofreram altera\u00e7\u00f5es, com o estabelecimento de regras para a identifica\u00e7\u00e3o de usu\u00e1rios inadimplentes e delimita\u00e7\u00e3o de responsabilidades.<br><br>A concession\u00e1ria fica respons\u00e1vel por identificar os inadimplentes, enquanto a identifica\u00e7\u00e3o do ve\u00edculo infrator, autua\u00e7\u00e3o e coleta das multas ser\u00e3o de responsabilidade do DER-SP (Departamento de Estradas de Rodagem de S\u00e3o Paulo).<br><br>Outra mudan\u00e7a no edital \u00e9 referente \u00e0s reda\u00e7\u00f5es e defini\u00e7\u00e3o de hierarquia de tabelas de pre\u00e7o que ser\u00e3o utilizadas na precifica\u00e7\u00e3o do projeto de atualiza\u00e7\u00e3o das obras de implanta\u00e7\u00e3o.<br><br>O relat\u00f3rio aponta ainda os seguintes ajustes: revis\u00e3o do capital social na assinatura do contrato de concess\u00e3o; altera\u00e7\u00f5es nas penalidades; hip\u00f3teses de way-out associadas \u00e0 garantia da CPP; aprimoramento das cl\u00e1usulas contratuais associadas \u00e0 garantia da CPP; obrigatoriedade de constitui\u00e7\u00e3o da Conta Free Flow; envolvimento da comiss\u00e3o de transi\u00e7\u00e3o no per\u00edodo de constru\u00e7\u00e3o; e detalhamento acerca do objeto de reequil\u00edbrio na fase de pr\u00e9-constru\u00e7\u00e3o.<\/p>\n","protected":false},"excerpt":{"rendered":"<p>Rodrigo Zuquim, da Ag\u00eancia iNFRA Diretrizes para decis\u00e3o arbitral relacionada \u00e0 constru\u00e7\u00e3o do ativo, identifica\u00e7\u00e3o de usu\u00e1rios inadimplentes no sistema free flow e aprimoramento em precifica\u00e7\u00e3o de obras de implanta\u00e7\u00e3o s\u00e3o algumas das altera\u00e7\u00f5es feitas no edital da concess\u00e3o do Trecho Norte do Rodoanel M\u00e1rio Covas, em S\u00e3o Paulo. O leil\u00e3o est\u00e1 marcado para 14 [&hellip;]<\/p>\n","protected":false},"author":1,"featured_media":12107,"comment_status":"closed","ping_status":"closed","sticky":false,"template":"","format":"standard","meta":{"_monsterinsights_skip_tracking":false,"_monsterinsights_sitenote_active":false,"_monsterinsights_sitenote_note":"","_monsterinsights_sitenote_category":0,"footnotes":""},"categories":[1,7],"tags":[1262,1247,22,5379,1106,6308,4176],"class_list":["post-12106","post","type-post","status-publish","format-standard","has-post-thumbnail","hentry","category-geral","category-infratransporte","tag-arbitragem","tag-artesp","tag-concessao","tag-der-sp","tag-free-flow","tag-precificacao-de-obras","tag-rodoanel-norte"],"yoast_head":"<!-- This site is optimized with the Yoast SEO Premium plugin v25.4 (Yoast SEO v26.0) - https:\/\/yoast.com\/wordpress\/plugins\/seo\/ -->\n<title>Documento da Artesp detalha altera\u00e7\u00f5es no edital da concess\u00e3o do Rodoanel Norte, com leil\u00e3o em 14 de mar\u00e7o - Ag\u00eancia iNFRA<\/title>\n<meta name=\"robots\" content=\"index, follow, max-snippet:-1, max-image-preview:large, max-video-preview:-1\" \/>\n<link rel=\"canonical\" href=\"https:\/\/agenciainfra.com\/blog\/documento-da-artesp-detalha-alteracoes-no-edital-da-concessao-do-rodoanel-norte-com-leilao-em-14-de-marco\/\" \/>\n<meta property=\"og:locale\" content=\"pt_BR\" \/>\n<meta property=\"og:type\" content=\"article\" \/>\n<meta property=\"og:title\" content=\"Documento da Artesp detalha altera\u00e7\u00f5es no edital da concess\u00e3o do Rodoanel Norte, com leil\u00e3o em 14 de mar\u00e7o\" \/>\n<meta property=\"og:description\" content=\"Rodrigo Zuquim, da Ag\u00eancia iNFRA Diretrizes para decis\u00e3o arbitral relacionada \u00e0 constru\u00e7\u00e3o do ativo, identifica\u00e7\u00e3o de usu\u00e1rios inadimplentes no sistema free flow e aprimoramento em precifica\u00e7\u00e3o de obras de implanta\u00e7\u00e3o s\u00e3o algumas das altera\u00e7\u00f5es feitas no edital da concess\u00e3o do Trecho Norte do Rodoanel M\u00e1rio Covas, em S\u00e3o Paulo. O leil\u00e3o est\u00e1 marcado para 14 [&hellip;]\" \/>\n<meta property=\"og:url\" content=\"https:\/\/agenciainfra.com\/blog\/documento-da-artesp-detalha-alteracoes-no-edital-da-concessao-do-rodoanel-norte-com-leilao-em-14-de-marco\/\" \/>\n<meta property=\"og:site_name\" content=\"Ag\u00eancia iNFRA\" \/>\n<meta property=\"article:publisher\" content=\"https:\/\/www.facebook.com\/ageninfra\" \/>\n<meta property=\"article:published_time\" content=\"2023-01-27T12:00:00+00:00\" \/>\n<meta property=\"og:image\" content=\"https:\/\/agenciainfra.com\/blog\/wp-content\/uploads\/2023\/01\/rodoanel-foto-govsp.jpeg\" \/>\n\t<meta property=\"og:image:width\" content=\"1280\" \/>\n\t<meta property=\"og:image:height\" content=\"766\" \/>\n\t<meta property=\"og:image:type\" content=\"image\/jpeg\" \/>\n<meta name=\"author\" content=\"Ag\u00eancia iNFRA\" \/>\n<meta name=\"twitter:card\" content=\"summary_large_image\" \/>\n<meta name=\"twitter:creator\" content=\"@agencia_infra\" \/>\n<meta name=\"twitter:site\" content=\"@agencia_infra\" \/>\n<meta name=\"twitter:label1\" content=\"Escrito por\" \/>\n\t<meta name=\"twitter:data1\" content=\"Ag\u00eancia iNFRA\" \/>\n\t<meta name=\"twitter:label2\" content=\"Est. tempo de leitura\" \/>\n\t<meta name=\"twitter:data2\" content=\"2 minutos\" \/>\n<script type=\"application\/ld+json\" class=\"yoast-schema-graph\">{\"@context\":\"https:\/\/schema.org\",\"@graph\":[{\"@type\":\"Article\",\"@id\":\"https:\/\/agenciainfra.com\/blog\/documento-da-artesp-detalha-alteracoes-no-edital-da-concessao-do-rodoanel-norte-com-leilao-em-14-de-marco\/#article\",\"isPartOf\":{\"@id\":\"https:\/\/agenciainfra.com\/blog\/documento-da-artesp-detalha-alteracoes-no-edital-da-concessao-do-rodoanel-norte-com-leilao-em-14-de-marco\/\"},\"author\":{\"name\":\"Ag\u00eancia iNFRA\",\"@id\":\"https:\/\/agenciainfra.com\/blog\/#\/schema\/person\/34af08dff6adea4cb22b06612ba7acfa\"},\"headline\":\"Documento da Artesp detalha altera\u00e7\u00f5es no edital da concess\u00e3o do Rodoanel Norte, com leil\u00e3o em 14 de mar\u00e7o\",\"datePublished\":\"2023-01-27T12:00:00+00:00\",\"mainEntityOfPage\":{\"@id\":\"https:\/\/agenciainfra.com\/blog\/documento-da-artesp-detalha-alteracoes-no-edital-da-concessao-do-rodoanel-norte-com-leilao-em-14-de-marco\/\"},\"wordCount\":430,\"publisher\":{\"@id\":\"https:\/\/agenciainfra.com\/blog\/#organization\"},\"image\":{\"@id\":\"https:\/\/agenciainfra.com\/blog\/documento-da-artesp-detalha-alteracoes-no-edital-da-concessao-do-rodoanel-norte-com-leilao-em-14-de-marco\/#primaryimage\"},\"thumbnailUrl\":\"https:\/\/agenciainfra.com\/blog\/wp-content\/uploads\/2023\/01\/rodoanel-foto-govsp.jpeg\",\"keywords\":[\"arbitragem\",\"Artesp\",\"Concess\u00e3o\",\"DER-SP\",\"free flow\",\"precifica\u00e7\u00e3o de obras\",\"Rodoanel Norte\"],\"articleSection\":[\"Geral\",\"iNFRATransporte\"],\"inLanguage\":\"pt-BR\",\"copyrightYear\":\"2023\",\"copyrightHolder\":{\"@id\":\"https:\/\/agenciainfra.com\/blog\/#organization\"}},{\"@type\":\"WebPage\",\"@id\":\"https:\/\/agenciainfra.com\/blog\/documento-da-artesp-detalha-alteracoes-no-edital-da-concessao-do-rodoanel-norte-com-leilao-em-14-de-marco\/\",\"url\":\"https:\/\/agenciainfra.com\/blog\/documento-da-artesp-detalha-alteracoes-no-edital-da-concessao-do-rodoanel-norte-com-leilao-em-14-de-marco\/\",\"name\":\"Documento da Artesp detalha altera\u00e7\u00f5es no edital da concess\u00e3o do Rodoanel Norte, com leil\u00e3o em 14 de mar\u00e7o - Ag\u00eancia iNFRA\",\"isPartOf\":{\"@id\":\"https:\/\/agenciainfra.com\/blog\/#website\"},\"primaryImageOfPage\":{\"@id\":\"https:\/\/agenciainfra.com\/blog\/documento-da-artesp-detalha-alteracoes-no-edital-da-concessao-do-rodoanel-norte-com-leilao-em-14-de-marco\/#primaryimage\"},\"image\":{\"@id\":\"https:\/\/agenciainfra.com\/blog\/documento-da-artesp-detalha-alteracoes-no-edital-da-concessao-do-rodoanel-norte-com-leilao-em-14-de-marco\/#primaryimage\"},\"thumbnailUrl\":\"https:\/\/agenciainfra.com\/blog\/wp-content\/uploads\/2023\/01\/rodoanel-foto-govsp.jpeg\",\"datePublished\":\"2023-01-27T12:00:00+00:00\",\"breadcrumb\":{\"@id\":\"https:\/\/agenciainfra.com\/blog\/documento-da-artesp-detalha-alteracoes-no-edital-da-concessao-do-rodoanel-norte-com-leilao-em-14-de-marco\/#breadcrumb\"},\"inLanguage\":\"pt-BR\",\"potentialAction\":[{\"@type\":\"ReadAction\",\"target\":[\"https:\/\/agenciainfra.com\/blog\/documento-da-artesp-detalha-alteracoes-no-edital-da-concessao-do-rodoanel-norte-com-leilao-em-14-de-marco\/\"]}]},{\"@type\":\"ImageObject\",\"inLanguage\":\"pt-BR\",\"@id\":\"https:\/\/agenciainfra.com\/blog\/documento-da-artesp-detalha-alteracoes-no-edital-da-concessao-do-rodoanel-norte-com-leilao-em-14-de-marco\/#primaryimage\",\"url\":\"https:\/\/agenciainfra.com\/blog\/wp-content\/uploads\/2023\/01\/rodoanel-foto-govsp.jpeg\",\"contentUrl\":\"https:\/\/agenciainfra.com\/blog\/wp-content\/uploads\/2023\/01\/rodoanel-foto-govsp.jpeg\",\"width\":1280,\"height\":766},{\"@type\":\"BreadcrumbList\",\"@id\":\"https:\/\/agenciainfra.com\/blog\/documento-da-artesp-detalha-alteracoes-no-edital-da-concessao-do-rodoanel-norte-com-leilao-em-14-de-marco\/#breadcrumb\",\"itemListElement\":[{\"@type\":\"ListItem\",\"position\":1,\"name\":\"In\u00edcio\",\"item\":\"https:\/\/agenciainfra.com\/blog\/\"},{\"@type\":\"ListItem\",\"position\":2,\"name\":\"Documento da Artesp detalha altera\u00e7\u00f5es no edital da concess\u00e3o do Rodoanel Norte, com leil\u00e3o em 14 de mar\u00e7o\"}]},{\"@type\":\"WebSite\",\"@id\":\"https:\/\/agenciainfra.com\/blog\/#website\",\"url\":\"https:\/\/agenciainfra.com\/blog\/\",\"name\":\"Ag\u00eancia iNFRA\",\"description\":\"Multiplataforma de informa\u00e7\u00e3o jornal\u00edstica refer\u00eancia na \u00e1rea de infraestrutura no Brasil!\",\"publisher\":{\"@id\":\"https:\/\/agenciainfra.com\/blog\/#organization\"},\"potentialAction\":[{\"@type\":\"SearchAction\",\"target\":{\"@type\":\"EntryPoint\",\"urlTemplate\":\"https:\/\/agenciainfra.com\/blog\/?s={search_term_string}\"},\"query-input\":{\"@type\":\"PropertyValueSpecification\",\"valueRequired\":true,\"valueName\":\"search_term_string\"}}],\"inLanguage\":\"pt-BR\"},{\"@type\":\"Organization\",\"@id\":\"https:\/\/agenciainfra.com\/blog\/#organization\",\"name\":\"Ag\u00eancia iNFRA\",\"url\":\"https:\/\/agenciainfra.com\/blog\/\",\"logo\":{\"@type\":\"ImageObject\",\"inLanguage\":\"pt-BR\",\"@id\":\"https:\/\/agenciainfra.com\/blog\/#\/schema\/logo\/image\/\",\"url\":\"https:\/\/agenciainfra.com\/blog\/wp-content\/uploads\/2023\/09\/iNFRA_5-e1761735885940.png\",\"contentUrl\":\"https:\/\/agenciainfra.com\/blog\/wp-content\/uploads\/2023\/09\/iNFRA_5-e1761735885940.png\",\"width\":1672,\"height\":454,\"caption\":\"Ag\u00eancia iNFRA\"},\"image\":{\"@id\":\"https:\/\/agenciainfra.com\/blog\/#\/schema\/logo\/image\/\"},\"sameAs\":[\"https:\/\/www.facebook.com\/ageninfra\",\"https:\/\/x.com\/agencia_infra\",\"https:\/\/www.linkedin.com\/company\/ag\u00eanciainfra\/\",\"https:\/\/www.instagram.com\/agenciainfra\/\"]},{\"@type\":\"Person\",\"@id\":\"https:\/\/agenciainfra.com\/blog\/#\/schema\/person\/34af08dff6adea4cb22b06612ba7acfa\",\"name\":\"Ag\u00eancia iNFRA\",\"image\":{\"@type\":\"ImageObject\",\"inLanguage\":\"pt-BR\",\"@id\":\"https:\/\/agenciainfra.com\/blog\/#\/schema\/person\/image\/\",\"url\":\"https:\/\/secure.gravatar.com\/avatar\/d189e01678f06d8eb84d4e01f08eb848b3fffe3f8443818d3c356c66892f5be8?s=96&d=mm&r=g\",\"contentUrl\":\"https:\/\/secure.gravatar.com\/avatar\/d189e01678f06d8eb84d4e01f08eb848b3fffe3f8443818d3c356c66892f5be8?s=96&d=mm&r=g\",\"caption\":\"Ag\u00eancia iNFRA\"},\"url\":\"https:\/\/agenciainfra.com\/blog\/author\/admin\/\"}]}<\/script>\n<!-- \/ Yoast SEO Premium plugin. -->","yoast_head_json":{"title":"Documento da Artesp detalha altera\u00e7\u00f5es no edital da concess\u00e3o do Rodoanel Norte, com leil\u00e3o em 14 de mar\u00e7o - Ag\u00eancia iNFRA","robots":{"index":"index","follow":"follow","max-snippet":"max-snippet:-1","max-image-preview":"max-image-preview:large","max-video-preview":"max-video-preview:-1"},"canonical":"https:\/\/agenciainfra.com\/blog\/documento-da-artesp-detalha-alteracoes-no-edital-da-concessao-do-rodoanel-norte-com-leilao-em-14-de-marco\/","og_locale":"pt_BR","og_type":"article","og_title":"Documento da Artesp detalha altera\u00e7\u00f5es no edital da concess\u00e3o do Rodoanel Norte, com leil\u00e3o em 14 de mar\u00e7o","og_description":"Rodrigo Zuquim, da Ag\u00eancia iNFRA Diretrizes para decis\u00e3o arbitral relacionada \u00e0 constru\u00e7\u00e3o do ativo, identifica\u00e7\u00e3o de usu\u00e1rios inadimplentes no sistema free flow e aprimoramento em precifica\u00e7\u00e3o de obras de implanta\u00e7\u00e3o s\u00e3o algumas das altera\u00e7\u00f5es feitas no edital da concess\u00e3o do Trecho Norte do Rodoanel M\u00e1rio Covas, em S\u00e3o Paulo. O leil\u00e3o est\u00e1 marcado para 14 [&hellip;]","og_url":"https:\/\/agenciainfra.com\/blog\/documento-da-artesp-detalha-alteracoes-no-edital-da-concessao-do-rodoanel-norte-com-leilao-em-14-de-marco\/","og_site_name":"Ag\u00eancia iNFRA","article_publisher":"https:\/\/www.facebook.com\/ageninfra","article_published_time":"2023-01-27T12:00:00+00:00","og_image":[{"width":1280,"height":766,"url":"https:\/\/agenciainfra.com\/blog\/wp-content\/uploads\/2023\/01\/rodoanel-foto-govsp.jpeg","type":"image\/jpeg"}],"author":"Ag\u00eancia iNFRA","twitter_card":"summary_large_image","twitter_creator":"@agencia_infra","twitter_site":"@agencia_infra","twitter_misc":{"Escrito por":"Ag\u00eancia iNFRA","Est. tempo de leitura":"2 minutos"},"schema":{"@context":"https:\/\/schema.org","@graph":[{"@type":"Article","@id":"https:\/\/agenciainfra.com\/blog\/documento-da-artesp-detalha-alteracoes-no-edital-da-concessao-do-rodoanel-norte-com-leilao-em-14-de-marco\/#article","isPartOf":{"@id":"https:\/\/agenciainfra.com\/blog\/documento-da-artesp-detalha-alteracoes-no-edital-da-concessao-do-rodoanel-norte-com-leilao-em-14-de-marco\/"},"author":{"name":"Ag\u00eancia iNFRA","@id":"https:\/\/agenciainfra.com\/blog\/#\/schema\/person\/34af08dff6adea4cb22b06612ba7acfa"},"headline":"Documento da Artesp detalha altera\u00e7\u00f5es no edital da concess\u00e3o do Rodoanel Norte, com leil\u00e3o em 14 de mar\u00e7o","datePublished":"2023-01-27T12:00:00+00:00","mainEntityOfPage":{"@id":"https:\/\/agenciainfra.com\/blog\/documento-da-artesp-detalha-alteracoes-no-edital-da-concessao-do-rodoanel-norte-com-leilao-em-14-de-marco\/"},"wordCount":430,"publisher":{"@id":"https:\/\/agenciainfra.com\/blog\/#organization"},"image":{"@id":"https:\/\/agenciainfra.com\/blog\/documento-da-artesp-detalha-alteracoes-no-edital-da-concessao-do-rodoanel-norte-com-leilao-em-14-de-marco\/#primaryimage"},"thumbnailUrl":"https:\/\/agenciainfra.com\/blog\/wp-content\/uploads\/2023\/01\/rodoanel-foto-govsp.jpeg","keywords":["arbitragem","Artesp","Concess\u00e3o","DER-SP","free flow","precifica\u00e7\u00e3o de obras","Rodoanel Norte"],"articleSection":["Geral","iNFRATransporte"],"inLanguage":"pt-BR","copyrightYear":"2023","copyrightHolder":{"@id":"https:\/\/agenciainfra.com\/blog\/#organization"}},{"@type":"WebPage","@id":"https:\/\/agenciainfra.com\/blog\/documento-da-artesp-detalha-alteracoes-no-edital-da-concessao-do-rodoanel-norte-com-leilao-em-14-de-marco\/","url":"https:\/\/agenciainfra.com\/blog\/documento-da-artesp-detalha-alteracoes-no-edital-da-concessao-do-rodoanel-norte-com-leilao-em-14-de-marco\/","name":"Documento da Artesp detalha altera\u00e7\u00f5es no edital da concess\u00e3o do Rodoanel Norte, com leil\u00e3o em 14 de mar\u00e7o - Ag\u00eancia iNFRA","isPartOf":{"@id":"https:\/\/agenciainfra.com\/blog\/#website"},"primaryImageOfPage":{"@id":"https:\/\/agenciainfra.com\/blog\/documento-da-artesp-detalha-alteracoes-no-edital-da-concessao-do-rodoanel-norte-com-leilao-em-14-de-marco\/#primaryimage"},"image":{"@id":"https:\/\/agenciainfra.com\/blog\/documento-da-artesp-detalha-alteracoes-no-edital-da-concessao-do-rodoanel-norte-com-leilao-em-14-de-marco\/#primaryimage"},"thumbnailUrl":"https:\/\/agenciainfra.com\/blog\/wp-content\/uploads\/2023\/01\/rodoanel-foto-govsp.jpeg","datePublished":"2023-01-27T12:00:00+00:00","breadcrumb":{"@id":"https:\/\/agenciainfra.com\/blog\/documento-da-artesp-detalha-alteracoes-no-edital-da-concessao-do-rodoanel-norte-com-leilao-em-14-de-marco\/#breadcrumb"},"inLanguage":"pt-BR","potentialAction":[{"@type":"ReadAction","target":["https:\/\/agenciainfra.com\/blog\/documento-da-artesp-detalha-alteracoes-no-edital-da-concessao-do-rodoanel-norte-com-leilao-em-14-de-marco\/"]}]},{"@type":"ImageObject","inLanguage":"pt-BR","@id":"https:\/\/agenciainfra.com\/blog\/documento-da-artesp-detalha-alteracoes-no-edital-da-concessao-do-rodoanel-norte-com-leilao-em-14-de-marco\/#primaryimage","url":"https:\/\/agenciainfra.com\/blog\/wp-content\/uploads\/2023\/01\/rodoanel-foto-govsp.jpeg","contentUrl":"https:\/\/agenciainfra.com\/blog\/wp-content\/uploads\/2023\/01\/rodoanel-foto-govsp.jpeg","width":1280,"height":766},{"@type":"BreadcrumbList","@id":"https:\/\/agenciainfra.com\/blog\/documento-da-artesp-detalha-alteracoes-no-edital-da-concessao-do-rodoanel-norte-com-leilao-em-14-de-marco\/#breadcrumb","itemListElement":[{"@type":"ListItem","position":1,"name":"In\u00edcio","item":"https:\/\/agenciainfra.com\/blog\/"},{"@type":"ListItem","position":2,"name":"Documento da Artesp detalha altera\u00e7\u00f5es no edital da concess\u00e3o do Rodoanel Norte, com leil\u00e3o em 14 de mar\u00e7o"}]},{"@type":"WebSite","@id":"https:\/\/agenciainfra.com\/blog\/#website","url":"https:\/\/agenciainfra.com\/blog\/","name":"Ag\u00eancia iNFRA","description":"Multiplataforma de informa\u00e7\u00e3o jornal\u00edstica refer\u00eancia na \u00e1rea de infraestrutura no Brasil!","publisher":{"@id":"https:\/\/agenciainfra.com\/blog\/#organization"},"potentialAction":[{"@type":"SearchAction","target":{"@type":"EntryPoint","urlTemplate":"https:\/\/agenciainfra.com\/blog\/?s={search_term_string}"},"query-input":{"@type":"PropertyValueSpecification","valueRequired":true,"valueName":"search_term_string"}}],"inLanguage":"pt-BR"},{"@type":"Organization","@id":"https:\/\/agenciainfra.com\/blog\/#organization","name":"Ag\u00eancia iNFRA","url":"https:\/\/agenciainfra.com\/blog\/","logo":{"@type":"ImageObject","inLanguage":"pt-BR","@id":"https:\/\/agenciainfra.com\/blog\/#\/schema\/logo\/image\/","url":"https:\/\/agenciainfra.com\/blog\/wp-content\/uploads\/2023\/09\/iNFRA_5-e1761735885940.png","contentUrl":"https:\/\/agenciainfra.com\/blog\/wp-content\/uploads\/2023\/09\/iNFRA_5-e1761735885940.png","width":1672,"height":454,"caption":"Ag\u00eancia iNFRA"},"image":{"@id":"https:\/\/agenciainfra.com\/blog\/#\/schema\/logo\/image\/"},"sameAs":["https:\/\/www.facebook.com\/ageninfra","https:\/\/x.com\/agencia_infra","https:\/\/www.linkedin.com\/company\/ag\u00eanciainfra\/","https:\/\/www.instagram.com\/agenciainfra\/"]},{"@type":"Person","@id":"https:\/\/agenciainfra.com\/blog\/#\/schema\/person\/34af08dff6adea4cb22b06612ba7acfa","name":"Ag\u00eancia iNFRA","image":{"@type":"ImageObject","inLanguage":"pt-BR","@id":"https:\/\/agenciainfra.com\/blog\/#\/schema\/person\/image\/","url":"https:\/\/secure.gravatar.com\/avatar\/d189e01678f06d8eb84d4e01f08eb848b3fffe3f8443818d3c356c66892f5be8?s=96&d=mm&r=g","contentUrl":"https:\/\/secure.gravatar.com\/avatar\/d189e01678f06d8eb84d4e01f08eb848b3fffe3f8443818d3c356c66892f5be8?s=96&d=mm&r=g","caption":"Ag\u00eancia iNFRA"},"url":"https:\/\/agenciainfra.com\/blog\/author\/admin\/"}]}},"_links":{"self":[{"href":"https:\/\/agenciainfra.com\/blog\/wp-json\/wp\/v2\/posts\/12106","targetHints":{"allow":["GET"]}}],"collection":[{"href":"https:\/\/agenciainfra.com\/blog\/wp-json\/wp\/v2\/posts"}],"about":[{"href":"https:\/\/agenciainfra.com\/blog\/wp-json\/wp\/v2\/types\/post"}],"author":[{"embeddable":true,"href":"https:\/\/agenciainfra.com\/blog\/wp-json\/wp\/v2\/users\/1"}],"replies":[{"embeddable":true,"href":"https:\/\/agenciainfra.com\/blog\/wp-json\/wp\/v2\/comments?post=12106"}],"version-history":[{"count":0,"href":"https:\/\/agenciainfra.com\/blog\/wp-json\/wp\/v2\/posts\/12106\/revisions"}],"wp:featuredmedia":[{"embeddable":true,"href":"https:\/\/agenciainfra.com\/blog\/wp-json\/wp\/v2\/media\/12107"}],"wp:attachment":[{"href":"https:\/\/agenciainfra.com\/blog\/wp-json\/wp\/v2\/media?parent=12106"}],"wp:term":[{"taxonomy":"category","embeddable":true,"href":"https:\/\/agenciainfra.com\/blog\/wp-json\/wp\/v2\/categories?post=12106"},{"taxonomy":"post_tag","embeddable":true,"href":"https:\/\/agenciainfra.com\/blog\/wp-json\/wp\/v2\/tags?post=12106"}],"curies":[{"name":"wp","href":"https:\/\/api.w.org\/{rel}","templated":true}]}}