{"id":12123,"date":"2023-01-31T09:00:00","date_gmt":"2023-01-31T12:00:00","guid":{"rendered":"https:\/\/www.agenciainfra.com\/blog\/?p=12123"},"modified":"2023-01-30T20:11:53","modified_gmt":"2023-01-30T23:11:53","slug":"estatal-ferroviaria-alema-faz-acordo-para-desenvolver-ferrovia-privada-no-maranhao","status":"publish","type":"post","link":"https:\/\/agenciainfra.com\/blog\/estatal-ferroviaria-alema-faz-acordo-para-desenvolver-ferrovia-privada-no-maranhao\/","title":{"rendered":"Estatal ferrovi\u00e1ria alem\u00e3 faz acordo para desenvolver ferrovia privada no Maranh\u00e3o"},"content":{"rendered":"\n<p class=\"has-text-align-right\"><strong>Dimmi Amora<\/strong><\/p>\n\n\n\n<p>Uma das maiores empresas ferrovi\u00e1rias do mundo, a estatal DB (Deutsche Bahn) firmou parceria para desenvolver e operar uma ferrovia privada no Brasil, cujo projeto \u00e9 ligar a Ferrovia Norte-Sul ao porto privado de Alc\u00e2ntara, no Maranh\u00e3o, tamb\u00e9m em desenvolvimento.<br><br>A DB se uniu \u00e0 GPM (Gr\u00e3o-Par\u00e1 Multimodal), empresa do grupo portugu\u00eas que tem as autoriza\u00e7\u00f5es emitidas pelo governo federal tanto para a ferrovia como para o porto, e \u00e0 consultoria ferrovi\u00e1ria Sysfer no neg\u00f3cio que \u00e9 estimado na casa dos R$ 20 bilh\u00f5es (se somados os dois projetos), com estimativa de in\u00edcio em 2024, ap\u00f3s o licenciamento, e opera\u00e7\u00e3o a partir de 2028.<br><br>A Embaixada da Alemanha no Brasil pediu e recebeu informa\u00e7\u00f5es sobre o projeto para que ele fa\u00e7a parte das conversas que o primeiro-ministro do pa\u00eds, Olaf Scholz, ter\u00e1 com o presidente Lula em sua visita ao Brasil nesta semana.<br><br>O\u00a0<a rel=\"noreferrer noopener\" href=\"https:\/\/agenciainfra.us14.list-manage.com\/track\/click?u=d460dd1bcf9ba0ae040e1fc0f&amp;id=86a0871fb1&amp;e=c099169394\" target=\"_blank\">Terminal Portu\u00e1rio de Alc\u00e2ntara<\/a>\u00a0\u00e9 um projeto que pretende implantar um novo porto na Ba\u00eda de S\u00e3o Marcos, em frente aos portos na cidade de\u00a0S\u00e3o Lu\u00eds\u00a0(MA), mas com calado estimado em 25 metros, muito superior ao dos portos onde hoje s\u00e3o operados os navios que recebem carga que chega da EFC (Estrada de Ferro Caraj\u00e1s).<br><br>O complexo portu\u00e1rio est\u00e1 sendo desenhado para atender a diferentes tipos de cargas, em modelo de cons\u00f3rcio, como gran\u00e9is minerais e vegetais, cargas de projeto (para atender \u00e0 base espacial na mesma cidade), fertilizantes, cont\u00eaineres e tamb\u00e9m combust\u00edveis, especialmente a produ\u00e7\u00e3o do chamado &#8220;hidrog\u00eanio verde&#8221;, com potencial para exporta\u00e7\u00e3o.<br><br>O projeto inicial j\u00e1 tinha a previs\u00e3o de uma ferrovia que seria uma esp\u00e9cie de desvio da EFC para atender ao porto de Alc\u00e2ntara. Mas, com a edi\u00e7\u00e3o do Novo Marco de Ferrovias, em 2021, a GPM pleiteou e obteve a licen\u00e7a para construir e operar uma ferrovia privada que amplia o desvio da EFC at\u00e9 a FNS (Ferrovia Norte-Sul).<br><br><strong>Conversas desde 2022<\/strong><br>A parceria come\u00e7ou a se concretizar no ano passado, dentro da \u00e1rea internacional da companhia alem\u00e3, que j\u00e1 tem opera\u00e7\u00f5es no Brasil na \u00e1rea de projetos de engenharia e estudos. Em entrevista para a\u00a0<strong>Ag\u00eancia iNFRA<\/strong>, Peter Mirow, diretor-executivo da DB no Brasil, disse que o projeto chamou a aten\u00e7\u00e3o desde o in\u00edcio, pelo fato da empresa ter trabalhado na EFC e constatado as dificuldades que a ferrovia tem para ampliar a sua capacidade, o que acaba por restringir o uso da FNS.<br><br>Outro tema que chamou a aten\u00e7\u00e3o da empresa, segundo Mirow, foram os cuidados s\u00f3cio-ambientais dos projetos da ferrovia e do porto e tamb\u00e9m as possibilidades que ele tem de desenvolver a \u00e1rea de energia, com proximidade com a Europa.\u00a0<br><br>&#8220;A gente acredita que esse projeto \u00e9\u00a0inclusivo, abre oportunidades para outros pa\u00edses que tamb\u00e9m v\u00e3o se beneficiar em ter \u00e0\u00a0disposi\u00e7\u00e3o um corredor log\u00edstico que n\u00e3o s\u00f3 reduz custos, mas faz isso de uma forma que contribui para conservar o meio ambiente, com acesso a mercados de commodities\u00a0minerais, agr\u00edcolas e de energia limpa&#8221;, disse Mirow.<br><br><strong>&#8220;Open access&#8221;<\/strong><br>A DB vai participar na elabora\u00e7\u00e3o dos projetos de engenharia para a implementa\u00e7\u00e3o da ferrovia, segundo Mirow, j\u00e1 trabalhando com a inten\u00e7\u00e3o de operar o sistema com as tecnologias usadas pela empresa. A ferrovia est\u00e1 sendo desenvolvida no modelo &#8220;open access&#8221;. Mas a parceria n\u00e3o para nesse ponto.<br><br>Segundo Mirow, o projeto tem incentivo da matriz da DB e a ideia \u00e9 agregar outros parceiros da empresa no mundo para que tragam seus projetos tanto para a ferrovia como para o porto. E tamb\u00e9m apoiar na estrutura\u00e7\u00e3o e desenvolvimento dos contratos de garantia de carga, que ser\u00e3o fundamentais para lastrear o financiamento do projeto, que ele confia que possa ser inteiramente privado e com apoio internacional.<br><br>&#8220;[Financiamentos desse tipo] precisam da seguran\u00e7a jur\u00eddica do pa\u00eds, o apoio institucional e tamb\u00e9m de parceiros fortes, com um projeto saud\u00e1vel e robusto. N\u00f3s, como desenvolvedores, conseguimos atender a todas as etapas do ciclo de desenvolvimento. Isso d\u00e1 o conforto que os investidores e parceiros precisam para participar de um projeto desse&#8221;, afirmou o diretor-executivo.<\/p>\n","protected":false},"excerpt":{"rendered":"<p>Dimmi Amora Uma das maiores empresas ferrovi\u00e1rias do mundo, a estatal DB (Deutsche Bahn) firmou parceria para desenvolver e operar uma ferrovia privada no Brasil, cujo projeto \u00e9 ligar a Ferrovia Norte-Sul ao porto privado de Alc\u00e2ntara, no Maranh\u00e3o, tamb\u00e9m em desenvolvimento. A DB se uniu \u00e0 GPM (Gr\u00e3o-Par\u00e1 Multimodal), empresa do grupo portugu\u00eas que [&hellip;]<\/p>\n","protected":false},"author":1,"featured_media":10464,"comment_status":"closed","ping_status":"closed","sticky":false,"template":"","format":"standard","meta":{"_monsterinsights_skip_tracking":false,"_monsterinsights_sitenote_active":false,"_monsterinsights_sitenote_note":"","_monsterinsights_sitenote_category":0,"footnotes":""},"categories":[1,7],"tags":[6320,470,79,31,1195,3288,6323,3380,6324,6322,1194],"class_list":["post-12123","post","type-post","status-publish","format-standard","has-post-thumbnail","hentry","category-geral","category-infratransporte","tag-deutsche-bahn","tag-estrada-de-ferro-carajas","tag-ferrovia","tag-ferrovia-norte-sul","tag-grao-para-multimodal","tag-marco-das-ferrovias","tag-olaf-scholz","tag-open-access","tag-peter-mirow","tag-sysfer","tag-terminal-portuario-de-alcantara"],"yoast_head":"<!-- This site is optimized with the Yoast SEO Premium plugin v25.4 (Yoast SEO v26.0) - https:\/\/yoast.com\/wordpress\/plugins\/seo\/ -->\n<title>Estatal ferrovi\u00e1ria alem\u00e3 faz acordo para desenvolver ferrovia privada no Maranh\u00e3o - Ag\u00eancia iNFRA<\/title>\n<meta name=\"robots\" content=\"index, follow, max-snippet:-1, max-image-preview:large, max-video-preview:-1\" \/>\n<link rel=\"canonical\" href=\"https:\/\/agenciainfra.com\/blog\/estatal-ferroviaria-alema-faz-acordo-para-desenvolver-ferrovia-privada-no-maranhao\/\" \/>\n<meta property=\"og:locale\" content=\"pt_BR\" \/>\n<meta property=\"og:type\" content=\"article\" \/>\n<meta property=\"og:title\" content=\"Estatal ferrovi\u00e1ria alem\u00e3 faz acordo para desenvolver ferrovia privada no Maranh\u00e3o\" \/>\n<meta property=\"og:description\" content=\"Dimmi Amora Uma das maiores empresas ferrovi\u00e1rias do mundo, a estatal DB (Deutsche Bahn) firmou parceria para desenvolver e operar uma ferrovia privada no Brasil, cujo projeto \u00e9 ligar a Ferrovia Norte-Sul ao porto privado de Alc\u00e2ntara, no Maranh\u00e3o, tamb\u00e9m em desenvolvimento. A DB se uniu \u00e0 GPM (Gr\u00e3o-Par\u00e1 Multimodal), empresa do grupo portugu\u00eas que [&hellip;]\" \/>\n<meta property=\"og:url\" content=\"https:\/\/agenciainfra.com\/blog\/estatal-ferroviaria-alema-faz-acordo-para-desenvolver-ferrovia-privada-no-maranhao\/\" \/>\n<meta property=\"og:site_name\" content=\"Ag\u00eancia iNFRA\" \/>\n<meta property=\"article:publisher\" content=\"https:\/\/www.facebook.com\/ageninfra\" \/>\n<meta property=\"article:published_time\" content=\"2023-01-31T12:00:00+00:00\" \/>\n<meta property=\"og:image\" content=\"https:\/\/agenciainfra.com\/blog\/wp-content\/uploads\/2022\/05\/ferrovias-foto-vinicius-rosa-minfra-.jpeg\" \/>\n\t<meta property=\"og:image:width\" content=\"1300\" \/>\n\t<meta property=\"og:image:height\" content=\"975\" \/>\n\t<meta property=\"og:image:type\" content=\"image\/jpeg\" \/>\n<meta name=\"author\" content=\"Ag\u00eancia iNFRA\" \/>\n<meta name=\"twitter:card\" content=\"summary_large_image\" \/>\n<meta name=\"twitter:creator\" content=\"@agencia_infra\" \/>\n<meta name=\"twitter:site\" content=\"@agencia_infra\" \/>\n<meta name=\"twitter:label1\" content=\"Escrito por\" \/>\n\t<meta name=\"twitter:data1\" content=\"Ag\u00eancia iNFRA\" \/>\n\t<meta name=\"twitter:label2\" content=\"Est. tempo de leitura\" \/>\n\t<meta name=\"twitter:data2\" content=\"4 minutos\" \/>\n<script type=\"application\/ld+json\" class=\"yoast-schema-graph\">{\"@context\":\"https:\/\/schema.org\",\"@graph\":[{\"@type\":\"Article\",\"@id\":\"https:\/\/agenciainfra.com\/blog\/estatal-ferroviaria-alema-faz-acordo-para-desenvolver-ferrovia-privada-no-maranhao\/#article\",\"isPartOf\":{\"@id\":\"https:\/\/agenciainfra.com\/blog\/estatal-ferroviaria-alema-faz-acordo-para-desenvolver-ferrovia-privada-no-maranhao\/\"},\"author\":{\"name\":\"Ag\u00eancia iNFRA\",\"@id\":\"https:\/\/agenciainfra.com\/blog\/#\/schema\/person\/34af08dff6adea4cb22b06612ba7acfa\"},\"headline\":\"Estatal ferrovi\u00e1ria alem\u00e3 faz acordo para desenvolver ferrovia privada no Maranh\u00e3o\",\"datePublished\":\"2023-01-31T12:00:00+00:00\",\"mainEntityOfPage\":{\"@id\":\"https:\/\/agenciainfra.com\/blog\/estatal-ferroviaria-alema-faz-acordo-para-desenvolver-ferrovia-privada-no-maranhao\/\"},\"wordCount\":731,\"publisher\":{\"@id\":\"https:\/\/agenciainfra.com\/blog\/#organization\"},\"image\":{\"@id\":\"https:\/\/agenciainfra.com\/blog\/estatal-ferroviaria-alema-faz-acordo-para-desenvolver-ferrovia-privada-no-maranhao\/#primaryimage\"},\"thumbnailUrl\":\"https:\/\/agenciainfra.com\/blog\/wp-content\/uploads\/2022\/05\/ferrovias-foto-vinicius-rosa-minfra-.jpeg\",\"keywords\":[\"Deutsche Bahn\",\"Estrada de Ferro Caraj\u00e1s\",\"Ferrovia\",\"Ferrovia Norte-Sul\",\"Gr\u00e3o-Par\u00e1 Multimodal\",\"Marco das Ferrovias\",\"Olaf Scholz\",\"open access\",\"Peter Mirow\",\"Sysfer\",\"Terminal Portu\u00e1rio de Alc\u00e2ntara\"],\"articleSection\":[\"Geral\",\"iNFRATransporte\"],\"inLanguage\":\"pt-BR\",\"copyrightYear\":\"2023\",\"copyrightHolder\":{\"@id\":\"https:\/\/agenciainfra.com\/blog\/#organization\"}},{\"@type\":\"WebPage\",\"@id\":\"https:\/\/agenciainfra.com\/blog\/estatal-ferroviaria-alema-faz-acordo-para-desenvolver-ferrovia-privada-no-maranhao\/\",\"url\":\"https:\/\/agenciainfra.com\/blog\/estatal-ferroviaria-alema-faz-acordo-para-desenvolver-ferrovia-privada-no-maranhao\/\",\"name\":\"Estatal ferrovi\u00e1ria alem\u00e3 faz acordo para desenvolver ferrovia privada no Maranh\u00e3o - Ag\u00eancia iNFRA\",\"isPartOf\":{\"@id\":\"https:\/\/agenciainfra.com\/blog\/#website\"},\"primaryImageOfPage\":{\"@id\":\"https:\/\/agenciainfra.com\/blog\/estatal-ferroviaria-alema-faz-acordo-para-desenvolver-ferrovia-privada-no-maranhao\/#primaryimage\"},\"image\":{\"@id\":\"https:\/\/agenciainfra.com\/blog\/estatal-ferroviaria-alema-faz-acordo-para-desenvolver-ferrovia-privada-no-maranhao\/#primaryimage\"},\"thumbnailUrl\":\"https:\/\/agenciainfra.com\/blog\/wp-content\/uploads\/2022\/05\/ferrovias-foto-vinicius-rosa-minfra-.jpeg\",\"datePublished\":\"2023-01-31T12:00:00+00:00\",\"breadcrumb\":{\"@id\":\"https:\/\/agenciainfra.com\/blog\/estatal-ferroviaria-alema-faz-acordo-para-desenvolver-ferrovia-privada-no-maranhao\/#breadcrumb\"},\"inLanguage\":\"pt-BR\",\"potentialAction\":[{\"@type\":\"ReadAction\",\"target\":[\"https:\/\/agenciainfra.com\/blog\/estatal-ferroviaria-alema-faz-acordo-para-desenvolver-ferrovia-privada-no-maranhao\/\"]}]},{\"@type\":\"ImageObject\",\"inLanguage\":\"pt-BR\",\"@id\":\"https:\/\/agenciainfra.com\/blog\/estatal-ferroviaria-alema-faz-acordo-para-desenvolver-ferrovia-privada-no-maranhao\/#primaryimage\",\"url\":\"https:\/\/agenciainfra.com\/blog\/wp-content\/uploads\/2022\/05\/ferrovias-foto-vinicius-rosa-minfra-.jpeg\",\"contentUrl\":\"https:\/\/agenciainfra.com\/blog\/wp-content\/uploads\/2022\/05\/ferrovias-foto-vinicius-rosa-minfra-.jpeg\",\"width\":1300,\"height\":975,\"caption\":\"Foto: Vinicius Rosa\/Minfra\"},{\"@type\":\"BreadcrumbList\",\"@id\":\"https:\/\/agenciainfra.com\/blog\/estatal-ferroviaria-alema-faz-acordo-para-desenvolver-ferrovia-privada-no-maranhao\/#breadcrumb\",\"itemListElement\":[{\"@type\":\"ListItem\",\"position\":1,\"name\":\"In\u00edcio\",\"item\":\"https:\/\/agenciainfra.com\/blog\/\"},{\"@type\":\"ListItem\",\"position\":2,\"name\":\"Estatal ferrovi\u00e1ria alem\u00e3 faz acordo para desenvolver ferrovia privada no Maranh\u00e3o\"}]},{\"@type\":\"WebSite\",\"@id\":\"https:\/\/agenciainfra.com\/blog\/#website\",\"url\":\"https:\/\/agenciainfra.com\/blog\/\",\"name\":\"Ag\u00eancia iNFRA\",\"description\":\"Multiplataforma de informa\u00e7\u00e3o jornal\u00edstica refer\u00eancia na \u00e1rea de infraestrutura no Brasil!\",\"publisher\":{\"@id\":\"https:\/\/agenciainfra.com\/blog\/#organization\"},\"potentialAction\":[{\"@type\":\"SearchAction\",\"target\":{\"@type\":\"EntryPoint\",\"urlTemplate\":\"https:\/\/agenciainfra.com\/blog\/?s={search_term_string}\"},\"query-input\":{\"@type\":\"PropertyValueSpecification\",\"valueRequired\":true,\"valueName\":\"search_term_string\"}}],\"inLanguage\":\"pt-BR\"},{\"@type\":\"Organization\",\"@id\":\"https:\/\/agenciainfra.com\/blog\/#organization\",\"name\":\"Ag\u00eancia iNFRA\",\"url\":\"https:\/\/agenciainfra.com\/blog\/\",\"logo\":{\"@type\":\"ImageObject\",\"inLanguage\":\"pt-BR\",\"@id\":\"https:\/\/agenciainfra.com\/blog\/#\/schema\/logo\/image\/\",\"url\":\"https:\/\/agenciainfra.com\/blog\/wp-content\/uploads\/2023\/09\/iNFRA_5-e1761735885940.png\",\"contentUrl\":\"https:\/\/agenciainfra.com\/blog\/wp-content\/uploads\/2023\/09\/iNFRA_5-e1761735885940.png\",\"width\":1672,\"height\":454,\"caption\":\"Ag\u00eancia iNFRA\"},\"image\":{\"@id\":\"https:\/\/agenciainfra.com\/blog\/#\/schema\/logo\/image\/\"},\"sameAs\":[\"https:\/\/www.facebook.com\/ageninfra\",\"https:\/\/x.com\/agencia_infra\",\"https:\/\/www.linkedin.com\/company\/ag\u00eanciainfra\/\",\"https:\/\/www.instagram.com\/agenciainfra\/\"]},{\"@type\":\"Person\",\"@id\":\"https:\/\/agenciainfra.com\/blog\/#\/schema\/person\/34af08dff6adea4cb22b06612ba7acfa\",\"name\":\"Ag\u00eancia iNFRA\",\"image\":{\"@type\":\"ImageObject\",\"inLanguage\":\"pt-BR\",\"@id\":\"https:\/\/agenciainfra.com\/blog\/#\/schema\/person\/image\/\",\"url\":\"https:\/\/secure.gravatar.com\/avatar\/d189e01678f06d8eb84d4e01f08eb848b3fffe3f8443818d3c356c66892f5be8?s=96&d=mm&r=g\",\"contentUrl\":\"https:\/\/secure.gravatar.com\/avatar\/d189e01678f06d8eb84d4e01f08eb848b3fffe3f8443818d3c356c66892f5be8?s=96&d=mm&r=g\",\"caption\":\"Ag\u00eancia iNFRA\"},\"url\":\"https:\/\/agenciainfra.com\/blog\/author\/admin\/\"}]}<\/script>\n<!-- \/ Yoast SEO Premium plugin. -->","yoast_head_json":{"title":"Estatal ferrovi\u00e1ria alem\u00e3 faz acordo para desenvolver ferrovia privada no Maranh\u00e3o - Ag\u00eancia iNFRA","robots":{"index":"index","follow":"follow","max-snippet":"max-snippet:-1","max-image-preview":"max-image-preview:large","max-video-preview":"max-video-preview:-1"},"canonical":"https:\/\/agenciainfra.com\/blog\/estatal-ferroviaria-alema-faz-acordo-para-desenvolver-ferrovia-privada-no-maranhao\/","og_locale":"pt_BR","og_type":"article","og_title":"Estatal ferrovi\u00e1ria alem\u00e3 faz acordo para desenvolver ferrovia privada no Maranh\u00e3o","og_description":"Dimmi Amora Uma das maiores empresas ferrovi\u00e1rias do mundo, a estatal DB (Deutsche Bahn) firmou parceria para desenvolver e operar uma ferrovia privada no Brasil, cujo projeto \u00e9 ligar a Ferrovia Norte-Sul ao porto privado de Alc\u00e2ntara, no Maranh\u00e3o, tamb\u00e9m em desenvolvimento. A DB se uniu \u00e0 GPM (Gr\u00e3o-Par\u00e1 Multimodal), empresa do grupo portugu\u00eas que [&hellip;]","og_url":"https:\/\/agenciainfra.com\/blog\/estatal-ferroviaria-alema-faz-acordo-para-desenvolver-ferrovia-privada-no-maranhao\/","og_site_name":"Ag\u00eancia iNFRA","article_publisher":"https:\/\/www.facebook.com\/ageninfra","article_published_time":"2023-01-31T12:00:00+00:00","og_image":[{"width":1300,"height":975,"url":"https:\/\/agenciainfra.com\/blog\/wp-content\/uploads\/2022\/05\/ferrovias-foto-vinicius-rosa-minfra-.jpeg","type":"image\/jpeg"}],"author":"Ag\u00eancia iNFRA","twitter_card":"summary_large_image","twitter_creator":"@agencia_infra","twitter_site":"@agencia_infra","twitter_misc":{"Escrito por":"Ag\u00eancia iNFRA","Est. tempo de leitura":"4 minutos"},"schema":{"@context":"https:\/\/schema.org","@graph":[{"@type":"Article","@id":"https:\/\/agenciainfra.com\/blog\/estatal-ferroviaria-alema-faz-acordo-para-desenvolver-ferrovia-privada-no-maranhao\/#article","isPartOf":{"@id":"https:\/\/agenciainfra.com\/blog\/estatal-ferroviaria-alema-faz-acordo-para-desenvolver-ferrovia-privada-no-maranhao\/"},"author":{"name":"Ag\u00eancia iNFRA","@id":"https:\/\/agenciainfra.com\/blog\/#\/schema\/person\/34af08dff6adea4cb22b06612ba7acfa"},"headline":"Estatal ferrovi\u00e1ria alem\u00e3 faz acordo para desenvolver ferrovia privada no Maranh\u00e3o","datePublished":"2023-01-31T12:00:00+00:00","mainEntityOfPage":{"@id":"https:\/\/agenciainfra.com\/blog\/estatal-ferroviaria-alema-faz-acordo-para-desenvolver-ferrovia-privada-no-maranhao\/"},"wordCount":731,"publisher":{"@id":"https:\/\/agenciainfra.com\/blog\/#organization"},"image":{"@id":"https:\/\/agenciainfra.com\/blog\/estatal-ferroviaria-alema-faz-acordo-para-desenvolver-ferrovia-privada-no-maranhao\/#primaryimage"},"thumbnailUrl":"https:\/\/agenciainfra.com\/blog\/wp-content\/uploads\/2022\/05\/ferrovias-foto-vinicius-rosa-minfra-.jpeg","keywords":["Deutsche Bahn","Estrada de Ferro Caraj\u00e1s","Ferrovia","Ferrovia Norte-Sul","Gr\u00e3o-Par\u00e1 Multimodal","Marco das Ferrovias","Olaf Scholz","open access","Peter Mirow","Sysfer","Terminal Portu\u00e1rio de Alc\u00e2ntara"],"articleSection":["Geral","iNFRATransporte"],"inLanguage":"pt-BR","copyrightYear":"2023","copyrightHolder":{"@id":"https:\/\/agenciainfra.com\/blog\/#organization"}},{"@type":"WebPage","@id":"https:\/\/agenciainfra.com\/blog\/estatal-ferroviaria-alema-faz-acordo-para-desenvolver-ferrovia-privada-no-maranhao\/","url":"https:\/\/agenciainfra.com\/blog\/estatal-ferroviaria-alema-faz-acordo-para-desenvolver-ferrovia-privada-no-maranhao\/","name":"Estatal ferrovi\u00e1ria alem\u00e3 faz acordo para desenvolver ferrovia privada no Maranh\u00e3o - Ag\u00eancia iNFRA","isPartOf":{"@id":"https:\/\/agenciainfra.com\/blog\/#website"},"primaryImageOfPage":{"@id":"https:\/\/agenciainfra.com\/blog\/estatal-ferroviaria-alema-faz-acordo-para-desenvolver-ferrovia-privada-no-maranhao\/#primaryimage"},"image":{"@id":"https:\/\/agenciainfra.com\/blog\/estatal-ferroviaria-alema-faz-acordo-para-desenvolver-ferrovia-privada-no-maranhao\/#primaryimage"},"thumbnailUrl":"https:\/\/agenciainfra.com\/blog\/wp-content\/uploads\/2022\/05\/ferrovias-foto-vinicius-rosa-minfra-.jpeg","datePublished":"2023-01-31T12:00:00+00:00","breadcrumb":{"@id":"https:\/\/agenciainfra.com\/blog\/estatal-ferroviaria-alema-faz-acordo-para-desenvolver-ferrovia-privada-no-maranhao\/#breadcrumb"},"inLanguage":"pt-BR","potentialAction":[{"@type":"ReadAction","target":["https:\/\/agenciainfra.com\/blog\/estatal-ferroviaria-alema-faz-acordo-para-desenvolver-ferrovia-privada-no-maranhao\/"]}]},{"@type":"ImageObject","inLanguage":"pt-BR","@id":"https:\/\/agenciainfra.com\/blog\/estatal-ferroviaria-alema-faz-acordo-para-desenvolver-ferrovia-privada-no-maranhao\/#primaryimage","url":"https:\/\/agenciainfra.com\/blog\/wp-content\/uploads\/2022\/05\/ferrovias-foto-vinicius-rosa-minfra-.jpeg","contentUrl":"https:\/\/agenciainfra.com\/blog\/wp-content\/uploads\/2022\/05\/ferrovias-foto-vinicius-rosa-minfra-.jpeg","width":1300,"height":975,"caption":"Foto: Vinicius Rosa\/Minfra"},{"@type":"BreadcrumbList","@id":"https:\/\/agenciainfra.com\/blog\/estatal-ferroviaria-alema-faz-acordo-para-desenvolver-ferrovia-privada-no-maranhao\/#breadcrumb","itemListElement":[{"@type":"ListItem","position":1,"name":"In\u00edcio","item":"https:\/\/agenciainfra.com\/blog\/"},{"@type":"ListItem","position":2,"name":"Estatal ferrovi\u00e1ria alem\u00e3 faz acordo para desenvolver ferrovia privada no Maranh\u00e3o"}]},{"@type":"WebSite","@id":"https:\/\/agenciainfra.com\/blog\/#website","url":"https:\/\/agenciainfra.com\/blog\/","name":"Ag\u00eancia iNFRA","description":"Multiplataforma de informa\u00e7\u00e3o jornal\u00edstica refer\u00eancia na \u00e1rea de infraestrutura no Brasil!","publisher":{"@id":"https:\/\/agenciainfra.com\/blog\/#organization"},"potentialAction":[{"@type":"SearchAction","target":{"@type":"EntryPoint","urlTemplate":"https:\/\/agenciainfra.com\/blog\/?s={search_term_string}"},"query-input":{"@type":"PropertyValueSpecification","valueRequired":true,"valueName":"search_term_string"}}],"inLanguage":"pt-BR"},{"@type":"Organization","@id":"https:\/\/agenciainfra.com\/blog\/#organization","name":"Ag\u00eancia iNFRA","url":"https:\/\/agenciainfra.com\/blog\/","logo":{"@type":"ImageObject","inLanguage":"pt-BR","@id":"https:\/\/agenciainfra.com\/blog\/#\/schema\/logo\/image\/","url":"https:\/\/agenciainfra.com\/blog\/wp-content\/uploads\/2023\/09\/iNFRA_5-e1761735885940.png","contentUrl":"https:\/\/agenciainfra.com\/blog\/wp-content\/uploads\/2023\/09\/iNFRA_5-e1761735885940.png","width":1672,"height":454,"caption":"Ag\u00eancia iNFRA"},"image":{"@id":"https:\/\/agenciainfra.com\/blog\/#\/schema\/logo\/image\/"},"sameAs":["https:\/\/www.facebook.com\/ageninfra","https:\/\/x.com\/agencia_infra","https:\/\/www.linkedin.com\/company\/ag\u00eanciainfra\/","https:\/\/www.instagram.com\/agenciainfra\/"]},{"@type":"Person","@id":"https:\/\/agenciainfra.com\/blog\/#\/schema\/person\/34af08dff6adea4cb22b06612ba7acfa","name":"Ag\u00eancia iNFRA","image":{"@type":"ImageObject","inLanguage":"pt-BR","@id":"https:\/\/agenciainfra.com\/blog\/#\/schema\/person\/image\/","url":"https:\/\/secure.gravatar.com\/avatar\/d189e01678f06d8eb84d4e01f08eb848b3fffe3f8443818d3c356c66892f5be8?s=96&d=mm&r=g","contentUrl":"https:\/\/secure.gravatar.com\/avatar\/d189e01678f06d8eb84d4e01f08eb848b3fffe3f8443818d3c356c66892f5be8?s=96&d=mm&r=g","caption":"Ag\u00eancia iNFRA"},"url":"https:\/\/agenciainfra.com\/blog\/author\/admin\/"}]}},"_links":{"self":[{"href":"https:\/\/agenciainfra.com\/blog\/wp-json\/wp\/v2\/posts\/12123","targetHints":{"allow":["GET"]}}],"collection":[{"href":"https:\/\/agenciainfra.com\/blog\/wp-json\/wp\/v2\/posts"}],"about":[{"href":"https:\/\/agenciainfra.com\/blog\/wp-json\/wp\/v2\/types\/post"}],"author":[{"embeddable":true,"href":"https:\/\/agenciainfra.com\/blog\/wp-json\/wp\/v2\/users\/1"}],"replies":[{"embeddable":true,"href":"https:\/\/agenciainfra.com\/blog\/wp-json\/wp\/v2\/comments?post=12123"}],"version-history":[{"count":0,"href":"https:\/\/agenciainfra.com\/blog\/wp-json\/wp\/v2\/posts\/12123\/revisions"}],"wp:featuredmedia":[{"embeddable":true,"href":"https:\/\/agenciainfra.com\/blog\/wp-json\/wp\/v2\/media\/10464"}],"wp:attachment":[{"href":"https:\/\/agenciainfra.com\/blog\/wp-json\/wp\/v2\/media?parent=12123"}],"wp:term":[{"taxonomy":"category","embeddable":true,"href":"https:\/\/agenciainfra.com\/blog\/wp-json\/wp\/v2\/categories?post=12123"},{"taxonomy":"post_tag","embeddable":true,"href":"https:\/\/agenciainfra.com\/blog\/wp-json\/wp\/v2\/tags?post=12123"}],"curies":[{"name":"wp","href":"https:\/\/api.w.org\/{rel}","templated":true}]}}