{"id":12143,"date":"2023-02-02T18:00:00","date_gmt":"2023-02-02T21:00:00","guid":{"rendered":"https:\/\/www.agenciainfra.com\/blog\/?p=12143"},"modified":"2023-02-02T17:57:07","modified_gmt":"2023-02-02T20:57:07","slug":"alexandre-silveira-se-fortalece-com-reeleicao-de-pacheco-e-deve-emplacar-eustaquio-no-mme","status":"publish","type":"post","link":"https:\/\/agenciainfra.com\/blog\/alexandre-silveira-se-fortalece-com-reeleicao-de-pacheco-e-deve-emplacar-eustaquio-no-mme\/","title":{"rendered":"Alexandre Silveira se fortalece com reelei\u00e7\u00e3o de Pacheco e deve emplacar Eust\u00e1quio no MME"},"content":{"rendered":"\n<p class=\"has-text-align-right\"><strong>Leila Coimbra, da&nbsp;Ag\u00eancia iNFRA<\/strong><\/p>\n\n\n\n<p>O ministro de Minas e Energia, Alexandre Silveira, tamb\u00e9m saiu vitorioso nesta quarta-feira (1\u00ba) com a reelei\u00e7\u00e3o de Rodrigo Pacheco (PSD-MG) \u00e0 presid\u00eancia do Senado.<br>\u00a0<br>Os dois s\u00e3o do mesmo partido, o PSD, o e do mesmo estado, Minas Gerais, e aliados pol\u00edticos de primeir\u00edssima hora. Com a vit\u00f3ria de Pacheco, Silveira deve conseguir finalmente emplacar Bruno Eust\u00e1quio na secretaria-executiva da pasta. At\u00e9 agora, nenhuma das cinco secretarias do MME (Minist\u00e9rio de Minas e Energia) foi preenchida<br>\u00a0<br>O PT dificultou as nomea\u00e7\u00f5es de partidos que se juntaram \u00e0 campanha de Lula no segundo turno, ou depois das elei\u00e7\u00f5es, na chamada frente ampla, e isso quase custou a reelei\u00e7\u00e3o do candidato do governo no Senado.<br>\u00a0<br>Nos \u00faltimos dias, o senador Rog\u00e9rio Marinho (PL-RN), ex-ministro do ex-presidente Jair Bolsonaro, ganhou for\u00e7a. O placar foi 49 a 32 para Pacheco, mas Marinho saiu da disputa maior do que entrou.<br>\u00a0<br>O sinal amarelo acendeu na ter\u00e7a-feira (31), quando tr\u00eas senadores do partido de Pacheco\u00a0anunciaram\u00a0voto em Marinho: Nelsinho Trad (MS), Lucas Barreto (AP) e Samuel Ara\u00fajo (RO).<br>\u00a0<br>Depois da reelei\u00e7\u00e3o de Pacheco, o governo voltou a respirar e as negocia\u00e7\u00f5es para o segundo escal\u00e3o do Minist\u00e9rio de Minas e Energia devem destravar.<br>\u00a0<br>Thiago Barral, atual presidente da EPE (Empresa de Pesquisa Energ\u00e9tica), deve ser o a secret\u00e1rio de Planejamento e Transi\u00e7\u00e3o Energ\u00e9tica; Pietro Mendes, o secret\u00e1rio de Petr\u00f3leo, G\u00e1s Natural e Biocombust\u00edveis; e Gentil Nogueira J\u00fanior, o secret\u00e1rio de Energia El\u00e9trica.<\/p>\n","protected":false},"excerpt":{"rendered":"<p>Leila Coimbra, da&nbsp;Ag\u00eancia iNFRA O ministro de Minas e Energia, Alexandre Silveira, tamb\u00e9m saiu vitorioso nesta quarta-feira (1\u00ba) com a reelei\u00e7\u00e3o de Rodrigo Pacheco (PSD-MG) \u00e0 presid\u00eancia do Senado.\u00a0Os dois s\u00e3o do mesmo partido, o PSD, o e do mesmo estado, Minas Gerais, e aliados pol\u00edticos de primeir\u00edssima hora. Com a vit\u00f3ria de Pacheco, Silveira [&hellip;]<\/p>\n","protected":false},"author":1,"featured_media":12144,"comment_status":"closed","ping_status":"closed","sticky":false,"template":"","format":"standard","meta":{"_monsterinsights_skip_tracking":false,"_monsterinsights_sitenote_active":false,"_monsterinsights_sitenote_note":"","_monsterinsights_sitenote_category":0,"footnotes":""},"categories":[1,10],"tags":[6040,1149,6336,580,1985,96,6335,2254,3099,1068],"class_list":["post-12143","post","type-post","status-publish","format-standard","has-post-thumbnail","hentry","category-geral","category-infraenergia","tag-alexandre-silveira","tag-bruno-eustaquio","tag-gentil-nogueira-junior","tag-lula","tag-minas-gerais","tag-ministerio-de-minas-e-energia","tag-pietro-mendes","tag-rodrigo-pacheco","tag-rogerio-marinho","tag-thiago-barral"],"yoast_head":"<!-- This site is optimized with the Yoast SEO Premium plugin v25.4 (Yoast SEO v26.0) - https:\/\/yoast.com\/wordpress\/plugins\/seo\/ -->\n<title>Alexandre Silveira se fortalece com reelei\u00e7\u00e3o de Pacheco e deve emplacar Eust\u00e1quio no MME - Ag\u00eancia iNFRA<\/title>\n<meta name=\"robots\" content=\"index, follow, max-snippet:-1, max-image-preview:large, max-video-preview:-1\" \/>\n<link rel=\"canonical\" href=\"https:\/\/agenciainfra.com\/blog\/alexandre-silveira-se-fortalece-com-reeleicao-de-pacheco-e-deve-emplacar-eustaquio-no-mme\/\" \/>\n<meta property=\"og:locale\" content=\"pt_BR\" \/>\n<meta property=\"og:type\" content=\"article\" \/>\n<meta property=\"og:title\" content=\"Alexandre Silveira se fortalece com reelei\u00e7\u00e3o de Pacheco e deve emplacar Eust\u00e1quio no MME\" \/>\n<meta property=\"og:description\" content=\"Leila Coimbra, da&nbsp;Ag\u00eancia iNFRA O ministro de Minas e Energia, Alexandre Silveira, tamb\u00e9m saiu vitorioso nesta quarta-feira (1\u00ba) com a reelei\u00e7\u00e3o de Rodrigo Pacheco (PSD-MG) \u00e0 presid\u00eancia do Senado.\u00a0Os dois s\u00e3o do mesmo partido, o PSD, o e do mesmo estado, Minas Gerais, e aliados pol\u00edticos de primeir\u00edssima hora. Com a vit\u00f3ria de Pacheco, Silveira [&hellip;]\" \/>\n<meta property=\"og:url\" content=\"https:\/\/agenciainfra.com\/blog\/alexandre-silveira-se-fortalece-com-reeleicao-de-pacheco-e-deve-emplacar-eustaquio-no-mme\/\" \/>\n<meta property=\"og:site_name\" content=\"Ag\u00eancia iNFRA\" \/>\n<meta property=\"article:publisher\" content=\"https:\/\/www.facebook.com\/ageninfra\" \/>\n<meta property=\"article:published_time\" content=\"2023-02-02T21:00:00+00:00\" \/>\n<meta property=\"og:image\" content=\"https:\/\/agenciainfra.com\/blog\/wp-content\/uploads\/2023\/02\/bruno-eustaquio-foto-saulo-cruz-min-minas-energia.jpeg\" \/>\n\t<meta property=\"og:image:width\" content=\"1280\" \/>\n\t<meta property=\"og:image:height\" content=\"854\" \/>\n\t<meta property=\"og:image:type\" content=\"image\/jpeg\" \/>\n<meta name=\"author\" content=\"Ag\u00eancia iNFRA\" \/>\n<meta name=\"twitter:card\" content=\"summary_large_image\" \/>\n<meta name=\"twitter:creator\" content=\"@agencia_infra\" \/>\n<meta name=\"twitter:site\" content=\"@agencia_infra\" \/>\n<meta name=\"twitter:label1\" content=\"Escrito por\" \/>\n\t<meta name=\"twitter:data1\" content=\"Ag\u00eancia iNFRA\" \/>\n\t<meta name=\"twitter:label2\" content=\"Est. tempo de leitura\" \/>\n\t<meta name=\"twitter:data2\" content=\"1 minuto\" \/>\n<script type=\"application\/ld+json\" class=\"yoast-schema-graph\">{\"@context\":\"https:\/\/schema.org\",\"@graph\":[{\"@type\":\"Article\",\"@id\":\"https:\/\/agenciainfra.com\/blog\/alexandre-silveira-se-fortalece-com-reeleicao-de-pacheco-e-deve-emplacar-eustaquio-no-mme\/#article\",\"isPartOf\":{\"@id\":\"https:\/\/agenciainfra.com\/blog\/alexandre-silveira-se-fortalece-com-reeleicao-de-pacheco-e-deve-emplacar-eustaquio-no-mme\/\"},\"author\":{\"name\":\"Ag\u00eancia iNFRA\",\"@id\":\"https:\/\/agenciainfra.com\/blog\/#\/schema\/person\/34af08dff6adea4cb22b06612ba7acfa\"},\"headline\":\"Alexandre Silveira se fortalece com reelei\u00e7\u00e3o de Pacheco e deve emplacar Eust\u00e1quio no MME\",\"datePublished\":\"2023-02-02T21:00:00+00:00\",\"mainEntityOfPage\":{\"@id\":\"https:\/\/agenciainfra.com\/blog\/alexandre-silveira-se-fortalece-com-reeleicao-de-pacheco-e-deve-emplacar-eustaquio-no-mme\/\"},\"wordCount\":287,\"publisher\":{\"@id\":\"https:\/\/agenciainfra.com\/blog\/#organization\"},\"image\":{\"@id\":\"https:\/\/agenciainfra.com\/blog\/alexandre-silveira-se-fortalece-com-reeleicao-de-pacheco-e-deve-emplacar-eustaquio-no-mme\/#primaryimage\"},\"thumbnailUrl\":\"https:\/\/agenciainfra.com\/blog\/wp-content\/uploads\/2023\/02\/bruno-eustaquio-foto-saulo-cruz-min-minas-energia.jpeg\",\"keywords\":[\"Alexandre Silveira\",\"Bruno Eust\u00e1quio\",\"Gentil Nogueira J\u00fanior\",\"Lula\",\"Minas Gerais\",\"Minist\u00e9rio de Minas e Energia\",\"Pietro Mendes\",\"Rodrigo Pacheco\",\"Rog\u00e9rio Marinho\",\"Thiago Barral\"],\"articleSection\":[\"Geral\",\"iNFRAEnergia\"],\"inLanguage\":\"pt-BR\",\"copyrightYear\":\"2023\",\"copyrightHolder\":{\"@id\":\"https:\/\/agenciainfra.com\/blog\/#organization\"}},{\"@type\":\"WebPage\",\"@id\":\"https:\/\/agenciainfra.com\/blog\/alexandre-silveira-se-fortalece-com-reeleicao-de-pacheco-e-deve-emplacar-eustaquio-no-mme\/\",\"url\":\"https:\/\/agenciainfra.com\/blog\/alexandre-silveira-se-fortalece-com-reeleicao-de-pacheco-e-deve-emplacar-eustaquio-no-mme\/\",\"name\":\"Alexandre Silveira se fortalece com reelei\u00e7\u00e3o de Pacheco e deve emplacar Eust\u00e1quio no MME - Ag\u00eancia iNFRA\",\"isPartOf\":{\"@id\":\"https:\/\/agenciainfra.com\/blog\/#website\"},\"primaryImageOfPage\":{\"@id\":\"https:\/\/agenciainfra.com\/blog\/alexandre-silveira-se-fortalece-com-reeleicao-de-pacheco-e-deve-emplacar-eustaquio-no-mme\/#primaryimage\"},\"image\":{\"@id\":\"https:\/\/agenciainfra.com\/blog\/alexandre-silveira-se-fortalece-com-reeleicao-de-pacheco-e-deve-emplacar-eustaquio-no-mme\/#primaryimage\"},\"thumbnailUrl\":\"https:\/\/agenciainfra.com\/blog\/wp-content\/uploads\/2023\/02\/bruno-eustaquio-foto-saulo-cruz-min-minas-energia.jpeg\",\"datePublished\":\"2023-02-02T21:00:00+00:00\",\"breadcrumb\":{\"@id\":\"https:\/\/agenciainfra.com\/blog\/alexandre-silveira-se-fortalece-com-reeleicao-de-pacheco-e-deve-emplacar-eustaquio-no-mme\/#breadcrumb\"},\"inLanguage\":\"pt-BR\",\"potentialAction\":[{\"@type\":\"ReadAction\",\"target\":[\"https:\/\/agenciainfra.com\/blog\/alexandre-silveira-se-fortalece-com-reeleicao-de-pacheco-e-deve-emplacar-eustaquio-no-mme\/\"]}]},{\"@type\":\"ImageObject\",\"inLanguage\":\"pt-BR\",\"@id\":\"https:\/\/agenciainfra.com\/blog\/alexandre-silveira-se-fortalece-com-reeleicao-de-pacheco-e-deve-emplacar-eustaquio-no-mme\/#primaryimage\",\"url\":\"https:\/\/agenciainfra.com\/blog\/wp-content\/uploads\/2023\/02\/bruno-eustaquio-foto-saulo-cruz-min-minas-energia.jpeg\",\"contentUrl\":\"https:\/\/agenciainfra.com\/blog\/wp-content\/uploads\/2023\/02\/bruno-eustaquio-foto-saulo-cruz-min-minas-energia.jpeg\",\"width\":1280,\"height\":854},{\"@type\":\"BreadcrumbList\",\"@id\":\"https:\/\/agenciainfra.com\/blog\/alexandre-silveira-se-fortalece-com-reeleicao-de-pacheco-e-deve-emplacar-eustaquio-no-mme\/#breadcrumb\",\"itemListElement\":[{\"@type\":\"ListItem\",\"position\":1,\"name\":\"In\u00edcio\",\"item\":\"https:\/\/agenciainfra.com\/blog\/\"},{\"@type\":\"ListItem\",\"position\":2,\"name\":\"Alexandre Silveira se fortalece com reelei\u00e7\u00e3o de Pacheco e deve emplacar Eust\u00e1quio no MME\"}]},{\"@type\":\"WebSite\",\"@id\":\"https:\/\/agenciainfra.com\/blog\/#website\",\"url\":\"https:\/\/agenciainfra.com\/blog\/\",\"name\":\"Ag\u00eancia iNFRA\",\"description\":\"Multiplataforma de informa\u00e7\u00e3o jornal\u00edstica refer\u00eancia na \u00e1rea de infraestrutura no Brasil!\",\"publisher\":{\"@id\":\"https:\/\/agenciainfra.com\/blog\/#organization\"},\"potentialAction\":[{\"@type\":\"SearchAction\",\"target\":{\"@type\":\"EntryPoint\",\"urlTemplate\":\"https:\/\/agenciainfra.com\/blog\/?s={search_term_string}\"},\"query-input\":{\"@type\":\"PropertyValueSpecification\",\"valueRequired\":true,\"valueName\":\"search_term_string\"}}],\"inLanguage\":\"pt-BR\"},{\"@type\":\"Organization\",\"@id\":\"https:\/\/agenciainfra.com\/blog\/#organization\",\"name\":\"Ag\u00eancia iNFRA\",\"url\":\"https:\/\/agenciainfra.com\/blog\/\",\"logo\":{\"@type\":\"ImageObject\",\"inLanguage\":\"pt-BR\",\"@id\":\"https:\/\/agenciainfra.com\/blog\/#\/schema\/logo\/image\/\",\"url\":\"https:\/\/agenciainfra.com\/blog\/wp-content\/uploads\/2023\/09\/iNFRA_5-e1761735885940.png\",\"contentUrl\":\"https:\/\/agenciainfra.com\/blog\/wp-content\/uploads\/2023\/09\/iNFRA_5-e1761735885940.png\",\"width\":1672,\"height\":454,\"caption\":\"Ag\u00eancia iNFRA\"},\"image\":{\"@id\":\"https:\/\/agenciainfra.com\/blog\/#\/schema\/logo\/image\/\"},\"sameAs\":[\"https:\/\/www.facebook.com\/ageninfra\",\"https:\/\/x.com\/agencia_infra\",\"https:\/\/www.linkedin.com\/company\/ag\u00eanciainfra\/\",\"https:\/\/www.instagram.com\/agenciainfra\/\"]},{\"@type\":\"Person\",\"@id\":\"https:\/\/agenciainfra.com\/blog\/#\/schema\/person\/34af08dff6adea4cb22b06612ba7acfa\",\"name\":\"Ag\u00eancia iNFRA\",\"image\":{\"@type\":\"ImageObject\",\"inLanguage\":\"pt-BR\",\"@id\":\"https:\/\/agenciainfra.com\/blog\/#\/schema\/person\/image\/\",\"url\":\"https:\/\/secure.gravatar.com\/avatar\/d189e01678f06d8eb84d4e01f08eb848b3fffe3f8443818d3c356c66892f5be8?s=96&d=mm&r=g\",\"contentUrl\":\"https:\/\/secure.gravatar.com\/avatar\/d189e01678f06d8eb84d4e01f08eb848b3fffe3f8443818d3c356c66892f5be8?s=96&d=mm&r=g\",\"caption\":\"Ag\u00eancia iNFRA\"},\"url\":\"https:\/\/agenciainfra.com\/blog\/author\/admin\/\"}]}<\/script>\n<!-- \/ Yoast SEO Premium plugin. -->","yoast_head_json":{"title":"Alexandre Silveira se fortalece com reelei\u00e7\u00e3o de Pacheco e deve emplacar Eust\u00e1quio no MME - Ag\u00eancia iNFRA","robots":{"index":"index","follow":"follow","max-snippet":"max-snippet:-1","max-image-preview":"max-image-preview:large","max-video-preview":"max-video-preview:-1"},"canonical":"https:\/\/agenciainfra.com\/blog\/alexandre-silveira-se-fortalece-com-reeleicao-de-pacheco-e-deve-emplacar-eustaquio-no-mme\/","og_locale":"pt_BR","og_type":"article","og_title":"Alexandre Silveira se fortalece com reelei\u00e7\u00e3o de Pacheco e deve emplacar Eust\u00e1quio no MME","og_description":"Leila Coimbra, da&nbsp;Ag\u00eancia iNFRA O ministro de Minas e Energia, Alexandre Silveira, tamb\u00e9m saiu vitorioso nesta quarta-feira (1\u00ba) com a reelei\u00e7\u00e3o de Rodrigo Pacheco (PSD-MG) \u00e0 presid\u00eancia do Senado.\u00a0Os dois s\u00e3o do mesmo partido, o PSD, o e do mesmo estado, Minas Gerais, e aliados pol\u00edticos de primeir\u00edssima hora. Com a vit\u00f3ria de Pacheco, Silveira [&hellip;]","og_url":"https:\/\/agenciainfra.com\/blog\/alexandre-silveira-se-fortalece-com-reeleicao-de-pacheco-e-deve-emplacar-eustaquio-no-mme\/","og_site_name":"Ag\u00eancia iNFRA","article_publisher":"https:\/\/www.facebook.com\/ageninfra","article_published_time":"2023-02-02T21:00:00+00:00","og_image":[{"width":1280,"height":854,"url":"https:\/\/agenciainfra.com\/blog\/wp-content\/uploads\/2023\/02\/bruno-eustaquio-foto-saulo-cruz-min-minas-energia.jpeg","type":"image\/jpeg"}],"author":"Ag\u00eancia iNFRA","twitter_card":"summary_large_image","twitter_creator":"@agencia_infra","twitter_site":"@agencia_infra","twitter_misc":{"Escrito por":"Ag\u00eancia iNFRA","Est. tempo de leitura":"1 minuto"},"schema":{"@context":"https:\/\/schema.org","@graph":[{"@type":"Article","@id":"https:\/\/agenciainfra.com\/blog\/alexandre-silveira-se-fortalece-com-reeleicao-de-pacheco-e-deve-emplacar-eustaquio-no-mme\/#article","isPartOf":{"@id":"https:\/\/agenciainfra.com\/blog\/alexandre-silveira-se-fortalece-com-reeleicao-de-pacheco-e-deve-emplacar-eustaquio-no-mme\/"},"author":{"name":"Ag\u00eancia iNFRA","@id":"https:\/\/agenciainfra.com\/blog\/#\/schema\/person\/34af08dff6adea4cb22b06612ba7acfa"},"headline":"Alexandre Silveira se fortalece com reelei\u00e7\u00e3o de Pacheco e deve emplacar Eust\u00e1quio no MME","datePublished":"2023-02-02T21:00:00+00:00","mainEntityOfPage":{"@id":"https:\/\/agenciainfra.com\/blog\/alexandre-silveira-se-fortalece-com-reeleicao-de-pacheco-e-deve-emplacar-eustaquio-no-mme\/"},"wordCount":287,"publisher":{"@id":"https:\/\/agenciainfra.com\/blog\/#organization"},"image":{"@id":"https:\/\/agenciainfra.com\/blog\/alexandre-silveira-se-fortalece-com-reeleicao-de-pacheco-e-deve-emplacar-eustaquio-no-mme\/#primaryimage"},"thumbnailUrl":"https:\/\/agenciainfra.com\/blog\/wp-content\/uploads\/2023\/02\/bruno-eustaquio-foto-saulo-cruz-min-minas-energia.jpeg","keywords":["Alexandre Silveira","Bruno Eust\u00e1quio","Gentil Nogueira J\u00fanior","Lula","Minas Gerais","Minist\u00e9rio de Minas e Energia","Pietro Mendes","Rodrigo Pacheco","Rog\u00e9rio Marinho","Thiago Barral"],"articleSection":["Geral","iNFRAEnergia"],"inLanguage":"pt-BR","copyrightYear":"2023","copyrightHolder":{"@id":"https:\/\/agenciainfra.com\/blog\/#organization"}},{"@type":"WebPage","@id":"https:\/\/agenciainfra.com\/blog\/alexandre-silveira-se-fortalece-com-reeleicao-de-pacheco-e-deve-emplacar-eustaquio-no-mme\/","url":"https:\/\/agenciainfra.com\/blog\/alexandre-silveira-se-fortalece-com-reeleicao-de-pacheco-e-deve-emplacar-eustaquio-no-mme\/","name":"Alexandre Silveira se fortalece com reelei\u00e7\u00e3o de Pacheco e deve emplacar Eust\u00e1quio no MME - Ag\u00eancia iNFRA","isPartOf":{"@id":"https:\/\/agenciainfra.com\/blog\/#website"},"primaryImageOfPage":{"@id":"https:\/\/agenciainfra.com\/blog\/alexandre-silveira-se-fortalece-com-reeleicao-de-pacheco-e-deve-emplacar-eustaquio-no-mme\/#primaryimage"},"image":{"@id":"https:\/\/agenciainfra.com\/blog\/alexandre-silveira-se-fortalece-com-reeleicao-de-pacheco-e-deve-emplacar-eustaquio-no-mme\/#primaryimage"},"thumbnailUrl":"https:\/\/agenciainfra.com\/blog\/wp-content\/uploads\/2023\/02\/bruno-eustaquio-foto-saulo-cruz-min-minas-energia.jpeg","datePublished":"2023-02-02T21:00:00+00:00","breadcrumb":{"@id":"https:\/\/agenciainfra.com\/blog\/alexandre-silveira-se-fortalece-com-reeleicao-de-pacheco-e-deve-emplacar-eustaquio-no-mme\/#breadcrumb"},"inLanguage":"pt-BR","potentialAction":[{"@type":"ReadAction","target":["https:\/\/agenciainfra.com\/blog\/alexandre-silveira-se-fortalece-com-reeleicao-de-pacheco-e-deve-emplacar-eustaquio-no-mme\/"]}]},{"@type":"ImageObject","inLanguage":"pt-BR","@id":"https:\/\/agenciainfra.com\/blog\/alexandre-silveira-se-fortalece-com-reeleicao-de-pacheco-e-deve-emplacar-eustaquio-no-mme\/#primaryimage","url":"https:\/\/agenciainfra.com\/blog\/wp-content\/uploads\/2023\/02\/bruno-eustaquio-foto-saulo-cruz-min-minas-energia.jpeg","contentUrl":"https:\/\/agenciainfra.com\/blog\/wp-content\/uploads\/2023\/02\/bruno-eustaquio-foto-saulo-cruz-min-minas-energia.jpeg","width":1280,"height":854},{"@type":"BreadcrumbList","@id":"https:\/\/agenciainfra.com\/blog\/alexandre-silveira-se-fortalece-com-reeleicao-de-pacheco-e-deve-emplacar-eustaquio-no-mme\/#breadcrumb","itemListElement":[{"@type":"ListItem","position":1,"name":"In\u00edcio","item":"https:\/\/agenciainfra.com\/blog\/"},{"@type":"ListItem","position":2,"name":"Alexandre Silveira se fortalece com reelei\u00e7\u00e3o de Pacheco e deve emplacar Eust\u00e1quio no MME"}]},{"@type":"WebSite","@id":"https:\/\/agenciainfra.com\/blog\/#website","url":"https:\/\/agenciainfra.com\/blog\/","name":"Ag\u00eancia iNFRA","description":"Multiplataforma de informa\u00e7\u00e3o jornal\u00edstica refer\u00eancia na \u00e1rea de infraestrutura no Brasil!","publisher":{"@id":"https:\/\/agenciainfra.com\/blog\/#organization"},"potentialAction":[{"@type":"SearchAction","target":{"@type":"EntryPoint","urlTemplate":"https:\/\/agenciainfra.com\/blog\/?s={search_term_string}"},"query-input":{"@type":"PropertyValueSpecification","valueRequired":true,"valueName":"search_term_string"}}],"inLanguage":"pt-BR"},{"@type":"Organization","@id":"https:\/\/agenciainfra.com\/blog\/#organization","name":"Ag\u00eancia iNFRA","url":"https:\/\/agenciainfra.com\/blog\/","logo":{"@type":"ImageObject","inLanguage":"pt-BR","@id":"https:\/\/agenciainfra.com\/blog\/#\/schema\/logo\/image\/","url":"https:\/\/agenciainfra.com\/blog\/wp-content\/uploads\/2023\/09\/iNFRA_5-e1761735885940.png","contentUrl":"https:\/\/agenciainfra.com\/blog\/wp-content\/uploads\/2023\/09\/iNFRA_5-e1761735885940.png","width":1672,"height":454,"caption":"Ag\u00eancia iNFRA"},"image":{"@id":"https:\/\/agenciainfra.com\/blog\/#\/schema\/logo\/image\/"},"sameAs":["https:\/\/www.facebook.com\/ageninfra","https:\/\/x.com\/agencia_infra","https:\/\/www.linkedin.com\/company\/ag\u00eanciainfra\/","https:\/\/www.instagram.com\/agenciainfra\/"]},{"@type":"Person","@id":"https:\/\/agenciainfra.com\/blog\/#\/schema\/person\/34af08dff6adea4cb22b06612ba7acfa","name":"Ag\u00eancia iNFRA","image":{"@type":"ImageObject","inLanguage":"pt-BR","@id":"https:\/\/agenciainfra.com\/blog\/#\/schema\/person\/image\/","url":"https:\/\/secure.gravatar.com\/avatar\/d189e01678f06d8eb84d4e01f08eb848b3fffe3f8443818d3c356c66892f5be8?s=96&d=mm&r=g","contentUrl":"https:\/\/secure.gravatar.com\/avatar\/d189e01678f06d8eb84d4e01f08eb848b3fffe3f8443818d3c356c66892f5be8?s=96&d=mm&r=g","caption":"Ag\u00eancia iNFRA"},"url":"https:\/\/agenciainfra.com\/blog\/author\/admin\/"}]}},"_links":{"self":[{"href":"https:\/\/agenciainfra.com\/blog\/wp-json\/wp\/v2\/posts\/12143","targetHints":{"allow":["GET"]}}],"collection":[{"href":"https:\/\/agenciainfra.com\/blog\/wp-json\/wp\/v2\/posts"}],"about":[{"href":"https:\/\/agenciainfra.com\/blog\/wp-json\/wp\/v2\/types\/post"}],"author":[{"embeddable":true,"href":"https:\/\/agenciainfra.com\/blog\/wp-json\/wp\/v2\/users\/1"}],"replies":[{"embeddable":true,"href":"https:\/\/agenciainfra.com\/blog\/wp-json\/wp\/v2\/comments?post=12143"}],"version-history":[{"count":0,"href":"https:\/\/agenciainfra.com\/blog\/wp-json\/wp\/v2\/posts\/12143\/revisions"}],"wp:featuredmedia":[{"embeddable":true,"href":"https:\/\/agenciainfra.com\/blog\/wp-json\/wp\/v2\/media\/12144"}],"wp:attachment":[{"href":"https:\/\/agenciainfra.com\/blog\/wp-json\/wp\/v2\/media?parent=12143"}],"wp:term":[{"taxonomy":"category","embeddable":true,"href":"https:\/\/agenciainfra.com\/blog\/wp-json\/wp\/v2\/categories?post=12143"},{"taxonomy":"post_tag","embeddable":true,"href":"https:\/\/agenciainfra.com\/blog\/wp-json\/wp\/v2\/tags?post=12143"}],"curies":[{"name":"wp","href":"https:\/\/api.w.org\/{rel}","templated":true}]}}