{"id":12155,"date":"2023-02-06T09:00:00","date_gmt":"2023-02-06T12:00:00","guid":{"rendered":"https:\/\/www.agenciainfra.com\/blog\/?p=12155"},"modified":"2023-02-03T19:24:29","modified_gmt":"2023-02-03T22:24:29","slug":"br-163-antt-autoriza-cobranca-de-pedagio-no-para-e-cro-ganha-mais-60-dias-para-concluir-tac","status":"publish","type":"post","link":"https:\/\/agenciainfra.com\/blog\/br-163-antt-autoriza-cobranca-de-pedagio-no-para-e-cro-ganha-mais-60-dias-para-concluir-tac\/","title":{"rendered":"BR-163: ANTT autoriza cobran\u00e7a de ped\u00e1gio no Par\u00e1 e CRO ganha mais 60 dias para concluir TAC"},"content":{"rendered":"\n<p class=\"has-text-align-right\"><strong>Luana Dorigon, da Ag\u00eancia iNFRA<\/strong><\/p>\n\n\n\n<p>A ANTT (Ag\u00eancia Nacional de Transportes Terrestres) aprovou, em reuni\u00e3o colegiada na \u00faltima quinta-feira (2), o in\u00edcio da cobran\u00e7a de ped\u00e1gio na concess\u00e3o da BR-163\/MT-PA, operada pela Via Brasil BR-163 Concession\u00e1ria de Rodovias S.A. O ato foi publicado no Di\u00e1rio Oficial da Uni\u00e3o e est\u00e1\u00a0<a rel=\"noreferrer noopener\" href=\"https:\/\/agenciainfra.us14.list-manage.com\/track\/click?u=d460dd1bcf9ba0ae040e1fc0f&amp;id=a4f37ecc19&amp;e=c099169394\" target=\"_blank\">neste link<\/a>.\u00a0<br><br>A diretoria colegiada tamb\u00e9m autorizou o reajuste da tarifa b\u00e1sica de ped\u00e1gio e o in\u00edcio da cobran\u00e7a de ped\u00e1gio da Via Brasil BR-163 Concession\u00e1ria de Rodovias S\/A, nas pra\u00e7as de ped\u00e1gio P1, em Cl\u00e1udia, e P2, em Guarant\u00e3 do Norte, ambas no Mato Grosso, na BR-163\/230\/MT\/PA.<br><br>No mesmo ato, foi autorizado reajuste de 24,17%, correspondente ao IPCA (\u00cdndice Nacional de Pre\u00e7os ao Consumidor Amplo) no per\u00edodo entre maio de 2019 (data de refer\u00eancia dos estudos de viabilidade) e dezembro de 2022, com vista \u00e0 recomposi\u00e7\u00e3o tarif\u00e1ria. A cobran\u00e7a passa a valer dez dias ap\u00f3s a publica\u00e7\u00e3o da decis\u00e3o do colegiado.<br><br>O processo havia sido apresentado na reuni\u00e3o virtual da diretoria, mas foi transferido para a reuni\u00e3o ordin\u00e1ria deliberativa para ampliar a discuss\u00e3o, de acordo com a diretoria da ag\u00eancia.<br><br>O trecho de 1.952 km \u00e9 um importante meio de escoamento da regi\u00e3o, principalmente de soja e milho, e faz liga\u00e7\u00e3o das \u00e1reas produtoras ao Porto de Miritituba e \u00e0 outra concess\u00e3o da rodovia, explorada pela CRO (Concession\u00e1ria Rota do Oeste), que possibilita a liga\u00e7\u00e3o ao terminal ferrovi\u00e1rio de Rondon\u00f3polis.<br><br><strong>Aditivo da CRO<\/strong><br>A ANTT tamb\u00e9m aprovou\u00a0a prorroga\u00e7\u00e3o por mais 60 dias do prazo para que seja conclu\u00edda a transfer\u00eancia do controle acion\u00e1rio da concess\u00e3o da BR-163\/MT, atualmente sob responsabilidade da CRO, para a MT Par, sociedade\u00a0de economia mista controlada pelo governo do Mato Grosso.\u00a0A Delibera\u00e7\u00e3o 19 da diretoria com o aditivo foi publicada no Di\u00e1rio Oficial da Uni\u00e3o,\u00a0<a rel=\"noreferrer noopener\" href=\"https:\/\/agenciainfra.us14.list-manage.com\/track\/click?u=d460dd1bcf9ba0ae040e1fc0f&amp;id=0329326001&amp;e=c099169394\" target=\"_blank\">neste link<\/a>.<br><br>O trecho de 850,9 quil\u00f4metros fica localizado entre Sinop e a divisa de Mato Grosso e Mato Grosso do Sul. A concession\u00e1ria havia solicitado um prazo de 180 dias para a conclus\u00e3o das condi\u00e7\u00f5es de efic\u00e1cia do TAC (Termo de Ajustamento de Conduta), celebrado junto \u00e0 ag\u00eancia reguladora. Com a prorroga\u00e7\u00e3o, este j\u00e1 \u00e9 o sexto termo aditivo ao contrato de concess\u00e3o.<br><br>O diretor relator, Davi Barreto, relembrou que a ANTT aprovou, no ano passado, dois instrumentos para solucionar os problemas de inexecu\u00e7\u00e3o contratual da CRO: um TAC (Termo de Ajustamento de Conduta) e uma proposta de relicita\u00e7\u00e3o. E refor\u00e7ou que o melhor cen\u00e1rio para a rodovia segue sendo o TAC, em detrimento da relicita\u00e7\u00e3o.<\/p>\n","protected":false},"excerpt":{"rendered":"<p>Luana Dorigon, da Ag\u00eancia iNFRA A ANTT (Ag\u00eancia Nacional de Transportes Terrestres) aprovou, em reuni\u00e3o colegiada na \u00faltima quinta-feira (2), o in\u00edcio da cobran\u00e7a de ped\u00e1gio na concess\u00e3o da BR-163\/MT-PA, operada pela Via Brasil BR-163 Concession\u00e1ria de Rodovias S.A. O ato foi publicado no Di\u00e1rio Oficial da Uni\u00e3o e est\u00e1\u00a0neste link.\u00a0 A diretoria colegiada tamb\u00e9m [&hellip;]<\/p>\n","protected":false},"author":1,"featured_media":12059,"comment_status":"closed","ping_status":"closed","sticky":false,"template":"","format":"standard","meta":{"_monsterinsights_skip_tracking":false,"_monsterinsights_sitenote_active":false,"_monsterinsights_sitenote_note":"","_monsterinsights_sitenote_category":0,"footnotes":""},"categories":[1,7],"tags":[19,239,3683,3193,1050,5891,20,3136],"class_list":["post-12155","post","type-post","status-publish","format-standard","has-post-thumbnail","hentry","category-geral","category-infratransporte","tag-antt","tag-br-163","tag-concessionaria-rota-do-oeste","tag-cro","tag-davi-barreto","tag-mt-par","tag-pedagio","tag-via-brasil"],"yoast_head":"<!-- This site is optimized with the Yoast SEO Premium plugin v25.4 (Yoast SEO v26.0) - https:\/\/yoast.com\/wordpress\/plugins\/seo\/ -->\n<title>BR-163: ANTT autoriza cobran\u00e7a de ped\u00e1gio no Par\u00e1 e CRO ganha mais 60 dias para concluir TAC - Ag\u00eancia iNFRA<\/title>\n<meta name=\"robots\" content=\"index, follow, max-snippet:-1, max-image-preview:large, max-video-preview:-1\" \/>\n<link rel=\"canonical\" href=\"https:\/\/agenciainfra.com\/blog\/br-163-antt-autoriza-cobranca-de-pedagio-no-para-e-cro-ganha-mais-60-dias-para-concluir-tac\/\" \/>\n<meta property=\"og:locale\" content=\"pt_BR\" \/>\n<meta property=\"og:type\" content=\"article\" \/>\n<meta property=\"og:title\" content=\"BR-163: ANTT autoriza cobran\u00e7a de ped\u00e1gio no Par\u00e1 e CRO ganha mais 60 dias para concluir TAC\" \/>\n<meta property=\"og:description\" content=\"Luana Dorigon, da Ag\u00eancia iNFRA A ANTT (Ag\u00eancia Nacional de Transportes Terrestres) aprovou, em reuni\u00e3o colegiada na \u00faltima quinta-feira (2), o in\u00edcio da cobran\u00e7a de ped\u00e1gio na concess\u00e3o da BR-163\/MT-PA, operada pela Via Brasil BR-163 Concession\u00e1ria de Rodovias S.A. O ato foi publicado no Di\u00e1rio Oficial da Uni\u00e3o e est\u00e1\u00a0neste link.\u00a0 A diretoria colegiada tamb\u00e9m [&hellip;]\" \/>\n<meta property=\"og:url\" content=\"https:\/\/agenciainfra.com\/blog\/br-163-antt-autoriza-cobranca-de-pedagio-no-para-e-cro-ganha-mais-60-dias-para-concluir-tac\/\" \/>\n<meta property=\"og:site_name\" content=\"Ag\u00eancia iNFRA\" \/>\n<meta property=\"article:publisher\" content=\"https:\/\/www.facebook.com\/ageninfra\" \/>\n<meta property=\"article:published_time\" content=\"2023-02-06T12:00:00+00:00\" \/>\n<meta property=\"og:image\" content=\"https:\/\/agenciainfra.com\/blog\/wp-content\/uploads\/2023\/01\/antt-sede-foto-divulgacao.png\" \/>\n\t<meta property=\"og:image:width\" content=\"1280\" \/>\n\t<meta property=\"og:image:height\" content=\"853\" \/>\n\t<meta property=\"og:image:type\" content=\"image\/png\" \/>\n<meta name=\"author\" content=\"Ag\u00eancia iNFRA\" \/>\n<meta name=\"twitter:card\" content=\"summary_large_image\" \/>\n<meta name=\"twitter:creator\" content=\"@agencia_infra\" \/>\n<meta name=\"twitter:site\" content=\"@agencia_infra\" \/>\n<meta name=\"twitter:label1\" content=\"Escrito por\" \/>\n\t<meta name=\"twitter:data1\" content=\"Ag\u00eancia iNFRA\" \/>\n\t<meta name=\"twitter:label2\" content=\"Est. tempo de leitura\" \/>\n\t<meta name=\"twitter:data2\" content=\"2 minutos\" \/>\n<script type=\"application\/ld+json\" class=\"yoast-schema-graph\">{\"@context\":\"https:\/\/schema.org\",\"@graph\":[{\"@type\":\"Article\",\"@id\":\"https:\/\/agenciainfra.com\/blog\/br-163-antt-autoriza-cobranca-de-pedagio-no-para-e-cro-ganha-mais-60-dias-para-concluir-tac\/#article\",\"isPartOf\":{\"@id\":\"https:\/\/agenciainfra.com\/blog\/br-163-antt-autoriza-cobranca-de-pedagio-no-para-e-cro-ganha-mais-60-dias-para-concluir-tac\/\"},\"author\":{\"name\":\"Ag\u00eancia iNFRA\",\"@id\":\"https:\/\/agenciainfra.com\/blog\/#\/schema\/person\/34af08dff6adea4cb22b06612ba7acfa\"},\"headline\":\"BR-163: ANTT autoriza cobran\u00e7a de ped\u00e1gio no Par\u00e1 e CRO ganha mais 60 dias para concluir TAC\",\"datePublished\":\"2023-02-06T12:00:00+00:00\",\"mainEntityOfPage\":{\"@id\":\"https:\/\/agenciainfra.com\/blog\/br-163-antt-autoriza-cobranca-de-pedagio-no-para-e-cro-ganha-mais-60-dias-para-concluir-tac\/\"},\"wordCount\":483,\"publisher\":{\"@id\":\"https:\/\/agenciainfra.com\/blog\/#organization\"},\"image\":{\"@id\":\"https:\/\/agenciainfra.com\/blog\/br-163-antt-autoriza-cobranca-de-pedagio-no-para-e-cro-ganha-mais-60-dias-para-concluir-tac\/#primaryimage\"},\"thumbnailUrl\":\"https:\/\/agenciainfra.com\/blog\/wp-content\/uploads\/2023\/01\/antt-sede-foto-divulgacao.png\",\"keywords\":[\"ANTT\",\"BR-163\",\"Concession\u00e1ria Rota do Oeste\",\"CRO\",\"Davi Barreto\",\"MT Par\",\"Ped\u00e1gio\",\"Via Brasil\"],\"articleSection\":[\"Geral\",\"iNFRATransporte\"],\"inLanguage\":\"pt-BR\",\"copyrightYear\":\"2023\",\"copyrightHolder\":{\"@id\":\"https:\/\/agenciainfra.com\/blog\/#organization\"}},{\"@type\":\"WebPage\",\"@id\":\"https:\/\/agenciainfra.com\/blog\/br-163-antt-autoriza-cobranca-de-pedagio-no-para-e-cro-ganha-mais-60-dias-para-concluir-tac\/\",\"url\":\"https:\/\/agenciainfra.com\/blog\/br-163-antt-autoriza-cobranca-de-pedagio-no-para-e-cro-ganha-mais-60-dias-para-concluir-tac\/\",\"name\":\"BR-163: ANTT autoriza cobran\u00e7a de ped\u00e1gio no Par\u00e1 e CRO ganha mais 60 dias para concluir TAC - Ag\u00eancia iNFRA\",\"isPartOf\":{\"@id\":\"https:\/\/agenciainfra.com\/blog\/#website\"},\"primaryImageOfPage\":{\"@id\":\"https:\/\/agenciainfra.com\/blog\/br-163-antt-autoriza-cobranca-de-pedagio-no-para-e-cro-ganha-mais-60-dias-para-concluir-tac\/#primaryimage\"},\"image\":{\"@id\":\"https:\/\/agenciainfra.com\/blog\/br-163-antt-autoriza-cobranca-de-pedagio-no-para-e-cro-ganha-mais-60-dias-para-concluir-tac\/#primaryimage\"},\"thumbnailUrl\":\"https:\/\/agenciainfra.com\/blog\/wp-content\/uploads\/2023\/01\/antt-sede-foto-divulgacao.png\",\"datePublished\":\"2023-02-06T12:00:00+00:00\",\"breadcrumb\":{\"@id\":\"https:\/\/agenciainfra.com\/blog\/br-163-antt-autoriza-cobranca-de-pedagio-no-para-e-cro-ganha-mais-60-dias-para-concluir-tac\/#breadcrumb\"},\"inLanguage\":\"pt-BR\",\"potentialAction\":[{\"@type\":\"ReadAction\",\"target\":[\"https:\/\/agenciainfra.com\/blog\/br-163-antt-autoriza-cobranca-de-pedagio-no-para-e-cro-ganha-mais-60-dias-para-concluir-tac\/\"]}]},{\"@type\":\"ImageObject\",\"inLanguage\":\"pt-BR\",\"@id\":\"https:\/\/agenciainfra.com\/blog\/br-163-antt-autoriza-cobranca-de-pedagio-no-para-e-cro-ganha-mais-60-dias-para-concluir-tac\/#primaryimage\",\"url\":\"https:\/\/agenciainfra.com\/blog\/wp-content\/uploads\/2023\/01\/antt-sede-foto-divulgacao.png\",\"contentUrl\":\"https:\/\/agenciainfra.com\/blog\/wp-content\/uploads\/2023\/01\/antt-sede-foto-divulgacao.png\",\"width\":1280,\"height\":853,\"caption\":\"Foto: Divulga\u00e7\u00e3o ANTT\"},{\"@type\":\"BreadcrumbList\",\"@id\":\"https:\/\/agenciainfra.com\/blog\/br-163-antt-autoriza-cobranca-de-pedagio-no-para-e-cro-ganha-mais-60-dias-para-concluir-tac\/#breadcrumb\",\"itemListElement\":[{\"@type\":\"ListItem\",\"position\":1,\"name\":\"In\u00edcio\",\"item\":\"https:\/\/agenciainfra.com\/blog\/\"},{\"@type\":\"ListItem\",\"position\":2,\"name\":\"BR-163: ANTT autoriza cobran\u00e7a de ped\u00e1gio no Par\u00e1 e CRO ganha mais 60 dias para concluir TAC\"}]},{\"@type\":\"WebSite\",\"@id\":\"https:\/\/agenciainfra.com\/blog\/#website\",\"url\":\"https:\/\/agenciainfra.com\/blog\/\",\"name\":\"Ag\u00eancia iNFRA\",\"description\":\"Multiplataforma de informa\u00e7\u00e3o jornal\u00edstica refer\u00eancia na \u00e1rea de infraestrutura no Brasil!\",\"publisher\":{\"@id\":\"https:\/\/agenciainfra.com\/blog\/#organization\"},\"potentialAction\":[{\"@type\":\"SearchAction\",\"target\":{\"@type\":\"EntryPoint\",\"urlTemplate\":\"https:\/\/agenciainfra.com\/blog\/?s={search_term_string}\"},\"query-input\":{\"@type\":\"PropertyValueSpecification\",\"valueRequired\":true,\"valueName\":\"search_term_string\"}}],\"inLanguage\":\"pt-BR\"},{\"@type\":\"Organization\",\"@id\":\"https:\/\/agenciainfra.com\/blog\/#organization\",\"name\":\"Ag\u00eancia iNFRA\",\"url\":\"https:\/\/agenciainfra.com\/blog\/\",\"logo\":{\"@type\":\"ImageObject\",\"inLanguage\":\"pt-BR\",\"@id\":\"https:\/\/agenciainfra.com\/blog\/#\/schema\/logo\/image\/\",\"url\":\"https:\/\/agenciainfra.com\/blog\/wp-content\/uploads\/2023\/09\/iNFRA_5-e1761735885940.png\",\"contentUrl\":\"https:\/\/agenciainfra.com\/blog\/wp-content\/uploads\/2023\/09\/iNFRA_5-e1761735885940.png\",\"width\":1672,\"height\":454,\"caption\":\"Ag\u00eancia iNFRA\"},\"image\":{\"@id\":\"https:\/\/agenciainfra.com\/blog\/#\/schema\/logo\/image\/\"},\"sameAs\":[\"https:\/\/www.facebook.com\/ageninfra\",\"https:\/\/x.com\/agencia_infra\",\"https:\/\/www.linkedin.com\/company\/ag\u00eanciainfra\/\",\"https:\/\/www.instagram.com\/agenciainfra\/\"]},{\"@type\":\"Person\",\"@id\":\"https:\/\/agenciainfra.com\/blog\/#\/schema\/person\/34af08dff6adea4cb22b06612ba7acfa\",\"name\":\"Ag\u00eancia iNFRA\",\"image\":{\"@type\":\"ImageObject\",\"inLanguage\":\"pt-BR\",\"@id\":\"https:\/\/agenciainfra.com\/blog\/#\/schema\/person\/image\/\",\"url\":\"https:\/\/secure.gravatar.com\/avatar\/d189e01678f06d8eb84d4e01f08eb848b3fffe3f8443818d3c356c66892f5be8?s=96&d=mm&r=g\",\"contentUrl\":\"https:\/\/secure.gravatar.com\/avatar\/d189e01678f06d8eb84d4e01f08eb848b3fffe3f8443818d3c356c66892f5be8?s=96&d=mm&r=g\",\"caption\":\"Ag\u00eancia iNFRA\"},\"url\":\"https:\/\/agenciainfra.com\/blog\/author\/admin\/\"}]}<\/script>\n<!-- \/ Yoast SEO Premium plugin. -->","yoast_head_json":{"title":"BR-163: ANTT autoriza cobran\u00e7a de ped\u00e1gio no Par\u00e1 e CRO ganha mais 60 dias para concluir TAC - Ag\u00eancia iNFRA","robots":{"index":"index","follow":"follow","max-snippet":"max-snippet:-1","max-image-preview":"max-image-preview:large","max-video-preview":"max-video-preview:-1"},"canonical":"https:\/\/agenciainfra.com\/blog\/br-163-antt-autoriza-cobranca-de-pedagio-no-para-e-cro-ganha-mais-60-dias-para-concluir-tac\/","og_locale":"pt_BR","og_type":"article","og_title":"BR-163: ANTT autoriza cobran\u00e7a de ped\u00e1gio no Par\u00e1 e CRO ganha mais 60 dias para concluir TAC","og_description":"Luana Dorigon, da Ag\u00eancia iNFRA A ANTT (Ag\u00eancia Nacional de Transportes Terrestres) aprovou, em reuni\u00e3o colegiada na \u00faltima quinta-feira (2), o in\u00edcio da cobran\u00e7a de ped\u00e1gio na concess\u00e3o da BR-163\/MT-PA, operada pela Via Brasil BR-163 Concession\u00e1ria de Rodovias S.A. O ato foi publicado no Di\u00e1rio Oficial da Uni\u00e3o e est\u00e1\u00a0neste link.\u00a0 A diretoria colegiada tamb\u00e9m [&hellip;]","og_url":"https:\/\/agenciainfra.com\/blog\/br-163-antt-autoriza-cobranca-de-pedagio-no-para-e-cro-ganha-mais-60-dias-para-concluir-tac\/","og_site_name":"Ag\u00eancia iNFRA","article_publisher":"https:\/\/www.facebook.com\/ageninfra","article_published_time":"2023-02-06T12:00:00+00:00","og_image":[{"width":1280,"height":853,"url":"https:\/\/agenciainfra.com\/blog\/wp-content\/uploads\/2023\/01\/antt-sede-foto-divulgacao.png","type":"image\/png"}],"author":"Ag\u00eancia iNFRA","twitter_card":"summary_large_image","twitter_creator":"@agencia_infra","twitter_site":"@agencia_infra","twitter_misc":{"Escrito por":"Ag\u00eancia iNFRA","Est. tempo de leitura":"2 minutos"},"schema":{"@context":"https:\/\/schema.org","@graph":[{"@type":"Article","@id":"https:\/\/agenciainfra.com\/blog\/br-163-antt-autoriza-cobranca-de-pedagio-no-para-e-cro-ganha-mais-60-dias-para-concluir-tac\/#article","isPartOf":{"@id":"https:\/\/agenciainfra.com\/blog\/br-163-antt-autoriza-cobranca-de-pedagio-no-para-e-cro-ganha-mais-60-dias-para-concluir-tac\/"},"author":{"name":"Ag\u00eancia iNFRA","@id":"https:\/\/agenciainfra.com\/blog\/#\/schema\/person\/34af08dff6adea4cb22b06612ba7acfa"},"headline":"BR-163: ANTT autoriza cobran\u00e7a de ped\u00e1gio no Par\u00e1 e CRO ganha mais 60 dias para concluir TAC","datePublished":"2023-02-06T12:00:00+00:00","mainEntityOfPage":{"@id":"https:\/\/agenciainfra.com\/blog\/br-163-antt-autoriza-cobranca-de-pedagio-no-para-e-cro-ganha-mais-60-dias-para-concluir-tac\/"},"wordCount":483,"publisher":{"@id":"https:\/\/agenciainfra.com\/blog\/#organization"},"image":{"@id":"https:\/\/agenciainfra.com\/blog\/br-163-antt-autoriza-cobranca-de-pedagio-no-para-e-cro-ganha-mais-60-dias-para-concluir-tac\/#primaryimage"},"thumbnailUrl":"https:\/\/agenciainfra.com\/blog\/wp-content\/uploads\/2023\/01\/antt-sede-foto-divulgacao.png","keywords":["ANTT","BR-163","Concession\u00e1ria Rota do Oeste","CRO","Davi Barreto","MT Par","Ped\u00e1gio","Via Brasil"],"articleSection":["Geral","iNFRATransporte"],"inLanguage":"pt-BR","copyrightYear":"2023","copyrightHolder":{"@id":"https:\/\/agenciainfra.com\/blog\/#organization"}},{"@type":"WebPage","@id":"https:\/\/agenciainfra.com\/blog\/br-163-antt-autoriza-cobranca-de-pedagio-no-para-e-cro-ganha-mais-60-dias-para-concluir-tac\/","url":"https:\/\/agenciainfra.com\/blog\/br-163-antt-autoriza-cobranca-de-pedagio-no-para-e-cro-ganha-mais-60-dias-para-concluir-tac\/","name":"BR-163: ANTT autoriza cobran\u00e7a de ped\u00e1gio no Par\u00e1 e CRO ganha mais 60 dias para concluir TAC - Ag\u00eancia iNFRA","isPartOf":{"@id":"https:\/\/agenciainfra.com\/blog\/#website"},"primaryImageOfPage":{"@id":"https:\/\/agenciainfra.com\/blog\/br-163-antt-autoriza-cobranca-de-pedagio-no-para-e-cro-ganha-mais-60-dias-para-concluir-tac\/#primaryimage"},"image":{"@id":"https:\/\/agenciainfra.com\/blog\/br-163-antt-autoriza-cobranca-de-pedagio-no-para-e-cro-ganha-mais-60-dias-para-concluir-tac\/#primaryimage"},"thumbnailUrl":"https:\/\/agenciainfra.com\/blog\/wp-content\/uploads\/2023\/01\/antt-sede-foto-divulgacao.png","datePublished":"2023-02-06T12:00:00+00:00","breadcrumb":{"@id":"https:\/\/agenciainfra.com\/blog\/br-163-antt-autoriza-cobranca-de-pedagio-no-para-e-cro-ganha-mais-60-dias-para-concluir-tac\/#breadcrumb"},"inLanguage":"pt-BR","potentialAction":[{"@type":"ReadAction","target":["https:\/\/agenciainfra.com\/blog\/br-163-antt-autoriza-cobranca-de-pedagio-no-para-e-cro-ganha-mais-60-dias-para-concluir-tac\/"]}]},{"@type":"ImageObject","inLanguage":"pt-BR","@id":"https:\/\/agenciainfra.com\/blog\/br-163-antt-autoriza-cobranca-de-pedagio-no-para-e-cro-ganha-mais-60-dias-para-concluir-tac\/#primaryimage","url":"https:\/\/agenciainfra.com\/blog\/wp-content\/uploads\/2023\/01\/antt-sede-foto-divulgacao.png","contentUrl":"https:\/\/agenciainfra.com\/blog\/wp-content\/uploads\/2023\/01\/antt-sede-foto-divulgacao.png","width":1280,"height":853,"caption":"Foto: Divulga\u00e7\u00e3o ANTT"},{"@type":"BreadcrumbList","@id":"https:\/\/agenciainfra.com\/blog\/br-163-antt-autoriza-cobranca-de-pedagio-no-para-e-cro-ganha-mais-60-dias-para-concluir-tac\/#breadcrumb","itemListElement":[{"@type":"ListItem","position":1,"name":"In\u00edcio","item":"https:\/\/agenciainfra.com\/blog\/"},{"@type":"ListItem","position":2,"name":"BR-163: ANTT autoriza cobran\u00e7a de ped\u00e1gio no Par\u00e1 e CRO ganha mais 60 dias para concluir TAC"}]},{"@type":"WebSite","@id":"https:\/\/agenciainfra.com\/blog\/#website","url":"https:\/\/agenciainfra.com\/blog\/","name":"Ag\u00eancia iNFRA","description":"Multiplataforma de informa\u00e7\u00e3o jornal\u00edstica refer\u00eancia na \u00e1rea de infraestrutura no Brasil!","publisher":{"@id":"https:\/\/agenciainfra.com\/blog\/#organization"},"potentialAction":[{"@type":"SearchAction","target":{"@type":"EntryPoint","urlTemplate":"https:\/\/agenciainfra.com\/blog\/?s={search_term_string}"},"query-input":{"@type":"PropertyValueSpecification","valueRequired":true,"valueName":"search_term_string"}}],"inLanguage":"pt-BR"},{"@type":"Organization","@id":"https:\/\/agenciainfra.com\/blog\/#organization","name":"Ag\u00eancia iNFRA","url":"https:\/\/agenciainfra.com\/blog\/","logo":{"@type":"ImageObject","inLanguage":"pt-BR","@id":"https:\/\/agenciainfra.com\/blog\/#\/schema\/logo\/image\/","url":"https:\/\/agenciainfra.com\/blog\/wp-content\/uploads\/2023\/09\/iNFRA_5-e1761735885940.png","contentUrl":"https:\/\/agenciainfra.com\/blog\/wp-content\/uploads\/2023\/09\/iNFRA_5-e1761735885940.png","width":1672,"height":454,"caption":"Ag\u00eancia iNFRA"},"image":{"@id":"https:\/\/agenciainfra.com\/blog\/#\/schema\/logo\/image\/"},"sameAs":["https:\/\/www.facebook.com\/ageninfra","https:\/\/x.com\/agencia_infra","https:\/\/www.linkedin.com\/company\/ag\u00eanciainfra\/","https:\/\/www.instagram.com\/agenciainfra\/"]},{"@type":"Person","@id":"https:\/\/agenciainfra.com\/blog\/#\/schema\/person\/34af08dff6adea4cb22b06612ba7acfa","name":"Ag\u00eancia iNFRA","image":{"@type":"ImageObject","inLanguage":"pt-BR","@id":"https:\/\/agenciainfra.com\/blog\/#\/schema\/person\/image\/","url":"https:\/\/secure.gravatar.com\/avatar\/d189e01678f06d8eb84d4e01f08eb848b3fffe3f8443818d3c356c66892f5be8?s=96&d=mm&r=g","contentUrl":"https:\/\/secure.gravatar.com\/avatar\/d189e01678f06d8eb84d4e01f08eb848b3fffe3f8443818d3c356c66892f5be8?s=96&d=mm&r=g","caption":"Ag\u00eancia iNFRA"},"url":"https:\/\/agenciainfra.com\/blog\/author\/admin\/"}]}},"_links":{"self":[{"href":"https:\/\/agenciainfra.com\/blog\/wp-json\/wp\/v2\/posts\/12155","targetHints":{"allow":["GET"]}}],"collection":[{"href":"https:\/\/agenciainfra.com\/blog\/wp-json\/wp\/v2\/posts"}],"about":[{"href":"https:\/\/agenciainfra.com\/blog\/wp-json\/wp\/v2\/types\/post"}],"author":[{"embeddable":true,"href":"https:\/\/agenciainfra.com\/blog\/wp-json\/wp\/v2\/users\/1"}],"replies":[{"embeddable":true,"href":"https:\/\/agenciainfra.com\/blog\/wp-json\/wp\/v2\/comments?post=12155"}],"version-history":[{"count":0,"href":"https:\/\/agenciainfra.com\/blog\/wp-json\/wp\/v2\/posts\/12155\/revisions"}],"wp:featuredmedia":[{"embeddable":true,"href":"https:\/\/agenciainfra.com\/blog\/wp-json\/wp\/v2\/media\/12059"}],"wp:attachment":[{"href":"https:\/\/agenciainfra.com\/blog\/wp-json\/wp\/v2\/media?parent=12155"}],"wp:term":[{"taxonomy":"category","embeddable":true,"href":"https:\/\/agenciainfra.com\/blog\/wp-json\/wp\/v2\/categories?post=12155"},{"taxonomy":"post_tag","embeddable":true,"href":"https:\/\/agenciainfra.com\/blog\/wp-json\/wp\/v2\/tags?post=12155"}],"curies":[{"name":"wp","href":"https:\/\/api.w.org\/{rel}","templated":true}]}}