{"id":12158,"date":"2023-02-06T18:00:00","date_gmt":"2023-02-06T21:00:00","guid":{"rendered":"https:\/\/www.agenciainfra.com\/blog\/?p=12158"},"modified":"2023-02-06T18:03:36","modified_gmt":"2023-02-06T21:03:36","slug":"analise-desafios-operacionais-e-regulatorios-para-o-avanco-das-renovaveis-sao-ponto-nevralgico-para-novo-governo","status":"publish","type":"post","link":"https:\/\/agenciainfra.com\/blog\/analise-desafios-operacionais-e-regulatorios-para-o-avanco-das-renovaveis-sao-ponto-nevralgico-para-novo-governo\/","title":{"rendered":"An\u00e1lise: Desafios operacionais e regulat\u00f3rios para o avan\u00e7o das renov\u00e1veis s\u00e3o ponto nevr\u00e1lgico para novo governo"},"content":{"rendered":"\n<p class=\"has-text-align-right\"><strong>Roberto Rockmann<\/strong>*<\/p>\n\n\n\n<p>O avan\u00e7o das fontes renov\u00e1veis, em especial a GD (gera\u00e7\u00e3o distribu\u00edda) solar, ser\u00e1 um dos pontos nevr\u00e1lgicos a serem superados pelo Minist\u00e9rio de Minas e Energia, que ter\u00e1 de coordenar solu\u00e7\u00f5es operacionais e regulat\u00f3rias.<br><br>A concess\u00e3o legal de subs\u00eddios nas tarifas de conex\u00e3o \u2013 pela&nbsp;<a href=\"https:\/\/agenciainfra.us14.list-manage.com\/track\/click?u=d460dd1bcf9ba0ae040e1fc0f&amp;id=3dbc3a12c0&amp;e=c099169394\" target=\"_blank\" rel=\"noreferrer noopener\">Lei 14.120\/2021<\/a>, que limitou benef\u00edcios a projetos que solicitassem autoriza\u00e7\u00e3o para gera\u00e7\u00e3o at\u00e9 1\u00ba de mar\u00e7o de 2022, e pela&nbsp;<a href=\"https:\/\/agenciainfra.us14.list-manage.com\/track\/click?u=d460dd1bcf9ba0ae040e1fc0f&amp;id=557940561b&amp;e=c099169394\" target=\"_blank\" rel=\"noreferrer noopener\">Lei 14.300\/2022<\/a>, que concedeu benef\u00edcios a projetos solares at\u00e9 7 de janeiro de 2023 \u2013 criou a corrida por outorgas e uma s\u00e9rie de problemas para o setor el\u00e9trico.<br><br>A inabilidade no ingresso r\u00e1pido e desordenado das fontes vari\u00e1veis tem deixado d\u00favidas no setor de transmiss\u00e3o em rela\u00e7\u00e3o a gargalos na cadeia em rela\u00e7\u00e3o aos leil\u00f5es que poder\u00e3o ser feitos em 2023 e que poder\u00e3o superar R$ 35 bilh\u00f5es, volume que poder\u00e1 ser ainda maior com o segundo bipolo.<br><br>H\u00e1 preocupa\u00e7\u00e3o de que esses investimentos poder\u00e3o n\u00e3o ser feitos no prazo, n\u00e3o serem entregues ou j\u00e1 cheguem com capacidade de escoamento esgotada. A&nbsp;<a href=\"https:\/\/agenciainfra.us14.list-manage.com\/track\/click?u=d460dd1bcf9ba0ae040e1fc0f&amp;id=7c20df88f5&amp;e=c099169394\" target=\"_blank\" rel=\"noreferrer noopener\">maior preocupa\u00e7\u00e3o<\/a>&nbsp;se refere principalmente \u00e0 regi\u00e3o do norte de Minas Gerais e sul da Bahia, o que j\u00e1 fez o ONS (Operador Nacional do Sistema El\u00e9trico)&nbsp;<a href=\"https:\/\/agenciainfra.us14.list-manage.com\/track\/click?u=d460dd1bcf9ba0ae040e1fc0f&amp;id=765142c3e8&amp;e=c099169394\" target=\"_blank\" rel=\"noreferrer noopener\">destacar esse ponto<\/a>.<br><br>O volume de centenas de projetos em diferentes est\u00e1gios de matura\u00e7\u00e3o j\u00e1 fez o governo passado, de Jair Bolsonaro, estudar lan\u00e7ar um leil\u00e3o de margem de escoamento de energia, pelo qual os investidores teriam de desembolsar um valor para furar a fila da conex\u00e3o e ter prioridade no acesso.<br><br>O certame, previsto ocorrer no primeiro semestre, dificilmente deve ocorrer no prazo, em um governo que mal anunciou sua equipe em quase 40 dias de trabalho. &nbsp;A consulta p\u00fablica referente \u00e0 proposta de leil\u00e3o se encerrou em 23 de janeiro.<br><br>Para um advogado, h\u00e1 receio ainda de judicializa\u00e7\u00e3o de investidores que tenham problemas em levar adiante seus projetos pensados com os benef\u00edcios de conex\u00e3o \u00e0 rede. Isso torna ainda mais complexa a quest\u00e3o da transmiss\u00e3o e exigir\u00e1 jogo de cintura dos dois lados da mesa \u2013 governo e investidores.&nbsp;<br><br><strong>GD solar pode ter regula\u00e7\u00e3o definida nesta semana<\/strong><br>O ponto mais vis\u00edvel hoje das incertezas que reinam est\u00e1 na discuss\u00e3o sobre a nova regula\u00e7\u00e3o da GD solar, que poder\u00e1 ser votada nesta ter\u00e7a-feira pela diretoria da ANEEL (Ag\u00eancia Nacional de Energia El\u00e9trica).<br><br>Na semana passada, na discuss\u00e3o sobre o tema, o diretor de regula\u00e7\u00e3o da Abradee (Associa\u00e7\u00e3o Brasileira das Distribuidoras de Energia El\u00e9trica), Ricardo Brand\u00e3o, surpreendeu ao dizer que, em tr\u00eas meses, 31 associadas da entidade receberam 32 GW de capacidade de pedidos de conex\u00e3o de micro e minigera\u00e7\u00e3o distribu\u00edda solar, em raz\u00e3o do desconto concedido at\u00e9 7 de janeiro deste ano.<br><br>O n\u00famero \u00e9 rebatido pelo setor solar. \u201cPela magnitude deles, era importante que eles fossem disponibilizados em site e ordenados por um \u00f3rg\u00e3o p\u00fablico. Eu diria que nem a ANEEL tem os dados\u201d, diz B\u00e1rbara Rubim, vice-presidente do conselho da Absolar (Associa\u00e7\u00e3o Brasileira de Energia Solar Fotovoltaica).<br><br><strong>EPE e ONS se tornaram varais<\/strong><br>\u201cA EPE e o ONS viraram um grande varal. Se a GD se expandir muito nos pr\u00f3ximos dois anos, n\u00e3o h\u00e1 como o planejador e o operador equacionarem os problemas de confiabilidade e de seguran\u00e7a energ\u00e9tica.&nbsp;<br>Suponha que o sul do Brasil tenha, em 2025, 25 GW de GD. Se, inesperadamente, toda regi\u00e3o ficar sem sol por 2 horas entre 11h e 15h, n\u00e3o h\u00e1, hoje, uma forma planejada para resolver o problema\u201d, pondera o ex-diretor da ANEEL Edvaldo Santana.<br><br>N\u00e3o seria necess\u00e1rio ter controle p\u00fablico e de um \u00f3rg\u00e3o estatal sobre os n\u00fameros das corridas? N\u00e3o se perdeu a m\u00e3o nessas corridas? \u201cApesar do planejador estatal, a seguran\u00e7a do sistema ficou a reboque dos subs\u00eddios, que estimulam a expans\u00e3o desordenada de todas as fontes, a\u00ed inclu\u00eddas as t\u00e9rmicas inflex\u00edveis contratadas pela lei que autorizou a capitaliza\u00e7\u00e3o da Eletrobras\u201d, observa Santana.<br><br>O crescimento da GD traz uma s\u00e9rie de quest\u00f5es para a opera\u00e7\u00e3o dos sistemas de distribui\u00e7\u00e3o com reflexos para o sistema como um todo. Ser\u00e1 preciso destravar com urg\u00eancia regula\u00e7\u00e3o para armazenamento, servi\u00e7os ancilares e mercado de flexibilidade, assim como melhorar a coordena\u00e7\u00e3o do sistema.<br><br>\u201cComo n\u00e3o h\u00e1 sol 24 horas por dia, na aus\u00eancia de baterias locais, s\u00e3o necess\u00e1rios recursos com a flexibilidade necess\u00e1ria para aumentar ou reduzir a gera\u00e7\u00e3o dependendo da disponibilidade de sol. Muitos recursos podem fazer isso, como geradores, baterias, resposta da demanda\u201d, diz o presidente da PSR, Luiz Augusto Barroso.<br><br>\u201c\u00c9 fundamental desenhar os protocolos regulat\u00f3rios e incentivos para que exista uma coordena\u00e7\u00e3o entre todos esses recursos do lado distribu\u00eddo da rede e o sistema principal de transmiss\u00e3o, e este \u00e9 um desafio global\u201d, analisa. A mat\u00e9ria de capa da \u201cThe Economist\u201d deste fim de semana aponta as dificuldades que os Estados Unidos t\u00eam para avan\u00e7ar com energia renov\u00e1vel em raz\u00e3o de desafios regulat\u00f3rios e burocr\u00e1ticos existentes na \u00e1rea de transmiss\u00e3o.<br><br>Barroso destaca que a GD pode ajudar as distribuidoras em servi\u00e7os espec\u00edficos, mas tudo isso demandar\u00e1 muito mais do operador, pois as fronteiras de transmiss\u00e3o e distribui\u00e7\u00e3o est\u00e3o cada vez mais misturadas, com as transmissoras podendo se tornar operadores de minirredes de transmiss\u00e3o, oferecendo um novo servi\u00e7o.<br><br>H\u00e1 um outro ponto a ser levado em conta, destaca o presidente da PSR. Pelo lado comercial, a GD \u00e9 um recurso que produz a custo vari\u00e1vel unit\u00e1rio nulo, assim como qualquer recurso inflex\u00edvel, que \u00e9 o caso das t\u00e9rmicas da Eletrobras. Estes recursos s\u00e3o acionados antes de todos os demais na ordem de m\u00e9rito de despacho e reduzem a demanda que \u201cos demais\u201d atendem e com isso contribuem para a redu\u00e7\u00e3o dos pre\u00e7os de energia no mercado de curto prazo.<br><br><strong>Quest\u00e3o al\u00e9m do sol<\/strong><br>A quest\u00e3o n\u00e3o se refere apenas \u00e0 energia solar. A Lei 14.120\/2021, que limitou benef\u00edcios a projetos que solicitassem autoriza\u00e7\u00e3o para gera\u00e7\u00e3o at\u00e9 1\u00ba de mar\u00e7o de 2022, tamb\u00e9m tem deixado preocupados muitos investidores, admite a presidente da Abee\u00f3lica (Associa\u00e7\u00e3o Brasileira de Energia E\u00f3lica), Elbia Gannoum.<br><br>H\u00e1 empreendedores que j\u00e1 desenvolveram projetos e at\u00e9 venderam energia. Seu montante ainda est\u00e1 sendo avaliado. A entidade tem solicitado ao governo e \u00e0 ag\u00eancia reguladora que sejam tratados primeiro os projetos que j\u00e1 venderam energia e precisam entrar em opera\u00e7\u00e3o em breve e, em seguida, aqueles que ainda n\u00e3o foram contratados, mas correram para garantir os descontos.<br><br>Para um atento observador, que viveu o racionamento de energia em 2001 e assiste hoje aos desafios criados pelas corridas de subs\u00eddios e as dificuldades de grandes distribuidoras como a Amazonas Energia e Light, a situa\u00e7\u00e3o est\u00e1 bastante desafiadora.<br><br>Isso faz com que ele lembre uma frase do empres\u00e1rio Jos\u00e9 Luiz Alqu\u00e9res, ao comentar o livro de Jerson Kelman \u201cOs desafios do regulador\u201d, em refer\u00eancia ao autor da publica\u00e7\u00e3o. \u201cO regulador brasileiro, este ser espremido entre press\u00f5es de todos os lados, dependente de fr\u00e1gil arcabou\u00e7o jur\u00eddico, mal remunerado, mas, com muita frequ\u00eancia, grande.\u201d<\/p>\n\n\n\n<h6 class=\"wp-block-heading\" id=\"block-f323f59b-51bf-4eed-b17b-3c7d3b917007\">*Roberto Rockmann <strong>\u00e9 escritor e jornalista. Coautor do livro \u201cCurto-Circuito, quando o Brasil quase ficou \u00e0s escuras\u201d e produtor do podcast quinzenal \u201cGiro Energia\u201d sobre o setor el\u00e9trico. Organizou em 2018 o livro de 20 anos do mercado livre de energia el\u00e9trica, editado pela CCEE (C\u00e2mara de Comercializa\u00e7\u00e3o de Energia El\u00e9trica), al\u00e9m de v\u00e1rios outros livros e trabalhos premiados<\/strong>.<\/h6>\n\n\n\n<p><strong>As opini\u00f5es dos autores n\u00e3o refletem necessariamente o pensamento da Ag\u00eancia iNFRA, sendo de total responsabilidade do autor as informa\u00e7\u00f5es, ju\u00edzos de valor e conceitos descritos no texto<\/strong>. <\/p>\n","protected":false},"excerpt":{"rendered":"<p>Roberto Rockmann* O avan\u00e7o das fontes renov\u00e1veis, em especial a GD (gera\u00e7\u00e3o distribu\u00edda) solar, ser\u00e1 um dos pontos nevr\u00e1lgicos a serem superados pelo Minist\u00e9rio de Minas e Energia, que ter\u00e1 de coordenar solu\u00e7\u00f5es operacionais e regulat\u00f3rias. A concess\u00e3o legal de subs\u00eddios nas tarifas de conex\u00e3o \u2013 pela&nbsp;Lei 14.120\/2021, que limitou benef\u00edcios a projetos que solicitassem [&hellip;]<\/p>\n","protected":false},"author":1,"featured_media":12159,"comment_status":"closed","ping_status":"closed","sticky":false,"template":"","format":"standard","meta":{"_monsterinsights_skip_tracking":false,"_monsterinsights_sitenote_active":false,"_monsterinsights_sitenote_note":"","_monsterinsights_sitenote_category":0,"footnotes":""},"categories":[1],"tags":[2215,494,1385,53,1584,2781,1113,12,2649,5034,3699,6009,5810,96,216,121,2735,2969],"class_list":["post-12158","post","type-post","status-publish","format-standard","has-post-thumbnail","hentry","category-geral","tag-abeeolica-2","tag-abradee","tag-absolar","tag-aneel","tag-barbara-rubim","tag-edvaldo-santana","tag-elbia-gannoum","tag-epe","tag-fontes-renovaveis","tag-geracao-distribuida-solar","tag-lei-14-120","tag-lei-14-300","tag-luiz-augusto-barroso","tag-ministerio-de-minas-e-energia","tag-ons","tag-psr","tag-ricardo-brandao","tag-transmissao"],"yoast_head":"<!-- This site is optimized with the Yoast SEO Premium plugin v25.4 (Yoast SEO v26.0) - https:\/\/yoast.com\/wordpress\/plugins\/seo\/ -->\n<title>An\u00e1lise: Desafios operacionais e regulat\u00f3rios para o avan\u00e7o das renov\u00e1veis s\u00e3o ponto nevr\u00e1lgico para novo governo - Ag\u00eancia iNFRA<\/title>\n<meta name=\"robots\" content=\"index, follow, max-snippet:-1, max-image-preview:large, max-video-preview:-1\" \/>\n<link rel=\"canonical\" href=\"https:\/\/agenciainfra.com\/blog\/analise-desafios-operacionais-e-regulatorios-para-o-avanco-das-renovaveis-sao-ponto-nevralgico-para-novo-governo\/\" \/>\n<meta property=\"og:locale\" content=\"pt_BR\" \/>\n<meta property=\"og:type\" content=\"article\" \/>\n<meta property=\"og:title\" content=\"An\u00e1lise: Desafios operacionais e regulat\u00f3rios para o avan\u00e7o das renov\u00e1veis s\u00e3o ponto nevr\u00e1lgico para novo governo\" \/>\n<meta property=\"og:description\" content=\"Roberto Rockmann* O avan\u00e7o das fontes renov\u00e1veis, em especial a GD (gera\u00e7\u00e3o distribu\u00edda) solar, ser\u00e1 um dos pontos nevr\u00e1lgicos a serem superados pelo Minist\u00e9rio de Minas e Energia, que ter\u00e1 de coordenar solu\u00e7\u00f5es operacionais e regulat\u00f3rias. A concess\u00e3o legal de subs\u00eddios nas tarifas de conex\u00e3o \u2013 pela&nbsp;Lei 14.120\/2021, que limitou benef\u00edcios a projetos que solicitassem [&hellip;]\" \/>\n<meta property=\"og:url\" content=\"https:\/\/agenciainfra.com\/blog\/analise-desafios-operacionais-e-regulatorios-para-o-avanco-das-renovaveis-sao-ponto-nevralgico-para-novo-governo\/\" \/>\n<meta property=\"og:site_name\" content=\"Ag\u00eancia iNFRA\" \/>\n<meta property=\"article:publisher\" content=\"https:\/\/www.facebook.com\/ageninfra\" \/>\n<meta property=\"article:published_time\" content=\"2023-02-06T21:00:00+00:00\" \/>\n<meta property=\"article:modified_time\" content=\"2023-02-06T21:03:36+00:00\" \/>\n<meta property=\"og:image\" content=\"https:\/\/agenciainfra.com\/blog\/wp-content\/uploads\/2023\/02\/paineis-solares-foto-dominio-publico.jpeg\" \/>\n\t<meta property=\"og:image:width\" content=\"1280\" \/>\n\t<meta property=\"og:image:height\" content=\"960\" \/>\n\t<meta property=\"og:image:type\" content=\"image\/jpeg\" \/>\n<meta name=\"author\" content=\"Ag\u00eancia iNFRA\" \/>\n<meta name=\"twitter:card\" content=\"summary_large_image\" \/>\n<meta name=\"twitter:creator\" content=\"@agencia_infra\" \/>\n<meta name=\"twitter:site\" content=\"@agencia_infra\" \/>\n<meta name=\"twitter:label1\" content=\"Escrito por\" \/>\n\t<meta name=\"twitter:data1\" content=\"Ag\u00eancia iNFRA\" \/>\n\t<meta name=\"twitter:label2\" content=\"Est. tempo de leitura\" \/>\n\t<meta name=\"twitter:data2\" content=\"7 minutos\" \/>\n<script type=\"application\/ld+json\" class=\"yoast-schema-graph\">{\"@context\":\"https:\/\/schema.org\",\"@graph\":[{\"@type\":\"Article\",\"@id\":\"https:\/\/agenciainfra.com\/blog\/analise-desafios-operacionais-e-regulatorios-para-o-avanco-das-renovaveis-sao-ponto-nevralgico-para-novo-governo\/#article\",\"isPartOf\":{\"@id\":\"https:\/\/agenciainfra.com\/blog\/analise-desafios-operacionais-e-regulatorios-para-o-avanco-das-renovaveis-sao-ponto-nevralgico-para-novo-governo\/\"},\"author\":{\"name\":\"Ag\u00eancia iNFRA\",\"@id\":\"https:\/\/agenciainfra.com\/blog\/#\/schema\/person\/34af08dff6adea4cb22b06612ba7acfa\"},\"headline\":\"An\u00e1lise: Desafios operacionais e regulat\u00f3rios para o avan\u00e7o das renov\u00e1veis s\u00e3o ponto nevr\u00e1lgico para novo governo\",\"datePublished\":\"2023-02-06T21:00:00+00:00\",\"dateModified\":\"2023-02-06T21:03:36+00:00\",\"mainEntityOfPage\":{\"@id\":\"https:\/\/agenciainfra.com\/blog\/analise-desafios-operacionais-e-regulatorios-para-o-avanco-das-renovaveis-sao-ponto-nevralgico-para-novo-governo\/\"},\"wordCount\":1377,\"publisher\":{\"@id\":\"https:\/\/agenciainfra.com\/blog\/#organization\"},\"image\":{\"@id\":\"https:\/\/agenciainfra.com\/blog\/analise-desafios-operacionais-e-regulatorios-para-o-avanco-das-renovaveis-sao-ponto-nevralgico-para-novo-governo\/#primaryimage\"},\"thumbnailUrl\":\"https:\/\/agenciainfra.com\/blog\/wp-content\/uploads\/2023\/02\/paineis-solares-foto-dominio-publico.jpeg\",\"keywords\":[\"Abee\u00f3lica\",\"Abradee\",\"Absolar\",\"ANEEL\",\"B\u00e1rbara Rubim\",\"Edvaldo Santana\",\"Elbia Gannoum\",\"epe\",\"fontes renov\u00e1veis\",\"gera\u00e7\u00e3o distribu\u00edda solar\",\"Lei 14.120\",\"Lei 14.300\",\"Luiz Augusto Barroso\",\"Minist\u00e9rio de Minas e Energia\",\"ONS\",\"PSR\",\"Ricardo Brand\u00e3o\",\"transmiss\u00e3o\"],\"articleSection\":[\"Geral\"],\"inLanguage\":\"pt-BR\",\"copyrightYear\":\"2023\",\"copyrightHolder\":{\"@id\":\"https:\/\/agenciainfra.com\/blog\/#organization\"}},{\"@type\":\"WebPage\",\"@id\":\"https:\/\/agenciainfra.com\/blog\/analise-desafios-operacionais-e-regulatorios-para-o-avanco-das-renovaveis-sao-ponto-nevralgico-para-novo-governo\/\",\"url\":\"https:\/\/agenciainfra.com\/blog\/analise-desafios-operacionais-e-regulatorios-para-o-avanco-das-renovaveis-sao-ponto-nevralgico-para-novo-governo\/\",\"name\":\"An\u00e1lise: Desafios operacionais e regulat\u00f3rios para o avan\u00e7o das renov\u00e1veis s\u00e3o ponto nevr\u00e1lgico para novo governo - Ag\u00eancia iNFRA\",\"isPartOf\":{\"@id\":\"https:\/\/agenciainfra.com\/blog\/#website\"},\"primaryImageOfPage\":{\"@id\":\"https:\/\/agenciainfra.com\/blog\/analise-desafios-operacionais-e-regulatorios-para-o-avanco-das-renovaveis-sao-ponto-nevralgico-para-novo-governo\/#primaryimage\"},\"image\":{\"@id\":\"https:\/\/agenciainfra.com\/blog\/analise-desafios-operacionais-e-regulatorios-para-o-avanco-das-renovaveis-sao-ponto-nevralgico-para-novo-governo\/#primaryimage\"},\"thumbnailUrl\":\"https:\/\/agenciainfra.com\/blog\/wp-content\/uploads\/2023\/02\/paineis-solares-foto-dominio-publico.jpeg\",\"datePublished\":\"2023-02-06T21:00:00+00:00\",\"dateModified\":\"2023-02-06T21:03:36+00:00\",\"breadcrumb\":{\"@id\":\"https:\/\/agenciainfra.com\/blog\/analise-desafios-operacionais-e-regulatorios-para-o-avanco-das-renovaveis-sao-ponto-nevralgico-para-novo-governo\/#breadcrumb\"},\"inLanguage\":\"pt-BR\",\"potentialAction\":[{\"@type\":\"ReadAction\",\"target\":[\"https:\/\/agenciainfra.com\/blog\/analise-desafios-operacionais-e-regulatorios-para-o-avanco-das-renovaveis-sao-ponto-nevralgico-para-novo-governo\/\"]}]},{\"@type\":\"ImageObject\",\"inLanguage\":\"pt-BR\",\"@id\":\"https:\/\/agenciainfra.com\/blog\/analise-desafios-operacionais-e-regulatorios-para-o-avanco-das-renovaveis-sao-ponto-nevralgico-para-novo-governo\/#primaryimage\",\"url\":\"https:\/\/agenciainfra.com\/blog\/wp-content\/uploads\/2023\/02\/paineis-solares-foto-dominio-publico.jpeg\",\"contentUrl\":\"https:\/\/agenciainfra.com\/blog\/wp-content\/uploads\/2023\/02\/paineis-solares-foto-dominio-publico.jpeg\",\"width\":1280,\"height\":960,\"caption\":\"Foto: Dom\u00ednio p\u00fablico\"},{\"@type\":\"BreadcrumbList\",\"@id\":\"https:\/\/agenciainfra.com\/blog\/analise-desafios-operacionais-e-regulatorios-para-o-avanco-das-renovaveis-sao-ponto-nevralgico-para-novo-governo\/#breadcrumb\",\"itemListElement\":[{\"@type\":\"ListItem\",\"position\":1,\"name\":\"In\u00edcio\",\"item\":\"https:\/\/agenciainfra.com\/blog\/\"},{\"@type\":\"ListItem\",\"position\":2,\"name\":\"An\u00e1lise: Desafios operacionais e regulat\u00f3rios para o avan\u00e7o das renov\u00e1veis s\u00e3o ponto nevr\u00e1lgico para novo governo\"}]},{\"@type\":\"WebSite\",\"@id\":\"https:\/\/agenciainfra.com\/blog\/#website\",\"url\":\"https:\/\/agenciainfra.com\/blog\/\",\"name\":\"Ag\u00eancia iNFRA\",\"description\":\"Multiplataforma de informa\u00e7\u00e3o jornal\u00edstica refer\u00eancia na \u00e1rea de infraestrutura no Brasil!\",\"publisher\":{\"@id\":\"https:\/\/agenciainfra.com\/blog\/#organization\"},\"potentialAction\":[{\"@type\":\"SearchAction\",\"target\":{\"@type\":\"EntryPoint\",\"urlTemplate\":\"https:\/\/agenciainfra.com\/blog\/?s={search_term_string}\"},\"query-input\":{\"@type\":\"PropertyValueSpecification\",\"valueRequired\":true,\"valueName\":\"search_term_string\"}}],\"inLanguage\":\"pt-BR\"},{\"@type\":\"Organization\",\"@id\":\"https:\/\/agenciainfra.com\/blog\/#organization\",\"name\":\"Ag\u00eancia iNFRA\",\"url\":\"https:\/\/agenciainfra.com\/blog\/\",\"logo\":{\"@type\":\"ImageObject\",\"inLanguage\":\"pt-BR\",\"@id\":\"https:\/\/agenciainfra.com\/blog\/#\/schema\/logo\/image\/\",\"url\":\"https:\/\/agenciainfra.com\/blog\/wp-content\/uploads\/2023\/09\/iNFRA_5-e1761735885940.png\",\"contentUrl\":\"https:\/\/agenciainfra.com\/blog\/wp-content\/uploads\/2023\/09\/iNFRA_5-e1761735885940.png\",\"width\":1672,\"height\":454,\"caption\":\"Ag\u00eancia iNFRA\"},\"image\":{\"@id\":\"https:\/\/agenciainfra.com\/blog\/#\/schema\/logo\/image\/\"},\"sameAs\":[\"https:\/\/www.facebook.com\/ageninfra\",\"https:\/\/x.com\/agencia_infra\",\"https:\/\/www.linkedin.com\/company\/ag\u00eanciainfra\/\",\"https:\/\/www.instagram.com\/agenciainfra\/\"]},{\"@type\":\"Person\",\"@id\":\"https:\/\/agenciainfra.com\/blog\/#\/schema\/person\/34af08dff6adea4cb22b06612ba7acfa\",\"name\":\"Ag\u00eancia iNFRA\",\"image\":{\"@type\":\"ImageObject\",\"inLanguage\":\"pt-BR\",\"@id\":\"https:\/\/agenciainfra.com\/blog\/#\/schema\/person\/image\/\",\"url\":\"https:\/\/secure.gravatar.com\/avatar\/d189e01678f06d8eb84d4e01f08eb848b3fffe3f8443818d3c356c66892f5be8?s=96&d=mm&r=g\",\"contentUrl\":\"https:\/\/secure.gravatar.com\/avatar\/d189e01678f06d8eb84d4e01f08eb848b3fffe3f8443818d3c356c66892f5be8?s=96&d=mm&r=g\",\"caption\":\"Ag\u00eancia iNFRA\"},\"url\":\"https:\/\/agenciainfra.com\/blog\/author\/admin\/\"}]}<\/script>\n<!-- \/ Yoast SEO Premium plugin. -->","yoast_head_json":{"title":"An\u00e1lise: Desafios operacionais e regulat\u00f3rios para o avan\u00e7o das renov\u00e1veis s\u00e3o ponto nevr\u00e1lgico para novo governo - Ag\u00eancia iNFRA","robots":{"index":"index","follow":"follow","max-snippet":"max-snippet:-1","max-image-preview":"max-image-preview:large","max-video-preview":"max-video-preview:-1"},"canonical":"https:\/\/agenciainfra.com\/blog\/analise-desafios-operacionais-e-regulatorios-para-o-avanco-das-renovaveis-sao-ponto-nevralgico-para-novo-governo\/","og_locale":"pt_BR","og_type":"article","og_title":"An\u00e1lise: Desafios operacionais e regulat\u00f3rios para o avan\u00e7o das renov\u00e1veis s\u00e3o ponto nevr\u00e1lgico para novo governo","og_description":"Roberto Rockmann* O avan\u00e7o das fontes renov\u00e1veis, em especial a GD (gera\u00e7\u00e3o distribu\u00edda) solar, ser\u00e1 um dos pontos nevr\u00e1lgicos a serem superados pelo Minist\u00e9rio de Minas e Energia, que ter\u00e1 de coordenar solu\u00e7\u00f5es operacionais e regulat\u00f3rias. A concess\u00e3o legal de subs\u00eddios nas tarifas de conex\u00e3o \u2013 pela&nbsp;Lei 14.120\/2021, que limitou benef\u00edcios a projetos que solicitassem [&hellip;]","og_url":"https:\/\/agenciainfra.com\/blog\/analise-desafios-operacionais-e-regulatorios-para-o-avanco-das-renovaveis-sao-ponto-nevralgico-para-novo-governo\/","og_site_name":"Ag\u00eancia iNFRA","article_publisher":"https:\/\/www.facebook.com\/ageninfra","article_published_time":"2023-02-06T21:00:00+00:00","article_modified_time":"2023-02-06T21:03:36+00:00","og_image":[{"width":1280,"height":960,"url":"https:\/\/agenciainfra.com\/blog\/wp-content\/uploads\/2023\/02\/paineis-solares-foto-dominio-publico.jpeg","type":"image\/jpeg"}],"author":"Ag\u00eancia iNFRA","twitter_card":"summary_large_image","twitter_creator":"@agencia_infra","twitter_site":"@agencia_infra","twitter_misc":{"Escrito por":"Ag\u00eancia iNFRA","Est. tempo de leitura":"7 minutos"},"schema":{"@context":"https:\/\/schema.org","@graph":[{"@type":"Article","@id":"https:\/\/agenciainfra.com\/blog\/analise-desafios-operacionais-e-regulatorios-para-o-avanco-das-renovaveis-sao-ponto-nevralgico-para-novo-governo\/#article","isPartOf":{"@id":"https:\/\/agenciainfra.com\/blog\/analise-desafios-operacionais-e-regulatorios-para-o-avanco-das-renovaveis-sao-ponto-nevralgico-para-novo-governo\/"},"author":{"name":"Ag\u00eancia iNFRA","@id":"https:\/\/agenciainfra.com\/blog\/#\/schema\/person\/34af08dff6adea4cb22b06612ba7acfa"},"headline":"An\u00e1lise: Desafios operacionais e regulat\u00f3rios para o avan\u00e7o das renov\u00e1veis s\u00e3o ponto nevr\u00e1lgico para novo governo","datePublished":"2023-02-06T21:00:00+00:00","dateModified":"2023-02-06T21:03:36+00:00","mainEntityOfPage":{"@id":"https:\/\/agenciainfra.com\/blog\/analise-desafios-operacionais-e-regulatorios-para-o-avanco-das-renovaveis-sao-ponto-nevralgico-para-novo-governo\/"},"wordCount":1377,"publisher":{"@id":"https:\/\/agenciainfra.com\/blog\/#organization"},"image":{"@id":"https:\/\/agenciainfra.com\/blog\/analise-desafios-operacionais-e-regulatorios-para-o-avanco-das-renovaveis-sao-ponto-nevralgico-para-novo-governo\/#primaryimage"},"thumbnailUrl":"https:\/\/agenciainfra.com\/blog\/wp-content\/uploads\/2023\/02\/paineis-solares-foto-dominio-publico.jpeg","keywords":["Abee\u00f3lica","Abradee","Absolar","ANEEL","B\u00e1rbara Rubim","Edvaldo Santana","Elbia Gannoum","epe","fontes renov\u00e1veis","gera\u00e7\u00e3o distribu\u00edda solar","Lei 14.120","Lei 14.300","Luiz Augusto Barroso","Minist\u00e9rio de Minas e Energia","ONS","PSR","Ricardo Brand\u00e3o","transmiss\u00e3o"],"articleSection":["Geral"],"inLanguage":"pt-BR","copyrightYear":"2023","copyrightHolder":{"@id":"https:\/\/agenciainfra.com\/blog\/#organization"}},{"@type":"WebPage","@id":"https:\/\/agenciainfra.com\/blog\/analise-desafios-operacionais-e-regulatorios-para-o-avanco-das-renovaveis-sao-ponto-nevralgico-para-novo-governo\/","url":"https:\/\/agenciainfra.com\/blog\/analise-desafios-operacionais-e-regulatorios-para-o-avanco-das-renovaveis-sao-ponto-nevralgico-para-novo-governo\/","name":"An\u00e1lise: Desafios operacionais e regulat\u00f3rios para o avan\u00e7o das renov\u00e1veis s\u00e3o ponto nevr\u00e1lgico para novo governo - Ag\u00eancia iNFRA","isPartOf":{"@id":"https:\/\/agenciainfra.com\/blog\/#website"},"primaryImageOfPage":{"@id":"https:\/\/agenciainfra.com\/blog\/analise-desafios-operacionais-e-regulatorios-para-o-avanco-das-renovaveis-sao-ponto-nevralgico-para-novo-governo\/#primaryimage"},"image":{"@id":"https:\/\/agenciainfra.com\/blog\/analise-desafios-operacionais-e-regulatorios-para-o-avanco-das-renovaveis-sao-ponto-nevralgico-para-novo-governo\/#primaryimage"},"thumbnailUrl":"https:\/\/agenciainfra.com\/blog\/wp-content\/uploads\/2023\/02\/paineis-solares-foto-dominio-publico.jpeg","datePublished":"2023-02-06T21:00:00+00:00","dateModified":"2023-02-06T21:03:36+00:00","breadcrumb":{"@id":"https:\/\/agenciainfra.com\/blog\/analise-desafios-operacionais-e-regulatorios-para-o-avanco-das-renovaveis-sao-ponto-nevralgico-para-novo-governo\/#breadcrumb"},"inLanguage":"pt-BR","potentialAction":[{"@type":"ReadAction","target":["https:\/\/agenciainfra.com\/blog\/analise-desafios-operacionais-e-regulatorios-para-o-avanco-das-renovaveis-sao-ponto-nevralgico-para-novo-governo\/"]}]},{"@type":"ImageObject","inLanguage":"pt-BR","@id":"https:\/\/agenciainfra.com\/blog\/analise-desafios-operacionais-e-regulatorios-para-o-avanco-das-renovaveis-sao-ponto-nevralgico-para-novo-governo\/#primaryimage","url":"https:\/\/agenciainfra.com\/blog\/wp-content\/uploads\/2023\/02\/paineis-solares-foto-dominio-publico.jpeg","contentUrl":"https:\/\/agenciainfra.com\/blog\/wp-content\/uploads\/2023\/02\/paineis-solares-foto-dominio-publico.jpeg","width":1280,"height":960,"caption":"Foto: Dom\u00ednio p\u00fablico"},{"@type":"BreadcrumbList","@id":"https:\/\/agenciainfra.com\/blog\/analise-desafios-operacionais-e-regulatorios-para-o-avanco-das-renovaveis-sao-ponto-nevralgico-para-novo-governo\/#breadcrumb","itemListElement":[{"@type":"ListItem","position":1,"name":"In\u00edcio","item":"https:\/\/agenciainfra.com\/blog\/"},{"@type":"ListItem","position":2,"name":"An\u00e1lise: Desafios operacionais e regulat\u00f3rios para o avan\u00e7o das renov\u00e1veis s\u00e3o ponto nevr\u00e1lgico para novo governo"}]},{"@type":"WebSite","@id":"https:\/\/agenciainfra.com\/blog\/#website","url":"https:\/\/agenciainfra.com\/blog\/","name":"Ag\u00eancia iNFRA","description":"Multiplataforma de informa\u00e7\u00e3o jornal\u00edstica refer\u00eancia na \u00e1rea de infraestrutura no Brasil!","publisher":{"@id":"https:\/\/agenciainfra.com\/blog\/#organization"},"potentialAction":[{"@type":"SearchAction","target":{"@type":"EntryPoint","urlTemplate":"https:\/\/agenciainfra.com\/blog\/?s={search_term_string}"},"query-input":{"@type":"PropertyValueSpecification","valueRequired":true,"valueName":"search_term_string"}}],"inLanguage":"pt-BR"},{"@type":"Organization","@id":"https:\/\/agenciainfra.com\/blog\/#organization","name":"Ag\u00eancia iNFRA","url":"https:\/\/agenciainfra.com\/blog\/","logo":{"@type":"ImageObject","inLanguage":"pt-BR","@id":"https:\/\/agenciainfra.com\/blog\/#\/schema\/logo\/image\/","url":"https:\/\/agenciainfra.com\/blog\/wp-content\/uploads\/2023\/09\/iNFRA_5-e1761735885940.png","contentUrl":"https:\/\/agenciainfra.com\/blog\/wp-content\/uploads\/2023\/09\/iNFRA_5-e1761735885940.png","width":1672,"height":454,"caption":"Ag\u00eancia iNFRA"},"image":{"@id":"https:\/\/agenciainfra.com\/blog\/#\/schema\/logo\/image\/"},"sameAs":["https:\/\/www.facebook.com\/ageninfra","https:\/\/x.com\/agencia_infra","https:\/\/www.linkedin.com\/company\/ag\u00eanciainfra\/","https:\/\/www.instagram.com\/agenciainfra\/"]},{"@type":"Person","@id":"https:\/\/agenciainfra.com\/blog\/#\/schema\/person\/34af08dff6adea4cb22b06612ba7acfa","name":"Ag\u00eancia iNFRA","image":{"@type":"ImageObject","inLanguage":"pt-BR","@id":"https:\/\/agenciainfra.com\/blog\/#\/schema\/person\/image\/","url":"https:\/\/secure.gravatar.com\/avatar\/d189e01678f06d8eb84d4e01f08eb848b3fffe3f8443818d3c356c66892f5be8?s=96&d=mm&r=g","contentUrl":"https:\/\/secure.gravatar.com\/avatar\/d189e01678f06d8eb84d4e01f08eb848b3fffe3f8443818d3c356c66892f5be8?s=96&d=mm&r=g","caption":"Ag\u00eancia iNFRA"},"url":"https:\/\/agenciainfra.com\/blog\/author\/admin\/"}]}},"_links":{"self":[{"href":"https:\/\/agenciainfra.com\/blog\/wp-json\/wp\/v2\/posts\/12158","targetHints":{"allow":["GET"]}}],"collection":[{"href":"https:\/\/agenciainfra.com\/blog\/wp-json\/wp\/v2\/posts"}],"about":[{"href":"https:\/\/agenciainfra.com\/blog\/wp-json\/wp\/v2\/types\/post"}],"author":[{"embeddable":true,"href":"https:\/\/agenciainfra.com\/blog\/wp-json\/wp\/v2\/users\/1"}],"replies":[{"embeddable":true,"href":"https:\/\/agenciainfra.com\/blog\/wp-json\/wp\/v2\/comments?post=12158"}],"version-history":[{"count":0,"href":"https:\/\/agenciainfra.com\/blog\/wp-json\/wp\/v2\/posts\/12158\/revisions"}],"wp:featuredmedia":[{"embeddable":true,"href":"https:\/\/agenciainfra.com\/blog\/wp-json\/wp\/v2\/media\/12159"}],"wp:attachment":[{"href":"https:\/\/agenciainfra.com\/blog\/wp-json\/wp\/v2\/media?parent=12158"}],"wp:term":[{"taxonomy":"category","embeddable":true,"href":"https:\/\/agenciainfra.com\/blog\/wp-json\/wp\/v2\/categories?post=12158"},{"taxonomy":"post_tag","embeddable":true,"href":"https:\/\/agenciainfra.com\/blog\/wp-json\/wp\/v2\/tags?post=12158"}],"curies":[{"name":"wp","href":"https:\/\/api.w.org\/{rel}","templated":true}]}}