{"id":12180,"date":"2023-02-09T11:00:00","date_gmt":"2023-02-09T14:00:00","guid":{"rendered":"https:\/\/www.agenciainfra.com\/blog\/?p=12180"},"modified":"2023-02-08T17:52:43","modified_gmt":"2023-02-08T20:52:43","slug":"infradebate-a-inseguranca-juridica-das-poligonais-infinitas","status":"publish","type":"post","link":"https:\/\/agenciainfra.com\/blog\/infradebate-a-inseguranca-juridica-das-poligonais-infinitas\/","title":{"rendered":"iNFRADebate: A (in)seguran\u00e7a jur\u00eddica das poligonais (in)finitas"},"content":{"rendered":"\n<p class=\"has-text-align-right\"><strong>Murillo Barbosa*<\/strong><\/p>\n\n\n\n<p>Em fevereiro, a \u201cLei de Moderniza\u00e7\u00e3o dos Portos\u201d, Lei 8.630\/1993, completaria 30 anos. Foi substitu\u00edda pela \u201cNova Lei de Portos\u201d, Lei 12.815\/2013, que celebrar\u00e1 sua primeira d\u00e9cada no m\u00eas de junho. Os dois normativos foram respons\u00e1veis pela consolida\u00e7\u00e3o de um modelo portu\u00e1rio marcado pela dualidade de empreendimentos portu\u00e1rios p\u00fablicos e privados, o que ganhou ainda maior express\u00e3o com a lei de 2013.\u00a0<\/p>\n\n\n\n<p>No cerne dessa dualidade encontra-se a defini\u00e7\u00e3o das poligonais dos portos organizados e seus diversos subtemas, como o tratamento jur\u00eddico de im\u00f3veis privados no seu interior e de im\u00f3veis da Uni\u00e3o que est\u00e3o fora das suas divisas, os procedimentos aplic\u00e1veis para defini\u00e7\u00e3o dos pontos geogr\u00e1ficos da \u00e1rea, o interesse p\u00fablico envolvido, entre outros.<\/p>\n\n\n\n<p>Elemento comum a essas discuss\u00f5es diz respeito ao limite \u2013 nesse caso, geogr\u00e1fico, como optou a lei \u2013 do exerc\u00edcio das fun\u00e7\u00f5es da autoridade portu\u00e1ria e sua aplica\u00e7\u00e3o sobre os bens dentro e fora dos portos sob sua gest\u00e3o.<\/p>\n\n\n\n<p>O racioc\u00ednio pode parecer \u00f3bvio: o limite do exerc\u00edcio dessas fun\u00e7\u00f5es \u00e9 o interior da \u00e1rea do porto organizado, definida pela poligonal, sendo que fora dela n\u00e3o poder\u00e3o ser exercidas. Mas fato \u00e9 que diverg\u00eancias ainda surgem e, eventualmente, levam a disputas entre as empresas que atuam no setor e as autoridades portu\u00e1rias, demandando atua\u00e7\u00e3o da ag\u00eancia reguladora, poder concedente e n\u00e3o raramente do Poder Judici\u00e1rio.<\/p>\n\n\n\n<p>Uma dessas diverg\u00eancias se apresenta na impossibilidade de cobran\u00e7a de tarifa dos usu\u00e1rios de infraestruturas administradas ou mantidas pela autoridade portu\u00e1ria, mas que est\u00e3o localizadas fora das poligonais.<\/p>\n\n\n\n<p>A Lei 12.815\/2013 define o porto organizado como <em>bem p\u00fablico constru\u00eddo e aparelhado para atender a necessidades de navega\u00e7\u00e3o, de movimenta\u00e7\u00e3o de passageiros ou de movimenta\u00e7\u00e3o e armazenagem de mercadorias, e cujo tr\u00e1fego e opera\u00e7\u00f5es portu\u00e1rias estejam sob jurisdi\u00e7\u00e3o de autoridade portu\u00e1ria<\/em>.&nbsp;<\/p>\n\n\n\n<p>As fun\u00e7\u00f5es prec\u00edpuas das autoridades portu\u00e1rias s\u00e3o fiscalizar, administrar e manter esses bens e seus usos, com vistas a desenvolver atividades no porto sob sua jurisdi\u00e7\u00e3o. A conceitua\u00e7\u00e3o das poligonais, portanto, visa a orientar que as infraestruturas necess\u00e1rias para as atividades portu\u00e1rias possam contar com o exerc\u00edcio dessa fun\u00e7\u00e3o pela autoridade respectiva, tendo como contrapartida o pagamento da tarifa.<\/p>\n\n\n\n<p>Ocorre que, em determinadas situa\u00e7\u00f5es, o poder p\u00fablico, diretamente ou por meio das autoridades portu\u00e1rias, necessita realizar investimentos ou administrar infraestruturas que est\u00e3o al\u00e9m dos limites do porto organizado, seja para promover sua otimiza\u00e7\u00e3o ou para mitigar gargalos log\u00edsticos.<\/p>\n\n\n\n<p>Exemplo disso \u00e9 a realiza\u00e7\u00e3o de obras de implanta\u00e7\u00e3o, manuten\u00e7\u00e3o ou administra\u00e7\u00e3o de acessos em vias terrestres que se encontram fora da poligonal. Muitas vezes esses feitos ocorrem de forma concomitante aos investimentos aportados sobre o mesmo ativo pelos TUPs (terminais de uso privado) que tamb\u00e9m se localizam nas adjac\u00eancias e que buscam fomentar e expandir suas atividades, o que contribui para o desenvolvimento e melhoria da efici\u00eancia log\u00edstica do complexo portu\u00e1rio como um todo.<\/p>\n\n\n\n<p>A situa\u00e7\u00e3o remonta \u00e0 conclus\u00e3o de que no modelo dualista tutelado pela lei todos os esfor\u00e7os visam ao crescimento e fortalecimento do setor, mas com uma distin\u00e7\u00e3o sobre os pap\u00e9is, direitos e deveres dos seus agentes, que \u00e9 claramente tra\u00e7ada pela poligonal, possibilitando \u00e0 iniciativa privada o retorno dos seus investimentos, e \u00e0 autoridade portu\u00e1ria, a cobran\u00e7a de tarifas aos usu\u00e1rios pelo uso das infraestruturas localizadas no interior do porto organizado e pelos servi\u00e7os por ela efetivamente prestados dentro desta \u00e1rea. Mas n\u00e3o a autoriza a cobrar tarifas fora desses limites, sendo fundamental o papel da ag\u00eancia reguladora setorial na prote\u00e7\u00e3o e respeito \u00e0 legisla\u00e7\u00e3o aplic\u00e1vel.<\/p>\n\n\n\n<p>A quest\u00e3o levantada denota mais um elemento de inseguran\u00e7a jur\u00eddica que afeta a administra\u00e7\u00e3o dos portos brasileiros, gerando os efeitos negativos j\u00e1 conhecidos ao desenvolvimento da atividade portu\u00e1ria.<\/p>\n\n\n\n<p>O papel de pacifica\u00e7\u00e3o do tema cabe \u00e0 comunidade portu\u00e1ria: empresas, autoridades portu\u00e1rias, e, principalmente, ao poder concedente e \u00e0 ag\u00eancia reguladora. Para esses dois \u00faltimos, o dever de isonomia previsto no art. 37 da Constitui\u00e7\u00e3o Federal imp\u00f5e a aplica\u00e7\u00e3o do dito popular, para fazer com que pau que d\u00e1 em Chico d\u00ea tamb\u00e9m em Francisco.<\/p>\n\n\n\n<h6 class=\"wp-block-heading\" id=\"block-aa9ff8cf-f9c2-435f-85ff-56a599c37bc9\"><strong>*Murillo Barbosa \u00e9 diretor-presidente da ATP (Associa\u00e7\u00e3o de Terminais Portu\u00e1rios Privados).<\/strong><\/h6>\n\n\n\n<h5 class=\"wp-block-heading\" id=\"block-d67878ff-7627-4f15-b175-8f58269174ff\">O iNFRADebate \u00e9 o espa\u00e7o de artigos da Ag\u00eancia iNFRA com opini\u00f5es de seus atores que n\u00e3o refletem necessariamente o pensamento da Ag\u00eancia iNFRA, sendo de total responsabilidade do autor as informa\u00e7\u00f5es, ju\u00edzos de valor e conceitos descritos no texto.<\/h5>\n","protected":false},"excerpt":{"rendered":"<p>Murillo Barbosa* Em fevereiro, a \u201cLei de Moderniza\u00e7\u00e3o dos Portos\u201d, Lei 8.630\/1993, completaria 30 anos. Foi substitu\u00edda pela \u201cNova Lei de Portos\u201d, Lei 12.815\/2013, que celebrar\u00e1 sua primeira d\u00e9cada no m\u00eas de junho. Os dois normativos foram respons\u00e1veis pela consolida\u00e7\u00e3o de um modelo portu\u00e1rio marcado pela dualidade de empreendimentos portu\u00e1rios p\u00fablicos e privados, o que [&hellip;]<\/p>\n","protected":false},"author":1,"featured_media":12181,"comment_status":"closed","ping_status":"closed","sticky":false,"template":"","format":"standard","meta":{"_monsterinsights_skip_tracking":false,"_monsterinsights_sitenote_active":false,"_monsterinsights_sitenote_note":"","_monsterinsights_sitenote_category":0,"footnotes":""},"categories":[1,11],"tags":[3434,3196,2516,558,6355,4051,310,3001,105],"class_list":["post-12180","post","type-post","status-publish","format-standard","has-post-thumbnail","hentry","category-geral","category-infradebate","tag-autoridade-portuaria","tag-inseguranca-juridica","tag-lei-12-815-2013","tag-murillo-barbosa","tag-poligonais","tag-porto-organizado","tag-portos","tag-terminais-de-uso-privado","tag-tup"],"yoast_head":"<!-- This site is optimized with the Yoast SEO Premium plugin v25.4 (Yoast SEO v26.0) - https:\/\/yoast.com\/wordpress\/plugins\/seo\/ -->\n<title>iNFRADebate: A (in)seguran\u00e7a jur\u00eddica das poligonais (in)finitas - Ag\u00eancia iNFRA<\/title>\n<meta name=\"robots\" content=\"index, follow, max-snippet:-1, max-image-preview:large, max-video-preview:-1\" \/>\n<link rel=\"canonical\" href=\"https:\/\/agenciainfra.com\/blog\/infradebate-a-inseguranca-juridica-das-poligonais-infinitas\/\" \/>\n<meta property=\"og:locale\" content=\"pt_BR\" \/>\n<meta property=\"og:type\" content=\"article\" \/>\n<meta property=\"og:title\" content=\"iNFRADebate: A (in)seguran\u00e7a jur\u00eddica das poligonais (in)finitas\" \/>\n<meta property=\"og:description\" content=\"Murillo Barbosa* Em fevereiro, a \u201cLei de Moderniza\u00e7\u00e3o dos Portos\u201d, Lei 8.630\/1993, completaria 30 anos. Foi substitu\u00edda pela \u201cNova Lei de Portos\u201d, Lei 12.815\/2013, que celebrar\u00e1 sua primeira d\u00e9cada no m\u00eas de junho. Os dois normativos foram respons\u00e1veis pela consolida\u00e7\u00e3o de um modelo portu\u00e1rio marcado pela dualidade de empreendimentos portu\u00e1rios p\u00fablicos e privados, o que [&hellip;]\" \/>\n<meta property=\"og:url\" content=\"https:\/\/agenciainfra.com\/blog\/infradebate-a-inseguranca-juridica-das-poligonais-infinitas\/\" \/>\n<meta property=\"og:site_name\" content=\"Ag\u00eancia iNFRA\" \/>\n<meta property=\"article:publisher\" content=\"https:\/\/www.facebook.com\/ageninfra\" \/>\n<meta property=\"article:published_time\" content=\"2023-02-09T14:00:00+00:00\" \/>\n<meta property=\"og:image\" content=\"https:\/\/agenciainfra.com\/blog\/wp-content\/uploads\/2023\/02\/murillo_barbosa_presidente_atp_divulgacao.jpeg\" \/>\n\t<meta property=\"og:image:width\" content=\"1280\" \/>\n\t<meta property=\"og:image:height\" content=\"883\" \/>\n\t<meta property=\"og:image:type\" content=\"image\/jpeg\" \/>\n<meta name=\"author\" content=\"Ag\u00eancia iNFRA\" \/>\n<meta name=\"twitter:card\" content=\"summary_large_image\" \/>\n<meta name=\"twitter:creator\" content=\"@agencia_infra\" \/>\n<meta name=\"twitter:site\" content=\"@agencia_infra\" \/>\n<meta name=\"twitter:label1\" content=\"Escrito por\" \/>\n\t<meta name=\"twitter:data1\" content=\"Ag\u00eancia iNFRA\" \/>\n\t<meta name=\"twitter:label2\" content=\"Est. tempo de leitura\" \/>\n\t<meta name=\"twitter:data2\" content=\"4 minutos\" \/>\n<script type=\"application\/ld+json\" class=\"yoast-schema-graph\">{\"@context\":\"https:\/\/schema.org\",\"@graph\":[{\"@type\":\"Article\",\"@id\":\"https:\/\/agenciainfra.com\/blog\/infradebate-a-inseguranca-juridica-das-poligonais-infinitas\/#article\",\"isPartOf\":{\"@id\":\"https:\/\/agenciainfra.com\/blog\/infradebate-a-inseguranca-juridica-das-poligonais-infinitas\/\"},\"author\":{\"name\":\"Ag\u00eancia iNFRA\",\"@id\":\"https:\/\/agenciainfra.com\/blog\/#\/schema\/person\/34af08dff6adea4cb22b06612ba7acfa\"},\"headline\":\"iNFRADebate: A (in)seguran\u00e7a jur\u00eddica das poligonais (in)finitas\",\"datePublished\":\"2023-02-09T14:00:00+00:00\",\"mainEntityOfPage\":{\"@id\":\"https:\/\/agenciainfra.com\/blog\/infradebate-a-inseguranca-juridica-das-poligonais-infinitas\/\"},\"wordCount\":814,\"publisher\":{\"@id\":\"https:\/\/agenciainfra.com\/blog\/#organization\"},\"image\":{\"@id\":\"https:\/\/agenciainfra.com\/blog\/infradebate-a-inseguranca-juridica-das-poligonais-infinitas\/#primaryimage\"},\"thumbnailUrl\":\"https:\/\/agenciainfra.com\/blog\/wp-content\/uploads\/2023\/02\/murillo_barbosa_presidente_atp_divulgacao.jpeg\",\"keywords\":[\"autoridade portu\u00e1ria\",\"inseguran\u00e7a jur\u00eddica\",\"Lei 12.815\/2013\",\"Murillo Barbosa\",\"poligonais\",\"porto organizado\",\"portos\",\"terminais de uso privado\",\"TUP\"],\"articleSection\":[\"Geral\",\"iNFRADebate\"],\"inLanguage\":\"pt-BR\",\"copyrightYear\":\"2023\",\"copyrightHolder\":{\"@id\":\"https:\/\/agenciainfra.com\/blog\/#organization\"}},{\"@type\":\"WebPage\",\"@id\":\"https:\/\/agenciainfra.com\/blog\/infradebate-a-inseguranca-juridica-das-poligonais-infinitas\/\",\"url\":\"https:\/\/agenciainfra.com\/blog\/infradebate-a-inseguranca-juridica-das-poligonais-infinitas\/\",\"name\":\"iNFRADebate: A (in)seguran\u00e7a jur\u00eddica das poligonais (in)finitas - Ag\u00eancia iNFRA\",\"isPartOf\":{\"@id\":\"https:\/\/agenciainfra.com\/blog\/#website\"},\"primaryImageOfPage\":{\"@id\":\"https:\/\/agenciainfra.com\/blog\/infradebate-a-inseguranca-juridica-das-poligonais-infinitas\/#primaryimage\"},\"image\":{\"@id\":\"https:\/\/agenciainfra.com\/blog\/infradebate-a-inseguranca-juridica-das-poligonais-infinitas\/#primaryimage\"},\"thumbnailUrl\":\"https:\/\/agenciainfra.com\/blog\/wp-content\/uploads\/2023\/02\/murillo_barbosa_presidente_atp_divulgacao.jpeg\",\"datePublished\":\"2023-02-09T14:00:00+00:00\",\"breadcrumb\":{\"@id\":\"https:\/\/agenciainfra.com\/blog\/infradebate-a-inseguranca-juridica-das-poligonais-infinitas\/#breadcrumb\"},\"inLanguage\":\"pt-BR\",\"potentialAction\":[{\"@type\":\"ReadAction\",\"target\":[\"https:\/\/agenciainfra.com\/blog\/infradebate-a-inseguranca-juridica-das-poligonais-infinitas\/\"]}]},{\"@type\":\"ImageObject\",\"inLanguage\":\"pt-BR\",\"@id\":\"https:\/\/agenciainfra.com\/blog\/infradebate-a-inseguranca-juridica-das-poligonais-infinitas\/#primaryimage\",\"url\":\"https:\/\/agenciainfra.com\/blog\/wp-content\/uploads\/2023\/02\/murillo_barbosa_presidente_atp_divulgacao.jpeg\",\"contentUrl\":\"https:\/\/agenciainfra.com\/blog\/wp-content\/uploads\/2023\/02\/murillo_barbosa_presidente_atp_divulgacao.jpeg\",\"width\":1280,\"height\":883},{\"@type\":\"BreadcrumbList\",\"@id\":\"https:\/\/agenciainfra.com\/blog\/infradebate-a-inseguranca-juridica-das-poligonais-infinitas\/#breadcrumb\",\"itemListElement\":[{\"@type\":\"ListItem\",\"position\":1,\"name\":\"In\u00edcio\",\"item\":\"https:\/\/agenciainfra.com\/blog\/\"},{\"@type\":\"ListItem\",\"position\":2,\"name\":\"iNFRADebate: A (in)seguran\u00e7a jur\u00eddica das poligonais (in)finitas\"}]},{\"@type\":\"WebSite\",\"@id\":\"https:\/\/agenciainfra.com\/blog\/#website\",\"url\":\"https:\/\/agenciainfra.com\/blog\/\",\"name\":\"Ag\u00eancia iNFRA\",\"description\":\"Multiplataforma de informa\u00e7\u00e3o jornal\u00edstica refer\u00eancia na \u00e1rea de infraestrutura no Brasil!\",\"publisher\":{\"@id\":\"https:\/\/agenciainfra.com\/blog\/#organization\"},\"potentialAction\":[{\"@type\":\"SearchAction\",\"target\":{\"@type\":\"EntryPoint\",\"urlTemplate\":\"https:\/\/agenciainfra.com\/blog\/?s={search_term_string}\"},\"query-input\":{\"@type\":\"PropertyValueSpecification\",\"valueRequired\":true,\"valueName\":\"search_term_string\"}}],\"inLanguage\":\"pt-BR\"},{\"@type\":\"Organization\",\"@id\":\"https:\/\/agenciainfra.com\/blog\/#organization\",\"name\":\"Ag\u00eancia iNFRA\",\"url\":\"https:\/\/agenciainfra.com\/blog\/\",\"logo\":{\"@type\":\"ImageObject\",\"inLanguage\":\"pt-BR\",\"@id\":\"https:\/\/agenciainfra.com\/blog\/#\/schema\/logo\/image\/\",\"url\":\"https:\/\/agenciainfra.com\/blog\/wp-content\/uploads\/2023\/09\/iNFRA_5-e1761735885940.png\",\"contentUrl\":\"https:\/\/agenciainfra.com\/blog\/wp-content\/uploads\/2023\/09\/iNFRA_5-e1761735885940.png\",\"width\":1672,\"height\":454,\"caption\":\"Ag\u00eancia iNFRA\"},\"image\":{\"@id\":\"https:\/\/agenciainfra.com\/blog\/#\/schema\/logo\/image\/\"},\"sameAs\":[\"https:\/\/www.facebook.com\/ageninfra\",\"https:\/\/x.com\/agencia_infra\",\"https:\/\/www.linkedin.com\/company\/ag\u00eanciainfra\/\",\"https:\/\/www.instagram.com\/agenciainfra\/\"]},{\"@type\":\"Person\",\"@id\":\"https:\/\/agenciainfra.com\/blog\/#\/schema\/person\/34af08dff6adea4cb22b06612ba7acfa\",\"name\":\"Ag\u00eancia iNFRA\",\"image\":{\"@type\":\"ImageObject\",\"inLanguage\":\"pt-BR\",\"@id\":\"https:\/\/agenciainfra.com\/blog\/#\/schema\/person\/image\/\",\"url\":\"https:\/\/secure.gravatar.com\/avatar\/d189e01678f06d8eb84d4e01f08eb848b3fffe3f8443818d3c356c66892f5be8?s=96&d=mm&r=g\",\"contentUrl\":\"https:\/\/secure.gravatar.com\/avatar\/d189e01678f06d8eb84d4e01f08eb848b3fffe3f8443818d3c356c66892f5be8?s=96&d=mm&r=g\",\"caption\":\"Ag\u00eancia iNFRA\"},\"url\":\"https:\/\/agenciainfra.com\/blog\/author\/admin\/\"}]}<\/script>\n<!-- \/ Yoast SEO Premium plugin. -->","yoast_head_json":{"title":"iNFRADebate: A (in)seguran\u00e7a jur\u00eddica das poligonais (in)finitas - Ag\u00eancia iNFRA","robots":{"index":"index","follow":"follow","max-snippet":"max-snippet:-1","max-image-preview":"max-image-preview:large","max-video-preview":"max-video-preview:-1"},"canonical":"https:\/\/agenciainfra.com\/blog\/infradebate-a-inseguranca-juridica-das-poligonais-infinitas\/","og_locale":"pt_BR","og_type":"article","og_title":"iNFRADebate: A (in)seguran\u00e7a jur\u00eddica das poligonais (in)finitas","og_description":"Murillo Barbosa* Em fevereiro, a \u201cLei de Moderniza\u00e7\u00e3o dos Portos\u201d, Lei 8.630\/1993, completaria 30 anos. Foi substitu\u00edda pela \u201cNova Lei de Portos\u201d, Lei 12.815\/2013, que celebrar\u00e1 sua primeira d\u00e9cada no m\u00eas de junho. Os dois normativos foram respons\u00e1veis pela consolida\u00e7\u00e3o de um modelo portu\u00e1rio marcado pela dualidade de empreendimentos portu\u00e1rios p\u00fablicos e privados, o que [&hellip;]","og_url":"https:\/\/agenciainfra.com\/blog\/infradebate-a-inseguranca-juridica-das-poligonais-infinitas\/","og_site_name":"Ag\u00eancia iNFRA","article_publisher":"https:\/\/www.facebook.com\/ageninfra","article_published_time":"2023-02-09T14:00:00+00:00","og_image":[{"width":1280,"height":883,"url":"https:\/\/agenciainfra.com\/blog\/wp-content\/uploads\/2023\/02\/murillo_barbosa_presidente_atp_divulgacao.jpeg","type":"image\/jpeg"}],"author":"Ag\u00eancia iNFRA","twitter_card":"summary_large_image","twitter_creator":"@agencia_infra","twitter_site":"@agencia_infra","twitter_misc":{"Escrito por":"Ag\u00eancia iNFRA","Est. tempo de leitura":"4 minutos"},"schema":{"@context":"https:\/\/schema.org","@graph":[{"@type":"Article","@id":"https:\/\/agenciainfra.com\/blog\/infradebate-a-inseguranca-juridica-das-poligonais-infinitas\/#article","isPartOf":{"@id":"https:\/\/agenciainfra.com\/blog\/infradebate-a-inseguranca-juridica-das-poligonais-infinitas\/"},"author":{"name":"Ag\u00eancia iNFRA","@id":"https:\/\/agenciainfra.com\/blog\/#\/schema\/person\/34af08dff6adea4cb22b06612ba7acfa"},"headline":"iNFRADebate: A (in)seguran\u00e7a jur\u00eddica das poligonais (in)finitas","datePublished":"2023-02-09T14:00:00+00:00","mainEntityOfPage":{"@id":"https:\/\/agenciainfra.com\/blog\/infradebate-a-inseguranca-juridica-das-poligonais-infinitas\/"},"wordCount":814,"publisher":{"@id":"https:\/\/agenciainfra.com\/blog\/#organization"},"image":{"@id":"https:\/\/agenciainfra.com\/blog\/infradebate-a-inseguranca-juridica-das-poligonais-infinitas\/#primaryimage"},"thumbnailUrl":"https:\/\/agenciainfra.com\/blog\/wp-content\/uploads\/2023\/02\/murillo_barbosa_presidente_atp_divulgacao.jpeg","keywords":["autoridade portu\u00e1ria","inseguran\u00e7a jur\u00eddica","Lei 12.815\/2013","Murillo Barbosa","poligonais","porto organizado","portos","terminais de uso privado","TUP"],"articleSection":["Geral","iNFRADebate"],"inLanguage":"pt-BR","copyrightYear":"2023","copyrightHolder":{"@id":"https:\/\/agenciainfra.com\/blog\/#organization"}},{"@type":"WebPage","@id":"https:\/\/agenciainfra.com\/blog\/infradebate-a-inseguranca-juridica-das-poligonais-infinitas\/","url":"https:\/\/agenciainfra.com\/blog\/infradebate-a-inseguranca-juridica-das-poligonais-infinitas\/","name":"iNFRADebate: A (in)seguran\u00e7a jur\u00eddica das poligonais (in)finitas - Ag\u00eancia iNFRA","isPartOf":{"@id":"https:\/\/agenciainfra.com\/blog\/#website"},"primaryImageOfPage":{"@id":"https:\/\/agenciainfra.com\/blog\/infradebate-a-inseguranca-juridica-das-poligonais-infinitas\/#primaryimage"},"image":{"@id":"https:\/\/agenciainfra.com\/blog\/infradebate-a-inseguranca-juridica-das-poligonais-infinitas\/#primaryimage"},"thumbnailUrl":"https:\/\/agenciainfra.com\/blog\/wp-content\/uploads\/2023\/02\/murillo_barbosa_presidente_atp_divulgacao.jpeg","datePublished":"2023-02-09T14:00:00+00:00","breadcrumb":{"@id":"https:\/\/agenciainfra.com\/blog\/infradebate-a-inseguranca-juridica-das-poligonais-infinitas\/#breadcrumb"},"inLanguage":"pt-BR","potentialAction":[{"@type":"ReadAction","target":["https:\/\/agenciainfra.com\/blog\/infradebate-a-inseguranca-juridica-das-poligonais-infinitas\/"]}]},{"@type":"ImageObject","inLanguage":"pt-BR","@id":"https:\/\/agenciainfra.com\/blog\/infradebate-a-inseguranca-juridica-das-poligonais-infinitas\/#primaryimage","url":"https:\/\/agenciainfra.com\/blog\/wp-content\/uploads\/2023\/02\/murillo_barbosa_presidente_atp_divulgacao.jpeg","contentUrl":"https:\/\/agenciainfra.com\/blog\/wp-content\/uploads\/2023\/02\/murillo_barbosa_presidente_atp_divulgacao.jpeg","width":1280,"height":883},{"@type":"BreadcrumbList","@id":"https:\/\/agenciainfra.com\/blog\/infradebate-a-inseguranca-juridica-das-poligonais-infinitas\/#breadcrumb","itemListElement":[{"@type":"ListItem","position":1,"name":"In\u00edcio","item":"https:\/\/agenciainfra.com\/blog\/"},{"@type":"ListItem","position":2,"name":"iNFRADebate: A (in)seguran\u00e7a jur\u00eddica das poligonais (in)finitas"}]},{"@type":"WebSite","@id":"https:\/\/agenciainfra.com\/blog\/#website","url":"https:\/\/agenciainfra.com\/blog\/","name":"Ag\u00eancia iNFRA","description":"Multiplataforma de informa\u00e7\u00e3o jornal\u00edstica refer\u00eancia na \u00e1rea de infraestrutura no Brasil!","publisher":{"@id":"https:\/\/agenciainfra.com\/blog\/#organization"},"potentialAction":[{"@type":"SearchAction","target":{"@type":"EntryPoint","urlTemplate":"https:\/\/agenciainfra.com\/blog\/?s={search_term_string}"},"query-input":{"@type":"PropertyValueSpecification","valueRequired":true,"valueName":"search_term_string"}}],"inLanguage":"pt-BR"},{"@type":"Organization","@id":"https:\/\/agenciainfra.com\/blog\/#organization","name":"Ag\u00eancia iNFRA","url":"https:\/\/agenciainfra.com\/blog\/","logo":{"@type":"ImageObject","inLanguage":"pt-BR","@id":"https:\/\/agenciainfra.com\/blog\/#\/schema\/logo\/image\/","url":"https:\/\/agenciainfra.com\/blog\/wp-content\/uploads\/2023\/09\/iNFRA_5-e1761735885940.png","contentUrl":"https:\/\/agenciainfra.com\/blog\/wp-content\/uploads\/2023\/09\/iNFRA_5-e1761735885940.png","width":1672,"height":454,"caption":"Ag\u00eancia iNFRA"},"image":{"@id":"https:\/\/agenciainfra.com\/blog\/#\/schema\/logo\/image\/"},"sameAs":["https:\/\/www.facebook.com\/ageninfra","https:\/\/x.com\/agencia_infra","https:\/\/www.linkedin.com\/company\/ag\u00eanciainfra\/","https:\/\/www.instagram.com\/agenciainfra\/"]},{"@type":"Person","@id":"https:\/\/agenciainfra.com\/blog\/#\/schema\/person\/34af08dff6adea4cb22b06612ba7acfa","name":"Ag\u00eancia iNFRA","image":{"@type":"ImageObject","inLanguage":"pt-BR","@id":"https:\/\/agenciainfra.com\/blog\/#\/schema\/person\/image\/","url":"https:\/\/secure.gravatar.com\/avatar\/d189e01678f06d8eb84d4e01f08eb848b3fffe3f8443818d3c356c66892f5be8?s=96&d=mm&r=g","contentUrl":"https:\/\/secure.gravatar.com\/avatar\/d189e01678f06d8eb84d4e01f08eb848b3fffe3f8443818d3c356c66892f5be8?s=96&d=mm&r=g","caption":"Ag\u00eancia iNFRA"},"url":"https:\/\/agenciainfra.com\/blog\/author\/admin\/"}]}},"_links":{"self":[{"href":"https:\/\/agenciainfra.com\/blog\/wp-json\/wp\/v2\/posts\/12180","targetHints":{"allow":["GET"]}}],"collection":[{"href":"https:\/\/agenciainfra.com\/blog\/wp-json\/wp\/v2\/posts"}],"about":[{"href":"https:\/\/agenciainfra.com\/blog\/wp-json\/wp\/v2\/types\/post"}],"author":[{"embeddable":true,"href":"https:\/\/agenciainfra.com\/blog\/wp-json\/wp\/v2\/users\/1"}],"replies":[{"embeddable":true,"href":"https:\/\/agenciainfra.com\/blog\/wp-json\/wp\/v2\/comments?post=12180"}],"version-history":[{"count":0,"href":"https:\/\/agenciainfra.com\/blog\/wp-json\/wp\/v2\/posts\/12180\/revisions"}],"wp:featuredmedia":[{"embeddable":true,"href":"https:\/\/agenciainfra.com\/blog\/wp-json\/wp\/v2\/media\/12181"}],"wp:attachment":[{"href":"https:\/\/agenciainfra.com\/blog\/wp-json\/wp\/v2\/media?parent=12180"}],"wp:term":[{"taxonomy":"category","embeddable":true,"href":"https:\/\/agenciainfra.com\/blog\/wp-json\/wp\/v2\/categories?post=12180"},{"taxonomy":"post_tag","embeddable":true,"href":"https:\/\/agenciainfra.com\/blog\/wp-json\/wp\/v2\/tags?post=12180"}],"curies":[{"name":"wp","href":"https:\/\/api.w.org\/{rel}","templated":true}]}}