{"id":12191,"date":"2023-02-09T20:41:21","date_gmt":"2023-02-09T23:41:21","guid":{"rendered":"https:\/\/www.agenciainfra.com\/blog\/?p=12191"},"modified":"2023-02-09T21:03:29","modified_gmt":"2023-02-10T00:03:29","slug":"articulacao-com-municipios-e-principal-desafio-para-concessoes-e-privatizacoes-dos-servicos-de-saneamento-afirma-analista-do-bndes","status":"publish","type":"post","link":"https:\/\/agenciainfra.com\/blog\/articulacao-com-municipios-e-principal-desafio-para-concessoes-e-privatizacoes-dos-servicos-de-saneamento-afirma-analista-do-bndes\/","title":{"rendered":"Articula\u00e7\u00e3o com munic\u00edpios \u00e9 principal desafio para concess\u00f5es e privatiza\u00e7\u00f5es dos servi\u00e7os de saneamento, afirma analista do BNDES"},"content":{"rendered":"\n<p class=\"has-text-align-right\"><strong>da Ag\u00eancia iNFRA<\/strong><\/p>\n\n\n\n<p>A concerta\u00e7\u00e3o pol\u00edtica \u00e9 o maior entrave para que as licita\u00e7\u00f5es em torno da concess\u00e3o ou privatiza\u00e7\u00e3o dos servi\u00e7os de saneamento b\u00e1sico saiam do papel, afirmou Cleverson Aroeira, analista do BNDES (Banco Nacional de Desenvolvimento Econ\u00f4mico e Social), durante o evento &#8220;Universaliza\u00e7\u00e3o do Saneamento \u2013 Novo Marco Legal&#8221;, promovido pela Necta, com apoio da B3 e da Portugal Ribeiro Advogados.\u00a0O encontro, realizado na quarta-feira (8), \u00e9 uma iniciativa preparat\u00f3ria para a <a rel=\"noreferrer noopener\" href=\"https:\/\/p3c.com.br\/\" target=\"_blank\">confer\u00eancia e pr\u00eamio P3C<\/a>, que ocorrer\u00e3o nos dias 27 e 28 de fevereiro.<\/p>\n\n\n\n<p>Cleverson destacou que o processo de concess\u00e3o de servi\u00e7os pela Cedae (Companhia Estadual de \u00c1guas e Esgotos do Rio de Janeiro) \u00e0 iniciativa privada foi marcado por negocia\u00e7\u00f5es dif\u00edceis com boa parte dos munic\u00edpios que eram atendidos pela companhia estadual.&nbsp;<\/p>\n\n\n\n<p>&#8220;A gente v\u00ea que o maior entrave dessa transforma\u00e7\u00e3o que a gente precisa n\u00e3o \u00e9 a realiza\u00e7\u00e3o de estudos, n\u00e3o \u00e9 a modelagem; \u00e9, de fato, uma concerta\u00e7\u00e3o pol\u00edtica, que \u00e9 extremamente dif\u00edcil. Naquele projeto [da Cedae], foi a experi\u00eancia mais densa que eu tive de articula\u00e7\u00f5es pol\u00edticas, reveses e discuss\u00f5es.&#8221;<\/p>\n\n\n\n<p>Dos 64 munic\u00edpios que estavam no projeto inicial da concess\u00e3o, apenas 35 compuseram o leil\u00e3o. &#8220;Al\u00e9m dos interesses pol\u00edticos, muitos munic\u00edpios caem no canto da sereia de que v\u00e3o fazer o projeto sozinho e de que &#8216;eu vou colocar os recursos de uma eventual outorga no caixa da prefeitura&#8217;. Para qu\u00ea v\u00e3o subsidiar munic\u00edpios menores?&#8221;<\/p>\n\n\n\n<p>O analista afirma que as concession\u00e1rias que arremataram o leil\u00e3o pretendem investir R$ 24,5 bilh\u00f5es at\u00e9 2033 para garantir que 99% dos moradores desses munic\u00edpios tenham acesso \u00e0 \u00e1gua pot\u00e1vel e 90% \u00e0 coleta e tratamento de esgoto. A m\u00e9dia de quase R$ 2,5 bi por ano \u00e9 mais de dez vezes superior ao que a Cedae investia antes do leil\u00e3o. &#8220;Investindo menos de R$ 200 mi por ano, a gente fez uma conta de que ela ia conseguir universalizar o saneamento em 140 anos. Isso \u00e9 absolutamente inaceit\u00e1vel.&#8221;<\/p>\n\n\n\n<p><strong>Novas ades\u00f5es \u00e0s concess\u00f5es em Alagoas<\/strong><br>Alagoas \u00e9 um dos estados que sa\u00edram na frente quando o assunto \u00e9 atender \u00e0s exig\u00eancias do novo marco legal do saneamento. Em 2020, a Casal (Companhia de Saneamento de Alagoas) fez o primeiro leil\u00e3o para a concess\u00e3o dos servi\u00e7os de \u00e1gua e esgoto na Regi\u00e3o Metropolitana de Macei\u00f3 (Bloco A), que conta com 13 munic\u00edpios.\u00a0<\/p>\n\n\n\n<p>No ano seguinte, outras 61 cidades compuseram um segundo leil\u00e3o, que concedeu os servi\u00e7os de saneamento b\u00e1sico para a iniciativa privada em 34 munic\u00edpios do sert\u00e3o e parte do agreste alagoano (Bloco B) e em 27 munic\u00edpios localizados na Zona da Mata e no litoral (Bloco C).&nbsp;<\/p>\n\n\n\n<p>&#8220;A gente teve munic\u00edpios que n\u00e3o aderiram \u00e0s unidades regionais de saneamento. Eles tiveram a oportunidade de aderir antes do edital de licita\u00e7\u00e3o. Dos 49 munic\u00edpios do Bloco B, 34 aderiram, e, dos 40 do Bloco C, 27 aderiram. Os n\u00e3o aderentes totais: 28 munic\u00edpios no escopo da licita\u00e7\u00e3o&#8221;, detalha Luiz Neto, diretor-presidente da Casal.\u00a0\u00a0<\/p>\n\n\n\n<p>At\u00e9 ent\u00e3o, 74 das 102 cidades alagoanas j\u00e1 faziam parte do projeto.&nbsp; Mas, segundo Luiz Neto, esse n\u00famero est\u00e1 aumentando, porque outros munic\u00edpios est\u00e3o voltando atr\u00e1s. &#8220;N\u00f3s temos um aditamento dos contratos de concess\u00e3o com algumas ades\u00f5es posteriores \u00e0 licita\u00e7\u00e3o. Isso j\u00e1 est\u00e1 sendo formalizado. Obviamente, para que houvesse essas ades\u00f5es, as empresas teriam que ser consultadas. As empresas aceitaram e a gente vai promover os devidos encaixes dentro dos contratos para garantia do reequil\u00edbrio econ\u00f4mico-financeiro&#8221;, indica.&nbsp;<\/p>\n\n\n\n<p>Ao todo, 10 cidades v\u00e3o aderir \u00e0s concess\u00f5es, o que far\u00e1 o n\u00famero de cidades nessa situa\u00e7\u00e3o chegar a 84. Das 18 restantes em todo o estado, oito afirmam que v\u00e3o permanecer prestando esses servi\u00e7os de forma aut\u00f4noma, enquanto 10 est\u00e3o irregulares, de acordo com a Casal.&nbsp;&nbsp;<\/p>\n\n\n\n<p><strong>Normas de refer\u00eancia<\/strong><br>A ANA (Ag\u00eancia Nacional de \u00c1guas) tem papel importante para dar seguran\u00e7a jur\u00eddica e permitir que os investidores continuem interessados no setor de saneamento b\u00e1sico, disse a diretora-presidente, Ver\u00f4nica S\u00e1nchez. O novo marco legal, aprovado em 2020, atribuiu \u00e0 ag\u00eancia a responsabilidade de editar normas de refer\u00eancia para regular as mudan\u00e7as que est\u00e3o em curso no setor.\u00a0<\/p>\n\n\n\n<p>Essas regras dever\u00e3o ser levadas em considera\u00e7\u00e3o pelas 86 ag\u00eancias e entidades reguladoras de saneamento estaduais, intermunicipais, municipais e distrital. Ver\u00f4nica afirmou que, hoje, a ag\u00eancia tem uma superintend\u00eancia de saneamento b\u00e1sico com 50 pessoas dedicadas a estabelecer normas de refer\u00eancia para o setor.\u00a0<\/p>\n\n\n\n<p>&#8220;Temos um agenda regulat\u00f3ria que estabelece que em um ano e meio a gente tem o desafio de fazer 18 normas de refer\u00eancia: 12 em 2023 e seis em 2044, e, com isso, a nossa expectativa \u00e9 de que em um ano e meio a gente tenha todos os par\u00e2metros de regula\u00e7\u00e3o do setor de saneamento b\u00e1sico estabelecidos.\u201d<\/p>\n\n\n\n<p>Segundo a diretora-presidente da ANA, a ag\u00eancia fez algumas parcerias \u2013 uma delas com o BID (Banco Interamericano de Desenvolvimento) \u2013, para acelerar e dar qualidade ao processo. Ela tamb\u00e9m anunciou que nas pr\u00f3ximas semanas a ANA vai lan\u00e7ar uma consulta p\u00fablica para elabora\u00e7\u00e3o da norma de refer\u00eancia sobre tarifas.<\/p>\n","protected":false},"excerpt":{"rendered":"<p>da Ag\u00eancia iNFRA A concerta\u00e7\u00e3o pol\u00edtica \u00e9 o maior entrave para que as licita\u00e7\u00f5es em torno da concess\u00e3o ou privatiza\u00e7\u00e3o dos servi\u00e7os de saneamento b\u00e1sico saiam do papel, afirmou Cleverson Aroeira, analista do BNDES (Banco Nacional de Desenvolvimento Econ\u00f4mico e Social), durante o evento &#8220;Universaliza\u00e7\u00e3o do Saneamento \u2013 Novo Marco Legal&#8221;, promovido pela Necta, com [&hellip;]<\/p>\n","protected":false},"author":1,"featured_media":12192,"comment_status":"closed","ping_status":"closed","sticky":false,"template":"","format":"standard","meta":{"_monsterinsights_skip_tracking":false,"_monsterinsights_sitenote_active":false,"_monsterinsights_sitenote_note":"","_monsterinsights_sitenote_category":0,"footnotes":""},"categories":[1],"tags":[77,4822,103,2729,1818,3504,78,6357,5502,5133,5089,1853,418,179,2192,5385],"class_list":["post-12191","post","type-post","status-publish","format-standard","has-post-thumbnail","hentry","category-geral","tag-ana","tag-b3","tag-bndes","tag-casal","tag-cedae","tag-cleverson-aroeira","tag-concessoes","tag-luiz-neto","tag-necta","tag-normas-de-referencia","tag-p3c","tag-portugal-ribeiro-advogados","tag-privatizacoes","tag-saneamento","tag-universalizacao","tag-veronica-sanchez-3"],"yoast_head":"<!-- This site is optimized with the Yoast SEO Premium plugin v25.4 (Yoast SEO v26.0) - https:\/\/yoast.com\/wordpress\/plugins\/seo\/ -->\n<title>Articula\u00e7\u00e3o com munic\u00edpios \u00e9 principal desafio para concess\u00f5es e privatiza\u00e7\u00f5es dos servi\u00e7os de saneamento, afirma analista do BNDES - Ag\u00eancia iNFRA<\/title>\n<meta name=\"robots\" content=\"index, follow, max-snippet:-1, max-image-preview:large, max-video-preview:-1\" \/>\n<link rel=\"canonical\" href=\"https:\/\/agenciainfra.com\/blog\/articulacao-com-municipios-e-principal-desafio-para-concessoes-e-privatizacoes-dos-servicos-de-saneamento-afirma-analista-do-bndes\/\" \/>\n<meta property=\"og:locale\" content=\"pt_BR\" \/>\n<meta property=\"og:type\" content=\"article\" \/>\n<meta property=\"og:title\" content=\"Articula\u00e7\u00e3o com munic\u00edpios \u00e9 principal desafio para concess\u00f5es e privatiza\u00e7\u00f5es dos servi\u00e7os de saneamento, afirma analista do BNDES\" \/>\n<meta property=\"og:description\" content=\"da Ag\u00eancia iNFRA A concerta\u00e7\u00e3o pol\u00edtica \u00e9 o maior entrave para que as licita\u00e7\u00f5es em torno da concess\u00e3o ou privatiza\u00e7\u00e3o dos servi\u00e7os de saneamento b\u00e1sico saiam do papel, afirmou Cleverson Aroeira, analista do BNDES (Banco Nacional de Desenvolvimento Econ\u00f4mico e Social), durante o evento &#8220;Universaliza\u00e7\u00e3o do Saneamento \u2013 Novo Marco Legal&#8221;, promovido pela Necta, com [&hellip;]\" \/>\n<meta property=\"og:url\" content=\"https:\/\/agenciainfra.com\/blog\/articulacao-com-municipios-e-principal-desafio-para-concessoes-e-privatizacoes-dos-servicos-de-saneamento-afirma-analista-do-bndes\/\" \/>\n<meta property=\"og:site_name\" content=\"Ag\u00eancia iNFRA\" \/>\n<meta property=\"article:publisher\" content=\"https:\/\/www.facebook.com\/ageninfra\" \/>\n<meta property=\"article:published_time\" content=\"2023-02-09T23:41:21+00:00\" \/>\n<meta property=\"article:modified_time\" content=\"2023-02-10T00:03:29+00:00\" \/>\n<meta property=\"og:image\" content=\"https:\/\/agenciainfra.com\/blog\/wp-content\/uploads\/2023\/02\/luiz-neto-cleverson-aroeira-veronica-sanchez-foto-p3c-divulgacao.png\" \/>\n\t<meta property=\"og:image:width\" content=\"1280\" \/>\n\t<meta property=\"og:image:height\" content=\"852\" \/>\n\t<meta property=\"og:image:type\" content=\"image\/png\" \/>\n<meta name=\"author\" content=\"Ag\u00eancia iNFRA\" \/>\n<meta name=\"twitter:card\" content=\"summary_large_image\" \/>\n<meta name=\"twitter:creator\" content=\"@agencia_infra\" \/>\n<meta name=\"twitter:site\" content=\"@agencia_infra\" \/>\n<meta name=\"twitter:label1\" content=\"Escrito por\" \/>\n\t<meta name=\"twitter:data1\" content=\"Ag\u00eancia iNFRA\" \/>\n\t<meta name=\"twitter:label2\" content=\"Est. tempo de leitura\" \/>\n\t<meta name=\"twitter:data2\" content=\"4 minutos\" \/>\n<script type=\"application\/ld+json\" class=\"yoast-schema-graph\">{\"@context\":\"https:\/\/schema.org\",\"@graph\":[{\"@type\":\"Article\",\"@id\":\"https:\/\/agenciainfra.com\/blog\/articulacao-com-municipios-e-principal-desafio-para-concessoes-e-privatizacoes-dos-servicos-de-saneamento-afirma-analista-do-bndes\/#article\",\"isPartOf\":{\"@id\":\"https:\/\/agenciainfra.com\/blog\/articulacao-com-municipios-e-principal-desafio-para-concessoes-e-privatizacoes-dos-servicos-de-saneamento-afirma-analista-do-bndes\/\"},\"author\":{\"name\":\"Ag\u00eancia iNFRA\",\"@id\":\"https:\/\/agenciainfra.com\/blog\/#\/schema\/person\/34af08dff6adea4cb22b06612ba7acfa\"},\"headline\":\"Articula\u00e7\u00e3o com munic\u00edpios \u00e9 principal desafio para concess\u00f5es e privatiza\u00e7\u00f5es dos servi\u00e7os de saneamento, afirma analista do BNDES\",\"datePublished\":\"2023-02-09T23:41:21+00:00\",\"dateModified\":\"2023-02-10T00:03:29+00:00\",\"mainEntityOfPage\":{\"@id\":\"https:\/\/agenciainfra.com\/blog\/articulacao-com-municipios-e-principal-desafio-para-concessoes-e-privatizacoes-dos-servicos-de-saneamento-afirma-analista-do-bndes\/\"},\"wordCount\":918,\"publisher\":{\"@id\":\"https:\/\/agenciainfra.com\/blog\/#organization\"},\"image\":{\"@id\":\"https:\/\/agenciainfra.com\/blog\/articulacao-com-municipios-e-principal-desafio-para-concessoes-e-privatizacoes-dos-servicos-de-saneamento-afirma-analista-do-bndes\/#primaryimage\"},\"thumbnailUrl\":\"https:\/\/agenciainfra.com\/blog\/wp-content\/uploads\/2023\/02\/luiz-neto-cleverson-aroeira-veronica-sanchez-foto-p3c-divulgacao.png\",\"keywords\":[\"ANA\",\"B3\",\"BNDES\",\"Casal\",\"Cedae\",\"Cleverson Aroeira\",\"concess\u00f5es\",\"Luiz Neto\",\"Necta\",\"normas de refer\u00eancia\",\"P3C\",\"Portugal Ribeiro Advogados\",\"privatiza\u00e7\u00f5es\",\"saneamento\",\"universaliza\u00e7\u00e3o\",\"Ver\u00f4nica S\u00e1nchez\"],\"articleSection\":[\"Geral\"],\"inLanguage\":\"pt-BR\",\"copyrightYear\":\"2023\",\"copyrightHolder\":{\"@id\":\"https:\/\/agenciainfra.com\/blog\/#organization\"}},{\"@type\":\"WebPage\",\"@id\":\"https:\/\/agenciainfra.com\/blog\/articulacao-com-municipios-e-principal-desafio-para-concessoes-e-privatizacoes-dos-servicos-de-saneamento-afirma-analista-do-bndes\/\",\"url\":\"https:\/\/agenciainfra.com\/blog\/articulacao-com-municipios-e-principal-desafio-para-concessoes-e-privatizacoes-dos-servicos-de-saneamento-afirma-analista-do-bndes\/\",\"name\":\"Articula\u00e7\u00e3o com munic\u00edpios \u00e9 principal desafio para concess\u00f5es e privatiza\u00e7\u00f5es dos servi\u00e7os de saneamento, afirma analista do BNDES - Ag\u00eancia iNFRA\",\"isPartOf\":{\"@id\":\"https:\/\/agenciainfra.com\/blog\/#website\"},\"primaryImageOfPage\":{\"@id\":\"https:\/\/agenciainfra.com\/blog\/articulacao-com-municipios-e-principal-desafio-para-concessoes-e-privatizacoes-dos-servicos-de-saneamento-afirma-analista-do-bndes\/#primaryimage\"},\"image\":{\"@id\":\"https:\/\/agenciainfra.com\/blog\/articulacao-com-municipios-e-principal-desafio-para-concessoes-e-privatizacoes-dos-servicos-de-saneamento-afirma-analista-do-bndes\/#primaryimage\"},\"thumbnailUrl\":\"https:\/\/agenciainfra.com\/blog\/wp-content\/uploads\/2023\/02\/luiz-neto-cleverson-aroeira-veronica-sanchez-foto-p3c-divulgacao.png\",\"datePublished\":\"2023-02-09T23:41:21+00:00\",\"dateModified\":\"2023-02-10T00:03:29+00:00\",\"breadcrumb\":{\"@id\":\"https:\/\/agenciainfra.com\/blog\/articulacao-com-municipios-e-principal-desafio-para-concessoes-e-privatizacoes-dos-servicos-de-saneamento-afirma-analista-do-bndes\/#breadcrumb\"},\"inLanguage\":\"pt-BR\",\"potentialAction\":[{\"@type\":\"ReadAction\",\"target\":[\"https:\/\/agenciainfra.com\/blog\/articulacao-com-municipios-e-principal-desafio-para-concessoes-e-privatizacoes-dos-servicos-de-saneamento-afirma-analista-do-bndes\/\"]}]},{\"@type\":\"ImageObject\",\"inLanguage\":\"pt-BR\",\"@id\":\"https:\/\/agenciainfra.com\/blog\/articulacao-com-municipios-e-principal-desafio-para-concessoes-e-privatizacoes-dos-servicos-de-saneamento-afirma-analista-do-bndes\/#primaryimage\",\"url\":\"https:\/\/agenciainfra.com\/blog\/wp-content\/uploads\/2023\/02\/luiz-neto-cleverson-aroeira-veronica-sanchez-foto-p3c-divulgacao.png\",\"contentUrl\":\"https:\/\/agenciainfra.com\/blog\/wp-content\/uploads\/2023\/02\/luiz-neto-cleverson-aroeira-veronica-sanchez-foto-p3c-divulgacao.png\",\"width\":1280,\"height\":852},{\"@type\":\"BreadcrumbList\",\"@id\":\"https:\/\/agenciainfra.com\/blog\/articulacao-com-municipios-e-principal-desafio-para-concessoes-e-privatizacoes-dos-servicos-de-saneamento-afirma-analista-do-bndes\/#breadcrumb\",\"itemListElement\":[{\"@type\":\"ListItem\",\"position\":1,\"name\":\"In\u00edcio\",\"item\":\"https:\/\/agenciainfra.com\/blog\/\"},{\"@type\":\"ListItem\",\"position\":2,\"name\":\"Articula\u00e7\u00e3o com munic\u00edpios \u00e9 principal desafio para concess\u00f5es e privatiza\u00e7\u00f5es dos servi\u00e7os de saneamento, afirma analista do BNDES\"}]},{\"@type\":\"WebSite\",\"@id\":\"https:\/\/agenciainfra.com\/blog\/#website\",\"url\":\"https:\/\/agenciainfra.com\/blog\/\",\"name\":\"Ag\u00eancia iNFRA\",\"description\":\"Multiplataforma de informa\u00e7\u00e3o jornal\u00edstica refer\u00eancia na \u00e1rea de infraestrutura no Brasil!\",\"publisher\":{\"@id\":\"https:\/\/agenciainfra.com\/blog\/#organization\"},\"potentialAction\":[{\"@type\":\"SearchAction\",\"target\":{\"@type\":\"EntryPoint\",\"urlTemplate\":\"https:\/\/agenciainfra.com\/blog\/?s={search_term_string}\"},\"query-input\":{\"@type\":\"PropertyValueSpecification\",\"valueRequired\":true,\"valueName\":\"search_term_string\"}}],\"inLanguage\":\"pt-BR\"},{\"@type\":\"Organization\",\"@id\":\"https:\/\/agenciainfra.com\/blog\/#organization\",\"name\":\"Ag\u00eancia iNFRA\",\"url\":\"https:\/\/agenciainfra.com\/blog\/\",\"logo\":{\"@type\":\"ImageObject\",\"inLanguage\":\"pt-BR\",\"@id\":\"https:\/\/agenciainfra.com\/blog\/#\/schema\/logo\/image\/\",\"url\":\"https:\/\/agenciainfra.com\/blog\/wp-content\/uploads\/2023\/09\/iNFRA_5-e1761735885940.png\",\"contentUrl\":\"https:\/\/agenciainfra.com\/blog\/wp-content\/uploads\/2023\/09\/iNFRA_5-e1761735885940.png\",\"width\":1672,\"height\":454,\"caption\":\"Ag\u00eancia iNFRA\"},\"image\":{\"@id\":\"https:\/\/agenciainfra.com\/blog\/#\/schema\/logo\/image\/\"},\"sameAs\":[\"https:\/\/www.facebook.com\/ageninfra\",\"https:\/\/x.com\/agencia_infra\",\"https:\/\/www.linkedin.com\/company\/ag\u00eanciainfra\/\",\"https:\/\/www.instagram.com\/agenciainfra\/\"]},{\"@type\":\"Person\",\"@id\":\"https:\/\/agenciainfra.com\/blog\/#\/schema\/person\/34af08dff6adea4cb22b06612ba7acfa\",\"name\":\"Ag\u00eancia iNFRA\",\"image\":{\"@type\":\"ImageObject\",\"inLanguage\":\"pt-BR\",\"@id\":\"https:\/\/agenciainfra.com\/blog\/#\/schema\/person\/image\/\",\"url\":\"https:\/\/secure.gravatar.com\/avatar\/d189e01678f06d8eb84d4e01f08eb848b3fffe3f8443818d3c356c66892f5be8?s=96&d=mm&r=g\",\"contentUrl\":\"https:\/\/secure.gravatar.com\/avatar\/d189e01678f06d8eb84d4e01f08eb848b3fffe3f8443818d3c356c66892f5be8?s=96&d=mm&r=g\",\"caption\":\"Ag\u00eancia iNFRA\"},\"url\":\"https:\/\/agenciainfra.com\/blog\/author\/admin\/\"}]}<\/script>\n<!-- \/ Yoast SEO Premium plugin. -->","yoast_head_json":{"title":"Articula\u00e7\u00e3o com munic\u00edpios \u00e9 principal desafio para concess\u00f5es e privatiza\u00e7\u00f5es dos servi\u00e7os de saneamento, afirma analista do BNDES - Ag\u00eancia iNFRA","robots":{"index":"index","follow":"follow","max-snippet":"max-snippet:-1","max-image-preview":"max-image-preview:large","max-video-preview":"max-video-preview:-1"},"canonical":"https:\/\/agenciainfra.com\/blog\/articulacao-com-municipios-e-principal-desafio-para-concessoes-e-privatizacoes-dos-servicos-de-saneamento-afirma-analista-do-bndes\/","og_locale":"pt_BR","og_type":"article","og_title":"Articula\u00e7\u00e3o com munic\u00edpios \u00e9 principal desafio para concess\u00f5es e privatiza\u00e7\u00f5es dos servi\u00e7os de saneamento, afirma analista do BNDES","og_description":"da Ag\u00eancia iNFRA A concerta\u00e7\u00e3o pol\u00edtica \u00e9 o maior entrave para que as licita\u00e7\u00f5es em torno da concess\u00e3o ou privatiza\u00e7\u00e3o dos servi\u00e7os de saneamento b\u00e1sico saiam do papel, afirmou Cleverson Aroeira, analista do BNDES (Banco Nacional de Desenvolvimento Econ\u00f4mico e Social), durante o evento &#8220;Universaliza\u00e7\u00e3o do Saneamento \u2013 Novo Marco Legal&#8221;, promovido pela Necta, com [&hellip;]","og_url":"https:\/\/agenciainfra.com\/blog\/articulacao-com-municipios-e-principal-desafio-para-concessoes-e-privatizacoes-dos-servicos-de-saneamento-afirma-analista-do-bndes\/","og_site_name":"Ag\u00eancia iNFRA","article_publisher":"https:\/\/www.facebook.com\/ageninfra","article_published_time":"2023-02-09T23:41:21+00:00","article_modified_time":"2023-02-10T00:03:29+00:00","og_image":[{"width":1280,"height":852,"url":"https:\/\/agenciainfra.com\/blog\/wp-content\/uploads\/2023\/02\/luiz-neto-cleverson-aroeira-veronica-sanchez-foto-p3c-divulgacao.png","type":"image\/png"}],"author":"Ag\u00eancia iNFRA","twitter_card":"summary_large_image","twitter_creator":"@agencia_infra","twitter_site":"@agencia_infra","twitter_misc":{"Escrito por":"Ag\u00eancia iNFRA","Est. tempo de leitura":"4 minutos"},"schema":{"@context":"https:\/\/schema.org","@graph":[{"@type":"Article","@id":"https:\/\/agenciainfra.com\/blog\/articulacao-com-municipios-e-principal-desafio-para-concessoes-e-privatizacoes-dos-servicos-de-saneamento-afirma-analista-do-bndes\/#article","isPartOf":{"@id":"https:\/\/agenciainfra.com\/blog\/articulacao-com-municipios-e-principal-desafio-para-concessoes-e-privatizacoes-dos-servicos-de-saneamento-afirma-analista-do-bndes\/"},"author":{"name":"Ag\u00eancia iNFRA","@id":"https:\/\/agenciainfra.com\/blog\/#\/schema\/person\/34af08dff6adea4cb22b06612ba7acfa"},"headline":"Articula\u00e7\u00e3o com munic\u00edpios \u00e9 principal desafio para concess\u00f5es e privatiza\u00e7\u00f5es dos servi\u00e7os de saneamento, afirma analista do BNDES","datePublished":"2023-02-09T23:41:21+00:00","dateModified":"2023-02-10T00:03:29+00:00","mainEntityOfPage":{"@id":"https:\/\/agenciainfra.com\/blog\/articulacao-com-municipios-e-principal-desafio-para-concessoes-e-privatizacoes-dos-servicos-de-saneamento-afirma-analista-do-bndes\/"},"wordCount":918,"publisher":{"@id":"https:\/\/agenciainfra.com\/blog\/#organization"},"image":{"@id":"https:\/\/agenciainfra.com\/blog\/articulacao-com-municipios-e-principal-desafio-para-concessoes-e-privatizacoes-dos-servicos-de-saneamento-afirma-analista-do-bndes\/#primaryimage"},"thumbnailUrl":"https:\/\/agenciainfra.com\/blog\/wp-content\/uploads\/2023\/02\/luiz-neto-cleverson-aroeira-veronica-sanchez-foto-p3c-divulgacao.png","keywords":["ANA","B3","BNDES","Casal","Cedae","Cleverson Aroeira","concess\u00f5es","Luiz Neto","Necta","normas de refer\u00eancia","P3C","Portugal Ribeiro Advogados","privatiza\u00e7\u00f5es","saneamento","universaliza\u00e7\u00e3o","Ver\u00f4nica S\u00e1nchez"],"articleSection":["Geral"],"inLanguage":"pt-BR","copyrightYear":"2023","copyrightHolder":{"@id":"https:\/\/agenciainfra.com\/blog\/#organization"}},{"@type":"WebPage","@id":"https:\/\/agenciainfra.com\/blog\/articulacao-com-municipios-e-principal-desafio-para-concessoes-e-privatizacoes-dos-servicos-de-saneamento-afirma-analista-do-bndes\/","url":"https:\/\/agenciainfra.com\/blog\/articulacao-com-municipios-e-principal-desafio-para-concessoes-e-privatizacoes-dos-servicos-de-saneamento-afirma-analista-do-bndes\/","name":"Articula\u00e7\u00e3o com munic\u00edpios \u00e9 principal desafio para concess\u00f5es e privatiza\u00e7\u00f5es dos servi\u00e7os de saneamento, afirma analista do BNDES - Ag\u00eancia iNFRA","isPartOf":{"@id":"https:\/\/agenciainfra.com\/blog\/#website"},"primaryImageOfPage":{"@id":"https:\/\/agenciainfra.com\/blog\/articulacao-com-municipios-e-principal-desafio-para-concessoes-e-privatizacoes-dos-servicos-de-saneamento-afirma-analista-do-bndes\/#primaryimage"},"image":{"@id":"https:\/\/agenciainfra.com\/blog\/articulacao-com-municipios-e-principal-desafio-para-concessoes-e-privatizacoes-dos-servicos-de-saneamento-afirma-analista-do-bndes\/#primaryimage"},"thumbnailUrl":"https:\/\/agenciainfra.com\/blog\/wp-content\/uploads\/2023\/02\/luiz-neto-cleverson-aroeira-veronica-sanchez-foto-p3c-divulgacao.png","datePublished":"2023-02-09T23:41:21+00:00","dateModified":"2023-02-10T00:03:29+00:00","breadcrumb":{"@id":"https:\/\/agenciainfra.com\/blog\/articulacao-com-municipios-e-principal-desafio-para-concessoes-e-privatizacoes-dos-servicos-de-saneamento-afirma-analista-do-bndes\/#breadcrumb"},"inLanguage":"pt-BR","potentialAction":[{"@type":"ReadAction","target":["https:\/\/agenciainfra.com\/blog\/articulacao-com-municipios-e-principal-desafio-para-concessoes-e-privatizacoes-dos-servicos-de-saneamento-afirma-analista-do-bndes\/"]}]},{"@type":"ImageObject","inLanguage":"pt-BR","@id":"https:\/\/agenciainfra.com\/blog\/articulacao-com-municipios-e-principal-desafio-para-concessoes-e-privatizacoes-dos-servicos-de-saneamento-afirma-analista-do-bndes\/#primaryimage","url":"https:\/\/agenciainfra.com\/blog\/wp-content\/uploads\/2023\/02\/luiz-neto-cleverson-aroeira-veronica-sanchez-foto-p3c-divulgacao.png","contentUrl":"https:\/\/agenciainfra.com\/blog\/wp-content\/uploads\/2023\/02\/luiz-neto-cleverson-aroeira-veronica-sanchez-foto-p3c-divulgacao.png","width":1280,"height":852},{"@type":"BreadcrumbList","@id":"https:\/\/agenciainfra.com\/blog\/articulacao-com-municipios-e-principal-desafio-para-concessoes-e-privatizacoes-dos-servicos-de-saneamento-afirma-analista-do-bndes\/#breadcrumb","itemListElement":[{"@type":"ListItem","position":1,"name":"In\u00edcio","item":"https:\/\/agenciainfra.com\/blog\/"},{"@type":"ListItem","position":2,"name":"Articula\u00e7\u00e3o com munic\u00edpios \u00e9 principal desafio para concess\u00f5es e privatiza\u00e7\u00f5es dos servi\u00e7os de saneamento, afirma analista do BNDES"}]},{"@type":"WebSite","@id":"https:\/\/agenciainfra.com\/blog\/#website","url":"https:\/\/agenciainfra.com\/blog\/","name":"Ag\u00eancia iNFRA","description":"Multiplataforma de informa\u00e7\u00e3o jornal\u00edstica refer\u00eancia na \u00e1rea de infraestrutura no Brasil!","publisher":{"@id":"https:\/\/agenciainfra.com\/blog\/#organization"},"potentialAction":[{"@type":"SearchAction","target":{"@type":"EntryPoint","urlTemplate":"https:\/\/agenciainfra.com\/blog\/?s={search_term_string}"},"query-input":{"@type":"PropertyValueSpecification","valueRequired":true,"valueName":"search_term_string"}}],"inLanguage":"pt-BR"},{"@type":"Organization","@id":"https:\/\/agenciainfra.com\/blog\/#organization","name":"Ag\u00eancia iNFRA","url":"https:\/\/agenciainfra.com\/blog\/","logo":{"@type":"ImageObject","inLanguage":"pt-BR","@id":"https:\/\/agenciainfra.com\/blog\/#\/schema\/logo\/image\/","url":"https:\/\/agenciainfra.com\/blog\/wp-content\/uploads\/2023\/09\/iNFRA_5-e1761735885940.png","contentUrl":"https:\/\/agenciainfra.com\/blog\/wp-content\/uploads\/2023\/09\/iNFRA_5-e1761735885940.png","width":1672,"height":454,"caption":"Ag\u00eancia iNFRA"},"image":{"@id":"https:\/\/agenciainfra.com\/blog\/#\/schema\/logo\/image\/"},"sameAs":["https:\/\/www.facebook.com\/ageninfra","https:\/\/x.com\/agencia_infra","https:\/\/www.linkedin.com\/company\/ag\u00eanciainfra\/","https:\/\/www.instagram.com\/agenciainfra\/"]},{"@type":"Person","@id":"https:\/\/agenciainfra.com\/blog\/#\/schema\/person\/34af08dff6adea4cb22b06612ba7acfa","name":"Ag\u00eancia iNFRA","image":{"@type":"ImageObject","inLanguage":"pt-BR","@id":"https:\/\/agenciainfra.com\/blog\/#\/schema\/person\/image\/","url":"https:\/\/secure.gravatar.com\/avatar\/d189e01678f06d8eb84d4e01f08eb848b3fffe3f8443818d3c356c66892f5be8?s=96&d=mm&r=g","contentUrl":"https:\/\/secure.gravatar.com\/avatar\/d189e01678f06d8eb84d4e01f08eb848b3fffe3f8443818d3c356c66892f5be8?s=96&d=mm&r=g","caption":"Ag\u00eancia iNFRA"},"url":"https:\/\/agenciainfra.com\/blog\/author\/admin\/"}]}},"_links":{"self":[{"href":"https:\/\/agenciainfra.com\/blog\/wp-json\/wp\/v2\/posts\/12191","targetHints":{"allow":["GET"]}}],"collection":[{"href":"https:\/\/agenciainfra.com\/blog\/wp-json\/wp\/v2\/posts"}],"about":[{"href":"https:\/\/agenciainfra.com\/blog\/wp-json\/wp\/v2\/types\/post"}],"author":[{"embeddable":true,"href":"https:\/\/agenciainfra.com\/blog\/wp-json\/wp\/v2\/users\/1"}],"replies":[{"embeddable":true,"href":"https:\/\/agenciainfra.com\/blog\/wp-json\/wp\/v2\/comments?post=12191"}],"version-history":[{"count":0,"href":"https:\/\/agenciainfra.com\/blog\/wp-json\/wp\/v2\/posts\/12191\/revisions"}],"wp:featuredmedia":[{"embeddable":true,"href":"https:\/\/agenciainfra.com\/blog\/wp-json\/wp\/v2\/media\/12192"}],"wp:attachment":[{"href":"https:\/\/agenciainfra.com\/blog\/wp-json\/wp\/v2\/media?parent=12191"}],"wp:term":[{"taxonomy":"category","embeddable":true,"href":"https:\/\/agenciainfra.com\/blog\/wp-json\/wp\/v2\/categories?post=12191"},{"taxonomy":"post_tag","embeddable":true,"href":"https:\/\/agenciainfra.com\/blog\/wp-json\/wp\/v2\/tags?post=12191"}],"curies":[{"name":"wp","href":"https:\/\/api.w.org\/{rel}","templated":true}]}}