{"id":12242,"date":"2023-02-23T09:00:00","date_gmt":"2023-02-23T12:00:00","guid":{"rendered":"https:\/\/www.agenciainfra.com\/blog\/?p=12242"},"modified":"2023-02-17T10:20:31","modified_gmt":"2023-02-17T13:20:31","slug":"nova-concessao-da-br-163-ms-traz-inovacoes-da-5a-rodada","status":"publish","type":"post","link":"https:\/\/agenciainfra.com\/blog\/nova-concessao-da-br-163-ms-traz-inovacoes-da-5a-rodada\/","title":{"rendered":"Nova concess\u00e3o da BR-163\/MS traz inova\u00e7\u00f5es da 5\u00aa rodada"},"content":{"rendered":"\n<p class=\"has-text-align-right\"><strong>Jenifer Ribeiro, da Ag\u00eancia iNFRA<\/strong><\/p>\n\n\n\n<p>A ANTT (Ag\u00eancia Nacional de Transportes Terrestres) autorizou, na \u00faltima quinta-feira (16), a abertura de audi\u00eancia p\u00fablica para tratar da concess\u00e3o da BR-163\/MS, que passa pelo processo de relicita\u00e7\u00e3o desde 2021. O voto est\u00e1 dispon\u00edvel\u00a0<a rel=\"noreferrer noopener\" href=\"https:\/\/agenciainfra.us14.list-manage.com\/track\/click?u=d460dd1bcf9ba0ae040e1fc0f&amp;id=d08b92dde1&amp;e=f0fa444791\" target=\"_blank\">aqui<\/a>. A abertura da audi\u00eancia ser\u00e1 em 27 de fevereiro, conforme ato publicado no Di\u00e1rio Oficial da Uni\u00e3o, dispon\u00edvel\u00a0<a rel=\"noreferrer noopener\" href=\"https:\/\/agenciainfra.us14.list-manage.com\/track\/click?u=d460dd1bcf9ba0ae040e1fc0f&amp;id=a17bb0c2df&amp;e=f0fa444791\" target=\"_blank\">neste link<\/a>.<br><br>O diretor relator da mat\u00e9ria, Davi Barreto, determinou que a nova modelagem siga as inova\u00e7\u00f5es da 5\u00aa rodada de concess\u00f5es rodovi\u00e1rias, como a licita\u00e7\u00e3o da BR-262\/MG, a BR-040\/MG-GO e o lote de rodovias do Rio Grande do Sul, que abrange as BRs-116-153-290-392 \u2013 modelagem feita pelo BNDES (Banco Nacional de Desenvolvimento Econ\u00f4mico e Social).<br><br>Entre os dispositivos presentes no novo contrato est\u00e3o: \u201ca) novo regramento de penalidades; b) regramento de dispute board; c) nova matriz de riscos; d) acordo direto; e) estabilidade tarif\u00e1ria; f) alavancas financeiras; g) recalibragem do mecanismo de risco de receita; h) ajuste nas obras condicionadas ao volume de tr\u00e1fego; i) padr\u00f5es de responsabilidade ambiental, social e governan\u00e7a corporativa; j) relat\u00f3rio de situa\u00e7\u00e3o regulat\u00f3ria anual; e k) adequa\u00e7\u00f5es \u00e0 Lei 14.133\/2021\u201d.<br><br>O edital tamb\u00e9m \u00e9 o primeiro a ser aprovado na vig\u00eancia das novas resolu\u00e7\u00f5es do WACC (ou Custo M\u00e9dio Ponderado de Capital) regulat\u00f3rio do setor de rodovias e vai ser regido pelas novas regras do RCR (Regulamento das Concess\u00f5es Rodovi\u00e1rias), incluindo o sistema de pagamento free flow (fluxo livre).<br><br><strong>Duplica\u00e7\u00e3o e ped\u00e1gio<\/strong><br>Pelo edital apresentado, a nova concession\u00e1ria ter\u00e1 que duplicar 67 quil\u00f4metros dos 379,6 quil\u00f4metros de extens\u00e3o total da licita\u00e7\u00e3o, e a tarifa b\u00e1sica de ped\u00e1gio de pista simples prevista \u00e9 de R$ 14,20 a cada 100 quil\u00f4metros com possibilidade de des\u00e1gio m\u00e1ximo de 14,28%.<br><br>O trecho que ser\u00e1 licitado \u00e9 resultado da divis\u00e3o do lote original, ent\u00e3o composto pelas rodovias BR-163\/MS e BR-267\/MS, que foi dividido a fim de viabilizar a concess\u00e3o. A nova modelagem foi definida pelo governo federal durante a realiza\u00e7\u00e3o dos estudos de viabilidade t\u00e9cnica, econ\u00f4mica e ambiental, pela Infra S.A. Na ocasi\u00e3o, foi priorizada a chamada Rota do Pantanal, trecho a partir do entroncamento com a BR-262 (Campo Grande-MS) at\u00e9 a divisa com o Mato Grosso, no fim da ponte sobre o rio Correntes, com a extens\u00e3o atual.<br><br>O contrato da CCR MSVia, que administra a BR-163\/MS, foi firmado em 2014 durante a 3\u00aa rodada de concess\u00e3o rodovi\u00e1ria e abrange da divisa com o estado do Mato Grosso at\u00e9 a\u00a0divisa com o Paran\u00e1, com extens\u00e3o de 847,2 km.<br><br>A MSVia duplicou 86 quil\u00f4metros de rodovias at\u00e9 o ano de 2015 \u2013 patamar necess\u00e1rio para que a cobran\u00e7a do ped\u00e1gio fosse iniciada. Foi estipulado no contrato que a concession\u00e1ria duplicaria toda a rodovia nos primeiros cinco anos da concess\u00e3o, mas no total foram duplicados 150 quil\u00f4metros.<br><br><strong>Devolu\u00e7\u00e3o<\/strong><br>A relicita\u00e7\u00e3o da concess\u00e3o da CCR MSVia foi qualificada pelo PPI (Programa de Parcerias de Investimentos) em mar\u00e7o de 2021. Na \u00e9poca, a concession\u00e1ria alegou desequil\u00edbrio econ\u00f4mico-financeiro, o mesmo que aconteceu com v\u00e1rias concess\u00f5es da 3\u00aa rodada.<br><br>A BR-163\/MS \u00e9 uma das principais rotas de escoamento dos gr\u00e3os da regi\u00e3o Centro-Oeste para os portos das regi\u00f5es Sul e Sudeste do pa\u00eds. O trecho que passa por audi\u00eancia p\u00fablica vai do entroncamento com a BR-262\/MS, em Campo Grande, at\u00e9 a divisa do estado de Mato Grosso do Sul e o estado de Mato Grosso.<br><br><strong>Mudan\u00e7a de diretor<\/strong><br>A reuni\u00e3o foi a \u00faltima do diretor Davi Barreto, em decorr\u00eancia do t\u00e9rmino do seu mandato. Ele ser\u00e1 substitu\u00eddo pelo advogado Lucas Asfor Rocha. Barreto agradeceu o per\u00edodo que passou na ag\u00eancia e os colegas.<br><br>Por sua vez, ao final da reuni\u00e3o, o diretor-geral, Rafael Vitale, fez elogios ao trabalho de Barreto e agradeceu o per\u00edodo em que ele ocupou o cargo. A reuni\u00e3o completa pode ser acessada na \u00edntegra\u00a0<a rel=\"noreferrer noopener\" href=\"https:\/\/agenciainfra.us14.list-manage.com\/track\/click?u=d460dd1bcf9ba0ae040e1fc0f&amp;id=eb2517731a&amp;e=f0fa444791\" target=\"_blank\">neste link<\/a>.<\/p>\n\n\n\n<p><strong>Free flow<\/strong><br>Durante a reuni\u00e3o, os diretores aprovaram ainda termo aditivo a fim de regular as obriga\u00e7\u00f5es e os efeitos da implementa\u00e7\u00e3o do sandbox regulat\u00f3rio para iniciar a cobran\u00e7a de ped\u00e1gio via free flow (fluxo livre) na BR-101\/RJ e, o termo de refer\u00eancia do sandbox regulat\u00f3rio para a rodovia.<br><br>Pelo voto ficou definido que a ANTT s\u00f3 deve iniciar a fiscaliza\u00e7\u00e3o ap\u00f3s tr\u00eas meses do in\u00edcio da cobran\u00e7a do ped\u00e1gio no sistema free flow. O m\u00e9todo de pagamento come\u00e7ou a ser usado na BR-101\/RJ no dia 30 de janeiro deste ano.<br><br><strong>Malha Oeste<\/strong><br>A diretoria da ANTT aprovou a prorroga\u00e7\u00e3o por 24 meses do processo de relicita\u00e7\u00e3o da Rumo Malha Oeste e por mais 12 meses do prazo das obriga\u00e7\u00f5es n\u00e3o financeiras da empresa para garantir a presta\u00e7\u00e3o de servi\u00e7o da ferrovia.<br><br>O processo de devolu\u00e7\u00e3o tem que ser deliberado at\u00e9 s\u00e1bado (18), por isso, o diretor relator da mat\u00e9ria, Luciano Louren\u00e7o, determinou que o termo aditivo estendendo o prazo em dois anos seja assinado antes do final de semana.<br><br>Em 15 de fevereiro, o conselho do PPI (Programa de Parcerias de Investimentos) aprovou, em car\u00e1ter\u00a0ad referendum, a prorroga\u00e7\u00e3o por 24 meses do processo de relicita\u00e7\u00e3o da malha. A Rumo Malha Oeste protocolou pedido de devolu\u00e7\u00e3o amig\u00e1vel da concess\u00e3o, nos termos da\u00a0<a rel=\"noreferrer noopener\" href=\"https:\/\/agenciainfra.us14.list-manage.com\/track\/click?u=d460dd1bcf9ba0ae040e1fc0f&amp;id=9c1382dff5&amp;e=f0fa444791\" target=\"_blank\">Lei 13.448\/2017<\/a>, em meados de 2020.<br><br><strong>Estrutura da ANTT<\/strong><br>Foi analisada ainda a altera\u00e7\u00e3o de duas resolu\u00e7\u00f5es da ag\u00eancia reguladora, a\u00a0<a rel=\"noreferrer noopener\" href=\"https:\/\/agenciainfra.us14.list-manage.com\/track\/click?u=d460dd1bcf9ba0ae040e1fc0f&amp;id=51d0c54c5b&amp;e=f0fa444791\" target=\"_blank\">Resolu\u00e7\u00e3o 5.818\/2018<\/a>, que trata da delega\u00e7\u00e3o de compet\u00eancias da diretoria colegiada \u00e0s superintend\u00eancias, e a\u00a0<a rel=\"noreferrer noopener\" href=\"https:\/\/agenciainfra.us14.list-manage.com\/track\/click?u=d460dd1bcf9ba0ae040e1fc0f&amp;id=55ec437fef&amp;e=f0fa444791\" target=\"_blank\">Resolu\u00e7\u00e3o 5.977\/2022<\/a>, que disp\u00f5e da estrutura organizacional da ANTT.<br><br>Na primeira foi alterado o artigo 7\u00ba, que discorre sobre a compet\u00eancia da Sufer (Superintend\u00eancia de Transporte Ferrovi\u00e1rio). Com a aprova\u00e7\u00e3o da mudan\u00e7a, agora a superintend\u00eancia ser\u00e1 respons\u00e1vel por conduzir os processos administrativos relativos \u00e0 revis\u00e3o das taxas de deprecia\u00e7\u00e3o e amortiza\u00e7\u00e3o, e pela revis\u00e3o ordin\u00e1ria prevista em contratos de concess\u00e3o e subconcess\u00e3o do transporte ferrovi\u00e1rio.<br><br>A segunda modifica\u00e7\u00e3o aprovada estabelece instru\u00e7\u00f5es para a Coordena\u00e7\u00e3o de Instru\u00e7\u00e3o Processual para instru\u00e7\u00e3o de processo simplificado e restabelece a compet\u00eancia da Ger\u00eancia de Fiscaliza\u00e7\u00e3o de Infraestrutura e Opera\u00e7\u00e3o Rodovi\u00e1ria para decidir processos de defesas no \u00e2mbito da primeira inst\u00e2ncia.<br><br><strong>Nova tarifa<\/strong><br>Os diretores reajustaram tamb\u00e9m a tarifa b\u00e1sica de ped\u00e1gio das BRs-364\/365\/GO\/MG. Os valores sofreram altera\u00e7\u00e3o percentual de 3,85%, modificando a tarifa da categoria de ve\u00edculos I de R$ 5,20 para R$ 5,40.<\/p>\n","protected":false},"excerpt":{"rendered":"<p>Jenifer Ribeiro, da Ag\u00eancia iNFRA A ANTT (Ag\u00eancia Nacional de Transportes Terrestres) autorizou, na \u00faltima quinta-feira (16), a abertura de audi\u00eancia p\u00fablica para tratar da concess\u00e3o da BR-163\/MS, que passa pelo processo de relicita\u00e7\u00e3o desde 2021. O voto est\u00e1 dispon\u00edvel\u00a0aqui. A abertura da audi\u00eancia ser\u00e1 em 27 de fevereiro, conforme ato publicado no Di\u00e1rio Oficial [&hellip;]<\/p>\n","protected":false},"author":1,"featured_media":6902,"comment_status":"closed","ping_status":"closed","sticky":false,"template":"","format":"standard","meta":{"_monsterinsights_skip_tracking":false,"_monsterinsights_sitenote_active":false,"_monsterinsights_sitenote_note":"","_monsterinsights_sitenote_category":0,"footnotes":""},"categories":[1,7],"tags":[19,3226,22,1050,1106,1450,20,36,4611,3406,1027,126,80,5599],"class_list":["post-12242","post","type-post","status-publish","format-standard","has-post-thumbnail","hentry","category-geral","category-infratransporte","tag-antt","tag-br-163-ms","tag-concessao","tag-davi-barreto","tag-free-flow","tag-msvia","tag-pedagio","tag-ppi","tag-rafael-vitale","tag-rcr","tag-relicitacao","tag-rodovias","tag-rumo","tag-sandbox-regulatorio"],"yoast_head":"<!-- This site is optimized with the Yoast SEO Premium plugin v25.4 (Yoast SEO v26.0) - https:\/\/yoast.com\/wordpress\/plugins\/seo\/ -->\n<title>Nova concess\u00e3o da BR-163\/MS traz inova\u00e7\u00f5es da 5\u00aa rodada - Ag\u00eancia iNFRA<\/title>\n<meta name=\"robots\" content=\"index, follow, max-snippet:-1, max-image-preview:large, max-video-preview:-1\" \/>\n<link rel=\"canonical\" href=\"https:\/\/agenciainfra.com\/blog\/nova-concessao-da-br-163-ms-traz-inovacoes-da-5a-rodada\/\" \/>\n<meta property=\"og:locale\" content=\"pt_BR\" \/>\n<meta property=\"og:type\" content=\"article\" \/>\n<meta property=\"og:title\" content=\"Nova concess\u00e3o da BR-163\/MS traz inova\u00e7\u00f5es da 5\u00aa rodada\" \/>\n<meta property=\"og:description\" content=\"Jenifer Ribeiro, da Ag\u00eancia iNFRA A ANTT (Ag\u00eancia Nacional de Transportes Terrestres) autorizou, na \u00faltima quinta-feira (16), a abertura de audi\u00eancia p\u00fablica para tratar da concess\u00e3o da BR-163\/MS, que passa pelo processo de relicita\u00e7\u00e3o desde 2021. O voto est\u00e1 dispon\u00edvel\u00a0aqui. A abertura da audi\u00eancia ser\u00e1 em 27 de fevereiro, conforme ato publicado no Di\u00e1rio Oficial [&hellip;]\" \/>\n<meta property=\"og:url\" content=\"https:\/\/agenciainfra.com\/blog\/nova-concessao-da-br-163-ms-traz-inovacoes-da-5a-rodada\/\" \/>\n<meta property=\"og:site_name\" content=\"Ag\u00eancia iNFRA\" \/>\n<meta property=\"article:publisher\" content=\"https:\/\/www.facebook.com\/ageninfra\" \/>\n<meta property=\"article:published_time\" content=\"2023-02-23T12:00:00+00:00\" \/>\n<meta property=\"og:image\" content=\"https:\/\/agenciainfra.com\/blog\/wp-content\/uploads\/2021\/03\/br-163-ms-foto-antt.jpeg\" \/>\n\t<meta property=\"og:image:width\" content=\"1280\" \/>\n\t<meta property=\"og:image:height\" content=\"718\" \/>\n\t<meta property=\"og:image:type\" content=\"image\/jpeg\" \/>\n<meta name=\"author\" content=\"Ag\u00eancia iNFRA\" \/>\n<meta name=\"twitter:card\" content=\"summary_large_image\" \/>\n<meta name=\"twitter:creator\" content=\"@agencia_infra\" \/>\n<meta name=\"twitter:site\" content=\"@agencia_infra\" \/>\n<meta name=\"twitter:label1\" content=\"Escrito por\" \/>\n\t<meta name=\"twitter:data1\" content=\"Ag\u00eancia iNFRA\" \/>\n\t<meta name=\"twitter:label2\" content=\"Est. tempo de leitura\" \/>\n\t<meta name=\"twitter:data2\" content=\"6 minutos\" \/>\n<script type=\"application\/ld+json\" class=\"yoast-schema-graph\">{\"@context\":\"https:\/\/schema.org\",\"@graph\":[{\"@type\":\"Article\",\"@id\":\"https:\/\/agenciainfra.com\/blog\/nova-concessao-da-br-163-ms-traz-inovacoes-da-5a-rodada\/#article\",\"isPartOf\":{\"@id\":\"https:\/\/agenciainfra.com\/blog\/nova-concessao-da-br-163-ms-traz-inovacoes-da-5a-rodada\/\"},\"author\":{\"name\":\"Ag\u00eancia iNFRA\",\"@id\":\"https:\/\/agenciainfra.com\/blog\/#\/schema\/person\/34af08dff6adea4cb22b06612ba7acfa\"},\"headline\":\"Nova concess\u00e3o da BR-163\/MS traz inova\u00e7\u00f5es da 5\u00aa rodada\",\"datePublished\":\"2023-02-23T12:00:00+00:00\",\"mainEntityOfPage\":{\"@id\":\"https:\/\/agenciainfra.com\/blog\/nova-concessao-da-br-163-ms-traz-inovacoes-da-5a-rodada\/\"},\"wordCount\":1161,\"publisher\":{\"@id\":\"https:\/\/agenciainfra.com\/blog\/#organization\"},\"image\":{\"@id\":\"https:\/\/agenciainfra.com\/blog\/nova-concessao-da-br-163-ms-traz-inovacoes-da-5a-rodada\/#primaryimage\"},\"thumbnailUrl\":\"https:\/\/agenciainfra.com\/blog\/wp-content\/uploads\/2021\/03\/br-163-ms-foto-antt.jpeg\",\"keywords\":[\"ANTT\",\"BR-163\/MS\",\"Concess\u00e3o\",\"Davi Barreto\",\"free flow\",\"MSVIA\",\"Ped\u00e1gio\",\"PPI\",\"Rafael Vitale\",\"RCR\",\"relicita\u00e7\u00e3o\",\"rodovias\",\"Rumo\",\"sandbox regulat\u00f3rio\"],\"articleSection\":[\"Geral\",\"iNFRATransporte\"],\"inLanguage\":\"pt-BR\",\"copyrightYear\":\"2023\",\"copyrightHolder\":{\"@id\":\"https:\/\/agenciainfra.com\/blog\/#organization\"}},{\"@type\":\"WebPage\",\"@id\":\"https:\/\/agenciainfra.com\/blog\/nova-concessao-da-br-163-ms-traz-inovacoes-da-5a-rodada\/\",\"url\":\"https:\/\/agenciainfra.com\/blog\/nova-concessao-da-br-163-ms-traz-inovacoes-da-5a-rodada\/\",\"name\":\"Nova concess\u00e3o da BR-163\/MS traz inova\u00e7\u00f5es da 5\u00aa rodada - Ag\u00eancia iNFRA\",\"isPartOf\":{\"@id\":\"https:\/\/agenciainfra.com\/blog\/#website\"},\"primaryImageOfPage\":{\"@id\":\"https:\/\/agenciainfra.com\/blog\/nova-concessao-da-br-163-ms-traz-inovacoes-da-5a-rodada\/#primaryimage\"},\"image\":{\"@id\":\"https:\/\/agenciainfra.com\/blog\/nova-concessao-da-br-163-ms-traz-inovacoes-da-5a-rodada\/#primaryimage\"},\"thumbnailUrl\":\"https:\/\/agenciainfra.com\/blog\/wp-content\/uploads\/2021\/03\/br-163-ms-foto-antt.jpeg\",\"datePublished\":\"2023-02-23T12:00:00+00:00\",\"breadcrumb\":{\"@id\":\"https:\/\/agenciainfra.com\/blog\/nova-concessao-da-br-163-ms-traz-inovacoes-da-5a-rodada\/#breadcrumb\"},\"inLanguage\":\"pt-BR\",\"potentialAction\":[{\"@type\":\"ReadAction\",\"target\":[\"https:\/\/agenciainfra.com\/blog\/nova-concessao-da-br-163-ms-traz-inovacoes-da-5a-rodada\/\"]}]},{\"@type\":\"ImageObject\",\"inLanguage\":\"pt-BR\",\"@id\":\"https:\/\/agenciainfra.com\/blog\/nova-concessao-da-br-163-ms-traz-inovacoes-da-5a-rodada\/#primaryimage\",\"url\":\"https:\/\/agenciainfra.com\/blog\/wp-content\/uploads\/2021\/03\/br-163-ms-foto-antt.jpeg\",\"contentUrl\":\"https:\/\/agenciainfra.com\/blog\/wp-content\/uploads\/2021\/03\/br-163-ms-foto-antt.jpeg\",\"width\":1280,\"height\":718},{\"@type\":\"BreadcrumbList\",\"@id\":\"https:\/\/agenciainfra.com\/blog\/nova-concessao-da-br-163-ms-traz-inovacoes-da-5a-rodada\/#breadcrumb\",\"itemListElement\":[{\"@type\":\"ListItem\",\"position\":1,\"name\":\"In\u00edcio\",\"item\":\"https:\/\/agenciainfra.com\/blog\/\"},{\"@type\":\"ListItem\",\"position\":2,\"name\":\"Nova concess\u00e3o da BR-163\/MS traz inova\u00e7\u00f5es da 5\u00aa rodada\"}]},{\"@type\":\"WebSite\",\"@id\":\"https:\/\/agenciainfra.com\/blog\/#website\",\"url\":\"https:\/\/agenciainfra.com\/blog\/\",\"name\":\"Ag\u00eancia iNFRA\",\"description\":\"Multiplataforma de informa\u00e7\u00e3o jornal\u00edstica refer\u00eancia na \u00e1rea de infraestrutura no Brasil!\",\"publisher\":{\"@id\":\"https:\/\/agenciainfra.com\/blog\/#organization\"},\"potentialAction\":[{\"@type\":\"SearchAction\",\"target\":{\"@type\":\"EntryPoint\",\"urlTemplate\":\"https:\/\/agenciainfra.com\/blog\/?s={search_term_string}\"},\"query-input\":{\"@type\":\"PropertyValueSpecification\",\"valueRequired\":true,\"valueName\":\"search_term_string\"}}],\"inLanguage\":\"pt-BR\"},{\"@type\":\"Organization\",\"@id\":\"https:\/\/agenciainfra.com\/blog\/#organization\",\"name\":\"Ag\u00eancia iNFRA\",\"url\":\"https:\/\/agenciainfra.com\/blog\/\",\"logo\":{\"@type\":\"ImageObject\",\"inLanguage\":\"pt-BR\",\"@id\":\"https:\/\/agenciainfra.com\/blog\/#\/schema\/logo\/image\/\",\"url\":\"https:\/\/agenciainfra.com\/blog\/wp-content\/uploads\/2023\/09\/iNFRA_5-e1761735885940.png\",\"contentUrl\":\"https:\/\/agenciainfra.com\/blog\/wp-content\/uploads\/2023\/09\/iNFRA_5-e1761735885940.png\",\"width\":1672,\"height\":454,\"caption\":\"Ag\u00eancia iNFRA\"},\"image\":{\"@id\":\"https:\/\/agenciainfra.com\/blog\/#\/schema\/logo\/image\/\"},\"sameAs\":[\"https:\/\/www.facebook.com\/ageninfra\",\"https:\/\/x.com\/agencia_infra\",\"https:\/\/www.linkedin.com\/company\/ag\u00eanciainfra\/\",\"https:\/\/www.instagram.com\/agenciainfra\/\"]},{\"@type\":\"Person\",\"@id\":\"https:\/\/agenciainfra.com\/blog\/#\/schema\/person\/34af08dff6adea4cb22b06612ba7acfa\",\"name\":\"Ag\u00eancia iNFRA\",\"image\":{\"@type\":\"ImageObject\",\"inLanguage\":\"pt-BR\",\"@id\":\"https:\/\/agenciainfra.com\/blog\/#\/schema\/person\/image\/\",\"url\":\"https:\/\/secure.gravatar.com\/avatar\/d189e01678f06d8eb84d4e01f08eb848b3fffe3f8443818d3c356c66892f5be8?s=96&d=mm&r=g\",\"contentUrl\":\"https:\/\/secure.gravatar.com\/avatar\/d189e01678f06d8eb84d4e01f08eb848b3fffe3f8443818d3c356c66892f5be8?s=96&d=mm&r=g\",\"caption\":\"Ag\u00eancia iNFRA\"},\"url\":\"https:\/\/agenciainfra.com\/blog\/author\/admin\/\"}]}<\/script>\n<!-- \/ Yoast SEO Premium plugin. -->","yoast_head_json":{"title":"Nova concess\u00e3o da BR-163\/MS traz inova\u00e7\u00f5es da 5\u00aa rodada - Ag\u00eancia iNFRA","robots":{"index":"index","follow":"follow","max-snippet":"max-snippet:-1","max-image-preview":"max-image-preview:large","max-video-preview":"max-video-preview:-1"},"canonical":"https:\/\/agenciainfra.com\/blog\/nova-concessao-da-br-163-ms-traz-inovacoes-da-5a-rodada\/","og_locale":"pt_BR","og_type":"article","og_title":"Nova concess\u00e3o da BR-163\/MS traz inova\u00e7\u00f5es da 5\u00aa rodada","og_description":"Jenifer Ribeiro, da Ag\u00eancia iNFRA A ANTT (Ag\u00eancia Nacional de Transportes Terrestres) autorizou, na \u00faltima quinta-feira (16), a abertura de audi\u00eancia p\u00fablica para tratar da concess\u00e3o da BR-163\/MS, que passa pelo processo de relicita\u00e7\u00e3o desde 2021. O voto est\u00e1 dispon\u00edvel\u00a0aqui. A abertura da audi\u00eancia ser\u00e1 em 27 de fevereiro, conforme ato publicado no Di\u00e1rio Oficial [&hellip;]","og_url":"https:\/\/agenciainfra.com\/blog\/nova-concessao-da-br-163-ms-traz-inovacoes-da-5a-rodada\/","og_site_name":"Ag\u00eancia iNFRA","article_publisher":"https:\/\/www.facebook.com\/ageninfra","article_published_time":"2023-02-23T12:00:00+00:00","og_image":[{"width":1280,"height":718,"url":"https:\/\/agenciainfra.com\/blog\/wp-content\/uploads\/2021\/03\/br-163-ms-foto-antt.jpeg","type":"image\/jpeg"}],"author":"Ag\u00eancia iNFRA","twitter_card":"summary_large_image","twitter_creator":"@agencia_infra","twitter_site":"@agencia_infra","twitter_misc":{"Escrito por":"Ag\u00eancia iNFRA","Est. tempo de leitura":"6 minutos"},"schema":{"@context":"https:\/\/schema.org","@graph":[{"@type":"Article","@id":"https:\/\/agenciainfra.com\/blog\/nova-concessao-da-br-163-ms-traz-inovacoes-da-5a-rodada\/#article","isPartOf":{"@id":"https:\/\/agenciainfra.com\/blog\/nova-concessao-da-br-163-ms-traz-inovacoes-da-5a-rodada\/"},"author":{"name":"Ag\u00eancia iNFRA","@id":"https:\/\/agenciainfra.com\/blog\/#\/schema\/person\/34af08dff6adea4cb22b06612ba7acfa"},"headline":"Nova concess\u00e3o da BR-163\/MS traz inova\u00e7\u00f5es da 5\u00aa rodada","datePublished":"2023-02-23T12:00:00+00:00","mainEntityOfPage":{"@id":"https:\/\/agenciainfra.com\/blog\/nova-concessao-da-br-163-ms-traz-inovacoes-da-5a-rodada\/"},"wordCount":1161,"publisher":{"@id":"https:\/\/agenciainfra.com\/blog\/#organization"},"image":{"@id":"https:\/\/agenciainfra.com\/blog\/nova-concessao-da-br-163-ms-traz-inovacoes-da-5a-rodada\/#primaryimage"},"thumbnailUrl":"https:\/\/agenciainfra.com\/blog\/wp-content\/uploads\/2021\/03\/br-163-ms-foto-antt.jpeg","keywords":["ANTT","BR-163\/MS","Concess\u00e3o","Davi Barreto","free flow","MSVIA","Ped\u00e1gio","PPI","Rafael Vitale","RCR","relicita\u00e7\u00e3o","rodovias","Rumo","sandbox regulat\u00f3rio"],"articleSection":["Geral","iNFRATransporte"],"inLanguage":"pt-BR","copyrightYear":"2023","copyrightHolder":{"@id":"https:\/\/agenciainfra.com\/blog\/#organization"}},{"@type":"WebPage","@id":"https:\/\/agenciainfra.com\/blog\/nova-concessao-da-br-163-ms-traz-inovacoes-da-5a-rodada\/","url":"https:\/\/agenciainfra.com\/blog\/nova-concessao-da-br-163-ms-traz-inovacoes-da-5a-rodada\/","name":"Nova concess\u00e3o da BR-163\/MS traz inova\u00e7\u00f5es da 5\u00aa rodada - Ag\u00eancia iNFRA","isPartOf":{"@id":"https:\/\/agenciainfra.com\/blog\/#website"},"primaryImageOfPage":{"@id":"https:\/\/agenciainfra.com\/blog\/nova-concessao-da-br-163-ms-traz-inovacoes-da-5a-rodada\/#primaryimage"},"image":{"@id":"https:\/\/agenciainfra.com\/blog\/nova-concessao-da-br-163-ms-traz-inovacoes-da-5a-rodada\/#primaryimage"},"thumbnailUrl":"https:\/\/agenciainfra.com\/blog\/wp-content\/uploads\/2021\/03\/br-163-ms-foto-antt.jpeg","datePublished":"2023-02-23T12:00:00+00:00","breadcrumb":{"@id":"https:\/\/agenciainfra.com\/blog\/nova-concessao-da-br-163-ms-traz-inovacoes-da-5a-rodada\/#breadcrumb"},"inLanguage":"pt-BR","potentialAction":[{"@type":"ReadAction","target":["https:\/\/agenciainfra.com\/blog\/nova-concessao-da-br-163-ms-traz-inovacoes-da-5a-rodada\/"]}]},{"@type":"ImageObject","inLanguage":"pt-BR","@id":"https:\/\/agenciainfra.com\/blog\/nova-concessao-da-br-163-ms-traz-inovacoes-da-5a-rodada\/#primaryimage","url":"https:\/\/agenciainfra.com\/blog\/wp-content\/uploads\/2021\/03\/br-163-ms-foto-antt.jpeg","contentUrl":"https:\/\/agenciainfra.com\/blog\/wp-content\/uploads\/2021\/03\/br-163-ms-foto-antt.jpeg","width":1280,"height":718},{"@type":"BreadcrumbList","@id":"https:\/\/agenciainfra.com\/blog\/nova-concessao-da-br-163-ms-traz-inovacoes-da-5a-rodada\/#breadcrumb","itemListElement":[{"@type":"ListItem","position":1,"name":"In\u00edcio","item":"https:\/\/agenciainfra.com\/blog\/"},{"@type":"ListItem","position":2,"name":"Nova concess\u00e3o da BR-163\/MS traz inova\u00e7\u00f5es da 5\u00aa rodada"}]},{"@type":"WebSite","@id":"https:\/\/agenciainfra.com\/blog\/#website","url":"https:\/\/agenciainfra.com\/blog\/","name":"Ag\u00eancia iNFRA","description":"Multiplataforma de informa\u00e7\u00e3o jornal\u00edstica refer\u00eancia na \u00e1rea de infraestrutura no Brasil!","publisher":{"@id":"https:\/\/agenciainfra.com\/blog\/#organization"},"potentialAction":[{"@type":"SearchAction","target":{"@type":"EntryPoint","urlTemplate":"https:\/\/agenciainfra.com\/blog\/?s={search_term_string}"},"query-input":{"@type":"PropertyValueSpecification","valueRequired":true,"valueName":"search_term_string"}}],"inLanguage":"pt-BR"},{"@type":"Organization","@id":"https:\/\/agenciainfra.com\/blog\/#organization","name":"Ag\u00eancia iNFRA","url":"https:\/\/agenciainfra.com\/blog\/","logo":{"@type":"ImageObject","inLanguage":"pt-BR","@id":"https:\/\/agenciainfra.com\/blog\/#\/schema\/logo\/image\/","url":"https:\/\/agenciainfra.com\/blog\/wp-content\/uploads\/2023\/09\/iNFRA_5-e1761735885940.png","contentUrl":"https:\/\/agenciainfra.com\/blog\/wp-content\/uploads\/2023\/09\/iNFRA_5-e1761735885940.png","width":1672,"height":454,"caption":"Ag\u00eancia iNFRA"},"image":{"@id":"https:\/\/agenciainfra.com\/blog\/#\/schema\/logo\/image\/"},"sameAs":["https:\/\/www.facebook.com\/ageninfra","https:\/\/x.com\/agencia_infra","https:\/\/www.linkedin.com\/company\/ag\u00eanciainfra\/","https:\/\/www.instagram.com\/agenciainfra\/"]},{"@type":"Person","@id":"https:\/\/agenciainfra.com\/blog\/#\/schema\/person\/34af08dff6adea4cb22b06612ba7acfa","name":"Ag\u00eancia iNFRA","image":{"@type":"ImageObject","inLanguage":"pt-BR","@id":"https:\/\/agenciainfra.com\/blog\/#\/schema\/person\/image\/","url":"https:\/\/secure.gravatar.com\/avatar\/d189e01678f06d8eb84d4e01f08eb848b3fffe3f8443818d3c356c66892f5be8?s=96&d=mm&r=g","contentUrl":"https:\/\/secure.gravatar.com\/avatar\/d189e01678f06d8eb84d4e01f08eb848b3fffe3f8443818d3c356c66892f5be8?s=96&d=mm&r=g","caption":"Ag\u00eancia iNFRA"},"url":"https:\/\/agenciainfra.com\/blog\/author\/admin\/"}]}},"_links":{"self":[{"href":"https:\/\/agenciainfra.com\/blog\/wp-json\/wp\/v2\/posts\/12242","targetHints":{"allow":["GET"]}}],"collection":[{"href":"https:\/\/agenciainfra.com\/blog\/wp-json\/wp\/v2\/posts"}],"about":[{"href":"https:\/\/agenciainfra.com\/blog\/wp-json\/wp\/v2\/types\/post"}],"author":[{"embeddable":true,"href":"https:\/\/agenciainfra.com\/blog\/wp-json\/wp\/v2\/users\/1"}],"replies":[{"embeddable":true,"href":"https:\/\/agenciainfra.com\/blog\/wp-json\/wp\/v2\/comments?post=12242"}],"version-history":[{"count":0,"href":"https:\/\/agenciainfra.com\/blog\/wp-json\/wp\/v2\/posts\/12242\/revisions"}],"wp:featuredmedia":[{"embeddable":true,"href":"https:\/\/agenciainfra.com\/blog\/wp-json\/wp\/v2\/media\/6902"}],"wp:attachment":[{"href":"https:\/\/agenciainfra.com\/blog\/wp-json\/wp\/v2\/media?parent=12242"}],"wp:term":[{"taxonomy":"category","embeddable":true,"href":"https:\/\/agenciainfra.com\/blog\/wp-json\/wp\/v2\/categories?post=12242"},{"taxonomy":"post_tag","embeddable":true,"href":"https:\/\/agenciainfra.com\/blog\/wp-json\/wp\/v2\/tags?post=12242"}],"curies":[{"name":"wp","href":"https:\/\/api.w.org\/{rel}","templated":true}]}}