{"id":12252,"date":"2023-02-23T10:00:00","date_gmt":"2023-02-23T13:00:00","guid":{"rendered":"https:\/\/www.agenciainfra.com\/blog\/?p=12252"},"modified":"2023-02-23T07:26:51","modified_gmt":"2023-02-23T10:26:51","slug":"regras-de-renovacao-das-concessoes-de-distribuicao-deveriam-ter-sido-estabelecidas-em-julho-de-2022-diz-tcu","status":"publish","type":"post","link":"https:\/\/agenciainfra.com\/blog\/regras-de-renovacao-das-concessoes-de-distribuicao-deveriam-ter-sido-estabelecidas-em-julho-de-2022-diz-tcu\/","title":{"rendered":"Regras de renova\u00e7\u00e3o das concess\u00f5es de distribui\u00e7\u00e3o deveriam ter sido estabelecidas em julho de 2022, diz TCU"},"content":{"rendered":"\n<p class=\"has-text-align-right\">*<strong>Roberto Rockmann<\/strong><\/p>\n\n\n\n<p>As diretrizes, regras e regulamenta\u00e7\u00e3o para a prorroga\u00e7\u00e3o das concess\u00f5es de distribui\u00e7\u00e3o de energia, ou uma eventual relicita\u00e7\u00e3o das mesmas, deveriam ter sido estabelecidas pelo governo federal em julho de 2022.<\/p>\n\n\n\n<p>Isso \u00e9 o que diz o ac\u00f3rd\u00e3o do TCU (Tribunal de Contas da Uni\u00e3o) de 2015, emitido no contexto do monitoramento das concess\u00f5es de distribui\u00e7\u00e3o prorrogadas com base na MP (Medida Provis\u00f3ria) 579, de 2012. O documento poder\u00e1 ser mais um fator de press\u00e3o para acelerar o debate sobre as outorgas de distribui\u00e7\u00e3o de energia el\u00e9trica com vencimento nos pr\u00f3ximos dez anos.<\/p>\n\n\n\n<p>O&nbsp;<a href=\"https:\/\/agenciainfra.us14.list-manage.com\/track\/click?u=d460dd1bcf9ba0ae040e1fc0f&amp;id=c8a8ddc8ee&amp;e=f0fa444791\" target=\"_blank\" rel=\"noreferrer noopener\">Ac\u00f3rd\u00e3o 2.253\/2015<\/a>,&nbsp;cuja relatoria foi de Jos\u00e9 M\u00facio Monteiro (hoje ministro da Defesa), determina no item 9.5 que o Minist\u00e9rio de Minas e Energia \u201cdeve adotar as provid\u00eancias para defini\u00e7\u00e3o, com anteced\u00eancia m\u00ednima de tr\u00eas anos do termo final dos contratos de concess\u00f5es de distribui\u00e7\u00e3o\u201d. O n\u00e3o cumprimento poderia ensejar a aplica\u00e7\u00e3o da penalidade de multa prevista no art. 58, inciso IV e \u00a7 1\u00ba, da Lei 8.443\/1992.<\/p>\n\n\n\n<p>O primeiro contrato de distribui\u00e7\u00e3o a expirar \u00e9 o da EDP-ES (antiga Escelsa, privatizada em 1995), em 16 de julho de 2025. Assumindo a exist\u00eancia de comando legal autorizativo (artigo&nbsp;7\u00ba da Lei 12.783\/2013, resultante da MP 579\/2012), essas condi\u00e7\u00f5es regulamentares para eventual prorroga\u00e7\u00e3o da concess\u00e3o deveriam ter sido estabelecidas pelo governo federal em julho de 2022.<\/p>\n\n\n\n<p>A concession\u00e1ria tem 36 meses para manifestar sua inten\u00e7\u00e3o de renova\u00e7\u00e3o ou n\u00e3o (o que a EDP j\u00e1 fez) e o poder concedente disp\u00f5e de 18 meses para tomar a sua decis\u00e3o. O minist\u00e9rio tem at\u00e9 17 de janeiro de 2024 para dar a resposta \u00e0 empresa.<\/p>\n\n\n\n<p><strong>Mais sete meses<\/strong><br>No entanto, o governo Bolsonaro teria pedido extens\u00e3o do prazo por mais sete meses, at\u00e9 fevereiro deste ano. A equipe do ent\u00e3o ministro de Minas e Energia, Adolfo Sachsida, trabalhou para desenvolver estudos e elaborar um conjunto de diretrizes gerais sobre a quest\u00e3o e at\u00e9 articulou o lan\u00e7amento de uma consulta p\u00fablica ainda no ano passado.<\/p>\n\n\n\n<p>E-mails trocados ao final de 2022 \u2013 a que tivemos acesso \u2013 confirmam que, diferentemente do que fora anunciado por representantes do minist\u00e9rio em eventos p\u00fablicos entre junho e agosto, a abertura de consulta p\u00fablica sobre diretrizes para a renova\u00e7\u00e3o de concess\u00f5es de distribui\u00e7\u00e3o com vencimento a partir de 2025 n\u00e3o ocorreria at\u00e9 o final do exerc\u00edcio. Ficariam para o atual governo.<\/p>\n\n\n\n<p>Em uma das mensagens eletr\u00f4nicas, constam informa\u00e7\u00f5es de que as \u00e1reas t\u00e9cnicas do minist\u00e9rio \u201cconclu\u00edram os estudos e encaminharam relat\u00f3rio ao Tribunal de Contas da Uni\u00e3o, que acompanha o assunto em auditoria sobre o tema\u201d. Tamb\u00e9m destacam que \u201ca proposta para as concess\u00f5es vincendas de distribui\u00e7\u00e3o foi conclu\u00edda e ser\u00e1 entregue \u00e0 nova equipe do MME\u201d.<\/p>\n\n\n\n<p>Sob o cronograma da lei ou do TCU, o tempo corre, n\u00e3o apenas porque algumas das distribuidoras enfrentam dificuldades para se financiar, como tamb\u00e9m porque as novas condi\u00e7\u00f5es desses contratos deveriam ser submetidas \u00e0 consulta p\u00fablica, para evitar o processo traum\u00e1tico ocorrido entre setembro de 2012 e janeiro de 2013, com a MP 579.<\/p>\n\n\n\n<p>O assunto da renova\u00e7\u00e3o das concess\u00f5es tem movimentado as distribuidoras. As diretorias da Light e da Enel estiveram em Bras\u00edlia na semana passada conversando com o ministro Alexandre Silveira e com a diretoria da ANEEL (Ag\u00eancia Nacional de Energia El\u00e9trica).<\/p>\n\n\n\n<p><strong>Revis\u00e3o tarif\u00e1ria peri\u00f3dica<\/strong><br>O tema ganhar\u00e1 mais um estopim em breve: em 15 de mar\u00e7o, a Enel-RJ ser\u00e1 submetida \u00e0 sua revis\u00e3o peri\u00f3dica de tarifas, processo que ocorre a cada cinco anos em m\u00e9dia.<\/p>\n\n\n\n<p>Ele trata do reposicionamento tarif\u00e1rio, compartilhamento de ganhos de efici\u00eancia, redimensionamento do mercado, defini\u00e7\u00e3o dos correspondentes limites dos indicadores de continuidade de Dura\u00e7\u00e3o Equivalente de Interrup\u00e7\u00e3o por Unidade Consumidora (DEC) e Frequ\u00eancia Equivalente de Interrup\u00e7\u00e3o por Unidade Consumidora (FEC), para o per\u00edodo de 2024 a 2028. Essa revis\u00e3o \u00e9 diferente do reajuste anual.<\/p>\n\n\n\n<p><strong>O que est\u00e1 em jogo?<\/strong><br>No segmento de distribui\u00e7\u00e3o, existem 20 contratos com t\u00e9rmino entre 2025 e 2031, de concess\u00f5es como a da Light e da Enel-RJ. Na transmiss\u00e3o, s\u00e3o 24 contratos com vencimento de 2025 a 2032, sendo os tr\u00eas primeiros resultantes da privatiza\u00e7\u00e3o da Escelsa, Light e Coelba, que eram empresas verticalizadas.<\/p>\n\n\n\n<p>J\u00e1 na gera\u00e7\u00e3o, s\u00e3o 83 concess\u00f5es de hidrel\u00e9tricas que expiram de 2022 a 2032, excluindo Tucuru\u00ed e Mascarenhas de Morais, que pertencem a Eletrobras e tiveram seus contratos renovados na privatiza\u00e7\u00e3o da estatal.<\/p>\n\n\n\n<p>Em distribui\u00e7\u00e3o, as concess\u00f5es vincendas respondem por cerca de 60% do mercado nacional. O tratamento para o t\u00e9rmino dos contratos ser\u00e1 estrat\u00e9gico para orientar o perfil da concess\u00e3o e os investimentos nas pr\u00f3ximas d\u00e9cadas. Os grupos Enel, CPFL, Neoenergia e EDP respondem conjuntamente por 81% do mercado vincendo.<\/p>\n\n\n\n<h6 class=\"wp-block-heading\" id=\"block-f323f59b-51bf-4eed-b17b-3c7d3b917007\">*Roberto Rockmann <strong>\u00e9 escritor e jornalista. Coautor do livro \u201cCurto-Circuito, quando o Brasil quase ficou \u00e0s escuras\u201d e produtor do podcast quinzenal \u201cGiro Energia\u201d sobre o setor el\u00e9trico. Organizou em 2018 o livro de 20 anos do mercado livre de energia el\u00e9trica, editado pela CCEE (C\u00e2mara de Comercializa\u00e7\u00e3o de Energia El\u00e9trica), al\u00e9m de v\u00e1rios outros livros e trabalhos premiados<\/strong>.<\/h6>\n\n\n\n<p><strong>As opini\u00f5es dos autores n\u00e3o refletem necessariamente o pensamento da Ag\u00eancia iNFRA, sendo de total responsabilidade do autor as informa\u00e7\u00f5es, ju\u00edzos de valor e conceitos descritos no texto<\/strong>. <\/p>\n","protected":false},"excerpt":{"rendered":"<p>*Roberto Rockmann As diretrizes, regras e regulamenta\u00e7\u00e3o para a prorroga\u00e7\u00e3o das concess\u00f5es de distribui\u00e7\u00e3o de energia, ou uma eventual relicita\u00e7\u00e3o das mesmas, deveriam ter sido estabelecidas pelo governo federal em julho de 2022. Isso \u00e9 o que diz o ac\u00f3rd\u00e3o do TCU (Tribunal de Contas da Uni\u00e3o) de 2015, emitido no contexto do monitoramento das [&hellip;]<\/p>\n","protected":false},"author":1,"featured_media":4050,"comment_status":"closed","ping_status":"closed","sticky":false,"template":"","format":"standard","meta":{"_monsterinsights_skip_tracking":false,"_monsterinsights_sitenote_active":false,"_monsterinsights_sitenote_note":"","_monsterinsights_sitenote_category":0,"footnotes":""},"categories":[1],"tags":[6400,5391,541,2199,6347,25,5926,6402,6401,928,5182,2690,18],"class_list":["post-12252","post","type-post","status-publish","format-standard","has-post-thumbnail","hentry","category-geral","tag-acordao-2-253-2015","tag-adolfo-sachsida","tag-dec","tag-distribuicao","tag-edp-es","tag-energia","tag-escelsa","tag-fec","tag-jose-mucio-monteiro","tag-mp-579","tag-outorgas","tag-revisao-tarifaria","tag-tcu"],"yoast_head":"<!-- This site is optimized with the Yoast SEO Premium plugin v25.4 (Yoast SEO v26.0) - https:\/\/yoast.com\/wordpress\/plugins\/seo\/ -->\n<title>Regras de renova\u00e7\u00e3o das concess\u00f5es de distribui\u00e7\u00e3o deveriam ter sido estabelecidas em julho de 2022, diz TCU - Ag\u00eancia iNFRA<\/title>\n<meta name=\"robots\" content=\"index, follow, max-snippet:-1, max-image-preview:large, max-video-preview:-1\" \/>\n<link rel=\"canonical\" href=\"https:\/\/agenciainfra.com\/blog\/regras-de-renovacao-das-concessoes-de-distribuicao-deveriam-ter-sido-estabelecidas-em-julho-de-2022-diz-tcu\/\" \/>\n<meta property=\"og:locale\" content=\"pt_BR\" \/>\n<meta property=\"og:type\" content=\"article\" \/>\n<meta property=\"og:title\" content=\"Regras de renova\u00e7\u00e3o das concess\u00f5es de distribui\u00e7\u00e3o deveriam ter sido estabelecidas em julho de 2022, diz TCU\" \/>\n<meta property=\"og:description\" content=\"*Roberto Rockmann As diretrizes, regras e regulamenta\u00e7\u00e3o para a prorroga\u00e7\u00e3o das concess\u00f5es de distribui\u00e7\u00e3o de energia, ou uma eventual relicita\u00e7\u00e3o das mesmas, deveriam ter sido estabelecidas pelo governo federal em julho de 2022. Isso \u00e9 o que diz o ac\u00f3rd\u00e3o do TCU (Tribunal de Contas da Uni\u00e3o) de 2015, emitido no contexto do monitoramento das [&hellip;]\" \/>\n<meta property=\"og:url\" content=\"https:\/\/agenciainfra.com\/blog\/regras-de-renovacao-das-concessoes-de-distribuicao-deveriam-ter-sido-estabelecidas-em-julho-de-2022-diz-tcu\/\" \/>\n<meta property=\"og:site_name\" content=\"Ag\u00eancia iNFRA\" \/>\n<meta property=\"article:publisher\" content=\"https:\/\/www.facebook.com\/ageninfra\" \/>\n<meta property=\"article:published_time\" content=\"2023-02-23T13:00:00+00:00\" \/>\n<meta property=\"og:image\" content=\"https:\/\/agenciainfra.com\/blog\/wp-content\/uploads\/2019\/11\/tcu.jpg\" \/>\n\t<meta property=\"og:image:width\" content=\"1280\" \/>\n\t<meta property=\"og:image:height\" content=\"853\" \/>\n\t<meta property=\"og:image:type\" content=\"image\/jpeg\" \/>\n<meta name=\"author\" content=\"Ag\u00eancia iNFRA\" \/>\n<meta name=\"twitter:card\" content=\"summary_large_image\" \/>\n<meta name=\"twitter:creator\" content=\"@agencia_infra\" \/>\n<meta name=\"twitter:site\" content=\"@agencia_infra\" \/>\n<meta name=\"twitter:label1\" content=\"Escrito por\" \/>\n\t<meta name=\"twitter:data1\" content=\"Ag\u00eancia iNFRA\" \/>\n\t<meta name=\"twitter:label2\" content=\"Est. tempo de leitura\" \/>\n\t<meta name=\"twitter:data2\" content=\"5 minutos\" \/>\n<script type=\"application\/ld+json\" class=\"yoast-schema-graph\">{\"@context\":\"https:\/\/schema.org\",\"@graph\":[{\"@type\":\"Article\",\"@id\":\"https:\/\/agenciainfra.com\/blog\/regras-de-renovacao-das-concessoes-de-distribuicao-deveriam-ter-sido-estabelecidas-em-julho-de-2022-diz-tcu\/#article\",\"isPartOf\":{\"@id\":\"https:\/\/agenciainfra.com\/blog\/regras-de-renovacao-das-concessoes-de-distribuicao-deveriam-ter-sido-estabelecidas-em-julho-de-2022-diz-tcu\/\"},\"author\":{\"name\":\"Ag\u00eancia iNFRA\",\"@id\":\"https:\/\/agenciainfra.com\/blog\/#\/schema\/person\/34af08dff6adea4cb22b06612ba7acfa\"},\"headline\":\"Regras de renova\u00e7\u00e3o das concess\u00f5es de distribui\u00e7\u00e3o deveriam ter sido estabelecidas em julho de 2022, diz TCU\",\"datePublished\":\"2023-02-23T13:00:00+00:00\",\"mainEntityOfPage\":{\"@id\":\"https:\/\/agenciainfra.com\/blog\/regras-de-renovacao-das-concessoes-de-distribuicao-deveriam-ter-sido-estabelecidas-em-julho-de-2022-diz-tcu\/\"},\"wordCount\":939,\"publisher\":{\"@id\":\"https:\/\/agenciainfra.com\/blog\/#organization\"},\"image\":{\"@id\":\"https:\/\/agenciainfra.com\/blog\/regras-de-renovacao-das-concessoes-de-distribuicao-deveriam-ter-sido-estabelecidas-em-julho-de-2022-diz-tcu\/#primaryimage\"},\"thumbnailUrl\":\"https:\/\/agenciainfra.com\/blog\/wp-content\/uploads\/2019\/11\/tcu.jpg\",\"keywords\":[\"Ac\u00f3rd\u00e3o 2.253\/2015\",\"Adolfo Sachsida\",\"DEC\",\"distribui\u00e7\u00e3o\",\"EDP-ES\",\"energia\",\"Escelsa\",\"FEC\",\"Jos\u00e9 M\u00facio Monteiro\",\"MP 579\",\"outorgas\",\"revis\u00e3o tarif\u00e1ria\",\"TCU\"],\"articleSection\":[\"Geral\"],\"inLanguage\":\"pt-BR\",\"copyrightYear\":\"2023\",\"copyrightHolder\":{\"@id\":\"https:\/\/agenciainfra.com\/blog\/#organization\"}},{\"@type\":\"WebPage\",\"@id\":\"https:\/\/agenciainfra.com\/blog\/regras-de-renovacao-das-concessoes-de-distribuicao-deveriam-ter-sido-estabelecidas-em-julho-de-2022-diz-tcu\/\",\"url\":\"https:\/\/agenciainfra.com\/blog\/regras-de-renovacao-das-concessoes-de-distribuicao-deveriam-ter-sido-estabelecidas-em-julho-de-2022-diz-tcu\/\",\"name\":\"Regras de renova\u00e7\u00e3o das concess\u00f5es de distribui\u00e7\u00e3o deveriam ter sido estabelecidas em julho de 2022, diz TCU - Ag\u00eancia iNFRA\",\"isPartOf\":{\"@id\":\"https:\/\/agenciainfra.com\/blog\/#website\"},\"primaryImageOfPage\":{\"@id\":\"https:\/\/agenciainfra.com\/blog\/regras-de-renovacao-das-concessoes-de-distribuicao-deveriam-ter-sido-estabelecidas-em-julho-de-2022-diz-tcu\/#primaryimage\"},\"image\":{\"@id\":\"https:\/\/agenciainfra.com\/blog\/regras-de-renovacao-das-concessoes-de-distribuicao-deveriam-ter-sido-estabelecidas-em-julho-de-2022-diz-tcu\/#primaryimage\"},\"thumbnailUrl\":\"https:\/\/agenciainfra.com\/blog\/wp-content\/uploads\/2019\/11\/tcu.jpg\",\"datePublished\":\"2023-02-23T13:00:00+00:00\",\"breadcrumb\":{\"@id\":\"https:\/\/agenciainfra.com\/blog\/regras-de-renovacao-das-concessoes-de-distribuicao-deveriam-ter-sido-estabelecidas-em-julho-de-2022-diz-tcu\/#breadcrumb\"},\"inLanguage\":\"pt-BR\",\"potentialAction\":[{\"@type\":\"ReadAction\",\"target\":[\"https:\/\/agenciainfra.com\/blog\/regras-de-renovacao-das-concessoes-de-distribuicao-deveriam-ter-sido-estabelecidas-em-julho-de-2022-diz-tcu\/\"]}]},{\"@type\":\"ImageObject\",\"inLanguage\":\"pt-BR\",\"@id\":\"https:\/\/agenciainfra.com\/blog\/regras-de-renovacao-das-concessoes-de-distribuicao-deveriam-ter-sido-estabelecidas-em-julho-de-2022-diz-tcu\/#primaryimage\",\"url\":\"https:\/\/agenciainfra.com\/blog\/wp-content\/uploads\/2019\/11\/tcu.jpg\",\"contentUrl\":\"https:\/\/agenciainfra.com\/blog\/wp-content\/uploads\/2019\/11\/tcu.jpg\",\"width\":1280,\"height\":853},{\"@type\":\"BreadcrumbList\",\"@id\":\"https:\/\/agenciainfra.com\/blog\/regras-de-renovacao-das-concessoes-de-distribuicao-deveriam-ter-sido-estabelecidas-em-julho-de-2022-diz-tcu\/#breadcrumb\",\"itemListElement\":[{\"@type\":\"ListItem\",\"position\":1,\"name\":\"In\u00edcio\",\"item\":\"https:\/\/agenciainfra.com\/blog\/\"},{\"@type\":\"ListItem\",\"position\":2,\"name\":\"Regras de renova\u00e7\u00e3o das concess\u00f5es de distribui\u00e7\u00e3o deveriam ter sido estabelecidas em julho de 2022, diz TCU\"}]},{\"@type\":\"WebSite\",\"@id\":\"https:\/\/agenciainfra.com\/blog\/#website\",\"url\":\"https:\/\/agenciainfra.com\/blog\/\",\"name\":\"Ag\u00eancia iNFRA\",\"description\":\"Multiplataforma de informa\u00e7\u00e3o jornal\u00edstica refer\u00eancia na \u00e1rea de infraestrutura no Brasil!\",\"publisher\":{\"@id\":\"https:\/\/agenciainfra.com\/blog\/#organization\"},\"potentialAction\":[{\"@type\":\"SearchAction\",\"target\":{\"@type\":\"EntryPoint\",\"urlTemplate\":\"https:\/\/agenciainfra.com\/blog\/?s={search_term_string}\"},\"query-input\":{\"@type\":\"PropertyValueSpecification\",\"valueRequired\":true,\"valueName\":\"search_term_string\"}}],\"inLanguage\":\"pt-BR\"},{\"@type\":\"Organization\",\"@id\":\"https:\/\/agenciainfra.com\/blog\/#organization\",\"name\":\"Ag\u00eancia iNFRA\",\"url\":\"https:\/\/agenciainfra.com\/blog\/\",\"logo\":{\"@type\":\"ImageObject\",\"inLanguage\":\"pt-BR\",\"@id\":\"https:\/\/agenciainfra.com\/blog\/#\/schema\/logo\/image\/\",\"url\":\"https:\/\/agenciainfra.com\/blog\/wp-content\/uploads\/2023\/09\/iNFRA_5-e1761735885940.png\",\"contentUrl\":\"https:\/\/agenciainfra.com\/blog\/wp-content\/uploads\/2023\/09\/iNFRA_5-e1761735885940.png\",\"width\":1672,\"height\":454,\"caption\":\"Ag\u00eancia iNFRA\"},\"image\":{\"@id\":\"https:\/\/agenciainfra.com\/blog\/#\/schema\/logo\/image\/\"},\"sameAs\":[\"https:\/\/www.facebook.com\/ageninfra\",\"https:\/\/x.com\/agencia_infra\",\"https:\/\/www.linkedin.com\/company\/ag\u00eanciainfra\/\",\"https:\/\/www.instagram.com\/agenciainfra\/\"]},{\"@type\":\"Person\",\"@id\":\"https:\/\/agenciainfra.com\/blog\/#\/schema\/person\/34af08dff6adea4cb22b06612ba7acfa\",\"name\":\"Ag\u00eancia iNFRA\",\"image\":{\"@type\":\"ImageObject\",\"inLanguage\":\"pt-BR\",\"@id\":\"https:\/\/agenciainfra.com\/blog\/#\/schema\/person\/image\/\",\"url\":\"https:\/\/secure.gravatar.com\/avatar\/d189e01678f06d8eb84d4e01f08eb848b3fffe3f8443818d3c356c66892f5be8?s=96&d=mm&r=g\",\"contentUrl\":\"https:\/\/secure.gravatar.com\/avatar\/d189e01678f06d8eb84d4e01f08eb848b3fffe3f8443818d3c356c66892f5be8?s=96&d=mm&r=g\",\"caption\":\"Ag\u00eancia iNFRA\"},\"url\":\"https:\/\/agenciainfra.com\/blog\/author\/admin\/\"}]}<\/script>\n<!-- \/ Yoast SEO Premium plugin. -->","yoast_head_json":{"title":"Regras de renova\u00e7\u00e3o das concess\u00f5es de distribui\u00e7\u00e3o deveriam ter sido estabelecidas em julho de 2022, diz TCU - Ag\u00eancia iNFRA","robots":{"index":"index","follow":"follow","max-snippet":"max-snippet:-1","max-image-preview":"max-image-preview:large","max-video-preview":"max-video-preview:-1"},"canonical":"https:\/\/agenciainfra.com\/blog\/regras-de-renovacao-das-concessoes-de-distribuicao-deveriam-ter-sido-estabelecidas-em-julho-de-2022-diz-tcu\/","og_locale":"pt_BR","og_type":"article","og_title":"Regras de renova\u00e7\u00e3o das concess\u00f5es de distribui\u00e7\u00e3o deveriam ter sido estabelecidas em julho de 2022, diz TCU","og_description":"*Roberto Rockmann As diretrizes, regras e regulamenta\u00e7\u00e3o para a prorroga\u00e7\u00e3o das concess\u00f5es de distribui\u00e7\u00e3o de energia, ou uma eventual relicita\u00e7\u00e3o das mesmas, deveriam ter sido estabelecidas pelo governo federal em julho de 2022. Isso \u00e9 o que diz o ac\u00f3rd\u00e3o do TCU (Tribunal de Contas da Uni\u00e3o) de 2015, emitido no contexto do monitoramento das [&hellip;]","og_url":"https:\/\/agenciainfra.com\/blog\/regras-de-renovacao-das-concessoes-de-distribuicao-deveriam-ter-sido-estabelecidas-em-julho-de-2022-diz-tcu\/","og_site_name":"Ag\u00eancia iNFRA","article_publisher":"https:\/\/www.facebook.com\/ageninfra","article_published_time":"2023-02-23T13:00:00+00:00","og_image":[{"width":1280,"height":853,"url":"https:\/\/agenciainfra.com\/blog\/wp-content\/uploads\/2019\/11\/tcu.jpg","type":"image\/jpeg"}],"author":"Ag\u00eancia iNFRA","twitter_card":"summary_large_image","twitter_creator":"@agencia_infra","twitter_site":"@agencia_infra","twitter_misc":{"Escrito por":"Ag\u00eancia iNFRA","Est. tempo de leitura":"5 minutos"},"schema":{"@context":"https:\/\/schema.org","@graph":[{"@type":"Article","@id":"https:\/\/agenciainfra.com\/blog\/regras-de-renovacao-das-concessoes-de-distribuicao-deveriam-ter-sido-estabelecidas-em-julho-de-2022-diz-tcu\/#article","isPartOf":{"@id":"https:\/\/agenciainfra.com\/blog\/regras-de-renovacao-das-concessoes-de-distribuicao-deveriam-ter-sido-estabelecidas-em-julho-de-2022-diz-tcu\/"},"author":{"name":"Ag\u00eancia iNFRA","@id":"https:\/\/agenciainfra.com\/blog\/#\/schema\/person\/34af08dff6adea4cb22b06612ba7acfa"},"headline":"Regras de renova\u00e7\u00e3o das concess\u00f5es de distribui\u00e7\u00e3o deveriam ter sido estabelecidas em julho de 2022, diz TCU","datePublished":"2023-02-23T13:00:00+00:00","mainEntityOfPage":{"@id":"https:\/\/agenciainfra.com\/blog\/regras-de-renovacao-das-concessoes-de-distribuicao-deveriam-ter-sido-estabelecidas-em-julho-de-2022-diz-tcu\/"},"wordCount":939,"publisher":{"@id":"https:\/\/agenciainfra.com\/blog\/#organization"},"image":{"@id":"https:\/\/agenciainfra.com\/blog\/regras-de-renovacao-das-concessoes-de-distribuicao-deveriam-ter-sido-estabelecidas-em-julho-de-2022-diz-tcu\/#primaryimage"},"thumbnailUrl":"https:\/\/agenciainfra.com\/blog\/wp-content\/uploads\/2019\/11\/tcu.jpg","keywords":["Ac\u00f3rd\u00e3o 2.253\/2015","Adolfo Sachsida","DEC","distribui\u00e7\u00e3o","EDP-ES","energia","Escelsa","FEC","Jos\u00e9 M\u00facio Monteiro","MP 579","outorgas","revis\u00e3o tarif\u00e1ria","TCU"],"articleSection":["Geral"],"inLanguage":"pt-BR","copyrightYear":"2023","copyrightHolder":{"@id":"https:\/\/agenciainfra.com\/blog\/#organization"}},{"@type":"WebPage","@id":"https:\/\/agenciainfra.com\/blog\/regras-de-renovacao-das-concessoes-de-distribuicao-deveriam-ter-sido-estabelecidas-em-julho-de-2022-diz-tcu\/","url":"https:\/\/agenciainfra.com\/blog\/regras-de-renovacao-das-concessoes-de-distribuicao-deveriam-ter-sido-estabelecidas-em-julho-de-2022-diz-tcu\/","name":"Regras de renova\u00e7\u00e3o das concess\u00f5es de distribui\u00e7\u00e3o deveriam ter sido estabelecidas em julho de 2022, diz TCU - Ag\u00eancia iNFRA","isPartOf":{"@id":"https:\/\/agenciainfra.com\/blog\/#website"},"primaryImageOfPage":{"@id":"https:\/\/agenciainfra.com\/blog\/regras-de-renovacao-das-concessoes-de-distribuicao-deveriam-ter-sido-estabelecidas-em-julho-de-2022-diz-tcu\/#primaryimage"},"image":{"@id":"https:\/\/agenciainfra.com\/blog\/regras-de-renovacao-das-concessoes-de-distribuicao-deveriam-ter-sido-estabelecidas-em-julho-de-2022-diz-tcu\/#primaryimage"},"thumbnailUrl":"https:\/\/agenciainfra.com\/blog\/wp-content\/uploads\/2019\/11\/tcu.jpg","datePublished":"2023-02-23T13:00:00+00:00","breadcrumb":{"@id":"https:\/\/agenciainfra.com\/blog\/regras-de-renovacao-das-concessoes-de-distribuicao-deveriam-ter-sido-estabelecidas-em-julho-de-2022-diz-tcu\/#breadcrumb"},"inLanguage":"pt-BR","potentialAction":[{"@type":"ReadAction","target":["https:\/\/agenciainfra.com\/blog\/regras-de-renovacao-das-concessoes-de-distribuicao-deveriam-ter-sido-estabelecidas-em-julho-de-2022-diz-tcu\/"]}]},{"@type":"ImageObject","inLanguage":"pt-BR","@id":"https:\/\/agenciainfra.com\/blog\/regras-de-renovacao-das-concessoes-de-distribuicao-deveriam-ter-sido-estabelecidas-em-julho-de-2022-diz-tcu\/#primaryimage","url":"https:\/\/agenciainfra.com\/blog\/wp-content\/uploads\/2019\/11\/tcu.jpg","contentUrl":"https:\/\/agenciainfra.com\/blog\/wp-content\/uploads\/2019\/11\/tcu.jpg","width":1280,"height":853},{"@type":"BreadcrumbList","@id":"https:\/\/agenciainfra.com\/blog\/regras-de-renovacao-das-concessoes-de-distribuicao-deveriam-ter-sido-estabelecidas-em-julho-de-2022-diz-tcu\/#breadcrumb","itemListElement":[{"@type":"ListItem","position":1,"name":"In\u00edcio","item":"https:\/\/agenciainfra.com\/blog\/"},{"@type":"ListItem","position":2,"name":"Regras de renova\u00e7\u00e3o das concess\u00f5es de distribui\u00e7\u00e3o deveriam ter sido estabelecidas em julho de 2022, diz TCU"}]},{"@type":"WebSite","@id":"https:\/\/agenciainfra.com\/blog\/#website","url":"https:\/\/agenciainfra.com\/blog\/","name":"Ag\u00eancia iNFRA","description":"Multiplataforma de informa\u00e7\u00e3o jornal\u00edstica refer\u00eancia na \u00e1rea de infraestrutura no Brasil!","publisher":{"@id":"https:\/\/agenciainfra.com\/blog\/#organization"},"potentialAction":[{"@type":"SearchAction","target":{"@type":"EntryPoint","urlTemplate":"https:\/\/agenciainfra.com\/blog\/?s={search_term_string}"},"query-input":{"@type":"PropertyValueSpecification","valueRequired":true,"valueName":"search_term_string"}}],"inLanguage":"pt-BR"},{"@type":"Organization","@id":"https:\/\/agenciainfra.com\/blog\/#organization","name":"Ag\u00eancia iNFRA","url":"https:\/\/agenciainfra.com\/blog\/","logo":{"@type":"ImageObject","inLanguage":"pt-BR","@id":"https:\/\/agenciainfra.com\/blog\/#\/schema\/logo\/image\/","url":"https:\/\/agenciainfra.com\/blog\/wp-content\/uploads\/2023\/09\/iNFRA_5-e1761735885940.png","contentUrl":"https:\/\/agenciainfra.com\/blog\/wp-content\/uploads\/2023\/09\/iNFRA_5-e1761735885940.png","width":1672,"height":454,"caption":"Ag\u00eancia iNFRA"},"image":{"@id":"https:\/\/agenciainfra.com\/blog\/#\/schema\/logo\/image\/"},"sameAs":["https:\/\/www.facebook.com\/ageninfra","https:\/\/x.com\/agencia_infra","https:\/\/www.linkedin.com\/company\/ag\u00eanciainfra\/","https:\/\/www.instagram.com\/agenciainfra\/"]},{"@type":"Person","@id":"https:\/\/agenciainfra.com\/blog\/#\/schema\/person\/34af08dff6adea4cb22b06612ba7acfa","name":"Ag\u00eancia iNFRA","image":{"@type":"ImageObject","inLanguage":"pt-BR","@id":"https:\/\/agenciainfra.com\/blog\/#\/schema\/person\/image\/","url":"https:\/\/secure.gravatar.com\/avatar\/d189e01678f06d8eb84d4e01f08eb848b3fffe3f8443818d3c356c66892f5be8?s=96&d=mm&r=g","contentUrl":"https:\/\/secure.gravatar.com\/avatar\/d189e01678f06d8eb84d4e01f08eb848b3fffe3f8443818d3c356c66892f5be8?s=96&d=mm&r=g","caption":"Ag\u00eancia iNFRA"},"url":"https:\/\/agenciainfra.com\/blog\/author\/admin\/"}]}},"_links":{"self":[{"href":"https:\/\/agenciainfra.com\/blog\/wp-json\/wp\/v2\/posts\/12252","targetHints":{"allow":["GET"]}}],"collection":[{"href":"https:\/\/agenciainfra.com\/blog\/wp-json\/wp\/v2\/posts"}],"about":[{"href":"https:\/\/agenciainfra.com\/blog\/wp-json\/wp\/v2\/types\/post"}],"author":[{"embeddable":true,"href":"https:\/\/agenciainfra.com\/blog\/wp-json\/wp\/v2\/users\/1"}],"replies":[{"embeddable":true,"href":"https:\/\/agenciainfra.com\/blog\/wp-json\/wp\/v2\/comments?post=12252"}],"version-history":[{"count":0,"href":"https:\/\/agenciainfra.com\/blog\/wp-json\/wp\/v2\/posts\/12252\/revisions"}],"wp:featuredmedia":[{"embeddable":true,"href":"https:\/\/agenciainfra.com\/blog\/wp-json\/wp\/v2\/media\/4050"}],"wp:attachment":[{"href":"https:\/\/agenciainfra.com\/blog\/wp-json\/wp\/v2\/media?parent=12252"}],"wp:term":[{"taxonomy":"category","embeddable":true,"href":"https:\/\/agenciainfra.com\/blog\/wp-json\/wp\/v2\/categories?post=12252"},{"taxonomy":"post_tag","embeddable":true,"href":"https:\/\/agenciainfra.com\/blog\/wp-json\/wp\/v2\/tags?post=12252"}],"curies":[{"name":"wp","href":"https:\/\/api.w.org\/{rel}","templated":true}]}}