{"id":12257,"date":"2023-02-24T11:00:00","date_gmt":"2023-02-24T14:00:00","guid":{"rendered":"https:\/\/www.agenciainfra.com\/blog\/?p=12257"},"modified":"2023-02-24T10:20:49","modified_gmt":"2023-02-24T13:20:49","slug":"premio-e-conferencia-p3c-serao-realizados-na-proxima-semana","status":"publish","type":"post","link":"https:\/\/agenciainfra.com\/blog\/premio-e-conferencia-p3c-serao-realizados-na-proxima-semana\/","title":{"rendered":"Pr\u00eamio e confer\u00eancia P3C ser\u00e3o realizados na pr\u00f3xima semana"},"content":{"rendered":"\n<p class=\"has-text-align-right\"><strong>da Ag\u00eancia iNFRA<\/strong><\/p>\n\n\n\n<p>O evento P3C PPPs e Concess\u00f5es \u2013 o mais importante especializado no mercado de parcerias p\u00fablico-privadas e concess\u00f5es \u2013 ser\u00e1 realizado na pr\u00f3xima semana. Na segunda-feira (27), o p\u00fablico conhecer\u00e1 os vencedores do Pr\u00eamio P3C. J\u00e1 na ter\u00e7a-feira (28), ocorre a confer\u00eancia que tratar\u00e1 dos mais diversos temas ligados ao setor. Entre os palestrantes j\u00e1 confirmados est\u00e1 o ministro de Portos e Aeroportos, M\u00e1rcio Fran\u00e7a.<\/p>\n\n\n\n<p>Organizado pela Necta, com apoio da B3 e da Portugal Ribeiro Advogados, o evento tem como objetivo tornar o ambiente de investimento em infraestrutura no Brasil mais previs\u00edvel e seguro para os investidores. Os ingressos j\u00e1 est\u00e3o no 4\u00b0 lote e podem ser adquiridos no&nbsp;<a href=\"https:\/\/agenciainfra.us14.list-manage.com\/track\/click?u=d460dd1bcf9ba0ae040e1fc0f&amp;id=712f166625&amp;e=f0fa444791\" target=\"_blank\" rel=\"noreferrer noopener\">portal da organiza\u00e7\u00e3o<\/a>.<\/p>\n\n\n\n<p><strong>Pr\u00eamio<\/strong><br>O P3C PPPs e Concess\u00f5es \u00e9 um evento com dois dias de dura\u00e7\u00e3o. A entrega do Pr\u00eamio P3C, no primeiro dia, apontar\u00e1 profissionais, empresas e \u00f3rg\u00e3os p\u00fablicos que se destacam na atua\u00e7\u00e3o em infraestrutura econ\u00f4mica, social e ativos ambientais. Ser\u00e1 na sede da B3, no centro hist\u00f3rico de S\u00e3o Paulo (SP), com abertura a partir das 13h30.<\/p>\n\n\n\n<p>Essa ser\u00e1 a segunda edi\u00e7\u00e3o do Pr\u00eamio P3C. Com inscri\u00e7\u00f5es encerradas, a edi\u00e7\u00e3o contar\u00e1 com duas linhagens de pr\u00eamios. A primeira prestigiar\u00e1 projetos desenvolvidos em setores econ\u00f4micos regulados da infraestrutura, enquanto a segunda reconhecer\u00e1 profissionais, empresas e \u00f3rg\u00e3os p\u00fablicos com trabalhos importantes no setor. A lista de finalistas pode ser&nbsp;<a href=\"https:\/\/agenciainfra.us14.list-manage.com\/track\/click?u=d460dd1bcf9ba0ae040e1fc0f&amp;id=c81faf7944&amp;e=f0fa444791\" target=\"_blank\" rel=\"noreferrer noopener\">acessada aqui<\/a>.<\/p>\n\n\n\n<p><strong>Confer\u00eancia<\/strong><br>O segundo dia, ter\u00e7a-feira (28), \u00e9 o momento da Confer\u00eancia P3C. Ela contar\u00e1 com a participa\u00e7\u00e3o de especialistas nacionais e internacionais, com o objetivo de gerar debate sobre os principais temas dos setores de infraestrutura. Ser\u00e3o mais de 57 horas de conte\u00fado, considerando que a confer\u00eancia ter\u00e1 oito palcos simult\u00e2neos e mais de 40 palestrantes. Ser\u00e1 no quarto andar do Centro de Conven\u00e7\u00f5es Frei Caneca, em S\u00e3o Paulo (SP), a partir das 9h.<\/p>\n\n\n\n<p>Entre os palestrantes convidados da Confer\u00eancia P3C est\u00e1 o secret\u00e1rio especial do PPI (Programa de Parcerias de Investimentos), Marcus Cavalcanti; a diretora da ANTAQ (Ag\u00eancia Nacional de Transportes Aquavi\u00e1rios) Fl\u00e1via Takafashi; e o diretor da ANTT (Ag\u00eancia Nacional de Transportes Terrestres) Guilherme Sampaio, entre outros nomes. Acesse a lista completa&nbsp;<a href=\"https:\/\/agenciainfra.us14.list-manage.com\/track\/click?u=d460dd1bcf9ba0ae040e1fc0f&amp;id=79448c4a4e&amp;e=f0fa444791\" target=\"_blank\" rel=\"noreferrer noopener\">neste link<\/a>.<\/p>\n\n\n\n<p>No endere\u00e7o tamb\u00e9m pode ser consultada a programa\u00e7\u00e3o completa do evento. Alguns dos temas abordados ser\u00e3o a transi\u00e7\u00e3o energ\u00e9tica; a relicita\u00e7\u00e3o de infraestrutura de transporte no novo governo; as ferrovias por autoriza\u00e7\u00e3o; o mercado livre de energia; descarboniza\u00e7\u00e3o; entre muitos outros.<\/p>\n","protected":false},"excerpt":{"rendered":"<p>da Ag\u00eancia iNFRA O evento P3C PPPs e Concess\u00f5es \u2013 o mais importante especializado no mercado de parcerias p\u00fablico-privadas e concess\u00f5es \u2013 ser\u00e1 realizado na pr\u00f3xima semana. Na segunda-feira (27), o p\u00fablico conhecer\u00e1 os vencedores do Pr\u00eamio P3C. J\u00e1 na ter\u00e7a-feira (28), ocorre a confer\u00eancia que tratar\u00e1 dos mais diversos temas ligados ao setor. Entre [&hellip;]<\/p>\n","protected":false},"author":1,"featured_media":11435,"comment_status":"closed","ping_status":"closed","sticky":false,"template":"","format":"standard","meta":{"_monsterinsights_skip_tracking":false,"_monsterinsights_sitenote_active":false,"_monsterinsights_sitenote_note":"","_monsterinsights_sitenote_category":0,"footnotes":""},"categories":[1],"tags":[86,19,78,5500,3361,25,6054,5089,97,5501,48,1027],"class_list":["post-12257","post","type-post","status-publish","format-standard","has-post-thumbnail","hentry","category-geral","tag-antaq","tag-antt","tag-concessoes","tag-conferencia","tag-descarbonizacao","tag-energia","tag-marcio-franca","tag-p3c","tag-ppp","tag-premio","tag-regulacao","tag-relicitacao"],"yoast_head":"<!-- This site is optimized with the Yoast SEO Premium plugin v25.4 (Yoast SEO v26.0) - https:\/\/yoast.com\/wordpress\/plugins\/seo\/ -->\n<title>Pr\u00eamio e confer\u00eancia P3C ser\u00e3o realizados na pr\u00f3xima semana - Ag\u00eancia iNFRA<\/title>\n<meta name=\"robots\" content=\"index, follow, max-snippet:-1, max-image-preview:large, max-video-preview:-1\" \/>\n<link rel=\"canonical\" href=\"https:\/\/agenciainfra.com\/blog\/premio-e-conferencia-p3c-serao-realizados-na-proxima-semana\/\" \/>\n<meta property=\"og:locale\" content=\"pt_BR\" \/>\n<meta property=\"og:type\" content=\"article\" \/>\n<meta property=\"og:title\" content=\"Pr\u00eamio e confer\u00eancia P3C ser\u00e3o realizados na pr\u00f3xima semana\" \/>\n<meta property=\"og:description\" content=\"da Ag\u00eancia iNFRA O evento P3C PPPs e Concess\u00f5es \u2013 o mais importante especializado no mercado de parcerias p\u00fablico-privadas e concess\u00f5es \u2013 ser\u00e1 realizado na pr\u00f3xima semana. Na segunda-feira (27), o p\u00fablico conhecer\u00e1 os vencedores do Pr\u00eamio P3C. J\u00e1 na ter\u00e7a-feira (28), ocorre a confer\u00eancia que tratar\u00e1 dos mais diversos temas ligados ao setor. Entre [&hellip;]\" \/>\n<meta property=\"og:url\" content=\"https:\/\/agenciainfra.com\/blog\/premio-e-conferencia-p3c-serao-realizados-na-proxima-semana\/\" \/>\n<meta property=\"og:site_name\" content=\"Ag\u00eancia iNFRA\" \/>\n<meta property=\"article:publisher\" content=\"https:\/\/www.facebook.com\/ageninfra\" \/>\n<meta property=\"article:published_time\" content=\"2023-02-24T14:00:00+00:00\" \/>\n<meta property=\"og:image\" content=\"https:\/\/agenciainfra.com\/blog\/wp-content\/uploads\/2022\/09\/p3c-foto-divulgacao.jpeg\" \/>\n\t<meta property=\"og:image:width\" content=\"1280\" \/>\n\t<meta property=\"og:image:height\" content=\"853\" \/>\n\t<meta property=\"og:image:type\" content=\"image\/jpeg\" \/>\n<meta name=\"author\" content=\"Ag\u00eancia iNFRA\" \/>\n<meta name=\"twitter:card\" content=\"summary_large_image\" \/>\n<meta name=\"twitter:creator\" content=\"@agencia_infra\" \/>\n<meta name=\"twitter:site\" content=\"@agencia_infra\" \/>\n<meta name=\"twitter:label1\" content=\"Escrito por\" \/>\n\t<meta name=\"twitter:data1\" content=\"Ag\u00eancia iNFRA\" \/>\n\t<meta name=\"twitter:label2\" content=\"Est. tempo de leitura\" \/>\n\t<meta name=\"twitter:data2\" content=\"2 minutos\" \/>\n<script type=\"application\/ld+json\" class=\"yoast-schema-graph\">{\"@context\":\"https:\/\/schema.org\",\"@graph\":[{\"@type\":\"Article\",\"@id\":\"https:\/\/agenciainfra.com\/blog\/premio-e-conferencia-p3c-serao-realizados-na-proxima-semana\/#article\",\"isPartOf\":{\"@id\":\"https:\/\/agenciainfra.com\/blog\/premio-e-conferencia-p3c-serao-realizados-na-proxima-semana\/\"},\"author\":{\"name\":\"Ag\u00eancia iNFRA\",\"@id\":\"https:\/\/agenciainfra.com\/blog\/#\/schema\/person\/34af08dff6adea4cb22b06612ba7acfa\"},\"headline\":\"Pr\u00eamio e confer\u00eancia P3C ser\u00e3o realizados na pr\u00f3xima semana\",\"datePublished\":\"2023-02-24T14:00:00+00:00\",\"mainEntityOfPage\":{\"@id\":\"https:\/\/agenciainfra.com\/blog\/premio-e-conferencia-p3c-serao-realizados-na-proxima-semana\/\"},\"wordCount\":464,\"publisher\":{\"@id\":\"https:\/\/agenciainfra.com\/blog\/#organization\"},\"image\":{\"@id\":\"https:\/\/agenciainfra.com\/blog\/premio-e-conferencia-p3c-serao-realizados-na-proxima-semana\/#primaryimage\"},\"thumbnailUrl\":\"https:\/\/agenciainfra.com\/blog\/wp-content\/uploads\/2022\/09\/p3c-foto-divulgacao.jpeg\",\"keywords\":[\"ANTAQ\",\"ANTT\",\"concess\u00f5es\",\"confer\u00eancia\",\"Descarboniza\u00e7\u00e3o\",\"energia\",\"M\u00e1rcio Fran\u00e7a\",\"P3C\",\"PPP\",\"pr\u00eamio\",\"Regula\u00e7\u00e3o\",\"relicita\u00e7\u00e3o\"],\"articleSection\":[\"Geral\"],\"inLanguage\":\"pt-BR\",\"copyrightYear\":\"2023\",\"copyrightHolder\":{\"@id\":\"https:\/\/agenciainfra.com\/blog\/#organization\"}},{\"@type\":\"WebPage\",\"@id\":\"https:\/\/agenciainfra.com\/blog\/premio-e-conferencia-p3c-serao-realizados-na-proxima-semana\/\",\"url\":\"https:\/\/agenciainfra.com\/blog\/premio-e-conferencia-p3c-serao-realizados-na-proxima-semana\/\",\"name\":\"Pr\u00eamio e confer\u00eancia P3C ser\u00e3o realizados na pr\u00f3xima semana - Ag\u00eancia iNFRA\",\"isPartOf\":{\"@id\":\"https:\/\/agenciainfra.com\/blog\/#website\"},\"primaryImageOfPage\":{\"@id\":\"https:\/\/agenciainfra.com\/blog\/premio-e-conferencia-p3c-serao-realizados-na-proxima-semana\/#primaryimage\"},\"image\":{\"@id\":\"https:\/\/agenciainfra.com\/blog\/premio-e-conferencia-p3c-serao-realizados-na-proxima-semana\/#primaryimage\"},\"thumbnailUrl\":\"https:\/\/agenciainfra.com\/blog\/wp-content\/uploads\/2022\/09\/p3c-foto-divulgacao.jpeg\",\"datePublished\":\"2023-02-24T14:00:00+00:00\",\"breadcrumb\":{\"@id\":\"https:\/\/agenciainfra.com\/blog\/premio-e-conferencia-p3c-serao-realizados-na-proxima-semana\/#breadcrumb\"},\"inLanguage\":\"pt-BR\",\"potentialAction\":[{\"@type\":\"ReadAction\",\"target\":[\"https:\/\/agenciainfra.com\/blog\/premio-e-conferencia-p3c-serao-realizados-na-proxima-semana\/\"]}]},{\"@type\":\"ImageObject\",\"inLanguage\":\"pt-BR\",\"@id\":\"https:\/\/agenciainfra.com\/blog\/premio-e-conferencia-p3c-serao-realizados-na-proxima-semana\/#primaryimage\",\"url\":\"https:\/\/agenciainfra.com\/blog\/wp-content\/uploads\/2022\/09\/p3c-foto-divulgacao.jpeg\",\"contentUrl\":\"https:\/\/agenciainfra.com\/blog\/wp-content\/uploads\/2022\/09\/p3c-foto-divulgacao.jpeg\",\"width\":1280,\"height\":853},{\"@type\":\"BreadcrumbList\",\"@id\":\"https:\/\/agenciainfra.com\/blog\/premio-e-conferencia-p3c-serao-realizados-na-proxima-semana\/#breadcrumb\",\"itemListElement\":[{\"@type\":\"ListItem\",\"position\":1,\"name\":\"In\u00edcio\",\"item\":\"https:\/\/agenciainfra.com\/blog\/\"},{\"@type\":\"ListItem\",\"position\":2,\"name\":\"Pr\u00eamio e confer\u00eancia P3C ser\u00e3o realizados na pr\u00f3xima semana\"}]},{\"@type\":\"WebSite\",\"@id\":\"https:\/\/agenciainfra.com\/blog\/#website\",\"url\":\"https:\/\/agenciainfra.com\/blog\/\",\"name\":\"Ag\u00eancia iNFRA\",\"description\":\"Multiplataforma de informa\u00e7\u00e3o jornal\u00edstica refer\u00eancia na \u00e1rea de infraestrutura no Brasil!\",\"publisher\":{\"@id\":\"https:\/\/agenciainfra.com\/blog\/#organization\"},\"potentialAction\":[{\"@type\":\"SearchAction\",\"target\":{\"@type\":\"EntryPoint\",\"urlTemplate\":\"https:\/\/agenciainfra.com\/blog\/?s={search_term_string}\"},\"query-input\":{\"@type\":\"PropertyValueSpecification\",\"valueRequired\":true,\"valueName\":\"search_term_string\"}}],\"inLanguage\":\"pt-BR\"},{\"@type\":\"Organization\",\"@id\":\"https:\/\/agenciainfra.com\/blog\/#organization\",\"name\":\"Ag\u00eancia iNFRA\",\"url\":\"https:\/\/agenciainfra.com\/blog\/\",\"logo\":{\"@type\":\"ImageObject\",\"inLanguage\":\"pt-BR\",\"@id\":\"https:\/\/agenciainfra.com\/blog\/#\/schema\/logo\/image\/\",\"url\":\"https:\/\/agenciainfra.com\/blog\/wp-content\/uploads\/2023\/09\/iNFRA_5-e1761735885940.png\",\"contentUrl\":\"https:\/\/agenciainfra.com\/blog\/wp-content\/uploads\/2023\/09\/iNFRA_5-e1761735885940.png\",\"width\":1672,\"height\":454,\"caption\":\"Ag\u00eancia iNFRA\"},\"image\":{\"@id\":\"https:\/\/agenciainfra.com\/blog\/#\/schema\/logo\/image\/\"},\"sameAs\":[\"https:\/\/www.facebook.com\/ageninfra\",\"https:\/\/x.com\/agencia_infra\",\"https:\/\/www.linkedin.com\/company\/ag\u00eanciainfra\/\",\"https:\/\/www.instagram.com\/agenciainfra\/\"]},{\"@type\":\"Person\",\"@id\":\"https:\/\/agenciainfra.com\/blog\/#\/schema\/person\/34af08dff6adea4cb22b06612ba7acfa\",\"name\":\"Ag\u00eancia iNFRA\",\"image\":{\"@type\":\"ImageObject\",\"inLanguage\":\"pt-BR\",\"@id\":\"https:\/\/agenciainfra.com\/blog\/#\/schema\/person\/image\/\",\"url\":\"https:\/\/secure.gravatar.com\/avatar\/d189e01678f06d8eb84d4e01f08eb848b3fffe3f8443818d3c356c66892f5be8?s=96&d=mm&r=g\",\"contentUrl\":\"https:\/\/secure.gravatar.com\/avatar\/d189e01678f06d8eb84d4e01f08eb848b3fffe3f8443818d3c356c66892f5be8?s=96&d=mm&r=g\",\"caption\":\"Ag\u00eancia iNFRA\"},\"url\":\"https:\/\/agenciainfra.com\/blog\/author\/admin\/\"}]}<\/script>\n<!-- \/ Yoast SEO Premium plugin. -->","yoast_head_json":{"title":"Pr\u00eamio e confer\u00eancia P3C ser\u00e3o realizados na pr\u00f3xima semana - Ag\u00eancia iNFRA","robots":{"index":"index","follow":"follow","max-snippet":"max-snippet:-1","max-image-preview":"max-image-preview:large","max-video-preview":"max-video-preview:-1"},"canonical":"https:\/\/agenciainfra.com\/blog\/premio-e-conferencia-p3c-serao-realizados-na-proxima-semana\/","og_locale":"pt_BR","og_type":"article","og_title":"Pr\u00eamio e confer\u00eancia P3C ser\u00e3o realizados na pr\u00f3xima semana","og_description":"da Ag\u00eancia iNFRA O evento P3C PPPs e Concess\u00f5es \u2013 o mais importante especializado no mercado de parcerias p\u00fablico-privadas e concess\u00f5es \u2013 ser\u00e1 realizado na pr\u00f3xima semana. Na segunda-feira (27), o p\u00fablico conhecer\u00e1 os vencedores do Pr\u00eamio P3C. J\u00e1 na ter\u00e7a-feira (28), ocorre a confer\u00eancia que tratar\u00e1 dos mais diversos temas ligados ao setor. Entre [&hellip;]","og_url":"https:\/\/agenciainfra.com\/blog\/premio-e-conferencia-p3c-serao-realizados-na-proxima-semana\/","og_site_name":"Ag\u00eancia iNFRA","article_publisher":"https:\/\/www.facebook.com\/ageninfra","article_published_time":"2023-02-24T14:00:00+00:00","og_image":[{"width":1280,"height":853,"url":"https:\/\/agenciainfra.com\/blog\/wp-content\/uploads\/2022\/09\/p3c-foto-divulgacao.jpeg","type":"image\/jpeg"}],"author":"Ag\u00eancia iNFRA","twitter_card":"summary_large_image","twitter_creator":"@agencia_infra","twitter_site":"@agencia_infra","twitter_misc":{"Escrito por":"Ag\u00eancia iNFRA","Est. tempo de leitura":"2 minutos"},"schema":{"@context":"https:\/\/schema.org","@graph":[{"@type":"Article","@id":"https:\/\/agenciainfra.com\/blog\/premio-e-conferencia-p3c-serao-realizados-na-proxima-semana\/#article","isPartOf":{"@id":"https:\/\/agenciainfra.com\/blog\/premio-e-conferencia-p3c-serao-realizados-na-proxima-semana\/"},"author":{"name":"Ag\u00eancia iNFRA","@id":"https:\/\/agenciainfra.com\/blog\/#\/schema\/person\/34af08dff6adea4cb22b06612ba7acfa"},"headline":"Pr\u00eamio e confer\u00eancia P3C ser\u00e3o realizados na pr\u00f3xima semana","datePublished":"2023-02-24T14:00:00+00:00","mainEntityOfPage":{"@id":"https:\/\/agenciainfra.com\/blog\/premio-e-conferencia-p3c-serao-realizados-na-proxima-semana\/"},"wordCount":464,"publisher":{"@id":"https:\/\/agenciainfra.com\/blog\/#organization"},"image":{"@id":"https:\/\/agenciainfra.com\/blog\/premio-e-conferencia-p3c-serao-realizados-na-proxima-semana\/#primaryimage"},"thumbnailUrl":"https:\/\/agenciainfra.com\/blog\/wp-content\/uploads\/2022\/09\/p3c-foto-divulgacao.jpeg","keywords":["ANTAQ","ANTT","concess\u00f5es","confer\u00eancia","Descarboniza\u00e7\u00e3o","energia","M\u00e1rcio Fran\u00e7a","P3C","PPP","pr\u00eamio","Regula\u00e7\u00e3o","relicita\u00e7\u00e3o"],"articleSection":["Geral"],"inLanguage":"pt-BR","copyrightYear":"2023","copyrightHolder":{"@id":"https:\/\/agenciainfra.com\/blog\/#organization"}},{"@type":"WebPage","@id":"https:\/\/agenciainfra.com\/blog\/premio-e-conferencia-p3c-serao-realizados-na-proxima-semana\/","url":"https:\/\/agenciainfra.com\/blog\/premio-e-conferencia-p3c-serao-realizados-na-proxima-semana\/","name":"Pr\u00eamio e confer\u00eancia P3C ser\u00e3o realizados na pr\u00f3xima semana - Ag\u00eancia iNFRA","isPartOf":{"@id":"https:\/\/agenciainfra.com\/blog\/#website"},"primaryImageOfPage":{"@id":"https:\/\/agenciainfra.com\/blog\/premio-e-conferencia-p3c-serao-realizados-na-proxima-semana\/#primaryimage"},"image":{"@id":"https:\/\/agenciainfra.com\/blog\/premio-e-conferencia-p3c-serao-realizados-na-proxima-semana\/#primaryimage"},"thumbnailUrl":"https:\/\/agenciainfra.com\/blog\/wp-content\/uploads\/2022\/09\/p3c-foto-divulgacao.jpeg","datePublished":"2023-02-24T14:00:00+00:00","breadcrumb":{"@id":"https:\/\/agenciainfra.com\/blog\/premio-e-conferencia-p3c-serao-realizados-na-proxima-semana\/#breadcrumb"},"inLanguage":"pt-BR","potentialAction":[{"@type":"ReadAction","target":["https:\/\/agenciainfra.com\/blog\/premio-e-conferencia-p3c-serao-realizados-na-proxima-semana\/"]}]},{"@type":"ImageObject","inLanguage":"pt-BR","@id":"https:\/\/agenciainfra.com\/blog\/premio-e-conferencia-p3c-serao-realizados-na-proxima-semana\/#primaryimage","url":"https:\/\/agenciainfra.com\/blog\/wp-content\/uploads\/2022\/09\/p3c-foto-divulgacao.jpeg","contentUrl":"https:\/\/agenciainfra.com\/blog\/wp-content\/uploads\/2022\/09\/p3c-foto-divulgacao.jpeg","width":1280,"height":853},{"@type":"BreadcrumbList","@id":"https:\/\/agenciainfra.com\/blog\/premio-e-conferencia-p3c-serao-realizados-na-proxima-semana\/#breadcrumb","itemListElement":[{"@type":"ListItem","position":1,"name":"In\u00edcio","item":"https:\/\/agenciainfra.com\/blog\/"},{"@type":"ListItem","position":2,"name":"Pr\u00eamio e confer\u00eancia P3C ser\u00e3o realizados na pr\u00f3xima semana"}]},{"@type":"WebSite","@id":"https:\/\/agenciainfra.com\/blog\/#website","url":"https:\/\/agenciainfra.com\/blog\/","name":"Ag\u00eancia iNFRA","description":"Multiplataforma de informa\u00e7\u00e3o jornal\u00edstica refer\u00eancia na \u00e1rea de infraestrutura no Brasil!","publisher":{"@id":"https:\/\/agenciainfra.com\/blog\/#organization"},"potentialAction":[{"@type":"SearchAction","target":{"@type":"EntryPoint","urlTemplate":"https:\/\/agenciainfra.com\/blog\/?s={search_term_string}"},"query-input":{"@type":"PropertyValueSpecification","valueRequired":true,"valueName":"search_term_string"}}],"inLanguage":"pt-BR"},{"@type":"Organization","@id":"https:\/\/agenciainfra.com\/blog\/#organization","name":"Ag\u00eancia iNFRA","url":"https:\/\/agenciainfra.com\/blog\/","logo":{"@type":"ImageObject","inLanguage":"pt-BR","@id":"https:\/\/agenciainfra.com\/blog\/#\/schema\/logo\/image\/","url":"https:\/\/agenciainfra.com\/blog\/wp-content\/uploads\/2023\/09\/iNFRA_5-e1761735885940.png","contentUrl":"https:\/\/agenciainfra.com\/blog\/wp-content\/uploads\/2023\/09\/iNFRA_5-e1761735885940.png","width":1672,"height":454,"caption":"Ag\u00eancia iNFRA"},"image":{"@id":"https:\/\/agenciainfra.com\/blog\/#\/schema\/logo\/image\/"},"sameAs":["https:\/\/www.facebook.com\/ageninfra","https:\/\/x.com\/agencia_infra","https:\/\/www.linkedin.com\/company\/ag\u00eanciainfra\/","https:\/\/www.instagram.com\/agenciainfra\/"]},{"@type":"Person","@id":"https:\/\/agenciainfra.com\/blog\/#\/schema\/person\/34af08dff6adea4cb22b06612ba7acfa","name":"Ag\u00eancia iNFRA","image":{"@type":"ImageObject","inLanguage":"pt-BR","@id":"https:\/\/agenciainfra.com\/blog\/#\/schema\/person\/image\/","url":"https:\/\/secure.gravatar.com\/avatar\/d189e01678f06d8eb84d4e01f08eb848b3fffe3f8443818d3c356c66892f5be8?s=96&d=mm&r=g","contentUrl":"https:\/\/secure.gravatar.com\/avatar\/d189e01678f06d8eb84d4e01f08eb848b3fffe3f8443818d3c356c66892f5be8?s=96&d=mm&r=g","caption":"Ag\u00eancia iNFRA"},"url":"https:\/\/agenciainfra.com\/blog\/author\/admin\/"}]}},"_links":{"self":[{"href":"https:\/\/agenciainfra.com\/blog\/wp-json\/wp\/v2\/posts\/12257","targetHints":{"allow":["GET"]}}],"collection":[{"href":"https:\/\/agenciainfra.com\/blog\/wp-json\/wp\/v2\/posts"}],"about":[{"href":"https:\/\/agenciainfra.com\/blog\/wp-json\/wp\/v2\/types\/post"}],"author":[{"embeddable":true,"href":"https:\/\/agenciainfra.com\/blog\/wp-json\/wp\/v2\/users\/1"}],"replies":[{"embeddable":true,"href":"https:\/\/agenciainfra.com\/blog\/wp-json\/wp\/v2\/comments?post=12257"}],"version-history":[{"count":0,"href":"https:\/\/agenciainfra.com\/blog\/wp-json\/wp\/v2\/posts\/12257\/revisions"}],"wp:featuredmedia":[{"embeddable":true,"href":"https:\/\/agenciainfra.com\/blog\/wp-json\/wp\/v2\/media\/11435"}],"wp:attachment":[{"href":"https:\/\/agenciainfra.com\/blog\/wp-json\/wp\/v2\/media?parent=12257"}],"wp:term":[{"taxonomy":"category","embeddable":true,"href":"https:\/\/agenciainfra.com\/blog\/wp-json\/wp\/v2\/categories?post=12257"},{"taxonomy":"post_tag","embeddable":true,"href":"https:\/\/agenciainfra.com\/blog\/wp-json\/wp\/v2\/tags?post=12257"}],"curies":[{"name":"wp","href":"https:\/\/api.w.org\/{rel}","templated":true}]}}