{"id":12259,"date":"2023-02-27T09:00:00","date_gmt":"2023-02-27T12:00:00","guid":{"rendered":"https:\/\/www.agenciainfra.com\/blog\/?p=12259"},"modified":"2023-02-24T10:38:58","modified_gmt":"2023-02-24T13:38:58","slug":"com-projeto-mais-enxuto-grupo-com-especialistas-tenta-viabilizar-tav-entre-sp-e-rj","status":"publish","type":"post","link":"https:\/\/agenciainfra.com\/blog\/com-projeto-mais-enxuto-grupo-com-especialistas-tenta-viabilizar-tav-entre-sp-e-rj\/","title":{"rendered":"Com projeto mais enxuto, grupo com especialistas tenta viabilizar TAV entre SP e RJ"},"content":{"rendered":"\n<p class=\"has-text-align-right\"><strong>Dimmi Amora, da Ag\u00eancia iNFRA<\/strong><\/p>\n\n\n\n<p>Com uma lipoaspira\u00e7\u00e3o em rela\u00e7\u00e3o \u00e0 proposta do governo de constru\u00e7\u00e3o de um trem de passageiros de alta velocidade ligando as duas maiores cidades do pa\u00eds, S\u00e3o Paulo e Rio de Janeiro, um grupo formado por especialistas em infraestrutura obteve a autoriza\u00e7\u00e3o na \u00faltima semana para executar o projeto.<br><br>A ideia original foi lan\u00e7ada pelo advogado Marcos Joaquim Alves, s\u00f3cio da M.J. Alves e Burle Advogados, logo ap\u00f3s o governo editar, em 2021, a medida provis\u00f3ria que criou o modelo de autoriza\u00e7\u00e3o para constru\u00e7\u00e3o de ferrovias. O pedido formal foi efetuado em fevereiro de 2022\u00a0e autorizado semana\u00a0passada\u00a0pela ANTT (Ag\u00eancia Nacional de Transportes Terrestres).<br><br>Para desenvolver o projeto, Marcos Joaquim chamou dois especialistas que auxiliaram o grupo de empresas coreanas que estudou o transporte por\u00a0trem de alta velocidade aqui, na tentativa de implantar o projeto no Brasil na d\u00e9cada passada. S\u00e3o eles os engenheiros Paulo Benites e Jo\u00e3o Paulo Sigaud. Os dois est\u00e3o no contrato social da empresa autorizada, a TAV Brasil.\u00a0<br><br>Segundo apurou a\u00a0<strong>Ag\u00eancia iNFRA<\/strong>, a empresa ter\u00e1 agora outro s\u00f3cio, tamb\u00e9m participante desde o in\u00edcio da concep\u00e7\u00e3o atual do pedido de autoriza\u00e7\u00e3o, o economista Bernardo Figueiredo. Ele ser\u00e1 o CEO da TAV Brasil.\u00a0<br><br>Bernardo foi quem comandou a tentativa de execu\u00e7\u00e3o do trem de alta velocidade desde o governo Lula, ainda na concep\u00e7\u00e3o do projeto, primeiro na Casa Civil, depois na ANTT (Ag\u00eancia Nacional de Transportes Terrestres) e por fim na Etav (Empresa de Transporte Ferrovi\u00e1rio de Alta Velocidade), estatal de planejamento criada tamb\u00e9m com a incumb\u00eancia de licitar o TAV, depois denominada EPL (Empresa de Planejamento e Log\u00edstica), e que hoje \u00e9 a Infra S.A. \u2013 resultado da fus\u00e3o com a Valec.<br><br>Para ampliar a viabilidade do projeto no modelo privado, o grupo concebeu um formato mais enxuto que o original, que na \u00e9poca precisava atender a interesses diversos do governo que tinham pouca rela\u00e7\u00e3o com os usu\u00e1rios de transporte entre as duas cidades.\u00a0<br><br>No projeto original as esta\u00e7\u00f5es finais localizavam-se nas \u00e1reas centrais das cidades (Campo de Marte, em S\u00e3o Paulo, e Leopoldina, no Rio). No atual, as esta\u00e7\u00f5es finais ficam fora dos centros urbanos e pr\u00f3ximas a linhas metroferrovi\u00e1rias urbanas (Linhas 6 e 7, em S\u00e3o Paulo, e Ramal de Santa Cruz, no Rio de Janeiro). Junto com o fato de n\u00e3o ter que ir aos aeroportos das duas cidades, isso reduz drasticamente o investimento\u00a0estimado por n\u00e3o ter grandes constru\u00e7\u00f5es de t\u00faneis.\u00a0<br><br><strong>Acordos operacionais<\/strong><br>A ideia \u00e9 chegar \u00e0s \u00e1reas centrais das capitais, em acordos operacionais com as empresas metroferrovi\u00e1rias, segundo apurou a\u00a0<strong>Ag\u00eancia iNFRA<\/strong>. O projeto original tamb\u00e9m ligava S\u00e3o Paulo a Campinas, mas esse trecho agora est\u00e1 com um projeto p\u00fablico em fase final de estudos para licita\u00e7\u00e3o, o TIC (Trem Intercidades).<br><br>O novo projeto do TAV tem, al\u00e9m de duas esta\u00e7\u00f5es finais, outras duas, em S\u00e3o Jos\u00e9 dos Campos (SP) e Volta Redonda (RJ), o que tamb\u00e9m reduz custos. A extens\u00e3o estimada ficou em 380 quil\u00f4metros.\u00a0<br><br>Mantendo os padr\u00f5es de opera\u00e7\u00e3o anteriores \u2013 raio de curva m\u00ednimo de 5 mil metros; bitola padr\u00e3o de 1,435 metros; e velocidade m\u00e1xima de projeto de 350 km\/h,\u00a0a estimativa \u00e9 de que o valor do investimento seja na faixa dos R$ 50 bilh\u00f5es, com data-base de novembro de 2022, o que d\u00e1 algo na faixa dos US$ 10 bilh\u00f5es. A an\u00e1lise da ANTT sobre a proposta est\u00e1\u00a0<a rel=\"noreferrer noopener\" href=\"https:\/\/agenciainfra.us14.list-manage.com\/track\/click?u=d460dd1bcf9ba0ae040e1fc0f&amp;id=5e7cc1083d&amp;e=f0fa444791\" target=\"_blank\">neste link<\/a>.<br><br><strong>39\u00aa autoriza\u00e7\u00e3o<\/strong><br>De acordo com a ANTT, essa autoriza\u00e7\u00e3o foi a 39\u00aa entre os mais de 100 pedidos j\u00e1 feitos para implanta\u00e7\u00e3o de ferrovias privadas no pa\u00eds desde 2021, com investimentos na faixa dos R$ 170 bilh\u00f5es j\u00e1 autorizados.<br><br>O modelo, no entanto, n\u00e3o garante a implanta\u00e7\u00e3o\u00a0das ferrovias autorizadas. As empresas t\u00eam prazos para obter licen\u00e7as e iniciar as obras, que podem ser renovados com justificativa. Integrantes do atual governo e agentes do mercado\u00a0t\u00eam cr\u00edticas ao modelo, indicando a dificuldade para os autorizat\u00e1rios obterem financiamento, por exemplo, entre outras, para tornarem os projetos realidade.<br><br>Formalmente, a etapa oficial seguinte da proposta do TAV agora \u00e9 a obten\u00e7\u00e3o da licen\u00e7a ambiental para a realiza\u00e7\u00e3o das obras. Mas, segundo apurou a\u00a0<strong>Ag\u00eancia iNFRA<\/strong>, v\u00e1rios estudos v\u00e3o ter que ser realizados ou atualizados, como o de demanda e o de engenharia, entre eles. O grupo tamb\u00e9m pretende trabalhar em projetos de desenvolvimento imobili\u00e1rio associados ao TAV, o que a nova lei incentiva.<br><br><strong>Viabilidade<\/strong><br>A cren\u00e7a na viabilidade do trem de alta velocidade, para o grupo, est\u00e1 no argumento de que a popula\u00e7\u00e3o das regi\u00f5es metropolitanas das duas cidades e a dist\u00e2ncia entre elas formam a \u00e1rea mais prop\u00edcia do planeta, de acordo com os estudos, para a implanta\u00e7\u00e3o de um trem de alta velocidade.<br><br>A ideia \u00e9 angariar apoios entre os grupos internacionais que estiveram no Brasil estudando o projeto no in\u00edcio da d\u00e9cada passada e j\u00e1 conhecem a concep\u00e7\u00e3o. At\u00e9 mesmo mais de um grupo poderia estar junto na nova iniciativa.<br>\u00a0<br>Isso porque\u00a0era poss\u00edvel identificar nas fases de estudo que um grupo tinha uma melhor tecnologia construtiva, outro\u00a0melhor qualidade operacional, outro para explora\u00e7\u00e3o imobili\u00e1ria e outro para os equipamentos, por exemplo, de acordo com fonte ligada ao projeto. A tentativa ser\u00e1 agregar o melhor de cada grupo para desenvolver o TAV privado.\u00a0<br><br><strong>Projeto anterior<\/strong><br>Al\u00e9m de coreanas, empresas francesas, chinesas, espanholas, alem\u00e3s\u00a0e japonesas avaliaram entrar no projeto do trem de alta velocidade nessa iniciativa na d\u00e9cada passada.<br><br>Na primeira tentativa, o governo decidiu adiar o leil\u00e3o j\u00e1 pr\u00f3ximo da data de entrega de propostas, em 2010 e 2011. Empreiteiras brasileiras alegaram que queriam fazer mais estudos, mas depois acabaram n\u00e3o se acertando com as empresas detentoras da tecnologia.<br><br>O governo mudou o modelo para uma licita\u00e7\u00e3o que seria referente s\u00f3 \u00e0 aquisi\u00e7\u00e3o de tecnologia para a posterior contrata\u00e7\u00e3o das obras. Em 2013, tentou novamente fazer um leil\u00e3o nesse modelo, mas ele acabou adiado em cima da hora. Depois o projeto n\u00e3o voltou mais a ser apresentado.<\/p>\n","protected":false},"excerpt":{"rendered":"<p>Dimmi Amora, da Ag\u00eancia iNFRA Com uma lipoaspira\u00e7\u00e3o em rela\u00e7\u00e3o \u00e0 proposta do governo de constru\u00e7\u00e3o de um trem de passageiros de alta velocidade ligando as duas maiores cidades do pa\u00eds, S\u00e3o Paulo e Rio de Janeiro, um grupo formado por especialistas em infraestrutura obteve a autoriza\u00e7\u00e3o na \u00faltima semana para executar o projeto. A [&hellip;]<\/p>\n","protected":false},"author":1,"featured_media":12260,"comment_status":"closed","ping_status":"closed","sticky":false,"template":"","format":"standard","meta":{"_monsterinsights_skip_tracking":false,"_monsterinsights_sitenote_active":false,"_monsterinsights_sitenote_note":"","_monsterinsights_sitenote_category":0,"footnotes":""},"categories":[1,7],"tags":[19,538,252,6408,6410,6409,6407,6405,1958,6406,1654,679,6404,6366],"class_list":["post-12259","post","type-post","status-publish","format-standard","has-post-thumbnail","hentry","category-geral","category-infratransporte","tag-antt","tag-bernardo-figueiredo","tag-epl","tag-etav","tag-infra-s-a-2","tag-joao-paulo-sigaud","tag-m-j-alves-e-burle-advogados","tag-marcos-joaquim-alves","tag-passageiros","tag-paulo-benites","tag-rio-de-janeiro","tag-sao-paulo","tag-tav","tag-trem-de-alta-velocidade"],"yoast_head":"<!-- This site is optimized with the Yoast SEO Premium plugin v25.4 (Yoast SEO v26.0) - https:\/\/yoast.com\/wordpress\/plugins\/seo\/ -->\n<title>Com projeto mais enxuto, grupo com especialistas tenta viabilizar TAV entre SP e RJ - Ag\u00eancia iNFRA<\/title>\n<meta name=\"robots\" content=\"index, follow, max-snippet:-1, max-image-preview:large, max-video-preview:-1\" \/>\n<link rel=\"canonical\" href=\"https:\/\/agenciainfra.com\/blog\/com-projeto-mais-enxuto-grupo-com-especialistas-tenta-viabilizar-tav-entre-sp-e-rj\/\" \/>\n<meta property=\"og:locale\" content=\"pt_BR\" \/>\n<meta property=\"og:type\" content=\"article\" \/>\n<meta property=\"og:title\" content=\"Com projeto mais enxuto, grupo com especialistas tenta viabilizar TAV entre SP e RJ\" \/>\n<meta property=\"og:description\" content=\"Dimmi Amora, da Ag\u00eancia iNFRA Com uma lipoaspira\u00e7\u00e3o em rela\u00e7\u00e3o \u00e0 proposta do governo de constru\u00e7\u00e3o de um trem de passageiros de alta velocidade ligando as duas maiores cidades do pa\u00eds, S\u00e3o Paulo e Rio de Janeiro, um grupo formado por especialistas em infraestrutura obteve a autoriza\u00e7\u00e3o na \u00faltima semana para executar o projeto. A [&hellip;]\" \/>\n<meta property=\"og:url\" content=\"https:\/\/agenciainfra.com\/blog\/com-projeto-mais-enxuto-grupo-com-especialistas-tenta-viabilizar-tav-entre-sp-e-rj\/\" \/>\n<meta property=\"og:site_name\" content=\"Ag\u00eancia iNFRA\" \/>\n<meta property=\"article:publisher\" content=\"https:\/\/www.facebook.com\/ageninfra\" \/>\n<meta property=\"article:published_time\" content=\"2023-02-27T12:00:00+00:00\" \/>\n<meta property=\"og:image\" content=\"https:\/\/agenciainfra.com\/blog\/wp-content\/uploads\/2023\/02\/estacao-trem-foto-pxhere-scaled.jpg\" \/>\n\t<meta property=\"og:image:width\" content=\"2560\" \/>\n\t<meta property=\"og:image:height\" content=\"1303\" \/>\n\t<meta property=\"og:image:type\" content=\"image\/jpeg\" \/>\n<meta name=\"author\" content=\"Ag\u00eancia iNFRA\" \/>\n<meta name=\"twitter:card\" content=\"summary_large_image\" \/>\n<meta name=\"twitter:creator\" content=\"@agencia_infra\" \/>\n<meta name=\"twitter:site\" content=\"@agencia_infra\" \/>\n<meta name=\"twitter:label1\" content=\"Escrito por\" \/>\n\t<meta name=\"twitter:data1\" content=\"Ag\u00eancia iNFRA\" \/>\n\t<meta name=\"twitter:label2\" content=\"Est. tempo de leitura\" \/>\n\t<meta name=\"twitter:data2\" content=\"5 minutos\" \/>\n<script type=\"application\/ld+json\" class=\"yoast-schema-graph\">{\"@context\":\"https:\/\/schema.org\",\"@graph\":[{\"@type\":\"Article\",\"@id\":\"https:\/\/agenciainfra.com\/blog\/com-projeto-mais-enxuto-grupo-com-especialistas-tenta-viabilizar-tav-entre-sp-e-rj\/#article\",\"isPartOf\":{\"@id\":\"https:\/\/agenciainfra.com\/blog\/com-projeto-mais-enxuto-grupo-com-especialistas-tenta-viabilizar-tav-entre-sp-e-rj\/\"},\"author\":{\"name\":\"Ag\u00eancia iNFRA\",\"@id\":\"https:\/\/agenciainfra.com\/blog\/#\/schema\/person\/34af08dff6adea4cb22b06612ba7acfa\"},\"headline\":\"Com projeto mais enxuto, grupo com especialistas tenta viabilizar TAV entre SP e RJ\",\"datePublished\":\"2023-02-27T12:00:00+00:00\",\"mainEntityOfPage\":{\"@id\":\"https:\/\/agenciainfra.com\/blog\/com-projeto-mais-enxuto-grupo-com-especialistas-tenta-viabilizar-tav-entre-sp-e-rj\/\"},\"wordCount\":1079,\"publisher\":{\"@id\":\"https:\/\/agenciainfra.com\/blog\/#organization\"},\"image\":{\"@id\":\"https:\/\/agenciainfra.com\/blog\/com-projeto-mais-enxuto-grupo-com-especialistas-tenta-viabilizar-tav-entre-sp-e-rj\/#primaryimage\"},\"thumbnailUrl\":\"https:\/\/agenciainfra.com\/blog\/wp-content\/uploads\/2023\/02\/estacao-trem-foto-pxhere-scaled.jpg\",\"keywords\":[\"ANTT\",\"Bernardo Figueiredo\",\"EPL\",\"Etav\",\"Infra S\/A\",\"Jo\u00e3o Paulo Sigaud\",\"M.J. Alves e Burle Advogados\",\"Marcos Joaquim Alves\",\"passageiros\",\"Paulo Benites\",\"Rio de Janeiro\",\"S\u00e3o Paulo\",\"TAV\",\"Trem de Alta Velocidade\"],\"articleSection\":[\"Geral\",\"iNFRATransporte\"],\"inLanguage\":\"pt-BR\",\"copyrightYear\":\"2023\",\"copyrightHolder\":{\"@id\":\"https:\/\/agenciainfra.com\/blog\/#organization\"}},{\"@type\":\"WebPage\",\"@id\":\"https:\/\/agenciainfra.com\/blog\/com-projeto-mais-enxuto-grupo-com-especialistas-tenta-viabilizar-tav-entre-sp-e-rj\/\",\"url\":\"https:\/\/agenciainfra.com\/blog\/com-projeto-mais-enxuto-grupo-com-especialistas-tenta-viabilizar-tav-entre-sp-e-rj\/\",\"name\":\"Com projeto mais enxuto, grupo com especialistas tenta viabilizar TAV entre SP e RJ - Ag\u00eancia iNFRA\",\"isPartOf\":{\"@id\":\"https:\/\/agenciainfra.com\/blog\/#website\"},\"primaryImageOfPage\":{\"@id\":\"https:\/\/agenciainfra.com\/blog\/com-projeto-mais-enxuto-grupo-com-especialistas-tenta-viabilizar-tav-entre-sp-e-rj\/#primaryimage\"},\"image\":{\"@id\":\"https:\/\/agenciainfra.com\/blog\/com-projeto-mais-enxuto-grupo-com-especialistas-tenta-viabilizar-tav-entre-sp-e-rj\/#primaryimage\"},\"thumbnailUrl\":\"https:\/\/agenciainfra.com\/blog\/wp-content\/uploads\/2023\/02\/estacao-trem-foto-pxhere-scaled.jpg\",\"datePublished\":\"2023-02-27T12:00:00+00:00\",\"breadcrumb\":{\"@id\":\"https:\/\/agenciainfra.com\/blog\/com-projeto-mais-enxuto-grupo-com-especialistas-tenta-viabilizar-tav-entre-sp-e-rj\/#breadcrumb\"},\"inLanguage\":\"pt-BR\",\"potentialAction\":[{\"@type\":\"ReadAction\",\"target\":[\"https:\/\/agenciainfra.com\/blog\/com-projeto-mais-enxuto-grupo-com-especialistas-tenta-viabilizar-tav-entre-sp-e-rj\/\"]}]},{\"@type\":\"ImageObject\",\"inLanguage\":\"pt-BR\",\"@id\":\"https:\/\/agenciainfra.com\/blog\/com-projeto-mais-enxuto-grupo-com-especialistas-tenta-viabilizar-tav-entre-sp-e-rj\/#primaryimage\",\"url\":\"https:\/\/agenciainfra.com\/blog\/wp-content\/uploads\/2023\/02\/estacao-trem-foto-pxhere-scaled.jpg\",\"contentUrl\":\"https:\/\/agenciainfra.com\/blog\/wp-content\/uploads\/2023\/02\/estacao-trem-foto-pxhere-scaled.jpg\",\"width\":2560,\"height\":1303,\"caption\":\"Foto: PxHere\/Dom\u00ednio P\u00fablico\"},{\"@type\":\"BreadcrumbList\",\"@id\":\"https:\/\/agenciainfra.com\/blog\/com-projeto-mais-enxuto-grupo-com-especialistas-tenta-viabilizar-tav-entre-sp-e-rj\/#breadcrumb\",\"itemListElement\":[{\"@type\":\"ListItem\",\"position\":1,\"name\":\"In\u00edcio\",\"item\":\"https:\/\/agenciainfra.com\/blog\/\"},{\"@type\":\"ListItem\",\"position\":2,\"name\":\"Com projeto mais enxuto, grupo com especialistas tenta viabilizar TAV entre SP e RJ\"}]},{\"@type\":\"WebSite\",\"@id\":\"https:\/\/agenciainfra.com\/blog\/#website\",\"url\":\"https:\/\/agenciainfra.com\/blog\/\",\"name\":\"Ag\u00eancia iNFRA\",\"description\":\"Multiplataforma de informa\u00e7\u00e3o jornal\u00edstica refer\u00eancia na \u00e1rea de infraestrutura no Brasil!\",\"publisher\":{\"@id\":\"https:\/\/agenciainfra.com\/blog\/#organization\"},\"potentialAction\":[{\"@type\":\"SearchAction\",\"target\":{\"@type\":\"EntryPoint\",\"urlTemplate\":\"https:\/\/agenciainfra.com\/blog\/?s={search_term_string}\"},\"query-input\":{\"@type\":\"PropertyValueSpecification\",\"valueRequired\":true,\"valueName\":\"search_term_string\"}}],\"inLanguage\":\"pt-BR\"},{\"@type\":\"Organization\",\"@id\":\"https:\/\/agenciainfra.com\/blog\/#organization\",\"name\":\"Ag\u00eancia iNFRA\",\"url\":\"https:\/\/agenciainfra.com\/blog\/\",\"logo\":{\"@type\":\"ImageObject\",\"inLanguage\":\"pt-BR\",\"@id\":\"https:\/\/agenciainfra.com\/blog\/#\/schema\/logo\/image\/\",\"url\":\"https:\/\/agenciainfra.com\/blog\/wp-content\/uploads\/2023\/09\/iNFRA_5-e1761735885940.png\",\"contentUrl\":\"https:\/\/agenciainfra.com\/blog\/wp-content\/uploads\/2023\/09\/iNFRA_5-e1761735885940.png\",\"width\":1672,\"height\":454,\"caption\":\"Ag\u00eancia iNFRA\"},\"image\":{\"@id\":\"https:\/\/agenciainfra.com\/blog\/#\/schema\/logo\/image\/\"},\"sameAs\":[\"https:\/\/www.facebook.com\/ageninfra\",\"https:\/\/x.com\/agencia_infra\",\"https:\/\/www.linkedin.com\/company\/ag\u00eanciainfra\/\",\"https:\/\/www.instagram.com\/agenciainfra\/\"]},{\"@type\":\"Person\",\"@id\":\"https:\/\/agenciainfra.com\/blog\/#\/schema\/person\/34af08dff6adea4cb22b06612ba7acfa\",\"name\":\"Ag\u00eancia iNFRA\",\"image\":{\"@type\":\"ImageObject\",\"inLanguage\":\"pt-BR\",\"@id\":\"https:\/\/agenciainfra.com\/blog\/#\/schema\/person\/image\/\",\"url\":\"https:\/\/secure.gravatar.com\/avatar\/d189e01678f06d8eb84d4e01f08eb848b3fffe3f8443818d3c356c66892f5be8?s=96&d=mm&r=g\",\"contentUrl\":\"https:\/\/secure.gravatar.com\/avatar\/d189e01678f06d8eb84d4e01f08eb848b3fffe3f8443818d3c356c66892f5be8?s=96&d=mm&r=g\",\"caption\":\"Ag\u00eancia iNFRA\"},\"url\":\"https:\/\/agenciainfra.com\/blog\/author\/admin\/\"}]}<\/script>\n<!-- \/ Yoast SEO Premium plugin. -->","yoast_head_json":{"title":"Com projeto mais enxuto, grupo com especialistas tenta viabilizar TAV entre SP e RJ - Ag\u00eancia iNFRA","robots":{"index":"index","follow":"follow","max-snippet":"max-snippet:-1","max-image-preview":"max-image-preview:large","max-video-preview":"max-video-preview:-1"},"canonical":"https:\/\/agenciainfra.com\/blog\/com-projeto-mais-enxuto-grupo-com-especialistas-tenta-viabilizar-tav-entre-sp-e-rj\/","og_locale":"pt_BR","og_type":"article","og_title":"Com projeto mais enxuto, grupo com especialistas tenta viabilizar TAV entre SP e RJ","og_description":"Dimmi Amora, da Ag\u00eancia iNFRA Com uma lipoaspira\u00e7\u00e3o em rela\u00e7\u00e3o \u00e0 proposta do governo de constru\u00e7\u00e3o de um trem de passageiros de alta velocidade ligando as duas maiores cidades do pa\u00eds, S\u00e3o Paulo e Rio de Janeiro, um grupo formado por especialistas em infraestrutura obteve a autoriza\u00e7\u00e3o na \u00faltima semana para executar o projeto. A [&hellip;]","og_url":"https:\/\/agenciainfra.com\/blog\/com-projeto-mais-enxuto-grupo-com-especialistas-tenta-viabilizar-tav-entre-sp-e-rj\/","og_site_name":"Ag\u00eancia iNFRA","article_publisher":"https:\/\/www.facebook.com\/ageninfra","article_published_time":"2023-02-27T12:00:00+00:00","og_image":[{"width":2560,"height":1303,"url":"https:\/\/agenciainfra.com\/blog\/wp-content\/uploads\/2023\/02\/estacao-trem-foto-pxhere-scaled.jpg","type":"image\/jpeg"}],"author":"Ag\u00eancia iNFRA","twitter_card":"summary_large_image","twitter_creator":"@agencia_infra","twitter_site":"@agencia_infra","twitter_misc":{"Escrito por":"Ag\u00eancia iNFRA","Est. tempo de leitura":"5 minutos"},"schema":{"@context":"https:\/\/schema.org","@graph":[{"@type":"Article","@id":"https:\/\/agenciainfra.com\/blog\/com-projeto-mais-enxuto-grupo-com-especialistas-tenta-viabilizar-tav-entre-sp-e-rj\/#article","isPartOf":{"@id":"https:\/\/agenciainfra.com\/blog\/com-projeto-mais-enxuto-grupo-com-especialistas-tenta-viabilizar-tav-entre-sp-e-rj\/"},"author":{"name":"Ag\u00eancia iNFRA","@id":"https:\/\/agenciainfra.com\/blog\/#\/schema\/person\/34af08dff6adea4cb22b06612ba7acfa"},"headline":"Com projeto mais enxuto, grupo com especialistas tenta viabilizar TAV entre SP e RJ","datePublished":"2023-02-27T12:00:00+00:00","mainEntityOfPage":{"@id":"https:\/\/agenciainfra.com\/blog\/com-projeto-mais-enxuto-grupo-com-especialistas-tenta-viabilizar-tav-entre-sp-e-rj\/"},"wordCount":1079,"publisher":{"@id":"https:\/\/agenciainfra.com\/blog\/#organization"},"image":{"@id":"https:\/\/agenciainfra.com\/blog\/com-projeto-mais-enxuto-grupo-com-especialistas-tenta-viabilizar-tav-entre-sp-e-rj\/#primaryimage"},"thumbnailUrl":"https:\/\/agenciainfra.com\/blog\/wp-content\/uploads\/2023\/02\/estacao-trem-foto-pxhere-scaled.jpg","keywords":["ANTT","Bernardo Figueiredo","EPL","Etav","Infra S\/A","Jo\u00e3o Paulo Sigaud","M.J. Alves e Burle Advogados","Marcos Joaquim Alves","passageiros","Paulo Benites","Rio de Janeiro","S\u00e3o Paulo","TAV","Trem de Alta Velocidade"],"articleSection":["Geral","iNFRATransporte"],"inLanguage":"pt-BR","copyrightYear":"2023","copyrightHolder":{"@id":"https:\/\/agenciainfra.com\/blog\/#organization"}},{"@type":"WebPage","@id":"https:\/\/agenciainfra.com\/blog\/com-projeto-mais-enxuto-grupo-com-especialistas-tenta-viabilizar-tav-entre-sp-e-rj\/","url":"https:\/\/agenciainfra.com\/blog\/com-projeto-mais-enxuto-grupo-com-especialistas-tenta-viabilizar-tav-entre-sp-e-rj\/","name":"Com projeto mais enxuto, grupo com especialistas tenta viabilizar TAV entre SP e RJ - Ag\u00eancia iNFRA","isPartOf":{"@id":"https:\/\/agenciainfra.com\/blog\/#website"},"primaryImageOfPage":{"@id":"https:\/\/agenciainfra.com\/blog\/com-projeto-mais-enxuto-grupo-com-especialistas-tenta-viabilizar-tav-entre-sp-e-rj\/#primaryimage"},"image":{"@id":"https:\/\/agenciainfra.com\/blog\/com-projeto-mais-enxuto-grupo-com-especialistas-tenta-viabilizar-tav-entre-sp-e-rj\/#primaryimage"},"thumbnailUrl":"https:\/\/agenciainfra.com\/blog\/wp-content\/uploads\/2023\/02\/estacao-trem-foto-pxhere-scaled.jpg","datePublished":"2023-02-27T12:00:00+00:00","breadcrumb":{"@id":"https:\/\/agenciainfra.com\/blog\/com-projeto-mais-enxuto-grupo-com-especialistas-tenta-viabilizar-tav-entre-sp-e-rj\/#breadcrumb"},"inLanguage":"pt-BR","potentialAction":[{"@type":"ReadAction","target":["https:\/\/agenciainfra.com\/blog\/com-projeto-mais-enxuto-grupo-com-especialistas-tenta-viabilizar-tav-entre-sp-e-rj\/"]}]},{"@type":"ImageObject","inLanguage":"pt-BR","@id":"https:\/\/agenciainfra.com\/blog\/com-projeto-mais-enxuto-grupo-com-especialistas-tenta-viabilizar-tav-entre-sp-e-rj\/#primaryimage","url":"https:\/\/agenciainfra.com\/blog\/wp-content\/uploads\/2023\/02\/estacao-trem-foto-pxhere-scaled.jpg","contentUrl":"https:\/\/agenciainfra.com\/blog\/wp-content\/uploads\/2023\/02\/estacao-trem-foto-pxhere-scaled.jpg","width":2560,"height":1303,"caption":"Foto: PxHere\/Dom\u00ednio P\u00fablico"},{"@type":"BreadcrumbList","@id":"https:\/\/agenciainfra.com\/blog\/com-projeto-mais-enxuto-grupo-com-especialistas-tenta-viabilizar-tav-entre-sp-e-rj\/#breadcrumb","itemListElement":[{"@type":"ListItem","position":1,"name":"In\u00edcio","item":"https:\/\/agenciainfra.com\/blog\/"},{"@type":"ListItem","position":2,"name":"Com projeto mais enxuto, grupo com especialistas tenta viabilizar TAV entre SP e RJ"}]},{"@type":"WebSite","@id":"https:\/\/agenciainfra.com\/blog\/#website","url":"https:\/\/agenciainfra.com\/blog\/","name":"Ag\u00eancia iNFRA","description":"Multiplataforma de informa\u00e7\u00e3o jornal\u00edstica refer\u00eancia na \u00e1rea de infraestrutura no Brasil!","publisher":{"@id":"https:\/\/agenciainfra.com\/blog\/#organization"},"potentialAction":[{"@type":"SearchAction","target":{"@type":"EntryPoint","urlTemplate":"https:\/\/agenciainfra.com\/blog\/?s={search_term_string}"},"query-input":{"@type":"PropertyValueSpecification","valueRequired":true,"valueName":"search_term_string"}}],"inLanguage":"pt-BR"},{"@type":"Organization","@id":"https:\/\/agenciainfra.com\/blog\/#organization","name":"Ag\u00eancia iNFRA","url":"https:\/\/agenciainfra.com\/blog\/","logo":{"@type":"ImageObject","inLanguage":"pt-BR","@id":"https:\/\/agenciainfra.com\/blog\/#\/schema\/logo\/image\/","url":"https:\/\/agenciainfra.com\/blog\/wp-content\/uploads\/2023\/09\/iNFRA_5-e1761735885940.png","contentUrl":"https:\/\/agenciainfra.com\/blog\/wp-content\/uploads\/2023\/09\/iNFRA_5-e1761735885940.png","width":1672,"height":454,"caption":"Ag\u00eancia iNFRA"},"image":{"@id":"https:\/\/agenciainfra.com\/blog\/#\/schema\/logo\/image\/"},"sameAs":["https:\/\/www.facebook.com\/ageninfra","https:\/\/x.com\/agencia_infra","https:\/\/www.linkedin.com\/company\/ag\u00eanciainfra\/","https:\/\/www.instagram.com\/agenciainfra\/"]},{"@type":"Person","@id":"https:\/\/agenciainfra.com\/blog\/#\/schema\/person\/34af08dff6adea4cb22b06612ba7acfa","name":"Ag\u00eancia iNFRA","image":{"@type":"ImageObject","inLanguage":"pt-BR","@id":"https:\/\/agenciainfra.com\/blog\/#\/schema\/person\/image\/","url":"https:\/\/secure.gravatar.com\/avatar\/d189e01678f06d8eb84d4e01f08eb848b3fffe3f8443818d3c356c66892f5be8?s=96&d=mm&r=g","contentUrl":"https:\/\/secure.gravatar.com\/avatar\/d189e01678f06d8eb84d4e01f08eb848b3fffe3f8443818d3c356c66892f5be8?s=96&d=mm&r=g","caption":"Ag\u00eancia iNFRA"},"url":"https:\/\/agenciainfra.com\/blog\/author\/admin\/"}]}},"_links":{"self":[{"href":"https:\/\/agenciainfra.com\/blog\/wp-json\/wp\/v2\/posts\/12259","targetHints":{"allow":["GET"]}}],"collection":[{"href":"https:\/\/agenciainfra.com\/blog\/wp-json\/wp\/v2\/posts"}],"about":[{"href":"https:\/\/agenciainfra.com\/blog\/wp-json\/wp\/v2\/types\/post"}],"author":[{"embeddable":true,"href":"https:\/\/agenciainfra.com\/blog\/wp-json\/wp\/v2\/users\/1"}],"replies":[{"embeddable":true,"href":"https:\/\/agenciainfra.com\/blog\/wp-json\/wp\/v2\/comments?post=12259"}],"version-history":[{"count":0,"href":"https:\/\/agenciainfra.com\/blog\/wp-json\/wp\/v2\/posts\/12259\/revisions"}],"wp:featuredmedia":[{"embeddable":true,"href":"https:\/\/agenciainfra.com\/blog\/wp-json\/wp\/v2\/media\/12260"}],"wp:attachment":[{"href":"https:\/\/agenciainfra.com\/blog\/wp-json\/wp\/v2\/media?parent=12259"}],"wp:term":[{"taxonomy":"category","embeddable":true,"href":"https:\/\/agenciainfra.com\/blog\/wp-json\/wp\/v2\/categories?post=12259"},{"taxonomy":"post_tag","embeddable":true,"href":"https:\/\/agenciainfra.com\/blog\/wp-json\/wp\/v2\/tags?post=12259"}],"curies":[{"name":"wp","href":"https:\/\/api.w.org\/{rel}","templated":true}]}}