{"id":12271,"date":"2023-02-28T08:00:00","date_gmt":"2023-02-28T11:00:00","guid":{"rendered":"https:\/\/www.agenciainfra.com\/blog\/?p=12271"},"modified":"2023-02-28T10:20:18","modified_gmt":"2023-02-28T13:20:18","slug":"projeto-da-fico-vence-premio-p3c-wilson-quintella-e-homenageado","status":"publish","type":"post","link":"https:\/\/agenciainfra.com\/blog\/projeto-da-fico-vence-premio-p3c-wilson-quintella-e-homenageado\/","title":{"rendered":"Projeto da Fico vence Pr\u00eamio P3C. Wilson Quintella \u00e9 homenageado"},"content":{"rendered":"\n<p class=\"has-text-align-right\"><strong>da Ag\u00eancia iNFRA<\/strong><\/p>\n\n\n\n<p>O projeto &#8220;EFVM &#8211; Inova\u00e7\u00e3o com Investimento Cruzado na Antecipa\u00e7\u00e3o do Contrato de Concess\u00e3o da Estrada de Ferro Vit\u00f3ria a Minas Gerais&#8221; foi o grande vencedor da categoria &#8220;Melhor Gest\u00e3o P\u00fablica de Projetos nos Setores de Infraestrutura Econ\u00f4mica, Social e Ativos Ambientais&#8221; do Pr\u00eamio P3C, anunciado nesta segunda-feira (27), em S\u00e3o Paulo.<br><br>O pr\u00eamio reconhece&nbsp;profissionais, empresas e \u00f3rg\u00e3os&nbsp;p\u00fablicos que se destacam na atua\u00e7\u00e3o em infraestrutura econ\u00f4mica, social e ativos ambientais. O projeto da EFVM foi iniciativa do antigo Minist\u00e9rio da Infraestrutura e foi estruturado pela EPL (Empresa de Planejamento e Log\u00edstica), hoje Infra S.A., e executado pela ANTT (Ag\u00eancia Nacional de Transportes Terrestres).<br><br>Guilherme Sampaio, diretor da ANTT, Ismael Trinks, superintendente da ANTT, Jorge Bastos, presidente da Infra S.A., e Alex Trevizan, diretor da empresa, receberam o pr\u00eamio. Trinks explicou que esse foi o primeiro modelo de investimento cruzado, fruto de uma inova\u00e7\u00e3o legal criada em 2017, que usou a outorga da EFVM para fazer as obras da Fico (Ferrovia de Integra\u00e7\u00e3o Centro-Oeste) no Mato Grosso.<br><br>Na mesma categoria, a ANTT tamb\u00e9m recebeu men\u00e7\u00e3o honrosa pelo projeto &#8220;Uso de Inspe\u00e7\u00e3o Acreditada e Gest\u00e3o do Estoque Projetos de Engenharia da ANTT&#8221;. A outra men\u00e7\u00e3o foi para o projeto &#8220;CRT \u2013 Cria\u00e7\u00e3o da Comiss\u00e3o de Regula\u00e7\u00e3o de Transportes no Estado de Minas Gerais&#8221;.<br><br>Na categoria Melhor Estrutura\u00e7\u00e3o de Projetos nos Setores de Infraestrutura Econ\u00f4mica, Social e Ativos Ambientais, o vencedor foi o projeto &#8220;Cedae \u2013 Concess\u00f5es Regionalizadas do Saneamento B\u00e1sico do Estado do Rio de Janeiro \u2013 Companhia Estadual de \u00c1guas e Esgotos do Rio de Janeiro&#8221;. Receberam men\u00e7\u00e3o honrosa os projetos &#8220;Nova Dutra \u2013 Concess\u00e3o do sistema rodovi\u00e1rio BR-116\/101\/SP\/RJ&#8221; e &#8220;CBTU \u2013 Metr\u00f4 de Belo Horizonte\/MG&#8221;.<br><br>Na categoria Melhor Gest\u00e3o Privada de Projetos nos Setores de Infraestrutura Econ\u00f4mica, Social e Ativos Ambientais, a vit\u00f3ria ficou com o projeto &#8220;Gest\u00e3o do Hospital Delphina Rinaldi Abdel Aziz (AM) e Gest\u00e3o do Hospital Metropolitano Dr. C\u00e9lio de Castro (MG) em regime de Parceria P\u00fablico-Privada&#8221;, da Opy Health.<br><br>As men\u00e7\u00f5es honrosas ficaram com o projeto &#8220;Utiliza\u00e7\u00e3o de near field communication para pagamento de tarifas de ped\u00e1gio: Projeto precursor do uso da tecnologia NFC nas rodovias do Estado de S\u00e3o Paulo&#8221;, da Ecopista; e &#8220;Infraestrutura econ\u00f4mica &#8211; Implanta\u00e7\u00e3o da ETE Caetetuba com tecnologia modular em filtro biol\u00f3gico percolador&#8221;, da Igu\u00e1 Saneamento.<br><br>Nas categorias individuais, o pr\u00eamio &#8220;Mulheres na Infraestrutura&#8221; ficou com a secret\u00e1ria de Infraestrutura e Meio Ambiente de S\u00e3o Paulo,&nbsp;Nat\u00e1lia Resende Andrade \u00c1vila.&nbsp;Karla Bertocco Trindade e&nbsp;Nat\u00e1lia Marcassa receberam men\u00e7\u00e3o honrosa. Na categoria &#8220;Carreiras de Impacto&#8221;, Jerson Kelman, ex-diretor da ANEEL e da ANA, foi o escolhido.&nbsp;Cleverson Aroeira e&nbsp;Rog\u00e9rio Princhak receberam men\u00e7\u00e3o honrosa.<br><br><strong>Homenagem a Wilson Quintella<\/strong><br>O empres\u00e1rio Wilson Quintella recebeu o pr\u00eamio &#8220;Reconhecimento In Memoriam&#8221;. O filho dele, tamb\u00e9m empres\u00e1rio, Guilherme Quintella, recebeu a premia\u00e7\u00e3o das m\u00e3os do organizador do evento, Maur\u00edcio Portugal Ribeiro.<br><br>O organizador leu a longa lista de projetos que Quintella liderou na infraestrutura no s\u00e9culo passado, o que incluiu ferrovias, metr\u00f4s, rodovias, aeroportos, hidrovias e hidrel\u00e9tricas. Wilson faleceu em junho de 2022.<br>&nbsp;<br>&#8220;\u00c9 dif\u00edcil achar um projeto relevante de infraestrutura entre n\u00f3s que n\u00e3o tenha tido a m\u00e3o de Wilson&#8221;, destacou Ribeiro. &#8220;A vida de todos n\u00f3s \u00e9 melhor pela a\u00e7\u00e3o deste brasileiro.&#8221;<br><br><strong>Evento segue hoje<\/strong><br>O evento&nbsp;P3C&nbsp;PPPs e Concess\u00f5es \u2013 o mais importante especializado no mercado de parcerias&nbsp;p\u00fablico-privadas e concess\u00f5es \u2013 segue hoje (28), com&nbsp;a confer\u00eancia que tratar\u00e1 dos mais diversos temas ligados ao setor. Entre os palestrantes j\u00e1 confirmados est\u00e1 o ministro de Portos e Aeroportos, M\u00e1rcio Fran\u00e7a.<br><br>Organizado pela Necta, com apoio da B3 e da Portugal Ribeiro Advogados, e com a&nbsp;<strong>Ag\u00eancia iNFRA<\/strong>&nbsp;como parceira de m\u00eddia, o evento tem como objetivo tornar o ambiente de investimento em infraestrutura no Brasil mais previs\u00edvel e seguro para os investidores. Os ingressos podem ser adquiridos no&nbsp;<a rel=\"noreferrer noopener\" href=\"https:\/\/agenciainfra.us14.list-manage.com\/track\/click?u=d460dd1bcf9ba0ae040e1fc0f&amp;id=4420d5f250&amp;e=f0fa444791\" target=\"_blank\">portal da organiza\u00e7\u00e3o<\/a>.<\/p>\n","protected":false},"excerpt":{"rendered":"<p>da Ag\u00eancia iNFRA O projeto &#8220;EFVM &#8211; Inova\u00e7\u00e3o com Investimento Cruzado na Antecipa\u00e7\u00e3o do Contrato de Concess\u00e3o da Estrada de Ferro Vit\u00f3ria a Minas Gerais&#8221; foi o grande vencedor da categoria &#8220;Melhor Gest\u00e3o P\u00fablica de Projetos nos Setores de Infraestrutura Econ\u00f4mica, Social e Ativos Ambientais&#8221; do Pr\u00eamio P3C, anunciado nesta segunda-feira (27), em S\u00e3o Paulo. [&hellip;]<\/p>\n","protected":false},"author":1,"featured_media":12274,"comment_status":"closed","ping_status":"closed","sticky":false,"template":"","format":"standard","meta":{"_monsterinsights_skip_tracking":false,"_monsterinsights_sitenote_active":false,"_monsterinsights_sitenote_note":"","_monsterinsights_sitenote_category":0,"footnotes":""},"categories":[1],"tags":[6425,3198,78,228,252,4168,6427,2344,5498,791,5089,97,5606,6426],"class_list":["post-12271","post","type-post","status-publish","format-standard","has-post-thumbnail","hentry","category-geral","tag-alex-trevisan","tag-cbtu","tag-concessoes","tag-efvm","tag-epl","tag-guilherme-sampaio","tag-homenagem","tag-infra-s-a","tag-ismael-trinks","tag-jorge-bastos","tag-p3c","tag-ppp","tag-premio-p3c","tag-wilson-quintella"],"yoast_head":"<!-- This site is optimized with the Yoast SEO Premium plugin v25.4 (Yoast SEO v26.0) - https:\/\/yoast.com\/wordpress\/plugins\/seo\/ -->\n<title>Projeto da Fico vence Pr\u00eamio P3C. Wilson Quintella \u00e9 homenageado - Ag\u00eancia iNFRA<\/title>\n<meta name=\"robots\" content=\"index, follow, max-snippet:-1, max-image-preview:large, max-video-preview:-1\" \/>\n<link rel=\"canonical\" href=\"https:\/\/agenciainfra.com\/blog\/projeto-da-fico-vence-premio-p3c-wilson-quintella-e-homenageado\/\" \/>\n<meta property=\"og:locale\" content=\"pt_BR\" \/>\n<meta property=\"og:type\" content=\"article\" \/>\n<meta property=\"og:title\" content=\"Projeto da Fico vence Pr\u00eamio P3C. Wilson Quintella \u00e9 homenageado\" \/>\n<meta property=\"og:description\" content=\"da Ag\u00eancia iNFRA O projeto &#8220;EFVM &#8211; Inova\u00e7\u00e3o com Investimento Cruzado na Antecipa\u00e7\u00e3o do Contrato de Concess\u00e3o da Estrada de Ferro Vit\u00f3ria a Minas Gerais&#8221; foi o grande vencedor da categoria &#8220;Melhor Gest\u00e3o P\u00fablica de Projetos nos Setores de Infraestrutura Econ\u00f4mica, Social e Ativos Ambientais&#8221; do Pr\u00eamio P3C, anunciado nesta segunda-feira (27), em S\u00e3o Paulo. [&hellip;]\" \/>\n<meta property=\"og:url\" content=\"https:\/\/agenciainfra.com\/blog\/projeto-da-fico-vence-premio-p3c-wilson-quintella-e-homenageado\/\" \/>\n<meta property=\"og:site_name\" content=\"Ag\u00eancia iNFRA\" \/>\n<meta property=\"article:publisher\" content=\"https:\/\/www.facebook.com\/ageninfra\" \/>\n<meta property=\"article:published_time\" content=\"2023-02-28T11:00:00+00:00\" \/>\n<meta property=\"article:modified_time\" content=\"2023-02-28T13:20:18+00:00\" \/>\n<meta property=\"og:image\" content=\"https:\/\/agenciainfra.com\/blog\/wp-content\/uploads\/2023\/02\/premio-pc3-2023-premiados-fico-antt-foto-assessoria-p3c.jpg\" \/>\n\t<meta property=\"og:image:width\" content=\"2048\" \/>\n\t<meta property=\"og:image:height\" content=\"1365\" \/>\n\t<meta property=\"og:image:type\" content=\"image\/jpeg\" \/>\n<meta name=\"author\" content=\"Ag\u00eancia iNFRA\" \/>\n<meta name=\"twitter:card\" content=\"summary_large_image\" \/>\n<meta name=\"twitter:creator\" content=\"@agencia_infra\" \/>\n<meta name=\"twitter:site\" content=\"@agencia_infra\" \/>\n<meta name=\"twitter:label1\" content=\"Escrito por\" \/>\n\t<meta name=\"twitter:data1\" content=\"Ag\u00eancia iNFRA\" \/>\n\t<meta name=\"twitter:label2\" content=\"Est. tempo de leitura\" \/>\n\t<meta name=\"twitter:data2\" content=\"4 minutos\" \/>\n<script type=\"application\/ld+json\" class=\"yoast-schema-graph\">{\"@context\":\"https:\/\/schema.org\",\"@graph\":[{\"@type\":\"Article\",\"@id\":\"https:\/\/agenciainfra.com\/blog\/projeto-da-fico-vence-premio-p3c-wilson-quintella-e-homenageado\/#article\",\"isPartOf\":{\"@id\":\"https:\/\/agenciainfra.com\/blog\/projeto-da-fico-vence-premio-p3c-wilson-quintella-e-homenageado\/\"},\"author\":{\"name\":\"Ag\u00eancia iNFRA\",\"@id\":\"https:\/\/agenciainfra.com\/blog\/#\/schema\/person\/34af08dff6adea4cb22b06612ba7acfa\"},\"headline\":\"Projeto da Fico vence Pr\u00eamio P3C. Wilson Quintella \u00e9 homenageado\",\"datePublished\":\"2023-02-28T11:00:00+00:00\",\"dateModified\":\"2023-02-28T13:20:18+00:00\",\"mainEntityOfPage\":{\"@id\":\"https:\/\/agenciainfra.com\/blog\/projeto-da-fico-vence-premio-p3c-wilson-quintella-e-homenageado\/\"},\"wordCount\":739,\"publisher\":{\"@id\":\"https:\/\/agenciainfra.com\/blog\/#organization\"},\"image\":{\"@id\":\"https:\/\/agenciainfra.com\/blog\/projeto-da-fico-vence-premio-p3c-wilson-quintella-e-homenageado\/#primaryimage\"},\"thumbnailUrl\":\"https:\/\/agenciainfra.com\/blog\/wp-content\/uploads\/2023\/02\/premio-pc3-2023-premiados-fico-antt-foto-assessoria-p3c.jpg\",\"keywords\":[\"Alex Trevisan\",\"CBTU\",\"concess\u00f5es\",\"EFVM\",\"EPL\",\"Guilherme Sampaio\",\"homenagem\",\"Infra S.A.\",\"Ismael Trinks\",\"Jorge Bastos\",\"P3C\",\"PPP\",\"Pr\u00eamio P3C\",\"Wilson Quintella\"],\"articleSection\":[\"Geral\"],\"inLanguage\":\"pt-BR\",\"copyrightYear\":\"2023\",\"copyrightHolder\":{\"@id\":\"https:\/\/agenciainfra.com\/blog\/#organization\"}},{\"@type\":\"WebPage\",\"@id\":\"https:\/\/agenciainfra.com\/blog\/projeto-da-fico-vence-premio-p3c-wilson-quintella-e-homenageado\/\",\"url\":\"https:\/\/agenciainfra.com\/blog\/projeto-da-fico-vence-premio-p3c-wilson-quintella-e-homenageado\/\",\"name\":\"Projeto da Fico vence Pr\u00eamio P3C. Wilson Quintella \u00e9 homenageado - Ag\u00eancia iNFRA\",\"isPartOf\":{\"@id\":\"https:\/\/agenciainfra.com\/blog\/#website\"},\"primaryImageOfPage\":{\"@id\":\"https:\/\/agenciainfra.com\/blog\/projeto-da-fico-vence-premio-p3c-wilson-quintella-e-homenageado\/#primaryimage\"},\"image\":{\"@id\":\"https:\/\/agenciainfra.com\/blog\/projeto-da-fico-vence-premio-p3c-wilson-quintella-e-homenageado\/#primaryimage\"},\"thumbnailUrl\":\"https:\/\/agenciainfra.com\/blog\/wp-content\/uploads\/2023\/02\/premio-pc3-2023-premiados-fico-antt-foto-assessoria-p3c.jpg\",\"datePublished\":\"2023-02-28T11:00:00+00:00\",\"dateModified\":\"2023-02-28T13:20:18+00:00\",\"breadcrumb\":{\"@id\":\"https:\/\/agenciainfra.com\/blog\/projeto-da-fico-vence-premio-p3c-wilson-quintella-e-homenageado\/#breadcrumb\"},\"inLanguage\":\"pt-BR\",\"potentialAction\":[{\"@type\":\"ReadAction\",\"target\":[\"https:\/\/agenciainfra.com\/blog\/projeto-da-fico-vence-premio-p3c-wilson-quintella-e-homenageado\/\"]}]},{\"@type\":\"ImageObject\",\"inLanguage\":\"pt-BR\",\"@id\":\"https:\/\/agenciainfra.com\/blog\/projeto-da-fico-vence-premio-p3c-wilson-quintella-e-homenageado\/#primaryimage\",\"url\":\"https:\/\/agenciainfra.com\/blog\/wp-content\/uploads\/2023\/02\/premio-pc3-2023-premiados-fico-antt-foto-assessoria-p3c.jpg\",\"contentUrl\":\"https:\/\/agenciainfra.com\/blog\/wp-content\/uploads\/2023\/02\/premio-pc3-2023-premiados-fico-antt-foto-assessoria-p3c.jpg\",\"width\":2048,\"height\":1365},{\"@type\":\"BreadcrumbList\",\"@id\":\"https:\/\/agenciainfra.com\/blog\/projeto-da-fico-vence-premio-p3c-wilson-quintella-e-homenageado\/#breadcrumb\",\"itemListElement\":[{\"@type\":\"ListItem\",\"position\":1,\"name\":\"In\u00edcio\",\"item\":\"https:\/\/agenciainfra.com\/blog\/\"},{\"@type\":\"ListItem\",\"position\":2,\"name\":\"Projeto da Fico vence Pr\u00eamio P3C. Wilson Quintella \u00e9 homenageado\"}]},{\"@type\":\"WebSite\",\"@id\":\"https:\/\/agenciainfra.com\/blog\/#website\",\"url\":\"https:\/\/agenciainfra.com\/blog\/\",\"name\":\"Ag\u00eancia iNFRA\",\"description\":\"Multiplataforma de informa\u00e7\u00e3o jornal\u00edstica refer\u00eancia na \u00e1rea de infraestrutura no Brasil!\",\"publisher\":{\"@id\":\"https:\/\/agenciainfra.com\/blog\/#organization\"},\"potentialAction\":[{\"@type\":\"SearchAction\",\"target\":{\"@type\":\"EntryPoint\",\"urlTemplate\":\"https:\/\/agenciainfra.com\/blog\/?s={search_term_string}\"},\"query-input\":{\"@type\":\"PropertyValueSpecification\",\"valueRequired\":true,\"valueName\":\"search_term_string\"}}],\"inLanguage\":\"pt-BR\"},{\"@type\":\"Organization\",\"@id\":\"https:\/\/agenciainfra.com\/blog\/#organization\",\"name\":\"Ag\u00eancia iNFRA\",\"url\":\"https:\/\/agenciainfra.com\/blog\/\",\"logo\":{\"@type\":\"ImageObject\",\"inLanguage\":\"pt-BR\",\"@id\":\"https:\/\/agenciainfra.com\/blog\/#\/schema\/logo\/image\/\",\"url\":\"https:\/\/agenciainfra.com\/blog\/wp-content\/uploads\/2023\/09\/iNFRA_5-e1761735885940.png\",\"contentUrl\":\"https:\/\/agenciainfra.com\/blog\/wp-content\/uploads\/2023\/09\/iNFRA_5-e1761735885940.png\",\"width\":1672,\"height\":454,\"caption\":\"Ag\u00eancia iNFRA\"},\"image\":{\"@id\":\"https:\/\/agenciainfra.com\/blog\/#\/schema\/logo\/image\/\"},\"sameAs\":[\"https:\/\/www.facebook.com\/ageninfra\",\"https:\/\/x.com\/agencia_infra\",\"https:\/\/www.linkedin.com\/company\/ag\u00eanciainfra\/\",\"https:\/\/www.instagram.com\/agenciainfra\/\"]},{\"@type\":\"Person\",\"@id\":\"https:\/\/agenciainfra.com\/blog\/#\/schema\/person\/34af08dff6adea4cb22b06612ba7acfa\",\"name\":\"Ag\u00eancia iNFRA\",\"image\":{\"@type\":\"ImageObject\",\"inLanguage\":\"pt-BR\",\"@id\":\"https:\/\/agenciainfra.com\/blog\/#\/schema\/person\/image\/\",\"url\":\"https:\/\/secure.gravatar.com\/avatar\/d189e01678f06d8eb84d4e01f08eb848b3fffe3f8443818d3c356c66892f5be8?s=96&d=mm&r=g\",\"contentUrl\":\"https:\/\/secure.gravatar.com\/avatar\/d189e01678f06d8eb84d4e01f08eb848b3fffe3f8443818d3c356c66892f5be8?s=96&d=mm&r=g\",\"caption\":\"Ag\u00eancia iNFRA\"},\"url\":\"https:\/\/agenciainfra.com\/blog\/author\/admin\/\"}]}<\/script>\n<!-- \/ Yoast SEO Premium plugin. -->","yoast_head_json":{"title":"Projeto da Fico vence Pr\u00eamio P3C. Wilson Quintella \u00e9 homenageado - Ag\u00eancia iNFRA","robots":{"index":"index","follow":"follow","max-snippet":"max-snippet:-1","max-image-preview":"max-image-preview:large","max-video-preview":"max-video-preview:-1"},"canonical":"https:\/\/agenciainfra.com\/blog\/projeto-da-fico-vence-premio-p3c-wilson-quintella-e-homenageado\/","og_locale":"pt_BR","og_type":"article","og_title":"Projeto da Fico vence Pr\u00eamio P3C. Wilson Quintella \u00e9 homenageado","og_description":"da Ag\u00eancia iNFRA O projeto &#8220;EFVM &#8211; Inova\u00e7\u00e3o com Investimento Cruzado na Antecipa\u00e7\u00e3o do Contrato de Concess\u00e3o da Estrada de Ferro Vit\u00f3ria a Minas Gerais&#8221; foi o grande vencedor da categoria &#8220;Melhor Gest\u00e3o P\u00fablica de Projetos nos Setores de Infraestrutura Econ\u00f4mica, Social e Ativos Ambientais&#8221; do Pr\u00eamio P3C, anunciado nesta segunda-feira (27), em S\u00e3o Paulo. [&hellip;]","og_url":"https:\/\/agenciainfra.com\/blog\/projeto-da-fico-vence-premio-p3c-wilson-quintella-e-homenageado\/","og_site_name":"Ag\u00eancia iNFRA","article_publisher":"https:\/\/www.facebook.com\/ageninfra","article_published_time":"2023-02-28T11:00:00+00:00","article_modified_time":"2023-02-28T13:20:18+00:00","og_image":[{"width":2048,"height":1365,"url":"https:\/\/agenciainfra.com\/blog\/wp-content\/uploads\/2023\/02\/premio-pc3-2023-premiados-fico-antt-foto-assessoria-p3c.jpg","type":"image\/jpeg"}],"author":"Ag\u00eancia iNFRA","twitter_card":"summary_large_image","twitter_creator":"@agencia_infra","twitter_site":"@agencia_infra","twitter_misc":{"Escrito por":"Ag\u00eancia iNFRA","Est. tempo de leitura":"4 minutos"},"schema":{"@context":"https:\/\/schema.org","@graph":[{"@type":"Article","@id":"https:\/\/agenciainfra.com\/blog\/projeto-da-fico-vence-premio-p3c-wilson-quintella-e-homenageado\/#article","isPartOf":{"@id":"https:\/\/agenciainfra.com\/blog\/projeto-da-fico-vence-premio-p3c-wilson-quintella-e-homenageado\/"},"author":{"name":"Ag\u00eancia iNFRA","@id":"https:\/\/agenciainfra.com\/blog\/#\/schema\/person\/34af08dff6adea4cb22b06612ba7acfa"},"headline":"Projeto da Fico vence Pr\u00eamio P3C. Wilson Quintella \u00e9 homenageado","datePublished":"2023-02-28T11:00:00+00:00","dateModified":"2023-02-28T13:20:18+00:00","mainEntityOfPage":{"@id":"https:\/\/agenciainfra.com\/blog\/projeto-da-fico-vence-premio-p3c-wilson-quintella-e-homenageado\/"},"wordCount":739,"publisher":{"@id":"https:\/\/agenciainfra.com\/blog\/#organization"},"image":{"@id":"https:\/\/agenciainfra.com\/blog\/projeto-da-fico-vence-premio-p3c-wilson-quintella-e-homenageado\/#primaryimage"},"thumbnailUrl":"https:\/\/agenciainfra.com\/blog\/wp-content\/uploads\/2023\/02\/premio-pc3-2023-premiados-fico-antt-foto-assessoria-p3c.jpg","keywords":["Alex Trevisan","CBTU","concess\u00f5es","EFVM","EPL","Guilherme Sampaio","homenagem","Infra S.A.","Ismael Trinks","Jorge Bastos","P3C","PPP","Pr\u00eamio P3C","Wilson Quintella"],"articleSection":["Geral"],"inLanguage":"pt-BR","copyrightYear":"2023","copyrightHolder":{"@id":"https:\/\/agenciainfra.com\/blog\/#organization"}},{"@type":"WebPage","@id":"https:\/\/agenciainfra.com\/blog\/projeto-da-fico-vence-premio-p3c-wilson-quintella-e-homenageado\/","url":"https:\/\/agenciainfra.com\/blog\/projeto-da-fico-vence-premio-p3c-wilson-quintella-e-homenageado\/","name":"Projeto da Fico vence Pr\u00eamio P3C. Wilson Quintella \u00e9 homenageado - Ag\u00eancia iNFRA","isPartOf":{"@id":"https:\/\/agenciainfra.com\/blog\/#website"},"primaryImageOfPage":{"@id":"https:\/\/agenciainfra.com\/blog\/projeto-da-fico-vence-premio-p3c-wilson-quintella-e-homenageado\/#primaryimage"},"image":{"@id":"https:\/\/agenciainfra.com\/blog\/projeto-da-fico-vence-premio-p3c-wilson-quintella-e-homenageado\/#primaryimage"},"thumbnailUrl":"https:\/\/agenciainfra.com\/blog\/wp-content\/uploads\/2023\/02\/premio-pc3-2023-premiados-fico-antt-foto-assessoria-p3c.jpg","datePublished":"2023-02-28T11:00:00+00:00","dateModified":"2023-02-28T13:20:18+00:00","breadcrumb":{"@id":"https:\/\/agenciainfra.com\/blog\/projeto-da-fico-vence-premio-p3c-wilson-quintella-e-homenageado\/#breadcrumb"},"inLanguage":"pt-BR","potentialAction":[{"@type":"ReadAction","target":["https:\/\/agenciainfra.com\/blog\/projeto-da-fico-vence-premio-p3c-wilson-quintella-e-homenageado\/"]}]},{"@type":"ImageObject","inLanguage":"pt-BR","@id":"https:\/\/agenciainfra.com\/blog\/projeto-da-fico-vence-premio-p3c-wilson-quintella-e-homenageado\/#primaryimage","url":"https:\/\/agenciainfra.com\/blog\/wp-content\/uploads\/2023\/02\/premio-pc3-2023-premiados-fico-antt-foto-assessoria-p3c.jpg","contentUrl":"https:\/\/agenciainfra.com\/blog\/wp-content\/uploads\/2023\/02\/premio-pc3-2023-premiados-fico-antt-foto-assessoria-p3c.jpg","width":2048,"height":1365},{"@type":"BreadcrumbList","@id":"https:\/\/agenciainfra.com\/blog\/projeto-da-fico-vence-premio-p3c-wilson-quintella-e-homenageado\/#breadcrumb","itemListElement":[{"@type":"ListItem","position":1,"name":"In\u00edcio","item":"https:\/\/agenciainfra.com\/blog\/"},{"@type":"ListItem","position":2,"name":"Projeto da Fico vence Pr\u00eamio P3C. Wilson Quintella \u00e9 homenageado"}]},{"@type":"WebSite","@id":"https:\/\/agenciainfra.com\/blog\/#website","url":"https:\/\/agenciainfra.com\/blog\/","name":"Ag\u00eancia iNFRA","description":"Multiplataforma de informa\u00e7\u00e3o jornal\u00edstica refer\u00eancia na \u00e1rea de infraestrutura no Brasil!","publisher":{"@id":"https:\/\/agenciainfra.com\/blog\/#organization"},"potentialAction":[{"@type":"SearchAction","target":{"@type":"EntryPoint","urlTemplate":"https:\/\/agenciainfra.com\/blog\/?s={search_term_string}"},"query-input":{"@type":"PropertyValueSpecification","valueRequired":true,"valueName":"search_term_string"}}],"inLanguage":"pt-BR"},{"@type":"Organization","@id":"https:\/\/agenciainfra.com\/blog\/#organization","name":"Ag\u00eancia iNFRA","url":"https:\/\/agenciainfra.com\/blog\/","logo":{"@type":"ImageObject","inLanguage":"pt-BR","@id":"https:\/\/agenciainfra.com\/blog\/#\/schema\/logo\/image\/","url":"https:\/\/agenciainfra.com\/blog\/wp-content\/uploads\/2023\/09\/iNFRA_5-e1761735885940.png","contentUrl":"https:\/\/agenciainfra.com\/blog\/wp-content\/uploads\/2023\/09\/iNFRA_5-e1761735885940.png","width":1672,"height":454,"caption":"Ag\u00eancia iNFRA"},"image":{"@id":"https:\/\/agenciainfra.com\/blog\/#\/schema\/logo\/image\/"},"sameAs":["https:\/\/www.facebook.com\/ageninfra","https:\/\/x.com\/agencia_infra","https:\/\/www.linkedin.com\/company\/ag\u00eanciainfra\/","https:\/\/www.instagram.com\/agenciainfra\/"]},{"@type":"Person","@id":"https:\/\/agenciainfra.com\/blog\/#\/schema\/person\/34af08dff6adea4cb22b06612ba7acfa","name":"Ag\u00eancia iNFRA","image":{"@type":"ImageObject","inLanguage":"pt-BR","@id":"https:\/\/agenciainfra.com\/blog\/#\/schema\/person\/image\/","url":"https:\/\/secure.gravatar.com\/avatar\/d189e01678f06d8eb84d4e01f08eb848b3fffe3f8443818d3c356c66892f5be8?s=96&d=mm&r=g","contentUrl":"https:\/\/secure.gravatar.com\/avatar\/d189e01678f06d8eb84d4e01f08eb848b3fffe3f8443818d3c356c66892f5be8?s=96&d=mm&r=g","caption":"Ag\u00eancia iNFRA"},"url":"https:\/\/agenciainfra.com\/blog\/author\/admin\/"}]}},"_links":{"self":[{"href":"https:\/\/agenciainfra.com\/blog\/wp-json\/wp\/v2\/posts\/12271","targetHints":{"allow":["GET"]}}],"collection":[{"href":"https:\/\/agenciainfra.com\/blog\/wp-json\/wp\/v2\/posts"}],"about":[{"href":"https:\/\/agenciainfra.com\/blog\/wp-json\/wp\/v2\/types\/post"}],"author":[{"embeddable":true,"href":"https:\/\/agenciainfra.com\/blog\/wp-json\/wp\/v2\/users\/1"}],"replies":[{"embeddable":true,"href":"https:\/\/agenciainfra.com\/blog\/wp-json\/wp\/v2\/comments?post=12271"}],"version-history":[{"count":0,"href":"https:\/\/agenciainfra.com\/blog\/wp-json\/wp\/v2\/posts\/12271\/revisions"}],"wp:featuredmedia":[{"embeddable":true,"href":"https:\/\/agenciainfra.com\/blog\/wp-json\/wp\/v2\/media\/12274"}],"wp:attachment":[{"href":"https:\/\/agenciainfra.com\/blog\/wp-json\/wp\/v2\/media?parent=12271"}],"wp:term":[{"taxonomy":"category","embeddable":true,"href":"https:\/\/agenciainfra.com\/blog\/wp-json\/wp\/v2\/categories?post=12271"},{"taxonomy":"post_tag","embeddable":true,"href":"https:\/\/agenciainfra.com\/blog\/wp-json\/wp\/v2\/tags?post=12271"}],"curies":[{"name":"wp","href":"https:\/\/api.w.org\/{rel}","templated":true}]}}