{"id":12279,"date":"2023-03-01T11:00:00","date_gmt":"2023-03-01T14:00:00","guid":{"rendered":"https:\/\/www.agenciainfra.com\/blog\/?p=12279"},"modified":"2023-02-28T23:19:04","modified_gmt":"2023-03-01T02:19:04","slug":"relicitacao-em-contratos-de-concessao-duas-importantes-orientacoes-do-tcu","status":"publish","type":"post","link":"https:\/\/agenciainfra.com\/blog\/relicitacao-em-contratos-de-concessao-duas-importantes-orientacoes-do-tcu\/","title":{"rendered":"Relicita\u00e7\u00e3o em contratos de concess\u00e3o: duas importantes orienta\u00e7\u00f5es do TCU"},"content":{"rendered":"\n<p class=\"has-text-align-right\"><strong>Davi Madalon Fraga*<\/strong><\/p>\n\n\n\n<p>J\u00e1 no abrir das cortinas do ano de 2023, o plen\u00e1rio do TCU (Tribunal de Contas da Uni\u00e3o) fixou importantes preceitos relativos \u00e0 indeniza\u00e7\u00e3o de ativos n\u00e3o amortizados ou depreciados e \u00e0 relicita\u00e7\u00e3o nos casos de encerramento antecipado de contrato de concess\u00e3o.<\/p>\n\n\n\n<p>Por meio do Ac\u00f3rd\u00e3o 8\/2023, de relatoria do ministro Aroldo Cedraz e exarado no \u00e2mbito do Processo 028.391\/2020-9, o TCU trouxe recomenda\u00e7\u00f5es \u00e0 ANAC (Ag\u00eancia Nacional de Avia\u00e7\u00e3o Civil) em rela\u00e7\u00e3o \u00e0 relicita\u00e7\u00e3o do Aeroporto de S\u00e3o Gon\u00e7alo do Amarante (RN), mas cujos princ\u00edpios e fundamentos podem ser aplicados ao regime dos contratos de concess\u00e3o de modo geral.<\/p>\n\n\n\n<p>Em rela\u00e7\u00e3o ao valor da indeniza\u00e7\u00e3o a ser paga \u00e0 concession\u00e1ria original, a Corte de Contas indicou a necessidade de que o estudo de levantamento seja realizado de forma precisa, clara e suficiente, com base em dados concretos (e n\u00e3o abstratos). Tal estudo deve ser submetido \u00e0 empresa de auditoria independente e, posteriormente, \u00e0 consulta p\u00fablica. S\u00f3 ent\u00e3o \u00e9 que os valores dever\u00e3o ser aprovados pela diretoria colegiada da ANAC e, por fim, submetidos \u00e0 an\u00e1lise do pr\u00f3prio TCU. O pagamento da indeniza\u00e7\u00e3o ao particular pode ocorrer antes da aprova\u00e7\u00e3o pelo TCU.<\/p>\n\n\n\n<p>Al\u00e9m disso, em seu voto, o ministro relator ponderou ser completamente poss\u00edvel (e recomend\u00e1vel) a condu\u00e7\u00e3o do processo de c\u00e1lculo da indeniza\u00e7\u00e3o em conjunto com o procedimento de relicita\u00e7\u00e3o, uma vez que eventual demora na quantifica\u00e7\u00e3o do valor a ser indenizado tornaria a substitui\u00e7\u00e3o do parceiro privado mais morosa, comprometendo a continuidade do servi\u00e7o p\u00fablico.<\/p>\n\n\n\n<p>Contudo, o montante definitivo da indeniza\u00e7\u00e3o deve ter sua apura\u00e7\u00e3o conclu\u00edda e divulgada antes da oferta de propostas pelos licitantes na relicita\u00e7\u00e3o, para permitir aos licitantes conhecer o valor da indeniza\u00e7\u00e3o aprovado pela ag\u00eancia reguladora juntamente com a publica\u00e7\u00e3o do edital, como meio de garantir a isonomia do certame.\u00a0<\/p>\n\n\n\n<p>Essa medida permitiria que os novos interessados no neg\u00f3cio, ao ingressar no certame, ponderem os riscos envolvidos e apresentem suas propostas em bases equ\u00e2nimes, trazendo mais seguran\u00e7a e previsibilidade \u00e0 licita\u00e7\u00e3o e \u00e0 futura contrata\u00e7\u00e3o.<\/p>\n\n\n\n<p>A \u00edntegra do voto do ministro relator e do ac\u00f3rd\u00e3o pode ser conferida neste <a href=\"https:\/\/pesquisa.apps.tcu.gov.br\/#\/redireciona\/acordao-completo\/%22ACORDAO-COMPLETO-2558913%22\">link<\/a>.<\/p>\n\n\n\n<h6 class=\"wp-block-heading\" id=\"block-0ad831ad-cd23-417f-b06a-95588097a0b7\">*Davi Madalon Fraga \u00e9 especialista em Direito do Estado pela Uerj (Universidade do Estado do Rio de Janeiro) e advogado s\u00eanior do Giamundo Neto Advogados.<\/h6>\n\n\n\n<h5 class=\"wp-block-heading\" id=\"block-d67878ff-7627-4f15-b175-8f58269174ff\">As opini\u00f5es dos autores n\u00e3o refletem necessariamente o pensamento da Ag\u00eancia iNFRA, sendo de total responsabilidade do autor as informa\u00e7\u00f5es, ju\u00edzos de valor e conceitos descritos no texto.<\/h5>\n","protected":false},"excerpt":{"rendered":"<p>Davi Madalon Fraga* J\u00e1 no abrir das cortinas do ano de 2023, o plen\u00e1rio do TCU (Tribunal de Contas da Uni\u00e3o) fixou importantes preceitos relativos \u00e0 indeniza\u00e7\u00e3o de ativos n\u00e3o amortizados ou depreciados e \u00e0 relicita\u00e7\u00e3o nos casos de encerramento antecipado de contrato de concess\u00e3o. Por meio do Ac\u00f3rd\u00e3o 8\/2023, de relatoria do ministro Aroldo [&hellip;]<\/p>\n","protected":false},"author":1,"featured_media":7740,"comment_status":"closed","ping_status":"closed","sticky":false,"template":"","format":"standard","meta":{"_monsterinsights_skip_tracking":false,"_monsterinsights_sitenote_active":false,"_monsterinsights_sitenote_note":"","_monsterinsights_sitenote_category":0,"footnotes":""},"categories":[1],"tags":[3256,242,1205,22,4743,573,1027,18],"class_list":["post-12279","post","type-post","status-publish","format-standard","has-post-thumbnail","hentry","category-geral","tag-aeroporto-de-sao-goncalo-do-amarante","tag-anac","tag-aroldo-cedraz","tag-concessao","tag-davi-madalon-fraga","tag-indenizacao","tag-relicitacao","tag-tcu"],"yoast_head":"<!-- This site is optimized with the Yoast SEO Premium plugin v25.4 (Yoast SEO v26.0) - https:\/\/yoast.com\/wordpress\/plugins\/seo\/ -->\n<title>Relicita\u00e7\u00e3o em contratos de concess\u00e3o: duas importantes orienta\u00e7\u00f5es do TCU - Ag\u00eancia iNFRA<\/title>\n<meta name=\"robots\" content=\"index, follow, max-snippet:-1, max-image-preview:large, max-video-preview:-1\" \/>\n<link rel=\"canonical\" href=\"https:\/\/agenciainfra.com\/blog\/relicitacao-em-contratos-de-concessao-duas-importantes-orientacoes-do-tcu\/\" \/>\n<meta property=\"og:locale\" content=\"pt_BR\" \/>\n<meta property=\"og:type\" content=\"article\" \/>\n<meta property=\"og:title\" content=\"Relicita\u00e7\u00e3o em contratos de concess\u00e3o: duas importantes orienta\u00e7\u00f5es do TCU\" \/>\n<meta property=\"og:description\" content=\"Davi Madalon Fraga* J\u00e1 no abrir das cortinas do ano de 2023, o plen\u00e1rio do TCU (Tribunal de Contas da Uni\u00e3o) fixou importantes preceitos relativos \u00e0 indeniza\u00e7\u00e3o de ativos n\u00e3o amortizados ou depreciados e \u00e0 relicita\u00e7\u00e3o nos casos de encerramento antecipado de contrato de concess\u00e3o. Por meio do Ac\u00f3rd\u00e3o 8\/2023, de relatoria do ministro Aroldo [&hellip;]\" \/>\n<meta property=\"og:url\" content=\"https:\/\/agenciainfra.com\/blog\/relicitacao-em-contratos-de-concessao-duas-importantes-orientacoes-do-tcu\/\" \/>\n<meta property=\"og:site_name\" content=\"Ag\u00eancia iNFRA\" \/>\n<meta property=\"article:publisher\" content=\"https:\/\/www.facebook.com\/ageninfra\" \/>\n<meta property=\"article:published_time\" content=\"2023-03-01T14:00:00+00:00\" \/>\n<meta property=\"og:image\" content=\"https:\/\/agenciainfra.com\/blog\/wp-content\/uploads\/2021\/07\/davi-madalon-fraga-foto-giamundo-neto-advogados.png\" \/>\n\t<meta property=\"og:image:width\" content=\"1280\" \/>\n\t<meta property=\"og:image:height\" content=\"867\" \/>\n\t<meta property=\"og:image:type\" content=\"image\/png\" \/>\n<meta name=\"author\" content=\"Ag\u00eancia iNFRA\" \/>\n<meta name=\"twitter:card\" content=\"summary_large_image\" \/>\n<meta name=\"twitter:creator\" content=\"@agencia_infra\" \/>\n<meta name=\"twitter:site\" content=\"@agencia_infra\" \/>\n<meta name=\"twitter:label1\" content=\"Escrito por\" \/>\n\t<meta name=\"twitter:data1\" content=\"Ag\u00eancia iNFRA\" \/>\n\t<meta name=\"twitter:label2\" content=\"Est. tempo de leitura\" \/>\n\t<meta name=\"twitter:data2\" content=\"2 minutos\" \/>\n<script type=\"application\/ld+json\" class=\"yoast-schema-graph\">{\"@context\":\"https:\/\/schema.org\",\"@graph\":[{\"@type\":\"Article\",\"@id\":\"https:\/\/agenciainfra.com\/blog\/relicitacao-em-contratos-de-concessao-duas-importantes-orientacoes-do-tcu\/#article\",\"isPartOf\":{\"@id\":\"https:\/\/agenciainfra.com\/blog\/relicitacao-em-contratos-de-concessao-duas-importantes-orientacoes-do-tcu\/\"},\"author\":{\"name\":\"Ag\u00eancia iNFRA\",\"@id\":\"https:\/\/agenciainfra.com\/blog\/#\/schema\/person\/34af08dff6adea4cb22b06612ba7acfa\"},\"headline\":\"Relicita\u00e7\u00e3o em contratos de concess\u00e3o: duas importantes orienta\u00e7\u00f5es do TCU\",\"datePublished\":\"2023-03-01T14:00:00+00:00\",\"mainEntityOfPage\":{\"@id\":\"https:\/\/agenciainfra.com\/blog\/relicitacao-em-contratos-de-concessao-duas-importantes-orientacoes-do-tcu\/\"},\"wordCount\":460,\"publisher\":{\"@id\":\"https:\/\/agenciainfra.com\/blog\/#organization\"},\"image\":{\"@id\":\"https:\/\/agenciainfra.com\/blog\/relicitacao-em-contratos-de-concessao-duas-importantes-orientacoes-do-tcu\/#primaryimage\"},\"thumbnailUrl\":\"https:\/\/agenciainfra.com\/blog\/wp-content\/uploads\/2021\/07\/davi-madalon-fraga-foto-giamundo-neto-advogados.png\",\"keywords\":[\"Aeroporto de S\u00e3o Gon\u00e7alo do Amarante\",\"ANAC\",\"Aroldo Cedraz\",\"Concess\u00e3o\",\"Davi Madalon Fraga\",\"indeniza\u00e7\u00e3o\",\"relicita\u00e7\u00e3o\",\"TCU\"],\"articleSection\":[\"Geral\"],\"inLanguage\":\"pt-BR\",\"copyrightYear\":\"2023\",\"copyrightHolder\":{\"@id\":\"https:\/\/agenciainfra.com\/blog\/#organization\"}},{\"@type\":\"WebPage\",\"@id\":\"https:\/\/agenciainfra.com\/blog\/relicitacao-em-contratos-de-concessao-duas-importantes-orientacoes-do-tcu\/\",\"url\":\"https:\/\/agenciainfra.com\/blog\/relicitacao-em-contratos-de-concessao-duas-importantes-orientacoes-do-tcu\/\",\"name\":\"Relicita\u00e7\u00e3o em contratos de concess\u00e3o: duas importantes orienta\u00e7\u00f5es do TCU - Ag\u00eancia iNFRA\",\"isPartOf\":{\"@id\":\"https:\/\/agenciainfra.com\/blog\/#website\"},\"primaryImageOfPage\":{\"@id\":\"https:\/\/agenciainfra.com\/blog\/relicitacao-em-contratos-de-concessao-duas-importantes-orientacoes-do-tcu\/#primaryimage\"},\"image\":{\"@id\":\"https:\/\/agenciainfra.com\/blog\/relicitacao-em-contratos-de-concessao-duas-importantes-orientacoes-do-tcu\/#primaryimage\"},\"thumbnailUrl\":\"https:\/\/agenciainfra.com\/blog\/wp-content\/uploads\/2021\/07\/davi-madalon-fraga-foto-giamundo-neto-advogados.png\",\"datePublished\":\"2023-03-01T14:00:00+00:00\",\"breadcrumb\":{\"@id\":\"https:\/\/agenciainfra.com\/blog\/relicitacao-em-contratos-de-concessao-duas-importantes-orientacoes-do-tcu\/#breadcrumb\"},\"inLanguage\":\"pt-BR\",\"potentialAction\":[{\"@type\":\"ReadAction\",\"target\":[\"https:\/\/agenciainfra.com\/blog\/relicitacao-em-contratos-de-concessao-duas-importantes-orientacoes-do-tcu\/\"]}]},{\"@type\":\"ImageObject\",\"inLanguage\":\"pt-BR\",\"@id\":\"https:\/\/agenciainfra.com\/blog\/relicitacao-em-contratos-de-concessao-duas-importantes-orientacoes-do-tcu\/#primaryimage\",\"url\":\"https:\/\/agenciainfra.com\/blog\/wp-content\/uploads\/2021\/07\/davi-madalon-fraga-foto-giamundo-neto-advogados.png\",\"contentUrl\":\"https:\/\/agenciainfra.com\/blog\/wp-content\/uploads\/2021\/07\/davi-madalon-fraga-foto-giamundo-neto-advogados.png\",\"width\":1280,\"height\":867},{\"@type\":\"BreadcrumbList\",\"@id\":\"https:\/\/agenciainfra.com\/blog\/relicitacao-em-contratos-de-concessao-duas-importantes-orientacoes-do-tcu\/#breadcrumb\",\"itemListElement\":[{\"@type\":\"ListItem\",\"position\":1,\"name\":\"In\u00edcio\",\"item\":\"https:\/\/agenciainfra.com\/blog\/\"},{\"@type\":\"ListItem\",\"position\":2,\"name\":\"Relicita\u00e7\u00e3o em contratos de concess\u00e3o: duas importantes orienta\u00e7\u00f5es do TCU\"}]},{\"@type\":\"WebSite\",\"@id\":\"https:\/\/agenciainfra.com\/blog\/#website\",\"url\":\"https:\/\/agenciainfra.com\/blog\/\",\"name\":\"Ag\u00eancia iNFRA\",\"description\":\"Multiplataforma de informa\u00e7\u00e3o jornal\u00edstica refer\u00eancia na \u00e1rea de infraestrutura no Brasil!\",\"publisher\":{\"@id\":\"https:\/\/agenciainfra.com\/blog\/#organization\"},\"potentialAction\":[{\"@type\":\"SearchAction\",\"target\":{\"@type\":\"EntryPoint\",\"urlTemplate\":\"https:\/\/agenciainfra.com\/blog\/?s={search_term_string}\"},\"query-input\":{\"@type\":\"PropertyValueSpecification\",\"valueRequired\":true,\"valueName\":\"search_term_string\"}}],\"inLanguage\":\"pt-BR\"},{\"@type\":\"Organization\",\"@id\":\"https:\/\/agenciainfra.com\/blog\/#organization\",\"name\":\"Ag\u00eancia iNFRA\",\"url\":\"https:\/\/agenciainfra.com\/blog\/\",\"logo\":{\"@type\":\"ImageObject\",\"inLanguage\":\"pt-BR\",\"@id\":\"https:\/\/agenciainfra.com\/blog\/#\/schema\/logo\/image\/\",\"url\":\"https:\/\/agenciainfra.com\/blog\/wp-content\/uploads\/2023\/09\/iNFRA_5-e1761735885940.png\",\"contentUrl\":\"https:\/\/agenciainfra.com\/blog\/wp-content\/uploads\/2023\/09\/iNFRA_5-e1761735885940.png\",\"width\":1672,\"height\":454,\"caption\":\"Ag\u00eancia iNFRA\"},\"image\":{\"@id\":\"https:\/\/agenciainfra.com\/blog\/#\/schema\/logo\/image\/\"},\"sameAs\":[\"https:\/\/www.facebook.com\/ageninfra\",\"https:\/\/x.com\/agencia_infra\",\"https:\/\/www.linkedin.com\/company\/ag\u00eanciainfra\/\",\"https:\/\/www.instagram.com\/agenciainfra\/\"]},{\"@type\":\"Person\",\"@id\":\"https:\/\/agenciainfra.com\/blog\/#\/schema\/person\/34af08dff6adea4cb22b06612ba7acfa\",\"name\":\"Ag\u00eancia iNFRA\",\"image\":{\"@type\":\"ImageObject\",\"inLanguage\":\"pt-BR\",\"@id\":\"https:\/\/agenciainfra.com\/blog\/#\/schema\/person\/image\/\",\"url\":\"https:\/\/secure.gravatar.com\/avatar\/d189e01678f06d8eb84d4e01f08eb848b3fffe3f8443818d3c356c66892f5be8?s=96&d=mm&r=g\",\"contentUrl\":\"https:\/\/secure.gravatar.com\/avatar\/d189e01678f06d8eb84d4e01f08eb848b3fffe3f8443818d3c356c66892f5be8?s=96&d=mm&r=g\",\"caption\":\"Ag\u00eancia iNFRA\"},\"url\":\"https:\/\/agenciainfra.com\/blog\/author\/admin\/\"}]}<\/script>\n<!-- \/ Yoast SEO Premium plugin. -->","yoast_head_json":{"title":"Relicita\u00e7\u00e3o em contratos de concess\u00e3o: duas importantes orienta\u00e7\u00f5es do TCU - Ag\u00eancia iNFRA","robots":{"index":"index","follow":"follow","max-snippet":"max-snippet:-1","max-image-preview":"max-image-preview:large","max-video-preview":"max-video-preview:-1"},"canonical":"https:\/\/agenciainfra.com\/blog\/relicitacao-em-contratos-de-concessao-duas-importantes-orientacoes-do-tcu\/","og_locale":"pt_BR","og_type":"article","og_title":"Relicita\u00e7\u00e3o em contratos de concess\u00e3o: duas importantes orienta\u00e7\u00f5es do TCU","og_description":"Davi Madalon Fraga* J\u00e1 no abrir das cortinas do ano de 2023, o plen\u00e1rio do TCU (Tribunal de Contas da Uni\u00e3o) fixou importantes preceitos relativos \u00e0 indeniza\u00e7\u00e3o de ativos n\u00e3o amortizados ou depreciados e \u00e0 relicita\u00e7\u00e3o nos casos de encerramento antecipado de contrato de concess\u00e3o. Por meio do Ac\u00f3rd\u00e3o 8\/2023, de relatoria do ministro Aroldo [&hellip;]","og_url":"https:\/\/agenciainfra.com\/blog\/relicitacao-em-contratos-de-concessao-duas-importantes-orientacoes-do-tcu\/","og_site_name":"Ag\u00eancia iNFRA","article_publisher":"https:\/\/www.facebook.com\/ageninfra","article_published_time":"2023-03-01T14:00:00+00:00","og_image":[{"width":1280,"height":867,"url":"https:\/\/agenciainfra.com\/blog\/wp-content\/uploads\/2021\/07\/davi-madalon-fraga-foto-giamundo-neto-advogados.png","type":"image\/png"}],"author":"Ag\u00eancia iNFRA","twitter_card":"summary_large_image","twitter_creator":"@agencia_infra","twitter_site":"@agencia_infra","twitter_misc":{"Escrito por":"Ag\u00eancia iNFRA","Est. tempo de leitura":"2 minutos"},"schema":{"@context":"https:\/\/schema.org","@graph":[{"@type":"Article","@id":"https:\/\/agenciainfra.com\/blog\/relicitacao-em-contratos-de-concessao-duas-importantes-orientacoes-do-tcu\/#article","isPartOf":{"@id":"https:\/\/agenciainfra.com\/blog\/relicitacao-em-contratos-de-concessao-duas-importantes-orientacoes-do-tcu\/"},"author":{"name":"Ag\u00eancia iNFRA","@id":"https:\/\/agenciainfra.com\/blog\/#\/schema\/person\/34af08dff6adea4cb22b06612ba7acfa"},"headline":"Relicita\u00e7\u00e3o em contratos de concess\u00e3o: duas importantes orienta\u00e7\u00f5es do TCU","datePublished":"2023-03-01T14:00:00+00:00","mainEntityOfPage":{"@id":"https:\/\/agenciainfra.com\/blog\/relicitacao-em-contratos-de-concessao-duas-importantes-orientacoes-do-tcu\/"},"wordCount":460,"publisher":{"@id":"https:\/\/agenciainfra.com\/blog\/#organization"},"image":{"@id":"https:\/\/agenciainfra.com\/blog\/relicitacao-em-contratos-de-concessao-duas-importantes-orientacoes-do-tcu\/#primaryimage"},"thumbnailUrl":"https:\/\/agenciainfra.com\/blog\/wp-content\/uploads\/2021\/07\/davi-madalon-fraga-foto-giamundo-neto-advogados.png","keywords":["Aeroporto de S\u00e3o Gon\u00e7alo do Amarante","ANAC","Aroldo Cedraz","Concess\u00e3o","Davi Madalon Fraga","indeniza\u00e7\u00e3o","relicita\u00e7\u00e3o","TCU"],"articleSection":["Geral"],"inLanguage":"pt-BR","copyrightYear":"2023","copyrightHolder":{"@id":"https:\/\/agenciainfra.com\/blog\/#organization"}},{"@type":"WebPage","@id":"https:\/\/agenciainfra.com\/blog\/relicitacao-em-contratos-de-concessao-duas-importantes-orientacoes-do-tcu\/","url":"https:\/\/agenciainfra.com\/blog\/relicitacao-em-contratos-de-concessao-duas-importantes-orientacoes-do-tcu\/","name":"Relicita\u00e7\u00e3o em contratos de concess\u00e3o: duas importantes orienta\u00e7\u00f5es do TCU - Ag\u00eancia iNFRA","isPartOf":{"@id":"https:\/\/agenciainfra.com\/blog\/#website"},"primaryImageOfPage":{"@id":"https:\/\/agenciainfra.com\/blog\/relicitacao-em-contratos-de-concessao-duas-importantes-orientacoes-do-tcu\/#primaryimage"},"image":{"@id":"https:\/\/agenciainfra.com\/blog\/relicitacao-em-contratos-de-concessao-duas-importantes-orientacoes-do-tcu\/#primaryimage"},"thumbnailUrl":"https:\/\/agenciainfra.com\/blog\/wp-content\/uploads\/2021\/07\/davi-madalon-fraga-foto-giamundo-neto-advogados.png","datePublished":"2023-03-01T14:00:00+00:00","breadcrumb":{"@id":"https:\/\/agenciainfra.com\/blog\/relicitacao-em-contratos-de-concessao-duas-importantes-orientacoes-do-tcu\/#breadcrumb"},"inLanguage":"pt-BR","potentialAction":[{"@type":"ReadAction","target":["https:\/\/agenciainfra.com\/blog\/relicitacao-em-contratos-de-concessao-duas-importantes-orientacoes-do-tcu\/"]}]},{"@type":"ImageObject","inLanguage":"pt-BR","@id":"https:\/\/agenciainfra.com\/blog\/relicitacao-em-contratos-de-concessao-duas-importantes-orientacoes-do-tcu\/#primaryimage","url":"https:\/\/agenciainfra.com\/blog\/wp-content\/uploads\/2021\/07\/davi-madalon-fraga-foto-giamundo-neto-advogados.png","contentUrl":"https:\/\/agenciainfra.com\/blog\/wp-content\/uploads\/2021\/07\/davi-madalon-fraga-foto-giamundo-neto-advogados.png","width":1280,"height":867},{"@type":"BreadcrumbList","@id":"https:\/\/agenciainfra.com\/blog\/relicitacao-em-contratos-de-concessao-duas-importantes-orientacoes-do-tcu\/#breadcrumb","itemListElement":[{"@type":"ListItem","position":1,"name":"In\u00edcio","item":"https:\/\/agenciainfra.com\/blog\/"},{"@type":"ListItem","position":2,"name":"Relicita\u00e7\u00e3o em contratos de concess\u00e3o: duas importantes orienta\u00e7\u00f5es do TCU"}]},{"@type":"WebSite","@id":"https:\/\/agenciainfra.com\/blog\/#website","url":"https:\/\/agenciainfra.com\/blog\/","name":"Ag\u00eancia iNFRA","description":"Multiplataforma de informa\u00e7\u00e3o jornal\u00edstica refer\u00eancia na \u00e1rea de infraestrutura no Brasil!","publisher":{"@id":"https:\/\/agenciainfra.com\/blog\/#organization"},"potentialAction":[{"@type":"SearchAction","target":{"@type":"EntryPoint","urlTemplate":"https:\/\/agenciainfra.com\/blog\/?s={search_term_string}"},"query-input":{"@type":"PropertyValueSpecification","valueRequired":true,"valueName":"search_term_string"}}],"inLanguage":"pt-BR"},{"@type":"Organization","@id":"https:\/\/agenciainfra.com\/blog\/#organization","name":"Ag\u00eancia iNFRA","url":"https:\/\/agenciainfra.com\/blog\/","logo":{"@type":"ImageObject","inLanguage":"pt-BR","@id":"https:\/\/agenciainfra.com\/blog\/#\/schema\/logo\/image\/","url":"https:\/\/agenciainfra.com\/blog\/wp-content\/uploads\/2023\/09\/iNFRA_5-e1761735885940.png","contentUrl":"https:\/\/agenciainfra.com\/blog\/wp-content\/uploads\/2023\/09\/iNFRA_5-e1761735885940.png","width":1672,"height":454,"caption":"Ag\u00eancia iNFRA"},"image":{"@id":"https:\/\/agenciainfra.com\/blog\/#\/schema\/logo\/image\/"},"sameAs":["https:\/\/www.facebook.com\/ageninfra","https:\/\/x.com\/agencia_infra","https:\/\/www.linkedin.com\/company\/ag\u00eanciainfra\/","https:\/\/www.instagram.com\/agenciainfra\/"]},{"@type":"Person","@id":"https:\/\/agenciainfra.com\/blog\/#\/schema\/person\/34af08dff6adea4cb22b06612ba7acfa","name":"Ag\u00eancia iNFRA","image":{"@type":"ImageObject","inLanguage":"pt-BR","@id":"https:\/\/agenciainfra.com\/blog\/#\/schema\/person\/image\/","url":"https:\/\/secure.gravatar.com\/avatar\/d189e01678f06d8eb84d4e01f08eb848b3fffe3f8443818d3c356c66892f5be8?s=96&d=mm&r=g","contentUrl":"https:\/\/secure.gravatar.com\/avatar\/d189e01678f06d8eb84d4e01f08eb848b3fffe3f8443818d3c356c66892f5be8?s=96&d=mm&r=g","caption":"Ag\u00eancia iNFRA"},"url":"https:\/\/agenciainfra.com\/blog\/author\/admin\/"}]}},"_links":{"self":[{"href":"https:\/\/agenciainfra.com\/blog\/wp-json\/wp\/v2\/posts\/12279","targetHints":{"allow":["GET"]}}],"collection":[{"href":"https:\/\/agenciainfra.com\/blog\/wp-json\/wp\/v2\/posts"}],"about":[{"href":"https:\/\/agenciainfra.com\/blog\/wp-json\/wp\/v2\/types\/post"}],"author":[{"embeddable":true,"href":"https:\/\/agenciainfra.com\/blog\/wp-json\/wp\/v2\/users\/1"}],"replies":[{"embeddable":true,"href":"https:\/\/agenciainfra.com\/blog\/wp-json\/wp\/v2\/comments?post=12279"}],"version-history":[{"count":0,"href":"https:\/\/agenciainfra.com\/blog\/wp-json\/wp\/v2\/posts\/12279\/revisions"}],"wp:featuredmedia":[{"embeddable":true,"href":"https:\/\/agenciainfra.com\/blog\/wp-json\/wp\/v2\/media\/7740"}],"wp:attachment":[{"href":"https:\/\/agenciainfra.com\/blog\/wp-json\/wp\/v2\/media?parent=12279"}],"wp:term":[{"taxonomy":"category","embeddable":true,"href":"https:\/\/agenciainfra.com\/blog\/wp-json\/wp\/v2\/categories?post=12279"},{"taxonomy":"post_tag","embeddable":true,"href":"https:\/\/agenciainfra.com\/blog\/wp-json\/wp\/v2\/tags?post=12279"}],"curies":[{"name":"wp","href":"https:\/\/api.w.org\/{rel}","templated":true}]}}