{"id":12283,"date":"2023-03-02T09:00:00","date_gmt":"2023-03-02T12:00:00","guid":{"rendered":"https:\/\/www.agenciainfra.com\/blog\/?p=12283"},"modified":"2023-03-02T08:03:55","modified_gmt":"2023-03-02T11:03:55","slug":"novo-presidente-da-infra-s-a-defende-rever-projetos-com-problemas-antes-da-licitacao","status":"publish","type":"post","link":"https:\/\/agenciainfra.com\/blog\/novo-presidente-da-infra-s-a-defende-rever-projetos-com-problemas-antes-da-licitacao\/","title":{"rendered":"Novo presidente da Infra S\/A defende rever projetos com problemas antes da licita\u00e7\u00e3o"},"content":{"rendered":"\n<p class=\"has-text-align-right\"><strong>Dimmi Amora,&nbsp;da&nbsp;Ag\u00eancia&nbsp;iNFRA<\/strong><\/p>\n\n\n\n<p>O\u00a0novo\u00a0presidente\u00a0da\u00a0Infra\u00a0S\/A, Jorge Bastos, assume com\u00a0a\u00a0tarefa de apoiar o governo nos estudos para\u00a0a\u00a0licita\u00e7\u00e3o\u00a0de dezenas de\u00a0projetos\u00a0de concess\u00e3o sob responsabilidade\u00a0da\u00a0estatal nos \u00faltimos anos.<br><br>Mas, apesar de o governo ter pressa em fazer leil\u00f5es e gerar investimentos\u00a0o mais rapidamente poss\u00edvel, Bastos\u00a0defende\u00a0que\u00a0projetos\u00a0com\u00a0problemas\u00a0graves sejam revistos\u00a0antes\u00a0do lan\u00e7amento de editais.<br><br>&#8220;Se\u00a0a\u00a0gente vir que tem algo errado, \u00e9 melhor\u00a0rever&#8221;, disse em entrevista exclusiva \u00e0\u00a0<strong>Ag\u00eancia\u00a0iNFRA\u00a0<\/strong>antes\u00a0de sua posse nesta quinta-feira (2).<br><br>P\u00f3s-graduado em Gest\u00e3o de\u00a0Projetos\u00a0pelo Ibmec, Bastos retorna ao governo depois de um ciclo que come\u00e7ou em 2012 na diretoria\u00a0da\u00a0ANTT (Ag\u00eancia Nacional de Transportes Terrestres) e se encerrou com\u00a0a\u00a0presid\u00eancia\u00a0da\u00a0EPL (Empresa de Planejamento e Log\u00edstica) at\u00e9 2019, empresa\u00a0da\u00a0qual o processo de fus\u00e3o, com\u00a0a\u00a0Valec, iniciado na gest\u00e3o passada, ele ter\u00e1 que concluir.<br><br>V\u00e1rios dos\u00a0projetos\u00a0que\u00a0a\u00a0empresa hoje tem que cuidar, como\u00a0a\u00a0execu\u00e7\u00e3o\u00a0da\u00a0Fico (Ferrovia de Integra\u00e7\u00e3o Centro-Oeste), come\u00e7aram nas gest\u00f5es anteriores dele. Ele promete que dar\u00e1 transpar\u00eancia aos processos\u00a0da\u00a0empresa e n\u00e3o descarta at\u00e9 mesmo que ela possa voltar\u00a0a\u00a0contratar\u00a0a\u00a0constru\u00e7\u00e3o de ferrovias no pa\u00eds, o que era\u00a0a\u00a0expertise\u00a0da\u00a0Valec.<br><br>&#8220;A\u00a0Valec \u00e9 uma empresa que construiu milhares de quil\u00f4metros de ferrovias. Criou-se um caos que acho de certa maneira injusto com\u00a0a\u00a0empresa&#8221;, disse Bastos na conversa que pode ser lida abaixo.<br>\u00a0<br><strong>Quais\u00a0s\u00e3o os planos para consolidar\u00a0a\u00a0empresa, que foi criada recentemente com\u00a0a\u00a0fus\u00e3o\u00a0da\u00a0Valec e\u00a0da\u00a0EPL?<\/strong><br>Estou pegando\u00a0a\u00a0empresa ainda em fase de constitui\u00e7\u00e3o.\u00a0A\u00a0primeira coisa \u00e9 consolidar como\u00a0Infra\u00a0S\/A, com os tr\u00e2mites necess\u00e1rios para juntar as duas empresas como uma nova empresa para prestar servi\u00e7os. Ser\u00e1\u00a0a\u00a0primeira\u00a0a\u00e7\u00e3o realizada.<br><br>A\u00a0segunda \u00e9 fazer todo um levantamento de\u00a0problemas\u00a0que temos junto ao Tribunal de Contas [da\u00a0Uni\u00e3o]. Avaliar todas as demandas. Tem determina\u00e7\u00f5es para as duas empresas que precisamos saber quais\u00a0s\u00e3o e quais foram as respostas e atitudes das empresas em rela\u00e7\u00e3o\u00a0a\u00a0essas demandas.\u00a0<br><br><strong>O ministro dos Transportes,\u00a0Renan Filho, passou para ao senhor alguma miss\u00e3o que ele quer que\u00a0a\u00a0Infra\u00a0S\/A desenvolva?<\/strong><br>O ministro me deu condi\u00e7\u00f5es de trabalhar e temos o compromisso de fazer entregas para o governo, que temos que ajudar. O ministro quer dar celeridade aos\u00a0projetos. Ele quer fazer investimentos em ferrovias, agilizando isso\u00a0da\u00a0maneira mais r\u00e1pida poss\u00edvel. Fazer as PPPs (parcerias p\u00fablico-privadas)\u00a0necess\u00e1rias para isso. \u00c9 um pleito grande. E ver as concess\u00f5es todas que est\u00e3o com\u00a0problemas,\u00a0da\u00a03\u00aa Etapa e at\u00e9\u00a0da\u00a02\u00aa. Dar uma agilidade nisso.\u00a0S\u00e3o rodovias estruturantes do pa\u00eds, que\u00a0a\u00a0carga tem que passar por elas.\u00a0A\u00a0celeridade \u00e9 para fazer as novas licita\u00e7\u00f5es.<br><br><strong>A\u00a0ideia \u00e9 manter o projeto de relicita\u00e7\u00e3o ou ser\u00e1 necess\u00e1rio alterar algo na lei e ou nos decretos e portarias sobre o tema?<\/strong><br>O ministro pediu para que\u00a0a\u00a0gente analise como est\u00e3o os processos. Se tiver de criar regra nova, vamos estabelecer [di\u00e1logo] com\u00a0a\u00a0Casa Civil e os outros \u00f3rg\u00e3os, e o ministro que vai tratar disso, para ajudar\u00a0a\u00a0que saia o mais rapidamente poss\u00edvel.<br><br><strong>Nos \u00faltimos anos temos tido uma concentra\u00e7\u00e3o de players disputando concess\u00f5es federais, especialmente em rodovias. Isso \u00e9 preocupa\u00e7\u00e3o do governo?<\/strong><br>Nossa grande concess\u00e3o,\u00a0a\u00a0rainha, era\u00a0a\u00a0Dutra,\u00a0a\u00a0Rio-S\u00e3o Paulo. Concedemos ela no ano passado e tivemos dois interessados. Tem alguma coisa errada nisso. Como voc\u00ea tem uma estrutura como\u00a0a\u00a0da\u00a0Dutra que\u00a0s\u00f3 tem dois interessados? Temos que corrigir e ver onde est\u00e3o as falhas para que\u00a0a\u00a0gente possa trazer mais gente. N\u00e3o desmerecendo quem fez nem os concorrentes.\u00a0A\u00a0CCR \u00e9 uma das grandes empresas do Brasil, talvez do mundo, em concess\u00e3o de rodovias. N\u00e3o \u00e9 quem venceu, \u00e9 o pleito. Merecia uma disputa maior. Por que os de fora n\u00e3o vieram?\u00a0A\u00ed\u00a0a\u00a0resposta foi que vieram, mas com dinheiro de investidor de fundo, na Bolsa&#8230; Precisamos de outros players, e isso n\u00e3o \u00e9 desmerecer os nossos. Por que os que est\u00e3o aqui no Brasil n\u00e3o entraram? Temos que\u00a0rever\u00a0isso, o que realmente interessa para termos mais concorr\u00eancia. N\u00e3o podemos cometer os mesmos erros que cometemos no passado. Temos que aprender.<br><br><strong>E no que os estudos v\u00e3o poder ajudar\u00a0a\u00a0ter essa amplia\u00e7\u00e3o de participantes?<\/strong><br>A\u00a0gente vai levar ao governo as tend\u00eancias de mercado e as melhores pr\u00e1ticas. Dividir risco com o concession\u00e1rio \u00e9 interessante. Fica estabelecido em princ\u00edpio. J\u00e1 aprendemos com as intemp\u00e9ries que ocorreram ao longo do tempo para que n\u00e3o venha\u00a0a\u00a0acontecer de\u00a0novo.\u00a0<br><br><strong>Uma das coisas que falam \u00e9 que o Brasil faz um modelo de concess\u00e3o rodovi\u00e1ria muito diferente do resto do mundo&#8230;<\/strong><br>Temos uma condi\u00e7\u00e3o de rodovia que poucos pa\u00edses do mundo t\u00eam.\u00a0A\u00a0gente ao longo do tempo optou muito pelo rodovi\u00e1rio e deixou o ferrovi\u00e1rio de lado.\u00a0S\u00e3o grandes volumes transportados na rodovia que\u00a0s\u00e3o cargas ferrovi\u00e1rias. O PNL (Plano Nacional de Log\u00edstica) \u00e9 importante nesse sentido, para ver o que pode ser transportado por outros setores.\u00a0A\u00a0multimodalidade \u00e9 muito pouco usada no Brasil. Temos que tratar isso de maneira forte para ver como podemos transportar melhor.\u00a0Temos que olhar dutos, hidrovias&#8230;\u00a0Tem que olhar o que pode ser agregado. Mas o importante \u00e9 que ningu\u00e9m seja dono\u00a0da\u00a0verdade. Temos que estar abertos\u00a0a\u00a0todos os setores. O ministro falou sobre isso.\u00a0A\u00a0safra aumenta todo ano e fica tudo igual.\u00a0A\u00a0BR-163 j\u00e1 est\u00e1 saturada.<br><br><strong>Isso significa mudar\u00a0projetos\u00a0que j\u00e1 estejam adiantados?<\/strong><br>Vamos tocar os que est\u00e3o estruturados, isso \u00e9 orienta\u00e7\u00e3o do ministro. Mas vamos\u00a0rever, o que for poss\u00edvel, o que n\u00e3o for atrasar. Mas n\u00e3o temos compromisso com o erro. Se\u00a0a\u00a0gente vir que tem algo errado, \u00e9 melhor\u00a0rever. N\u00e3o \u00e9 porque est\u00e1 pronto que vai sair como est\u00e1. Se virmos que\u00a0s\u00e3o coisas que trazem consequ\u00eancias dr\u00e1sticas para o projeto, \u00e9 melhor modificar agora e n\u00e3o ficar aquela colcha de retalhos, que conserta aqui e remenda ali.<br><br><strong>O ministro j\u00e1 apresentou uma ideia de apoiar\u00a0a\u00a0quem quiser fazer ferrovias privadas, que ele t\u00e1 chamando PPP de Ferrovia. Como isso est\u00e1 se desenvolvendo?<\/strong><br>Vou tomar p\u00e9 sobre isso quando chegar. O que temos \u00e9 que\u00a0a\u00a0Valec est\u00e1 fazendo um trecho\u00a0da\u00a0Fiol [Ferrovia de Integra\u00e7\u00e3o Oeste-Leste]. Vamos ver o andamento disso e tamb\u00e9m como est\u00e1\u00a0a\u00a0constru\u00e7\u00e3o\u00a0da\u00a0Fico pela Vale. Vamos acompanhar tudo isso muito de perto, para que as obras saiam no menor prazo e com qualidade.<br><br><strong>Houve na transi\u00e7\u00e3o uma ideia de separar as duas empresas porque\u00a0a\u00a0parte de constru\u00e7\u00e3o de ferrovias\u00a0da\u00a0Valec tinha um desalinhamento grande em rela\u00e7\u00e3o \u00e0 fun\u00e7\u00e3o\u00a0da\u00a0empresa de fazer\u00a0projetos. Como est\u00e1 agora?<\/strong><br>Temos condi\u00e7\u00f5es de manter.\u00a0A\u00a0Valec \u00e9 uma empresa que construiu milhares de quil\u00f4metros de ferrovias. Criou-se um caos que acho de certa maneira injusto com\u00a0a\u00a0empresa.\u00a0A\u00a0empresa Valec \u00e9 uma coisa e as pessoas que passaram l\u00e1, outra.\u00a0A\u00a0Valec construiu\u00a0a\u00a0[Ferrovia] Norte-Sul. Tirando\u00a0a\u00a0duplica\u00e7\u00e3o\u00a0da\u00a0Vale, n\u00e3o tem nada do tamanho que\u00a0a\u00a0Valec fez. Que fique bem claro, falo de injusti\u00e7a\u00a0com\u00a0a\u00a0empresa. N\u00e3o podemos compactuar com qualquer erro ou desvio. Tem que ser apurado e esclarecido. Mas o que\u00a0a\u00a0empresa tem condi\u00e7\u00e3o de fazer, e vou verificar isso, \u00e9 ela cumprir com transpar\u00eancia e higidez seus contratos para que cumpra sua fun\u00e7\u00e3o de ser\u00a0a\u00a0indutora das ferrovias no Brasil. Se o governo tiver capital, para poder fazer&#8230;<br><br><strong>Inclusive com ela?<\/strong><br>No mundo inteiro,\u00a0s\u00e3o os governos que constr\u00f3em as ferrovias. N\u00e3o d\u00e1 para crucificar\u00a0a\u00a0empresa por uma m\u00e1 gest\u00e3o. Temos um quadro muito qualificado tanto na EPL como na Valec, que tem servidores concursados, com larga experi\u00eancia em ferrovias, que hoje voc\u00ea n\u00e3o tem\u00a0a\u00ed fora. Falamos de criar uma cadeira de ferrovia na\u00a0universidade porque hoje n\u00e3o tem mais engenheiros ferrovi\u00e1rios. Temos que aproveitar esses quadros\u00a0da\u00a0melhor maneira poss\u00edvel.\u00a0<br><br><strong>A\u00a0Infra\u00a0S.A. tem\u00a0a\u00a0miss\u00e3o de solucionar o contrato com\u00a0a\u00a0Transnordestina. Como pretende dar andamento\u00a0a\u00a0esse projeto?<\/strong><br>Vamos seguir\u00a0a\u00a0orienta\u00e7\u00e3o do ministro sobre como conduzir. Estou chegando agora e n\u00e3o sei em que p\u00e9 est\u00e1 isso. Vou tomar conhecimento de tudo. Esse tamb\u00e9m \u00e9 um tema que vamos tratar com o TCU [Tribunal de Contas\u00a0da\u00a0Uni\u00e3o]\u00a0para que saia\u00a0da\u00a0melhor maneira poss\u00edvel, com aval\u00a0do TCU. Isso tem que estar muito claro e transparente para que\u00a0a\u00a0obra conclua.\u00a0A\u00a0Transnordestina j\u00e1 tem boa parte constru\u00edda.\u00a0A\u00a0pior obra \u00e9 aquela que fica sempre inacabada.\u00a0A\u00a0solu\u00e7\u00e3o para essa ferrovia \u00e9 superimportante. Temos que ter uma solu\u00e7\u00e3o o mais rapidamente poss\u00edvel.<br><br><strong>A\u00a0EPL toca o projeto do PNL, o planejamento de longo prazo do setor de transportes e log\u00edstica do pa\u00eds. Como o senhor\u00a0pretende tratar desse tema?<\/strong><br>Acho que talvez esse seja um dos temas mais relevantes\u00a0da\u00a0empresa. \u00c9 fundamental para o pa\u00eds\u00a0ter um Plano Nacional de Log\u00edstica que seja discutido com toda\u00a0a\u00a0sociedade, os \u00f3rg\u00e3o de log\u00edstica, governos. Tem que ser um plano que atenda \u00e0s\u00a0demandas do pa\u00eds, trabalhado com todos os setores, servi\u00e7o, agricultura, agropecu\u00e1ria, mineral, combust\u00edvel, federa\u00e7\u00f5es, Congresso Nacional. Tem que conversar com cada um para saber\u00a0a\u00a0necessidade.\u00a0<br><br>Nos pa\u00edses desenvolvidos\u00a0a\u00a0gente v\u00ea isso.\u00a0A\u00a0Alemanha sabe o que vai fazer daqui\u00a0a\u00a0cinco, 15 anos. Sabe\u00a0da\u00a0necessidade que vai enfrentar pelo crescimento que vem tendo. \u00c9 importante que todos participem para que\u00a0a\u00a0gente chegue\u00a0a\u00a0um plano de Estado, que transpasse governo e tenha continuidade. \u00c9 fundamental saber, porque o pa\u00eds\u00a0j\u00e1 pode come\u00e7ar\u00a0a\u00a0tratar de estudos, licen\u00e7as, proteger as \u00e1reas para que n\u00e3o sejam ocupadas.<br><br><strong>Isso pode dar aos governantes uma posi\u00e7\u00e3o melhor para que n\u00e3o seja t\u00e3o demandado\u00a0a\u00a0ficar gastando recursos p\u00fablicos com pequenos\u00a0projetos, nesse modelo de emendas?<\/strong><br>Fundamental at\u00e9 para\u00a0a\u00a0economia do governo. Voc\u00ea fica tentando tapar buracos que, se tiver um planejamento de longo prazo, n\u00e3o vai precisar ficar remendando. Isso gera custo excessivo.<br><br><strong>A\u00a0EPL fazia estudos em outras \u00e1reas, inclusive o portu\u00e1rio, que n\u00e3o \u00e9 mais do minist\u00e9rio, e at\u00e9 no saneamento. Pretende continuar?<\/strong><br>A\u00a0EPL est\u00e1\u00a0a\u00a0princ\u00edpio ligada ao Minist\u00e9rio dos Transportes, mas ela \u00e9 de planejamento e log\u00edstica. Ela \u00e9 do governo, mas tem que gerar lucro. O que queremos fazer \u00e9 trabalhar em todas as \u00e1reas do governo que nos demande, trabalhar com afinco para o Minist\u00e9rio de Portos e Aeroportos. Temos que ter um trabalho em conjunto com\u00a0a\u00a0EPE (Empresa de Pesquisa Energ\u00e9tica) dentro do plano de log\u00edstica. Temos algumas similaridades de servi\u00e7os com ela. Vamos trabalhar para quem nos demandar, estados e prefeituras que precisarem de\u00a0projetos. Temos condi\u00e7\u00f5es de fazer. O caminho \u00e9 amplo para prestar servi\u00e7os e planejamento.<br><br><strong>E como o senhor imagina que\u00a0a\u00a0Infra\u00a0S\/A vai estar no fim do ciclo?<\/strong><br>Estou h\u00e1 algum tempo nesse setor e aceitei o honroso convite de um ministro que \u00e9 um dos grandes nomes\u00a0da\u00a0pol\u00edtica no Brasil, o Renan Filho. Foi seis anos prefeito, oito anos governador, quatro anos deputado federal, tem uma carreira fant\u00e1stica. Ele me deu essa incumb\u00eancia, e eu n\u00e3o poderia deixar de aceitar, porque eu acredito que\u00a0a\u00a0gente possa fazer\u00a0a\u00a0diferen\u00e7a\u00a0no campo do planejamento e\u00a0da\u00a0log\u00edstica. \u00c9 fundamental que\u00a0a\u00a0gente tenha um planejamento para que as coisas aconte\u00e7am sem desvios. Se voc\u00ea tem um planejamento\u00a0s\u00e9rio e correto, voc\u00ea consegue alcan\u00e7ar.<\/p>\n","protected":false},"excerpt":{"rendered":"<p>Dimmi Amora,&nbsp;da&nbsp;Ag\u00eancia&nbsp;iNFRA O\u00a0novo\u00a0presidente\u00a0da\u00a0Infra\u00a0S\/A, Jorge Bastos, assume com\u00a0a\u00a0tarefa de apoiar o governo nos estudos para\u00a0a\u00a0licita\u00e7\u00e3o\u00a0de dezenas de\u00a0projetos\u00a0de concess\u00e3o sob responsabilidade\u00a0da\u00a0estatal nos \u00faltimos anos. Mas, apesar de o governo ter pressa em fazer leil\u00f5es e gerar investimentos\u00a0o mais rapidamente poss\u00edvel, Bastos\u00a0defende\u00a0que\u00a0projetos\u00a0com\u00a0problemas\u00a0graves sejam revistos\u00a0antes\u00a0do lan\u00e7amento de editais. &#8220;Se\u00a0a\u00a0gente vir que tem algo errado, \u00e9 melhor\u00a0rever&#8221;, disse em entrevista [&hellip;]<\/p>\n","protected":false},"author":1,"featured_media":12284,"comment_status":"closed","ping_status":"closed","sticky":false,"template":"","format":"standard","meta":{"_monsterinsights_skip_tracking":false,"_monsterinsights_sitenote_active":false,"_monsterinsights_sitenote_note":"","_monsterinsights_sitenote_category":0,"footnotes":""},"categories":[1,7],"tags":[685,3876,252,2344,6410,791,316,16,526,1027,6248,3684,160],"class_list":["post-12283","post","type-post","status-publish","format-standard","has-post-thumbnail","hentry","category-geral","category-infratransporte","tag-dutra","tag-edital","tag-epl","tag-infra-s-a","tag-infra-s-a-2","tag-jorge-bastos","tag-licitacao","tag-ministerio-dos-transportes","tag-pnl","tag-relicitacao","tag-renan-filho","tag-revisao","tag-valec"],"yoast_head":"<!-- This site is optimized with the Yoast SEO Premium plugin v25.4 (Yoast SEO v26.0) - https:\/\/yoast.com\/wordpress\/plugins\/seo\/ -->\n<title>Novo presidente da Infra S\/A defende rever projetos com problemas antes da licita\u00e7\u00e3o - Ag\u00eancia iNFRA<\/title>\n<meta name=\"robots\" content=\"index, follow, max-snippet:-1, max-image-preview:large, max-video-preview:-1\" \/>\n<link rel=\"canonical\" href=\"https:\/\/agenciainfra.com\/blog\/novo-presidente-da-infra-s-a-defende-rever-projetos-com-problemas-antes-da-licitacao\/\" \/>\n<meta property=\"og:locale\" content=\"pt_BR\" \/>\n<meta property=\"og:type\" content=\"article\" \/>\n<meta property=\"og:title\" content=\"Novo presidente da Infra S\/A defende rever projetos com problemas antes da licita\u00e7\u00e3o\" \/>\n<meta property=\"og:description\" content=\"Dimmi Amora,&nbsp;da&nbsp;Ag\u00eancia&nbsp;iNFRA O\u00a0novo\u00a0presidente\u00a0da\u00a0Infra\u00a0S\/A, Jorge Bastos, assume com\u00a0a\u00a0tarefa de apoiar o governo nos estudos para\u00a0a\u00a0licita\u00e7\u00e3o\u00a0de dezenas de\u00a0projetos\u00a0de concess\u00e3o sob responsabilidade\u00a0da\u00a0estatal nos \u00faltimos anos. Mas, apesar de o governo ter pressa em fazer leil\u00f5es e gerar investimentos\u00a0o mais rapidamente poss\u00edvel, Bastos\u00a0defende\u00a0que\u00a0projetos\u00a0com\u00a0problemas\u00a0graves sejam revistos\u00a0antes\u00a0do lan\u00e7amento de editais. &#8220;Se\u00a0a\u00a0gente vir que tem algo errado, \u00e9 melhor\u00a0rever&#8221;, disse em entrevista [&hellip;]\" \/>\n<meta property=\"og:url\" content=\"https:\/\/agenciainfra.com\/blog\/novo-presidente-da-infra-s-a-defende-rever-projetos-com-problemas-antes-da-licitacao\/\" \/>\n<meta property=\"og:site_name\" content=\"Ag\u00eancia iNFRA\" \/>\n<meta property=\"article:publisher\" content=\"https:\/\/www.facebook.com\/ageninfra\" \/>\n<meta property=\"article:published_time\" content=\"2023-03-02T12:00:00+00:00\" \/>\n<meta property=\"og:image\" content=\"https:\/\/agenciainfra.com\/blog\/wp-content\/uploads\/2023\/03\/jorge-bastos-foto-antonio-augusto-junior.jpg\" \/>\n\t<meta property=\"og:image:width\" content=\"1599\" \/>\n\t<meta property=\"og:image:height\" content=\"1066\" \/>\n\t<meta property=\"og:image:type\" content=\"image\/jpeg\" \/>\n<meta name=\"author\" content=\"Ag\u00eancia iNFRA\" \/>\n<meta name=\"twitter:card\" content=\"summary_large_image\" \/>\n<meta name=\"twitter:creator\" content=\"@agencia_infra\" \/>\n<meta name=\"twitter:site\" content=\"@agencia_infra\" \/>\n<meta name=\"twitter:label1\" content=\"Escrito por\" \/>\n\t<meta name=\"twitter:data1\" content=\"Ag\u00eancia iNFRA\" \/>\n\t<meta name=\"twitter:label2\" content=\"Est. tempo de leitura\" \/>\n\t<meta name=\"twitter:data2\" content=\"10 minutos\" \/>\n<script type=\"application\/ld+json\" class=\"yoast-schema-graph\">{\"@context\":\"https:\/\/schema.org\",\"@graph\":[{\"@type\":\"Article\",\"@id\":\"https:\/\/agenciainfra.com\/blog\/novo-presidente-da-infra-s-a-defende-rever-projetos-com-problemas-antes-da-licitacao\/#article\",\"isPartOf\":{\"@id\":\"https:\/\/agenciainfra.com\/blog\/novo-presidente-da-infra-s-a-defende-rever-projetos-com-problemas-antes-da-licitacao\/\"},\"author\":{\"name\":\"Ag\u00eancia iNFRA\",\"@id\":\"https:\/\/agenciainfra.com\/blog\/#\/schema\/person\/34af08dff6adea4cb22b06612ba7acfa\"},\"headline\":\"Novo presidente da Infra S\/A defende rever projetos com problemas antes da licita\u00e7\u00e3o\",\"datePublished\":\"2023-03-02T12:00:00+00:00\",\"mainEntityOfPage\":{\"@id\":\"https:\/\/agenciainfra.com\/blog\/novo-presidente-da-infra-s-a-defende-rever-projetos-com-problemas-antes-da-licitacao\/\"},\"wordCount\":2058,\"publisher\":{\"@id\":\"https:\/\/agenciainfra.com\/blog\/#organization\"},\"image\":{\"@id\":\"https:\/\/agenciainfra.com\/blog\/novo-presidente-da-infra-s-a-defende-rever-projetos-com-problemas-antes-da-licitacao\/#primaryimage\"},\"thumbnailUrl\":\"https:\/\/agenciainfra.com\/blog\/wp-content\/uploads\/2023\/03\/jorge-bastos-foto-antonio-augusto-junior.jpg\",\"keywords\":[\"Dutra\",\"edital\",\"EPL\",\"Infra S.A.\",\"Infra S\/A\",\"Jorge Bastos\",\"licita\u00e7\u00e3o\",\"minist\u00e9rio dos transportes\",\"PNL\",\"relicita\u00e7\u00e3o\",\"Renan Filho\",\"revis\u00e3o\",\"Valec\"],\"articleSection\":[\"Geral\",\"iNFRATransporte\"],\"inLanguage\":\"pt-BR\",\"copyrightYear\":\"2023\",\"copyrightHolder\":{\"@id\":\"https:\/\/agenciainfra.com\/blog\/#organization\"}},{\"@type\":\"WebPage\",\"@id\":\"https:\/\/agenciainfra.com\/blog\/novo-presidente-da-infra-s-a-defende-rever-projetos-com-problemas-antes-da-licitacao\/\",\"url\":\"https:\/\/agenciainfra.com\/blog\/novo-presidente-da-infra-s-a-defende-rever-projetos-com-problemas-antes-da-licitacao\/\",\"name\":\"Novo presidente da Infra S\/A defende rever projetos com problemas antes da licita\u00e7\u00e3o - Ag\u00eancia iNFRA\",\"isPartOf\":{\"@id\":\"https:\/\/agenciainfra.com\/blog\/#website\"},\"primaryImageOfPage\":{\"@id\":\"https:\/\/agenciainfra.com\/blog\/novo-presidente-da-infra-s-a-defende-rever-projetos-com-problemas-antes-da-licitacao\/#primaryimage\"},\"image\":{\"@id\":\"https:\/\/agenciainfra.com\/blog\/novo-presidente-da-infra-s-a-defende-rever-projetos-com-problemas-antes-da-licitacao\/#primaryimage\"},\"thumbnailUrl\":\"https:\/\/agenciainfra.com\/blog\/wp-content\/uploads\/2023\/03\/jorge-bastos-foto-antonio-augusto-junior.jpg\",\"datePublished\":\"2023-03-02T12:00:00+00:00\",\"breadcrumb\":{\"@id\":\"https:\/\/agenciainfra.com\/blog\/novo-presidente-da-infra-s-a-defende-rever-projetos-com-problemas-antes-da-licitacao\/#breadcrumb\"},\"inLanguage\":\"pt-BR\",\"potentialAction\":[{\"@type\":\"ReadAction\",\"target\":[\"https:\/\/agenciainfra.com\/blog\/novo-presidente-da-infra-s-a-defende-rever-projetos-com-problemas-antes-da-licitacao\/\"]}]},{\"@type\":\"ImageObject\",\"inLanguage\":\"pt-BR\",\"@id\":\"https:\/\/agenciainfra.com\/blog\/novo-presidente-da-infra-s-a-defende-rever-projetos-com-problemas-antes-da-licitacao\/#primaryimage\",\"url\":\"https:\/\/agenciainfra.com\/blog\/wp-content\/uploads\/2023\/03\/jorge-bastos-foto-antonio-augusto-junior.jpg\",\"contentUrl\":\"https:\/\/agenciainfra.com\/blog\/wp-content\/uploads\/2023\/03\/jorge-bastos-foto-antonio-augusto-junior.jpg\",\"width\":1599,\"height\":1066},{\"@type\":\"BreadcrumbList\",\"@id\":\"https:\/\/agenciainfra.com\/blog\/novo-presidente-da-infra-s-a-defende-rever-projetos-com-problemas-antes-da-licitacao\/#breadcrumb\",\"itemListElement\":[{\"@type\":\"ListItem\",\"position\":1,\"name\":\"In\u00edcio\",\"item\":\"https:\/\/agenciainfra.com\/blog\/\"},{\"@type\":\"ListItem\",\"position\":2,\"name\":\"Novo presidente da Infra S\/A defende rever projetos com problemas antes da licita\u00e7\u00e3o\"}]},{\"@type\":\"WebSite\",\"@id\":\"https:\/\/agenciainfra.com\/blog\/#website\",\"url\":\"https:\/\/agenciainfra.com\/blog\/\",\"name\":\"Ag\u00eancia iNFRA\",\"description\":\"Multiplataforma de informa\u00e7\u00e3o jornal\u00edstica refer\u00eancia na \u00e1rea de infraestrutura no Brasil!\",\"publisher\":{\"@id\":\"https:\/\/agenciainfra.com\/blog\/#organization\"},\"potentialAction\":[{\"@type\":\"SearchAction\",\"target\":{\"@type\":\"EntryPoint\",\"urlTemplate\":\"https:\/\/agenciainfra.com\/blog\/?s={search_term_string}\"},\"query-input\":{\"@type\":\"PropertyValueSpecification\",\"valueRequired\":true,\"valueName\":\"search_term_string\"}}],\"inLanguage\":\"pt-BR\"},{\"@type\":\"Organization\",\"@id\":\"https:\/\/agenciainfra.com\/blog\/#organization\",\"name\":\"Ag\u00eancia iNFRA\",\"url\":\"https:\/\/agenciainfra.com\/blog\/\",\"logo\":{\"@type\":\"ImageObject\",\"inLanguage\":\"pt-BR\",\"@id\":\"https:\/\/agenciainfra.com\/blog\/#\/schema\/logo\/image\/\",\"url\":\"https:\/\/agenciainfra.com\/blog\/wp-content\/uploads\/2023\/09\/iNFRA_5-e1761735885940.png\",\"contentUrl\":\"https:\/\/agenciainfra.com\/blog\/wp-content\/uploads\/2023\/09\/iNFRA_5-e1761735885940.png\",\"width\":1672,\"height\":454,\"caption\":\"Ag\u00eancia iNFRA\"},\"image\":{\"@id\":\"https:\/\/agenciainfra.com\/blog\/#\/schema\/logo\/image\/\"},\"sameAs\":[\"https:\/\/www.facebook.com\/ageninfra\",\"https:\/\/x.com\/agencia_infra\",\"https:\/\/www.linkedin.com\/company\/ag\u00eanciainfra\/\",\"https:\/\/www.instagram.com\/agenciainfra\/\"]},{\"@type\":\"Person\",\"@id\":\"https:\/\/agenciainfra.com\/blog\/#\/schema\/person\/34af08dff6adea4cb22b06612ba7acfa\",\"name\":\"Ag\u00eancia iNFRA\",\"image\":{\"@type\":\"ImageObject\",\"inLanguage\":\"pt-BR\",\"@id\":\"https:\/\/agenciainfra.com\/blog\/#\/schema\/person\/image\/\",\"url\":\"https:\/\/secure.gravatar.com\/avatar\/d189e01678f06d8eb84d4e01f08eb848b3fffe3f8443818d3c356c66892f5be8?s=96&d=mm&r=g\",\"contentUrl\":\"https:\/\/secure.gravatar.com\/avatar\/d189e01678f06d8eb84d4e01f08eb848b3fffe3f8443818d3c356c66892f5be8?s=96&d=mm&r=g\",\"caption\":\"Ag\u00eancia iNFRA\"},\"url\":\"https:\/\/agenciainfra.com\/blog\/author\/admin\/\"}]}<\/script>\n<!-- \/ Yoast SEO Premium plugin. -->","yoast_head_json":{"title":"Novo presidente da Infra S\/A defende rever projetos com problemas antes da licita\u00e7\u00e3o - Ag\u00eancia iNFRA","robots":{"index":"index","follow":"follow","max-snippet":"max-snippet:-1","max-image-preview":"max-image-preview:large","max-video-preview":"max-video-preview:-1"},"canonical":"https:\/\/agenciainfra.com\/blog\/novo-presidente-da-infra-s-a-defende-rever-projetos-com-problemas-antes-da-licitacao\/","og_locale":"pt_BR","og_type":"article","og_title":"Novo presidente da Infra S\/A defende rever projetos com problemas antes da licita\u00e7\u00e3o","og_description":"Dimmi Amora,&nbsp;da&nbsp;Ag\u00eancia&nbsp;iNFRA O\u00a0novo\u00a0presidente\u00a0da\u00a0Infra\u00a0S\/A, Jorge Bastos, assume com\u00a0a\u00a0tarefa de apoiar o governo nos estudos para\u00a0a\u00a0licita\u00e7\u00e3o\u00a0de dezenas de\u00a0projetos\u00a0de concess\u00e3o sob responsabilidade\u00a0da\u00a0estatal nos \u00faltimos anos. Mas, apesar de o governo ter pressa em fazer leil\u00f5es e gerar investimentos\u00a0o mais rapidamente poss\u00edvel, Bastos\u00a0defende\u00a0que\u00a0projetos\u00a0com\u00a0problemas\u00a0graves sejam revistos\u00a0antes\u00a0do lan\u00e7amento de editais. &#8220;Se\u00a0a\u00a0gente vir que tem algo errado, \u00e9 melhor\u00a0rever&#8221;, disse em entrevista [&hellip;]","og_url":"https:\/\/agenciainfra.com\/blog\/novo-presidente-da-infra-s-a-defende-rever-projetos-com-problemas-antes-da-licitacao\/","og_site_name":"Ag\u00eancia iNFRA","article_publisher":"https:\/\/www.facebook.com\/ageninfra","article_published_time":"2023-03-02T12:00:00+00:00","og_image":[{"width":1599,"height":1066,"url":"https:\/\/agenciainfra.com\/blog\/wp-content\/uploads\/2023\/03\/jorge-bastos-foto-antonio-augusto-junior.jpg","type":"image\/jpeg"}],"author":"Ag\u00eancia iNFRA","twitter_card":"summary_large_image","twitter_creator":"@agencia_infra","twitter_site":"@agencia_infra","twitter_misc":{"Escrito por":"Ag\u00eancia iNFRA","Est. tempo de leitura":"10 minutos"},"schema":{"@context":"https:\/\/schema.org","@graph":[{"@type":"Article","@id":"https:\/\/agenciainfra.com\/blog\/novo-presidente-da-infra-s-a-defende-rever-projetos-com-problemas-antes-da-licitacao\/#article","isPartOf":{"@id":"https:\/\/agenciainfra.com\/blog\/novo-presidente-da-infra-s-a-defende-rever-projetos-com-problemas-antes-da-licitacao\/"},"author":{"name":"Ag\u00eancia iNFRA","@id":"https:\/\/agenciainfra.com\/blog\/#\/schema\/person\/34af08dff6adea4cb22b06612ba7acfa"},"headline":"Novo presidente da Infra S\/A defende rever projetos com problemas antes da licita\u00e7\u00e3o","datePublished":"2023-03-02T12:00:00+00:00","mainEntityOfPage":{"@id":"https:\/\/agenciainfra.com\/blog\/novo-presidente-da-infra-s-a-defende-rever-projetos-com-problemas-antes-da-licitacao\/"},"wordCount":2058,"publisher":{"@id":"https:\/\/agenciainfra.com\/blog\/#organization"},"image":{"@id":"https:\/\/agenciainfra.com\/blog\/novo-presidente-da-infra-s-a-defende-rever-projetos-com-problemas-antes-da-licitacao\/#primaryimage"},"thumbnailUrl":"https:\/\/agenciainfra.com\/blog\/wp-content\/uploads\/2023\/03\/jorge-bastos-foto-antonio-augusto-junior.jpg","keywords":["Dutra","edital","EPL","Infra S.A.","Infra S\/A","Jorge Bastos","licita\u00e7\u00e3o","minist\u00e9rio dos transportes","PNL","relicita\u00e7\u00e3o","Renan Filho","revis\u00e3o","Valec"],"articleSection":["Geral","iNFRATransporte"],"inLanguage":"pt-BR","copyrightYear":"2023","copyrightHolder":{"@id":"https:\/\/agenciainfra.com\/blog\/#organization"}},{"@type":"WebPage","@id":"https:\/\/agenciainfra.com\/blog\/novo-presidente-da-infra-s-a-defende-rever-projetos-com-problemas-antes-da-licitacao\/","url":"https:\/\/agenciainfra.com\/blog\/novo-presidente-da-infra-s-a-defende-rever-projetos-com-problemas-antes-da-licitacao\/","name":"Novo presidente da Infra S\/A defende rever projetos com problemas antes da licita\u00e7\u00e3o - Ag\u00eancia iNFRA","isPartOf":{"@id":"https:\/\/agenciainfra.com\/blog\/#website"},"primaryImageOfPage":{"@id":"https:\/\/agenciainfra.com\/blog\/novo-presidente-da-infra-s-a-defende-rever-projetos-com-problemas-antes-da-licitacao\/#primaryimage"},"image":{"@id":"https:\/\/agenciainfra.com\/blog\/novo-presidente-da-infra-s-a-defende-rever-projetos-com-problemas-antes-da-licitacao\/#primaryimage"},"thumbnailUrl":"https:\/\/agenciainfra.com\/blog\/wp-content\/uploads\/2023\/03\/jorge-bastos-foto-antonio-augusto-junior.jpg","datePublished":"2023-03-02T12:00:00+00:00","breadcrumb":{"@id":"https:\/\/agenciainfra.com\/blog\/novo-presidente-da-infra-s-a-defende-rever-projetos-com-problemas-antes-da-licitacao\/#breadcrumb"},"inLanguage":"pt-BR","potentialAction":[{"@type":"ReadAction","target":["https:\/\/agenciainfra.com\/blog\/novo-presidente-da-infra-s-a-defende-rever-projetos-com-problemas-antes-da-licitacao\/"]}]},{"@type":"ImageObject","inLanguage":"pt-BR","@id":"https:\/\/agenciainfra.com\/blog\/novo-presidente-da-infra-s-a-defende-rever-projetos-com-problemas-antes-da-licitacao\/#primaryimage","url":"https:\/\/agenciainfra.com\/blog\/wp-content\/uploads\/2023\/03\/jorge-bastos-foto-antonio-augusto-junior.jpg","contentUrl":"https:\/\/agenciainfra.com\/blog\/wp-content\/uploads\/2023\/03\/jorge-bastos-foto-antonio-augusto-junior.jpg","width":1599,"height":1066},{"@type":"BreadcrumbList","@id":"https:\/\/agenciainfra.com\/blog\/novo-presidente-da-infra-s-a-defende-rever-projetos-com-problemas-antes-da-licitacao\/#breadcrumb","itemListElement":[{"@type":"ListItem","position":1,"name":"In\u00edcio","item":"https:\/\/agenciainfra.com\/blog\/"},{"@type":"ListItem","position":2,"name":"Novo presidente da Infra S\/A defende rever projetos com problemas antes da licita\u00e7\u00e3o"}]},{"@type":"WebSite","@id":"https:\/\/agenciainfra.com\/blog\/#website","url":"https:\/\/agenciainfra.com\/blog\/","name":"Ag\u00eancia iNFRA","description":"Multiplataforma de informa\u00e7\u00e3o jornal\u00edstica refer\u00eancia na \u00e1rea de infraestrutura no Brasil!","publisher":{"@id":"https:\/\/agenciainfra.com\/blog\/#organization"},"potentialAction":[{"@type":"SearchAction","target":{"@type":"EntryPoint","urlTemplate":"https:\/\/agenciainfra.com\/blog\/?s={search_term_string}"},"query-input":{"@type":"PropertyValueSpecification","valueRequired":true,"valueName":"search_term_string"}}],"inLanguage":"pt-BR"},{"@type":"Organization","@id":"https:\/\/agenciainfra.com\/blog\/#organization","name":"Ag\u00eancia iNFRA","url":"https:\/\/agenciainfra.com\/blog\/","logo":{"@type":"ImageObject","inLanguage":"pt-BR","@id":"https:\/\/agenciainfra.com\/blog\/#\/schema\/logo\/image\/","url":"https:\/\/agenciainfra.com\/blog\/wp-content\/uploads\/2023\/09\/iNFRA_5-e1761735885940.png","contentUrl":"https:\/\/agenciainfra.com\/blog\/wp-content\/uploads\/2023\/09\/iNFRA_5-e1761735885940.png","width":1672,"height":454,"caption":"Ag\u00eancia iNFRA"},"image":{"@id":"https:\/\/agenciainfra.com\/blog\/#\/schema\/logo\/image\/"},"sameAs":["https:\/\/www.facebook.com\/ageninfra","https:\/\/x.com\/agencia_infra","https:\/\/www.linkedin.com\/company\/ag\u00eanciainfra\/","https:\/\/www.instagram.com\/agenciainfra\/"]},{"@type":"Person","@id":"https:\/\/agenciainfra.com\/blog\/#\/schema\/person\/34af08dff6adea4cb22b06612ba7acfa","name":"Ag\u00eancia iNFRA","image":{"@type":"ImageObject","inLanguage":"pt-BR","@id":"https:\/\/agenciainfra.com\/blog\/#\/schema\/person\/image\/","url":"https:\/\/secure.gravatar.com\/avatar\/d189e01678f06d8eb84d4e01f08eb848b3fffe3f8443818d3c356c66892f5be8?s=96&d=mm&r=g","contentUrl":"https:\/\/secure.gravatar.com\/avatar\/d189e01678f06d8eb84d4e01f08eb848b3fffe3f8443818d3c356c66892f5be8?s=96&d=mm&r=g","caption":"Ag\u00eancia iNFRA"},"url":"https:\/\/agenciainfra.com\/blog\/author\/admin\/"}]}},"_links":{"self":[{"href":"https:\/\/agenciainfra.com\/blog\/wp-json\/wp\/v2\/posts\/12283","targetHints":{"allow":["GET"]}}],"collection":[{"href":"https:\/\/agenciainfra.com\/blog\/wp-json\/wp\/v2\/posts"}],"about":[{"href":"https:\/\/agenciainfra.com\/blog\/wp-json\/wp\/v2\/types\/post"}],"author":[{"embeddable":true,"href":"https:\/\/agenciainfra.com\/blog\/wp-json\/wp\/v2\/users\/1"}],"replies":[{"embeddable":true,"href":"https:\/\/agenciainfra.com\/blog\/wp-json\/wp\/v2\/comments?post=12283"}],"version-history":[{"count":0,"href":"https:\/\/agenciainfra.com\/blog\/wp-json\/wp\/v2\/posts\/12283\/revisions"}],"wp:featuredmedia":[{"embeddable":true,"href":"https:\/\/agenciainfra.com\/blog\/wp-json\/wp\/v2\/media\/12284"}],"wp:attachment":[{"href":"https:\/\/agenciainfra.com\/blog\/wp-json\/wp\/v2\/media?parent=12283"}],"wp:term":[{"taxonomy":"category","embeddable":true,"href":"https:\/\/agenciainfra.com\/blog\/wp-json\/wp\/v2\/categories?post=12283"},{"taxonomy":"post_tag","embeddable":true,"href":"https:\/\/agenciainfra.com\/blog\/wp-json\/wp\/v2\/tags?post=12283"}],"curies":[{"name":"wp","href":"https:\/\/api.w.org\/{rel}","templated":true}]}}