{"id":12293,"date":"2023-03-04T09:00:00","date_gmt":"2023-03-04T12:00:00","guid":{"rendered":"https:\/\/www.agenciainfra.com\/blog\/?p=12293"},"modified":"2023-03-03T10:49:33","modified_gmt":"2023-03-03T13:49:33","slug":"porto-de-itajai-deve-continuar-sendo-publico-nos-proximos-35-anos","status":"publish","type":"post","link":"https:\/\/agenciainfra.com\/blog\/porto-de-itajai-deve-continuar-sendo-publico-nos-proximos-35-anos\/","title":{"rendered":"Porto de Itaja\u00ed deve continuar sendo p\u00fablico nos pr\u00f3ximos 35 anos"},"content":{"rendered":"\n<p><strong>Jenifer Ribeiro, da Ag\u00eancia iNFRA<\/strong><\/p>\n\n\n\n<p>Com a oposi\u00e7\u00e3o do novo governo ao fim das autoridades portu\u00e1rias estatais, o Minist\u00e9rio de Portos e Aeroportos decidiu renovar o conv\u00eanio de delega\u00e7\u00e3o do Porto de Itaja\u00ed (SC) por mais 35 anos com a prefeitura local. A informa\u00e7\u00e3o foi confirmada pela autoridade portu\u00e1ria local.<br><br>F\u00e1bio da Veiga, superintendente do porto, informou pelo\u00a0<a rel=\"noreferrer noopener\" href=\"https:\/\/agenciainfra.us14.list-manage.com\/track\/click?u=d460dd1bcf9ba0ae040e1fc0f&amp;id=e664463172&amp;e=f0fa444791\" target=\"_blank\">Instagram<\/a>\u00a0que nos pr\u00f3ximos 30 dias ser\u00e1 apresentada ao p\u00fablico a decis\u00e3o definitiva de como ser\u00e1 o novo modelo de administra\u00e7\u00e3o do porto. O documento ser\u00e1 formulado por um grupo de trabalho formado por representantes do munic\u00edpio, do porto e da sociedade civil organizada.<br><br>O novo direcionamento foi apresentado em reuni\u00e3o, na \u00faltima quinta-feira (2), entre o ministro M\u00e1rcio Fran\u00e7a, o superintendente Veiga, o prefeito de Itaja\u00ed, Volnei Morastoni, deputados e senadores de Santa Catarina e representantes da cidade.<br><br>O plano do governo anterior era conceder o porto p\u00fablico \u00e0 iniciativa privada. Por isso, o conv\u00eanio de delega\u00e7\u00e3o, que venceu no fim do ano passado, foi renovado provisoriamente at\u00e9 que o leil\u00e3o fosse realizado. O modelo da concess\u00e3o do porto foi aprovado no TCU (Tribunal de Contas da Uni\u00e3o) neste ano.<br><br><strong>Dupla participa\u00e7\u00e3o<\/strong><br>Pelo modelo apresentado no encontro, o novo contrato ter\u00e1 dupla participa\u00e7\u00e3o, isto \u00e9, o governo federal e o governo municipal v\u00e3o trabalhar em parceria na administra\u00e7\u00e3o do porto. Com isso, o ativo conseguir\u00e1 aportes de investimentos federais para o complexo portu\u00e1rio.<br><br>No entanto, ainda ser\u00e1 formulado um estudo de viabilidade do projeto para definir ajustes t\u00e9cnicos da modelagem. Tanto a Secretaria de Portos, do minist\u00e9rio, quanto a prefeitura de Itaja\u00ed v\u00e3o fazer o levantamento.<br><br><strong>Pleito atendido<\/strong><br>O minist\u00e9rio entende que a dupla participa\u00e7\u00e3o na gest\u00e3o do porto \u00e9 um bom meio termo aos pedidos feitos pela autoridade portu\u00e1ria, segundo apurou a reportagem.<br><br>Isso porque, em minuta enviada no in\u00edcio do m\u00eas passado, o superintendente Veiga e o prefeito de Itaja\u00ed, Volnei Morastoni, pediram a manuten\u00e7\u00e3o da autoridade portu\u00e1ria por 35 anos e a elabora\u00e7\u00e3o de um edital de arrendamento, com prazo de publica\u00e7\u00e3o de no m\u00e1ximo um ano, que englobe servi\u00e7os de dragagem, da via expressa portu\u00e1ria e das obras necess\u00e1rias para o recebimento de navios maiores.<br><br><strong>Privatiza\u00e7\u00e3o aprovada<\/strong><br>H\u00e1 duas semanas, o TCU aprovou os atuais estudos de viabilidade para a desestatiza\u00e7\u00e3o do Porto de Itaja\u00ed com determina\u00e7\u00f5es para que fossem feitos estudos concorrenciais antes da publica\u00e7\u00e3o do edital.<br><br>Os ministros do Tribunal de Contas tamb\u00e9m fizeram uma recomenda\u00e7\u00e3o para que, antes que o edital fosse publicado, o Cade (Conselho Administrativo de Defesa Econ\u00f4mica) encontrasse alguma proposta sobre a restri\u00e7\u00e3o \u00e0 participa\u00e7\u00e3o do grupo Maersk e da MSC em cons\u00f3rcio na disputa.<br><br>O terminal de cont\u00eainer do Porto de Itaja\u00ed foi arrendado \u00e0 APM Terminals \u2013 controlada pelo grupo Maersk \u2013 e concorre com o TUP (terminal de uso privado) de Navegantes, da Portonave, que \u00e9 controlada pela TiL (Terminal Investment Limited) \u2013 do grupo MSC. Os dois terminais ficam frente a frente.<br><br>Desde que o TUP de Navegantes come\u00e7ou a operar, as cargas da regi\u00e3o passaram a entrar preferencialmente pelo terminal privado. Uma das justificativas para conceder Itaja\u00ed, que na pr\u00e1tica \u00e9 um porto que tem praticamente s\u00f3 opera\u00e7\u00f5es de cont\u00eaineres, era tentar tornar o porto p\u00fablico mais pr\u00f3ximo do modelo de TUP.<br><br>Os investimentos previstos da desestatiza\u00e7\u00e3o chegavam a R$ 3 bilh\u00f5es. Outra justificativa do antigo governo para a concess\u00e3o do porto, por 30 anos, era a necessidade de aprofundar e manter o canal de acesso do porto para navios de cont\u00eaineres de grande porte. Esse canal \u00e9 de responsabilidade do porto p\u00fablico e o TUP paga pelo acesso.<br><br>Com a imin\u00eancia de in\u00edcio de opera\u00e7\u00f5es de navios de grande porte no mundo, os terminais v\u00e3o demandar canais mais aprofundados e grandes investimentos em m\u00e1quinas e equipamentos, o que o governo anterior tamb\u00e9m usava como justificativa para a concess\u00e3o do porto e n\u00e3o mais um arrendamento com manuten\u00e7\u00e3o de uma autoridade portu\u00e1ria estatal.<\/p>\n","protected":false},"excerpt":{"rendered":"<p>Jenifer Ribeiro, da Ag\u00eancia iNFRA Com a oposi\u00e7\u00e3o do novo governo ao fim das autoridades portu\u00e1rias estatais, o Minist\u00e9rio de Portos e Aeroportos decidiu renovar o conv\u00eanio de delega\u00e7\u00e3o do Porto de Itaja\u00ed (SC) por mais 35 anos com a prefeitura local. A informa\u00e7\u00e3o foi confirmada pela autoridade portu\u00e1ria local. F\u00e1bio da Veiga, superintendente do [&hellip;]<\/p>\n","protected":false},"author":1,"featured_media":10919,"comment_status":"closed","ping_status":"closed","sticky":false,"template":"","format":"standard","meta":{"_monsterinsights_skip_tracking":false,"_monsterinsights_sitenote_active":false,"_monsterinsights_sitenote_note":"","_monsterinsights_sitenote_category":0,"footnotes":""},"categories":[1,7],"tags":[3434,192,5534,6054,6257,6445,2056,6446,699,668],"class_list":["post-12293","post","type-post","status-publish","format-standard","has-post-thumbnail","hentry","category-geral","category-infratransporte","tag-autoridade-portuaria","tag-desestatizacao","tag-fabio-da-veiga","tag-marcio-franca","tag-ministerio-de-portos-e-aeroportos","tag-mpa","tag-porto-de-itajai","tag-porto-publico","tag-prefeitura","tag-santa-catarina"],"yoast_head":"<!-- This site is optimized with the Yoast SEO Premium plugin v25.4 (Yoast SEO v26.0) - https:\/\/yoast.com\/wordpress\/plugins\/seo\/ -->\n<title>Porto de Itaja\u00ed deve continuar sendo p\u00fablico nos pr\u00f3ximos 35 anos - Ag\u00eancia iNFRA<\/title>\n<meta name=\"robots\" content=\"index, follow, max-snippet:-1, max-image-preview:large, max-video-preview:-1\" \/>\n<link rel=\"canonical\" href=\"https:\/\/agenciainfra.com\/blog\/porto-de-itajai-deve-continuar-sendo-publico-nos-proximos-35-anos\/\" \/>\n<meta property=\"og:locale\" content=\"pt_BR\" \/>\n<meta property=\"og:type\" content=\"article\" \/>\n<meta property=\"og:title\" content=\"Porto de Itaja\u00ed deve continuar sendo p\u00fablico nos pr\u00f3ximos 35 anos\" \/>\n<meta property=\"og:description\" content=\"Jenifer Ribeiro, da Ag\u00eancia iNFRA Com a oposi\u00e7\u00e3o do novo governo ao fim das autoridades portu\u00e1rias estatais, o Minist\u00e9rio de Portos e Aeroportos decidiu renovar o conv\u00eanio de delega\u00e7\u00e3o do Porto de Itaja\u00ed (SC) por mais 35 anos com a prefeitura local. A informa\u00e7\u00e3o foi confirmada pela autoridade portu\u00e1ria local. F\u00e1bio da Veiga, superintendente do [&hellip;]\" \/>\n<meta property=\"og:url\" content=\"https:\/\/agenciainfra.com\/blog\/porto-de-itajai-deve-continuar-sendo-publico-nos-proximos-35-anos\/\" \/>\n<meta property=\"og:site_name\" content=\"Ag\u00eancia iNFRA\" \/>\n<meta property=\"article:publisher\" content=\"https:\/\/www.facebook.com\/ageninfra\" \/>\n<meta property=\"article:published_time\" content=\"2023-03-04T12:00:00+00:00\" \/>\n<meta property=\"og:image\" content=\"https:\/\/agenciainfra.com\/blog\/wp-content\/uploads\/2022\/07\/porto-de-itajai-foto-prefeitura-de-itajai.jpeg\" \/>\n\t<meta property=\"og:image:width\" content=\"1280\" \/>\n\t<meta property=\"og:image:height\" content=\"848\" \/>\n\t<meta property=\"og:image:type\" content=\"image\/jpeg\" \/>\n<meta name=\"author\" content=\"Ag\u00eancia iNFRA\" \/>\n<meta name=\"twitter:card\" content=\"summary_large_image\" \/>\n<meta name=\"twitter:creator\" content=\"@agencia_infra\" \/>\n<meta name=\"twitter:site\" content=\"@agencia_infra\" \/>\n<meta name=\"twitter:label1\" content=\"Escrito por\" \/>\n\t<meta name=\"twitter:data1\" content=\"Ag\u00eancia iNFRA\" \/>\n\t<meta name=\"twitter:label2\" content=\"Est. tempo de leitura\" \/>\n\t<meta name=\"twitter:data2\" content=\"4 minutos\" \/>\n<script type=\"application\/ld+json\" class=\"yoast-schema-graph\">{\"@context\":\"https:\/\/schema.org\",\"@graph\":[{\"@type\":\"Article\",\"@id\":\"https:\/\/agenciainfra.com\/blog\/porto-de-itajai-deve-continuar-sendo-publico-nos-proximos-35-anos\/#article\",\"isPartOf\":{\"@id\":\"https:\/\/agenciainfra.com\/blog\/porto-de-itajai-deve-continuar-sendo-publico-nos-proximos-35-anos\/\"},\"author\":{\"name\":\"Ag\u00eancia iNFRA\",\"@id\":\"https:\/\/agenciainfra.com\/blog\/#\/schema\/person\/34af08dff6adea4cb22b06612ba7acfa\"},\"headline\":\"Porto de Itaja\u00ed deve continuar sendo p\u00fablico nos pr\u00f3ximos 35 anos\",\"datePublished\":\"2023-03-04T12:00:00+00:00\",\"mainEntityOfPage\":{\"@id\":\"https:\/\/agenciainfra.com\/blog\/porto-de-itajai-deve-continuar-sendo-publico-nos-proximos-35-anos\/\"},\"wordCount\":720,\"publisher\":{\"@id\":\"https:\/\/agenciainfra.com\/blog\/#organization\"},\"image\":{\"@id\":\"https:\/\/agenciainfra.com\/blog\/porto-de-itajai-deve-continuar-sendo-publico-nos-proximos-35-anos\/#primaryimage\"},\"thumbnailUrl\":\"https:\/\/agenciainfra.com\/blog\/wp-content\/uploads\/2022\/07\/porto-de-itajai-foto-prefeitura-de-itajai.jpeg\",\"keywords\":[\"autoridade portu\u00e1ria\",\"desestatiza\u00e7\u00e3o\",\"F\u00e1bio da Veiga\",\"M\u00e1rcio Fran\u00e7a\",\"Minist\u00e9rio de Portos e Aeroportos\",\"MPA\",\"Porto de Itaja\u00ed\",\"porto p\u00fablico\",\"prefeitura\",\"Santa Catarina\"],\"articleSection\":[\"Geral\",\"iNFRATransporte\"],\"inLanguage\":\"pt-BR\",\"copyrightYear\":\"2023\",\"copyrightHolder\":{\"@id\":\"https:\/\/agenciainfra.com\/blog\/#organization\"}},{\"@type\":\"WebPage\",\"@id\":\"https:\/\/agenciainfra.com\/blog\/porto-de-itajai-deve-continuar-sendo-publico-nos-proximos-35-anos\/\",\"url\":\"https:\/\/agenciainfra.com\/blog\/porto-de-itajai-deve-continuar-sendo-publico-nos-proximos-35-anos\/\",\"name\":\"Porto de Itaja\u00ed deve continuar sendo p\u00fablico nos pr\u00f3ximos 35 anos - Ag\u00eancia iNFRA\",\"isPartOf\":{\"@id\":\"https:\/\/agenciainfra.com\/blog\/#website\"},\"primaryImageOfPage\":{\"@id\":\"https:\/\/agenciainfra.com\/blog\/porto-de-itajai-deve-continuar-sendo-publico-nos-proximos-35-anos\/#primaryimage\"},\"image\":{\"@id\":\"https:\/\/agenciainfra.com\/blog\/porto-de-itajai-deve-continuar-sendo-publico-nos-proximos-35-anos\/#primaryimage\"},\"thumbnailUrl\":\"https:\/\/agenciainfra.com\/blog\/wp-content\/uploads\/2022\/07\/porto-de-itajai-foto-prefeitura-de-itajai.jpeg\",\"datePublished\":\"2023-03-04T12:00:00+00:00\",\"breadcrumb\":{\"@id\":\"https:\/\/agenciainfra.com\/blog\/porto-de-itajai-deve-continuar-sendo-publico-nos-proximos-35-anos\/#breadcrumb\"},\"inLanguage\":\"pt-BR\",\"potentialAction\":[{\"@type\":\"ReadAction\",\"target\":[\"https:\/\/agenciainfra.com\/blog\/porto-de-itajai-deve-continuar-sendo-publico-nos-proximos-35-anos\/\"]}]},{\"@type\":\"ImageObject\",\"inLanguage\":\"pt-BR\",\"@id\":\"https:\/\/agenciainfra.com\/blog\/porto-de-itajai-deve-continuar-sendo-publico-nos-proximos-35-anos\/#primaryimage\",\"url\":\"https:\/\/agenciainfra.com\/blog\/wp-content\/uploads\/2022\/07\/porto-de-itajai-foto-prefeitura-de-itajai.jpeg\",\"contentUrl\":\"https:\/\/agenciainfra.com\/blog\/wp-content\/uploads\/2022\/07\/porto-de-itajai-foto-prefeitura-de-itajai.jpeg\",\"width\":1280,\"height\":848,\"caption\":\"Foto: Prefeitura de Itaja\u00ed\"},{\"@type\":\"BreadcrumbList\",\"@id\":\"https:\/\/agenciainfra.com\/blog\/porto-de-itajai-deve-continuar-sendo-publico-nos-proximos-35-anos\/#breadcrumb\",\"itemListElement\":[{\"@type\":\"ListItem\",\"position\":1,\"name\":\"In\u00edcio\",\"item\":\"https:\/\/agenciainfra.com\/blog\/\"},{\"@type\":\"ListItem\",\"position\":2,\"name\":\"Porto de Itaja\u00ed deve continuar sendo p\u00fablico nos pr\u00f3ximos 35 anos\"}]},{\"@type\":\"WebSite\",\"@id\":\"https:\/\/agenciainfra.com\/blog\/#website\",\"url\":\"https:\/\/agenciainfra.com\/blog\/\",\"name\":\"Ag\u00eancia iNFRA\",\"description\":\"Multiplataforma de informa\u00e7\u00e3o jornal\u00edstica refer\u00eancia na \u00e1rea de infraestrutura no Brasil!\",\"publisher\":{\"@id\":\"https:\/\/agenciainfra.com\/blog\/#organization\"},\"potentialAction\":[{\"@type\":\"SearchAction\",\"target\":{\"@type\":\"EntryPoint\",\"urlTemplate\":\"https:\/\/agenciainfra.com\/blog\/?s={search_term_string}\"},\"query-input\":{\"@type\":\"PropertyValueSpecification\",\"valueRequired\":true,\"valueName\":\"search_term_string\"}}],\"inLanguage\":\"pt-BR\"},{\"@type\":\"Organization\",\"@id\":\"https:\/\/agenciainfra.com\/blog\/#organization\",\"name\":\"Ag\u00eancia iNFRA\",\"url\":\"https:\/\/agenciainfra.com\/blog\/\",\"logo\":{\"@type\":\"ImageObject\",\"inLanguage\":\"pt-BR\",\"@id\":\"https:\/\/agenciainfra.com\/blog\/#\/schema\/logo\/image\/\",\"url\":\"https:\/\/agenciainfra.com\/blog\/wp-content\/uploads\/2023\/09\/iNFRA_5-e1761735885940.png\",\"contentUrl\":\"https:\/\/agenciainfra.com\/blog\/wp-content\/uploads\/2023\/09\/iNFRA_5-e1761735885940.png\",\"width\":1672,\"height\":454,\"caption\":\"Ag\u00eancia iNFRA\"},\"image\":{\"@id\":\"https:\/\/agenciainfra.com\/blog\/#\/schema\/logo\/image\/\"},\"sameAs\":[\"https:\/\/www.facebook.com\/ageninfra\",\"https:\/\/x.com\/agencia_infra\",\"https:\/\/www.linkedin.com\/company\/ag\u00eanciainfra\/\",\"https:\/\/www.instagram.com\/agenciainfra\/\"]},{\"@type\":\"Person\",\"@id\":\"https:\/\/agenciainfra.com\/blog\/#\/schema\/person\/34af08dff6adea4cb22b06612ba7acfa\",\"name\":\"Ag\u00eancia iNFRA\",\"image\":{\"@type\":\"ImageObject\",\"inLanguage\":\"pt-BR\",\"@id\":\"https:\/\/agenciainfra.com\/blog\/#\/schema\/person\/image\/\",\"url\":\"https:\/\/secure.gravatar.com\/avatar\/d189e01678f06d8eb84d4e01f08eb848b3fffe3f8443818d3c356c66892f5be8?s=96&d=mm&r=g\",\"contentUrl\":\"https:\/\/secure.gravatar.com\/avatar\/d189e01678f06d8eb84d4e01f08eb848b3fffe3f8443818d3c356c66892f5be8?s=96&d=mm&r=g\",\"caption\":\"Ag\u00eancia iNFRA\"},\"url\":\"https:\/\/agenciainfra.com\/blog\/author\/admin\/\"}]}<\/script>\n<!-- \/ Yoast SEO Premium plugin. -->","yoast_head_json":{"title":"Porto de Itaja\u00ed deve continuar sendo p\u00fablico nos pr\u00f3ximos 35 anos - Ag\u00eancia iNFRA","robots":{"index":"index","follow":"follow","max-snippet":"max-snippet:-1","max-image-preview":"max-image-preview:large","max-video-preview":"max-video-preview:-1"},"canonical":"https:\/\/agenciainfra.com\/blog\/porto-de-itajai-deve-continuar-sendo-publico-nos-proximos-35-anos\/","og_locale":"pt_BR","og_type":"article","og_title":"Porto de Itaja\u00ed deve continuar sendo p\u00fablico nos pr\u00f3ximos 35 anos","og_description":"Jenifer Ribeiro, da Ag\u00eancia iNFRA Com a oposi\u00e7\u00e3o do novo governo ao fim das autoridades portu\u00e1rias estatais, o Minist\u00e9rio de Portos e Aeroportos decidiu renovar o conv\u00eanio de delega\u00e7\u00e3o do Porto de Itaja\u00ed (SC) por mais 35 anos com a prefeitura local. A informa\u00e7\u00e3o foi confirmada pela autoridade portu\u00e1ria local. F\u00e1bio da Veiga, superintendente do [&hellip;]","og_url":"https:\/\/agenciainfra.com\/blog\/porto-de-itajai-deve-continuar-sendo-publico-nos-proximos-35-anos\/","og_site_name":"Ag\u00eancia iNFRA","article_publisher":"https:\/\/www.facebook.com\/ageninfra","article_published_time":"2023-03-04T12:00:00+00:00","og_image":[{"width":1280,"height":848,"url":"https:\/\/agenciainfra.com\/blog\/wp-content\/uploads\/2022\/07\/porto-de-itajai-foto-prefeitura-de-itajai.jpeg","type":"image\/jpeg"}],"author":"Ag\u00eancia iNFRA","twitter_card":"summary_large_image","twitter_creator":"@agencia_infra","twitter_site":"@agencia_infra","twitter_misc":{"Escrito por":"Ag\u00eancia iNFRA","Est. tempo de leitura":"4 minutos"},"schema":{"@context":"https:\/\/schema.org","@graph":[{"@type":"Article","@id":"https:\/\/agenciainfra.com\/blog\/porto-de-itajai-deve-continuar-sendo-publico-nos-proximos-35-anos\/#article","isPartOf":{"@id":"https:\/\/agenciainfra.com\/blog\/porto-de-itajai-deve-continuar-sendo-publico-nos-proximos-35-anos\/"},"author":{"name":"Ag\u00eancia iNFRA","@id":"https:\/\/agenciainfra.com\/blog\/#\/schema\/person\/34af08dff6adea4cb22b06612ba7acfa"},"headline":"Porto de Itaja\u00ed deve continuar sendo p\u00fablico nos pr\u00f3ximos 35 anos","datePublished":"2023-03-04T12:00:00+00:00","mainEntityOfPage":{"@id":"https:\/\/agenciainfra.com\/blog\/porto-de-itajai-deve-continuar-sendo-publico-nos-proximos-35-anos\/"},"wordCount":720,"publisher":{"@id":"https:\/\/agenciainfra.com\/blog\/#organization"},"image":{"@id":"https:\/\/agenciainfra.com\/blog\/porto-de-itajai-deve-continuar-sendo-publico-nos-proximos-35-anos\/#primaryimage"},"thumbnailUrl":"https:\/\/agenciainfra.com\/blog\/wp-content\/uploads\/2022\/07\/porto-de-itajai-foto-prefeitura-de-itajai.jpeg","keywords":["autoridade portu\u00e1ria","desestatiza\u00e7\u00e3o","F\u00e1bio da Veiga","M\u00e1rcio Fran\u00e7a","Minist\u00e9rio de Portos e Aeroportos","MPA","Porto de Itaja\u00ed","porto p\u00fablico","prefeitura","Santa Catarina"],"articleSection":["Geral","iNFRATransporte"],"inLanguage":"pt-BR","copyrightYear":"2023","copyrightHolder":{"@id":"https:\/\/agenciainfra.com\/blog\/#organization"}},{"@type":"WebPage","@id":"https:\/\/agenciainfra.com\/blog\/porto-de-itajai-deve-continuar-sendo-publico-nos-proximos-35-anos\/","url":"https:\/\/agenciainfra.com\/blog\/porto-de-itajai-deve-continuar-sendo-publico-nos-proximos-35-anos\/","name":"Porto de Itaja\u00ed deve continuar sendo p\u00fablico nos pr\u00f3ximos 35 anos - Ag\u00eancia iNFRA","isPartOf":{"@id":"https:\/\/agenciainfra.com\/blog\/#website"},"primaryImageOfPage":{"@id":"https:\/\/agenciainfra.com\/blog\/porto-de-itajai-deve-continuar-sendo-publico-nos-proximos-35-anos\/#primaryimage"},"image":{"@id":"https:\/\/agenciainfra.com\/blog\/porto-de-itajai-deve-continuar-sendo-publico-nos-proximos-35-anos\/#primaryimage"},"thumbnailUrl":"https:\/\/agenciainfra.com\/blog\/wp-content\/uploads\/2022\/07\/porto-de-itajai-foto-prefeitura-de-itajai.jpeg","datePublished":"2023-03-04T12:00:00+00:00","breadcrumb":{"@id":"https:\/\/agenciainfra.com\/blog\/porto-de-itajai-deve-continuar-sendo-publico-nos-proximos-35-anos\/#breadcrumb"},"inLanguage":"pt-BR","potentialAction":[{"@type":"ReadAction","target":["https:\/\/agenciainfra.com\/blog\/porto-de-itajai-deve-continuar-sendo-publico-nos-proximos-35-anos\/"]}]},{"@type":"ImageObject","inLanguage":"pt-BR","@id":"https:\/\/agenciainfra.com\/blog\/porto-de-itajai-deve-continuar-sendo-publico-nos-proximos-35-anos\/#primaryimage","url":"https:\/\/agenciainfra.com\/blog\/wp-content\/uploads\/2022\/07\/porto-de-itajai-foto-prefeitura-de-itajai.jpeg","contentUrl":"https:\/\/agenciainfra.com\/blog\/wp-content\/uploads\/2022\/07\/porto-de-itajai-foto-prefeitura-de-itajai.jpeg","width":1280,"height":848,"caption":"Foto: Prefeitura de Itaja\u00ed"},{"@type":"BreadcrumbList","@id":"https:\/\/agenciainfra.com\/blog\/porto-de-itajai-deve-continuar-sendo-publico-nos-proximos-35-anos\/#breadcrumb","itemListElement":[{"@type":"ListItem","position":1,"name":"In\u00edcio","item":"https:\/\/agenciainfra.com\/blog\/"},{"@type":"ListItem","position":2,"name":"Porto de Itaja\u00ed deve continuar sendo p\u00fablico nos pr\u00f3ximos 35 anos"}]},{"@type":"WebSite","@id":"https:\/\/agenciainfra.com\/blog\/#website","url":"https:\/\/agenciainfra.com\/blog\/","name":"Ag\u00eancia iNFRA","description":"Multiplataforma de informa\u00e7\u00e3o jornal\u00edstica refer\u00eancia na \u00e1rea de infraestrutura no Brasil!","publisher":{"@id":"https:\/\/agenciainfra.com\/blog\/#organization"},"potentialAction":[{"@type":"SearchAction","target":{"@type":"EntryPoint","urlTemplate":"https:\/\/agenciainfra.com\/blog\/?s={search_term_string}"},"query-input":{"@type":"PropertyValueSpecification","valueRequired":true,"valueName":"search_term_string"}}],"inLanguage":"pt-BR"},{"@type":"Organization","@id":"https:\/\/agenciainfra.com\/blog\/#organization","name":"Ag\u00eancia iNFRA","url":"https:\/\/agenciainfra.com\/blog\/","logo":{"@type":"ImageObject","inLanguage":"pt-BR","@id":"https:\/\/agenciainfra.com\/blog\/#\/schema\/logo\/image\/","url":"https:\/\/agenciainfra.com\/blog\/wp-content\/uploads\/2023\/09\/iNFRA_5-e1761735885940.png","contentUrl":"https:\/\/agenciainfra.com\/blog\/wp-content\/uploads\/2023\/09\/iNFRA_5-e1761735885940.png","width":1672,"height":454,"caption":"Ag\u00eancia iNFRA"},"image":{"@id":"https:\/\/agenciainfra.com\/blog\/#\/schema\/logo\/image\/"},"sameAs":["https:\/\/www.facebook.com\/ageninfra","https:\/\/x.com\/agencia_infra","https:\/\/www.linkedin.com\/company\/ag\u00eanciainfra\/","https:\/\/www.instagram.com\/agenciainfra\/"]},{"@type":"Person","@id":"https:\/\/agenciainfra.com\/blog\/#\/schema\/person\/34af08dff6adea4cb22b06612ba7acfa","name":"Ag\u00eancia iNFRA","image":{"@type":"ImageObject","inLanguage":"pt-BR","@id":"https:\/\/agenciainfra.com\/blog\/#\/schema\/person\/image\/","url":"https:\/\/secure.gravatar.com\/avatar\/d189e01678f06d8eb84d4e01f08eb848b3fffe3f8443818d3c356c66892f5be8?s=96&d=mm&r=g","contentUrl":"https:\/\/secure.gravatar.com\/avatar\/d189e01678f06d8eb84d4e01f08eb848b3fffe3f8443818d3c356c66892f5be8?s=96&d=mm&r=g","caption":"Ag\u00eancia iNFRA"},"url":"https:\/\/agenciainfra.com\/blog\/author\/admin\/"}]}},"_links":{"self":[{"href":"https:\/\/agenciainfra.com\/blog\/wp-json\/wp\/v2\/posts\/12293","targetHints":{"allow":["GET"]}}],"collection":[{"href":"https:\/\/agenciainfra.com\/blog\/wp-json\/wp\/v2\/posts"}],"about":[{"href":"https:\/\/agenciainfra.com\/blog\/wp-json\/wp\/v2\/types\/post"}],"author":[{"embeddable":true,"href":"https:\/\/agenciainfra.com\/blog\/wp-json\/wp\/v2\/users\/1"}],"replies":[{"embeddable":true,"href":"https:\/\/agenciainfra.com\/blog\/wp-json\/wp\/v2\/comments?post=12293"}],"version-history":[{"count":0,"href":"https:\/\/agenciainfra.com\/blog\/wp-json\/wp\/v2\/posts\/12293\/revisions"}],"wp:featuredmedia":[{"embeddable":true,"href":"https:\/\/agenciainfra.com\/blog\/wp-json\/wp\/v2\/media\/10919"}],"wp:attachment":[{"href":"https:\/\/agenciainfra.com\/blog\/wp-json\/wp\/v2\/media?parent=12293"}],"wp:term":[{"taxonomy":"category","embeddable":true,"href":"https:\/\/agenciainfra.com\/blog\/wp-json\/wp\/v2\/categories?post=12293"},{"taxonomy":"post_tag","embeddable":true,"href":"https:\/\/agenciainfra.com\/blog\/wp-json\/wp\/v2\/tags?post=12293"}],"curies":[{"name":"wp","href":"https:\/\/api.w.org\/{rel}","templated":true}]}}