{"id":12295,"date":"2023-03-06T09:00:00","date_gmt":"2023-03-06T12:00:00","guid":{"rendered":"https:\/\/www.agenciainfra.com\/blog\/?p=12295"},"modified":"2023-03-03T11:08:18","modified_gmt":"2023-03-03T14:08:18","slug":"ministro-cancela-agenda-com-governo-do-parana-que-anunciaria-solucao-para-concessao-de-rodovias","status":"publish","type":"post","link":"https:\/\/agenciainfra.com\/blog\/ministro-cancela-agenda-com-governo-do-parana-que-anunciaria-solucao-para-concessao-de-rodovias\/","title":{"rendered":"Ministro cancela agenda com governo do Paran\u00e1 que anunciaria solu\u00e7\u00e3o para concess\u00e3o de rodovias"},"content":{"rendered":"\n<p class=\"has-text-align-right\"><strong>Jenifer Ribeiro e Dimmi Amora, da Ag\u00eancia iNFRA<\/strong><\/p>\n\n\n\n<p>Foi cancelado o encontro entre os governos federal e\u00a0do\u00a0Paran\u00e1 para\u00a0anunciar a\u00a0solu\u00e7\u00e3o\u00a0acordada\u00a0para\u00a0destravar as concess\u00f5es de rodovias\u00a0do\u00a0estado. O governador,\u00a0Ratinho J\u00fanior, e o\u00a0ministro\u00a0dos Transportes, Renan Filho, iriam se encontrar na \u00faltima sexta-feira (3), na sede\u00a0do\u00a0governo\u00a0paranaense. A agenda deve ser remarcada, segundo\u00a0informou a assessoria\u00a0do\u00a0governo\u00a0do\u00a0Paran\u00e1, &#8220;conforme disponibilidade\u00a0do\u00a0ministro&#8221;.<br><br>A\u00a0solu\u00e7\u00e3o\u00a0que\u00a0seria apresentada\u00a0foi costurada ao longo\u00a0do\u00a0m\u00eas passado por t\u00e9cnicos dos dois governos e passa por suavizar o mecanismo de aporte de recursos numa conta vinculada, o\u00a0que\u00a0deve ter como consequ\u00eancia um valor de tarifa-teto\u00a0para\u00a0leil\u00e3o um pouco mais baixo\u00a0que\u00a0as estimativas\u00a0do\u00a0projeto aprovado ano passado pelo TCU (Tribunal de Contas da Uni\u00e3o).<br><br>Adicionalmente, pode tamb\u00e9m ampliar o n\u00famero de participantes na disputa dos dois lotes de rodovias\u00a0que\u00a0devem ser levados a disputa ainda neste semestre, j\u00e1\u00a0que\u00a0tende a reduzir as exig\u00eancias de capital inicial e estimular empresas de menor porte a entrar na competi\u00e7\u00e3o.<br><br>Na \u00faltima quarta-feira (1\u00ba) houve reuni\u00e3o entre o\u00a0ministro\u00a0Renan Filho e o secret\u00e1rio estadual de Infraestrutura e Log\u00edstica, Fernando Furiatti, com a presen\u00e7a\u00a0do\u00a0novo secret\u00e1rio de Infraestrutura e Log\u00edstica anunciado, Sandro Alex. De acordo com Furiatti, nesse encontro foi apresentada a vers\u00e3o finalizada\u00a0do\u00a0edital das concess\u00f5es de rodovias\u00a0do\u00a0Paran\u00e1, cujos investimentos est\u00e3o estimados,\u00a0para\u00a0os dois lotes, em quase R$ 20 bilh\u00f5es.<br><br>Pelo modelo proposto pelo antigo Minist\u00e9rio da Infraestrutura, a concession\u00e1ria vencedora teria\u00a0que\u00a0fazer um aporte financeiro proporcional ao desconto dado no valor da tarifa de ped\u00e1gio numa conta vinculada ao contrato no in\u00edcio da\u00a0concess\u00e3o. Ou seja, quanto maior for o desconto na tarifa, maior ser\u00e1 o valor a ser depositado pela empresa vencedora.<br><br>Foi a f\u00f3rmula encontrada pela gest\u00e3o anterior\u00a0para\u00a0substituir o mecanismo\u00a0que\u00a0passou a ser usado nas concess\u00f5es federais como forma de impedir\u00a0que\u00a0descontos agressivos no leil\u00e3o criassem problemas de caixa futuro\u00a0para\u00a0a concession\u00e1ria,\u00a0que, em concess\u00f5es anteriores, resultaram em problemas\u00a0para\u00a0a execu\u00e7\u00e3o dos investimentos obrigat\u00f3rios\u00a0do\u00a0contrato. Bancos se recusavam a financiar as empresas vencedoras, indicando falta de gera\u00e7\u00e3o de caixa\u00a0para\u00a0pagar o empr\u00e9stimo.<br><br>O mecanismo federal \u00e9 limitar o des\u00e1gio sobre a tarifa-teto\u00a0do\u00a0leil\u00e3o a algo entre 18% e 12% e cobrar outorga\u00a0do\u00a0vencedor nos casos em\u00a0que\u00a0mais de uma empresa d\u00ea o desconto m\u00e1ximo na tarifa. Mas, politicamente, essa proposta n\u00e3o agradou a diferentes setores da sociedade\u00a0do\u00a0Paran\u00e1.<br><br>Como parte das rodovias s\u00e3o estaduais, o\u00a0governo\u00a0local pediu as mudan\u00e7as,\u00a0que\u00a0resultaram no modelo aprovado ano passado, sem o limite\u00a0para\u00a0desconto na tarifa-teto. Mas, ainda assim, os deputados de oposi\u00e7\u00e3o local, ligados ao PT,\u00a0que\u00a0venceu a elei\u00e7\u00e3o federal, ainda queriam mais mudan\u00e7as\u00a0para\u00a0reduzir ainda mais o valor\u00a0do\u00a0ped\u00e1gio. O\u00a0governo\u00a0local, no entanto, n\u00e3o apoiou mais mudan\u00e7as por temer\u00a0que\u00a0junto viesse redu\u00e7\u00e3o nas obras previstas.<br><br><strong>Custo dos empr\u00e9stimos<\/strong><br>Entre os t\u00e9cnicos\u00a0do\u00a0governo\u00a0federal\u00a0que\u00a0trabalham no projeto, a tarifa de sa\u00edda das concess\u00f5es paranaenses j\u00e1 \u00e9 considerada das mais baixas, entre R$ 0,10 e R$ 0,11 por quil\u00f4metro, contra uma m\u00e9dia de R$ 0,15 a 0,19 das concess\u00f5es mais recentes. Se houver desconto no ped\u00e1gio, elas podem cair ainda mais.<br><br>A expectativa \u00e9\u00a0que\u00a0a suaviza\u00e7\u00e3o da curva de aporte, cujos detalhes ainda ser\u00e3o apresentados, poder\u00e1 resultar em maior participa\u00e7\u00e3o de concorrentes pela menor necessidade de levantar capital antes da\u00a0concess\u00e3o, num momento em\u00a0que\u00a0os custos de empr\u00e9stimos est\u00e3o elevados. Com isso, a expectativa \u00e9 por descontos mais agressivos na disputa.<br><br>No entanto, agentes\u00a0do\u00a0mercado alertam\u00a0que\u00a0o custo atual dos empr\u00e9stimos e o alto volume de recursos\u00a0que\u00a0v\u00e1rias concession\u00e1rias j\u00e1 se comprometeram a pegar\u00a0para\u00a0fazer investimentos de leil\u00f5es anteriores pode reduzir o apetite por leil\u00f5es ao longo deste ano.<br><br><strong>Proposta paranaense<\/strong><br>O secret\u00e1rio Furiatti refor\u00e7ou em entrevista\u00a0que\u00a0acha\u00a0que\u00a0o aporte diminui a competitividade\u00a0do\u00a0leil\u00e3o, por isso apresentou \u00e0 Uni\u00e3o a redu\u00e7\u00e3o da curva de aporte. No in\u00edcio\u00a0do\u00a0ano ele tamb\u00e9m havia dito\u00a0que\u00a0o parcelamento\u00a0do\u00a0dep\u00f3sito era uma possibilidade.<br><br>Em documento (acesse\u00a0<a rel=\"noreferrer noopener\" href=\"https:\/\/agenciainfra.us14.list-manage.com\/track\/click?u=d460dd1bcf9ba0ae040e1fc0f&amp;id=6713d8246f&amp;e=f0fa444791\" target=\"_blank\">aqui<\/a>) encaminhado ao\u00a0ministro\u00a0dos Transportes, Renan Filho, a Frente Parlamentar Sobre o Ped\u00e1gio no\u00a0Paran\u00e1, da Assembleia Legislativa\u00a0do\u00a0Paran\u00e1, apresentou uma alternativa\u00a0para\u00a0a n\u00e3o retirada\u00a0do\u00a0aporte financeiro da\u00a0concess\u00e3o\u00a0de rodovias\u00a0do\u00a0estado.<br><br>Foi pedido, caso o edital preveja o aporte,\u00a0que\u00a0o dep\u00f3sito seja feito somente ap\u00f3s o desconto na tarifa de ped\u00e1gio chegar a 40%. Nesse caso, os deputados sugerem\u00a0que, de 41% at\u00e9 50% de des\u00e1gio no leil\u00e3o, seja feito um aporte de R$ 5 milh\u00f5es por ponto percentual; de 51% a 60%, seja feito um dep\u00f3sito de R$ 10 milh\u00f5es por ponto percentual; e ap\u00f3s 60% de desconto, o aporte seja de R$ 15 milh\u00f5es por ponto percentual.<br><br>No entanto, o deputado estadual Arilson Chiorato (PT), coordenador da frente parlamentar, disse \u00e0\u00a0<strong>Ag\u00eancia iNFRA<\/strong>\u00a0que\u00a0\u00e9 \u201ctotalmente contra o aporte\u201d e\u00a0que\u00a0essa sugest\u00e3o \u00e9 uma forma de \u201catenuar danos\u201d. Isso porque os parlamentares\u00a0que\u00a0integram a frente entendem\u00a0que\u00a0o aporte financeiro \u00e9 uma decis\u00e3o pol\u00edtica sem comprova\u00e7\u00e3o de efici\u00eancia e\u00a0que\u00a0n\u00e3o garante a execu\u00e7\u00e3o das obras, e, ao inv\u00e9s de diminuir a tarifa de ped\u00e1gio, como era prometido pelo ent\u00e3o Minist\u00e9rio da Infraestrutura, vai aumentar o valor.<br><br><strong>Investimentos ser\u00e3o feitos<\/strong><br>Fontes ligadas \u00e0 base aliada\u00a0do\u00a0governo\u00a0do\u00a0Paran\u00e1\u00a0disseram\u00a0que\u00a0n\u00e3o houve nenhuma sinaliza\u00e7\u00e3o por parte\u00a0do\u00a0ministro\u00a0de\u00a0que\u00a0o aporte ser\u00e1 retirado da modelagem e por isso acreditam\u00a0que\u00a0o dep\u00f3sito vai continuar existindo, mas talvez em valores menores. Elas tamb\u00e9m desaprovam a sugest\u00e3o dada pelos deputados estaduais, porque a alternativa de permitir aporte ap\u00f3s um desconto de 40% dificilmente seria colocada em pr\u00e1tica por acharem pouco prov\u00e1vel\u00a0que\u00a0os des\u00e1gios sejam t\u00e3o altos.<br><br>O Minist\u00e9rio dos Transportes garante\u00a0que\u00a0os investimentos necess\u00e1rios ser\u00e3o feitos, mesmo com a suaviza\u00e7\u00e3o da curva. Os demais pedidos feitos pela frente parlamentar, como garantir\u00a0que\u00a0os investimentos propostos sejam realizados, a elimina\u00e7\u00e3o da cobran\u00e7a\u00a0para\u00a0um fundo de risco cambial e a redu\u00e7\u00e3o da carga tribut\u00e1ria conforme o Projeto de Lei 1.712\/2022 \u2013\u00a0que\u00a0disp\u00f5e\u00a0que\u00a0novas concess\u00f5es se enquadrem em regime especial tribut\u00e1rio e\u00a0que\u00a0todos os tributos federais sejam substitu\u00eddos por uma tarifa \u00fanica de 4% \u2013, est\u00e3o alinhados com a vis\u00e3o\u00a0do\u00a0governo\u00a0estadual.<\/p>\n","protected":false},"excerpt":{"rendered":"<p>Jenifer Ribeiro e Dimmi Amora, da Ag\u00eancia iNFRA Foi cancelado o encontro entre os governos federal e\u00a0do\u00a0Paran\u00e1 para\u00a0anunciar a\u00a0solu\u00e7\u00e3o\u00a0acordada\u00a0para\u00a0destravar as concess\u00f5es de rodovias\u00a0do\u00a0estado. O governador,\u00a0Ratinho J\u00fanior, e o\u00a0ministro\u00a0dos Transportes, Renan Filho, iriam se encontrar na \u00faltima sexta-feira (3), na sede\u00a0do\u00a0governo\u00a0paranaense. A agenda deve ser remarcada, segundo\u00a0informou a assessoria\u00a0do\u00a0governo\u00a0do\u00a0Paran\u00e1, &#8220;conforme disponibilidade\u00a0do\u00a0ministro&#8221;. A\u00a0solu\u00e7\u00e3o\u00a0que\u00a0seria apresentada\u00a0foi costurada ao longo\u00a0do\u00a0m\u00eas [&hellip;]<\/p>\n","protected":false},"author":1,"featured_media":12297,"comment_status":"closed","ping_status":"closed","sticky":false,"template":"","format":"standard","meta":{"_monsterinsights_skip_tracking":false,"_monsterinsights_sitenote_active":false,"_monsterinsights_sitenote_note":"","_monsterinsights_sitenote_category":0,"footnotes":""},"categories":[7],"tags":[6447,6450,22,6263,32,254,620,796,6248,126,6448,6449,18],"class_list":["post-12295","post","type-post","status-publish","format-standard","has-post-thumbnail","hentry","category-infratransporte","tag-aporte","tag-arilson-chiorato","tag-concessao","tag-fernando-furiatti","tag-investimentos","tag-leilao","tag-parana","tag-ratinho-junior","tag-renan-filho","tag-rodovias","tag-sandro-alex","tag-tarifa-teto","tag-tcu"],"yoast_head":"<!-- This site is optimized with the Yoast SEO Premium plugin v25.4 (Yoast SEO v26.0) - https:\/\/yoast.com\/wordpress\/plugins\/seo\/ -->\n<title>Ministro cancela agenda com governo do Paran\u00e1 que anunciaria solu\u00e7\u00e3o para concess\u00e3o de rodovias - Ag\u00eancia iNFRA<\/title>\n<meta name=\"robots\" content=\"index, follow, max-snippet:-1, max-image-preview:large, max-video-preview:-1\" \/>\n<link rel=\"canonical\" href=\"https:\/\/agenciainfra.com\/blog\/ministro-cancela-agenda-com-governo-do-parana-que-anunciaria-solucao-para-concessao-de-rodovias\/\" \/>\n<meta property=\"og:locale\" content=\"pt_BR\" \/>\n<meta property=\"og:type\" content=\"article\" \/>\n<meta property=\"og:title\" content=\"Ministro cancela agenda com governo do Paran\u00e1 que anunciaria solu\u00e7\u00e3o para concess\u00e3o de rodovias\" \/>\n<meta property=\"og:description\" content=\"Jenifer Ribeiro e Dimmi Amora, da Ag\u00eancia iNFRA Foi cancelado o encontro entre os governos federal e\u00a0do\u00a0Paran\u00e1 para\u00a0anunciar a\u00a0solu\u00e7\u00e3o\u00a0acordada\u00a0para\u00a0destravar as concess\u00f5es de rodovias\u00a0do\u00a0estado. O governador,\u00a0Ratinho J\u00fanior, e o\u00a0ministro\u00a0dos Transportes, Renan Filho, iriam se encontrar na \u00faltima sexta-feira (3), na sede\u00a0do\u00a0governo\u00a0paranaense. A agenda deve ser remarcada, segundo\u00a0informou a assessoria\u00a0do\u00a0governo\u00a0do\u00a0Paran\u00e1, &#8220;conforme disponibilidade\u00a0do\u00a0ministro&#8221;. A\u00a0solu\u00e7\u00e3o\u00a0que\u00a0seria apresentada\u00a0foi costurada ao longo\u00a0do\u00a0m\u00eas [&hellip;]\" \/>\n<meta property=\"og:url\" content=\"https:\/\/agenciainfra.com\/blog\/ministro-cancela-agenda-com-governo-do-parana-que-anunciaria-solucao-para-concessao-de-rodovias\/\" \/>\n<meta property=\"og:site_name\" content=\"Ag\u00eancia iNFRA\" \/>\n<meta property=\"article:publisher\" content=\"https:\/\/www.facebook.com\/ageninfra\" \/>\n<meta property=\"article:published_time\" content=\"2023-03-06T12:00:00+00:00\" \/>\n<meta property=\"og:image\" content=\"https:\/\/agenciainfra.com\/blog\/wp-content\/uploads\/2023\/03\/renan-filho-foto-marcelo-camargo-agencia-brasil-1-scaled.jpg\" \/>\n\t<meta property=\"og:image:width\" content=\"2560\" \/>\n\t<meta property=\"og:image:height\" content=\"1707\" \/>\n\t<meta property=\"og:image:type\" content=\"image\/jpeg\" \/>\n<meta name=\"author\" content=\"Ag\u00eancia iNFRA\" \/>\n<meta name=\"twitter:card\" content=\"summary_large_image\" \/>\n<meta name=\"twitter:creator\" content=\"@agencia_infra\" \/>\n<meta name=\"twitter:site\" content=\"@agencia_infra\" \/>\n<meta name=\"twitter:label1\" content=\"Escrito por\" \/>\n\t<meta name=\"twitter:data1\" content=\"Ag\u00eancia iNFRA\" \/>\n\t<meta name=\"twitter:label2\" content=\"Est. tempo de leitura\" \/>\n\t<meta name=\"twitter:data2\" content=\"6 minutos\" \/>\n<script type=\"application\/ld+json\" class=\"yoast-schema-graph\">{\"@context\":\"https:\/\/schema.org\",\"@graph\":[{\"@type\":\"Article\",\"@id\":\"https:\/\/agenciainfra.com\/blog\/ministro-cancela-agenda-com-governo-do-parana-que-anunciaria-solucao-para-concessao-de-rodovias\/#article\",\"isPartOf\":{\"@id\":\"https:\/\/agenciainfra.com\/blog\/ministro-cancela-agenda-com-governo-do-parana-que-anunciaria-solucao-para-concessao-de-rodovias\/\"},\"author\":{\"name\":\"Ag\u00eancia iNFRA\",\"@id\":\"https:\/\/agenciainfra.com\/blog\/#\/schema\/person\/34af08dff6adea4cb22b06612ba7acfa\"},\"headline\":\"Ministro cancela agenda com governo do Paran\u00e1 que anunciaria solu\u00e7\u00e3o para concess\u00e3o de rodovias\",\"datePublished\":\"2023-03-06T12:00:00+00:00\",\"mainEntityOfPage\":{\"@id\":\"https:\/\/agenciainfra.com\/blog\/ministro-cancela-agenda-com-governo-do-parana-que-anunciaria-solucao-para-concessao-de-rodovias\/\"},\"wordCount\":1166,\"publisher\":{\"@id\":\"https:\/\/agenciainfra.com\/blog\/#organization\"},\"image\":{\"@id\":\"https:\/\/agenciainfra.com\/blog\/ministro-cancela-agenda-com-governo-do-parana-que-anunciaria-solucao-para-concessao-de-rodovias\/#primaryimage\"},\"thumbnailUrl\":\"https:\/\/agenciainfra.com\/blog\/wp-content\/uploads\/2023\/03\/renan-filho-foto-marcelo-camargo-agencia-brasil-1-scaled.jpg\",\"keywords\":[\"aporte\",\"Arilson Chiorato\",\"Concess\u00e3o\",\"Fernando Furiatti\",\"Investimentos\",\"leil\u00e3o\",\"Paran\u00e1\",\"Ratinho J\u00fanior\",\"Renan Filho\",\"rodovias\",\"Sandro Alex\",\"tarifa-teto\",\"TCU\"],\"articleSection\":[\"iNFRATransporte\"],\"inLanguage\":\"pt-BR\",\"copyrightYear\":\"2023\",\"copyrightHolder\":{\"@id\":\"https:\/\/agenciainfra.com\/blog\/#organization\"}},{\"@type\":\"WebPage\",\"@id\":\"https:\/\/agenciainfra.com\/blog\/ministro-cancela-agenda-com-governo-do-parana-que-anunciaria-solucao-para-concessao-de-rodovias\/\",\"url\":\"https:\/\/agenciainfra.com\/blog\/ministro-cancela-agenda-com-governo-do-parana-que-anunciaria-solucao-para-concessao-de-rodovias\/\",\"name\":\"Ministro cancela agenda com governo do Paran\u00e1 que anunciaria solu\u00e7\u00e3o para concess\u00e3o de rodovias - Ag\u00eancia iNFRA\",\"isPartOf\":{\"@id\":\"https:\/\/agenciainfra.com\/blog\/#website\"},\"primaryImageOfPage\":{\"@id\":\"https:\/\/agenciainfra.com\/blog\/ministro-cancela-agenda-com-governo-do-parana-que-anunciaria-solucao-para-concessao-de-rodovias\/#primaryimage\"},\"image\":{\"@id\":\"https:\/\/agenciainfra.com\/blog\/ministro-cancela-agenda-com-governo-do-parana-que-anunciaria-solucao-para-concessao-de-rodovias\/#primaryimage\"},\"thumbnailUrl\":\"https:\/\/agenciainfra.com\/blog\/wp-content\/uploads\/2023\/03\/renan-filho-foto-marcelo-camargo-agencia-brasil-1-scaled.jpg\",\"datePublished\":\"2023-03-06T12:00:00+00:00\",\"breadcrumb\":{\"@id\":\"https:\/\/agenciainfra.com\/blog\/ministro-cancela-agenda-com-governo-do-parana-que-anunciaria-solucao-para-concessao-de-rodovias\/#breadcrumb\"},\"inLanguage\":\"pt-BR\",\"potentialAction\":[{\"@type\":\"ReadAction\",\"target\":[\"https:\/\/agenciainfra.com\/blog\/ministro-cancela-agenda-com-governo-do-parana-que-anunciaria-solucao-para-concessao-de-rodovias\/\"]}]},{\"@type\":\"ImageObject\",\"inLanguage\":\"pt-BR\",\"@id\":\"https:\/\/agenciainfra.com\/blog\/ministro-cancela-agenda-com-governo-do-parana-que-anunciaria-solucao-para-concessao-de-rodovias\/#primaryimage\",\"url\":\"https:\/\/agenciainfra.com\/blog\/wp-content\/uploads\/2023\/03\/renan-filho-foto-marcelo-camargo-agencia-brasil-1-scaled.jpg\",\"contentUrl\":\"https:\/\/agenciainfra.com\/blog\/wp-content\/uploads\/2023\/03\/renan-filho-foto-marcelo-camargo-agencia-brasil-1-scaled.jpg\",\"width\":2560,\"height\":1707,\"caption\":\"O ministro dos Transportes, Renan Filho, assume o cargo em solenidade de transmiss\u00e3o no minist\u00e9rio.\"},{\"@type\":\"BreadcrumbList\",\"@id\":\"https:\/\/agenciainfra.com\/blog\/ministro-cancela-agenda-com-governo-do-parana-que-anunciaria-solucao-para-concessao-de-rodovias\/#breadcrumb\",\"itemListElement\":[{\"@type\":\"ListItem\",\"position\":1,\"name\":\"In\u00edcio\",\"item\":\"https:\/\/agenciainfra.com\/blog\/\"},{\"@type\":\"ListItem\",\"position\":2,\"name\":\"Ministro cancela agenda com governo do Paran\u00e1 que anunciaria solu\u00e7\u00e3o para concess\u00e3o de rodovias\"}]},{\"@type\":\"WebSite\",\"@id\":\"https:\/\/agenciainfra.com\/blog\/#website\",\"url\":\"https:\/\/agenciainfra.com\/blog\/\",\"name\":\"Ag\u00eancia iNFRA\",\"description\":\"Multiplataforma de informa\u00e7\u00e3o jornal\u00edstica refer\u00eancia na \u00e1rea de infraestrutura no Brasil!\",\"publisher\":{\"@id\":\"https:\/\/agenciainfra.com\/blog\/#organization\"},\"potentialAction\":[{\"@type\":\"SearchAction\",\"target\":{\"@type\":\"EntryPoint\",\"urlTemplate\":\"https:\/\/agenciainfra.com\/blog\/?s={search_term_string}\"},\"query-input\":{\"@type\":\"PropertyValueSpecification\",\"valueRequired\":true,\"valueName\":\"search_term_string\"}}],\"inLanguage\":\"pt-BR\"},{\"@type\":\"Organization\",\"@id\":\"https:\/\/agenciainfra.com\/blog\/#organization\",\"name\":\"Ag\u00eancia iNFRA\",\"url\":\"https:\/\/agenciainfra.com\/blog\/\",\"logo\":{\"@type\":\"ImageObject\",\"inLanguage\":\"pt-BR\",\"@id\":\"https:\/\/agenciainfra.com\/blog\/#\/schema\/logo\/image\/\",\"url\":\"https:\/\/agenciainfra.com\/blog\/wp-content\/uploads\/2023\/09\/iNFRA_5-e1761735885940.png\",\"contentUrl\":\"https:\/\/agenciainfra.com\/blog\/wp-content\/uploads\/2023\/09\/iNFRA_5-e1761735885940.png\",\"width\":1672,\"height\":454,\"caption\":\"Ag\u00eancia iNFRA\"},\"image\":{\"@id\":\"https:\/\/agenciainfra.com\/blog\/#\/schema\/logo\/image\/\"},\"sameAs\":[\"https:\/\/www.facebook.com\/ageninfra\",\"https:\/\/x.com\/agencia_infra\",\"https:\/\/www.linkedin.com\/company\/ag\u00eanciainfra\/\",\"https:\/\/www.instagram.com\/agenciainfra\/\"]},{\"@type\":\"Person\",\"@id\":\"https:\/\/agenciainfra.com\/blog\/#\/schema\/person\/34af08dff6adea4cb22b06612ba7acfa\",\"name\":\"Ag\u00eancia iNFRA\",\"image\":{\"@type\":\"ImageObject\",\"inLanguage\":\"pt-BR\",\"@id\":\"https:\/\/agenciainfra.com\/blog\/#\/schema\/person\/image\/\",\"url\":\"https:\/\/secure.gravatar.com\/avatar\/d189e01678f06d8eb84d4e01f08eb848b3fffe3f8443818d3c356c66892f5be8?s=96&d=mm&r=g\",\"contentUrl\":\"https:\/\/secure.gravatar.com\/avatar\/d189e01678f06d8eb84d4e01f08eb848b3fffe3f8443818d3c356c66892f5be8?s=96&d=mm&r=g\",\"caption\":\"Ag\u00eancia iNFRA\"},\"url\":\"https:\/\/agenciainfra.com\/blog\/author\/admin\/\"}]}<\/script>\n<!-- \/ Yoast SEO Premium plugin. -->","yoast_head_json":{"title":"Ministro cancela agenda com governo do Paran\u00e1 que anunciaria solu\u00e7\u00e3o para concess\u00e3o de rodovias - Ag\u00eancia iNFRA","robots":{"index":"index","follow":"follow","max-snippet":"max-snippet:-1","max-image-preview":"max-image-preview:large","max-video-preview":"max-video-preview:-1"},"canonical":"https:\/\/agenciainfra.com\/blog\/ministro-cancela-agenda-com-governo-do-parana-que-anunciaria-solucao-para-concessao-de-rodovias\/","og_locale":"pt_BR","og_type":"article","og_title":"Ministro cancela agenda com governo do Paran\u00e1 que anunciaria solu\u00e7\u00e3o para concess\u00e3o de rodovias","og_description":"Jenifer Ribeiro e Dimmi Amora, da Ag\u00eancia iNFRA Foi cancelado o encontro entre os governos federal e\u00a0do\u00a0Paran\u00e1 para\u00a0anunciar a\u00a0solu\u00e7\u00e3o\u00a0acordada\u00a0para\u00a0destravar as concess\u00f5es de rodovias\u00a0do\u00a0estado. O governador,\u00a0Ratinho J\u00fanior, e o\u00a0ministro\u00a0dos Transportes, Renan Filho, iriam se encontrar na \u00faltima sexta-feira (3), na sede\u00a0do\u00a0governo\u00a0paranaense. A agenda deve ser remarcada, segundo\u00a0informou a assessoria\u00a0do\u00a0governo\u00a0do\u00a0Paran\u00e1, &#8220;conforme disponibilidade\u00a0do\u00a0ministro&#8221;. A\u00a0solu\u00e7\u00e3o\u00a0que\u00a0seria apresentada\u00a0foi costurada ao longo\u00a0do\u00a0m\u00eas [&hellip;]","og_url":"https:\/\/agenciainfra.com\/blog\/ministro-cancela-agenda-com-governo-do-parana-que-anunciaria-solucao-para-concessao-de-rodovias\/","og_site_name":"Ag\u00eancia iNFRA","article_publisher":"https:\/\/www.facebook.com\/ageninfra","article_published_time":"2023-03-06T12:00:00+00:00","og_image":[{"width":2560,"height":1707,"url":"https:\/\/agenciainfra.com\/blog\/wp-content\/uploads\/2023\/03\/renan-filho-foto-marcelo-camargo-agencia-brasil-1-scaled.jpg","type":"image\/jpeg"}],"author":"Ag\u00eancia iNFRA","twitter_card":"summary_large_image","twitter_creator":"@agencia_infra","twitter_site":"@agencia_infra","twitter_misc":{"Escrito por":"Ag\u00eancia iNFRA","Est. tempo de leitura":"6 minutos"},"schema":{"@context":"https:\/\/schema.org","@graph":[{"@type":"Article","@id":"https:\/\/agenciainfra.com\/blog\/ministro-cancela-agenda-com-governo-do-parana-que-anunciaria-solucao-para-concessao-de-rodovias\/#article","isPartOf":{"@id":"https:\/\/agenciainfra.com\/blog\/ministro-cancela-agenda-com-governo-do-parana-que-anunciaria-solucao-para-concessao-de-rodovias\/"},"author":{"name":"Ag\u00eancia iNFRA","@id":"https:\/\/agenciainfra.com\/blog\/#\/schema\/person\/34af08dff6adea4cb22b06612ba7acfa"},"headline":"Ministro cancela agenda com governo do Paran\u00e1 que anunciaria solu\u00e7\u00e3o para concess\u00e3o de rodovias","datePublished":"2023-03-06T12:00:00+00:00","mainEntityOfPage":{"@id":"https:\/\/agenciainfra.com\/blog\/ministro-cancela-agenda-com-governo-do-parana-que-anunciaria-solucao-para-concessao-de-rodovias\/"},"wordCount":1166,"publisher":{"@id":"https:\/\/agenciainfra.com\/blog\/#organization"},"image":{"@id":"https:\/\/agenciainfra.com\/blog\/ministro-cancela-agenda-com-governo-do-parana-que-anunciaria-solucao-para-concessao-de-rodovias\/#primaryimage"},"thumbnailUrl":"https:\/\/agenciainfra.com\/blog\/wp-content\/uploads\/2023\/03\/renan-filho-foto-marcelo-camargo-agencia-brasil-1-scaled.jpg","keywords":["aporte","Arilson Chiorato","Concess\u00e3o","Fernando Furiatti","Investimentos","leil\u00e3o","Paran\u00e1","Ratinho J\u00fanior","Renan Filho","rodovias","Sandro Alex","tarifa-teto","TCU"],"articleSection":["iNFRATransporte"],"inLanguage":"pt-BR","copyrightYear":"2023","copyrightHolder":{"@id":"https:\/\/agenciainfra.com\/blog\/#organization"}},{"@type":"WebPage","@id":"https:\/\/agenciainfra.com\/blog\/ministro-cancela-agenda-com-governo-do-parana-que-anunciaria-solucao-para-concessao-de-rodovias\/","url":"https:\/\/agenciainfra.com\/blog\/ministro-cancela-agenda-com-governo-do-parana-que-anunciaria-solucao-para-concessao-de-rodovias\/","name":"Ministro cancela agenda com governo do Paran\u00e1 que anunciaria solu\u00e7\u00e3o para concess\u00e3o de rodovias - Ag\u00eancia iNFRA","isPartOf":{"@id":"https:\/\/agenciainfra.com\/blog\/#website"},"primaryImageOfPage":{"@id":"https:\/\/agenciainfra.com\/blog\/ministro-cancela-agenda-com-governo-do-parana-que-anunciaria-solucao-para-concessao-de-rodovias\/#primaryimage"},"image":{"@id":"https:\/\/agenciainfra.com\/blog\/ministro-cancela-agenda-com-governo-do-parana-que-anunciaria-solucao-para-concessao-de-rodovias\/#primaryimage"},"thumbnailUrl":"https:\/\/agenciainfra.com\/blog\/wp-content\/uploads\/2023\/03\/renan-filho-foto-marcelo-camargo-agencia-brasil-1-scaled.jpg","datePublished":"2023-03-06T12:00:00+00:00","breadcrumb":{"@id":"https:\/\/agenciainfra.com\/blog\/ministro-cancela-agenda-com-governo-do-parana-que-anunciaria-solucao-para-concessao-de-rodovias\/#breadcrumb"},"inLanguage":"pt-BR","potentialAction":[{"@type":"ReadAction","target":["https:\/\/agenciainfra.com\/blog\/ministro-cancela-agenda-com-governo-do-parana-que-anunciaria-solucao-para-concessao-de-rodovias\/"]}]},{"@type":"ImageObject","inLanguage":"pt-BR","@id":"https:\/\/agenciainfra.com\/blog\/ministro-cancela-agenda-com-governo-do-parana-que-anunciaria-solucao-para-concessao-de-rodovias\/#primaryimage","url":"https:\/\/agenciainfra.com\/blog\/wp-content\/uploads\/2023\/03\/renan-filho-foto-marcelo-camargo-agencia-brasil-1-scaled.jpg","contentUrl":"https:\/\/agenciainfra.com\/blog\/wp-content\/uploads\/2023\/03\/renan-filho-foto-marcelo-camargo-agencia-brasil-1-scaled.jpg","width":2560,"height":1707,"caption":"O ministro dos Transportes, Renan Filho, assume o cargo em solenidade de transmiss\u00e3o no minist\u00e9rio."},{"@type":"BreadcrumbList","@id":"https:\/\/agenciainfra.com\/blog\/ministro-cancela-agenda-com-governo-do-parana-que-anunciaria-solucao-para-concessao-de-rodovias\/#breadcrumb","itemListElement":[{"@type":"ListItem","position":1,"name":"In\u00edcio","item":"https:\/\/agenciainfra.com\/blog\/"},{"@type":"ListItem","position":2,"name":"Ministro cancela agenda com governo do Paran\u00e1 que anunciaria solu\u00e7\u00e3o para concess\u00e3o de rodovias"}]},{"@type":"WebSite","@id":"https:\/\/agenciainfra.com\/blog\/#website","url":"https:\/\/agenciainfra.com\/blog\/","name":"Ag\u00eancia iNFRA","description":"Multiplataforma de informa\u00e7\u00e3o jornal\u00edstica refer\u00eancia na \u00e1rea de infraestrutura no Brasil!","publisher":{"@id":"https:\/\/agenciainfra.com\/blog\/#organization"},"potentialAction":[{"@type":"SearchAction","target":{"@type":"EntryPoint","urlTemplate":"https:\/\/agenciainfra.com\/blog\/?s={search_term_string}"},"query-input":{"@type":"PropertyValueSpecification","valueRequired":true,"valueName":"search_term_string"}}],"inLanguage":"pt-BR"},{"@type":"Organization","@id":"https:\/\/agenciainfra.com\/blog\/#organization","name":"Ag\u00eancia iNFRA","url":"https:\/\/agenciainfra.com\/blog\/","logo":{"@type":"ImageObject","inLanguage":"pt-BR","@id":"https:\/\/agenciainfra.com\/blog\/#\/schema\/logo\/image\/","url":"https:\/\/agenciainfra.com\/blog\/wp-content\/uploads\/2023\/09\/iNFRA_5-e1761735885940.png","contentUrl":"https:\/\/agenciainfra.com\/blog\/wp-content\/uploads\/2023\/09\/iNFRA_5-e1761735885940.png","width":1672,"height":454,"caption":"Ag\u00eancia iNFRA"},"image":{"@id":"https:\/\/agenciainfra.com\/blog\/#\/schema\/logo\/image\/"},"sameAs":["https:\/\/www.facebook.com\/ageninfra","https:\/\/x.com\/agencia_infra","https:\/\/www.linkedin.com\/company\/ag\u00eanciainfra\/","https:\/\/www.instagram.com\/agenciainfra\/"]},{"@type":"Person","@id":"https:\/\/agenciainfra.com\/blog\/#\/schema\/person\/34af08dff6adea4cb22b06612ba7acfa","name":"Ag\u00eancia iNFRA","image":{"@type":"ImageObject","inLanguage":"pt-BR","@id":"https:\/\/agenciainfra.com\/blog\/#\/schema\/person\/image\/","url":"https:\/\/secure.gravatar.com\/avatar\/d189e01678f06d8eb84d4e01f08eb848b3fffe3f8443818d3c356c66892f5be8?s=96&d=mm&r=g","contentUrl":"https:\/\/secure.gravatar.com\/avatar\/d189e01678f06d8eb84d4e01f08eb848b3fffe3f8443818d3c356c66892f5be8?s=96&d=mm&r=g","caption":"Ag\u00eancia iNFRA"},"url":"https:\/\/agenciainfra.com\/blog\/author\/admin\/"}]}},"_links":{"self":[{"href":"https:\/\/agenciainfra.com\/blog\/wp-json\/wp\/v2\/posts\/12295","targetHints":{"allow":["GET"]}}],"collection":[{"href":"https:\/\/agenciainfra.com\/blog\/wp-json\/wp\/v2\/posts"}],"about":[{"href":"https:\/\/agenciainfra.com\/blog\/wp-json\/wp\/v2\/types\/post"}],"author":[{"embeddable":true,"href":"https:\/\/agenciainfra.com\/blog\/wp-json\/wp\/v2\/users\/1"}],"replies":[{"embeddable":true,"href":"https:\/\/agenciainfra.com\/blog\/wp-json\/wp\/v2\/comments?post=12295"}],"version-history":[{"count":0,"href":"https:\/\/agenciainfra.com\/blog\/wp-json\/wp\/v2\/posts\/12295\/revisions"}],"wp:featuredmedia":[{"embeddable":true,"href":"https:\/\/agenciainfra.com\/blog\/wp-json\/wp\/v2\/media\/12297"}],"wp:attachment":[{"href":"https:\/\/agenciainfra.com\/blog\/wp-json\/wp\/v2\/media?parent=12295"}],"wp:term":[{"taxonomy":"category","embeddable":true,"href":"https:\/\/agenciainfra.com\/blog\/wp-json\/wp\/v2\/categories?post=12295"},{"taxonomy":"post_tag","embeddable":true,"href":"https:\/\/agenciainfra.com\/blog\/wp-json\/wp\/v2\/tags?post=12295"}],"curies":[{"name":"wp","href":"https:\/\/api.w.org\/{rel}","templated":true}]}}