{"id":12306,"date":"2023-03-08T09:00:00","date_gmt":"2023-03-08T12:00:00","guid":{"rendered":"https:\/\/www.agenciainfra.com\/blog\/?p=12306"},"modified":"2023-03-07T10:53:52","modified_gmt":"2023-03-07T13:53:52","slug":"emendas-a-mp-que-reestruturou-o-ppi-pedem-mais-membros-no-conselho","status":"publish","type":"post","link":"https:\/\/agenciainfra.com\/blog\/emendas-a-mp-que-reestruturou-o-ppi-pedem-mais-membros-no-conselho\/","title":{"rendered":"Emendas \u00e0 MP que reestruturou o PPI pedem mais membros no conselho"},"content":{"rendered":"\n<p class=\"has-text-align-right\"><strong>Jenifer Ribeiro, da Ag\u00eancia iNFRA<\/strong><\/p>\n\n\n\n<p>A maior parte das 22&nbsp;emendas&nbsp;apresentadas&nbsp;\u00e0&nbsp;<a href=\"https:\/\/agenciainfra.us14.list-manage.com\/track\/click?u=d460dd1bcf9ba0ae040e1fc0f&amp;id=5b4f663a8b&amp;e=f0fa444791\" target=\"_blank\" rel=\"noreferrer noopener\">MP&nbsp;(Medida Provis\u00f3ria) 1.161\/2023<\/a>,&nbsp;que&nbsp;reestruturou&nbsp;a lei&nbsp;que&nbsp;criou&nbsp;o&nbsp;PPI&nbsp;(Programa de Parcerias de Investimentos), pede a inclus\u00e3o&nbsp;de&nbsp;mais&nbsp;membros&nbsp;votantes&nbsp;no&nbsp;conselho&nbsp;do programa.<br><br>O&nbsp;normativo determina&nbsp;que&nbsp;o&nbsp;ministro da Casa Civil presida&nbsp;o&nbsp;conselho&nbsp;e&nbsp;que&nbsp;sejam&nbsp;membros&nbsp;os ministros da Integra\u00e7\u00e3o&nbsp;e do Desenvolvimento Regional, da Fazenda, dos Transportes, de Minas e Energia, do Planejamento e Or\u00e7amento, do Meio Ambiente e Mudan\u00e7a do Clima, das Cidades e de Portos e Aeroportos.<br><br>Pela&nbsp;MP, foram retirados como integrantes do&nbsp;conselho&nbsp;com direito a voto os presidentes do BNDES (Banco Nacional de Desenvolvimento Econ\u00f4mico e Social), do Banco do Brasil e da Caixa Econ\u00f4mica Federal.<br><br>Pela&nbsp;emendas&nbsp;apresentadas, os senadores e deputados&nbsp;pedem&nbsp;a inclus\u00e3o&nbsp;de&nbsp;membros&nbsp;de confedera\u00e7\u00f5es como CNT (Confedera\u00e7\u00e3o&nbsp;Nacional do Transporte), CNI (Confedera\u00e7\u00e3o&nbsp;Nacional da Ind\u00fastria), CNS (Confedera\u00e7\u00e3o&nbsp;Nacional de Servi\u00e7os), CNC (Confedera\u00e7\u00e3o&nbsp;Nacional do Com\u00e9rcio) e CNA (Confedera\u00e7\u00e3o&nbsp;da Agricultura e Pecu\u00e1ria).<br><br>A integra\u00e7\u00e3o&nbsp;de&nbsp;membros&nbsp;do Legislativo e de presidentes dos bancos&nbsp;que&nbsp;j\u00e1 compunham&nbsp;o&nbsp;conselho&nbsp;tamb\u00e9m \u00e9 um pleito dos parlamentares.&nbsp;O&nbsp;deputado Marcel Van Hattem (Novo-RS) pediu ainda&nbsp;que&nbsp;fa\u00e7am parte do&nbsp;conselho&nbsp;cinco representantes de governos estaduais e outros cinco de governos municipais, abrangendo todas as regi\u00f5es do pa\u00eds.<br><br><strong>Compet\u00eancias da ANA<\/strong><br>Outro pedido feito pelos parlamentares \u00e9 a defini\u00e7\u00e3o&nbsp;sobre a&nbsp;qual minist\u00e9rio a ANA (Ag\u00eancia Nacional de \u00c1guas) ser\u00e1 vinculada e a volta da atribui\u00e7\u00e3o&nbsp;de formula\u00e7\u00e3o&nbsp;das normas de refer\u00eancia e da gest\u00e3o&nbsp;dos recursos h\u00eddricos para a autarquia.<br><br>Essas&nbsp;emendas&nbsp;foram apresentadas pelos deputados Marcel Van Hattem e Marussa Boldrin (MDB-GO) e pelo l\u00edder da oposi\u00e7\u00e3o&nbsp;no&nbsp;Senado, Rog\u00e9rio Marinho (PL-RN). Entretanto, enquanto Van Hattem quer&nbsp;que&nbsp;o&nbsp;saneamento fique ligado ao Minist\u00e9rio das Cidades, os outros dois parlamentares&nbsp;pedem&nbsp;que&nbsp;a ANA fique vinculada ao Minist\u00e9rio da Integra\u00e7\u00e3o&nbsp;e do Desenvolvimento Regional.<br><br>No&nbsp;come\u00e7o&nbsp;do ano, em normativo editado,&nbsp;o&nbsp;governo federal retirou da ag\u00eancia reguladora a determina\u00e7\u00e3o, feita pelo Marco Legal do Saneamento B\u00e1sico, de elaborar essas normas de refer\u00eancia.<br><br>Logo ap\u00f3s a publica\u00e7\u00e3o&nbsp;do dispositivo, a Casa Civil declarou&nbsp;que&nbsp;foi uma confus\u00e3o&nbsp;e&nbsp;que&nbsp;publicaria novo decreto revogando a decis\u00e3o.&nbsp;No&nbsp;entanto, tr\u00eas meses se passaram e a ANA segue com&nbsp;o&nbsp;escopo regulat\u00f3rio indefinido. A Casa Civil informou&nbsp;que&nbsp;continua conversando com&nbsp;o&nbsp;setor de saneamento para estabelecer se a ANA realmente segue com a compet\u00eancia de elaborar as normas de refer\u00eancia para&nbsp;o&nbsp;saneamento.<br><br><strong>Transportes<\/strong><br>Cinco&nbsp;emendas&nbsp;foram assinadas pelo senador Renan Calheiros (MDB-AL), pai do ministro dos Transportes, Renan Filho. Entre as sugest\u00f5es apresentadas, ele pede&nbsp;que&nbsp;sejam destinados recursos do Faep (Fundo de Apoio&nbsp;\u00e0&nbsp;Estrutura\u00e7\u00e3o&nbsp;de Parcerias) para estudos e pesquisas voltados&nbsp;\u00e0&nbsp;moderniza\u00e7\u00e3o&nbsp;de marcos jur\u00eddicos dos setores de infraestrutura.<br><br>Outro documento pede&nbsp;que&nbsp;seja acrescido na lei um par\u00e1grafo garantindo&nbsp;que&nbsp;um dos objetivos do&nbsp;PPI&nbsp;seja&nbsp;que&nbsp;o&nbsp;Minist\u00e9rio dos Transportes atue em parceria com os demais \u00f3rg\u00e3os competentes na promo\u00e7\u00e3o&nbsp;de investimentos voltados ao fortalecimento da Pol\u00edtica Nacional de Mobilidade Urbana&nbsp;e&nbsp;que&nbsp;empreendimentos p\u00fablicos de infraestrutura baseados em fontes de energias renov\u00e1veis, com incentivos a projetos localizados em regi\u00f5es menos desenvolvidas, sejam adicionados aos projetos&nbsp;que&nbsp;integram&nbsp;o&nbsp;programa.<\/p>\n","protected":false},"excerpt":{"rendered":"<p>Jenifer Ribeiro, da Ag\u00eancia iNFRA A maior parte das 22&nbsp;emendas&nbsp;apresentadas&nbsp;\u00e0&nbsp;MP&nbsp;(Medida Provis\u00f3ria) 1.161\/2023,&nbsp;que&nbsp;reestruturou&nbsp;a lei&nbsp;que&nbsp;criou&nbsp;o&nbsp;PPI&nbsp;(Programa de Parcerias de Investimentos), pede a inclus\u00e3o&nbsp;de&nbsp;mais&nbsp;membros&nbsp;votantes&nbsp;no&nbsp;conselho&nbsp;do programa. O&nbsp;normativo determina&nbsp;que&nbsp;o&nbsp;ministro da Casa Civil presida&nbsp;o&nbsp;conselho&nbsp;e&nbsp;que&nbsp;sejam&nbsp;membros&nbsp;os ministros da Integra\u00e7\u00e3o&nbsp;e do Desenvolvimento Regional, da Fazenda, dos Transportes, de Minas e Energia, do Planejamento e Or\u00e7amento, do Meio Ambiente e Mudan\u00e7a do Clima, das Cidades e [&hellip;]<\/p>\n","protected":false},"author":1,"featured_media":12307,"comment_status":"closed","ping_status":"closed","sticky":false,"template":"","format":"standard","meta":{"_monsterinsights_skip_tracking":false,"_monsterinsights_sitenote_active":false,"_monsterinsights_sitenote_note":"","_monsterinsights_sitenote_category":0,"footnotes":""},"categories":[1,7],"tags":[],"class_list":["post-12306","post","type-post","status-publish","format-standard","has-post-thumbnail","hentry","category-geral","category-infratransporte"],"yoast_head":"<!-- This site is optimized with the Yoast SEO Premium plugin v25.4 (Yoast SEO v26.0) - https:\/\/yoast.com\/wordpress\/plugins\/seo\/ -->\n<title>Emendas \u00e0 MP que reestruturou o PPI pedem mais membros no conselho - Ag\u00eancia iNFRA<\/title>\n<meta name=\"robots\" content=\"index, follow, max-snippet:-1, max-image-preview:large, max-video-preview:-1\" \/>\n<link rel=\"canonical\" href=\"https:\/\/agenciainfra.com\/blog\/emendas-a-mp-que-reestruturou-o-ppi-pedem-mais-membros-no-conselho\/\" \/>\n<meta property=\"og:locale\" content=\"pt_BR\" \/>\n<meta property=\"og:type\" content=\"article\" \/>\n<meta property=\"og:title\" content=\"Emendas \u00e0 MP que reestruturou o PPI pedem mais membros no conselho\" \/>\n<meta property=\"og:description\" content=\"Jenifer Ribeiro, da Ag\u00eancia iNFRA A maior parte das 22&nbsp;emendas&nbsp;apresentadas&nbsp;\u00e0&nbsp;MP&nbsp;(Medida Provis\u00f3ria) 1.161\/2023,&nbsp;que&nbsp;reestruturou&nbsp;a lei&nbsp;que&nbsp;criou&nbsp;o&nbsp;PPI&nbsp;(Programa de Parcerias de Investimentos), pede a inclus\u00e3o&nbsp;de&nbsp;mais&nbsp;membros&nbsp;votantes&nbsp;no&nbsp;conselho&nbsp;do programa. O&nbsp;normativo determina&nbsp;que&nbsp;o&nbsp;ministro da Casa Civil presida&nbsp;o&nbsp;conselho&nbsp;e&nbsp;que&nbsp;sejam&nbsp;membros&nbsp;os ministros da Integra\u00e7\u00e3o&nbsp;e do Desenvolvimento Regional, da Fazenda, dos Transportes, de Minas e Energia, do Planejamento e Or\u00e7amento, do Meio Ambiente e Mudan\u00e7a do Clima, das Cidades e [&hellip;]\" \/>\n<meta property=\"og:url\" content=\"https:\/\/agenciainfra.com\/blog\/emendas-a-mp-que-reestruturou-o-ppi-pedem-mais-membros-no-conselho\/\" \/>\n<meta property=\"og:site_name\" content=\"Ag\u00eancia iNFRA\" \/>\n<meta property=\"article:publisher\" content=\"https:\/\/www.facebook.com\/ageninfra\" \/>\n<meta property=\"article:published_time\" content=\"2023-03-08T12:00:00+00:00\" \/>\n<meta property=\"og:image\" content=\"https:\/\/agenciainfra.com\/blog\/wp-content\/uploads\/2023\/03\/predio-CNT-foto-divulgacao.png\" \/>\n\t<meta property=\"og:image:width\" content=\"1200\" \/>\n\t<meta property=\"og:image:height\" content=\"800\" \/>\n\t<meta property=\"og:image:type\" content=\"image\/png\" \/>\n<meta name=\"author\" content=\"Ag\u00eancia iNFRA\" \/>\n<meta name=\"twitter:card\" content=\"summary_large_image\" \/>\n<meta name=\"twitter:creator\" content=\"@agencia_infra\" \/>\n<meta name=\"twitter:site\" content=\"@agencia_infra\" \/>\n<meta name=\"twitter:label1\" content=\"Escrito por\" \/>\n\t<meta name=\"twitter:data1\" content=\"Ag\u00eancia iNFRA\" \/>\n\t<meta name=\"twitter:label2\" content=\"Est. tempo de leitura\" \/>\n\t<meta name=\"twitter:data2\" content=\"4 minutos\" \/>\n<script type=\"application\/ld+json\" class=\"yoast-schema-graph\">{\"@context\":\"https:\/\/schema.org\",\"@graph\":[{\"@type\":\"Article\",\"@id\":\"https:\/\/agenciainfra.com\/blog\/emendas-a-mp-que-reestruturou-o-ppi-pedem-mais-membros-no-conselho\/#article\",\"isPartOf\":{\"@id\":\"https:\/\/agenciainfra.com\/blog\/emendas-a-mp-que-reestruturou-o-ppi-pedem-mais-membros-no-conselho\/\"},\"author\":{\"name\":\"Ag\u00eancia iNFRA\",\"@id\":\"https:\/\/agenciainfra.com\/blog\/#\/schema\/person\/34af08dff6adea4cb22b06612ba7acfa\"},\"headline\":\"Emendas \u00e0 MP que reestruturou o PPI pedem mais membros no conselho\",\"datePublished\":\"2023-03-08T12:00:00+00:00\",\"mainEntityOfPage\":{\"@id\":\"https:\/\/agenciainfra.com\/blog\/emendas-a-mp-que-reestruturou-o-ppi-pedem-mais-membros-no-conselho\/\"},\"wordCount\":727,\"publisher\":{\"@id\":\"https:\/\/agenciainfra.com\/blog\/#organization\"},\"image\":{\"@id\":\"https:\/\/agenciainfra.com\/blog\/emendas-a-mp-que-reestruturou-o-ppi-pedem-mais-membros-no-conselho\/#primaryimage\"},\"thumbnailUrl\":\"https:\/\/agenciainfra.com\/blog\/wp-content\/uploads\/2023\/03\/predio-CNT-foto-divulgacao.png\",\"articleSection\":[\"Geral\",\"iNFRATransporte\"],\"inLanguage\":\"pt-BR\",\"copyrightYear\":\"2023\",\"copyrightHolder\":{\"@id\":\"https:\/\/agenciainfra.com\/blog\/#organization\"}},{\"@type\":\"WebPage\",\"@id\":\"https:\/\/agenciainfra.com\/blog\/emendas-a-mp-que-reestruturou-o-ppi-pedem-mais-membros-no-conselho\/\",\"url\":\"https:\/\/agenciainfra.com\/blog\/emendas-a-mp-que-reestruturou-o-ppi-pedem-mais-membros-no-conselho\/\",\"name\":\"Emendas \u00e0 MP que reestruturou o PPI pedem mais membros no conselho - Ag\u00eancia iNFRA\",\"isPartOf\":{\"@id\":\"https:\/\/agenciainfra.com\/blog\/#website\"},\"primaryImageOfPage\":{\"@id\":\"https:\/\/agenciainfra.com\/blog\/emendas-a-mp-que-reestruturou-o-ppi-pedem-mais-membros-no-conselho\/#primaryimage\"},\"image\":{\"@id\":\"https:\/\/agenciainfra.com\/blog\/emendas-a-mp-que-reestruturou-o-ppi-pedem-mais-membros-no-conselho\/#primaryimage\"},\"thumbnailUrl\":\"https:\/\/agenciainfra.com\/blog\/wp-content\/uploads\/2023\/03\/predio-CNT-foto-divulgacao.png\",\"datePublished\":\"2023-03-08T12:00:00+00:00\",\"breadcrumb\":{\"@id\":\"https:\/\/agenciainfra.com\/blog\/emendas-a-mp-que-reestruturou-o-ppi-pedem-mais-membros-no-conselho\/#breadcrumb\"},\"inLanguage\":\"pt-BR\",\"potentialAction\":[{\"@type\":\"ReadAction\",\"target\":[\"https:\/\/agenciainfra.com\/blog\/emendas-a-mp-que-reestruturou-o-ppi-pedem-mais-membros-no-conselho\/\"]}]},{\"@type\":\"ImageObject\",\"inLanguage\":\"pt-BR\",\"@id\":\"https:\/\/agenciainfra.com\/blog\/emendas-a-mp-que-reestruturou-o-ppi-pedem-mais-membros-no-conselho\/#primaryimage\",\"url\":\"https:\/\/agenciainfra.com\/blog\/wp-content\/uploads\/2023\/03\/predio-CNT-foto-divulgacao.png\",\"contentUrl\":\"https:\/\/agenciainfra.com\/blog\/wp-content\/uploads\/2023\/03\/predio-CNT-foto-divulgacao.png\",\"width\":1200,\"height\":800,\"caption\":\"Foto: CNT\"},{\"@type\":\"BreadcrumbList\",\"@id\":\"https:\/\/agenciainfra.com\/blog\/emendas-a-mp-que-reestruturou-o-ppi-pedem-mais-membros-no-conselho\/#breadcrumb\",\"itemListElement\":[{\"@type\":\"ListItem\",\"position\":1,\"name\":\"In\u00edcio\",\"item\":\"https:\/\/agenciainfra.com\/blog\/\"},{\"@type\":\"ListItem\",\"position\":2,\"name\":\"Emendas \u00e0 MP que reestruturou o PPI pedem mais membros no conselho\"}]},{\"@type\":\"WebSite\",\"@id\":\"https:\/\/agenciainfra.com\/blog\/#website\",\"url\":\"https:\/\/agenciainfra.com\/blog\/\",\"name\":\"Ag\u00eancia iNFRA\",\"description\":\"Multiplataforma de informa\u00e7\u00e3o jornal\u00edstica refer\u00eancia na \u00e1rea de infraestrutura no Brasil!\",\"publisher\":{\"@id\":\"https:\/\/agenciainfra.com\/blog\/#organization\"},\"potentialAction\":[{\"@type\":\"SearchAction\",\"target\":{\"@type\":\"EntryPoint\",\"urlTemplate\":\"https:\/\/agenciainfra.com\/blog\/?s={search_term_string}\"},\"query-input\":{\"@type\":\"PropertyValueSpecification\",\"valueRequired\":true,\"valueName\":\"search_term_string\"}}],\"inLanguage\":\"pt-BR\"},{\"@type\":\"Organization\",\"@id\":\"https:\/\/agenciainfra.com\/blog\/#organization\",\"name\":\"Ag\u00eancia iNFRA\",\"url\":\"https:\/\/agenciainfra.com\/blog\/\",\"logo\":{\"@type\":\"ImageObject\",\"inLanguage\":\"pt-BR\",\"@id\":\"https:\/\/agenciainfra.com\/blog\/#\/schema\/logo\/image\/\",\"url\":\"https:\/\/agenciainfra.com\/blog\/wp-content\/uploads\/2023\/09\/iNFRA_5-e1761735885940.png\",\"contentUrl\":\"https:\/\/agenciainfra.com\/blog\/wp-content\/uploads\/2023\/09\/iNFRA_5-e1761735885940.png\",\"width\":1672,\"height\":454,\"caption\":\"Ag\u00eancia iNFRA\"},\"image\":{\"@id\":\"https:\/\/agenciainfra.com\/blog\/#\/schema\/logo\/image\/\"},\"sameAs\":[\"https:\/\/www.facebook.com\/ageninfra\",\"https:\/\/x.com\/agencia_infra\",\"https:\/\/www.linkedin.com\/company\/ag\u00eanciainfra\/\",\"https:\/\/www.instagram.com\/agenciainfra\/\"]},{\"@type\":\"Person\",\"@id\":\"https:\/\/agenciainfra.com\/blog\/#\/schema\/person\/34af08dff6adea4cb22b06612ba7acfa\",\"name\":\"Ag\u00eancia iNFRA\",\"image\":{\"@type\":\"ImageObject\",\"inLanguage\":\"pt-BR\",\"@id\":\"https:\/\/agenciainfra.com\/blog\/#\/schema\/person\/image\/\",\"url\":\"https:\/\/secure.gravatar.com\/avatar\/d189e01678f06d8eb84d4e01f08eb848b3fffe3f8443818d3c356c66892f5be8?s=96&d=mm&r=g\",\"contentUrl\":\"https:\/\/secure.gravatar.com\/avatar\/d189e01678f06d8eb84d4e01f08eb848b3fffe3f8443818d3c356c66892f5be8?s=96&d=mm&r=g\",\"caption\":\"Ag\u00eancia iNFRA\"},\"url\":\"https:\/\/agenciainfra.com\/blog\/author\/admin\/\"}]}<\/script>\n<!-- \/ Yoast SEO Premium plugin. -->","yoast_head_json":{"title":"Emendas \u00e0 MP que reestruturou o PPI pedem mais membros no conselho - Ag\u00eancia iNFRA","robots":{"index":"index","follow":"follow","max-snippet":"max-snippet:-1","max-image-preview":"max-image-preview:large","max-video-preview":"max-video-preview:-1"},"canonical":"https:\/\/agenciainfra.com\/blog\/emendas-a-mp-que-reestruturou-o-ppi-pedem-mais-membros-no-conselho\/","og_locale":"pt_BR","og_type":"article","og_title":"Emendas \u00e0 MP que reestruturou o PPI pedem mais membros no conselho","og_description":"Jenifer Ribeiro, da Ag\u00eancia iNFRA A maior parte das 22&nbsp;emendas&nbsp;apresentadas&nbsp;\u00e0&nbsp;MP&nbsp;(Medida Provis\u00f3ria) 1.161\/2023,&nbsp;que&nbsp;reestruturou&nbsp;a lei&nbsp;que&nbsp;criou&nbsp;o&nbsp;PPI&nbsp;(Programa de Parcerias de Investimentos), pede a inclus\u00e3o&nbsp;de&nbsp;mais&nbsp;membros&nbsp;votantes&nbsp;no&nbsp;conselho&nbsp;do programa. O&nbsp;normativo determina&nbsp;que&nbsp;o&nbsp;ministro da Casa Civil presida&nbsp;o&nbsp;conselho&nbsp;e&nbsp;que&nbsp;sejam&nbsp;membros&nbsp;os ministros da Integra\u00e7\u00e3o&nbsp;e do Desenvolvimento Regional, da Fazenda, dos Transportes, de Minas e Energia, do Planejamento e Or\u00e7amento, do Meio Ambiente e Mudan\u00e7a do Clima, das Cidades e [&hellip;]","og_url":"https:\/\/agenciainfra.com\/blog\/emendas-a-mp-que-reestruturou-o-ppi-pedem-mais-membros-no-conselho\/","og_site_name":"Ag\u00eancia iNFRA","article_publisher":"https:\/\/www.facebook.com\/ageninfra","article_published_time":"2023-03-08T12:00:00+00:00","og_image":[{"width":1200,"height":800,"url":"https:\/\/agenciainfra.com\/blog\/wp-content\/uploads\/2023\/03\/predio-CNT-foto-divulgacao.png","type":"image\/png"}],"author":"Ag\u00eancia iNFRA","twitter_card":"summary_large_image","twitter_creator":"@agencia_infra","twitter_site":"@agencia_infra","twitter_misc":{"Escrito por":"Ag\u00eancia iNFRA","Est. tempo de leitura":"4 minutos"},"schema":{"@context":"https:\/\/schema.org","@graph":[{"@type":"Article","@id":"https:\/\/agenciainfra.com\/blog\/emendas-a-mp-que-reestruturou-o-ppi-pedem-mais-membros-no-conselho\/#article","isPartOf":{"@id":"https:\/\/agenciainfra.com\/blog\/emendas-a-mp-que-reestruturou-o-ppi-pedem-mais-membros-no-conselho\/"},"author":{"name":"Ag\u00eancia iNFRA","@id":"https:\/\/agenciainfra.com\/blog\/#\/schema\/person\/34af08dff6adea4cb22b06612ba7acfa"},"headline":"Emendas \u00e0 MP que reestruturou o PPI pedem mais membros no conselho","datePublished":"2023-03-08T12:00:00+00:00","mainEntityOfPage":{"@id":"https:\/\/agenciainfra.com\/blog\/emendas-a-mp-que-reestruturou-o-ppi-pedem-mais-membros-no-conselho\/"},"wordCount":727,"publisher":{"@id":"https:\/\/agenciainfra.com\/blog\/#organization"},"image":{"@id":"https:\/\/agenciainfra.com\/blog\/emendas-a-mp-que-reestruturou-o-ppi-pedem-mais-membros-no-conselho\/#primaryimage"},"thumbnailUrl":"https:\/\/agenciainfra.com\/blog\/wp-content\/uploads\/2023\/03\/predio-CNT-foto-divulgacao.png","articleSection":["Geral","iNFRATransporte"],"inLanguage":"pt-BR","copyrightYear":"2023","copyrightHolder":{"@id":"https:\/\/agenciainfra.com\/blog\/#organization"}},{"@type":"WebPage","@id":"https:\/\/agenciainfra.com\/blog\/emendas-a-mp-que-reestruturou-o-ppi-pedem-mais-membros-no-conselho\/","url":"https:\/\/agenciainfra.com\/blog\/emendas-a-mp-que-reestruturou-o-ppi-pedem-mais-membros-no-conselho\/","name":"Emendas \u00e0 MP que reestruturou o PPI pedem mais membros no conselho - Ag\u00eancia iNFRA","isPartOf":{"@id":"https:\/\/agenciainfra.com\/blog\/#website"},"primaryImageOfPage":{"@id":"https:\/\/agenciainfra.com\/blog\/emendas-a-mp-que-reestruturou-o-ppi-pedem-mais-membros-no-conselho\/#primaryimage"},"image":{"@id":"https:\/\/agenciainfra.com\/blog\/emendas-a-mp-que-reestruturou-o-ppi-pedem-mais-membros-no-conselho\/#primaryimage"},"thumbnailUrl":"https:\/\/agenciainfra.com\/blog\/wp-content\/uploads\/2023\/03\/predio-CNT-foto-divulgacao.png","datePublished":"2023-03-08T12:00:00+00:00","breadcrumb":{"@id":"https:\/\/agenciainfra.com\/blog\/emendas-a-mp-que-reestruturou-o-ppi-pedem-mais-membros-no-conselho\/#breadcrumb"},"inLanguage":"pt-BR","potentialAction":[{"@type":"ReadAction","target":["https:\/\/agenciainfra.com\/blog\/emendas-a-mp-que-reestruturou-o-ppi-pedem-mais-membros-no-conselho\/"]}]},{"@type":"ImageObject","inLanguage":"pt-BR","@id":"https:\/\/agenciainfra.com\/blog\/emendas-a-mp-que-reestruturou-o-ppi-pedem-mais-membros-no-conselho\/#primaryimage","url":"https:\/\/agenciainfra.com\/blog\/wp-content\/uploads\/2023\/03\/predio-CNT-foto-divulgacao.png","contentUrl":"https:\/\/agenciainfra.com\/blog\/wp-content\/uploads\/2023\/03\/predio-CNT-foto-divulgacao.png","width":1200,"height":800,"caption":"Foto: CNT"},{"@type":"BreadcrumbList","@id":"https:\/\/agenciainfra.com\/blog\/emendas-a-mp-que-reestruturou-o-ppi-pedem-mais-membros-no-conselho\/#breadcrumb","itemListElement":[{"@type":"ListItem","position":1,"name":"In\u00edcio","item":"https:\/\/agenciainfra.com\/blog\/"},{"@type":"ListItem","position":2,"name":"Emendas \u00e0 MP que reestruturou o PPI pedem mais membros no conselho"}]},{"@type":"WebSite","@id":"https:\/\/agenciainfra.com\/blog\/#website","url":"https:\/\/agenciainfra.com\/blog\/","name":"Ag\u00eancia iNFRA","description":"Multiplataforma de informa\u00e7\u00e3o jornal\u00edstica refer\u00eancia na \u00e1rea de infraestrutura no Brasil!","publisher":{"@id":"https:\/\/agenciainfra.com\/blog\/#organization"},"potentialAction":[{"@type":"SearchAction","target":{"@type":"EntryPoint","urlTemplate":"https:\/\/agenciainfra.com\/blog\/?s={search_term_string}"},"query-input":{"@type":"PropertyValueSpecification","valueRequired":true,"valueName":"search_term_string"}}],"inLanguage":"pt-BR"},{"@type":"Organization","@id":"https:\/\/agenciainfra.com\/blog\/#organization","name":"Ag\u00eancia iNFRA","url":"https:\/\/agenciainfra.com\/blog\/","logo":{"@type":"ImageObject","inLanguage":"pt-BR","@id":"https:\/\/agenciainfra.com\/blog\/#\/schema\/logo\/image\/","url":"https:\/\/agenciainfra.com\/blog\/wp-content\/uploads\/2023\/09\/iNFRA_5-e1761735885940.png","contentUrl":"https:\/\/agenciainfra.com\/blog\/wp-content\/uploads\/2023\/09\/iNFRA_5-e1761735885940.png","width":1672,"height":454,"caption":"Ag\u00eancia iNFRA"},"image":{"@id":"https:\/\/agenciainfra.com\/blog\/#\/schema\/logo\/image\/"},"sameAs":["https:\/\/www.facebook.com\/ageninfra","https:\/\/x.com\/agencia_infra","https:\/\/www.linkedin.com\/company\/ag\u00eanciainfra\/","https:\/\/www.instagram.com\/agenciainfra\/"]},{"@type":"Person","@id":"https:\/\/agenciainfra.com\/blog\/#\/schema\/person\/34af08dff6adea4cb22b06612ba7acfa","name":"Ag\u00eancia iNFRA","image":{"@type":"ImageObject","inLanguage":"pt-BR","@id":"https:\/\/agenciainfra.com\/blog\/#\/schema\/person\/image\/","url":"https:\/\/secure.gravatar.com\/avatar\/d189e01678f06d8eb84d4e01f08eb848b3fffe3f8443818d3c356c66892f5be8?s=96&d=mm&r=g","contentUrl":"https:\/\/secure.gravatar.com\/avatar\/d189e01678f06d8eb84d4e01f08eb848b3fffe3f8443818d3c356c66892f5be8?s=96&d=mm&r=g","caption":"Ag\u00eancia iNFRA"},"url":"https:\/\/agenciainfra.com\/blog\/author\/admin\/"}]}},"_links":{"self":[{"href":"https:\/\/agenciainfra.com\/blog\/wp-json\/wp\/v2\/posts\/12306","targetHints":{"allow":["GET"]}}],"collection":[{"href":"https:\/\/agenciainfra.com\/blog\/wp-json\/wp\/v2\/posts"}],"about":[{"href":"https:\/\/agenciainfra.com\/blog\/wp-json\/wp\/v2\/types\/post"}],"author":[{"embeddable":true,"href":"https:\/\/agenciainfra.com\/blog\/wp-json\/wp\/v2\/users\/1"}],"replies":[{"embeddable":true,"href":"https:\/\/agenciainfra.com\/blog\/wp-json\/wp\/v2\/comments?post=12306"}],"version-history":[{"count":0,"href":"https:\/\/agenciainfra.com\/blog\/wp-json\/wp\/v2\/posts\/12306\/revisions"}],"wp:featuredmedia":[{"embeddable":true,"href":"https:\/\/agenciainfra.com\/blog\/wp-json\/wp\/v2\/media\/12307"}],"wp:attachment":[{"href":"https:\/\/agenciainfra.com\/blog\/wp-json\/wp\/v2\/media?parent=12306"}],"wp:term":[{"taxonomy":"category","embeddable":true,"href":"https:\/\/agenciainfra.com\/blog\/wp-json\/wp\/v2\/categories?post=12306"},{"taxonomy":"post_tag","embeddable":true,"href":"https:\/\/agenciainfra.com\/blog\/wp-json\/wp\/v2\/tags?post=12306"}],"curies":[{"name":"wp","href":"https:\/\/api.w.org\/{rel}","templated":true}]}}