{"id":12332,"date":"2023-03-13T09:00:00","date_gmt":"2023-03-13T12:00:00","guid":{"rendered":"https:\/\/www.agenciainfra.com\/blog\/?p=12332"},"modified":"2023-03-10T12:56:05","modified_gmt":"2023-03-10T15:56:05","slug":"novo-presidente-da-ci-e-contra-emenda-que-retira-poderes-de-agencias-reguladoras","status":"publish","type":"post","link":"https:\/\/agenciainfra.com\/blog\/novo-presidente-da-ci-e-contra-emenda-que-retira-poderes-de-agencias-reguladoras\/","title":{"rendered":"Novo presidente da CI \u00e9 contra emenda que retira poderes de ag\u00eancias reguladoras"},"content":{"rendered":"\n<p class=\"has-text-align-right\"><strong>Jenifer Ribeiro,&nbsp;da&nbsp;Ag\u00eancia iNFRA<\/strong><\/p>\n\n\n\n<p>O senador Conf\u00facio Moura (MDB-RO), eleito para presid\u00eancia\u00a0da\u00a0Comiss\u00e3o de Infraestrutura na \u00faltima quarta-feira (8), disse ser inicialmente \u201ccontra\u00a0qualquer altera\u00e7\u00e3o nas\u00a0ag\u00eancias\u00a0reguladoras\u201d.<br><br>Ele se referia \u00e0\u00a0emenda, apresentada \u00e0\u00a0<a rel=\"noreferrer noopener\" href=\"https:\/\/agenciainfra.us14.list-manage.com\/track\/click?u=d460dd1bcf9ba0ae040e1fc0f&amp;id=10738097f5&amp;e=f0fa444791\" target=\"_blank\">MP (Medida Provis\u00f3ria) 1.154\/2023<\/a>\u00a0\u2014\u00a0que\u00a0reorganiza o governo \u2014,\u00a0que\u00a0quer mudar a lei de cria\u00e7\u00e3o das\u00a0ag\u00eancias\u00a0reguladoras, retirando o poder normativo dessas autarquias.<br><br>Para Moura, n\u00e3o deve haver mudan\u00e7as nas\u00a0ag\u00eancias\u00a0reguladoras, exceto \u201cavan\u00e7os naturais\u201d. Ele pontuou ainda\u00a0que\u00a0as ag\u00eancias s\u00e3o \u00f3rg\u00e3os aut\u00f4nomos e independentes, com diretores sabatinados,\u00a0que\u00a0n\u00e3o necessariamente coincidem com as elei\u00e7\u00f5es presidenciais.<br><br><strong>Tramita\u00e7\u00e3o dif\u00edcil\u00a0<\/strong><br>A\u00a0<a rel=\"noreferrer noopener\" href=\"https:\/\/agenciainfra.us14.list-manage.com\/track\/click?u=d460dd1bcf9ba0ae040e1fc0f&amp;id=699ae2b544&amp;e=f0fa444791\" target=\"_blank\">emenda<\/a>, apresentada pelo deputado Danilo Forte (Uni\u00e3o-CE), prop\u00f5e dividir o poder decis\u00f3rio das\u00a0ag\u00eancias,\u00a0que\u00a0hoje\u00a0\u00e9\u00a0dos diretores nomeados, com uma comiss\u00e3o de representantes de minist\u00e9rios e organiza\u00e7\u00f5es\u00a0da\u00a0sociedade civil. O texto quer criar ainda um modelo de duplo grau de jurisdi\u00e7\u00e3o para avaliar penaliza\u00e7\u00f5es impostas pelas\u00a0ag\u00eancias.<br><br>O prazo\u00a0da\u00a0MP vence no in\u00edcio de abril, com possibilidade de extens\u00e3o at\u00e9 o come\u00e7o de junho. A expectativa do legislativo\u00a0\u00e9\u00a0que\u00a0essa mat\u00e9ria tenha dificuldade para avan\u00e7ar tanto no Senado, quanto na C\u00e2mara dos Deputados, conforme j\u00e1 mostrou\u00a0<a rel=\"noreferrer noopener\" href=\"https:\/\/agenciainfra.us14.list-manage.com\/track\/click?u=d460dd1bcf9ba0ae040e1fc0f&amp;id=87860a7732&amp;e=f0fa444791\" target=\"_blank\">reportagem<\/a>\u00a0da\u00a0<strong>Ag\u00eancia iNFRA<\/strong>.<br><br><strong>Nova diretora<\/strong><br>O parlamentar tamb\u00e9m afirmou\u00a0que\u00a0deve sabatinar a indicada para vaga na diretoria\u00a0da\u00a0ANAC (Ag\u00eancia Nacional de Avia\u00e7\u00e3o Civil) logo ap\u00f3s\u00a0que\u00a0o of\u00edcio informando a indica\u00e7\u00e3o for enviado para a Comiss\u00e3o de Infraestrutura.<br><br>A indicada, Mariana Olivieri Caixeta Alto\u00e9, vai assumir a vaga deixada pelo diretor Tiago Pereira,\u00a0que\u00a0foi indicado para o cargo de diretor-presidente\u00a0ap\u00f3s a sa\u00edda\u00a0de Juliano Noman para se tornar secret\u00e1rio de Avia\u00e7\u00e3o Civil, do Minist\u00e9rio de Portos e Aeroportos. Pereira tamb\u00e9m ter\u00e1\u00a0que\u00a0ser sabatinado para o cargo de diretor-presidente.<br><br><strong>Presidente\u00a0das comiss\u00f5es\u00a0<\/strong><br>Na \u00faltima quarta-feira (8) ficou definido somente quem ser\u00e1 o\u00a0presidente\u00a0da\u00a0Comiss\u00e3o de Infraestrutura. A escolha para a vice-presid\u00eancia ficou para a sess\u00e3o desta semana. Um acordo entre o MDB e o PSD deixou a vaga dessa comiss\u00e3o com os emedebistas enquanto a Comiss\u00e3o de Or\u00e7amento ficar\u00e1 com o PSD.<br><br>No mesmo dia foram eleitos o senador Davi Alcolumbre (Uni\u00e3o-AP) para presidir a Comiss\u00e3o de Constitui\u00e7\u00e3o e Justi\u00e7a, do Senado Federal, e o senador Vanderlan Cardoso (PSD-GO) foi o escolhido para a Comiss\u00e3o de Assuntos Econ\u00f4micos.<br><br>Em todas as comiss\u00f5es\u00a0que\u00a0tiveram elei\u00e7\u00e3o na \u00faltima quarta-feira, o bloco Vanguarda \u2014 formado pelo PL, PP,\u00a0Novo\u00a0e Republicanos \u2014 se absteve das vota\u00e7\u00f5es para presid\u00eancia. Isso porque o bloco discorda dos acordos feitos para alocar todos os partidos nas comiss\u00f5es ao inv\u00e9s de seguir a regra de proporcionalidade e prioridade de escolha para elei\u00e7\u00f5es das comiss\u00f5es.<br><br><strong>Frente de Portos e Aeroportos\u00a0<\/strong><br>Na ter\u00e7a-feira (14) ser\u00e1 realizado o evento de lan\u00e7amento\u00a0da\u00a0Frente Parlamentar dos Portos Nacionais e Transportes Aquavi\u00e1rios. O\u00a0presidente\u00a0da\u00a0frente ser\u00e1 o deputado Paulo Alexandre Barbosa (PSDB-SP).<br><br>O parlamentar foi prefeito de Santos (SP) entre 2013 e 2021. Al\u00e9m disso, o deputado tem uma boa rela\u00e7\u00e3o com o ministro de Portos e Aeroportos, M\u00e1rcio Fran\u00e7a. O requerimento de cria\u00e7\u00e3o\u00a0da\u00a0frente com o nome dos membros est\u00e1 dispon\u00edvel\u00a0<a rel=\"noreferrer noopener\" href=\"https:\/\/agenciainfra.us14.list-manage.com\/track\/click?u=d460dd1bcf9ba0ae040e1fc0f&amp;id=8526bc49f1&amp;e=f0fa444791\" target=\"_blank\">neste link<\/a>.<\/p>\n","protected":false},"excerpt":{"rendered":"<p>Jenifer Ribeiro,&nbsp;da&nbsp;Ag\u00eancia iNFRA O senador Conf\u00facio Moura (MDB-RO), eleito para presid\u00eancia\u00a0da\u00a0Comiss\u00e3o de Infraestrutura na \u00faltima quarta-feira (8), disse ser inicialmente \u201ccontra\u00a0qualquer altera\u00e7\u00e3o nas\u00a0ag\u00eancias\u00a0reguladoras\u201d. Ele se referia \u00e0\u00a0emenda, apresentada \u00e0\u00a0MP (Medida Provis\u00f3ria) 1.154\/2023\u00a0\u2014\u00a0que\u00a0reorganiza o governo \u2014,\u00a0que\u00a0quer mudar a lei de cria\u00e7\u00e3o das\u00a0ag\u00eancias\u00a0reguladoras, retirando o poder normativo dessas autarquias. Para Moura, n\u00e3o deve haver mudan\u00e7as nas\u00a0ag\u00eancias\u00a0reguladoras, exceto [&hellip;]<\/p>\n","protected":false},"author":1,"featured_media":12333,"comment_status":"closed","ping_status":"closed","sticky":false,"template":"","format":"standard","meta":{"_monsterinsights_skip_tracking":false,"_monsterinsights_sitenote_active":false,"_monsterinsights_sitenote_note":"","_monsterinsights_sitenote_category":0,"footnotes":""},"categories":[1,7],"tags":[],"class_list":["post-12332","post","type-post","status-publish","format-standard","has-post-thumbnail","hentry","category-geral","category-infratransporte"],"yoast_head":"<!-- This site is optimized with the Yoast SEO Premium plugin v25.4 (Yoast SEO v26.0) - https:\/\/yoast.com\/wordpress\/plugins\/seo\/ -->\n<title>Novo presidente da CI \u00e9 contra emenda que retira poderes de ag\u00eancias reguladoras - Ag\u00eancia iNFRA<\/title>\n<meta name=\"robots\" content=\"index, follow, max-snippet:-1, max-image-preview:large, max-video-preview:-1\" \/>\n<link rel=\"canonical\" href=\"https:\/\/agenciainfra.com\/blog\/novo-presidente-da-ci-e-contra-emenda-que-retira-poderes-de-agencias-reguladoras\/\" \/>\n<meta property=\"og:locale\" content=\"pt_BR\" \/>\n<meta property=\"og:type\" content=\"article\" \/>\n<meta property=\"og:title\" content=\"Novo presidente da CI \u00e9 contra emenda que retira poderes de ag\u00eancias reguladoras\" \/>\n<meta property=\"og:description\" content=\"Jenifer Ribeiro,&nbsp;da&nbsp;Ag\u00eancia iNFRA O senador Conf\u00facio Moura (MDB-RO), eleito para presid\u00eancia\u00a0da\u00a0Comiss\u00e3o de Infraestrutura na \u00faltima quarta-feira (8), disse ser inicialmente \u201ccontra\u00a0qualquer altera\u00e7\u00e3o nas\u00a0ag\u00eancias\u00a0reguladoras\u201d. Ele se referia \u00e0\u00a0emenda, apresentada \u00e0\u00a0MP (Medida Provis\u00f3ria) 1.154\/2023\u00a0\u2014\u00a0que\u00a0reorganiza o governo \u2014,\u00a0que\u00a0quer mudar a lei de cria\u00e7\u00e3o das\u00a0ag\u00eancias\u00a0reguladoras, retirando o poder normativo dessas autarquias. Para Moura, n\u00e3o deve haver mudan\u00e7as nas\u00a0ag\u00eancias\u00a0reguladoras, exceto [&hellip;]\" \/>\n<meta property=\"og:url\" content=\"https:\/\/agenciainfra.com\/blog\/novo-presidente-da-ci-e-contra-emenda-que-retira-poderes-de-agencias-reguladoras\/\" \/>\n<meta property=\"og:site_name\" content=\"Ag\u00eancia iNFRA\" \/>\n<meta property=\"article:publisher\" content=\"https:\/\/www.facebook.com\/ageninfra\" \/>\n<meta property=\"article:published_time\" content=\"2023-03-13T12:00:00+00:00\" \/>\n<meta property=\"og:image\" content=\"https:\/\/agenciainfra.com\/blog\/wp-content\/uploads\/2023\/03\/confucio-moura-foto-agencia-senado.jpg\" \/>\n\t<meta property=\"og:image:width\" content=\"2047\" \/>\n\t<meta property=\"og:image:height\" content=\"1365\" \/>\n\t<meta property=\"og:image:type\" content=\"image\/jpeg\" \/>\n<meta name=\"author\" content=\"Ag\u00eancia iNFRA\" \/>\n<meta name=\"twitter:card\" content=\"summary_large_image\" \/>\n<meta name=\"twitter:creator\" content=\"@agencia_infra\" \/>\n<meta name=\"twitter:site\" content=\"@agencia_infra\" \/>\n<meta name=\"twitter:label1\" content=\"Escrito por\" \/>\n\t<meta name=\"twitter:data1\" content=\"Ag\u00eancia iNFRA\" \/>\n\t<meta name=\"twitter:label2\" content=\"Est. tempo de leitura\" \/>\n\t<meta name=\"twitter:data2\" content=\"3 minutos\" \/>\n<script type=\"application\/ld+json\" class=\"yoast-schema-graph\">{\"@context\":\"https:\/\/schema.org\",\"@graph\":[{\"@type\":\"Article\",\"@id\":\"https:\/\/agenciainfra.com\/blog\/novo-presidente-da-ci-e-contra-emenda-que-retira-poderes-de-agencias-reguladoras\/#article\",\"isPartOf\":{\"@id\":\"https:\/\/agenciainfra.com\/blog\/novo-presidente-da-ci-e-contra-emenda-que-retira-poderes-de-agencias-reguladoras\/\"},\"author\":{\"name\":\"Ag\u00eancia iNFRA\",\"@id\":\"https:\/\/agenciainfra.com\/blog\/#\/schema\/person\/34af08dff6adea4cb22b06612ba7acfa\"},\"headline\":\"Novo presidente da CI \u00e9 contra emenda que retira poderes de ag\u00eancias reguladoras\",\"datePublished\":\"2023-03-13T12:00:00+00:00\",\"mainEntityOfPage\":{\"@id\":\"https:\/\/agenciainfra.com\/blog\/novo-presidente-da-ci-e-contra-emenda-que-retira-poderes-de-agencias-reguladoras\/\"},\"wordCount\":593,\"publisher\":{\"@id\":\"https:\/\/agenciainfra.com\/blog\/#organization\"},\"image\":{\"@id\":\"https:\/\/agenciainfra.com\/blog\/novo-presidente-da-ci-e-contra-emenda-que-retira-poderes-de-agencias-reguladoras\/#primaryimage\"},\"thumbnailUrl\":\"https:\/\/agenciainfra.com\/blog\/wp-content\/uploads\/2023\/03\/confucio-moura-foto-agencia-senado.jpg\",\"articleSection\":[\"Geral\",\"iNFRATransporte\"],\"inLanguage\":\"pt-BR\",\"copyrightYear\":\"2023\",\"copyrightHolder\":{\"@id\":\"https:\/\/agenciainfra.com\/blog\/#organization\"}},{\"@type\":\"WebPage\",\"@id\":\"https:\/\/agenciainfra.com\/blog\/novo-presidente-da-ci-e-contra-emenda-que-retira-poderes-de-agencias-reguladoras\/\",\"url\":\"https:\/\/agenciainfra.com\/blog\/novo-presidente-da-ci-e-contra-emenda-que-retira-poderes-de-agencias-reguladoras\/\",\"name\":\"Novo presidente da CI \u00e9 contra emenda que retira poderes de ag\u00eancias reguladoras - Ag\u00eancia iNFRA\",\"isPartOf\":{\"@id\":\"https:\/\/agenciainfra.com\/blog\/#website\"},\"primaryImageOfPage\":{\"@id\":\"https:\/\/agenciainfra.com\/blog\/novo-presidente-da-ci-e-contra-emenda-que-retira-poderes-de-agencias-reguladoras\/#primaryimage\"},\"image\":{\"@id\":\"https:\/\/agenciainfra.com\/blog\/novo-presidente-da-ci-e-contra-emenda-que-retira-poderes-de-agencias-reguladoras\/#primaryimage\"},\"thumbnailUrl\":\"https:\/\/agenciainfra.com\/blog\/wp-content\/uploads\/2023\/03\/confucio-moura-foto-agencia-senado.jpg\",\"datePublished\":\"2023-03-13T12:00:00+00:00\",\"breadcrumb\":{\"@id\":\"https:\/\/agenciainfra.com\/blog\/novo-presidente-da-ci-e-contra-emenda-que-retira-poderes-de-agencias-reguladoras\/#breadcrumb\"},\"inLanguage\":\"pt-BR\",\"potentialAction\":[{\"@type\":\"ReadAction\",\"target\":[\"https:\/\/agenciainfra.com\/blog\/novo-presidente-da-ci-e-contra-emenda-que-retira-poderes-de-agencias-reguladoras\/\"]}]},{\"@type\":\"ImageObject\",\"inLanguage\":\"pt-BR\",\"@id\":\"https:\/\/agenciainfra.com\/blog\/novo-presidente-da-ci-e-contra-emenda-que-retira-poderes-de-agencias-reguladoras\/#primaryimage\",\"url\":\"https:\/\/agenciainfra.com\/blog\/wp-content\/uploads\/2023\/03\/confucio-moura-foto-agencia-senado.jpg\",\"contentUrl\":\"https:\/\/agenciainfra.com\/blog\/wp-content\/uploads\/2023\/03\/confucio-moura-foto-agencia-senado.jpg\",\"width\":2047,\"height\":1365},{\"@type\":\"BreadcrumbList\",\"@id\":\"https:\/\/agenciainfra.com\/blog\/novo-presidente-da-ci-e-contra-emenda-que-retira-poderes-de-agencias-reguladoras\/#breadcrumb\",\"itemListElement\":[{\"@type\":\"ListItem\",\"position\":1,\"name\":\"In\u00edcio\",\"item\":\"https:\/\/agenciainfra.com\/blog\/\"},{\"@type\":\"ListItem\",\"position\":2,\"name\":\"Novo presidente da CI \u00e9 contra emenda que retira poderes de ag\u00eancias reguladoras\"}]},{\"@type\":\"WebSite\",\"@id\":\"https:\/\/agenciainfra.com\/blog\/#website\",\"url\":\"https:\/\/agenciainfra.com\/blog\/\",\"name\":\"Ag\u00eancia iNFRA\",\"description\":\"Multiplataforma de informa\u00e7\u00e3o jornal\u00edstica refer\u00eancia na \u00e1rea de infraestrutura no Brasil!\",\"publisher\":{\"@id\":\"https:\/\/agenciainfra.com\/blog\/#organization\"},\"potentialAction\":[{\"@type\":\"SearchAction\",\"target\":{\"@type\":\"EntryPoint\",\"urlTemplate\":\"https:\/\/agenciainfra.com\/blog\/?s={search_term_string}\"},\"query-input\":{\"@type\":\"PropertyValueSpecification\",\"valueRequired\":true,\"valueName\":\"search_term_string\"}}],\"inLanguage\":\"pt-BR\"},{\"@type\":\"Organization\",\"@id\":\"https:\/\/agenciainfra.com\/blog\/#organization\",\"name\":\"Ag\u00eancia iNFRA\",\"url\":\"https:\/\/agenciainfra.com\/blog\/\",\"logo\":{\"@type\":\"ImageObject\",\"inLanguage\":\"pt-BR\",\"@id\":\"https:\/\/agenciainfra.com\/blog\/#\/schema\/logo\/image\/\",\"url\":\"https:\/\/agenciainfra.com\/blog\/wp-content\/uploads\/2023\/09\/iNFRA_5-e1761735885940.png\",\"contentUrl\":\"https:\/\/agenciainfra.com\/blog\/wp-content\/uploads\/2023\/09\/iNFRA_5-e1761735885940.png\",\"width\":1672,\"height\":454,\"caption\":\"Ag\u00eancia iNFRA\"},\"image\":{\"@id\":\"https:\/\/agenciainfra.com\/blog\/#\/schema\/logo\/image\/\"},\"sameAs\":[\"https:\/\/www.facebook.com\/ageninfra\",\"https:\/\/x.com\/agencia_infra\",\"https:\/\/www.linkedin.com\/company\/ag\u00eanciainfra\/\",\"https:\/\/www.instagram.com\/agenciainfra\/\"]},{\"@type\":\"Person\",\"@id\":\"https:\/\/agenciainfra.com\/blog\/#\/schema\/person\/34af08dff6adea4cb22b06612ba7acfa\",\"name\":\"Ag\u00eancia iNFRA\",\"image\":{\"@type\":\"ImageObject\",\"inLanguage\":\"pt-BR\",\"@id\":\"https:\/\/agenciainfra.com\/blog\/#\/schema\/person\/image\/\",\"url\":\"https:\/\/secure.gravatar.com\/avatar\/d189e01678f06d8eb84d4e01f08eb848b3fffe3f8443818d3c356c66892f5be8?s=96&d=mm&r=g\",\"contentUrl\":\"https:\/\/secure.gravatar.com\/avatar\/d189e01678f06d8eb84d4e01f08eb848b3fffe3f8443818d3c356c66892f5be8?s=96&d=mm&r=g\",\"caption\":\"Ag\u00eancia iNFRA\"},\"url\":\"https:\/\/agenciainfra.com\/blog\/author\/admin\/\"}]}<\/script>\n<!-- \/ Yoast SEO Premium plugin. -->","yoast_head_json":{"title":"Novo presidente da CI \u00e9 contra emenda que retira poderes de ag\u00eancias reguladoras - Ag\u00eancia iNFRA","robots":{"index":"index","follow":"follow","max-snippet":"max-snippet:-1","max-image-preview":"max-image-preview:large","max-video-preview":"max-video-preview:-1"},"canonical":"https:\/\/agenciainfra.com\/blog\/novo-presidente-da-ci-e-contra-emenda-que-retira-poderes-de-agencias-reguladoras\/","og_locale":"pt_BR","og_type":"article","og_title":"Novo presidente da CI \u00e9 contra emenda que retira poderes de ag\u00eancias reguladoras","og_description":"Jenifer Ribeiro,&nbsp;da&nbsp;Ag\u00eancia iNFRA O senador Conf\u00facio Moura (MDB-RO), eleito para presid\u00eancia\u00a0da\u00a0Comiss\u00e3o de Infraestrutura na \u00faltima quarta-feira (8), disse ser inicialmente \u201ccontra\u00a0qualquer altera\u00e7\u00e3o nas\u00a0ag\u00eancias\u00a0reguladoras\u201d. Ele se referia \u00e0\u00a0emenda, apresentada \u00e0\u00a0MP (Medida Provis\u00f3ria) 1.154\/2023\u00a0\u2014\u00a0que\u00a0reorganiza o governo \u2014,\u00a0que\u00a0quer mudar a lei de cria\u00e7\u00e3o das\u00a0ag\u00eancias\u00a0reguladoras, retirando o poder normativo dessas autarquias. Para Moura, n\u00e3o deve haver mudan\u00e7as nas\u00a0ag\u00eancias\u00a0reguladoras, exceto [&hellip;]","og_url":"https:\/\/agenciainfra.com\/blog\/novo-presidente-da-ci-e-contra-emenda-que-retira-poderes-de-agencias-reguladoras\/","og_site_name":"Ag\u00eancia iNFRA","article_publisher":"https:\/\/www.facebook.com\/ageninfra","article_published_time":"2023-03-13T12:00:00+00:00","og_image":[{"width":2047,"height":1365,"url":"https:\/\/agenciainfra.com\/blog\/wp-content\/uploads\/2023\/03\/confucio-moura-foto-agencia-senado.jpg","type":"image\/jpeg"}],"author":"Ag\u00eancia iNFRA","twitter_card":"summary_large_image","twitter_creator":"@agencia_infra","twitter_site":"@agencia_infra","twitter_misc":{"Escrito por":"Ag\u00eancia iNFRA","Est. tempo de leitura":"3 minutos"},"schema":{"@context":"https:\/\/schema.org","@graph":[{"@type":"Article","@id":"https:\/\/agenciainfra.com\/blog\/novo-presidente-da-ci-e-contra-emenda-que-retira-poderes-de-agencias-reguladoras\/#article","isPartOf":{"@id":"https:\/\/agenciainfra.com\/blog\/novo-presidente-da-ci-e-contra-emenda-que-retira-poderes-de-agencias-reguladoras\/"},"author":{"name":"Ag\u00eancia iNFRA","@id":"https:\/\/agenciainfra.com\/blog\/#\/schema\/person\/34af08dff6adea4cb22b06612ba7acfa"},"headline":"Novo presidente da CI \u00e9 contra emenda que retira poderes de ag\u00eancias reguladoras","datePublished":"2023-03-13T12:00:00+00:00","mainEntityOfPage":{"@id":"https:\/\/agenciainfra.com\/blog\/novo-presidente-da-ci-e-contra-emenda-que-retira-poderes-de-agencias-reguladoras\/"},"wordCount":593,"publisher":{"@id":"https:\/\/agenciainfra.com\/blog\/#organization"},"image":{"@id":"https:\/\/agenciainfra.com\/blog\/novo-presidente-da-ci-e-contra-emenda-que-retira-poderes-de-agencias-reguladoras\/#primaryimage"},"thumbnailUrl":"https:\/\/agenciainfra.com\/blog\/wp-content\/uploads\/2023\/03\/confucio-moura-foto-agencia-senado.jpg","articleSection":["Geral","iNFRATransporte"],"inLanguage":"pt-BR","copyrightYear":"2023","copyrightHolder":{"@id":"https:\/\/agenciainfra.com\/blog\/#organization"}},{"@type":"WebPage","@id":"https:\/\/agenciainfra.com\/blog\/novo-presidente-da-ci-e-contra-emenda-que-retira-poderes-de-agencias-reguladoras\/","url":"https:\/\/agenciainfra.com\/blog\/novo-presidente-da-ci-e-contra-emenda-que-retira-poderes-de-agencias-reguladoras\/","name":"Novo presidente da CI \u00e9 contra emenda que retira poderes de ag\u00eancias reguladoras - Ag\u00eancia iNFRA","isPartOf":{"@id":"https:\/\/agenciainfra.com\/blog\/#website"},"primaryImageOfPage":{"@id":"https:\/\/agenciainfra.com\/blog\/novo-presidente-da-ci-e-contra-emenda-que-retira-poderes-de-agencias-reguladoras\/#primaryimage"},"image":{"@id":"https:\/\/agenciainfra.com\/blog\/novo-presidente-da-ci-e-contra-emenda-que-retira-poderes-de-agencias-reguladoras\/#primaryimage"},"thumbnailUrl":"https:\/\/agenciainfra.com\/blog\/wp-content\/uploads\/2023\/03\/confucio-moura-foto-agencia-senado.jpg","datePublished":"2023-03-13T12:00:00+00:00","breadcrumb":{"@id":"https:\/\/agenciainfra.com\/blog\/novo-presidente-da-ci-e-contra-emenda-que-retira-poderes-de-agencias-reguladoras\/#breadcrumb"},"inLanguage":"pt-BR","potentialAction":[{"@type":"ReadAction","target":["https:\/\/agenciainfra.com\/blog\/novo-presidente-da-ci-e-contra-emenda-que-retira-poderes-de-agencias-reguladoras\/"]}]},{"@type":"ImageObject","inLanguage":"pt-BR","@id":"https:\/\/agenciainfra.com\/blog\/novo-presidente-da-ci-e-contra-emenda-que-retira-poderes-de-agencias-reguladoras\/#primaryimage","url":"https:\/\/agenciainfra.com\/blog\/wp-content\/uploads\/2023\/03\/confucio-moura-foto-agencia-senado.jpg","contentUrl":"https:\/\/agenciainfra.com\/blog\/wp-content\/uploads\/2023\/03\/confucio-moura-foto-agencia-senado.jpg","width":2047,"height":1365},{"@type":"BreadcrumbList","@id":"https:\/\/agenciainfra.com\/blog\/novo-presidente-da-ci-e-contra-emenda-que-retira-poderes-de-agencias-reguladoras\/#breadcrumb","itemListElement":[{"@type":"ListItem","position":1,"name":"In\u00edcio","item":"https:\/\/agenciainfra.com\/blog\/"},{"@type":"ListItem","position":2,"name":"Novo presidente da CI \u00e9 contra emenda que retira poderes de ag\u00eancias reguladoras"}]},{"@type":"WebSite","@id":"https:\/\/agenciainfra.com\/blog\/#website","url":"https:\/\/agenciainfra.com\/blog\/","name":"Ag\u00eancia iNFRA","description":"Multiplataforma de informa\u00e7\u00e3o jornal\u00edstica refer\u00eancia na \u00e1rea de infraestrutura no Brasil!","publisher":{"@id":"https:\/\/agenciainfra.com\/blog\/#organization"},"potentialAction":[{"@type":"SearchAction","target":{"@type":"EntryPoint","urlTemplate":"https:\/\/agenciainfra.com\/blog\/?s={search_term_string}"},"query-input":{"@type":"PropertyValueSpecification","valueRequired":true,"valueName":"search_term_string"}}],"inLanguage":"pt-BR"},{"@type":"Organization","@id":"https:\/\/agenciainfra.com\/blog\/#organization","name":"Ag\u00eancia iNFRA","url":"https:\/\/agenciainfra.com\/blog\/","logo":{"@type":"ImageObject","inLanguage":"pt-BR","@id":"https:\/\/agenciainfra.com\/blog\/#\/schema\/logo\/image\/","url":"https:\/\/agenciainfra.com\/blog\/wp-content\/uploads\/2023\/09\/iNFRA_5-e1761735885940.png","contentUrl":"https:\/\/agenciainfra.com\/blog\/wp-content\/uploads\/2023\/09\/iNFRA_5-e1761735885940.png","width":1672,"height":454,"caption":"Ag\u00eancia iNFRA"},"image":{"@id":"https:\/\/agenciainfra.com\/blog\/#\/schema\/logo\/image\/"},"sameAs":["https:\/\/www.facebook.com\/ageninfra","https:\/\/x.com\/agencia_infra","https:\/\/www.linkedin.com\/company\/ag\u00eanciainfra\/","https:\/\/www.instagram.com\/agenciainfra\/"]},{"@type":"Person","@id":"https:\/\/agenciainfra.com\/blog\/#\/schema\/person\/34af08dff6adea4cb22b06612ba7acfa","name":"Ag\u00eancia iNFRA","image":{"@type":"ImageObject","inLanguage":"pt-BR","@id":"https:\/\/agenciainfra.com\/blog\/#\/schema\/person\/image\/","url":"https:\/\/secure.gravatar.com\/avatar\/d189e01678f06d8eb84d4e01f08eb848b3fffe3f8443818d3c356c66892f5be8?s=96&d=mm&r=g","contentUrl":"https:\/\/secure.gravatar.com\/avatar\/d189e01678f06d8eb84d4e01f08eb848b3fffe3f8443818d3c356c66892f5be8?s=96&d=mm&r=g","caption":"Ag\u00eancia iNFRA"},"url":"https:\/\/agenciainfra.com\/blog\/author\/admin\/"}]}},"_links":{"self":[{"href":"https:\/\/agenciainfra.com\/blog\/wp-json\/wp\/v2\/posts\/12332","targetHints":{"allow":["GET"]}}],"collection":[{"href":"https:\/\/agenciainfra.com\/blog\/wp-json\/wp\/v2\/posts"}],"about":[{"href":"https:\/\/agenciainfra.com\/blog\/wp-json\/wp\/v2\/types\/post"}],"author":[{"embeddable":true,"href":"https:\/\/agenciainfra.com\/blog\/wp-json\/wp\/v2\/users\/1"}],"replies":[{"embeddable":true,"href":"https:\/\/agenciainfra.com\/blog\/wp-json\/wp\/v2\/comments?post=12332"}],"version-history":[{"count":0,"href":"https:\/\/agenciainfra.com\/blog\/wp-json\/wp\/v2\/posts\/12332\/revisions"}],"wp:featuredmedia":[{"embeddable":true,"href":"https:\/\/agenciainfra.com\/blog\/wp-json\/wp\/v2\/media\/12333"}],"wp:attachment":[{"href":"https:\/\/agenciainfra.com\/blog\/wp-json\/wp\/v2\/media?parent=12332"}],"wp:term":[{"taxonomy":"category","embeddable":true,"href":"https:\/\/agenciainfra.com\/blog\/wp-json\/wp\/v2\/categories?post=12332"},{"taxonomy":"post_tag","embeddable":true,"href":"https:\/\/agenciainfra.com\/blog\/wp-json\/wp\/v2\/tags?post=12332"}],"curies":[{"name":"wp","href":"https:\/\/api.w.org\/{rel}","templated":true}]}}