{"id":12338,"date":"2023-03-13T11:00:00","date_gmt":"2023-03-13T14:00:00","guid":{"rendered":"https:\/\/www.agenciainfra.com\/blog\/?p=12338"},"modified":"2023-03-13T08:30:04","modified_gmt":"2023-03-13T11:30:04","slug":"infradebate-prestacao-direta-por-companhias-estaduais-de-saneamento-basico","status":"publish","type":"post","link":"https:\/\/agenciainfra.com\/blog\/infradebate-prestacao-direta-por-companhias-estaduais-de-saneamento-basico\/","title":{"rendered":"iNFRADebate: Presta\u00e7\u00e3o direta por companhias estaduais de saneamento b\u00e1sico"},"content":{"rendered":"\n<p class=\"has-text-align-right\"><strong>Ana Tereza Marques Parente* e Douglas Estevam**<\/strong><\/p>\n\n\n\n<p>Tramita no STF (Supremo Tribunal Federal) a A\u00e7\u00e3o Direta de Inconstitucionalidade 7335\/PB que, sob o pano de fundo jur\u00eddico, discute a possibilidade de presta\u00e7\u00e3o direta dos servi\u00e7os p\u00fablicos pela companhia estadual de saneamento b\u00e1sico nas microrregi\u00f5es criadas pelo Estado da Para\u00edba, por meio da Lei Complementar 168\/2021<a href=\"#_ftn1\">[1]<\/a>.<\/p>\n\n\n\n<p>Os incisos VIII e XI do art. 7.\u00ba da lei complementar estadual<a href=\"#_ftn2\">[2]<\/a> foram impugnados pela ABCON SIDCON (Associa\u00e7\u00e3o e Sindicato Nacional das Concession\u00e1rias Privadas de Servi\u00e7os P\u00fablicos de \u00c1gua e Esgoto) por supostamente permitirem \u00e0 CAGEPA (Companhia de \u00c1gua e Esgotos da Para\u00edba) prestar servi\u00e7os nas unidades territoriais urbanas sem a necessidade de licita\u00e7\u00e3o.<\/p>\n\n\n\n<p>Em sua manifesta\u00e7\u00e3o do dia 24 de fevereiro de 2023, a AGU (Advocacia-Geral da Uni\u00e3o) defendeu a legalidade das normas em quest\u00e3o, sustentando que as atividades de uma empresa estatal de quaisquer dos entes metropolitanos configurariam uma presta\u00e7\u00e3o direta do servi\u00e7o p\u00fablico.<\/p>\n\n\n\n<p>Mais especificamente, a AGU afirmou que, em raz\u00e3o do Estado da Para\u00edba ser \u201ccotitular do servi\u00e7o p\u00fablico de saneamento b\u00e1sico, em conjunto com os munic\u00edpios que compartilham efetivamente instala\u00e7\u00f5es operacionais integrantes das respectivas microrregi\u00f5es\u201d, logo, estaria autorizada a \u201cpresta\u00e7\u00e3o direta dos servi\u00e7os pela CAGEPA, uma sociedade de economia mista cujo capital pertence majoritariamente\u201d<a href=\"#_ftn3\">[3]<\/a> ao ente estadual.<\/p>\n\n\n\n<p>No entanto, como o direito metropolitano sofreu atualiza\u00e7\u00f5es muito recentes em nosso ordenamento jur\u00eddico<a href=\"#_ftn4\">[4]<\/a>, \u00e9 natural que as opini\u00f5es ainda variem. Mas, ainda assim, \u00e9 of\u00edcio dos juristas endere\u00e7arem as quest\u00f5es de modo t\u00e9cnico, a fim de que n\u00e3o sejam dadas respostas equivocadas aos mesmos problemas.<\/p>\n\n\n\n<p>Dado o regime constitucional das unidades territoriais urbanas<a href=\"#_ftn5\">[5]<\/a>, \u00e9 necess\u00e1rio entender o que \u00e9 uma regi\u00e3o metropolitana e como \u00e9 concebida a titularidade de suas fun\u00e7\u00f5es p\u00fablicas de interesse comum. Antes de tudo, portanto, \u00e9 importante dizer que as microrregi\u00f5es s\u00e3o \u00f3rg\u00e3os administrativos interfederativos \u2014 e, de nenhum modo, s\u00e3o um quarto ente federativo.<\/p>\n\n\n\n<p>Nos termos do ac\u00f3rd\u00e3o da ADI 1.842\/RJ, s\u00e3o o agrupamento compuls\u00f3rio de munic\u00edpios lim\u00edtrofes que devem \u2014 com a participa\u00e7\u00e3o do ente estadual \u2014 definir as pol\u00edticas p\u00fablicas que os afetem concomitantemente<a href=\"#_ftn6\">[6]<\/a>. Nesse sentido, a lei complementar estadual que cria a unidade regional determina a compet\u00eancia conciliar<a href=\"#_ftn7\">[7]<\/a> que os entes federativos dever\u00e3o, em conjunto, exercer no \u00e2mbito do colegiado metropolitano.<\/p>\n\n\n\n<p>Essa precis\u00e3o conceitual \u00e9 relevante, pois a institui\u00e7\u00e3o de uma unidade territorial urbana implica a atribui\u00e7\u00e3o da titularidade dos servi\u00e7os p\u00fablicos ao \u00f3rg\u00e3o deliberativo formado pelos entes metropolitanos \u2014 j\u00e1 que nenhum deles tem o direito de exerc\u00ea-la isoladamente.<\/p>\n\n\n\n<p>Nesse paradigma, \u00e9 poss\u00edvel subordinar ou vincular \u00f3rg\u00e3os ou entidades administrativas ao conselho deliberativo da unidade regional para a execu\u00e7\u00e3o das fun\u00e7\u00f5es p\u00fablicas de interesse comum. Um exemplo claro disso \u00e9 o Instituto Rio Metr\u00f3pole, que \u00e9 uma autarquia em regime especial sob controle do \u00f3rg\u00e3o interfederativo, ent\u00e3o formado pelo governador, por vinte e dois prefeitos e mais tr\u00eas segmentos civis da Regi\u00e3o Metropolitana do Rio de Janeiro.<\/p>\n\n\n\n<p>Portanto, a t\u00edtulo de contribui\u00e7\u00e3o, ser\u00e3o tecidas algumas breves considera\u00e7\u00f5es sobre a a\u00e7\u00e3o direta de inconstitucionalidade em ep\u00edgrafe. Em primeiro lugar, \u00e9 considerada presta\u00e7\u00e3o direita<a href=\"#_ftn8\">[8]<\/a> somente aquela atividade que \u00e9 desempenhada por um <strong><u>\u00f3rg\u00e3o<\/u><\/strong> do titular do servi\u00e7o p\u00fablico; todavia, a CAGEPA n\u00e3o \u00e9 \u00f3rg\u00e3o de nenhum dos colegiados microrregionais (nem sequer do Estado da Para\u00edba, visto que ela \u00e9 uma pessoa jur\u00eddica de direito privado).<\/p>\n\n\n\n<p>Em segundo lugar, para que se admitisse a presta\u00e7\u00e3o indireta (haja vista n\u00e3o se tratar de uma presta\u00e7\u00e3o direta) de acordo com o Novo Marco Legal do Saneamento, seria necess\u00e1rio um liame jur\u00eddico entre a empresa estatal e \u00f3rg\u00e3o colegiado deliberativo da microrregi\u00e3o \u2014 em alguma esp\u00e9cie de descentraliza\u00e7\u00e3o administrativa. Ao fim das contas, a CAGEPA n\u00e3o \u00e9 vinculada a nenhum dos colegiados microrregionais, mas apenas e t\u00e3o somente ao ente estadual, que \u00e9 um dentre os v\u00e1rios integrantes do \u00f3rg\u00e3o deliberativo (art. 5.\u00ba da Lei Complementar 168\/2021)<a href=\"#_ftn9\">[9]<\/a>.<\/p>\n\n\n\n<p>Hipoteticamente, as microrregi\u00f5es poderiam delegar a presta\u00e7\u00e3o dos servi\u00e7os ao ente estadual<a href=\"#_ftn10\">[10]<\/a>, que continuaria contratado sem passar por processo seletivo concorrencial para a escolha do melhor prestador, mas isso foi expressamente vedado pela atual reda\u00e7\u00e3o do art. 10, <em>caput<\/em>, da Lei n.\u00ba 11.445\/2007 (alterado pelo Novo Marco Legal do Saneamento), cuja constitucionalidade j\u00e1 foi reconhecida pelo STF.<\/p>\n\n\n\n<p>Se o argumento da AGU fosse v\u00e1lido, tamb\u00e9m seria poss\u00edvel que o servi\u00e7o aut\u00f4nomo de \u00e1gua e esgoto de algum munic\u00edpio metropolitano desempenhasse atividades em toda a extens\u00e3o da microrregi\u00e3o \u2014 o que \u00e9 uma redu\u00e7\u00e3o ao absurdo. Ou seja, n\u00e3o se est\u00e1 a tratar nem de presta\u00e7\u00e3o direita nem de presta\u00e7\u00e3o indireta leg\u00edtima, dentro do quadro normativo setorial.<\/p>\n\n\n\n<p>Outro argumento que precisa ser tamb\u00e9m avaliado est\u00e1 relacionado \u00e0 governan\u00e7a das microrregi\u00f5es. Ora, se compete ao colegiado microrregional deliberar sobre assuntos de interesse regional (art. 7.\u00ba, II) e decidir, para cada microrregi\u00e3o, a forma de presta\u00e7\u00e3o dos servi\u00e7os de interesse comum e seus respons\u00e1veis (art. 7.\u00ba, III, da Lei Complementar n.\u00ba 168\/2021), ent\u00e3o, como poderia, de antem\u00e3o, a lei estadual delegar a presta\u00e7\u00e3o dos servi\u00e7os \u00e0 companhia estadual de saneamento b\u00e1sico?<\/p>\n\n\n\n<p>Parece que a delega\u00e7\u00e3o <em>a priori<\/em> da presta\u00e7\u00e3o dos servi\u00e7os com exclusividade \u00e0 CAGEPA fere a liberdade do colegiado de cada microrregi\u00e3o decidir, caso a caso, o que \u00e9 melhor de acordo com suas especificidades. N\u00e3o \u00e9 democr\u00e1tico que se aceite tal decis\u00e3o exclusiva do Estado da Para\u00edba, ainda mais para beneficiar uma companhia privada da qual \u00e9 acionista \u2014 sendo este um caso cl\u00e1ssico de conflito de interesses.<\/p>\n\n\n\n<p>Embora alguns defendam tal \u201cbrecha na lei\u201d, parece-nos mais um atentado \u00e0 seguran\u00e7a jur\u00eddica do marco legal do saneamento, cujo setor carece urgentemente de desenvolvimento em sua infraestrutura. Ao mesmo tempo, reclama a sociedade brasileira o bom senso de quem tem o poder de nos tirar, at\u00e9 2033, das trevas que \u00e9 a falta de saneamento.<\/p>\n\n\n\n<hr class=\"wp-block-separator\"\/>\n\n\n\n<p><a href=\"#_ftnref1\">[1]<\/a> ESTADO DA PARA\u00cdBA. <strong>Lei Complementar n.\u00ba 168, de 22 de junho de 2021<\/strong>. Institui as Microrregi\u00f5es de \u00c1gua e Esgoto do Alto Piranhas, do Espinharas, da Borborema e do Litoral e suas respectivas estruturas de governan\u00e7a. Dispon\u00edvel em: &lt;http:\/\/sapl.al.pb.leg.br\/sapl\/sapl_documentos\/norma_juridica\/14119_texto_integral&gt;. Acesso em 1.\u00ba mar. 2023.<\/p>\n\n\n\n<p><a href=\"#_ftnref2\">[2]<\/a> As normas impugnadas foram recentemente revogadas pela LC182\/2023. ESTADO DA PARA\u00cdBA. <strong>Lei Complementar n.\u00ba 182, de 27 de janeiro de 2023<\/strong>. Altera a reda\u00e7\u00e3o do artigo 8.\u00ba e revoga os incisos VIII e XI do caput do artigo 7.\u00ba, ambos da Lei Complementar n.\u00ba 168, de 21 de junho de 2021. Dispon\u00edvel em: &lt;http:\/\/sapl.al.pb.leg.br\/sapl\/sapl_documentos\/norma_juridica\/15976_texto_integral&gt;. Acesso em 1.\u00ba mar. 2023.<\/p>\n\n\n\n<p><a href=\"#_ftnref3\">[3]<\/a> SUPREMO TRIBUNAL FEDERAL. <strong>ADI n.\u00ba 7.335\/PB<\/strong>. Ministro Relator Andr\u00e9 Mendon\u00e7a. Dispon\u00edvel em: &lt;https:\/\/portal.stf.jus.br\/processos\/detalhe.asp?incidente=6547099&gt;. Acesso em 1.\u00ba mar. 2023.<\/p>\n\n\n\n<p><a href=\"#_ftnref4\">[4]<\/a> ESTEVAM, Douglas. <strong>O que \u00e9 uma unidade territorial urbana?<\/strong> ConJur, 30 nov. 2022. Dispon\u00edvel em: &lt;https:\/\/www.conjur.com.br\/2022-nov-30\/douglas-estevam-unidade-territorial-urbana&gt;. Acesso em 1.\u00ba mar. 2023.<\/p>\n\n\n\n<p><a href=\"#_ftnref5\">[5]<\/a> ESTEVAM, Douglas. <strong>O regime constitucional das regi\u00f5es metropolitanas<\/strong>. ConJur, 12 out. 2021. Dispon\u00edvel em: &lt;https:\/\/www.conjur.com.br\/2021-out-12\/estevam-regime-constitucional-regioes-metropolitanas&gt;. Acesso em 2 mar. 2023.<\/p>\n\n\n\n<p><a href=\"#_ftnref6\">[6]<\/a> LOPES, Marcelo. Da adequada interpreta\u00e7\u00e3o da legisla\u00e7\u00e3o federal ao tratar das fun\u00e7\u00f5es p\u00fablicas de interesse comum. In: MARTINS, Pl\u00ednio Lacerda; PAUSEIRO, Sergio Gustavo de Mattos; TOSTES, Eduardo Chow de Martino (org.). <strong>Di\u00e1logos Brasil\u2014Reino Unido<\/strong>: comparativo de jurisprud\u00eancia e direito econ\u00f4mico. Rio de Janeiro: IDPP\/EDUCAM, 2023. pp. 1.084-1.148.<\/p>\n\n\n\n<p><a href=\"#_ftnref7\">[7]<\/a> ESTEVAM, Douglas. <strong>A titularidade das fun\u00e7\u00f5es p\u00fablicas de interesse comum<\/strong>. ConJur, 25 mar. 2022. Dispon\u00edvel em: &lt;https:\/\/www.conjur.com.br\/2022-mar-25\/douglas-estevam-titularidade-funcoes-interesse-comum&gt;. Acesso em 2023.<\/p>\n\n\n\n<p><a href=\"#_ftnref8\">[8]<\/a> ESTEVAM, Douglas. <strong>Formas de presta\u00e7\u00e3o do saneamento<\/strong>. iNFRADebate, 3 ago. 2023. Dispon\u00edvel em: &lt;https:\/\/agenciainfra.com\/blog\/infradebate-formas-de-prestacao-do-saneamento\/#:~:text=Por%20derradeiro%2C%20a%20forma%20de,os%20servi%C3%A7os%20no%20territ%C3%B3rio%20nacional.&gt;. Acesso em 2 mar. 2023.<\/p>\n\n\n\n<p><a href=\"#_ftnref9\">[9]<\/a> \u201cDa Estrutura de Governan\u00e7a Art. 5\u00b0 Integram a estrutura de governan\u00e7a de cada autarquia microrregional: I &#8211; o Colegiado Microrregional, composto por um representante de cada Munic\u00edpio que a integra ou com ela conveniada e por um representante do Estado da Para\u00edba; II &#8211; o Comit\u00ea T\u00e9cnico, composto por oito representantes dos Munic\u00edpios e por tr\u00eas representantes do Estado da Para\u00edba; III &#8211; o Conselho Participativo, composto por: a) 5 (cinco) representantes da sociedade civil escolhidos pela Assembleia Legislativa; e, b) 6 (seis) representantes da sociedade civil escolhidos pelo Colegiado Microrregional; IV &#8211; o Secret\u00e1rio-Geral, eleito na forma do \u00a7 2\u00ba do art. 12. Par\u00e1grafo \u00fanico. O Regimento Interno de cada autarquia microrregional dispor\u00e1, dentre outras mat\u00e9rias, sobre: I &#8211; o funcionamento dos \u00f3rg\u00e3os mencionados nos incisos I a IV do caput; II &#8211; a forma de escolha dos membros do Comit\u00ea T\u00e9cnico e do Conselho Participativo, observando-se, quanto a este \u00faltimo, tanto quanto poss\u00edvel, o disposto no artigo 47 da Lei Federal n\u00b0 11.445, de 5 de janeiro de 2007; III &#8211; a cria\u00e7\u00e3o e funcionamento das C\u00e2maras Tem\u00e1ticas ou de outros \u00f3rg\u00e3os, permanentes ou tempor\u00e1rios.\u201d<\/p>\n\n\n\n<p><a href=\"#_ftnref10\">[10]<\/a> <em>v<\/em>. ESTEVAM, Douglas. <strong>O saneamento b\u00e1sico e seus instrumentos jur\u00eddicos<\/strong>. ConJur, 7 jul. 2022. Dispon\u00edvel em: &lt;https:\/\/www.conjur.com.br\/2022-jul-07\/douglas-estevam-saneamento-basico-instrumentos-juridicos&gt;. Acesso em 2 mar. 2023.<\/p>\n\n\n\n<h6 class=\"wp-block-heading\" id=\"block-aa9ff8cf-f9c2-435f-85ff-56a599c37bc9\"><strong>*Ana Tereza Marques Parente \u00e9 doutoranda em direito pela UFF (Universidade Federal Fluminense) e mestra em direito patrimonial privado pela Universidade de Salamanca, Espanha. anatereza.parente@gmail.com<\/strong><\/h6>\n\n\n\n<h6 class=\"wp-block-heading\" id=\"block-aa9ff8cf-f9c2-435f-85ff-56a599c37bc9\"><strong>**Douglas Estevam \u00e9 mestre em direito da cidade pela UERJ (Universidade Estadual do Rio de Janeiro) e secret\u00e1rio-geral da Comiss\u00e3o Especial de Saneamento, Recursos H\u00eddricos e G\u00e1s Encanado da OAB\/RJ (Ordem dos Advogados do Brasil &#8211; seccional Rio de Janeiro). douglasestevam@hotmail.com<\/strong><\/h6>\n\n\n\n<h5 class=\"wp-block-heading\" id=\"block-d67878ff-7627-4f15-b175-8f58269174ff\">O iNFRADebate \u00e9 o espa\u00e7o de artigos da Ag\u00eancia iNFRA com opini\u00f5es de seus atores que n\u00e3o refletem necessariamente o pensamento da Ag\u00eancia iNFRA, sendo de total responsabilidade do autor as informa\u00e7\u00f5es, ju\u00edzos de valor e conceitos descritos no texto.<\/h5>\n","protected":false},"excerpt":{"rendered":"<p>Ana Tereza Marques Parente* e Douglas Estevam** Tramita no STF (Supremo Tribunal Federal) a A\u00e7\u00e3o Direta de Inconstitucionalidade 7335\/PB que, sob o pano de fundo jur\u00eddico, discute a possibilidade de presta\u00e7\u00e3o direta dos servi\u00e7os p\u00fablicos pela companhia estadual de saneamento b\u00e1sico nas microrregi\u00f5es criadas pelo Estado da Para\u00edba, por meio da Lei Complementar 168\/2021[1]. Os [&hellip;]<\/p>\n","protected":false},"author":1,"featured_media":5269,"comment_status":"closed","ping_status":"closed","sticky":false,"template":"","format":"standard","meta":{"_monsterinsights_skip_tracking":false,"_monsterinsights_sitenote_active":false,"_monsterinsights_sitenote_note":"","_monsterinsights_sitenote_category":0,"footnotes":""},"categories":[1,11],"tags":[6488,6489,6035,316,4639,6490,6274,179,361,372],"class_list":["post-12338","post","type-post","status-publish","format-standard","has-post-thumbnail","hentry","category-geral","category-infradebate","tag-abcon-sidcon","tag-adi-7335","tag-cagepa","tag-licitacao","tag-marco-legal","tag-orgaos-interfederativos","tag-paraiba","tag-saneamento","tag-servico-publico","tag-stf"],"yoast_head":"<!-- This site is optimized with the Yoast SEO Premium plugin v25.4 (Yoast SEO v26.0) - https:\/\/yoast.com\/wordpress\/plugins\/seo\/ -->\n<title>iNFRADebate: Presta\u00e7\u00e3o direta por companhias estaduais de saneamento b\u00e1sico - Ag\u00eancia iNFRA<\/title>\n<meta name=\"robots\" content=\"index, follow, max-snippet:-1, max-image-preview:large, max-video-preview:-1\" \/>\n<link rel=\"canonical\" href=\"https:\/\/agenciainfra.com\/blog\/infradebate-prestacao-direta-por-companhias-estaduais-de-saneamento-basico\/\" \/>\n<meta property=\"og:locale\" content=\"pt_BR\" \/>\n<meta property=\"og:type\" content=\"article\" \/>\n<meta property=\"og:title\" content=\"iNFRADebate: Presta\u00e7\u00e3o direta por companhias estaduais de saneamento b\u00e1sico\" \/>\n<meta property=\"og:description\" content=\"Ana Tereza Marques Parente* e Douglas Estevam** Tramita no STF (Supremo Tribunal Federal) a A\u00e7\u00e3o Direta de Inconstitucionalidade 7335\/PB que, sob o pano de fundo jur\u00eddico, discute a possibilidade de presta\u00e7\u00e3o direta dos servi\u00e7os p\u00fablicos pela companhia estadual de saneamento b\u00e1sico nas microrregi\u00f5es criadas pelo Estado da Para\u00edba, por meio da Lei Complementar 168\/2021[1]. Os [&hellip;]\" \/>\n<meta property=\"og:url\" content=\"https:\/\/agenciainfra.com\/blog\/infradebate-prestacao-direta-por-companhias-estaduais-de-saneamento-basico\/\" \/>\n<meta property=\"og:site_name\" content=\"Ag\u00eancia iNFRA\" \/>\n<meta property=\"article:publisher\" content=\"https:\/\/www.facebook.com\/ageninfra\" \/>\n<meta property=\"article:published_time\" content=\"2023-03-13T14:00:00+00:00\" \/>\n<meta property=\"og:image\" content=\"https:\/\/agenciainfra.com\/blog\/wp-content\/uploads\/2020\/06\/torneira-saneamento-dominio-publico.jpg\" \/>\n\t<meta property=\"og:image:width\" content=\"1200\" \/>\n\t<meta property=\"og:image:height\" content=\"800\" \/>\n\t<meta property=\"og:image:type\" content=\"image\/jpeg\" \/>\n<meta name=\"author\" content=\"Ag\u00eancia iNFRA\" \/>\n<meta name=\"twitter:card\" content=\"summary_large_image\" \/>\n<meta name=\"twitter:creator\" content=\"@agencia_infra\" \/>\n<meta name=\"twitter:site\" content=\"@agencia_infra\" \/>\n<meta name=\"twitter:label1\" content=\"Escrito por\" \/>\n\t<meta name=\"twitter:data1\" content=\"Ag\u00eancia iNFRA\" \/>\n\t<meta name=\"twitter:label2\" content=\"Est. tempo de leitura\" \/>\n\t<meta name=\"twitter:data2\" content=\"9 minutos\" \/>\n<script type=\"application\/ld+json\" class=\"yoast-schema-graph\">{\"@context\":\"https:\/\/schema.org\",\"@graph\":[{\"@type\":\"Article\",\"@id\":\"https:\/\/agenciainfra.com\/blog\/infradebate-prestacao-direta-por-companhias-estaduais-de-saneamento-basico\/#article\",\"isPartOf\":{\"@id\":\"https:\/\/agenciainfra.com\/blog\/infradebate-prestacao-direta-por-companhias-estaduais-de-saneamento-basico\/\"},\"author\":{\"name\":\"Ag\u00eancia iNFRA\",\"@id\":\"https:\/\/agenciainfra.com\/blog\/#\/schema\/person\/34af08dff6adea4cb22b06612ba7acfa\"},\"headline\":\"iNFRADebate: Presta\u00e7\u00e3o direta por companhias estaduais de saneamento b\u00e1sico\",\"datePublished\":\"2023-03-13T14:00:00+00:00\",\"mainEntityOfPage\":{\"@id\":\"https:\/\/agenciainfra.com\/blog\/infradebate-prestacao-direta-por-companhias-estaduais-de-saneamento-basico\/\"},\"wordCount\":1720,\"publisher\":{\"@id\":\"https:\/\/agenciainfra.com\/blog\/#organization\"},\"image\":{\"@id\":\"https:\/\/agenciainfra.com\/blog\/infradebate-prestacao-direta-por-companhias-estaduais-de-saneamento-basico\/#primaryimage\"},\"thumbnailUrl\":\"https:\/\/agenciainfra.com\/blog\/wp-content\/uploads\/2020\/06\/torneira-saneamento-dominio-publico.jpg\",\"keywords\":[\"ABCON SIDCON\",\"ADI 7335\",\"Cagepa\",\"licita\u00e7\u00e3o\",\"Marco Legal\",\"\u00f3rg\u00e3os interfederativos\",\"Para\u00edba\",\"saneamento\",\"servi\u00e7o p\u00fablico\",\"STF\"],\"articleSection\":[\"Geral\",\"iNFRADebate\"],\"inLanguage\":\"pt-BR\",\"copyrightYear\":\"2023\",\"copyrightHolder\":{\"@id\":\"https:\/\/agenciainfra.com\/blog\/#organization\"}},{\"@type\":\"WebPage\",\"@id\":\"https:\/\/agenciainfra.com\/blog\/infradebate-prestacao-direta-por-companhias-estaduais-de-saneamento-basico\/\",\"url\":\"https:\/\/agenciainfra.com\/blog\/infradebate-prestacao-direta-por-companhias-estaduais-de-saneamento-basico\/\",\"name\":\"iNFRADebate: Presta\u00e7\u00e3o direta por companhias estaduais de saneamento b\u00e1sico - Ag\u00eancia iNFRA\",\"isPartOf\":{\"@id\":\"https:\/\/agenciainfra.com\/blog\/#website\"},\"primaryImageOfPage\":{\"@id\":\"https:\/\/agenciainfra.com\/blog\/infradebate-prestacao-direta-por-companhias-estaduais-de-saneamento-basico\/#primaryimage\"},\"image\":{\"@id\":\"https:\/\/agenciainfra.com\/blog\/infradebate-prestacao-direta-por-companhias-estaduais-de-saneamento-basico\/#primaryimage\"},\"thumbnailUrl\":\"https:\/\/agenciainfra.com\/blog\/wp-content\/uploads\/2020\/06\/torneira-saneamento-dominio-publico.jpg\",\"datePublished\":\"2023-03-13T14:00:00+00:00\",\"breadcrumb\":{\"@id\":\"https:\/\/agenciainfra.com\/blog\/infradebate-prestacao-direta-por-companhias-estaduais-de-saneamento-basico\/#breadcrumb\"},\"inLanguage\":\"pt-BR\",\"potentialAction\":[{\"@type\":\"ReadAction\",\"target\":[\"https:\/\/agenciainfra.com\/blog\/infradebate-prestacao-direta-por-companhias-estaduais-de-saneamento-basico\/\"]}]},{\"@type\":\"ImageObject\",\"inLanguage\":\"pt-BR\",\"@id\":\"https:\/\/agenciainfra.com\/blog\/infradebate-prestacao-direta-por-companhias-estaduais-de-saneamento-basico\/#primaryimage\",\"url\":\"https:\/\/agenciainfra.com\/blog\/wp-content\/uploads\/2020\/06\/torneira-saneamento-dominio-publico.jpg\",\"contentUrl\":\"https:\/\/agenciainfra.com\/blog\/wp-content\/uploads\/2020\/06\/torneira-saneamento-dominio-publico.jpg\",\"width\":1200,\"height\":800,\"caption\":\"Foto: Dom\u00ednio p\u00fablico\"},{\"@type\":\"BreadcrumbList\",\"@id\":\"https:\/\/agenciainfra.com\/blog\/infradebate-prestacao-direta-por-companhias-estaduais-de-saneamento-basico\/#breadcrumb\",\"itemListElement\":[{\"@type\":\"ListItem\",\"position\":1,\"name\":\"In\u00edcio\",\"item\":\"https:\/\/agenciainfra.com\/blog\/\"},{\"@type\":\"ListItem\",\"position\":2,\"name\":\"iNFRADebate: Presta\u00e7\u00e3o direta por companhias estaduais de saneamento b\u00e1sico\"}]},{\"@type\":\"WebSite\",\"@id\":\"https:\/\/agenciainfra.com\/blog\/#website\",\"url\":\"https:\/\/agenciainfra.com\/blog\/\",\"name\":\"Ag\u00eancia iNFRA\",\"description\":\"Multiplataforma de informa\u00e7\u00e3o jornal\u00edstica refer\u00eancia na \u00e1rea de infraestrutura no Brasil!\",\"publisher\":{\"@id\":\"https:\/\/agenciainfra.com\/blog\/#organization\"},\"potentialAction\":[{\"@type\":\"SearchAction\",\"target\":{\"@type\":\"EntryPoint\",\"urlTemplate\":\"https:\/\/agenciainfra.com\/blog\/?s={search_term_string}\"},\"query-input\":{\"@type\":\"PropertyValueSpecification\",\"valueRequired\":true,\"valueName\":\"search_term_string\"}}],\"inLanguage\":\"pt-BR\"},{\"@type\":\"Organization\",\"@id\":\"https:\/\/agenciainfra.com\/blog\/#organization\",\"name\":\"Ag\u00eancia iNFRA\",\"url\":\"https:\/\/agenciainfra.com\/blog\/\",\"logo\":{\"@type\":\"ImageObject\",\"inLanguage\":\"pt-BR\",\"@id\":\"https:\/\/agenciainfra.com\/blog\/#\/schema\/logo\/image\/\",\"url\":\"https:\/\/agenciainfra.com\/blog\/wp-content\/uploads\/2023\/09\/iNFRA_5-e1761735885940.png\",\"contentUrl\":\"https:\/\/agenciainfra.com\/blog\/wp-content\/uploads\/2023\/09\/iNFRA_5-e1761735885940.png\",\"width\":1672,\"height\":454,\"caption\":\"Ag\u00eancia iNFRA\"},\"image\":{\"@id\":\"https:\/\/agenciainfra.com\/blog\/#\/schema\/logo\/image\/\"},\"sameAs\":[\"https:\/\/www.facebook.com\/ageninfra\",\"https:\/\/x.com\/agencia_infra\",\"https:\/\/www.linkedin.com\/company\/ag\u00eanciainfra\/\",\"https:\/\/www.instagram.com\/agenciainfra\/\"]},{\"@type\":\"Person\",\"@id\":\"https:\/\/agenciainfra.com\/blog\/#\/schema\/person\/34af08dff6adea4cb22b06612ba7acfa\",\"name\":\"Ag\u00eancia iNFRA\",\"image\":{\"@type\":\"ImageObject\",\"inLanguage\":\"pt-BR\",\"@id\":\"https:\/\/agenciainfra.com\/blog\/#\/schema\/person\/image\/\",\"url\":\"https:\/\/secure.gravatar.com\/avatar\/d189e01678f06d8eb84d4e01f08eb848b3fffe3f8443818d3c356c66892f5be8?s=96&d=mm&r=g\",\"contentUrl\":\"https:\/\/secure.gravatar.com\/avatar\/d189e01678f06d8eb84d4e01f08eb848b3fffe3f8443818d3c356c66892f5be8?s=96&d=mm&r=g\",\"caption\":\"Ag\u00eancia iNFRA\"},\"url\":\"https:\/\/agenciainfra.com\/blog\/author\/admin\/\"}]}<\/script>\n<!-- \/ Yoast SEO Premium plugin. -->","yoast_head_json":{"title":"iNFRADebate: Presta\u00e7\u00e3o direta por companhias estaduais de saneamento b\u00e1sico - Ag\u00eancia iNFRA","robots":{"index":"index","follow":"follow","max-snippet":"max-snippet:-1","max-image-preview":"max-image-preview:large","max-video-preview":"max-video-preview:-1"},"canonical":"https:\/\/agenciainfra.com\/blog\/infradebate-prestacao-direta-por-companhias-estaduais-de-saneamento-basico\/","og_locale":"pt_BR","og_type":"article","og_title":"iNFRADebate: Presta\u00e7\u00e3o direta por companhias estaduais de saneamento b\u00e1sico","og_description":"Ana Tereza Marques Parente* e Douglas Estevam** Tramita no STF (Supremo Tribunal Federal) a A\u00e7\u00e3o Direta de Inconstitucionalidade 7335\/PB que, sob o pano de fundo jur\u00eddico, discute a possibilidade de presta\u00e7\u00e3o direta dos servi\u00e7os p\u00fablicos pela companhia estadual de saneamento b\u00e1sico nas microrregi\u00f5es criadas pelo Estado da Para\u00edba, por meio da Lei Complementar 168\/2021[1]. Os [&hellip;]","og_url":"https:\/\/agenciainfra.com\/blog\/infradebate-prestacao-direta-por-companhias-estaduais-de-saneamento-basico\/","og_site_name":"Ag\u00eancia iNFRA","article_publisher":"https:\/\/www.facebook.com\/ageninfra","article_published_time":"2023-03-13T14:00:00+00:00","og_image":[{"width":1200,"height":800,"url":"https:\/\/agenciainfra.com\/blog\/wp-content\/uploads\/2020\/06\/torneira-saneamento-dominio-publico.jpg","type":"image\/jpeg"}],"author":"Ag\u00eancia iNFRA","twitter_card":"summary_large_image","twitter_creator":"@agencia_infra","twitter_site":"@agencia_infra","twitter_misc":{"Escrito por":"Ag\u00eancia iNFRA","Est. tempo de leitura":"9 minutos"},"schema":{"@context":"https:\/\/schema.org","@graph":[{"@type":"Article","@id":"https:\/\/agenciainfra.com\/blog\/infradebate-prestacao-direta-por-companhias-estaduais-de-saneamento-basico\/#article","isPartOf":{"@id":"https:\/\/agenciainfra.com\/blog\/infradebate-prestacao-direta-por-companhias-estaduais-de-saneamento-basico\/"},"author":{"name":"Ag\u00eancia iNFRA","@id":"https:\/\/agenciainfra.com\/blog\/#\/schema\/person\/34af08dff6adea4cb22b06612ba7acfa"},"headline":"iNFRADebate: Presta\u00e7\u00e3o direta por companhias estaduais de saneamento b\u00e1sico","datePublished":"2023-03-13T14:00:00+00:00","mainEntityOfPage":{"@id":"https:\/\/agenciainfra.com\/blog\/infradebate-prestacao-direta-por-companhias-estaduais-de-saneamento-basico\/"},"wordCount":1720,"publisher":{"@id":"https:\/\/agenciainfra.com\/blog\/#organization"},"image":{"@id":"https:\/\/agenciainfra.com\/blog\/infradebate-prestacao-direta-por-companhias-estaduais-de-saneamento-basico\/#primaryimage"},"thumbnailUrl":"https:\/\/agenciainfra.com\/blog\/wp-content\/uploads\/2020\/06\/torneira-saneamento-dominio-publico.jpg","keywords":["ABCON SIDCON","ADI 7335","Cagepa","licita\u00e7\u00e3o","Marco Legal","\u00f3rg\u00e3os interfederativos","Para\u00edba","saneamento","servi\u00e7o p\u00fablico","STF"],"articleSection":["Geral","iNFRADebate"],"inLanguage":"pt-BR","copyrightYear":"2023","copyrightHolder":{"@id":"https:\/\/agenciainfra.com\/blog\/#organization"}},{"@type":"WebPage","@id":"https:\/\/agenciainfra.com\/blog\/infradebate-prestacao-direta-por-companhias-estaduais-de-saneamento-basico\/","url":"https:\/\/agenciainfra.com\/blog\/infradebate-prestacao-direta-por-companhias-estaduais-de-saneamento-basico\/","name":"iNFRADebate: Presta\u00e7\u00e3o direta por companhias estaduais de saneamento b\u00e1sico - Ag\u00eancia iNFRA","isPartOf":{"@id":"https:\/\/agenciainfra.com\/blog\/#website"},"primaryImageOfPage":{"@id":"https:\/\/agenciainfra.com\/blog\/infradebate-prestacao-direta-por-companhias-estaduais-de-saneamento-basico\/#primaryimage"},"image":{"@id":"https:\/\/agenciainfra.com\/blog\/infradebate-prestacao-direta-por-companhias-estaduais-de-saneamento-basico\/#primaryimage"},"thumbnailUrl":"https:\/\/agenciainfra.com\/blog\/wp-content\/uploads\/2020\/06\/torneira-saneamento-dominio-publico.jpg","datePublished":"2023-03-13T14:00:00+00:00","breadcrumb":{"@id":"https:\/\/agenciainfra.com\/blog\/infradebate-prestacao-direta-por-companhias-estaduais-de-saneamento-basico\/#breadcrumb"},"inLanguage":"pt-BR","potentialAction":[{"@type":"ReadAction","target":["https:\/\/agenciainfra.com\/blog\/infradebate-prestacao-direta-por-companhias-estaduais-de-saneamento-basico\/"]}]},{"@type":"ImageObject","inLanguage":"pt-BR","@id":"https:\/\/agenciainfra.com\/blog\/infradebate-prestacao-direta-por-companhias-estaduais-de-saneamento-basico\/#primaryimage","url":"https:\/\/agenciainfra.com\/blog\/wp-content\/uploads\/2020\/06\/torneira-saneamento-dominio-publico.jpg","contentUrl":"https:\/\/agenciainfra.com\/blog\/wp-content\/uploads\/2020\/06\/torneira-saneamento-dominio-publico.jpg","width":1200,"height":800,"caption":"Foto: Dom\u00ednio p\u00fablico"},{"@type":"BreadcrumbList","@id":"https:\/\/agenciainfra.com\/blog\/infradebate-prestacao-direta-por-companhias-estaduais-de-saneamento-basico\/#breadcrumb","itemListElement":[{"@type":"ListItem","position":1,"name":"In\u00edcio","item":"https:\/\/agenciainfra.com\/blog\/"},{"@type":"ListItem","position":2,"name":"iNFRADebate: Presta\u00e7\u00e3o direta por companhias estaduais de saneamento b\u00e1sico"}]},{"@type":"WebSite","@id":"https:\/\/agenciainfra.com\/blog\/#website","url":"https:\/\/agenciainfra.com\/blog\/","name":"Ag\u00eancia iNFRA","description":"Multiplataforma de informa\u00e7\u00e3o jornal\u00edstica refer\u00eancia na \u00e1rea de infraestrutura no Brasil!","publisher":{"@id":"https:\/\/agenciainfra.com\/blog\/#organization"},"potentialAction":[{"@type":"SearchAction","target":{"@type":"EntryPoint","urlTemplate":"https:\/\/agenciainfra.com\/blog\/?s={search_term_string}"},"query-input":{"@type":"PropertyValueSpecification","valueRequired":true,"valueName":"search_term_string"}}],"inLanguage":"pt-BR"},{"@type":"Organization","@id":"https:\/\/agenciainfra.com\/blog\/#organization","name":"Ag\u00eancia iNFRA","url":"https:\/\/agenciainfra.com\/blog\/","logo":{"@type":"ImageObject","inLanguage":"pt-BR","@id":"https:\/\/agenciainfra.com\/blog\/#\/schema\/logo\/image\/","url":"https:\/\/agenciainfra.com\/blog\/wp-content\/uploads\/2023\/09\/iNFRA_5-e1761735885940.png","contentUrl":"https:\/\/agenciainfra.com\/blog\/wp-content\/uploads\/2023\/09\/iNFRA_5-e1761735885940.png","width":1672,"height":454,"caption":"Ag\u00eancia iNFRA"},"image":{"@id":"https:\/\/agenciainfra.com\/blog\/#\/schema\/logo\/image\/"},"sameAs":["https:\/\/www.facebook.com\/ageninfra","https:\/\/x.com\/agencia_infra","https:\/\/www.linkedin.com\/company\/ag\u00eanciainfra\/","https:\/\/www.instagram.com\/agenciainfra\/"]},{"@type":"Person","@id":"https:\/\/agenciainfra.com\/blog\/#\/schema\/person\/34af08dff6adea4cb22b06612ba7acfa","name":"Ag\u00eancia iNFRA","image":{"@type":"ImageObject","inLanguage":"pt-BR","@id":"https:\/\/agenciainfra.com\/blog\/#\/schema\/person\/image\/","url":"https:\/\/secure.gravatar.com\/avatar\/d189e01678f06d8eb84d4e01f08eb848b3fffe3f8443818d3c356c66892f5be8?s=96&d=mm&r=g","contentUrl":"https:\/\/secure.gravatar.com\/avatar\/d189e01678f06d8eb84d4e01f08eb848b3fffe3f8443818d3c356c66892f5be8?s=96&d=mm&r=g","caption":"Ag\u00eancia iNFRA"},"url":"https:\/\/agenciainfra.com\/blog\/author\/admin\/"}]}},"_links":{"self":[{"href":"https:\/\/agenciainfra.com\/blog\/wp-json\/wp\/v2\/posts\/12338","targetHints":{"allow":["GET"]}}],"collection":[{"href":"https:\/\/agenciainfra.com\/blog\/wp-json\/wp\/v2\/posts"}],"about":[{"href":"https:\/\/agenciainfra.com\/blog\/wp-json\/wp\/v2\/types\/post"}],"author":[{"embeddable":true,"href":"https:\/\/agenciainfra.com\/blog\/wp-json\/wp\/v2\/users\/1"}],"replies":[{"embeddable":true,"href":"https:\/\/agenciainfra.com\/blog\/wp-json\/wp\/v2\/comments?post=12338"}],"version-history":[{"count":0,"href":"https:\/\/agenciainfra.com\/blog\/wp-json\/wp\/v2\/posts\/12338\/revisions"}],"wp:featuredmedia":[{"embeddable":true,"href":"https:\/\/agenciainfra.com\/blog\/wp-json\/wp\/v2\/media\/5269"}],"wp:attachment":[{"href":"https:\/\/agenciainfra.com\/blog\/wp-json\/wp\/v2\/media?parent=12338"}],"wp:term":[{"taxonomy":"category","embeddable":true,"href":"https:\/\/agenciainfra.com\/blog\/wp-json\/wp\/v2\/categories?post=12338"},{"taxonomy":"post_tag","embeddable":true,"href":"https:\/\/agenciainfra.com\/blog\/wp-json\/wp\/v2\/tags?post=12338"}],"curies":[{"name":"wp","href":"https:\/\/api.w.org\/{rel}","templated":true}]}}