{"id":12360,"date":"2023-03-16T09:01:00","date_gmt":"2023-03-16T12:01:00","guid":{"rendered":"https:\/\/www.agenciainfra.com\/blog\/?p=12360"},"modified":"2023-03-16T10:51:01","modified_gmt":"2023-03-16T13:51:01","slug":"transnordestina-diz-que-tem-capacidade-de-entregar-ferrovia-ate-pecem-em-2026","status":"publish","type":"post","link":"https:\/\/agenciainfra.com\/blog\/transnordestina-diz-que-tem-capacidade-de-entregar-ferrovia-ate-pecem-em-2026\/","title":{"rendered":"Transnordestina diz que tem capacidade de entregar ferrovia at\u00e9 Pec\u00e9m em 2026"},"content":{"rendered":"\n<p class=\"has-text-align-right\"><strong>Dimmi Amora, da Ag\u00eancia iNFRA<\/strong><\/p>\n\n\n\n<p>A\u00a0Transnordestina\u00a0Log\u00edstica\u00a0tem\u00a0condi\u00e7\u00f5es de\u00a0entregar\u00a0a\u00a0Ferrovia\u00a0Transnordestina\u00a0entre o Porto de\u00a0Pec\u00e9m\u00a0(CE) e o Piau\u00ed\u00a0at\u00e9\u00a02026. \u00c9 o\u00a0que\u00a0defende o CEO da companhia, Tufi Daher Filho, diante do novo projeto aprovado pelo governo para a obra,\u00a0que\u00a0exclui o trecho entre a cidade de Salgueiro (PE) e o Porto de Suape (PE) da concess\u00e3o.<br><br>&#8220;Nunca tivemos uma oportunidade como essa de finalizar o projeto dentro de um governo&#8221;, disse Tufi\u00a0em\u00a0entrevista \u00e0\u00a0<strong>Ag\u00eancia iNFRA<\/strong>. &#8220;Temos hoje uma m\u00e1quina de construir\u00a0ferrovia&#8221;.<br><br>Segundo ele, todo o trecho\u00a0at\u00e9\u00a0Pec\u00e9m\u00a0tem\u00a0projetos executivos aprovados, licen\u00e7as ambientais v\u00e1lidas e desapropria\u00e7\u00f5es executadas. Al\u00e9m disso, toda a produ\u00e7\u00e3o da\u00a0ferrovia\u00a0\u00e9 feita\u00a0em\u00a0f\u00e1bricas\u00a0em\u00a0funcionamento na pr\u00f3pria \u00e1rea, com equipamentos pr\u00f3prios para a montagem. Apesar de o cronograma oficial ser mais extenso, Tufi\u00a0diz\u00a0que\u00a0essas condi\u00e7\u00f5es d\u00e3o a\u00a0capacidade\u00a0de terminar a obra antes do previsto.<br><br>Em\u00a02022, 215 quil\u00f4metros de\u00a0ferrovia\u00a0foram\u00a0conclu\u00eddos. A previs\u00e3o \u00e9\u00a0que\u00a0em\u00a02023 sejam terminados mais 100 quil\u00f4metros, faltando 370 quil\u00f4metros para acessar\u00a0Pec\u00e9m.\u00a0No total, s\u00e3o 815 quil\u00f4metros de ferrovias acabadas, sendo 190 no trecho\u00a0em\u00a0devolu\u00e7\u00e3o\u00a0em\u00a0Pernambuco (Salgueiro-Cust\u00f3dia), disse Tufi. No entanto, essa devolu\u00e7\u00e3o <a href=\"https:\/\/agenciainfra.com\/blog\/pernambuco-quer-condicoes-iguais-para-seguir-com-nova-ferrovia\/\">se tornou o maior entrave<\/a> hoje \u00e0 execu\u00e7\u00e3o do novo projeto aprovado pelo governo.<br><br>Para concluir a obra, de acordo com o CEO da companhia, ser\u00e1 necess\u00e1rio\u00a0que\u00a0os empr\u00e9stimos de fundos constitucionais possam ser retomados. H\u00e1 cerca de R$ 1 bilh\u00e3o j\u00e1 contratados, sendo R$ 811 milh\u00f5es do FDNE (Fundo de Desenvolvimento do Nordeste) e R$ 232 milh\u00f5es do Finor (Fundo de Investimento do Nordeste).<br><br>Esse dinheiro n\u00e3o\u00a0tem\u00a0qualquer bloqueio referente a decis\u00f5es do TCU (Tribunal de Contas da Uni\u00e3o), segundo Tufi. Faltam a Sudene e o Banco do Nordeste liberarem, ap\u00f3s atualiza\u00e7\u00e3o do novo or\u00e7amento da\u00a0ferrovia,\u00a0que\u00a0j\u00e1 est\u00e1 aprovado e autorizado pela ANTT (Ag\u00eancia Nacional de Transportes Terrestres).<br><br>Com esses recursos, segundo ele, \u00e9 poss\u00edvel acelerar o projeto, mas \u00e9 preciso ainda outros R$ 6 bilh\u00f5es para terminar a obra. Essa nova equa\u00e7\u00e3o, segundo ele, est\u00e1 sendo estruturada,\u00a0at\u00e9\u00a0o momento, com o acionista colocando R$ 1 bilh\u00e3o e pegando outros R$ 2,5 bilh\u00f5es\u00a0em\u00a0empr\u00e9stimos no FNDE.\u00a0<br><br>O restante viria de novo acionista, j\u00e1\u00a0que\u00a0o atual s\u00f3cio, a Valec, estatal federal de ferrovias, vai ter\u00a0que\u00a0sair do projeto dentro do acordo\u00a0que\u00a0foi firmado para o aditivo. O BNDES estuda entrar no projeto, segundo Tufi.<br><br>O CEO da companhia lembrou\u00a0que\u00a0a CSN, acionista principal, coloca entre R$ 40 milh\u00f5es e R$ 50 milh\u00f5es por m\u00eas na\u00a0ferrovia\u00a0desde 2017, quando os financiamentos para a obra foram bloqueados.<br><br>&#8220;A empresa j\u00e1 pagou mais de R$ 1 bilh\u00e3o\u00a0em\u00a0principal e juros [de financiamentos] sem estar com o projeto\u00a0em\u00a0opera\u00e7\u00e3o. Isso \u00e9 um absurdo completo&#8221;, disse Tufi. &#8220;Qualquer projeto de infraestrutura precisa de car\u00eancia m\u00ednima para entrar\u00a0em\u00a0opera\u00e7\u00e3o e poder pagar seus compromissos&#8221;.<br><br><strong>Viabilidade<\/strong><br>Tufi afirmou\u00a0que\u00a0os estudos do governo para evitar a caducidade da concess\u00e3o,\u00a0que\u00a0seria &#8220;a pior solu\u00e7\u00e3o&#8221; para todos, indicaram\u00a0que\u00a0era economicamente mais vi\u00e1vel excluir o trecho pernambucano devido a diversas dificuldades de execu\u00e7\u00e3o.<br><br>As principais, segundo ele, seriam os licenciamentos para fazer um terminal de min\u00e9rio numa ilha\u00a0em\u00a0Suape, os custos para implementar a\u00a0ferrovia\u00a0no porto e\u00a0as desapropria\u00e7\u00f5es para se construir os tramos finais para a\u00a0ferrovia\u00a0acessar o porto. Uma apresenta\u00e7\u00e3o sobre o projeto est\u00e1\u00a0<a rel=\"noreferrer noopener\" href=\"https:\/\/agenciainfra.us14.list-manage.com\/track\/click?u=d460dd1bcf9ba0ae040e1fc0f&amp;id=b44e0ba02f&amp;e=f0fa444791\" target=\"_blank\">neste link<\/a>.<br><br>Ao longo do tempo, segundo ele, a carga prevista no projeto original mudou de min\u00e9rio,\u00a0que\u00a0seria o principal, para o gr\u00e3os.\u00a0Duas d\u00e9cadas atr\u00e1s, segundo Tufi, a previs\u00e3o de produ\u00e7\u00e3o de gran\u00e9is na regi\u00e3o era de 4 milh\u00f5es de toneladas ano. Ela j\u00e1 chegou aos 34 milh\u00f5es\/ano e pode chegar aos 50 milh\u00f5es.<br><br><strong>Interior para os portos<\/strong><br>Tufi conta\u00a0que\u00a0\u00e9 necess\u00e1rio desmistificar a ideia de falha no projeto ao iniciar as obras pelo interior. Segundo ele, duas d\u00e9cadas atr\u00e1s, quando a come\u00e7ou a ser constru\u00edda, o \u00fanico projeto executivo dispon\u00edvel era o chamado &#8220;miolo da\u00a0ferrovia&#8221;, com dois trechos\u00a0que\u00a0se iniciavam\u00a0em\u00a0Salgueiro. Do resto, &#8220;n\u00e3o existia absolutamente nada&#8221;.<br><br>&#8220;A decis\u00e3o foi come\u00e7ar ali e depois fazer o restante dos projetos. Era a \u00fanica\u00a0que\u00a0tinha projeto e um empr\u00e9stimo ponte&#8221;, explicou Tufi, lembrando\u00a0que\u00a0foi uma decis\u00e3o tamb\u00e9m pol\u00edtica iniciar a obra sem\u00a0que\u00a0tudo estivesse pronto, j\u00e1\u00a0que\u00a0os prazos para obter projetos, licenciamentos e financiamentos demorariam pelo menos 2 anos.<br><br>Segundo Tufi, essa circunst\u00e2ncia tamb\u00e9m criou algo positivo,\u00a0que\u00a0foi a implanta\u00e7\u00e3o\u00a0de grandes f\u00e1bricas de dormentes e britas\u00a0em\u00a0Salgueiro,\u00a0que\u00a0possibilitam a produ\u00e7\u00e3o para os tr\u00eas trechos da\u00a0ferrovia\u00a0de forma mais eficiente.<br><br><strong>Nada contra Suape<\/strong><br>Segundo Tufi, a\u00a0Transnordestina\u00a0n\u00e3o \u00e9 contr\u00e1ria \u00e0 realiza\u00e7\u00e3o do ramal para Suape e a companhia quer acelerar o processo de devolu\u00e7\u00e3o do trecho pernambucano.\u00a0Para isso, seguindo\u00a0a decis\u00e3o do TCU, uma empresa foi contratada para fazer o valuation do trecho a ser devolvido e deve\u00a0entregar\u00a0a avalia\u00e7\u00e3o\u00a0em\u00a0tr\u00eas meses, dentro das regras estipuladas pela ANTT. Ele acredita\u00a0que\u00a0at\u00e9\u00a0o meio do ano ter\u00e1 como apresentar o valor.<br><br>&#8220;Como ferrovi\u00e1rios, n\u00e3o temos nada contra a implementa\u00e7\u00e3o do projeto\u00a0em\u00a0Pernambuco. Ao contr\u00e1rio, achamos\u00a0que\u00a0deve ser feito, sim. Nada impede\u00a0que\u00a0comece amanh\u00e3&#8221;, disse Tufi, lembrando\u00a0que, um ano antes da assinatura do aditivo da\u00a0Transnordestina, uma autoriza\u00e7\u00e3o para construir uma\u00a0ferrovia\u00a0privada de Paulistana (PI) a Suape (PE) foi assinada pelo governo federal.\u00a0<br><br><strong>Apoio do Cear\u00e1 e Piau\u00ed<\/strong><br>Tufi disse ainda\u00a0que\u00a0considera normal\u00a0que\u00a0o novo governo local defenda uma solu\u00e7\u00e3o para o tramo de Pernambuco, mas\u00a0que\u00a0isso ter\u00e1\u00a0que\u00a0vir do governo federal. Segundo ele, n\u00e3o h\u00e1 nenhum impedimento para a continuidade do projeto como aprovado no novo aditivo enquanto se faz a devolu\u00e7\u00e3o do trecho.<br><br>&#8220;N\u00e3o foi uma decis\u00e3o de fim de ano. \u00c9 uma decis\u00e3o\u00a0que\u00a0est\u00e1 sendo constru\u00edda h\u00e1 anos&#8221;, disse Tufi, lembrando\u00a0que\u00a0fez uma apresenta\u00e7\u00e3o na semana passada para integrantes das bancadas do Cear\u00e1 e do Piau\u00ed\u00a0que\u00a0apoiam a execu\u00e7\u00e3o do projeto conforme o novo aditivo.<\/p>\n","protected":false},"excerpt":{"rendered":"<p>Dimmi Amora, da Ag\u00eancia iNFRA A\u00a0Transnordestina\u00a0Log\u00edstica\u00a0tem\u00a0condi\u00e7\u00f5es de\u00a0entregar\u00a0a\u00a0Ferrovia\u00a0Transnordestina\u00a0entre o Porto de\u00a0Pec\u00e9m\u00a0(CE) e o Piau\u00ed\u00a0at\u00e9\u00a02026. \u00c9 o\u00a0que\u00a0defende o CEO da companhia, Tufi Daher Filho, diante do novo projeto aprovado pelo governo para a obra,\u00a0que\u00a0exclui o trecho entre a cidade de Salgueiro (PE) e o Porto de Suape (PE) da concess\u00e3o. &#8220;Nunca tivemos uma oportunidade como essa de [&hellip;]<\/p>\n","protected":false},"author":1,"featured_media":6707,"comment_status":"closed","ping_status":"closed","sticky":false,"template":"","format":"standard","meta":{"_monsterinsights_skip_tracking":false,"_monsterinsights_sitenote_active":false,"_monsterinsights_sitenote_note":"","_monsterinsights_sitenote_category":0,"footnotes":""},"categories":[1,7],"tags":[19,6510,3207,5447,6513,6512,18,504,6511,160],"class_list":["post-12360","post","type-post","status-publish","format-standard","has-post-thumbnail","hentry","category-geral","category-infratransporte","tag-antt","tag-fdne","tag-finor","tag-porto-de-pecem","tag-salgueiro","tag-sudene","tag-tcu","tag-transnordestina","tag-tufi-daher-filho","tag-valec"],"yoast_head":"<!-- This site is optimized with the Yoast SEO Premium plugin v25.4 (Yoast SEO v26.0) - https:\/\/yoast.com\/wordpress\/plugins\/seo\/ -->\n<title>Transnordestina diz que tem capacidade de entregar ferrovia at\u00e9 Pec\u00e9m em 2026 - Ag\u00eancia iNFRA<\/title>\n<meta name=\"robots\" content=\"index, follow, max-snippet:-1, max-image-preview:large, max-video-preview:-1\" \/>\n<link rel=\"canonical\" href=\"https:\/\/agenciainfra.com\/blog\/transnordestina-diz-que-tem-capacidade-de-entregar-ferrovia-ate-pecem-em-2026\/\" \/>\n<meta property=\"og:locale\" content=\"pt_BR\" \/>\n<meta property=\"og:type\" content=\"article\" \/>\n<meta property=\"og:title\" content=\"Transnordestina diz que tem capacidade de entregar ferrovia at\u00e9 Pec\u00e9m em 2026\" \/>\n<meta property=\"og:description\" content=\"Dimmi Amora, da Ag\u00eancia iNFRA A\u00a0Transnordestina\u00a0Log\u00edstica\u00a0tem\u00a0condi\u00e7\u00f5es de\u00a0entregar\u00a0a\u00a0Ferrovia\u00a0Transnordestina\u00a0entre o Porto de\u00a0Pec\u00e9m\u00a0(CE) e o Piau\u00ed\u00a0at\u00e9\u00a02026. \u00c9 o\u00a0que\u00a0defende o CEO da companhia, Tufi Daher Filho, diante do novo projeto aprovado pelo governo para a obra,\u00a0que\u00a0exclui o trecho entre a cidade de Salgueiro (PE) e o Porto de Suape (PE) da concess\u00e3o. &#8220;Nunca tivemos uma oportunidade como essa de [&hellip;]\" \/>\n<meta property=\"og:url\" content=\"https:\/\/agenciainfra.com\/blog\/transnordestina-diz-que-tem-capacidade-de-entregar-ferrovia-ate-pecem-em-2026\/\" \/>\n<meta property=\"og:site_name\" content=\"Ag\u00eancia iNFRA\" \/>\n<meta property=\"article:publisher\" content=\"https:\/\/www.facebook.com\/ageninfra\" \/>\n<meta property=\"article:published_time\" content=\"2023-03-16T12:01:00+00:00\" \/>\n<meta property=\"article:modified_time\" content=\"2023-03-16T13:51:01+00:00\" \/>\n<meta property=\"og:image\" content=\"https:\/\/agenciainfra.com\/blog\/wp-content\/uploads\/2021\/01\/transnordestina-foto-governo-do-piaui.jpg\" \/>\n\t<meta property=\"og:image:width\" content=\"1280\" \/>\n\t<meta property=\"og:image:height\" content=\"850\" \/>\n\t<meta property=\"og:image:type\" content=\"image\/jpeg\" \/>\n<meta name=\"author\" content=\"Ag\u00eancia iNFRA\" \/>\n<meta name=\"twitter:card\" content=\"summary_large_image\" \/>\n<meta name=\"twitter:creator\" content=\"@agencia_infra\" \/>\n<meta name=\"twitter:site\" content=\"@agencia_infra\" \/>\n<meta name=\"twitter:label1\" content=\"Escrito por\" \/>\n\t<meta name=\"twitter:data1\" content=\"Ag\u00eancia iNFRA\" \/>\n\t<meta name=\"twitter:label2\" content=\"Est. tempo de leitura\" \/>\n\t<meta name=\"twitter:data2\" content=\"5 minutos\" \/>\n<script type=\"application\/ld+json\" class=\"yoast-schema-graph\">{\"@context\":\"https:\/\/schema.org\",\"@graph\":[{\"@type\":\"Article\",\"@id\":\"https:\/\/agenciainfra.com\/blog\/transnordestina-diz-que-tem-capacidade-de-entregar-ferrovia-ate-pecem-em-2026\/#article\",\"isPartOf\":{\"@id\":\"https:\/\/agenciainfra.com\/blog\/transnordestina-diz-que-tem-capacidade-de-entregar-ferrovia-ate-pecem-em-2026\/\"},\"author\":{\"name\":\"Ag\u00eancia iNFRA\",\"@id\":\"https:\/\/agenciainfra.com\/blog\/#\/schema\/person\/34af08dff6adea4cb22b06612ba7acfa\"},\"headline\":\"Transnordestina diz que tem capacidade de entregar ferrovia at\u00e9 Pec\u00e9m em 2026\",\"datePublished\":\"2023-03-16T12:01:00+00:00\",\"dateModified\":\"2023-03-16T13:51:01+00:00\",\"mainEntityOfPage\":{\"@id\":\"https:\/\/agenciainfra.com\/blog\/transnordestina-diz-que-tem-capacidade-de-entregar-ferrovia-ate-pecem-em-2026\/\"},\"wordCount\":1098,\"publisher\":{\"@id\":\"https:\/\/agenciainfra.com\/blog\/#organization\"},\"image\":{\"@id\":\"https:\/\/agenciainfra.com\/blog\/transnordestina-diz-que-tem-capacidade-de-entregar-ferrovia-ate-pecem-em-2026\/#primaryimage\"},\"thumbnailUrl\":\"https:\/\/agenciainfra.com\/blog\/wp-content\/uploads\/2021\/01\/transnordestina-foto-governo-do-piaui.jpg\",\"keywords\":[\"ANTT\",\"FDNE\",\"Finor\",\"Porto de Pec\u00e9m\",\"Salgueiro\",\"Sudene\",\"TCU\",\"Transnordestina\",\"Tufi Daher Filho\",\"Valec\"],\"articleSection\":[\"Geral\",\"iNFRATransporte\"],\"inLanguage\":\"pt-BR\",\"copyrightYear\":\"2023\",\"copyrightHolder\":{\"@id\":\"https:\/\/agenciainfra.com\/blog\/#organization\"}},{\"@type\":\"WebPage\",\"@id\":\"https:\/\/agenciainfra.com\/blog\/transnordestina-diz-que-tem-capacidade-de-entregar-ferrovia-ate-pecem-em-2026\/\",\"url\":\"https:\/\/agenciainfra.com\/blog\/transnordestina-diz-que-tem-capacidade-de-entregar-ferrovia-ate-pecem-em-2026\/\",\"name\":\"Transnordestina diz que tem capacidade de entregar ferrovia at\u00e9 Pec\u00e9m em 2026 - Ag\u00eancia iNFRA\",\"isPartOf\":{\"@id\":\"https:\/\/agenciainfra.com\/blog\/#website\"},\"primaryImageOfPage\":{\"@id\":\"https:\/\/agenciainfra.com\/blog\/transnordestina-diz-que-tem-capacidade-de-entregar-ferrovia-ate-pecem-em-2026\/#primaryimage\"},\"image\":{\"@id\":\"https:\/\/agenciainfra.com\/blog\/transnordestina-diz-que-tem-capacidade-de-entregar-ferrovia-ate-pecem-em-2026\/#primaryimage\"},\"thumbnailUrl\":\"https:\/\/agenciainfra.com\/blog\/wp-content\/uploads\/2021\/01\/transnordestina-foto-governo-do-piaui.jpg\",\"datePublished\":\"2023-03-16T12:01:00+00:00\",\"dateModified\":\"2023-03-16T13:51:01+00:00\",\"breadcrumb\":{\"@id\":\"https:\/\/agenciainfra.com\/blog\/transnordestina-diz-que-tem-capacidade-de-entregar-ferrovia-ate-pecem-em-2026\/#breadcrumb\"},\"inLanguage\":\"pt-BR\",\"potentialAction\":[{\"@type\":\"ReadAction\",\"target\":[\"https:\/\/agenciainfra.com\/blog\/transnordestina-diz-que-tem-capacidade-de-entregar-ferrovia-ate-pecem-em-2026\/\"]}]},{\"@type\":\"ImageObject\",\"inLanguage\":\"pt-BR\",\"@id\":\"https:\/\/agenciainfra.com\/blog\/transnordestina-diz-que-tem-capacidade-de-entregar-ferrovia-ate-pecem-em-2026\/#primaryimage\",\"url\":\"https:\/\/agenciainfra.com\/blog\/wp-content\/uploads\/2021\/01\/transnordestina-foto-governo-do-piaui.jpg\",\"contentUrl\":\"https:\/\/agenciainfra.com\/blog\/wp-content\/uploads\/2021\/01\/transnordestina-foto-governo-do-piaui.jpg\",\"width\":1280,\"height\":850,\"caption\":\"Foto: Governo do Piau\u00ed\"},{\"@type\":\"BreadcrumbList\",\"@id\":\"https:\/\/agenciainfra.com\/blog\/transnordestina-diz-que-tem-capacidade-de-entregar-ferrovia-ate-pecem-em-2026\/#breadcrumb\",\"itemListElement\":[{\"@type\":\"ListItem\",\"position\":1,\"name\":\"In\u00edcio\",\"item\":\"https:\/\/agenciainfra.com\/blog\/\"},{\"@type\":\"ListItem\",\"position\":2,\"name\":\"Transnordestina diz que tem capacidade de entregar ferrovia at\u00e9 Pec\u00e9m em 2026\"}]},{\"@type\":\"WebSite\",\"@id\":\"https:\/\/agenciainfra.com\/blog\/#website\",\"url\":\"https:\/\/agenciainfra.com\/blog\/\",\"name\":\"Ag\u00eancia iNFRA\",\"description\":\"Multiplataforma de informa\u00e7\u00e3o jornal\u00edstica refer\u00eancia na \u00e1rea de infraestrutura no Brasil!\",\"publisher\":{\"@id\":\"https:\/\/agenciainfra.com\/blog\/#organization\"},\"potentialAction\":[{\"@type\":\"SearchAction\",\"target\":{\"@type\":\"EntryPoint\",\"urlTemplate\":\"https:\/\/agenciainfra.com\/blog\/?s={search_term_string}\"},\"query-input\":{\"@type\":\"PropertyValueSpecification\",\"valueRequired\":true,\"valueName\":\"search_term_string\"}}],\"inLanguage\":\"pt-BR\"},{\"@type\":\"Organization\",\"@id\":\"https:\/\/agenciainfra.com\/blog\/#organization\",\"name\":\"Ag\u00eancia iNFRA\",\"url\":\"https:\/\/agenciainfra.com\/blog\/\",\"logo\":{\"@type\":\"ImageObject\",\"inLanguage\":\"pt-BR\",\"@id\":\"https:\/\/agenciainfra.com\/blog\/#\/schema\/logo\/image\/\",\"url\":\"https:\/\/agenciainfra.com\/blog\/wp-content\/uploads\/2023\/09\/iNFRA_5-e1761735885940.png\",\"contentUrl\":\"https:\/\/agenciainfra.com\/blog\/wp-content\/uploads\/2023\/09\/iNFRA_5-e1761735885940.png\",\"width\":1672,\"height\":454,\"caption\":\"Ag\u00eancia iNFRA\"},\"image\":{\"@id\":\"https:\/\/agenciainfra.com\/blog\/#\/schema\/logo\/image\/\"},\"sameAs\":[\"https:\/\/www.facebook.com\/ageninfra\",\"https:\/\/x.com\/agencia_infra\",\"https:\/\/www.linkedin.com\/company\/ag\u00eanciainfra\/\",\"https:\/\/www.instagram.com\/agenciainfra\/\"]},{\"@type\":\"Person\",\"@id\":\"https:\/\/agenciainfra.com\/blog\/#\/schema\/person\/34af08dff6adea4cb22b06612ba7acfa\",\"name\":\"Ag\u00eancia iNFRA\",\"image\":{\"@type\":\"ImageObject\",\"inLanguage\":\"pt-BR\",\"@id\":\"https:\/\/agenciainfra.com\/blog\/#\/schema\/person\/image\/\",\"url\":\"https:\/\/secure.gravatar.com\/avatar\/d189e01678f06d8eb84d4e01f08eb848b3fffe3f8443818d3c356c66892f5be8?s=96&d=mm&r=g\",\"contentUrl\":\"https:\/\/secure.gravatar.com\/avatar\/d189e01678f06d8eb84d4e01f08eb848b3fffe3f8443818d3c356c66892f5be8?s=96&d=mm&r=g\",\"caption\":\"Ag\u00eancia iNFRA\"},\"url\":\"https:\/\/agenciainfra.com\/blog\/author\/admin\/\"}]}<\/script>\n<!-- \/ Yoast SEO Premium plugin. -->","yoast_head_json":{"title":"Transnordestina diz que tem capacidade de entregar ferrovia at\u00e9 Pec\u00e9m em 2026 - Ag\u00eancia iNFRA","robots":{"index":"index","follow":"follow","max-snippet":"max-snippet:-1","max-image-preview":"max-image-preview:large","max-video-preview":"max-video-preview:-1"},"canonical":"https:\/\/agenciainfra.com\/blog\/transnordestina-diz-que-tem-capacidade-de-entregar-ferrovia-ate-pecem-em-2026\/","og_locale":"pt_BR","og_type":"article","og_title":"Transnordestina diz que tem capacidade de entregar ferrovia at\u00e9 Pec\u00e9m em 2026","og_description":"Dimmi Amora, da Ag\u00eancia iNFRA A\u00a0Transnordestina\u00a0Log\u00edstica\u00a0tem\u00a0condi\u00e7\u00f5es de\u00a0entregar\u00a0a\u00a0Ferrovia\u00a0Transnordestina\u00a0entre o Porto de\u00a0Pec\u00e9m\u00a0(CE) e o Piau\u00ed\u00a0at\u00e9\u00a02026. \u00c9 o\u00a0que\u00a0defende o CEO da companhia, Tufi Daher Filho, diante do novo projeto aprovado pelo governo para a obra,\u00a0que\u00a0exclui o trecho entre a cidade de Salgueiro (PE) e o Porto de Suape (PE) da concess\u00e3o. &#8220;Nunca tivemos uma oportunidade como essa de [&hellip;]","og_url":"https:\/\/agenciainfra.com\/blog\/transnordestina-diz-que-tem-capacidade-de-entregar-ferrovia-ate-pecem-em-2026\/","og_site_name":"Ag\u00eancia iNFRA","article_publisher":"https:\/\/www.facebook.com\/ageninfra","article_published_time":"2023-03-16T12:01:00+00:00","article_modified_time":"2023-03-16T13:51:01+00:00","og_image":[{"width":1280,"height":850,"url":"https:\/\/agenciainfra.com\/blog\/wp-content\/uploads\/2021\/01\/transnordestina-foto-governo-do-piaui.jpg","type":"image\/jpeg"}],"author":"Ag\u00eancia iNFRA","twitter_card":"summary_large_image","twitter_creator":"@agencia_infra","twitter_site":"@agencia_infra","twitter_misc":{"Escrito por":"Ag\u00eancia iNFRA","Est. tempo de leitura":"5 minutos"},"schema":{"@context":"https:\/\/schema.org","@graph":[{"@type":"Article","@id":"https:\/\/agenciainfra.com\/blog\/transnordestina-diz-que-tem-capacidade-de-entregar-ferrovia-ate-pecem-em-2026\/#article","isPartOf":{"@id":"https:\/\/agenciainfra.com\/blog\/transnordestina-diz-que-tem-capacidade-de-entregar-ferrovia-ate-pecem-em-2026\/"},"author":{"name":"Ag\u00eancia iNFRA","@id":"https:\/\/agenciainfra.com\/blog\/#\/schema\/person\/34af08dff6adea4cb22b06612ba7acfa"},"headline":"Transnordestina diz que tem capacidade de entregar ferrovia at\u00e9 Pec\u00e9m em 2026","datePublished":"2023-03-16T12:01:00+00:00","dateModified":"2023-03-16T13:51:01+00:00","mainEntityOfPage":{"@id":"https:\/\/agenciainfra.com\/blog\/transnordestina-diz-que-tem-capacidade-de-entregar-ferrovia-ate-pecem-em-2026\/"},"wordCount":1098,"publisher":{"@id":"https:\/\/agenciainfra.com\/blog\/#organization"},"image":{"@id":"https:\/\/agenciainfra.com\/blog\/transnordestina-diz-que-tem-capacidade-de-entregar-ferrovia-ate-pecem-em-2026\/#primaryimage"},"thumbnailUrl":"https:\/\/agenciainfra.com\/blog\/wp-content\/uploads\/2021\/01\/transnordestina-foto-governo-do-piaui.jpg","keywords":["ANTT","FDNE","Finor","Porto de Pec\u00e9m","Salgueiro","Sudene","TCU","Transnordestina","Tufi Daher Filho","Valec"],"articleSection":["Geral","iNFRATransporte"],"inLanguage":"pt-BR","copyrightYear":"2023","copyrightHolder":{"@id":"https:\/\/agenciainfra.com\/blog\/#organization"}},{"@type":"WebPage","@id":"https:\/\/agenciainfra.com\/blog\/transnordestina-diz-que-tem-capacidade-de-entregar-ferrovia-ate-pecem-em-2026\/","url":"https:\/\/agenciainfra.com\/blog\/transnordestina-diz-que-tem-capacidade-de-entregar-ferrovia-ate-pecem-em-2026\/","name":"Transnordestina diz que tem capacidade de entregar ferrovia at\u00e9 Pec\u00e9m em 2026 - Ag\u00eancia iNFRA","isPartOf":{"@id":"https:\/\/agenciainfra.com\/blog\/#website"},"primaryImageOfPage":{"@id":"https:\/\/agenciainfra.com\/blog\/transnordestina-diz-que-tem-capacidade-de-entregar-ferrovia-ate-pecem-em-2026\/#primaryimage"},"image":{"@id":"https:\/\/agenciainfra.com\/blog\/transnordestina-diz-que-tem-capacidade-de-entregar-ferrovia-ate-pecem-em-2026\/#primaryimage"},"thumbnailUrl":"https:\/\/agenciainfra.com\/blog\/wp-content\/uploads\/2021\/01\/transnordestina-foto-governo-do-piaui.jpg","datePublished":"2023-03-16T12:01:00+00:00","dateModified":"2023-03-16T13:51:01+00:00","breadcrumb":{"@id":"https:\/\/agenciainfra.com\/blog\/transnordestina-diz-que-tem-capacidade-de-entregar-ferrovia-ate-pecem-em-2026\/#breadcrumb"},"inLanguage":"pt-BR","potentialAction":[{"@type":"ReadAction","target":["https:\/\/agenciainfra.com\/blog\/transnordestina-diz-que-tem-capacidade-de-entregar-ferrovia-ate-pecem-em-2026\/"]}]},{"@type":"ImageObject","inLanguage":"pt-BR","@id":"https:\/\/agenciainfra.com\/blog\/transnordestina-diz-que-tem-capacidade-de-entregar-ferrovia-ate-pecem-em-2026\/#primaryimage","url":"https:\/\/agenciainfra.com\/blog\/wp-content\/uploads\/2021\/01\/transnordestina-foto-governo-do-piaui.jpg","contentUrl":"https:\/\/agenciainfra.com\/blog\/wp-content\/uploads\/2021\/01\/transnordestina-foto-governo-do-piaui.jpg","width":1280,"height":850,"caption":"Foto: Governo do Piau\u00ed"},{"@type":"BreadcrumbList","@id":"https:\/\/agenciainfra.com\/blog\/transnordestina-diz-que-tem-capacidade-de-entregar-ferrovia-ate-pecem-em-2026\/#breadcrumb","itemListElement":[{"@type":"ListItem","position":1,"name":"In\u00edcio","item":"https:\/\/agenciainfra.com\/blog\/"},{"@type":"ListItem","position":2,"name":"Transnordestina diz que tem capacidade de entregar ferrovia at\u00e9 Pec\u00e9m em 2026"}]},{"@type":"WebSite","@id":"https:\/\/agenciainfra.com\/blog\/#website","url":"https:\/\/agenciainfra.com\/blog\/","name":"Ag\u00eancia iNFRA","description":"Multiplataforma de informa\u00e7\u00e3o jornal\u00edstica refer\u00eancia na \u00e1rea de infraestrutura no Brasil!","publisher":{"@id":"https:\/\/agenciainfra.com\/blog\/#organization"},"potentialAction":[{"@type":"SearchAction","target":{"@type":"EntryPoint","urlTemplate":"https:\/\/agenciainfra.com\/blog\/?s={search_term_string}"},"query-input":{"@type":"PropertyValueSpecification","valueRequired":true,"valueName":"search_term_string"}}],"inLanguage":"pt-BR"},{"@type":"Organization","@id":"https:\/\/agenciainfra.com\/blog\/#organization","name":"Ag\u00eancia iNFRA","url":"https:\/\/agenciainfra.com\/blog\/","logo":{"@type":"ImageObject","inLanguage":"pt-BR","@id":"https:\/\/agenciainfra.com\/blog\/#\/schema\/logo\/image\/","url":"https:\/\/agenciainfra.com\/blog\/wp-content\/uploads\/2023\/09\/iNFRA_5-e1761735885940.png","contentUrl":"https:\/\/agenciainfra.com\/blog\/wp-content\/uploads\/2023\/09\/iNFRA_5-e1761735885940.png","width":1672,"height":454,"caption":"Ag\u00eancia iNFRA"},"image":{"@id":"https:\/\/agenciainfra.com\/blog\/#\/schema\/logo\/image\/"},"sameAs":["https:\/\/www.facebook.com\/ageninfra","https:\/\/x.com\/agencia_infra","https:\/\/www.linkedin.com\/company\/ag\u00eanciainfra\/","https:\/\/www.instagram.com\/agenciainfra\/"]},{"@type":"Person","@id":"https:\/\/agenciainfra.com\/blog\/#\/schema\/person\/34af08dff6adea4cb22b06612ba7acfa","name":"Ag\u00eancia iNFRA","image":{"@type":"ImageObject","inLanguage":"pt-BR","@id":"https:\/\/agenciainfra.com\/blog\/#\/schema\/person\/image\/","url":"https:\/\/secure.gravatar.com\/avatar\/d189e01678f06d8eb84d4e01f08eb848b3fffe3f8443818d3c356c66892f5be8?s=96&d=mm&r=g","contentUrl":"https:\/\/secure.gravatar.com\/avatar\/d189e01678f06d8eb84d4e01f08eb848b3fffe3f8443818d3c356c66892f5be8?s=96&d=mm&r=g","caption":"Ag\u00eancia iNFRA"},"url":"https:\/\/agenciainfra.com\/blog\/author\/admin\/"}]}},"_links":{"self":[{"href":"https:\/\/agenciainfra.com\/blog\/wp-json\/wp\/v2\/posts\/12360","targetHints":{"allow":["GET"]}}],"collection":[{"href":"https:\/\/agenciainfra.com\/blog\/wp-json\/wp\/v2\/posts"}],"about":[{"href":"https:\/\/agenciainfra.com\/blog\/wp-json\/wp\/v2\/types\/post"}],"author":[{"embeddable":true,"href":"https:\/\/agenciainfra.com\/blog\/wp-json\/wp\/v2\/users\/1"}],"replies":[{"embeddable":true,"href":"https:\/\/agenciainfra.com\/blog\/wp-json\/wp\/v2\/comments?post=12360"}],"version-history":[{"count":0,"href":"https:\/\/agenciainfra.com\/blog\/wp-json\/wp\/v2\/posts\/12360\/revisions"}],"wp:featuredmedia":[{"embeddable":true,"href":"https:\/\/agenciainfra.com\/blog\/wp-json\/wp\/v2\/media\/6707"}],"wp:attachment":[{"href":"https:\/\/agenciainfra.com\/blog\/wp-json\/wp\/v2\/media?parent=12360"}],"wp:term":[{"taxonomy":"category","embeddable":true,"href":"https:\/\/agenciainfra.com\/blog\/wp-json\/wp\/v2\/categories?post=12360"},{"taxonomy":"post_tag","embeddable":true,"href":"https:\/\/agenciainfra.com\/blog\/wp-json\/wp\/v2\/tags?post=12360"}],"curies":[{"name":"wp","href":"https:\/\/api.w.org\/{rel}","templated":true}]}}