{"id":12364,"date":"2023-03-16T09:00:00","date_gmt":"2023-03-16T12:00:00","guid":{"rendered":"https:\/\/www.agenciainfra.com\/blog\/?p=12364"},"modified":"2023-03-16T08:53:44","modified_gmt":"2023-03-16T11:53:44","slug":"pernambuco-quer-condicoes-iguais-para-seguir-com-nova-ferrovia","status":"publish","type":"post","link":"https:\/\/agenciainfra.com\/blog\/pernambuco-quer-condicoes-iguais-para-seguir-com-nova-ferrovia\/","title":{"rendered":"Pernambuco quer condi\u00e7\u00f5es iguais para seguir com nova ferrovia"},"content":{"rendered":"\n<p><strong>da Ag\u00eancia iNFRA<\/strong><\/p>\n\n\n\n<p>O Secret\u00e1rio de Desenvolvimento Econ\u00f4mico de Pernambuco, Guilherme Cavalcanti, disse&nbsp;que, caso o governo federal queira manter o projeto do governo passado de repactuar a concess\u00e3o da&nbsp;Transnordestina&nbsp;sem o ramal para Suape, ter\u00e1&nbsp;que&nbsp;apresentar &#8220;uma solu\u00e7\u00e3o real&#8221; para o trecho pernambucano.<br><br>&#8220;Se for para ficar 18 meses para fazer as contas de haveres e deveres e escolher novo player, \u00e9 um absurdo&#8221;, disse Cavalcanti \u00e0&nbsp;<strong>Ag\u00eancia iNFRA<\/strong>, informando&nbsp;que, sem a solu\u00e7\u00e3o, n\u00e3o h\u00e1 motivos para&nbsp;que&nbsp;os empr\u00e9stimos para continuidade da&nbsp;Transnordestina&nbsp;para&nbsp;Pec\u00e9m&nbsp;sejam liberados.<br><br>Segundo ele, s\u00e3o pelo menos cinco condi\u00e7\u00f5es&nbsp;que&nbsp;o governo local quer&nbsp;que&nbsp;sejam implementadas como forma de viabilizar a implementa\u00e7\u00e3o do ramal para Suape. O primeiro \u00e9 uma maior velocidade no chamado encontro de contas, o&nbsp;que&nbsp;libera o trecho constru\u00eddo&nbsp;em&nbsp;Pernambuco para uma nova parceria.<br><br>Tamb\u00e9m \u00e9 necess\u00e1rio&nbsp;que&nbsp;o governo federal, respons\u00e1vel pelo licenciamento ambiental, conclua o licenciamento dos trechos finais da&nbsp;ferrovia&nbsp;no estado. Outro fator fundamental, segundo Cavalcanti, \u00e9&nbsp;que&nbsp;se garanta o direito de passagem na&nbsp;Transnordestina&nbsp;para o concession\u00e1rio pernambucano e tamb\u00e9m o uso da infraestrutura construtiva&nbsp;que&nbsp;foi financiada com recursos p\u00fablicos, como as f\u00e1bricas de dormente e de brita&nbsp;em&nbsp;Salgueiro, para o trecho no estado.<br><br>Cavalcanti defende&nbsp;que&nbsp;o futuro parceiro privado&nbsp;que&nbsp;assuma o trecho pernambucano tenha empr\u00e9stimos nas mesmas condi\u00e7\u00f5es&nbsp;que&nbsp;o concession\u00e1rio do trecho cearense vai ter para a continuidade do projeto.<br><br>&#8220;N\u00e3o d\u00e1 para ter uma condi\u00e7\u00e3o para um projeto e outra, para o outro&#8221;, defendeu Cavalcanti. &#8220;Vamos fazer uma disputa de mercado. Se quem teve o acesso a recurso e descumpriu o contrato vai ter R$ 7 bilh\u00f5es, o novo&nbsp;tem&nbsp;que&nbsp;ter e com juros equivalentes&#8221;.<br><br>Ainda de acordo com Cavalcanti, a&nbsp;ferrovia&nbsp;em&nbsp;Pernambuco pode ser viabilizada tanto pelo projeto privado j\u00e1 aprovado pelo governo federal como por outro modelo&nbsp;que&nbsp;venha a ser apresentado, como o chamamento p\u00fablico para uma autoriza\u00e7\u00e3o a partir do trecho a ser devolvido.<br><br><strong>Estudos contestados<\/strong><br>O secret\u00e1rio de desenvolvimento do estado contestou os estudos&nbsp;que&nbsp;apontam a inviabilidade do ramal pernambucano para o projeto da&nbsp;Transnordestina, dizendo&nbsp;que&nbsp;a escolha foi feita mais&nbsp;em&nbsp;fun\u00e7\u00e3o das facilidades para o acionista majorit\u00e1rio&nbsp;em&nbsp;Pec\u00e9m&nbsp;do&nbsp;que&nbsp;pelos dados econ\u00f4micos.<br><br>Cavalcanti tamb\u00e9m&nbsp;diz&nbsp;que&nbsp;o projeto de&nbsp;Pec\u00e9m&nbsp;n\u00e3o pode se viabilizar pela n\u00e3o execu\u00e7\u00e3o do trecho de Suape&nbsp;que, para ele, \u00e9 mais economicamente vi\u00e1vel para a carga por ser uma dist\u00e2ncia 100 quil\u00f4metros menor&nbsp;que&nbsp;a ida para&nbsp;Pec\u00e9m,&nbsp;que&nbsp;n\u00e3o pode ser operador \u00fanico, sem concorrente na regi\u00e3o.<br><br><strong>Sem revis\u00e3o<\/strong><br>O secret\u00e1rio n\u00e3o acredita&nbsp;que&nbsp;o aditivo assinado no fim do governo passado&nbsp;ser\u00e1 revisto, devido \u00e0 inseguran\u00e7a jur\u00eddica&nbsp;que&nbsp;iria causar, mas afirmou&nbsp;que&nbsp;o novo governo est\u00e1 mais disposto nas \u00faltimas semanas a apresentar uma solu\u00e7\u00e3o para o trecho pernambucano. Ele lembrou ainda&nbsp;que&nbsp;o projeto dessa&nbsp;ferrovia&nbsp;foi concebido como um indutor de desenvolvimento e&nbsp;que&nbsp;isso \u00e9 fundamental para o desenvolvimento do porto local.<br><br>&#8220;O preju\u00edzo para Pernambuco ser\u00e1 incalcul\u00e1vel [sem a&nbsp;ferrovia]&#8221;, afirmou o secret\u00e1rio.&nbsp;<\/p>\n","protected":false},"excerpt":{"rendered":"<p>da Ag\u00eancia iNFRA O Secret\u00e1rio de Desenvolvimento Econ\u00f4mico de Pernambuco, Guilherme Cavalcanti, disse&nbsp;que, caso o governo federal queira manter o projeto do governo passado de repactuar a concess\u00e3o da&nbsp;Transnordestina&nbsp;sem o ramal para Suape, ter\u00e1&nbsp;que&nbsp;apresentar &#8220;uma solu\u00e7\u00e3o real&#8221; para o trecho pernambucano. &#8220;Se for para ficar 18 meses para fazer as contas de haveres e deveres [&hellip;]<\/p>\n","protected":false},"author":1,"featured_media":12365,"comment_status":"closed","ping_status":"closed","sticky":false,"template":"","format":"standard","meta":{"_monsterinsights_skip_tracking":false,"_monsterinsights_sitenote_active":false,"_monsterinsights_sitenote_note":"","_monsterinsights_sitenote_category":0,"footnotes":""},"categories":[1,7],"tags":[19,6510,3207,6514,93,5447,6513,6512,18,504,6511,160],"class_list":["post-12364","post","type-post","status-publish","format-standard","has-post-thumbnail","hentry","category-geral","category-infratransporte","tag-antt","tag-fdne","tag-finor","tag-guilherme-cavalcanti","tag-pernambuco","tag-porto-de-pecem","tag-salgueiro","tag-sudene","tag-tcu","tag-transnordestina","tag-tufi-daher-filho","tag-valec"],"yoast_head":"<!-- This site is optimized with the Yoast SEO Premium plugin v25.4 (Yoast SEO v26.0) - https:\/\/yoast.com\/wordpress\/plugins\/seo\/ -->\n<title>Pernambuco quer condi\u00e7\u00f5es iguais para seguir com nova ferrovia - Ag\u00eancia iNFRA<\/title>\n<meta name=\"robots\" content=\"index, follow, max-snippet:-1, max-image-preview:large, max-video-preview:-1\" \/>\n<link rel=\"canonical\" href=\"https:\/\/agenciainfra.com\/blog\/pernambuco-quer-condicoes-iguais-para-seguir-com-nova-ferrovia\/\" \/>\n<meta property=\"og:locale\" content=\"pt_BR\" \/>\n<meta property=\"og:type\" content=\"article\" \/>\n<meta property=\"og:title\" content=\"Pernambuco quer condi\u00e7\u00f5es iguais para seguir com nova ferrovia\" \/>\n<meta property=\"og:description\" content=\"da Ag\u00eancia iNFRA O Secret\u00e1rio de Desenvolvimento Econ\u00f4mico de Pernambuco, Guilherme Cavalcanti, disse&nbsp;que, caso o governo federal queira manter o projeto do governo passado de repactuar a concess\u00e3o da&nbsp;Transnordestina&nbsp;sem o ramal para Suape, ter\u00e1&nbsp;que&nbsp;apresentar &#8220;uma solu\u00e7\u00e3o real&#8221; para o trecho pernambucano. &#8220;Se for para ficar 18 meses para fazer as contas de haveres e deveres [&hellip;]\" \/>\n<meta property=\"og:url\" content=\"https:\/\/agenciainfra.com\/blog\/pernambuco-quer-condicoes-iguais-para-seguir-com-nova-ferrovia\/\" \/>\n<meta property=\"og:site_name\" content=\"Ag\u00eancia iNFRA\" \/>\n<meta property=\"article:publisher\" content=\"https:\/\/www.facebook.com\/ageninfra\" \/>\n<meta property=\"article:published_time\" content=\"2023-03-16T12:00:00+00:00\" \/>\n<meta property=\"og:image\" content=\"https:\/\/agenciainfra.com\/blog\/wp-content\/uploads\/2023\/03\/guilherme-cavalcanti-foto-governo-de-pernambuco.jpeg\" \/>\n\t<meta property=\"og:image:width\" content=\"1200\" \/>\n\t<meta property=\"og:image:height\" content=\"830\" \/>\n\t<meta property=\"og:image:type\" content=\"image\/jpeg\" \/>\n<meta name=\"author\" content=\"Ag\u00eancia iNFRA\" \/>\n<meta name=\"twitter:card\" content=\"summary_large_image\" \/>\n<meta name=\"twitter:creator\" content=\"@agencia_infra\" \/>\n<meta name=\"twitter:site\" content=\"@agencia_infra\" \/>\n<meta name=\"twitter:label1\" content=\"Escrito por\" \/>\n\t<meta name=\"twitter:data1\" content=\"Ag\u00eancia iNFRA\" \/>\n\t<meta name=\"twitter:label2\" content=\"Est. tempo de leitura\" \/>\n\t<meta name=\"twitter:data2\" content=\"3 minutos\" \/>\n<script type=\"application\/ld+json\" class=\"yoast-schema-graph\">{\"@context\":\"https:\/\/schema.org\",\"@graph\":[{\"@type\":\"Article\",\"@id\":\"https:\/\/agenciainfra.com\/blog\/pernambuco-quer-condicoes-iguais-para-seguir-com-nova-ferrovia\/#article\",\"isPartOf\":{\"@id\":\"https:\/\/agenciainfra.com\/blog\/pernambuco-quer-condicoes-iguais-para-seguir-com-nova-ferrovia\/\"},\"author\":{\"name\":\"Ag\u00eancia iNFRA\",\"@id\":\"https:\/\/agenciainfra.com\/blog\/#\/schema\/person\/34af08dff6adea4cb22b06612ba7acfa\"},\"headline\":\"Pernambuco quer condi\u00e7\u00f5es iguais para seguir com nova ferrovia\",\"datePublished\":\"2023-03-16T12:00:00+00:00\",\"mainEntityOfPage\":{\"@id\":\"https:\/\/agenciainfra.com\/blog\/pernambuco-quer-condicoes-iguais-para-seguir-com-nova-ferrovia\/\"},\"wordCount\":645,\"publisher\":{\"@id\":\"https:\/\/agenciainfra.com\/blog\/#organization\"},\"image\":{\"@id\":\"https:\/\/agenciainfra.com\/blog\/pernambuco-quer-condicoes-iguais-para-seguir-com-nova-ferrovia\/#primaryimage\"},\"thumbnailUrl\":\"https:\/\/agenciainfra.com\/blog\/wp-content\/uploads\/2023\/03\/guilherme-cavalcanti-foto-governo-de-pernambuco.jpeg\",\"keywords\":[\"ANTT\",\"FDNE\",\"Finor\",\"Guilherme Cavalcanti\",\"Pernambuco\",\"Porto de Pec\u00e9m\",\"Salgueiro\",\"Sudene\",\"TCU\",\"Transnordestina\",\"Tufi Daher Filho\",\"Valec\"],\"articleSection\":[\"Geral\",\"iNFRATransporte\"],\"inLanguage\":\"pt-BR\",\"copyrightYear\":\"2023\",\"copyrightHolder\":{\"@id\":\"https:\/\/agenciainfra.com\/blog\/#organization\"}},{\"@type\":\"WebPage\",\"@id\":\"https:\/\/agenciainfra.com\/blog\/pernambuco-quer-condicoes-iguais-para-seguir-com-nova-ferrovia\/\",\"url\":\"https:\/\/agenciainfra.com\/blog\/pernambuco-quer-condicoes-iguais-para-seguir-com-nova-ferrovia\/\",\"name\":\"Pernambuco quer condi\u00e7\u00f5es iguais para seguir com nova ferrovia - Ag\u00eancia iNFRA\",\"isPartOf\":{\"@id\":\"https:\/\/agenciainfra.com\/blog\/#website\"},\"primaryImageOfPage\":{\"@id\":\"https:\/\/agenciainfra.com\/blog\/pernambuco-quer-condicoes-iguais-para-seguir-com-nova-ferrovia\/#primaryimage\"},\"image\":{\"@id\":\"https:\/\/agenciainfra.com\/blog\/pernambuco-quer-condicoes-iguais-para-seguir-com-nova-ferrovia\/#primaryimage\"},\"thumbnailUrl\":\"https:\/\/agenciainfra.com\/blog\/wp-content\/uploads\/2023\/03\/guilherme-cavalcanti-foto-governo-de-pernambuco.jpeg\",\"datePublished\":\"2023-03-16T12:00:00+00:00\",\"breadcrumb\":{\"@id\":\"https:\/\/agenciainfra.com\/blog\/pernambuco-quer-condicoes-iguais-para-seguir-com-nova-ferrovia\/#breadcrumb\"},\"inLanguage\":\"pt-BR\",\"potentialAction\":[{\"@type\":\"ReadAction\",\"target\":[\"https:\/\/agenciainfra.com\/blog\/pernambuco-quer-condicoes-iguais-para-seguir-com-nova-ferrovia\/\"]}]},{\"@type\":\"ImageObject\",\"inLanguage\":\"pt-BR\",\"@id\":\"https:\/\/agenciainfra.com\/blog\/pernambuco-quer-condicoes-iguais-para-seguir-com-nova-ferrovia\/#primaryimage\",\"url\":\"https:\/\/agenciainfra.com\/blog\/wp-content\/uploads\/2023\/03\/guilherme-cavalcanti-foto-governo-de-pernambuco.jpeg\",\"contentUrl\":\"https:\/\/agenciainfra.com\/blog\/wp-content\/uploads\/2023\/03\/guilherme-cavalcanti-foto-governo-de-pernambuco.jpeg\",\"width\":1200,\"height\":830},{\"@type\":\"BreadcrumbList\",\"@id\":\"https:\/\/agenciainfra.com\/blog\/pernambuco-quer-condicoes-iguais-para-seguir-com-nova-ferrovia\/#breadcrumb\",\"itemListElement\":[{\"@type\":\"ListItem\",\"position\":1,\"name\":\"In\u00edcio\",\"item\":\"https:\/\/agenciainfra.com\/blog\/\"},{\"@type\":\"ListItem\",\"position\":2,\"name\":\"Pernambuco quer condi\u00e7\u00f5es iguais para seguir com nova ferrovia\"}]},{\"@type\":\"WebSite\",\"@id\":\"https:\/\/agenciainfra.com\/blog\/#website\",\"url\":\"https:\/\/agenciainfra.com\/blog\/\",\"name\":\"Ag\u00eancia iNFRA\",\"description\":\"Multiplataforma de informa\u00e7\u00e3o jornal\u00edstica refer\u00eancia na \u00e1rea de infraestrutura no Brasil!\",\"publisher\":{\"@id\":\"https:\/\/agenciainfra.com\/blog\/#organization\"},\"potentialAction\":[{\"@type\":\"SearchAction\",\"target\":{\"@type\":\"EntryPoint\",\"urlTemplate\":\"https:\/\/agenciainfra.com\/blog\/?s={search_term_string}\"},\"query-input\":{\"@type\":\"PropertyValueSpecification\",\"valueRequired\":true,\"valueName\":\"search_term_string\"}}],\"inLanguage\":\"pt-BR\"},{\"@type\":\"Organization\",\"@id\":\"https:\/\/agenciainfra.com\/blog\/#organization\",\"name\":\"Ag\u00eancia iNFRA\",\"url\":\"https:\/\/agenciainfra.com\/blog\/\",\"logo\":{\"@type\":\"ImageObject\",\"inLanguage\":\"pt-BR\",\"@id\":\"https:\/\/agenciainfra.com\/blog\/#\/schema\/logo\/image\/\",\"url\":\"https:\/\/agenciainfra.com\/blog\/wp-content\/uploads\/2023\/09\/iNFRA_5-e1761735885940.png\",\"contentUrl\":\"https:\/\/agenciainfra.com\/blog\/wp-content\/uploads\/2023\/09\/iNFRA_5-e1761735885940.png\",\"width\":1672,\"height\":454,\"caption\":\"Ag\u00eancia iNFRA\"},\"image\":{\"@id\":\"https:\/\/agenciainfra.com\/blog\/#\/schema\/logo\/image\/\"},\"sameAs\":[\"https:\/\/www.facebook.com\/ageninfra\",\"https:\/\/x.com\/agencia_infra\",\"https:\/\/www.linkedin.com\/company\/ag\u00eanciainfra\/\",\"https:\/\/www.instagram.com\/agenciainfra\/\"]},{\"@type\":\"Person\",\"@id\":\"https:\/\/agenciainfra.com\/blog\/#\/schema\/person\/34af08dff6adea4cb22b06612ba7acfa\",\"name\":\"Ag\u00eancia iNFRA\",\"image\":{\"@type\":\"ImageObject\",\"inLanguage\":\"pt-BR\",\"@id\":\"https:\/\/agenciainfra.com\/blog\/#\/schema\/person\/image\/\",\"url\":\"https:\/\/secure.gravatar.com\/avatar\/d189e01678f06d8eb84d4e01f08eb848b3fffe3f8443818d3c356c66892f5be8?s=96&d=mm&r=g\",\"contentUrl\":\"https:\/\/secure.gravatar.com\/avatar\/d189e01678f06d8eb84d4e01f08eb848b3fffe3f8443818d3c356c66892f5be8?s=96&d=mm&r=g\",\"caption\":\"Ag\u00eancia iNFRA\"},\"url\":\"https:\/\/agenciainfra.com\/blog\/author\/admin\/\"}]}<\/script>\n<!-- \/ Yoast SEO Premium plugin. -->","yoast_head_json":{"title":"Pernambuco quer condi\u00e7\u00f5es iguais para seguir com nova ferrovia - Ag\u00eancia iNFRA","robots":{"index":"index","follow":"follow","max-snippet":"max-snippet:-1","max-image-preview":"max-image-preview:large","max-video-preview":"max-video-preview:-1"},"canonical":"https:\/\/agenciainfra.com\/blog\/pernambuco-quer-condicoes-iguais-para-seguir-com-nova-ferrovia\/","og_locale":"pt_BR","og_type":"article","og_title":"Pernambuco quer condi\u00e7\u00f5es iguais para seguir com nova ferrovia","og_description":"da Ag\u00eancia iNFRA O Secret\u00e1rio de Desenvolvimento Econ\u00f4mico de Pernambuco, Guilherme Cavalcanti, disse&nbsp;que, caso o governo federal queira manter o projeto do governo passado de repactuar a concess\u00e3o da&nbsp;Transnordestina&nbsp;sem o ramal para Suape, ter\u00e1&nbsp;que&nbsp;apresentar &#8220;uma solu\u00e7\u00e3o real&#8221; para o trecho pernambucano. &#8220;Se for para ficar 18 meses para fazer as contas de haveres e deveres [&hellip;]","og_url":"https:\/\/agenciainfra.com\/blog\/pernambuco-quer-condicoes-iguais-para-seguir-com-nova-ferrovia\/","og_site_name":"Ag\u00eancia iNFRA","article_publisher":"https:\/\/www.facebook.com\/ageninfra","article_published_time":"2023-03-16T12:00:00+00:00","og_image":[{"width":1200,"height":830,"url":"https:\/\/agenciainfra.com\/blog\/wp-content\/uploads\/2023\/03\/guilherme-cavalcanti-foto-governo-de-pernambuco.jpeg","type":"image\/jpeg"}],"author":"Ag\u00eancia iNFRA","twitter_card":"summary_large_image","twitter_creator":"@agencia_infra","twitter_site":"@agencia_infra","twitter_misc":{"Escrito por":"Ag\u00eancia iNFRA","Est. tempo de leitura":"3 minutos"},"schema":{"@context":"https:\/\/schema.org","@graph":[{"@type":"Article","@id":"https:\/\/agenciainfra.com\/blog\/pernambuco-quer-condicoes-iguais-para-seguir-com-nova-ferrovia\/#article","isPartOf":{"@id":"https:\/\/agenciainfra.com\/blog\/pernambuco-quer-condicoes-iguais-para-seguir-com-nova-ferrovia\/"},"author":{"name":"Ag\u00eancia iNFRA","@id":"https:\/\/agenciainfra.com\/blog\/#\/schema\/person\/34af08dff6adea4cb22b06612ba7acfa"},"headline":"Pernambuco quer condi\u00e7\u00f5es iguais para seguir com nova ferrovia","datePublished":"2023-03-16T12:00:00+00:00","mainEntityOfPage":{"@id":"https:\/\/agenciainfra.com\/blog\/pernambuco-quer-condicoes-iguais-para-seguir-com-nova-ferrovia\/"},"wordCount":645,"publisher":{"@id":"https:\/\/agenciainfra.com\/blog\/#organization"},"image":{"@id":"https:\/\/agenciainfra.com\/blog\/pernambuco-quer-condicoes-iguais-para-seguir-com-nova-ferrovia\/#primaryimage"},"thumbnailUrl":"https:\/\/agenciainfra.com\/blog\/wp-content\/uploads\/2023\/03\/guilherme-cavalcanti-foto-governo-de-pernambuco.jpeg","keywords":["ANTT","FDNE","Finor","Guilherme Cavalcanti","Pernambuco","Porto de Pec\u00e9m","Salgueiro","Sudene","TCU","Transnordestina","Tufi Daher Filho","Valec"],"articleSection":["Geral","iNFRATransporte"],"inLanguage":"pt-BR","copyrightYear":"2023","copyrightHolder":{"@id":"https:\/\/agenciainfra.com\/blog\/#organization"}},{"@type":"WebPage","@id":"https:\/\/agenciainfra.com\/blog\/pernambuco-quer-condicoes-iguais-para-seguir-com-nova-ferrovia\/","url":"https:\/\/agenciainfra.com\/blog\/pernambuco-quer-condicoes-iguais-para-seguir-com-nova-ferrovia\/","name":"Pernambuco quer condi\u00e7\u00f5es iguais para seguir com nova ferrovia - Ag\u00eancia iNFRA","isPartOf":{"@id":"https:\/\/agenciainfra.com\/blog\/#website"},"primaryImageOfPage":{"@id":"https:\/\/agenciainfra.com\/blog\/pernambuco-quer-condicoes-iguais-para-seguir-com-nova-ferrovia\/#primaryimage"},"image":{"@id":"https:\/\/agenciainfra.com\/blog\/pernambuco-quer-condicoes-iguais-para-seguir-com-nova-ferrovia\/#primaryimage"},"thumbnailUrl":"https:\/\/agenciainfra.com\/blog\/wp-content\/uploads\/2023\/03\/guilherme-cavalcanti-foto-governo-de-pernambuco.jpeg","datePublished":"2023-03-16T12:00:00+00:00","breadcrumb":{"@id":"https:\/\/agenciainfra.com\/blog\/pernambuco-quer-condicoes-iguais-para-seguir-com-nova-ferrovia\/#breadcrumb"},"inLanguage":"pt-BR","potentialAction":[{"@type":"ReadAction","target":["https:\/\/agenciainfra.com\/blog\/pernambuco-quer-condicoes-iguais-para-seguir-com-nova-ferrovia\/"]}]},{"@type":"ImageObject","inLanguage":"pt-BR","@id":"https:\/\/agenciainfra.com\/blog\/pernambuco-quer-condicoes-iguais-para-seguir-com-nova-ferrovia\/#primaryimage","url":"https:\/\/agenciainfra.com\/blog\/wp-content\/uploads\/2023\/03\/guilherme-cavalcanti-foto-governo-de-pernambuco.jpeg","contentUrl":"https:\/\/agenciainfra.com\/blog\/wp-content\/uploads\/2023\/03\/guilherme-cavalcanti-foto-governo-de-pernambuco.jpeg","width":1200,"height":830},{"@type":"BreadcrumbList","@id":"https:\/\/agenciainfra.com\/blog\/pernambuco-quer-condicoes-iguais-para-seguir-com-nova-ferrovia\/#breadcrumb","itemListElement":[{"@type":"ListItem","position":1,"name":"In\u00edcio","item":"https:\/\/agenciainfra.com\/blog\/"},{"@type":"ListItem","position":2,"name":"Pernambuco quer condi\u00e7\u00f5es iguais para seguir com nova ferrovia"}]},{"@type":"WebSite","@id":"https:\/\/agenciainfra.com\/blog\/#website","url":"https:\/\/agenciainfra.com\/blog\/","name":"Ag\u00eancia iNFRA","description":"Multiplataforma de informa\u00e7\u00e3o jornal\u00edstica refer\u00eancia na \u00e1rea de infraestrutura no Brasil!","publisher":{"@id":"https:\/\/agenciainfra.com\/blog\/#organization"},"potentialAction":[{"@type":"SearchAction","target":{"@type":"EntryPoint","urlTemplate":"https:\/\/agenciainfra.com\/blog\/?s={search_term_string}"},"query-input":{"@type":"PropertyValueSpecification","valueRequired":true,"valueName":"search_term_string"}}],"inLanguage":"pt-BR"},{"@type":"Organization","@id":"https:\/\/agenciainfra.com\/blog\/#organization","name":"Ag\u00eancia iNFRA","url":"https:\/\/agenciainfra.com\/blog\/","logo":{"@type":"ImageObject","inLanguage":"pt-BR","@id":"https:\/\/agenciainfra.com\/blog\/#\/schema\/logo\/image\/","url":"https:\/\/agenciainfra.com\/blog\/wp-content\/uploads\/2023\/09\/iNFRA_5-e1761735885940.png","contentUrl":"https:\/\/agenciainfra.com\/blog\/wp-content\/uploads\/2023\/09\/iNFRA_5-e1761735885940.png","width":1672,"height":454,"caption":"Ag\u00eancia iNFRA"},"image":{"@id":"https:\/\/agenciainfra.com\/blog\/#\/schema\/logo\/image\/"},"sameAs":["https:\/\/www.facebook.com\/ageninfra","https:\/\/x.com\/agencia_infra","https:\/\/www.linkedin.com\/company\/ag\u00eanciainfra\/","https:\/\/www.instagram.com\/agenciainfra\/"]},{"@type":"Person","@id":"https:\/\/agenciainfra.com\/blog\/#\/schema\/person\/34af08dff6adea4cb22b06612ba7acfa","name":"Ag\u00eancia iNFRA","image":{"@type":"ImageObject","inLanguage":"pt-BR","@id":"https:\/\/agenciainfra.com\/blog\/#\/schema\/person\/image\/","url":"https:\/\/secure.gravatar.com\/avatar\/d189e01678f06d8eb84d4e01f08eb848b3fffe3f8443818d3c356c66892f5be8?s=96&d=mm&r=g","contentUrl":"https:\/\/secure.gravatar.com\/avatar\/d189e01678f06d8eb84d4e01f08eb848b3fffe3f8443818d3c356c66892f5be8?s=96&d=mm&r=g","caption":"Ag\u00eancia iNFRA"},"url":"https:\/\/agenciainfra.com\/blog\/author\/admin\/"}]}},"_links":{"self":[{"href":"https:\/\/agenciainfra.com\/blog\/wp-json\/wp\/v2\/posts\/12364","targetHints":{"allow":["GET"]}}],"collection":[{"href":"https:\/\/agenciainfra.com\/blog\/wp-json\/wp\/v2\/posts"}],"about":[{"href":"https:\/\/agenciainfra.com\/blog\/wp-json\/wp\/v2\/types\/post"}],"author":[{"embeddable":true,"href":"https:\/\/agenciainfra.com\/blog\/wp-json\/wp\/v2\/users\/1"}],"replies":[{"embeddable":true,"href":"https:\/\/agenciainfra.com\/blog\/wp-json\/wp\/v2\/comments?post=12364"}],"version-history":[{"count":0,"href":"https:\/\/agenciainfra.com\/blog\/wp-json\/wp\/v2\/posts\/12364\/revisions"}],"wp:featuredmedia":[{"embeddable":true,"href":"https:\/\/agenciainfra.com\/blog\/wp-json\/wp\/v2\/media\/12365"}],"wp:attachment":[{"href":"https:\/\/agenciainfra.com\/blog\/wp-json\/wp\/v2\/media?parent=12364"}],"wp:term":[{"taxonomy":"category","embeddable":true,"href":"https:\/\/agenciainfra.com\/blog\/wp-json\/wp\/v2\/categories?post=12364"},{"taxonomy":"post_tag","embeddable":true,"href":"https:\/\/agenciainfra.com\/blog\/wp-json\/wp\/v2\/tags?post=12364"}],"curies":[{"name":"wp","href":"https:\/\/api.w.org\/{rel}","templated":true}]}}