{"id":12380,"date":"2023-03-17T11:00:00","date_gmt":"2023-03-17T14:00:00","guid":{"rendered":"https:\/\/www.agenciainfra.com\/blog\/?p=12380"},"modified":"2023-03-17T08:56:34","modified_gmt":"2023-03-17T11:56:34","slug":"efrain-cruz-sera-o-secretario-executivo-de-minas-e-energia","status":"publish","type":"post","link":"https:\/\/agenciainfra.com\/blog\/efrain-cruz-sera-o-secretario-executivo-de-minas-e-energia\/","title":{"rendered":"Efrain Cruz ser\u00e1 o secret\u00e1rio-executivo de Minas e Energia"},"content":{"rendered":"\n<p class=\"has-text-align-right\"><strong>Leila Coimbra e Dimmi Amora,&nbsp;da&nbsp;Ag\u00eancia iNFRA<\/strong><\/p>\n\n\n\n<p>Depois de uma indefini\u00e7\u00e3o que durou 75 dias, o Minist\u00e9rio de Minas e Energia deve ter finalmente um secret\u00e1rio-executivo, o segundo cargo mais importante da pasta, atr\u00e1s apenas do ministro. O ex-diretor da ANEEL (Ag\u00eancia Nacional de Energia El\u00e9trica), Efrain Cruz, dever\u00e1 ser oficializado na vaga, confirmaram fontes do governo \u00e0&nbsp;<strong>Ag\u00eancia iNFRA<\/strong>.<br>&nbsp;<br>Disputava com Efrain, nos \u00faltimos dias, Vitor Saback, diretor da ANA (Ag\u00eancia Nacional de \u00c1guas e Saneamento B\u00e1sico). Tanto Efrain Cruz quanto Vitor Saback s\u00e3o apadrinhados pelo senador Davi Alcolumbre (Uni\u00e3o-AP) e foram indicados para o conselho de administra\u00e7\u00e3o da Petrobras.<br>&nbsp;<br>Pesou contra Saback o fato de n\u00e3o ser do setor de energia e j\u00e1 ter trabalhado com o ex-ministro da Economia, Paulo Guedes. Por ter participado do governo Bolsonaro, ele poderia ser vetado por integrantes do PT, assim como ocorreu com Bruno Eust\u00e1quio, que era o favorito para a vaga do ministro de Minas e Energia, Alexandre Silveira.<br>&nbsp;<br>O ministro insistiu no nome de Eust\u00e1quio para a secretaria-executiva o quanto p\u00f4de, mas n\u00e3o conseguiu vencer as barreiras pol\u00edticas para a sua indica\u00e7\u00e3o.<br>&nbsp;<br>A vac\u00e2ncia do segundo cargo mais importante da pasta estava emperrando muitas pautas dos setores de energia e minera\u00e7\u00e3o, e causando inquieta\u00e7\u00e3o nos agentes do mercado. Espera-se agora que a agenda comece a destravar. (Colaborou&nbsp;Marisa Wanzeller)<\/p>\n","protected":false},"excerpt":{"rendered":"<p>Leila Coimbra e Dimmi Amora,&nbsp;da&nbsp;Ag\u00eancia iNFRA Depois de uma indefini\u00e7\u00e3o que durou 75 dias, o Minist\u00e9rio de Minas e Energia deve ter finalmente um secret\u00e1rio-executivo, o segundo cargo mais importante da pasta, atr\u00e1s apenas do ministro. O ex-diretor da ANEEL (Ag\u00eancia Nacional de Energia El\u00e9trica), Efrain Cruz, dever\u00e1 ser oficializado na vaga, confirmaram fontes do [&hellip;]<\/p>\n","protected":false},"author":1,"featured_media":12381,"comment_status":"closed","ping_status":"closed","sticky":false,"template":"","format":"standard","meta":{"_monsterinsights_skip_tracking":false,"_monsterinsights_sitenote_active":false,"_monsterinsights_sitenote_note":"","_monsterinsights_sitenote_category":0,"footnotes":""},"categories":[1,10],"tags":[6040,77,53,1228,3779,71,962,143,6523,6522],"class_list":["post-12380","post","type-post","status-publish","format-standard","has-post-thumbnail","hentry","category-geral","category-infraenergia","tag-alexandre-silveira","tag-ana","tag-aneel","tag-davi-alcolumbre","tag-efrain-cruz","tag-mme","tag-paulo-guedes","tag-petrobras","tag-secretario-executivo-2","tag-vitor-saback"],"yoast_head":"<!-- This site is optimized with the Yoast SEO Premium plugin v25.4 (Yoast SEO v26.0) - https:\/\/yoast.com\/wordpress\/plugins\/seo\/ -->\n<title>Efrain Cruz ser\u00e1 o secret\u00e1rio-executivo de Minas e Energia - Ag\u00eancia iNFRA<\/title>\n<meta name=\"robots\" content=\"index, follow, max-snippet:-1, max-image-preview:large, max-video-preview:-1\" \/>\n<link rel=\"canonical\" href=\"https:\/\/agenciainfra.com\/blog\/efrain-cruz-sera-o-secretario-executivo-de-minas-e-energia\/\" \/>\n<meta property=\"og:locale\" content=\"pt_BR\" \/>\n<meta property=\"og:type\" content=\"article\" \/>\n<meta property=\"og:title\" content=\"Efrain Cruz ser\u00e1 o secret\u00e1rio-executivo de Minas e Energia\" \/>\n<meta property=\"og:description\" content=\"Leila Coimbra e Dimmi Amora,&nbsp;da&nbsp;Ag\u00eancia iNFRA Depois de uma indefini\u00e7\u00e3o que durou 75 dias, o Minist\u00e9rio de Minas e Energia deve ter finalmente um secret\u00e1rio-executivo, o segundo cargo mais importante da pasta, atr\u00e1s apenas do ministro. O ex-diretor da ANEEL (Ag\u00eancia Nacional de Energia El\u00e9trica), Efrain Cruz, dever\u00e1 ser oficializado na vaga, confirmaram fontes do [&hellip;]\" \/>\n<meta property=\"og:url\" content=\"https:\/\/agenciainfra.com\/blog\/efrain-cruz-sera-o-secretario-executivo-de-minas-e-energia\/\" \/>\n<meta property=\"og:site_name\" content=\"Ag\u00eancia iNFRA\" \/>\n<meta property=\"article:publisher\" content=\"https:\/\/www.facebook.com\/ageninfra\" \/>\n<meta property=\"article:published_time\" content=\"2023-03-17T14:00:00+00:00\" \/>\n<meta property=\"og:image\" content=\"https:\/\/agenciainfra.com\/blog\/wp-content\/uploads\/2023\/03\/efrain-cruz-foto-agencia-senado.jpg\" \/>\n\t<meta property=\"og:image:width\" content=\"2047\" \/>\n\t<meta property=\"og:image:height\" content=\"1359\" \/>\n\t<meta property=\"og:image:type\" content=\"image\/jpeg\" \/>\n<meta name=\"author\" content=\"Ag\u00eancia iNFRA\" \/>\n<meta name=\"twitter:card\" content=\"summary_large_image\" \/>\n<meta name=\"twitter:creator\" content=\"@agencia_infra\" \/>\n<meta name=\"twitter:site\" content=\"@agencia_infra\" \/>\n<meta name=\"twitter:label1\" content=\"Escrito por\" \/>\n\t<meta name=\"twitter:data1\" content=\"Ag\u00eancia iNFRA\" \/>\n\t<meta name=\"twitter:label2\" content=\"Est. tempo de leitura\" \/>\n\t<meta name=\"twitter:data2\" content=\"1 minuto\" \/>\n<script type=\"application\/ld+json\" class=\"yoast-schema-graph\">{\"@context\":\"https:\/\/schema.org\",\"@graph\":[{\"@type\":\"Article\",\"@id\":\"https:\/\/agenciainfra.com\/blog\/efrain-cruz-sera-o-secretario-executivo-de-minas-e-energia\/#article\",\"isPartOf\":{\"@id\":\"https:\/\/agenciainfra.com\/blog\/efrain-cruz-sera-o-secretario-executivo-de-minas-e-energia\/\"},\"author\":{\"name\":\"Ag\u00eancia iNFRA\",\"@id\":\"https:\/\/agenciainfra.com\/blog\/#\/schema\/person\/34af08dff6adea4cb22b06612ba7acfa\"},\"headline\":\"Efrain Cruz ser\u00e1 o secret\u00e1rio-executivo de Minas e Energia\",\"datePublished\":\"2023-03-17T14:00:00+00:00\",\"mainEntityOfPage\":{\"@id\":\"https:\/\/agenciainfra.com\/blog\/efrain-cruz-sera-o-secretario-executivo-de-minas-e-energia\/\"},\"wordCount\":260,\"publisher\":{\"@id\":\"https:\/\/agenciainfra.com\/blog\/#organization\"},\"image\":{\"@id\":\"https:\/\/agenciainfra.com\/blog\/efrain-cruz-sera-o-secretario-executivo-de-minas-e-energia\/#primaryimage\"},\"thumbnailUrl\":\"https:\/\/agenciainfra.com\/blog\/wp-content\/uploads\/2023\/03\/efrain-cruz-foto-agencia-senado.jpg\",\"keywords\":[\"Alexandre Silveira\",\"ANA\",\"ANEEL\",\"Davi Alcolumbre\",\"Efrain Cruz\",\"MME\",\"Paulo Guedes\",\"Petrobras\",\"secret\u00e1rio-executivo\",\"Vitor Saback\"],\"articleSection\":[\"Geral\",\"iNFRAEnergia\"],\"inLanguage\":\"pt-BR\",\"copyrightYear\":\"2023\",\"copyrightHolder\":{\"@id\":\"https:\/\/agenciainfra.com\/blog\/#organization\"}},{\"@type\":\"WebPage\",\"@id\":\"https:\/\/agenciainfra.com\/blog\/efrain-cruz-sera-o-secretario-executivo-de-minas-e-energia\/\",\"url\":\"https:\/\/agenciainfra.com\/blog\/efrain-cruz-sera-o-secretario-executivo-de-minas-e-energia\/\",\"name\":\"Efrain Cruz ser\u00e1 o secret\u00e1rio-executivo de Minas e Energia - Ag\u00eancia iNFRA\",\"isPartOf\":{\"@id\":\"https:\/\/agenciainfra.com\/blog\/#website\"},\"primaryImageOfPage\":{\"@id\":\"https:\/\/agenciainfra.com\/blog\/efrain-cruz-sera-o-secretario-executivo-de-minas-e-energia\/#primaryimage\"},\"image\":{\"@id\":\"https:\/\/agenciainfra.com\/blog\/efrain-cruz-sera-o-secretario-executivo-de-minas-e-energia\/#primaryimage\"},\"thumbnailUrl\":\"https:\/\/agenciainfra.com\/blog\/wp-content\/uploads\/2023\/03\/efrain-cruz-foto-agencia-senado.jpg\",\"datePublished\":\"2023-03-17T14:00:00+00:00\",\"breadcrumb\":{\"@id\":\"https:\/\/agenciainfra.com\/blog\/efrain-cruz-sera-o-secretario-executivo-de-minas-e-energia\/#breadcrumb\"},\"inLanguage\":\"pt-BR\",\"potentialAction\":[{\"@type\":\"ReadAction\",\"target\":[\"https:\/\/agenciainfra.com\/blog\/efrain-cruz-sera-o-secretario-executivo-de-minas-e-energia\/\"]}]},{\"@type\":\"ImageObject\",\"inLanguage\":\"pt-BR\",\"@id\":\"https:\/\/agenciainfra.com\/blog\/efrain-cruz-sera-o-secretario-executivo-de-minas-e-energia\/#primaryimage\",\"url\":\"https:\/\/agenciainfra.com\/blog\/wp-content\/uploads\/2023\/03\/efrain-cruz-foto-agencia-senado.jpg\",\"contentUrl\":\"https:\/\/agenciainfra.com\/blog\/wp-content\/uploads\/2023\/03\/efrain-cruz-foto-agencia-senado.jpg\",\"width\":2047,\"height\":1359},{\"@type\":\"BreadcrumbList\",\"@id\":\"https:\/\/agenciainfra.com\/blog\/efrain-cruz-sera-o-secretario-executivo-de-minas-e-energia\/#breadcrumb\",\"itemListElement\":[{\"@type\":\"ListItem\",\"position\":1,\"name\":\"In\u00edcio\",\"item\":\"https:\/\/agenciainfra.com\/blog\/\"},{\"@type\":\"ListItem\",\"position\":2,\"name\":\"Efrain Cruz ser\u00e1 o secret\u00e1rio-executivo de Minas e Energia\"}]},{\"@type\":\"WebSite\",\"@id\":\"https:\/\/agenciainfra.com\/blog\/#website\",\"url\":\"https:\/\/agenciainfra.com\/blog\/\",\"name\":\"Ag\u00eancia iNFRA\",\"description\":\"Multiplataforma de informa\u00e7\u00e3o jornal\u00edstica refer\u00eancia na \u00e1rea de infraestrutura no Brasil!\",\"publisher\":{\"@id\":\"https:\/\/agenciainfra.com\/blog\/#organization\"},\"potentialAction\":[{\"@type\":\"SearchAction\",\"target\":{\"@type\":\"EntryPoint\",\"urlTemplate\":\"https:\/\/agenciainfra.com\/blog\/?s={search_term_string}\"},\"query-input\":{\"@type\":\"PropertyValueSpecification\",\"valueRequired\":true,\"valueName\":\"search_term_string\"}}],\"inLanguage\":\"pt-BR\"},{\"@type\":\"Organization\",\"@id\":\"https:\/\/agenciainfra.com\/blog\/#organization\",\"name\":\"Ag\u00eancia iNFRA\",\"url\":\"https:\/\/agenciainfra.com\/blog\/\",\"logo\":{\"@type\":\"ImageObject\",\"inLanguage\":\"pt-BR\",\"@id\":\"https:\/\/agenciainfra.com\/blog\/#\/schema\/logo\/image\/\",\"url\":\"https:\/\/agenciainfra.com\/blog\/wp-content\/uploads\/2023\/09\/iNFRA_5-e1761735885940.png\",\"contentUrl\":\"https:\/\/agenciainfra.com\/blog\/wp-content\/uploads\/2023\/09\/iNFRA_5-e1761735885940.png\",\"width\":1672,\"height\":454,\"caption\":\"Ag\u00eancia iNFRA\"},\"image\":{\"@id\":\"https:\/\/agenciainfra.com\/blog\/#\/schema\/logo\/image\/\"},\"sameAs\":[\"https:\/\/www.facebook.com\/ageninfra\",\"https:\/\/x.com\/agencia_infra\",\"https:\/\/www.linkedin.com\/company\/ag\u00eanciainfra\/\",\"https:\/\/www.instagram.com\/agenciainfra\/\"]},{\"@type\":\"Person\",\"@id\":\"https:\/\/agenciainfra.com\/blog\/#\/schema\/person\/34af08dff6adea4cb22b06612ba7acfa\",\"name\":\"Ag\u00eancia iNFRA\",\"image\":{\"@type\":\"ImageObject\",\"inLanguage\":\"pt-BR\",\"@id\":\"https:\/\/agenciainfra.com\/blog\/#\/schema\/person\/image\/\",\"url\":\"https:\/\/secure.gravatar.com\/avatar\/d189e01678f06d8eb84d4e01f08eb848b3fffe3f8443818d3c356c66892f5be8?s=96&d=mm&r=g\",\"contentUrl\":\"https:\/\/secure.gravatar.com\/avatar\/d189e01678f06d8eb84d4e01f08eb848b3fffe3f8443818d3c356c66892f5be8?s=96&d=mm&r=g\",\"caption\":\"Ag\u00eancia iNFRA\"},\"url\":\"https:\/\/agenciainfra.com\/blog\/author\/admin\/\"}]}<\/script>\n<!-- \/ Yoast SEO Premium plugin. -->","yoast_head_json":{"title":"Efrain Cruz ser\u00e1 o secret\u00e1rio-executivo de Minas e Energia - Ag\u00eancia iNFRA","robots":{"index":"index","follow":"follow","max-snippet":"max-snippet:-1","max-image-preview":"max-image-preview:large","max-video-preview":"max-video-preview:-1"},"canonical":"https:\/\/agenciainfra.com\/blog\/efrain-cruz-sera-o-secretario-executivo-de-minas-e-energia\/","og_locale":"pt_BR","og_type":"article","og_title":"Efrain Cruz ser\u00e1 o secret\u00e1rio-executivo de Minas e Energia","og_description":"Leila Coimbra e Dimmi Amora,&nbsp;da&nbsp;Ag\u00eancia iNFRA Depois de uma indefini\u00e7\u00e3o que durou 75 dias, o Minist\u00e9rio de Minas e Energia deve ter finalmente um secret\u00e1rio-executivo, o segundo cargo mais importante da pasta, atr\u00e1s apenas do ministro. O ex-diretor da ANEEL (Ag\u00eancia Nacional de Energia El\u00e9trica), Efrain Cruz, dever\u00e1 ser oficializado na vaga, confirmaram fontes do [&hellip;]","og_url":"https:\/\/agenciainfra.com\/blog\/efrain-cruz-sera-o-secretario-executivo-de-minas-e-energia\/","og_site_name":"Ag\u00eancia iNFRA","article_publisher":"https:\/\/www.facebook.com\/ageninfra","article_published_time":"2023-03-17T14:00:00+00:00","og_image":[{"width":2047,"height":1359,"url":"https:\/\/agenciainfra.com\/blog\/wp-content\/uploads\/2023\/03\/efrain-cruz-foto-agencia-senado.jpg","type":"image\/jpeg"}],"author":"Ag\u00eancia iNFRA","twitter_card":"summary_large_image","twitter_creator":"@agencia_infra","twitter_site":"@agencia_infra","twitter_misc":{"Escrito por":"Ag\u00eancia iNFRA","Est. tempo de leitura":"1 minuto"},"schema":{"@context":"https:\/\/schema.org","@graph":[{"@type":"Article","@id":"https:\/\/agenciainfra.com\/blog\/efrain-cruz-sera-o-secretario-executivo-de-minas-e-energia\/#article","isPartOf":{"@id":"https:\/\/agenciainfra.com\/blog\/efrain-cruz-sera-o-secretario-executivo-de-minas-e-energia\/"},"author":{"name":"Ag\u00eancia iNFRA","@id":"https:\/\/agenciainfra.com\/blog\/#\/schema\/person\/34af08dff6adea4cb22b06612ba7acfa"},"headline":"Efrain Cruz ser\u00e1 o secret\u00e1rio-executivo de Minas e Energia","datePublished":"2023-03-17T14:00:00+00:00","mainEntityOfPage":{"@id":"https:\/\/agenciainfra.com\/blog\/efrain-cruz-sera-o-secretario-executivo-de-minas-e-energia\/"},"wordCount":260,"publisher":{"@id":"https:\/\/agenciainfra.com\/blog\/#organization"},"image":{"@id":"https:\/\/agenciainfra.com\/blog\/efrain-cruz-sera-o-secretario-executivo-de-minas-e-energia\/#primaryimage"},"thumbnailUrl":"https:\/\/agenciainfra.com\/blog\/wp-content\/uploads\/2023\/03\/efrain-cruz-foto-agencia-senado.jpg","keywords":["Alexandre Silveira","ANA","ANEEL","Davi Alcolumbre","Efrain Cruz","MME","Paulo Guedes","Petrobras","secret\u00e1rio-executivo","Vitor Saback"],"articleSection":["Geral","iNFRAEnergia"],"inLanguage":"pt-BR","copyrightYear":"2023","copyrightHolder":{"@id":"https:\/\/agenciainfra.com\/blog\/#organization"}},{"@type":"WebPage","@id":"https:\/\/agenciainfra.com\/blog\/efrain-cruz-sera-o-secretario-executivo-de-minas-e-energia\/","url":"https:\/\/agenciainfra.com\/blog\/efrain-cruz-sera-o-secretario-executivo-de-minas-e-energia\/","name":"Efrain Cruz ser\u00e1 o secret\u00e1rio-executivo de Minas e Energia - Ag\u00eancia iNFRA","isPartOf":{"@id":"https:\/\/agenciainfra.com\/blog\/#website"},"primaryImageOfPage":{"@id":"https:\/\/agenciainfra.com\/blog\/efrain-cruz-sera-o-secretario-executivo-de-minas-e-energia\/#primaryimage"},"image":{"@id":"https:\/\/agenciainfra.com\/blog\/efrain-cruz-sera-o-secretario-executivo-de-minas-e-energia\/#primaryimage"},"thumbnailUrl":"https:\/\/agenciainfra.com\/blog\/wp-content\/uploads\/2023\/03\/efrain-cruz-foto-agencia-senado.jpg","datePublished":"2023-03-17T14:00:00+00:00","breadcrumb":{"@id":"https:\/\/agenciainfra.com\/blog\/efrain-cruz-sera-o-secretario-executivo-de-minas-e-energia\/#breadcrumb"},"inLanguage":"pt-BR","potentialAction":[{"@type":"ReadAction","target":["https:\/\/agenciainfra.com\/blog\/efrain-cruz-sera-o-secretario-executivo-de-minas-e-energia\/"]}]},{"@type":"ImageObject","inLanguage":"pt-BR","@id":"https:\/\/agenciainfra.com\/blog\/efrain-cruz-sera-o-secretario-executivo-de-minas-e-energia\/#primaryimage","url":"https:\/\/agenciainfra.com\/blog\/wp-content\/uploads\/2023\/03\/efrain-cruz-foto-agencia-senado.jpg","contentUrl":"https:\/\/agenciainfra.com\/blog\/wp-content\/uploads\/2023\/03\/efrain-cruz-foto-agencia-senado.jpg","width":2047,"height":1359},{"@type":"BreadcrumbList","@id":"https:\/\/agenciainfra.com\/blog\/efrain-cruz-sera-o-secretario-executivo-de-minas-e-energia\/#breadcrumb","itemListElement":[{"@type":"ListItem","position":1,"name":"In\u00edcio","item":"https:\/\/agenciainfra.com\/blog\/"},{"@type":"ListItem","position":2,"name":"Efrain Cruz ser\u00e1 o secret\u00e1rio-executivo de Minas e Energia"}]},{"@type":"WebSite","@id":"https:\/\/agenciainfra.com\/blog\/#website","url":"https:\/\/agenciainfra.com\/blog\/","name":"Ag\u00eancia iNFRA","description":"Multiplataforma de informa\u00e7\u00e3o jornal\u00edstica refer\u00eancia na \u00e1rea de infraestrutura no Brasil!","publisher":{"@id":"https:\/\/agenciainfra.com\/blog\/#organization"},"potentialAction":[{"@type":"SearchAction","target":{"@type":"EntryPoint","urlTemplate":"https:\/\/agenciainfra.com\/blog\/?s={search_term_string}"},"query-input":{"@type":"PropertyValueSpecification","valueRequired":true,"valueName":"search_term_string"}}],"inLanguage":"pt-BR"},{"@type":"Organization","@id":"https:\/\/agenciainfra.com\/blog\/#organization","name":"Ag\u00eancia iNFRA","url":"https:\/\/agenciainfra.com\/blog\/","logo":{"@type":"ImageObject","inLanguage":"pt-BR","@id":"https:\/\/agenciainfra.com\/blog\/#\/schema\/logo\/image\/","url":"https:\/\/agenciainfra.com\/blog\/wp-content\/uploads\/2023\/09\/iNFRA_5-e1761735885940.png","contentUrl":"https:\/\/agenciainfra.com\/blog\/wp-content\/uploads\/2023\/09\/iNFRA_5-e1761735885940.png","width":1672,"height":454,"caption":"Ag\u00eancia iNFRA"},"image":{"@id":"https:\/\/agenciainfra.com\/blog\/#\/schema\/logo\/image\/"},"sameAs":["https:\/\/www.facebook.com\/ageninfra","https:\/\/x.com\/agencia_infra","https:\/\/www.linkedin.com\/company\/ag\u00eanciainfra\/","https:\/\/www.instagram.com\/agenciainfra\/"]},{"@type":"Person","@id":"https:\/\/agenciainfra.com\/blog\/#\/schema\/person\/34af08dff6adea4cb22b06612ba7acfa","name":"Ag\u00eancia iNFRA","image":{"@type":"ImageObject","inLanguage":"pt-BR","@id":"https:\/\/agenciainfra.com\/blog\/#\/schema\/person\/image\/","url":"https:\/\/secure.gravatar.com\/avatar\/d189e01678f06d8eb84d4e01f08eb848b3fffe3f8443818d3c356c66892f5be8?s=96&d=mm&r=g","contentUrl":"https:\/\/secure.gravatar.com\/avatar\/d189e01678f06d8eb84d4e01f08eb848b3fffe3f8443818d3c356c66892f5be8?s=96&d=mm&r=g","caption":"Ag\u00eancia iNFRA"},"url":"https:\/\/agenciainfra.com\/blog\/author\/admin\/"}]}},"_links":{"self":[{"href":"https:\/\/agenciainfra.com\/blog\/wp-json\/wp\/v2\/posts\/12380","targetHints":{"allow":["GET"]}}],"collection":[{"href":"https:\/\/agenciainfra.com\/blog\/wp-json\/wp\/v2\/posts"}],"about":[{"href":"https:\/\/agenciainfra.com\/blog\/wp-json\/wp\/v2\/types\/post"}],"author":[{"embeddable":true,"href":"https:\/\/agenciainfra.com\/blog\/wp-json\/wp\/v2\/users\/1"}],"replies":[{"embeddable":true,"href":"https:\/\/agenciainfra.com\/blog\/wp-json\/wp\/v2\/comments?post=12380"}],"version-history":[{"count":0,"href":"https:\/\/agenciainfra.com\/blog\/wp-json\/wp\/v2\/posts\/12380\/revisions"}],"wp:featuredmedia":[{"embeddable":true,"href":"https:\/\/agenciainfra.com\/blog\/wp-json\/wp\/v2\/media\/12381"}],"wp:attachment":[{"href":"https:\/\/agenciainfra.com\/blog\/wp-json\/wp\/v2\/media?parent=12380"}],"wp:term":[{"taxonomy":"category","embeddable":true,"href":"https:\/\/agenciainfra.com\/blog\/wp-json\/wp\/v2\/categories?post=12380"},{"taxonomy":"post_tag","embeddable":true,"href":"https:\/\/agenciainfra.com\/blog\/wp-json\/wp\/v2\/tags?post=12380"}],"curies":[{"name":"wp","href":"https:\/\/api.w.org\/{rel}","templated":true}]}}