{"id":12398,"date":"2023-03-20T09:00:00","date_gmt":"2023-03-20T12:00:00","guid":{"rendered":"https:\/\/www.agenciainfra.com\/blog\/?p=12398"},"modified":"2023-03-20T08:03:38","modified_gmt":"2023-03-20T11:03:38","slug":"novo-pac-avalia-retomar-regra-que-impede-contingenciamento-em-projetos-selecionados","status":"publish","type":"post","link":"https:\/\/agenciainfra.com\/blog\/novo-pac-avalia-retomar-regra-que-impede-contingenciamento-em-projetos-selecionados\/","title":{"rendered":"&#8220;Novo PAC&#8221; avalia retomar regra que impede contingenciamento em projetos selecionados"},"content":{"rendered":"\n<p class=\"has-text-align-right\"><strong>Dimmi Amora, da Ag\u00eancia iNFRA<\/strong><\/p>\n\n\n\n<p>O programa de investimentos que o governo federal prepara para lan\u00e7ar em abril deste ano avalia retomar a regra original do PAC (Programa de Acelera\u00e7\u00e3o do Crescimento) que impedia o contingenciamento de recursos or\u00e7ament\u00e1rios de projetos que estavam aprovados pelo programa.<br><br>A proposta est\u00e1 em avalia\u00e7\u00e3o, segundo apurou a&nbsp;<strong>Ag\u00eancia iNFRA<\/strong>. Ela aparece como uma das medidas institucionais para a retomada de investimentos p\u00fablicos, numa apresenta\u00e7\u00e3o preparat\u00f3ria, produzida pela Casa Civil da Presid\u00eancia, a que tivemos acesso. Na apresenta\u00e7\u00e3o a proposta \u00e9 descrita como &#8220;Previsibilidade no fluxo de recursos p\u00fablicos&#8221;.<br><br>A origem do PAC \u00e9 justamente um programa que visava evitar que empreendimentos federais tivessem as obras paradas por falta de or\u00e7amento, ainda no primeiro governo do presidente Lula, quando os contingenciamentos eram pesados para que fosse poss\u00edvel cumprir as elevadas metas de super\u00e1vit prim\u00e1rio.<br><br>O bom desempenho desses programas fez o governo ampliar a diretriz para uma grande lista de obras, que ganhou o nome de PAC (Programa de Acelera\u00e7\u00e3o do Crescimento) para o segundo mandato do presidente. A regra, no entanto, n\u00e3o resistiu \u00e0 crise fiscal de 2015, no segundo mandato da presidente Dilma Rousseff, e foi extinta.<br><br>Desde ent\u00e3o, os investimentos p\u00fablicos ca\u00edram vertiginosamente, mais acentuadamente ainda ap\u00f3s a aprova\u00e7\u00e3o da emenda constitucional do Teto de Gastos em 2016 que, na pr\u00e1tica, teve os investimentos p\u00fablicos como o principal alvo dos cortes necess\u00e1rios para o cumprimento da determina\u00e7\u00e3o constitucional.<br><br>O novo programa, que na apresenta\u00e7\u00e3o ainda \u00e9 chamado de &#8220;Novo PAC&#8221; mas que provavelmente ter\u00e1 outro nome, indica que haver\u00e1 mais rigidez para a escolha dos projetos que v\u00e3o fazer parte. Uma das cr\u00edticas ao antigo programa \u00e9 que n\u00e3o havia crit\u00e9rio adequado para a sele\u00e7\u00e3o, o que colocava propostas sem condi\u00e7\u00f5es de ter obras, que acabavam paradas n\u00e3o pela falta de or\u00e7amento, mas por problemas com licenciamento, projetos e controle.<br><br>Al\u00e9m de um conselho gestor e um grupo executivo (que controlar\u00e1 salas de situa\u00e7\u00e3o em cada \u00e1rea) para selecionar os projetos, a ideia \u00e9 aprovar apenas projetos maduros.<br><br>&#8220;Empreendimentos com estudos\/projetos de engenharia em est\u00e1gio avan\u00e7ado de desenvolvimento&#8221; e &#8220;com baixo n\u00edvel de restri\u00e7\u00e3o (ambiental, \u00f3rg\u00e3o de controle, judicial, fundi\u00e1ria)&#8221; est\u00e3o entre os crit\u00e9rios de escolha elencados neste documento pr\u00e9vio. A ideia \u00e9 que as propostas que v\u00e3o para o Novo PAC tenham tamb\u00e9m &#8220;Baixos impactos socioambientais potenciais&#8221;.<br><br><strong>Cronograma<\/strong><br>As outras prioridades para entra citadas s\u00e3o &#8220;Conclus\u00e3o de empreendimentos do PAC e do PIL&#8221;; &#8220;Projetos estruturantes contemplados nos diversos planos estrat\u00e9gicos setoriais federais&#8221;; &#8220;Projetos que reduzam a desigualdade social e regional&#8221; e&nbsp; &#8220;Empreendimentos que contribuam para a mitiga\u00e7\u00e3o e adapta\u00e7\u00e3o \u00e0s mudan\u00e7as clim\u00e1ticas&#8221;.<br><br>Nesta \u00faltima semana, os projetos que j\u00e1 foram apresentados por governos locais passaram a ser analisados com as prioridades elencadas por minist\u00e9rios, como forma de compatibilizar. O cronograma estimativo da apresenta\u00e7\u00e3o \u00e9 encerrar essa etapa at\u00e9 7 de abril. Depois, aprovar a carteira at\u00e9 21 de abril e divulgar no fim do m\u00eas. O trabalho das equipes designadas para o tema tem sido intenso, segundo uma fonte, para conseguir cumprir o calend\u00e1rio.<br><br><strong>Ambiente regulat\u00f3rio<\/strong><br>Como tamb\u00e9m aconteceu no PAC, o programa de investimentos do atual governo tamb\u00e9m vai buscar tratar de melhorias no ambiente regulat\u00f3rio para que n\u00e3o somente os projetos com or\u00e7amento p\u00fablico sejam bem sucedidos, como tamb\u00e9m as parcerias com a iniciativa privada.<br><br>Entre as medidas elencadas, est\u00e3o o &#8220;aperfei\u00e7oamento do licenciamento ambiental&#8221;; &#8220;Melhoria do ambiente regulat\u00f3rio&#8221;; &#8220;Amplia\u00e7\u00e3o da interlocu\u00e7\u00e3o com o setor privado&#8221;; &#8220;Amplia\u00e7\u00e3o da capacidade de estrutura\u00e7\u00e3o de concess\u00f5es&#8221;.<br><br>Na \u00e1rea econ\u00f4mica, o projeto fala em fomento ao cr\u00e9dito e financiamento, elencando como medidas o &#8220;Direcionamento de fundos para amplia\u00e7\u00e3o do investimento em infraestrutura&#8221;; o &#8220;Regime Especial de Incentivos para o Desenvolvimento da Infraestrutura&#8221; e &#8220;Deb\u00eantures incentivadas&#8221;, al\u00e9m de citar &#8220;Desonera\u00e7\u00e3o e reforma tribut\u00e1ria&#8221;.<br>&nbsp;<br><strong>Setores<\/strong><br>A apresenta\u00e7\u00e3o, que n\u00e3o \u00e9 um documento final e deve ainda passar por altera\u00e7\u00f5es e complementos, tamb\u00e9m d\u00e1 diretrizes sobre os eixos tem\u00e1ticos do programa, que ser\u00e3o seis: Transportes, Equipamentos Sociais, Comunica\u00e7\u00f5es, Infraestrutura Urbana, \u00c1gua para Todos e Energia.<br><br>Nesses campos, n\u00e3o h\u00e1 projetos elencados e as diretrizes s\u00e3o gen\u00e9ricas.&nbsp;O pr\u00f3prio documento indica que ainda v\u00e3o passar por revis\u00e3o. Mas alguns pontos chamam a aten\u00e7\u00e3o pelas prioridades elencadas.<br><br>\u00c9 o caso da diretriz para &#8220;Projetos priorit\u00e1rios de novas concess\u00f5es para as rodovias em processo de relicita\u00e7\u00e3o&#8221;&nbsp;na \u00e1rea de rodovias e para &#8220;Modelagens de novos estudos para investimento cruzado&#8221; em ferrovias.<br><br><strong>Ajustes regulat\u00f3rios<\/strong><br>No caso das ferrovias, uma das diretrizes \u00e9 realizar &#8220;ajustes do modelo regulat\u00f3rio&#8221; e s\u00e3o citadas ainda &#8220;Contrapartidas ao processo de outorgas por autoriza\u00e7\u00e3o; Est\u00edmulos a novos investimentos (privados e p\u00fablicos); Aperfei\u00e7oamento do mecanismo de investimentos cruzados&#8221;, mas sem detalhes sobre como isso ser\u00e1 feito.<br><br>No caso dos aeroportos, tamb\u00e9m s\u00e3o citados tr\u00eas ajustes regulat\u00f3rios: &#8220;Est\u00edmulo \u00e0 competi\u00e7\u00e3o no setor&#8221;; &#8220;Incentivo \u00e0 atra\u00e7\u00e3o de novas empresas&#8221;;&nbsp;&#8220;Incentivo \u00e0 avia\u00e7\u00e3o el\u00e9trica de curta dist\u00e2ncia aeronaves eVTOL&#8221;.<br><br>J\u00e1 no setor portu\u00e1rio, onde tamb\u00e9m \u00e9 indicado o est\u00edmulo&nbsp;\u00e0 competi\u00e7\u00e3o, aparecem os temas &#8220;Avalia\u00e7\u00e3o de limites \u00e0s integra\u00e7\u00f5es (horizontal e vertical); Regulamenta\u00e7\u00e3o de atividades THC2\/SSE;&nbsp;Proposi\u00e7\u00e3o de modelo alternativo de gest\u00e3o portu\u00e1ria (delega\u00e7\u00e3o de servi\u00e7os e manuten\u00e7\u00e3o da gest\u00e3o estrat\u00e9gica) Modelo de \u201cZeladoria\u201d.&nbsp;<br><br>O programa tamb\u00e9m abarcar\u00e1 a \u00e1rea de hidrovias, com modelagens para PPPs. Na \u00e1rea de saneamento, o documento tamb\u00e9m \u00e9 pouco aprofundado, s\u00f3 apresentando a necessidade de implementar a universaliza\u00e7\u00e3o e com diretriz para apoiar com &#8220;or\u00e7amento e PPPs&#8221; cidades com menos de 50 mil habitantes. O documento provis\u00f3rio pode ser visto&nbsp;<a href=\"https:\/\/agenciainfra.us14.list-manage.com\/track\/click?u=d460dd1bcf9ba0ae040e1fc0f&amp;id=7ee97316cd&amp;e=f0fa444791\" target=\"_blank\" rel=\"noreferrer noopener\">neste link<\/a>.<\/p>\n","protected":false},"excerpt":{"rendered":"<p>Dimmi Amora, da Ag\u00eancia iNFRA O programa de investimentos que o governo federal prepara para lan\u00e7ar em abril deste ano avalia retomar a regra original do PAC (Programa de Acelera\u00e7\u00e3o do Crescimento) que impedia o contingenciamento de recursos or\u00e7ament\u00e1rios de projetos que estavam aprovados pelo programa. A proposta est\u00e1 em avalia\u00e7\u00e3o, segundo apurou a&nbsp;Ag\u00eancia iNFRA. [&hellip;]<\/p>\n","protected":false},"author":1,"featured_media":10541,"comment_status":"closed","ping_status":"closed","sticky":false,"template":"","format":"standard","meta":{"_monsterinsights_skip_tracking":false,"_monsterinsights_sitenote_active":false,"_monsterinsights_sitenote_note":"","_monsterinsights_sitenote_category":0,"footnotes":""},"categories":[1,7],"tags":[1344,5272,6534,929,34,5992,360,97,5637,1027],"class_list":["post-12398","post","type-post","status-publish","format-standard","has-post-thumbnail","hentry","category-geral","category-infratransporte","tag-casa-civil","tag-cidades","tag-contingenciamento","tag-dilma-rousseff","tag-infraestrutura","tag-novo-pac","tag-obras","tag-ppp","tag-projetos","tag-relicitacao"],"yoast_head":"<!-- This site is optimized with the Yoast SEO Premium plugin v25.4 (Yoast SEO v26.0) - https:\/\/yoast.com\/wordpress\/plugins\/seo\/ -->\n<title>&quot;Novo PAC&quot; avalia retomar regra que impede contingenciamento em projetos selecionados - Ag\u00eancia iNFRA<\/title>\n<meta name=\"robots\" content=\"index, follow, max-snippet:-1, max-image-preview:large, max-video-preview:-1\" \/>\n<link rel=\"canonical\" href=\"https:\/\/agenciainfra.com\/blog\/novo-pac-avalia-retomar-regra-que-impede-contingenciamento-em-projetos-selecionados\/\" \/>\n<meta property=\"og:locale\" content=\"pt_BR\" \/>\n<meta property=\"og:type\" content=\"article\" \/>\n<meta property=\"og:title\" content=\"&quot;Novo PAC&quot; avalia retomar regra que impede contingenciamento em projetos selecionados\" \/>\n<meta property=\"og:description\" content=\"Dimmi Amora, da Ag\u00eancia iNFRA O programa de investimentos que o governo federal prepara para lan\u00e7ar em abril deste ano avalia retomar a regra original do PAC (Programa de Acelera\u00e7\u00e3o do Crescimento) que impedia o contingenciamento de recursos or\u00e7ament\u00e1rios de projetos que estavam aprovados pelo programa. A proposta est\u00e1 em avalia\u00e7\u00e3o, segundo apurou a&nbsp;Ag\u00eancia iNFRA. [&hellip;]\" \/>\n<meta property=\"og:url\" content=\"https:\/\/agenciainfra.com\/blog\/novo-pac-avalia-retomar-regra-que-impede-contingenciamento-em-projetos-selecionados\/\" \/>\n<meta property=\"og:site_name\" content=\"Ag\u00eancia iNFRA\" \/>\n<meta property=\"article:publisher\" content=\"https:\/\/www.facebook.com\/ageninfra\" \/>\n<meta property=\"article:published_time\" content=\"2023-03-20T12:00:00+00:00\" \/>\n<meta property=\"og:image\" content=\"https:\/\/agenciainfra.com\/blog\/wp-content\/uploads\/2022\/06\/obras-ferrovias-MRS-foto-PAC.jpg\" \/>\n\t<meta property=\"og:image:width\" content=\"1300\" \/>\n\t<meta property=\"og:image:height\" content=\"862\" \/>\n\t<meta property=\"og:image:type\" content=\"image\/jpeg\" \/>\n<meta name=\"author\" content=\"Ag\u00eancia iNFRA\" \/>\n<meta name=\"twitter:card\" content=\"summary_large_image\" \/>\n<meta name=\"twitter:creator\" content=\"@agencia_infra\" \/>\n<meta name=\"twitter:site\" content=\"@agencia_infra\" \/>\n<meta name=\"twitter:label1\" content=\"Escrito por\" \/>\n\t<meta name=\"twitter:data1\" content=\"Ag\u00eancia iNFRA\" \/>\n\t<meta name=\"twitter:label2\" content=\"Est. tempo de leitura\" \/>\n\t<meta name=\"twitter:data2\" content=\"5 minutos\" \/>\n<script type=\"application\/ld+json\" class=\"yoast-schema-graph\">{\"@context\":\"https:\/\/schema.org\",\"@graph\":[{\"@type\":\"Article\",\"@id\":\"https:\/\/agenciainfra.com\/blog\/novo-pac-avalia-retomar-regra-que-impede-contingenciamento-em-projetos-selecionados\/#article\",\"isPartOf\":{\"@id\":\"https:\/\/agenciainfra.com\/blog\/novo-pac-avalia-retomar-regra-que-impede-contingenciamento-em-projetos-selecionados\/\"},\"author\":{\"name\":\"Ag\u00eancia iNFRA\",\"@id\":\"https:\/\/agenciainfra.com\/blog\/#\/schema\/person\/34af08dff6adea4cb22b06612ba7acfa\"},\"headline\":\"&#8220;Novo PAC&#8221; avalia retomar regra que impede contingenciamento em projetos selecionados\",\"datePublished\":\"2023-03-20T12:00:00+00:00\",\"mainEntityOfPage\":{\"@id\":\"https:\/\/agenciainfra.com\/blog\/novo-pac-avalia-retomar-regra-que-impede-contingenciamento-em-projetos-selecionados\/\"},\"wordCount\":1038,\"publisher\":{\"@id\":\"https:\/\/agenciainfra.com\/blog\/#organization\"},\"image\":{\"@id\":\"https:\/\/agenciainfra.com\/blog\/novo-pac-avalia-retomar-regra-que-impede-contingenciamento-em-projetos-selecionados\/#primaryimage\"},\"thumbnailUrl\":\"https:\/\/agenciainfra.com\/blog\/wp-content\/uploads\/2022\/06\/obras-ferrovias-MRS-foto-PAC.jpg\",\"keywords\":[\"Casa Civil\",\"cidades\",\"contingenciamento\",\"Dilma Rousseff\",\"Infraestrutura\",\"Novo PAC\",\"obras\",\"PPP\",\"projetos\",\"relicita\u00e7\u00e3o\"],\"articleSection\":[\"Geral\",\"iNFRATransporte\"],\"inLanguage\":\"pt-BR\",\"copyrightYear\":\"2023\",\"copyrightHolder\":{\"@id\":\"https:\/\/agenciainfra.com\/blog\/#organization\"}},{\"@type\":\"WebPage\",\"@id\":\"https:\/\/agenciainfra.com\/blog\/novo-pac-avalia-retomar-regra-que-impede-contingenciamento-em-projetos-selecionados\/\",\"url\":\"https:\/\/agenciainfra.com\/blog\/novo-pac-avalia-retomar-regra-que-impede-contingenciamento-em-projetos-selecionados\/\",\"name\":\"\\\"Novo PAC\\\" avalia retomar regra que impede contingenciamento em projetos selecionados - Ag\u00eancia iNFRA\",\"isPartOf\":{\"@id\":\"https:\/\/agenciainfra.com\/blog\/#website\"},\"primaryImageOfPage\":{\"@id\":\"https:\/\/agenciainfra.com\/blog\/novo-pac-avalia-retomar-regra-que-impede-contingenciamento-em-projetos-selecionados\/#primaryimage\"},\"image\":{\"@id\":\"https:\/\/agenciainfra.com\/blog\/novo-pac-avalia-retomar-regra-que-impede-contingenciamento-em-projetos-selecionados\/#primaryimage\"},\"thumbnailUrl\":\"https:\/\/agenciainfra.com\/blog\/wp-content\/uploads\/2022\/06\/obras-ferrovias-MRS-foto-PAC.jpg\",\"datePublished\":\"2023-03-20T12:00:00+00:00\",\"breadcrumb\":{\"@id\":\"https:\/\/agenciainfra.com\/blog\/novo-pac-avalia-retomar-regra-que-impede-contingenciamento-em-projetos-selecionados\/#breadcrumb\"},\"inLanguage\":\"pt-BR\",\"potentialAction\":[{\"@type\":\"ReadAction\",\"target\":[\"https:\/\/agenciainfra.com\/blog\/novo-pac-avalia-retomar-regra-que-impede-contingenciamento-em-projetos-selecionados\/\"]}]},{\"@type\":\"ImageObject\",\"inLanguage\":\"pt-BR\",\"@id\":\"https:\/\/agenciainfra.com\/blog\/novo-pac-avalia-retomar-regra-que-impede-contingenciamento-em-projetos-selecionados\/#primaryimage\",\"url\":\"https:\/\/agenciainfra.com\/blog\/wp-content\/uploads\/2022\/06\/obras-ferrovias-MRS-foto-PAC.jpg\",\"contentUrl\":\"https:\/\/agenciainfra.com\/blog\/wp-content\/uploads\/2022\/06\/obras-ferrovias-MRS-foto-PAC.jpg\",\"width\":1300,\"height\":862,\"caption\":\"Foto: Divulga\u00e7\u00e3o\/PAC\"},{\"@type\":\"BreadcrumbList\",\"@id\":\"https:\/\/agenciainfra.com\/blog\/novo-pac-avalia-retomar-regra-que-impede-contingenciamento-em-projetos-selecionados\/#breadcrumb\",\"itemListElement\":[{\"@type\":\"ListItem\",\"position\":1,\"name\":\"In\u00edcio\",\"item\":\"https:\/\/agenciainfra.com\/blog\/\"},{\"@type\":\"ListItem\",\"position\":2,\"name\":\"&#8220;Novo PAC&#8221; avalia retomar regra que impede contingenciamento em projetos selecionados\"}]},{\"@type\":\"WebSite\",\"@id\":\"https:\/\/agenciainfra.com\/blog\/#website\",\"url\":\"https:\/\/agenciainfra.com\/blog\/\",\"name\":\"Ag\u00eancia iNFRA\",\"description\":\"Multiplataforma de informa\u00e7\u00e3o jornal\u00edstica refer\u00eancia na \u00e1rea de infraestrutura no Brasil!\",\"publisher\":{\"@id\":\"https:\/\/agenciainfra.com\/blog\/#organization\"},\"potentialAction\":[{\"@type\":\"SearchAction\",\"target\":{\"@type\":\"EntryPoint\",\"urlTemplate\":\"https:\/\/agenciainfra.com\/blog\/?s={search_term_string}\"},\"query-input\":{\"@type\":\"PropertyValueSpecification\",\"valueRequired\":true,\"valueName\":\"search_term_string\"}}],\"inLanguage\":\"pt-BR\"},{\"@type\":\"Organization\",\"@id\":\"https:\/\/agenciainfra.com\/blog\/#organization\",\"name\":\"Ag\u00eancia iNFRA\",\"url\":\"https:\/\/agenciainfra.com\/blog\/\",\"logo\":{\"@type\":\"ImageObject\",\"inLanguage\":\"pt-BR\",\"@id\":\"https:\/\/agenciainfra.com\/blog\/#\/schema\/logo\/image\/\",\"url\":\"https:\/\/agenciainfra.com\/blog\/wp-content\/uploads\/2023\/09\/iNFRA_5-e1761735885940.png\",\"contentUrl\":\"https:\/\/agenciainfra.com\/blog\/wp-content\/uploads\/2023\/09\/iNFRA_5-e1761735885940.png\",\"width\":1672,\"height\":454,\"caption\":\"Ag\u00eancia iNFRA\"},\"image\":{\"@id\":\"https:\/\/agenciainfra.com\/blog\/#\/schema\/logo\/image\/\"},\"sameAs\":[\"https:\/\/www.facebook.com\/ageninfra\",\"https:\/\/x.com\/agencia_infra\",\"https:\/\/www.linkedin.com\/company\/ag\u00eanciainfra\/\",\"https:\/\/www.instagram.com\/agenciainfra\/\"]},{\"@type\":\"Person\",\"@id\":\"https:\/\/agenciainfra.com\/blog\/#\/schema\/person\/34af08dff6adea4cb22b06612ba7acfa\",\"name\":\"Ag\u00eancia iNFRA\",\"image\":{\"@type\":\"ImageObject\",\"inLanguage\":\"pt-BR\",\"@id\":\"https:\/\/agenciainfra.com\/blog\/#\/schema\/person\/image\/\",\"url\":\"https:\/\/secure.gravatar.com\/avatar\/d189e01678f06d8eb84d4e01f08eb848b3fffe3f8443818d3c356c66892f5be8?s=96&d=mm&r=g\",\"contentUrl\":\"https:\/\/secure.gravatar.com\/avatar\/d189e01678f06d8eb84d4e01f08eb848b3fffe3f8443818d3c356c66892f5be8?s=96&d=mm&r=g\",\"caption\":\"Ag\u00eancia iNFRA\"},\"url\":\"https:\/\/agenciainfra.com\/blog\/author\/admin\/\"}]}<\/script>\n<!-- \/ Yoast SEO Premium plugin. -->","yoast_head_json":{"title":"\"Novo PAC\" avalia retomar regra que impede contingenciamento em projetos selecionados - Ag\u00eancia iNFRA","robots":{"index":"index","follow":"follow","max-snippet":"max-snippet:-1","max-image-preview":"max-image-preview:large","max-video-preview":"max-video-preview:-1"},"canonical":"https:\/\/agenciainfra.com\/blog\/novo-pac-avalia-retomar-regra-que-impede-contingenciamento-em-projetos-selecionados\/","og_locale":"pt_BR","og_type":"article","og_title":"\"Novo PAC\" avalia retomar regra que impede contingenciamento em projetos selecionados","og_description":"Dimmi Amora, da Ag\u00eancia iNFRA O programa de investimentos que o governo federal prepara para lan\u00e7ar em abril deste ano avalia retomar a regra original do PAC (Programa de Acelera\u00e7\u00e3o do Crescimento) que impedia o contingenciamento de recursos or\u00e7ament\u00e1rios de projetos que estavam aprovados pelo programa. A proposta est\u00e1 em avalia\u00e7\u00e3o, segundo apurou a&nbsp;Ag\u00eancia iNFRA. [&hellip;]","og_url":"https:\/\/agenciainfra.com\/blog\/novo-pac-avalia-retomar-regra-que-impede-contingenciamento-em-projetos-selecionados\/","og_site_name":"Ag\u00eancia iNFRA","article_publisher":"https:\/\/www.facebook.com\/ageninfra","article_published_time":"2023-03-20T12:00:00+00:00","og_image":[{"width":1300,"height":862,"url":"https:\/\/agenciainfra.com\/blog\/wp-content\/uploads\/2022\/06\/obras-ferrovias-MRS-foto-PAC.jpg","type":"image\/jpeg"}],"author":"Ag\u00eancia iNFRA","twitter_card":"summary_large_image","twitter_creator":"@agencia_infra","twitter_site":"@agencia_infra","twitter_misc":{"Escrito por":"Ag\u00eancia iNFRA","Est. tempo de leitura":"5 minutos"},"schema":{"@context":"https:\/\/schema.org","@graph":[{"@type":"Article","@id":"https:\/\/agenciainfra.com\/blog\/novo-pac-avalia-retomar-regra-que-impede-contingenciamento-em-projetos-selecionados\/#article","isPartOf":{"@id":"https:\/\/agenciainfra.com\/blog\/novo-pac-avalia-retomar-regra-que-impede-contingenciamento-em-projetos-selecionados\/"},"author":{"name":"Ag\u00eancia iNFRA","@id":"https:\/\/agenciainfra.com\/blog\/#\/schema\/person\/34af08dff6adea4cb22b06612ba7acfa"},"headline":"&#8220;Novo PAC&#8221; avalia retomar regra que impede contingenciamento em projetos selecionados","datePublished":"2023-03-20T12:00:00+00:00","mainEntityOfPage":{"@id":"https:\/\/agenciainfra.com\/blog\/novo-pac-avalia-retomar-regra-que-impede-contingenciamento-em-projetos-selecionados\/"},"wordCount":1038,"publisher":{"@id":"https:\/\/agenciainfra.com\/blog\/#organization"},"image":{"@id":"https:\/\/agenciainfra.com\/blog\/novo-pac-avalia-retomar-regra-que-impede-contingenciamento-em-projetos-selecionados\/#primaryimage"},"thumbnailUrl":"https:\/\/agenciainfra.com\/blog\/wp-content\/uploads\/2022\/06\/obras-ferrovias-MRS-foto-PAC.jpg","keywords":["Casa Civil","cidades","contingenciamento","Dilma Rousseff","Infraestrutura","Novo PAC","obras","PPP","projetos","relicita\u00e7\u00e3o"],"articleSection":["Geral","iNFRATransporte"],"inLanguage":"pt-BR","copyrightYear":"2023","copyrightHolder":{"@id":"https:\/\/agenciainfra.com\/blog\/#organization"}},{"@type":"WebPage","@id":"https:\/\/agenciainfra.com\/blog\/novo-pac-avalia-retomar-regra-que-impede-contingenciamento-em-projetos-selecionados\/","url":"https:\/\/agenciainfra.com\/blog\/novo-pac-avalia-retomar-regra-que-impede-contingenciamento-em-projetos-selecionados\/","name":"\"Novo PAC\" avalia retomar regra que impede contingenciamento em projetos selecionados - Ag\u00eancia iNFRA","isPartOf":{"@id":"https:\/\/agenciainfra.com\/blog\/#website"},"primaryImageOfPage":{"@id":"https:\/\/agenciainfra.com\/blog\/novo-pac-avalia-retomar-regra-que-impede-contingenciamento-em-projetos-selecionados\/#primaryimage"},"image":{"@id":"https:\/\/agenciainfra.com\/blog\/novo-pac-avalia-retomar-regra-que-impede-contingenciamento-em-projetos-selecionados\/#primaryimage"},"thumbnailUrl":"https:\/\/agenciainfra.com\/blog\/wp-content\/uploads\/2022\/06\/obras-ferrovias-MRS-foto-PAC.jpg","datePublished":"2023-03-20T12:00:00+00:00","breadcrumb":{"@id":"https:\/\/agenciainfra.com\/blog\/novo-pac-avalia-retomar-regra-que-impede-contingenciamento-em-projetos-selecionados\/#breadcrumb"},"inLanguage":"pt-BR","potentialAction":[{"@type":"ReadAction","target":["https:\/\/agenciainfra.com\/blog\/novo-pac-avalia-retomar-regra-que-impede-contingenciamento-em-projetos-selecionados\/"]}]},{"@type":"ImageObject","inLanguage":"pt-BR","@id":"https:\/\/agenciainfra.com\/blog\/novo-pac-avalia-retomar-regra-que-impede-contingenciamento-em-projetos-selecionados\/#primaryimage","url":"https:\/\/agenciainfra.com\/blog\/wp-content\/uploads\/2022\/06\/obras-ferrovias-MRS-foto-PAC.jpg","contentUrl":"https:\/\/agenciainfra.com\/blog\/wp-content\/uploads\/2022\/06\/obras-ferrovias-MRS-foto-PAC.jpg","width":1300,"height":862,"caption":"Foto: Divulga\u00e7\u00e3o\/PAC"},{"@type":"BreadcrumbList","@id":"https:\/\/agenciainfra.com\/blog\/novo-pac-avalia-retomar-regra-que-impede-contingenciamento-em-projetos-selecionados\/#breadcrumb","itemListElement":[{"@type":"ListItem","position":1,"name":"In\u00edcio","item":"https:\/\/agenciainfra.com\/blog\/"},{"@type":"ListItem","position":2,"name":"&#8220;Novo PAC&#8221; avalia retomar regra que impede contingenciamento em projetos selecionados"}]},{"@type":"WebSite","@id":"https:\/\/agenciainfra.com\/blog\/#website","url":"https:\/\/agenciainfra.com\/blog\/","name":"Ag\u00eancia iNFRA","description":"Multiplataforma de informa\u00e7\u00e3o jornal\u00edstica refer\u00eancia na \u00e1rea de infraestrutura no Brasil!","publisher":{"@id":"https:\/\/agenciainfra.com\/blog\/#organization"},"potentialAction":[{"@type":"SearchAction","target":{"@type":"EntryPoint","urlTemplate":"https:\/\/agenciainfra.com\/blog\/?s={search_term_string}"},"query-input":{"@type":"PropertyValueSpecification","valueRequired":true,"valueName":"search_term_string"}}],"inLanguage":"pt-BR"},{"@type":"Organization","@id":"https:\/\/agenciainfra.com\/blog\/#organization","name":"Ag\u00eancia iNFRA","url":"https:\/\/agenciainfra.com\/blog\/","logo":{"@type":"ImageObject","inLanguage":"pt-BR","@id":"https:\/\/agenciainfra.com\/blog\/#\/schema\/logo\/image\/","url":"https:\/\/agenciainfra.com\/blog\/wp-content\/uploads\/2023\/09\/iNFRA_5-e1761735885940.png","contentUrl":"https:\/\/agenciainfra.com\/blog\/wp-content\/uploads\/2023\/09\/iNFRA_5-e1761735885940.png","width":1672,"height":454,"caption":"Ag\u00eancia iNFRA"},"image":{"@id":"https:\/\/agenciainfra.com\/blog\/#\/schema\/logo\/image\/"},"sameAs":["https:\/\/www.facebook.com\/ageninfra","https:\/\/x.com\/agencia_infra","https:\/\/www.linkedin.com\/company\/ag\u00eanciainfra\/","https:\/\/www.instagram.com\/agenciainfra\/"]},{"@type":"Person","@id":"https:\/\/agenciainfra.com\/blog\/#\/schema\/person\/34af08dff6adea4cb22b06612ba7acfa","name":"Ag\u00eancia iNFRA","image":{"@type":"ImageObject","inLanguage":"pt-BR","@id":"https:\/\/agenciainfra.com\/blog\/#\/schema\/person\/image\/","url":"https:\/\/secure.gravatar.com\/avatar\/d189e01678f06d8eb84d4e01f08eb848b3fffe3f8443818d3c356c66892f5be8?s=96&d=mm&r=g","contentUrl":"https:\/\/secure.gravatar.com\/avatar\/d189e01678f06d8eb84d4e01f08eb848b3fffe3f8443818d3c356c66892f5be8?s=96&d=mm&r=g","caption":"Ag\u00eancia iNFRA"},"url":"https:\/\/agenciainfra.com\/blog\/author\/admin\/"}]}},"_links":{"self":[{"href":"https:\/\/agenciainfra.com\/blog\/wp-json\/wp\/v2\/posts\/12398","targetHints":{"allow":["GET"]}}],"collection":[{"href":"https:\/\/agenciainfra.com\/blog\/wp-json\/wp\/v2\/posts"}],"about":[{"href":"https:\/\/agenciainfra.com\/blog\/wp-json\/wp\/v2\/types\/post"}],"author":[{"embeddable":true,"href":"https:\/\/agenciainfra.com\/blog\/wp-json\/wp\/v2\/users\/1"}],"replies":[{"embeddable":true,"href":"https:\/\/agenciainfra.com\/blog\/wp-json\/wp\/v2\/comments?post=12398"}],"version-history":[{"count":0,"href":"https:\/\/agenciainfra.com\/blog\/wp-json\/wp\/v2\/posts\/12398\/revisions"}],"wp:featuredmedia":[{"embeddable":true,"href":"https:\/\/agenciainfra.com\/blog\/wp-json\/wp\/v2\/media\/10541"}],"wp:attachment":[{"href":"https:\/\/agenciainfra.com\/blog\/wp-json\/wp\/v2\/media?parent=12398"}],"wp:term":[{"taxonomy":"category","embeddable":true,"href":"https:\/\/agenciainfra.com\/blog\/wp-json\/wp\/v2\/categories?post=12398"},{"taxonomy":"post_tag","embeddable":true,"href":"https:\/\/agenciainfra.com\/blog\/wp-json\/wp\/v2\/tags?post=12398"}],"curies":[{"name":"wp","href":"https:\/\/api.w.org\/{rel}","templated":true}]}}