{"id":12409,"date":"2023-03-21T10:00:00","date_gmt":"2023-03-21T13:00:00","guid":{"rendered":"https:\/\/www.agenciainfra.com\/blog\/?p=12409"},"modified":"2023-03-21T08:45:07","modified_gmt":"2023-03-21T11:45:07","slug":"entrevista-agenda-setorial-a-ser-superada-nos-proximos-meses-e-pesada-diz-barroso-da-psr","status":"publish","type":"post","link":"https:\/\/agenciainfra.com\/blog\/entrevista-agenda-setorial-a-ser-superada-nos-proximos-meses-e-pesada-diz-barroso-da-psr\/","title":{"rendered":"Entrevista: agenda setorial a ser superada nos pr\u00f3ximos meses \u00e9 pesada, diz Barroso, da PSR"},"content":{"rendered":"\n<p class=\"has-text-align-right\"><strong>Roberto Rockmann<\/strong>*<\/p>\n\n\n\n<p>H\u00e1 uma pesada agenda setorial a ser superada nos pr\u00f3ximos meses na energia el\u00e9trica, na vis\u00e3o do presidente da consultoria PSR, Luiz Augusto Barroso. Al\u00e9m da renova\u00e7\u00e3o das concess\u00f5es dos ativos de distribui\u00e7\u00e3o, gera\u00e7\u00e3o e transmiss\u00e3o, h\u00e1 o empoderamento do consumidor com a gera\u00e7\u00e3o distribu\u00edda solar, o crescimento da gera\u00e7\u00e3o renov\u00e1vel a custo marginal zero e n\u00e3o despach\u00e1vel (n\u00e3o centralizada), o que muda a l\u00f3gica das reformas dos anos 1990, segundo ele.<br><br>Todos esses n\u00f3s precisar\u00e3o ser desatados nos pr\u00f3ximos meses. Em entrevista \u00e0\u00a0<strong>Ag\u00eancia iNFRA<\/strong>, Barroso disse que tudo indica que no futuro teremos energia a pre\u00e7os muito baixos, que n\u00e3o viabilizariam nova oferta com os servi\u00e7os que esse sistema precisa.<br><br>\u201cEssa oferta possivelmente viria remunerada por encargos, o que torna a tarifa muito cara para o consumidor. A permanecer assim, s\u00f3 se salvar\u00e3o arranjos capazes de evitar o pagamento dos custos desse legado de inefici\u00eancias. Isso aponta na dire\u00e7\u00e3o de mudan\u00e7as regulat\u00f3rias urgentes, incluindo trabalhar nas consequ\u00eancias da poss\u00edvel inviabilidade do modelo atual\u201d, destaca. A seguir os principais trechos da entrevista:<br>\u00a0<br><strong>Ag\u00eancia INFRA:<\/strong>\u00a0<strong>Com tr\u00eas meses de governo e com secret\u00e1rio executivo rec\u00e9m nomeado, o governo precisa dar um recado ao setor sobre o que quer? Esse v\u00e1cuo n\u00e3o amplia tens\u00f5es?<\/strong><br><strong>Luiz Augusto Barroso:<\/strong>\u00a0 De fato, h\u00e1 muitos temas que demandam tratamento imediato. Al\u00e9m disto, o pa\u00eds precisa de uma vis\u00e3o estrat\u00e9gica por parte do governo, que norteie e gere confian\u00e7a para o ambiente de investimentos. Na aus\u00eancia deste direcionamento por parte do governo, \u00e9 natural e legitimo que o setor se auto articule, com diferentes grupos lutando por suas pautas individuais. Como consequ\u00eancia desta fragmenta\u00e7\u00e3o das a\u00e7\u00f5es individuais, o resultado para o bem-estar da sociedade provavelmente ser\u00e1 bem abaixo do \u00f3timo.<br><br><strong>O novo modelo do setor el\u00e9trico celebra em mar\u00e7o de 2024 duas d\u00e9cadas de exist\u00eancia. A reforma \u00e9 discutida h\u00e1 quase dez anos, mas n\u00e3o avan\u00e7a. A moderniza\u00e7\u00e3o regulat\u00f3ria continuar\u00e1 atrasada?<\/strong><br>A moderniza\u00e7\u00e3o n\u00e3o \u00e9 um bot\u00e3o que, ao ser apertado, transformar\u00e1 o setor em &#8220;moderno&#8221; em 24 horas. Ela \u00e9 um processo, um conjunto de a\u00e7\u00f5es ao longo do tempo centrado em uma vis\u00e3o de futuro, baseado em princ\u00edpios, e que requer a discuss\u00e3o de temas complexos.<br><br>O setor de 2023 \u00e9 bem diferente do de 2004. Agora h\u00e1 novos desafios que precisam ser equacionados com urg\u00eancia, como o empoderamento do consumidor com a gera\u00e7\u00e3o distribu\u00edda, o crescimento da gera\u00e7\u00e3o renov\u00e1vel a custo marginal zero e n\u00e3o despach\u00e1vel, o que muda a l\u00f3gica das reformas dos anos 1990.<br><br>O Brasil implementou com muito atraso elementos pensados h\u00e1 d\u00e9cadas. Temos que agora correr contra o atraso, mas precisamos tamb\u00e9m de uma dire\u00e7\u00e3o. Em m\u00e9dia, h\u00e1 uma necessidade de reajuste de um modelo regulat\u00f3rio a cada cinco ou dez anos, quando a tecnologia altera as bases conceituais.<\/p>\n\n\n\n<p>No entanto, quanto mais tempo se leva para fazer os reajustes, mais os problemas se acumulam, criando mais legados, ou \u201cheran\u00e7as\u201d, mais efeitos colaterais e, com isso, leva mais tempo para melhorar o setor, criando um \u201cc\u00edrculo vicioso\u201d de atrasos e complexidades que \u00e9 ruim para todos.<br><br><strong>Um ac\u00f3rd\u00e3o do TCU de 2015 aponta que o governo teria de anunciar com tr\u00eas anos de anteced\u00eancia uma solu\u00e7\u00e3o para as concess\u00f5es vincendas, para evitar repeti\u00e7\u00f5es de problemas anteriores, como os vistos em 2012, com a MP 579. Esse prazo venceu em maio de 2022 e com um acordo com o governo foi ampliado em sete meses. O TCU pode ampliar a press\u00e3o sobre uma decis\u00e3o?<\/strong><br>Existe uma grande preocupa\u00e7\u00e3o com a incerteza sobre essas renova\u00e7\u00f5es, pois quando os prazos das outorgas se aproximam do fim, passam a afetar as fontes de financiamento, elevando os riscos envolvidos e, consequentemente, o custo de capital, o que \u00e9 ruim para os consumidores finais.<br><br>Esse cen\u00e1rio \u00e9 ainda mais complexo para o segmento de distribui\u00e7\u00e3o, cujas concess\u00f5es precisam investir continuamente, independente do prazo da outorga. Essa foi uma preocupa\u00e7\u00e3o do TCU, buscando evitar decis\u00f5es intempestivas. N\u00e3o acredito que o TCU queira interferir e decidir. Creio que quer apenas ouvir do executivo qual ser\u00e1 a dire\u00e7\u00e3o e o porqu\u00ea, isto \u00e9, qual a l\u00f3gica conceitual do processo de decis\u00e3o.<br><br>No entanto, n\u00e3o decidir \u00e9 decidir. Este ano \u00e9 chave para termos um pano de fundo para o tema, devido ao prazo de 18 meses previsto em Lei para que o poder concedente se posicione no caso da Escelsa, a primeira concess\u00e3o a vencer, em meados de 2025. Ou seja, os 18 meses expiram em janeiro de 2024. Precisamos discutir esse ano para termos algo bem elaborado at\u00e9 l\u00e1, reduzindo as incertezas indesejadas, que reduzem valor dos ativos e prejudicam os consumidores.<br><br><strong>H\u00e1 preocupa\u00e7\u00e3o de que a renova\u00e7\u00e3o das concess\u00f5es seja muito rasa, ou seja, fique apenas em crit\u00e9rios de qualidade e satisfa\u00e7\u00e3o e n\u00e3o direcionem as distribuidoras a atuarem como DSOs?<\/strong><br>N\u00e3o vejo necessariamente um problema nisso. Os contratos renovados ter\u00e3o vig\u00eancia de 30 anos. Se vierem muito \u201camarrados\u201d, sem flexibilidade regulat\u00f3ria, isto pode ser ruim. Al\u00e9m disso, \u00e9 importante lembrar que muitas concess\u00f5es t\u00eam contratos renovados pela [lei] 12.783, com vig\u00eancia para al\u00e9m de 2040. Vamos querer conviver por tantos anos com contratos t\u00e3o distintos? Em suma, ainda que os novos contratos possam vir com diretrizes para moderniza\u00e7\u00e3o, n\u00e3o vejo necessidade de virem com muitos detalhes nessa dire\u00e7\u00e3o. Deixar espa\u00e7o para a regula\u00e7\u00e3o \u00e9 importante.<br><br><strong>A discuss\u00e3o da renova\u00e7\u00e3o das concess\u00f5es coincide com quest\u00f5es financeiras de algumas distribuidoras. Isso pode afetar o tr\u00e2mite do processo?<\/strong><br>Acho que \u00e9 poss\u00edvel discutir diretrizes gerais, ao mesmo tempo em que se busca sustentabilidade para as distribuidoras mais complexas. Temos uma regula\u00e7\u00e3o robusta, posta em pr\u00e1tica h\u00e1 anos para todas as concess\u00f5es do pa\u00eds, e que gerou resultados bem positivos, com a redu\u00e7\u00e3o cont\u00ednua da parcela que fica com as distribuidoras nas tarifas, a chamada Parcela B.<br><br>No entanto, representar todas as distribuidoras por modelos econom\u00e9tricos, que \u00e9 base importante da regula\u00e7\u00e3o tarif\u00e1ria, se torna uma miss\u00e3o bastante dif\u00edcil quando h\u00e1 particularidades extremas em algumas concess\u00f5es. Esse \u00e9 o caso de Light e Enel Rio, as concess\u00f5es mais complexas a serem renovadas no curto prazo, em fun\u00e7\u00e3o de fatores de criminalidade e sociais que atingem cerca de 20% dos consumidores. Esse tema precisa ser mais bem equacionado no modelo de renova\u00e7\u00e3o. Entendo que \u00e9 poss\u00edvel fazer isso sem preju\u00edzo ao modelo geral para as demais concess\u00f5es.<br><br><strong>H\u00e1 v\u00e1rias judicializa\u00e7\u00f5es no setor, existentes e potenciais. Como se poderia resolver estas quest\u00f5es?<\/strong><br>A judicializa\u00e7\u00e3o ocorre quando uma das partes n\u00e3o v\u00ea como justo o processo decis\u00f3rio do executivo ou regulador. Reduzir isso passa por preparar melhor os quadros do MME e ANEEL para um processo de decis\u00e3o muito bem qualificado. Igualmente, passa por preparar os agentes para entender que em um processo decis\u00f3rio existem ganhadores e perdedores, e \u00e9 preciso saber perder dentro de um processo t\u00e9cnico.<br><br>Perder uma batalha e explicitar as diferen\u00e7as \u00e9 melhor para o projeto de pa\u00eds do que judicializar. Tamb\u00e9m \u00e9 importante observar que negociar faz parte do jogo, mas n\u00e3o se pode negociar princ\u00edpios. Interferir enfraquecendo os poderes e governan\u00e7a do setor, como t\u00eam ocorrido com os PDL, \u00e9 ruim. \u00c9 importante mostrar aos que querem ser &#8220;escolhidos&#8221; como vencedores por estes instrumentos \u201cex\u00f3genos\u201d que que amanh\u00e3 o escolhido poder\u00e1 ser justamente seu concorrente.<br><br><strong>O setor pode viver uma crise semelhante ao do in\u00edcio dos anos 1990 diante de tantas tens\u00f5es e disputas presentes e crescentes?<\/strong><br>Tenho preocupa\u00e7\u00f5es nesse sentido. Para dar um exemplo, tudo indica que no futuro teremos energia a pre\u00e7os muito baixos, que n\u00e3o viabilizam nova oferta com os servi\u00e7os que esse sistema precisa.Essa oferta possivelmente viria remunerada por encargos, que torna a tarifa muito cara para o consumidor. A permanecer assim, s\u00f3 se salvar\u00e3o arranjos capazes de evitar o pagamento dos custos desse legado de inefici\u00eancias. Isso aponta na dire\u00e7\u00e3o de mudan\u00e7as regulat\u00f3rias urgentes, incluindo trabalhar nas consequ\u00eancias da poss\u00edvel inviabilidade do modelo atual.<br><br><strong>E o hidrog\u00eanio verde, \u00e9 sonho ou fic\u00e7\u00e3o? O Brasil pode se dar bem mesmo?<\/strong><br>H\u00e1 um forte debate global sobre se o hidrog\u00eanio verde \u00e9 hype ou hope. Abstraindo desta discuss\u00e3o, e supondo que \u00e9 hope, ou seja, esperan\u00e7a, o Brasil precisar\u00e1 atestar conformidade da renovabilidade de energia que produz o hidrog\u00eanio verde com crit\u00e9rios sendo definidos pelos mercados compradores.<br><br>A Uni\u00e3o Europeia, principal mercado consumidor para o Brasil, em fevereiro de 2023, publicou dois atos importantes sobre esta certifica\u00e7\u00e3o de energia, e a Alemanha est\u00e1 conduzindo um leil\u00e3o global de hidrog\u00eanio.<br><br>E aqui tenho uma preocupa\u00e7\u00e3o: a constru\u00e7\u00e3o das t\u00e9rmicas a g\u00e1s da lei da capitaliza\u00e7\u00e3o da Eletrobras, com produ\u00e7\u00e3o inflex\u00edvel, aumentam as emiss\u00f5es da matriz energ\u00e9tica nacional, sobretudo no Nordeste, regi\u00e3o onde os investimentos de hidrog\u00eanio verde est\u00e3o sendo planejados. Em nossas an\u00e1lises, esse aumento de emiss\u00e3o pode dificultar a atratividade do Brasil para a produ\u00e7\u00e3o de hidrog\u00eanio verde.<\/p>\n\n\n\n<h6 class=\"wp-block-heading\" id=\"block-f323f59b-51bf-4eed-b17b-3c7d3b917007\">*Roberto Rockmann <strong>\u00e9 escritor e jornalista. Coautor do livro \u201cCurto-Circuito, quando o Brasil quase ficou \u00e0s escuras\u201d e produtor do podcast quinzenal \u201cGiro Energia\u201d sobre o setor el\u00e9trico. Organizou em 2018 o livro de 20 anos do mercado livre de energia el\u00e9trica, editado pela CCEE (C\u00e2mara de Comercializa\u00e7\u00e3o de Energia El\u00e9trica), al\u00e9m de v\u00e1rios outros livros e trabalhos premiados<\/strong>.<\/h6>\n\n\n\n<p><strong>As opini\u00f5es dos autores n\u00e3o refletem necessariamente o pensamento da Ag\u00eancia iNFRA, sendo de total responsabilidade do autor as informa\u00e7\u00f5es, ju\u00edzos de valor e conceitos descritos no texto<\/strong>. <\/p>\n","protected":false},"excerpt":{"rendered":"<p>Roberto Rockmann* H\u00e1 uma pesada agenda setorial a ser superada nos pr\u00f3ximos meses na energia el\u00e9trica, na vis\u00e3o do presidente da consultoria PSR, Luiz Augusto Barroso. Al\u00e9m da renova\u00e7\u00e3o das concess\u00f5es dos ativos de distribui\u00e7\u00e3o, gera\u00e7\u00e3o e transmiss\u00e3o, h\u00e1 o empoderamento do consumidor com a gera\u00e7\u00e3o distribu\u00edda solar, o crescimento da gera\u00e7\u00e3o renov\u00e1vel a custo [&hellip;]<\/p>\n","protected":false},"author":1,"featured_media":12412,"comment_status":"closed","ping_status":"closed","sticky":false,"template":"","format":"standard","meta":{"_monsterinsights_skip_tracking":false,"_monsterinsights_sitenote_active":false,"_monsterinsights_sitenote_note":"","_monsterinsights_sitenote_category":0,"footnotes":""},"categories":[1],"tags":[78,1887,2199,6538,25,1854,5810,121,4309,3553,18],"class_list":["post-12409","post","type-post","status-publish","format-standard","has-post-thumbnail","hentry","category-geral","tag-concessoes","tag-consumidor","tag-distribuicao","tag-dso","tag-energia","tag-geracao","tag-luiz-augusto-barroso","tag-psr","tag-reajustes","tag-solar","tag-tcu"],"yoast_head":"<!-- This site is optimized with the Yoast SEO Premium plugin v25.4 (Yoast SEO v26.0) - https:\/\/yoast.com\/wordpress\/plugins\/seo\/ -->\n<title>Entrevista: agenda setorial a ser superada nos pr\u00f3ximos meses \u00e9 pesada, diz Barroso, da PSR - Ag\u00eancia iNFRA<\/title>\n<meta name=\"robots\" content=\"index, follow, max-snippet:-1, max-image-preview:large, max-video-preview:-1\" \/>\n<link rel=\"canonical\" href=\"https:\/\/agenciainfra.com\/blog\/entrevista-agenda-setorial-a-ser-superada-nos-proximos-meses-e-pesada-diz-barroso-da-psr\/\" \/>\n<meta property=\"og:locale\" content=\"pt_BR\" \/>\n<meta property=\"og:type\" content=\"article\" \/>\n<meta property=\"og:title\" content=\"Entrevista: agenda setorial a ser superada nos pr\u00f3ximos meses \u00e9 pesada, diz Barroso, da PSR\" \/>\n<meta property=\"og:description\" content=\"Roberto Rockmann* H\u00e1 uma pesada agenda setorial a ser superada nos pr\u00f3ximos meses na energia el\u00e9trica, na vis\u00e3o do presidente da consultoria PSR, Luiz Augusto Barroso. Al\u00e9m da renova\u00e7\u00e3o das concess\u00f5es dos ativos de distribui\u00e7\u00e3o, gera\u00e7\u00e3o e transmiss\u00e3o, h\u00e1 o empoderamento do consumidor com a gera\u00e7\u00e3o distribu\u00edda solar, o crescimento da gera\u00e7\u00e3o renov\u00e1vel a custo [&hellip;]\" \/>\n<meta property=\"og:url\" content=\"https:\/\/agenciainfra.com\/blog\/entrevista-agenda-setorial-a-ser-superada-nos-proximos-meses-e-pesada-diz-barroso-da-psr\/\" \/>\n<meta property=\"og:site_name\" content=\"Ag\u00eancia iNFRA\" \/>\n<meta property=\"article:publisher\" content=\"https:\/\/www.facebook.com\/ageninfra\" \/>\n<meta property=\"article:published_time\" content=\"2023-03-21T13:00:00+00:00\" \/>\n<meta property=\"og:image\" content=\"https:\/\/agenciainfra.com\/blog\/wp-content\/uploads\/2023\/03\/luiz-augusto-barroso-foto-epe-paulo-mumia.jpg\" \/>\n\t<meta property=\"og:image:width\" content=\"1202\" \/>\n\t<meta property=\"og:image:height\" content=\"802\" \/>\n\t<meta property=\"og:image:type\" content=\"image\/jpeg\" \/>\n<meta name=\"author\" content=\"Ag\u00eancia iNFRA\" \/>\n<meta name=\"twitter:card\" content=\"summary_large_image\" \/>\n<meta name=\"twitter:creator\" content=\"@agencia_infra\" \/>\n<meta name=\"twitter:site\" content=\"@agencia_infra\" \/>\n<meta name=\"twitter:label1\" content=\"Escrito por\" \/>\n\t<meta name=\"twitter:data1\" content=\"Ag\u00eancia iNFRA\" \/>\n\t<meta name=\"twitter:label2\" content=\"Est. tempo de leitura\" \/>\n\t<meta name=\"twitter:data2\" content=\"9 minutos\" \/>\n<script type=\"application\/ld+json\" class=\"yoast-schema-graph\">{\"@context\":\"https:\/\/schema.org\",\"@graph\":[{\"@type\":\"Article\",\"@id\":\"https:\/\/agenciainfra.com\/blog\/entrevista-agenda-setorial-a-ser-superada-nos-proximos-meses-e-pesada-diz-barroso-da-psr\/#article\",\"isPartOf\":{\"@id\":\"https:\/\/agenciainfra.com\/blog\/entrevista-agenda-setorial-a-ser-superada-nos-proximos-meses-e-pesada-diz-barroso-da-psr\/\"},\"author\":{\"name\":\"Ag\u00eancia iNFRA\",\"@id\":\"https:\/\/agenciainfra.com\/blog\/#\/schema\/person\/34af08dff6adea4cb22b06612ba7acfa\"},\"headline\":\"Entrevista: agenda setorial a ser superada nos pr\u00f3ximos meses \u00e9 pesada, diz Barroso, da PSR\",\"datePublished\":\"2023-03-21T13:00:00+00:00\",\"mainEntityOfPage\":{\"@id\":\"https:\/\/agenciainfra.com\/blog\/entrevista-agenda-setorial-a-ser-superada-nos-proximos-meses-e-pesada-diz-barroso-da-psr\/\"},\"wordCount\":1724,\"publisher\":{\"@id\":\"https:\/\/agenciainfra.com\/blog\/#organization\"},\"image\":{\"@id\":\"https:\/\/agenciainfra.com\/blog\/entrevista-agenda-setorial-a-ser-superada-nos-proximos-meses-e-pesada-diz-barroso-da-psr\/#primaryimage\"},\"thumbnailUrl\":\"https:\/\/agenciainfra.com\/blog\/wp-content\/uploads\/2023\/03\/luiz-augusto-barroso-foto-epe-paulo-mumia.jpg\",\"keywords\":[\"concess\u00f5es\",\"consumidor\",\"distribui\u00e7\u00e3o\",\"DSO\",\"energia\",\"gera\u00e7\u00e3o\",\"Luiz Augusto Barroso\",\"PSR\",\"reajustes\",\"solar\",\"TCU\"],\"articleSection\":[\"Geral\"],\"inLanguage\":\"pt-BR\",\"copyrightYear\":\"2023\",\"copyrightHolder\":{\"@id\":\"https:\/\/agenciainfra.com\/blog\/#organization\"}},{\"@type\":\"WebPage\",\"@id\":\"https:\/\/agenciainfra.com\/blog\/entrevista-agenda-setorial-a-ser-superada-nos-proximos-meses-e-pesada-diz-barroso-da-psr\/\",\"url\":\"https:\/\/agenciainfra.com\/blog\/entrevista-agenda-setorial-a-ser-superada-nos-proximos-meses-e-pesada-diz-barroso-da-psr\/\",\"name\":\"Entrevista: agenda setorial a ser superada nos pr\u00f3ximos meses \u00e9 pesada, diz Barroso, da PSR - Ag\u00eancia iNFRA\",\"isPartOf\":{\"@id\":\"https:\/\/agenciainfra.com\/blog\/#website\"},\"primaryImageOfPage\":{\"@id\":\"https:\/\/agenciainfra.com\/blog\/entrevista-agenda-setorial-a-ser-superada-nos-proximos-meses-e-pesada-diz-barroso-da-psr\/#primaryimage\"},\"image\":{\"@id\":\"https:\/\/agenciainfra.com\/blog\/entrevista-agenda-setorial-a-ser-superada-nos-proximos-meses-e-pesada-diz-barroso-da-psr\/#primaryimage\"},\"thumbnailUrl\":\"https:\/\/agenciainfra.com\/blog\/wp-content\/uploads\/2023\/03\/luiz-augusto-barroso-foto-epe-paulo-mumia.jpg\",\"datePublished\":\"2023-03-21T13:00:00+00:00\",\"breadcrumb\":{\"@id\":\"https:\/\/agenciainfra.com\/blog\/entrevista-agenda-setorial-a-ser-superada-nos-proximos-meses-e-pesada-diz-barroso-da-psr\/#breadcrumb\"},\"inLanguage\":\"pt-BR\",\"potentialAction\":[{\"@type\":\"ReadAction\",\"target\":[\"https:\/\/agenciainfra.com\/blog\/entrevista-agenda-setorial-a-ser-superada-nos-proximos-meses-e-pesada-diz-barroso-da-psr\/\"]}]},{\"@type\":\"ImageObject\",\"inLanguage\":\"pt-BR\",\"@id\":\"https:\/\/agenciainfra.com\/blog\/entrevista-agenda-setorial-a-ser-superada-nos-proximos-meses-e-pesada-diz-barroso-da-psr\/#primaryimage\",\"url\":\"https:\/\/agenciainfra.com\/blog\/wp-content\/uploads\/2023\/03\/luiz-augusto-barroso-foto-epe-paulo-mumia.jpg\",\"contentUrl\":\"https:\/\/agenciainfra.com\/blog\/wp-content\/uploads\/2023\/03\/luiz-augusto-barroso-foto-epe-paulo-mumia.jpg\",\"width\":1202,\"height\":802},{\"@type\":\"BreadcrumbList\",\"@id\":\"https:\/\/agenciainfra.com\/blog\/entrevista-agenda-setorial-a-ser-superada-nos-proximos-meses-e-pesada-diz-barroso-da-psr\/#breadcrumb\",\"itemListElement\":[{\"@type\":\"ListItem\",\"position\":1,\"name\":\"In\u00edcio\",\"item\":\"https:\/\/agenciainfra.com\/blog\/\"},{\"@type\":\"ListItem\",\"position\":2,\"name\":\"Entrevista: agenda setorial a ser superada nos pr\u00f3ximos meses \u00e9 pesada, diz Barroso, da PSR\"}]},{\"@type\":\"WebSite\",\"@id\":\"https:\/\/agenciainfra.com\/blog\/#website\",\"url\":\"https:\/\/agenciainfra.com\/blog\/\",\"name\":\"Ag\u00eancia iNFRA\",\"description\":\"Multiplataforma de informa\u00e7\u00e3o jornal\u00edstica refer\u00eancia na \u00e1rea de infraestrutura no Brasil!\",\"publisher\":{\"@id\":\"https:\/\/agenciainfra.com\/blog\/#organization\"},\"potentialAction\":[{\"@type\":\"SearchAction\",\"target\":{\"@type\":\"EntryPoint\",\"urlTemplate\":\"https:\/\/agenciainfra.com\/blog\/?s={search_term_string}\"},\"query-input\":{\"@type\":\"PropertyValueSpecification\",\"valueRequired\":true,\"valueName\":\"search_term_string\"}}],\"inLanguage\":\"pt-BR\"},{\"@type\":\"Organization\",\"@id\":\"https:\/\/agenciainfra.com\/blog\/#organization\",\"name\":\"Ag\u00eancia iNFRA\",\"url\":\"https:\/\/agenciainfra.com\/blog\/\",\"logo\":{\"@type\":\"ImageObject\",\"inLanguage\":\"pt-BR\",\"@id\":\"https:\/\/agenciainfra.com\/blog\/#\/schema\/logo\/image\/\",\"url\":\"https:\/\/agenciainfra.com\/blog\/wp-content\/uploads\/2023\/09\/iNFRA_5-e1761735885940.png\",\"contentUrl\":\"https:\/\/agenciainfra.com\/blog\/wp-content\/uploads\/2023\/09\/iNFRA_5-e1761735885940.png\",\"width\":1672,\"height\":454,\"caption\":\"Ag\u00eancia iNFRA\"},\"image\":{\"@id\":\"https:\/\/agenciainfra.com\/blog\/#\/schema\/logo\/image\/\"},\"sameAs\":[\"https:\/\/www.facebook.com\/ageninfra\",\"https:\/\/x.com\/agencia_infra\",\"https:\/\/www.linkedin.com\/company\/ag\u00eanciainfra\/\",\"https:\/\/www.instagram.com\/agenciainfra\/\"]},{\"@type\":\"Person\",\"@id\":\"https:\/\/agenciainfra.com\/blog\/#\/schema\/person\/34af08dff6adea4cb22b06612ba7acfa\",\"name\":\"Ag\u00eancia iNFRA\",\"image\":{\"@type\":\"ImageObject\",\"inLanguage\":\"pt-BR\",\"@id\":\"https:\/\/agenciainfra.com\/blog\/#\/schema\/person\/image\/\",\"url\":\"https:\/\/secure.gravatar.com\/avatar\/d189e01678f06d8eb84d4e01f08eb848b3fffe3f8443818d3c356c66892f5be8?s=96&d=mm&r=g\",\"contentUrl\":\"https:\/\/secure.gravatar.com\/avatar\/d189e01678f06d8eb84d4e01f08eb848b3fffe3f8443818d3c356c66892f5be8?s=96&d=mm&r=g\",\"caption\":\"Ag\u00eancia iNFRA\"},\"url\":\"https:\/\/agenciainfra.com\/blog\/author\/admin\/\"}]}<\/script>\n<!-- \/ Yoast SEO Premium plugin. -->","yoast_head_json":{"title":"Entrevista: agenda setorial a ser superada nos pr\u00f3ximos meses \u00e9 pesada, diz Barroso, da PSR - Ag\u00eancia iNFRA","robots":{"index":"index","follow":"follow","max-snippet":"max-snippet:-1","max-image-preview":"max-image-preview:large","max-video-preview":"max-video-preview:-1"},"canonical":"https:\/\/agenciainfra.com\/blog\/entrevista-agenda-setorial-a-ser-superada-nos-proximos-meses-e-pesada-diz-barroso-da-psr\/","og_locale":"pt_BR","og_type":"article","og_title":"Entrevista: agenda setorial a ser superada nos pr\u00f3ximos meses \u00e9 pesada, diz Barroso, da PSR","og_description":"Roberto Rockmann* H\u00e1 uma pesada agenda setorial a ser superada nos pr\u00f3ximos meses na energia el\u00e9trica, na vis\u00e3o do presidente da consultoria PSR, Luiz Augusto Barroso. Al\u00e9m da renova\u00e7\u00e3o das concess\u00f5es dos ativos de distribui\u00e7\u00e3o, gera\u00e7\u00e3o e transmiss\u00e3o, h\u00e1 o empoderamento do consumidor com a gera\u00e7\u00e3o distribu\u00edda solar, o crescimento da gera\u00e7\u00e3o renov\u00e1vel a custo [&hellip;]","og_url":"https:\/\/agenciainfra.com\/blog\/entrevista-agenda-setorial-a-ser-superada-nos-proximos-meses-e-pesada-diz-barroso-da-psr\/","og_site_name":"Ag\u00eancia iNFRA","article_publisher":"https:\/\/www.facebook.com\/ageninfra","article_published_time":"2023-03-21T13:00:00+00:00","og_image":[{"width":1202,"height":802,"url":"https:\/\/agenciainfra.com\/blog\/wp-content\/uploads\/2023\/03\/luiz-augusto-barroso-foto-epe-paulo-mumia.jpg","type":"image\/jpeg"}],"author":"Ag\u00eancia iNFRA","twitter_card":"summary_large_image","twitter_creator":"@agencia_infra","twitter_site":"@agencia_infra","twitter_misc":{"Escrito por":"Ag\u00eancia iNFRA","Est. tempo de leitura":"9 minutos"},"schema":{"@context":"https:\/\/schema.org","@graph":[{"@type":"Article","@id":"https:\/\/agenciainfra.com\/blog\/entrevista-agenda-setorial-a-ser-superada-nos-proximos-meses-e-pesada-diz-barroso-da-psr\/#article","isPartOf":{"@id":"https:\/\/agenciainfra.com\/blog\/entrevista-agenda-setorial-a-ser-superada-nos-proximos-meses-e-pesada-diz-barroso-da-psr\/"},"author":{"name":"Ag\u00eancia iNFRA","@id":"https:\/\/agenciainfra.com\/blog\/#\/schema\/person\/34af08dff6adea4cb22b06612ba7acfa"},"headline":"Entrevista: agenda setorial a ser superada nos pr\u00f3ximos meses \u00e9 pesada, diz Barroso, da PSR","datePublished":"2023-03-21T13:00:00+00:00","mainEntityOfPage":{"@id":"https:\/\/agenciainfra.com\/blog\/entrevista-agenda-setorial-a-ser-superada-nos-proximos-meses-e-pesada-diz-barroso-da-psr\/"},"wordCount":1724,"publisher":{"@id":"https:\/\/agenciainfra.com\/blog\/#organization"},"image":{"@id":"https:\/\/agenciainfra.com\/blog\/entrevista-agenda-setorial-a-ser-superada-nos-proximos-meses-e-pesada-diz-barroso-da-psr\/#primaryimage"},"thumbnailUrl":"https:\/\/agenciainfra.com\/blog\/wp-content\/uploads\/2023\/03\/luiz-augusto-barroso-foto-epe-paulo-mumia.jpg","keywords":["concess\u00f5es","consumidor","distribui\u00e7\u00e3o","DSO","energia","gera\u00e7\u00e3o","Luiz Augusto Barroso","PSR","reajustes","solar","TCU"],"articleSection":["Geral"],"inLanguage":"pt-BR","copyrightYear":"2023","copyrightHolder":{"@id":"https:\/\/agenciainfra.com\/blog\/#organization"}},{"@type":"WebPage","@id":"https:\/\/agenciainfra.com\/blog\/entrevista-agenda-setorial-a-ser-superada-nos-proximos-meses-e-pesada-diz-barroso-da-psr\/","url":"https:\/\/agenciainfra.com\/blog\/entrevista-agenda-setorial-a-ser-superada-nos-proximos-meses-e-pesada-diz-barroso-da-psr\/","name":"Entrevista: agenda setorial a ser superada nos pr\u00f3ximos meses \u00e9 pesada, diz Barroso, da PSR - Ag\u00eancia iNFRA","isPartOf":{"@id":"https:\/\/agenciainfra.com\/blog\/#website"},"primaryImageOfPage":{"@id":"https:\/\/agenciainfra.com\/blog\/entrevista-agenda-setorial-a-ser-superada-nos-proximos-meses-e-pesada-diz-barroso-da-psr\/#primaryimage"},"image":{"@id":"https:\/\/agenciainfra.com\/blog\/entrevista-agenda-setorial-a-ser-superada-nos-proximos-meses-e-pesada-diz-barroso-da-psr\/#primaryimage"},"thumbnailUrl":"https:\/\/agenciainfra.com\/blog\/wp-content\/uploads\/2023\/03\/luiz-augusto-barroso-foto-epe-paulo-mumia.jpg","datePublished":"2023-03-21T13:00:00+00:00","breadcrumb":{"@id":"https:\/\/agenciainfra.com\/blog\/entrevista-agenda-setorial-a-ser-superada-nos-proximos-meses-e-pesada-diz-barroso-da-psr\/#breadcrumb"},"inLanguage":"pt-BR","potentialAction":[{"@type":"ReadAction","target":["https:\/\/agenciainfra.com\/blog\/entrevista-agenda-setorial-a-ser-superada-nos-proximos-meses-e-pesada-diz-barroso-da-psr\/"]}]},{"@type":"ImageObject","inLanguage":"pt-BR","@id":"https:\/\/agenciainfra.com\/blog\/entrevista-agenda-setorial-a-ser-superada-nos-proximos-meses-e-pesada-diz-barroso-da-psr\/#primaryimage","url":"https:\/\/agenciainfra.com\/blog\/wp-content\/uploads\/2023\/03\/luiz-augusto-barroso-foto-epe-paulo-mumia.jpg","contentUrl":"https:\/\/agenciainfra.com\/blog\/wp-content\/uploads\/2023\/03\/luiz-augusto-barroso-foto-epe-paulo-mumia.jpg","width":1202,"height":802},{"@type":"BreadcrumbList","@id":"https:\/\/agenciainfra.com\/blog\/entrevista-agenda-setorial-a-ser-superada-nos-proximos-meses-e-pesada-diz-barroso-da-psr\/#breadcrumb","itemListElement":[{"@type":"ListItem","position":1,"name":"In\u00edcio","item":"https:\/\/agenciainfra.com\/blog\/"},{"@type":"ListItem","position":2,"name":"Entrevista: agenda setorial a ser superada nos pr\u00f3ximos meses \u00e9 pesada, diz Barroso, da PSR"}]},{"@type":"WebSite","@id":"https:\/\/agenciainfra.com\/blog\/#website","url":"https:\/\/agenciainfra.com\/blog\/","name":"Ag\u00eancia iNFRA","description":"Multiplataforma de informa\u00e7\u00e3o jornal\u00edstica refer\u00eancia na \u00e1rea de infraestrutura no Brasil!","publisher":{"@id":"https:\/\/agenciainfra.com\/blog\/#organization"},"potentialAction":[{"@type":"SearchAction","target":{"@type":"EntryPoint","urlTemplate":"https:\/\/agenciainfra.com\/blog\/?s={search_term_string}"},"query-input":{"@type":"PropertyValueSpecification","valueRequired":true,"valueName":"search_term_string"}}],"inLanguage":"pt-BR"},{"@type":"Organization","@id":"https:\/\/agenciainfra.com\/blog\/#organization","name":"Ag\u00eancia iNFRA","url":"https:\/\/agenciainfra.com\/blog\/","logo":{"@type":"ImageObject","inLanguage":"pt-BR","@id":"https:\/\/agenciainfra.com\/blog\/#\/schema\/logo\/image\/","url":"https:\/\/agenciainfra.com\/blog\/wp-content\/uploads\/2023\/09\/iNFRA_5-e1761735885940.png","contentUrl":"https:\/\/agenciainfra.com\/blog\/wp-content\/uploads\/2023\/09\/iNFRA_5-e1761735885940.png","width":1672,"height":454,"caption":"Ag\u00eancia iNFRA"},"image":{"@id":"https:\/\/agenciainfra.com\/blog\/#\/schema\/logo\/image\/"},"sameAs":["https:\/\/www.facebook.com\/ageninfra","https:\/\/x.com\/agencia_infra","https:\/\/www.linkedin.com\/company\/ag\u00eanciainfra\/","https:\/\/www.instagram.com\/agenciainfra\/"]},{"@type":"Person","@id":"https:\/\/agenciainfra.com\/blog\/#\/schema\/person\/34af08dff6adea4cb22b06612ba7acfa","name":"Ag\u00eancia iNFRA","image":{"@type":"ImageObject","inLanguage":"pt-BR","@id":"https:\/\/agenciainfra.com\/blog\/#\/schema\/person\/image\/","url":"https:\/\/secure.gravatar.com\/avatar\/d189e01678f06d8eb84d4e01f08eb848b3fffe3f8443818d3c356c66892f5be8?s=96&d=mm&r=g","contentUrl":"https:\/\/secure.gravatar.com\/avatar\/d189e01678f06d8eb84d4e01f08eb848b3fffe3f8443818d3c356c66892f5be8?s=96&d=mm&r=g","caption":"Ag\u00eancia iNFRA"},"url":"https:\/\/agenciainfra.com\/blog\/author\/admin\/"}]}},"_links":{"self":[{"href":"https:\/\/agenciainfra.com\/blog\/wp-json\/wp\/v2\/posts\/12409","targetHints":{"allow":["GET"]}}],"collection":[{"href":"https:\/\/agenciainfra.com\/blog\/wp-json\/wp\/v2\/posts"}],"about":[{"href":"https:\/\/agenciainfra.com\/blog\/wp-json\/wp\/v2\/types\/post"}],"author":[{"embeddable":true,"href":"https:\/\/agenciainfra.com\/blog\/wp-json\/wp\/v2\/users\/1"}],"replies":[{"embeddable":true,"href":"https:\/\/agenciainfra.com\/blog\/wp-json\/wp\/v2\/comments?post=12409"}],"version-history":[{"count":0,"href":"https:\/\/agenciainfra.com\/blog\/wp-json\/wp\/v2\/posts\/12409\/revisions"}],"wp:featuredmedia":[{"embeddable":true,"href":"https:\/\/agenciainfra.com\/blog\/wp-json\/wp\/v2\/media\/12412"}],"wp:attachment":[{"href":"https:\/\/agenciainfra.com\/blog\/wp-json\/wp\/v2\/media?parent=12409"}],"wp:term":[{"taxonomy":"category","embeddable":true,"href":"https:\/\/agenciainfra.com\/blog\/wp-json\/wp\/v2\/categories?post=12409"},{"taxonomy":"post_tag","embeddable":true,"href":"https:\/\/agenciainfra.com\/blog\/wp-json\/wp\/v2\/tags?post=12409"}],"curies":[{"name":"wp","href":"https:\/\/api.w.org\/{rel}","templated":true}]}}