{"id":12422,"date":"2023-03-23T09:00:00","date_gmt":"2023-03-23T12:00:00","guid":{"rendered":"https:\/\/www.agenciainfra.com\/blog\/?p=12422"},"modified":"2023-03-23T08:30:12","modified_gmt":"2023-03-23T11:30:12","slug":"novo-secretario-diz-que-governo-do-rs-quer-seguir-com-concessao-da-trensurb-no-modelo-da-cbtu-bh","status":"publish","type":"post","link":"https:\/\/agenciainfra.com\/blog\/novo-secretario-diz-que-governo-do-rs-quer-seguir-com-concessao-da-trensurb-no-modelo-da-cbtu-bh\/","title":{"rendered":"Novo secret\u00e1rio diz que governo do RS quer seguir com concess\u00e3o da Trensurb no modelo da CBTU-BH"},"content":{"rendered":"\n<p class=\"has-text-align-right\"><strong>Dimmi Amora,&nbsp;da&nbsp;Ag\u00eancia iNFRA<\/strong><\/p>\n\n\n\n<p>O prosseguimento\u00a0da\u00a0desestatiza\u00e7\u00e3o\u00a0da\u00a0Trensurb, empresa\u00a0do\u00a0governo\u00a0federal\u00a0que\u00a0controla os trens urbanos\u00a0da\u00a0Regi\u00e3o Metropolitana de Porto Alegre (RS), \u00e9 uma prioridade para o setor de infraestrutura\u00a0do\u00a0governo\u00a0ga\u00facho.\u00a0<br><br>Para isso, o\u00a0governo\u00a0local pleiteia um\u00a0modelo\u00a0de PPP semelhante ao\u00a0que\u00a0o\u00a0governo\u00a0federal fez para a desestatiza\u00e7\u00e3o\u00a0do\u00a0Metr\u00f4 de Belo Horizonte (MG), tamb\u00e9m controlado por outra empresa federal, a\u00a0CBTU\u00a0(Companhia Brasileira de Trens Urbanos).\u00a0<br><br>De acordo com Pedro Capeluppi,\u00a0secret\u00e1rio\u00a0de Parcerias e Concess\u00f5es\u00a0do\u00a0Governo\u00a0do\u00a0Rio Grande\u00a0do\u00a0Sul, os estudos para modelar um edital para essa parceria ter\u00e3o\u00a0que\u00a0se refeitos, mas ele v\u00ea como bom sinal o fato\u00a0do\u00a0governo\u00a0federal ter mantido esse processo de\u00a0concess\u00e3o\u00a0na carteira\u00a0do\u00a0PPI (Programa de Parceria de Investimentos).\u00a0No\u00a0in\u00edcio\u00a0do\u00a0ano, alguns projetos de desestatiza\u00e7\u00e3o foram retirados\u00a0da\u00a0carteira federal.\u00a0<br><br>O Metr\u00f4 de\u00a0BH\u00a0teve o leil\u00e3o realizado\u00a0no\u00a0fim\u00a0do\u00a0ano passado, mas a assinatura\u00a0do\u00a0contrato ainda enfrenta obst\u00e1culos. Na modelagem\u00a0do\u00a0metr\u00f4 mineiro, o\u00a0governo\u00a0federal e o\u00a0governo\u00a0local\u00a0entraram com um aporte de recursos inicial para garantir investimentos em melhoria operacional e amplia\u00e7\u00e3o\u00a0da\u00a0rede.\u00a0<br><br>Dos estimados R$ 3,7 bilh\u00f5es em investimentos em amplia\u00e7\u00e3o\u00a0da\u00a0rede, R$ 2,8 bilh\u00f5es ser\u00e3o\u00a0do\u00a0aporte federal e R$ 440 milh\u00f5es\u00a0do\u00a0estadual. Para Capeluppi, esse \u00e9 o\u00a0modelo\u00a0ideal j\u00e1\u00a0que\u00a0o metr\u00f4 local precisa de investimentos.<br><br>&#8220;\u00c9 louv\u00e1vel\u00a0que\u00a0a empresa consiga operar com carros com 40 anos de uso. Mas isso n\u00e3o \u00e9 o ideal&#8221;, disse o\u00a0secret\u00e1rio\u00a0que\u00a0est\u00e1 em conversas com o\u00a0governo\u00a0federal para a continuidade\u00a0do\u00a0projeto.<br><br><strong>Free Flow<\/strong><br>Outro processo de\u00a0concess\u00e3o\u00a0que\u00a0vai passar por novos estudos \u00e9 o\u00a0do\u00a0chamado Lote 2 de concess\u00f5es rodovi\u00e1rias\u00a0do\u00a0governo\u00a0local. O leil\u00e3o desse lote estava previsto para o ano passado, mas foi suspenso. O bloco tem 415 quil\u00f4metros de extens\u00e3o de rodovias, com capex estimado na \u00e9poca em R$ 5 bilh\u00f5es (apresenta\u00e7\u00e3o sobre o projeto\u00a0<a rel=\"noreferrer noopener\" href=\"https:\/\/agenciainfra.us14.list-manage.com\/track\/click?u=d460dd1bcf9ba0ae040e1fc0f&amp;id=c295b7859c&amp;e=f0fa444791\" target=\"_blank\">neste link<\/a>).<br><br>No\u00a0entanto, os n\u00fameros s\u00e3o com base em 2020, o\u00a0que\u00a0para Capeluppi levam risco\u00a0do\u00a0projeto estar com as estimativas defasadas ap\u00f3s o per\u00edodo\u00a0da\u00a0pandemia de Covid-19. Por isso, a necessidade de novos estudos\u00a0que\u00a0contemplem ainda novas possibilidades, como o free flow,\u00a0que\u00a0foi regulamentado pelo\u00a0governo\u00a0federal e est\u00e1 em fase de implementa\u00e7\u00e3o.<br><br><strong>PPP<\/strong><br>A primeira PPP para uma unidade prisional\u00a0do\u00a0estado, em Erechim, tamb\u00e9m vai passar por reestrutura\u00e7\u00e3o, ap\u00f3s ter tido uma tentativa de leil\u00e3o fracassada\u00a0no\u00a0fim\u00a0do\u00a0ano passado. Segundo Capeluppi, o\u00a0governo\u00a0n\u00e3o vai desistir\u00a0do\u00a0projeto de ter uma unidade prisional administrada pela iniciativa privada. A\u00a0concess\u00e3o\u00a0do\u00a0Cais Mau\u00e1, em Porto Alegre, tamb\u00e9m segue nos planos.<br><br>O\u00a0governo\u00a0estadual tamb\u00e9m vai buscar fazer as primeiras concess\u00f5es aeroportu\u00e1rias. Segundo Capeluppi, os aeroportos de Passo Fundo e Santo \u00c2ngelo, ambos sob gest\u00e3o estadual, v\u00e3o ter a chamada para uma PMI (Proposta de Manifesta\u00e7\u00e3o de Interesse) publicada ainda dentro dos 100 dias\u00a0do\u00a0novo\u00a0governo. A tentativa \u00e9 uma\u00a0concess\u00e3o\u00a0em bloco, ainda a ser definida pelos estudos.<br><br><strong>Reestrutura\u00e7\u00e3o<\/strong><br>O\u00a0secret\u00e1rio\u00a0afirmou\u00a0que\u00a0a capacidade de investimento\u00a0do\u00a0governo\u00a0local foi retomada com o processo de equil\u00edbrio fiscal\u00a0que\u00a0foi implementado na gest\u00e3o passada pelo governador Eduardo Leite,\u00a0que\u00a0deixou o cargo antes\u00a0do\u00a0fim\u00a0do\u00a0mandato e concorreu de\u00a0novo, vencendo a segunda elei\u00e7\u00e3o seguida.<br><br>Mesmo durante o ajuste, o\u00a0governo\u00a0teve uma ampla agenda de concess\u00f5es, com \u00e1reas como energia, saneamento, rodovias e parques, o\u00a0que\u00a0vai ter continuidade. Mas, com uma melhor possibilidade fiscal, a ideia \u00e9 ampliar as parcerias em PPPs sociais, especialmente nas \u00e1reas de sa\u00fade e educa\u00e7\u00e3o.<br><br>De acordo com o\u00a0secret\u00e1rio, os t\u00e9cnicos est\u00e3o conversando com os respons\u00e1veis pelas duas secretarias final\u00edsticas para identificar demandas e, assim, iniciar os estudos para as parcerias nesses setores.<br><br><strong>Mudan\u00e7as legislativas<\/strong><br>Capeluppi,\u00a0que\u00a0\u00e9 servidor federal\u00a0do\u00a0Tesouro Nacional e foi\u00a0secret\u00e1rio\u00a0de Desestatiza\u00e7\u00e3o\u00a0do\u00a0Minist\u00e9rio\u00a0da\u00a0Economia\u00a0no\u00a0governo\u00a0anterior, defende ajustes na legisla\u00e7\u00e3o sobre PPPs para\u00a0que\u00a0os investimentos possam ser ampliados nessa \u00e1rea.<br><br>Entre eles, est\u00e1 o limite de 5%\u00a0da\u00a0Receita Corrente L\u00edquida para PPPs, o\u00a0que\u00a0para ele n\u00e3o \u00e9 uma boa medida. A sugest\u00e3o \u00e9\u00a0que\u00a0seja analisada a capacidade fiscal\u00a0do\u00a0ente de forma mais ampla\u00a0que\u00a0apenas por um limite\u00a0da\u00a0receita. Cepeluppi,\u00a0no\u00a0entanto, alerta\u00a0que\u00a0\u00e9 preciso cuidado com os modelos de garantia\u00a0que\u00a0est\u00e3o em avalia\u00e7\u00e3o para &#8220;evitar uma porteira aberta&#8221;.<br><br>Tamb\u00e9m como forma de melhorar os modelos de parceria, a secretaria est\u00e1 estruturando uma moderniza\u00e7\u00e3o em toda a legisla\u00e7\u00e3o de parcerias\u00a0do\u00a0estado, inclusive com mudan\u00e7as na ag\u00eancia reguladora de servi\u00e7os\u00a0que\u00a0atende a todos os servi\u00e7os p\u00fablicos\u00a0do\u00a0estado.<\/p>\n","protected":false},"excerpt":{"rendered":"<p>Dimmi Amora,&nbsp;da&nbsp;Ag\u00eancia iNFRA O prosseguimento\u00a0da\u00a0desestatiza\u00e7\u00e3o\u00a0da\u00a0Trensurb, empresa\u00a0do\u00a0governo\u00a0federal\u00a0que\u00a0controla os trens urbanos\u00a0da\u00a0Regi\u00e3o Metropolitana de Porto Alegre (RS), \u00e9 uma prioridade para o setor de infraestrutura\u00a0do\u00a0governo\u00a0ga\u00facho.\u00a0 Para isso, o\u00a0governo\u00a0local pleiteia um\u00a0modelo\u00a0de PPP semelhante ao\u00a0que\u00a0o\u00a0governo\u00a0federal fez para a desestatiza\u00e7\u00e3o\u00a0do\u00a0Metr\u00f4 de Belo Horizonte (MG), tamb\u00e9m controlado por outra empresa federal, a\u00a0CBTU\u00a0(Companhia Brasileira de Trens Urbanos).\u00a0 De acordo com Pedro Capeluppi,\u00a0secret\u00e1rio\u00a0de Parcerias [&hellip;]<\/p>\n","protected":false},"author":1,"featured_media":12424,"comment_status":"closed","ping_status":"closed","sticky":false,"template":"","format":"standard","meta":{"_monsterinsights_skip_tracking":false,"_monsterinsights_sitenote_active":false,"_monsterinsights_sitenote_note":"","_monsterinsights_sitenote_category":0,"footnotes":""},"categories":[1,7],"tags":[6551,3198,78,3102,6552,1106,254,6550,2563,36,97,3468,6549,6548],"class_list":["post-12422","post","type-post","status-publish","format-standard","has-post-thumbnail","hentry","category-geral","category-infratransporte","tag-cais-maua","tag-cbtu","tag-concessoes","tag-eduardo-leite","tag-estaduais","tag-free-flow","tag-leilao","tag-pedro-capeluppi","tag-porto-alegre","tag-ppi","tag-ppp","tag-rio-grande-do-sul","tag-rs","tag-trensurb"],"yoast_head":"<!-- This site is optimized with the Yoast SEO Premium plugin v25.4 (Yoast SEO v26.0) - https:\/\/yoast.com\/wordpress\/plugins\/seo\/ -->\n<title>Novo secret\u00e1rio diz que governo do RS quer seguir com concess\u00e3o da Trensurb no modelo da CBTU-BH - Ag\u00eancia iNFRA<\/title>\n<meta name=\"robots\" content=\"index, follow, max-snippet:-1, max-image-preview:large, max-video-preview:-1\" \/>\n<link rel=\"canonical\" href=\"https:\/\/agenciainfra.com\/blog\/novo-secretario-diz-que-governo-do-rs-quer-seguir-com-concessao-da-trensurb-no-modelo-da-cbtu-bh\/\" \/>\n<meta property=\"og:locale\" content=\"pt_BR\" \/>\n<meta property=\"og:type\" content=\"article\" \/>\n<meta property=\"og:title\" content=\"Novo secret\u00e1rio diz que governo do RS quer seguir com concess\u00e3o da Trensurb no modelo da CBTU-BH\" \/>\n<meta property=\"og:description\" content=\"Dimmi Amora,&nbsp;da&nbsp;Ag\u00eancia iNFRA O prosseguimento\u00a0da\u00a0desestatiza\u00e7\u00e3o\u00a0da\u00a0Trensurb, empresa\u00a0do\u00a0governo\u00a0federal\u00a0que\u00a0controla os trens urbanos\u00a0da\u00a0Regi\u00e3o Metropolitana de Porto Alegre (RS), \u00e9 uma prioridade para o setor de infraestrutura\u00a0do\u00a0governo\u00a0ga\u00facho.\u00a0 Para isso, o\u00a0governo\u00a0local pleiteia um\u00a0modelo\u00a0de PPP semelhante ao\u00a0que\u00a0o\u00a0governo\u00a0federal fez para a desestatiza\u00e7\u00e3o\u00a0do\u00a0Metr\u00f4 de Belo Horizonte (MG), tamb\u00e9m controlado por outra empresa federal, a\u00a0CBTU\u00a0(Companhia Brasileira de Trens Urbanos).\u00a0 De acordo com Pedro Capeluppi,\u00a0secret\u00e1rio\u00a0de Parcerias [&hellip;]\" \/>\n<meta property=\"og:url\" content=\"https:\/\/agenciainfra.com\/blog\/novo-secretario-diz-que-governo-do-rs-quer-seguir-com-concessao-da-trensurb-no-modelo-da-cbtu-bh\/\" \/>\n<meta property=\"og:site_name\" content=\"Ag\u00eancia iNFRA\" \/>\n<meta property=\"article:publisher\" content=\"https:\/\/www.facebook.com\/ageninfra\" \/>\n<meta property=\"article:published_time\" content=\"2023-03-23T12:00:00+00:00\" \/>\n<meta property=\"og:image\" content=\"https:\/\/agenciainfra.com\/blog\/wp-content\/uploads\/2023\/03\/trensurb-estacao-novo-hamburgo-foto-trensurb-emilene-lopes.jpg\" \/>\n\t<meta property=\"og:image:width\" content=\"1200\" \/>\n\t<meta property=\"og:image:height\" content=\"900\" \/>\n\t<meta property=\"og:image:type\" content=\"image\/jpeg\" \/>\n<meta name=\"author\" content=\"Ag\u00eancia iNFRA\" \/>\n<meta name=\"twitter:card\" content=\"summary_large_image\" \/>\n<meta name=\"twitter:creator\" content=\"@agencia_infra\" \/>\n<meta name=\"twitter:site\" content=\"@agencia_infra\" \/>\n<meta name=\"twitter:label1\" content=\"Escrito por\" \/>\n\t<meta name=\"twitter:data1\" content=\"Ag\u00eancia iNFRA\" \/>\n\t<meta name=\"twitter:label2\" content=\"Est. tempo de leitura\" \/>\n\t<meta name=\"twitter:data2\" content=\"4 minutos\" \/>\n<script type=\"application\/ld+json\" class=\"yoast-schema-graph\">{\"@context\":\"https:\/\/schema.org\",\"@graph\":[{\"@type\":\"Article\",\"@id\":\"https:\/\/agenciainfra.com\/blog\/novo-secretario-diz-que-governo-do-rs-quer-seguir-com-concessao-da-trensurb-no-modelo-da-cbtu-bh\/#article\",\"isPartOf\":{\"@id\":\"https:\/\/agenciainfra.com\/blog\/novo-secretario-diz-que-governo-do-rs-quer-seguir-com-concessao-da-trensurb-no-modelo-da-cbtu-bh\/\"},\"author\":{\"name\":\"Ag\u00eancia iNFRA\",\"@id\":\"https:\/\/agenciainfra.com\/blog\/#\/schema\/person\/34af08dff6adea4cb22b06612ba7acfa\"},\"headline\":\"Novo secret\u00e1rio diz que governo do RS quer seguir com concess\u00e3o da Trensurb no modelo da CBTU-BH\",\"datePublished\":\"2023-03-23T12:00:00+00:00\",\"mainEntityOfPage\":{\"@id\":\"https:\/\/agenciainfra.com\/blog\/novo-secretario-diz-que-governo-do-rs-quer-seguir-com-concessao-da-trensurb-no-modelo-da-cbtu-bh\/\"},\"wordCount\":856,\"publisher\":{\"@id\":\"https:\/\/agenciainfra.com\/blog\/#organization\"},\"image\":{\"@id\":\"https:\/\/agenciainfra.com\/blog\/novo-secretario-diz-que-governo-do-rs-quer-seguir-com-concessao-da-trensurb-no-modelo-da-cbtu-bh\/#primaryimage\"},\"thumbnailUrl\":\"https:\/\/agenciainfra.com\/blog\/wp-content\/uploads\/2023\/03\/trensurb-estacao-novo-hamburgo-foto-trensurb-emilene-lopes.jpg\",\"keywords\":[\"Cais Mau\u00e1\",\"CBTU\",\"concess\u00f5es\",\"Eduardo Leite\",\"estaduais\",\"free flow\",\"leil\u00e3o\",\"Pedro Capeluppi\",\"Porto Alegre\",\"PPI\",\"PPP\",\"Rio Grande do Sul\",\"RS\",\"Trensurb\"],\"articleSection\":[\"Geral\",\"iNFRATransporte\"],\"inLanguage\":\"pt-BR\",\"copyrightYear\":\"2023\",\"copyrightHolder\":{\"@id\":\"https:\/\/agenciainfra.com\/blog\/#organization\"}},{\"@type\":\"WebPage\",\"@id\":\"https:\/\/agenciainfra.com\/blog\/novo-secretario-diz-que-governo-do-rs-quer-seguir-com-concessao-da-trensurb-no-modelo-da-cbtu-bh\/\",\"url\":\"https:\/\/agenciainfra.com\/blog\/novo-secretario-diz-que-governo-do-rs-quer-seguir-com-concessao-da-trensurb-no-modelo-da-cbtu-bh\/\",\"name\":\"Novo secret\u00e1rio diz que governo do RS quer seguir com concess\u00e3o da Trensurb no modelo da CBTU-BH - Ag\u00eancia iNFRA\",\"isPartOf\":{\"@id\":\"https:\/\/agenciainfra.com\/blog\/#website\"},\"primaryImageOfPage\":{\"@id\":\"https:\/\/agenciainfra.com\/blog\/novo-secretario-diz-que-governo-do-rs-quer-seguir-com-concessao-da-trensurb-no-modelo-da-cbtu-bh\/#primaryimage\"},\"image\":{\"@id\":\"https:\/\/agenciainfra.com\/blog\/novo-secretario-diz-que-governo-do-rs-quer-seguir-com-concessao-da-trensurb-no-modelo-da-cbtu-bh\/#primaryimage\"},\"thumbnailUrl\":\"https:\/\/agenciainfra.com\/blog\/wp-content\/uploads\/2023\/03\/trensurb-estacao-novo-hamburgo-foto-trensurb-emilene-lopes.jpg\",\"datePublished\":\"2023-03-23T12:00:00+00:00\",\"breadcrumb\":{\"@id\":\"https:\/\/agenciainfra.com\/blog\/novo-secretario-diz-que-governo-do-rs-quer-seguir-com-concessao-da-trensurb-no-modelo-da-cbtu-bh\/#breadcrumb\"},\"inLanguage\":\"pt-BR\",\"potentialAction\":[{\"@type\":\"ReadAction\",\"target\":[\"https:\/\/agenciainfra.com\/blog\/novo-secretario-diz-que-governo-do-rs-quer-seguir-com-concessao-da-trensurb-no-modelo-da-cbtu-bh\/\"]}]},{\"@type\":\"ImageObject\",\"inLanguage\":\"pt-BR\",\"@id\":\"https:\/\/agenciainfra.com\/blog\/novo-secretario-diz-que-governo-do-rs-quer-seguir-com-concessao-da-trensurb-no-modelo-da-cbtu-bh\/#primaryimage\",\"url\":\"https:\/\/agenciainfra.com\/blog\/wp-content\/uploads\/2023\/03\/trensurb-estacao-novo-hamburgo-foto-trensurb-emilene-lopes.jpg\",\"contentUrl\":\"https:\/\/agenciainfra.com\/blog\/wp-content\/uploads\/2023\/03\/trensurb-estacao-novo-hamburgo-foto-trensurb-emilene-lopes.jpg\",\"width\":1200,\"height\":900},{\"@type\":\"BreadcrumbList\",\"@id\":\"https:\/\/agenciainfra.com\/blog\/novo-secretario-diz-que-governo-do-rs-quer-seguir-com-concessao-da-trensurb-no-modelo-da-cbtu-bh\/#breadcrumb\",\"itemListElement\":[{\"@type\":\"ListItem\",\"position\":1,\"name\":\"In\u00edcio\",\"item\":\"https:\/\/agenciainfra.com\/blog\/\"},{\"@type\":\"ListItem\",\"position\":2,\"name\":\"Novo secret\u00e1rio diz que governo do RS quer seguir com concess\u00e3o da Trensurb no modelo da CBTU-BH\"}]},{\"@type\":\"WebSite\",\"@id\":\"https:\/\/agenciainfra.com\/blog\/#website\",\"url\":\"https:\/\/agenciainfra.com\/blog\/\",\"name\":\"Ag\u00eancia iNFRA\",\"description\":\"Multiplataforma de informa\u00e7\u00e3o jornal\u00edstica refer\u00eancia na \u00e1rea de infraestrutura no Brasil!\",\"publisher\":{\"@id\":\"https:\/\/agenciainfra.com\/blog\/#organization\"},\"potentialAction\":[{\"@type\":\"SearchAction\",\"target\":{\"@type\":\"EntryPoint\",\"urlTemplate\":\"https:\/\/agenciainfra.com\/blog\/?s={search_term_string}\"},\"query-input\":{\"@type\":\"PropertyValueSpecification\",\"valueRequired\":true,\"valueName\":\"search_term_string\"}}],\"inLanguage\":\"pt-BR\"},{\"@type\":\"Organization\",\"@id\":\"https:\/\/agenciainfra.com\/blog\/#organization\",\"name\":\"Ag\u00eancia iNFRA\",\"url\":\"https:\/\/agenciainfra.com\/blog\/\",\"logo\":{\"@type\":\"ImageObject\",\"inLanguage\":\"pt-BR\",\"@id\":\"https:\/\/agenciainfra.com\/blog\/#\/schema\/logo\/image\/\",\"url\":\"https:\/\/agenciainfra.com\/blog\/wp-content\/uploads\/2023\/09\/iNFRA_5-e1761735885940.png\",\"contentUrl\":\"https:\/\/agenciainfra.com\/blog\/wp-content\/uploads\/2023\/09\/iNFRA_5-e1761735885940.png\",\"width\":1672,\"height\":454,\"caption\":\"Ag\u00eancia iNFRA\"},\"image\":{\"@id\":\"https:\/\/agenciainfra.com\/blog\/#\/schema\/logo\/image\/\"},\"sameAs\":[\"https:\/\/www.facebook.com\/ageninfra\",\"https:\/\/x.com\/agencia_infra\",\"https:\/\/www.linkedin.com\/company\/ag\u00eanciainfra\/\",\"https:\/\/www.instagram.com\/agenciainfra\/\"]},{\"@type\":\"Person\",\"@id\":\"https:\/\/agenciainfra.com\/blog\/#\/schema\/person\/34af08dff6adea4cb22b06612ba7acfa\",\"name\":\"Ag\u00eancia iNFRA\",\"image\":{\"@type\":\"ImageObject\",\"inLanguage\":\"pt-BR\",\"@id\":\"https:\/\/agenciainfra.com\/blog\/#\/schema\/person\/image\/\",\"url\":\"https:\/\/secure.gravatar.com\/avatar\/d189e01678f06d8eb84d4e01f08eb848b3fffe3f8443818d3c356c66892f5be8?s=96&d=mm&r=g\",\"contentUrl\":\"https:\/\/secure.gravatar.com\/avatar\/d189e01678f06d8eb84d4e01f08eb848b3fffe3f8443818d3c356c66892f5be8?s=96&d=mm&r=g\",\"caption\":\"Ag\u00eancia iNFRA\"},\"url\":\"https:\/\/agenciainfra.com\/blog\/author\/admin\/\"}]}<\/script>\n<!-- \/ Yoast SEO Premium plugin. -->","yoast_head_json":{"title":"Novo secret\u00e1rio diz que governo do RS quer seguir com concess\u00e3o da Trensurb no modelo da CBTU-BH - Ag\u00eancia iNFRA","robots":{"index":"index","follow":"follow","max-snippet":"max-snippet:-1","max-image-preview":"max-image-preview:large","max-video-preview":"max-video-preview:-1"},"canonical":"https:\/\/agenciainfra.com\/blog\/novo-secretario-diz-que-governo-do-rs-quer-seguir-com-concessao-da-trensurb-no-modelo-da-cbtu-bh\/","og_locale":"pt_BR","og_type":"article","og_title":"Novo secret\u00e1rio diz que governo do RS quer seguir com concess\u00e3o da Trensurb no modelo da CBTU-BH","og_description":"Dimmi Amora,&nbsp;da&nbsp;Ag\u00eancia iNFRA O prosseguimento\u00a0da\u00a0desestatiza\u00e7\u00e3o\u00a0da\u00a0Trensurb, empresa\u00a0do\u00a0governo\u00a0federal\u00a0que\u00a0controla os trens urbanos\u00a0da\u00a0Regi\u00e3o Metropolitana de Porto Alegre (RS), \u00e9 uma prioridade para o setor de infraestrutura\u00a0do\u00a0governo\u00a0ga\u00facho.\u00a0 Para isso, o\u00a0governo\u00a0local pleiteia um\u00a0modelo\u00a0de PPP semelhante ao\u00a0que\u00a0o\u00a0governo\u00a0federal fez para a desestatiza\u00e7\u00e3o\u00a0do\u00a0Metr\u00f4 de Belo Horizonte (MG), tamb\u00e9m controlado por outra empresa federal, a\u00a0CBTU\u00a0(Companhia Brasileira de Trens Urbanos).\u00a0 De acordo com Pedro Capeluppi,\u00a0secret\u00e1rio\u00a0de Parcerias [&hellip;]","og_url":"https:\/\/agenciainfra.com\/blog\/novo-secretario-diz-que-governo-do-rs-quer-seguir-com-concessao-da-trensurb-no-modelo-da-cbtu-bh\/","og_site_name":"Ag\u00eancia iNFRA","article_publisher":"https:\/\/www.facebook.com\/ageninfra","article_published_time":"2023-03-23T12:00:00+00:00","og_image":[{"width":1200,"height":900,"url":"https:\/\/agenciainfra.com\/blog\/wp-content\/uploads\/2023\/03\/trensurb-estacao-novo-hamburgo-foto-trensurb-emilene-lopes.jpg","type":"image\/jpeg"}],"author":"Ag\u00eancia iNFRA","twitter_card":"summary_large_image","twitter_creator":"@agencia_infra","twitter_site":"@agencia_infra","twitter_misc":{"Escrito por":"Ag\u00eancia iNFRA","Est. tempo de leitura":"4 minutos"},"schema":{"@context":"https:\/\/schema.org","@graph":[{"@type":"Article","@id":"https:\/\/agenciainfra.com\/blog\/novo-secretario-diz-que-governo-do-rs-quer-seguir-com-concessao-da-trensurb-no-modelo-da-cbtu-bh\/#article","isPartOf":{"@id":"https:\/\/agenciainfra.com\/blog\/novo-secretario-diz-que-governo-do-rs-quer-seguir-com-concessao-da-trensurb-no-modelo-da-cbtu-bh\/"},"author":{"name":"Ag\u00eancia iNFRA","@id":"https:\/\/agenciainfra.com\/blog\/#\/schema\/person\/34af08dff6adea4cb22b06612ba7acfa"},"headline":"Novo secret\u00e1rio diz que governo do RS quer seguir com concess\u00e3o da Trensurb no modelo da CBTU-BH","datePublished":"2023-03-23T12:00:00+00:00","mainEntityOfPage":{"@id":"https:\/\/agenciainfra.com\/blog\/novo-secretario-diz-que-governo-do-rs-quer-seguir-com-concessao-da-trensurb-no-modelo-da-cbtu-bh\/"},"wordCount":856,"publisher":{"@id":"https:\/\/agenciainfra.com\/blog\/#organization"},"image":{"@id":"https:\/\/agenciainfra.com\/blog\/novo-secretario-diz-que-governo-do-rs-quer-seguir-com-concessao-da-trensurb-no-modelo-da-cbtu-bh\/#primaryimage"},"thumbnailUrl":"https:\/\/agenciainfra.com\/blog\/wp-content\/uploads\/2023\/03\/trensurb-estacao-novo-hamburgo-foto-trensurb-emilene-lopes.jpg","keywords":["Cais Mau\u00e1","CBTU","concess\u00f5es","Eduardo Leite","estaduais","free flow","leil\u00e3o","Pedro Capeluppi","Porto Alegre","PPI","PPP","Rio Grande do Sul","RS","Trensurb"],"articleSection":["Geral","iNFRATransporte"],"inLanguage":"pt-BR","copyrightYear":"2023","copyrightHolder":{"@id":"https:\/\/agenciainfra.com\/blog\/#organization"}},{"@type":"WebPage","@id":"https:\/\/agenciainfra.com\/blog\/novo-secretario-diz-que-governo-do-rs-quer-seguir-com-concessao-da-trensurb-no-modelo-da-cbtu-bh\/","url":"https:\/\/agenciainfra.com\/blog\/novo-secretario-diz-que-governo-do-rs-quer-seguir-com-concessao-da-trensurb-no-modelo-da-cbtu-bh\/","name":"Novo secret\u00e1rio diz que governo do RS quer seguir com concess\u00e3o da Trensurb no modelo da CBTU-BH - Ag\u00eancia iNFRA","isPartOf":{"@id":"https:\/\/agenciainfra.com\/blog\/#website"},"primaryImageOfPage":{"@id":"https:\/\/agenciainfra.com\/blog\/novo-secretario-diz-que-governo-do-rs-quer-seguir-com-concessao-da-trensurb-no-modelo-da-cbtu-bh\/#primaryimage"},"image":{"@id":"https:\/\/agenciainfra.com\/blog\/novo-secretario-diz-que-governo-do-rs-quer-seguir-com-concessao-da-trensurb-no-modelo-da-cbtu-bh\/#primaryimage"},"thumbnailUrl":"https:\/\/agenciainfra.com\/blog\/wp-content\/uploads\/2023\/03\/trensurb-estacao-novo-hamburgo-foto-trensurb-emilene-lopes.jpg","datePublished":"2023-03-23T12:00:00+00:00","breadcrumb":{"@id":"https:\/\/agenciainfra.com\/blog\/novo-secretario-diz-que-governo-do-rs-quer-seguir-com-concessao-da-trensurb-no-modelo-da-cbtu-bh\/#breadcrumb"},"inLanguage":"pt-BR","potentialAction":[{"@type":"ReadAction","target":["https:\/\/agenciainfra.com\/blog\/novo-secretario-diz-que-governo-do-rs-quer-seguir-com-concessao-da-trensurb-no-modelo-da-cbtu-bh\/"]}]},{"@type":"ImageObject","inLanguage":"pt-BR","@id":"https:\/\/agenciainfra.com\/blog\/novo-secretario-diz-que-governo-do-rs-quer-seguir-com-concessao-da-trensurb-no-modelo-da-cbtu-bh\/#primaryimage","url":"https:\/\/agenciainfra.com\/blog\/wp-content\/uploads\/2023\/03\/trensurb-estacao-novo-hamburgo-foto-trensurb-emilene-lopes.jpg","contentUrl":"https:\/\/agenciainfra.com\/blog\/wp-content\/uploads\/2023\/03\/trensurb-estacao-novo-hamburgo-foto-trensurb-emilene-lopes.jpg","width":1200,"height":900},{"@type":"BreadcrumbList","@id":"https:\/\/agenciainfra.com\/blog\/novo-secretario-diz-que-governo-do-rs-quer-seguir-com-concessao-da-trensurb-no-modelo-da-cbtu-bh\/#breadcrumb","itemListElement":[{"@type":"ListItem","position":1,"name":"In\u00edcio","item":"https:\/\/agenciainfra.com\/blog\/"},{"@type":"ListItem","position":2,"name":"Novo secret\u00e1rio diz que governo do RS quer seguir com concess\u00e3o da Trensurb no modelo da CBTU-BH"}]},{"@type":"WebSite","@id":"https:\/\/agenciainfra.com\/blog\/#website","url":"https:\/\/agenciainfra.com\/blog\/","name":"Ag\u00eancia iNFRA","description":"Multiplataforma de informa\u00e7\u00e3o jornal\u00edstica refer\u00eancia na \u00e1rea de infraestrutura no Brasil!","publisher":{"@id":"https:\/\/agenciainfra.com\/blog\/#organization"},"potentialAction":[{"@type":"SearchAction","target":{"@type":"EntryPoint","urlTemplate":"https:\/\/agenciainfra.com\/blog\/?s={search_term_string}"},"query-input":{"@type":"PropertyValueSpecification","valueRequired":true,"valueName":"search_term_string"}}],"inLanguage":"pt-BR"},{"@type":"Organization","@id":"https:\/\/agenciainfra.com\/blog\/#organization","name":"Ag\u00eancia iNFRA","url":"https:\/\/agenciainfra.com\/blog\/","logo":{"@type":"ImageObject","inLanguage":"pt-BR","@id":"https:\/\/agenciainfra.com\/blog\/#\/schema\/logo\/image\/","url":"https:\/\/agenciainfra.com\/blog\/wp-content\/uploads\/2023\/09\/iNFRA_5-e1761735885940.png","contentUrl":"https:\/\/agenciainfra.com\/blog\/wp-content\/uploads\/2023\/09\/iNFRA_5-e1761735885940.png","width":1672,"height":454,"caption":"Ag\u00eancia iNFRA"},"image":{"@id":"https:\/\/agenciainfra.com\/blog\/#\/schema\/logo\/image\/"},"sameAs":["https:\/\/www.facebook.com\/ageninfra","https:\/\/x.com\/agencia_infra","https:\/\/www.linkedin.com\/company\/ag\u00eanciainfra\/","https:\/\/www.instagram.com\/agenciainfra\/"]},{"@type":"Person","@id":"https:\/\/agenciainfra.com\/blog\/#\/schema\/person\/34af08dff6adea4cb22b06612ba7acfa","name":"Ag\u00eancia iNFRA","image":{"@type":"ImageObject","inLanguage":"pt-BR","@id":"https:\/\/agenciainfra.com\/blog\/#\/schema\/person\/image\/","url":"https:\/\/secure.gravatar.com\/avatar\/d189e01678f06d8eb84d4e01f08eb848b3fffe3f8443818d3c356c66892f5be8?s=96&d=mm&r=g","contentUrl":"https:\/\/secure.gravatar.com\/avatar\/d189e01678f06d8eb84d4e01f08eb848b3fffe3f8443818d3c356c66892f5be8?s=96&d=mm&r=g","caption":"Ag\u00eancia iNFRA"},"url":"https:\/\/agenciainfra.com\/blog\/author\/admin\/"}]}},"_links":{"self":[{"href":"https:\/\/agenciainfra.com\/blog\/wp-json\/wp\/v2\/posts\/12422","targetHints":{"allow":["GET"]}}],"collection":[{"href":"https:\/\/agenciainfra.com\/blog\/wp-json\/wp\/v2\/posts"}],"about":[{"href":"https:\/\/agenciainfra.com\/blog\/wp-json\/wp\/v2\/types\/post"}],"author":[{"embeddable":true,"href":"https:\/\/agenciainfra.com\/blog\/wp-json\/wp\/v2\/users\/1"}],"replies":[{"embeddable":true,"href":"https:\/\/agenciainfra.com\/blog\/wp-json\/wp\/v2\/comments?post=12422"}],"version-history":[{"count":0,"href":"https:\/\/agenciainfra.com\/blog\/wp-json\/wp\/v2\/posts\/12422\/revisions"}],"wp:featuredmedia":[{"embeddable":true,"href":"https:\/\/agenciainfra.com\/blog\/wp-json\/wp\/v2\/media\/12424"}],"wp:attachment":[{"href":"https:\/\/agenciainfra.com\/blog\/wp-json\/wp\/v2\/media?parent=12422"}],"wp:term":[{"taxonomy":"category","embeddable":true,"href":"https:\/\/agenciainfra.com\/blog\/wp-json\/wp\/v2\/categories?post=12422"},{"taxonomy":"post_tag","embeddable":true,"href":"https:\/\/agenciainfra.com\/blog\/wp-json\/wp\/v2\/tags?post=12422"}],"curies":[{"name":"wp","href":"https:\/\/api.w.org\/{rel}","templated":true}]}}