{"id":12432,"date":"2023-03-24T11:00:00","date_gmt":"2023-03-24T14:00:00","guid":{"rendered":"https:\/\/www.agenciainfra.com\/blog\/?p=12432"},"modified":"2023-03-24T16:51:13","modified_gmt":"2023-03-24T19:51:13","slug":"infradebate-energia-nuclear-quanto-custa-afinal","status":"publish","type":"post","link":"https:\/\/agenciainfra.com\/blog\/infradebate-energia-nuclear-quanto-custa-afinal\/","title":{"rendered":"iNFRADebate: Energia nuclear &#8211; quanto custa afinal?"},"content":{"rendered":"\n<p class=\"has-text-align-right\"><strong>Leonam dos Santos Guimar\u00e3es*<\/strong><\/p>\n\n\n\n<p>Os pre\u00e7os da energia el\u00e9trica gerada por usinas nucleares variam significativamente em diferentes pa\u00edses, dependendo de fatores como a tecnologia utilizada; a fonte de combust\u00edvel nuclear; a disponibilidade de recursos humanos, materiais e financeiros; os custos de constru\u00e7\u00e3o, opera\u00e7\u00e3o e manuten\u00e7\u00e3o; os custos regulat\u00f3rios; a demanda local por energia; e as pol\u00edticas energ\u00e9ticas locais.<\/p>\n\n\n\n<p>\u00c9 importante notar que as taxas de c\u00e2mbio entre moedas tamb\u00e9m podem afetar o custo da energia el\u00e9trica nuclear, quando comparado entre diferentes pa\u00edses. Veremos a seguir alguns exemplos de pre\u00e7os m\u00e9dios da energia el\u00e9trica produzida pelas usinas nucleares em opera\u00e7\u00e3o. Cada uma dessas usinas que comp\u00f5e a m\u00e9dia tem seus custos de capital parcial ou totalmente amortizados. Tais valores, portanto, n\u00e3o devem ser comparados diretamente com o pre\u00e7o de equil\u00edbrio para projetos de novas usinas em andamento ou planejados, dado que seus custos de capital n\u00e3o foram ainda amortizados.<\/p>\n\n\n\n<ul class=\"wp-block-list\"><li><strong>Estados Unidos<\/strong>: O custo m\u00e9dio da eletricidade nuclear nos Estados Unidos em 2020 foi de aproximadamente <strong>65 d\u00f3lares por megawatt-hora<\/strong> (MWh), de acordo com a Administra\u00e7\u00e3o de Informa\u00e7\u00e3o de Energia (EIA) dos EUA.<\/li><li><strong>Fran\u00e7a<\/strong>: A Fran\u00e7a \u00e9 um dos pa\u00edses mais dependentes da energia nuclear, com mais de 70% de sua eletricidade gerada por usinas nucleares. O pre\u00e7o m\u00e9dio da eletricidade na Fran\u00e7a em 2020 foi de cerca de <strong>55 euros por MWh<\/strong>, de acordo com o Eurostat.<\/li><li><strong>Reino Unido<\/strong>: Em 2020, o custo m\u00e9dio da eletricidade nuclear no Reino Unido foi de cerca de <strong>75 libras por MWh<\/strong>, de acordo com a Ag\u00eancia Internacional de Energia (IAE).<\/li><li><strong>Jap\u00e3o<\/strong>: ap\u00f3s o desastre de Fukushima em 2011, o custo da eletricidade nuclear no Jap\u00e3o foi aumentado devido a regulamenta\u00e7\u00f5es mais rigorosas. De acordo com relat\u00f3rio do Institute of Energy Economics (IEE), o custo em 2021 era em m\u00e9dia de cerca de <strong>9.000 yenes por MWh<\/strong><\/li><li><strong>China<\/strong>: A China tem uma das maiores capacidades nucleares do mundo, com cerca de 50 usinas nucleares em opera\u00e7\u00e3o. Em 2020, o custo m\u00e9dio da eletricidade nuclear na China foi de cerca de <strong>50 d\u00f3lares por MWh<\/strong>, de acordo com a Comiss\u00e3o Nacional de Desenvolvimento e Reforma da China.<\/li><li><strong>Brasil<\/strong>: A tarifa de venda de energia el\u00e9trica de Angra 1 e Angra 2 em vigor no ano de 2023 \u00e9 de <strong>347,50 reais por MWh<\/strong>. Essa tarifa \u00e9 homologada pela ANEEL, reajustada anualmente e revisada a cada 5 anos. Note-se que o custo de capital inicial de ambas as usinas est\u00e1 plenamente amortizado.<\/li><\/ul>\n\n\n\n<p>\u00c9 importante lembrar que esses pre\u00e7os s\u00e3o apenas indicativos e podem variar ao longo do tempo e das condi\u00e7\u00f5es locais. Os pre\u00e7os da energia el\u00e9trica nuclear podem ser influenciados por v\u00e1rios fatores, incluindo subs\u00eddios governamentais, regulamenta\u00e7\u00f5es ambientais e a disponibilidade de fontes alternativas de energia. Al\u00e9m disso, os custos da energia el\u00e9trica nuclear tamb\u00e9m podem depender do tipo de contrato de energia utilizado, com os de longo prazo muitas vezes oferecendo pre\u00e7os mais baixos do que os de curto prazo.<\/p>\n\n\n\n<p>Deve-se ainda considerar que os pre\u00e7os da eletricidade nuclear nem sempre internalizam a totalidade dos custos. Por exemplo, o descomissionamento de desmantelamento das usinas nucleares; a gest\u00e3o de combust\u00edvel usado e de res\u00edduos radioativos de baixo e m\u00e9dio n\u00edvel de atividade; o regime de responsabilidade civil por danos causados ao p\u00fablico e meio ambiente por eventuais acidentes nucleares. Todos eles podem ser muito significativos em longo prazo.<\/p>\n\n\n\n<p>Note-se ainda que os pre\u00e7os da energia nuclear podem variar amplamente e est\u00e3o sujeitos a flutua\u00e7\u00f5es no mercado e mudan\u00e7as nas pol\u00edticas governamentais. H\u00e1 uma variedade de fatores a serem considerados ao avaliar os custos e benef\u00edcios da energia nuclear, incluindo seguran\u00e7a, quest\u00f5es ambientais e impacto na sa\u00fade p\u00fablica.<\/p>\n\n\n\n<p>Em termos de seguran\u00e7a, a gera\u00e7\u00e3o nuclear est\u00e1 dentre as que geram menor n\u00famero de fatalidades provocadas por MWh produzido, como mostram os relat\u00f3rios peri\u00f3dicos do Instituto Paul Scherer, da Su\u00ed\u00e7a. Quanto \u00e0s quest\u00f5es ambientais, \u00e9 aquela com maior densidade energ\u00e9tica e m\u00ednima \u201cpegada ecol\u00f3gica\u201d. Quanto ao impacto a sa\u00fade p\u00fablica, n\u00e3o emitem gases poluentes nocivos nem gases de efeito estufa produzidos pela queima de combust\u00edveis f\u00f3sseis. Resta o temor de acidentes severos que ocorrem com probabilidade \u00ednfima e decrescente na medida em que s\u00e3o incorporadas inova\u00e7\u00f5es tecnol\u00f3gicas, al\u00e9m do aumento da experi\u00eancia operacional.<\/p>\n\n\n\n<p>Cada vez mais, a energia nuclear vem desempenhando importante papel para a transi\u00e7\u00e3o energ\u00e9tica, no sentido da descarboniza\u00e7\u00e3o. O ur\u00e2nio ser\u00e1, sem d\u00favida, indispens\u00e1vel para uma transi\u00e7\u00e3o eficaz para o almejado \u201cnet zero\u201d. Resta estabelecer qual seria sua participa\u00e7\u00e3o nos sistemas el\u00e9tricos nacionais no futuro. Essa participa\u00e7\u00e3o ser\u00e1 maior na medida que os custos da nucleoeletricidade sejam reduzidos. Para isso, um grande investimento em SMR (<em>Small Modular Reactors<\/em>) vem sendo feito em praticamente todo o mundo.<\/p>\n\n\n\n<h6 class=\"wp-block-heading\" id=\"block-aa9ff8cf-f9c2-435f-85ff-56a599c37bc9\"><strong>*Leonam dos Santos Guimar\u00e3es \u00e9 coordenador do comit\u00ea de acompanhamento da implementa\u00e7\u00e3o de Angra 3 e ex-diretor-presidente da Eletronuclear (2017-2022).<\/strong><\/h6>\n\n\n\n<h5 class=\"wp-block-heading\" id=\"block-d67878ff-7627-4f15-b175-8f58269174ff\">O iNFRADebate \u00e9 o espa\u00e7o de artigos da Ag\u00eancia iNFRA com opini\u00f5es de seus atores que n\u00e3o refletem necessariamente o pensamento da Ag\u00eancia iNFRA, sendo de total responsabilidade do autor as informa\u00e7\u00f5es, ju\u00edzos de valor e conceitos descritos no texto.<\/h5>\n","protected":false},"excerpt":{"rendered":"<p>Leonam dos Santos Guimar\u00e3es* Os pre\u00e7os da energia el\u00e9trica gerada por usinas nucleares variam significativamente em diferentes pa\u00edses, dependendo de fatores como a tecnologia utilizada; a fonte de combust\u00edvel nuclear; a disponibilidade de recursos humanos, materiais e financeiros; os custos de constru\u00e7\u00e3o, opera\u00e7\u00e3o e manuten\u00e7\u00e3o; os custos regulat\u00f3rios; a demanda local por energia; e as [&hellip;]<\/p>\n","protected":false},"author":1,"featured_media":5748,"comment_status":"closed","ping_status":"closed","sticky":false,"template":"","format":"standard","meta":{"_monsterinsights_skip_tracking":false,"_monsterinsights_sitenote_active":false,"_monsterinsights_sitenote_note":"","_monsterinsights_sitenote_category":0,"footnotes":""},"categories":[1,11],"tags":[53,6557,6555,3361,327,25,651,849,6559,6556,212,6558,6560,1568],"class_list":["post-12432","post","type-post","status-publish","format-standard","has-post-thumbnail","hentry","category-geral","category-infradebate","tag-aneel","tag-angra","tag-comparativo","tag-descarbonizacao","tag-eletronuclear","tag-energia","tag-energia-nuclear","tag-meio-ambiente","tag-nucleoeletricidade","tag-paises","tag-preco","tag-small-modular-reactors","tag-smr","tag-tecnologia"],"yoast_head":"<!-- This site is optimized with the Yoast SEO Premium plugin v25.4 (Yoast SEO v26.0) - https:\/\/yoast.com\/wordpress\/plugins\/seo\/ -->\n<title>iNFRADebate: Energia nuclear - quanto custa afinal? - Ag\u00eancia iNFRA<\/title>\n<meta name=\"robots\" content=\"index, follow, max-snippet:-1, max-image-preview:large, max-video-preview:-1\" \/>\n<link rel=\"canonical\" href=\"https:\/\/agenciainfra.com\/blog\/infradebate-energia-nuclear-quanto-custa-afinal\/\" \/>\n<meta property=\"og:locale\" content=\"pt_BR\" \/>\n<meta property=\"og:type\" content=\"article\" \/>\n<meta property=\"og:title\" content=\"iNFRADebate: Energia nuclear - quanto custa afinal?\" \/>\n<meta property=\"og:description\" content=\"Leonam dos Santos Guimar\u00e3es* Os pre\u00e7os da energia el\u00e9trica gerada por usinas nucleares variam significativamente em diferentes pa\u00edses, dependendo de fatores como a tecnologia utilizada; a fonte de combust\u00edvel nuclear; a disponibilidade de recursos humanos, materiais e financeiros; os custos de constru\u00e7\u00e3o, opera\u00e7\u00e3o e manuten\u00e7\u00e3o; os custos regulat\u00f3rios; a demanda local por energia; e as [&hellip;]\" \/>\n<meta property=\"og:url\" content=\"https:\/\/agenciainfra.com\/blog\/infradebate-energia-nuclear-quanto-custa-afinal\/\" \/>\n<meta property=\"og:site_name\" content=\"Ag\u00eancia iNFRA\" \/>\n<meta property=\"article:publisher\" content=\"https:\/\/www.facebook.com\/ageninfra\" \/>\n<meta property=\"article:published_time\" content=\"2023-03-24T14:00:00+00:00\" \/>\n<meta property=\"article:modified_time\" content=\"2023-03-24T19:51:13+00:00\" \/>\n<meta property=\"og:image\" content=\"https:\/\/agenciainfra.com\/blog\/wp-content\/uploads\/2020\/08\/angra2-foto-eletronuclear.jpeg\" \/>\n\t<meta property=\"og:image:width\" content=\"1280\" \/>\n\t<meta property=\"og:image:height\" content=\"853\" \/>\n\t<meta property=\"og:image:type\" content=\"image\/jpeg\" \/>\n<meta name=\"author\" content=\"Ag\u00eancia iNFRA\" \/>\n<meta name=\"twitter:card\" content=\"summary_large_image\" \/>\n<meta name=\"twitter:creator\" content=\"@agencia_infra\" \/>\n<meta name=\"twitter:site\" content=\"@agencia_infra\" \/>\n<meta name=\"twitter:label1\" content=\"Escrito por\" \/>\n\t<meta name=\"twitter:data1\" content=\"Ag\u00eancia iNFRA\" \/>\n\t<meta name=\"twitter:label2\" content=\"Est. tempo de leitura\" \/>\n\t<meta name=\"twitter:data2\" content=\"5 minutos\" \/>\n<script type=\"application\/ld+json\" class=\"yoast-schema-graph\">{\"@context\":\"https:\/\/schema.org\",\"@graph\":[{\"@type\":\"Article\",\"@id\":\"https:\/\/agenciainfra.com\/blog\/infradebate-energia-nuclear-quanto-custa-afinal\/#article\",\"isPartOf\":{\"@id\":\"https:\/\/agenciainfra.com\/blog\/infradebate-energia-nuclear-quanto-custa-afinal\/\"},\"author\":{\"name\":\"Ag\u00eancia iNFRA\",\"@id\":\"https:\/\/agenciainfra.com\/blog\/#\/schema\/person\/34af08dff6adea4cb22b06612ba7acfa\"},\"headline\":\"iNFRADebate: Energia nuclear &#8211; quanto custa afinal?\",\"datePublished\":\"2023-03-24T14:00:00+00:00\",\"dateModified\":\"2023-03-24T19:51:13+00:00\",\"mainEntityOfPage\":{\"@id\":\"https:\/\/agenciainfra.com\/blog\/infradebate-energia-nuclear-quanto-custa-afinal\/\"},\"wordCount\":927,\"publisher\":{\"@id\":\"https:\/\/agenciainfra.com\/blog\/#organization\"},\"image\":{\"@id\":\"https:\/\/agenciainfra.com\/blog\/infradebate-energia-nuclear-quanto-custa-afinal\/#primaryimage\"},\"thumbnailUrl\":\"https:\/\/agenciainfra.com\/blog\/wp-content\/uploads\/2020\/08\/angra2-foto-eletronuclear.jpeg\",\"keywords\":[\"ANEEL\",\"Angra\",\"comparativo\",\"Descarboniza\u00e7\u00e3o\",\"Eletronuclear\",\"energia\",\"Energia Nuclear\",\"meio ambiente\",\"nucleoeletricidade\",\"pa\u00edses\",\"pre\u00e7o\",\"Small Modular Reactors\",\"SMR\",\"tecnologia\"],\"articleSection\":[\"Geral\",\"iNFRADebate\"],\"inLanguage\":\"pt-BR\",\"copyrightYear\":\"2023\",\"copyrightHolder\":{\"@id\":\"https:\/\/agenciainfra.com\/blog\/#organization\"}},{\"@type\":\"WebPage\",\"@id\":\"https:\/\/agenciainfra.com\/blog\/infradebate-energia-nuclear-quanto-custa-afinal\/\",\"url\":\"https:\/\/agenciainfra.com\/blog\/infradebate-energia-nuclear-quanto-custa-afinal\/\",\"name\":\"iNFRADebate: Energia nuclear - quanto custa afinal? - Ag\u00eancia iNFRA\",\"isPartOf\":{\"@id\":\"https:\/\/agenciainfra.com\/blog\/#website\"},\"primaryImageOfPage\":{\"@id\":\"https:\/\/agenciainfra.com\/blog\/infradebate-energia-nuclear-quanto-custa-afinal\/#primaryimage\"},\"image\":{\"@id\":\"https:\/\/agenciainfra.com\/blog\/infradebate-energia-nuclear-quanto-custa-afinal\/#primaryimage\"},\"thumbnailUrl\":\"https:\/\/agenciainfra.com\/blog\/wp-content\/uploads\/2020\/08\/angra2-foto-eletronuclear.jpeg\",\"datePublished\":\"2023-03-24T14:00:00+00:00\",\"dateModified\":\"2023-03-24T19:51:13+00:00\",\"breadcrumb\":{\"@id\":\"https:\/\/agenciainfra.com\/blog\/infradebate-energia-nuclear-quanto-custa-afinal\/#breadcrumb\"},\"inLanguage\":\"pt-BR\",\"potentialAction\":[{\"@type\":\"ReadAction\",\"target\":[\"https:\/\/agenciainfra.com\/blog\/infradebate-energia-nuclear-quanto-custa-afinal\/\"]}]},{\"@type\":\"ImageObject\",\"inLanguage\":\"pt-BR\",\"@id\":\"https:\/\/agenciainfra.com\/blog\/infradebate-energia-nuclear-quanto-custa-afinal\/#primaryimage\",\"url\":\"https:\/\/agenciainfra.com\/blog\/wp-content\/uploads\/2020\/08\/angra2-foto-eletronuclear.jpeg\",\"contentUrl\":\"https:\/\/agenciainfra.com\/blog\/wp-content\/uploads\/2020\/08\/angra2-foto-eletronuclear.jpeg\",\"width\":1280,\"height\":853},{\"@type\":\"BreadcrumbList\",\"@id\":\"https:\/\/agenciainfra.com\/blog\/infradebate-energia-nuclear-quanto-custa-afinal\/#breadcrumb\",\"itemListElement\":[{\"@type\":\"ListItem\",\"position\":1,\"name\":\"In\u00edcio\",\"item\":\"https:\/\/agenciainfra.com\/blog\/\"},{\"@type\":\"ListItem\",\"position\":2,\"name\":\"iNFRADebate: Energia nuclear &#8211; quanto custa afinal?\"}]},{\"@type\":\"WebSite\",\"@id\":\"https:\/\/agenciainfra.com\/blog\/#website\",\"url\":\"https:\/\/agenciainfra.com\/blog\/\",\"name\":\"Ag\u00eancia iNFRA\",\"description\":\"Multiplataforma de informa\u00e7\u00e3o jornal\u00edstica refer\u00eancia na \u00e1rea de infraestrutura no Brasil!\",\"publisher\":{\"@id\":\"https:\/\/agenciainfra.com\/blog\/#organization\"},\"potentialAction\":[{\"@type\":\"SearchAction\",\"target\":{\"@type\":\"EntryPoint\",\"urlTemplate\":\"https:\/\/agenciainfra.com\/blog\/?s={search_term_string}\"},\"query-input\":{\"@type\":\"PropertyValueSpecification\",\"valueRequired\":true,\"valueName\":\"search_term_string\"}}],\"inLanguage\":\"pt-BR\"},{\"@type\":\"Organization\",\"@id\":\"https:\/\/agenciainfra.com\/blog\/#organization\",\"name\":\"Ag\u00eancia iNFRA\",\"url\":\"https:\/\/agenciainfra.com\/blog\/\",\"logo\":{\"@type\":\"ImageObject\",\"inLanguage\":\"pt-BR\",\"@id\":\"https:\/\/agenciainfra.com\/blog\/#\/schema\/logo\/image\/\",\"url\":\"https:\/\/agenciainfra.com\/blog\/wp-content\/uploads\/2023\/09\/iNFRA_5-e1761735885940.png\",\"contentUrl\":\"https:\/\/agenciainfra.com\/blog\/wp-content\/uploads\/2023\/09\/iNFRA_5-e1761735885940.png\",\"width\":1672,\"height\":454,\"caption\":\"Ag\u00eancia iNFRA\"},\"image\":{\"@id\":\"https:\/\/agenciainfra.com\/blog\/#\/schema\/logo\/image\/\"},\"sameAs\":[\"https:\/\/www.facebook.com\/ageninfra\",\"https:\/\/x.com\/agencia_infra\",\"https:\/\/www.linkedin.com\/company\/ag\u00eanciainfra\/\",\"https:\/\/www.instagram.com\/agenciainfra\/\"]},{\"@type\":\"Person\",\"@id\":\"https:\/\/agenciainfra.com\/blog\/#\/schema\/person\/34af08dff6adea4cb22b06612ba7acfa\",\"name\":\"Ag\u00eancia iNFRA\",\"image\":{\"@type\":\"ImageObject\",\"inLanguage\":\"pt-BR\",\"@id\":\"https:\/\/agenciainfra.com\/blog\/#\/schema\/person\/image\/\",\"url\":\"https:\/\/secure.gravatar.com\/avatar\/d189e01678f06d8eb84d4e01f08eb848b3fffe3f8443818d3c356c66892f5be8?s=96&d=mm&r=g\",\"contentUrl\":\"https:\/\/secure.gravatar.com\/avatar\/d189e01678f06d8eb84d4e01f08eb848b3fffe3f8443818d3c356c66892f5be8?s=96&d=mm&r=g\",\"caption\":\"Ag\u00eancia iNFRA\"},\"url\":\"https:\/\/agenciainfra.com\/blog\/author\/admin\/\"}]}<\/script>\n<!-- \/ Yoast SEO Premium plugin. -->","yoast_head_json":{"title":"iNFRADebate: Energia nuclear - quanto custa afinal? - Ag\u00eancia iNFRA","robots":{"index":"index","follow":"follow","max-snippet":"max-snippet:-1","max-image-preview":"max-image-preview:large","max-video-preview":"max-video-preview:-1"},"canonical":"https:\/\/agenciainfra.com\/blog\/infradebate-energia-nuclear-quanto-custa-afinal\/","og_locale":"pt_BR","og_type":"article","og_title":"iNFRADebate: Energia nuclear - quanto custa afinal?","og_description":"Leonam dos Santos Guimar\u00e3es* Os pre\u00e7os da energia el\u00e9trica gerada por usinas nucleares variam significativamente em diferentes pa\u00edses, dependendo de fatores como a tecnologia utilizada; a fonte de combust\u00edvel nuclear; a disponibilidade de recursos humanos, materiais e financeiros; os custos de constru\u00e7\u00e3o, opera\u00e7\u00e3o e manuten\u00e7\u00e3o; os custos regulat\u00f3rios; a demanda local por energia; e as [&hellip;]","og_url":"https:\/\/agenciainfra.com\/blog\/infradebate-energia-nuclear-quanto-custa-afinal\/","og_site_name":"Ag\u00eancia iNFRA","article_publisher":"https:\/\/www.facebook.com\/ageninfra","article_published_time":"2023-03-24T14:00:00+00:00","article_modified_time":"2023-03-24T19:51:13+00:00","og_image":[{"width":1280,"height":853,"url":"https:\/\/agenciainfra.com\/blog\/wp-content\/uploads\/2020\/08\/angra2-foto-eletronuclear.jpeg","type":"image\/jpeg"}],"author":"Ag\u00eancia iNFRA","twitter_card":"summary_large_image","twitter_creator":"@agencia_infra","twitter_site":"@agencia_infra","twitter_misc":{"Escrito por":"Ag\u00eancia iNFRA","Est. tempo de leitura":"5 minutos"},"schema":{"@context":"https:\/\/schema.org","@graph":[{"@type":"Article","@id":"https:\/\/agenciainfra.com\/blog\/infradebate-energia-nuclear-quanto-custa-afinal\/#article","isPartOf":{"@id":"https:\/\/agenciainfra.com\/blog\/infradebate-energia-nuclear-quanto-custa-afinal\/"},"author":{"name":"Ag\u00eancia iNFRA","@id":"https:\/\/agenciainfra.com\/blog\/#\/schema\/person\/34af08dff6adea4cb22b06612ba7acfa"},"headline":"iNFRADebate: Energia nuclear &#8211; quanto custa afinal?","datePublished":"2023-03-24T14:00:00+00:00","dateModified":"2023-03-24T19:51:13+00:00","mainEntityOfPage":{"@id":"https:\/\/agenciainfra.com\/blog\/infradebate-energia-nuclear-quanto-custa-afinal\/"},"wordCount":927,"publisher":{"@id":"https:\/\/agenciainfra.com\/blog\/#organization"},"image":{"@id":"https:\/\/agenciainfra.com\/blog\/infradebate-energia-nuclear-quanto-custa-afinal\/#primaryimage"},"thumbnailUrl":"https:\/\/agenciainfra.com\/blog\/wp-content\/uploads\/2020\/08\/angra2-foto-eletronuclear.jpeg","keywords":["ANEEL","Angra","comparativo","Descarboniza\u00e7\u00e3o","Eletronuclear","energia","Energia Nuclear","meio ambiente","nucleoeletricidade","pa\u00edses","pre\u00e7o","Small Modular Reactors","SMR","tecnologia"],"articleSection":["Geral","iNFRADebate"],"inLanguage":"pt-BR","copyrightYear":"2023","copyrightHolder":{"@id":"https:\/\/agenciainfra.com\/blog\/#organization"}},{"@type":"WebPage","@id":"https:\/\/agenciainfra.com\/blog\/infradebate-energia-nuclear-quanto-custa-afinal\/","url":"https:\/\/agenciainfra.com\/blog\/infradebate-energia-nuclear-quanto-custa-afinal\/","name":"iNFRADebate: Energia nuclear - quanto custa afinal? - Ag\u00eancia iNFRA","isPartOf":{"@id":"https:\/\/agenciainfra.com\/blog\/#website"},"primaryImageOfPage":{"@id":"https:\/\/agenciainfra.com\/blog\/infradebate-energia-nuclear-quanto-custa-afinal\/#primaryimage"},"image":{"@id":"https:\/\/agenciainfra.com\/blog\/infradebate-energia-nuclear-quanto-custa-afinal\/#primaryimage"},"thumbnailUrl":"https:\/\/agenciainfra.com\/blog\/wp-content\/uploads\/2020\/08\/angra2-foto-eletronuclear.jpeg","datePublished":"2023-03-24T14:00:00+00:00","dateModified":"2023-03-24T19:51:13+00:00","breadcrumb":{"@id":"https:\/\/agenciainfra.com\/blog\/infradebate-energia-nuclear-quanto-custa-afinal\/#breadcrumb"},"inLanguage":"pt-BR","potentialAction":[{"@type":"ReadAction","target":["https:\/\/agenciainfra.com\/blog\/infradebate-energia-nuclear-quanto-custa-afinal\/"]}]},{"@type":"ImageObject","inLanguage":"pt-BR","@id":"https:\/\/agenciainfra.com\/blog\/infradebate-energia-nuclear-quanto-custa-afinal\/#primaryimage","url":"https:\/\/agenciainfra.com\/blog\/wp-content\/uploads\/2020\/08\/angra2-foto-eletronuclear.jpeg","contentUrl":"https:\/\/agenciainfra.com\/blog\/wp-content\/uploads\/2020\/08\/angra2-foto-eletronuclear.jpeg","width":1280,"height":853},{"@type":"BreadcrumbList","@id":"https:\/\/agenciainfra.com\/blog\/infradebate-energia-nuclear-quanto-custa-afinal\/#breadcrumb","itemListElement":[{"@type":"ListItem","position":1,"name":"In\u00edcio","item":"https:\/\/agenciainfra.com\/blog\/"},{"@type":"ListItem","position":2,"name":"iNFRADebate: Energia nuclear &#8211; quanto custa afinal?"}]},{"@type":"WebSite","@id":"https:\/\/agenciainfra.com\/blog\/#website","url":"https:\/\/agenciainfra.com\/blog\/","name":"Ag\u00eancia iNFRA","description":"Multiplataforma de informa\u00e7\u00e3o jornal\u00edstica refer\u00eancia na \u00e1rea de infraestrutura no Brasil!","publisher":{"@id":"https:\/\/agenciainfra.com\/blog\/#organization"},"potentialAction":[{"@type":"SearchAction","target":{"@type":"EntryPoint","urlTemplate":"https:\/\/agenciainfra.com\/blog\/?s={search_term_string}"},"query-input":{"@type":"PropertyValueSpecification","valueRequired":true,"valueName":"search_term_string"}}],"inLanguage":"pt-BR"},{"@type":"Organization","@id":"https:\/\/agenciainfra.com\/blog\/#organization","name":"Ag\u00eancia iNFRA","url":"https:\/\/agenciainfra.com\/blog\/","logo":{"@type":"ImageObject","inLanguage":"pt-BR","@id":"https:\/\/agenciainfra.com\/blog\/#\/schema\/logo\/image\/","url":"https:\/\/agenciainfra.com\/blog\/wp-content\/uploads\/2023\/09\/iNFRA_5-e1761735885940.png","contentUrl":"https:\/\/agenciainfra.com\/blog\/wp-content\/uploads\/2023\/09\/iNFRA_5-e1761735885940.png","width":1672,"height":454,"caption":"Ag\u00eancia iNFRA"},"image":{"@id":"https:\/\/agenciainfra.com\/blog\/#\/schema\/logo\/image\/"},"sameAs":["https:\/\/www.facebook.com\/ageninfra","https:\/\/x.com\/agencia_infra","https:\/\/www.linkedin.com\/company\/ag\u00eanciainfra\/","https:\/\/www.instagram.com\/agenciainfra\/"]},{"@type":"Person","@id":"https:\/\/agenciainfra.com\/blog\/#\/schema\/person\/34af08dff6adea4cb22b06612ba7acfa","name":"Ag\u00eancia iNFRA","image":{"@type":"ImageObject","inLanguage":"pt-BR","@id":"https:\/\/agenciainfra.com\/blog\/#\/schema\/person\/image\/","url":"https:\/\/secure.gravatar.com\/avatar\/d189e01678f06d8eb84d4e01f08eb848b3fffe3f8443818d3c356c66892f5be8?s=96&d=mm&r=g","contentUrl":"https:\/\/secure.gravatar.com\/avatar\/d189e01678f06d8eb84d4e01f08eb848b3fffe3f8443818d3c356c66892f5be8?s=96&d=mm&r=g","caption":"Ag\u00eancia iNFRA"},"url":"https:\/\/agenciainfra.com\/blog\/author\/admin\/"}]}},"_links":{"self":[{"href":"https:\/\/agenciainfra.com\/blog\/wp-json\/wp\/v2\/posts\/12432","targetHints":{"allow":["GET"]}}],"collection":[{"href":"https:\/\/agenciainfra.com\/blog\/wp-json\/wp\/v2\/posts"}],"about":[{"href":"https:\/\/agenciainfra.com\/blog\/wp-json\/wp\/v2\/types\/post"}],"author":[{"embeddable":true,"href":"https:\/\/agenciainfra.com\/blog\/wp-json\/wp\/v2\/users\/1"}],"replies":[{"embeddable":true,"href":"https:\/\/agenciainfra.com\/blog\/wp-json\/wp\/v2\/comments?post=12432"}],"version-history":[{"count":0,"href":"https:\/\/agenciainfra.com\/blog\/wp-json\/wp\/v2\/posts\/12432\/revisions"}],"wp:featuredmedia":[{"embeddable":true,"href":"https:\/\/agenciainfra.com\/blog\/wp-json\/wp\/v2\/media\/5748"}],"wp:attachment":[{"href":"https:\/\/agenciainfra.com\/blog\/wp-json\/wp\/v2\/media?parent=12432"}],"wp:term":[{"taxonomy":"category","embeddable":true,"href":"https:\/\/agenciainfra.com\/blog\/wp-json\/wp\/v2\/categories?post=12432"},{"taxonomy":"post_tag","embeddable":true,"href":"https:\/\/agenciainfra.com\/blog\/wp-json\/wp\/v2\/tags?post=12432"}],"curies":[{"name":"wp","href":"https:\/\/api.w.org\/{rel}","templated":true}]}}