{"id":12445,"date":"2023-03-28T09:00:00","date_gmt":"2023-03-28T12:00:00","guid":{"rendered":"https:\/\/www.agenciainfra.com\/blog\/?p=12445"},"modified":"2023-03-27T12:38:34","modified_gmt":"2023-03-27T15:38:34","slug":"tarifas-do-porto-de-vitoria-vao-baixar-12-em-media-garante-ceo-da-vports","status":"publish","type":"post","link":"https:\/\/agenciainfra.com\/blog\/tarifas-do-porto-de-vitoria-vao-baixar-12-em-media-garante-ceo-da-vports\/","title":{"rendered":"&#8220;Tarifas do porto de Vit\u00f3ria v\u00e3o baixar 12% em m\u00e9dia&#8221;, garante CEO da VPorts"},"content":{"rendered":"\n<p class=\"has-text-align-right\"><strong>Dimmi Amora,&nbsp;da&nbsp;Ag\u00eancia iNFRA<\/strong><\/p>\n\n\n\n<p>As\u00a0tarifas\u00a0do\u00a0Porto\u00a0de\u00a0Vit\u00f3ria\u00a0(ES)\u00a0v\u00e3o\u00a0ficar\u00a012% mais baixas,\u00a0na\u00a0m\u00e9dia, que a tabela atual a partir\u00a0de\u00a0maio. Para alguns servi\u00e7os e cargas, essa redu\u00e7\u00e3o pode chegar a 90%\u00a0do\u00a0valor atual.<br><br>Esse movimento \u00e9 para atrair mais carga para o\u00a0porto\u00a0p\u00fablico, que estava perdendo para a concorr\u00eancia dos TUPs (terminais\u00a0de\u00a0uso privado) na mesma regi\u00e3o, que tinham custos subsidiados na antiga estrutura tarif\u00e1ria\u00a0da\u00a0companhia docas que administrava o\u00a0porto.<br><br>\u00c9 o que\u00a0garante\u00a0Ilson Hulle,\u00a0CEO\u00a0da\u00a0VPorts, concession\u00e1ria que assumiu a opera\u00e7\u00e3o dos portos p\u00fablicos\u00a0do\u00a0estado no ano passado e que, ao divulgar a nova tabela na semana passada, viu-se numa crise\u00a0de\u00a0imagem por causa\u00a0de\u00a0uma interpreta\u00e7\u00e3o enviesada dada aos novos pre\u00e7os.<br><br>&#8220;O que estamos fazendo \u00e9 reduzir pre\u00e7o para atrair carga. O\u00a0porto\u00a0p\u00fablico estava num movimento\u00a0de\u00a0perder carga por conta das suas altas taxas. Fizemos a nova tabela para reduzir custos e aumentar a competitividade&#8221;, disse Ilson\u00a0em\u00a0entrevista \u00e0\u00a0<strong>Ag\u00eancia iNFRA<\/strong>.<br><br>Apesar\u00a0de\u00a0redu\u00e7\u00e3o\u00a0m\u00e9dia\u00a0de\u00a012% para os usu\u00e1rios e\u00a0de\u00a046%\u00a0em\u00a0m\u00e9dia\u00a0na chamada Tabela I, que \u00e9 a\u00a0de\u00a0acesso aquavi\u00e1rio, paga pelos navios, a primeira not\u00edcia divulgada na imprensa local pin\u00e7ou um item\u00a0da\u00a0tabela para dizer que haveria aumentos\u00a0de\u00a01.800% nos custos. Esse\u00a0item, o \u00fanico que foi reajustado nesse patamar, \u00e9 uma cobran\u00e7a espec\u00edfica pelo uso\u00a0do\u00a0VTMIS (Vessel Traffic Management Information System), um sistema\u00a0de\u00a0monitoramento\u00a0da\u00a0ba\u00eda\u00a0de\u00a0Vit\u00f3ria.<br><br><strong>Determina\u00e7\u00e3o\u00a0da\u00a0Marinha<\/strong><br>Por determina\u00e7\u00e3o\u00a0da\u00a0Marinha, todos os navios que entram na ba\u00eda\u00a0de\u00a0Vit\u00f3ria\u00a0t\u00eam que usar o VTMIS, e a Codesa (Companhia Docas\u00a0do\u00a0Esp\u00edrito Santo) era autorizada a cobrar por isso. Os navios que\u00a0v\u00e3o\u00a0para o\u00a0porto\u00a0p\u00fablico pagam o VTMIS na Tabela I, a que ter\u00e1 redu\u00e7\u00e3o\u00a0m\u00e9dia\u00a0de\u00a046%. Ou seja, para esses, o\u00a0custo vai cair.<br><br>Os TUPs pagam uma tarifa espec\u00edfica\u00a0de\u00a0uso\u00a0do\u00a0VTMIS que estava na casa dos R$ 1,1 mil por navio, n\u00e3o importando o tamanho\u00a0do\u00a0navio.\u00a0De\u00a0acordo com Ilson, ao assumir o\u00a0porto\u00a0e analisar a tabela, verificou-se que os usu\u00e1rios\u00a0do\u00a0porto\u00a0pagavam 90%\u00a0da\u00a0conta\u00a0do\u00a0VTMIS, e os dos TUPs, 10%.<br><br>Mas os navios que usam o\u00a0porto\u00a0s\u00e3o menores que os que usam TUP (20 mil a 30 mil toneladas contra 110 mil a 120 mil dos navios que\u00a0v\u00e3o\u00a0ao TUP) e ficam menos tempo na ba\u00eda (at\u00e9 dois dias contra 10 a 15 dias nos TUPs). Para inverter a l\u00f3gica, o valor a ser pago pelos TUPs passar\u00e1 a R$ 18,7 mil, o que segundo Ilson est\u00e1\u00a0em\u00a0linha com os principais portos\u00a0do\u00a0mundo.<br><br><strong>Custo irris\u00f3rio<\/strong><br>Os navios que\u00a0v\u00e3o\u00a0para os TUPs s\u00e3o\u00a0de\u00a0grandes empresas como Vale, Gerdau, Usiminas, Arcelor Mittal e VLI.\u00a0Rodrigo Braga, diretor jur\u00eddico, regulat\u00f3rio e institucional\u00a0da\u00a0Vports, explicou que a situa\u00e7\u00e3o entre os navios que usam o\u00a0TUP\u00a0e o terminal p\u00fablico \u00e9 desigual e, por isso, deve\u00a0ser tratada dessa forma.\u00a0<br><br>&#8220;S\u00e3o situa\u00e7\u00f5es completamente diferentes [navios\u00a0de\u00a0porte bruto maiores nos TUPs], consumindo mais\u00a0do\u00a0sistema. Eu tenho que tratar\u00a0de\u00a0maneira diferente. N\u00e3o \u00e9 justo um subs\u00eddio cruzado\u00a0em\u00a0que o menor subsidia o maior&#8221;, explicou o diretor, lembrando que esse custo \u00e9 irris\u00f3rio para navios que chegam a transportar mais\u00a0de\u00a0US$ 200 milh\u00f5es\u00a0(valor das cargas).<br><br>Com a corre\u00e7\u00e3o\u00a0do\u00a0que a empresa chamou\u00a0de\u00a0subs\u00eddio cruzado, Ilson espera que o\u00a0porto\u00a0de\u00a0Vit\u00f3ria, que segue sendo p\u00fablico e est\u00e1 concedido por 30 anos \u00e0 empresa, possa reduzir a perda\u00a0de\u00a0cargas para TUPs que se instalaram na regi\u00e3o. Uma carga cuja Tabela I vai cair 64%, o granito, tinha parcialmente migrado para TUPs. Mesma preocupa\u00e7\u00e3o com os cont\u00eaineres, que\u00a0v\u00e3o\u00a0ter a Tabela I reduzida\u00a0em\u00a046%. Para incentivar navios\u00a0de\u00a0trigo, a redu\u00e7\u00e3o foi\u00a0de\u00a090%.<br><br>&#8220;Esperamos que os armadores agora repassem essas redu\u00e7\u00e3o dos custos para os usu\u00e1rios&#8221;, disse Ilson.<br><br><strong>Preju\u00edzo aos usu\u00e1rios<\/strong><br>Outra preocupa\u00e7\u00e3o \u00e9 com a entrada\u00a0em\u00a0vigor\u00a0da\u00a0tabela. O\u00a0CEO\u00a0da\u00a0Vports\u00a0explicou que n\u00e3o havia expectativa\u00a0da\u00a0companhia\u00a0de\u00a0iniciar a cobran\u00e7a antes\u00a0de\u00a017\u00a0de\u00a0maio, data at\u00e9 a qual a ANTAQ (Ag\u00eancia Nacional\u00a0de\u00a0Transportes Aquavi\u00e1rios)\u00a0<a rel=\"noreferrer noopener\" href=\"https:\/\/agenciainfra.us14.list-manage.com\/track\/click?u=d460dd1bcf9ba0ae040e1fc0f&amp;id=3bec4130f1&amp;e=f0fa444791\" target=\"_blank\">decidiu suspender<\/a>\u00a0os efeitos\u00a0da\u00a0nova tabela. Por isso, n\u00e3o h\u00e1 preju\u00edzo aos usu\u00e1rios\u00a0do\u00a0porto\u00a0at\u00e9 o momento.<br><br>Segundo Ilson, se a nova tabela n\u00e3o entrar\u00a0em\u00a0vigor at\u00e9 17\u00a0de\u00a0maio, os navios que\u00a0v\u00e3o\u00a0para o\u00a0porto\u00a0p\u00fablico\u00a0v\u00e3o\u00a0pagar pela tabela antiga, mais cara. Pelos c\u00e1lculos dele, somente os navios\u00a0do\u00a0segmento\u00a0de\u00a0cont\u00eaineres pagariam R$ 3 milh\u00f5es a mais por ano pela antiga.<br><br><strong>&#8220;Quem joga contra, joga contra o\u00a0porto\u00a0p\u00fablico&#8221;<\/strong><br>Tamb\u00e9m \u00e9 preocupa\u00e7\u00e3o a narrativa pol\u00edtica\u00a0de\u00a0que o terminal concedido est\u00e1 aumentando pre\u00e7os, o que pode prejudicar a competitividade\u00a0do\u00a0terminal\u00a0em\u00a0rela\u00e7\u00e3o aos concorrentes que s\u00e3o totalmente privados. No contrato\u00a0de\u00a0concess\u00e3o\u00a0do\u00a0porto, houve uma forte preocupa\u00e7\u00e3o\u00a0de\u00a0n\u00e3o elevar custos aos usu\u00e1rios e, por isso, as\u00a0tarifas\u00a0de\u00a0uso foram reguladas com um complexo sistema que considera valores\u00a0de\u00a0cobran\u00e7a e\u00a0de\u00a0arrecada\u00e7\u00e3o e limites\u00a0de\u00a0dispers\u00e3o.<br><br>&#8220;H\u00e1 toda a narrativa\u00a0de\u00a0que o\u00a0porto\u00a0vai perder produtos, vai ter desemprego e infla\u00e7\u00e3o. Mas \u00e9 ao contr\u00e1rio. Fizemos isso para o\u00a0porto\u00a0p\u00fablico ficar competitivo. Quem joga contra, joga contra o\u00a0porto\u00a0p\u00fablico&#8221;, disse o\u00a0CEO\u00a0da\u00a0Vports.<\/p>\n","protected":false},"excerpt":{"rendered":"<p>Dimmi Amora,&nbsp;da&nbsp;Ag\u00eancia iNFRA As\u00a0tarifas\u00a0do\u00a0Porto\u00a0de\u00a0Vit\u00f3ria\u00a0(ES)\u00a0v\u00e3o\u00a0ficar\u00a012% mais baixas,\u00a0na\u00a0m\u00e9dia, que a tabela atual a partir\u00a0de\u00a0maio. Para alguns servi\u00e7os e cargas, essa redu\u00e7\u00e3o pode chegar a 90%\u00a0do\u00a0valor atual. Esse movimento \u00e9 para atrair mais carga para o\u00a0porto\u00a0p\u00fablico, que estava perdendo para a concorr\u00eancia dos TUPs (terminais\u00a0de\u00a0uso privado) na mesma regi\u00e3o, que tinham custos subsidiados na antiga estrutura tarif\u00e1ria\u00a0da\u00a0companhia docas [&hellip;]<\/p>\n","protected":false},"author":1,"featured_media":6958,"comment_status":"closed","ping_status":"closed","sticky":false,"template":"","format":"standard","meta":{"_monsterinsights_skip_tracking":false,"_monsterinsights_sitenote_active":false,"_monsterinsights_sitenote_note":"","_monsterinsights_sitenote_category":0,"footnotes":""},"categories":[1,7],"tags":[],"class_list":["post-12445","post","type-post","status-publish","format-standard","has-post-thumbnail","hentry","category-geral","category-infratransporte"],"yoast_head":"<!-- This site is optimized with the Yoast SEO Premium plugin v25.4 (Yoast SEO v26.0) - https:\/\/yoast.com\/wordpress\/plugins\/seo\/ -->\n<title>&quot;Tarifas do porto de Vit\u00f3ria v\u00e3o baixar 12% em m\u00e9dia&quot;, garante CEO da VPorts - Ag\u00eancia iNFRA<\/title>\n<meta name=\"robots\" content=\"index, follow, max-snippet:-1, max-image-preview:large, max-video-preview:-1\" \/>\n<link rel=\"canonical\" href=\"https:\/\/agenciainfra.com\/blog\/tarifas-do-porto-de-vitoria-vao-baixar-12-em-media-garante-ceo-da-vports\/\" \/>\n<meta property=\"og:locale\" content=\"pt_BR\" \/>\n<meta property=\"og:type\" content=\"article\" \/>\n<meta property=\"og:title\" content=\"&quot;Tarifas do porto de Vit\u00f3ria v\u00e3o baixar 12% em m\u00e9dia&quot;, garante CEO da VPorts\" \/>\n<meta property=\"og:description\" content=\"Dimmi Amora,&nbsp;da&nbsp;Ag\u00eancia iNFRA As\u00a0tarifas\u00a0do\u00a0Porto\u00a0de\u00a0Vit\u00f3ria\u00a0(ES)\u00a0v\u00e3o\u00a0ficar\u00a012% mais baixas,\u00a0na\u00a0m\u00e9dia, que a tabela atual a partir\u00a0de\u00a0maio. Para alguns servi\u00e7os e cargas, essa redu\u00e7\u00e3o pode chegar a 90%\u00a0do\u00a0valor atual. Esse movimento \u00e9 para atrair mais carga para o\u00a0porto\u00a0p\u00fablico, que estava perdendo para a concorr\u00eancia dos TUPs (terminais\u00a0de\u00a0uso privado) na mesma regi\u00e3o, que tinham custos subsidiados na antiga estrutura tarif\u00e1ria\u00a0da\u00a0companhia docas [&hellip;]\" \/>\n<meta property=\"og:url\" content=\"https:\/\/agenciainfra.com\/blog\/tarifas-do-porto-de-vitoria-vao-baixar-12-em-media-garante-ceo-da-vports\/\" \/>\n<meta property=\"og:site_name\" content=\"Ag\u00eancia iNFRA\" \/>\n<meta property=\"article:publisher\" content=\"https:\/\/www.facebook.com\/ageninfra\" \/>\n<meta property=\"article:published_time\" content=\"2023-03-28T12:00:00+00:00\" \/>\n<meta property=\"og:image\" content=\"https:\/\/agenciainfra.com\/blog\/wp-content\/uploads\/2021\/03\/codesa-foto-codesa.jpeg\" \/>\n\t<meta property=\"og:image:width\" content=\"1280\" \/>\n\t<meta property=\"og:image:height\" content=\"857\" \/>\n\t<meta property=\"og:image:type\" content=\"image\/jpeg\" \/>\n<meta name=\"author\" content=\"Ag\u00eancia iNFRA\" \/>\n<meta name=\"twitter:card\" content=\"summary_large_image\" \/>\n<meta name=\"twitter:creator\" content=\"@agencia_infra\" \/>\n<meta name=\"twitter:site\" content=\"@agencia_infra\" \/>\n<meta name=\"twitter:label1\" content=\"Escrito por\" \/>\n\t<meta name=\"twitter:data1\" content=\"Ag\u00eancia iNFRA\" \/>\n\t<meta name=\"twitter:label2\" content=\"Est. tempo de leitura\" \/>\n\t<meta name=\"twitter:data2\" content=\"5 minutos\" \/>\n<script type=\"application\/ld+json\" class=\"yoast-schema-graph\">{\"@context\":\"https:\/\/schema.org\",\"@graph\":[{\"@type\":\"Article\",\"@id\":\"https:\/\/agenciainfra.com\/blog\/tarifas-do-porto-de-vitoria-vao-baixar-12-em-media-garante-ceo-da-vports\/#article\",\"isPartOf\":{\"@id\":\"https:\/\/agenciainfra.com\/blog\/tarifas-do-porto-de-vitoria-vao-baixar-12-em-media-garante-ceo-da-vports\/\"},\"author\":{\"name\":\"Ag\u00eancia iNFRA\",\"@id\":\"https:\/\/agenciainfra.com\/blog\/#\/schema\/person\/34af08dff6adea4cb22b06612ba7acfa\"},\"headline\":\"&#8220;Tarifas do porto de Vit\u00f3ria v\u00e3o baixar 12% em m\u00e9dia&#8221;, garante CEO da VPorts\",\"datePublished\":\"2023-03-28T12:00:00+00:00\",\"mainEntityOfPage\":{\"@id\":\"https:\/\/agenciainfra.com\/blog\/tarifas-do-porto-de-vitoria-vao-baixar-12-em-media-garante-ceo-da-vports\/\"},\"wordCount\":974,\"publisher\":{\"@id\":\"https:\/\/agenciainfra.com\/blog\/#organization\"},\"image\":{\"@id\":\"https:\/\/agenciainfra.com\/blog\/tarifas-do-porto-de-vitoria-vao-baixar-12-em-media-garante-ceo-da-vports\/#primaryimage\"},\"thumbnailUrl\":\"https:\/\/agenciainfra.com\/blog\/wp-content\/uploads\/2021\/03\/codesa-foto-codesa.jpeg\",\"articleSection\":[\"Geral\",\"iNFRATransporte\"],\"inLanguage\":\"pt-BR\",\"copyrightYear\":\"2023\",\"copyrightHolder\":{\"@id\":\"https:\/\/agenciainfra.com\/blog\/#organization\"}},{\"@type\":\"WebPage\",\"@id\":\"https:\/\/agenciainfra.com\/blog\/tarifas-do-porto-de-vitoria-vao-baixar-12-em-media-garante-ceo-da-vports\/\",\"url\":\"https:\/\/agenciainfra.com\/blog\/tarifas-do-porto-de-vitoria-vao-baixar-12-em-media-garante-ceo-da-vports\/\",\"name\":\"\\\"Tarifas do porto de Vit\u00f3ria v\u00e3o baixar 12% em m\u00e9dia\\\", garante CEO da VPorts - Ag\u00eancia iNFRA\",\"isPartOf\":{\"@id\":\"https:\/\/agenciainfra.com\/blog\/#website\"},\"primaryImageOfPage\":{\"@id\":\"https:\/\/agenciainfra.com\/blog\/tarifas-do-porto-de-vitoria-vao-baixar-12-em-media-garante-ceo-da-vports\/#primaryimage\"},\"image\":{\"@id\":\"https:\/\/agenciainfra.com\/blog\/tarifas-do-porto-de-vitoria-vao-baixar-12-em-media-garante-ceo-da-vports\/#primaryimage\"},\"thumbnailUrl\":\"https:\/\/agenciainfra.com\/blog\/wp-content\/uploads\/2021\/03\/codesa-foto-codesa.jpeg\",\"datePublished\":\"2023-03-28T12:00:00+00:00\",\"breadcrumb\":{\"@id\":\"https:\/\/agenciainfra.com\/blog\/tarifas-do-porto-de-vitoria-vao-baixar-12-em-media-garante-ceo-da-vports\/#breadcrumb\"},\"inLanguage\":\"pt-BR\",\"potentialAction\":[{\"@type\":\"ReadAction\",\"target\":[\"https:\/\/agenciainfra.com\/blog\/tarifas-do-porto-de-vitoria-vao-baixar-12-em-media-garante-ceo-da-vports\/\"]}]},{\"@type\":\"ImageObject\",\"inLanguage\":\"pt-BR\",\"@id\":\"https:\/\/agenciainfra.com\/blog\/tarifas-do-porto-de-vitoria-vao-baixar-12-em-media-garante-ceo-da-vports\/#primaryimage\",\"url\":\"https:\/\/agenciainfra.com\/blog\/wp-content\/uploads\/2021\/03\/codesa-foto-codesa.jpeg\",\"contentUrl\":\"https:\/\/agenciainfra.com\/blog\/wp-content\/uploads\/2021\/03\/codesa-foto-codesa.jpeg\",\"width\":1280,\"height\":857},{\"@type\":\"BreadcrumbList\",\"@id\":\"https:\/\/agenciainfra.com\/blog\/tarifas-do-porto-de-vitoria-vao-baixar-12-em-media-garante-ceo-da-vports\/#breadcrumb\",\"itemListElement\":[{\"@type\":\"ListItem\",\"position\":1,\"name\":\"In\u00edcio\",\"item\":\"https:\/\/agenciainfra.com\/blog\/\"},{\"@type\":\"ListItem\",\"position\":2,\"name\":\"&#8220;Tarifas do porto de Vit\u00f3ria v\u00e3o baixar 12% em m\u00e9dia&#8221;, garante CEO da VPorts\"}]},{\"@type\":\"WebSite\",\"@id\":\"https:\/\/agenciainfra.com\/blog\/#website\",\"url\":\"https:\/\/agenciainfra.com\/blog\/\",\"name\":\"Ag\u00eancia iNFRA\",\"description\":\"Multiplataforma de informa\u00e7\u00e3o jornal\u00edstica refer\u00eancia na \u00e1rea de infraestrutura no Brasil!\",\"publisher\":{\"@id\":\"https:\/\/agenciainfra.com\/blog\/#organization\"},\"potentialAction\":[{\"@type\":\"SearchAction\",\"target\":{\"@type\":\"EntryPoint\",\"urlTemplate\":\"https:\/\/agenciainfra.com\/blog\/?s={search_term_string}\"},\"query-input\":{\"@type\":\"PropertyValueSpecification\",\"valueRequired\":true,\"valueName\":\"search_term_string\"}}],\"inLanguage\":\"pt-BR\"},{\"@type\":\"Organization\",\"@id\":\"https:\/\/agenciainfra.com\/blog\/#organization\",\"name\":\"Ag\u00eancia iNFRA\",\"url\":\"https:\/\/agenciainfra.com\/blog\/\",\"logo\":{\"@type\":\"ImageObject\",\"inLanguage\":\"pt-BR\",\"@id\":\"https:\/\/agenciainfra.com\/blog\/#\/schema\/logo\/image\/\",\"url\":\"https:\/\/agenciainfra.com\/blog\/wp-content\/uploads\/2023\/09\/iNFRA_5-e1761735885940.png\",\"contentUrl\":\"https:\/\/agenciainfra.com\/blog\/wp-content\/uploads\/2023\/09\/iNFRA_5-e1761735885940.png\",\"width\":1672,\"height\":454,\"caption\":\"Ag\u00eancia iNFRA\"},\"image\":{\"@id\":\"https:\/\/agenciainfra.com\/blog\/#\/schema\/logo\/image\/\"},\"sameAs\":[\"https:\/\/www.facebook.com\/ageninfra\",\"https:\/\/x.com\/agencia_infra\",\"https:\/\/www.linkedin.com\/company\/ag\u00eanciainfra\/\",\"https:\/\/www.instagram.com\/agenciainfra\/\"]},{\"@type\":\"Person\",\"@id\":\"https:\/\/agenciainfra.com\/blog\/#\/schema\/person\/34af08dff6adea4cb22b06612ba7acfa\",\"name\":\"Ag\u00eancia iNFRA\",\"image\":{\"@type\":\"ImageObject\",\"inLanguage\":\"pt-BR\",\"@id\":\"https:\/\/agenciainfra.com\/blog\/#\/schema\/person\/image\/\",\"url\":\"https:\/\/secure.gravatar.com\/avatar\/d189e01678f06d8eb84d4e01f08eb848b3fffe3f8443818d3c356c66892f5be8?s=96&d=mm&r=g\",\"contentUrl\":\"https:\/\/secure.gravatar.com\/avatar\/d189e01678f06d8eb84d4e01f08eb848b3fffe3f8443818d3c356c66892f5be8?s=96&d=mm&r=g\",\"caption\":\"Ag\u00eancia iNFRA\"},\"url\":\"https:\/\/agenciainfra.com\/blog\/author\/admin\/\"}]}<\/script>\n<!-- \/ Yoast SEO Premium plugin. -->","yoast_head_json":{"title":"\"Tarifas do porto de Vit\u00f3ria v\u00e3o baixar 12% em m\u00e9dia\", garante CEO da VPorts - Ag\u00eancia iNFRA","robots":{"index":"index","follow":"follow","max-snippet":"max-snippet:-1","max-image-preview":"max-image-preview:large","max-video-preview":"max-video-preview:-1"},"canonical":"https:\/\/agenciainfra.com\/blog\/tarifas-do-porto-de-vitoria-vao-baixar-12-em-media-garante-ceo-da-vports\/","og_locale":"pt_BR","og_type":"article","og_title":"\"Tarifas do porto de Vit\u00f3ria v\u00e3o baixar 12% em m\u00e9dia\", garante CEO da VPorts","og_description":"Dimmi Amora,&nbsp;da&nbsp;Ag\u00eancia iNFRA As\u00a0tarifas\u00a0do\u00a0Porto\u00a0de\u00a0Vit\u00f3ria\u00a0(ES)\u00a0v\u00e3o\u00a0ficar\u00a012% mais baixas,\u00a0na\u00a0m\u00e9dia, que a tabela atual a partir\u00a0de\u00a0maio. Para alguns servi\u00e7os e cargas, essa redu\u00e7\u00e3o pode chegar a 90%\u00a0do\u00a0valor atual. Esse movimento \u00e9 para atrair mais carga para o\u00a0porto\u00a0p\u00fablico, que estava perdendo para a concorr\u00eancia dos TUPs (terminais\u00a0de\u00a0uso privado) na mesma regi\u00e3o, que tinham custos subsidiados na antiga estrutura tarif\u00e1ria\u00a0da\u00a0companhia docas [&hellip;]","og_url":"https:\/\/agenciainfra.com\/blog\/tarifas-do-porto-de-vitoria-vao-baixar-12-em-media-garante-ceo-da-vports\/","og_site_name":"Ag\u00eancia iNFRA","article_publisher":"https:\/\/www.facebook.com\/ageninfra","article_published_time":"2023-03-28T12:00:00+00:00","og_image":[{"width":1280,"height":857,"url":"https:\/\/agenciainfra.com\/blog\/wp-content\/uploads\/2021\/03\/codesa-foto-codesa.jpeg","type":"image\/jpeg"}],"author":"Ag\u00eancia iNFRA","twitter_card":"summary_large_image","twitter_creator":"@agencia_infra","twitter_site":"@agencia_infra","twitter_misc":{"Escrito por":"Ag\u00eancia iNFRA","Est. tempo de leitura":"5 minutos"},"schema":{"@context":"https:\/\/schema.org","@graph":[{"@type":"Article","@id":"https:\/\/agenciainfra.com\/blog\/tarifas-do-porto-de-vitoria-vao-baixar-12-em-media-garante-ceo-da-vports\/#article","isPartOf":{"@id":"https:\/\/agenciainfra.com\/blog\/tarifas-do-porto-de-vitoria-vao-baixar-12-em-media-garante-ceo-da-vports\/"},"author":{"name":"Ag\u00eancia iNFRA","@id":"https:\/\/agenciainfra.com\/blog\/#\/schema\/person\/34af08dff6adea4cb22b06612ba7acfa"},"headline":"&#8220;Tarifas do porto de Vit\u00f3ria v\u00e3o baixar 12% em m\u00e9dia&#8221;, garante CEO da VPorts","datePublished":"2023-03-28T12:00:00+00:00","mainEntityOfPage":{"@id":"https:\/\/agenciainfra.com\/blog\/tarifas-do-porto-de-vitoria-vao-baixar-12-em-media-garante-ceo-da-vports\/"},"wordCount":974,"publisher":{"@id":"https:\/\/agenciainfra.com\/blog\/#organization"},"image":{"@id":"https:\/\/agenciainfra.com\/blog\/tarifas-do-porto-de-vitoria-vao-baixar-12-em-media-garante-ceo-da-vports\/#primaryimage"},"thumbnailUrl":"https:\/\/agenciainfra.com\/blog\/wp-content\/uploads\/2021\/03\/codesa-foto-codesa.jpeg","articleSection":["Geral","iNFRATransporte"],"inLanguage":"pt-BR","copyrightYear":"2023","copyrightHolder":{"@id":"https:\/\/agenciainfra.com\/blog\/#organization"}},{"@type":"WebPage","@id":"https:\/\/agenciainfra.com\/blog\/tarifas-do-porto-de-vitoria-vao-baixar-12-em-media-garante-ceo-da-vports\/","url":"https:\/\/agenciainfra.com\/blog\/tarifas-do-porto-de-vitoria-vao-baixar-12-em-media-garante-ceo-da-vports\/","name":"\"Tarifas do porto de Vit\u00f3ria v\u00e3o baixar 12% em m\u00e9dia\", garante CEO da VPorts - Ag\u00eancia iNFRA","isPartOf":{"@id":"https:\/\/agenciainfra.com\/blog\/#website"},"primaryImageOfPage":{"@id":"https:\/\/agenciainfra.com\/blog\/tarifas-do-porto-de-vitoria-vao-baixar-12-em-media-garante-ceo-da-vports\/#primaryimage"},"image":{"@id":"https:\/\/agenciainfra.com\/blog\/tarifas-do-porto-de-vitoria-vao-baixar-12-em-media-garante-ceo-da-vports\/#primaryimage"},"thumbnailUrl":"https:\/\/agenciainfra.com\/blog\/wp-content\/uploads\/2021\/03\/codesa-foto-codesa.jpeg","datePublished":"2023-03-28T12:00:00+00:00","breadcrumb":{"@id":"https:\/\/agenciainfra.com\/blog\/tarifas-do-porto-de-vitoria-vao-baixar-12-em-media-garante-ceo-da-vports\/#breadcrumb"},"inLanguage":"pt-BR","potentialAction":[{"@type":"ReadAction","target":["https:\/\/agenciainfra.com\/blog\/tarifas-do-porto-de-vitoria-vao-baixar-12-em-media-garante-ceo-da-vports\/"]}]},{"@type":"ImageObject","inLanguage":"pt-BR","@id":"https:\/\/agenciainfra.com\/blog\/tarifas-do-porto-de-vitoria-vao-baixar-12-em-media-garante-ceo-da-vports\/#primaryimage","url":"https:\/\/agenciainfra.com\/blog\/wp-content\/uploads\/2021\/03\/codesa-foto-codesa.jpeg","contentUrl":"https:\/\/agenciainfra.com\/blog\/wp-content\/uploads\/2021\/03\/codesa-foto-codesa.jpeg","width":1280,"height":857},{"@type":"BreadcrumbList","@id":"https:\/\/agenciainfra.com\/blog\/tarifas-do-porto-de-vitoria-vao-baixar-12-em-media-garante-ceo-da-vports\/#breadcrumb","itemListElement":[{"@type":"ListItem","position":1,"name":"In\u00edcio","item":"https:\/\/agenciainfra.com\/blog\/"},{"@type":"ListItem","position":2,"name":"&#8220;Tarifas do porto de Vit\u00f3ria v\u00e3o baixar 12% em m\u00e9dia&#8221;, garante CEO da VPorts"}]},{"@type":"WebSite","@id":"https:\/\/agenciainfra.com\/blog\/#website","url":"https:\/\/agenciainfra.com\/blog\/","name":"Ag\u00eancia iNFRA","description":"Multiplataforma de informa\u00e7\u00e3o jornal\u00edstica refer\u00eancia na \u00e1rea de infraestrutura no Brasil!","publisher":{"@id":"https:\/\/agenciainfra.com\/blog\/#organization"},"potentialAction":[{"@type":"SearchAction","target":{"@type":"EntryPoint","urlTemplate":"https:\/\/agenciainfra.com\/blog\/?s={search_term_string}"},"query-input":{"@type":"PropertyValueSpecification","valueRequired":true,"valueName":"search_term_string"}}],"inLanguage":"pt-BR"},{"@type":"Organization","@id":"https:\/\/agenciainfra.com\/blog\/#organization","name":"Ag\u00eancia iNFRA","url":"https:\/\/agenciainfra.com\/blog\/","logo":{"@type":"ImageObject","inLanguage":"pt-BR","@id":"https:\/\/agenciainfra.com\/blog\/#\/schema\/logo\/image\/","url":"https:\/\/agenciainfra.com\/blog\/wp-content\/uploads\/2023\/09\/iNFRA_5-e1761735885940.png","contentUrl":"https:\/\/agenciainfra.com\/blog\/wp-content\/uploads\/2023\/09\/iNFRA_5-e1761735885940.png","width":1672,"height":454,"caption":"Ag\u00eancia iNFRA"},"image":{"@id":"https:\/\/agenciainfra.com\/blog\/#\/schema\/logo\/image\/"},"sameAs":["https:\/\/www.facebook.com\/ageninfra","https:\/\/x.com\/agencia_infra","https:\/\/www.linkedin.com\/company\/ag\u00eanciainfra\/","https:\/\/www.instagram.com\/agenciainfra\/"]},{"@type":"Person","@id":"https:\/\/agenciainfra.com\/blog\/#\/schema\/person\/34af08dff6adea4cb22b06612ba7acfa","name":"Ag\u00eancia iNFRA","image":{"@type":"ImageObject","inLanguage":"pt-BR","@id":"https:\/\/agenciainfra.com\/blog\/#\/schema\/person\/image\/","url":"https:\/\/secure.gravatar.com\/avatar\/d189e01678f06d8eb84d4e01f08eb848b3fffe3f8443818d3c356c66892f5be8?s=96&d=mm&r=g","contentUrl":"https:\/\/secure.gravatar.com\/avatar\/d189e01678f06d8eb84d4e01f08eb848b3fffe3f8443818d3c356c66892f5be8?s=96&d=mm&r=g","caption":"Ag\u00eancia iNFRA"},"url":"https:\/\/agenciainfra.com\/blog\/author\/admin\/"}]}},"_links":{"self":[{"href":"https:\/\/agenciainfra.com\/blog\/wp-json\/wp\/v2\/posts\/12445","targetHints":{"allow":["GET"]}}],"collection":[{"href":"https:\/\/agenciainfra.com\/blog\/wp-json\/wp\/v2\/posts"}],"about":[{"href":"https:\/\/agenciainfra.com\/blog\/wp-json\/wp\/v2\/types\/post"}],"author":[{"embeddable":true,"href":"https:\/\/agenciainfra.com\/blog\/wp-json\/wp\/v2\/users\/1"}],"replies":[{"embeddable":true,"href":"https:\/\/agenciainfra.com\/blog\/wp-json\/wp\/v2\/comments?post=12445"}],"version-history":[{"count":0,"href":"https:\/\/agenciainfra.com\/blog\/wp-json\/wp\/v2\/posts\/12445\/revisions"}],"wp:featuredmedia":[{"embeddable":true,"href":"https:\/\/agenciainfra.com\/blog\/wp-json\/wp\/v2\/media\/6958"}],"wp:attachment":[{"href":"https:\/\/agenciainfra.com\/blog\/wp-json\/wp\/v2\/media?parent=12445"}],"wp:term":[{"taxonomy":"category","embeddable":true,"href":"https:\/\/agenciainfra.com\/blog\/wp-json\/wp\/v2\/categories?post=12445"},{"taxonomy":"post_tag","embeddable":true,"href":"https:\/\/agenciainfra.com\/blog\/wp-json\/wp\/v2\/tags?post=12445"}],"curies":[{"name":"wp","href":"https:\/\/api.w.org\/{rel}","templated":true}]}}