{"id":12465,"date":"2023-04-01T09:00:00","date_gmt":"2023-04-01T12:00:00","guid":{"rendered":"https:\/\/www.agenciainfra.com\/blog\/?p=12465"},"modified":"2023-03-31T13:02:19","modified_gmt":"2023-03-31T16:02:19","slug":"antaq-prepara-rodada-de-leiloes-de-terminais-portuarios-enquanto-aguarda-definicao-sobre-concessoes-de-portos","status":"publish","type":"post","link":"https:\/\/agenciainfra.com\/blog\/antaq-prepara-rodada-de-leiloes-de-terminais-portuarios-enquanto-aguarda-definicao-sobre-concessoes-de-portos\/","title":{"rendered":"ANTAQ prepara rodada de leil\u00f5es de terminais portu\u00e1rios enquanto aguarda defini\u00e7\u00e3o sobre concess\u00f5es de portos"},"content":{"rendered":"\n<p class=\"has-text-align-right\"><strong>Dimmi Amora e Jenifer Ribeiro, da Ag\u00eancia iNFRA*<\/strong><\/p>\n\n\n\n<p>Os\u00a0leil\u00f5es\u00a0de arrendamentos\u00a0de\u00a0portos\u00a0federais devem ser retomados pelo governo ainda neste semestre, informou o diretor-geral da\u00a0ANTAQ\u00a0(Ag\u00eancia Nacional de Transportes Aquavi\u00e1rios), Eduardo Nery.<br><br>Os\u00a0terminais\u00a0MAC11, MAC11A e MAC12, todos de gran\u00e9is l\u00edquidos em Macei\u00f3 (AL), devem ter seus editais liberados at\u00e9 a pr\u00f3xima semana pela diretoria da ag\u00eancia, com previs\u00e3o de leil\u00e3o at\u00e9 julho. Os investimentos estimados nesses tr\u00eas\u00a0terminais\u00a0s\u00e3o da ordem de R$ 110 milh\u00f5es.<br><br>H\u00e1 ainda a expectativa de lan\u00e7ar o arrendamento do terminal POA01, no porto de Rio Grande (RS), de granel s\u00f3lido vegetal. Esse terminal tem investimentos de R$ 17 milh\u00f5es para um contrato simplificado, de 10 anos. O terminal de passageiros do Porto de Fortaleza (CE) tamb\u00e9m deve ser leiloado nessa leva.<br><br>Segundo Nery, a APPA (Administra\u00e7\u00e3o dos\u00a0Portos\u00a0de Paranagu\u00e1 e Antonina) tamb\u00e9m planeja fazer o leil\u00e3o do terminal de gran\u00e9is vegetais PAR09, no mesmo per\u00edodo. Trata-se de um arrendamento de grande porte, com investimentos estimados na faixa dos R$ 500 milh\u00f5es.<br><br>Nery explicou que esse leil\u00e3o foi adiado recentemente, mas que est\u00e3o sendo feitos ajustes e se ampliando o prazo de estudos para que seja poss\u00edvel ter interessados nessa disputa at\u00e9 o meio do ano.<br><br>Nos anos de 2020 e 2021 houve um elevado n\u00famero de\u00a0leil\u00f5es\u00a0de\u00a0terminais\u00a0portu\u00e1rios, 23 no total, de acordo com o site da ag\u00eancia. Em 2022, esse n\u00famero diminuiu e foram conclu\u00eddos dois arrendamentos, um deles j\u00e1 neste ano, o arrendamento do terminal PAR50, no porto de Paranagu\u00e1 (PR).\u00a0<br><br>No caso do PAR50, o leil\u00e3o segue em disputa. O deputado federal Tadeu Veneri (PT-PR) fez um pedido para a\u00a0ANTAQ\u00a0de suspens\u00e3o cautelar do leil\u00e3o. Ele alega que os dados do edital estavam defasados e isso prejudicou a disputa. A ag\u00eancia reguladora diz em nota que a representa\u00e7\u00e3o ser\u00e1 analisada pela superintend\u00eancia e pela diretoria.<br><br><strong>Incentivo para mais arrendamentos<\/strong><br>O\u00a0<a rel=\"noreferrer noopener\" href=\"https:\/\/agenciainfra.us14.list-manage.com\/track\/click?u=d460dd1bcf9ba0ae040e1fc0f&amp;id=80e7932557&amp;e=f0fa444791\" target=\"_blank\">site da ag\u00eancia<\/a>\u00a0n\u00e3o registra\u00a0leil\u00f5es\u00a0em andamento no momento. Parte da redu\u00e7\u00e3o de arrendamentos a partir de 2022 deve-se \u00e0 pol\u00edtica do governo anterior de priorizar a concess\u00e3o dos\u00a0portos, com venda das companhias docas federais. O governo conseguiu concluir em 2022 a licita\u00e7\u00e3o para a concess\u00e3o dos\u00a0portos\u00a0do Esp\u00edrito Santo e havia conclu\u00eddo estudos para fazer os de Itaja\u00ed (SC), S\u00e3o Sebasti\u00e3o (SP) e Santos (SP).<br><br>Em Santos, por exemplo, dois grandes esperados arrendamentos, os\u00a0terminais\u00a0STS10 (cont\u00eaineres) e STS53 (fertilizantes), tinham estudos conclu\u00eddos, mas foram interrompidos j\u00e1 na an\u00e1lise do TCU (Tribunal de Contas da Uni\u00e3o) porque a decis\u00e3o foi passar as \u00e1reas para a futura concession\u00e1ria do porto.<br><br>Com a decis\u00e3o do atual governo de n\u00e3o seguir mais a pol\u00edtica de concess\u00e3o de\u00a0portos\u00a0p\u00fablicos com venda das companhias docas, a tend\u00eancia \u00e9 que os\u00a0leil\u00f5es\u00a0de arrendamento sejam retomados.<br><br>Novos arrendamentos est\u00e3o entrando em processo de consulta p\u00fablica. \u00c9 o caso do ITG02,\u00a0no porto de Itagua\u00ed (RJ), com uma estimativa de investimentos na ordem de R$ 3 bilh\u00f5es nos primeiros anos de contrato e capacidade para movimentar 20 milh\u00f5es de toneladas por ano. A\u00a0ANTAQ\u00a0decidiu pela abertura de consulta p\u00fablica na semana passada. A expectativa da PortosRio,\u00a0companhia docas respons\u00e1vel pelo porto, \u00e9 de que, com esse terminal, Itagua\u00ed passe a ser o maior polo exportador de min\u00e9rio no pa\u00eds.<br><br><strong>Concess\u00f5es\u00a0indefinidas<\/strong><br>Sobre\u00a0as\u00a0concess\u00f5es\u00a0portu\u00e1rias de Itaja\u00ed e S\u00e3o Sebasti\u00e3o, aprovadas no TCU, o diretor-geral explicou que as reuni\u00f5es entre a ag\u00eancia e a Secretaria de\u00a0Portos\u00a0do minist\u00e9rio para definir como ser\u00e1 a modelagem das parcerias dentro das novas diretrizes do governo est\u00e3o em andamento, mas ainda sem\u00a0defini\u00e7\u00e3o.\u00a0<br><br>Sobre\u00a0S\u00e3o Sebasti\u00e3o, ainda n\u00e3o h\u00e1 conversas iniciadas, disse o diretor. J\u00e1 em rela\u00e7\u00e3o a Santos, Nery tamb\u00e9m afirmou que \u00e9 necess\u00e1rio esperar a\u00a0defini\u00e7\u00e3o\u00a0de pol\u00edticas p\u00fablicas para o porto para definir as formas como ser\u00e3o feitas as modelagens de poss\u00edveis parcerias e novos arrendamentos.<br><br><strong>Guia de Sustentabilidade Portu\u00e1ria<\/strong><br>As declara\u00e7\u00f5es do diretor-geral aconteceram no lan\u00e7amento, na \u00faltima ter\u00e7a-feira (28), do Guia de Melhores Pr\u00e1ticas de Sustentabilidade Portu\u00e1ria, produzido pela ATP (Associa\u00e7\u00e3o de\u00a0Terminais\u00a0Portu\u00e1rios\u00a0Privados), o primeiro do g\u00eanero no pa\u00eds. O guia est\u00e1\u00a0<a rel=\"noreferrer noopener\" href=\"https:\/\/agenciainfra.us14.list-manage.com\/track\/click?u=d460dd1bcf9ba0ae040e1fc0f&amp;id=d322157a35&amp;e=f0fa444791\" target=\"_blank\">neste link<\/a>.<br><br>No evento, o diretor-geral da ag\u00eancia anunciou que tamb\u00e9m deve ser votada na pr\u00f3xima reuni\u00e3o de diretoria a aprova\u00e7\u00e3o de um guia para orientar os\u00a0portos\u00a0brasileiros em rela\u00e7\u00e3o a estudos\u00a0sobre\u00a0impactos de mudan\u00e7as clim\u00e1ticas em suas regi\u00f5es.<br><br><strong>Mudan\u00e7as clim\u00e1ticas e transi\u00e7\u00e3o energ\u00e9tica<\/strong><br>Nery explicou que, no ano passado, a ag\u00eancia fez um estudo espec\u00edfico\u00a0sobre\u00a0impactos das mudan\u00e7as clim\u00e1ticas para tr\u00eas\u00a0portos, Aratu (BA), Santos (SP) e Rio Grande (RS). O novo guia ficar\u00e1 como material para que as autoridades portu\u00e1rias possam usar a mesma metodologia para fazer avalia\u00e7\u00e3o em suas \u00e1reas.<br><br>O diretor tamb\u00e9m afirmou que est\u00e1 em elabora\u00e7\u00e3o pela ag\u00eancia um diagn\u00f3stico\u00a0sobre\u00a0como os\u00a0portos\u00a0brasileiros est\u00e3o se preparando para a transi\u00e7\u00e3o energ\u00e9tica, incluindo avalia\u00e7\u00f5es\u00a0sobre\u00a0uso de novos combust\u00edveis, impacto de e\u00f3licas offshore, e produ\u00e7\u00e3o e movimenta\u00e7\u00e3o de hidrog\u00eanio.<\/p>\n","protected":false},"excerpt":{"rendered":"<p>Dimmi Amora e Jenifer Ribeiro, da Ag\u00eancia iNFRA* Os\u00a0leil\u00f5es\u00a0de arrendamentos\u00a0de\u00a0portos\u00a0federais devem ser retomados pelo governo ainda neste semestre, informou o diretor-geral da\u00a0ANTAQ\u00a0(Ag\u00eancia Nacional de Transportes Aquavi\u00e1rios), Eduardo Nery. Os\u00a0terminais\u00a0MAC11, MAC11A e MAC12, todos de gran\u00e9is l\u00edquidos em Macei\u00f3 (AL), devem ter seus editais liberados at\u00e9 a pr\u00f3xima semana pela diretoria da ag\u00eancia, com previs\u00e3o de [&hellip;]<\/p>\n","protected":false},"author":1,"featured_media":6302,"comment_status":"closed","ping_status":"closed","sticky":false,"template":"","format":"standard","meta":{"_monsterinsights_skip_tracking":false,"_monsterinsights_sitenote_active":false,"_monsterinsights_sitenote_note":"","_monsterinsights_sitenote_category":0,"footnotes":""},"categories":[1,7],"tags":[],"class_list":["post-12465","post","type-post","status-publish","format-standard","has-post-thumbnail","hentry","category-geral","category-infratransporte"],"yoast_head":"<!-- This site is optimized with the Yoast SEO Premium plugin v25.4 (Yoast SEO v26.0) - https:\/\/yoast.com\/wordpress\/plugins\/seo\/ -->\n<title>ANTAQ prepara rodada de leil\u00f5es de terminais portu\u00e1rios enquanto aguarda defini\u00e7\u00e3o sobre concess\u00f5es de portos - Ag\u00eancia iNFRA<\/title>\n<meta name=\"robots\" content=\"index, follow, max-snippet:-1, max-image-preview:large, max-video-preview:-1\" \/>\n<link rel=\"canonical\" href=\"https:\/\/agenciainfra.com\/blog\/antaq-prepara-rodada-de-leiloes-de-terminais-portuarios-enquanto-aguarda-definicao-sobre-concessoes-de-portos\/\" \/>\n<meta property=\"og:locale\" content=\"pt_BR\" \/>\n<meta property=\"og:type\" content=\"article\" \/>\n<meta property=\"og:title\" content=\"ANTAQ prepara rodada de leil\u00f5es de terminais portu\u00e1rios enquanto aguarda defini\u00e7\u00e3o sobre concess\u00f5es de portos\" \/>\n<meta property=\"og:description\" content=\"Dimmi Amora e Jenifer Ribeiro, da Ag\u00eancia iNFRA* Os\u00a0leil\u00f5es\u00a0de arrendamentos\u00a0de\u00a0portos\u00a0federais devem ser retomados pelo governo ainda neste semestre, informou o diretor-geral da\u00a0ANTAQ\u00a0(Ag\u00eancia Nacional de Transportes Aquavi\u00e1rios), Eduardo Nery. Os\u00a0terminais\u00a0MAC11, MAC11A e MAC12, todos de gran\u00e9is l\u00edquidos em Macei\u00f3 (AL), devem ter seus editais liberados at\u00e9 a pr\u00f3xima semana pela diretoria da ag\u00eancia, com previs\u00e3o de [&hellip;]\" \/>\n<meta property=\"og:url\" content=\"https:\/\/agenciainfra.com\/blog\/antaq-prepara-rodada-de-leiloes-de-terminais-portuarios-enquanto-aguarda-definicao-sobre-concessoes-de-portos\/\" \/>\n<meta property=\"og:site_name\" content=\"Ag\u00eancia iNFRA\" \/>\n<meta property=\"article:publisher\" content=\"https:\/\/www.facebook.com\/ageninfra\" \/>\n<meta property=\"article:published_time\" content=\"2023-04-01T12:00:00+00:00\" \/>\n<meta property=\"og:image\" content=\"https:\/\/agenciainfra.com\/blog\/wp-content\/uploads\/2020\/11\/eduardo-nery-foto-marcos-oliveira-agencia-senado.jpg\" \/>\n\t<meta property=\"og:image:width\" content=\"1280\" \/>\n\t<meta property=\"og:image:height\" content=\"854\" \/>\n\t<meta property=\"og:image:type\" content=\"image\/jpeg\" \/>\n<meta name=\"author\" content=\"Ag\u00eancia iNFRA\" \/>\n<meta name=\"twitter:card\" content=\"summary_large_image\" \/>\n<meta name=\"twitter:creator\" content=\"@agencia_infra\" \/>\n<meta name=\"twitter:site\" content=\"@agencia_infra\" \/>\n<meta name=\"twitter:label1\" content=\"Escrito por\" \/>\n\t<meta name=\"twitter:data1\" content=\"Ag\u00eancia iNFRA\" \/>\n\t<meta name=\"twitter:label2\" content=\"Est. tempo de leitura\" \/>\n\t<meta name=\"twitter:data2\" content=\"5 minutos\" \/>\n<script type=\"application\/ld+json\" class=\"yoast-schema-graph\">{\"@context\":\"https:\/\/schema.org\",\"@graph\":[{\"@type\":\"Article\",\"@id\":\"https:\/\/agenciainfra.com\/blog\/antaq-prepara-rodada-de-leiloes-de-terminais-portuarios-enquanto-aguarda-definicao-sobre-concessoes-de-portos\/#article\",\"isPartOf\":{\"@id\":\"https:\/\/agenciainfra.com\/blog\/antaq-prepara-rodada-de-leiloes-de-terminais-portuarios-enquanto-aguarda-definicao-sobre-concessoes-de-portos\/\"},\"author\":{\"name\":\"Ag\u00eancia iNFRA\",\"@id\":\"https:\/\/agenciainfra.com\/blog\/#\/schema\/person\/34af08dff6adea4cb22b06612ba7acfa\"},\"headline\":\"ANTAQ prepara rodada de leil\u00f5es de terminais portu\u00e1rios enquanto aguarda defini\u00e7\u00e3o sobre concess\u00f5es de portos\",\"datePublished\":\"2023-04-01T12:00:00+00:00\",\"mainEntityOfPage\":{\"@id\":\"https:\/\/agenciainfra.com\/blog\/antaq-prepara-rodada-de-leiloes-de-terminais-portuarios-enquanto-aguarda-definicao-sobre-concessoes-de-portos\/\"},\"wordCount\":956,\"publisher\":{\"@id\":\"https:\/\/agenciainfra.com\/blog\/#organization\"},\"image\":{\"@id\":\"https:\/\/agenciainfra.com\/blog\/antaq-prepara-rodada-de-leiloes-de-terminais-portuarios-enquanto-aguarda-definicao-sobre-concessoes-de-portos\/#primaryimage\"},\"thumbnailUrl\":\"https:\/\/agenciainfra.com\/blog\/wp-content\/uploads\/2020\/11\/eduardo-nery-foto-marcos-oliveira-agencia-senado.jpg\",\"articleSection\":[\"Geral\",\"iNFRATransporte\"],\"inLanguage\":\"pt-BR\",\"copyrightYear\":\"2023\",\"copyrightHolder\":{\"@id\":\"https:\/\/agenciainfra.com\/blog\/#organization\"}},{\"@type\":\"WebPage\",\"@id\":\"https:\/\/agenciainfra.com\/blog\/antaq-prepara-rodada-de-leiloes-de-terminais-portuarios-enquanto-aguarda-definicao-sobre-concessoes-de-portos\/\",\"url\":\"https:\/\/agenciainfra.com\/blog\/antaq-prepara-rodada-de-leiloes-de-terminais-portuarios-enquanto-aguarda-definicao-sobre-concessoes-de-portos\/\",\"name\":\"ANTAQ prepara rodada de leil\u00f5es de terminais portu\u00e1rios enquanto aguarda defini\u00e7\u00e3o sobre concess\u00f5es de portos - Ag\u00eancia iNFRA\",\"isPartOf\":{\"@id\":\"https:\/\/agenciainfra.com\/blog\/#website\"},\"primaryImageOfPage\":{\"@id\":\"https:\/\/agenciainfra.com\/blog\/antaq-prepara-rodada-de-leiloes-de-terminais-portuarios-enquanto-aguarda-definicao-sobre-concessoes-de-portos\/#primaryimage\"},\"image\":{\"@id\":\"https:\/\/agenciainfra.com\/blog\/antaq-prepara-rodada-de-leiloes-de-terminais-portuarios-enquanto-aguarda-definicao-sobre-concessoes-de-portos\/#primaryimage\"},\"thumbnailUrl\":\"https:\/\/agenciainfra.com\/blog\/wp-content\/uploads\/2020\/11\/eduardo-nery-foto-marcos-oliveira-agencia-senado.jpg\",\"datePublished\":\"2023-04-01T12:00:00+00:00\",\"breadcrumb\":{\"@id\":\"https:\/\/agenciainfra.com\/blog\/antaq-prepara-rodada-de-leiloes-de-terminais-portuarios-enquanto-aguarda-definicao-sobre-concessoes-de-portos\/#breadcrumb\"},\"inLanguage\":\"pt-BR\",\"potentialAction\":[{\"@type\":\"ReadAction\",\"target\":[\"https:\/\/agenciainfra.com\/blog\/antaq-prepara-rodada-de-leiloes-de-terminais-portuarios-enquanto-aguarda-definicao-sobre-concessoes-de-portos\/\"]}]},{\"@type\":\"ImageObject\",\"inLanguage\":\"pt-BR\",\"@id\":\"https:\/\/agenciainfra.com\/blog\/antaq-prepara-rodada-de-leiloes-de-terminais-portuarios-enquanto-aguarda-definicao-sobre-concessoes-de-portos\/#primaryimage\",\"url\":\"https:\/\/agenciainfra.com\/blog\/wp-content\/uploads\/2020\/11\/eduardo-nery-foto-marcos-oliveira-agencia-senado.jpg\",\"contentUrl\":\"https:\/\/agenciainfra.com\/blog\/wp-content\/uploads\/2020\/11\/eduardo-nery-foto-marcos-oliveira-agencia-senado.jpg\",\"width\":1280,\"height\":854,\"caption\":\"Foto: Marcos Oliveira\/Ag\u00eancia Senado\"},{\"@type\":\"BreadcrumbList\",\"@id\":\"https:\/\/agenciainfra.com\/blog\/antaq-prepara-rodada-de-leiloes-de-terminais-portuarios-enquanto-aguarda-definicao-sobre-concessoes-de-portos\/#breadcrumb\",\"itemListElement\":[{\"@type\":\"ListItem\",\"position\":1,\"name\":\"In\u00edcio\",\"item\":\"https:\/\/agenciainfra.com\/blog\/\"},{\"@type\":\"ListItem\",\"position\":2,\"name\":\"ANTAQ prepara rodada de leil\u00f5es de terminais portu\u00e1rios enquanto aguarda defini\u00e7\u00e3o sobre concess\u00f5es de portos\"}]},{\"@type\":\"WebSite\",\"@id\":\"https:\/\/agenciainfra.com\/blog\/#website\",\"url\":\"https:\/\/agenciainfra.com\/blog\/\",\"name\":\"Ag\u00eancia iNFRA\",\"description\":\"Multiplataforma de informa\u00e7\u00e3o jornal\u00edstica refer\u00eancia na \u00e1rea de infraestrutura no Brasil!\",\"publisher\":{\"@id\":\"https:\/\/agenciainfra.com\/blog\/#organization\"},\"potentialAction\":[{\"@type\":\"SearchAction\",\"target\":{\"@type\":\"EntryPoint\",\"urlTemplate\":\"https:\/\/agenciainfra.com\/blog\/?s={search_term_string}\"},\"query-input\":{\"@type\":\"PropertyValueSpecification\",\"valueRequired\":true,\"valueName\":\"search_term_string\"}}],\"inLanguage\":\"pt-BR\"},{\"@type\":\"Organization\",\"@id\":\"https:\/\/agenciainfra.com\/blog\/#organization\",\"name\":\"Ag\u00eancia iNFRA\",\"url\":\"https:\/\/agenciainfra.com\/blog\/\",\"logo\":{\"@type\":\"ImageObject\",\"inLanguage\":\"pt-BR\",\"@id\":\"https:\/\/agenciainfra.com\/blog\/#\/schema\/logo\/image\/\",\"url\":\"https:\/\/agenciainfra.com\/blog\/wp-content\/uploads\/2023\/09\/iNFRA_5-e1761735885940.png\",\"contentUrl\":\"https:\/\/agenciainfra.com\/blog\/wp-content\/uploads\/2023\/09\/iNFRA_5-e1761735885940.png\",\"width\":1672,\"height\":454,\"caption\":\"Ag\u00eancia iNFRA\"},\"image\":{\"@id\":\"https:\/\/agenciainfra.com\/blog\/#\/schema\/logo\/image\/\"},\"sameAs\":[\"https:\/\/www.facebook.com\/ageninfra\",\"https:\/\/x.com\/agencia_infra\",\"https:\/\/www.linkedin.com\/company\/ag\u00eanciainfra\/\",\"https:\/\/www.instagram.com\/agenciainfra\/\"]},{\"@type\":\"Person\",\"@id\":\"https:\/\/agenciainfra.com\/blog\/#\/schema\/person\/34af08dff6adea4cb22b06612ba7acfa\",\"name\":\"Ag\u00eancia iNFRA\",\"image\":{\"@type\":\"ImageObject\",\"inLanguage\":\"pt-BR\",\"@id\":\"https:\/\/agenciainfra.com\/blog\/#\/schema\/person\/image\/\",\"url\":\"https:\/\/secure.gravatar.com\/avatar\/d189e01678f06d8eb84d4e01f08eb848b3fffe3f8443818d3c356c66892f5be8?s=96&d=mm&r=g\",\"contentUrl\":\"https:\/\/secure.gravatar.com\/avatar\/d189e01678f06d8eb84d4e01f08eb848b3fffe3f8443818d3c356c66892f5be8?s=96&d=mm&r=g\",\"caption\":\"Ag\u00eancia iNFRA\"},\"url\":\"https:\/\/agenciainfra.com\/blog\/author\/admin\/\"}]}<\/script>\n<!-- \/ Yoast SEO Premium plugin. -->","yoast_head_json":{"title":"ANTAQ prepara rodada de leil\u00f5es de terminais portu\u00e1rios enquanto aguarda defini\u00e7\u00e3o sobre concess\u00f5es de portos - Ag\u00eancia iNFRA","robots":{"index":"index","follow":"follow","max-snippet":"max-snippet:-1","max-image-preview":"max-image-preview:large","max-video-preview":"max-video-preview:-1"},"canonical":"https:\/\/agenciainfra.com\/blog\/antaq-prepara-rodada-de-leiloes-de-terminais-portuarios-enquanto-aguarda-definicao-sobre-concessoes-de-portos\/","og_locale":"pt_BR","og_type":"article","og_title":"ANTAQ prepara rodada de leil\u00f5es de terminais portu\u00e1rios enquanto aguarda defini\u00e7\u00e3o sobre concess\u00f5es de portos","og_description":"Dimmi Amora e Jenifer Ribeiro, da Ag\u00eancia iNFRA* Os\u00a0leil\u00f5es\u00a0de arrendamentos\u00a0de\u00a0portos\u00a0federais devem ser retomados pelo governo ainda neste semestre, informou o diretor-geral da\u00a0ANTAQ\u00a0(Ag\u00eancia Nacional de Transportes Aquavi\u00e1rios), Eduardo Nery. Os\u00a0terminais\u00a0MAC11, MAC11A e MAC12, todos de gran\u00e9is l\u00edquidos em Macei\u00f3 (AL), devem ter seus editais liberados at\u00e9 a pr\u00f3xima semana pela diretoria da ag\u00eancia, com previs\u00e3o de [&hellip;]","og_url":"https:\/\/agenciainfra.com\/blog\/antaq-prepara-rodada-de-leiloes-de-terminais-portuarios-enquanto-aguarda-definicao-sobre-concessoes-de-portos\/","og_site_name":"Ag\u00eancia iNFRA","article_publisher":"https:\/\/www.facebook.com\/ageninfra","article_published_time":"2023-04-01T12:00:00+00:00","og_image":[{"width":1280,"height":854,"url":"https:\/\/agenciainfra.com\/blog\/wp-content\/uploads\/2020\/11\/eduardo-nery-foto-marcos-oliveira-agencia-senado.jpg","type":"image\/jpeg"}],"author":"Ag\u00eancia iNFRA","twitter_card":"summary_large_image","twitter_creator":"@agencia_infra","twitter_site":"@agencia_infra","twitter_misc":{"Escrito por":"Ag\u00eancia iNFRA","Est. tempo de leitura":"5 minutos"},"schema":{"@context":"https:\/\/schema.org","@graph":[{"@type":"Article","@id":"https:\/\/agenciainfra.com\/blog\/antaq-prepara-rodada-de-leiloes-de-terminais-portuarios-enquanto-aguarda-definicao-sobre-concessoes-de-portos\/#article","isPartOf":{"@id":"https:\/\/agenciainfra.com\/blog\/antaq-prepara-rodada-de-leiloes-de-terminais-portuarios-enquanto-aguarda-definicao-sobre-concessoes-de-portos\/"},"author":{"name":"Ag\u00eancia iNFRA","@id":"https:\/\/agenciainfra.com\/blog\/#\/schema\/person\/34af08dff6adea4cb22b06612ba7acfa"},"headline":"ANTAQ prepara rodada de leil\u00f5es de terminais portu\u00e1rios enquanto aguarda defini\u00e7\u00e3o sobre concess\u00f5es de portos","datePublished":"2023-04-01T12:00:00+00:00","mainEntityOfPage":{"@id":"https:\/\/agenciainfra.com\/blog\/antaq-prepara-rodada-de-leiloes-de-terminais-portuarios-enquanto-aguarda-definicao-sobre-concessoes-de-portos\/"},"wordCount":956,"publisher":{"@id":"https:\/\/agenciainfra.com\/blog\/#organization"},"image":{"@id":"https:\/\/agenciainfra.com\/blog\/antaq-prepara-rodada-de-leiloes-de-terminais-portuarios-enquanto-aguarda-definicao-sobre-concessoes-de-portos\/#primaryimage"},"thumbnailUrl":"https:\/\/agenciainfra.com\/blog\/wp-content\/uploads\/2020\/11\/eduardo-nery-foto-marcos-oliveira-agencia-senado.jpg","articleSection":["Geral","iNFRATransporte"],"inLanguage":"pt-BR","copyrightYear":"2023","copyrightHolder":{"@id":"https:\/\/agenciainfra.com\/blog\/#organization"}},{"@type":"WebPage","@id":"https:\/\/agenciainfra.com\/blog\/antaq-prepara-rodada-de-leiloes-de-terminais-portuarios-enquanto-aguarda-definicao-sobre-concessoes-de-portos\/","url":"https:\/\/agenciainfra.com\/blog\/antaq-prepara-rodada-de-leiloes-de-terminais-portuarios-enquanto-aguarda-definicao-sobre-concessoes-de-portos\/","name":"ANTAQ prepara rodada de leil\u00f5es de terminais portu\u00e1rios enquanto aguarda defini\u00e7\u00e3o sobre concess\u00f5es de portos - Ag\u00eancia iNFRA","isPartOf":{"@id":"https:\/\/agenciainfra.com\/blog\/#website"},"primaryImageOfPage":{"@id":"https:\/\/agenciainfra.com\/blog\/antaq-prepara-rodada-de-leiloes-de-terminais-portuarios-enquanto-aguarda-definicao-sobre-concessoes-de-portos\/#primaryimage"},"image":{"@id":"https:\/\/agenciainfra.com\/blog\/antaq-prepara-rodada-de-leiloes-de-terminais-portuarios-enquanto-aguarda-definicao-sobre-concessoes-de-portos\/#primaryimage"},"thumbnailUrl":"https:\/\/agenciainfra.com\/blog\/wp-content\/uploads\/2020\/11\/eduardo-nery-foto-marcos-oliveira-agencia-senado.jpg","datePublished":"2023-04-01T12:00:00+00:00","breadcrumb":{"@id":"https:\/\/agenciainfra.com\/blog\/antaq-prepara-rodada-de-leiloes-de-terminais-portuarios-enquanto-aguarda-definicao-sobre-concessoes-de-portos\/#breadcrumb"},"inLanguage":"pt-BR","potentialAction":[{"@type":"ReadAction","target":["https:\/\/agenciainfra.com\/blog\/antaq-prepara-rodada-de-leiloes-de-terminais-portuarios-enquanto-aguarda-definicao-sobre-concessoes-de-portos\/"]}]},{"@type":"ImageObject","inLanguage":"pt-BR","@id":"https:\/\/agenciainfra.com\/blog\/antaq-prepara-rodada-de-leiloes-de-terminais-portuarios-enquanto-aguarda-definicao-sobre-concessoes-de-portos\/#primaryimage","url":"https:\/\/agenciainfra.com\/blog\/wp-content\/uploads\/2020\/11\/eduardo-nery-foto-marcos-oliveira-agencia-senado.jpg","contentUrl":"https:\/\/agenciainfra.com\/blog\/wp-content\/uploads\/2020\/11\/eduardo-nery-foto-marcos-oliveira-agencia-senado.jpg","width":1280,"height":854,"caption":"Foto: Marcos Oliveira\/Ag\u00eancia Senado"},{"@type":"BreadcrumbList","@id":"https:\/\/agenciainfra.com\/blog\/antaq-prepara-rodada-de-leiloes-de-terminais-portuarios-enquanto-aguarda-definicao-sobre-concessoes-de-portos\/#breadcrumb","itemListElement":[{"@type":"ListItem","position":1,"name":"In\u00edcio","item":"https:\/\/agenciainfra.com\/blog\/"},{"@type":"ListItem","position":2,"name":"ANTAQ prepara rodada de leil\u00f5es de terminais portu\u00e1rios enquanto aguarda defini\u00e7\u00e3o sobre concess\u00f5es de portos"}]},{"@type":"WebSite","@id":"https:\/\/agenciainfra.com\/blog\/#website","url":"https:\/\/agenciainfra.com\/blog\/","name":"Ag\u00eancia iNFRA","description":"Multiplataforma de informa\u00e7\u00e3o jornal\u00edstica refer\u00eancia na \u00e1rea de infraestrutura no Brasil!","publisher":{"@id":"https:\/\/agenciainfra.com\/blog\/#organization"},"potentialAction":[{"@type":"SearchAction","target":{"@type":"EntryPoint","urlTemplate":"https:\/\/agenciainfra.com\/blog\/?s={search_term_string}"},"query-input":{"@type":"PropertyValueSpecification","valueRequired":true,"valueName":"search_term_string"}}],"inLanguage":"pt-BR"},{"@type":"Organization","@id":"https:\/\/agenciainfra.com\/blog\/#organization","name":"Ag\u00eancia iNFRA","url":"https:\/\/agenciainfra.com\/blog\/","logo":{"@type":"ImageObject","inLanguage":"pt-BR","@id":"https:\/\/agenciainfra.com\/blog\/#\/schema\/logo\/image\/","url":"https:\/\/agenciainfra.com\/blog\/wp-content\/uploads\/2023\/09\/iNFRA_5-e1761735885940.png","contentUrl":"https:\/\/agenciainfra.com\/blog\/wp-content\/uploads\/2023\/09\/iNFRA_5-e1761735885940.png","width":1672,"height":454,"caption":"Ag\u00eancia iNFRA"},"image":{"@id":"https:\/\/agenciainfra.com\/blog\/#\/schema\/logo\/image\/"},"sameAs":["https:\/\/www.facebook.com\/ageninfra","https:\/\/x.com\/agencia_infra","https:\/\/www.linkedin.com\/company\/ag\u00eanciainfra\/","https:\/\/www.instagram.com\/agenciainfra\/"]},{"@type":"Person","@id":"https:\/\/agenciainfra.com\/blog\/#\/schema\/person\/34af08dff6adea4cb22b06612ba7acfa","name":"Ag\u00eancia iNFRA","image":{"@type":"ImageObject","inLanguage":"pt-BR","@id":"https:\/\/agenciainfra.com\/blog\/#\/schema\/person\/image\/","url":"https:\/\/secure.gravatar.com\/avatar\/d189e01678f06d8eb84d4e01f08eb848b3fffe3f8443818d3c356c66892f5be8?s=96&d=mm&r=g","contentUrl":"https:\/\/secure.gravatar.com\/avatar\/d189e01678f06d8eb84d4e01f08eb848b3fffe3f8443818d3c356c66892f5be8?s=96&d=mm&r=g","caption":"Ag\u00eancia iNFRA"},"url":"https:\/\/agenciainfra.com\/blog\/author\/admin\/"}]}},"_links":{"self":[{"href":"https:\/\/agenciainfra.com\/blog\/wp-json\/wp\/v2\/posts\/12465","targetHints":{"allow":["GET"]}}],"collection":[{"href":"https:\/\/agenciainfra.com\/blog\/wp-json\/wp\/v2\/posts"}],"about":[{"href":"https:\/\/agenciainfra.com\/blog\/wp-json\/wp\/v2\/types\/post"}],"author":[{"embeddable":true,"href":"https:\/\/agenciainfra.com\/blog\/wp-json\/wp\/v2\/users\/1"}],"replies":[{"embeddable":true,"href":"https:\/\/agenciainfra.com\/blog\/wp-json\/wp\/v2\/comments?post=12465"}],"version-history":[{"count":0,"href":"https:\/\/agenciainfra.com\/blog\/wp-json\/wp\/v2\/posts\/12465\/revisions"}],"wp:featuredmedia":[{"embeddable":true,"href":"https:\/\/agenciainfra.com\/blog\/wp-json\/wp\/v2\/media\/6302"}],"wp:attachment":[{"href":"https:\/\/agenciainfra.com\/blog\/wp-json\/wp\/v2\/media?parent=12465"}],"wp:term":[{"taxonomy":"category","embeddable":true,"href":"https:\/\/agenciainfra.com\/blog\/wp-json\/wp\/v2\/categories?post=12465"},{"taxonomy":"post_tag","embeddable":true,"href":"https:\/\/agenciainfra.com\/blog\/wp-json\/wp\/v2\/tags?post=12465"}],"curies":[{"name":"wp","href":"https:\/\/api.w.org\/{rel}","templated":true}]}}