{"id":12503,"date":"2023-04-10T09:00:00","date_gmt":"2023-04-10T12:00:00","guid":{"rendered":"https:\/\/www.agenciainfra.com\/blog\/?p=12503"},"modified":"2023-04-10T08:55:47","modified_gmt":"2023-04-10T11:55:47","slug":"governo-nao-vai-passar-a-mao-na-cabeca-de-ninguem-o-compromisso-e-com-a-universalizacao-diz-ministro-das-cidades","status":"publish","type":"post","link":"https:\/\/agenciainfra.com\/blog\/governo-nao-vai-passar-a-mao-na-cabeca-de-ninguem-o-compromisso-e-com-a-universalizacao-diz-ministro-das-cidades\/","title":{"rendered":"&#8220;Governo n\u00e3o vai passar a m\u00e3o na cabe\u00e7a de ningu\u00e9m. O compromisso \u00e9 com a universaliza\u00e7\u00e3o&#8221;, diz ministro das Cidades"},"content":{"rendered":"\n<p class=\"has-text-align-right\"><strong>Dimmi Amora, da&nbsp;Ag\u00eancia iNFRA<\/strong><\/p>\n\n\n\n<p>O\u00a0ministro\u00a0das\u00a0Cidades, Jader Filho, afirmou que\u00a0o\u00a0objetivo do\u00a0governo\u00a0no setor\u00a0de\u00a0saneamento\u00a0\u00e9\u00a0o\u00a0compromisso\u00a0com\u00a0investimentos para\u00a0a\u00a0universaliza\u00e7\u00e3o\u00a0at\u00e9 2033 e que &#8220;n\u00e3o\u00a0vai\u00a0passar\u00a0a\u00a0m\u00e3o\u00a0na\u00a0cabe\u00e7a&#8221;\u00a0de\u00a0estatais que descumprirem requisitos para se habilitar ao cumprimento\u00a0das\u00a0metas.<br><br>&#8220;O\u00a0presidente Lula colocou\u00a0de\u00a0forma muito clara para mim que\u00a0o\u00a0compromisso\u00a0\u00e9\u00a0com\u00a0os investimentos.\u00a0N\u00e3o\u00a0temos\u00a0compromisso\u00a0com\u00a0o\u00a0erro.\u00a0N\u00e3o\u00a0vamos\u00a0passar\u00a0a\u00a0m\u00e3o\u00a0na\u00a0cabe\u00e7a\u00a0de\u00a0ningu\u00e9m.\u00a0O\u00a0compromisso\u00a0do\u00a0governo\u00a0\u00e9\u00a0com\u00a0a\u00a0universaliza\u00e7\u00e3o&#8221;, disse Jader Filho em entrevista \u00e0\u00a0<strong>Ag\u00eancia iNFRA<\/strong>.<br><br>O\u00a0ministro\u00a0das\u00a0Cidades\u00a0citou como exemplo\u00a0de\u00a0que\u00a0o\u00a0governo\u00a0tem\u00a0compromisso\u00a0com\u00a0a\u00a0universaliza\u00e7\u00e3o\u00a0o\u00a0fato dos decretos\u00a0n\u00e3o\u00a0terem mudado qualquer par\u00e2metro para\u00a0a\u00a0comprova\u00e7\u00e3o\u00a0da capacidade econ\u00f4mico-financeira\u00a0das\u00a0estatais para cumprir as metas\u00a0de\u00a0universaliza\u00e7\u00e3o. Esses par\u00e2metros impediram que sete companhias estatais renovassem seus contratos\u00a0de\u00a0programa no ano passado em cerca\u00a0de\u00a01,1 mil\u00a0cidades, onde vivem 30 milh\u00f5es\u00a0de\u00a0pessoas.<br><br>Pelas regras novas, dispon\u00edveis\u00a0<a rel=\"noreferrer noopener\" href=\"https:\/\/agenciainfra.us14.list-manage.com\/track\/click?u=d460dd1bcf9ba0ae040e1fc0f&amp;id=0f76fc33b8&amp;e=f0fa444791\" target=\"_blank\">neste link<\/a>, as empresa estaduais ganharam uma amplia\u00e7\u00e3o\u00a0de\u00a0prazo, at\u00e9 2025, para comprovar que podem cumprir as metas\u00a0de\u00a0universaliza\u00e7\u00e3o\u00a0nos contratos que foram assinados sem concorr\u00eancia (chamados contratos\u00a0de\u00a0programa), mas seguir\u00e3o\u00a0tendo que demonstrar que ter\u00e3o\u00a0capacidade para cumprir as metas determinadas em lei.\u00a0<br><br>O\u00a0principal dissenso entre empresas p\u00fablicas e privadas do setor ficou em torno desses contratos\u00a0de\u00a0programa em cerca\u00a0de\u00a01,1 mil\u00a0cidades, que est\u00e3o\u00a0vencidos ou v\u00e3o\u00a0vencer sem que as empresas estatais comprovassem que conseguiriam cumprir as metas\u00a0de\u00a0universaliza\u00e7\u00e3o\u00a0at\u00e9 2033.<br><br>Na\u00a0comprova\u00e7\u00e3o\u00a0do ano passado, para essas 1,1 mil\u00a0cidades,\u00a0a\u00a0regra indicava que at\u00e9\u00a0o\u00a0fim deste ano elas teriam que fazer os processos\u00a0de\u00a0novas concess\u00f5es do servi\u00e7o\u00a0e calcular\u00a0a\u00a0indeniza\u00e7\u00e3o\u00a0das\u00a0estatais que deveriam sair da presta\u00e7\u00e3o\u00a0do servi\u00e7o. Esse prazo para\u00a0o\u00a0c\u00e1lculo\u00a0das\u00a0indeniza\u00e7\u00f5es tamb\u00e9m passou para 2025, caso necess\u00e1rio.<br><br><strong>Presta\u00e7\u00e3o\u00a0direta<\/strong><br>Outra mudan\u00e7a\u00a0foi que\u00a0o\u00a0governo\u00a0abriu uma brecha nos decretos para que governos estaduais possam formar regi\u00f5es, envolvendo mais\u00a0de\u00a0um munic\u00edpio, e\u00a0passar\u00a0diretamente\u00a0o\u00a0servi\u00e7o\u00a0para as estatais\u00a0de\u00a0saneamento, sem um processo\u00a0de\u00a0concorr\u00eancia.\u00a0\u00a0<br><br>Nesse caso, no entanto, h\u00e1 uma disputa em andamento no STF (Supremo Tribunal Federal) sobre\u00a0o\u00a0tema.\u00a0A\u00a0associa\u00e7\u00e3o\u00a0das\u00a0concession\u00e1rias privadas entrou\u00a0com\u00a0uma\u00a0a\u00e7\u00e3o\u00a0de\u00a0inconstitucionalidade contra um arranjo semelhante feito pela estatal paraibana\u00a0de\u00a0saneamento no estado, ainda\u00a0n\u00e3o\u00a0julgada.<br><br>Nessa disputa, h\u00e1 ainda conflitos entre governos\u00a0de\u00a0algumas\u00a0cidades\u00a0de\u00a0maior porte, que\u00a0n\u00e3o\u00a0querem entrar nos blocos porque\u00a0pretendem fazer\u00a0a\u00a0concess\u00e3o\u00a0do servi\u00e7o, e os governos estaduais, que tentam induzir essas prefeituras\u00a0a\u00a0aderirem, como forma\u00a0de\u00a0viabilizar um modelo\u00a0de\u00a0subs\u00eddios cruzados para atender\u00a0a\u00a0munic\u00edpios pequenos,\u00a0de\u00a0menor viabilidade econ\u00f4mica.\u00a0<br><br><strong>Conflito iniciado<\/strong><br>Jader contou que, ao chegar ao minist\u00e9rio no in\u00edcio do ano, encontrou\u00a0a\u00a0situa\u00e7\u00e3o\u00a0de\u00a0conflito entre empresas p\u00fablicas e privadas do setor e que recebeu um alerta dos t\u00e9cnicos sobre\u00a0o\u00a0prazo\u00a0de\u00a031\u00a0de\u00a0mar\u00e7o, que seria\u00a0o\u00a0final para\u00a0o\u00a0envio\u00a0de\u00a0recursos federais aos munic\u00edpios que\u00a0n\u00e3o\u00a0tivessem se adaptado \u00e0s regras do novo marco.<br><br>Segundo ele, foi buscado\u00a0o\u00a0di\u00e1logo\u00a0com\u00a0as associa\u00e7\u00f5es que representam as empresas privadas e p\u00fablicas estaduais e municipais\u00a0na\u00a0busca\u00a0de\u00a0consensos e, no que restou\u00a0de\u00a0dissenso,\u00a0o\u00a0governo\u00a0informou que iria arbitrar. Segundo ele,\u00a0a\u00a0\u00fanica coisa que\u00a0n\u00e3o\u00a0se discutiu foi mudar\u00a0a\u00a0lei, porque\u00a0o\u00a0intuito do presidente Lula, segundo ele,\u00a0\u00e9\u00a0garantir\u00a0a\u00a0universaliza\u00e7\u00e3o\u00a0at\u00e9 2033.<br><br>&#8220;N\u00e3o\u00a0interessa se\u00a0o\u00a0investimento\u00a0vai\u00a0ser p\u00fablico ou privado.\u00a0Ningu\u00e9m\u00a0sozinho ter\u00e1 capacidade para chegar \u00e0\u00a0universaliza\u00e7\u00e3o&#8221;, reiterou Jader Filho.<br><br><strong>Inaceit\u00e1vel<\/strong><br>De\u00a0acordo\u00a0com\u00a0Jader Filho, uma situa\u00e7\u00e3o\u00a0considerada inaceit\u00e1vel pelo atual\u00a0governo\u00a0e que\u00a0o\u00a0deixou &#8220;em choque&#8221; era justamente\u00a0a\u00a0restri\u00e7\u00e3o\u00a0de\u00a0fazer transfer\u00eancias\u00a0de\u00a0recursos para munic\u00edpios,\u00a0o\u00a0que para ele\u00a0n\u00e3o\u00a0teria qualquer ajuda em alcan\u00e7ar as metas\u00a0de\u00a0universaliza\u00e7\u00e3o.<br><br>Jader confirmou ainda que\u00a0a\u00a0avalia\u00e7\u00e3o\u00a0do\u00a0governo\u00a0atual\u00a0\u00e9\u00a0que os decretos anteriores claramente direcionaram para que\u00a0o\u00a0\u00fanico caminho poss\u00edvel fosse\u00a0a\u00a0concess\u00e3o\u00a0do servi\u00e7o\u00a0ou privatiza\u00e7\u00e3o\u00a0das\u00a0companhias,\u00a0o\u00a0que\u00a0na\u00a0vis\u00e3o\u00a0dele\u00a0n\u00e3o\u00a0\u00e9\u00a0algo que se encaixe para todo\u00a0o\u00a0pa\u00eds.<br><br>&#8220;N\u00e3o\u00a0\u00e9\u00a0justo impor uma \u00fanica alternativa.\u00a0O\u00a0Brasil\u00a0\u00e9\u00a0muito grande.\u00a0N\u00e3o\u00a0d\u00e1 para ter uma alternativa s\u00f3&#8221;, defendeu\u00a0o\u00a0ministro, explicando que vetos feitos\u00a0\u00e0 lei no\u00a0governo\u00a0anterior e prazos inexequ\u00edveis dados pelos decretos,\u00a0na\u00a0pr\u00e1tica, induziam\u00a0as solu\u00e7\u00f5es para os modelos\u00a0de\u00a0concess\u00e3o\u00a0e privatiza\u00e7\u00e3o.\u00a0<br><br><strong>Estimativa\u00a0de\u00a0R$ 120 bilh\u00f5es<\/strong><br>O\u00a0ministro\u00a0das\u00a0Cidades\u00a0explicou ainda que\u00a0o\u00a0c\u00e1lculo\u00a0de\u00a0libera\u00e7\u00e3o\u00a0de\u00a0investimentos\u00a0na\u00a0casa dos R$ 120 bilh\u00f5es ap\u00f3s os decretos, divulgado no lan\u00e7amento dos atos, se baseou em recursos que\u00a0o\u00a0governo\u00a0federal\u00a0vai\u00a0poder voltar\u00a0a\u00a0transferir para munic\u00edpios e tamb\u00e9m em projetos\u00a0de\u00a0parceria que est\u00e3o\u00a0em estudos pelo BNDES e pela Caixa no setor.<br><br>Alguns desses projetos estavam travados por regras dos decretos anteriores, como\u00a0a\u00a0que limitava as PPPs entre empresas estatais e privadas\u00a0a\u00a025% do faturamento\u00a0das\u00a0estatais, uma\u00a0das\u00a0mudan\u00e7as feita em consenso entre empresas estatais e privadas .<br><br>&#8220;Fizemos um c\u00e1lculo estimativo inicial baseado nesses par\u00e2metros, mas acreditamos que poder\u00e1 ser mais,\u00a0com\u00a0os dados\u00a0de\u00a0investimentos que vierem dos governos locais\u00a0a\u00a0partir\u00a0de\u00a0agora&#8221;, disse Jader Filho.\u00a0<br><br><strong>Outorgas<\/strong><br>Outro fator que, para\u00a0o\u00a0ministro,\u00a0vai\u00a0ampliar\u00a0a\u00a0capacidade\u00a0de\u00a0investimento foi\u00a0a\u00a0indica\u00e7\u00e3o\u00a0nos decreto\u00a0de\u00a0que deve ser privilegiado, nas modelagens\u00a0de\u00a0parceria, uma equa\u00e7\u00e3o\u00a0que conjugue menor tarifa e maior investimento, sem pagamento\u00a0de\u00a0outorga pelo concession\u00e1rio vencedor.<br><br>Segundo ele,\u00a0o\u00a0decreto deixou como indicativo porque\u00a0a\u00a0modelagem\u00a0\u00e9\u00a0uma discricionariedade dos poderes concedentes locais, mas que\u00a0vai\u00a0se utilizar do mecanismo\u00a0de\u00a0restringir repasses para os que usarem do pagamento\u00a0de\u00a0maior outorga como crit\u00e9rio para escolher\u00a0o\u00a0vencedor da disputa.<br><br>&#8220;N\u00e3o\u00a0concordamos que\u00a0o\u00a0dinheiro do saneamento,\u00a0das\u00a0contas dos usu\u00e1rios, seja usado para fazer asfalto, pagar festas e outras despesas do tipo&#8221;, disse\u00a0o\u00a0ministro.<br><br><strong>C\u00e2mara<\/strong><br>Depois da publica\u00e7\u00e3o\u00a0dos decretos,\u00a0o\u00a0presidente da C\u00e2mara, Arthur Lira (PP-AL) disse em entrevista ao jornal\u00a0<a rel=\"noreferrer noopener\" href=\"https:\/\/agenciainfra.us14.list-manage.com\/track\/click?u=d460dd1bcf9ba0ae040e1fc0f&amp;id=cff7843b1d&amp;e=f0fa444791\" target=\"_blank\">Folha\u00a0de\u00a0S. Paulo<\/a>, que um grupo\u00a0de\u00a0parlamentares est\u00e1 avaliando os atos do\u00a0governo\u00a0para ver se houve mudan\u00e7as que contrariam\u00a0a\u00a0lei,\u00a0o\u00a0que\u00a0n\u00e3o\u00a0\u00e9\u00a0permitido. Lira, que vem defendendo que as mudan\u00e7as no setor sejam feitas por projeto\u00a0de\u00a0lei, classificou os decretos\u00a0de\u00a0retrocesso.\u00a0<br><br>Alguns partidos e grupos pol\u00edticos tamb\u00e9m anunciaram que v\u00e3o\u00a0entrar\u00a0com\u00a0a\u00e7\u00f5es judiciais contra\u00a0a\u00a0medida, especialmente em rela\u00e7\u00e3o\u00a0\u00e0s que permitem que as estatais possam prestar os servi\u00e7os em regi\u00f5es sem\u00a0a\u00a0necessidade\u00a0de\u00a0licita\u00e7\u00e3o.<br><br>O\u00a0ministro\u00a0das\u00a0Cidades\u00a0disse que entende que\u00a0\u00e9\u00a0da natureza do parlamento discutir os temas do setor e que\u00a0o\u00a0governo\u00a0est\u00e1 pronto para dialogar sobre os decretos\u00a0com\u00a0os parlamentares.<br><br><strong>Sa\u00eddas\u00a0da Associa\u00e7\u00e3o<\/strong><br>Ap\u00f3s\u00a0a\u00a0emiss\u00e3o\u00a0dos decretos, tr\u00eas empresas estatais do setor, Sabesp (SP), Corsan (RS) e Copasa (MG), divulgaram comunicados informando que est\u00e3o\u00a0deixando\u00a0a\u00a0Aesbe,\u00a0a\u00a0associa\u00e7\u00e3o\u00a0que re\u00fane as estatais\u00a0de\u00a0saneamento, por discordarem da forma como\u00a0a\u00a0associa\u00e7\u00e3o\u00a0tratou\u00a0das\u00a0mudan\u00e7as dos decretos.<br><br>A\u00a0Copasa e\u00a0a\u00a0Corsan indicaram que querem entrar para\u00a0a\u00a0Abcon Sindicon, que representa as companhias privadas\u00a0de\u00a0saneamento.\u00a0A\u00a0Sabesp\u00a0n\u00e3o\u00a0deu essa informa\u00e7\u00e3o, mas h\u00e1 conversas para isso. No entanto, segundo apurou\u00a0a\u00a0<strong>Ag\u00eancia iNFRA<\/strong>, ainda h\u00e1 d\u00favidas no setor privado se seriam adequadas essas ades\u00f5es.<br><br>Em nota,\u00a0a\u00a0Aesbe disse que recebeu\u00a0com\u00a0surpresa os pedidos\u00a0de\u00a0desfilia\u00e7\u00e3o\u00a0e defendeu\u00a0a\u00a0sua atua\u00e7\u00e3o, lembrando que os decretos anteriores poderiam deixar sem atendimento mais\u00a0de\u00a030 milh\u00f5es\u00a0de\u00a0pessoas.\u00a0A\u00a0nota est\u00e1\u00a0<a rel=\"noreferrer noopener\" href=\"https:\/\/agenciainfra.us14.list-manage.com\/track\/click?u=d460dd1bcf9ba0ae040e1fc0f&amp;id=6e25f0e2f5&amp;e=f0fa444791\" target=\"_blank\">neste link<\/a>.<\/p>\n","protected":false},"excerpt":{"rendered":"<p>Dimmi Amora, da&nbsp;Ag\u00eancia iNFRA O\u00a0ministro\u00a0das\u00a0Cidades, Jader Filho, afirmou que\u00a0o\u00a0objetivo do\u00a0governo\u00a0no setor\u00a0de\u00a0saneamento\u00a0\u00e9\u00a0o\u00a0compromisso\u00a0com\u00a0investimentos para\u00a0a\u00a0universaliza\u00e7\u00e3o\u00a0at\u00e9 2033 e que &#8220;n\u00e3o\u00a0vai\u00a0passar\u00a0a\u00a0m\u00e3o\u00a0na\u00a0cabe\u00e7a&#8221;\u00a0de\u00a0estatais que descumprirem requisitos para se habilitar ao cumprimento\u00a0das\u00a0metas. &#8220;O\u00a0presidente Lula colocou\u00a0de\u00a0forma muito clara para mim que\u00a0o\u00a0compromisso\u00a0\u00e9\u00a0com\u00a0os investimentos.\u00a0N\u00e3o\u00a0temos\u00a0compromisso\u00a0com\u00a0o\u00a0erro.\u00a0N\u00e3o\u00a0vamos\u00a0passar\u00a0a\u00a0m\u00e3o\u00a0na\u00a0cabe\u00e7a\u00a0de\u00a0ningu\u00e9m.\u00a0O\u00a0compromisso\u00a0do\u00a0governo\u00a0\u00e9\u00a0com\u00a0a\u00a0universaliza\u00e7\u00e3o&#8221;, disse Jader Filho em entrevista \u00e0\u00a0Ag\u00eancia iNFRA. O\u00a0ministro\u00a0das\u00a0Cidades\u00a0citou como exemplo\u00a0de\u00a0que\u00a0o\u00a0governo\u00a0tem\u00a0compromisso\u00a0com\u00a0a\u00a0universaliza\u00e7\u00e3o\u00a0o\u00a0fato dos decretos\u00a0n\u00e3o\u00a0terem mudado qualquer par\u00e2metro para\u00a0a\u00a0comprova\u00e7\u00e3o\u00a0da capacidade econ\u00f4mico-financeira\u00a0das\u00a0estatais para cumprir as metas\u00a0de\u00a0universaliza\u00e7\u00e3o. [&hellip;]<\/p>\n","protected":false},"author":1,"featured_media":12504,"comment_status":"closed","ping_status":"closed","sticky":false,"template":"","format":"standard","meta":{"_monsterinsights_skip_tracking":false,"_monsterinsights_sitenote_active":false,"_monsterinsights_sitenote_note":"","_monsterinsights_sitenote_category":0,"footnotes":""},"categories":[1,7],"tags":[660,661,359,6605,4035,6604,6606,179,372,2192],"class_list":["post-12503","post","type-post","status-publish","format-standard","has-post-thumbnail","hentry","category-geral","category-infratransporte","tag-agua","tag-esgoto","tag-estatais","tag-jader-filho","tag-ministerio-das-cidades","tag-prestacao-direta","tag-regioes","tag-saneamento","tag-stf","tag-universalizacao"],"yoast_head":"<!-- This site is optimized with the Yoast SEO Premium plugin v25.4 (Yoast SEO v26.0) - https:\/\/yoast.com\/wordpress\/plugins\/seo\/ -->\n<title>&quot;Governo n\u00e3o vai passar a m\u00e3o na cabe\u00e7a de ningu\u00e9m. O compromisso \u00e9 com a universaliza\u00e7\u00e3o&quot;, diz ministro das Cidades - Ag\u00eancia iNFRA<\/title>\n<meta name=\"robots\" content=\"index, follow, max-snippet:-1, max-image-preview:large, max-video-preview:-1\" \/>\n<link rel=\"canonical\" href=\"https:\/\/agenciainfra.com\/blog\/governo-nao-vai-passar-a-mao-na-cabeca-de-ninguem-o-compromisso-e-com-a-universalizacao-diz-ministro-das-cidades\/\" \/>\n<meta property=\"og:locale\" content=\"pt_BR\" \/>\n<meta property=\"og:type\" content=\"article\" \/>\n<meta property=\"og:title\" content=\"&quot;Governo n\u00e3o vai passar a m\u00e3o na cabe\u00e7a de ningu\u00e9m. O compromisso \u00e9 com a universaliza\u00e7\u00e3o&quot;, diz ministro das Cidades\" \/>\n<meta property=\"og:description\" content=\"Dimmi Amora, da&nbsp;Ag\u00eancia iNFRA O\u00a0ministro\u00a0das\u00a0Cidades, Jader Filho, afirmou que\u00a0o\u00a0objetivo do\u00a0governo\u00a0no setor\u00a0de\u00a0saneamento\u00a0\u00e9\u00a0o\u00a0compromisso\u00a0com\u00a0investimentos para\u00a0a\u00a0universaliza\u00e7\u00e3o\u00a0at\u00e9 2033 e que &#8220;n\u00e3o\u00a0vai\u00a0passar\u00a0a\u00a0m\u00e3o\u00a0na\u00a0cabe\u00e7a&#8221;\u00a0de\u00a0estatais que descumprirem requisitos para se habilitar ao cumprimento\u00a0das\u00a0metas. &#8220;O\u00a0presidente Lula colocou\u00a0de\u00a0forma muito clara para mim que\u00a0o\u00a0compromisso\u00a0\u00e9\u00a0com\u00a0os investimentos.\u00a0N\u00e3o\u00a0temos\u00a0compromisso\u00a0com\u00a0o\u00a0erro.\u00a0N\u00e3o\u00a0vamos\u00a0passar\u00a0a\u00a0m\u00e3o\u00a0na\u00a0cabe\u00e7a\u00a0de\u00a0ningu\u00e9m.\u00a0O\u00a0compromisso\u00a0do\u00a0governo\u00a0\u00e9\u00a0com\u00a0a\u00a0universaliza\u00e7\u00e3o&#8221;, disse Jader Filho em entrevista \u00e0\u00a0Ag\u00eancia iNFRA. O\u00a0ministro\u00a0das\u00a0Cidades\u00a0citou como exemplo\u00a0de\u00a0que\u00a0o\u00a0governo\u00a0tem\u00a0compromisso\u00a0com\u00a0a\u00a0universaliza\u00e7\u00e3o\u00a0o\u00a0fato dos decretos\u00a0n\u00e3o\u00a0terem mudado qualquer par\u00e2metro para\u00a0a\u00a0comprova\u00e7\u00e3o\u00a0da capacidade econ\u00f4mico-financeira\u00a0das\u00a0estatais para cumprir as metas\u00a0de\u00a0universaliza\u00e7\u00e3o. [&hellip;]\" \/>\n<meta property=\"og:url\" content=\"https:\/\/agenciainfra.com\/blog\/governo-nao-vai-passar-a-mao-na-cabeca-de-ninguem-o-compromisso-e-com-a-universalizacao-diz-ministro-das-cidades\/\" \/>\n<meta property=\"og:site_name\" content=\"Ag\u00eancia iNFRA\" \/>\n<meta property=\"article:publisher\" content=\"https:\/\/www.facebook.com\/ageninfra\" \/>\n<meta property=\"article:published_time\" content=\"2023-04-10T12:00:00+00:00\" \/>\n<meta property=\"og:image\" content=\"https:\/\/agenciainfra.com\/blog\/wp-content\/uploads\/2023\/04\/jader-filho-foto-agencia-brasil-marcelo-camargo-scaled.jpg\" \/>\n\t<meta property=\"og:image:width\" content=\"2560\" \/>\n\t<meta property=\"og:image:height\" content=\"1707\" \/>\n\t<meta property=\"og:image:type\" content=\"image\/jpeg\" \/>\n<meta name=\"author\" content=\"Ag\u00eancia iNFRA\" \/>\n<meta name=\"twitter:card\" content=\"summary_large_image\" \/>\n<meta name=\"twitter:creator\" content=\"@agencia_infra\" \/>\n<meta name=\"twitter:site\" content=\"@agencia_infra\" \/>\n<meta name=\"twitter:label1\" content=\"Escrito por\" \/>\n\t<meta name=\"twitter:data1\" content=\"Ag\u00eancia iNFRA\" \/>\n\t<meta name=\"twitter:label2\" content=\"Est. tempo de leitura\" \/>\n\t<meta name=\"twitter:data2\" content=\"7 minutos\" \/>\n<script type=\"application\/ld+json\" class=\"yoast-schema-graph\">{\"@context\":\"https:\/\/schema.org\",\"@graph\":[{\"@type\":\"Article\",\"@id\":\"https:\/\/agenciainfra.com\/blog\/governo-nao-vai-passar-a-mao-na-cabeca-de-ninguem-o-compromisso-e-com-a-universalizacao-diz-ministro-das-cidades\/#article\",\"isPartOf\":{\"@id\":\"https:\/\/agenciainfra.com\/blog\/governo-nao-vai-passar-a-mao-na-cabeca-de-ninguem-o-compromisso-e-com-a-universalizacao-diz-ministro-das-cidades\/\"},\"author\":{\"name\":\"Ag\u00eancia iNFRA\",\"@id\":\"https:\/\/agenciainfra.com\/blog\/#\/schema\/person\/34af08dff6adea4cb22b06612ba7acfa\"},\"headline\":\"&#8220;Governo n\u00e3o vai passar a m\u00e3o na cabe\u00e7a de ningu\u00e9m. O compromisso \u00e9 com a universaliza\u00e7\u00e3o&#8221;, diz ministro das Cidades\",\"datePublished\":\"2023-04-10T12:00:00+00:00\",\"mainEntityOfPage\":{\"@id\":\"https:\/\/agenciainfra.com\/blog\/governo-nao-vai-passar-a-mao-na-cabeca-de-ninguem-o-compromisso-e-com-a-universalizacao-diz-ministro-das-cidades\/\"},\"wordCount\":1398,\"publisher\":{\"@id\":\"https:\/\/agenciainfra.com\/blog\/#organization\"},\"image\":{\"@id\":\"https:\/\/agenciainfra.com\/blog\/governo-nao-vai-passar-a-mao-na-cabeca-de-ninguem-o-compromisso-e-com-a-universalizacao-diz-ministro-das-cidades\/#primaryimage\"},\"thumbnailUrl\":\"https:\/\/agenciainfra.com\/blog\/wp-content\/uploads\/2023\/04\/jader-filho-foto-agencia-brasil-marcelo-camargo-scaled.jpg\",\"keywords\":[\"\u00e1gua\",\"esgoto\",\"estatais\",\"Jader Filho\",\"Minist\u00e9rio das Cidades\",\"presta\u00e7\u00e3o direta\",\"regi\u00f5es\",\"saneamento\",\"STF\",\"universaliza\u00e7\u00e3o\"],\"articleSection\":[\"Geral\",\"iNFRATransporte\"],\"inLanguage\":\"pt-BR\",\"copyrightYear\":\"2023\",\"copyrightHolder\":{\"@id\":\"https:\/\/agenciainfra.com\/blog\/#organization\"}},{\"@type\":\"WebPage\",\"@id\":\"https:\/\/agenciainfra.com\/blog\/governo-nao-vai-passar-a-mao-na-cabeca-de-ninguem-o-compromisso-e-com-a-universalizacao-diz-ministro-das-cidades\/\",\"url\":\"https:\/\/agenciainfra.com\/blog\/governo-nao-vai-passar-a-mao-na-cabeca-de-ninguem-o-compromisso-e-com-a-universalizacao-diz-ministro-das-cidades\/\",\"name\":\"\\\"Governo n\u00e3o vai passar a m\u00e3o na cabe\u00e7a de ningu\u00e9m. O compromisso \u00e9 com a universaliza\u00e7\u00e3o\\\", diz ministro das Cidades - Ag\u00eancia iNFRA\",\"isPartOf\":{\"@id\":\"https:\/\/agenciainfra.com\/blog\/#website\"},\"primaryImageOfPage\":{\"@id\":\"https:\/\/agenciainfra.com\/blog\/governo-nao-vai-passar-a-mao-na-cabeca-de-ninguem-o-compromisso-e-com-a-universalizacao-diz-ministro-das-cidades\/#primaryimage\"},\"image\":{\"@id\":\"https:\/\/agenciainfra.com\/blog\/governo-nao-vai-passar-a-mao-na-cabeca-de-ninguem-o-compromisso-e-com-a-universalizacao-diz-ministro-das-cidades\/#primaryimage\"},\"thumbnailUrl\":\"https:\/\/agenciainfra.com\/blog\/wp-content\/uploads\/2023\/04\/jader-filho-foto-agencia-brasil-marcelo-camargo-scaled.jpg\",\"datePublished\":\"2023-04-10T12:00:00+00:00\",\"breadcrumb\":{\"@id\":\"https:\/\/agenciainfra.com\/blog\/governo-nao-vai-passar-a-mao-na-cabeca-de-ninguem-o-compromisso-e-com-a-universalizacao-diz-ministro-das-cidades\/#breadcrumb\"},\"inLanguage\":\"pt-BR\",\"potentialAction\":[{\"@type\":\"ReadAction\",\"target\":[\"https:\/\/agenciainfra.com\/blog\/governo-nao-vai-passar-a-mao-na-cabeca-de-ninguem-o-compromisso-e-com-a-universalizacao-diz-ministro-das-cidades\/\"]}]},{\"@type\":\"ImageObject\",\"inLanguage\":\"pt-BR\",\"@id\":\"https:\/\/agenciainfra.com\/blog\/governo-nao-vai-passar-a-mao-na-cabeca-de-ninguem-o-compromisso-e-com-a-universalizacao-diz-ministro-das-cidades\/#primaryimage\",\"url\":\"https:\/\/agenciainfra.com\/blog\/wp-content\/uploads\/2023\/04\/jader-filho-foto-agencia-brasil-marcelo-camargo-scaled.jpg\",\"contentUrl\":\"https:\/\/agenciainfra.com\/blog\/wp-content\/uploads\/2023\/04\/jader-filho-foto-agencia-brasil-marcelo-camargo-scaled.jpg\",\"width\":2560,\"height\":1707,\"caption\":\"Bras\u00edlia (DF), 14\/03\/2023 - O ministro das Cidades, Jader Filho, durante a 84\u00aa Reuni\u00e3o Geral da Frente Nacional de Prefeitos.\"},{\"@type\":\"BreadcrumbList\",\"@id\":\"https:\/\/agenciainfra.com\/blog\/governo-nao-vai-passar-a-mao-na-cabeca-de-ninguem-o-compromisso-e-com-a-universalizacao-diz-ministro-das-cidades\/#breadcrumb\",\"itemListElement\":[{\"@type\":\"ListItem\",\"position\":1,\"name\":\"In\u00edcio\",\"item\":\"https:\/\/agenciainfra.com\/blog\/\"},{\"@type\":\"ListItem\",\"position\":2,\"name\":\"&#8220;Governo n\u00e3o vai passar a m\u00e3o na cabe\u00e7a de ningu\u00e9m. O compromisso \u00e9 com a universaliza\u00e7\u00e3o&#8221;, diz ministro das Cidades\"}]},{\"@type\":\"WebSite\",\"@id\":\"https:\/\/agenciainfra.com\/blog\/#website\",\"url\":\"https:\/\/agenciainfra.com\/blog\/\",\"name\":\"Ag\u00eancia iNFRA\",\"description\":\"Multiplataforma de informa\u00e7\u00e3o jornal\u00edstica refer\u00eancia na \u00e1rea de infraestrutura no Brasil!\",\"publisher\":{\"@id\":\"https:\/\/agenciainfra.com\/blog\/#organization\"},\"potentialAction\":[{\"@type\":\"SearchAction\",\"target\":{\"@type\":\"EntryPoint\",\"urlTemplate\":\"https:\/\/agenciainfra.com\/blog\/?s={search_term_string}\"},\"query-input\":{\"@type\":\"PropertyValueSpecification\",\"valueRequired\":true,\"valueName\":\"search_term_string\"}}],\"inLanguage\":\"pt-BR\"},{\"@type\":\"Organization\",\"@id\":\"https:\/\/agenciainfra.com\/blog\/#organization\",\"name\":\"Ag\u00eancia iNFRA\",\"url\":\"https:\/\/agenciainfra.com\/blog\/\",\"logo\":{\"@type\":\"ImageObject\",\"inLanguage\":\"pt-BR\",\"@id\":\"https:\/\/agenciainfra.com\/blog\/#\/schema\/logo\/image\/\",\"url\":\"https:\/\/agenciainfra.com\/blog\/wp-content\/uploads\/2023\/09\/iNFRA_5-e1761735885940.png\",\"contentUrl\":\"https:\/\/agenciainfra.com\/blog\/wp-content\/uploads\/2023\/09\/iNFRA_5-e1761735885940.png\",\"width\":1672,\"height\":454,\"caption\":\"Ag\u00eancia iNFRA\"},\"image\":{\"@id\":\"https:\/\/agenciainfra.com\/blog\/#\/schema\/logo\/image\/\"},\"sameAs\":[\"https:\/\/www.facebook.com\/ageninfra\",\"https:\/\/x.com\/agencia_infra\",\"https:\/\/www.linkedin.com\/company\/ag\u00eanciainfra\/\",\"https:\/\/www.instagram.com\/agenciainfra\/\"]},{\"@type\":\"Person\",\"@id\":\"https:\/\/agenciainfra.com\/blog\/#\/schema\/person\/34af08dff6adea4cb22b06612ba7acfa\",\"name\":\"Ag\u00eancia iNFRA\",\"image\":{\"@type\":\"ImageObject\",\"inLanguage\":\"pt-BR\",\"@id\":\"https:\/\/agenciainfra.com\/blog\/#\/schema\/person\/image\/\",\"url\":\"https:\/\/secure.gravatar.com\/avatar\/d189e01678f06d8eb84d4e01f08eb848b3fffe3f8443818d3c356c66892f5be8?s=96&d=mm&r=g\",\"contentUrl\":\"https:\/\/secure.gravatar.com\/avatar\/d189e01678f06d8eb84d4e01f08eb848b3fffe3f8443818d3c356c66892f5be8?s=96&d=mm&r=g\",\"caption\":\"Ag\u00eancia iNFRA\"},\"url\":\"https:\/\/agenciainfra.com\/blog\/author\/admin\/\"}]}<\/script>\n<!-- \/ Yoast SEO Premium plugin. -->","yoast_head_json":{"title":"\"Governo n\u00e3o vai passar a m\u00e3o na cabe\u00e7a de ningu\u00e9m. O compromisso \u00e9 com a universaliza\u00e7\u00e3o\", diz ministro das Cidades - Ag\u00eancia iNFRA","robots":{"index":"index","follow":"follow","max-snippet":"max-snippet:-1","max-image-preview":"max-image-preview:large","max-video-preview":"max-video-preview:-1"},"canonical":"https:\/\/agenciainfra.com\/blog\/governo-nao-vai-passar-a-mao-na-cabeca-de-ninguem-o-compromisso-e-com-a-universalizacao-diz-ministro-das-cidades\/","og_locale":"pt_BR","og_type":"article","og_title":"\"Governo n\u00e3o vai passar a m\u00e3o na cabe\u00e7a de ningu\u00e9m. O compromisso \u00e9 com a universaliza\u00e7\u00e3o\", diz ministro das Cidades","og_description":"Dimmi Amora, da&nbsp;Ag\u00eancia iNFRA O\u00a0ministro\u00a0das\u00a0Cidades, Jader Filho, afirmou que\u00a0o\u00a0objetivo do\u00a0governo\u00a0no setor\u00a0de\u00a0saneamento\u00a0\u00e9\u00a0o\u00a0compromisso\u00a0com\u00a0investimentos para\u00a0a\u00a0universaliza\u00e7\u00e3o\u00a0at\u00e9 2033 e que &#8220;n\u00e3o\u00a0vai\u00a0passar\u00a0a\u00a0m\u00e3o\u00a0na\u00a0cabe\u00e7a&#8221;\u00a0de\u00a0estatais que descumprirem requisitos para se habilitar ao cumprimento\u00a0das\u00a0metas. &#8220;O\u00a0presidente Lula colocou\u00a0de\u00a0forma muito clara para mim que\u00a0o\u00a0compromisso\u00a0\u00e9\u00a0com\u00a0os investimentos.\u00a0N\u00e3o\u00a0temos\u00a0compromisso\u00a0com\u00a0o\u00a0erro.\u00a0N\u00e3o\u00a0vamos\u00a0passar\u00a0a\u00a0m\u00e3o\u00a0na\u00a0cabe\u00e7a\u00a0de\u00a0ningu\u00e9m.\u00a0O\u00a0compromisso\u00a0do\u00a0governo\u00a0\u00e9\u00a0com\u00a0a\u00a0universaliza\u00e7\u00e3o&#8221;, disse Jader Filho em entrevista \u00e0\u00a0Ag\u00eancia iNFRA. O\u00a0ministro\u00a0das\u00a0Cidades\u00a0citou como exemplo\u00a0de\u00a0que\u00a0o\u00a0governo\u00a0tem\u00a0compromisso\u00a0com\u00a0a\u00a0universaliza\u00e7\u00e3o\u00a0o\u00a0fato dos decretos\u00a0n\u00e3o\u00a0terem mudado qualquer par\u00e2metro para\u00a0a\u00a0comprova\u00e7\u00e3o\u00a0da capacidade econ\u00f4mico-financeira\u00a0das\u00a0estatais para cumprir as metas\u00a0de\u00a0universaliza\u00e7\u00e3o. [&hellip;]","og_url":"https:\/\/agenciainfra.com\/blog\/governo-nao-vai-passar-a-mao-na-cabeca-de-ninguem-o-compromisso-e-com-a-universalizacao-diz-ministro-das-cidades\/","og_site_name":"Ag\u00eancia iNFRA","article_publisher":"https:\/\/www.facebook.com\/ageninfra","article_published_time":"2023-04-10T12:00:00+00:00","og_image":[{"width":2560,"height":1707,"url":"https:\/\/agenciainfra.com\/blog\/wp-content\/uploads\/2023\/04\/jader-filho-foto-agencia-brasil-marcelo-camargo-scaled.jpg","type":"image\/jpeg"}],"author":"Ag\u00eancia iNFRA","twitter_card":"summary_large_image","twitter_creator":"@agencia_infra","twitter_site":"@agencia_infra","twitter_misc":{"Escrito por":"Ag\u00eancia iNFRA","Est. tempo de leitura":"7 minutos"},"schema":{"@context":"https:\/\/schema.org","@graph":[{"@type":"Article","@id":"https:\/\/agenciainfra.com\/blog\/governo-nao-vai-passar-a-mao-na-cabeca-de-ninguem-o-compromisso-e-com-a-universalizacao-diz-ministro-das-cidades\/#article","isPartOf":{"@id":"https:\/\/agenciainfra.com\/blog\/governo-nao-vai-passar-a-mao-na-cabeca-de-ninguem-o-compromisso-e-com-a-universalizacao-diz-ministro-das-cidades\/"},"author":{"name":"Ag\u00eancia iNFRA","@id":"https:\/\/agenciainfra.com\/blog\/#\/schema\/person\/34af08dff6adea4cb22b06612ba7acfa"},"headline":"&#8220;Governo n\u00e3o vai passar a m\u00e3o na cabe\u00e7a de ningu\u00e9m. O compromisso \u00e9 com a universaliza\u00e7\u00e3o&#8221;, diz ministro das Cidades","datePublished":"2023-04-10T12:00:00+00:00","mainEntityOfPage":{"@id":"https:\/\/agenciainfra.com\/blog\/governo-nao-vai-passar-a-mao-na-cabeca-de-ninguem-o-compromisso-e-com-a-universalizacao-diz-ministro-das-cidades\/"},"wordCount":1398,"publisher":{"@id":"https:\/\/agenciainfra.com\/blog\/#organization"},"image":{"@id":"https:\/\/agenciainfra.com\/blog\/governo-nao-vai-passar-a-mao-na-cabeca-de-ninguem-o-compromisso-e-com-a-universalizacao-diz-ministro-das-cidades\/#primaryimage"},"thumbnailUrl":"https:\/\/agenciainfra.com\/blog\/wp-content\/uploads\/2023\/04\/jader-filho-foto-agencia-brasil-marcelo-camargo-scaled.jpg","keywords":["\u00e1gua","esgoto","estatais","Jader Filho","Minist\u00e9rio das Cidades","presta\u00e7\u00e3o direta","regi\u00f5es","saneamento","STF","universaliza\u00e7\u00e3o"],"articleSection":["Geral","iNFRATransporte"],"inLanguage":"pt-BR","copyrightYear":"2023","copyrightHolder":{"@id":"https:\/\/agenciainfra.com\/blog\/#organization"}},{"@type":"WebPage","@id":"https:\/\/agenciainfra.com\/blog\/governo-nao-vai-passar-a-mao-na-cabeca-de-ninguem-o-compromisso-e-com-a-universalizacao-diz-ministro-das-cidades\/","url":"https:\/\/agenciainfra.com\/blog\/governo-nao-vai-passar-a-mao-na-cabeca-de-ninguem-o-compromisso-e-com-a-universalizacao-diz-ministro-das-cidades\/","name":"\"Governo n\u00e3o vai passar a m\u00e3o na cabe\u00e7a de ningu\u00e9m. O compromisso \u00e9 com a universaliza\u00e7\u00e3o\", diz ministro das Cidades - Ag\u00eancia iNFRA","isPartOf":{"@id":"https:\/\/agenciainfra.com\/blog\/#website"},"primaryImageOfPage":{"@id":"https:\/\/agenciainfra.com\/blog\/governo-nao-vai-passar-a-mao-na-cabeca-de-ninguem-o-compromisso-e-com-a-universalizacao-diz-ministro-das-cidades\/#primaryimage"},"image":{"@id":"https:\/\/agenciainfra.com\/blog\/governo-nao-vai-passar-a-mao-na-cabeca-de-ninguem-o-compromisso-e-com-a-universalizacao-diz-ministro-das-cidades\/#primaryimage"},"thumbnailUrl":"https:\/\/agenciainfra.com\/blog\/wp-content\/uploads\/2023\/04\/jader-filho-foto-agencia-brasil-marcelo-camargo-scaled.jpg","datePublished":"2023-04-10T12:00:00+00:00","breadcrumb":{"@id":"https:\/\/agenciainfra.com\/blog\/governo-nao-vai-passar-a-mao-na-cabeca-de-ninguem-o-compromisso-e-com-a-universalizacao-diz-ministro-das-cidades\/#breadcrumb"},"inLanguage":"pt-BR","potentialAction":[{"@type":"ReadAction","target":["https:\/\/agenciainfra.com\/blog\/governo-nao-vai-passar-a-mao-na-cabeca-de-ninguem-o-compromisso-e-com-a-universalizacao-diz-ministro-das-cidades\/"]}]},{"@type":"ImageObject","inLanguage":"pt-BR","@id":"https:\/\/agenciainfra.com\/blog\/governo-nao-vai-passar-a-mao-na-cabeca-de-ninguem-o-compromisso-e-com-a-universalizacao-diz-ministro-das-cidades\/#primaryimage","url":"https:\/\/agenciainfra.com\/blog\/wp-content\/uploads\/2023\/04\/jader-filho-foto-agencia-brasil-marcelo-camargo-scaled.jpg","contentUrl":"https:\/\/agenciainfra.com\/blog\/wp-content\/uploads\/2023\/04\/jader-filho-foto-agencia-brasil-marcelo-camargo-scaled.jpg","width":2560,"height":1707,"caption":"Bras\u00edlia (DF), 14\/03\/2023 - O ministro das Cidades, Jader Filho, durante a 84\u00aa Reuni\u00e3o Geral da Frente Nacional de Prefeitos."},{"@type":"BreadcrumbList","@id":"https:\/\/agenciainfra.com\/blog\/governo-nao-vai-passar-a-mao-na-cabeca-de-ninguem-o-compromisso-e-com-a-universalizacao-diz-ministro-das-cidades\/#breadcrumb","itemListElement":[{"@type":"ListItem","position":1,"name":"In\u00edcio","item":"https:\/\/agenciainfra.com\/blog\/"},{"@type":"ListItem","position":2,"name":"&#8220;Governo n\u00e3o vai passar a m\u00e3o na cabe\u00e7a de ningu\u00e9m. O compromisso \u00e9 com a universaliza\u00e7\u00e3o&#8221;, diz ministro das Cidades"}]},{"@type":"WebSite","@id":"https:\/\/agenciainfra.com\/blog\/#website","url":"https:\/\/agenciainfra.com\/blog\/","name":"Ag\u00eancia iNFRA","description":"Multiplataforma de informa\u00e7\u00e3o jornal\u00edstica refer\u00eancia na \u00e1rea de infraestrutura no Brasil!","publisher":{"@id":"https:\/\/agenciainfra.com\/blog\/#organization"},"potentialAction":[{"@type":"SearchAction","target":{"@type":"EntryPoint","urlTemplate":"https:\/\/agenciainfra.com\/blog\/?s={search_term_string}"},"query-input":{"@type":"PropertyValueSpecification","valueRequired":true,"valueName":"search_term_string"}}],"inLanguage":"pt-BR"},{"@type":"Organization","@id":"https:\/\/agenciainfra.com\/blog\/#organization","name":"Ag\u00eancia iNFRA","url":"https:\/\/agenciainfra.com\/blog\/","logo":{"@type":"ImageObject","inLanguage":"pt-BR","@id":"https:\/\/agenciainfra.com\/blog\/#\/schema\/logo\/image\/","url":"https:\/\/agenciainfra.com\/blog\/wp-content\/uploads\/2023\/09\/iNFRA_5-e1761735885940.png","contentUrl":"https:\/\/agenciainfra.com\/blog\/wp-content\/uploads\/2023\/09\/iNFRA_5-e1761735885940.png","width":1672,"height":454,"caption":"Ag\u00eancia iNFRA"},"image":{"@id":"https:\/\/agenciainfra.com\/blog\/#\/schema\/logo\/image\/"},"sameAs":["https:\/\/www.facebook.com\/ageninfra","https:\/\/x.com\/agencia_infra","https:\/\/www.linkedin.com\/company\/ag\u00eanciainfra\/","https:\/\/www.instagram.com\/agenciainfra\/"]},{"@type":"Person","@id":"https:\/\/agenciainfra.com\/blog\/#\/schema\/person\/34af08dff6adea4cb22b06612ba7acfa","name":"Ag\u00eancia iNFRA","image":{"@type":"ImageObject","inLanguage":"pt-BR","@id":"https:\/\/agenciainfra.com\/blog\/#\/schema\/person\/image\/","url":"https:\/\/secure.gravatar.com\/avatar\/d189e01678f06d8eb84d4e01f08eb848b3fffe3f8443818d3c356c66892f5be8?s=96&d=mm&r=g","contentUrl":"https:\/\/secure.gravatar.com\/avatar\/d189e01678f06d8eb84d4e01f08eb848b3fffe3f8443818d3c356c66892f5be8?s=96&d=mm&r=g","caption":"Ag\u00eancia iNFRA"},"url":"https:\/\/agenciainfra.com\/blog\/author\/admin\/"}]}},"_links":{"self":[{"href":"https:\/\/agenciainfra.com\/blog\/wp-json\/wp\/v2\/posts\/12503","targetHints":{"allow":["GET"]}}],"collection":[{"href":"https:\/\/agenciainfra.com\/blog\/wp-json\/wp\/v2\/posts"}],"about":[{"href":"https:\/\/agenciainfra.com\/blog\/wp-json\/wp\/v2\/types\/post"}],"author":[{"embeddable":true,"href":"https:\/\/agenciainfra.com\/blog\/wp-json\/wp\/v2\/users\/1"}],"replies":[{"embeddable":true,"href":"https:\/\/agenciainfra.com\/blog\/wp-json\/wp\/v2\/comments?post=12503"}],"version-history":[{"count":0,"href":"https:\/\/agenciainfra.com\/blog\/wp-json\/wp\/v2\/posts\/12503\/revisions"}],"wp:featuredmedia":[{"embeddable":true,"href":"https:\/\/agenciainfra.com\/blog\/wp-json\/wp\/v2\/media\/12504"}],"wp:attachment":[{"href":"https:\/\/agenciainfra.com\/blog\/wp-json\/wp\/v2\/media?parent=12503"}],"wp:term":[{"taxonomy":"category","embeddable":true,"href":"https:\/\/agenciainfra.com\/blog\/wp-json\/wp\/v2\/categories?post=12503"},{"taxonomy":"post_tag","embeddable":true,"href":"https:\/\/agenciainfra.com\/blog\/wp-json\/wp\/v2\/tags?post=12503"}],"curies":[{"name":"wp","href":"https:\/\/api.w.org\/{rel}","templated":true}]}}