{"id":12595,"date":"2023-05-04T09:00:00","date_gmt":"2023-05-04T12:00:00","guid":{"rendered":"https:\/\/www.agenciainfra.com\/blog\/?p=12595"},"modified":"2023-05-03T10:51:30","modified_gmt":"2023-05-03T13:51:30","slug":"tcu-determina-que-antaq-aperte-fiscalizacao-sobre-tups-que-nao-cumprem-prazo-para-implantacao","status":"publish","type":"post","link":"https:\/\/agenciainfra.com\/blog\/tcu-determina-que-antaq-aperte-fiscalizacao-sobre-tups-que-nao-cumprem-prazo-para-implantacao\/","title":{"rendered":"TCU determina que ANTAQ aperte fiscaliza\u00e7\u00e3o sobre TUPs que n\u00e3o cumprem prazo para implanta\u00e7\u00e3o"},"content":{"rendered":"\n<p class=\"has-text-align-right\"><strong>Jenifer Ribeiro, da Ag\u00eancia iNFRA<\/strong><\/p>\n\n\n\n<p>O\u00a0TCU\u00a0(Tribunal de Contas da Uni\u00e3o) orientou a Secretaria de Controle Externo de Infraestrutura a instaurar processo de representa\u00e7\u00e3o\u00a0para\u00a0apurar poss\u00edveis irregularidades na dispensa de garantia do contrato firmado com a Terminal de Gran\u00e9is de Santa Catarina\u00a0para\u00a0constru\u00e7\u00e3o de TUP (terminal de uso privado) em S\u00e3o Francisco do Sul (SC).<br><br>Al\u00e9m disso, na decis\u00e3o, o ministro relator, Antonio Anastasia, solicitou\u00a0que\u00a0seja feito um levantamento com situa\u00e7\u00f5es similares de dispensa de garantia sem\u00a0que\u00a0a implementa\u00e7\u00e3o do terminal fosse conclu\u00edda em contratos de autoriza\u00e7\u00e3o de\u00a0TUPs\u00a0que\u00a0ainda\u00a0n\u00e3o\u00a0est\u00e3o em opera\u00e7\u00e3o.<br><br>No voto, proferido na pen\u00faltima sess\u00e3o plen\u00e1ria do \u00f3rg\u00e3o de controle, Anastasia autorizou ainda\u00a0que\u00a0sejam realizadas audi\u00eancias com a\u00a0ANTAQ\u00a0(Ag\u00eancia Nacional de Transportes Aquavi\u00e1rios), o Minist\u00e9rio de Portos e Aeroportos e outras entidades\u00a0que\u00a0a secretaria julgue necess\u00e1rio.<br><br>Recomendou ainda\u00a0que\u00a0a ag\u00eancia reguladora e o minist\u00e9rio deem \u201caten\u00e7\u00e3o aos princ\u00edpios da publicidade e da motiva\u00e7\u00e3o dos atos administrativos, deem ampla transpar\u00eancia aos pedidos de prorroga\u00e7\u00e3o de\u00a0prazo\u00a0para\u00a0in\u00edcio da opera\u00e7\u00e3o de\u00a0TUPs, avaliem a necessidade de realiza\u00e7\u00e3o de consulta p\u00fablica antes do deferimento do pleito, bem como considerem a possibilidade de cassa\u00e7\u00e3o da autoriza\u00e7\u00e3o e de novo chamamento p\u00fablico, em caso de descumprimento reiterado de prazos\u201d.<br><br><strong>Irregularidades apontadas<\/strong><br>Em 2019, a\u00a0ANTAQ\u00a0decidiu dispensar a exig\u00eancia da garantia de execu\u00e7\u00e3o do contrato da Terminal de Gran\u00e9is de Santa Catarina alegando a\u00a0n\u00e3o\u00a0necessidade desse dispositivo porque a empresa j\u00e1 tinha solicitado a segunda prorroga\u00e7\u00e3o do\u00a0prazo.<br><br>Neste mesmo ano, a diretoria da autarquia concedeu a segunda prorroga\u00e7\u00e3o\u00a0para\u00a0que\u00a0o TUP iniciasse a opera\u00e7\u00e3o. Dois anos antes, o colegiado j\u00e1 tinha decidido a favor de uma prorroga\u00e7\u00e3o de\u00a0prazo\u00a0para\u00a0a empresa. A autoriza\u00e7\u00e3o\u00a0para\u00a0a constru\u00e7\u00e3o do terminal foi concedida em setembro de 2014.<br><br>No parecer, o\u00a0TCU\u00a0considera procedente a irregularidade na dispensa da garantia de execu\u00e7\u00e3o contratual, \u201ctendo em vista\u00a0que\u00a0n\u00e3o\u00a0restou demonstrado, no caso concreto,\u00a0que\u00a0a dispensa de garantia de execu\u00e7\u00e3o contratual atende ao interesse p\u00fablico\u201d. Mesmo com esse entendimento, Anastasia decidiu seguir orienta\u00e7\u00e3o da \u00e1rea t\u00e9cnica e\u00a0n\u00e3o\u00a0anular o ato\u00a0que\u00a0permitiu a dispensa.<br><br>Nesse mesmo sentido, o tribunal considerou\u00a0que\u00a0houve falhas e &#8220;aus\u00eancia de an\u00e1lise adequada&#8221; na celebra\u00e7\u00e3o dos termos aditivos de prorroga\u00e7\u00e3o de\u00a0prazo\u00a0de instala\u00e7\u00e3o e opera\u00e7\u00e3o do terminal, por\u00e9m, tamb\u00e9m\u00a0n\u00e3o\u00a0solicitou a anula\u00e7\u00e3o das decis\u00f5es por entender\u00a0que\u00a0essa atitude poderia acarretar em preju\u00edzos\u00a0para\u00a0a empresa e custos adicionais\u00a0que\u00a0poderiam inviabilizar o empreendimento.<br><br>Al\u00e9m dessas, foi analisada uma terceira poss\u00edvel irregularidade\u00a0que\u00a0foi considerada improcedente. O\u00a0TCU\u00a0examinou se houve falhas na atua\u00e7\u00e3o fiscalizat\u00f3ria no acompanhamento da implementa\u00e7\u00e3o do terminal por parte da ag\u00eancia reguladora.<br><br><strong>Avan\u00e7os<\/strong><br>A Terminal de Gran\u00e9is de Santa Catarina destaca\u00a0que\u00a0apresentou avan\u00e7os na constru\u00e7\u00e3o do TUP, entre eles, a obten\u00e7\u00e3o dos benef\u00edcios fiscais por meio\u00a0da sua habilita\u00e7\u00e3o no Reidi (Regime Especial de Incentivos\u00a0para\u00a0o Desenvolvimento da Infraestrutura), a emiss\u00e3o de nova licen\u00e7a de instala\u00e7\u00e3o pelo Ibama em novembro de 2021 com validade de seis anos e novos investimentos\u00a0para\u00a0executar o projeto.<br><br>Ademais, apresentou na justificativa dada ao\u00a0TCU\u00a0que\u00a0firmou contrato com empresa de engenharia\u00a0para\u00a0a realiza\u00e7\u00e3o das obras de infraestrutura com a previs\u00e3o de t\u00e9rmino dos servi\u00e7os em maio de 2024.<br><br>Em nota, a ag\u00eancia reguladora afirmou\u00a0que\u00a0\u201cas recomenda\u00e7\u00f5es encaminhadas pelo Tribunal de Contas da Uni\u00e3o ser\u00e3o analisadas pela\u00a0ANTAQ\u00a0com o objetivo de aprimorar os processos de an\u00e1lises de prorroga\u00e7\u00e3o de\u00a0TUPs\u201d.<\/p>\n","protected":false},"excerpt":{"rendered":"<p>Jenifer Ribeiro, da Ag\u00eancia iNFRA O\u00a0TCU\u00a0(Tribunal de Contas da Uni\u00e3o) orientou a Secretaria de Controle Externo de Infraestrutura a instaurar processo de representa\u00e7\u00e3o\u00a0para\u00a0apurar poss\u00edveis irregularidades na dispensa de garantia do contrato firmado com a Terminal de Gran\u00e9is de Santa Catarina\u00a0para\u00a0constru\u00e7\u00e3o de TUP (terminal de uso privado) em S\u00e3o Francisco do Sul (SC). Al\u00e9m disso, na [&hellip;]<\/p>\n","protected":false},"author":1,"featured_media":2854,"comment_status":"closed","ping_status":"closed","sticky":false,"template":"","format":"standard","meta":{"_monsterinsights_skip_tracking":false,"_monsterinsights_sitenote_active":false,"_monsterinsights_sitenote_note":"","_monsterinsights_sitenote_category":0,"footnotes":""},"categories":[1,7],"tags":[86,3252,5640,6677,6257,261,668,1881,18,105],"class_list":["post-12595","post","type-post","status-publish","format-standard","has-post-thumbnail","hentry","category-geral","category-infratransporte","tag-antaq","tag-antonio-anastasia","tag-decisao","tag-granel","tag-ministerio-de-portos-e-aeroportos","tag-reidi","tag-santa-catarina","tag-sao-francisco-do-sul","tag-tcu","tag-tup"],"yoast_head":"<!-- This site is optimized with the Yoast SEO Premium plugin v25.4 (Yoast SEO v26.0) - https:\/\/yoast.com\/wordpress\/plugins\/seo\/ -->\n<title>TCU determina que ANTAQ aperte fiscaliza\u00e7\u00e3o sobre TUPs que n\u00e3o cumprem prazo para implanta\u00e7\u00e3o - Ag\u00eancia iNFRA<\/title>\n<meta name=\"robots\" content=\"index, follow, max-snippet:-1, max-image-preview:large, max-video-preview:-1\" \/>\n<link rel=\"canonical\" href=\"https:\/\/agenciainfra.com\/blog\/tcu-determina-que-antaq-aperte-fiscalizacao-sobre-tups-que-nao-cumprem-prazo-para-implantacao\/\" \/>\n<meta property=\"og:locale\" content=\"pt_BR\" \/>\n<meta property=\"og:type\" content=\"article\" \/>\n<meta property=\"og:title\" content=\"TCU determina que ANTAQ aperte fiscaliza\u00e7\u00e3o sobre TUPs que n\u00e3o cumprem prazo para implanta\u00e7\u00e3o\" \/>\n<meta property=\"og:description\" content=\"Jenifer Ribeiro, da Ag\u00eancia iNFRA O\u00a0TCU\u00a0(Tribunal de Contas da Uni\u00e3o) orientou a Secretaria de Controle Externo de Infraestrutura a instaurar processo de representa\u00e7\u00e3o\u00a0para\u00a0apurar poss\u00edveis irregularidades na dispensa de garantia do contrato firmado com a Terminal de Gran\u00e9is de Santa Catarina\u00a0para\u00a0constru\u00e7\u00e3o de TUP (terminal de uso privado) em S\u00e3o Francisco do Sul (SC). Al\u00e9m disso, na [&hellip;]\" \/>\n<meta property=\"og:url\" content=\"https:\/\/agenciainfra.com\/blog\/tcu-determina-que-antaq-aperte-fiscalizacao-sobre-tups-que-nao-cumprem-prazo-para-implantacao\/\" \/>\n<meta property=\"og:site_name\" content=\"Ag\u00eancia iNFRA\" \/>\n<meta property=\"article:publisher\" content=\"https:\/\/www.facebook.com\/ageninfra\" \/>\n<meta property=\"article:published_time\" content=\"2023-05-04T12:00:00+00:00\" \/>\n<meta property=\"og:image\" content=\"https:\/\/agenciainfra.com\/blog\/wp-content\/uploads\/2019\/02\/saulo-cruz-TCU.jpg\" \/>\n\t<meta property=\"og:image:width\" content=\"2048\" \/>\n\t<meta property=\"og:image:height\" content=\"1360\" \/>\n\t<meta property=\"og:image:type\" content=\"image\/jpeg\" \/>\n<meta name=\"author\" content=\"Ag\u00eancia iNFRA\" \/>\n<meta name=\"twitter:card\" content=\"summary_large_image\" \/>\n<meta name=\"twitter:creator\" content=\"@agencia_infra\" \/>\n<meta name=\"twitter:site\" content=\"@agencia_infra\" \/>\n<meta name=\"twitter:label1\" content=\"Escrito por\" \/>\n\t<meta name=\"twitter:data1\" content=\"Ag\u00eancia iNFRA\" \/>\n\t<meta name=\"twitter:label2\" content=\"Est. tempo de leitura\" \/>\n\t<meta name=\"twitter:data2\" content=\"3 minutos\" \/>\n<script type=\"application\/ld+json\" class=\"yoast-schema-graph\">{\"@context\":\"https:\/\/schema.org\",\"@graph\":[{\"@type\":\"Article\",\"@id\":\"https:\/\/agenciainfra.com\/blog\/tcu-determina-que-antaq-aperte-fiscalizacao-sobre-tups-que-nao-cumprem-prazo-para-implantacao\/#article\",\"isPartOf\":{\"@id\":\"https:\/\/agenciainfra.com\/blog\/tcu-determina-que-antaq-aperte-fiscalizacao-sobre-tups-que-nao-cumprem-prazo-para-implantacao\/\"},\"author\":{\"name\":\"Ag\u00eancia iNFRA\",\"@id\":\"https:\/\/agenciainfra.com\/blog\/#\/schema\/person\/34af08dff6adea4cb22b06612ba7acfa\"},\"headline\":\"TCU determina que ANTAQ aperte fiscaliza\u00e7\u00e3o sobre TUPs que n\u00e3o cumprem prazo para implanta\u00e7\u00e3o\",\"datePublished\":\"2023-05-04T12:00:00+00:00\",\"mainEntityOfPage\":{\"@id\":\"https:\/\/agenciainfra.com\/blog\/tcu-determina-que-antaq-aperte-fiscalizacao-sobre-tups-que-nao-cumprem-prazo-para-implantacao\/\"},\"wordCount\":681,\"publisher\":{\"@id\":\"https:\/\/agenciainfra.com\/blog\/#organization\"},\"image\":{\"@id\":\"https:\/\/agenciainfra.com\/blog\/tcu-determina-que-antaq-aperte-fiscalizacao-sobre-tups-que-nao-cumprem-prazo-para-implantacao\/#primaryimage\"},\"thumbnailUrl\":\"https:\/\/agenciainfra.com\/blog\/wp-content\/uploads\/2019\/02\/saulo-cruz-TCU-e1763564100249.jpg\",\"keywords\":[\"ANTAQ\",\"Antonio Anastasia\",\"decis\u00e3o\",\"granel\",\"Minist\u00e9rio de Portos e Aeroportos\",\"REIDI\",\"Santa Catarina\",\"S\u00e3o Francisco do Sul\",\"TCU\",\"TUP\"],\"articleSection\":[\"Geral\",\"iNFRATransporte\"],\"inLanguage\":\"pt-BR\",\"copyrightYear\":\"2023\",\"copyrightHolder\":{\"@id\":\"https:\/\/agenciainfra.com\/blog\/#organization\"}},{\"@type\":\"WebPage\",\"@id\":\"https:\/\/agenciainfra.com\/blog\/tcu-determina-que-antaq-aperte-fiscalizacao-sobre-tups-que-nao-cumprem-prazo-para-implantacao\/\",\"url\":\"https:\/\/agenciainfra.com\/blog\/tcu-determina-que-antaq-aperte-fiscalizacao-sobre-tups-que-nao-cumprem-prazo-para-implantacao\/\",\"name\":\"TCU determina que ANTAQ aperte fiscaliza\u00e7\u00e3o sobre TUPs que n\u00e3o cumprem prazo para implanta\u00e7\u00e3o - Ag\u00eancia iNFRA\",\"isPartOf\":{\"@id\":\"https:\/\/agenciainfra.com\/blog\/#website\"},\"primaryImageOfPage\":{\"@id\":\"https:\/\/agenciainfra.com\/blog\/tcu-determina-que-antaq-aperte-fiscalizacao-sobre-tups-que-nao-cumprem-prazo-para-implantacao\/#primaryimage\"},\"image\":{\"@id\":\"https:\/\/agenciainfra.com\/blog\/tcu-determina-que-antaq-aperte-fiscalizacao-sobre-tups-que-nao-cumprem-prazo-para-implantacao\/#primaryimage\"},\"thumbnailUrl\":\"https:\/\/agenciainfra.com\/blog\/wp-content\/uploads\/2019\/02\/saulo-cruz-TCU-e1763564100249.jpg\",\"datePublished\":\"2023-05-04T12:00:00+00:00\",\"breadcrumb\":{\"@id\":\"https:\/\/agenciainfra.com\/blog\/tcu-determina-que-antaq-aperte-fiscalizacao-sobre-tups-que-nao-cumprem-prazo-para-implantacao\/#breadcrumb\"},\"inLanguage\":\"pt-BR\",\"potentialAction\":[{\"@type\":\"ReadAction\",\"target\":[\"https:\/\/agenciainfra.com\/blog\/tcu-determina-que-antaq-aperte-fiscalizacao-sobre-tups-que-nao-cumprem-prazo-para-implantacao\/\"]}]},{\"@type\":\"ImageObject\",\"inLanguage\":\"pt-BR\",\"@id\":\"https:\/\/agenciainfra.com\/blog\/tcu-determina-que-antaq-aperte-fiscalizacao-sobre-tups-que-nao-cumprem-prazo-para-implantacao\/#primaryimage\",\"url\":\"https:\/\/agenciainfra.com\/blog\/wp-content\/uploads\/2019\/02\/saulo-cruz-TCU-e1763564100249.jpg\",\"contentUrl\":\"https:\/\/agenciainfra.com\/blog\/wp-content\/uploads\/2019\/02\/saulo-cruz-TCU-e1763564100249.jpg\",\"width\":1280,\"height\":713,\"caption\":\"Foto: Saulo Cruz\/TCU\"},{\"@type\":\"BreadcrumbList\",\"@id\":\"https:\/\/agenciainfra.com\/blog\/tcu-determina-que-antaq-aperte-fiscalizacao-sobre-tups-que-nao-cumprem-prazo-para-implantacao\/#breadcrumb\",\"itemListElement\":[{\"@type\":\"ListItem\",\"position\":1,\"name\":\"In\u00edcio\",\"item\":\"https:\/\/agenciainfra.com\/blog\/\"},{\"@type\":\"ListItem\",\"position\":2,\"name\":\"TCU determina que ANTAQ aperte fiscaliza\u00e7\u00e3o sobre TUPs que n\u00e3o cumprem prazo para implanta\u00e7\u00e3o\"}]},{\"@type\":\"WebSite\",\"@id\":\"https:\/\/agenciainfra.com\/blog\/#website\",\"url\":\"https:\/\/agenciainfra.com\/blog\/\",\"name\":\"Ag\u00eancia iNFRA\",\"description\":\"Multiplataforma de informa\u00e7\u00e3o jornal\u00edstica refer\u00eancia na \u00e1rea de infraestrutura no Brasil!\",\"publisher\":{\"@id\":\"https:\/\/agenciainfra.com\/blog\/#organization\"},\"potentialAction\":[{\"@type\":\"SearchAction\",\"target\":{\"@type\":\"EntryPoint\",\"urlTemplate\":\"https:\/\/agenciainfra.com\/blog\/?s={search_term_string}\"},\"query-input\":{\"@type\":\"PropertyValueSpecification\",\"valueRequired\":true,\"valueName\":\"search_term_string\"}}],\"inLanguage\":\"pt-BR\"},{\"@type\":\"Organization\",\"@id\":\"https:\/\/agenciainfra.com\/blog\/#organization\",\"name\":\"Ag\u00eancia iNFRA\",\"url\":\"https:\/\/agenciainfra.com\/blog\/\",\"logo\":{\"@type\":\"ImageObject\",\"inLanguage\":\"pt-BR\",\"@id\":\"https:\/\/agenciainfra.com\/blog\/#\/schema\/logo\/image\/\",\"url\":\"https:\/\/agenciainfra.com\/blog\/wp-content\/uploads\/2023\/09\/iNFRA_5-e1761735885940.png\",\"contentUrl\":\"https:\/\/agenciainfra.com\/blog\/wp-content\/uploads\/2023\/09\/iNFRA_5-e1761735885940.png\",\"width\":1672,\"height\":454,\"caption\":\"Ag\u00eancia iNFRA\"},\"image\":{\"@id\":\"https:\/\/agenciainfra.com\/blog\/#\/schema\/logo\/image\/\"},\"sameAs\":[\"https:\/\/www.facebook.com\/ageninfra\",\"https:\/\/x.com\/agencia_infra\",\"https:\/\/www.linkedin.com\/company\/ag\u00eanciainfra\/\",\"https:\/\/www.instagram.com\/agenciainfra\/\"]},{\"@type\":\"Person\",\"@id\":\"https:\/\/agenciainfra.com\/blog\/#\/schema\/person\/34af08dff6adea4cb22b06612ba7acfa\",\"name\":\"Ag\u00eancia iNFRA\",\"image\":{\"@type\":\"ImageObject\",\"inLanguage\":\"pt-BR\",\"@id\":\"https:\/\/agenciainfra.com\/blog\/#\/schema\/person\/image\/\",\"url\":\"https:\/\/secure.gravatar.com\/avatar\/d189e01678f06d8eb84d4e01f08eb848b3fffe3f8443818d3c356c66892f5be8?s=96&d=mm&r=g\",\"contentUrl\":\"https:\/\/secure.gravatar.com\/avatar\/d189e01678f06d8eb84d4e01f08eb848b3fffe3f8443818d3c356c66892f5be8?s=96&d=mm&r=g\",\"caption\":\"Ag\u00eancia iNFRA\"},\"url\":\"https:\/\/agenciainfra.com\/blog\/author\/admin\/\"}]}<\/script>\n<!-- \/ Yoast SEO Premium plugin. -->","yoast_head_json":{"title":"TCU determina que ANTAQ aperte fiscaliza\u00e7\u00e3o sobre TUPs que n\u00e3o cumprem prazo para implanta\u00e7\u00e3o - Ag\u00eancia iNFRA","robots":{"index":"index","follow":"follow","max-snippet":"max-snippet:-1","max-image-preview":"max-image-preview:large","max-video-preview":"max-video-preview:-1"},"canonical":"https:\/\/agenciainfra.com\/blog\/tcu-determina-que-antaq-aperte-fiscalizacao-sobre-tups-que-nao-cumprem-prazo-para-implantacao\/","og_locale":"pt_BR","og_type":"article","og_title":"TCU determina que ANTAQ aperte fiscaliza\u00e7\u00e3o sobre TUPs que n\u00e3o cumprem prazo para implanta\u00e7\u00e3o","og_description":"Jenifer Ribeiro, da Ag\u00eancia iNFRA O\u00a0TCU\u00a0(Tribunal de Contas da Uni\u00e3o) orientou a Secretaria de Controle Externo de Infraestrutura a instaurar processo de representa\u00e7\u00e3o\u00a0para\u00a0apurar poss\u00edveis irregularidades na dispensa de garantia do contrato firmado com a Terminal de Gran\u00e9is de Santa Catarina\u00a0para\u00a0constru\u00e7\u00e3o de TUP (terminal de uso privado) em S\u00e3o Francisco do Sul (SC). Al\u00e9m disso, na [&hellip;]","og_url":"https:\/\/agenciainfra.com\/blog\/tcu-determina-que-antaq-aperte-fiscalizacao-sobre-tups-que-nao-cumprem-prazo-para-implantacao\/","og_site_name":"Ag\u00eancia iNFRA","article_publisher":"https:\/\/www.facebook.com\/ageninfra","article_published_time":"2023-05-04T12:00:00+00:00","og_image":[{"width":2048,"height":1360,"url":"https:\/\/agenciainfra.com\/blog\/wp-content\/uploads\/2019\/02\/saulo-cruz-TCU.jpg","type":"image\/jpeg"}],"author":"Ag\u00eancia iNFRA","twitter_card":"summary_large_image","twitter_creator":"@agencia_infra","twitter_site":"@agencia_infra","twitter_misc":{"Escrito por":"Ag\u00eancia iNFRA","Est. tempo de leitura":"3 minutos"},"schema":{"@context":"https:\/\/schema.org","@graph":[{"@type":"Article","@id":"https:\/\/agenciainfra.com\/blog\/tcu-determina-que-antaq-aperte-fiscalizacao-sobre-tups-que-nao-cumprem-prazo-para-implantacao\/#article","isPartOf":{"@id":"https:\/\/agenciainfra.com\/blog\/tcu-determina-que-antaq-aperte-fiscalizacao-sobre-tups-que-nao-cumprem-prazo-para-implantacao\/"},"author":{"name":"Ag\u00eancia iNFRA","@id":"https:\/\/agenciainfra.com\/blog\/#\/schema\/person\/34af08dff6adea4cb22b06612ba7acfa"},"headline":"TCU determina que ANTAQ aperte fiscaliza\u00e7\u00e3o sobre TUPs que n\u00e3o cumprem prazo para implanta\u00e7\u00e3o","datePublished":"2023-05-04T12:00:00+00:00","mainEntityOfPage":{"@id":"https:\/\/agenciainfra.com\/blog\/tcu-determina-que-antaq-aperte-fiscalizacao-sobre-tups-que-nao-cumprem-prazo-para-implantacao\/"},"wordCount":681,"publisher":{"@id":"https:\/\/agenciainfra.com\/blog\/#organization"},"image":{"@id":"https:\/\/agenciainfra.com\/blog\/tcu-determina-que-antaq-aperte-fiscalizacao-sobre-tups-que-nao-cumprem-prazo-para-implantacao\/#primaryimage"},"thumbnailUrl":"https:\/\/agenciainfra.com\/blog\/wp-content\/uploads\/2019\/02\/saulo-cruz-TCU-e1763564100249.jpg","keywords":["ANTAQ","Antonio Anastasia","decis\u00e3o","granel","Minist\u00e9rio de Portos e Aeroportos","REIDI","Santa Catarina","S\u00e3o Francisco do Sul","TCU","TUP"],"articleSection":["Geral","iNFRATransporte"],"inLanguage":"pt-BR","copyrightYear":"2023","copyrightHolder":{"@id":"https:\/\/agenciainfra.com\/blog\/#organization"}},{"@type":"WebPage","@id":"https:\/\/agenciainfra.com\/blog\/tcu-determina-que-antaq-aperte-fiscalizacao-sobre-tups-que-nao-cumprem-prazo-para-implantacao\/","url":"https:\/\/agenciainfra.com\/blog\/tcu-determina-que-antaq-aperte-fiscalizacao-sobre-tups-que-nao-cumprem-prazo-para-implantacao\/","name":"TCU determina que ANTAQ aperte fiscaliza\u00e7\u00e3o sobre TUPs que n\u00e3o cumprem prazo para implanta\u00e7\u00e3o - Ag\u00eancia iNFRA","isPartOf":{"@id":"https:\/\/agenciainfra.com\/blog\/#website"},"primaryImageOfPage":{"@id":"https:\/\/agenciainfra.com\/blog\/tcu-determina-que-antaq-aperte-fiscalizacao-sobre-tups-que-nao-cumprem-prazo-para-implantacao\/#primaryimage"},"image":{"@id":"https:\/\/agenciainfra.com\/blog\/tcu-determina-que-antaq-aperte-fiscalizacao-sobre-tups-que-nao-cumprem-prazo-para-implantacao\/#primaryimage"},"thumbnailUrl":"https:\/\/agenciainfra.com\/blog\/wp-content\/uploads\/2019\/02\/saulo-cruz-TCU-e1763564100249.jpg","datePublished":"2023-05-04T12:00:00+00:00","breadcrumb":{"@id":"https:\/\/agenciainfra.com\/blog\/tcu-determina-que-antaq-aperte-fiscalizacao-sobre-tups-que-nao-cumprem-prazo-para-implantacao\/#breadcrumb"},"inLanguage":"pt-BR","potentialAction":[{"@type":"ReadAction","target":["https:\/\/agenciainfra.com\/blog\/tcu-determina-que-antaq-aperte-fiscalizacao-sobre-tups-que-nao-cumprem-prazo-para-implantacao\/"]}]},{"@type":"ImageObject","inLanguage":"pt-BR","@id":"https:\/\/agenciainfra.com\/blog\/tcu-determina-que-antaq-aperte-fiscalizacao-sobre-tups-que-nao-cumprem-prazo-para-implantacao\/#primaryimage","url":"https:\/\/agenciainfra.com\/blog\/wp-content\/uploads\/2019\/02\/saulo-cruz-TCU-e1763564100249.jpg","contentUrl":"https:\/\/agenciainfra.com\/blog\/wp-content\/uploads\/2019\/02\/saulo-cruz-TCU-e1763564100249.jpg","width":1280,"height":713,"caption":"Foto: Saulo Cruz\/TCU"},{"@type":"BreadcrumbList","@id":"https:\/\/agenciainfra.com\/blog\/tcu-determina-que-antaq-aperte-fiscalizacao-sobre-tups-que-nao-cumprem-prazo-para-implantacao\/#breadcrumb","itemListElement":[{"@type":"ListItem","position":1,"name":"In\u00edcio","item":"https:\/\/agenciainfra.com\/blog\/"},{"@type":"ListItem","position":2,"name":"TCU determina que ANTAQ aperte fiscaliza\u00e7\u00e3o sobre TUPs que n\u00e3o cumprem prazo para implanta\u00e7\u00e3o"}]},{"@type":"WebSite","@id":"https:\/\/agenciainfra.com\/blog\/#website","url":"https:\/\/agenciainfra.com\/blog\/","name":"Ag\u00eancia iNFRA","description":"Multiplataforma de informa\u00e7\u00e3o jornal\u00edstica refer\u00eancia na \u00e1rea de infraestrutura no Brasil!","publisher":{"@id":"https:\/\/agenciainfra.com\/blog\/#organization"},"potentialAction":[{"@type":"SearchAction","target":{"@type":"EntryPoint","urlTemplate":"https:\/\/agenciainfra.com\/blog\/?s={search_term_string}"},"query-input":{"@type":"PropertyValueSpecification","valueRequired":true,"valueName":"search_term_string"}}],"inLanguage":"pt-BR"},{"@type":"Organization","@id":"https:\/\/agenciainfra.com\/blog\/#organization","name":"Ag\u00eancia iNFRA","url":"https:\/\/agenciainfra.com\/blog\/","logo":{"@type":"ImageObject","inLanguage":"pt-BR","@id":"https:\/\/agenciainfra.com\/blog\/#\/schema\/logo\/image\/","url":"https:\/\/agenciainfra.com\/blog\/wp-content\/uploads\/2023\/09\/iNFRA_5-e1761735885940.png","contentUrl":"https:\/\/agenciainfra.com\/blog\/wp-content\/uploads\/2023\/09\/iNFRA_5-e1761735885940.png","width":1672,"height":454,"caption":"Ag\u00eancia iNFRA"},"image":{"@id":"https:\/\/agenciainfra.com\/blog\/#\/schema\/logo\/image\/"},"sameAs":["https:\/\/www.facebook.com\/ageninfra","https:\/\/x.com\/agencia_infra","https:\/\/www.linkedin.com\/company\/ag\u00eanciainfra\/","https:\/\/www.instagram.com\/agenciainfra\/"]},{"@type":"Person","@id":"https:\/\/agenciainfra.com\/blog\/#\/schema\/person\/34af08dff6adea4cb22b06612ba7acfa","name":"Ag\u00eancia iNFRA","image":{"@type":"ImageObject","inLanguage":"pt-BR","@id":"https:\/\/agenciainfra.com\/blog\/#\/schema\/person\/image\/","url":"https:\/\/secure.gravatar.com\/avatar\/d189e01678f06d8eb84d4e01f08eb848b3fffe3f8443818d3c356c66892f5be8?s=96&d=mm&r=g","contentUrl":"https:\/\/secure.gravatar.com\/avatar\/d189e01678f06d8eb84d4e01f08eb848b3fffe3f8443818d3c356c66892f5be8?s=96&d=mm&r=g","caption":"Ag\u00eancia iNFRA"},"url":"https:\/\/agenciainfra.com\/blog\/author\/admin\/"}]}},"_links":{"self":[{"href":"https:\/\/agenciainfra.com\/blog\/wp-json\/wp\/v2\/posts\/12595","targetHints":{"allow":["GET"]}}],"collection":[{"href":"https:\/\/agenciainfra.com\/blog\/wp-json\/wp\/v2\/posts"}],"about":[{"href":"https:\/\/agenciainfra.com\/blog\/wp-json\/wp\/v2\/types\/post"}],"author":[{"embeddable":true,"href":"https:\/\/agenciainfra.com\/blog\/wp-json\/wp\/v2\/users\/1"}],"replies":[{"embeddable":true,"href":"https:\/\/agenciainfra.com\/blog\/wp-json\/wp\/v2\/comments?post=12595"}],"version-history":[{"count":0,"href":"https:\/\/agenciainfra.com\/blog\/wp-json\/wp\/v2\/posts\/12595\/revisions"}],"wp:featuredmedia":[{"embeddable":true,"href":"https:\/\/agenciainfra.com\/blog\/wp-json\/wp\/v2\/media\/2854"}],"wp:attachment":[{"href":"https:\/\/agenciainfra.com\/blog\/wp-json\/wp\/v2\/media?parent=12595"}],"wp:term":[{"taxonomy":"category","embeddable":true,"href":"https:\/\/agenciainfra.com\/blog\/wp-json\/wp\/v2\/categories?post=12595"},{"taxonomy":"post_tag","embeddable":true,"href":"https:\/\/agenciainfra.com\/blog\/wp-json\/wp\/v2\/tags?post=12595"}],"curies":[{"name":"wp","href":"https:\/\/api.w.org\/{rel}","templated":true}]}}